{"id":18406,"date":"2020-12-29T10:00:49","date_gmt":"2020-12-29T09:00:49","guid":{"rendered":"https:\/\/abd.ong\/?p=18406"},"modified":"2020-12-29T11:22:05","modified_gmt":"2020-12-29T10:22:05","slug":"abd-i-ecoserveis-reconegudes-amb-el-segell-labora","status":"publish","type":"post","link":"https:\/\/abd.ong\/ca\/desigualtat\/abd-i-ecoserveis-reconegudes-amb-el-segell-labora\/","title":{"rendered":"ABD i Ecoserveis, reconegudes amb el segell L\u00e0bora"},"content":{"rendered":"\n<h3 class=\"wp-block-heading\">Certifica la tasca de les entitats per a l\u2019ocupaci\u00f3 de persones amb dificultats d\u2019acc\u00e9s al mercat de treball durant el 2019<\/h3>\n\n\n\n<div style=\"height:35px\" aria-hidden=\"true\" class=\"wp-block-spacer\"><\/div>\n\n\n\n<p><a href=\"https:\/\/abd.ong\/ca\/\" target=\"_blank\" rel=\"noreferrer noopener\">ABD <\/a>i <a href=\"https:\/\/www.ecoserveis.net\/\">Ecoserveis<\/a> han rebut el segell L\u00e0bora com a organitzaci\u00f3 responsable 2019 per la seva col\u00b7laboraci\u00f3 en la contractaci\u00f3 de persones en situaci\u00f3 de vulnerabilitat a trav\u00e9s del <a href=\"https:\/\/ajuntament.barcelona.cat\/serveissocials\/ca\/labora\/presentacio\">programa L\u00e0bora<\/a>.&nbsp;<\/p>\n\n\n\n<p>El Programa L\u00e0bora \u00e9s un projecte de foment de l&#8217;ocupaci\u00f3 de les persones amb especials dificultats d&#8217;acc\u00e9s al mercat de treball, liderat per l&#8217;Institut Municipal de Serveis Socials de l&#8217;Ajuntament de Barcelona, amb la col\u00b7laboraci\u00f3 de les entitats socials Creu Roja, ECAS i Feicat i del teixit empresarial de la ciutat. <\/p>\n\n\n\n<p><strong>Dins del servei de<a href=\"https:\/\/habitatge.barcelona\/ca\/serveis-ajuts\/drets-energetics\"> Punts d\u2019Assessorament Energ\u00e8tic<\/a> <\/strong>de l\u2019Ajuntament de Barcelona, coordinat per ABD i Ecoserveis, <strong>es contracten 20 persones cada 8 mesos i<\/strong> <strong>el 2019 es va contractar per 12 mesos. Des del 2017 fins el 2020 s\u2019ha donat feina fins a 100 persones.&nbsp;<\/strong><\/p>\n\n\n\n<p>Les persones participants al pla d&#8217;inserci\u00f3, reben una <strong>formaci\u00f3 <\/strong>com agents energ\u00e8tics, aix\u00ed com formaci\u00f3 en perspectiva de g\u00e8nere, metodologies d&#8217;implementaci\u00f3 de l&#8217;acci\u00f3 social i compet\u00e8ncies transversals per a la millora de l&#8217;ocupaci\u00f3 com les TIC. Posteriorment, entren a formar part de l&#8217;equip professional del PAE com <strong>agents energ\u00e8tics<\/strong>. Mentre desenvolupen aquesta tasca, reben un acompanyament integral, creant un espai de suport especialitzat per enfortir la persona des de la vessant emocional o d&#8217;acc\u00e9s a recursos diversos d&#8217;emancipaci\u00f3 i un itinerari propi per cada persona que inclou orientaci\u00f3 laboral, la facilitaci\u00f3 d&#8217;ofertes d\u2019ocupaci\u00f3 en el mercat ordinari i la preparaci\u00f3 dels futurs processos de selecci\u00f3.<\/p>\n\n\n\n<p>L\u2019objectiu que la persona segueixi apoderant-se, per poder definir el seu propi itinerari d\u2019inserci\u00f3 iniciat des del programa L\u00e0bora.&nbsp;<\/p>\n\n\n\n<h4 class=\"wp-block-heading\">Inserci\u00f3 laboral<\/h4>\n\n\n\n<p><strong>Durant el 2019 es van facilitar 44 ofertes laborals gestionades per l&#8217;equip del PAE dins el marc dels itineraris laborals<\/strong> i es van realitzar 53 accions vinculades a la recerca activa d\u2019ocupaci\u00f3: enviament de CV, cartes de presentaci\u00f3 i\/o motivaci\u00f3&#8230; Les persones acompanyades van realitzar 8 entrevistes de feina durant el pla d&#8217;inserci\u00f3.&nbsp;<\/p>\n\n\n\n<p>A m\u00e9s, el 49% de les persones participants en els diferents plans d&#8217;inserci\u00f3 des del 2017 fins el 2019, estaven treballant o han treballat durant el 2019.<\/p>\n\n\n\n<p>Igualment, durant el <strong>2020<\/strong>, en un context d\u2019incertesa i de crisi econ\u00f2mica, el <strong>80% de les persones que van participar en el 4r pla d&#8217;inserci\u00f3 han trobat feina<\/strong>. Concretament 4 d&#8217;elles han treballat com a professionals del PAE a Barcelona i altres municipis.<\/p>\n","protected":false},"excerpt":{"rendered":"<p>Certifica la tasca de les entitats per a l\u2019ocupaci\u00f3 de persones amb dificultats d\u2019acc\u00e9s al mercat de treball durant el 2019 ABD i Ecoserveis han rebut el segell L\u00e0bora com&hellip;<\/p>\n","protected":false},"author":9,"featured_media":18407,"comment_status":"closed","ping_status":"closed","sticky":false,"template":"","format":"standard","meta":{"_acf_changed":false,"footnotes":""},"categories":[1299,2097],"tags":[2134,454,2133,518,267,524],"class_list":["post-18406","post","type-post","status-publish","format-standard","has-post-thumbnail","hentry","category-desigualtat","category-sostenibilitat","tag-agents-energetics","tag-insercio-laboral","tag-labora","tag-pae","tag-pobresa-energetica","tag-punts-dassessorament-energetic"],"acf":[],"yoast_head":"<!-- This site is optimized with the Yoast SEO plugin v27.4 - https:\/\/yoast.com\/product\/yoast-seo-wordpress\/ -->\n<title>ABD i Ecoserveis, reconegudes amb el segell L\u00e0bora - ABD<\/title>\n<meta name=\"description\" content=\"Certifica la tasca de les entitats per a l\u2019ocupaci\u00f3 de persones amb dificultats d\u2019acc\u00e9s al mercat de treball durant el 2019 ABD i Ecoserveis han rebut el\" \/>\n<meta name=\"robots\" content=\"index, follow, max-snippet:-1, max-image-preview:large, max-video-preview:-1\" \/>\n<link rel=\"canonical\" href=\"https:\/\/abd.ong\/ca\/desigualtat\/abd-i-ecoserveis-reconegudes-amb-el-segell-labora\/\" \/>\n<meta property=\"og:locale\" content=\"ca_ES\" \/>\n<meta property=\"og:type\" content=\"article\" \/>\n<meta property=\"og:title\" content=\"ABD i Ecoserveis, reconegudes amb el segell L\u00e0bora - ABD\" \/>\n<meta property=\"og:description\" content=\"Certifica la tasca de les entitats per a l\u2019ocupaci\u00f3 de persones amb dificultats d\u2019acc\u00e9s al mercat de treball durant el 2019 ABD i Ecoserveis han rebut el\" \/>\n<meta property=\"og:url\" content=\"https:\/\/abd.ong\/ca\/desigualtat\/abd-i-ecoserveis-reconegudes-amb-el-segell-labora\/\" \/>\n<meta property=\"og:site_name\" content=\"ABD\" \/>\n<meta property=\"article:publisher\" content=\"https:\/\/www.facebook.com\/abd.ong\" \/>\n<meta property=\"article:published_time\" content=\"2020-12-29T09:00:49+00:00\" \/>\n<meta property=\"article:modified_time\" content=\"2020-12-29T10:22:05+00:00\" \/>\n<meta property=\"og:image\" content=\"https:\/\/abd.ong\/wp-content\/uploads\/2020\/12\/Associaci\u00f3-Benestar-i-Desenvolupament-i-Ecoserveis.png\" \/>\n\t<meta property=\"og:image:width\" content=\"2048\" \/>\n\t<meta property=\"og:image:height\" content=\"1448\" \/>\n\t<meta property=\"og:image:type\" content=\"image\/png\" \/>\n<meta name=\"author\" content=\"Maria Creixell\" \/>\n<meta name=\"twitter:card\" content=\"summary_large_image\" \/>\n<meta name=\"twitter:creator\" content=\"@abd_ong\" \/>\n<meta name=\"twitter:site\" content=\"@abd_ong\" \/>\n<meta name=\"twitter:label1\" content=\"Escrit per\" \/>\n\t<meta name=\"twitter:data1\" content=\"Maria Creixell\" \/>\n\t<meta name=\"twitter:label2\" content=\"Temps estimat de lectura\" \/>\n\t<meta name=\"twitter:data2\" content=\"2 minuts\" \/>\n<script type=\"application\/ld+json\" class=\"yoast-schema-graph\">{\"@context\":\"https:\\\/\\\/schema.org\",\"@graph\":[{\"@type\":\"Article\",\"@id\":\"https:\\\/\\\/abd.ong\\\/ca\\\/desigualtat\\\/abd-i-ecoserveis-reconegudes-amb-el-segell-labora\\\/#article\",\"isPartOf\":{\"@id\":\"https:\\\/\\\/abd.ong\\\/ca\\\/desigualtat\\\/abd-i-ecoserveis-reconegudes-amb-el-segell-labora\\\/\"},\"author\":{\"name\":\"Maria Creixell\",\"@id\":\"https:\\\/\\\/abd.ong\\\/ca\\\/#\\\/schema\\\/person\\\/d2e158b4173f683b3898e286f5b35a10\"},\"headline\":\"ABD i Ecoserveis, reconegudes amb el segell L\u00e0bora\",\"datePublished\":\"2020-12-29T09:00:49+00:00\",\"dateModified\":\"2020-12-29T10:22:05+00:00\",\"mainEntityOfPage\":{\"@id\":\"https:\\\/\\\/abd.ong\\\/ca\\\/desigualtat\\\/abd-i-ecoserveis-reconegudes-amb-el-segell-labora\\\/\"},\"wordCount\":435,\"publisher\":{\"@id\":\"https:\\\/\\\/abd.ong\\\/ca\\\/#organization\"},\"image\":{\"@id\":\"https:\\\/\\\/abd.ong\\\/ca\\\/desigualtat\\\/abd-i-ecoserveis-reconegudes-amb-el-segell-labora\\\/#primaryimage\"},\"thumbnailUrl\":\"https:\\\/\\\/abd.ong\\\/wp-content\\\/uploads\\\/2020\\\/12\\\/Associaci\u00f3-Benestar-i-Desenvolupament-i-Ecoserveis.png\",\"keywords\":[\"agents energ\u00e8tics\",\"inserci\u00f3 laboral\",\"L\u00e0bora\",\"PAE\",\"pobresa energ\u00e8tica\",\"Punts d'Assessorament Energ\u00e8tic\"],\"articleSection\":[\"Desigualtat\",\"Sostenibilitat\"],\"inLanguage\":\"ca\"},{\"@type\":\"WebPage\",\"@id\":\"https:\\\/\\\/abd.ong\\\/ca\\\/desigualtat\\\/abd-i-ecoserveis-reconegudes-amb-el-segell-labora\\\/\",\"url\":\"https:\\\/\\\/abd.ong\\\/ca\\\/desigualtat\\\/abd-i-ecoserveis-reconegudes-amb-el-segell-labora\\\/\",\"name\":\"ABD i Ecoserveis, reconegudes amb el segell L\u00e0bora - ABD\",\"isPartOf\":{\"@id\":\"https:\\\/\\\/abd.ong\\\/ca\\\/#website\"},\"primaryImageOfPage\":{\"@id\":\"https:\\\/\\\/abd.ong\\\/ca\\\/desigualtat\\\/abd-i-ecoserveis-reconegudes-amb-el-segell-labora\\\/#primaryimage\"},\"image\":{\"@id\":\"https:\\\/\\\/abd.ong\\\/ca\\\/desigualtat\\\/abd-i-ecoserveis-reconegudes-amb-el-segell-labora\\\/#primaryimage\"},\"thumbnailUrl\":\"https:\\\/\\\/abd.ong\\\/wp-content\\\/uploads\\\/2020\\\/12\\\/Associaci\u00f3-Benestar-i-Desenvolupament-i-Ecoserveis.png\",\"datePublished\":\"2020-12-29T09:00:49+00:00\",\"dateModified\":\"2020-12-29T10:22:05+00:00\",\"description\":\"Certifica la tasca de les entitats per a l\u2019ocupaci\u00f3 de persones amb dificultats d\u2019acc\u00e9s al mercat de treball durant el 2019 ABD i Ecoserveis han rebut el\",\"breadcrumb\":{\"@id\":\"https:\\\/\\\/abd.ong\\\/ca\\\/desigualtat\\\/abd-i-ecoserveis-reconegudes-amb-el-segell-labora\\\/#breadcrumb\"},\"inLanguage\":\"ca\",\"potentialAction\":[{\"@type\":\"ReadAction\",\"target\":[\"https:\\\/\\\/abd.ong\\\/ca\\\/desigualtat\\\/abd-i-ecoserveis-reconegudes-amb-el-segell-labora\\\/\"]}]},{\"@type\":\"ImageObject\",\"inLanguage\":\"ca\",\"@id\":\"https:\\\/\\\/abd.ong\\\/ca\\\/desigualtat\\\/abd-i-ecoserveis-reconegudes-amb-el-segell-labora\\\/#primaryimage\",\"url\":\"https:\\\/\\\/abd.ong\\\/wp-content\\\/uploads\\\/2020\\\/12\\\/Associaci\u00f3-Benestar-i-Desenvolupament-i-Ecoserveis.png\",\"contentUrl\":\"https:\\\/\\\/abd.ong\\\/wp-content\\\/uploads\\\/2020\\\/12\\\/Associaci\u00f3-Benestar-i-Desenvolupament-i-Ecoserveis.png\",\"width\":2048,\"height\":1448},{\"@type\":\"BreadcrumbList\",\"@id\":\"https:\\\/\\\/abd.ong\\\/ca\\\/desigualtat\\\/abd-i-ecoserveis-reconegudes-amb-el-segell-labora\\\/#breadcrumb\",\"itemListElement\":[{\"@type\":\"ListItem\",\"position\":1,\"name\":\"Inici\",\"item\":\"https:\\\/\\\/abd.ong\\\/ca\\\/\"},{\"@type\":\"ListItem\",\"position\":2,\"name\":\"ABD i Ecoserveis, reconegudes amb el segell L\u00e0bora\"}]},{\"@type\":\"WebSite\",\"@id\":\"https:\\\/\\\/abd.ong\\\/ca\\\/#website\",\"url\":\"https:\\\/\\\/abd.ong\\\/ca\\\/\",\"name\":\"ABD\",\"description\":\"Asociaci\u00f3n Bienestar y Desarrollo\",\"publisher\":{\"@id\":\"https:\\\/\\\/abd.ong\\\/ca\\\/#organization\"},\"potentialAction\":[{\"@type\":\"SearchAction\",\"target\":{\"@type\":\"EntryPoint\",\"urlTemplate\":\"https:\\\/\\\/abd.ong\\\/ca\\\/?s={search_term_string}\"},\"query-input\":{\"@type\":\"PropertyValueSpecification\",\"valueRequired\":true,\"valueName\":\"search_term_string\"}}],\"inLanguage\":\"ca\"},{\"@type\":\"Organization\",\"@id\":\"https:\\\/\\\/abd.ong\\\/ca\\\/#organization\",\"name\":\"Associaci\u00f3 Benestar i Desenvolupament\",\"alternateName\":\"ABD\",\"url\":\"https:\\\/\\\/abd.ong\\\/ca\\\/\",\"logo\":{\"@type\":\"ImageObject\",\"inLanguage\":\"ca\",\"@id\":\"https:\\\/\\\/abd.ong\\\/ca\\\/#\\\/schema\\\/logo\\\/image\\\/\",\"url\":\"https:\\\/\\\/abd.ong\\\/wp-content\\\/uploads\\\/2023\\\/01\\\/Icona.png\",\"contentUrl\":\"https:\\\/\\\/abd.ong\\\/wp-content\\\/uploads\\\/2023\\\/01\\\/Icona.png\",\"width\":190,\"height\":187,\"caption\":\"Associaci\u00f3 Benestar i Desenvolupament\"},\"image\":{\"@id\":\"https:\\\/\\\/abd.ong\\\/ca\\\/#\\\/schema\\\/logo\\\/image\\\/\"},\"sameAs\":[\"https:\\\/\\\/www.facebook.com\\\/abd.ong\",\"https:\\\/\\\/x.com\\\/abd_ong\",\"https:\\\/\\\/www.instagram.com\\\/abd_ong\\\/\",\"https:\\\/\\\/www.linkedin.com\\\/company\\\/abdong\",\"https:\\\/\\\/www.youtube.com\\\/user\\\/CANALABD\"]},{\"@type\":\"Person\",\"@id\":\"https:\\\/\\\/abd.ong\\\/ca\\\/#\\\/schema\\\/person\\\/d2e158b4173f683b3898e286f5b35a10\",\"name\":\"Maria Creixell\"}]}<\/script>\n<!-- \/ Yoast SEO plugin. -->","yoast_head_json":{"title":"ABD i Ecoserveis, reconegudes amb el segell L\u00e0bora - ABD","description":"Certifica la tasca de les entitats per a l\u2019ocupaci\u00f3 de persones amb dificultats d\u2019acc\u00e9s al mercat de treball durant el 2019 ABD i Ecoserveis han rebut el","robots":{"index":"index","follow":"follow","max-snippet":"max-snippet:-1","max-image-preview":"max-image-preview:large","max-video-preview":"max-video-preview:-1"},"canonical":"https:\/\/abd.ong\/ca\/desigualtat\/abd-i-ecoserveis-reconegudes-amb-el-segell-labora\/","og_locale":"ca_ES","og_type":"article","og_title":"ABD i Ecoserveis, reconegudes amb el segell L\u00e0bora - ABD","og_description":"Certifica la tasca de les entitats per a l\u2019ocupaci\u00f3 de persones amb dificultats d\u2019acc\u00e9s al mercat de treball durant el 2019 ABD i Ecoserveis han rebut el","og_url":"https:\/\/abd.ong\/ca\/desigualtat\/abd-i-ecoserveis-reconegudes-amb-el-segell-labora\/","og_site_name":"ABD","article_publisher":"https:\/\/www.facebook.com\/abd.ong","article_published_time":"2020-12-29T09:00:49+00:00","article_modified_time":"2020-12-29T10:22:05+00:00","og_image":[{"width":2048,"height":1448,"url":"https:\/\/abd.ong\/wp-content\/uploads\/2020\/12\/Associaci\u00f3-Benestar-i-Desenvolupament-i-Ecoserveis.png","type":"image\/png"}],"author":"Maria Creixell","twitter_card":"summary_large_image","twitter_creator":"@abd_ong","twitter_site":"@abd_ong","twitter_misc":{"Escrit per":"Maria Creixell","Temps estimat de lectura":"2 minuts"},"schema":{"@context":"https:\/\/schema.org","@graph":[{"@type":"Article","@id":"https:\/\/abd.ong\/ca\/desigualtat\/abd-i-ecoserveis-reconegudes-amb-el-segell-labora\/#article","isPartOf":{"@id":"https:\/\/abd.ong\/ca\/desigualtat\/abd-i-ecoserveis-reconegudes-amb-el-segell-labora\/"},"author":{"name":"Maria Creixell","@id":"https:\/\/abd.ong\/ca\/#\/schema\/person\/d2e158b4173f683b3898e286f5b35a10"},"headline":"ABD i Ecoserveis, reconegudes amb el segell L\u00e0bora","datePublished":"2020-12-29T09:00:49+00:00","dateModified":"2020-12-29T10:22:05+00:00","mainEntityOfPage":{"@id":"https:\/\/abd.ong\/ca\/desigualtat\/abd-i-ecoserveis-reconegudes-amb-el-segell-labora\/"},"wordCount":435,"publisher":{"@id":"https:\/\/abd.ong\/ca\/#organization"},"image":{"@id":"https:\/\/abd.ong\/ca\/desigualtat\/abd-i-ecoserveis-reconegudes-amb-el-segell-labora\/#primaryimage"},"thumbnailUrl":"https:\/\/abd.ong\/wp-content\/uploads\/2020\/12\/Associaci\u00f3-Benestar-i-Desenvolupament-i-Ecoserveis.png","keywords":["agents energ\u00e8tics","inserci\u00f3 laboral","L\u00e0bora","PAE","pobresa energ\u00e8tica","Punts d'Assessorament Energ\u00e8tic"],"articleSection":["Desigualtat","Sostenibilitat"],"inLanguage":"ca"},{"@type":"WebPage","@id":"https:\/\/abd.ong\/ca\/desigualtat\/abd-i-ecoserveis-reconegudes-amb-el-segell-labora\/","url":"https:\/\/abd.ong\/ca\/desigualtat\/abd-i-ecoserveis-reconegudes-amb-el-segell-labora\/","name":"ABD i Ecoserveis, reconegudes amb el segell L\u00e0bora - ABD","isPartOf":{"@id":"https:\/\/abd.ong\/ca\/#website"},"primaryImageOfPage":{"@id":"https:\/\/abd.ong\/ca\/desigualtat\/abd-i-ecoserveis-reconegudes-amb-el-segell-labora\/#primaryimage"},"image":{"@id":"https:\/\/abd.ong\/ca\/desigualtat\/abd-i-ecoserveis-reconegudes-amb-el-segell-labora\/#primaryimage"},"thumbnailUrl":"https:\/\/abd.ong\/wp-content\/uploads\/2020\/12\/Associaci\u00f3-Benestar-i-Desenvolupament-i-Ecoserveis.png","datePublished":"2020-12-29T09:00:49+00:00","dateModified":"2020-12-29T10:22:05+00:00","description":"Certifica la tasca de les entitats per a l\u2019ocupaci\u00f3 de persones amb dificultats d\u2019acc\u00e9s al mercat de treball durant el 2019 ABD i Ecoserveis han rebut el","breadcrumb":{"@id":"https:\/\/abd.ong\/ca\/desigualtat\/abd-i-ecoserveis-reconegudes-amb-el-segell-labora\/#breadcrumb"},"inLanguage":"ca","potentialAction":[{"@type":"ReadAction","target":["https:\/\/abd.ong\/ca\/desigualtat\/abd-i-ecoserveis-reconegudes-amb-el-segell-labora\/"]}]},{"@type":"ImageObject","inLanguage":"ca","@id":"https:\/\/abd.ong\/ca\/desigualtat\/abd-i-ecoserveis-reconegudes-amb-el-segell-labora\/#primaryimage","url":"https:\/\/abd.ong\/wp-content\/uploads\/2020\/12\/Associaci\u00f3-Benestar-i-Desenvolupament-i-Ecoserveis.png","contentUrl":"https:\/\/abd.ong\/wp-content\/uploads\/2020\/12\/Associaci\u00f3-Benestar-i-Desenvolupament-i-Ecoserveis.png","width":2048,"height":1448},{"@type":"BreadcrumbList","@id":"https:\/\/abd.ong\/ca\/desigualtat\/abd-i-ecoserveis-reconegudes-amb-el-segell-labora\/#breadcrumb","itemListElement":[{"@type":"ListItem","position":1,"name":"Inici","item":"https:\/\/abd.ong\/ca\/"},{"@type":"ListItem","position":2,"name":"ABD i Ecoserveis, reconegudes amb el segell L\u00e0bora"}]},{"@type":"WebSite","@id":"https:\/\/abd.ong\/ca\/#website","url":"https:\/\/abd.ong\/ca\/","name":"ABD","description":"Asociaci\u00f3n Bienestar y Desarrollo","publisher":{"@id":"https:\/\/abd.ong\/ca\/#organization"},"potentialAction":[{"@type":"SearchAction","target":{"@type":"EntryPoint","urlTemplate":"https:\/\/abd.ong\/ca\/?s={search_term_string}"},"query-input":{"@type":"PropertyValueSpecification","valueRequired":true,"valueName":"search_term_string"}}],"inLanguage":"ca"},{"@type":"Organization","@id":"https:\/\/abd.ong\/ca\/#organization","name":"Associaci\u00f3 Benestar i Desenvolupament","alternateName":"ABD","url":"https:\/\/abd.ong\/ca\/","logo":{"@type":"ImageObject","inLanguage":"ca","@id":"https:\/\/abd.ong\/ca\/#\/schema\/logo\/image\/","url":"https:\/\/abd.ong\/wp-content\/uploads\/2023\/01\/Icona.png","contentUrl":"https:\/\/abd.ong\/wp-content\/uploads\/2023\/01\/Icona.png","width":190,"height":187,"caption":"Associaci\u00f3 Benestar i Desenvolupament"},"image":{"@id":"https:\/\/abd.ong\/ca\/#\/schema\/logo\/image\/"},"sameAs":["https:\/\/www.facebook.com\/abd.ong","https:\/\/x.com\/abd_ong","https:\/\/www.instagram.com\/abd_ong\/","https:\/\/www.linkedin.com\/company\/abdong","https:\/\/www.youtube.com\/user\/CANALABD"]},{"@type":"Person","@id":"https:\/\/abd.ong\/ca\/#\/schema\/person\/d2e158b4173f683b3898e286f5b35a10","name":"Maria Creixell"}]}},"_links":{"self":[{"href":"https:\/\/abd.ong\/ca\/wp-json\/wp\/v2\/posts\/18406","targetHints":{"allow":["GET"]}}],"collection":[{"href":"https:\/\/abd.ong\/ca\/wp-json\/wp\/v2\/posts"}],"about":[{"href":"https:\/\/abd.ong\/ca\/wp-json\/wp\/v2\/types\/post"}],"author":[{"embeddable":true,"href":"https:\/\/abd.ong\/ca\/wp-json\/wp\/v2\/users\/9"}],"replies":[{"embeddable":true,"href":"https:\/\/abd.ong\/ca\/wp-json\/wp\/v2\/comments?post=18406"}],"version-history":[{"count":2,"href":"https:\/\/abd.ong\/ca\/wp-json\/wp\/v2\/posts\/18406\/revisions"}],"predecessor-version":[{"id":18413,"href":"https:\/\/abd.ong\/ca\/wp-json\/wp\/v2\/posts\/18406\/revisions\/18413"}],"wp:featuredmedia":[{"embeddable":true,"href":"https:\/\/abd.ong\/ca\/wp-json\/wp\/v2\/media\/18407"}],"wp:attachment":[{"href":"https:\/\/abd.ong\/ca\/wp-json\/wp\/v2\/media?parent=18406"}],"wp:term":[{"taxonomy":"category","embeddable":true,"href":"https:\/\/abd.ong\/ca\/wp-json\/wp\/v2\/categories?post=18406"},{"taxonomy":"post_tag","embeddable":true,"href":"https:\/\/abd.ong\/ca\/wp-json\/wp\/v2\/tags?post=18406"}],"curies":[{"name":"wp","href":"https:\/\/api.w.org\/{rel}","templated":true}]}}