{"id":18175,"date":"2020-11-30T15:04:12","date_gmt":"2020-11-30T14:04:12","guid":{"rendered":"https:\/\/abd.ong\/?p=18175"},"modified":"2021-02-17T18:58:45","modified_gmt":"2021-02-17T17:58:45","slug":"abd-als-mitjans-de-comunicacio-al-novembre-2","status":"publish","type":"post","link":"https:\/\/abd.ong\/ca\/general-ca\/abd-als-mitjans-de-comunicacio-al-novembre-2\/","title":{"rendered":"ABD als mitjans de comunicaci\u00f3 al novembre"},"content":{"rendered":"\n<p>L\u2019<strong><a href=\"https:\/\/abd.ong\">Associaci\u00f3 Benestar i Desenvolupament<\/a>\u00a0(ABD)<\/strong>\u00a0ha estat present als mitjans de comunicaci\u00f3 durant aquest mes de novembre. A continuaci\u00f3, el resum de premsa de les diverses not\u00edcies, articles i reportatges en els qual hem participat com a entitat.<\/p>\n\n\n\n<p><strong>26\/11\/2020  &#8211; P\u00fablic<\/strong><\/p>\n\n\n\n<p><em><strong>La guerra contra les drogues \u00e9s una guerra contra les persones que consumeixen drogues<\/strong>, ja que estigmatitza als usuaris que trien consumir de manera conscient ja sigui per a \u00fas recreatiu o medicinal&#8221; opina\u00a0<strong>Mireia Ventura<\/strong>, directora dels serveis d&#8217;an\u00e0lisi d&#8217;<a rel=\"noreferrer noopener\" href=\"https:\/\/abd.ong\/en\/programs\/energy-control\/\" target=\"_blank\">Energy Control-ABD<\/a>.<\/em><\/p>\n\n\n\n<p><a rel=\"noreferrer noopener\" href=\"https:\/\/www.publico.es\/public\/associacions-cannabiques-l-espiral-criminalitzacio.html\" target=\"_blank\"><strong>Associacions cann\u00e0biques, en l&#8217;espiral de la criminalitzaci\u00f3<\/strong><\/a><\/p>\n\n\n\n<p><strong>17\/11\/2020 &#8211; IB3 (Cinc dies)<\/strong><\/p>\n\n\n\n<p><em>En el moment en que identifiquem una subst\u00e0ncia que no quadra amb el que esperem que sigui la composici\u00f3 d&#8217;aquella subst\u00e0ncia \u00e9s quan informem al personal del laboratori de Barcelona de que possiblement tindrem una alerta.<\/em><\/p>\n\n\n\n<p><a rel=\"noreferrer noopener\" href=\"https:\/\/ib3.org\/cincdies?pl=1&amp;cont=73b98adb-93b1-460b-898f-8b26ab5f5f27\" target=\"_blank\"><strong>Adverteixen de dues drogues desconegudes a Mallorca que es venen com a LSD<\/strong><\/a><\/p>\n\n\n\n<p><strong>11\/11\/2020- UH Noticias <\/strong><\/p>\n\n\n\n<p><em>L&#8217;entitat\u00a0<strong>Energy Control<\/strong> ha alertat d&#8217;una nova droga a Mallorca, venuda com LSD en assecants, despr\u00e9s que el passat mes de juny notifiquessin una altra subst\u00e0ncia, tamb\u00e9 amb les mateixes caracter\u00edstiques, totalment desconeguda.<\/em><\/p>\n\n\n\n<p><a rel=\"noreferrer noopener\" href=\"https:\/\/www.ultimahora.es\/noticias\/local\/2020\/11\/11\/1213205\/alertan-dos-drogas-desconocidas-mallorca-vendian-como-lsd.html\" target=\"_blank\"><strong>Alertan de dos drogas desconocidas en Mallorca que se vend\u00edan como LSD<\/strong><\/a><\/p>\n\n\n\n<p><strong>10\/11\/2020 \u2013 Diari Ara<\/strong><\/p>\n\n\n\n<p><em>Han detectat, aqu\u00ed a les Balears, el consum de dues subst\u00e0ncies potencialment perilloses i desconegudes.<\/em><\/p>\n\n\n\n<p><a href=\"https:\/\/ib3.org\/carta?id=8c31053e-675b-47e2-8538-3334fda94ca3&amp;type=TV\" target=\"_blank\" rel=\"noreferrer noopener\"><strong>El servei d&#8217;an\u00e0lisis de subst\u00e0ncies d&#8217;Energy Control a IB3<\/strong><\/a><\/p>\n\n\n\n<p><strong>05\/11\/2020- Sostenible.cat<\/strong><\/p>\n\n\n\n<p><em>S\u2019ha arribat a millorar l\u2019efici\u00e8ncia energ\u00e8tica i confort de la llar a 5.729 persones i s\u2019han aconseguit aturar 114 talls directes de subministrament, garantint l\u2019energia i l\u2019aigua a totes les persones en situaci\u00f3 de vulnerabilitat que s\u2019han adre\u00e7at al dispositiu<\/em><\/p>\n\n\n\n<p><a href=\"https:\/\/www.sostenible.cat\/node\/124180\" target=\"_blank\" rel=\"noreferrer noopener\"><strong>M\u00e9s de 5.700 persones s\u2019han beneficiat, a Santa Coloma, del Servei contra la pobresa energ\u00e8tica<\/strong><\/a><\/p>\n\n\n\n<p><strong>29\/10\/20 \u2013 Diari Ara<\/strong><\/p>\n\n\n\n<p><em>Les entitats demanen canvis legals per deixar les cures fora de la l\u00f2gica de mercat<\/em>.<\/p>\n\n\n\n<p><strong><a href=\"https:\/\/www.ara.cat\/societat\/lamenta-barcelona-entregui-domiciliaria-multinacional_1_2556492.html\" target=\"_blank\" rel=\"noreferrer noopener\">El sector social lamenta que Barcelona entregui l&#8217;atenci\u00f3 domicili\u00e0ria a una multinacional<\/a><\/strong><\/p>\n\n\n\n<p><strong>29\/10\/20 \u2013 Social.cat<\/strong><\/p>\n\n\n\n<p><em>Servisar ha desbancat a les dues empreses privades que fins ara portaven la meitat de la gesti\u00f3 a la ciutat, les adjudicacions de les quals ja van ser pol\u00e8miques, perqu\u00e8 van passar per davant de l\u2019Associaci\u00f3 Benestar i Desenvolupament (ABD), en un moment en qu\u00e8 el consistori havia impulsat concursos que prioritzaven els plecs socials.\u00a0<\/em><\/p>\n\n\n\n<p><a href=\"https:\/\/www.social.cat\/noticia\/13150\/lajuntament-de-barcelona-adjudica-el-50-de-latencio-domiciliaria-a-una-empresa-privadamolt?id_butlleti_enviar=1229&amp;id_element=13150&amp;utm_medium=butlleti&amp;utm_source=butlleti_article&amp;utm_campaign=2020-10-30\" target=\"_blank\" rel=\"noreferrer noopener\"><strong>L\u2019Ajuntament de Barcelona adjudica el 50% de l\u2019atenci\u00f3 domicili\u00e0ria a una empresa privada\u00a0\u201cmolt q\u00fcestionada\u201d<\/strong><\/a><\/p>\n","protected":false},"excerpt":{"rendered":"<p>L\u2019Associaci\u00f3 Benestar i Desenvolupament\u00a0(ABD)\u00a0ha estat present als mitjans de comunicaci\u00f3 durant aquest mes de novembre. A continuaci\u00f3, el resum de premsa de les diverses not\u00edcies, articles i reportatges en els&hellip;<\/p>\n","protected":false},"author":9,"featured_media":14666,"comment_status":"closed","ping_status":"closed","sticky":false,"template":"","format":"standard","meta":{"_acf_changed":false,"footnotes":""},"categories":[66],"tags":[435,835,2036],"class_list":["post-18175","post","type-post","status-publish","format-standard","has-post-thumbnail","hentry","category-general-ca","tag-mitjans-de-comunicacio","tag-noticies","tag-recull-de-premsa"],"acf":[],"yoast_head":"<!-- This site is optimized with the Yoast SEO plugin v27.4 - https:\/\/yoast.com\/product\/yoast-seo-wordpress\/ -->\n<title>ABD als mitjans de comunicaci\u00f3 al novembre - ABD<\/title>\n<meta name=\"description\" content=\"L\u2019Associaci\u00f3 Benestar i Desenvolupament\u00a0(ABD)\u00a0ha estat present als mitjans de comunicaci\u00f3 durant aquest mes de novembre. A continuaci\u00f3, el resum de premsa\" \/>\n<meta name=\"robots\" content=\"index, follow, max-snippet:-1, max-image-preview:large, max-video-preview:-1\" \/>\n<link rel=\"canonical\" href=\"https:\/\/abd.ong\/ca\/general-ca\/abd-als-mitjans-de-comunicacio-al-novembre-2\/\" \/>\n<meta property=\"og:locale\" content=\"ca_ES\" \/>\n<meta property=\"og:type\" content=\"article\" \/>\n<meta property=\"og:title\" content=\"ABD als mitjans de comunicaci\u00f3 al novembre - ABD\" \/>\n<meta property=\"og:description\" content=\"L\u2019Associaci\u00f3 Benestar i Desenvolupament\u00a0(ABD)\u00a0ha estat present als mitjans de comunicaci\u00f3 durant aquest mes de novembre. A continuaci\u00f3, el resum de premsa\" \/>\n<meta property=\"og:url\" content=\"https:\/\/abd.ong\/ca\/general-ca\/abd-als-mitjans-de-comunicacio-al-novembre-2\/\" \/>\n<meta property=\"og:site_name\" content=\"ABD\" \/>\n<meta property=\"article:publisher\" content=\"https:\/\/www.facebook.com\/abd.ong\" \/>\n<meta property=\"article:published_time\" content=\"2020-11-30T14:04:12+00:00\" \/>\n<meta property=\"article:modified_time\" content=\"2021-02-17T17:58:45+00:00\" \/>\n<meta property=\"og:image\" content=\"https:\/\/abd.ong\/wp-content\/uploads\/2020\/05\/old-tv-1149416_1920.jpg\" \/>\n\t<meta property=\"og:image:width\" content=\"1919\" \/>\n\t<meta property=\"og:image:height\" content=\"977\" \/>\n\t<meta property=\"og:image:type\" content=\"image\/jpeg\" \/>\n<meta name=\"author\" content=\"Maria Creixell\" \/>\n<meta name=\"twitter:card\" content=\"summary_large_image\" \/>\n<meta name=\"twitter:creator\" content=\"@abd_ong\" \/>\n<meta name=\"twitter:site\" content=\"@abd_ong\" \/>\n<meta name=\"twitter:label1\" content=\"Escrit per\" \/>\n\t<meta name=\"twitter:data1\" content=\"Maria Creixell\" \/>\n\t<meta name=\"twitter:label2\" content=\"Temps estimat de lectura\" \/>\n\t<meta name=\"twitter:data2\" content=\"2 minuts\" \/>\n<script type=\"application\/ld+json\" class=\"yoast-schema-graph\">{\"@context\":\"https:\\\/\\\/schema.org\",\"@graph\":[{\"@type\":\"Article\",\"@id\":\"https:\\\/\\\/abd.ong\\\/ca\\\/general-ca\\\/abd-als-mitjans-de-comunicacio-al-novembre-2\\\/#article\",\"isPartOf\":{\"@id\":\"https:\\\/\\\/abd.ong\\\/ca\\\/general-ca\\\/abd-als-mitjans-de-comunicacio-al-novembre-2\\\/\"},\"author\":{\"name\":\"Maria Creixell\",\"@id\":\"https:\\\/\\\/abd.ong\\\/ca\\\/#\\\/schema\\\/person\\\/d2e158b4173f683b3898e286f5b35a10\"},\"headline\":\"ABD als mitjans de comunicaci\u00f3 al novembre\",\"datePublished\":\"2020-11-30T14:04:12+00:00\",\"dateModified\":\"2021-02-17T17:58:45+00:00\",\"mainEntityOfPage\":{\"@id\":\"https:\\\/\\\/abd.ong\\\/ca\\\/general-ca\\\/abd-als-mitjans-de-comunicacio-al-novembre-2\\\/\"},\"wordCount\":421,\"publisher\":{\"@id\":\"https:\\\/\\\/abd.ong\\\/ca\\\/#organization\"},\"image\":{\"@id\":\"https:\\\/\\\/abd.ong\\\/ca\\\/general-ca\\\/abd-als-mitjans-de-comunicacio-al-novembre-2\\\/#primaryimage\"},\"thumbnailUrl\":\"https:\\\/\\\/abd.ong\\\/wp-content\\\/uploads\\\/2020\\\/05\\\/old-tv-1149416_1920.jpg\",\"keywords\":[\"mitjans de comunicaci\u00f3\",\"not\u00edcies\",\"recull de premsa\"],\"articleSection\":[\"General\"],\"inLanguage\":\"ca\"},{\"@type\":\"WebPage\",\"@id\":\"https:\\\/\\\/abd.ong\\\/ca\\\/general-ca\\\/abd-als-mitjans-de-comunicacio-al-novembre-2\\\/\",\"url\":\"https:\\\/\\\/abd.ong\\\/ca\\\/general-ca\\\/abd-als-mitjans-de-comunicacio-al-novembre-2\\\/\",\"name\":\"ABD als mitjans de comunicaci\u00f3 al novembre - ABD\",\"isPartOf\":{\"@id\":\"https:\\\/\\\/abd.ong\\\/ca\\\/#website\"},\"primaryImageOfPage\":{\"@id\":\"https:\\\/\\\/abd.ong\\\/ca\\\/general-ca\\\/abd-als-mitjans-de-comunicacio-al-novembre-2\\\/#primaryimage\"},\"image\":{\"@id\":\"https:\\\/\\\/abd.ong\\\/ca\\\/general-ca\\\/abd-als-mitjans-de-comunicacio-al-novembre-2\\\/#primaryimage\"},\"thumbnailUrl\":\"https:\\\/\\\/abd.ong\\\/wp-content\\\/uploads\\\/2020\\\/05\\\/old-tv-1149416_1920.jpg\",\"datePublished\":\"2020-11-30T14:04:12+00:00\",\"dateModified\":\"2021-02-17T17:58:45+00:00\",\"description\":\"L\u2019Associaci\u00f3 Benestar i Desenvolupament\u00a0(ABD)\u00a0ha estat present als mitjans de comunicaci\u00f3 durant aquest mes de novembre. A continuaci\u00f3, el resum de premsa\",\"breadcrumb\":{\"@id\":\"https:\\\/\\\/abd.ong\\\/ca\\\/general-ca\\\/abd-als-mitjans-de-comunicacio-al-novembre-2\\\/#breadcrumb\"},\"inLanguage\":\"ca\",\"potentialAction\":[{\"@type\":\"ReadAction\",\"target\":[\"https:\\\/\\\/abd.ong\\\/ca\\\/general-ca\\\/abd-als-mitjans-de-comunicacio-al-novembre-2\\\/\"]}]},{\"@type\":\"ImageObject\",\"inLanguage\":\"ca\",\"@id\":\"https:\\\/\\\/abd.ong\\\/ca\\\/general-ca\\\/abd-als-mitjans-de-comunicacio-al-novembre-2\\\/#primaryimage\",\"url\":\"https:\\\/\\\/abd.ong\\\/wp-content\\\/uploads\\\/2020\\\/05\\\/old-tv-1149416_1920.jpg\",\"contentUrl\":\"https:\\\/\\\/abd.ong\\\/wp-content\\\/uploads\\\/2020\\\/05\\\/old-tv-1149416_1920.jpg\",\"width\":1919,\"height\":977,\"caption\":\"medios de comunicaci\u00f3n\"},{\"@type\":\"BreadcrumbList\",\"@id\":\"https:\\\/\\\/abd.ong\\\/ca\\\/general-ca\\\/abd-als-mitjans-de-comunicacio-al-novembre-2\\\/#breadcrumb\",\"itemListElement\":[{\"@type\":\"ListItem\",\"position\":1,\"name\":\"Inici\",\"item\":\"https:\\\/\\\/abd.ong\\\/ca\\\/\"},{\"@type\":\"ListItem\",\"position\":2,\"name\":\"ABD als mitjans de comunicaci\u00f3 al novembre\"}]},{\"@type\":\"WebSite\",\"@id\":\"https:\\\/\\\/abd.ong\\\/ca\\\/#website\",\"url\":\"https:\\\/\\\/abd.ong\\\/ca\\\/\",\"name\":\"ABD\",\"description\":\"Asociaci\u00f3n Bienestar y Desarrollo\",\"publisher\":{\"@id\":\"https:\\\/\\\/abd.ong\\\/ca\\\/#organization\"},\"potentialAction\":[{\"@type\":\"SearchAction\",\"target\":{\"@type\":\"EntryPoint\",\"urlTemplate\":\"https:\\\/\\\/abd.ong\\\/ca\\\/?s={search_term_string}\"},\"query-input\":{\"@type\":\"PropertyValueSpecification\",\"valueRequired\":true,\"valueName\":\"search_term_string\"}}],\"inLanguage\":\"ca\"},{\"@type\":\"Organization\",\"@id\":\"https:\\\/\\\/abd.ong\\\/ca\\\/#organization\",\"name\":\"Associaci\u00f3 Benestar i Desenvolupament\",\"alternateName\":\"ABD\",\"url\":\"https:\\\/\\\/abd.ong\\\/ca\\\/\",\"logo\":{\"@type\":\"ImageObject\",\"inLanguage\":\"ca\",\"@id\":\"https:\\\/\\\/abd.ong\\\/ca\\\/#\\\/schema\\\/logo\\\/image\\\/\",\"url\":\"https:\\\/\\\/abd.ong\\\/wp-content\\\/uploads\\\/2023\\\/01\\\/Icona.png\",\"contentUrl\":\"https:\\\/\\\/abd.ong\\\/wp-content\\\/uploads\\\/2023\\\/01\\\/Icona.png\",\"width\":190,\"height\":187,\"caption\":\"Associaci\u00f3 Benestar i Desenvolupament\"},\"image\":{\"@id\":\"https:\\\/\\\/abd.ong\\\/ca\\\/#\\\/schema\\\/logo\\\/image\\\/\"},\"sameAs\":[\"https:\\\/\\\/www.facebook.com\\\/abd.ong\",\"https:\\\/\\\/x.com\\\/abd_ong\",\"https:\\\/\\\/www.instagram.com\\\/abd_ong\\\/\",\"https:\\\/\\\/www.linkedin.com\\\/company\\\/abdong\",\"https:\\\/\\\/www.youtube.com\\\/user\\\/CANALABD\"]},{\"@type\":\"Person\",\"@id\":\"https:\\\/\\\/abd.ong\\\/ca\\\/#\\\/schema\\\/person\\\/d2e158b4173f683b3898e286f5b35a10\",\"name\":\"Maria Creixell\"}]}<\/script>\n<!-- \/ Yoast SEO plugin. -->","yoast_head_json":{"title":"ABD als mitjans de comunicaci\u00f3 al novembre - ABD","description":"L\u2019Associaci\u00f3 Benestar i Desenvolupament\u00a0(ABD)\u00a0ha estat present als mitjans de comunicaci\u00f3 durant aquest mes de novembre. A continuaci\u00f3, el resum de premsa","robots":{"index":"index","follow":"follow","max-snippet":"max-snippet:-1","max-image-preview":"max-image-preview:large","max-video-preview":"max-video-preview:-1"},"canonical":"https:\/\/abd.ong\/ca\/general-ca\/abd-als-mitjans-de-comunicacio-al-novembre-2\/","og_locale":"ca_ES","og_type":"article","og_title":"ABD als mitjans de comunicaci\u00f3 al novembre - ABD","og_description":"L\u2019Associaci\u00f3 Benestar i Desenvolupament\u00a0(ABD)\u00a0ha estat present als mitjans de comunicaci\u00f3 durant aquest mes de novembre. A continuaci\u00f3, el resum de premsa","og_url":"https:\/\/abd.ong\/ca\/general-ca\/abd-als-mitjans-de-comunicacio-al-novembre-2\/","og_site_name":"ABD","article_publisher":"https:\/\/www.facebook.com\/abd.ong","article_published_time":"2020-11-30T14:04:12+00:00","article_modified_time":"2021-02-17T17:58:45+00:00","og_image":[{"width":1919,"height":977,"url":"https:\/\/abd.ong\/wp-content\/uploads\/2020\/05\/old-tv-1149416_1920.jpg","type":"image\/jpeg"}],"author":"Maria Creixell","twitter_card":"summary_large_image","twitter_creator":"@abd_ong","twitter_site":"@abd_ong","twitter_misc":{"Escrit per":"Maria Creixell","Temps estimat de lectura":"2 minuts"},"schema":{"@context":"https:\/\/schema.org","@graph":[{"@type":"Article","@id":"https:\/\/abd.ong\/ca\/general-ca\/abd-als-mitjans-de-comunicacio-al-novembre-2\/#article","isPartOf":{"@id":"https:\/\/abd.ong\/ca\/general-ca\/abd-als-mitjans-de-comunicacio-al-novembre-2\/"},"author":{"name":"Maria Creixell","@id":"https:\/\/abd.ong\/ca\/#\/schema\/person\/d2e158b4173f683b3898e286f5b35a10"},"headline":"ABD als mitjans de comunicaci\u00f3 al novembre","datePublished":"2020-11-30T14:04:12+00:00","dateModified":"2021-02-17T17:58:45+00:00","mainEntityOfPage":{"@id":"https:\/\/abd.ong\/ca\/general-ca\/abd-als-mitjans-de-comunicacio-al-novembre-2\/"},"wordCount":421,"publisher":{"@id":"https:\/\/abd.ong\/ca\/#organization"},"image":{"@id":"https:\/\/abd.ong\/ca\/general-ca\/abd-als-mitjans-de-comunicacio-al-novembre-2\/#primaryimage"},"thumbnailUrl":"https:\/\/abd.ong\/wp-content\/uploads\/2020\/05\/old-tv-1149416_1920.jpg","keywords":["mitjans de comunicaci\u00f3","not\u00edcies","recull de premsa"],"articleSection":["General"],"inLanguage":"ca"},{"@type":"WebPage","@id":"https:\/\/abd.ong\/ca\/general-ca\/abd-als-mitjans-de-comunicacio-al-novembre-2\/","url":"https:\/\/abd.ong\/ca\/general-ca\/abd-als-mitjans-de-comunicacio-al-novembre-2\/","name":"ABD als mitjans de comunicaci\u00f3 al novembre - ABD","isPartOf":{"@id":"https:\/\/abd.ong\/ca\/#website"},"primaryImageOfPage":{"@id":"https:\/\/abd.ong\/ca\/general-ca\/abd-als-mitjans-de-comunicacio-al-novembre-2\/#primaryimage"},"image":{"@id":"https:\/\/abd.ong\/ca\/general-ca\/abd-als-mitjans-de-comunicacio-al-novembre-2\/#primaryimage"},"thumbnailUrl":"https:\/\/abd.ong\/wp-content\/uploads\/2020\/05\/old-tv-1149416_1920.jpg","datePublished":"2020-11-30T14:04:12+00:00","dateModified":"2021-02-17T17:58:45+00:00","description":"L\u2019Associaci\u00f3 Benestar i Desenvolupament\u00a0(ABD)\u00a0ha estat present als mitjans de comunicaci\u00f3 durant aquest mes de novembre. A continuaci\u00f3, el resum de premsa","breadcrumb":{"@id":"https:\/\/abd.ong\/ca\/general-ca\/abd-als-mitjans-de-comunicacio-al-novembre-2\/#breadcrumb"},"inLanguage":"ca","potentialAction":[{"@type":"ReadAction","target":["https:\/\/abd.ong\/ca\/general-ca\/abd-als-mitjans-de-comunicacio-al-novembre-2\/"]}]},{"@type":"ImageObject","inLanguage":"ca","@id":"https:\/\/abd.ong\/ca\/general-ca\/abd-als-mitjans-de-comunicacio-al-novembre-2\/#primaryimage","url":"https:\/\/abd.ong\/wp-content\/uploads\/2020\/05\/old-tv-1149416_1920.jpg","contentUrl":"https:\/\/abd.ong\/wp-content\/uploads\/2020\/05\/old-tv-1149416_1920.jpg","width":1919,"height":977,"caption":"medios de comunicaci\u00f3n"},{"@type":"BreadcrumbList","@id":"https:\/\/abd.ong\/ca\/general-ca\/abd-als-mitjans-de-comunicacio-al-novembre-2\/#breadcrumb","itemListElement":[{"@type":"ListItem","position":1,"name":"Inici","item":"https:\/\/abd.ong\/ca\/"},{"@type":"ListItem","position":2,"name":"ABD als mitjans de comunicaci\u00f3 al novembre"}]},{"@type":"WebSite","@id":"https:\/\/abd.ong\/ca\/#website","url":"https:\/\/abd.ong\/ca\/","name":"ABD","description":"Asociaci\u00f3n Bienestar y Desarrollo","publisher":{"@id":"https:\/\/abd.ong\/ca\/#organization"},"potentialAction":[{"@type":"SearchAction","target":{"@type":"EntryPoint","urlTemplate":"https:\/\/abd.ong\/ca\/?s={search_term_string}"},"query-input":{"@type":"PropertyValueSpecification","valueRequired":true,"valueName":"search_term_string"}}],"inLanguage":"ca"},{"@type":"Organization","@id":"https:\/\/abd.ong\/ca\/#organization","name":"Associaci\u00f3 Benestar i Desenvolupament","alternateName":"ABD","url":"https:\/\/abd.ong\/ca\/","logo":{"@type":"ImageObject","inLanguage":"ca","@id":"https:\/\/abd.ong\/ca\/#\/schema\/logo\/image\/","url":"https:\/\/abd.ong\/wp-content\/uploads\/2023\/01\/Icona.png","contentUrl":"https:\/\/abd.ong\/wp-content\/uploads\/2023\/01\/Icona.png","width":190,"height":187,"caption":"Associaci\u00f3 Benestar i Desenvolupament"},"image":{"@id":"https:\/\/abd.ong\/ca\/#\/schema\/logo\/image\/"},"sameAs":["https:\/\/www.facebook.com\/abd.ong","https:\/\/x.com\/abd_ong","https:\/\/www.instagram.com\/abd_ong\/","https:\/\/www.linkedin.com\/company\/abdong","https:\/\/www.youtube.com\/user\/CANALABD"]},{"@type":"Person","@id":"https:\/\/abd.ong\/ca\/#\/schema\/person\/d2e158b4173f683b3898e286f5b35a10","name":"Maria Creixell"}]}},"_links":{"self":[{"href":"https:\/\/abd.ong\/ca\/wp-json\/wp\/v2\/posts\/18175","targetHints":{"allow":["GET"]}}],"collection":[{"href":"https:\/\/abd.ong\/ca\/wp-json\/wp\/v2\/posts"}],"about":[{"href":"https:\/\/abd.ong\/ca\/wp-json\/wp\/v2\/types\/post"}],"author":[{"embeddable":true,"href":"https:\/\/abd.ong\/ca\/wp-json\/wp\/v2\/users\/9"}],"replies":[{"embeddable":true,"href":"https:\/\/abd.ong\/ca\/wp-json\/wp\/v2\/comments?post=18175"}],"version-history":[{"count":3,"href":"https:\/\/abd.ong\/ca\/wp-json\/wp\/v2\/posts\/18175\/revisions"}],"predecessor-version":[{"id":20326,"href":"https:\/\/abd.ong\/ca\/wp-json\/wp\/v2\/posts\/18175\/revisions\/20326"}],"wp:featuredmedia":[{"embeddable":true,"href":"https:\/\/abd.ong\/ca\/wp-json\/wp\/v2\/media\/14666"}],"wp:attachment":[{"href":"https:\/\/abd.ong\/ca\/wp-json\/wp\/v2\/media?parent=18175"}],"wp:term":[{"taxonomy":"category","embeddable":true,"href":"https:\/\/abd.ong\/ca\/wp-json\/wp\/v2\/categories?post=18175"},{"taxonomy":"post_tag","embeddable":true,"href":"https:\/\/abd.ong\/ca\/wp-json\/wp\/v2\/tags?post=18175"}],"curies":[{"name":"wp","href":"https:\/\/api.w.org\/{rel}","templated":true}]}}