{"id":18085,"date":"2020-11-23T14:30:17","date_gmt":"2020-11-23T13:30:17","guid":{"rendered":"https:\/\/abd.ong\/?p=18085"},"modified":"2020-11-23T14:30:21","modified_gmt":"2020-11-23T13:30:21","slug":"barcelona-aprova-la-reprogramacio-de-lestrategia-dinclusio-i-reduccio-de-les-desigualtats","status":"publish","type":"post","link":"https:\/\/abd.ong\/ca\/desigualtat\/barcelona-aprova-la-reprogramacio-de-lestrategia-dinclusio-i-reduccio-de-les-desigualtats\/","title":{"rendered":"Barcelona aprova la reprogramaci\u00f3 de l\u2019Estrat\u00e8gia d\u2019inclusi\u00f3 i reducci\u00f3 de les desigualtats"},"content":{"rendered":"\n<h3 class=\"wp-block-heading\">Ajuntament, grups municipals i 700 entitats socials aproven 32 objectius concrets per assolir abans del 2030<\/h3>\n\n\n\n<div style=\"height:25px\" aria-hidden=\"true\" class=\"wp-block-spacer\"><\/div>\n\n\n\n<h3 class=\"wp-block-heading\">Tamb\u00e9 s\u2019ha aprovat un nou pla d\u2019accions fins al 2022 i que s\u2019ha actualitzat fruit de la situaci\u00f3 de la COVID-19<\/h3>\n\n\n\n<div style=\"height:25px\" aria-hidden=\"true\" class=\"wp-block-spacer\"><\/div>\n\n\n\n<p>El Consell de Governan\u00e7a de l\u2019<a rel=\"noreferrer noopener\" href=\"http:\/\/www.bcn.cat\/barcelonainclusiva\/ca\/\" target=\"_blank\">Acord Ciutad\u00e0<\/a> per a una Barcelona Inclusiva, del qu\u00e8 en forma part l\u2019<a rel=\"noreferrer noopener\" href=\"http:\/\/www.bcn.cat\/barcelonainclusiva\/ca\/entitats.html\" target=\"_blank\">Associaci\u00f3 Benestar i Desenvolupament ABD<\/a>, va aprovar el passat 19 de novembre la reprogramaci\u00f3 de l\u2019Estrat\u00e8gia d\u2019Inclusi\u00f3 i reducci\u00f3 de les desigualtats per a la ciutat de Barcelona per fer front a l\u2019agreujament de les desigualtats socials i a la pobresa a conseq\u00fc\u00e8ncia de la pand\u00e8mia de la COVID-19. <\/p>\n\n\n\n<p>La reprogramaci\u00f3 de l\u2019estrat\u00e8gia d\u2019inclusi\u00f3 s\u2019 ha elaborat, de manera compartida, entre les m\u00e9s de 700 entitats de l\u2019Acord Ciutad\u00e0, el govern de l\u2019<a href=\"https:\/\/www.barcelona.cat\/ca\/\" target=\"_blank\" rel=\"noreferrer noopener\">Ajuntament de Barcelona<\/a> i tots els grups pol\u00edtics municipals. L\u2019Estrat\u00e8gia es va concebre fins al 2030, per\u00f2 la situaci\u00f3 actual ha obligat a replantejar alguns objectius i concretar noves accions. Des de l\u2019Acord Ciutad\u00e0 se sost\u00e9 que les conseq\u00fc\u00e8ncies de les crisi de la COVID-19 aprofundeixen negativament en la crisi social de la ciutat i que la situaci\u00f3 actual de pand\u00e8mia ha obligat a redefinir les actuacions en mat\u00e8ria d\u2019inclusi\u00f3 social que s\u2019han de liderar des de Barcelona.<\/p>\n\n\n\n<p>La reprogramaci\u00f3 de l\u2019estrat\u00e8gia d\u2019Inclusi\u00f3 social de Barcelona concreta 32 objectius en els \u00e0mbits seg\u00fcents a acomplir abans de 2030:<\/p>\n\n\n\n<p><strong>1. Una ciutat socialment justa, diversa i intercultural<\/strong><\/p>\n\n\n\n<p><strong>OBJECTIU CONCRET<\/strong>: No existir\u00e0 una difer\u00e8ncia superior als 30.000 euros entre les rendes familiars disponibles (RDF) \/ per c\u00e0pita els 5 barris amb rendes m\u00e9s baixes i m\u00e9s altes. (L\u2019any 2018 la difer\u00e8ncia \u00e9s de 35.988\u20ac)<\/p>\n\n\n\n<p><strong>2. Una ciutat habitable i acollidora<\/strong><\/p>\n\n\n\n<p><strong>OBJECTIU CONCRET<\/strong>: El nombre de llars de Barcelona que no hauran de destinar el 40% de la seva renda anual a les despeses de l\u2019habitatge estar\u00e0 per sobre del 86%2 (El 2016 el 19,3% destinaven m\u00e9s del 40%)<\/p>\n\n\n\n<p><strong>3. Una ciutat educadora<\/strong><\/p>\n\n\n\n<p><strong>OBJECTIU CONCRET<\/strong>: La difer\u00e8ncia entre la taxa m\u00e9s elevada i m\u00e9s baixa d\u2019\u00e8xit escolar estar\u00e0 per sota del 10% (Actualment curs escolar 2017\/2018 la difer\u00e8ncia \u00e9s del 16,1%)<\/p>\n\n\n\n<p><strong>4. Una ciutat feminista<\/strong><\/p>\n\n\n\n<p><strong>OBJECTIU CONCRET<\/strong>: La bretxa salarial entre homes i dones el 2030 haur\u00e0 de tendir al 0%. (L\u2019any 2017 a la ciutat de Barcelona \u00e9s del 22%).<\/p>\n\n\n\n<p><strong>5. Una ciutat saludable que t\u00e9 cura de tothom<\/strong><\/p>\n\n\n\n<p><strong>OBJECTIU CONCRET<\/strong>: El 94% o m\u00e9s dels barcelonins podran acudir a alg\u00fa per parlar dels seus problemes personals i\/o familiars.<\/p>\n\n\n\n<p><strong>6. Una ciutat que s\u2019adapta amb equitat i sense desequilibris al canvi clim\u00e0tic.<\/strong><\/p>\n\n\n\n<p><strong>OBJECTIU CONCRET<\/strong>: El nombre de persones que poden mantenir la llar a temperatura adequada, ser\u00e0 del 96% o superior. (El 2018-2019, 9% dels barcelonins no podien mantenir a temperatura adequada la seva llar)<\/p>\n\n\n\n<p><strong>7. Una ciutat innovadora, eminentment urbana amb una societat civil cohesionada.<\/strong><\/p>\n\n\n\n<p><strong>OBJECTIU CONCRET<\/strong>: Que el 50% dels barcelonins o m\u00e9s, pertanyen el 2030 algun tipus d\u2019associaci\u00f3 (El 2016 \u00e9s del 31,8%)<\/p>\n\n\n\n<p>Paral\u00b7lelament s\u2019ha aprovat l\u2019actualitzaci\u00f3 del Pla d\u2019actuaci\u00f3 2020-2022. Un Pla que s\u2019ha vist necessari modificar amb noves accions fruit de la situaci\u00f3 actual de pand\u00e8mia. El PAAC 20-22 disposa de 15 projectes impulsors i 52 accions amb les quals es disposa orientar els aproximadament 500 milions d\u2019euros del conjunt de les inversions de la iniciativa social i de l\u2019ajuntament a la nostra ciutat, i afegir-hi una inversi\u00f3 neta de 28 milions d\u2019euros en els propers dos anys. Per poder aconseguir els seg\u00fcents objectius s\u2019han plantejat 52 accions, entre les quals destaquen:<\/p>\n\n\n\n<p><strong>Frenar l\u2019extensi\u00f3 de la pobresa i la seva feminitzaci\u00f3<\/strong>.<\/p>\n\n\n\n<p><strong>ACCI\u00d3<\/strong>: Establiment un fons econ\u00f2mic alimentari per garantir el dret a una alimentaci\u00f3 saludable que permeti l\u2019ampliaci\u00f3 de la targeta moneder.<\/p>\n\n\n\n<p><strong>ACCI\u00d3<\/strong>: Creaci\u00f3 d\u2019un fons d\u2019ajuts i pr\u00e9stecs sense inter\u00e8s al pagament de lloguers per evitar els desnonaments durant la recuperaci\u00f3 de l\u2019activitat laboral.<\/p>\n\n\n\n<p><strong>Reduir les desigualtats i enfortir la col\u00b7laboraci\u00f3 entre els sectors en situaci\u00f3 de vulnerabilitat<\/strong>.<\/p>\n\n\n\n<p><strong>ACCI\u00d3<\/strong>: Bretxa digital, tend\u00e8ncia. Recaptaci\u00f3 de fons per la distribuci\u00f3 i pr\u00e9stec gratu\u00eft de material inform\u00e0tic i connexions a internet a fam\u00edlies vulnerables<\/p>\n\n\n\n<p><strong>ACCI\u00d3<\/strong>: Mesures d\u2019acci\u00f3 positiva pel dret a l\u2019ocupaci\u00f3 de les persones amb especials dificultats d\u2019acc\u00e9s, discapacitat i\/o trastorn de salut mental que afavoreixin la superaci\u00f3 dels obstacles de l\u2019entorn que els impedeix o dificulten l\u2019exercici dels seus drets socials.<\/p>\n\n\n\n<p><strong>Enfortir el sistema d\u2019acci\u00f3 i transformaci\u00f3 social per a tothom<\/strong>.<\/p>\n\n\n\n<p><strong>ACCI\u00d3<\/strong>: Increment de cobertura de serveis de benestar social 3.1.1 Donar continu\u00eftat als equipaments espec\u00edfics per col\u00b7lectius vulnerables creats durant l\u2019emerg\u00e8ncia sanit\u00e0ria: Alberg social amb consum de subst\u00e0ncies, Alberg per dones i fam\u00edlies, Alberg per joves migrats.<\/p>\n\n\n\n<p><strong>ACCI\u00d3<\/strong>: Pla d\u2019acci\u00f3 per reduir els d\u00e8ficits de les entitats socials. Garantia de la estabilitat en les fonts d\u2019ingressos publiques.<\/p>\n\n\n\n<p><strong>Generar vincles i cultura de col\u00b7laboraci\u00f3 social i comunit\u00e0ria<\/strong>.<\/p>\n\n\n\n<p><strong>ACCI\u00d3<\/strong>: Promoci\u00f3 d\u2019una ciutadania activa i compromesa. Ampliar i garantir la qualitat de la col\u00b7laboraci\u00f3 volunt\u00e0ria a trav\u00e9s del PAAC 20-22, i des de l\u2019Acord Ciutad\u00e0 per a una Barcelona Inclusiva es vol manifestar:<\/p>\n\n\n\n<p>1. El nostre comprom\u00eds per l\u2019ampliaci\u00f3 de la inversi\u00f3 p\u00fablica en drets socials i que es repensi el sistema de protecci\u00f3 social partint de la proposta d\u2019una renda b\u00e0sica conceptualitzada com a dret de ciutadania.<\/p>\n\n\n\n<p>2. La nostra ferma disposici\u00f3 a posar damunt de la taula de tots els governs la necessitat d\u2019enfortir i universalitzar els drets socials i de garantir el seu exercici mitjan\u00e7ant prestacions i serveis impulsats amb responsabilitat p\u00fablica, i fer-ho, oferint la nostra col\u00b7laboraci\u00f3 per buscar les solucions m\u00e9s adients.<\/p>\n\n\n\n<p>3. Ens proposem influir perqu\u00e8 les pol\u00edtiques p\u00fabliques troncals d\u2019inclusi\u00f3 social es desenvolupin des de la col\u00b7laboraci\u00f3 p\u00fablica amb la iniciativa social i el comprom\u00eds i participaci\u00f3 ciutadana. En aquest sentit, reclamen l\u2019atenci\u00f3 urgent a les necessitats de finan\u00e7ament de les entitats socials que s\u2019estan produint per donar resposta a l\u2019agreujament de les situacions de vulnerabilitat i exclusi\u00f3 social.<\/p>\n\n\n\n<p>4. Ens comprometem a lluitar perqu\u00e8 no es repeteixin situacions discriminat\u00f2ries per qualsevol motiu o circumst\u00e0ncia, com per exemple ha arribat a succeir amb les persones amb discapacitat i\/o diversitat funcional, o que han sofert viol\u00e8ncia de g\u00e8nere, o discriminaci\u00f3 per la seva proced\u00e8ncia social o geogr\u00e0fica, entre d\u2019altres.<\/p>\n\n\n\n<p>5. Volem assenyalar que: El Pacte de ciutat per Barcelona i el PAAC 20-22 s\u00f3n dues operacions complement\u00e0ries i coordinades. Les reflexions del PAAC 20-22 van nodrir al Pacte de Ciutat, a trav\u00e9s dels membres que participen en ambd\u00f3s processos, i el PAAC 20-22 es disposa a ser un instrument de l\u2019impuls i realitzaci\u00f3 del Pacte, mitjan\u00e7ant la coproducci\u00f3 d&#8217;accions i projectes entre les entitats socials i l&#8217;Ajuntament.<\/p>\n","protected":false},"excerpt":{"rendered":"<p>Ajuntament, grups municipals i 700 entitats socials aproven 32 objectius concrets per assolir abans del 2030 Tamb\u00e9 s\u2019ha aprovat un nou pla d\u2019accions fins al 2022 i que s\u2019ha actualitzat&hellip;<\/p>\n","protected":false},"author":2,"featured_media":18087,"comment_status":"closed","ping_status":"closed","sticky":false,"template":"","format":"standard","meta":{"_acf_changed":false,"footnotes":""},"categories":[1299,66],"tags":[257,579,258,2111,289,2110],"class_list":["post-18085","post","type-post","status-publish","format-standard","has-post-thumbnail","hentry","category-desigualtat","category-general-ca","tag-acord-ciutada","tag-ajuntament-de-barcelona","tag-assemblea-anual-de-lacord-ciutada","tag-desigualtats-socials","tag-inclusio-social","tag-reduccio-de-desigualtats-a-barcelona"],"acf":[],"yoast_head":"<!-- This site is optimized with the Yoast SEO plugin v27.4 - https:\/\/yoast.com\/product\/yoast-seo-wordpress\/ -->\n<title>Barcelona aprova la reprogramaci\u00f3 de l\u2019Estrat\u00e8gia d\u2019inclusi\u00f3 i reducci\u00f3 de les desigualtats - ABD<\/title>\n<meta name=\"description\" content=\"Ajuntament, grups municipals i 700 entitats socials aproven 32 objectius concrets per assolir abans del 2030 Tamb\u00e9 s\u2019ha aprovat un nou pla d\u2019accions fins\" \/>\n<meta name=\"robots\" content=\"index, follow, max-snippet:-1, max-image-preview:large, max-video-preview:-1\" \/>\n<link rel=\"canonical\" href=\"https:\/\/abd.ong\/ca\/desigualtat\/barcelona-aprova-la-reprogramacio-de-lestrategia-dinclusio-i-reduccio-de-les-desigualtats\/\" \/>\n<meta property=\"og:locale\" content=\"ca_ES\" \/>\n<meta property=\"og:type\" content=\"article\" \/>\n<meta property=\"og:title\" content=\"Barcelona aprova la reprogramaci\u00f3 de l\u2019Estrat\u00e8gia d\u2019inclusi\u00f3 i reducci\u00f3 de les desigualtats - ABD\" \/>\n<meta property=\"og:description\" content=\"Ajuntament, grups municipals i 700 entitats socials aproven 32 objectius concrets per assolir abans del 2030 Tamb\u00e9 s\u2019ha aprovat un nou pla d\u2019accions fins\" \/>\n<meta property=\"og:url\" content=\"https:\/\/abd.ong\/ca\/desigualtat\/barcelona-aprova-la-reprogramacio-de-lestrategia-dinclusio-i-reduccio-de-les-desigualtats\/\" \/>\n<meta property=\"og:site_name\" content=\"ABD\" \/>\n<meta property=\"article:publisher\" content=\"https:\/\/www.facebook.com\/abd.ong\" \/>\n<meta property=\"article:published_time\" content=\"2020-11-23T13:30:17+00:00\" \/>\n<meta property=\"article:modified_time\" content=\"2020-11-23T13:30:21+00:00\" \/>\n<meta property=\"og:image\" content=\"https:\/\/abd.ong\/wp-content\/uploads\/2020\/11\/Acord-Ciutad\u00e0.jpg\" \/>\n\t<meta property=\"og:image:width\" content=\"1024\" \/>\n\t<meta property=\"og:image:height\" content=\"512\" \/>\n\t<meta property=\"og:image:type\" content=\"image\/jpeg\" \/>\n<meta name=\"author\" content=\"Enric Guinart\" \/>\n<meta name=\"twitter:card\" content=\"summary_large_image\" \/>\n<meta name=\"twitter:creator\" content=\"@abd_ong\" \/>\n<meta name=\"twitter:site\" content=\"@abd_ong\" \/>\n<meta name=\"twitter:label1\" content=\"Escrit per\" \/>\n\t<meta name=\"twitter:data1\" content=\"Enric Guinart\" \/>\n\t<meta name=\"twitter:label2\" content=\"Temps estimat de lectura\" \/>\n\t<meta name=\"twitter:data2\" content=\"6 minuts\" \/>\n<script type=\"application\/ld+json\" class=\"yoast-schema-graph\">{\"@context\":\"https:\\\/\\\/schema.org\",\"@graph\":[{\"@type\":\"Article\",\"@id\":\"https:\\\/\\\/abd.ong\\\/ca\\\/desigualtat\\\/barcelona-aprova-la-reprogramacio-de-lestrategia-dinclusio-i-reduccio-de-les-desigualtats\\\/#article\",\"isPartOf\":{\"@id\":\"https:\\\/\\\/abd.ong\\\/ca\\\/desigualtat\\\/barcelona-aprova-la-reprogramacio-de-lestrategia-dinclusio-i-reduccio-de-les-desigualtats\\\/\"},\"author\":{\"name\":\"Enric Guinart\",\"@id\":\"https:\\\/\\\/abd.ong\\\/ca\\\/#\\\/schema\\\/person\\\/d0f5fe279a7ad908de6a6d1332bfd7d8\"},\"headline\":\"Barcelona aprova la reprogramaci\u00f3 de l\u2019Estrat\u00e8gia d\u2019inclusi\u00f3 i reducci\u00f3 de les desigualtats\",\"datePublished\":\"2020-11-23T13:30:17+00:00\",\"dateModified\":\"2020-11-23T13:30:21+00:00\",\"mainEntityOfPage\":{\"@id\":\"https:\\\/\\\/abd.ong\\\/ca\\\/desigualtat\\\/barcelona-aprova-la-reprogramacio-de-lestrategia-dinclusio-i-reduccio-de-les-desigualtats\\\/\"},\"wordCount\":1172,\"publisher\":{\"@id\":\"https:\\\/\\\/abd.ong\\\/ca\\\/#organization\"},\"image\":{\"@id\":\"https:\\\/\\\/abd.ong\\\/ca\\\/desigualtat\\\/barcelona-aprova-la-reprogramacio-de-lestrategia-dinclusio-i-reduccio-de-les-desigualtats\\\/#primaryimage\"},\"thumbnailUrl\":\"https:\\\/\\\/abd.ong\\\/wp-content\\\/uploads\\\/2020\\\/11\\\/Acord-Ciutad\u00e0.jpg\",\"keywords\":[\"Acord Ciutad\u00e0\",\"Ajuntament de Barcelona\",\"Assemblea Anual de l'Acord Ciutad\u00e0\",\"desigualtats socials\",\"inclusi\u00f3 social\",\"reducci\u00f3 de desigualtats a Barcelona\"],\"articleSection\":[\"Desigualtat\",\"General\"],\"inLanguage\":\"ca\"},{\"@type\":\"WebPage\",\"@id\":\"https:\\\/\\\/abd.ong\\\/ca\\\/desigualtat\\\/barcelona-aprova-la-reprogramacio-de-lestrategia-dinclusio-i-reduccio-de-les-desigualtats\\\/\",\"url\":\"https:\\\/\\\/abd.ong\\\/ca\\\/desigualtat\\\/barcelona-aprova-la-reprogramacio-de-lestrategia-dinclusio-i-reduccio-de-les-desigualtats\\\/\",\"name\":\"Barcelona aprova la reprogramaci\u00f3 de l\u2019Estrat\u00e8gia d\u2019inclusi\u00f3 i reducci\u00f3 de les desigualtats - ABD\",\"isPartOf\":{\"@id\":\"https:\\\/\\\/abd.ong\\\/ca\\\/#website\"},\"primaryImageOfPage\":{\"@id\":\"https:\\\/\\\/abd.ong\\\/ca\\\/desigualtat\\\/barcelona-aprova-la-reprogramacio-de-lestrategia-dinclusio-i-reduccio-de-les-desigualtats\\\/#primaryimage\"},\"image\":{\"@id\":\"https:\\\/\\\/abd.ong\\\/ca\\\/desigualtat\\\/barcelona-aprova-la-reprogramacio-de-lestrategia-dinclusio-i-reduccio-de-les-desigualtats\\\/#primaryimage\"},\"thumbnailUrl\":\"https:\\\/\\\/abd.ong\\\/wp-content\\\/uploads\\\/2020\\\/11\\\/Acord-Ciutad\u00e0.jpg\",\"datePublished\":\"2020-11-23T13:30:17+00:00\",\"dateModified\":\"2020-11-23T13:30:21+00:00\",\"description\":\"Ajuntament, grups municipals i 700 entitats socials aproven 32 objectius concrets per assolir abans del 2030 Tamb\u00e9 s\u2019ha aprovat un nou pla d\u2019accions fins\",\"breadcrumb\":{\"@id\":\"https:\\\/\\\/abd.ong\\\/ca\\\/desigualtat\\\/barcelona-aprova-la-reprogramacio-de-lestrategia-dinclusio-i-reduccio-de-les-desigualtats\\\/#breadcrumb\"},\"inLanguage\":\"ca\",\"potentialAction\":[{\"@type\":\"ReadAction\",\"target\":[\"https:\\\/\\\/abd.ong\\\/ca\\\/desigualtat\\\/barcelona-aprova-la-reprogramacio-de-lestrategia-dinclusio-i-reduccio-de-les-desigualtats\\\/\"]}]},{\"@type\":\"ImageObject\",\"inLanguage\":\"ca\",\"@id\":\"https:\\\/\\\/abd.ong\\\/ca\\\/desigualtat\\\/barcelona-aprova-la-reprogramacio-de-lestrategia-dinclusio-i-reduccio-de-les-desigualtats\\\/#primaryimage\",\"url\":\"https:\\\/\\\/abd.ong\\\/wp-content\\\/uploads\\\/2020\\\/11\\\/Acord-Ciutad\u00e0.jpg\",\"contentUrl\":\"https:\\\/\\\/abd.ong\\\/wp-content\\\/uploads\\\/2020\\\/11\\\/Acord-Ciutad\u00e0.jpg\",\"width\":1024,\"height\":512},{\"@type\":\"BreadcrumbList\",\"@id\":\"https:\\\/\\\/abd.ong\\\/ca\\\/desigualtat\\\/barcelona-aprova-la-reprogramacio-de-lestrategia-dinclusio-i-reduccio-de-les-desigualtats\\\/#breadcrumb\",\"itemListElement\":[{\"@type\":\"ListItem\",\"position\":1,\"name\":\"Inici\",\"item\":\"https:\\\/\\\/abd.ong\\\/ca\\\/\"},{\"@type\":\"ListItem\",\"position\":2,\"name\":\"Barcelona aprova la reprogramaci\u00f3 de l\u2019Estrat\u00e8gia d\u2019inclusi\u00f3 i reducci\u00f3 de les desigualtats\"}]},{\"@type\":\"WebSite\",\"@id\":\"https:\\\/\\\/abd.ong\\\/ca\\\/#website\",\"url\":\"https:\\\/\\\/abd.ong\\\/ca\\\/\",\"name\":\"ABD\",\"description\":\"Asociaci\u00f3n Bienestar y Desarrollo\",\"publisher\":{\"@id\":\"https:\\\/\\\/abd.ong\\\/ca\\\/#organization\"},\"potentialAction\":[{\"@type\":\"SearchAction\",\"target\":{\"@type\":\"EntryPoint\",\"urlTemplate\":\"https:\\\/\\\/abd.ong\\\/ca\\\/?s={search_term_string}\"},\"query-input\":{\"@type\":\"PropertyValueSpecification\",\"valueRequired\":true,\"valueName\":\"search_term_string\"}}],\"inLanguage\":\"ca\"},{\"@type\":\"Organization\",\"@id\":\"https:\\\/\\\/abd.ong\\\/ca\\\/#organization\",\"name\":\"Associaci\u00f3 Benestar i Desenvolupament\",\"alternateName\":\"ABD\",\"url\":\"https:\\\/\\\/abd.ong\\\/ca\\\/\",\"logo\":{\"@type\":\"ImageObject\",\"inLanguage\":\"ca\",\"@id\":\"https:\\\/\\\/abd.ong\\\/ca\\\/#\\\/schema\\\/logo\\\/image\\\/\",\"url\":\"https:\\\/\\\/abd.ong\\\/wp-content\\\/uploads\\\/2023\\\/01\\\/Icona.png\",\"contentUrl\":\"https:\\\/\\\/abd.ong\\\/wp-content\\\/uploads\\\/2023\\\/01\\\/Icona.png\",\"width\":190,\"height\":187,\"caption\":\"Associaci\u00f3 Benestar i Desenvolupament\"},\"image\":{\"@id\":\"https:\\\/\\\/abd.ong\\\/ca\\\/#\\\/schema\\\/logo\\\/image\\\/\"},\"sameAs\":[\"https:\\\/\\\/www.facebook.com\\\/abd.ong\",\"https:\\\/\\\/x.com\\\/abd_ong\",\"https:\\\/\\\/www.instagram.com\\\/abd_ong\\\/\",\"https:\\\/\\\/www.linkedin.com\\\/company\\\/abdong\",\"https:\\\/\\\/www.youtube.com\\\/user\\\/CANALABD\"]},{\"@type\":\"Person\",\"@id\":\"https:\\\/\\\/abd.ong\\\/ca\\\/#\\\/schema\\\/person\\\/d0f5fe279a7ad908de6a6d1332bfd7d8\",\"name\":\"Enric Guinart\"}]}<\/script>\n<!-- \/ Yoast SEO plugin. -->","yoast_head_json":{"title":"Barcelona aprova la reprogramaci\u00f3 de l\u2019Estrat\u00e8gia d\u2019inclusi\u00f3 i reducci\u00f3 de les desigualtats - ABD","description":"Ajuntament, grups municipals i 700 entitats socials aproven 32 objectius concrets per assolir abans del 2030 Tamb\u00e9 s\u2019ha aprovat un nou pla d\u2019accions fins","robots":{"index":"index","follow":"follow","max-snippet":"max-snippet:-1","max-image-preview":"max-image-preview:large","max-video-preview":"max-video-preview:-1"},"canonical":"https:\/\/abd.ong\/ca\/desigualtat\/barcelona-aprova-la-reprogramacio-de-lestrategia-dinclusio-i-reduccio-de-les-desigualtats\/","og_locale":"ca_ES","og_type":"article","og_title":"Barcelona aprova la reprogramaci\u00f3 de l\u2019Estrat\u00e8gia d\u2019inclusi\u00f3 i reducci\u00f3 de les desigualtats - ABD","og_description":"Ajuntament, grups municipals i 700 entitats socials aproven 32 objectius concrets per assolir abans del 2030 Tamb\u00e9 s\u2019ha aprovat un nou pla d\u2019accions fins","og_url":"https:\/\/abd.ong\/ca\/desigualtat\/barcelona-aprova-la-reprogramacio-de-lestrategia-dinclusio-i-reduccio-de-les-desigualtats\/","og_site_name":"ABD","article_publisher":"https:\/\/www.facebook.com\/abd.ong","article_published_time":"2020-11-23T13:30:17+00:00","article_modified_time":"2020-11-23T13:30:21+00:00","og_image":[{"width":1024,"height":512,"url":"https:\/\/abd.ong\/wp-content\/uploads\/2020\/11\/Acord-Ciutad\u00e0.jpg","type":"image\/jpeg"}],"author":"Enric Guinart","twitter_card":"summary_large_image","twitter_creator":"@abd_ong","twitter_site":"@abd_ong","twitter_misc":{"Escrit per":"Enric Guinart","Temps estimat de lectura":"6 minuts"},"schema":{"@context":"https:\/\/schema.org","@graph":[{"@type":"Article","@id":"https:\/\/abd.ong\/ca\/desigualtat\/barcelona-aprova-la-reprogramacio-de-lestrategia-dinclusio-i-reduccio-de-les-desigualtats\/#article","isPartOf":{"@id":"https:\/\/abd.ong\/ca\/desigualtat\/barcelona-aprova-la-reprogramacio-de-lestrategia-dinclusio-i-reduccio-de-les-desigualtats\/"},"author":{"name":"Enric Guinart","@id":"https:\/\/abd.ong\/ca\/#\/schema\/person\/d0f5fe279a7ad908de6a6d1332bfd7d8"},"headline":"Barcelona aprova la reprogramaci\u00f3 de l\u2019Estrat\u00e8gia d\u2019inclusi\u00f3 i reducci\u00f3 de les desigualtats","datePublished":"2020-11-23T13:30:17+00:00","dateModified":"2020-11-23T13:30:21+00:00","mainEntityOfPage":{"@id":"https:\/\/abd.ong\/ca\/desigualtat\/barcelona-aprova-la-reprogramacio-de-lestrategia-dinclusio-i-reduccio-de-les-desigualtats\/"},"wordCount":1172,"publisher":{"@id":"https:\/\/abd.ong\/ca\/#organization"},"image":{"@id":"https:\/\/abd.ong\/ca\/desigualtat\/barcelona-aprova-la-reprogramacio-de-lestrategia-dinclusio-i-reduccio-de-les-desigualtats\/#primaryimage"},"thumbnailUrl":"https:\/\/abd.ong\/wp-content\/uploads\/2020\/11\/Acord-Ciutad\u00e0.jpg","keywords":["Acord Ciutad\u00e0","Ajuntament de Barcelona","Assemblea Anual de l'Acord Ciutad\u00e0","desigualtats socials","inclusi\u00f3 social","reducci\u00f3 de desigualtats a Barcelona"],"articleSection":["Desigualtat","General"],"inLanguage":"ca"},{"@type":"WebPage","@id":"https:\/\/abd.ong\/ca\/desigualtat\/barcelona-aprova-la-reprogramacio-de-lestrategia-dinclusio-i-reduccio-de-les-desigualtats\/","url":"https:\/\/abd.ong\/ca\/desigualtat\/barcelona-aprova-la-reprogramacio-de-lestrategia-dinclusio-i-reduccio-de-les-desigualtats\/","name":"Barcelona aprova la reprogramaci\u00f3 de l\u2019Estrat\u00e8gia d\u2019inclusi\u00f3 i reducci\u00f3 de les desigualtats - ABD","isPartOf":{"@id":"https:\/\/abd.ong\/ca\/#website"},"primaryImageOfPage":{"@id":"https:\/\/abd.ong\/ca\/desigualtat\/barcelona-aprova-la-reprogramacio-de-lestrategia-dinclusio-i-reduccio-de-les-desigualtats\/#primaryimage"},"image":{"@id":"https:\/\/abd.ong\/ca\/desigualtat\/barcelona-aprova-la-reprogramacio-de-lestrategia-dinclusio-i-reduccio-de-les-desigualtats\/#primaryimage"},"thumbnailUrl":"https:\/\/abd.ong\/wp-content\/uploads\/2020\/11\/Acord-Ciutad\u00e0.jpg","datePublished":"2020-11-23T13:30:17+00:00","dateModified":"2020-11-23T13:30:21+00:00","description":"Ajuntament, grups municipals i 700 entitats socials aproven 32 objectius concrets per assolir abans del 2030 Tamb\u00e9 s\u2019ha aprovat un nou pla d\u2019accions fins","breadcrumb":{"@id":"https:\/\/abd.ong\/ca\/desigualtat\/barcelona-aprova-la-reprogramacio-de-lestrategia-dinclusio-i-reduccio-de-les-desigualtats\/#breadcrumb"},"inLanguage":"ca","potentialAction":[{"@type":"ReadAction","target":["https:\/\/abd.ong\/ca\/desigualtat\/barcelona-aprova-la-reprogramacio-de-lestrategia-dinclusio-i-reduccio-de-les-desigualtats\/"]}]},{"@type":"ImageObject","inLanguage":"ca","@id":"https:\/\/abd.ong\/ca\/desigualtat\/barcelona-aprova-la-reprogramacio-de-lestrategia-dinclusio-i-reduccio-de-les-desigualtats\/#primaryimage","url":"https:\/\/abd.ong\/wp-content\/uploads\/2020\/11\/Acord-Ciutad\u00e0.jpg","contentUrl":"https:\/\/abd.ong\/wp-content\/uploads\/2020\/11\/Acord-Ciutad\u00e0.jpg","width":1024,"height":512},{"@type":"BreadcrumbList","@id":"https:\/\/abd.ong\/ca\/desigualtat\/barcelona-aprova-la-reprogramacio-de-lestrategia-dinclusio-i-reduccio-de-les-desigualtats\/#breadcrumb","itemListElement":[{"@type":"ListItem","position":1,"name":"Inici","item":"https:\/\/abd.ong\/ca\/"},{"@type":"ListItem","position":2,"name":"Barcelona aprova la reprogramaci\u00f3 de l\u2019Estrat\u00e8gia d\u2019inclusi\u00f3 i reducci\u00f3 de les desigualtats"}]},{"@type":"WebSite","@id":"https:\/\/abd.ong\/ca\/#website","url":"https:\/\/abd.ong\/ca\/","name":"ABD","description":"Asociaci\u00f3n Bienestar y Desarrollo","publisher":{"@id":"https:\/\/abd.ong\/ca\/#organization"},"potentialAction":[{"@type":"SearchAction","target":{"@type":"EntryPoint","urlTemplate":"https:\/\/abd.ong\/ca\/?s={search_term_string}"},"query-input":{"@type":"PropertyValueSpecification","valueRequired":true,"valueName":"search_term_string"}}],"inLanguage":"ca"},{"@type":"Organization","@id":"https:\/\/abd.ong\/ca\/#organization","name":"Associaci\u00f3 Benestar i Desenvolupament","alternateName":"ABD","url":"https:\/\/abd.ong\/ca\/","logo":{"@type":"ImageObject","inLanguage":"ca","@id":"https:\/\/abd.ong\/ca\/#\/schema\/logo\/image\/","url":"https:\/\/abd.ong\/wp-content\/uploads\/2023\/01\/Icona.png","contentUrl":"https:\/\/abd.ong\/wp-content\/uploads\/2023\/01\/Icona.png","width":190,"height":187,"caption":"Associaci\u00f3 Benestar i Desenvolupament"},"image":{"@id":"https:\/\/abd.ong\/ca\/#\/schema\/logo\/image\/"},"sameAs":["https:\/\/www.facebook.com\/abd.ong","https:\/\/x.com\/abd_ong","https:\/\/www.instagram.com\/abd_ong\/","https:\/\/www.linkedin.com\/company\/abdong","https:\/\/www.youtube.com\/user\/CANALABD"]},{"@type":"Person","@id":"https:\/\/abd.ong\/ca\/#\/schema\/person\/d0f5fe279a7ad908de6a6d1332bfd7d8","name":"Enric Guinart"}]}},"_links":{"self":[{"href":"https:\/\/abd.ong\/ca\/wp-json\/wp\/v2\/posts\/18085","targetHints":{"allow":["GET"]}}],"collection":[{"href":"https:\/\/abd.ong\/ca\/wp-json\/wp\/v2\/posts"}],"about":[{"href":"https:\/\/abd.ong\/ca\/wp-json\/wp\/v2\/types\/post"}],"author":[{"embeddable":true,"href":"https:\/\/abd.ong\/ca\/wp-json\/wp\/v2\/users\/2"}],"replies":[{"embeddable":true,"href":"https:\/\/abd.ong\/ca\/wp-json\/wp\/v2\/comments?post=18085"}],"version-history":[{"count":3,"href":"https:\/\/abd.ong\/ca\/wp-json\/wp\/v2\/posts\/18085\/revisions"}],"predecessor-version":[{"id":18095,"href":"https:\/\/abd.ong\/ca\/wp-json\/wp\/v2\/posts\/18085\/revisions\/18095"}],"wp:featuredmedia":[{"embeddable":true,"href":"https:\/\/abd.ong\/ca\/wp-json\/wp\/v2\/media\/18087"}],"wp:attachment":[{"href":"https:\/\/abd.ong\/ca\/wp-json\/wp\/v2\/media?parent=18085"}],"wp:term":[{"taxonomy":"category","embeddable":true,"href":"https:\/\/abd.ong\/ca\/wp-json\/wp\/v2\/categories?post=18085"},{"taxonomy":"post_tag","embeddable":true,"href":"https:\/\/abd.ong\/ca\/wp-json\/wp\/v2\/tags?post=18085"}],"curies":[{"name":"wp","href":"https:\/\/api.w.org\/{rel}","templated":true}]}}