{"id":18023,"date":"2020-11-17T11:41:27","date_gmt":"2020-11-17T10:41:27","guid":{"rendered":"https:\/\/abd.ong\/?p=18023"},"modified":"2020-11-17T12:08:05","modified_gmt":"2020-11-17T11:08:05","slug":"abd-sadhereix-a-la-xarxa-barcelona-sostenible","status":"publish","type":"post","link":"https:\/\/abd.ong\/ca\/sostenibilitat\/abd-sadhereix-a-la-xarxa-barcelona-sostenible\/","title":{"rendered":"ABD s\u2019adhereix a la xarxa Barcelona + Sostenible"},"content":{"rendered":"\n<h3 class=\"wp-block-heading\">Hi formen part m\u00e9s de 1.000 organitzacions compromeses amb la sostenibilitat ambiental, social i econ\u00f2mica que construeixen col\u00b7lectivament una ciutat responsable amb les persones i l\u2019entorn<\/h3>\n\n\n\n<div style=\"height:25px\" aria-hidden=\"true\" class=\"wp-block-spacer\"><\/div>\n\n\n\n<p>L\u2019<a href=\"https:\/\/abd.ong\/ca\/\" target=\"_blank\" rel=\"noreferrer noopener\">Associaci\u00f3 Benestar i Desenvolupament ABD<\/a> continua teixint xarxa amb entitats i plataformes de l\u2019administraci\u00f3 i el Tercer Sector. L\u2019\u00faltim pas ha estat l\u2019adhesi\u00f3 a <a href=\"https:\/\/www.barcelona.cat\/barcelonasostenible\/ca\" target=\"_blank\" rel=\"noreferrer noopener\">Barcelona + Sostenible<\/a>, la xarxa de m\u00e9s de 1.000 organitzacions compromeses amb la sostenibilitat ambiental, social i econ\u00f2mica que construeixen col\u00b7lectivament una ciutat responsable amb les persones i l\u2019entorn.<\/p>\n\n\n\n<p>La xarxa est\u00e0 formada per entitats ciutadanes, organitzacions empresarials i comercials, centres educatius, universitats, col\u00b7legis professionals, sindicats i administracions. Cada organitzaci\u00f3 s\u2019adhereix a la xarxa Barcelona + Sostenible amb la signatura del <a href=\"https:\/\/www.barcelona.cat\/barcelonasostenible\/sites\/default\/files\/pagines\/document\/7\/compromis_22_redicio.pdf\" target=\"_blank\" rel=\"noreferrer noopener\">Comprom\u00eds Ciutad\u00e0 per la Sostenibilitat 2012-2022<\/a> i contribueix a la transformaci\u00f3 de la ciutat amb les seves accions. Els membres de B+S impulsen mesures de sostenibilitat dins les seves organitzacions, comparteixen bones pr\u00e0ctiques i desenvolupen projectes amb els altres integrants de la xarxa.<\/p>\n\n\n\n<div style=\"height:25px\" aria-hidden=\"true\" class=\"wp-block-spacer\"><\/div>\n\n\n\n<h4 class=\"wp-block-heading\">Promoci\u00f3 de la cultura de la sostenibilitat<\/h4>\n\n\n\n<div style=\"height:25px\" aria-hidden=\"true\" class=\"wp-block-spacer\"><\/div>\n\n\n\n<p>Des d\u2019ABD compartim el comprom\u00eds de la xarxa Barcelona + Sostenible per a la promoci\u00f3 de la cultura de la sostenibilitat, una cultura en construcci\u00f3 que suposa repensar com organitzem la nostra societat i les nostres vides, de manera que trobem solucions que augmentin la nostra qualitat de vida i que minimitzin els impactes que degraden el medi i els recursos.<\/p>\n\n\n\n<p><a href=\"https:\/\/abd.ong\/ca\/abd\/\" target=\"_blank\" rel=\"noreferrer noopener\">ABD teixeix xarxa amb m\u00e9s de 100 entitats i plataformes <\/a>de l&#8217;administraci\u00f3 i el Tercer Sector<\/p>\n","protected":false},"excerpt":{"rendered":"<p>Hi formen part m\u00e9s de 1.000 organitzacions compromeses amb la sostenibilitat ambiental, social i econ\u00f2mica que construeixen col\u00b7lectivament una ciutat responsable amb les persones i l\u2019entorn L\u2019Associaci\u00f3 Benestar i Desenvolupament&hellip;<\/p>\n","protected":false},"author":2,"featured_media":18027,"comment_status":"closed","ping_status":"closed","sticky":false,"template":"","format":"standard","meta":{"_acf_changed":false,"footnotes":""},"categories":[66,2097],"tags":[2104,2109,2105,2106,2108,2107],"class_list":["post-18023","post","type-post","status-publish","format-standard","has-post-thumbnail","hentry","category-general-ca","category-sostenibilitat","tag-barcelona-sostenible-2","tag-cultura-de-la-sostenibilitat","tag-sostenibilitat","tag-sostenibilitat-ambiental","tag-sostenibilitat-economica","tag-sostenibilitat-social"],"acf":[],"yoast_head":"<!-- This site is optimized with the Yoast SEO plugin v27.4 - https:\/\/yoast.com\/product\/yoast-seo-wordpress\/ -->\n<title>ABD s\u2019adhereix a la xarxa Barcelona + Sostenible - ABD<\/title>\n<meta name=\"description\" content=\"Hi formen part m\u00e9s de 1.000 organitzacions compromeses amb la sostenibilitat ambiental, social i econ\u00f2mica que construeixen col\u00b7lectivament una ciutat\" \/>\n<meta name=\"robots\" content=\"index, follow, max-snippet:-1, max-image-preview:large, max-video-preview:-1\" \/>\n<link rel=\"canonical\" href=\"https:\/\/abd.ong\/ca\/sostenibilitat\/abd-sadhereix-a-la-xarxa-barcelona-sostenible\/\" \/>\n<meta property=\"og:locale\" content=\"ca_ES\" \/>\n<meta property=\"og:type\" content=\"article\" \/>\n<meta property=\"og:title\" content=\"ABD s\u2019adhereix a la xarxa Barcelona + Sostenible - ABD\" \/>\n<meta property=\"og:description\" content=\"Hi formen part m\u00e9s de 1.000 organitzacions compromeses amb la sostenibilitat ambiental, social i econ\u00f2mica que construeixen col\u00b7lectivament una ciutat\" \/>\n<meta property=\"og:url\" content=\"https:\/\/abd.ong\/ca\/sostenibilitat\/abd-sadhereix-a-la-xarxa-barcelona-sostenible\/\" \/>\n<meta property=\"og:site_name\" content=\"ABD\" \/>\n<meta property=\"article:publisher\" content=\"https:\/\/www.facebook.com\/abd.ong\" \/>\n<meta property=\"article:published_time\" content=\"2020-11-17T10:41:27+00:00\" \/>\n<meta property=\"article:modified_time\" content=\"2020-11-17T11:08:05+00:00\" \/>\n<meta property=\"og:image\" content=\"https:\/\/abd.ong\/wp-content\/uploads\/2020\/11\/contenido-listado_sostenible-ok.jpg\" \/>\n\t<meta property=\"og:image:width\" content=\"900\" \/>\n\t<meta property=\"og:image:height\" content=\"400\" \/>\n\t<meta property=\"og:image:type\" content=\"image\/jpeg\" \/>\n<meta name=\"author\" content=\"Enric Guinart\" \/>\n<meta name=\"twitter:card\" content=\"summary_large_image\" \/>\n<meta name=\"twitter:creator\" content=\"@abd_ong\" \/>\n<meta name=\"twitter:site\" content=\"@abd_ong\" \/>\n<meta name=\"twitter:label1\" content=\"Escrit per\" \/>\n\t<meta name=\"twitter:data1\" content=\"Enric Guinart\" \/>\n\t<meta name=\"twitter:label2\" content=\"Temps estimat de lectura\" \/>\n\t<meta name=\"twitter:data2\" content=\"1 minut\" \/>\n<script type=\"application\/ld+json\" class=\"yoast-schema-graph\">{\"@context\":\"https:\\\/\\\/schema.org\",\"@graph\":[{\"@type\":\"Article\",\"@id\":\"https:\\\/\\\/abd.ong\\\/ca\\\/sostenibilitat\\\/abd-sadhereix-a-la-xarxa-barcelona-sostenible\\\/#article\",\"isPartOf\":{\"@id\":\"https:\\\/\\\/abd.ong\\\/ca\\\/sostenibilitat\\\/abd-sadhereix-a-la-xarxa-barcelona-sostenible\\\/\"},\"author\":{\"name\":\"Enric Guinart\",\"@id\":\"https:\\\/\\\/abd.ong\\\/ca\\\/#\\\/schema\\\/person\\\/d0f5fe279a7ad908de6a6d1332bfd7d8\"},\"headline\":\"ABD s\u2019adhereix a la xarxa Barcelona + Sostenible\",\"datePublished\":\"2020-11-17T10:41:27+00:00\",\"dateModified\":\"2020-11-17T11:08:05+00:00\",\"mainEntityOfPage\":{\"@id\":\"https:\\\/\\\/abd.ong\\\/ca\\\/sostenibilitat\\\/abd-sadhereix-a-la-xarxa-barcelona-sostenible\\\/\"},\"wordCount\":261,\"publisher\":{\"@id\":\"https:\\\/\\\/abd.ong\\\/ca\\\/#organization\"},\"image\":{\"@id\":\"https:\\\/\\\/abd.ong\\\/ca\\\/sostenibilitat\\\/abd-sadhereix-a-la-xarxa-barcelona-sostenible\\\/#primaryimage\"},\"thumbnailUrl\":\"https:\\\/\\\/abd.ong\\\/wp-content\\\/uploads\\\/2020\\\/11\\\/contenido-listado_sostenible-ok.jpg\",\"keywords\":[\"Barcelona + sostenible\",\"cultura de la sostenibilitat\",\"sostenibilitat\",\"sostenibilitat ambiental\",\"sostenibilitat econ\u00f2mica\",\"sostenibilitat social\"],\"articleSection\":[\"General\",\"Sostenibilitat\"],\"inLanguage\":\"ca\"},{\"@type\":\"WebPage\",\"@id\":\"https:\\\/\\\/abd.ong\\\/ca\\\/sostenibilitat\\\/abd-sadhereix-a-la-xarxa-barcelona-sostenible\\\/\",\"url\":\"https:\\\/\\\/abd.ong\\\/ca\\\/sostenibilitat\\\/abd-sadhereix-a-la-xarxa-barcelona-sostenible\\\/\",\"name\":\"ABD s\u2019adhereix a la xarxa Barcelona + Sostenible - ABD\",\"isPartOf\":{\"@id\":\"https:\\\/\\\/abd.ong\\\/ca\\\/#website\"},\"primaryImageOfPage\":{\"@id\":\"https:\\\/\\\/abd.ong\\\/ca\\\/sostenibilitat\\\/abd-sadhereix-a-la-xarxa-barcelona-sostenible\\\/#primaryimage\"},\"image\":{\"@id\":\"https:\\\/\\\/abd.ong\\\/ca\\\/sostenibilitat\\\/abd-sadhereix-a-la-xarxa-barcelona-sostenible\\\/#primaryimage\"},\"thumbnailUrl\":\"https:\\\/\\\/abd.ong\\\/wp-content\\\/uploads\\\/2020\\\/11\\\/contenido-listado_sostenible-ok.jpg\",\"datePublished\":\"2020-11-17T10:41:27+00:00\",\"dateModified\":\"2020-11-17T11:08:05+00:00\",\"description\":\"Hi formen part m\u00e9s de 1.000 organitzacions compromeses amb la sostenibilitat ambiental, social i econ\u00f2mica que construeixen col\u00b7lectivament una ciutat\",\"breadcrumb\":{\"@id\":\"https:\\\/\\\/abd.ong\\\/ca\\\/sostenibilitat\\\/abd-sadhereix-a-la-xarxa-barcelona-sostenible\\\/#breadcrumb\"},\"inLanguage\":\"ca\",\"potentialAction\":[{\"@type\":\"ReadAction\",\"target\":[\"https:\\\/\\\/abd.ong\\\/ca\\\/sostenibilitat\\\/abd-sadhereix-a-la-xarxa-barcelona-sostenible\\\/\"]}]},{\"@type\":\"ImageObject\",\"inLanguage\":\"ca\",\"@id\":\"https:\\\/\\\/abd.ong\\\/ca\\\/sostenibilitat\\\/abd-sadhereix-a-la-xarxa-barcelona-sostenible\\\/#primaryimage\",\"url\":\"https:\\\/\\\/abd.ong\\\/wp-content\\\/uploads\\\/2020\\\/11\\\/contenido-listado_sostenible-ok.jpg\",\"contentUrl\":\"https:\\\/\\\/abd.ong\\\/wp-content\\\/uploads\\\/2020\\\/11\\\/contenido-listado_sostenible-ok.jpg\",\"width\":900,\"height\":400},{\"@type\":\"BreadcrumbList\",\"@id\":\"https:\\\/\\\/abd.ong\\\/ca\\\/sostenibilitat\\\/abd-sadhereix-a-la-xarxa-barcelona-sostenible\\\/#breadcrumb\",\"itemListElement\":[{\"@type\":\"ListItem\",\"position\":1,\"name\":\"Inici\",\"item\":\"https:\\\/\\\/abd.ong\\\/ca\\\/\"},{\"@type\":\"ListItem\",\"position\":2,\"name\":\"ABD s\u2019adhereix a la xarxa Barcelona + Sostenible\"}]},{\"@type\":\"WebSite\",\"@id\":\"https:\\\/\\\/abd.ong\\\/ca\\\/#website\",\"url\":\"https:\\\/\\\/abd.ong\\\/ca\\\/\",\"name\":\"ABD\",\"description\":\"Asociaci\u00f3n Bienestar y Desarrollo\",\"publisher\":{\"@id\":\"https:\\\/\\\/abd.ong\\\/ca\\\/#organization\"},\"potentialAction\":[{\"@type\":\"SearchAction\",\"target\":{\"@type\":\"EntryPoint\",\"urlTemplate\":\"https:\\\/\\\/abd.ong\\\/ca\\\/?s={search_term_string}\"},\"query-input\":{\"@type\":\"PropertyValueSpecification\",\"valueRequired\":true,\"valueName\":\"search_term_string\"}}],\"inLanguage\":\"ca\"},{\"@type\":\"Organization\",\"@id\":\"https:\\\/\\\/abd.ong\\\/ca\\\/#organization\",\"name\":\"Associaci\u00f3 Benestar i Desenvolupament\",\"alternateName\":\"ABD\",\"url\":\"https:\\\/\\\/abd.ong\\\/ca\\\/\",\"logo\":{\"@type\":\"ImageObject\",\"inLanguage\":\"ca\",\"@id\":\"https:\\\/\\\/abd.ong\\\/ca\\\/#\\\/schema\\\/logo\\\/image\\\/\",\"url\":\"https:\\\/\\\/abd.ong\\\/wp-content\\\/uploads\\\/2023\\\/01\\\/Icona.png\",\"contentUrl\":\"https:\\\/\\\/abd.ong\\\/wp-content\\\/uploads\\\/2023\\\/01\\\/Icona.png\",\"width\":190,\"height\":187,\"caption\":\"Associaci\u00f3 Benestar i Desenvolupament\"},\"image\":{\"@id\":\"https:\\\/\\\/abd.ong\\\/ca\\\/#\\\/schema\\\/logo\\\/image\\\/\"},\"sameAs\":[\"https:\\\/\\\/www.facebook.com\\\/abd.ong\",\"https:\\\/\\\/x.com\\\/abd_ong\",\"https:\\\/\\\/www.instagram.com\\\/abd_ong\\\/\",\"https:\\\/\\\/www.linkedin.com\\\/company\\\/abdong\",\"https:\\\/\\\/www.youtube.com\\\/user\\\/CANALABD\"]},{\"@type\":\"Person\",\"@id\":\"https:\\\/\\\/abd.ong\\\/ca\\\/#\\\/schema\\\/person\\\/d0f5fe279a7ad908de6a6d1332bfd7d8\",\"name\":\"Enric Guinart\"}]}<\/script>\n<!-- \/ Yoast SEO plugin. -->","yoast_head_json":{"title":"ABD s\u2019adhereix a la xarxa Barcelona + Sostenible - ABD","description":"Hi formen part m\u00e9s de 1.000 organitzacions compromeses amb la sostenibilitat ambiental, social i econ\u00f2mica que construeixen col\u00b7lectivament una ciutat","robots":{"index":"index","follow":"follow","max-snippet":"max-snippet:-1","max-image-preview":"max-image-preview:large","max-video-preview":"max-video-preview:-1"},"canonical":"https:\/\/abd.ong\/ca\/sostenibilitat\/abd-sadhereix-a-la-xarxa-barcelona-sostenible\/","og_locale":"ca_ES","og_type":"article","og_title":"ABD s\u2019adhereix a la xarxa Barcelona + Sostenible - ABD","og_description":"Hi formen part m\u00e9s de 1.000 organitzacions compromeses amb la sostenibilitat ambiental, social i econ\u00f2mica que construeixen col\u00b7lectivament una ciutat","og_url":"https:\/\/abd.ong\/ca\/sostenibilitat\/abd-sadhereix-a-la-xarxa-barcelona-sostenible\/","og_site_name":"ABD","article_publisher":"https:\/\/www.facebook.com\/abd.ong","article_published_time":"2020-11-17T10:41:27+00:00","article_modified_time":"2020-11-17T11:08:05+00:00","og_image":[{"width":900,"height":400,"url":"https:\/\/abd.ong\/wp-content\/uploads\/2020\/11\/contenido-listado_sostenible-ok.jpg","type":"image\/jpeg"}],"author":"Enric Guinart","twitter_card":"summary_large_image","twitter_creator":"@abd_ong","twitter_site":"@abd_ong","twitter_misc":{"Escrit per":"Enric Guinart","Temps estimat de lectura":"1 minut"},"schema":{"@context":"https:\/\/schema.org","@graph":[{"@type":"Article","@id":"https:\/\/abd.ong\/ca\/sostenibilitat\/abd-sadhereix-a-la-xarxa-barcelona-sostenible\/#article","isPartOf":{"@id":"https:\/\/abd.ong\/ca\/sostenibilitat\/abd-sadhereix-a-la-xarxa-barcelona-sostenible\/"},"author":{"name":"Enric Guinart","@id":"https:\/\/abd.ong\/ca\/#\/schema\/person\/d0f5fe279a7ad908de6a6d1332bfd7d8"},"headline":"ABD s\u2019adhereix a la xarxa Barcelona + Sostenible","datePublished":"2020-11-17T10:41:27+00:00","dateModified":"2020-11-17T11:08:05+00:00","mainEntityOfPage":{"@id":"https:\/\/abd.ong\/ca\/sostenibilitat\/abd-sadhereix-a-la-xarxa-barcelona-sostenible\/"},"wordCount":261,"publisher":{"@id":"https:\/\/abd.ong\/ca\/#organization"},"image":{"@id":"https:\/\/abd.ong\/ca\/sostenibilitat\/abd-sadhereix-a-la-xarxa-barcelona-sostenible\/#primaryimage"},"thumbnailUrl":"https:\/\/abd.ong\/wp-content\/uploads\/2020\/11\/contenido-listado_sostenible-ok.jpg","keywords":["Barcelona + sostenible","cultura de la sostenibilitat","sostenibilitat","sostenibilitat ambiental","sostenibilitat econ\u00f2mica","sostenibilitat social"],"articleSection":["General","Sostenibilitat"],"inLanguage":"ca"},{"@type":"WebPage","@id":"https:\/\/abd.ong\/ca\/sostenibilitat\/abd-sadhereix-a-la-xarxa-barcelona-sostenible\/","url":"https:\/\/abd.ong\/ca\/sostenibilitat\/abd-sadhereix-a-la-xarxa-barcelona-sostenible\/","name":"ABD s\u2019adhereix a la xarxa Barcelona + Sostenible - ABD","isPartOf":{"@id":"https:\/\/abd.ong\/ca\/#website"},"primaryImageOfPage":{"@id":"https:\/\/abd.ong\/ca\/sostenibilitat\/abd-sadhereix-a-la-xarxa-barcelona-sostenible\/#primaryimage"},"image":{"@id":"https:\/\/abd.ong\/ca\/sostenibilitat\/abd-sadhereix-a-la-xarxa-barcelona-sostenible\/#primaryimage"},"thumbnailUrl":"https:\/\/abd.ong\/wp-content\/uploads\/2020\/11\/contenido-listado_sostenible-ok.jpg","datePublished":"2020-11-17T10:41:27+00:00","dateModified":"2020-11-17T11:08:05+00:00","description":"Hi formen part m\u00e9s de 1.000 organitzacions compromeses amb la sostenibilitat ambiental, social i econ\u00f2mica que construeixen col\u00b7lectivament una ciutat","breadcrumb":{"@id":"https:\/\/abd.ong\/ca\/sostenibilitat\/abd-sadhereix-a-la-xarxa-barcelona-sostenible\/#breadcrumb"},"inLanguage":"ca","potentialAction":[{"@type":"ReadAction","target":["https:\/\/abd.ong\/ca\/sostenibilitat\/abd-sadhereix-a-la-xarxa-barcelona-sostenible\/"]}]},{"@type":"ImageObject","inLanguage":"ca","@id":"https:\/\/abd.ong\/ca\/sostenibilitat\/abd-sadhereix-a-la-xarxa-barcelona-sostenible\/#primaryimage","url":"https:\/\/abd.ong\/wp-content\/uploads\/2020\/11\/contenido-listado_sostenible-ok.jpg","contentUrl":"https:\/\/abd.ong\/wp-content\/uploads\/2020\/11\/contenido-listado_sostenible-ok.jpg","width":900,"height":400},{"@type":"BreadcrumbList","@id":"https:\/\/abd.ong\/ca\/sostenibilitat\/abd-sadhereix-a-la-xarxa-barcelona-sostenible\/#breadcrumb","itemListElement":[{"@type":"ListItem","position":1,"name":"Inici","item":"https:\/\/abd.ong\/ca\/"},{"@type":"ListItem","position":2,"name":"ABD s\u2019adhereix a la xarxa Barcelona + Sostenible"}]},{"@type":"WebSite","@id":"https:\/\/abd.ong\/ca\/#website","url":"https:\/\/abd.ong\/ca\/","name":"ABD","description":"Asociaci\u00f3n Bienestar y Desarrollo","publisher":{"@id":"https:\/\/abd.ong\/ca\/#organization"},"potentialAction":[{"@type":"SearchAction","target":{"@type":"EntryPoint","urlTemplate":"https:\/\/abd.ong\/ca\/?s={search_term_string}"},"query-input":{"@type":"PropertyValueSpecification","valueRequired":true,"valueName":"search_term_string"}}],"inLanguage":"ca"},{"@type":"Organization","@id":"https:\/\/abd.ong\/ca\/#organization","name":"Associaci\u00f3 Benestar i Desenvolupament","alternateName":"ABD","url":"https:\/\/abd.ong\/ca\/","logo":{"@type":"ImageObject","inLanguage":"ca","@id":"https:\/\/abd.ong\/ca\/#\/schema\/logo\/image\/","url":"https:\/\/abd.ong\/wp-content\/uploads\/2023\/01\/Icona.png","contentUrl":"https:\/\/abd.ong\/wp-content\/uploads\/2023\/01\/Icona.png","width":190,"height":187,"caption":"Associaci\u00f3 Benestar i Desenvolupament"},"image":{"@id":"https:\/\/abd.ong\/ca\/#\/schema\/logo\/image\/"},"sameAs":["https:\/\/www.facebook.com\/abd.ong","https:\/\/x.com\/abd_ong","https:\/\/www.instagram.com\/abd_ong\/","https:\/\/www.linkedin.com\/company\/abdong","https:\/\/www.youtube.com\/user\/CANALABD"]},{"@type":"Person","@id":"https:\/\/abd.ong\/ca\/#\/schema\/person\/d0f5fe279a7ad908de6a6d1332bfd7d8","name":"Enric Guinart"}]}},"_links":{"self":[{"href":"https:\/\/abd.ong\/ca\/wp-json\/wp\/v2\/posts\/18023","targetHints":{"allow":["GET"]}}],"collection":[{"href":"https:\/\/abd.ong\/ca\/wp-json\/wp\/v2\/posts"}],"about":[{"href":"https:\/\/abd.ong\/ca\/wp-json\/wp\/v2\/types\/post"}],"author":[{"embeddable":true,"href":"https:\/\/abd.ong\/ca\/wp-json\/wp\/v2\/users\/2"}],"replies":[{"embeddable":true,"href":"https:\/\/abd.ong\/ca\/wp-json\/wp\/v2\/comments?post=18023"}],"version-history":[{"count":1,"href":"https:\/\/abd.ong\/ca\/wp-json\/wp\/v2\/posts\/18023\/revisions"}],"predecessor-version":[{"id":18030,"href":"https:\/\/abd.ong\/ca\/wp-json\/wp\/v2\/posts\/18023\/revisions\/18030"}],"wp:featuredmedia":[{"embeddable":true,"href":"https:\/\/abd.ong\/ca\/wp-json\/wp\/v2\/media\/18027"}],"wp:attachment":[{"href":"https:\/\/abd.ong\/ca\/wp-json\/wp\/v2\/media?parent=18023"}],"wp:term":[{"taxonomy":"category","embeddable":true,"href":"https:\/\/abd.ong\/ca\/wp-json\/wp\/v2\/categories?post=18023"},{"taxonomy":"post_tag","embeddable":true,"href":"https:\/\/abd.ong\/ca\/wp-json\/wp\/v2\/tags?post=18023"}],"curies":[{"name":"wp","href":"https:\/\/api.w.org\/{rel}","templated":true}]}}