{"id":17997,"date":"2020-11-16T10:46:04","date_gmt":"2020-11-16T09:46:04","guid":{"rendered":"https:\/\/abd.ong\/?p=17997"},"modified":"2022-07-25T10:59:26","modified_gmt":"2022-07-25T08:59:26","slug":"abd-sadhereix-al-manifest-en-defensa-dun-habitatge-digne-que-acabi-amb-la-precarietat-juvenil","status":"publish","type":"post","link":"https:\/\/abd.ong\/ca\/joves\/abd-sadhereix-al-manifest-en-defensa-dun-habitatge-digne-que-acabi-amb-la-precarietat-juvenil\/","title":{"rendered":"ABD s\u2019adhereix al manifest en defensa d&#8217;un habitatge digne que acabi amb la precarietat juvenil"},"content":{"rendered":"\n<h3 class=\"wp-block-heading\">La campanya la impulsa el Consell Nacional de la Joventut de Catalunya CNJC conjuntament amb l\u2019Observatori DESC<\/h3>\n\n\n\n<div style=\"height:25px\" aria-hidden=\"true\" class=\"wp-block-spacer\"><\/div>\n\n\n\n<p>L\u2019<a href=\"https:\/\/abd.ong\/ca\/\" target=\"_blank\" rel=\"noreferrer noopener\">Associaci\u00f3 Benestar i Desenvolupament ABD<\/a> i la <a href=\"https:\/\/fundacion.abd-ong.org\/?lang=ca\" target=\"_blank\" rel=\"noreferrer noopener\">Fundaci\u00f3 Acci\u00f3, Benestar i Desenvolupament<\/a> ens hem adherit al manifest <a href=\"https:\/\/cnjc.cat\/ca\" target=\"_blank\" rel=\"noreferrer noopener\">\u2018Lluitem per un habitatge digne! Combatem la precarietat juvenil!\u2019 <\/a>que han impulsat des del Consell Nacional de la Joventut de Catalunya CNJC conjuntament amb l\u2019Observatori DESC.<\/p>\n\n\n\n<p>Les dades extretes de la radiografia que va elaborar el <a href=\"https:\/\/sindicatdellogateres.org\/\" target=\"_blank\" rel=\"noreferrer noopener\">Consell Nacional de Joventut de Catalunya juntament amb l&#8217;Observatori DESC <\/a>posen de manifest la situaci\u00f3 d&#8217;emerg\u00e8ncia habitacional que viuen les joves. <strong>La precarietat juvenil, l\u2019augment de preus de lloguer i la falta de pol\u00edtiques p\u00fabliques provoquen aquesta situaci\u00f3, que s&#8217;evidencia amb que el 56% de les joves pateixin desnonaments silenciosos<\/strong>.<\/p>\n\n\n\n<div style=\"height:25px\" aria-hidden=\"true\" class=\"wp-block-spacer\"><\/div>\n\n\n\n<figure class=\"wp-block-image size-large\"><img fetchpriority=\"high\" decoding=\"async\" width=\"1024\" height=\"477\" src=\"\/wp-content\/uploads\/2020\/11\/Captura-adhesi\u00f3-1024x477.jpg\" alt=\"\" class=\"wp-image-18001\" srcset=\"https:\/\/abd.ong\/wp-content\/uploads\/2020\/11\/Captura-adhesi\u00f3-1024x477.jpg 1024w, https:\/\/abd.ong\/wp-content\/uploads\/2020\/11\/Captura-adhesi\u00f3-300x140.jpg 300w, https:\/\/abd.ong\/wp-content\/uploads\/2020\/11\/Captura-adhesi\u00f3-768x358.jpg 768w, https:\/\/abd.ong\/wp-content\/uploads\/2020\/11\/Captura-adhesi\u00f3-1536x715.jpg 1536w, https:\/\/abd.ong\/wp-content\/uploads\/2020\/11\/Captura-adhesi\u00f3.jpg 1802w\" sizes=\"(max-width: 1024px) 100vw, 1024px\" \/><\/figure>\n\n\n\n<div style=\"height:25px\" aria-hidden=\"true\" class=\"wp-block-spacer\"><\/div>\n\n\n\n<p>Per tot aix\u00f2 des del CNJC exigeixen solucions; solucions que s\u00f3n justes, dignes, possibles i que ja s\u2019estan aplicant en altres llocs i que es recullen en el manifest. Des d\u2019ABD ens hi sumem perqu\u00e8 volem estar presents en totes les lluites que combatin l\u2019exclusi\u00f3 residencial.<\/p>\n\n\n\n<div style=\"height:25px\" aria-hidden=\"true\" class=\"wp-block-spacer\"><\/div>\n\n\n\n<blockquote class=\"wp-block-quote is-style-large is-layout-flow wp-block-quote-is-layout-flow\"><p>&#8220;<em>Des d\u2019ABD ens hi sumem perqu\u00e8 volem estar presents en totes les lluites que combatin l\u2019exclusi\u00f3 residencial<\/em>&#8220;<\/p><\/blockquote>\n\n\n\n<div style=\"height:25px\" aria-hidden=\"true\" class=\"wp-block-spacer\"><\/div>\n\n\n\n<p>Convidem a totes les persones afectades en mat\u00e8ria habitacional, a les entitats i col\u00b7lectius socials a <a href=\"https:\/\/cnjc.cat\/ca\" target=\"_blank\" rel=\"noreferrer noopener\">donar suport i a sumar-se a aquest manifest<\/a>: l\u2019articulaci\u00f3 dels moviments socials i el teixit associatiu s\u00f3n la millor eina que tenim per transformar la realitat i garantir el dret a l\u2019habitatge.<\/p>\n\n\n\n<div style=\"height:25px\" aria-hidden=\"true\" class=\"wp-block-spacer\"><\/div>\n\n\n\n<h4 class=\"wp-block-heading\">\u00bfQu\u00e8 \u00e9s el Consell Nacional de la Joventut de Catalunya?<\/h4>\n\n\n\n<div style=\"height:25px\" aria-hidden=\"true\" class=\"wp-block-spacer\"><\/div>\n\n\n\n<p>El <a href=\"https:\/\/cnjc.cat\/ca\/qui-som\" target=\"_blank\" rel=\"noreferrer noopener\">CNJC<\/a> \u00e9s la plataforma que aplega gaireb\u00e9 cent entitats juvenils de Catalunya i consells locals de joventut. Fundat el 1979, el CNJC promou els interessos de la gent jove a la societat i davant els poders p\u00fablics. \u00c9s una entitat de dret p\u00fablic de base associativa amb personalitat jur\u00eddica pr\u00f2pia.<\/p>\n","protected":false},"excerpt":{"rendered":"<p>La campanya la impulsa el Consell Nacional de la Joventut de Catalunya CNJC conjuntament amb l\u2019Observatori DESC L\u2019Associaci\u00f3 Benestar i Desenvolupament ABD i la Fundaci\u00f3 Acci\u00f3, Benestar i Desenvolupament ens&hellip;<\/p>\n","protected":false},"author":2,"featured_media":17998,"comment_status":"closed","ping_status":"closed","sticky":false,"template":"","format":"standard","meta":{"_acf_changed":false,"footnotes":""},"categories":[2797],"tags":[1897,2088,2089,2090,1712,2085,2087,2086],"class_list":["post-17997","post","type-post","status-publish","format-standard","has-post-thumbnail","hentry","category-jovenes-2","tag-abd-2-ca","tag-cnjc","tag-consell-nacional-de-la-joventut-de-catalunya","tag-desnonaments","tag-fundacio-abd-ca","tag-habitatge-digne","tag-habitatge-digne-per-a-joves","tag-precarietat-juvenil"],"acf":[],"yoast_head":"<!-- This site is optimized with the Yoast SEO plugin v27.4 - https:\/\/yoast.com\/product\/yoast-seo-wordpress\/ -->\n<title>ABD s\u2019adhereix al manifest en defensa d&#039;un habitatge digne que acabi amb la precarietat juvenil - ABD<\/title>\n<meta name=\"description\" content=\"La campanya la impulsa el Consell Nacional de la Joventut de Catalunya CNJC conjuntament amb l\u2019Observatori DESC L\u2019Associaci\u00f3 Benestar i Desenvolupament\" \/>\n<meta name=\"robots\" content=\"index, follow, max-snippet:-1, max-image-preview:large, max-video-preview:-1\" \/>\n<link rel=\"canonical\" href=\"https:\/\/abd.ong\/ca\/joves\/abd-sadhereix-al-manifest-en-defensa-dun-habitatge-digne-que-acabi-amb-la-precarietat-juvenil\/\" \/>\n<meta property=\"og:locale\" content=\"ca_ES\" \/>\n<meta property=\"og:type\" content=\"article\" \/>\n<meta property=\"og:title\" content=\"ABD s\u2019adhereix al manifest en defensa d&#039;un habitatge digne que acabi amb la precarietat juvenil - ABD\" \/>\n<meta property=\"og:description\" content=\"La campanya la impulsa el Consell Nacional de la Joventut de Catalunya CNJC conjuntament amb l\u2019Observatori DESC L\u2019Associaci\u00f3 Benestar i Desenvolupament\" \/>\n<meta property=\"og:url\" content=\"https:\/\/abd.ong\/ca\/joves\/abd-sadhereix-al-manifest-en-defensa-dun-habitatge-digne-que-acabi-amb-la-precarietat-juvenil\/\" \/>\n<meta property=\"og:site_name\" content=\"ABD\" \/>\n<meta property=\"article:publisher\" content=\"https:\/\/www.facebook.com\/abd.ong\" \/>\n<meta property=\"article:published_time\" content=\"2020-11-16T09:46:04+00:00\" \/>\n<meta property=\"article:modified_time\" content=\"2022-07-25T08:59:26+00:00\" \/>\n<meta property=\"og:image\" content=\"https:\/\/abd.ong\/wp-content\/uploads\/2020\/11\/Captura-manifest-habitatge-digne-CNJC.jpg\" \/>\n\t<meta property=\"og:image:width\" content=\"680\" \/>\n\t<meta property=\"og:image:height\" content=\"340\" \/>\n\t<meta property=\"og:image:type\" content=\"image\/jpeg\" \/>\n<meta name=\"author\" content=\"Enric Guinart\" \/>\n<meta name=\"twitter:card\" content=\"summary_large_image\" \/>\n<meta name=\"twitter:creator\" content=\"@abd_ong\" \/>\n<meta name=\"twitter:site\" content=\"@abd_ong\" \/>\n<meta name=\"twitter:label1\" content=\"Escrit per\" \/>\n\t<meta name=\"twitter:data1\" content=\"Enric Guinart\" \/>\n\t<meta name=\"twitter:label2\" content=\"Temps estimat de lectura\" \/>\n\t<meta name=\"twitter:data2\" content=\"2 minuts\" \/>\n<script type=\"application\/ld+json\" class=\"yoast-schema-graph\">{\"@context\":\"https:\\\/\\\/schema.org\",\"@graph\":[{\"@type\":\"Article\",\"@id\":\"https:\\\/\\\/abd.ong\\\/ca\\\/joves\\\/abd-sadhereix-al-manifest-en-defensa-dun-habitatge-digne-que-acabi-amb-la-precarietat-juvenil\\\/#article\",\"isPartOf\":{\"@id\":\"https:\\\/\\\/abd.ong\\\/ca\\\/joves\\\/abd-sadhereix-al-manifest-en-defensa-dun-habitatge-digne-que-acabi-amb-la-precarietat-juvenil\\\/\"},\"author\":{\"name\":\"Enric Guinart\",\"@id\":\"https:\\\/\\\/abd.ong\\\/ca\\\/#\\\/schema\\\/person\\\/d0f5fe279a7ad908de6a6d1332bfd7d8\"},\"headline\":\"ABD s\u2019adhereix al manifest en defensa d&#8217;un habitatge digne que acabi amb la precarietat juvenil\",\"datePublished\":\"2020-11-16T09:46:04+00:00\",\"dateModified\":\"2022-07-25T08:59:26+00:00\",\"mainEntityOfPage\":{\"@id\":\"https:\\\/\\\/abd.ong\\\/ca\\\/joves\\\/abd-sadhereix-al-manifest-en-defensa-dun-habitatge-digne-que-acabi-amb-la-precarietat-juvenil\\\/\"},\"wordCount\":332,\"publisher\":{\"@id\":\"https:\\\/\\\/abd.ong\\\/ca\\\/#organization\"},\"image\":{\"@id\":\"https:\\\/\\\/abd.ong\\\/ca\\\/joves\\\/abd-sadhereix-al-manifest-en-defensa-dun-habitatge-digne-que-acabi-amb-la-precarietat-juvenil\\\/#primaryimage\"},\"thumbnailUrl\":\"https:\\\/\\\/abd.ong\\\/wp-content\\\/uploads\\\/2020\\\/11\\\/Captura-manifest-habitatge-digne-CNJC.jpg\",\"keywords\":[\"ABD\",\"CNJC\",\"Consell Nacional de la Joventut de Catalunya\",\"desnonaments\",\"Fundaci\u00f3 ABD\",\"habitatge digne\",\"habitatge digne per a joves\",\"precarietat juvenil\"],\"articleSection\":[\"j\u00f3venes\"],\"inLanguage\":\"ca\"},{\"@type\":\"WebPage\",\"@id\":\"https:\\\/\\\/abd.ong\\\/ca\\\/joves\\\/abd-sadhereix-al-manifest-en-defensa-dun-habitatge-digne-que-acabi-amb-la-precarietat-juvenil\\\/\",\"url\":\"https:\\\/\\\/abd.ong\\\/ca\\\/joves\\\/abd-sadhereix-al-manifest-en-defensa-dun-habitatge-digne-que-acabi-amb-la-precarietat-juvenil\\\/\",\"name\":\"ABD s\u2019adhereix al manifest en defensa d'un habitatge digne que acabi amb la precarietat juvenil - ABD\",\"isPartOf\":{\"@id\":\"https:\\\/\\\/abd.ong\\\/ca\\\/#website\"},\"primaryImageOfPage\":{\"@id\":\"https:\\\/\\\/abd.ong\\\/ca\\\/joves\\\/abd-sadhereix-al-manifest-en-defensa-dun-habitatge-digne-que-acabi-amb-la-precarietat-juvenil\\\/#primaryimage\"},\"image\":{\"@id\":\"https:\\\/\\\/abd.ong\\\/ca\\\/joves\\\/abd-sadhereix-al-manifest-en-defensa-dun-habitatge-digne-que-acabi-amb-la-precarietat-juvenil\\\/#primaryimage\"},\"thumbnailUrl\":\"https:\\\/\\\/abd.ong\\\/wp-content\\\/uploads\\\/2020\\\/11\\\/Captura-manifest-habitatge-digne-CNJC.jpg\",\"datePublished\":\"2020-11-16T09:46:04+00:00\",\"dateModified\":\"2022-07-25T08:59:26+00:00\",\"description\":\"La campanya la impulsa el Consell Nacional de la Joventut de Catalunya CNJC conjuntament amb l\u2019Observatori DESC L\u2019Associaci\u00f3 Benestar i Desenvolupament\",\"breadcrumb\":{\"@id\":\"https:\\\/\\\/abd.ong\\\/ca\\\/joves\\\/abd-sadhereix-al-manifest-en-defensa-dun-habitatge-digne-que-acabi-amb-la-precarietat-juvenil\\\/#breadcrumb\"},\"inLanguage\":\"ca\",\"potentialAction\":[{\"@type\":\"ReadAction\",\"target\":[\"https:\\\/\\\/abd.ong\\\/ca\\\/joves\\\/abd-sadhereix-al-manifest-en-defensa-dun-habitatge-digne-que-acabi-amb-la-precarietat-juvenil\\\/\"]}]},{\"@type\":\"ImageObject\",\"inLanguage\":\"ca\",\"@id\":\"https:\\\/\\\/abd.ong\\\/ca\\\/joves\\\/abd-sadhereix-al-manifest-en-defensa-dun-habitatge-digne-que-acabi-amb-la-precarietat-juvenil\\\/#primaryimage\",\"url\":\"https:\\\/\\\/abd.ong\\\/wp-content\\\/uploads\\\/2020\\\/11\\\/Captura-manifest-habitatge-digne-CNJC.jpg\",\"contentUrl\":\"https:\\\/\\\/abd.ong\\\/wp-content\\\/uploads\\\/2020\\\/11\\\/Captura-manifest-habitatge-digne-CNJC.jpg\",\"width\":680,\"height\":340},{\"@type\":\"BreadcrumbList\",\"@id\":\"https:\\\/\\\/abd.ong\\\/ca\\\/joves\\\/abd-sadhereix-al-manifest-en-defensa-dun-habitatge-digne-que-acabi-amb-la-precarietat-juvenil\\\/#breadcrumb\",\"itemListElement\":[{\"@type\":\"ListItem\",\"position\":1,\"name\":\"Inici\",\"item\":\"https:\\\/\\\/abd.ong\\\/ca\\\/\"},{\"@type\":\"ListItem\",\"position\":2,\"name\":\"ABD s\u2019adhereix al manifest en defensa d&#8217;un habitatge digne que acabi amb la precarietat juvenil\"}]},{\"@type\":\"WebSite\",\"@id\":\"https:\\\/\\\/abd.ong\\\/ca\\\/#website\",\"url\":\"https:\\\/\\\/abd.ong\\\/ca\\\/\",\"name\":\"ABD\",\"description\":\"Asociaci\u00f3n Bienestar y Desarrollo\",\"publisher\":{\"@id\":\"https:\\\/\\\/abd.ong\\\/ca\\\/#organization\"},\"potentialAction\":[{\"@type\":\"SearchAction\",\"target\":{\"@type\":\"EntryPoint\",\"urlTemplate\":\"https:\\\/\\\/abd.ong\\\/ca\\\/?s={search_term_string}\"},\"query-input\":{\"@type\":\"PropertyValueSpecification\",\"valueRequired\":true,\"valueName\":\"search_term_string\"}}],\"inLanguage\":\"ca\"},{\"@type\":\"Organization\",\"@id\":\"https:\\\/\\\/abd.ong\\\/ca\\\/#organization\",\"name\":\"Associaci\u00f3 Benestar i Desenvolupament\",\"alternateName\":\"ABD\",\"url\":\"https:\\\/\\\/abd.ong\\\/ca\\\/\",\"logo\":{\"@type\":\"ImageObject\",\"inLanguage\":\"ca\",\"@id\":\"https:\\\/\\\/abd.ong\\\/ca\\\/#\\\/schema\\\/logo\\\/image\\\/\",\"url\":\"https:\\\/\\\/abd.ong\\\/wp-content\\\/uploads\\\/2023\\\/01\\\/Icona.png\",\"contentUrl\":\"https:\\\/\\\/abd.ong\\\/wp-content\\\/uploads\\\/2023\\\/01\\\/Icona.png\",\"width\":190,\"height\":187,\"caption\":\"Associaci\u00f3 Benestar i Desenvolupament\"},\"image\":{\"@id\":\"https:\\\/\\\/abd.ong\\\/ca\\\/#\\\/schema\\\/logo\\\/image\\\/\"},\"sameAs\":[\"https:\\\/\\\/www.facebook.com\\\/abd.ong\",\"https:\\\/\\\/x.com\\\/abd_ong\",\"https:\\\/\\\/www.instagram.com\\\/abd_ong\\\/\",\"https:\\\/\\\/www.linkedin.com\\\/company\\\/abdong\",\"https:\\\/\\\/www.youtube.com\\\/user\\\/CANALABD\"]},{\"@type\":\"Person\",\"@id\":\"https:\\\/\\\/abd.ong\\\/ca\\\/#\\\/schema\\\/person\\\/d0f5fe279a7ad908de6a6d1332bfd7d8\",\"name\":\"Enric Guinart\"}]}<\/script>\n<!-- \/ Yoast SEO plugin. -->","yoast_head_json":{"title":"ABD s\u2019adhereix al manifest en defensa d'un habitatge digne que acabi amb la precarietat juvenil - ABD","description":"La campanya la impulsa el Consell Nacional de la Joventut de Catalunya CNJC conjuntament amb l\u2019Observatori DESC L\u2019Associaci\u00f3 Benestar i Desenvolupament","robots":{"index":"index","follow":"follow","max-snippet":"max-snippet:-1","max-image-preview":"max-image-preview:large","max-video-preview":"max-video-preview:-1"},"canonical":"https:\/\/abd.ong\/ca\/joves\/abd-sadhereix-al-manifest-en-defensa-dun-habitatge-digne-que-acabi-amb-la-precarietat-juvenil\/","og_locale":"ca_ES","og_type":"article","og_title":"ABD s\u2019adhereix al manifest en defensa d'un habitatge digne que acabi amb la precarietat juvenil - ABD","og_description":"La campanya la impulsa el Consell Nacional de la Joventut de Catalunya CNJC conjuntament amb l\u2019Observatori DESC L\u2019Associaci\u00f3 Benestar i Desenvolupament","og_url":"https:\/\/abd.ong\/ca\/joves\/abd-sadhereix-al-manifest-en-defensa-dun-habitatge-digne-que-acabi-amb-la-precarietat-juvenil\/","og_site_name":"ABD","article_publisher":"https:\/\/www.facebook.com\/abd.ong","article_published_time":"2020-11-16T09:46:04+00:00","article_modified_time":"2022-07-25T08:59:26+00:00","og_image":[{"width":680,"height":340,"url":"https:\/\/abd.ong\/wp-content\/uploads\/2020\/11\/Captura-manifest-habitatge-digne-CNJC.jpg","type":"image\/jpeg"}],"author":"Enric Guinart","twitter_card":"summary_large_image","twitter_creator":"@abd_ong","twitter_site":"@abd_ong","twitter_misc":{"Escrit per":"Enric Guinart","Temps estimat de lectura":"2 minuts"},"schema":{"@context":"https:\/\/schema.org","@graph":[{"@type":"Article","@id":"https:\/\/abd.ong\/ca\/joves\/abd-sadhereix-al-manifest-en-defensa-dun-habitatge-digne-que-acabi-amb-la-precarietat-juvenil\/#article","isPartOf":{"@id":"https:\/\/abd.ong\/ca\/joves\/abd-sadhereix-al-manifest-en-defensa-dun-habitatge-digne-que-acabi-amb-la-precarietat-juvenil\/"},"author":{"name":"Enric Guinart","@id":"https:\/\/abd.ong\/ca\/#\/schema\/person\/d0f5fe279a7ad908de6a6d1332bfd7d8"},"headline":"ABD s\u2019adhereix al manifest en defensa d&#8217;un habitatge digne que acabi amb la precarietat juvenil","datePublished":"2020-11-16T09:46:04+00:00","dateModified":"2022-07-25T08:59:26+00:00","mainEntityOfPage":{"@id":"https:\/\/abd.ong\/ca\/joves\/abd-sadhereix-al-manifest-en-defensa-dun-habitatge-digne-que-acabi-amb-la-precarietat-juvenil\/"},"wordCount":332,"publisher":{"@id":"https:\/\/abd.ong\/ca\/#organization"},"image":{"@id":"https:\/\/abd.ong\/ca\/joves\/abd-sadhereix-al-manifest-en-defensa-dun-habitatge-digne-que-acabi-amb-la-precarietat-juvenil\/#primaryimage"},"thumbnailUrl":"https:\/\/abd.ong\/wp-content\/uploads\/2020\/11\/Captura-manifest-habitatge-digne-CNJC.jpg","keywords":["ABD","CNJC","Consell Nacional de la Joventut de Catalunya","desnonaments","Fundaci\u00f3 ABD","habitatge digne","habitatge digne per a joves","precarietat juvenil"],"articleSection":["j\u00f3venes"],"inLanguage":"ca"},{"@type":"WebPage","@id":"https:\/\/abd.ong\/ca\/joves\/abd-sadhereix-al-manifest-en-defensa-dun-habitatge-digne-que-acabi-amb-la-precarietat-juvenil\/","url":"https:\/\/abd.ong\/ca\/joves\/abd-sadhereix-al-manifest-en-defensa-dun-habitatge-digne-que-acabi-amb-la-precarietat-juvenil\/","name":"ABD s\u2019adhereix al manifest en defensa d'un habitatge digne que acabi amb la precarietat juvenil - ABD","isPartOf":{"@id":"https:\/\/abd.ong\/ca\/#website"},"primaryImageOfPage":{"@id":"https:\/\/abd.ong\/ca\/joves\/abd-sadhereix-al-manifest-en-defensa-dun-habitatge-digne-que-acabi-amb-la-precarietat-juvenil\/#primaryimage"},"image":{"@id":"https:\/\/abd.ong\/ca\/joves\/abd-sadhereix-al-manifest-en-defensa-dun-habitatge-digne-que-acabi-amb-la-precarietat-juvenil\/#primaryimage"},"thumbnailUrl":"https:\/\/abd.ong\/wp-content\/uploads\/2020\/11\/Captura-manifest-habitatge-digne-CNJC.jpg","datePublished":"2020-11-16T09:46:04+00:00","dateModified":"2022-07-25T08:59:26+00:00","description":"La campanya la impulsa el Consell Nacional de la Joventut de Catalunya CNJC conjuntament amb l\u2019Observatori DESC L\u2019Associaci\u00f3 Benestar i Desenvolupament","breadcrumb":{"@id":"https:\/\/abd.ong\/ca\/joves\/abd-sadhereix-al-manifest-en-defensa-dun-habitatge-digne-que-acabi-amb-la-precarietat-juvenil\/#breadcrumb"},"inLanguage":"ca","potentialAction":[{"@type":"ReadAction","target":["https:\/\/abd.ong\/ca\/joves\/abd-sadhereix-al-manifest-en-defensa-dun-habitatge-digne-que-acabi-amb-la-precarietat-juvenil\/"]}]},{"@type":"ImageObject","inLanguage":"ca","@id":"https:\/\/abd.ong\/ca\/joves\/abd-sadhereix-al-manifest-en-defensa-dun-habitatge-digne-que-acabi-amb-la-precarietat-juvenil\/#primaryimage","url":"https:\/\/abd.ong\/wp-content\/uploads\/2020\/11\/Captura-manifest-habitatge-digne-CNJC.jpg","contentUrl":"https:\/\/abd.ong\/wp-content\/uploads\/2020\/11\/Captura-manifest-habitatge-digne-CNJC.jpg","width":680,"height":340},{"@type":"BreadcrumbList","@id":"https:\/\/abd.ong\/ca\/joves\/abd-sadhereix-al-manifest-en-defensa-dun-habitatge-digne-que-acabi-amb-la-precarietat-juvenil\/#breadcrumb","itemListElement":[{"@type":"ListItem","position":1,"name":"Inici","item":"https:\/\/abd.ong\/ca\/"},{"@type":"ListItem","position":2,"name":"ABD s\u2019adhereix al manifest en defensa d&#8217;un habitatge digne que acabi amb la precarietat juvenil"}]},{"@type":"WebSite","@id":"https:\/\/abd.ong\/ca\/#website","url":"https:\/\/abd.ong\/ca\/","name":"ABD","description":"Asociaci\u00f3n Bienestar y Desarrollo","publisher":{"@id":"https:\/\/abd.ong\/ca\/#organization"},"potentialAction":[{"@type":"SearchAction","target":{"@type":"EntryPoint","urlTemplate":"https:\/\/abd.ong\/ca\/?s={search_term_string}"},"query-input":{"@type":"PropertyValueSpecification","valueRequired":true,"valueName":"search_term_string"}}],"inLanguage":"ca"},{"@type":"Organization","@id":"https:\/\/abd.ong\/ca\/#organization","name":"Associaci\u00f3 Benestar i Desenvolupament","alternateName":"ABD","url":"https:\/\/abd.ong\/ca\/","logo":{"@type":"ImageObject","inLanguage":"ca","@id":"https:\/\/abd.ong\/ca\/#\/schema\/logo\/image\/","url":"https:\/\/abd.ong\/wp-content\/uploads\/2023\/01\/Icona.png","contentUrl":"https:\/\/abd.ong\/wp-content\/uploads\/2023\/01\/Icona.png","width":190,"height":187,"caption":"Associaci\u00f3 Benestar i Desenvolupament"},"image":{"@id":"https:\/\/abd.ong\/ca\/#\/schema\/logo\/image\/"},"sameAs":["https:\/\/www.facebook.com\/abd.ong","https:\/\/x.com\/abd_ong","https:\/\/www.instagram.com\/abd_ong\/","https:\/\/www.linkedin.com\/company\/abdong","https:\/\/www.youtube.com\/user\/CANALABD"]},{"@type":"Person","@id":"https:\/\/abd.ong\/ca\/#\/schema\/person\/d0f5fe279a7ad908de6a6d1332bfd7d8","name":"Enric Guinart"}]}},"_links":{"self":[{"href":"https:\/\/abd.ong\/ca\/wp-json\/wp\/v2\/posts\/17997","targetHints":{"allow":["GET"]}}],"collection":[{"href":"https:\/\/abd.ong\/ca\/wp-json\/wp\/v2\/posts"}],"about":[{"href":"https:\/\/abd.ong\/ca\/wp-json\/wp\/v2\/types\/post"}],"author":[{"embeddable":true,"href":"https:\/\/abd.ong\/ca\/wp-json\/wp\/v2\/users\/2"}],"replies":[{"embeddable":true,"href":"https:\/\/abd.ong\/ca\/wp-json\/wp\/v2\/comments?post=17997"}],"version-history":[{"count":3,"href":"https:\/\/abd.ong\/ca\/wp-json\/wp\/v2\/posts\/17997\/revisions"}],"predecessor-version":[{"id":34873,"href":"https:\/\/abd.ong\/ca\/wp-json\/wp\/v2\/posts\/17997\/revisions\/34873"}],"wp:featuredmedia":[{"embeddable":true,"href":"https:\/\/abd.ong\/ca\/wp-json\/wp\/v2\/media\/17998"}],"wp:attachment":[{"href":"https:\/\/abd.ong\/ca\/wp-json\/wp\/v2\/media?parent=17997"}],"wp:term":[{"taxonomy":"category","embeddable":true,"href":"https:\/\/abd.ong\/ca\/wp-json\/wp\/v2\/categories?post=17997"},{"taxonomy":"post_tag","embeddable":true,"href":"https:\/\/abd.ong\/ca\/wp-json\/wp\/v2\/tags?post=17997"}],"curies":[{"name":"wp","href":"https:\/\/api.w.org\/{rel}","templated":true}]}}