{"id":178537,"date":"2026-08-28T11:34:07","date_gmt":"2026-08-28T09:34:07","guid":{"rendered":"https:\/\/abd.ong\/sense-categoria\/nova-convocatoria-per-donar-suport-a-projectes-de-prevencio-i-resposta-davant-les-violencies-masclistes\/"},"modified":"2026-09-03T10:24:51","modified_gmt":"2026-09-03T08:24:51","slug":"nova-convocatoria-per-donar-suport-a-projectes-de-prevencio-i-resposta-davant-les-violencies-masclistes","status":"publish","type":"post","link":"https:\/\/abd.ong\/ca\/internacional-ca\/nova-convocatoria-per-donar-suport-a-projectes-de-prevencio-i-resposta-davant-les-violencies-masclistes\/","title":{"rendered":"Nova convocat\u00f2ria per donar suport a projectes de prevenci\u00f3 i resposta davant les viol\u00e8ncies masclistes"},"content":{"rendered":"\n<h3 class=\"wp-block-heading\">El projecte europeu Connecting Power &#8211; CoPower posa en marxa una nova iniciativa de finan\u00e7ament en cascada amb un pressupost de 300.000 \u20ac.&#13;\n<\/h3>\n\n<div style=\"height:50px\" aria-hidden=\"true\" class=\"wp-block-spacer\"><\/div>\n\n<p class=\"wp-block-paragraph\">El <a href=\"https:\/\/abd.ong\/programas\/copower\/\">projecte Connecting Power \u2013 CoPower<\/a> obre una <a href=\"https:\/\/abd.ong\/ca\/?page_id=177683\"><strong>convocat\u00f2ria de subfinan\u00e7ament<\/strong><\/a> dirigida a entitats del tercer sector amb l\u2019objectiu de donar suport a projectes de prevenci\u00f3 i resposta davant les viol\u00e8ncies masclistes. Les iniciatives seleccionades hauran de proporcionar un suport integral i inclusiu a dones i nenes supervivents de viol\u00e8ncies masclistes, tenint en compte les necessitats espec\u00edfiques de dones migrants, refugiades, dones trans, nenes i joves, persones amb discapacitat i aquelles que viuen en zones remotes o perif\u00e8riques.<\/p>\n\n<p class=\"wp-block-paragraph\">Amb un pressupost total de 300.000 euros, se seleccionaran 10 projectes distribu\u00efts en dues l\u00ednies d\u2019activitats subvencionables:&#13;\n<\/p>\n\n<ul class=\"wp-block-list\">\n<li><strong>L\u00ednia 1 &#8211; Millorar la resposta de protecci\u00f3 per a dones i nenes v\u00edctimes de viol\u00e8ncia de g\u00e8nere des d\u2019un enfocament interseccional.<\/strong><\/li>\n\n\n\n<li><strong>L\u00ednia 2 &#8211; Reduir les pr\u00e0ctiques nocives, definides com a formes de viol\u00e8ncia de g\u00e8nere i una vulneraci\u00f3 dels drets humans que posen en greu risc la salut i els drets de les dones, les adolescents i les nenes.<\/strong><\/li>\n<\/ul>\n\n<p class=\"wp-block-paragraph\">La convocat\u00f2ria compta amb dues rondes de finan\u00e7ament. La primera, del <strong>24 d\u2019agost al 23 de novembre de 2026<\/strong>. La segona, de l\u2019<strong>1 de desembre de 2026 a l\u20191 de mar\u00e7 de 2027<\/strong>.<\/p>\n\n<p class=\"wp-block-paragraph\">En la primera ronda, se subvencionaran tres projectes de cada l\u00ednia i, en la segona ronda, dos projectes de cada l\u00ednia.&#13;\n<\/p>\n\n<p class=\"wp-block-paragraph\">Les propostes es poden presentar <strong>fins al 23 de novembre de 2026<\/strong> per a la <strong>primera ronda<\/strong> i <strong>fins a l\u20191 de mar\u00e7 de 2027<\/strong> per a la <strong>segona ronda<\/strong>. <strong>Cada entitat nom\u00e9s es pot presentar a una de les rondes.<\/strong><\/p>\n\n<p class=\"wp-block-paragraph\">Consulta les condicions i presenta la teva sol\u00b7licitud <a href=\"https:\/\/abd.ong\/ca\/?page_id=177683\" target=\"_blank\" rel=\"noopener\"><strong>aqu\u00ed<\/strong><\/a>.<\/p>\n\n<div style=\"height:30px\" aria-hidden=\"true\" class=\"wp-block-spacer\"><\/div>\n\n<h3 class=\"wp-block-heading\">Convocat\u00f2ria transnacional &#8211; properament<\/h3>\n\n<p class=\"wp-block-paragraph\">El projecte CoPower tamb\u00e9 preveu, al llarg de 2027, una <strong>convocat\u00f2ria transnacional<\/strong> per al desenvolupament de <strong>projectes conjunts entre entitats d\u2019Espanya i Romania<\/strong>. La <strong>informaci\u00f3<\/strong> sobre aquesta convocat\u00f2ria estar\u00e0 disponible <strong>properament<\/strong>.<\/p>\n\n<div style=\"height:30px\" aria-hidden=\"true\" class=\"wp-block-spacer\"><\/div>\n\n<h3 class=\"wp-block-heading\">Sobre el projecte Connecting Power<\/h3>\n\n<p class=\"wp-block-paragraph\">El projecte <em>Connecting Power<\/em> (<a href=\"https:\/\/abd.ong\/programas\/copower\/\">CoPower<\/a>) (GA 101254774) est\u00e0 finan\u00e7at per la Uni\u00f3 Europea en el marc de la convocat\u00f2ria CERV-2025-DAPHNE i \u00e9s implementat per <a href=\"https:\/\/www.oxfamitalia.org\/\">Oxfam Italia ETS<\/a> (OIT), <a href=\"https:\/\/actionaid.gr\/en\">ActionAid Hellas<\/a> (AAH), l\u2019<a href=\"https:\/\/abd.ong\/ca\/\">Associaci\u00f3 Benestar i Desenvolupament<\/a> (ABD) i <a href=\"https:\/\/www.weworld.it\/en\">WeWorld<\/a> (WW). El projecte es desenvolupa de l\u20191 de mar\u00e7 de 2026 al 28 de febrer de 2029 i t\u00e9 com a objectiu enfortir la capacitat de les organitzacions de la societat civil (OSC) per oferir serveis segurs, inclusius i centrats en les dones, nenes i nens supervivents de viol\u00e8ncia de g\u00e8nere (VG), en tota la seva diversitat, a It\u00e0lia, Gr\u00e8cia, Espanya, S\u00e8rbia, Romania i Alb\u00e0nia.<\/p>\n\n<p class=\"wp-block-paragraph\">CoPower aborda les persistents bretxes en l\u2019acc\u00e9s als serveis de protecci\u00f3 que afronten grups que pateixen diverses formes de discriminaci\u00f3, com ara dones migrants i refugiades, dones amb discapacitat, dones gitanes, dones trans i lesbianes, i infants en situaci\u00f3 de risc. Mitjan\u00e7ant un mecanisme estructurat de subcontractaci\u00f3, el projecte finan\u00e7ar\u00e0 iniciatives nacionals i transnacionals, implicant almenys 60 organitzacions de la societat civil i fomentant la cooperaci\u00f3 entre pa\u00efsos.&#13;\n<\/p>\n\n<figure class=\"wp-block-image size-large\"><img fetchpriority=\"high\" decoding=\"async\" width=\"1024\" height=\"577\" src=\"https:\/\/abd.ong\/wp-content\/uploads\/2026\/08\/Funded-by-the-European-Union.-However-the-opinions-expressed-are-those-of-the-authors-alone-and-do-not-necessarily-reflect-the-views-of-the-European-Union-or-the-funding-agency.-Neither-1-1024x577.png\" alt=\"\" class=\"wp-image-178320\" srcset=\"https:\/\/abd.ong\/wp-content\/uploads\/2026\/08\/Funded-by-the-European-Union.-However-the-opinions-expressed-are-those-of-the-authors-alone-and-do-not-necessarily-reflect-the-views-of-the-European-Union-or-the-funding-agency.-Neither-1-1024x577.png 1024w, https:\/\/abd.ong\/wp-content\/uploads\/2026\/08\/Funded-by-the-European-Union.-However-the-opinions-expressed-are-those-of-the-authors-alone-and-do-not-necessarily-reflect-the-views-of-the-European-Union-or-the-funding-agency.-Neither-1-300x169.png 300w, https:\/\/abd.ong\/wp-content\/uploads\/2026\/08\/Funded-by-the-European-Union.-However-the-opinions-expressed-are-those-of-the-authors-alone-and-do-not-necessarily-reflect-the-views-of-the-European-Union-or-the-funding-agency.-Neither-1-768x433.png 768w, https:\/\/abd.ong\/wp-content\/uploads\/2026\/08\/Funded-by-the-European-Union.-However-the-opinions-expressed-are-those-of-the-authors-alone-and-do-not-necessarily-reflect-the-views-of-the-European-Union-or-the-funding-agency.-Neither-1-1536x865.png 1536w, https:\/\/abd.ong\/wp-content\/uploads\/2026\/08\/Funded-by-the-European-Union.-However-the-opinions-expressed-are-those-of-the-authors-alone-and-do-not-necessarily-reflect-the-views-of-the-European-Union-or-the-funding-agency.-Neither-1.png 1640w\" sizes=\"(max-width: 1024px) 100vw, 1024px\" \/><\/figure>\n","protected":false},"excerpt":{"rendered":"<p>El projecte europeu Connecting Power &#8211; CoPower posa en marxa una nova iniciativa de finan\u00e7ament en cascada amb un pressupost de 300.000 \u20ac.&#13; El projecte Connecting Power \u2013 CoPower obre&hellip;<\/p>\n","protected":false},"author":9,"featured_media":178536,"comment_status":"closed","ping_status":"closed","sticky":false,"template":"","format":"standard","meta":{"_acf_changed":false,"footnotes":""},"categories":[2296],"tags":[675,5287,5285,5286,2308,2305,3181],"class_list":["post-178537","post","type-post","status-publish","format-standard","has-post-thumbnail","hentry","category-internacional-ca","tag-asociacion-bienestar-y-desarrollo-ca","tag-convocatoria-de-financament","tag-copower","tag-ruralitat","tag-violencia-de-genere-ca","tag-violencia-masclista","tag-violencies-masclistes-ca"],"acf":[],"yoast_head":"<!-- This site is optimized with the Yoast SEO plugin v28.4 - https:\/\/yoast.com\/product\/yoast-seo-wordpress\/ -->\n<title>Nova convocat\u00f2ria per donar suport a projectes de prevenci\u00f3 i resposta davant les viol\u00e8ncies masclistes - ABD<\/title>\n<meta name=\"description\" content=\"El projecte europeu Connecting Power - CoPower posa en marxa una nova iniciativa de finan\u00e7ament en cascada amb un pressupost de 300.000 \u20ac.&#013; El\" \/>\n<meta name=\"robots\" content=\"index, follow, max-snippet:-1, max-image-preview:large, max-video-preview:-1\" \/>\n<link rel=\"canonical\" href=\"https:\/\/abd.ong\/ca\/internacional-ca\/nova-convocatoria-per-donar-suport-a-projectes-de-prevencio-i-resposta-davant-les-violencies-masclistes\/\" \/>\n<meta property=\"og:locale\" content=\"ca_ES\" \/>\n<meta property=\"og:type\" content=\"article\" \/>\n<meta property=\"og:title\" content=\"Nova convocat\u00f2ria per donar suport a projectes de prevenci\u00f3 i resposta davant les viol\u00e8ncies masclistes - ABD\" \/>\n<meta property=\"og:description\" content=\"El projecte europeu Connecting Power - CoPower posa en marxa una nova iniciativa de finan\u00e7ament en cascada amb un pressupost de 300.000 \u20ac.&#013; El\" \/>\n<meta property=\"og:url\" content=\"https:\/\/abd.ong\/ca\/internacional-ca\/nova-convocatoria-per-donar-suport-a-projectes-de-prevencio-i-resposta-davant-les-violencies-masclistes\/\" \/>\n<meta property=\"og:site_name\" content=\"ABD\" \/>\n<meta property=\"article:publisher\" content=\"https:\/\/www.facebook.com\/abd.ong\" \/>\n<meta property=\"article:published_time\" content=\"2026-08-28T09:34:07+00:00\" \/>\n<meta property=\"article:modified_time\" content=\"2026-09-03T08:24:51+00:00\" \/>\n<meta property=\"og:image\" content=\"https:\/\/abd.ong\/wp-content\/uploads\/2026\/07\/pexels-cottonbro-7130218.jpg\" \/>\n\t<meta property=\"og:image:width\" content=\"2048\" \/>\n\t<meta property=\"og:image:height\" content=\"1365\" \/>\n\t<meta property=\"og:image:type\" content=\"image\/jpeg\" \/>\n<meta name=\"author\" content=\"Maria Creixell\" \/>\n<meta name=\"twitter:card\" content=\"summary_large_image\" \/>\n<meta name=\"twitter:creator\" content=\"@abd_ong\" \/>\n<meta name=\"twitter:site\" content=\"@abd_ong\" \/>\n<meta name=\"twitter:label1\" content=\"Escrit per\" \/>\n\t<meta name=\"twitter:data1\" content=\"Maria Creixell\" \/>\n\t<meta name=\"twitter:label2\" content=\"Temps estimat de lectura\" \/>\n\t<meta name=\"twitter:data2\" content=\"3 minuts\" \/>\n<script type=\"application\/ld+json\" class=\"yoast-schema-graph\">{\"@context\":\"https:\\\/\\\/schema.org\",\"@graph\":[{\"@type\":\"Article\",\"@id\":\"https:\\\/\\\/abd.ong\\\/ca\\\/internacional-ca\\\/nova-convocatoria-per-donar-suport-a-projectes-de-prevencio-i-resposta-davant-les-violencies-masclistes\\\/#article\",\"isPartOf\":{\"@id\":\"https:\\\/\\\/abd.ong\\\/ca\\\/internacional-ca\\\/nova-convocatoria-per-donar-suport-a-projectes-de-prevencio-i-resposta-davant-les-violencies-masclistes\\\/\"},\"author\":{\"name\":\"Maria Creixell\",\"@id\":\"https:\\\/\\\/abd.ong\\\/ca\\\/#\\\/schema\\\/person\\\/d2e158b4173f683b3898e286f5b35a10\"},\"headline\":\"Nova convocat\u00f2ria per donar suport a projectes de prevenci\u00f3 i resposta davant les viol\u00e8ncies masclistes\",\"datePublished\":\"2026-08-28T09:34:07+00:00\",\"dateModified\":\"2026-09-03T08:24:51+00:00\",\"mainEntityOfPage\":{\"@id\":\"https:\\\/\\\/abd.ong\\\/ca\\\/internacional-ca\\\/nova-convocatoria-per-donar-suport-a-projectes-de-prevencio-i-resposta-davant-les-violencies-masclistes\\\/\"},\"wordCount\":536,\"publisher\":{\"@id\":\"https:\\\/\\\/abd.ong\\\/ca\\\/#organization\"},\"image\":{\"@id\":\"https:\\\/\\\/abd.ong\\\/ca\\\/internacional-ca\\\/nova-convocatoria-per-donar-suport-a-projectes-de-prevencio-i-resposta-davant-les-violencies-masclistes\\\/#primaryimage\"},\"thumbnailUrl\":\"https:\\\/\\\/abd.ong\\\/wp-content\\\/uploads\\\/2026\\\/07\\\/pexels-cottonbro-7130218.jpg\",\"keywords\":[\"Asociaci\u00f3n Bienestar y Desarrollo\",\"convocat\u00f2ria de finan\u00e7ament\",\"CoPower\",\"ruralitat\",\"viol\u00e8ncia de g\u00e8nere\",\"viol\u00e8ncia masclista\",\"viol\u00e8ncies masclistes\"],\"articleSection\":[\"Internacional\"],\"inLanguage\":\"ca\"},{\"@type\":\"WebPage\",\"@id\":\"https:\\\/\\\/abd.ong\\\/ca\\\/internacional-ca\\\/nova-convocatoria-per-donar-suport-a-projectes-de-prevencio-i-resposta-davant-les-violencies-masclistes\\\/\",\"url\":\"https:\\\/\\\/abd.ong\\\/ca\\\/internacional-ca\\\/nova-convocatoria-per-donar-suport-a-projectes-de-prevencio-i-resposta-davant-les-violencies-masclistes\\\/\",\"name\":\"Nova convocat\u00f2ria per donar suport a projectes de prevenci\u00f3 i resposta davant les viol\u00e8ncies masclistes - ABD\",\"isPartOf\":{\"@id\":\"https:\\\/\\\/abd.ong\\\/ca\\\/#website\"},\"primaryImageOfPage\":{\"@id\":\"https:\\\/\\\/abd.ong\\\/ca\\\/internacional-ca\\\/nova-convocatoria-per-donar-suport-a-projectes-de-prevencio-i-resposta-davant-les-violencies-masclistes\\\/#primaryimage\"},\"image\":{\"@id\":\"https:\\\/\\\/abd.ong\\\/ca\\\/internacional-ca\\\/nova-convocatoria-per-donar-suport-a-projectes-de-prevencio-i-resposta-davant-les-violencies-masclistes\\\/#primaryimage\"},\"thumbnailUrl\":\"https:\\\/\\\/abd.ong\\\/wp-content\\\/uploads\\\/2026\\\/07\\\/pexels-cottonbro-7130218.jpg\",\"datePublished\":\"2026-08-28T09:34:07+00:00\",\"dateModified\":\"2026-09-03T08:24:51+00:00\",\"description\":\"El projecte europeu Connecting Power - CoPower posa en marxa una nova iniciativa de finan\u00e7ament en cascada amb un pressupost de 300.000 \u20ac.&#13; El\",\"breadcrumb\":{\"@id\":\"https:\\\/\\\/abd.ong\\\/ca\\\/internacional-ca\\\/nova-convocatoria-per-donar-suport-a-projectes-de-prevencio-i-resposta-davant-les-violencies-masclistes\\\/#breadcrumb\"},\"inLanguage\":\"ca\",\"potentialAction\":[{\"@type\":\"ReadAction\",\"target\":[\"https:\\\/\\\/abd.ong\\\/ca\\\/internacional-ca\\\/nova-convocatoria-per-donar-suport-a-projectes-de-prevencio-i-resposta-davant-les-violencies-masclistes\\\/\"]}]},{\"@type\":\"ImageObject\",\"inLanguage\":\"ca\",\"@id\":\"https:\\\/\\\/abd.ong\\\/ca\\\/internacional-ca\\\/nova-convocatoria-per-donar-suport-a-projectes-de-prevencio-i-resposta-davant-les-violencies-masclistes\\\/#primaryimage\",\"url\":\"https:\\\/\\\/abd.ong\\\/wp-content\\\/uploads\\\/2026\\\/07\\\/pexels-cottonbro-7130218.jpg\",\"contentUrl\":\"https:\\\/\\\/abd.ong\\\/wp-content\\\/uploads\\\/2026\\\/07\\\/pexels-cottonbro-7130218.jpg\",\"width\":2048,\"height\":1365},{\"@type\":\"BreadcrumbList\",\"@id\":\"https:\\\/\\\/abd.ong\\\/ca\\\/internacional-ca\\\/nova-convocatoria-per-donar-suport-a-projectes-de-prevencio-i-resposta-davant-les-violencies-masclistes\\\/#breadcrumb\",\"itemListElement\":[{\"@type\":\"ListItem\",\"position\":1,\"name\":\"Inici\",\"item\":\"https:\\\/\\\/abd.ong\\\/ca\\\/\"},{\"@type\":\"ListItem\",\"position\":2,\"name\":\"Nova convocat\u00f2ria per donar suport a projectes de prevenci\u00f3 i resposta davant les viol\u00e8ncies masclistes\"}]},{\"@type\":\"WebSite\",\"@id\":\"https:\\\/\\\/abd.ong\\\/ca\\\/#website\",\"url\":\"https:\\\/\\\/abd.ong\\\/ca\\\/\",\"name\":\"ABD\",\"description\":\"Asociaci\u00f3n Bienestar y Desarrollo\",\"publisher\":{\"@id\":\"https:\\\/\\\/abd.ong\\\/ca\\\/#organization\"},\"potentialAction\":[{\"@type\":\"SearchAction\",\"target\":{\"@type\":\"EntryPoint\",\"urlTemplate\":\"https:\\\/\\\/abd.ong\\\/ca\\\/?s={search_term_string}\"},\"query-input\":{\"@type\":\"PropertyValueSpecification\",\"valueRequired\":true,\"valueName\":\"search_term_string\"}}],\"inLanguage\":\"ca\"},{\"@type\":\"Organization\",\"@id\":\"https:\\\/\\\/abd.ong\\\/ca\\\/#organization\",\"name\":\"Associaci\u00f3 Benestar i Desenvolupament\",\"alternateName\":\"ABD\",\"url\":\"https:\\\/\\\/abd.ong\\\/ca\\\/\",\"logo\":{\"@type\":\"ImageObject\",\"inLanguage\":\"ca\",\"@id\":\"https:\\\/\\\/abd.ong\\\/ca\\\/#\\\/schema\\\/logo\\\/image\\\/\",\"url\":\"https:\\\/\\\/abd.ong\\\/wp-content\\\/uploads\\\/2023\\\/01\\\/Icona.png\",\"contentUrl\":\"https:\\\/\\\/abd.ong\\\/wp-content\\\/uploads\\\/2023\\\/01\\\/Icona.png\",\"width\":190,\"height\":187,\"caption\":\"Associaci\u00f3 Benestar i Desenvolupament\"},\"image\":{\"@id\":\"https:\\\/\\\/abd.ong\\\/ca\\\/#\\\/schema\\\/logo\\\/image\\\/\"},\"sameAs\":[\"https:\\\/\\\/www.facebook.com\\\/abd.ong\",\"https:\\\/\\\/x.com\\\/abd_ong\",\"https:\\\/\\\/www.instagram.com\\\/abd_ong\\\/\",\"https:\\\/\\\/www.linkedin.com\\\/company\\\/abdong\",\"https:\\\/\\\/www.youtube.com\\\/user\\\/CANALABD\"]},{\"@type\":\"Person\",\"@id\":\"https:\\\/\\\/abd.ong\\\/ca\\\/#\\\/schema\\\/person\\\/d2e158b4173f683b3898e286f5b35a10\",\"name\":\"Maria Creixell\"}]}<\/script>\n<!-- \/ Yoast SEO plugin. -->","yoast_head_json":{"title":"Nova convocat\u00f2ria per donar suport a projectes de prevenci\u00f3 i resposta davant les viol\u00e8ncies masclistes - ABD","description":"El projecte europeu Connecting Power - CoPower posa en marxa una nova iniciativa de finan\u00e7ament en cascada amb un pressupost de 300.000 \u20ac.&#13; El","robots":{"index":"index","follow":"follow","max-snippet":"max-snippet:-1","max-image-preview":"max-image-preview:large","max-video-preview":"max-video-preview:-1"},"canonical":"https:\/\/abd.ong\/ca\/internacional-ca\/nova-convocatoria-per-donar-suport-a-projectes-de-prevencio-i-resposta-davant-les-violencies-masclistes\/","og_locale":"ca_ES","og_type":"article","og_title":"Nova convocat\u00f2ria per donar suport a projectes de prevenci\u00f3 i resposta davant les viol\u00e8ncies masclistes - ABD","og_description":"El projecte europeu Connecting Power - CoPower posa en marxa una nova iniciativa de finan\u00e7ament en cascada amb un pressupost de 300.000 \u20ac.&#13; El","og_url":"https:\/\/abd.ong\/ca\/internacional-ca\/nova-convocatoria-per-donar-suport-a-projectes-de-prevencio-i-resposta-davant-les-violencies-masclistes\/","og_site_name":"ABD","article_publisher":"https:\/\/www.facebook.com\/abd.ong","article_published_time":"2026-08-28T09:34:07+00:00","article_modified_time":"2026-09-03T08:24:51+00:00","og_image":[{"width":2048,"height":1365,"url":"https:\/\/abd.ong\/wp-content\/uploads\/2026\/07\/pexels-cottonbro-7130218.jpg","type":"image\/jpeg"}],"author":"Maria Creixell","twitter_card":"summary_large_image","twitter_creator":"@abd_ong","twitter_site":"@abd_ong","twitter_misc":{"Escrit per":"Maria Creixell","Temps estimat de lectura":"3 minuts"},"schema":{"@context":"https:\/\/schema.org","@graph":[{"@type":"Article","@id":"https:\/\/abd.ong\/ca\/internacional-ca\/nova-convocatoria-per-donar-suport-a-projectes-de-prevencio-i-resposta-davant-les-violencies-masclistes\/#article","isPartOf":{"@id":"https:\/\/abd.ong\/ca\/internacional-ca\/nova-convocatoria-per-donar-suport-a-projectes-de-prevencio-i-resposta-davant-les-violencies-masclistes\/"},"author":{"name":"Maria Creixell","@id":"https:\/\/abd.ong\/ca\/#\/schema\/person\/d2e158b4173f683b3898e286f5b35a10"},"headline":"Nova convocat\u00f2ria per donar suport a projectes de prevenci\u00f3 i resposta davant les viol\u00e8ncies masclistes","datePublished":"2026-08-28T09:34:07+00:00","dateModified":"2026-09-03T08:24:51+00:00","mainEntityOfPage":{"@id":"https:\/\/abd.ong\/ca\/internacional-ca\/nova-convocatoria-per-donar-suport-a-projectes-de-prevencio-i-resposta-davant-les-violencies-masclistes\/"},"wordCount":536,"publisher":{"@id":"https:\/\/abd.ong\/ca\/#organization"},"image":{"@id":"https:\/\/abd.ong\/ca\/internacional-ca\/nova-convocatoria-per-donar-suport-a-projectes-de-prevencio-i-resposta-davant-les-violencies-masclistes\/#primaryimage"},"thumbnailUrl":"https:\/\/abd.ong\/wp-content\/uploads\/2026\/07\/pexels-cottonbro-7130218.jpg","keywords":["Asociaci\u00f3n Bienestar y Desarrollo","convocat\u00f2ria de finan\u00e7ament","CoPower","ruralitat","viol\u00e8ncia de g\u00e8nere","viol\u00e8ncia masclista","viol\u00e8ncies masclistes"],"articleSection":["Internacional"],"inLanguage":"ca"},{"@type":"WebPage","@id":"https:\/\/abd.ong\/ca\/internacional-ca\/nova-convocatoria-per-donar-suport-a-projectes-de-prevencio-i-resposta-davant-les-violencies-masclistes\/","url":"https:\/\/abd.ong\/ca\/internacional-ca\/nova-convocatoria-per-donar-suport-a-projectes-de-prevencio-i-resposta-davant-les-violencies-masclistes\/","name":"Nova convocat\u00f2ria per donar suport a projectes de prevenci\u00f3 i resposta davant les viol\u00e8ncies masclistes - ABD","isPartOf":{"@id":"https:\/\/abd.ong\/ca\/#website"},"primaryImageOfPage":{"@id":"https:\/\/abd.ong\/ca\/internacional-ca\/nova-convocatoria-per-donar-suport-a-projectes-de-prevencio-i-resposta-davant-les-violencies-masclistes\/#primaryimage"},"image":{"@id":"https:\/\/abd.ong\/ca\/internacional-ca\/nova-convocatoria-per-donar-suport-a-projectes-de-prevencio-i-resposta-davant-les-violencies-masclistes\/#primaryimage"},"thumbnailUrl":"https:\/\/abd.ong\/wp-content\/uploads\/2026\/07\/pexels-cottonbro-7130218.jpg","datePublished":"2026-08-28T09:34:07+00:00","dateModified":"2026-09-03T08:24:51+00:00","description":"El projecte europeu Connecting Power - CoPower posa en marxa una nova iniciativa de finan\u00e7ament en cascada amb un pressupost de 300.000 \u20ac.&#13; El","breadcrumb":{"@id":"https:\/\/abd.ong\/ca\/internacional-ca\/nova-convocatoria-per-donar-suport-a-projectes-de-prevencio-i-resposta-davant-les-violencies-masclistes\/#breadcrumb"},"inLanguage":"ca","potentialAction":[{"@type":"ReadAction","target":["https:\/\/abd.ong\/ca\/internacional-ca\/nova-convocatoria-per-donar-suport-a-projectes-de-prevencio-i-resposta-davant-les-violencies-masclistes\/"]}]},{"@type":"ImageObject","inLanguage":"ca","@id":"https:\/\/abd.ong\/ca\/internacional-ca\/nova-convocatoria-per-donar-suport-a-projectes-de-prevencio-i-resposta-davant-les-violencies-masclistes\/#primaryimage","url":"https:\/\/abd.ong\/wp-content\/uploads\/2026\/07\/pexels-cottonbro-7130218.jpg","contentUrl":"https:\/\/abd.ong\/wp-content\/uploads\/2026\/07\/pexels-cottonbro-7130218.jpg","width":2048,"height":1365},{"@type":"BreadcrumbList","@id":"https:\/\/abd.ong\/ca\/internacional-ca\/nova-convocatoria-per-donar-suport-a-projectes-de-prevencio-i-resposta-davant-les-violencies-masclistes\/#breadcrumb","itemListElement":[{"@type":"ListItem","position":1,"name":"Inici","item":"https:\/\/abd.ong\/ca\/"},{"@type":"ListItem","position":2,"name":"Nova convocat\u00f2ria per donar suport a projectes de prevenci\u00f3 i resposta davant les viol\u00e8ncies masclistes"}]},{"@type":"WebSite","@id":"https:\/\/abd.ong\/ca\/#website","url":"https:\/\/abd.ong\/ca\/","name":"ABD","description":"Asociaci\u00f3n Bienestar y Desarrollo","publisher":{"@id":"https:\/\/abd.ong\/ca\/#organization"},"potentialAction":[{"@type":"SearchAction","target":{"@type":"EntryPoint","urlTemplate":"https:\/\/abd.ong\/ca\/?s={search_term_string}"},"query-input":{"@type":"PropertyValueSpecification","valueRequired":true,"valueName":"search_term_string"}}],"inLanguage":"ca"},{"@type":"Organization","@id":"https:\/\/abd.ong\/ca\/#organization","name":"Associaci\u00f3 Benestar i Desenvolupament","alternateName":"ABD","url":"https:\/\/abd.ong\/ca\/","logo":{"@type":"ImageObject","inLanguage":"ca","@id":"https:\/\/abd.ong\/ca\/#\/schema\/logo\/image\/","url":"https:\/\/abd.ong\/wp-content\/uploads\/2023\/01\/Icona.png","contentUrl":"https:\/\/abd.ong\/wp-content\/uploads\/2023\/01\/Icona.png","width":190,"height":187,"caption":"Associaci\u00f3 Benestar i Desenvolupament"},"image":{"@id":"https:\/\/abd.ong\/ca\/#\/schema\/logo\/image\/"},"sameAs":["https:\/\/www.facebook.com\/abd.ong","https:\/\/x.com\/abd_ong","https:\/\/www.instagram.com\/abd_ong\/","https:\/\/www.linkedin.com\/company\/abdong","https:\/\/www.youtube.com\/user\/CANALABD"]},{"@type":"Person","@id":"https:\/\/abd.ong\/ca\/#\/schema\/person\/d2e158b4173f683b3898e286f5b35a10","name":"Maria Creixell"}]}},"_links":{"self":[{"href":"https:\/\/abd.ong\/ca\/wp-json\/wp\/v2\/posts\/178537","targetHints":{"allow":["GET"]}}],"collection":[{"href":"https:\/\/abd.ong\/ca\/wp-json\/wp\/v2\/posts"}],"about":[{"href":"https:\/\/abd.ong\/ca\/wp-json\/wp\/v2\/types\/post"}],"author":[{"embeddable":true,"href":"https:\/\/abd.ong\/ca\/wp-json\/wp\/v2\/users\/9"}],"replies":[{"embeddable":true,"href":"https:\/\/abd.ong\/ca\/wp-json\/wp\/v2\/comments?post=178537"}],"version-history":[{"count":4,"href":"https:\/\/abd.ong\/ca\/wp-json\/wp\/v2\/posts\/178537\/revisions"}],"predecessor-version":[{"id":178544,"href":"https:\/\/abd.ong\/ca\/wp-json\/wp\/v2\/posts\/178537\/revisions\/178544"}],"wp:attachment":[{"href":"https:\/\/abd.ong\/ca\/wp-json\/wp\/v2\/media?parent=178537"}],"wp:term":[{"taxonomy":"category","embeddable":true,"href":"https:\/\/abd.ong\/ca\/wp-json\/wp\/v2\/categories?post=178537"},{"taxonomy":"post_tag","embeddable":true,"href":"https:\/\/abd.ong\/ca\/wp-json\/wp\/v2\/tags?post=178537"}],"curies":[{"name":"wp","href":"https:\/\/api.w.org\/{rel}","templated":true}]}}