{"id":178531,"date":"2026-09-02T10:48:05","date_gmt":"2026-09-02T08:48:05","guid":{"rendered":"https:\/\/abd.ong\/sense-categoria\/busquem-voluntariat-per-al-nou-curs\/"},"modified":"2026-09-03T10:20:56","modified_gmt":"2026-09-03T08:20:56","slug":"busquem-voluntariat-per-al-nou-curs","status":"publish","type":"post","link":"https:\/\/abd.ong\/ca\/voluntariat\/busquem-voluntariat-per-al-nou-curs\/","title":{"rendered":"Busquem voluntariat per al nou curs"},"content":{"rendered":"\n<p class=\"wp-block-paragraph\">El <a href=\"https:\/\/abd.ong\/ca\/voluntariat\/\">voluntariat<\/a> \u00e9s una de les peces clau del Grup ABD per poder acompanyar persones en situaci\u00f3 de vulnerabilitat o risc d\u2019exclusi\u00f3 social en els seus processos vitals. Activitats de moviment, creativitat, introducci\u00f3 al m\u00f3n digital o aprenentatge de l\u2019idioma s\u00f3n algunes de les propostes per a aquest curs. Si tens experi\u00e8ncia i ganes de contribuir-hi, apunta-t\u2019hi.<\/p>\n\n\n\n<p class=\"wp-block-paragraph\">Consulta les ofertes i escriu a <a href=\"mailto:voluntariado@abd-ong.org\">voluntariado@abd-ong.org<\/a> exposant el teu inter\u00e8s.<\/p>\n\n\n\n<div style=\"height:30px\" aria-hidden=\"true\" class=\"wp-block-spacer\"><\/div>\n\n\n\n<h4 class=\"wp-block-heading\">Consci\u00e8ncia Corporal \u2013 Acompanya a trav\u00e9s del cos, el moviment i la pres\u00e8ncia.<\/h4>\n\n\n\n<p class=\"wp-block-paragraph\">Aquesta intervenci\u00f3 s\u2019integra en els itineraris de recuperaci\u00f3 emocional i benestar per a persones amb addiccions i patologies de salut mental.<\/p>\n\n\n\n<p class=\"wp-block-paragraph\"><strong>Descripci\u00f3 i funcions:<\/strong><\/p>\n\n\n\n<ul class=\"wp-block-list\">\n<li>Guiar sessions de consci\u00e8ncia corporal i moviment adaptades al col\u00b7lectiu.<\/li>\n\n\n\n<li>Fomentar la creaci\u00f3 d\u2019espais de confian\u00e7a, respecte i pres\u00e8ncia.<\/li>\n\n\n\n<li>Acompanyar el grup en un proc\u00e9s de reconeixement personal i benestar emocional.\r\n<\/li>\n<\/ul>\n\n\n\n<p class=\"wp-block-paragraph\"><strong>Perfil i requisits:<\/strong> Formaci\u00f3 espec\u00edfica en ioga, Ter\u00e0pia Corporal Integrativa (TCI) \u2014disciplina que treballa el car\u00e0cter a trav\u00e9s del bloqueig corporal\u2014, dansater\u00e0pia o disciplines afins. Cal tenir sensibilitat envers col\u00b7lectius en risc d\u2019exclusi\u00f3.<\/p>\n\n\n\n<p class=\"wp-block-paragraph\"><strong data-start=\"0\" data-end=\"20\" data-is-only-node=\"\">Lloc i municipi:<\/strong> Barcelona (Sants).<\/p>\n\n\n\n<div style=\"height:30px\" aria-hidden=\"true\" class=\"wp-block-spacer\"><\/div>\n\n\n\n<h4 class=\"wp-block-heading\">Comparteix el teu art i regala moments de creativitat.<\/h4>\n\n\n\n<p class=\"wp-block-paragraph\">L\u2019expressi\u00f3 art\u00edstica \u00e9s fonamental per a l\u2019envelliment actiu, ja que contribueix a mitigar el deteriorament cognitiu i a fomentar l\u2019autoestima de les persones grans a trav\u00e9s del moviment compartit.\r\n<\/p>\n\n\n\n<p class=\"wp-block-paragraph\"><strong>\u00c0mbit\/Col\u00b7lectiu:<\/strong> Persones grans.<\/p>\n\n\n\n<p class=\"wp-block-paragraph\"><strong>Descripci\u00f3 i funcions:<\/strong><\/p>\n\n\n\n<ul class=\"wp-block-list\">\n<li>Dinamitzaci\u00f3 de sessions de ball, dansa o expressi\u00f3 corporal adaptades a les capacitats f\u00edsiques del grup.\r\n<\/li>\n\n\n\n<li>Preparaci\u00f3n de contenidos art\u00edsticos que fomenten la participaci\u00f3n y la creatividad.<\/li>\n\n\n\n<li>Creaci\u00f3 d\u2019un entorn de socialitzaci\u00f3 i alegria per a les persones participants.<\/li>\n<\/ul>\n\n\n\n<p class=\"wp-block-paragraph\"><strong>Perfil i requisits:<\/strong> Persona amb habilitats en dansa o art, amb capacitat de transmissi\u00f3 i paci\u00e8ncia per adaptar-se als ritmes de les persones grans.<\/p>\n\n\n\n<p class=\"wp-block-paragraph\"><strong>Dedicaci\u00f3 i horaris:<\/strong> 1 dia a la setmana (de dilluns a divendres), entre les 11.00 i les 13.00 h. L\u2019activitat pot tenir un car\u00e0cter quinzenal o setmanal, segons la disponibilitat de la persona volunt\u00e0ria.<\/p>\n\n\n\n<p class=\"wp-block-paragraph\"><strong>Lloc i municipi:<\/strong> Barcelona.<\/p>\n\n\n\n<div style=\"height:30px\" aria-hidden=\"true\" class=\"wp-block-spacer\"><\/div>\n\n\n\n<h4 class=\"wp-block-heading\">Acompanya persones a descobrir el m\u00f3n digital.<\/h4>\n\n\n\n<p class=\"wp-block-paragraph\">La bretxa digital \u00e9s una de les formes contempor\u00e0nies m\u00e9s severes d\u2019exclusi\u00f3 social. Sense compet\u00e8ncies tecnol\u00f2giques, l\u2019acc\u00e9s als drets i la cerca de feina s\u00f3n gaireb\u00e9 impossibles.\r\n<\/p>\n\n\n\n<p class=\"wp-block-paragraph\"><strong>\u00c0mbit\/Col\u00b7lectiu:<\/strong> Persones en cerca de feina amb baixa autonomia digital.<\/p>\n\n\n\n<p class=\"wp-block-paragraph\"><strong>Descripci\u00f3 i funcions:<\/strong><\/p>\n\n\n\n<ul class=\"wp-block-list\">\n<li>Acompanyar petits grups (4-5 persones) en l\u2019\u00fas b\u00e0sic de l\u2019ordinador i dels dispositius m\u00f2bils.\r\n<\/li>\n\n\n\n<li>Facilitar formacions digitals adaptades per fer tr\u00e0mits de la vida quotidiana.\r\n<\/li>\n\n\n\n<li>Donar suport en l\u2019\u00fas d\u2019eines digitals per a la cerca de feina.<\/li>\n<\/ul>\n\n\n\n<p class=\"wp-block-paragraph\"><strong>Perfil i requisits:<\/strong> Coneixements inform\u00e0tics de nivell mitj\u00e0, habilitats pedag\u00f2giques, paci\u00e8ncia i empatia.<\/p>\n\n\n\n<p class=\"wp-block-paragraph\"><strong>Dedicaci\u00f3 i horaris:<\/strong> Matins (de 10.00 a 11.30 h o de 12.00 a 13.30 h). Es requereix comprom\u00eds de continu\u00eftat.<\/p>\n\n\n\n<p class=\"wp-block-paragraph\"><strong>Lloc i municipi:<\/strong> Barcelona (districte de Sants) i l\u2019Hospitalet de Llobregat (la Torrassa).<\/p>\n\n\n\n<p class=\"wp-block-paragraph\">Per a ABD, aquest voluntariat \u00e9s clau per garantir que les persones usu\u00e0ries dels nostres serveis i recursos no quedin excloses dels circuits administratius i laborals actuals, mitigant aix\u00ed el risc de cronificaci\u00f3 de la pobresa.\r\n<\/p>\n\n\n\n<div style=\"height:30px\" aria-hidden=\"true\" class=\"wp-block-spacer\"><\/div>\n\n\n\n<h4 class=\"wp-block-heading\">Acompanya persones en el seu cam\u00ed cap a l\u2019ocupaci\u00f3.<\/h4>\n\n\n\n<p class=\"wp-block-paragraph\"><strong>\u00c0mbit\/Col\u00b7lectiu:<\/strong> Persones en situaci\u00f3 de vulnerabilitat (inserci\u00f3 laboral).<\/p>\n\n\n\n<p class=\"wp-block-paragraph\"><strong>Descripci\u00f3 i funcions:<\/strong><\/p>\n\n\n\n<ul class=\"wp-block-list\">\n<li>Gesti\u00f3 i actualitzaci\u00f3 de la borsa de treball.<\/li>\n\n\n\n<li>Atenci\u00f3 presencial i telef\u00f2nica per a la cerca d\u2019ofertes de feina.<\/li>\n\n\n\n<li>Suport en la redacci\u00f3 de curr\u00edculums, fitxes d\u2019ocupabilitat i alta en plataformes laborals.\r\n<\/li>\n\n\n\n<li>Col\u00b7laboraci\u00f3 en tallers de millora de compet\u00e8ncies.<\/li>\n<\/ul>\n\n\n\n<p class=\"wp-block-paragraph\"><strong>Perfil i requisits:<\/strong> Persona organitzada, amb orientaci\u00f3 al servei i bones habilitats comunicatives. Es valora experi\u00e8ncia pr\u00e8via en inserci\u00f3 laboral o coneixement del mercat de treball.<\/p>\n\n\n\n<p class=\"wp-block-paragraph\"><strong>Dedicaci\u00f3 i horaris:<\/strong> 1 dia a la setmana (de dilluns a divendres), de 9.00 a 15.00 h. Es valora la continu\u00eftat.<\/p>\n\n\n\n<p class=\"wp-block-paragraph\"><strong data-start=\"0\" data-end=\"20\" data-is-only-node=\"\">Lloc i municipi:<\/strong> Barcelona (districte de Sants).<\/p>\n\n\n\n<div style=\"height:30px\" aria-hidden=\"true\" class=\"wp-block-spacer\"><\/div>\n\n\n\n<h4 class=\"wp-block-heading\">Espai de conversa en catal\u00e0: aprenentatge i acollida.<\/h4>\n\n\n\n<p class=\"wp-block-paragraph\"><strong>\u00c0mbit\/Col\u00b7lectiu:<\/strong> Persones migrants adultes.<\/p>\n\n\n\n<p class=\"wp-block-paragraph\"><strong>Descripci\u00f3 i funcions:<\/strong><\/p>\n\n\n\n<ul class=\"wp-block-list\">\n<li>Dinamitzaci\u00f3 de sessions de conversa oral per millorar la flu\u00efdesa.<\/li>\n\n\n\n<li>Facilitar situacions comunicatives d\u2019\u00fas quotidi\u00e0 per guanyar autonomia.<\/li>\n\n\n\n<li>Fomentar l\u2019intercanvi cultural a trav\u00e9s de la llengua.<\/li>\n<\/ul>\n\n\n\n<p class=\"wp-block-paragraph\"><strong>Perfil i requisits:<\/strong> Domini fluid del catal\u00e0, empatia i motivaci\u00f3 per l\u2019acollida de persones nouvingudes.<\/p>\n\n\n\n<p class=\"wp-block-paragraph\"><strong>Dedicaci\u00f3 i horaris:<\/strong> Sessions setmanals d\u20191,5 a 2 hores (matins o tardes segons la disponibilitat del centre).<\/p>\n\n\n\n<p class=\"wp-block-paragraph\"><strong>Lloc i municipi:<\/strong> Barcelona i l\u2019Hospitalet de Llobregat.<\/p>\n\n\n\n<div style=\"height:30px\" aria-hidden=\"true\" class=\"wp-block-spacer\"><\/div>\n\n\n\n<h4 class=\"wp-block-heading\">Persones volunt\u00e0ries per impartir classes de castell\u00e0.<\/h4>\n\n\n\n<p class=\"wp-block-paragraph\"><strong data-start=\"0\" data-end=\"21\" data-is-only-node=\"\">\u00c0mbit\/Col\u00b7lectiu:<\/strong> Persones migrades adultes amb un nivell baix d\u2019alfabetitzaci\u00f3.<\/p>\n\n\n\n<p class=\"wp-block-paragraph\"><strong>Descripci\u00f3 i funcions:<\/strong><\/p>\n\n\n\n<ul class=\"wp-block-list\">\n<li>Impartici\u00f3 de classes de castell\u00e0 oral i escrit adaptades al nivell inicial.<\/li>\n\n\n\n<li>Acompanyament en el proc\u00e9s d\u2019aprenentatge de la lectoescriptura.<\/li>\n\n\n\n<li>Foment de la confian\u00e7a i l\u2019autonomia comunicativa en l\u2019\u00e0mbit social.<\/li>\n<\/ul>\n\n\n\n<p class=\"wp-block-paragraph\"><strong>Perfil i requisits:<\/strong> Motivaci\u00f3 docent, paci\u00e8ncia i gran sensibilitat envers la realitat migrat\u00f2ria. Comprom\u00eds ferm de continu\u00eftat per no interrompre el proc\u00e9s d\u2019aprenentatge.<\/p>\n\n\n\n<p class=\"wp-block-paragraph\"><strong>Dedicaci\u00f3 i horaris:<\/strong><\/p>\n\n\n\n<p class=\"wp-block-paragraph\">Sants: Dilluns (10.00-11.30 h) o dimecres (12.00-13.30 h).<\/p>\n\n\n\n<p class=\"wp-block-paragraph\">L\u2019Hospitalet (Collblanc-la Torrassa): Dijous (10.00-12.00 h).<\/p>\n\n\n\n<p class=\"wp-block-paragraph\"><strong>Lloc i municipi:<\/strong> Barcelona i l\u2019Hospitalet de Llobregat.<\/p>\n\n\n\n<div style=\"height:30px\" aria-hidden=\"true\" class=\"wp-block-spacer\"><\/div>\n\n\n\n<p class=\"wp-block-paragraph\">Us convidem a formar part d\u2019una xarxa de comprom\u00eds que transforma la realitat.<\/p>\n\n\n\n<p class=\"wp-block-paragraph\">El vostre coneixement i la vostra motivaci\u00f3 s\u00f3n les eines m\u00e9s potents per generar noves oportunitats vitals.\r\n<\/p>\n","protected":false},"excerpt":{"rendered":"<p>El voluntariat \u00e9s una de les peces clau del Grup ABD per poder acompanyar persones en situaci\u00f3 de vulnerabilitat o risc d\u2019exclusi\u00f3 social en els seus processos vitals. Activitats de&hellip;<\/p>\n","protected":false},"author":9,"featured_media":178530,"comment_status":"closed","ping_status":"closed","sticky":false,"template":"","format":"standard","meta":{"_acf_changed":false,"footnotes":""},"categories":[83],"tags":[],"class_list":["post-178531","post","type-post","status-publish","format-standard","has-post-thumbnail","hentry","category-voluntariat"],"acf":[],"yoast_head":"<!-- This site is optimized with the Yoast SEO plugin v28.4 - https:\/\/yoast.com\/product\/yoast-seo-wordpress\/ -->\n<title>Busquem voluntariat per al nou curs - ABD<\/title>\n<meta name=\"description\" content=\"El voluntariat \u00e9s una de les peces clau del Grup ABD per poder acompanyar persones en situaci\u00f3 de vulnerabilitat o risc d\u2019exclusi\u00f3 social en els seus\" \/>\n<meta name=\"robots\" content=\"index, follow, max-snippet:-1, max-image-preview:large, max-video-preview:-1\" \/>\n<link rel=\"canonical\" href=\"https:\/\/abd.ong\/ca\/voluntariat\/busquem-voluntariat-per-al-nou-curs\/\" \/>\n<meta property=\"og:locale\" content=\"ca_ES\" \/>\n<meta property=\"og:type\" content=\"article\" \/>\n<meta property=\"og:title\" content=\"Busquem voluntariat per al nou curs - ABD\" \/>\n<meta property=\"og:description\" content=\"El voluntariat \u00e9s una de les peces clau del Grup ABD per poder acompanyar persones en situaci\u00f3 de vulnerabilitat o risc d\u2019exclusi\u00f3 social en els seus\" \/>\n<meta property=\"og:url\" content=\"https:\/\/abd.ong\/ca\/voluntariat\/busquem-voluntariat-per-al-nou-curs\/\" \/>\n<meta property=\"og:site_name\" content=\"ABD\" \/>\n<meta property=\"article:publisher\" content=\"https:\/\/www.facebook.com\/abd.ong\" \/>\n<meta property=\"article:published_time\" content=\"2026-09-02T08:48:05+00:00\" \/>\n<meta property=\"article:modified_time\" content=\"2026-09-03T08:20:56+00:00\" \/>\n<meta property=\"og:image\" content=\"https:\/\/abd.ong\/wp-content\/uploads\/2026\/09\/imatge-2-1024x592.jpg-e1788338838976.webp\" \/>\n\t<meta property=\"og:image:width\" content=\"1024\" \/>\n\t<meta property=\"og:image:height\" content=\"450\" \/>\n\t<meta property=\"og:image:type\" content=\"image\/webp\" \/>\n<meta name=\"author\" content=\"Maria Creixell\" \/>\n<meta name=\"twitter:card\" content=\"summary_large_image\" \/>\n<meta name=\"twitter:creator\" content=\"@abd_ong\" \/>\n<meta name=\"twitter:site\" content=\"@abd_ong\" \/>\n<meta name=\"twitter:label1\" content=\"Escrit per\" \/>\n\t<meta name=\"twitter:data1\" content=\"Maria Creixell\" \/>\n\t<meta name=\"twitter:label2\" content=\"Temps estimat de lectura\" \/>\n\t<meta name=\"twitter:data2\" content=\"4 minuts\" \/>\n<script type=\"application\/ld+json\" class=\"yoast-schema-graph\">{\"@context\":\"https:\\\/\\\/schema.org\",\"@graph\":[{\"@type\":\"Article\",\"@id\":\"https:\\\/\\\/abd.ong\\\/ca\\\/voluntariat\\\/busquem-voluntariat-per-al-nou-curs\\\/#article\",\"isPartOf\":{\"@id\":\"https:\\\/\\\/abd.ong\\\/ca\\\/voluntariat\\\/busquem-voluntariat-per-al-nou-curs\\\/\"},\"author\":{\"name\":\"Maria Creixell\",\"@id\":\"https:\\\/\\\/abd.ong\\\/ca\\\/#\\\/schema\\\/person\\\/d2e158b4173f683b3898e286f5b35a10\"},\"headline\":\"Busquem voluntariat per al nou curs\",\"datePublished\":\"2026-09-02T08:48:05+00:00\",\"dateModified\":\"2026-09-03T08:20:56+00:00\",\"mainEntityOfPage\":{\"@id\":\"https:\\\/\\\/abd.ong\\\/ca\\\/voluntariat\\\/busquem-voluntariat-per-al-nou-curs\\\/\"},\"wordCount\":908,\"publisher\":{\"@id\":\"https:\\\/\\\/abd.ong\\\/ca\\\/#organization\"},\"image\":{\"@id\":\"https:\\\/\\\/abd.ong\\\/ca\\\/voluntariat\\\/busquem-voluntariat-per-al-nou-curs\\\/#primaryimage\"},\"thumbnailUrl\":\"https:\\\/\\\/abd.ong\\\/wp-content\\\/uploads\\\/2026\\\/09\\\/imatge-2-1024x592.jpg-e1788338838976.webp\",\"articleSection\":[\"Voluntariat\"],\"inLanguage\":\"ca\"},{\"@type\":\"WebPage\",\"@id\":\"https:\\\/\\\/abd.ong\\\/ca\\\/voluntariat\\\/busquem-voluntariat-per-al-nou-curs\\\/\",\"url\":\"https:\\\/\\\/abd.ong\\\/ca\\\/voluntariat\\\/busquem-voluntariat-per-al-nou-curs\\\/\",\"name\":\"Busquem voluntariat per al nou curs - ABD\",\"isPartOf\":{\"@id\":\"https:\\\/\\\/abd.ong\\\/ca\\\/#website\"},\"primaryImageOfPage\":{\"@id\":\"https:\\\/\\\/abd.ong\\\/ca\\\/voluntariat\\\/busquem-voluntariat-per-al-nou-curs\\\/#primaryimage\"},\"image\":{\"@id\":\"https:\\\/\\\/abd.ong\\\/ca\\\/voluntariat\\\/busquem-voluntariat-per-al-nou-curs\\\/#primaryimage\"},\"thumbnailUrl\":\"https:\\\/\\\/abd.ong\\\/wp-content\\\/uploads\\\/2026\\\/09\\\/imatge-2-1024x592.jpg-e1788338838976.webp\",\"datePublished\":\"2026-09-02T08:48:05+00:00\",\"dateModified\":\"2026-09-03T08:20:56+00:00\",\"description\":\"El voluntariat \u00e9s una de les peces clau del Grup ABD per poder acompanyar persones en situaci\u00f3 de vulnerabilitat o risc d\u2019exclusi\u00f3 social en els seus\",\"breadcrumb\":{\"@id\":\"https:\\\/\\\/abd.ong\\\/ca\\\/voluntariat\\\/busquem-voluntariat-per-al-nou-curs\\\/#breadcrumb\"},\"inLanguage\":\"ca\",\"potentialAction\":[{\"@type\":\"ReadAction\",\"target\":[\"https:\\\/\\\/abd.ong\\\/ca\\\/voluntariat\\\/busquem-voluntariat-per-al-nou-curs\\\/\"]}]},{\"@type\":\"ImageObject\",\"inLanguage\":\"ca\",\"@id\":\"https:\\\/\\\/abd.ong\\\/ca\\\/voluntariat\\\/busquem-voluntariat-per-al-nou-curs\\\/#primaryimage\",\"url\":\"https:\\\/\\\/abd.ong\\\/wp-content\\\/uploads\\\/2026\\\/09\\\/imatge-2-1024x592.jpg-e1788338838976.webp\",\"contentUrl\":\"https:\\\/\\\/abd.ong\\\/wp-content\\\/uploads\\\/2026\\\/09\\\/imatge-2-1024x592.jpg-e1788338838976.webp\",\"width\":1024,\"height\":450},{\"@type\":\"BreadcrumbList\",\"@id\":\"https:\\\/\\\/abd.ong\\\/ca\\\/voluntariat\\\/busquem-voluntariat-per-al-nou-curs\\\/#breadcrumb\",\"itemListElement\":[{\"@type\":\"ListItem\",\"position\":1,\"name\":\"Inici\",\"item\":\"https:\\\/\\\/abd.ong\\\/ca\\\/\"},{\"@type\":\"ListItem\",\"position\":2,\"name\":\"Busquem voluntariat per al nou curs\"}]},{\"@type\":\"WebSite\",\"@id\":\"https:\\\/\\\/abd.ong\\\/ca\\\/#website\",\"url\":\"https:\\\/\\\/abd.ong\\\/ca\\\/\",\"name\":\"ABD\",\"description\":\"Asociaci\u00f3n Bienestar y Desarrollo\",\"publisher\":{\"@id\":\"https:\\\/\\\/abd.ong\\\/ca\\\/#organization\"},\"potentialAction\":[{\"@type\":\"SearchAction\",\"target\":{\"@type\":\"EntryPoint\",\"urlTemplate\":\"https:\\\/\\\/abd.ong\\\/ca\\\/?s={search_term_string}\"},\"query-input\":{\"@type\":\"PropertyValueSpecification\",\"valueRequired\":true,\"valueName\":\"search_term_string\"}}],\"inLanguage\":\"ca\"},{\"@type\":\"Organization\",\"@id\":\"https:\\\/\\\/abd.ong\\\/ca\\\/#organization\",\"name\":\"Associaci\u00f3 Benestar i Desenvolupament\",\"alternateName\":\"ABD\",\"url\":\"https:\\\/\\\/abd.ong\\\/ca\\\/\",\"logo\":{\"@type\":\"ImageObject\",\"inLanguage\":\"ca\",\"@id\":\"https:\\\/\\\/abd.ong\\\/ca\\\/#\\\/schema\\\/logo\\\/image\\\/\",\"url\":\"https:\\\/\\\/abd.ong\\\/wp-content\\\/uploads\\\/2023\\\/01\\\/Icona.png\",\"contentUrl\":\"https:\\\/\\\/abd.ong\\\/wp-content\\\/uploads\\\/2023\\\/01\\\/Icona.png\",\"width\":190,\"height\":187,\"caption\":\"Associaci\u00f3 Benestar i Desenvolupament\"},\"image\":{\"@id\":\"https:\\\/\\\/abd.ong\\\/ca\\\/#\\\/schema\\\/logo\\\/image\\\/\"},\"sameAs\":[\"https:\\\/\\\/www.facebook.com\\\/abd.ong\",\"https:\\\/\\\/x.com\\\/abd_ong\",\"https:\\\/\\\/www.instagram.com\\\/abd_ong\\\/\",\"https:\\\/\\\/www.linkedin.com\\\/company\\\/abdong\",\"https:\\\/\\\/www.youtube.com\\\/user\\\/CANALABD\"]},{\"@type\":\"Person\",\"@id\":\"https:\\\/\\\/abd.ong\\\/ca\\\/#\\\/schema\\\/person\\\/d2e158b4173f683b3898e286f5b35a10\",\"name\":\"Maria Creixell\"}]}<\/script>\n<!-- \/ Yoast SEO plugin. -->","yoast_head_json":{"title":"Busquem voluntariat per al nou curs - ABD","description":"El voluntariat \u00e9s una de les peces clau del Grup ABD per poder acompanyar persones en situaci\u00f3 de vulnerabilitat o risc d\u2019exclusi\u00f3 social en els seus","robots":{"index":"index","follow":"follow","max-snippet":"max-snippet:-1","max-image-preview":"max-image-preview:large","max-video-preview":"max-video-preview:-1"},"canonical":"https:\/\/abd.ong\/ca\/voluntariat\/busquem-voluntariat-per-al-nou-curs\/","og_locale":"ca_ES","og_type":"article","og_title":"Busquem voluntariat per al nou curs - ABD","og_description":"El voluntariat \u00e9s una de les peces clau del Grup ABD per poder acompanyar persones en situaci\u00f3 de vulnerabilitat o risc d\u2019exclusi\u00f3 social en els seus","og_url":"https:\/\/abd.ong\/ca\/voluntariat\/busquem-voluntariat-per-al-nou-curs\/","og_site_name":"ABD","article_publisher":"https:\/\/www.facebook.com\/abd.ong","article_published_time":"2026-09-02T08:48:05+00:00","article_modified_time":"2026-09-03T08:20:56+00:00","og_image":[{"width":1024,"height":450,"url":"https:\/\/abd.ong\/wp-content\/uploads\/2026\/09\/imatge-2-1024x592.jpg-e1788338838976.webp","type":"image\/webp"}],"author":"Maria Creixell","twitter_card":"summary_large_image","twitter_creator":"@abd_ong","twitter_site":"@abd_ong","twitter_misc":{"Escrit per":"Maria Creixell","Temps estimat de lectura":"4 minuts"},"schema":{"@context":"https:\/\/schema.org","@graph":[{"@type":"Article","@id":"https:\/\/abd.ong\/ca\/voluntariat\/busquem-voluntariat-per-al-nou-curs\/#article","isPartOf":{"@id":"https:\/\/abd.ong\/ca\/voluntariat\/busquem-voluntariat-per-al-nou-curs\/"},"author":{"name":"Maria Creixell","@id":"https:\/\/abd.ong\/ca\/#\/schema\/person\/d2e158b4173f683b3898e286f5b35a10"},"headline":"Busquem voluntariat per al nou curs","datePublished":"2026-09-02T08:48:05+00:00","dateModified":"2026-09-03T08:20:56+00:00","mainEntityOfPage":{"@id":"https:\/\/abd.ong\/ca\/voluntariat\/busquem-voluntariat-per-al-nou-curs\/"},"wordCount":908,"publisher":{"@id":"https:\/\/abd.ong\/ca\/#organization"},"image":{"@id":"https:\/\/abd.ong\/ca\/voluntariat\/busquem-voluntariat-per-al-nou-curs\/#primaryimage"},"thumbnailUrl":"https:\/\/abd.ong\/wp-content\/uploads\/2026\/09\/imatge-2-1024x592.jpg-e1788338838976.webp","articleSection":["Voluntariat"],"inLanguage":"ca"},{"@type":"WebPage","@id":"https:\/\/abd.ong\/ca\/voluntariat\/busquem-voluntariat-per-al-nou-curs\/","url":"https:\/\/abd.ong\/ca\/voluntariat\/busquem-voluntariat-per-al-nou-curs\/","name":"Busquem voluntariat per al nou curs - ABD","isPartOf":{"@id":"https:\/\/abd.ong\/ca\/#website"},"primaryImageOfPage":{"@id":"https:\/\/abd.ong\/ca\/voluntariat\/busquem-voluntariat-per-al-nou-curs\/#primaryimage"},"image":{"@id":"https:\/\/abd.ong\/ca\/voluntariat\/busquem-voluntariat-per-al-nou-curs\/#primaryimage"},"thumbnailUrl":"https:\/\/abd.ong\/wp-content\/uploads\/2026\/09\/imatge-2-1024x592.jpg-e1788338838976.webp","datePublished":"2026-09-02T08:48:05+00:00","dateModified":"2026-09-03T08:20:56+00:00","description":"El voluntariat \u00e9s una de les peces clau del Grup ABD per poder acompanyar persones en situaci\u00f3 de vulnerabilitat o risc d\u2019exclusi\u00f3 social en els seus","breadcrumb":{"@id":"https:\/\/abd.ong\/ca\/voluntariat\/busquem-voluntariat-per-al-nou-curs\/#breadcrumb"},"inLanguage":"ca","potentialAction":[{"@type":"ReadAction","target":["https:\/\/abd.ong\/ca\/voluntariat\/busquem-voluntariat-per-al-nou-curs\/"]}]},{"@type":"ImageObject","inLanguage":"ca","@id":"https:\/\/abd.ong\/ca\/voluntariat\/busquem-voluntariat-per-al-nou-curs\/#primaryimage","url":"https:\/\/abd.ong\/wp-content\/uploads\/2026\/09\/imatge-2-1024x592.jpg-e1788338838976.webp","contentUrl":"https:\/\/abd.ong\/wp-content\/uploads\/2026\/09\/imatge-2-1024x592.jpg-e1788338838976.webp","width":1024,"height":450},{"@type":"BreadcrumbList","@id":"https:\/\/abd.ong\/ca\/voluntariat\/busquem-voluntariat-per-al-nou-curs\/#breadcrumb","itemListElement":[{"@type":"ListItem","position":1,"name":"Inici","item":"https:\/\/abd.ong\/ca\/"},{"@type":"ListItem","position":2,"name":"Busquem voluntariat per al nou curs"}]},{"@type":"WebSite","@id":"https:\/\/abd.ong\/ca\/#website","url":"https:\/\/abd.ong\/ca\/","name":"ABD","description":"Asociaci\u00f3n Bienestar y Desarrollo","publisher":{"@id":"https:\/\/abd.ong\/ca\/#organization"},"potentialAction":[{"@type":"SearchAction","target":{"@type":"EntryPoint","urlTemplate":"https:\/\/abd.ong\/ca\/?s={search_term_string}"},"query-input":{"@type":"PropertyValueSpecification","valueRequired":true,"valueName":"search_term_string"}}],"inLanguage":"ca"},{"@type":"Organization","@id":"https:\/\/abd.ong\/ca\/#organization","name":"Associaci\u00f3 Benestar i Desenvolupament","alternateName":"ABD","url":"https:\/\/abd.ong\/ca\/","logo":{"@type":"ImageObject","inLanguage":"ca","@id":"https:\/\/abd.ong\/ca\/#\/schema\/logo\/image\/","url":"https:\/\/abd.ong\/wp-content\/uploads\/2023\/01\/Icona.png","contentUrl":"https:\/\/abd.ong\/wp-content\/uploads\/2023\/01\/Icona.png","width":190,"height":187,"caption":"Associaci\u00f3 Benestar i Desenvolupament"},"image":{"@id":"https:\/\/abd.ong\/ca\/#\/schema\/logo\/image\/"},"sameAs":["https:\/\/www.facebook.com\/abd.ong","https:\/\/x.com\/abd_ong","https:\/\/www.instagram.com\/abd_ong\/","https:\/\/www.linkedin.com\/company\/abdong","https:\/\/www.youtube.com\/user\/CANALABD"]},{"@type":"Person","@id":"https:\/\/abd.ong\/ca\/#\/schema\/person\/d2e158b4173f683b3898e286f5b35a10","name":"Maria Creixell"}]}},"_links":{"self":[{"href":"https:\/\/abd.ong\/ca\/wp-json\/wp\/v2\/posts\/178531","targetHints":{"allow":["GET"]}}],"collection":[{"href":"https:\/\/abd.ong\/ca\/wp-json\/wp\/v2\/posts"}],"about":[{"href":"https:\/\/abd.ong\/ca\/wp-json\/wp\/v2\/types\/post"}],"author":[{"embeddable":true,"href":"https:\/\/abd.ong\/ca\/wp-json\/wp\/v2\/users\/9"}],"replies":[{"embeddable":true,"href":"https:\/\/abd.ong\/ca\/wp-json\/wp\/v2\/comments?post=178531"}],"version-history":[{"count":4,"href":"https:\/\/abd.ong\/ca\/wp-json\/wp\/v2\/posts\/178531\/revisions"}],"predecessor-version":[{"id":178542,"href":"https:\/\/abd.ong\/ca\/wp-json\/wp\/v2\/posts\/178531\/revisions\/178542"}],"wp:featuredmedia":[{"embeddable":true,"href":"https:\/\/abd.ong\/ca\/wp-json\/wp\/v2\/media\/178530"}],"wp:attachment":[{"href":"https:\/\/abd.ong\/ca\/wp-json\/wp\/v2\/media?parent=178531"}],"wp:term":[{"taxonomy":"category","embeddable":true,"href":"https:\/\/abd.ong\/ca\/wp-json\/wp\/v2\/categories?post=178531"},{"taxonomy":"post_tag","embeddable":true,"href":"https:\/\/abd.ong\/ca\/wp-json\/wp\/v2\/tags?post=178531"}],"curies":[{"name":"wp","href":"https:\/\/api.w.org\/{rel}","templated":true}]}}