{"id":178484,"date":"2026-09-01T12:21:50","date_gmt":"2026-09-01T10:21:50","guid":{"rendered":"https:\/\/abd.ong\/?p=178484"},"modified":"2026-09-01T12:23:28","modified_gmt":"2026-09-01T10:23:28","slug":"el-grup-abd-als-mitjans-de-comunicacio-durant-el-agost","status":"publish","type":"post","link":"https:\/\/abd.ong\/ca\/general-ca\/el-grup-abd-als-mitjans-de-comunicacio-durant-el-agost\/","title":{"rendered":"El Grup ABD als mitjans de comunicaci\u00f3 durant el agost"},"content":{"rendered":"\n<p><\/p>\n\n\n\n<h4 class=\"wp-block-heading\">Aquest \u00e9s el resum de premsa de les not\u00edcies, articles i reportatges en qu\u00e8 ha participat la nostra organitzaci\u00f3<\/h4>\n\n\n\n<div style=\"height:57px\" aria-hidden=\"true\" class=\"wp-block-spacer\"><\/div>\n\n\n\n<p><strong>01\/08\/2026<\/strong> <strong>\u2013 El Mundo<\/strong><\/p>\n\n\n\n<p>El diari <strong><a href=\"https:\/\/www.elmundo.es\/\">El Mundo<\/a><\/strong> es fa ress\u00f2 de l\u2019\u00faltim informe d\u2019<strong><a href=\"https:\/\/energycontrol.org\/\">Energy Control<\/a><\/strong>, el programa de reducci\u00f3 de danys d\u2019ABD, sobre l\u2019adulteraci\u00f3 de drogues a Espanya. L\u2019estudi, <em>Sustancias ocultas<\/em>, revela que el <strong>42% de les mostres de coca\u00efna analitzades entre 2016 i 2025 estaven adulterades<\/strong> amb altres subst\u00e0ncies actives. El <strong>levamisol<\/strong>, un antiparasitari l\u2019\u00fas del qual en humans ha estat retirat o restringit en nombrosos pa\u00efsos, \u00e9s l\u2019adulterant m\u00e9s habitual. El mitj\u00e0 tamb\u00e9 destaca <strong>l\u2019augment de la puresa de la coca\u00efna durant l\u2019\u00faltima d\u00e8cada<\/strong> i la import\u00e0ncia dels serveis d\u2019an\u00e0lisi per identificar subst\u00e0ncies ocultes, reduir riscos i facilitar informaci\u00f3 fiable a les persones consumidores.<\/p>\n\n\n\n<p><a href=\"https:\/\/www.elmundo.es\/madrid\/2026\/08\/01\/6a512040e4d4d8625b8b4584.html\" target=\"_blank\" rel=\"noreferrer noopener\">El c\u00f3ctel tras el aumento del consumo de coca\u00edna: el 42% est\u00e1 adulterada y el corte m\u00e1s habitual es un antiparasitario prohibido para humanos<\/a><\/p>\n\n\n\n<figure class=\"wp-block-image size-full\"><img fetchpriority=\"high\" decoding=\"async\" width=\"1292\" height=\"1032\" src=\"https:\/\/abd.ong\/wp-content\/uploads\/2026\/09\/cocaina646.jpg\" alt=\"\" class=\"wp-image-178486\" srcset=\"https:\/\/abd.ong\/wp-content\/uploads\/2026\/09\/cocaina646.jpg 1292w, https:\/\/abd.ong\/wp-content\/uploads\/2026\/09\/cocaina646-300x240.jpg 300w, https:\/\/abd.ong\/wp-content\/uploads\/2026\/09\/cocaina646-1024x818.jpg 1024w, https:\/\/abd.ong\/wp-content\/uploads\/2026\/09\/cocaina646-768x613.jpg 768w\" sizes=\"(max-width: 1292px) 100vw, 1292px\" \/><\/figure>\n\n\n\n<div style=\"height:30px\" aria-hidden=\"true\" class=\"wp-block-spacer\"><\/div>\n\n\n\n<p><strong>08\/08\/2026 \u2013 3cat<\/strong><\/p>\n\n\n\n<p>El programa <em>Catalunya Migdia<\/em> de <strong><a href=\"https:\/\/www.3cat.cat\/3cat\/\">3Cat<\/a><\/strong> aborda la desarticulaci\u00f3 a Catalunya d\u2019una branca del <strong>C\u00e0rtel Jalisco Nova Generaci\u00f3<\/strong> dedicada al tr\u00e0fic internacional de metamfetamina. En aquest context, <strong>Josep Rovira<\/strong>, director d\u2019<strong><a href=\"https:\/\/energycontrol.org\/\">Energy Control<\/a><\/strong>, el programa de reducci\u00f3 de danys d\u2019ABD, explica en declaracions a 3Cat les caracter\u00edstiques i els riscos d\u2019aquesta subst\u00e0ncia i assenyala que el seu consum ha experimentat <strong>un increment important durant els \u00faltims cinc anys, especialment a la ciutat de Barcelona<\/strong>. La informaci\u00f3 i la intervenci\u00f3 d\u2019Energy Control es poden escoltar <strong>a partir del minut 28 del programa<\/strong>.<\/p>\n\n\n\n<p><a href=\"https:\/\/www.3cat.cat\/3cat\/catalunya-migdia-de-14-a-15-h-05082026\/audio\/1287733\/?ext=SM_WP_F4_CE24_\" target=\"_blank\" rel=\"noreferrer noopener\">3Cat entrevista a Energy Control tras la incautaci\u00f3n de 2,5 toneladas de metanfetamina en Catalunya<\/a><\/p>\n\n\n\n<figure class=\"wp-block-image size-full\"><img decoding=\"async\" width=\"1800\" height=\"1013\" src=\"https:\/\/abd.ong\/wp-content\/uploads\/2026\/09\/Persones-Fons-Corporatiu-31.png\" alt=\"\" class=\"wp-image-178487\" srcset=\"https:\/\/abd.ong\/wp-content\/uploads\/2026\/09\/Persones-Fons-Corporatiu-31.png 1800w, https:\/\/abd.ong\/wp-content\/uploads\/2026\/09\/Persones-Fons-Corporatiu-31-300x169.png 300w, https:\/\/abd.ong\/wp-content\/uploads\/2026\/09\/Persones-Fons-Corporatiu-31-1024x576.png 1024w, https:\/\/abd.ong\/wp-content\/uploads\/2026\/09\/Persones-Fons-Corporatiu-31-768x432.png 768w, https:\/\/abd.ong\/wp-content\/uploads\/2026\/09\/Persones-Fons-Corporatiu-31-1536x864.png 1536w\" sizes=\"(max-width: 1800px) 100vw, 1800px\" \/><\/figure>\n\n\n\n<div style=\"height:30px\" aria-hidden=\"true\" class=\"wp-block-spacer\"><\/div>\n\n\n\n<p><strong>29\/08\/2026 \u2013 RNE audio<\/strong><\/p>\n\n\n\n<p><strong><a href=\"https:\/\/www.rtve.es\/play\/radio\/\">RNE Audio<\/a><\/strong> es fa ress\u00f2 de la posada en marxa de <strong><a href=\"https:\/\/www.chem-safe.org\/\">CHEMSAFE Catalunya<\/a><\/strong>, el nou servei d\u2019<strong><a href=\"https:\/\/energycontrol.org\/\">Energy Control<\/a><\/strong>, el programa de reducci\u00f3 de danys d\u2019ABD, adre\u00e7at a persones que practiquen chemsex o fan usos sexualitzats de drogues. El mitj\u00e0 destaca que el projecte ofereix <strong>informaci\u00f3 i assessorament a trav\u00e9s de WhatsApp i Telegram<\/strong> sobre subst\u00e0ncies, pautes de consum de menor risc i q\u00fcestions relacionades amb la salut. CHEMSAFE Catalunya tamb\u00e9 refor\u00e7a les <strong>accions de proximitat i sensibilitzaci\u00f3<\/strong> amb la incorporaci\u00f3 d\u2019una figura comunit\u00e0ria vinculada al col\u00b7lectiu LGTBIQ+, que apropa informaci\u00f3, materials de reducci\u00f3 de riscos i orientaci\u00f3 cap a recursos especialitzats.<\/p>\n\n\n\n<p><a href=\"https:\/\/www.rtve.es\/play\/audios\/serveis-informatius-radio-4\/energy-control-impulsa-catalunya-nou-servei-dassessorament-sexual-consum-drogues\/17184021\/\" target=\"_blank\" rel=\"noreferrer noopener\">Energy Control impulsa a Catalunya un nou servei d&#8217;assessorament sexual i de consum de drogues<\/a><\/p>\n\n\n\n<figure class=\"wp-block-image size-full\"><img decoding=\"async\" width=\"1600\" height=\"900\" src=\"https:\/\/abd.ong\/wp-content\/uploads\/2026\/09\/Amarillo-y-Negro-Ilustracion-Animacion-Curso-en-Linea-Publicacion-de-Twitter-18.png\" alt=\"\" class=\"wp-image-178491\" srcset=\"https:\/\/abd.ong\/wp-content\/uploads\/2026\/09\/Amarillo-y-Negro-Ilustracion-Animacion-Curso-en-Linea-Publicacion-de-Twitter-18.png 1600w, https:\/\/abd.ong\/wp-content\/uploads\/2026\/09\/Amarillo-y-Negro-Ilustracion-Animacion-Curso-en-Linea-Publicacion-de-Twitter-18-300x169.png 300w, https:\/\/abd.ong\/wp-content\/uploads\/2026\/09\/Amarillo-y-Negro-Ilustracion-Animacion-Curso-en-Linea-Publicacion-de-Twitter-18-1024x576.png 1024w, https:\/\/abd.ong\/wp-content\/uploads\/2026\/09\/Amarillo-y-Negro-Ilustracion-Animacion-Curso-en-Linea-Publicacion-de-Twitter-18-768x432.png 768w, https:\/\/abd.ong\/wp-content\/uploads\/2026\/09\/Amarillo-y-Negro-Ilustracion-Animacion-Curso-en-Linea-Publicacion-de-Twitter-18-1536x864.png 1536w\" sizes=\"(max-width: 1600px) 100vw, 1600px\" \/><\/figure>\n\n\n\n<div style=\"height:30px\" aria-hidden=\"true\" class=\"wp-block-spacer\"><\/div>\n\n\n\n<p><strong>14\/08\/2026 \u2013 lasDrogas.info<\/strong><\/p>\n\n\n\n<p>El portal especialitzat <strong><a href=\"https:\/\/lasdrogas.info\/\">lasDrogas.info<\/a><\/strong> es fa ress\u00f2 de la posada en marxa de <strong><a href=\"https:\/\/www.chem-safe.org\/\">CHEMSAFE Catalunya<\/a><\/strong>, el nou servei d\u2019<strong><a href=\"https:\/\/energycontrol.org\/\">Energy Control<\/a><\/strong>, el programa de reducci\u00f3 de danys d\u2019ABD, adre\u00e7at a persones que practiquen chemsex o fan usos sexualitzats de drogues. El mitj\u00e0 destaca que el projecte ofereix <strong>assessorament gratu\u00eft i confidencial a trav\u00e9s de WhatsApp i Telegram, atenci\u00f3 presencial i an\u00e0lisi de subst\u00e0ncies<\/strong>, a m\u00e9s d\u2019accions de proximitat en locals i espais d\u2019oci. La iniciativa busca adaptar la reducci\u00f3 de riscos als nous patrons i contextos de consum des d\u2019un enfocament basat en <strong>la salut p\u00fablica, els drets i l\u2019atenci\u00f3 sense estigma<\/strong>.<\/p>\n\n\n\n<p><a href=\"https:\/\/lasdrogas.info\/noticias\/energy-control-chemsafe-catalunya-reducir-riesgos\/\" target=\"_blank\" rel=\"noreferrer noopener\">Energy Control pone en marcha CHEMSAFE Catalunya para reducir riesgos en el consumo sexualizado de drogas<\/a><\/p>\n\n\n\n<figure class=\"wp-block-image size-full\"><img loading=\"lazy\" decoding=\"async\" width=\"1254\" height=\"1254\" src=\"https:\/\/abd.ong\/wp-content\/uploads\/2026\/09\/WhatsApp-Image-2026-08-05-at-15.25.51.jpeg\" alt=\"\" class=\"wp-image-178492\" srcset=\"https:\/\/abd.ong\/wp-content\/uploads\/2026\/09\/WhatsApp-Image-2026-08-05-at-15.25.51.jpeg 1254w, https:\/\/abd.ong\/wp-content\/uploads\/2026\/09\/WhatsApp-Image-2026-08-05-at-15.25.51-300x300.jpeg 300w, https:\/\/abd.ong\/wp-content\/uploads\/2026\/09\/WhatsApp-Image-2026-08-05-at-15.25.51-1024x1024.jpeg 1024w, https:\/\/abd.ong\/wp-content\/uploads\/2026\/09\/WhatsApp-Image-2026-08-05-at-15.25.51-150x150.jpeg 150w, https:\/\/abd.ong\/wp-content\/uploads\/2026\/09\/WhatsApp-Image-2026-08-05-at-15.25.51-768x768.jpeg 768w\" sizes=\"(max-width: 1254px) 100vw, 1254px\" \/><\/figure>\n\n\n\n<div style=\"height:32px\" aria-hidden=\"true\" class=\"wp-block-spacer\"><\/div>\n\n\n\n<p><strong>20\/08\/2026 \u2013 Bloom<\/strong><\/p>\n\n\n\n<p>La plataforma especialitzada en salut femenina <strong>Bloom<\/strong> aborda la manca de perspectiva de g\u00e8nere en la investigaci\u00f3 i la prevenci\u00f3 sobre el consum de drogues i entrevista <strong>Alicia Bustos Vargas<\/strong>, coordinadora d\u2019<strong><a href=\"https:\/\/energycontrol.org\/\">Energy Control (ABD)<\/a><\/strong> a les Illes Balears. Bustos assenyala la necessitat d\u2019incorporar el g\u00e8nere a l\u2019estudi dels consums i analitza com els factors socials i biol\u00f2gics poden condicionar les experi\u00e8ncies de les dones amb les subst\u00e0ncies. L\u2019article tamb\u00e9 aborda <strong>l\u2019estigma, les viol\u00e8ncies en contextos d\u2019oci, la medicalitzaci\u00f3 del malestar i els biaixos existents en la investigaci\u00f3<\/strong>, i reivindica una prevenci\u00f3 que no responsabilitzi les dones d\u2019evitar les agressions, sin\u00f3 que posi el focus en qui exerceix la viol\u00e8ncia.<\/p>\n\n\n\n<p><a href=\"https:\/\/bebloomers.com\/nosotras\/autocuidado\/mujeres-y-drogas\/\" target=\"_blank\" rel=\"noreferrer noopener\">Mujeres y drogas: el hueco que la ciencia (y la cultura) llevan d\u00e9cadas sin llenar<\/a><\/p>\n\n\n\n<figure class=\"wp-block-image size-full\"><img loading=\"lazy\" decoding=\"async\" width=\"868\" height=\"579\" src=\"https:\/\/abd.ong\/wp-content\/uploads\/2026\/09\/Energy-Control-reduce-los-analisis-gratuitos-para-centrarse-en-las-sustancias-con-mas-riesgos-.jpg.webp\" alt=\"\" class=\"wp-image-178495\" srcset=\"https:\/\/abd.ong\/wp-content\/uploads\/2026\/09\/Energy-Control-reduce-los-analisis-gratuitos-para-centrarse-en-las-sustancias-con-mas-riesgos-.jpg.webp 868w, https:\/\/abd.ong\/wp-content\/uploads\/2026\/09\/Energy-Control-reduce-los-analisis-gratuitos-para-centrarse-en-las-sustancias-con-mas-riesgos-.jpg-300x200.webp 300w, https:\/\/abd.ong\/wp-content\/uploads\/2026\/09\/Energy-Control-reduce-los-analisis-gratuitos-para-centrarse-en-las-sustancias-con-mas-riesgos-.jpg-768x512.webp 768w, https:\/\/abd.ong\/wp-content\/uploads\/2026\/09\/Energy-Control-reduce-los-analisis-gratuitos-para-centrarse-en-las-sustancias-con-mas-riesgos-.jpg-600x400.webp 600w\" sizes=\"(max-width: 868px) 100vw, 868px\" \/><\/figure>\n\n\n\n<div style=\"height:30px\" aria-hidden=\"true\" class=\"wp-block-spacer\"><\/div>\n\n\n\n<p><strong>20\/08\/2026 \u2013 rtve<\/strong><\/p>\n\n\n\n<p>El programa <strong>Estiu XL<\/strong> aborda el fenomen del chemsex amb <strong>Marta Escolano<\/strong>, coordinadora d\u2019<strong><a href=\"https:\/\/energycontrol.org\/\">Energy Control<\/a><\/strong> a Catalunya, que analitza la realitat actual i els principals riscos associats als usos sexualitzats de drogues. Durant l\u2019entrevista tamb\u00e9 presenta <strong><a href=\"https:\/\/www.chem-safe.org\/\">CHEMSAFE Catalunya<\/a><\/strong>, el nou projecte d\u2019Energy Control que ofereix assessorament i atenci\u00f3 per reduir riscos i danys. La conversa aborda, a m\u00e9s, q\u00fcestions com <strong>l\u2019estigma, el consentiment i la import\u00e0ncia d\u2019apropar els recursos i serveis a les persones usu\u00e0ries<\/strong>.<\/p>\n\n\n\n<p><a href=\"https:\/\/www.rtve.es\/play\/audios\/estiu-xl\/estiu-xl-chemsafe-com-abordar-fenomen-del-chemsex\/17204050\/\" target=\"_blank\" rel=\"noreferrer noopener\">CHEMSAFE: com abordar el fenomen del Chemsex<\/a><\/p>\n\n\n\n<figure class=\"wp-block-image size-full\"><img loading=\"lazy\" decoding=\"async\" width=\"557\" height=\"359\" src=\"https:\/\/abd.ong\/wp-content\/uploads\/2026\/09\/images-4.jpg\" alt=\"\" class=\"wp-image-178496\" srcset=\"https:\/\/abd.ong\/wp-content\/uploads\/2026\/09\/images-4.jpg 557w, https:\/\/abd.ong\/wp-content\/uploads\/2026\/09\/images-4-300x193.jpg 300w\" sizes=\"(max-width: 557px) 100vw, 557px\" \/><\/figure>\n\n\n\n<div style=\"height:30px\" aria-hidden=\"true\" class=\"wp-block-spacer\"><\/div>\n\n\n\n<p><\/p>\n","protected":false},"excerpt":{"rendered":"<p>Aquest \u00e9s el resum de premsa de les not\u00edcies, articles i reportatges en qu\u00e8 ha participat la nostra organitzaci\u00f3 01\/08\/2026 \u2013 El Mundo El diari El Mundo es fa ress\u00f2&hellip;<\/p>\n","protected":false},"author":12,"featured_media":173596,"comment_status":"closed","ping_status":"closed","sticky":false,"template":"","format":"standard","meta":{"_acf_changed":false,"footnotes":""},"categories":[66],"tags":[],"class_list":["post-178484","post","type-post","status-publish","format-standard","has-post-thumbnail","hentry","category-general-ca"],"acf":[],"yoast_head":"<!-- This site is optimized with the Yoast SEO plugin v28.3 - https:\/\/yoast.com\/product\/yoast-seo-wordpress\/ -->\n<title>El Grup ABD als mitjans de comunicaci\u00f3 durant el agost - ABD<\/title>\n<meta name=\"description\" content=\"Aquest \u00e9s el resum de premsa de les not\u00edcies, articles i reportatges en qu\u00e8 ha participat la nostra organitzaci\u00f3 01\/08\/2026 \u2013 El Mundo El diari El Mundo\" \/>\n<meta name=\"robots\" content=\"index, follow, max-snippet:-1, max-image-preview:large, max-video-preview:-1\" \/>\n<link rel=\"canonical\" href=\"https:\/\/abd.ong\/ca\/general-ca\/el-grup-abd-als-mitjans-de-comunicacio-durant-el-agost\/\" \/>\n<meta property=\"og:locale\" content=\"ca_ES\" \/>\n<meta property=\"og:type\" content=\"article\" \/>\n<meta property=\"og:title\" content=\"El Grup ABD als mitjans de comunicaci\u00f3 durant el agost - ABD\" \/>\n<meta property=\"og:description\" content=\"Aquest \u00e9s el resum de premsa de les not\u00edcies, articles i reportatges en qu\u00e8 ha participat la nostra organitzaci\u00f3 01\/08\/2026 \u2013 El Mundo El diari El Mundo\" \/>\n<meta property=\"og:url\" content=\"https:\/\/abd.ong\/ca\/general-ca\/el-grup-abd-als-mitjans-de-comunicacio-durant-el-agost\/\" \/>\n<meta property=\"og:site_name\" content=\"ABD\" \/>\n<meta property=\"article:publisher\" content=\"https:\/\/www.facebook.com\/abd.ong\" \/>\n<meta property=\"article:published_time\" content=\"2026-09-01T10:21:50+00:00\" \/>\n<meta property=\"article:modified_time\" content=\"2026-09-01T10:23:28+00:00\" \/>\n<meta property=\"og:image\" content=\"https:\/\/abd.ong\/wp-content\/uploads\/2025\/12\/Imatge-Recull-de-Mitjans-2026-1-1024x683.png\" \/>\n<meta name=\"author\" content=\"Francesc Balart\" \/>\n<meta name=\"twitter:card\" content=\"summary_large_image\" \/>\n<meta name=\"twitter:image\" content=\"https:\/\/abd.ong\/wp-content\/uploads\/2025\/12\/Imatge-Recull-de-Mitjans-2026-1-1024x683.png\" \/>\n<meta name=\"twitter:creator\" content=\"@abd_ong\" \/>\n<meta name=\"twitter:site\" content=\"@abd_ong\" \/>\n<meta name=\"twitter:label1\" content=\"Escrit per\" \/>\n\t<meta name=\"twitter:data1\" content=\"Francesc Balart\" \/>\n\t<meta name=\"twitter:label2\" content=\"Temps estimat de lectura\" \/>\n\t<meta name=\"twitter:data2\" content=\"6 minuts\" \/>\n<script type=\"application\/ld+json\" class=\"yoast-schema-graph\">{\"@context\":\"https:\\\/\\\/schema.org\",\"@graph\":[{\"@type\":\"Article\",\"@id\":\"https:\\\/\\\/abd.ong\\\/ca\\\/general-ca\\\/el-grup-abd-als-mitjans-de-comunicacio-durant-el-agost\\\/#article\",\"isPartOf\":{\"@id\":\"https:\\\/\\\/abd.ong\\\/ca\\\/general-ca\\\/el-grup-abd-als-mitjans-de-comunicacio-durant-el-agost\\\/\"},\"author\":{\"name\":\"Francesc Balart\",\"@id\":\"https:\\\/\\\/abd.ong\\\/ca\\\/#\\\/schema\\\/person\\\/6bb74ed13fc8bdf3a5382c66db14c9ee\"},\"headline\":\"El Grup ABD als mitjans de comunicaci\u00f3 durant el agost\",\"datePublished\":\"2026-09-01T10:21:50+00:00\",\"dateModified\":\"2026-09-01T10:23:28+00:00\",\"mainEntityOfPage\":{\"@id\":\"https:\\\/\\\/abd.ong\\\/ca\\\/general-ca\\\/el-grup-abd-als-mitjans-de-comunicacio-durant-el-agost\\\/\"},\"wordCount\":785,\"publisher\":{\"@id\":\"https:\\\/\\\/abd.ong\\\/ca\\\/#organization\"},\"image\":{\"@id\":\"https:\\\/\\\/abd.ong\\\/ca\\\/general-ca\\\/el-grup-abd-als-mitjans-de-comunicacio-durant-el-agost\\\/#primaryimage\"},\"thumbnailUrl\":\"https:\\\/\\\/abd.ong\\\/wp-content\\\/uploads\\\/2025\\\/12\\\/Imatge-Recull-de-Mitjans-2026-1.png\",\"articleSection\":[\"General\"],\"inLanguage\":\"ca\"},{\"@type\":\"WebPage\",\"@id\":\"https:\\\/\\\/abd.ong\\\/ca\\\/general-ca\\\/el-grup-abd-als-mitjans-de-comunicacio-durant-el-agost\\\/\",\"url\":\"https:\\\/\\\/abd.ong\\\/ca\\\/general-ca\\\/el-grup-abd-als-mitjans-de-comunicacio-durant-el-agost\\\/\",\"name\":\"El Grup ABD als mitjans de comunicaci\u00f3 durant el agost - ABD\",\"isPartOf\":{\"@id\":\"https:\\\/\\\/abd.ong\\\/ca\\\/#website\"},\"primaryImageOfPage\":{\"@id\":\"https:\\\/\\\/abd.ong\\\/ca\\\/general-ca\\\/el-grup-abd-als-mitjans-de-comunicacio-durant-el-agost\\\/#primaryimage\"},\"image\":{\"@id\":\"https:\\\/\\\/abd.ong\\\/ca\\\/general-ca\\\/el-grup-abd-als-mitjans-de-comunicacio-durant-el-agost\\\/#primaryimage\"},\"thumbnailUrl\":\"https:\\\/\\\/abd.ong\\\/wp-content\\\/uploads\\\/2025\\\/12\\\/Imatge-Recull-de-Mitjans-2026-1.png\",\"datePublished\":\"2026-09-01T10:21:50+00:00\",\"dateModified\":\"2026-09-01T10:23:28+00:00\",\"description\":\"Aquest \u00e9s el resum de premsa de les not\u00edcies, articles i reportatges en qu\u00e8 ha participat la nostra organitzaci\u00f3 01\\\/08\\\/2026 \u2013 El Mundo El diari El Mundo\",\"breadcrumb\":{\"@id\":\"https:\\\/\\\/abd.ong\\\/ca\\\/general-ca\\\/el-grup-abd-als-mitjans-de-comunicacio-durant-el-agost\\\/#breadcrumb\"},\"inLanguage\":\"ca\",\"potentialAction\":[{\"@type\":\"ReadAction\",\"target\":[\"https:\\\/\\\/abd.ong\\\/ca\\\/general-ca\\\/el-grup-abd-als-mitjans-de-comunicacio-durant-el-agost\\\/\"]}]},{\"@type\":\"ImageObject\",\"inLanguage\":\"ca\",\"@id\":\"https:\\\/\\\/abd.ong\\\/ca\\\/general-ca\\\/el-grup-abd-als-mitjans-de-comunicacio-durant-el-agost\\\/#primaryimage\",\"url\":\"https:\\\/\\\/abd.ong\\\/wp-content\\\/uploads\\\/2025\\\/12\\\/Imatge-Recull-de-Mitjans-2026-1.png\",\"contentUrl\":\"https:\\\/\\\/abd.ong\\\/wp-content\\\/uploads\\\/2025\\\/12\\\/Imatge-Recull-de-Mitjans-2026-1.png\",\"width\":2048,\"height\":1365},{\"@type\":\"BreadcrumbList\",\"@id\":\"https:\\\/\\\/abd.ong\\\/ca\\\/general-ca\\\/el-grup-abd-als-mitjans-de-comunicacio-durant-el-agost\\\/#breadcrumb\",\"itemListElement\":[{\"@type\":\"ListItem\",\"position\":1,\"name\":\"Inici\",\"item\":\"https:\\\/\\\/abd.ong\\\/ca\\\/\"},{\"@type\":\"ListItem\",\"position\":2,\"name\":\"El Grup ABD als mitjans de comunicaci\u00f3 durant el agost\"}]},{\"@type\":\"WebSite\",\"@id\":\"https:\\\/\\\/abd.ong\\\/ca\\\/#website\",\"url\":\"https:\\\/\\\/abd.ong\\\/ca\\\/\",\"name\":\"ABD\",\"description\":\"Asociaci\u00f3n Bienestar y Desarrollo\",\"publisher\":{\"@id\":\"https:\\\/\\\/abd.ong\\\/ca\\\/#organization\"},\"potentialAction\":[{\"@type\":\"SearchAction\",\"target\":{\"@type\":\"EntryPoint\",\"urlTemplate\":\"https:\\\/\\\/abd.ong\\\/ca\\\/?s={search_term_string}\"},\"query-input\":{\"@type\":\"PropertyValueSpecification\",\"valueRequired\":true,\"valueName\":\"search_term_string\"}}],\"inLanguage\":\"ca\"},{\"@type\":\"Organization\",\"@id\":\"https:\\\/\\\/abd.ong\\\/ca\\\/#organization\",\"name\":\"Associaci\u00f3 Benestar i Desenvolupament\",\"alternateName\":\"ABD\",\"url\":\"https:\\\/\\\/abd.ong\\\/ca\\\/\",\"logo\":{\"@type\":\"ImageObject\",\"inLanguage\":\"ca\",\"@id\":\"https:\\\/\\\/abd.ong\\\/ca\\\/#\\\/schema\\\/logo\\\/image\\\/\",\"url\":\"https:\\\/\\\/abd.ong\\\/wp-content\\\/uploads\\\/2023\\\/01\\\/Icona.png\",\"contentUrl\":\"https:\\\/\\\/abd.ong\\\/wp-content\\\/uploads\\\/2023\\\/01\\\/Icona.png\",\"width\":190,\"height\":187,\"caption\":\"Associaci\u00f3 Benestar i Desenvolupament\"},\"image\":{\"@id\":\"https:\\\/\\\/abd.ong\\\/ca\\\/#\\\/schema\\\/logo\\\/image\\\/\"},\"sameAs\":[\"https:\\\/\\\/www.facebook.com\\\/abd.ong\",\"https:\\\/\\\/x.com\\\/abd_ong\",\"https:\\\/\\\/www.instagram.com\\\/abd_ong\\\/\",\"https:\\\/\\\/www.linkedin.com\\\/company\\\/abdong\",\"https:\\\/\\\/www.youtube.com\\\/user\\\/CANALABD\"]},{\"@type\":\"Person\",\"@id\":\"https:\\\/\\\/abd.ong\\\/ca\\\/#\\\/schema\\\/person\\\/6bb74ed13fc8bdf3a5382c66db14c9ee\",\"name\":\"Francesc Balart\"}]}<\/script>\n<!-- \/ Yoast SEO plugin. -->","yoast_head_json":{"title":"El Grup ABD als mitjans de comunicaci\u00f3 durant el agost - ABD","description":"Aquest \u00e9s el resum de premsa de les not\u00edcies, articles i reportatges en qu\u00e8 ha participat la nostra organitzaci\u00f3 01\/08\/2026 \u2013 El Mundo El diari El Mundo","robots":{"index":"index","follow":"follow","max-snippet":"max-snippet:-1","max-image-preview":"max-image-preview:large","max-video-preview":"max-video-preview:-1"},"canonical":"https:\/\/abd.ong\/ca\/general-ca\/el-grup-abd-als-mitjans-de-comunicacio-durant-el-agost\/","og_locale":"ca_ES","og_type":"article","og_title":"El Grup ABD als mitjans de comunicaci\u00f3 durant el agost - ABD","og_description":"Aquest \u00e9s el resum de premsa de les not\u00edcies, articles i reportatges en qu\u00e8 ha participat la nostra organitzaci\u00f3 01\/08\/2026 \u2013 El Mundo El diari El Mundo","og_url":"https:\/\/abd.ong\/ca\/general-ca\/el-grup-abd-als-mitjans-de-comunicacio-durant-el-agost\/","og_site_name":"ABD","article_publisher":"https:\/\/www.facebook.com\/abd.ong","article_published_time":"2026-09-01T10:21:50+00:00","article_modified_time":"2026-09-01T10:23:28+00:00","og_image":[{"url":"https:\/\/abd.ong\/wp-content\/uploads\/2025\/12\/Imatge-Recull-de-Mitjans-2026-1-1024x683.png","type":"","width":"","height":""}],"author":"Francesc Balart","twitter_card":"summary_large_image","twitter_image":"https:\/\/abd.ong\/wp-content\/uploads\/2025\/12\/Imatge-Recull-de-Mitjans-2026-1-1024x683.png","twitter_creator":"@abd_ong","twitter_site":"@abd_ong","twitter_misc":{"Escrit per":"Francesc Balart","Temps estimat de lectura":"6 minuts"},"schema":{"@context":"https:\/\/schema.org","@graph":[{"@type":"Article","@id":"https:\/\/abd.ong\/ca\/general-ca\/el-grup-abd-als-mitjans-de-comunicacio-durant-el-agost\/#article","isPartOf":{"@id":"https:\/\/abd.ong\/ca\/general-ca\/el-grup-abd-als-mitjans-de-comunicacio-durant-el-agost\/"},"author":{"name":"Francesc Balart","@id":"https:\/\/abd.ong\/ca\/#\/schema\/person\/6bb74ed13fc8bdf3a5382c66db14c9ee"},"headline":"El Grup ABD als mitjans de comunicaci\u00f3 durant el agost","datePublished":"2026-09-01T10:21:50+00:00","dateModified":"2026-09-01T10:23:28+00:00","mainEntityOfPage":{"@id":"https:\/\/abd.ong\/ca\/general-ca\/el-grup-abd-als-mitjans-de-comunicacio-durant-el-agost\/"},"wordCount":785,"publisher":{"@id":"https:\/\/abd.ong\/ca\/#organization"},"image":{"@id":"https:\/\/abd.ong\/ca\/general-ca\/el-grup-abd-als-mitjans-de-comunicacio-durant-el-agost\/#primaryimage"},"thumbnailUrl":"https:\/\/abd.ong\/wp-content\/uploads\/2025\/12\/Imatge-Recull-de-Mitjans-2026-1.png","articleSection":["General"],"inLanguage":"ca"},{"@type":"WebPage","@id":"https:\/\/abd.ong\/ca\/general-ca\/el-grup-abd-als-mitjans-de-comunicacio-durant-el-agost\/","url":"https:\/\/abd.ong\/ca\/general-ca\/el-grup-abd-als-mitjans-de-comunicacio-durant-el-agost\/","name":"El Grup ABD als mitjans de comunicaci\u00f3 durant el agost - ABD","isPartOf":{"@id":"https:\/\/abd.ong\/ca\/#website"},"primaryImageOfPage":{"@id":"https:\/\/abd.ong\/ca\/general-ca\/el-grup-abd-als-mitjans-de-comunicacio-durant-el-agost\/#primaryimage"},"image":{"@id":"https:\/\/abd.ong\/ca\/general-ca\/el-grup-abd-als-mitjans-de-comunicacio-durant-el-agost\/#primaryimage"},"thumbnailUrl":"https:\/\/abd.ong\/wp-content\/uploads\/2025\/12\/Imatge-Recull-de-Mitjans-2026-1.png","datePublished":"2026-09-01T10:21:50+00:00","dateModified":"2026-09-01T10:23:28+00:00","description":"Aquest \u00e9s el resum de premsa de les not\u00edcies, articles i reportatges en qu\u00e8 ha participat la nostra organitzaci\u00f3 01\/08\/2026 \u2013 El Mundo El diari El Mundo","breadcrumb":{"@id":"https:\/\/abd.ong\/ca\/general-ca\/el-grup-abd-als-mitjans-de-comunicacio-durant-el-agost\/#breadcrumb"},"inLanguage":"ca","potentialAction":[{"@type":"ReadAction","target":["https:\/\/abd.ong\/ca\/general-ca\/el-grup-abd-als-mitjans-de-comunicacio-durant-el-agost\/"]}]},{"@type":"ImageObject","inLanguage":"ca","@id":"https:\/\/abd.ong\/ca\/general-ca\/el-grup-abd-als-mitjans-de-comunicacio-durant-el-agost\/#primaryimage","url":"https:\/\/abd.ong\/wp-content\/uploads\/2025\/12\/Imatge-Recull-de-Mitjans-2026-1.png","contentUrl":"https:\/\/abd.ong\/wp-content\/uploads\/2025\/12\/Imatge-Recull-de-Mitjans-2026-1.png","width":2048,"height":1365},{"@type":"BreadcrumbList","@id":"https:\/\/abd.ong\/ca\/general-ca\/el-grup-abd-als-mitjans-de-comunicacio-durant-el-agost\/#breadcrumb","itemListElement":[{"@type":"ListItem","position":1,"name":"Inici","item":"https:\/\/abd.ong\/ca\/"},{"@type":"ListItem","position":2,"name":"El Grup ABD als mitjans de comunicaci\u00f3 durant el agost"}]},{"@type":"WebSite","@id":"https:\/\/abd.ong\/ca\/#website","url":"https:\/\/abd.ong\/ca\/","name":"ABD","description":"Asociaci\u00f3n Bienestar y Desarrollo","publisher":{"@id":"https:\/\/abd.ong\/ca\/#organization"},"potentialAction":[{"@type":"SearchAction","target":{"@type":"EntryPoint","urlTemplate":"https:\/\/abd.ong\/ca\/?s={search_term_string}"},"query-input":{"@type":"PropertyValueSpecification","valueRequired":true,"valueName":"search_term_string"}}],"inLanguage":"ca"},{"@type":"Organization","@id":"https:\/\/abd.ong\/ca\/#organization","name":"Associaci\u00f3 Benestar i Desenvolupament","alternateName":"ABD","url":"https:\/\/abd.ong\/ca\/","logo":{"@type":"ImageObject","inLanguage":"ca","@id":"https:\/\/abd.ong\/ca\/#\/schema\/logo\/image\/","url":"https:\/\/abd.ong\/wp-content\/uploads\/2023\/01\/Icona.png","contentUrl":"https:\/\/abd.ong\/wp-content\/uploads\/2023\/01\/Icona.png","width":190,"height":187,"caption":"Associaci\u00f3 Benestar i Desenvolupament"},"image":{"@id":"https:\/\/abd.ong\/ca\/#\/schema\/logo\/image\/"},"sameAs":["https:\/\/www.facebook.com\/abd.ong","https:\/\/x.com\/abd_ong","https:\/\/www.instagram.com\/abd_ong\/","https:\/\/www.linkedin.com\/company\/abdong","https:\/\/www.youtube.com\/user\/CANALABD"]},{"@type":"Person","@id":"https:\/\/abd.ong\/ca\/#\/schema\/person\/6bb74ed13fc8bdf3a5382c66db14c9ee","name":"Francesc Balart"}]}},"_links":{"self":[{"href":"https:\/\/abd.ong\/ca\/wp-json\/wp\/v2\/posts\/178484","targetHints":{"allow":["GET"]}}],"collection":[{"href":"https:\/\/abd.ong\/ca\/wp-json\/wp\/v2\/posts"}],"about":[{"href":"https:\/\/abd.ong\/ca\/wp-json\/wp\/v2\/types\/post"}],"author":[{"embeddable":true,"href":"https:\/\/abd.ong\/ca\/wp-json\/wp\/v2\/users\/12"}],"replies":[{"embeddable":true,"href":"https:\/\/abd.ong\/ca\/wp-json\/wp\/v2\/comments?post=178484"}],"version-history":[{"count":2,"href":"https:\/\/abd.ong\/ca\/wp-json\/wp\/v2\/posts\/178484\/revisions"}],"predecessor-version":[{"id":178510,"href":"https:\/\/abd.ong\/ca\/wp-json\/wp\/v2\/posts\/178484\/revisions\/178510"}],"wp:featuredmedia":[{"embeddable":true,"href":"https:\/\/abd.ong\/ca\/wp-json\/wp\/v2\/media\/173596"}],"wp:attachment":[{"href":"https:\/\/abd.ong\/ca\/wp-json\/wp\/v2\/media?parent=178484"}],"wp:term":[{"taxonomy":"category","embeddable":true,"href":"https:\/\/abd.ong\/ca\/wp-json\/wp\/v2\/categories?post=178484"},{"taxonomy":"post_tag","embeddable":true,"href":"https:\/\/abd.ong\/ca\/wp-json\/wp\/v2\/tags?post=178484"}],"curies":[{"name":"wp","href":"https:\/\/api.w.org\/{rel}","templated":true}]}}