{"id":17798,"date":"2020-10-29T10:29:10","date_gmt":"2020-10-29T09:29:10","guid":{"rendered":"https:\/\/abd.ong\/?p=17798"},"modified":"2021-02-17T18:59:32","modified_gmt":"2021-02-17T17:59:32","slug":"abd-als-mitjans-de-comunicacio-a-loctubre","status":"publish","type":"post","link":"https:\/\/abd.ong\/ca\/general-ca\/abd-als-mitjans-de-comunicacio-a-loctubre\/","title":{"rendered":"ABD als mitjans de comunicaci\u00f3 a l&#8217;octubre"},"content":{"rendered":"\n<p>L&#8217;<strong><a href=\"https:\/\/abd.ong\">Associaci\u00f3 Benestar i Desenvolupament<\/a>\u00a0(ABD)<\/strong>\u00a0ha estat present als mitjans de comunicaci\u00f3 durant aquest mes d&#8217;octubre. A continuaci\u00f3, el resum de premsa de les diverses not\u00edcies, articles i reportatges en els qual hem participat com a entitat.<\/p>\n\n\n\n<p><strong><strong>26\/10\/20 \u2013 Los podcast de la RIOD<\/strong><\/strong><\/p>\n\n\n\n<p><em>Aquest expert ens aclareix l&#8217;important que \u00e9s posar l&#8217;\u00e8mfasi en les reduir les conseq\u00fc\u00e8ncies negatives, m\u00e9s que en evitar el consum. \u201cL&#8217;objectiu d&#8217;abstin\u00e8ncia, explica, no sempre \u00e9s possible ni necessari per a prevenir els efectes negatius de les drogues\u201d.<\/em><\/p>\n\n\n\n<p><strong><a rel=\"noreferrer noopener\" href=\"https:\/\/www.ivoox.com\/podcast-riod-reduccion-danos-audios-mp3_rf_58450574_1.html\" target=\"_blank\">Josep Rovira, de @abd_ong , nos cuenta en #PodcastRIOD la importancia de<\/a> <a rel=\"noreferrer noopener\" href=\"https:\/\/www.ivoox.com\/podcast-riod-reduccion-danos-audios-mp3_rf_58450574_1.html\" target=\"_blank\">implementar programas de reducci\u00f3n de da\u00f1os que no dejen a nadie atr\u00e1s.<\/a><\/strong><\/p>\n\n\n\n<p><strong><strong>26\/10\/20 \u2013 Social.cat<\/strong><\/strong><\/p>\n\n\n\n<p><em>Els Punts d&#8217;Assessorament Energ\u00e8tic de l&#8217;Ajuntament de Barcelona ofereixen consells per evitar un augment de la despesa durant l&#8217;hivern<\/em>.<\/p>\n\n\n\n<p><a href=\"https:\/\/www.social.cat\/reportatge\/13117\/arriba-el-fred-i-es-dispara-el-consum-energetic-podem-controlar-la-pujada-de-les-factures\" target=\"_blank\" rel=\"noreferrer noopener\"><strong>Arriba el fred i es dispara el consum energ\u00e8tic: podem controlar la pujada de les factures?<\/strong><\/a><\/p>\n\n\n\n<p><strong><strong>24\/10\/20 \u2013 Diari Ara<\/strong><\/strong><\/p>\n\n\n\n<p><em>\u00a0\u201cTot i aix\u00ed, \u00faltimament hem detectat un canvi, i \u00e9s que cada cop hi ha m\u00e9s varietats de cannabidiol (CBD)\u201d, explica. Per a Energy Control, aquesta nova tend\u00e8ncia \u00e9s \u201cun bon indicatiu\u201d, ja que el CBD relaxa.\u00a0<\/em><\/p>\n\n\n\n<p><strong><a href=\"https:\/\/www.ara.cat\/societat\/creixen-urgencies-consum-cannabis-marihuana_1_2556482.html\" target=\"_blank\" rel=\"noreferrer noopener\">Creixen les urg\u00e8ncies per consum de c\u00e0nnabis<\/a><\/strong><\/p>\n\n\n\n<p><strong><strong>22\/10\/20 \u2013 Fundaci\u00f3 Joia<\/strong><\/strong><\/p>\n\n\n\n<p><em>Fundaci\u00f3 Joia i ABD participaran a les reunions de les Xarxes de l&#8217;Acord Ciutad\u00e0 en nom de la Xarxa NUST, aportant la veu i experi\u00e8ncia d&#8217;ambdues entitats en relaci\u00f3 a la gesti\u00f3 del temps i conciliaci\u00f3.\u00a0<\/em><\/p>\n\n\n\n<p><strong><a href=\"https:\/\/fundaciojoia.org\/ca\/dest\/1761-joia-abd-nust.html?utm_source=social&amp;utm_medium=post&amp;utm_campaign=smedia\" target=\"_blank\" rel=\"noreferrer noopener\">Fundaci\u00f3 Joia i ABD, co-representants de la Xarxa NUST a l&#8217;Acord Ciutad\u00e0<\/a><\/strong><\/p>\n\n\n\n<p><strong>20\/10\/20 \u2013 Diari de la discapacitat<\/strong><\/p>\n\n\n\n<p><em>Salut tamb\u00e9 ha intervingut el centre residencial\u00a0<strong>Llar Mare Marcelina<\/strong>\u00a0de Verd\u00fa, ja que la resid\u00e8ncia registra 23 residents positius i 3 professionals. S\u2019ha assignat provisionalment la direcci\u00f3 i la gesti\u00f3, a l\u2019Associaci\u00f3 per al Benestar i el Desenvolupament.\u00a0<\/em><\/p>\n\n\n\n<p><strong><a href=\"https:\/\/diarideladiscapacitat.cat\/govern-interve-residencies-bellver-i-verdu\/\" target=\"_blank\" rel=\"noreferrer noopener\">La Generalitat interv\u00e9 dos resid\u00e8ncies a Bellver de la Cerdanya i Verd\u00fa per controlar els contagis de COVID-19<\/a><\/strong><\/p>\n\n\n\n<p><strong>19\/10\/20 \u2013 Consell Comarcal del Baix Llobregat<\/strong><\/p>\n\n\n\n<p><em>El SIAD del Consell Comarcal del Baix Llobregat amb la col\u00b7laboraci\u00f3 de l&#8217;empresa ABD (Associaci\u00f3 Benestar i Desenvolupament), ha posat en marxa un projecte pilot anomenat\u00a0<strong>&#8220;Acompanyament de proximitat i comunitari a dones&#8221;<\/strong>, dirigit a les dones v\u00edctimes de viol\u00e8ncia masclista dels municipis de menys de 20.000 habitants de la comarca del Baix Llobregat, amb una durada prevista fins finals d\u2019any 2020.<\/em><\/p>\n\n\n\n<p><strong><a href=\"https:\/\/www.elbaixllobregat.cat\/premsa\/el-consell-comarcal-posa-en-marxa-un-projecte-pilot-facilitar-acompanyament-dones-v%C3%ADctimes-de\" target=\"_blank\" rel=\"noreferrer noopener\">El Consell Comarcal posa en marxa un projecte pilot per facilitar acompanyament a dones v\u00edctimes de viol\u00e8ncia masclista<\/a><\/strong><\/p>\n\n\n\n<p><strong>18\/10\/20 \u2013 30Minuts &#8211; TV3<\/strong><\/p>\n\n\n\n<p><em>&#8220;Nosaltres fem prevenci\u00f3 selectiva: ens encarreguem de la gent que ja ha decidit consumir promovent que busquin productes menys adulterats&#8221;, Mireia Ventura, responsable del servei d&#8217;an\u00e0lisi de subst\u00e0ncies d&#8217;Energy Control.<\/em><\/p>\n\n\n\n<p><strong><a href=\"https:\/\/www.ccma.cat\/tv3\/alacarta\/30-minuts\/barcelona-vides-en-blanc\/video\/6064277\/\" target=\"_blank\" rel=\"noreferrer noopener\">Barcelona, vides en blanc<\/a><\/strong><\/p>\n\n\n\n<p><strong>15\/10\/20 \u2013 InfoACCIONS<\/strong><\/p>\n\n\n\n<p><em>El projecte Food Relations, d&#8217;<a rel=\"noreferrer noopener\" href=\"https:\/\/abd.ong\/\" target=\"_blank\">Associaci\u00f3 Benestar i Desenvolupament<\/a>, ha tancat l&#8217;edici\u00f3 2020 lliurant compotes elaborades pels seus participants al\u00a0<a rel=\"noreferrer noopener\" href=\"http:\/\/abd-ong.mailrelay-iv.es\/newslink\/489340\/1113.html\" target=\"_blank\">Punt\u00a0Solidari<\/a>\u00a0del Prat de Llobregat<\/em>.<\/p>\n\n\n\n<p><strong><a href=\"https:\/\/mailchi.mp\/f123c5279fe1\/infoaccions-nm-234-16371778?e=9bb26b1417\" target=\"_blank\" rel=\"noreferrer noopener\">El projecte Food Relations tanca el curs lliurant compotes al Punt Solidari<\/a><\/strong><\/p>\n\n\n\n<p><strong>14\/10\/20 \u2013 ElPrat<\/strong> <strong>tv<\/strong><\/p>\n\n\n\n<p><em>Aquesta iniciativa,\u00a0social i intercultural,\u00a0consisteix en un proc\u00e9s comunitari local amb perspectiva de g\u00e8nere que t\u00e9 com a element inclusiu la cuina.<\/em><\/p>\n\n\n\n<p><strong><a rel=\"noreferrer noopener\" href=\"https:\/\/www.elprat.tv\/2020\/10\/14\/el-projecte-intercultural-i-social-food-relations-fa-entrega-de-3-200-pots-de-compota-al-punt-solidari\/\" target=\"_blank\">El projecte Food Relations fa entrega de 3.200 pots de compota al Punt Solidari<\/a><\/strong><\/p>\n\n\n\n<p><strong>01\/10\/20 \u2013 InfoACCIONS<\/strong><\/p>\n\n\n\n<p><em>Men\u00e9ndez assegura que l&#8217;actual context de pand\u00e8mia ens obliga a &#8220;buscar respostes \u00e0gils i compromeses amb els drets i la millora de la qualitat de vida de les persones&#8221;.<\/em><\/p>\n\n\n\n<p><strong><a href=\"https:\/\/mailchi.mp\/31a9dbc17ae8\/infoaccions-nm-234-16370102?e=9bb26b1417\" target=\"_blank\" rel=\"noreferrer noopener\">Entrevista a Aldana Men\u00e9ndez<\/a><\/strong><\/p>\n\n\n\n<p><strong>01\/10\/20 \u2013 InfoACCIONS<\/strong><\/p>\n\n\n\n<p><em><a rel=\"noreferrer noopener\" href=\"https:\/\/energycontrol.org\/\" target=\"_blank\"><a rel=\"noreferrer noopener\" href=\"https:\/\/energycontrol.org\/\" target=\"_blank\">Energy Control<\/a> <\/a>ha posat en marxa nou lloc web amb l&#8217;objectiu de convertir-se en referent d&#8217;informaci\u00f3 cient\u00edfica i \u00fatil, sense moralismes ni paternalismes, sobre l&#8217;\u00fas de drogues a la societat.<\/em><\/p>\n\n\n\n<p><a href=\"https:\/\/mailchi.mp\/31a9dbc17ae8\/infoaccions-nm-234-16370102?e=9bb26b1417\" target=\"_blank\" rel=\"noreferrer noopener\"><strong>Energy Control estrena nou&nbsp;web<\/strong><\/a><\/p>\n","protected":false},"excerpt":{"rendered":"<p>L&#8217;Associaci\u00f3 Benestar i Desenvolupament\u00a0(ABD)\u00a0ha estat present als mitjans de comunicaci\u00f3 durant aquest mes d&#8217;octubre. A continuaci\u00f3, el resum de premsa de les diverses not\u00edcies, articles i reportatges en els qual&hellip;<\/p>\n","protected":false},"author":9,"featured_media":14666,"comment_status":"closed","ping_status":"closed","sticky":false,"template":"","format":"standard","meta":{"_acf_changed":false,"footnotes":""},"categories":[66],"tags":[2078,435,1877],"class_list":["post-17798","post","type-post","status-publish","format-standard","has-post-thumbnail","hentry","category-general-ca","tag-abd-als-mitjans","tag-mitjans-de-comunicacio","tag-recull-premsa"],"acf":[],"yoast_head":"<!-- This site is optimized with the Yoast SEO plugin v27.4 - https:\/\/yoast.com\/product\/yoast-seo-wordpress\/ -->\n<title>ABD als mitjans de comunicaci\u00f3 a l&#039;octubre - ABD<\/title>\n<meta name=\"description\" content=\"L&#039;Associaci\u00f3 Benestar i Desenvolupament\u00a0(ABD)\u00a0ha estat present als mitjans de comunicaci\u00f3 durant aquest mes d&#039;octubre. A continuaci\u00f3, el resum de premsa\" \/>\n<meta name=\"robots\" content=\"index, follow, max-snippet:-1, max-image-preview:large, max-video-preview:-1\" \/>\n<link rel=\"canonical\" href=\"https:\/\/abd.ong\/ca\/general-ca\/abd-als-mitjans-de-comunicacio-a-loctubre\/\" \/>\n<meta property=\"og:locale\" content=\"ca_ES\" \/>\n<meta property=\"og:type\" content=\"article\" \/>\n<meta property=\"og:title\" content=\"ABD als mitjans de comunicaci\u00f3 a l&#039;octubre - ABD\" \/>\n<meta property=\"og:description\" content=\"L&#039;Associaci\u00f3 Benestar i Desenvolupament\u00a0(ABD)\u00a0ha estat present als mitjans de comunicaci\u00f3 durant aquest mes d&#039;octubre. A continuaci\u00f3, el resum de premsa\" \/>\n<meta property=\"og:url\" content=\"https:\/\/abd.ong\/ca\/general-ca\/abd-als-mitjans-de-comunicacio-a-loctubre\/\" \/>\n<meta property=\"og:site_name\" content=\"ABD\" \/>\n<meta property=\"article:publisher\" content=\"https:\/\/www.facebook.com\/abd.ong\" \/>\n<meta property=\"article:published_time\" content=\"2020-10-29T09:29:10+00:00\" \/>\n<meta property=\"article:modified_time\" content=\"2021-02-17T17:59:32+00:00\" \/>\n<meta property=\"og:image\" content=\"https:\/\/abd.ong\/wp-content\/uploads\/2020\/05\/old-tv-1149416_1920.jpg\" \/>\n\t<meta property=\"og:image:width\" content=\"1919\" \/>\n\t<meta property=\"og:image:height\" content=\"977\" \/>\n\t<meta property=\"og:image:type\" content=\"image\/jpeg\" \/>\n<meta name=\"author\" content=\"Maria Creixell\" \/>\n<meta name=\"twitter:card\" content=\"summary_large_image\" \/>\n<meta name=\"twitter:creator\" content=\"@abd_ong\" \/>\n<meta name=\"twitter:site\" content=\"@abd_ong\" \/>\n<meta name=\"twitter:label1\" content=\"Escrit per\" \/>\n\t<meta name=\"twitter:data1\" content=\"Maria Creixell\" \/>\n\t<meta name=\"twitter:label2\" content=\"Temps estimat de lectura\" \/>\n\t<meta name=\"twitter:data2\" content=\"3 minuts\" \/>\n<script type=\"application\/ld+json\" class=\"yoast-schema-graph\">{\"@context\":\"https:\\\/\\\/schema.org\",\"@graph\":[{\"@type\":\"Article\",\"@id\":\"https:\\\/\\\/abd.ong\\\/ca\\\/general-ca\\\/abd-als-mitjans-de-comunicacio-a-loctubre\\\/#article\",\"isPartOf\":{\"@id\":\"https:\\\/\\\/abd.ong\\\/ca\\\/general-ca\\\/abd-als-mitjans-de-comunicacio-a-loctubre\\\/\"},\"author\":{\"name\":\"Maria Creixell\",\"@id\":\"https:\\\/\\\/abd.ong\\\/ca\\\/#\\\/schema\\\/person\\\/d2e158b4173f683b3898e286f5b35a10\"},\"headline\":\"ABD als mitjans de comunicaci\u00f3 a l&#8217;octubre\",\"datePublished\":\"2020-10-29T09:29:10+00:00\",\"dateModified\":\"2021-02-17T17:59:32+00:00\",\"mainEntityOfPage\":{\"@id\":\"https:\\\/\\\/abd.ong\\\/ca\\\/general-ca\\\/abd-als-mitjans-de-comunicacio-a-loctubre\\\/\"},\"wordCount\":624,\"publisher\":{\"@id\":\"https:\\\/\\\/abd.ong\\\/ca\\\/#organization\"},\"image\":{\"@id\":\"https:\\\/\\\/abd.ong\\\/ca\\\/general-ca\\\/abd-als-mitjans-de-comunicacio-a-loctubre\\\/#primaryimage\"},\"thumbnailUrl\":\"https:\\\/\\\/abd.ong\\\/wp-content\\\/uploads\\\/2020\\\/05\\\/old-tv-1149416_1920.jpg\",\"keywords\":[\"abd als mitjans\",\"mitjans de comunicaci\u00f3\",\"recull premsa\"],\"articleSection\":[\"General\"],\"inLanguage\":\"ca\"},{\"@type\":\"WebPage\",\"@id\":\"https:\\\/\\\/abd.ong\\\/ca\\\/general-ca\\\/abd-als-mitjans-de-comunicacio-a-loctubre\\\/\",\"url\":\"https:\\\/\\\/abd.ong\\\/ca\\\/general-ca\\\/abd-als-mitjans-de-comunicacio-a-loctubre\\\/\",\"name\":\"ABD als mitjans de comunicaci\u00f3 a l'octubre - ABD\",\"isPartOf\":{\"@id\":\"https:\\\/\\\/abd.ong\\\/ca\\\/#website\"},\"primaryImageOfPage\":{\"@id\":\"https:\\\/\\\/abd.ong\\\/ca\\\/general-ca\\\/abd-als-mitjans-de-comunicacio-a-loctubre\\\/#primaryimage\"},\"image\":{\"@id\":\"https:\\\/\\\/abd.ong\\\/ca\\\/general-ca\\\/abd-als-mitjans-de-comunicacio-a-loctubre\\\/#primaryimage\"},\"thumbnailUrl\":\"https:\\\/\\\/abd.ong\\\/wp-content\\\/uploads\\\/2020\\\/05\\\/old-tv-1149416_1920.jpg\",\"datePublished\":\"2020-10-29T09:29:10+00:00\",\"dateModified\":\"2021-02-17T17:59:32+00:00\",\"description\":\"L'Associaci\u00f3 Benestar i Desenvolupament\u00a0(ABD)\u00a0ha estat present als mitjans de comunicaci\u00f3 durant aquest mes d'octubre. A continuaci\u00f3, el resum de premsa\",\"breadcrumb\":{\"@id\":\"https:\\\/\\\/abd.ong\\\/ca\\\/general-ca\\\/abd-als-mitjans-de-comunicacio-a-loctubre\\\/#breadcrumb\"},\"inLanguage\":\"ca\",\"potentialAction\":[{\"@type\":\"ReadAction\",\"target\":[\"https:\\\/\\\/abd.ong\\\/ca\\\/general-ca\\\/abd-als-mitjans-de-comunicacio-a-loctubre\\\/\"]}]},{\"@type\":\"ImageObject\",\"inLanguage\":\"ca\",\"@id\":\"https:\\\/\\\/abd.ong\\\/ca\\\/general-ca\\\/abd-als-mitjans-de-comunicacio-a-loctubre\\\/#primaryimage\",\"url\":\"https:\\\/\\\/abd.ong\\\/wp-content\\\/uploads\\\/2020\\\/05\\\/old-tv-1149416_1920.jpg\",\"contentUrl\":\"https:\\\/\\\/abd.ong\\\/wp-content\\\/uploads\\\/2020\\\/05\\\/old-tv-1149416_1920.jpg\",\"width\":1919,\"height\":977,\"caption\":\"medios de comunicaci\u00f3n\"},{\"@type\":\"BreadcrumbList\",\"@id\":\"https:\\\/\\\/abd.ong\\\/ca\\\/general-ca\\\/abd-als-mitjans-de-comunicacio-a-loctubre\\\/#breadcrumb\",\"itemListElement\":[{\"@type\":\"ListItem\",\"position\":1,\"name\":\"Inici\",\"item\":\"https:\\\/\\\/abd.ong\\\/ca\\\/\"},{\"@type\":\"ListItem\",\"position\":2,\"name\":\"ABD als mitjans de comunicaci\u00f3 a l&#8217;octubre\"}]},{\"@type\":\"WebSite\",\"@id\":\"https:\\\/\\\/abd.ong\\\/ca\\\/#website\",\"url\":\"https:\\\/\\\/abd.ong\\\/ca\\\/\",\"name\":\"ABD\",\"description\":\"Asociaci\u00f3n Bienestar y Desarrollo\",\"publisher\":{\"@id\":\"https:\\\/\\\/abd.ong\\\/ca\\\/#organization\"},\"potentialAction\":[{\"@type\":\"SearchAction\",\"target\":{\"@type\":\"EntryPoint\",\"urlTemplate\":\"https:\\\/\\\/abd.ong\\\/ca\\\/?s={search_term_string}\"},\"query-input\":{\"@type\":\"PropertyValueSpecification\",\"valueRequired\":true,\"valueName\":\"search_term_string\"}}],\"inLanguage\":\"ca\"},{\"@type\":\"Organization\",\"@id\":\"https:\\\/\\\/abd.ong\\\/ca\\\/#organization\",\"name\":\"Associaci\u00f3 Benestar i Desenvolupament\",\"alternateName\":\"ABD\",\"url\":\"https:\\\/\\\/abd.ong\\\/ca\\\/\",\"logo\":{\"@type\":\"ImageObject\",\"inLanguage\":\"ca\",\"@id\":\"https:\\\/\\\/abd.ong\\\/ca\\\/#\\\/schema\\\/logo\\\/image\\\/\",\"url\":\"https:\\\/\\\/abd.ong\\\/wp-content\\\/uploads\\\/2023\\\/01\\\/Icona.png\",\"contentUrl\":\"https:\\\/\\\/abd.ong\\\/wp-content\\\/uploads\\\/2023\\\/01\\\/Icona.png\",\"width\":190,\"height\":187,\"caption\":\"Associaci\u00f3 Benestar i Desenvolupament\"},\"image\":{\"@id\":\"https:\\\/\\\/abd.ong\\\/ca\\\/#\\\/schema\\\/logo\\\/image\\\/\"},\"sameAs\":[\"https:\\\/\\\/www.facebook.com\\\/abd.ong\",\"https:\\\/\\\/x.com\\\/abd_ong\",\"https:\\\/\\\/www.instagram.com\\\/abd_ong\\\/\",\"https:\\\/\\\/www.linkedin.com\\\/company\\\/abdong\",\"https:\\\/\\\/www.youtube.com\\\/user\\\/CANALABD\"]},{\"@type\":\"Person\",\"@id\":\"https:\\\/\\\/abd.ong\\\/ca\\\/#\\\/schema\\\/person\\\/d2e158b4173f683b3898e286f5b35a10\",\"name\":\"Maria Creixell\"}]}<\/script>\n<!-- \/ Yoast SEO plugin. -->","yoast_head_json":{"title":"ABD als mitjans de comunicaci\u00f3 a l'octubre - ABD","description":"L'Associaci\u00f3 Benestar i Desenvolupament\u00a0(ABD)\u00a0ha estat present als mitjans de comunicaci\u00f3 durant aquest mes d'octubre. A continuaci\u00f3, el resum de premsa","robots":{"index":"index","follow":"follow","max-snippet":"max-snippet:-1","max-image-preview":"max-image-preview:large","max-video-preview":"max-video-preview:-1"},"canonical":"https:\/\/abd.ong\/ca\/general-ca\/abd-als-mitjans-de-comunicacio-a-loctubre\/","og_locale":"ca_ES","og_type":"article","og_title":"ABD als mitjans de comunicaci\u00f3 a l'octubre - ABD","og_description":"L'Associaci\u00f3 Benestar i Desenvolupament\u00a0(ABD)\u00a0ha estat present als mitjans de comunicaci\u00f3 durant aquest mes d'octubre. A continuaci\u00f3, el resum de premsa","og_url":"https:\/\/abd.ong\/ca\/general-ca\/abd-als-mitjans-de-comunicacio-a-loctubre\/","og_site_name":"ABD","article_publisher":"https:\/\/www.facebook.com\/abd.ong","article_published_time":"2020-10-29T09:29:10+00:00","article_modified_time":"2021-02-17T17:59:32+00:00","og_image":[{"width":1919,"height":977,"url":"https:\/\/abd.ong\/wp-content\/uploads\/2020\/05\/old-tv-1149416_1920.jpg","type":"image\/jpeg"}],"author":"Maria Creixell","twitter_card":"summary_large_image","twitter_creator":"@abd_ong","twitter_site":"@abd_ong","twitter_misc":{"Escrit per":"Maria Creixell","Temps estimat de lectura":"3 minuts"},"schema":{"@context":"https:\/\/schema.org","@graph":[{"@type":"Article","@id":"https:\/\/abd.ong\/ca\/general-ca\/abd-als-mitjans-de-comunicacio-a-loctubre\/#article","isPartOf":{"@id":"https:\/\/abd.ong\/ca\/general-ca\/abd-als-mitjans-de-comunicacio-a-loctubre\/"},"author":{"name":"Maria Creixell","@id":"https:\/\/abd.ong\/ca\/#\/schema\/person\/d2e158b4173f683b3898e286f5b35a10"},"headline":"ABD als mitjans de comunicaci\u00f3 a l&#8217;octubre","datePublished":"2020-10-29T09:29:10+00:00","dateModified":"2021-02-17T17:59:32+00:00","mainEntityOfPage":{"@id":"https:\/\/abd.ong\/ca\/general-ca\/abd-als-mitjans-de-comunicacio-a-loctubre\/"},"wordCount":624,"publisher":{"@id":"https:\/\/abd.ong\/ca\/#organization"},"image":{"@id":"https:\/\/abd.ong\/ca\/general-ca\/abd-als-mitjans-de-comunicacio-a-loctubre\/#primaryimage"},"thumbnailUrl":"https:\/\/abd.ong\/wp-content\/uploads\/2020\/05\/old-tv-1149416_1920.jpg","keywords":["abd als mitjans","mitjans de comunicaci\u00f3","recull premsa"],"articleSection":["General"],"inLanguage":"ca"},{"@type":"WebPage","@id":"https:\/\/abd.ong\/ca\/general-ca\/abd-als-mitjans-de-comunicacio-a-loctubre\/","url":"https:\/\/abd.ong\/ca\/general-ca\/abd-als-mitjans-de-comunicacio-a-loctubre\/","name":"ABD als mitjans de comunicaci\u00f3 a l'octubre - ABD","isPartOf":{"@id":"https:\/\/abd.ong\/ca\/#website"},"primaryImageOfPage":{"@id":"https:\/\/abd.ong\/ca\/general-ca\/abd-als-mitjans-de-comunicacio-a-loctubre\/#primaryimage"},"image":{"@id":"https:\/\/abd.ong\/ca\/general-ca\/abd-als-mitjans-de-comunicacio-a-loctubre\/#primaryimage"},"thumbnailUrl":"https:\/\/abd.ong\/wp-content\/uploads\/2020\/05\/old-tv-1149416_1920.jpg","datePublished":"2020-10-29T09:29:10+00:00","dateModified":"2021-02-17T17:59:32+00:00","description":"L'Associaci\u00f3 Benestar i Desenvolupament\u00a0(ABD)\u00a0ha estat present als mitjans de comunicaci\u00f3 durant aquest mes d'octubre. A continuaci\u00f3, el resum de premsa","breadcrumb":{"@id":"https:\/\/abd.ong\/ca\/general-ca\/abd-als-mitjans-de-comunicacio-a-loctubre\/#breadcrumb"},"inLanguage":"ca","potentialAction":[{"@type":"ReadAction","target":["https:\/\/abd.ong\/ca\/general-ca\/abd-als-mitjans-de-comunicacio-a-loctubre\/"]}]},{"@type":"ImageObject","inLanguage":"ca","@id":"https:\/\/abd.ong\/ca\/general-ca\/abd-als-mitjans-de-comunicacio-a-loctubre\/#primaryimage","url":"https:\/\/abd.ong\/wp-content\/uploads\/2020\/05\/old-tv-1149416_1920.jpg","contentUrl":"https:\/\/abd.ong\/wp-content\/uploads\/2020\/05\/old-tv-1149416_1920.jpg","width":1919,"height":977,"caption":"medios de comunicaci\u00f3n"},{"@type":"BreadcrumbList","@id":"https:\/\/abd.ong\/ca\/general-ca\/abd-als-mitjans-de-comunicacio-a-loctubre\/#breadcrumb","itemListElement":[{"@type":"ListItem","position":1,"name":"Inici","item":"https:\/\/abd.ong\/ca\/"},{"@type":"ListItem","position":2,"name":"ABD als mitjans de comunicaci\u00f3 a l&#8217;octubre"}]},{"@type":"WebSite","@id":"https:\/\/abd.ong\/ca\/#website","url":"https:\/\/abd.ong\/ca\/","name":"ABD","description":"Asociaci\u00f3n Bienestar y Desarrollo","publisher":{"@id":"https:\/\/abd.ong\/ca\/#organization"},"potentialAction":[{"@type":"SearchAction","target":{"@type":"EntryPoint","urlTemplate":"https:\/\/abd.ong\/ca\/?s={search_term_string}"},"query-input":{"@type":"PropertyValueSpecification","valueRequired":true,"valueName":"search_term_string"}}],"inLanguage":"ca"},{"@type":"Organization","@id":"https:\/\/abd.ong\/ca\/#organization","name":"Associaci\u00f3 Benestar i Desenvolupament","alternateName":"ABD","url":"https:\/\/abd.ong\/ca\/","logo":{"@type":"ImageObject","inLanguage":"ca","@id":"https:\/\/abd.ong\/ca\/#\/schema\/logo\/image\/","url":"https:\/\/abd.ong\/wp-content\/uploads\/2023\/01\/Icona.png","contentUrl":"https:\/\/abd.ong\/wp-content\/uploads\/2023\/01\/Icona.png","width":190,"height":187,"caption":"Associaci\u00f3 Benestar i Desenvolupament"},"image":{"@id":"https:\/\/abd.ong\/ca\/#\/schema\/logo\/image\/"},"sameAs":["https:\/\/www.facebook.com\/abd.ong","https:\/\/x.com\/abd_ong","https:\/\/www.instagram.com\/abd_ong\/","https:\/\/www.linkedin.com\/company\/abdong","https:\/\/www.youtube.com\/user\/CANALABD"]},{"@type":"Person","@id":"https:\/\/abd.ong\/ca\/#\/schema\/person\/d2e158b4173f683b3898e286f5b35a10","name":"Maria Creixell"}]}},"_links":{"self":[{"href":"https:\/\/abd.ong\/ca\/wp-json\/wp\/v2\/posts\/17798","targetHints":{"allow":["GET"]}}],"collection":[{"href":"https:\/\/abd.ong\/ca\/wp-json\/wp\/v2\/posts"}],"about":[{"href":"https:\/\/abd.ong\/ca\/wp-json\/wp\/v2\/types\/post"}],"author":[{"embeddable":true,"href":"https:\/\/abd.ong\/ca\/wp-json\/wp\/v2\/users\/9"}],"replies":[{"embeddable":true,"href":"https:\/\/abd.ong\/ca\/wp-json\/wp\/v2\/comments?post=17798"}],"version-history":[{"count":3,"href":"https:\/\/abd.ong\/ca\/wp-json\/wp\/v2\/posts\/17798\/revisions"}],"predecessor-version":[{"id":20330,"href":"https:\/\/abd.ong\/ca\/wp-json\/wp\/v2\/posts\/17798\/revisions\/20330"}],"wp:featuredmedia":[{"embeddable":true,"href":"https:\/\/abd.ong\/ca\/wp-json\/wp\/v2\/media\/14666"}],"wp:attachment":[{"href":"https:\/\/abd.ong\/ca\/wp-json\/wp\/v2\/media?parent=17798"}],"wp:term":[{"taxonomy":"category","embeddable":true,"href":"https:\/\/abd.ong\/ca\/wp-json\/wp\/v2\/categories?post=17798"},{"taxonomy":"post_tag","embeddable":true,"href":"https:\/\/abd.ong\/ca\/wp-json\/wp\/v2\/tags?post=17798"}],"curies":[{"name":"wp","href":"https:\/\/api.w.org\/{rel}","templated":true}]}}