{"id":175953,"date":"2026-04-30T09:44:14","date_gmt":"2026-04-30T07:44:14","guid":{"rendered":"https:\/\/abd.ong\/sense-categoria\/abd-acull-una-delegacio-italiana-de-professionals-per-coneixer-projectes-i-serveis-en-lambit-de-genere\/"},"modified":"2026-04-30T11:04:38","modified_gmt":"2026-04-30T09:04:38","slug":"abd-acull-una-delegacio-italiana-de-professionals-per-coneixer-projectes-i-serveis-en-lambit-de-genere","status":"publish","type":"post","link":"https:\/\/abd.ong\/ca\/internacional-ca\/abd-acull-una-delegacio-italiana-de-professionals-per-coneixer-projectes-i-serveis-en-lambit-de-genere\/","title":{"rendered":"ABD acull una delegaci\u00f3 italiana de professionals per con\u00e8ixer projectes i serveis en l\u2019\u00e0mbit de g\u00e8nere"},"content":{"rendered":"\n<p><span style=\"font-weight: 400;\">Aquesta setmana, ABD ha acollit a Barcelona una delegaci\u00f3 de professionals de l\u2019organitzaci\u00f3 italiana <\/span><a href=\"https:\/\/www.weworld.it\/es\"><span style=\"font-weight: 400;\">WeWorld<\/span><\/a><span style=\"font-weight: 400;\">, partner en diversos projectes europeus. La visita es va emmarcar en una mobilitat impulsada per l\u2019entitat italiana en el context del programa Erasmus+, amb la participaci\u00f3 de professionals del programa <\/span><a href=\"https:\/\/www.weworld.it\/cosa-facciamo\/progetti-in-europa\/spazi-donna\"><span style=\"font-weight: 400;\">Spazio Donna<\/span><\/a><span style=\"font-weight: 400;\"> i representants d\u2019organitzacions vinculades al projecte <\/span><strong><a href=\"https:\/\/abd.ong\/ca\/programes\/power\/\" target=\"_blank\" rel=\"noopener\">POWER<\/a><\/strong><span style=\"font-weight: 400;\">.<\/span><\/p>\n\n<p>La delegaci\u00f3, formada per 16 persones, inclo\u00efa perfils diversos com coordinadores d\u2019entitats, gestores de projectes, treballadores socials i expertes en desenvolupament comunitari, joventut i participaci\u00f3, aix\u00ed com representants d\u2019organitzacions de la societat civil italiana. Totes elles treballen en l\u2019\u00e0mbit de l\u2019atenci\u00f3 a dones en situaci\u00f3 de viol\u00e8ncia i vulnerabilitat, i van mostrar un especial inter\u00e8s en con\u00e8ixer experi\u00e8ncies relacionades amb la prevenci\u00f3 de la viol\u00e8ncia de g\u00e8nere, l\u2019empoderament de les dones i el treball comunitari.<\/p>\n\n<div style=\"height:30px\" aria-hidden=\"true\" class=\"wp-block-spacer\"><\/div>\n\n<h4 class=\"wp-block-heading\">Visites a serveis d&#8217;atenci\u00f3 a les viol\u00e8ncies masclistes<\/h4>\n\n<div style=\"height:20px\" aria-hidden=\"true\" class=\"wp-block-spacer\"><\/div>\n\n<p><span style=\"font-weight: 400;\">La visita es va iniciar el dilluns 27 d\u2019abril a l\u2019oficina de Quevedo d\u2019ABD, amb una sessi\u00f3 de benvinguda i presentaci\u00f3 de l\u2019entitat i del seu Departament Internacional, aix\u00ed com una introducci\u00f3 al sistema d\u2019atenci\u00f3 a les viol\u00e8ncies masclistes a Catalunya. Durant la jornada tamb\u00e9 es va presentar l\u2019entitat <\/span><a href=\"https:\/\/pds.ong\/es\/programas\/\"><span style=\"font-weight: 400;\">PDS<\/span><\/a><span style=\"font-weight: 400;\">, del Grup ABD, i es va realitzar un taller sobre educaci\u00f3 afectivosexual, abordant continguts relacionats amb la prevenci\u00f3, la gesti\u00f3 emocional i les habilitats per a la vida.<\/span><\/p>\n\n<p><span style=\"font-weight: 400;\">El dimarts 28 d\u2019abril, la delegaci\u00f3 es va despla\u00e7ar a Vilanova i la Geltr\u00fa per visitar el <\/span><strong><a href=\"https:\/\/abd.ong\/programas\/sie-garraf-penedes\/\">SIE Garraf<\/a><\/strong><span style=\"font-weight: 400;\">, un servei especialitzat gestionat per ABD que ofereix atenci\u00f3 integral a dones que han patit viol\u00e8ncia masclista i als seus fills i filles. La jornada va continuar amb un espai d\u2019intercanvi professional a la Casa Olivella, i a la tarda es va visitar el servei <\/span><strong><a href=\"https:\/\/abd.ong\/programas\/barnahus\/\">Barnahus Garraf<\/a><\/strong><span style=\"font-weight: 400;\">, dedicat a l\u2019atenci\u00f3 integrada d\u2019infants i adolescents v\u00edctimes d\u2019abusos sexuals.<\/span><\/p>\n\n<p><span style=\"font-weight: 400;\">El dimecres 29 d\u2019abril, les activitats es van reprendre a Barcelona amb la presentaci\u00f3 del programa <\/span><strong><a href=\"https:\/\/preinfant.org\/\">Preinfant<\/a><\/strong><span style=\"font-weight: 400;\">, que acompanya dones en situaci\u00f3 de vulnerabilitat durant l\u2019embar\u00e0s i els primers anys de vida dels seus fills i filles, oferint suport social, psicol\u00f2gic i en la crian\u00e7a. Posteriorment, la delegaci\u00f3 va visitar <\/span><strong><a href=\"https:\/\/metzineres.org\/en\/\">Metzineres<\/a><\/strong><span style=\"font-weight: 400;\">, una cooperativa sense \u00e0nim de lucre que treballa amb dones i persones no bin\u00e0ries que consumeixen drogues i es troben en situacions de viol\u00e8ncia i exclusi\u00f3, des d\u2019una perspectiva de reducci\u00f3 de danys.<\/span><\/p>\n\n<p><span style=\"font-weight: 400;\">Finalment, el dijous 30 d\u2019abril, es va celebrar una trobada a <\/span><a href=\"https:\/\/tjussana.cat\/torre-jussana\/que-ens-defineix\/\"><span style=\"font-weight: 400;\">Torre Jussana<\/span><\/a><span style=\"font-weight: 400;\"> amb organitzacions vinculades al projecte <strong>POWER<\/strong>, en la qual van participar representants d\u2019entitats estatals com el Consell Nacional de Dones d\u2019Espanya i el Lobby Europeu de Dones a Espanya, entre d\u2019altres. Aquesta sessi\u00f3 va permetre generar un espai de di\u00e0leg i intercanvi entre organitzacions europees compromeses amb la igualtat de g\u00e8nere i els drets de les dones.<\/span><\/p>\n\n<p>Al llarg de totes les visites, es van combinar presentacions de serveis amb espais d\u2019intercanvi entre professionals, afavorint el coneixement mutu i l\u2019aproximaci\u00f3 a diferents models d\u2019intervenci\u00f3 en l\u2019\u00e0mbit de la viol\u00e8ncia de g\u00e8nere i l\u2019acci\u00f3 comunit\u00e0ria.<\/p>\n\n<figure class=\"wp-block-gallery has-nested-images columns-default is-cropped wp-block-gallery-2 is-layout-flex wp-block-gallery-is-layout-flex\">\n<figure class=\"wp-block-image size-large\"><img fetchpriority=\"high\" decoding=\"async\" width=\"1024\" height=\"577\" data-id=\"175928\" src=\"https:\/\/abd.ong\/wp-content\/uploads\/2026\/04\/20260427_095816-1024x577.jpg\" alt=\"\" class=\"wp-image-175928\" srcset=\"https:\/\/abd.ong\/wp-content\/uploads\/2026\/04\/20260427_095816-1024x577.jpg 1024w, https:\/\/abd.ong\/wp-content\/uploads\/2026\/04\/20260427_095816-300x169.jpg 300w, https:\/\/abd.ong\/wp-content\/uploads\/2026\/04\/20260427_095816-768x432.jpg 768w, https:\/\/abd.ong\/wp-content\/uploads\/2026\/04\/20260427_095816-1536x865.jpg 1536w, https:\/\/abd.ong\/wp-content\/uploads\/2026\/04\/20260427_095816.jpg 2048w\" sizes=\"(max-width: 1024px) 100vw, 1024px\" \/><\/figure>\n\n\n\n<figure class=\"wp-block-image size-large\"><img decoding=\"async\" width=\"1024\" height=\"577\" data-id=\"175926\" src=\"https:\/\/abd.ong\/wp-content\/uploads\/2026\/04\/20260427_121747-1024x577.jpg\" alt=\"\" class=\"wp-image-175926\" srcset=\"https:\/\/abd.ong\/wp-content\/uploads\/2026\/04\/20260427_121747-1024x577.jpg 1024w, https:\/\/abd.ong\/wp-content\/uploads\/2026\/04\/20260427_121747-300x169.jpg 300w, https:\/\/abd.ong\/wp-content\/uploads\/2026\/04\/20260427_121747-768x432.jpg 768w, https:\/\/abd.ong\/wp-content\/uploads\/2026\/04\/20260427_121747-1536x865.jpg 1536w, https:\/\/abd.ong\/wp-content\/uploads\/2026\/04\/20260427_121747.jpg 2048w\" sizes=\"(max-width: 1024px) 100vw, 1024px\" \/><\/figure>\n\n\n\n<figure class=\"wp-block-image size-large\"><img decoding=\"async\" width=\"1024\" height=\"768\" data-id=\"175913\" src=\"https:\/\/abd.ong\/wp-content\/uploads\/2026\/04\/IMG-20260429-WA0012-1024x768.jpg\" alt=\"\" class=\"wp-image-175913\" srcset=\"https:\/\/abd.ong\/wp-content\/uploads\/2026\/04\/IMG-20260429-WA0012-1024x768.jpg 1024w, https:\/\/abd.ong\/wp-content\/uploads\/2026\/04\/IMG-20260429-WA0012-300x225.jpg 300w, https:\/\/abd.ong\/wp-content\/uploads\/2026\/04\/IMG-20260429-WA0012-768x576.jpg 768w, https:\/\/abd.ong\/wp-content\/uploads\/2026\/04\/IMG-20260429-WA0012-1536x1152.jpg 1536w, https:\/\/abd.ong\/wp-content\/uploads\/2026\/04\/IMG-20260429-WA0012.jpg 1600w\" sizes=\"(max-width: 1024px) 100vw, 1024px\" \/><\/figure>\n\n\n\n<figure class=\"wp-block-image size-large\"><img loading=\"lazy\" decoding=\"async\" width=\"1024\" height=\"577\" data-id=\"175922\" src=\"https:\/\/abd.ong\/wp-content\/uploads\/2026\/04\/20260429_092537-1024x577.jpg\" alt=\"\" class=\"wp-image-175922\" srcset=\"https:\/\/abd.ong\/wp-content\/uploads\/2026\/04\/20260429_092537-1024x577.jpg 1024w, https:\/\/abd.ong\/wp-content\/uploads\/2026\/04\/20260429_092537-300x169.jpg 300w, https:\/\/abd.ong\/wp-content\/uploads\/2026\/04\/20260429_092537-768x432.jpg 768w, https:\/\/abd.ong\/wp-content\/uploads\/2026\/04\/20260429_092537-1536x865.jpg 1536w, https:\/\/abd.ong\/wp-content\/uploads\/2026\/04\/20260429_092537.jpg 2048w\" sizes=\"(max-width: 1024px) 100vw, 1024px\" \/><\/figure>\n\n\n\n<figure class=\"wp-block-image size-large\"><img loading=\"lazy\" decoding=\"async\" width=\"1024\" height=\"768\" data-id=\"175915\" src=\"https:\/\/abd.ong\/wp-content\/uploads\/2026\/04\/IMG-20260429-WA0019-1024x768.jpg\" alt=\"\" class=\"wp-image-175915\" srcset=\"https:\/\/abd.ong\/wp-content\/uploads\/2026\/04\/IMG-20260429-WA0019-1024x768.jpg 1024w, https:\/\/abd.ong\/wp-content\/uploads\/2026\/04\/IMG-20260429-WA0019-300x225.jpg 300w, https:\/\/abd.ong\/wp-content\/uploads\/2026\/04\/IMG-20260429-WA0019-768x576.jpg 768w, https:\/\/abd.ong\/wp-content\/uploads\/2026\/04\/IMG-20260429-WA0019-1536x1152.jpg 1536w, https:\/\/abd.ong\/wp-content\/uploads\/2026\/04\/IMG-20260429-WA0019.jpg 2048w\" sizes=\"(max-width: 1024px) 100vw, 1024px\" \/><\/figure>\n\n\n\n<figure class=\"wp-block-image size-large\"><img loading=\"lazy\" decoding=\"async\" width=\"1024\" height=\"577\" data-id=\"175921\" src=\"https:\/\/abd.ong\/wp-content\/uploads\/2026\/04\/20260429_130801-1024x577.jpg\" alt=\"\" class=\"wp-image-175921\" srcset=\"https:\/\/abd.ong\/wp-content\/uploads\/2026\/04\/20260429_130801-1024x577.jpg 1024w, https:\/\/abd.ong\/wp-content\/uploads\/2026\/04\/20260429_130801-300x169.jpg 300w, https:\/\/abd.ong\/wp-content\/uploads\/2026\/04\/20260429_130801-768x432.jpg 768w, https:\/\/abd.ong\/wp-content\/uploads\/2026\/04\/20260429_130801-1536x865.jpg 1536w, https:\/\/abd.ong\/wp-content\/uploads\/2026\/04\/20260429_130801.jpg 2048w\" sizes=\"(max-width: 1024px) 100vw, 1024px\" \/><\/figure>\n\n\n\n<figure class=\"wp-block-image size-large\"><img loading=\"lazy\" decoding=\"async\" width=\"1024\" height=\"577\" data-id=\"175923\" src=\"https:\/\/abd.ong\/wp-content\/uploads\/2026\/04\/20260429_124528-1024x577.jpg\" alt=\"\" class=\"wp-image-175923\" srcset=\"https:\/\/abd.ong\/wp-content\/uploads\/2026\/04\/20260429_124528-1024x577.jpg 1024w, https:\/\/abd.ong\/wp-content\/uploads\/2026\/04\/20260429_124528-300x169.jpg 300w, https:\/\/abd.ong\/wp-content\/uploads\/2026\/04\/20260429_124528-768x432.jpg 768w, https:\/\/abd.ong\/wp-content\/uploads\/2026\/04\/20260429_124528-1536x865.jpg 1536w, https:\/\/abd.ong\/wp-content\/uploads\/2026\/04\/20260429_124528.jpg 2048w\" sizes=\"(max-width: 1024px) 100vw, 1024px\" \/><\/figure>\n\n\n\n<figure class=\"wp-block-image size-large\"><img loading=\"lazy\" decoding=\"async\" width=\"1024\" height=\"577\" data-id=\"175927\" src=\"https:\/\/abd.ong\/wp-content\/uploads\/2026\/04\/20260429_121025-1024x577.jpg\" alt=\"\" class=\"wp-image-175927\" srcset=\"https:\/\/abd.ong\/wp-content\/uploads\/2026\/04\/20260429_121025-1024x577.jpg 1024w, https:\/\/abd.ong\/wp-content\/uploads\/2026\/04\/20260429_121025-300x169.jpg 300w, https:\/\/abd.ong\/wp-content\/uploads\/2026\/04\/20260429_121025-768x432.jpg 768w, https:\/\/abd.ong\/wp-content\/uploads\/2026\/04\/20260429_121025-1536x865.jpg 1536w, https:\/\/abd.ong\/wp-content\/uploads\/2026\/04\/20260429_121025.jpg 2048w\" sizes=\"(max-width: 1024px) 100vw, 1024px\" \/><\/figure>\n\n\n\n<figure class=\"wp-block-image size-large\"><img loading=\"lazy\" decoding=\"async\" width=\"1024\" height=\"577\" data-id=\"175924\" src=\"https:\/\/abd.ong\/wp-content\/uploads\/2026\/04\/20260429_131117-1024x577.jpg\" alt=\"\" class=\"wp-image-175924\" srcset=\"https:\/\/abd.ong\/wp-content\/uploads\/2026\/04\/20260429_131117-1024x577.jpg 1024w, https:\/\/abd.ong\/wp-content\/uploads\/2026\/04\/20260429_131117-300x169.jpg 300w, https:\/\/abd.ong\/wp-content\/uploads\/2026\/04\/20260429_131117-768x432.jpg 768w, https:\/\/abd.ong\/wp-content\/uploads\/2026\/04\/20260429_131117-1536x865.jpg 1536w, https:\/\/abd.ong\/wp-content\/uploads\/2026\/04\/20260429_131117.jpg 2048w\" sizes=\"(max-width: 1024px) 100vw, 1024px\" \/><\/figure>\n\n\n\n<figure class=\"wp-block-image size-large\"><img loading=\"lazy\" decoding=\"async\" width=\"771\" height=\"1024\" data-id=\"175917\" src=\"https:\/\/abd.ong\/wp-content\/uploads\/2026\/04\/Aj.-Vilanova-1-771x1024.jpeg\" alt=\"\" class=\"wp-image-175917\" srcset=\"https:\/\/abd.ong\/wp-content\/uploads\/2026\/04\/Aj.-Vilanova-1-771x1024.jpeg 771w, https:\/\/abd.ong\/wp-content\/uploads\/2026\/04\/Aj.-Vilanova-1-226x300.jpeg 226w, https:\/\/abd.ong\/wp-content\/uploads\/2026\/04\/Aj.-Vilanova-1-768x1021.jpeg 768w, https:\/\/abd.ong\/wp-content\/uploads\/2026\/04\/Aj.-Vilanova-1-1156x1536.jpeg 1156w, https:\/\/abd.ong\/wp-content\/uploads\/2026\/04\/Aj.-Vilanova-1.jpeg 1204w\" sizes=\"(max-width: 771px) 100vw, 771px\" \/><\/figure>\n\n\n\n<figure class=\"wp-block-image size-large\"><img loading=\"lazy\" decoding=\"async\" width=\"771\" height=\"1024\" data-id=\"175918\" src=\"https:\/\/abd.ong\/wp-content\/uploads\/2026\/04\/IMG-20260428-WA0014-771x1024.jpg\" alt=\"\" class=\"wp-image-175918\" srcset=\"https:\/\/abd.ong\/wp-content\/uploads\/2026\/04\/IMG-20260428-WA0014-771x1024.jpg 771w, https:\/\/abd.ong\/wp-content\/uploads\/2026\/04\/IMG-20260428-WA0014-226x300.jpg 226w, https:\/\/abd.ong\/wp-content\/uploads\/2026\/04\/IMG-20260428-WA0014-768x1021.jpg 768w, https:\/\/abd.ong\/wp-content\/uploads\/2026\/04\/IMG-20260428-WA0014-1156x1536.jpg 1156w, https:\/\/abd.ong\/wp-content\/uploads\/2026\/04\/IMG-20260428-WA0014.jpg 1204w\" sizes=\"(max-width: 771px) 100vw, 771px\" \/><\/figure>\n\n\n\n<figure class=\"wp-block-image size-large\"><img loading=\"lazy\" decoding=\"async\" width=\"771\" height=\"1024\" data-id=\"175919\" src=\"https:\/\/abd.ong\/wp-content\/uploads\/2026\/04\/Grup-771x1024.jpeg\" alt=\"\" class=\"wp-image-175919\" srcset=\"https:\/\/abd.ong\/wp-content\/uploads\/2026\/04\/Grup-771x1024.jpeg 771w, https:\/\/abd.ong\/wp-content\/uploads\/2026\/04\/Grup-226x300.jpeg 226w, https:\/\/abd.ong\/wp-content\/uploads\/2026\/04\/Grup-768x1021.jpeg 768w, https:\/\/abd.ong\/wp-content\/uploads\/2026\/04\/Grup-1156x1536.jpeg 1156w, https:\/\/abd.ong\/wp-content\/uploads\/2026\/04\/Grup.jpeg 1204w\" sizes=\"(max-width: 771px) 100vw, 771px\" \/><\/figure>\n\n\n\n<figure class=\"wp-block-image size-large\"><img loading=\"lazy\" decoding=\"async\" width=\"1024\" height=\"577\" data-id=\"175925\" src=\"https:\/\/abd.ong\/wp-content\/uploads\/2026\/04\/20260427_135746-1024x577.jpg\" alt=\"\" class=\"wp-image-175925\" srcset=\"https:\/\/abd.ong\/wp-content\/uploads\/2026\/04\/20260427_135746-1024x577.jpg 1024w, https:\/\/abd.ong\/wp-content\/uploads\/2026\/04\/20260427_135746-300x169.jpg 300w, https:\/\/abd.ong\/wp-content\/uploads\/2026\/04\/20260427_135746-768x432.jpg 768w, https:\/\/abd.ong\/wp-content\/uploads\/2026\/04\/20260427_135746-1536x865.jpg 1536w, https:\/\/abd.ong\/wp-content\/uploads\/2026\/04\/20260427_135746.jpg 2048w\" sizes=\"(max-width: 1024px) 100vw, 1024px\" \/><\/figure>\n<\/figure>\n\n<p><\/p>\n","protected":false},"excerpt":{"rendered":"<p>Aquesta setmana, ABD ha acollit a Barcelona una delegaci\u00f3 de professionals de l\u2019organitzaci\u00f3 italiana WeWorld, partner en diversos projectes europeus. La visita es va emmarcar en una mobilitat impulsada per&hellip;<\/p>\n","protected":false},"author":9,"featured_media":175952,"comment_status":"closed","ping_status":"closed","sticky":false,"template":"","format":"standard","meta":{"_acf_changed":false,"footnotes":""},"categories":[2296],"tags":[675,5184,4281,3181,3418],"class_list":["post-175953","post","type-post","status-publish","format-standard","has-post-thumbnail","hentry","category-internacional-ca","tag-asociacion-bienestar-y-desarrollo-ca","tag-intercanvi","tag-power-ca","tag-violencies-masclistes-ca","tag-visita-ca"],"acf":[],"yoast_head":"<!-- This site is optimized with the Yoast SEO plugin v27.4 - https:\/\/yoast.com\/product\/yoast-seo-wordpress\/ -->\n<title>ABD acull una delegaci\u00f3 italiana de professionals per con\u00e8ixer projectes i serveis en l\u2019\u00e0mbit de g\u00e8nere - ABD<\/title>\n<meta name=\"description\" content=\"Aquesta setmana, ABD ha acollit a Barcelona una delegaci\u00f3 de professionals de l\u2019organitzaci\u00f3 italiana WeWorld, partner en diversos projectes europeus. La\" \/>\n<meta name=\"robots\" content=\"index, follow, max-snippet:-1, max-image-preview:large, max-video-preview:-1\" \/>\n<link rel=\"canonical\" href=\"https:\/\/abd.ong\/ca\/internacional-ca\/abd-acull-una-delegacio-italiana-de-professionals-per-coneixer-projectes-i-serveis-en-lambit-de-genere\/\" \/>\n<meta property=\"og:locale\" content=\"ca_ES\" \/>\n<meta property=\"og:type\" content=\"article\" \/>\n<meta property=\"og:title\" content=\"ABD acull una delegaci\u00f3 italiana de professionals per con\u00e8ixer projectes i serveis en l\u2019\u00e0mbit de g\u00e8nere - ABD\" \/>\n<meta property=\"og:description\" content=\"Aquesta setmana, ABD ha acollit a Barcelona una delegaci\u00f3 de professionals de l\u2019organitzaci\u00f3 italiana WeWorld, partner en diversos projectes europeus. La\" \/>\n<meta property=\"og:url\" content=\"https:\/\/abd.ong\/ca\/internacional-ca\/abd-acull-una-delegacio-italiana-de-professionals-per-coneixer-projectes-i-serveis-en-lambit-de-genere\/\" \/>\n<meta property=\"og:site_name\" content=\"ABD\" \/>\n<meta property=\"article:publisher\" content=\"https:\/\/www.facebook.com\/abd.ong\" \/>\n<meta property=\"article:published_time\" content=\"2026-04-30T07:44:14+00:00\" \/>\n<meta property=\"article:modified_time\" content=\"2026-04-30T09:04:38+00:00\" \/>\n<meta property=\"og:image\" content=\"https:\/\/abd.ong\/wp-content\/uploads\/2026\/04\/20260427_135746.jpg\" \/>\n\t<meta property=\"og:image:width\" content=\"2048\" \/>\n\t<meta property=\"og:image:height\" content=\"1153\" \/>\n\t<meta property=\"og:image:type\" content=\"image\/jpeg\" \/>\n<meta name=\"author\" content=\"Maria Creixell\" \/>\n<meta name=\"twitter:card\" content=\"summary_large_image\" \/>\n<meta name=\"twitter:creator\" content=\"@abd_ong\" \/>\n<meta name=\"twitter:site\" content=\"@abd_ong\" \/>\n<meta name=\"twitter:label1\" content=\"Escrit per\" \/>\n\t<meta name=\"twitter:data1\" content=\"Maria Creixell\" \/>\n\t<meta name=\"twitter:label2\" content=\"Temps estimat de lectura\" \/>\n\t<meta name=\"twitter:data2\" content=\"3 minuts\" \/>\n<script type=\"application\/ld+json\" class=\"yoast-schema-graph\">{\"@context\":\"https:\\\/\\\/schema.org\",\"@graph\":[{\"@type\":\"Article\",\"@id\":\"https:\\\/\\\/abd.ong\\\/ca\\\/internacional-ca\\\/abd-acull-una-delegacio-italiana-de-professionals-per-coneixer-projectes-i-serveis-en-lambit-de-genere\\\/#article\",\"isPartOf\":{\"@id\":\"https:\\\/\\\/abd.ong\\\/ca\\\/internacional-ca\\\/abd-acull-una-delegacio-italiana-de-professionals-per-coneixer-projectes-i-serveis-en-lambit-de-genere\\\/\"},\"author\":{\"name\":\"Maria Creixell\",\"@id\":\"https:\\\/\\\/abd.ong\\\/ca\\\/#\\\/schema\\\/person\\\/d2e158b4173f683b3898e286f5b35a10\"},\"headline\":\"ABD acull una delegaci\u00f3 italiana de professionals per con\u00e8ixer projectes i serveis en l\u2019\u00e0mbit de g\u00e8nere\",\"datePublished\":\"2026-04-30T07:44:14+00:00\",\"dateModified\":\"2026-04-30T09:04:38+00:00\",\"mainEntityOfPage\":{\"@id\":\"https:\\\/\\\/abd.ong\\\/ca\\\/internacional-ca\\\/abd-acull-una-delegacio-italiana-de-professionals-per-coneixer-projectes-i-serveis-en-lambit-de-genere\\\/\"},\"wordCount\":550,\"publisher\":{\"@id\":\"https:\\\/\\\/abd.ong\\\/ca\\\/#organization\"},\"image\":{\"@id\":\"https:\\\/\\\/abd.ong\\\/ca\\\/internacional-ca\\\/abd-acull-una-delegacio-italiana-de-professionals-per-coneixer-projectes-i-serveis-en-lambit-de-genere\\\/#primaryimage\"},\"thumbnailUrl\":\"https:\\\/\\\/abd.ong\\\/wp-content\\\/uploads\\\/2026\\\/04\\\/20260427_135746.jpg\",\"keywords\":[\"Asociaci\u00f3n Bienestar y Desarrollo\",\"intercanvi\",\"Power\",\"viol\u00e8ncies masclistes\",\"Visita\"],\"articleSection\":[\"Internacional\"],\"inLanguage\":\"ca\"},{\"@type\":\"WebPage\",\"@id\":\"https:\\\/\\\/abd.ong\\\/ca\\\/internacional-ca\\\/abd-acull-una-delegacio-italiana-de-professionals-per-coneixer-projectes-i-serveis-en-lambit-de-genere\\\/\",\"url\":\"https:\\\/\\\/abd.ong\\\/ca\\\/internacional-ca\\\/abd-acull-una-delegacio-italiana-de-professionals-per-coneixer-projectes-i-serveis-en-lambit-de-genere\\\/\",\"name\":\"ABD acull una delegaci\u00f3 italiana de professionals per con\u00e8ixer projectes i serveis en l\u2019\u00e0mbit de g\u00e8nere - ABD\",\"isPartOf\":{\"@id\":\"https:\\\/\\\/abd.ong\\\/ca\\\/#website\"},\"primaryImageOfPage\":{\"@id\":\"https:\\\/\\\/abd.ong\\\/ca\\\/internacional-ca\\\/abd-acull-una-delegacio-italiana-de-professionals-per-coneixer-projectes-i-serveis-en-lambit-de-genere\\\/#primaryimage\"},\"image\":{\"@id\":\"https:\\\/\\\/abd.ong\\\/ca\\\/internacional-ca\\\/abd-acull-una-delegacio-italiana-de-professionals-per-coneixer-projectes-i-serveis-en-lambit-de-genere\\\/#primaryimage\"},\"thumbnailUrl\":\"https:\\\/\\\/abd.ong\\\/wp-content\\\/uploads\\\/2026\\\/04\\\/20260427_135746.jpg\",\"datePublished\":\"2026-04-30T07:44:14+00:00\",\"dateModified\":\"2026-04-30T09:04:38+00:00\",\"description\":\"Aquesta setmana, ABD ha acollit a Barcelona una delegaci\u00f3 de professionals de l\u2019organitzaci\u00f3 italiana WeWorld, partner en diversos projectes europeus. La\",\"breadcrumb\":{\"@id\":\"https:\\\/\\\/abd.ong\\\/ca\\\/internacional-ca\\\/abd-acull-una-delegacio-italiana-de-professionals-per-coneixer-projectes-i-serveis-en-lambit-de-genere\\\/#breadcrumb\"},\"inLanguage\":\"ca\",\"potentialAction\":[{\"@type\":\"ReadAction\",\"target\":[\"https:\\\/\\\/abd.ong\\\/ca\\\/internacional-ca\\\/abd-acull-una-delegacio-italiana-de-professionals-per-coneixer-projectes-i-serveis-en-lambit-de-genere\\\/\"]}]},{\"@type\":\"ImageObject\",\"inLanguage\":\"ca\",\"@id\":\"https:\\\/\\\/abd.ong\\\/ca\\\/internacional-ca\\\/abd-acull-una-delegacio-italiana-de-professionals-per-coneixer-projectes-i-serveis-en-lambit-de-genere\\\/#primaryimage\",\"url\":\"https:\\\/\\\/abd.ong\\\/wp-content\\\/uploads\\\/2026\\\/04\\\/20260427_135746.jpg\",\"contentUrl\":\"https:\\\/\\\/abd.ong\\\/wp-content\\\/uploads\\\/2026\\\/04\\\/20260427_135746.jpg\",\"width\":2048,\"height\":1153},{\"@type\":\"BreadcrumbList\",\"@id\":\"https:\\\/\\\/abd.ong\\\/ca\\\/internacional-ca\\\/abd-acull-una-delegacio-italiana-de-professionals-per-coneixer-projectes-i-serveis-en-lambit-de-genere\\\/#breadcrumb\",\"itemListElement\":[{\"@type\":\"ListItem\",\"position\":1,\"name\":\"Inici\",\"item\":\"https:\\\/\\\/abd.ong\\\/ca\\\/\"},{\"@type\":\"ListItem\",\"position\":2,\"name\":\"ABD acull una delegaci\u00f3 italiana de professionals per con\u00e8ixer projectes i serveis en l\u2019\u00e0mbit de g\u00e8nere\"}]},{\"@type\":\"WebSite\",\"@id\":\"https:\\\/\\\/abd.ong\\\/ca\\\/#website\",\"url\":\"https:\\\/\\\/abd.ong\\\/ca\\\/\",\"name\":\"ABD\",\"description\":\"Asociaci\u00f3n Bienestar y Desarrollo\",\"publisher\":{\"@id\":\"https:\\\/\\\/abd.ong\\\/ca\\\/#organization\"},\"potentialAction\":[{\"@type\":\"SearchAction\",\"target\":{\"@type\":\"EntryPoint\",\"urlTemplate\":\"https:\\\/\\\/abd.ong\\\/ca\\\/?s={search_term_string}\"},\"query-input\":{\"@type\":\"PropertyValueSpecification\",\"valueRequired\":true,\"valueName\":\"search_term_string\"}}],\"inLanguage\":\"ca\"},{\"@type\":\"Organization\",\"@id\":\"https:\\\/\\\/abd.ong\\\/ca\\\/#organization\",\"name\":\"Associaci\u00f3 Benestar i Desenvolupament\",\"alternateName\":\"ABD\",\"url\":\"https:\\\/\\\/abd.ong\\\/ca\\\/\",\"logo\":{\"@type\":\"ImageObject\",\"inLanguage\":\"ca\",\"@id\":\"https:\\\/\\\/abd.ong\\\/ca\\\/#\\\/schema\\\/logo\\\/image\\\/\",\"url\":\"https:\\\/\\\/abd.ong\\\/wp-content\\\/uploads\\\/2023\\\/01\\\/Icona.png\",\"contentUrl\":\"https:\\\/\\\/abd.ong\\\/wp-content\\\/uploads\\\/2023\\\/01\\\/Icona.png\",\"width\":190,\"height\":187,\"caption\":\"Associaci\u00f3 Benestar i Desenvolupament\"},\"image\":{\"@id\":\"https:\\\/\\\/abd.ong\\\/ca\\\/#\\\/schema\\\/logo\\\/image\\\/\"},\"sameAs\":[\"https:\\\/\\\/www.facebook.com\\\/abd.ong\",\"https:\\\/\\\/x.com\\\/abd_ong\",\"https:\\\/\\\/www.instagram.com\\\/abd_ong\\\/\",\"https:\\\/\\\/www.linkedin.com\\\/company\\\/abdong\",\"https:\\\/\\\/www.youtube.com\\\/user\\\/CANALABD\"]},{\"@type\":\"Person\",\"@id\":\"https:\\\/\\\/abd.ong\\\/ca\\\/#\\\/schema\\\/person\\\/d2e158b4173f683b3898e286f5b35a10\",\"name\":\"Maria Creixell\"}]}<\/script>\n<!-- \/ Yoast SEO plugin. -->","yoast_head_json":{"title":"ABD acull una delegaci\u00f3 italiana de professionals per con\u00e8ixer projectes i serveis en l\u2019\u00e0mbit de g\u00e8nere - ABD","description":"Aquesta setmana, ABD ha acollit a Barcelona una delegaci\u00f3 de professionals de l\u2019organitzaci\u00f3 italiana WeWorld, partner en diversos projectes europeus. La","robots":{"index":"index","follow":"follow","max-snippet":"max-snippet:-1","max-image-preview":"max-image-preview:large","max-video-preview":"max-video-preview:-1"},"canonical":"https:\/\/abd.ong\/ca\/internacional-ca\/abd-acull-una-delegacio-italiana-de-professionals-per-coneixer-projectes-i-serveis-en-lambit-de-genere\/","og_locale":"ca_ES","og_type":"article","og_title":"ABD acull una delegaci\u00f3 italiana de professionals per con\u00e8ixer projectes i serveis en l\u2019\u00e0mbit de g\u00e8nere - ABD","og_description":"Aquesta setmana, ABD ha acollit a Barcelona una delegaci\u00f3 de professionals de l\u2019organitzaci\u00f3 italiana WeWorld, partner en diversos projectes europeus. La","og_url":"https:\/\/abd.ong\/ca\/internacional-ca\/abd-acull-una-delegacio-italiana-de-professionals-per-coneixer-projectes-i-serveis-en-lambit-de-genere\/","og_site_name":"ABD","article_publisher":"https:\/\/www.facebook.com\/abd.ong","article_published_time":"2026-04-30T07:44:14+00:00","article_modified_time":"2026-04-30T09:04:38+00:00","og_image":[{"width":2048,"height":1153,"url":"https:\/\/abd.ong\/wp-content\/uploads\/2026\/04\/20260427_135746.jpg","type":"image\/jpeg"}],"author":"Maria Creixell","twitter_card":"summary_large_image","twitter_creator":"@abd_ong","twitter_site":"@abd_ong","twitter_misc":{"Escrit per":"Maria Creixell","Temps estimat de lectura":"3 minuts"},"schema":{"@context":"https:\/\/schema.org","@graph":[{"@type":"Article","@id":"https:\/\/abd.ong\/ca\/internacional-ca\/abd-acull-una-delegacio-italiana-de-professionals-per-coneixer-projectes-i-serveis-en-lambit-de-genere\/#article","isPartOf":{"@id":"https:\/\/abd.ong\/ca\/internacional-ca\/abd-acull-una-delegacio-italiana-de-professionals-per-coneixer-projectes-i-serveis-en-lambit-de-genere\/"},"author":{"name":"Maria Creixell","@id":"https:\/\/abd.ong\/ca\/#\/schema\/person\/d2e158b4173f683b3898e286f5b35a10"},"headline":"ABD acull una delegaci\u00f3 italiana de professionals per con\u00e8ixer projectes i serveis en l\u2019\u00e0mbit de g\u00e8nere","datePublished":"2026-04-30T07:44:14+00:00","dateModified":"2026-04-30T09:04:38+00:00","mainEntityOfPage":{"@id":"https:\/\/abd.ong\/ca\/internacional-ca\/abd-acull-una-delegacio-italiana-de-professionals-per-coneixer-projectes-i-serveis-en-lambit-de-genere\/"},"wordCount":550,"publisher":{"@id":"https:\/\/abd.ong\/ca\/#organization"},"image":{"@id":"https:\/\/abd.ong\/ca\/internacional-ca\/abd-acull-una-delegacio-italiana-de-professionals-per-coneixer-projectes-i-serveis-en-lambit-de-genere\/#primaryimage"},"thumbnailUrl":"https:\/\/abd.ong\/wp-content\/uploads\/2026\/04\/20260427_135746.jpg","keywords":["Asociaci\u00f3n Bienestar y Desarrollo","intercanvi","Power","viol\u00e8ncies masclistes","Visita"],"articleSection":["Internacional"],"inLanguage":"ca"},{"@type":"WebPage","@id":"https:\/\/abd.ong\/ca\/internacional-ca\/abd-acull-una-delegacio-italiana-de-professionals-per-coneixer-projectes-i-serveis-en-lambit-de-genere\/","url":"https:\/\/abd.ong\/ca\/internacional-ca\/abd-acull-una-delegacio-italiana-de-professionals-per-coneixer-projectes-i-serveis-en-lambit-de-genere\/","name":"ABD acull una delegaci\u00f3 italiana de professionals per con\u00e8ixer projectes i serveis en l\u2019\u00e0mbit de g\u00e8nere - ABD","isPartOf":{"@id":"https:\/\/abd.ong\/ca\/#website"},"primaryImageOfPage":{"@id":"https:\/\/abd.ong\/ca\/internacional-ca\/abd-acull-una-delegacio-italiana-de-professionals-per-coneixer-projectes-i-serveis-en-lambit-de-genere\/#primaryimage"},"image":{"@id":"https:\/\/abd.ong\/ca\/internacional-ca\/abd-acull-una-delegacio-italiana-de-professionals-per-coneixer-projectes-i-serveis-en-lambit-de-genere\/#primaryimage"},"thumbnailUrl":"https:\/\/abd.ong\/wp-content\/uploads\/2026\/04\/20260427_135746.jpg","datePublished":"2026-04-30T07:44:14+00:00","dateModified":"2026-04-30T09:04:38+00:00","description":"Aquesta setmana, ABD ha acollit a Barcelona una delegaci\u00f3 de professionals de l\u2019organitzaci\u00f3 italiana WeWorld, partner en diversos projectes europeus. La","breadcrumb":{"@id":"https:\/\/abd.ong\/ca\/internacional-ca\/abd-acull-una-delegacio-italiana-de-professionals-per-coneixer-projectes-i-serveis-en-lambit-de-genere\/#breadcrumb"},"inLanguage":"ca","potentialAction":[{"@type":"ReadAction","target":["https:\/\/abd.ong\/ca\/internacional-ca\/abd-acull-una-delegacio-italiana-de-professionals-per-coneixer-projectes-i-serveis-en-lambit-de-genere\/"]}]},{"@type":"ImageObject","inLanguage":"ca","@id":"https:\/\/abd.ong\/ca\/internacional-ca\/abd-acull-una-delegacio-italiana-de-professionals-per-coneixer-projectes-i-serveis-en-lambit-de-genere\/#primaryimage","url":"https:\/\/abd.ong\/wp-content\/uploads\/2026\/04\/20260427_135746.jpg","contentUrl":"https:\/\/abd.ong\/wp-content\/uploads\/2026\/04\/20260427_135746.jpg","width":2048,"height":1153},{"@type":"BreadcrumbList","@id":"https:\/\/abd.ong\/ca\/internacional-ca\/abd-acull-una-delegacio-italiana-de-professionals-per-coneixer-projectes-i-serveis-en-lambit-de-genere\/#breadcrumb","itemListElement":[{"@type":"ListItem","position":1,"name":"Inici","item":"https:\/\/abd.ong\/ca\/"},{"@type":"ListItem","position":2,"name":"ABD acull una delegaci\u00f3 italiana de professionals per con\u00e8ixer projectes i serveis en l\u2019\u00e0mbit de g\u00e8nere"}]},{"@type":"WebSite","@id":"https:\/\/abd.ong\/ca\/#website","url":"https:\/\/abd.ong\/ca\/","name":"ABD","description":"Asociaci\u00f3n Bienestar y Desarrollo","publisher":{"@id":"https:\/\/abd.ong\/ca\/#organization"},"potentialAction":[{"@type":"SearchAction","target":{"@type":"EntryPoint","urlTemplate":"https:\/\/abd.ong\/ca\/?s={search_term_string}"},"query-input":{"@type":"PropertyValueSpecification","valueRequired":true,"valueName":"search_term_string"}}],"inLanguage":"ca"},{"@type":"Organization","@id":"https:\/\/abd.ong\/ca\/#organization","name":"Associaci\u00f3 Benestar i Desenvolupament","alternateName":"ABD","url":"https:\/\/abd.ong\/ca\/","logo":{"@type":"ImageObject","inLanguage":"ca","@id":"https:\/\/abd.ong\/ca\/#\/schema\/logo\/image\/","url":"https:\/\/abd.ong\/wp-content\/uploads\/2023\/01\/Icona.png","contentUrl":"https:\/\/abd.ong\/wp-content\/uploads\/2023\/01\/Icona.png","width":190,"height":187,"caption":"Associaci\u00f3 Benestar i Desenvolupament"},"image":{"@id":"https:\/\/abd.ong\/ca\/#\/schema\/logo\/image\/"},"sameAs":["https:\/\/www.facebook.com\/abd.ong","https:\/\/x.com\/abd_ong","https:\/\/www.instagram.com\/abd_ong\/","https:\/\/www.linkedin.com\/company\/abdong","https:\/\/www.youtube.com\/user\/CANALABD"]},{"@type":"Person","@id":"https:\/\/abd.ong\/ca\/#\/schema\/person\/d2e158b4173f683b3898e286f5b35a10","name":"Maria Creixell"}]}},"_links":{"self":[{"href":"https:\/\/abd.ong\/ca\/wp-json\/wp\/v2\/posts\/175953","targetHints":{"allow":["GET"]}}],"collection":[{"href":"https:\/\/abd.ong\/ca\/wp-json\/wp\/v2\/posts"}],"about":[{"href":"https:\/\/abd.ong\/ca\/wp-json\/wp\/v2\/types\/post"}],"author":[{"embeddable":true,"href":"https:\/\/abd.ong\/ca\/wp-json\/wp\/v2\/users\/9"}],"replies":[{"embeddable":true,"href":"https:\/\/abd.ong\/ca\/wp-json\/wp\/v2\/comments?post=175953"}],"version-history":[{"count":1,"href":"https:\/\/abd.ong\/ca\/wp-json\/wp\/v2\/posts\/175953\/revisions"}],"predecessor-version":[{"id":175957,"href":"https:\/\/abd.ong\/ca\/wp-json\/wp\/v2\/posts\/175953\/revisions\/175957"}],"wp:featuredmedia":[{"embeddable":true,"href":"https:\/\/abd.ong\/ca\/wp-json\/wp\/v2\/media\/175952"}],"wp:attachment":[{"href":"https:\/\/abd.ong\/ca\/wp-json\/wp\/v2\/media?parent=175953"}],"wp:term":[{"taxonomy":"category","embeddable":true,"href":"https:\/\/abd.ong\/ca\/wp-json\/wp\/v2\/categories?post=175953"},{"taxonomy":"post_tag","embeddable":true,"href":"https:\/\/abd.ong\/ca\/wp-json\/wp\/v2\/tags?post=175953"}],"curies":[{"name":"wp","href":"https:\/\/api.w.org\/{rel}","templated":true}]}}