{"id":175867,"date":"2026-04-30T09:06:39","date_gmt":"2026-04-30T07:06:39","guid":{"rendered":"https:\/\/abd.ong\/?p=175867"},"modified":"2026-04-30T09:11:42","modified_gmt":"2026-04-30T07:11:42","slug":"el-grup-abd-als-mitjans-de-comunicacio-durant-el-mes-dabril","status":"publish","type":"post","link":"https:\/\/abd.ong\/ca\/general-ca\/el-grup-abd-als-mitjans-de-comunicacio-durant-el-mes-dabril\/","title":{"rendered":"El Grup ABD als mitjans de comunicaci\u00f3 durant el mes d\u2019abril"},"content":{"rendered":"\n<p><\/p>\n\n\n\n<h4 class=\"wp-block-heading\">Aquest \u00e9s el resum de premsa de les not\u00edcies, articles i reportatges en qu\u00e8 ha participat la nostra organitzaci\u00f3<\/h4>\n\n\n\n<div style=\"height:57px\" aria-hidden=\"true\" class=\"wp-block-spacer\"><\/div>\n\n\n\n<p><strong>04\/04\/2026 \u2013 L\u2019informatiu de RTVE<\/strong><\/p>\n\n\n\n<p>Els pisos d\u2019inclusi\u00f3 impulsats per fer front a la crisi de l\u2019habitatge a Barcelona han protagonitzat un reportatge a <em>L\u2019Informatiu<\/em> de RTVE. Ubicats al barri de Sant Eloi, aquests recursos residencials aposten per un model d\u2019inclusi\u00f3 social i estan gestionats per diverses entitats del tercer sector, entre elles el Grup ABD.<\/p>\n\n\n\n<p><a href=\"https:\/\/www.rtve.es\/play\/videos\/linformatiu\/linformatiu-04-04-2026\/17009624\/?fbclid=PAZXh0bgNhZW0CMTEAc3J0YwZhcHBfaWQMMjU2MjgxMDQwNTU4AAGn2g7W9k_xeHtAW0EzPKQfFs9Yed_YEGMBNdpKzm5dxbR-ELGAlUcClPpE2MI_aem_iB1O4E8Qy9m30ZFdsj3F7Q\" target=\"_blank\" rel=\"noreferrer noopener\">Pisos d\u2019inclusi\u00f3 per fer front a la crisi de l\u2019habitatge a Barcelona<\/a><\/p>\n\n\n\n<figure class=\"wp-block-video\"><video height=\"720\" style=\"aspect-ratio: 1280 \/ 720;\" width=\"1280\" controls src=\"https:\/\/abd.ong\/wp-content\/uploads\/2026\/04\/LInformatiu-04_04_2026.mp4\"><\/video><\/figure>\n\n\n\n<div style=\"height:30px\" aria-hidden=\"true\" class=\"wp-block-spacer\"><\/div>\n\n\n\n<p><strong><strong>06\/04\/2026 \u2013 La Tribuna de \u00c1vila<\/strong><\/strong><\/p>\n\n\n\n<p>El projecte <strong><em>\u2018Rompeolas\u2019,<\/em><\/strong> impulsat per prevenir la viol\u00e8ncia de g\u00e8nere en dones amb problemes de salut mental en entorns rurals, \u00e9s not\u00edcia al diari digital <em>La Tribuna de \u00c1vila<\/em>. La iniciativa, en la convocat\u00f2ria de la qual participa <strong>l\u2019Associaci\u00f3 Benestar i Desenvolupament (ABD)<\/strong>, es desenvolupa en municipis com Las Navas del Marqu\u00e9s i aposta per la creaci\u00f3 d\u2019espais segurs, l\u2019acompanyament comunitari i l\u2019empoderament de les dones en contextos de vulnerabilitat social.<\/p>\n\n\n\n<p><a href=\"https:\/\/www.tribunaavila.com\/noticias\/440718\/proyecto-rompeolas-para-prevenir-la-violencia-de-genero-en-mujeres-rurales\" target=\"_blank\" rel=\"noreferrer noopener\">Projecte \u2018Rompeolas\u2019 per prevenir la viol\u00e8ncia de g\u00e8nere en dones rurals<\/a><\/p>\n\n\n\n<figure class=\"wp-block-image size-full\"><img fetchpriority=\"high\" decoding=\"async\" width=\"1200\" height=\"673\" src=\"https:\/\/abd.ong\/wp-content\/uploads\/2026\/04\/2696_diseno-sin-titulo-9-1.png\" alt=\"\" class=\"wp-image-175878\" srcset=\"https:\/\/abd.ong\/wp-content\/uploads\/2026\/04\/2696_diseno-sin-titulo-9-1.png 1200w, https:\/\/abd.ong\/wp-content\/uploads\/2026\/04\/2696_diseno-sin-titulo-9-1-300x168.png 300w, https:\/\/abd.ong\/wp-content\/uploads\/2026\/04\/2696_diseno-sin-titulo-9-1-1024x574.png 1024w, https:\/\/abd.ong\/wp-content\/uploads\/2026\/04\/2696_diseno-sin-titulo-9-1-768x431.png 768w\" sizes=\"(max-width: 1200px) 100vw, 1200px\" \/><\/figure>\n\n\n\n<div style=\"height:30px\" aria-hidden=\"true\" class=\"wp-block-spacer\"><\/div>\n\n\n\n<p><strong><strong>10\/04\/2026 \u2013 Diario de Avisos<\/strong><\/strong><\/p>\n\n\n\n<p><strong>Energy Control<\/strong>, el programa de reducci\u00f3 de riscos de<strong> l\u2019Associaci\u00f3 Benestar i Desenvolupament (ABD)<\/strong>, protagonitza una informaci\u00f3 al <em>Diario de Avisos<\/em> sobre l\u2019auge del \u2018tusi\u2019 en festivals de Tenerife. A partir de les seves an\u00e0lisis, l\u2019entitat alerta que aquesta subst\u00e0ncia, coneguda com a \u201ccoca\u00efna rosa\u201d, no \u00e9s ni coca\u00efna ni una droga de luxe, sin\u00f3 una barreja sint\u00e8tica imprevisible que incrementa els riscos per a la salut, especialment en contextos d\u2019oci nocturn.<\/p>\n\n\n\n<p><a href=\"https:\/\/diariodeavisos.elespanol.com\/2026\/04\/tusi-cocaina-rosa-festivales-tenerife\/\" target=\"_blank\" rel=\"noreferrer noopener\">La droga dels \u201cpijos\u201d arriba als festivals de Tenerife: el perill del \u2018tusi\u2019, que ni \u00e9s de luxe ni \u00e9s coca\u00efna<\/a><\/p>\n\n\n\n<figure class=\"wp-block-image size-full\"><img decoding=\"async\" width=\"1080\" height=\"606\" src=\"https:\/\/abd.ong\/wp-content\/uploads\/2026\/03\/1772711087802_1080.png\" alt=\"\" class=\"wp-image-175471\" srcset=\"https:\/\/abd.ong\/wp-content\/uploads\/2026\/03\/1772711087802_1080.png 1080w, https:\/\/abd.ong\/wp-content\/uploads\/2026\/03\/1772711087802_1080-300x168.png 300w, https:\/\/abd.ong\/wp-content\/uploads\/2026\/03\/1772711087802_1080-1024x575.png 1024w, https:\/\/abd.ong\/wp-content\/uploads\/2026\/03\/1772711087802_1080-768x431.png 768w\" sizes=\"(max-width: 1080px) 100vw, 1080px\" \/><\/figure>\n\n\n\n<div style=\"height:30px\" aria-hidden=\"true\" class=\"wp-block-spacer\"><\/div>\n\n\n\n<p><strong><strong>13\/04\/2026 \u2013 La Vanguardia<\/strong><\/strong><\/p>\n\n\n\n<p><strong>Energy Control<\/strong>, el programa de reducci\u00f3 de riscos de <strong>l\u2019Associaci\u00f3 Benestar i Desenvolupament (ABD)<\/strong>, participa en una informaci\u00f3 de <em>La Vanguardia<\/em> sobre la creixent preocupaci\u00f3 a Europa pels nitazens, opioides sint\u00e8tics d\u2019alta pot\u00e8ncia. L\u2019entitat ha contribu\u00eft a detectar alguns dels casos identificats a Espanya i adverteix que, tot i que encara no circulen de manera generalitzada, la seva elevada capacitat de dany els converteix en una amena\u00e7a emergent que requereix vigil\u00e0ncia constant.<\/p>\n\n\n\n<p><em><a href=\"https:\/\/www.lavanguardia.com\/vida\/20260413\/11509418\/droga-mas-potente-heroina-gana-presencia-europa.amp.html?fbclid=PAZXh0bgNhZW0CMTEAc3J0YwZhcHBfaWQMMjU2MjgxMDQwNTU4AAGn_1NnQcoQbM_iQ4i2QvMKkTvvA1JLjiHN72uLk08dVaXDI74iTxDZ9zhliMo_aem_X9Lb6ZENeNxgAZdEQoxrWw\" target=\"_blank\" rel=\"noreferrer noopener\">Una droga molt m\u00e9s potent que l\u2019hero\u00efna guanya pres\u00e8ncia a Europa<\/a><\/em><\/p>\n\n\n\n<figure class=\"wp-block-image size-full\"><img decoding=\"async\" width=\"1200\" height=\"675\" src=\"https:\/\/abd.ong\/wp-content\/uploads\/2026\/04\/que-son-los-nitazenos-e1730210168516.jpg\" alt=\"\" class=\"wp-image-175875\" srcset=\"https:\/\/abd.ong\/wp-content\/uploads\/2026\/04\/que-son-los-nitazenos-e1730210168516.jpg 1200w, https:\/\/abd.ong\/wp-content\/uploads\/2026\/04\/que-son-los-nitazenos-e1730210168516-300x169.jpg 300w, https:\/\/abd.ong\/wp-content\/uploads\/2026\/04\/que-son-los-nitazenos-e1730210168516-1024x576.jpg 1024w, https:\/\/abd.ong\/wp-content\/uploads\/2026\/04\/que-son-los-nitazenos-e1730210168516-768x432.jpg 768w\" sizes=\"(max-width: 1200px) 100vw, 1200px\" \/><\/figure>\n\n\n\n<div style=\"height:30px\" aria-hidden=\"true\" class=\"wp-block-spacer\"><\/div>\n\n\n\n<p><strong><strong>13\/04\/2026 \u2013 \u00c1vilared<\/strong><\/strong><\/p>\n\n\n\n<p>El projecte <em>\u2018Rompeolas\u2019,<\/em> centrat a refor\u00e7ar la salut mental i la protecci\u00f3 de les dones rurals, \u00e9s protagonista a <em>\u00c1vilared<\/em>. La iniciativa, impulsada en el marc de la convocat\u00f2ria europea <strong>POWER<\/strong> i amb la participaci\u00f3 de <strong>l\u2019Associaci\u00f3 Benestar i Desenvolupament (ABD)<\/strong>, es desenvolupa en municipis com Las Navas del Marqu\u00e9s, on promou espais segurs, xarxes de suport i eines d\u2019autoprotecci\u00f3 davant la viol\u00e8ncia de g\u00e8nere en contextos de vulnerabilitat.<\/p>\n\n\n\n<p><a href=\"https:\/\/avilared.com\/art\/91115\/las-navas-del-marques-proyecto-rompeolas-proteger-mujeres-salud-mental\" target=\"_blank\" rel=\"noreferrer noopener\">Rompeolas: tallers per enfortir la salut mental i la protecci\u00f3 de les dones rurals<\/a><\/p>\n\n\n\n<figure class=\"wp-block-image size-full\"><img fetchpriority=\"high\" decoding=\"async\" width=\"1200\" height=\"673\" src=\"https:\/\/abd.ong\/wp-content\/uploads\/2026\/04\/2696_diseno-sin-titulo-9-1.png\" alt=\"\" class=\"wp-image-175878\" srcset=\"https:\/\/abd.ong\/wp-content\/uploads\/2026\/04\/2696_diseno-sin-titulo-9-1.png 1200w, https:\/\/abd.ong\/wp-content\/uploads\/2026\/04\/2696_diseno-sin-titulo-9-1-300x168.png 300w, https:\/\/abd.ong\/wp-content\/uploads\/2026\/04\/2696_diseno-sin-titulo-9-1-1024x574.png 1024w, https:\/\/abd.ong\/wp-content\/uploads\/2026\/04\/2696_diseno-sin-titulo-9-1-768x431.png 768w\" sizes=\"(max-width: 1200px) 100vw, 1200px\" \/><\/figure>\n\n\n\n<div style=\"height:30px\" aria-hidden=\"true\" class=\"wp-block-spacer\"><\/div>\n\n\n\n<p><strong><strong>16\/03\/2026 \u2013 C\u00e1\u00f1amo<\/strong><\/strong><\/p>\n\n\n\n<p><strong>Energy Control<\/strong>, el programa de reducci\u00f3 de riscos de <strong>l\u2019Associaci\u00f3 Benestar i Desenvolupament (ABD)<\/strong>, protagonitza un reportatge a la revista <em>C\u00e1\u00f1amo<\/em> sobre l\u2019origen del seu hist\u00f2ric f\u00f2rum en l\u00ednia. L\u2019espai, creat l\u2019any 2000, es va consolidar com un punt de trobada clau per a l\u2019intercanvi d\u2019informaci\u00f3 i la promoci\u00f3 de la reducci\u00f3 de riscos, contribuint a la construcci\u00f3 del moviment antiprohibicionista a Espanya.<\/p>\n\n\n\n<p><a href=\"https:\/\/canamo.net\/noticias\/opinion\/el-mitico-foro-de-ec\" target=\"_blank\" rel=\"noreferrer noopener\">El m\u00edtic F\u00f2rum d\u2019EC<\/a><\/p>\n\n\n\n<figure class=\"wp-block-image size-full\"><img loading=\"lazy\" decoding=\"async\" width=\"868\" height=\"618\" src=\"https:\/\/abd.ong\/wp-content\/uploads\/2026\/04\/El-mitico-Foro-de-EC-Cristobal-Fortunez.jpg-1-1.webp\" alt=\"\" class=\"wp-image-175900\" srcset=\"https:\/\/abd.ong\/wp-content\/uploads\/2026\/04\/El-mitico-Foro-de-EC-Cristobal-Fortunez.jpg-1-1.webp 868w, https:\/\/abd.ong\/wp-content\/uploads\/2026\/04\/El-mitico-Foro-de-EC-Cristobal-Fortunez.jpg-1-1-300x214.webp 300w, https:\/\/abd.ong\/wp-content\/uploads\/2026\/04\/El-mitico-Foro-de-EC-Cristobal-Fortunez.jpg-1-1-768x547.webp 768w\" sizes=\"(max-width: 868px) 100vw, 868px\" \/><\/figure>\n\n\n\n<div style=\"height:30px\" aria-hidden=\"true\" class=\"wp-block-spacer\"><\/div>\n\n\n\n<p><strong><strong>18\/03\/2026 \u2013<\/strong> El Peri\u00f2dic<\/strong> <\/p>\n\n\n\n<p>El <strong>Centre Ocupacional Habilitare ABD-Torrent,<\/strong> gestionat pel <strong>Grup ABD<\/strong>, \u00e9s not\u00edcia a <em>El Peri\u00f2dic<\/em> amb motiu de la visita de l\u2019alcaldessa, <strong>Amparo Folgado<\/strong>. Durant el recorregut, s\u2019ha posat en valor la recent instal\u00b7laci\u00f3 d\u2019una marquesina a la parada de TorrentBus situada davant del centre, una millora llargament reivindicada que refor\u00e7a l\u2019accessibilitat, la seguretat i el benestar de les persones usu\u00e0ries del recurs.<\/p>\n\n\n\n<p><em><a href=\"https:\/\/www.elperiodic.com\/torrent\/alcaldesa-visita-centro-ocupacional-torrent-comprueba-nueva-marquesina-parada-torrentbus_1070420\" target=\"_blank\" rel=\"noreferrer noopener\">L\u2019alcaldessa visita el Centre Ocupacional d\u2019ABD a Torrent i comprova la nova marquesina a la parada de TorrentBus<\/a><\/em><\/p>\n\n\n\n<figure class=\"wp-block-image size-full\"><img loading=\"lazy\" decoding=\"async\" width=\"1200\" height=\"800\" src=\"https:\/\/abd.ong\/wp-content\/uploads\/2026\/04\/whatsapp-image-2026-04-23-at-142728-1_xl.jpeg\" alt=\"\" class=\"wp-image-175882\" srcset=\"https:\/\/abd.ong\/wp-content\/uploads\/2026\/04\/whatsapp-image-2026-04-23-at-142728-1_xl.jpeg 1200w, https:\/\/abd.ong\/wp-content\/uploads\/2026\/04\/whatsapp-image-2026-04-23-at-142728-1_xl-300x200.jpeg 300w, https:\/\/abd.ong\/wp-content\/uploads\/2026\/04\/whatsapp-image-2026-04-23-at-142728-1_xl-1024x683.jpeg 1024w, https:\/\/abd.ong\/wp-content\/uploads\/2026\/04\/whatsapp-image-2026-04-23-at-142728-1_xl-768x512.jpeg 768w, https:\/\/abd.ong\/wp-content\/uploads\/2026\/04\/whatsapp-image-2026-04-23-at-142728-1_xl-600x400.jpeg 600w\" sizes=\"(max-width: 1200px) 100vw, 1200px\" \/><\/figure>\n\n\n\n<div style=\"height:30px\" aria-hidden=\"true\" class=\"wp-block-spacer\"><\/div>\n\n\n\n<p><strong><strong>24\/04\/2026 \u2013 Social.cat<\/strong><\/strong><\/p>\n\n\n\n<p><strong>Mireia Munt\u00e9<\/strong>, directora de l\u2019\u00c0rea Internacional del <strong>Grup ABD<\/strong>, publica un article d\u2019opini\u00f3 a <em>Social.cat<\/em> en qu\u00e8 reflexiona sobre la necessitat d\u2019alinear l\u2019agenda social i la competitivitat europea. A partir de la seva participaci\u00f3 en un f\u00f2rum internacional a Brussel\u00b7les, defensa el paper clau del tercer sector com a agent estrat\u00e8gic per impulsar un model econ\u00f2mic m\u00e9s inclusiu, sostenible i centrat en els drets i el benestar de les persones.<\/p>\n\n\n\n<p><a href=\"https:\/\/www.social.cat\/opinio\/25029\/agenda-social-agenda-competitivitat-europees-realitats-paralleles-necessitat-confluencia\" target=\"_blank\" rel=\"noreferrer noopener\">Agenda social i agenda de competitivitat europees: realitats paral\u00b7leles o necessitat de conflu\u00e8ncia?<\/a><\/p>\n\n\n\n<figure class=\"wp-block-image size-large\"><img loading=\"lazy\" decoding=\"async\" width=\"1024\" height=\"576\" src=\"https:\/\/abd.ong\/wp-content\/uploads\/2026\/04\/Persones-Fons-Corporatiu-23-1024x576.png\" alt=\"\" class=\"wp-image-175883\" srcset=\"https:\/\/abd.ong\/wp-content\/uploads\/2026\/04\/Persones-Fons-Corporatiu-23-1024x576.png 1024w, https:\/\/abd.ong\/wp-content\/uploads\/2026\/04\/Persones-Fons-Corporatiu-23-300x169.png 300w, https:\/\/abd.ong\/wp-content\/uploads\/2026\/04\/Persones-Fons-Corporatiu-23-768x432.png 768w, https:\/\/abd.ong\/wp-content\/uploads\/2026\/04\/Persones-Fons-Corporatiu-23-1536x864.png 1536w, https:\/\/abd.ong\/wp-content\/uploads\/2026\/04\/Persones-Fons-Corporatiu-23.png 1600w\" sizes=\"(max-width: 1024px) 100vw, 1024px\" \/><\/figure>\n\n\n\n<div style=\"height:30px\" aria-hidden=\"true\" class=\"wp-block-spacer\"><\/div>\n\n\n\n<p><strong><strong>19\/03\/2026 \u2013 Ja m\u2019entens (3Cat)<\/strong><\/strong><\/p>\n\n\n\n<p><strong>Energy Control<\/strong>, el programa de reducci\u00f3 de riscos de <strong>l\u2019Associaci\u00f3 Benestar i Desenvolupament (ABD)<\/strong>, participa en el programa <em>Ja m\u2019entens<\/em> de <strong>3Cat<\/strong> per abordar el fenomen del chemsex. A trav\u00e9s de la intervenci\u00f3 de la seva coordinadora a Catalunya, <strong>Marta Escolano<\/strong>, i<strong> d\u2019Ester Aranda<\/strong>, directora de l\u2019\u00c0rea de Reducci\u00f3 de Danys d\u2019ABD, l\u2019espai ofereix una mirada experta centrada en la reducci\u00f3 de riscos i l\u2019acompanyament a les persones en contextos de consum.<\/p>\n\n\n\n<p><a href=\"https:\/\/www.3cat.cat\/3cat\/chemsex-entre-el-risc-i-el-plaer\/audio\/1277808\/\" target=\"_blank\" rel=\"noreferrer noopener\">Ja m\u2019entens: Chemsex, entre el risc i el plaer<\/a><\/p>\n\n\n\n<figure class=\"wp-block-image size-large\"><img loading=\"lazy\" decoding=\"async\" width=\"1024\" height=\"683\" src=\"https:\/\/abd.ong\/wp-content\/uploads\/2026\/04\/1776681624015_1920-1024x683.webp\" alt=\"\" class=\"wp-image-175886\" srcset=\"https:\/\/abd.ong\/wp-content\/uploads\/2026\/04\/1776681624015_1920-1024x683.webp 1024w, https:\/\/abd.ong\/wp-content\/uploads\/2026\/04\/1776681624015_1920-300x200.webp 300w, https:\/\/abd.ong\/wp-content\/uploads\/2026\/04\/1776681624015_1920-768x512.webp 768w, https:\/\/abd.ong\/wp-content\/uploads\/2026\/04\/1776681624015_1920-1536x1024.webp 1536w, https:\/\/abd.ong\/wp-content\/uploads\/2026\/04\/1776681624015_1920-600x400.webp 600w, https:\/\/abd.ong\/wp-content\/uploads\/2026\/04\/1776681624015_1920.webp 1920w\" sizes=\"(max-width: 1024px) 100vw, 1024px\" \/><\/figure>\n\n\n\n<div style=\"height:30px\" aria-hidden=\"true\" class=\"wp-block-spacer\"><\/div>\n","protected":false},"excerpt":{"rendered":"<p>Aquest \u00e9s el resum de premsa de les not\u00edcies, articles i reportatges en qu\u00e8 ha participat la nostra organitzaci\u00f3 04\/04\/2026 \u2013 L\u2019informatiu de RTVE Els pisos d\u2019inclusi\u00f3 impulsats per fer&hellip;<\/p>\n","protected":false},"author":12,"featured_media":173596,"comment_status":"closed","ping_status":"closed","sticky":false,"template":"","format":"standard","meta":{"_acf_changed":false,"footnotes":""},"categories":[66],"tags":[1897,675,2928,2299,2300],"class_list":["post-175867","post","type-post","status-publish","format-standard","has-post-thumbnail","hentry","category-general-ca","tag-abd-2-ca","tag-asociacion-bienestar-y-desarrollo-ca","tag-associacio-benestar-i-desenvolupament-ca-2","tag-mitjans-de-comunicacio-ca","tag-noticies-ca"],"acf":[],"yoast_head":"<!-- This site is optimized with the Yoast SEO plugin v27.4 - https:\/\/yoast.com\/product\/yoast-seo-wordpress\/ -->\n<title>El Grup ABD als mitjans de comunicaci\u00f3 durant el mes d\u2019abril - ABD<\/title>\n<meta name=\"description\" content=\"Aquest \u00e9s el resum de premsa de les not\u00edcies, articles i reportatges en qu\u00e8 ha participat la nostra organitzaci\u00f3 04\/04\/2026 \u2013 L\u2019informatiu de RTVE Els\" \/>\n<meta name=\"robots\" content=\"index, follow, max-snippet:-1, max-image-preview:large, max-video-preview:-1\" \/>\n<link rel=\"canonical\" href=\"https:\/\/abd.ong\/ca\/general-ca\/el-grup-abd-als-mitjans-de-comunicacio-durant-el-mes-dabril\/\" \/>\n<meta property=\"og:locale\" content=\"ca_ES\" \/>\n<meta property=\"og:type\" content=\"article\" \/>\n<meta property=\"og:title\" content=\"El Grup ABD als mitjans de comunicaci\u00f3 durant el mes d\u2019abril - ABD\" \/>\n<meta property=\"og:description\" content=\"Aquest \u00e9s el resum de premsa de les not\u00edcies, articles i reportatges en qu\u00e8 ha participat la nostra organitzaci\u00f3 04\/04\/2026 \u2013 L\u2019informatiu de RTVE Els\" \/>\n<meta property=\"og:url\" content=\"https:\/\/abd.ong\/ca\/general-ca\/el-grup-abd-als-mitjans-de-comunicacio-durant-el-mes-dabril\/\" \/>\n<meta property=\"og:site_name\" content=\"ABD\" \/>\n<meta property=\"article:publisher\" content=\"https:\/\/www.facebook.com\/abd.ong\" \/>\n<meta property=\"article:published_time\" content=\"2026-04-30T07:06:39+00:00\" \/>\n<meta property=\"article:modified_time\" content=\"2026-04-30T07:11:42+00:00\" \/>\n<meta property=\"og:image\" content=\"https:\/\/abd.ong\/wp-content\/uploads\/2025\/12\/Imatge-Recull-de-Mitjans-2026-1.png\" \/>\n\t<meta property=\"og:image:width\" content=\"2048\" \/>\n\t<meta property=\"og:image:height\" content=\"1365\" \/>\n\t<meta property=\"og:image:type\" content=\"image\/png\" \/>\n<meta name=\"author\" content=\"Francesc Balart\" \/>\n<meta name=\"twitter:card\" content=\"summary_large_image\" \/>\n<meta name=\"twitter:creator\" content=\"@abd_ong\" \/>\n<meta name=\"twitter:site\" content=\"@abd_ong\" \/>\n<meta name=\"twitter:label1\" content=\"Escrit per\" \/>\n\t<meta name=\"twitter:data1\" content=\"Francesc Balart\" \/>\n\t<meta name=\"twitter:label2\" content=\"Temps estimat de lectura\" \/>\n\t<meta name=\"twitter:data2\" content=\"6 minuts\" \/>\n<script type=\"application\/ld+json\" class=\"yoast-schema-graph\">{\"@context\":\"https:\\\/\\\/schema.org\",\"@graph\":[{\"@type\":\"Article\",\"@id\":\"https:\\\/\\\/abd.ong\\\/ca\\\/general-ca\\\/el-grup-abd-als-mitjans-de-comunicacio-durant-el-mes-dabril\\\/#article\",\"isPartOf\":{\"@id\":\"https:\\\/\\\/abd.ong\\\/ca\\\/general-ca\\\/el-grup-abd-als-mitjans-de-comunicacio-durant-el-mes-dabril\\\/\"},\"author\":{\"name\":\"Francesc Balart\",\"@id\":\"https:\\\/\\\/abd.ong\\\/ca\\\/#\\\/schema\\\/person\\\/6bb74ed13fc8bdf3a5382c66db14c9ee\"},\"headline\":\"El Grup ABD als mitjans de comunicaci\u00f3 durant el mes d\u2019abril\",\"datePublished\":\"2026-04-30T07:06:39+00:00\",\"dateModified\":\"2026-04-30T07:11:42+00:00\",\"mainEntityOfPage\":{\"@id\":\"https:\\\/\\\/abd.ong\\\/ca\\\/general-ca\\\/el-grup-abd-als-mitjans-de-comunicacio-durant-el-mes-dabril\\\/\"},\"wordCount\":862,\"publisher\":{\"@id\":\"https:\\\/\\\/abd.ong\\\/ca\\\/#organization\"},\"image\":{\"@id\":\"https:\\\/\\\/abd.ong\\\/ca\\\/general-ca\\\/el-grup-abd-als-mitjans-de-comunicacio-durant-el-mes-dabril\\\/#primaryimage\"},\"thumbnailUrl\":\"https:\\\/\\\/abd.ong\\\/wp-content\\\/uploads\\\/2025\\\/12\\\/Imatge-Recull-de-Mitjans-2026-1.png\",\"keywords\":[\"ABD\",\"Asociaci\u00f3n Bienestar y Desarrollo\",\"Associaci\u00f3 Benestar i Desenvolupament\",\"Mitjans de comunicaci\u00f3\",\"not\u00edcies\"],\"articleSection\":[\"General\"],\"inLanguage\":\"ca\"},{\"@type\":\"WebPage\",\"@id\":\"https:\\\/\\\/abd.ong\\\/ca\\\/general-ca\\\/el-grup-abd-als-mitjans-de-comunicacio-durant-el-mes-dabril\\\/\",\"url\":\"https:\\\/\\\/abd.ong\\\/ca\\\/general-ca\\\/el-grup-abd-als-mitjans-de-comunicacio-durant-el-mes-dabril\\\/\",\"name\":\"El Grup ABD als mitjans de comunicaci\u00f3 durant el mes d\u2019abril - ABD\",\"isPartOf\":{\"@id\":\"https:\\\/\\\/abd.ong\\\/ca\\\/#website\"},\"primaryImageOfPage\":{\"@id\":\"https:\\\/\\\/abd.ong\\\/ca\\\/general-ca\\\/el-grup-abd-als-mitjans-de-comunicacio-durant-el-mes-dabril\\\/#primaryimage\"},\"image\":{\"@id\":\"https:\\\/\\\/abd.ong\\\/ca\\\/general-ca\\\/el-grup-abd-als-mitjans-de-comunicacio-durant-el-mes-dabril\\\/#primaryimage\"},\"thumbnailUrl\":\"https:\\\/\\\/abd.ong\\\/wp-content\\\/uploads\\\/2025\\\/12\\\/Imatge-Recull-de-Mitjans-2026-1.png\",\"datePublished\":\"2026-04-30T07:06:39+00:00\",\"dateModified\":\"2026-04-30T07:11:42+00:00\",\"description\":\"Aquest \u00e9s el resum de premsa de les not\u00edcies, articles i reportatges en qu\u00e8 ha participat la nostra organitzaci\u00f3 04\\\/04\\\/2026 \u2013 L\u2019informatiu de RTVE Els\",\"breadcrumb\":{\"@id\":\"https:\\\/\\\/abd.ong\\\/ca\\\/general-ca\\\/el-grup-abd-als-mitjans-de-comunicacio-durant-el-mes-dabril\\\/#breadcrumb\"},\"inLanguage\":\"ca\",\"potentialAction\":[{\"@type\":\"ReadAction\",\"target\":[\"https:\\\/\\\/abd.ong\\\/ca\\\/general-ca\\\/el-grup-abd-als-mitjans-de-comunicacio-durant-el-mes-dabril\\\/\"]}]},{\"@type\":\"ImageObject\",\"inLanguage\":\"ca\",\"@id\":\"https:\\\/\\\/abd.ong\\\/ca\\\/general-ca\\\/el-grup-abd-als-mitjans-de-comunicacio-durant-el-mes-dabril\\\/#primaryimage\",\"url\":\"https:\\\/\\\/abd.ong\\\/wp-content\\\/uploads\\\/2025\\\/12\\\/Imatge-Recull-de-Mitjans-2026-1.png\",\"contentUrl\":\"https:\\\/\\\/abd.ong\\\/wp-content\\\/uploads\\\/2025\\\/12\\\/Imatge-Recull-de-Mitjans-2026-1.png\",\"width\":2048,\"height\":1365},{\"@type\":\"BreadcrumbList\",\"@id\":\"https:\\\/\\\/abd.ong\\\/ca\\\/general-ca\\\/el-grup-abd-als-mitjans-de-comunicacio-durant-el-mes-dabril\\\/#breadcrumb\",\"itemListElement\":[{\"@type\":\"ListItem\",\"position\":1,\"name\":\"Inici\",\"item\":\"https:\\\/\\\/abd.ong\\\/ca\\\/\"},{\"@type\":\"ListItem\",\"position\":2,\"name\":\"El Grup ABD als mitjans de comunicaci\u00f3 durant el mes d\u2019abril\"}]},{\"@type\":\"WebSite\",\"@id\":\"https:\\\/\\\/abd.ong\\\/ca\\\/#website\",\"url\":\"https:\\\/\\\/abd.ong\\\/ca\\\/\",\"name\":\"ABD\",\"description\":\"Asociaci\u00f3n Bienestar y Desarrollo\",\"publisher\":{\"@id\":\"https:\\\/\\\/abd.ong\\\/ca\\\/#organization\"},\"potentialAction\":[{\"@type\":\"SearchAction\",\"target\":{\"@type\":\"EntryPoint\",\"urlTemplate\":\"https:\\\/\\\/abd.ong\\\/ca\\\/?s={search_term_string}\"},\"query-input\":{\"@type\":\"PropertyValueSpecification\",\"valueRequired\":true,\"valueName\":\"search_term_string\"}}],\"inLanguage\":\"ca\"},{\"@type\":\"Organization\",\"@id\":\"https:\\\/\\\/abd.ong\\\/ca\\\/#organization\",\"name\":\"Associaci\u00f3 Benestar i Desenvolupament\",\"alternateName\":\"ABD\",\"url\":\"https:\\\/\\\/abd.ong\\\/ca\\\/\",\"logo\":{\"@type\":\"ImageObject\",\"inLanguage\":\"ca\",\"@id\":\"https:\\\/\\\/abd.ong\\\/ca\\\/#\\\/schema\\\/logo\\\/image\\\/\",\"url\":\"https:\\\/\\\/abd.ong\\\/wp-content\\\/uploads\\\/2023\\\/01\\\/Icona.png\",\"contentUrl\":\"https:\\\/\\\/abd.ong\\\/wp-content\\\/uploads\\\/2023\\\/01\\\/Icona.png\",\"width\":190,\"height\":187,\"caption\":\"Associaci\u00f3 Benestar i Desenvolupament\"},\"image\":{\"@id\":\"https:\\\/\\\/abd.ong\\\/ca\\\/#\\\/schema\\\/logo\\\/image\\\/\"},\"sameAs\":[\"https:\\\/\\\/www.facebook.com\\\/abd.ong\",\"https:\\\/\\\/x.com\\\/abd_ong\",\"https:\\\/\\\/www.instagram.com\\\/abd_ong\\\/\",\"https:\\\/\\\/www.linkedin.com\\\/company\\\/abdong\",\"https:\\\/\\\/www.youtube.com\\\/user\\\/CANALABD\"]},{\"@type\":\"Person\",\"@id\":\"https:\\\/\\\/abd.ong\\\/ca\\\/#\\\/schema\\\/person\\\/6bb74ed13fc8bdf3a5382c66db14c9ee\",\"name\":\"Francesc Balart\"}]}<\/script>\n<!-- \/ Yoast SEO plugin. -->","yoast_head_json":{"title":"El Grup ABD als mitjans de comunicaci\u00f3 durant el mes d\u2019abril - ABD","description":"Aquest \u00e9s el resum de premsa de les not\u00edcies, articles i reportatges en qu\u00e8 ha participat la nostra organitzaci\u00f3 04\/04\/2026 \u2013 L\u2019informatiu de RTVE Els","robots":{"index":"index","follow":"follow","max-snippet":"max-snippet:-1","max-image-preview":"max-image-preview:large","max-video-preview":"max-video-preview:-1"},"canonical":"https:\/\/abd.ong\/ca\/general-ca\/el-grup-abd-als-mitjans-de-comunicacio-durant-el-mes-dabril\/","og_locale":"ca_ES","og_type":"article","og_title":"El Grup ABD als mitjans de comunicaci\u00f3 durant el mes d\u2019abril - ABD","og_description":"Aquest \u00e9s el resum de premsa de les not\u00edcies, articles i reportatges en qu\u00e8 ha participat la nostra organitzaci\u00f3 04\/04\/2026 \u2013 L\u2019informatiu de RTVE Els","og_url":"https:\/\/abd.ong\/ca\/general-ca\/el-grup-abd-als-mitjans-de-comunicacio-durant-el-mes-dabril\/","og_site_name":"ABD","article_publisher":"https:\/\/www.facebook.com\/abd.ong","article_published_time":"2026-04-30T07:06:39+00:00","article_modified_time":"2026-04-30T07:11:42+00:00","og_image":[{"width":2048,"height":1365,"url":"https:\/\/abd.ong\/wp-content\/uploads\/2025\/12\/Imatge-Recull-de-Mitjans-2026-1.png","type":"image\/png"}],"author":"Francesc Balart","twitter_card":"summary_large_image","twitter_creator":"@abd_ong","twitter_site":"@abd_ong","twitter_misc":{"Escrit per":"Francesc Balart","Temps estimat de lectura":"6 minuts"},"schema":{"@context":"https:\/\/schema.org","@graph":[{"@type":"Article","@id":"https:\/\/abd.ong\/ca\/general-ca\/el-grup-abd-als-mitjans-de-comunicacio-durant-el-mes-dabril\/#article","isPartOf":{"@id":"https:\/\/abd.ong\/ca\/general-ca\/el-grup-abd-als-mitjans-de-comunicacio-durant-el-mes-dabril\/"},"author":{"name":"Francesc Balart","@id":"https:\/\/abd.ong\/ca\/#\/schema\/person\/6bb74ed13fc8bdf3a5382c66db14c9ee"},"headline":"El Grup ABD als mitjans de comunicaci\u00f3 durant el mes d\u2019abril","datePublished":"2026-04-30T07:06:39+00:00","dateModified":"2026-04-30T07:11:42+00:00","mainEntityOfPage":{"@id":"https:\/\/abd.ong\/ca\/general-ca\/el-grup-abd-als-mitjans-de-comunicacio-durant-el-mes-dabril\/"},"wordCount":862,"publisher":{"@id":"https:\/\/abd.ong\/ca\/#organization"},"image":{"@id":"https:\/\/abd.ong\/ca\/general-ca\/el-grup-abd-als-mitjans-de-comunicacio-durant-el-mes-dabril\/#primaryimage"},"thumbnailUrl":"https:\/\/abd.ong\/wp-content\/uploads\/2025\/12\/Imatge-Recull-de-Mitjans-2026-1.png","keywords":["ABD","Asociaci\u00f3n Bienestar y Desarrollo","Associaci\u00f3 Benestar i Desenvolupament","Mitjans de comunicaci\u00f3","not\u00edcies"],"articleSection":["General"],"inLanguage":"ca"},{"@type":"WebPage","@id":"https:\/\/abd.ong\/ca\/general-ca\/el-grup-abd-als-mitjans-de-comunicacio-durant-el-mes-dabril\/","url":"https:\/\/abd.ong\/ca\/general-ca\/el-grup-abd-als-mitjans-de-comunicacio-durant-el-mes-dabril\/","name":"El Grup ABD als mitjans de comunicaci\u00f3 durant el mes d\u2019abril - ABD","isPartOf":{"@id":"https:\/\/abd.ong\/ca\/#website"},"primaryImageOfPage":{"@id":"https:\/\/abd.ong\/ca\/general-ca\/el-grup-abd-als-mitjans-de-comunicacio-durant-el-mes-dabril\/#primaryimage"},"image":{"@id":"https:\/\/abd.ong\/ca\/general-ca\/el-grup-abd-als-mitjans-de-comunicacio-durant-el-mes-dabril\/#primaryimage"},"thumbnailUrl":"https:\/\/abd.ong\/wp-content\/uploads\/2025\/12\/Imatge-Recull-de-Mitjans-2026-1.png","datePublished":"2026-04-30T07:06:39+00:00","dateModified":"2026-04-30T07:11:42+00:00","description":"Aquest \u00e9s el resum de premsa de les not\u00edcies, articles i reportatges en qu\u00e8 ha participat la nostra organitzaci\u00f3 04\/04\/2026 \u2013 L\u2019informatiu de RTVE Els","breadcrumb":{"@id":"https:\/\/abd.ong\/ca\/general-ca\/el-grup-abd-als-mitjans-de-comunicacio-durant-el-mes-dabril\/#breadcrumb"},"inLanguage":"ca","potentialAction":[{"@type":"ReadAction","target":["https:\/\/abd.ong\/ca\/general-ca\/el-grup-abd-als-mitjans-de-comunicacio-durant-el-mes-dabril\/"]}]},{"@type":"ImageObject","inLanguage":"ca","@id":"https:\/\/abd.ong\/ca\/general-ca\/el-grup-abd-als-mitjans-de-comunicacio-durant-el-mes-dabril\/#primaryimage","url":"https:\/\/abd.ong\/wp-content\/uploads\/2025\/12\/Imatge-Recull-de-Mitjans-2026-1.png","contentUrl":"https:\/\/abd.ong\/wp-content\/uploads\/2025\/12\/Imatge-Recull-de-Mitjans-2026-1.png","width":2048,"height":1365},{"@type":"BreadcrumbList","@id":"https:\/\/abd.ong\/ca\/general-ca\/el-grup-abd-als-mitjans-de-comunicacio-durant-el-mes-dabril\/#breadcrumb","itemListElement":[{"@type":"ListItem","position":1,"name":"Inici","item":"https:\/\/abd.ong\/ca\/"},{"@type":"ListItem","position":2,"name":"El Grup ABD als mitjans de comunicaci\u00f3 durant el mes d\u2019abril"}]},{"@type":"WebSite","@id":"https:\/\/abd.ong\/ca\/#website","url":"https:\/\/abd.ong\/ca\/","name":"ABD","description":"Asociaci\u00f3n Bienestar y Desarrollo","publisher":{"@id":"https:\/\/abd.ong\/ca\/#organization"},"potentialAction":[{"@type":"SearchAction","target":{"@type":"EntryPoint","urlTemplate":"https:\/\/abd.ong\/ca\/?s={search_term_string}"},"query-input":{"@type":"PropertyValueSpecification","valueRequired":true,"valueName":"search_term_string"}}],"inLanguage":"ca"},{"@type":"Organization","@id":"https:\/\/abd.ong\/ca\/#organization","name":"Associaci\u00f3 Benestar i Desenvolupament","alternateName":"ABD","url":"https:\/\/abd.ong\/ca\/","logo":{"@type":"ImageObject","inLanguage":"ca","@id":"https:\/\/abd.ong\/ca\/#\/schema\/logo\/image\/","url":"https:\/\/abd.ong\/wp-content\/uploads\/2023\/01\/Icona.png","contentUrl":"https:\/\/abd.ong\/wp-content\/uploads\/2023\/01\/Icona.png","width":190,"height":187,"caption":"Associaci\u00f3 Benestar i Desenvolupament"},"image":{"@id":"https:\/\/abd.ong\/ca\/#\/schema\/logo\/image\/"},"sameAs":["https:\/\/www.facebook.com\/abd.ong","https:\/\/x.com\/abd_ong","https:\/\/www.instagram.com\/abd_ong\/","https:\/\/www.linkedin.com\/company\/abdong","https:\/\/www.youtube.com\/user\/CANALABD"]},{"@type":"Person","@id":"https:\/\/abd.ong\/ca\/#\/schema\/person\/6bb74ed13fc8bdf3a5382c66db14c9ee","name":"Francesc Balart"}]}},"_links":{"self":[{"href":"https:\/\/abd.ong\/ca\/wp-json\/wp\/v2\/posts\/175867","targetHints":{"allow":["GET"]}}],"collection":[{"href":"https:\/\/abd.ong\/ca\/wp-json\/wp\/v2\/posts"}],"about":[{"href":"https:\/\/abd.ong\/ca\/wp-json\/wp\/v2\/types\/post"}],"author":[{"embeddable":true,"href":"https:\/\/abd.ong\/ca\/wp-json\/wp\/v2\/users\/12"}],"replies":[{"embeddable":true,"href":"https:\/\/abd.ong\/ca\/wp-json\/wp\/v2\/comments?post=175867"}],"version-history":[{"count":1,"href":"https:\/\/abd.ong\/ca\/wp-json\/wp\/v2\/posts\/175867\/revisions"}],"predecessor-version":[{"id":175901,"href":"https:\/\/abd.ong\/ca\/wp-json\/wp\/v2\/posts\/175867\/revisions\/175901"}],"wp:featuredmedia":[{"embeddable":true,"href":"https:\/\/abd.ong\/ca\/wp-json\/wp\/v2\/media\/173596"}],"wp:attachment":[{"href":"https:\/\/abd.ong\/ca\/wp-json\/wp\/v2\/media?parent=175867"}],"wp:term":[{"taxonomy":"category","embeddable":true,"href":"https:\/\/abd.ong\/ca\/wp-json\/wp\/v2\/categories?post=175867"},{"taxonomy":"post_tag","embeddable":true,"href":"https:\/\/abd.ong\/ca\/wp-json\/wp\/v2\/tags?post=175867"}],"curies":[{"name":"wp","href":"https:\/\/api.w.org\/{rel}","templated":true}]}}