{"id":175846,"date":"2026-04-28T11:16:09","date_gmt":"2026-04-28T09:16:09","guid":{"rendered":"https:\/\/abd.ong\/?p=175846"},"modified":"2026-04-28T11:19:57","modified_gmt":"2026-04-28T09:19:57","slug":"el-grup-abd-celebra-sant-jordi-amb-roses-pel-mon-que-volem","status":"publish","type":"post","link":"https:\/\/abd.ong\/ca\/general-ca\/el-grup-abd-celebra-sant-jordi-amb-roses-pel-mon-que-volem\/","title":{"rendered":"El Grup ABD celebra Sant Jordi amb roses pel m\u00f3n que volem"},"content":{"rendered":"\n<p><\/p>\n\n<h4 class=\"wp-block-heading\">La jornada va combinar cultura, comunitat i solidaritat amb activitats arreu del territori<\/h4>\n\n<p><\/p>\n\n<h4 class=\"wp-block-heading\">Els beneficis de la recaptaci\u00f3 es destinaran als projectes d\u2019acci\u00f3 social que impulsa l\u2019entitat<\/h4>\n\n<div style=\"height:65px\" aria-hidden=\"true\" class=\"wp-block-spacer\"><\/div>\n\n<p>El 23 d\u2019abril, el <strong>Grup ABD<\/strong> vam celebrar la <em><strong>Diada de Sant Jordi 2026<\/strong><\/em> amb una jornada plena d\u2019activitats, roses i llibres. La iniciativa va combinar tradici\u00f3 i comprom\u00eds social, amb una recaptaci\u00f3 solid\u00e0ria destinada als projectes i serveis d\u2019acci\u00f3 social que impulsem des de fa m\u00e9s de 40 anys, i amb els quals arribem cada any a m\u00e9s de 100.000 persones. La recaptaci\u00f3 es va dur a terme mitjan\u00e7ant la iniciativa \u201croses pel m\u00f3n que volem\u201d, unes roses amb vessant solid\u00e0ria.<\/p>\n\n<p>Durant la jornada, vam impulsar diverses accions per fomentar la cultura i la tradici\u00f3, posant el focus en la participaci\u00f3 comunit\u00e0ria i en el valor transformador de la lectura i les hist\u00f2ries. Va ser una oportunitat per crear espais compartits entre persones de totes les edats, promovent vincles i refor\u00e7ant el teixit social. Vam iniciar la setmana amb la campanya <em><strong>\u201cLlibres pel m\u00f3n que volem\u201d,<\/strong><\/em> una iniciativa en qu\u00e8 foment\u00e0vem la lectura a trav\u00e9s de la recomanaci\u00f3 de llibres, escollits per l\u2019equip professional de cada \u00e0rea del Grup ABD. Cada llibre es va triar de manera conscient, amb un significat \u00fanic.<\/p>\n\n<div style=\"height:19px\" aria-hidden=\"true\" class=\"wp-block-spacer\"><\/div>\n\n<figure class=\"wp-block-image size-large\"><img fetchpriority=\"high\" decoding=\"async\" width=\"1024\" height=\"608\" src=\"https:\/\/abd.ong\/wp-content\/uploads\/2026\/04\/banner-web-abd-54-1-1024x608.png\" alt=\"\" class=\"wp-image-175768\" srcset=\"https:\/\/abd.ong\/wp-content\/uploads\/2026\/04\/banner-web-abd-54-1-1024x608.png 1024w, https:\/\/abd.ong\/wp-content\/uploads\/2026\/04\/banner-web-abd-54-1-300x178.png 300w, https:\/\/abd.ong\/wp-content\/uploads\/2026\/04\/banner-web-abd-54-1-768x456.png 768w, https:\/\/abd.ong\/wp-content\/uploads\/2026\/04\/banner-web-abd-54-1-1536x912.png 1536w, https:\/\/abd.ong\/wp-content\/uploads\/2026\/04\/banner-web-abd-54-1.png 2048w\" sizes=\"(max-width: 1024px) 100vw, 1024px\" \/><\/figure>\n\n<div style=\"height:19px\" aria-hidden=\"true\" class=\"wp-block-spacer\"><\/div>\n\n<p>El mateix 23 d\u2019abril, a Barcelona, vam estar presents al centre de la ciutat amb diferents paradetes, on gr\u00e0cies a l\u2019ajuda de l\u2019equip professional i de les persones volunt\u00e0ries vam poder dur a terme la iniciativa de les roses solid\u00e0ries. Les ubicacions van incloure <em>la Rambla del Raval, la pla\u00e7a Vicen\u00e7 Martorell i la pla\u00e7a Ramon Berenguer el Gran<\/em>, convertint-se en punts de trobada i espais de sensibilitzaci\u00f3 sobre la tasca social de l\u2019entitat. La gerent del Grup ABD, <strong>\u00c0ngels Guiteras<\/strong>, juntament amb la presidenta, Felisa P\u00e9rez, van fer un recorregut per totes les parades per acompanyar l\u2019equip en aquesta diada tan especial.<\/p>\n\n<div style=\"height:19px\" aria-hidden=\"true\" class=\"wp-block-spacer\"><\/div>\n\n<figure class=\"wp-block-gallery has-nested-images columns-default is-cropped wp-block-gallery-2 is-layout-flex wp-block-gallery-is-layout-flex\">\n<figure class=\"wp-block-image size-large\"><img decoding=\"async\" width=\"1024\" height=\"683\" data-id=\"175786\" src=\"https:\/\/abd.ong\/wp-content\/uploads\/2026\/04\/SAM_6081-1024x683.jpg\" alt=\"\" class=\"wp-image-175786\" srcset=\"https:\/\/abd.ong\/wp-content\/uploads\/2026\/04\/SAM_6081-1024x683.jpg 1024w, https:\/\/abd.ong\/wp-content\/uploads\/2026\/04\/SAM_6081-300x200.jpg 300w, https:\/\/abd.ong\/wp-content\/uploads\/2026\/04\/SAM_6081-768x512.jpg 768w, https:\/\/abd.ong\/wp-content\/uploads\/2026\/04\/SAM_6081-1536x1024.jpg 1536w, https:\/\/abd.ong\/wp-content\/uploads\/2026\/04\/SAM_6081-600x400.jpg 600w, https:\/\/abd.ong\/wp-content\/uploads\/2026\/04\/SAM_6081-1920x1280.jpg 1920w, https:\/\/abd.ong\/wp-content\/uploads\/2026\/04\/SAM_6081.jpg 2048w\" sizes=\"(max-width: 1024px) 100vw, 1024px\" \/><\/figure>\n\n\n\n<figure class=\"wp-block-image size-large\"><img decoding=\"async\" width=\"1024\" height=\"683\" data-id=\"175790\" src=\"https:\/\/abd.ong\/wp-content\/uploads\/2026\/04\/SAM_6073-1024x683.jpg\" alt=\"\" class=\"wp-image-175790\" srcset=\"https:\/\/abd.ong\/wp-content\/uploads\/2026\/04\/SAM_6073-1024x683.jpg 1024w, https:\/\/abd.ong\/wp-content\/uploads\/2026\/04\/SAM_6073-300x200.jpg 300w, https:\/\/abd.ong\/wp-content\/uploads\/2026\/04\/SAM_6073-768x512.jpg 768w, https:\/\/abd.ong\/wp-content\/uploads\/2026\/04\/SAM_6073-1536x1024.jpg 1536w, https:\/\/abd.ong\/wp-content\/uploads\/2026\/04\/SAM_6073-600x400.jpg 600w, https:\/\/abd.ong\/wp-content\/uploads\/2026\/04\/SAM_6073-1920x1280.jpg 1920w, https:\/\/abd.ong\/wp-content\/uploads\/2026\/04\/SAM_6073.jpg 2048w\" sizes=\"(max-width: 1024px) 100vw, 1024px\" \/><\/figure>\n\n\n\n<figure class=\"wp-block-image size-large\"><img loading=\"lazy\" decoding=\"async\" width=\"768\" height=\"1024\" data-id=\"175792\" src=\"https:\/\/abd.ong\/wp-content\/uploads\/2026\/04\/WhatsApp-Image-2026-04-23-at-12.36.59-768x1024.jpeg\" alt=\"\" class=\"wp-image-175792\" srcset=\"https:\/\/abd.ong\/wp-content\/uploads\/2026\/04\/WhatsApp-Image-2026-04-23-at-12.36.59-768x1024.jpeg 768w, https:\/\/abd.ong\/wp-content\/uploads\/2026\/04\/WhatsApp-Image-2026-04-23-at-12.36.59-225x300.jpeg 225w, https:\/\/abd.ong\/wp-content\/uploads\/2026\/04\/WhatsApp-Image-2026-04-23-at-12.36.59-1152x1536.jpeg 1152w, https:\/\/abd.ong\/wp-content\/uploads\/2026\/04\/WhatsApp-Image-2026-04-23-at-12.36.59.jpeg 1536w\" sizes=\"(max-width: 768px) 100vw, 768px\" \/><\/figure>\n\n\n\n<figure class=\"wp-block-image size-large\"><img loading=\"lazy\" decoding=\"async\" width=\"1024\" height=\"683\" data-id=\"175787\" src=\"https:\/\/abd.ong\/wp-content\/uploads\/2026\/04\/SAM_6098-1024x683.jpg\" alt=\"\" class=\"wp-image-175787\" srcset=\"https:\/\/abd.ong\/wp-content\/uploads\/2026\/04\/SAM_6098-1024x683.jpg 1024w, https:\/\/abd.ong\/wp-content\/uploads\/2026\/04\/SAM_6098-300x200.jpg 300w, https:\/\/abd.ong\/wp-content\/uploads\/2026\/04\/SAM_6098-768x512.jpg 768w, https:\/\/abd.ong\/wp-content\/uploads\/2026\/04\/SAM_6098-1536x1024.jpg 1536w, https:\/\/abd.ong\/wp-content\/uploads\/2026\/04\/SAM_6098-600x400.jpg 600w, https:\/\/abd.ong\/wp-content\/uploads\/2026\/04\/SAM_6098-1920x1280.jpg 1920w, https:\/\/abd.ong\/wp-content\/uploads\/2026\/04\/SAM_6098.jpg 2048w\" sizes=\"(max-width: 1024px) 100vw, 1024px\" \/><\/figure>\n\n\n\n<figure class=\"wp-block-image size-large\"><img loading=\"lazy\" decoding=\"async\" width=\"768\" height=\"1024\" data-id=\"175791\" src=\"https:\/\/abd.ong\/wp-content\/uploads\/2026\/04\/WhatsApp-Image-2026-04-23-at-12.41.47-768x1024.jpeg\" alt=\"\" class=\"wp-image-175791\" srcset=\"https:\/\/abd.ong\/wp-content\/uploads\/2026\/04\/WhatsApp-Image-2026-04-23-at-12.41.47-768x1024.jpeg 768w, https:\/\/abd.ong\/wp-content\/uploads\/2026\/04\/WhatsApp-Image-2026-04-23-at-12.41.47-225x300.jpeg 225w, https:\/\/abd.ong\/wp-content\/uploads\/2026\/04\/WhatsApp-Image-2026-04-23-at-12.41.47-1152x1536.jpeg 1152w, https:\/\/abd.ong\/wp-content\/uploads\/2026\/04\/WhatsApp-Image-2026-04-23-at-12.41.47.jpeg 1536w\" sizes=\"(max-width: 768px) 100vw, 768px\" \/><\/figure>\n<\/figure>\n\n<div style=\"height:19px\" aria-hidden=\"true\" class=\"wp-block-spacer\"><\/div>\n\n<p>La Diada tamb\u00e9 es va celebrar arreu del territori i de la xarxa que forma ABD. Als serveis per a persones grans, com la <a href=\"https:\/\/abd.ong\/ca\/programes\/residencia-i-centre-de-dia-alta-ribagorca\/\" target=\"_blank\" rel=\"noopener\"><strong>Resid\u00e8ncia i Centre de Dia Alta Ribagor\u00e7a<\/strong><\/a>, al Pont de Suert, es van organitzar diverses activitats. Les persones usu\u00e0ries van visitar les paradetes de llibres del poble acompanyades per l\u2019equip professional, i van participar en tallers de roses de paper i en lectures de poemes. Als <strong>Habitatges per a Persones Grans de Joan Torras<\/strong>, la celebraci\u00f3 tamb\u00e9 va ser molt participativa. Les persones usu\u00e0ries van recitar poemes, van compartir un petit aperitiu i van rebre punts de llibre elaborats en tallers de manualitats. A m\u00e9s, van comptar amb la visita del regidor del districte de Sant Andreu, que va repartir roses entre les persones usu\u00e0ries del servei, contribuint a fer encara m\u00e9s especial la jornada.<\/p>\n\n<div style=\"height:19px\" aria-hidden=\"true\" class=\"wp-block-spacer\"><\/div>\n\n<figure class=\"wp-block-gallery has-nested-images columns-default is-cropped wp-block-gallery-3 is-layout-flex wp-block-gallery-is-layout-flex\">\n<figure class=\"wp-block-image size-large\"><img loading=\"lazy\" decoding=\"async\" width=\"576\" height=\"1024\" data-id=\"175802\" src=\"https:\/\/abd.ong\/wp-content\/uploads\/2026\/04\/20260414_115803-576x1024.jpg\" alt=\"\" class=\"wp-image-175802\" srcset=\"https:\/\/abd.ong\/wp-content\/uploads\/2026\/04\/20260414_115803-576x1024.jpg 576w, https:\/\/abd.ong\/wp-content\/uploads\/2026\/04\/20260414_115803-169x300.jpg 169w, https:\/\/abd.ong\/wp-content\/uploads\/2026\/04\/20260414_115803-768x1365.jpg 768w, https:\/\/abd.ong\/wp-content\/uploads\/2026\/04\/20260414_115803-864x1536.jpg 864w, https:\/\/abd.ong\/wp-content\/uploads\/2026\/04\/20260414_115803-1153x2048.jpg 1153w, https:\/\/abd.ong\/wp-content\/uploads\/2026\/04\/20260414_115803-scaled.jpg 1441w\" sizes=\"(max-width: 576px) 100vw, 576px\" \/><\/figure>\n\n\n\n<figure class=\"wp-block-image size-large\"><img loading=\"lazy\" decoding=\"async\" width=\"1024\" height=\"768\" data-id=\"175798\" src=\"https:\/\/abd.ong\/wp-content\/uploads\/2026\/04\/1777018563728-1024x768.jpg\" alt=\"\" class=\"wp-image-175798\" srcset=\"https:\/\/abd.ong\/wp-content\/uploads\/2026\/04\/1777018563728-1024x768.jpg 1024w, https:\/\/abd.ong\/wp-content\/uploads\/2026\/04\/1777018563728-300x225.jpg 300w, https:\/\/abd.ong\/wp-content\/uploads\/2026\/04\/1777018563728-768x576.jpg 768w, https:\/\/abd.ong\/wp-content\/uploads\/2026\/04\/1777018563728-1536x1152.jpg 1536w, https:\/\/abd.ong\/wp-content\/uploads\/2026\/04\/1777018563728.jpg 2048w\" sizes=\"(max-width: 1024px) 100vw, 1024px\" \/><\/figure>\n\n\n\n<figure class=\"wp-block-image size-large\"><img loading=\"lazy\" decoding=\"async\" width=\"1024\" height=\"577\" data-id=\"175808\" src=\"https:\/\/abd.ong\/wp-content\/uploads\/2026\/04\/20260423_121554-1024x577.jpg\" alt=\"\" class=\"wp-image-175808\" srcset=\"https:\/\/abd.ong\/wp-content\/uploads\/2026\/04\/20260423_121554-1024x577.jpg 1024w, https:\/\/abd.ong\/wp-content\/uploads\/2026\/04\/20260423_121554-300x169.jpg 300w, https:\/\/abd.ong\/wp-content\/uploads\/2026\/04\/20260423_121554-768x432.jpg 768w, https:\/\/abd.ong\/wp-content\/uploads\/2026\/04\/20260423_121554-1536x865.jpg 1536w, https:\/\/abd.ong\/wp-content\/uploads\/2026\/04\/20260423_121554.jpg 2048w\" sizes=\"(max-width: 1024px) 100vw, 1024px\" \/><\/figure>\n\n\n\n<figure class=\"wp-block-image size-large\"><img loading=\"lazy\" decoding=\"async\" width=\"1024\" height=\"577\" data-id=\"175805\" src=\"https:\/\/abd.ong\/wp-content\/uploads\/2026\/04\/20260423_113918-1024x577.jpg\" alt=\"\" class=\"wp-image-175805\" srcset=\"https:\/\/abd.ong\/wp-content\/uploads\/2026\/04\/20260423_113918-1024x577.jpg 1024w, https:\/\/abd.ong\/wp-content\/uploads\/2026\/04\/20260423_113918-300x169.jpg 300w, https:\/\/abd.ong\/wp-content\/uploads\/2026\/04\/20260423_113918-768x432.jpg 768w, https:\/\/abd.ong\/wp-content\/uploads\/2026\/04\/20260423_113918-1536x865.jpg 1536w, https:\/\/abd.ong\/wp-content\/uploads\/2026\/04\/20260423_113918.jpg 2048w\" sizes=\"(max-width: 1024px) 100vw, 1024px\" \/><\/figure>\n\n\n\n<figure class=\"wp-block-image size-large\"><img loading=\"lazy\" decoding=\"async\" width=\"1024\" height=\"577\" data-id=\"175807\" src=\"https:\/\/abd.ong\/wp-content\/uploads\/2026\/04\/20260423_125924-1024x577.jpg\" alt=\"\" class=\"wp-image-175807\" srcset=\"https:\/\/abd.ong\/wp-content\/uploads\/2026\/04\/20260423_125924-1024x577.jpg 1024w, https:\/\/abd.ong\/wp-content\/uploads\/2026\/04\/20260423_125924-300x169.jpg 300w, https:\/\/abd.ong\/wp-content\/uploads\/2026\/04\/20260423_125924-768x432.jpg 768w, https:\/\/abd.ong\/wp-content\/uploads\/2026\/04\/20260423_125924-1536x865.jpg 1536w, https:\/\/abd.ong\/wp-content\/uploads\/2026\/04\/20260423_125924.jpg 2048w\" sizes=\"(max-width: 1024px) 100vw, 1024px\" \/><\/figure>\n\n\n\n<figure class=\"wp-block-image size-large\"><img loading=\"lazy\" decoding=\"async\" width=\"1024\" height=\"768\" data-id=\"175797\" src=\"https:\/\/abd.ong\/wp-content\/uploads\/2026\/04\/DSCF5233-1024x768.jpg\" alt=\"\" class=\"wp-image-175797\" srcset=\"https:\/\/abd.ong\/wp-content\/uploads\/2026\/04\/DSCF5233-1024x768.jpg 1024w, https:\/\/abd.ong\/wp-content\/uploads\/2026\/04\/DSCF5233-300x225.jpg 300w, https:\/\/abd.ong\/wp-content\/uploads\/2026\/04\/DSCF5233-768x576.jpg 768w, https:\/\/abd.ong\/wp-content\/uploads\/2026\/04\/DSCF5233-1536x1152.jpg 1536w, https:\/\/abd.ong\/wp-content\/uploads\/2026\/04\/DSCF5233.jpg 2048w\" sizes=\"(max-width: 1024px) 100vw, 1024px\" \/><\/figure>\n<\/figure>\n\n<div style=\"height:19px\" aria-hidden=\"true\" class=\"wp-block-spacer\"><\/div>\n\n<p>Altres programes tamb\u00e9 van celebrar la Diada, com el programa de l\u2019\u00e0rea d\u2019inclusi\u00f3 i pobresa de la Botiga de <strong>Comunitat Activa Sants<\/strong>, que va acollir un taller adre\u00e7at a infants i fam\u00edlies amb l\u2019objectiu de fomentar la creativitat i l\u2019amor per la lectura. Els nens i nenes van participar en activitats manuals, van pintar dibuixos i van gaudir de contes en un espai pensat per refor\u00e7ar els vincles familiars. La jornada es va completar amb la projecci\u00f3 d\u2019un v\u00eddeo sobre la llegenda de Sant Jordi, apropant la tradici\u00f3 als m\u00e9s petits. Tamb\u00e9 el programa de l\u2019\u00e0rea d\u2019inf\u00e0ncia i fam\u00edlies de<a href=\"https:\/\/abd.ong\/ca\/programes\/preinfant\/\" target=\"_blank\" rel=\"noopener\"><strong> l\u2019Espai Familiar Preinfant<\/strong><\/a> va celebrar la Diada amb un recorregut per les paradetes d\u2019ABD, aix\u00ed com als <strong>Pisos Maternoinfantils<\/strong>, amb un taller de manualitats per als m\u00e9s petits i les seves mares.<\/p>\n\n<div style=\"height:19px\" aria-hidden=\"true\" class=\"wp-block-spacer\"><\/div>\n\n<figure class=\"wp-block-gallery has-nested-images columns-default is-cropped wp-block-gallery-4 is-layout-flex wp-block-gallery-is-layout-flex\">\n<figure class=\"wp-block-image size-large\"><img loading=\"lazy\" decoding=\"async\" width=\"1024\" height=\"768\" data-id=\"175810\" src=\"https:\/\/abd.ong\/wp-content\/uploads\/2026\/04\/IMG_20260421_174348-1-1024x768.jpg\" alt=\"\" class=\"wp-image-175810\" srcset=\"https:\/\/abd.ong\/wp-content\/uploads\/2026\/04\/IMG_20260421_174348-1-1024x768.jpg 1024w, https:\/\/abd.ong\/wp-content\/uploads\/2026\/04\/IMG_20260421_174348-1-300x225.jpg 300w, https:\/\/abd.ong\/wp-content\/uploads\/2026\/04\/IMG_20260421_174348-1-768x576.jpg 768w, https:\/\/abd.ong\/wp-content\/uploads\/2026\/04\/IMG_20260421_174348-1-1536x1152.jpg 1536w, https:\/\/abd.ong\/wp-content\/uploads\/2026\/04\/IMG_20260421_174348-1.jpg 2048w\" sizes=\"(max-width: 1024px) 100vw, 1024px\" \/><\/figure>\n\n\n\n<figure class=\"wp-block-image size-large\"><img loading=\"lazy\" decoding=\"async\" width=\"1024\" height=\"768\" data-id=\"175811\" src=\"https:\/\/abd.ong\/wp-content\/uploads\/2026\/04\/IMG_20260421_173824-1-1-1024x768.jpg\" alt=\"\" class=\"wp-image-175811\" srcset=\"https:\/\/abd.ong\/wp-content\/uploads\/2026\/04\/IMG_20260421_173824-1-1-1024x768.jpg 1024w, https:\/\/abd.ong\/wp-content\/uploads\/2026\/04\/IMG_20260421_173824-1-1-300x225.jpg 300w, https:\/\/abd.ong\/wp-content\/uploads\/2026\/04\/IMG_20260421_173824-1-1-768x576.jpg 768w, https:\/\/abd.ong\/wp-content\/uploads\/2026\/04\/IMG_20260421_173824-1-1-1536x1152.jpg 1536w, https:\/\/abd.ong\/wp-content\/uploads\/2026\/04\/IMG_20260421_173824-1-1.jpg 2048w\" sizes=\"(max-width: 1024px) 100vw, 1024px\" \/><\/figure>\n\n\n\n<figure class=\"wp-block-image size-large\"><img loading=\"lazy\" decoding=\"async\" width=\"1024\" height=\"768\" data-id=\"175812\" src=\"https:\/\/abd.ong\/wp-content\/uploads\/2026\/04\/IMG_20260421_174802-2-1-1024x768.jpg\" alt=\"\" class=\"wp-image-175812\" srcset=\"https:\/\/abd.ong\/wp-content\/uploads\/2026\/04\/IMG_20260421_174802-2-1-1024x768.jpg 1024w, https:\/\/abd.ong\/wp-content\/uploads\/2026\/04\/IMG_20260421_174802-2-1-300x225.jpg 300w, https:\/\/abd.ong\/wp-content\/uploads\/2026\/04\/IMG_20260421_174802-2-1-768x576.jpg 768w, https:\/\/abd.ong\/wp-content\/uploads\/2026\/04\/IMG_20260421_174802-2-1-1536x1152.jpg 1536w, https:\/\/abd.ong\/wp-content\/uploads\/2026\/04\/IMG_20260421_174802-2-1.jpg 2048w\" sizes=\"(max-width: 1024px) 100vw, 1024px\" \/><\/figure>\n\n\n\n<figure class=\"wp-block-image size-large\"><img loading=\"lazy\" decoding=\"async\" width=\"1536\" height=\"864\" data-id=\"175823\" src=\"https:\/\/abd.ong\/wp-content\/uploads\/2026\/04\/WhatsApp-Image-2026-04-23-at-12.48.57-2-edited-1.jpeg\" alt=\"\" class=\"wp-image-175823\" srcset=\"https:\/\/abd.ong\/wp-content\/uploads\/2026\/04\/WhatsApp-Image-2026-04-23-at-12.48.57-2-edited-1.jpeg 1536w, https:\/\/abd.ong\/wp-content\/uploads\/2026\/04\/WhatsApp-Image-2026-04-23-at-12.48.57-2-edited-1-300x169.jpeg 300w, https:\/\/abd.ong\/wp-content\/uploads\/2026\/04\/WhatsApp-Image-2026-04-23-at-12.48.57-2-edited-1-1024x576.jpeg 1024w, https:\/\/abd.ong\/wp-content\/uploads\/2026\/04\/WhatsApp-Image-2026-04-23-at-12.48.57-2-edited-1-768x432.jpeg 768w\" sizes=\"(max-width: 1536px) 100vw, 1536px\" \/><\/figure>\n<\/figure>\n\n<div style=\"height:19px\" aria-hidden=\"true\" class=\"wp-block-spacer\"><\/div>\n\n<p>Finalment, la celebraci\u00f3 va acabar amb una petita iniciativa per a l\u2019equip professional del Grup ABD, que va consistir en el sorteig d\u2019unes entrades per assistir al podcast del Grup ABD <em><strong><a href=\"https:\/\/abd.ong\/ca\/podcast\/\" target=\"_blank\" rel=\"noopener\">\u201cPel m\u00f3n que volem\u201d<\/a>,<\/strong><\/em> un espai que dona veu a les hist\u00f2ries de vida de les persones usu\u00e0ries a les quals acompanyem i que es troben en situaci\u00f3 de vulnerabilitat. Un grup de professionals del Grup ABD va poder assistir a la gravaci\u00f3 del nou cap\u00edtol, que es publicar\u00e0 pr\u00f2ximament.<\/p>\n\n<div style=\"height:19px\" aria-hidden=\"true\" class=\"wp-block-spacer\"><\/div>\n\n<figure class=\"wp-block-gallery has-nested-images columns-default is-cropped wp-block-gallery-5 is-layout-flex wp-block-gallery-is-layout-flex\">\n<figure class=\"wp-block-image size-large\"><img loading=\"lazy\" decoding=\"async\" width=\"1024\" height=\"683\" data-id=\"175815\" src=\"https:\/\/abd.ong\/wp-content\/uploads\/2026\/04\/SAM_6170-1024x683.jpg\" alt=\"\" class=\"wp-image-175815\" srcset=\"https:\/\/abd.ong\/wp-content\/uploads\/2026\/04\/SAM_6170-1024x683.jpg 1024w, https:\/\/abd.ong\/wp-content\/uploads\/2026\/04\/SAM_6170-300x200.jpg 300w, https:\/\/abd.ong\/wp-content\/uploads\/2026\/04\/SAM_6170-768x512.jpg 768w, https:\/\/abd.ong\/wp-content\/uploads\/2026\/04\/SAM_6170-1536x1024.jpg 1536w, https:\/\/abd.ong\/wp-content\/uploads\/2026\/04\/SAM_6170-600x400.jpg 600w, https:\/\/abd.ong\/wp-content\/uploads\/2026\/04\/SAM_6170-1920x1280.jpg 1920w, https:\/\/abd.ong\/wp-content\/uploads\/2026\/04\/SAM_6170.jpg 2048w\" sizes=\"(max-width: 1024px) 100vw, 1024px\" \/><\/figure>\n\n\n\n<figure class=\"wp-block-image size-large\"><img loading=\"lazy\" decoding=\"async\" width=\"1024\" height=\"683\" data-id=\"175816\" src=\"https:\/\/abd.ong\/wp-content\/uploads\/2026\/04\/SAM_6126-1024x683.jpg\" alt=\"\" class=\"wp-image-175816\" srcset=\"https:\/\/abd.ong\/wp-content\/uploads\/2026\/04\/SAM_6126-1024x683.jpg 1024w, https:\/\/abd.ong\/wp-content\/uploads\/2026\/04\/SAM_6126-300x200.jpg 300w, https:\/\/abd.ong\/wp-content\/uploads\/2026\/04\/SAM_6126-768x512.jpg 768w, https:\/\/abd.ong\/wp-content\/uploads\/2026\/04\/SAM_6126-1536x1024.jpg 1536w, https:\/\/abd.ong\/wp-content\/uploads\/2026\/04\/SAM_6126-600x400.jpg 600w, https:\/\/abd.ong\/wp-content\/uploads\/2026\/04\/SAM_6126-1920x1280.jpg 1920w, https:\/\/abd.ong\/wp-content\/uploads\/2026\/04\/SAM_6126.jpg 2048w\" sizes=\"(max-width: 1024px) 100vw, 1024px\" \/><\/figure>\n\n\n\n<figure class=\"wp-block-image size-large\"><img loading=\"lazy\" decoding=\"async\" width=\"1024\" height=\"683\" data-id=\"175817\" src=\"https:\/\/abd.ong\/wp-content\/uploads\/2026\/04\/SAM_6191-1024x683.jpg\" alt=\"\" class=\"wp-image-175817\" srcset=\"https:\/\/abd.ong\/wp-content\/uploads\/2026\/04\/SAM_6191-1024x683.jpg 1024w, https:\/\/abd.ong\/wp-content\/uploads\/2026\/04\/SAM_6191-300x200.jpg 300w, https:\/\/abd.ong\/wp-content\/uploads\/2026\/04\/SAM_6191-768x512.jpg 768w, https:\/\/abd.ong\/wp-content\/uploads\/2026\/04\/SAM_6191-1536x1024.jpg 1536w, https:\/\/abd.ong\/wp-content\/uploads\/2026\/04\/SAM_6191-600x400.jpg 600w, https:\/\/abd.ong\/wp-content\/uploads\/2026\/04\/SAM_6191-1920x1280.jpg 1920w, https:\/\/abd.ong\/wp-content\/uploads\/2026\/04\/SAM_6191.jpg 2048w\" sizes=\"(max-width: 1024px) 100vw, 1024px\" \/><\/figure>\n\n\n\n<figure class=\"wp-block-image size-large\"><img loading=\"lazy\" decoding=\"async\" width=\"1024\" height=\"683\" data-id=\"175818\" src=\"https:\/\/abd.ong\/wp-content\/uploads\/2026\/04\/SAM_6199-1024x683.jpg\" alt=\"\" class=\"wp-image-175818\" srcset=\"https:\/\/abd.ong\/wp-content\/uploads\/2026\/04\/SAM_6199-1024x683.jpg 1024w, https:\/\/abd.ong\/wp-content\/uploads\/2026\/04\/SAM_6199-300x200.jpg 300w, https:\/\/abd.ong\/wp-content\/uploads\/2026\/04\/SAM_6199-768x512.jpg 768w, https:\/\/abd.ong\/wp-content\/uploads\/2026\/04\/SAM_6199-1536x1024.jpg 1536w, https:\/\/abd.ong\/wp-content\/uploads\/2026\/04\/SAM_6199-600x400.jpg 600w, https:\/\/abd.ong\/wp-content\/uploads\/2026\/04\/SAM_6199-1920x1280.jpg 1920w, https:\/\/abd.ong\/wp-content\/uploads\/2026\/04\/SAM_6199.jpg 2048w\" sizes=\"(max-width: 1024px) 100vw, 1024px\" \/><\/figure>\n\n\n\n<figure class=\"wp-block-image size-large\"><img loading=\"lazy\" decoding=\"async\" width=\"1024\" height=\"683\" data-id=\"175819\" src=\"https:\/\/abd.ong\/wp-content\/uploads\/2026\/04\/SAM_6162-1024x683.jpg\" alt=\"\" class=\"wp-image-175819\" srcset=\"https:\/\/abd.ong\/wp-content\/uploads\/2026\/04\/SAM_6162-1024x683.jpg 1024w, https:\/\/abd.ong\/wp-content\/uploads\/2026\/04\/SAM_6162-300x200.jpg 300w, https:\/\/abd.ong\/wp-content\/uploads\/2026\/04\/SAM_6162-768x512.jpg 768w, https:\/\/abd.ong\/wp-content\/uploads\/2026\/04\/SAM_6162-1536x1024.jpg 1536w, https:\/\/abd.ong\/wp-content\/uploads\/2026\/04\/SAM_6162-600x400.jpg 600w, https:\/\/abd.ong\/wp-content\/uploads\/2026\/04\/SAM_6162-1920x1280.jpg 1920w, https:\/\/abd.ong\/wp-content\/uploads\/2026\/04\/SAM_6162.jpg 2048w\" sizes=\"(max-width: 1024px) 100vw, 1024px\" \/><\/figure>\n<\/figure>\n\n<div style=\"height:19px\" aria-hidden=\"true\" class=\"wp-block-spacer\"><\/div>\n\n<p>Des del <strong>Grup ABD<\/strong> volem donar les gr\u00e0cies a totes les persones que han fet possible aquesta jornada i desitjar a tothom un <em><strong>Feli\u00e7 Sant Jordi.<\/strong><\/em> Volem destacar la import\u00e0ncia de la cultura i la tradici\u00f3, aix\u00ed com el poder de les hist\u00f2ries per transformar vides. Tanquem aix\u00ed una jornada especial, solid\u00e0ria i comunit\u00e0ria, per continuar construint plegats el m\u00f3n que volem.<\/p>\n\n<p><\/p>\n\n<p><\/p>\n","protected":false},"excerpt":{"rendered":"<p>La jornada va combinar cultura, comunitat i solidaritat amb activitats arreu del territori Els beneficis de la recaptaci\u00f3 es destinaran als projectes d\u2019acci\u00f3 social que impulsa l\u2019entitat El 23 d\u2019abril,&hellip;<\/p>\n","protected":false},"author":12,"featured_media":175845,"comment_status":"closed","ping_status":"closed","sticky":false,"template":"","format":"standard","meta":{"_acf_changed":false,"footnotes":""},"categories":[66],"tags":[1897,675,2928],"class_list":["post-175846","post","type-post","status-publish","format-standard","has-post-thumbnail","hentry","category-general-ca","tag-abd-2-ca","tag-asociacion-bienestar-y-desarrollo-ca","tag-associacio-benestar-i-desenvolupament-ca-2"],"acf":[],"yoast_head":"<!-- This site is optimized with the Yoast SEO plugin v27.4 - https:\/\/yoast.com\/product\/yoast-seo-wordpress\/ -->\n<title>El Grup ABD celebra Sant Jordi amb roses pel m\u00f3n que volem - ABD<\/title>\n<meta name=\"description\" content=\"La jornada va combinar cultura, comunitat i solidaritat amb activitats arreu del territori Els beneficis de la recaptaci\u00f3 es destinaran als projectes\" \/>\n<meta name=\"robots\" content=\"index, follow, max-snippet:-1, max-image-preview:large, max-video-preview:-1\" \/>\n<link rel=\"canonical\" href=\"https:\/\/abd.ong\/ca\/general-ca\/el-grup-abd-celebra-sant-jordi-amb-roses-pel-mon-que-volem\/\" \/>\n<meta property=\"og:locale\" content=\"ca_ES\" \/>\n<meta property=\"og:type\" content=\"article\" \/>\n<meta property=\"og:title\" content=\"El Grup ABD celebra Sant Jordi amb roses pel m\u00f3n que volem - ABD\" \/>\n<meta property=\"og:description\" content=\"La jornada va combinar cultura, comunitat i solidaritat amb activitats arreu del territori Els beneficis de la recaptaci\u00f3 es destinaran als projectes\" \/>\n<meta property=\"og:url\" content=\"https:\/\/abd.ong\/ca\/general-ca\/el-grup-abd-celebra-sant-jordi-amb-roses-pel-mon-que-volem\/\" \/>\n<meta property=\"og:site_name\" content=\"ABD\" \/>\n<meta property=\"article:publisher\" content=\"https:\/\/www.facebook.com\/abd.ong\" \/>\n<meta property=\"article:published_time\" content=\"2026-04-28T09:16:09+00:00\" \/>\n<meta property=\"article:modified_time\" content=\"2026-04-28T09:19:57+00:00\" \/>\n<meta property=\"og:image\" content=\"https:\/\/abd.ong\/wp-content\/uploads\/2026\/04\/SAM_6081-1-1024x683.jpg\" \/>\n<meta name=\"author\" content=\"Francesc Balart\" \/>\n<meta name=\"twitter:card\" content=\"summary_large_image\" \/>\n<meta name=\"twitter:image\" content=\"https:\/\/abd.ong\/wp-content\/uploads\/2026\/04\/SAM_6081-1-1024x683.jpg\" \/>\n<meta name=\"twitter:creator\" content=\"@abd_ong\" \/>\n<meta name=\"twitter:site\" content=\"@abd_ong\" \/>\n<meta name=\"twitter:label1\" content=\"Escrit per\" \/>\n\t<meta name=\"twitter:data1\" content=\"Francesc Balart\" \/>\n\t<meta name=\"twitter:label2\" content=\"Temps estimat de lectura\" \/>\n\t<meta name=\"twitter:data2\" content=\"9 minuts\" \/>\n<script type=\"application\/ld+json\" class=\"yoast-schema-graph\">{\"@context\":\"https:\\\/\\\/schema.org\",\"@graph\":[{\"@type\":\"Article\",\"@id\":\"https:\\\/\\\/abd.ong\\\/ca\\\/general-ca\\\/el-grup-abd-celebra-sant-jordi-amb-roses-pel-mon-que-volem\\\/#article\",\"isPartOf\":{\"@id\":\"https:\\\/\\\/abd.ong\\\/ca\\\/general-ca\\\/el-grup-abd-celebra-sant-jordi-amb-roses-pel-mon-que-volem\\\/\"},\"author\":{\"name\":\"Francesc Balart\",\"@id\":\"https:\\\/\\\/abd.ong\\\/ca\\\/#\\\/schema\\\/person\\\/6bb74ed13fc8bdf3a5382c66db14c9ee\"},\"headline\":\"El Grup ABD celebra Sant Jordi amb roses pel m\u00f3n que volem\",\"datePublished\":\"2026-04-28T09:16:09+00:00\",\"dateModified\":\"2026-04-28T09:19:57+00:00\",\"mainEntityOfPage\":{\"@id\":\"https:\\\/\\\/abd.ong\\\/ca\\\/general-ca\\\/el-grup-abd-celebra-sant-jordi-amb-roses-pel-mon-que-volem\\\/\"},\"wordCount\":803,\"publisher\":{\"@id\":\"https:\\\/\\\/abd.ong\\\/ca\\\/#organization\"},\"image\":{\"@id\":\"https:\\\/\\\/abd.ong\\\/ca\\\/general-ca\\\/el-grup-abd-celebra-sant-jordi-amb-roses-pel-mon-que-volem\\\/#primaryimage\"},\"thumbnailUrl\":\"https:\\\/\\\/abd.ong\\\/wp-content\\\/uploads\\\/2026\\\/04\\\/SAM_6081-1.jpg\",\"keywords\":[\"ABD\",\"Asociaci\u00f3n Bienestar y Desarrollo\",\"Associaci\u00f3 Benestar i Desenvolupament\"],\"articleSection\":[\"General\"],\"inLanguage\":\"ca\"},{\"@type\":\"WebPage\",\"@id\":\"https:\\\/\\\/abd.ong\\\/ca\\\/general-ca\\\/el-grup-abd-celebra-sant-jordi-amb-roses-pel-mon-que-volem\\\/\",\"url\":\"https:\\\/\\\/abd.ong\\\/ca\\\/general-ca\\\/el-grup-abd-celebra-sant-jordi-amb-roses-pel-mon-que-volem\\\/\",\"name\":\"El Grup ABD celebra Sant Jordi amb roses pel m\u00f3n que volem - ABD\",\"isPartOf\":{\"@id\":\"https:\\\/\\\/abd.ong\\\/ca\\\/#website\"},\"primaryImageOfPage\":{\"@id\":\"https:\\\/\\\/abd.ong\\\/ca\\\/general-ca\\\/el-grup-abd-celebra-sant-jordi-amb-roses-pel-mon-que-volem\\\/#primaryimage\"},\"image\":{\"@id\":\"https:\\\/\\\/abd.ong\\\/ca\\\/general-ca\\\/el-grup-abd-celebra-sant-jordi-amb-roses-pel-mon-que-volem\\\/#primaryimage\"},\"thumbnailUrl\":\"https:\\\/\\\/abd.ong\\\/wp-content\\\/uploads\\\/2026\\\/04\\\/SAM_6081-1.jpg\",\"datePublished\":\"2026-04-28T09:16:09+00:00\",\"dateModified\":\"2026-04-28T09:19:57+00:00\",\"description\":\"La jornada va combinar cultura, comunitat i solidaritat amb activitats arreu del territori Els beneficis de la recaptaci\u00f3 es destinaran als projectes\",\"breadcrumb\":{\"@id\":\"https:\\\/\\\/abd.ong\\\/ca\\\/general-ca\\\/el-grup-abd-celebra-sant-jordi-amb-roses-pel-mon-que-volem\\\/#breadcrumb\"},\"inLanguage\":\"ca\",\"potentialAction\":[{\"@type\":\"ReadAction\",\"target\":[\"https:\\\/\\\/abd.ong\\\/ca\\\/general-ca\\\/el-grup-abd-celebra-sant-jordi-amb-roses-pel-mon-que-volem\\\/\"]}]},{\"@type\":\"ImageObject\",\"inLanguage\":\"ca\",\"@id\":\"https:\\\/\\\/abd.ong\\\/ca\\\/general-ca\\\/el-grup-abd-celebra-sant-jordi-amb-roses-pel-mon-que-volem\\\/#primaryimage\",\"url\":\"https:\\\/\\\/abd.ong\\\/wp-content\\\/uploads\\\/2026\\\/04\\\/SAM_6081-1.jpg\",\"contentUrl\":\"https:\\\/\\\/abd.ong\\\/wp-content\\\/uploads\\\/2026\\\/04\\\/SAM_6081-1.jpg\",\"width\":2048,\"height\":1365,\"caption\":\"SAMSUNG CSC\"},{\"@type\":\"BreadcrumbList\",\"@id\":\"https:\\\/\\\/abd.ong\\\/ca\\\/general-ca\\\/el-grup-abd-celebra-sant-jordi-amb-roses-pel-mon-que-volem\\\/#breadcrumb\",\"itemListElement\":[{\"@type\":\"ListItem\",\"position\":1,\"name\":\"Inici\",\"item\":\"https:\\\/\\\/abd.ong\\\/ca\\\/\"},{\"@type\":\"ListItem\",\"position\":2,\"name\":\"El Grup ABD celebra Sant Jordi amb roses pel m\u00f3n que volem\"}]},{\"@type\":\"WebSite\",\"@id\":\"https:\\\/\\\/abd.ong\\\/ca\\\/#website\",\"url\":\"https:\\\/\\\/abd.ong\\\/ca\\\/\",\"name\":\"ABD\",\"description\":\"Asociaci\u00f3n Bienestar y Desarrollo\",\"publisher\":{\"@id\":\"https:\\\/\\\/abd.ong\\\/ca\\\/#organization\"},\"potentialAction\":[{\"@type\":\"SearchAction\",\"target\":{\"@type\":\"EntryPoint\",\"urlTemplate\":\"https:\\\/\\\/abd.ong\\\/ca\\\/?s={search_term_string}\"},\"query-input\":{\"@type\":\"PropertyValueSpecification\",\"valueRequired\":true,\"valueName\":\"search_term_string\"}}],\"inLanguage\":\"ca\"},{\"@type\":\"Organization\",\"@id\":\"https:\\\/\\\/abd.ong\\\/ca\\\/#organization\",\"name\":\"Associaci\u00f3 Benestar i Desenvolupament\",\"alternateName\":\"ABD\",\"url\":\"https:\\\/\\\/abd.ong\\\/ca\\\/\",\"logo\":{\"@type\":\"ImageObject\",\"inLanguage\":\"ca\",\"@id\":\"https:\\\/\\\/abd.ong\\\/ca\\\/#\\\/schema\\\/logo\\\/image\\\/\",\"url\":\"https:\\\/\\\/abd.ong\\\/wp-content\\\/uploads\\\/2023\\\/01\\\/Icona.png\",\"contentUrl\":\"https:\\\/\\\/abd.ong\\\/wp-content\\\/uploads\\\/2023\\\/01\\\/Icona.png\",\"width\":190,\"height\":187,\"caption\":\"Associaci\u00f3 Benestar i Desenvolupament\"},\"image\":{\"@id\":\"https:\\\/\\\/abd.ong\\\/ca\\\/#\\\/schema\\\/logo\\\/image\\\/\"},\"sameAs\":[\"https:\\\/\\\/www.facebook.com\\\/abd.ong\",\"https:\\\/\\\/x.com\\\/abd_ong\",\"https:\\\/\\\/www.instagram.com\\\/abd_ong\\\/\",\"https:\\\/\\\/www.linkedin.com\\\/company\\\/abdong\",\"https:\\\/\\\/www.youtube.com\\\/user\\\/CANALABD\"]},{\"@type\":\"Person\",\"@id\":\"https:\\\/\\\/abd.ong\\\/ca\\\/#\\\/schema\\\/person\\\/6bb74ed13fc8bdf3a5382c66db14c9ee\",\"name\":\"Francesc Balart\"}]}<\/script>\n<!-- \/ Yoast SEO plugin. -->","yoast_head_json":{"title":"El Grup ABD celebra Sant Jordi amb roses pel m\u00f3n que volem - ABD","description":"La jornada va combinar cultura, comunitat i solidaritat amb activitats arreu del territori Els beneficis de la recaptaci\u00f3 es destinaran als projectes","robots":{"index":"index","follow":"follow","max-snippet":"max-snippet:-1","max-image-preview":"max-image-preview:large","max-video-preview":"max-video-preview:-1"},"canonical":"https:\/\/abd.ong\/ca\/general-ca\/el-grup-abd-celebra-sant-jordi-amb-roses-pel-mon-que-volem\/","og_locale":"ca_ES","og_type":"article","og_title":"El Grup ABD celebra Sant Jordi amb roses pel m\u00f3n que volem - ABD","og_description":"La jornada va combinar cultura, comunitat i solidaritat amb activitats arreu del territori Els beneficis de la recaptaci\u00f3 es destinaran als projectes","og_url":"https:\/\/abd.ong\/ca\/general-ca\/el-grup-abd-celebra-sant-jordi-amb-roses-pel-mon-que-volem\/","og_site_name":"ABD","article_publisher":"https:\/\/www.facebook.com\/abd.ong","article_published_time":"2026-04-28T09:16:09+00:00","article_modified_time":"2026-04-28T09:19:57+00:00","og_image":[{"url":"https:\/\/abd.ong\/wp-content\/uploads\/2026\/04\/SAM_6081-1-1024x683.jpg","type":"","width":"","height":""}],"author":"Francesc Balart","twitter_card":"summary_large_image","twitter_image":"https:\/\/abd.ong\/wp-content\/uploads\/2026\/04\/SAM_6081-1-1024x683.jpg","twitter_creator":"@abd_ong","twitter_site":"@abd_ong","twitter_misc":{"Escrit per":"Francesc Balart","Temps estimat de lectura":"9 minuts"},"schema":{"@context":"https:\/\/schema.org","@graph":[{"@type":"Article","@id":"https:\/\/abd.ong\/ca\/general-ca\/el-grup-abd-celebra-sant-jordi-amb-roses-pel-mon-que-volem\/#article","isPartOf":{"@id":"https:\/\/abd.ong\/ca\/general-ca\/el-grup-abd-celebra-sant-jordi-amb-roses-pel-mon-que-volem\/"},"author":{"name":"Francesc Balart","@id":"https:\/\/abd.ong\/ca\/#\/schema\/person\/6bb74ed13fc8bdf3a5382c66db14c9ee"},"headline":"El Grup ABD celebra Sant Jordi amb roses pel m\u00f3n que volem","datePublished":"2026-04-28T09:16:09+00:00","dateModified":"2026-04-28T09:19:57+00:00","mainEntityOfPage":{"@id":"https:\/\/abd.ong\/ca\/general-ca\/el-grup-abd-celebra-sant-jordi-amb-roses-pel-mon-que-volem\/"},"wordCount":803,"publisher":{"@id":"https:\/\/abd.ong\/ca\/#organization"},"image":{"@id":"https:\/\/abd.ong\/ca\/general-ca\/el-grup-abd-celebra-sant-jordi-amb-roses-pel-mon-que-volem\/#primaryimage"},"thumbnailUrl":"https:\/\/abd.ong\/wp-content\/uploads\/2026\/04\/SAM_6081-1.jpg","keywords":["ABD","Asociaci\u00f3n Bienestar y Desarrollo","Associaci\u00f3 Benestar i Desenvolupament"],"articleSection":["General"],"inLanguage":"ca"},{"@type":"WebPage","@id":"https:\/\/abd.ong\/ca\/general-ca\/el-grup-abd-celebra-sant-jordi-amb-roses-pel-mon-que-volem\/","url":"https:\/\/abd.ong\/ca\/general-ca\/el-grup-abd-celebra-sant-jordi-amb-roses-pel-mon-que-volem\/","name":"El Grup ABD celebra Sant Jordi amb roses pel m\u00f3n que volem - ABD","isPartOf":{"@id":"https:\/\/abd.ong\/ca\/#website"},"primaryImageOfPage":{"@id":"https:\/\/abd.ong\/ca\/general-ca\/el-grup-abd-celebra-sant-jordi-amb-roses-pel-mon-que-volem\/#primaryimage"},"image":{"@id":"https:\/\/abd.ong\/ca\/general-ca\/el-grup-abd-celebra-sant-jordi-amb-roses-pel-mon-que-volem\/#primaryimage"},"thumbnailUrl":"https:\/\/abd.ong\/wp-content\/uploads\/2026\/04\/SAM_6081-1.jpg","datePublished":"2026-04-28T09:16:09+00:00","dateModified":"2026-04-28T09:19:57+00:00","description":"La jornada va combinar cultura, comunitat i solidaritat amb activitats arreu del territori Els beneficis de la recaptaci\u00f3 es destinaran als projectes","breadcrumb":{"@id":"https:\/\/abd.ong\/ca\/general-ca\/el-grup-abd-celebra-sant-jordi-amb-roses-pel-mon-que-volem\/#breadcrumb"},"inLanguage":"ca","potentialAction":[{"@type":"ReadAction","target":["https:\/\/abd.ong\/ca\/general-ca\/el-grup-abd-celebra-sant-jordi-amb-roses-pel-mon-que-volem\/"]}]},{"@type":"ImageObject","inLanguage":"ca","@id":"https:\/\/abd.ong\/ca\/general-ca\/el-grup-abd-celebra-sant-jordi-amb-roses-pel-mon-que-volem\/#primaryimage","url":"https:\/\/abd.ong\/wp-content\/uploads\/2026\/04\/SAM_6081-1.jpg","contentUrl":"https:\/\/abd.ong\/wp-content\/uploads\/2026\/04\/SAM_6081-1.jpg","width":2048,"height":1365,"caption":"SAMSUNG CSC"},{"@type":"BreadcrumbList","@id":"https:\/\/abd.ong\/ca\/general-ca\/el-grup-abd-celebra-sant-jordi-amb-roses-pel-mon-que-volem\/#breadcrumb","itemListElement":[{"@type":"ListItem","position":1,"name":"Inici","item":"https:\/\/abd.ong\/ca\/"},{"@type":"ListItem","position":2,"name":"El Grup ABD celebra Sant Jordi amb roses pel m\u00f3n que volem"}]},{"@type":"WebSite","@id":"https:\/\/abd.ong\/ca\/#website","url":"https:\/\/abd.ong\/ca\/","name":"ABD","description":"Asociaci\u00f3n Bienestar y Desarrollo","publisher":{"@id":"https:\/\/abd.ong\/ca\/#organization"},"potentialAction":[{"@type":"SearchAction","target":{"@type":"EntryPoint","urlTemplate":"https:\/\/abd.ong\/ca\/?s={search_term_string}"},"query-input":{"@type":"PropertyValueSpecification","valueRequired":true,"valueName":"search_term_string"}}],"inLanguage":"ca"},{"@type":"Organization","@id":"https:\/\/abd.ong\/ca\/#organization","name":"Associaci\u00f3 Benestar i Desenvolupament","alternateName":"ABD","url":"https:\/\/abd.ong\/ca\/","logo":{"@type":"ImageObject","inLanguage":"ca","@id":"https:\/\/abd.ong\/ca\/#\/schema\/logo\/image\/","url":"https:\/\/abd.ong\/wp-content\/uploads\/2023\/01\/Icona.png","contentUrl":"https:\/\/abd.ong\/wp-content\/uploads\/2023\/01\/Icona.png","width":190,"height":187,"caption":"Associaci\u00f3 Benestar i Desenvolupament"},"image":{"@id":"https:\/\/abd.ong\/ca\/#\/schema\/logo\/image\/"},"sameAs":["https:\/\/www.facebook.com\/abd.ong","https:\/\/x.com\/abd_ong","https:\/\/www.instagram.com\/abd_ong\/","https:\/\/www.linkedin.com\/company\/abdong","https:\/\/www.youtube.com\/user\/CANALABD"]},{"@type":"Person","@id":"https:\/\/abd.ong\/ca\/#\/schema\/person\/6bb74ed13fc8bdf3a5382c66db14c9ee","name":"Francesc Balart"}]}},"_links":{"self":[{"href":"https:\/\/abd.ong\/ca\/wp-json\/wp\/v2\/posts\/175846","targetHints":{"allow":["GET"]}}],"collection":[{"href":"https:\/\/abd.ong\/ca\/wp-json\/wp\/v2\/posts"}],"about":[{"href":"https:\/\/abd.ong\/ca\/wp-json\/wp\/v2\/types\/post"}],"author":[{"embeddable":true,"href":"https:\/\/abd.ong\/ca\/wp-json\/wp\/v2\/users\/12"}],"replies":[{"embeddable":true,"href":"https:\/\/abd.ong\/ca\/wp-json\/wp\/v2\/comments?post=175846"}],"version-history":[{"count":1,"href":"https:\/\/abd.ong\/ca\/wp-json\/wp\/v2\/posts\/175846\/revisions"}],"predecessor-version":[{"id":175862,"href":"https:\/\/abd.ong\/ca\/wp-json\/wp\/v2\/posts\/175846\/revisions\/175862"}],"wp:featuredmedia":[{"embeddable":true,"href":"https:\/\/abd.ong\/ca\/wp-json\/wp\/v2\/media\/175845"}],"wp:attachment":[{"href":"https:\/\/abd.ong\/ca\/wp-json\/wp\/v2\/media?parent=175846"}],"wp:term":[{"taxonomy":"category","embeddable":true,"href":"https:\/\/abd.ong\/ca\/wp-json\/wp\/v2\/categories?post=175846"},{"taxonomy":"post_tag","embeddable":true,"href":"https:\/\/abd.ong\/ca\/wp-json\/wp\/v2\/tags?post=175846"}],"curies":[{"name":"wp","href":"https:\/\/api.w.org\/{rel}","templated":true}]}}