{"id":175689,"date":"2026-04-17T12:33:21","date_gmt":"2026-04-17T10:33:21","guid":{"rendered":"https:\/\/abd.ong\/?p=175689"},"modified":"2026-04-30T10:38:17","modified_gmt":"2026-04-30T08:38:17","slug":"abd-obre-un-nou-pis-per-a-persones-amb-vih-en-situacio-de-vulnerabilitat","status":"publish","type":"post","link":"https:\/\/abd.ong\/ca\/inclusio-i-pobresa\/abd-obre-un-nou-pis-per-a-persones-amb-vih-en-situacio-de-vulnerabilitat\/","title":{"rendered":"ABD obre un nou pis per a persones amb VIH en situaci\u00f3 de vulnerabilitat"},"content":{"rendered":"\n<p><\/p>\n\n<h4 class=\"wp-block-heading\">Incorporem un nou recurs per avan\u00e7ar en el suport integral, l\u2019estabilitzaci\u00f3 de la salut i facilitar la inserci\u00f3 social de persones amb VIH que viuen en condicions d\u2019exclusi\u00f3.<\/h4>\n\n<div style=\"height:41px\" aria-hidden=\"true\" class=\"wp-block-spacer\"><\/div>\n\n<p>El 1993 vam posar en marxa <strong>CAMS<\/strong>, l<em>a Casa d\u2019Acollida per a Persones amb VIH en Situaci\u00f3 d\u2019Exclusi\u00f3 Social.<\/em> Es tracta d\u2019un refugi segur i temporal dissenyat per acollir aquelles persones que viuen amb el VIH i es troben en condicions d\u2019exclusi\u00f3 i marginalitat extrema. Fins ara, el CAMS comptava amb cinc pisos. Des del mes de mar\u00e7, gr\u00e0cies al treball en xarxa amb la <a href=\"https:\/\/www.habitat3.cat\/\" target=\"_blank\" rel=\"noopener\"><strong>Fundaci\u00f3 H\u00e0bitat3<\/strong><\/a>, hem aconseguit sumar un nou recurs que podr\u00e0 acollir tres persones amb un cert grau d\u2019autonomia.<\/p>\n\n<p>Hem posat en marxa el servei amb un jove de 24 anys que ha estat un any al CAMS i que ha aconseguit estabilitzar la seva situaci\u00f3. \u00c9s una de les persones que acompanyem des del <strong>programa SAVA<\/strong>. Part de l\u2019acompanyament s\u2019ha centrat en la cerca d\u2019habitatge, per\u00f2 tamb\u00e9 ha assolit altres aspectes imprescindibles, com la regularitzaci\u00f3 de la seva situaci\u00f3 administrativa. Amb aquest nou pas, que l\u2019apropa una mica m\u00e9s a una vida digna i aut\u00f2noma, volem avan\u00e7ar en l\u2019homologaci\u00f3 de t\u00edtols, la continu\u00eftat dels seus estudis i l\u2019acc\u00e9s a una feina. Sens dubte, condicions necess\u00e0ries en aquest proc\u00e9s de transici\u00f3.<\/p>\n\n<div style=\"height:18px\" aria-hidden=\"true\" class=\"wp-block-spacer\"><\/div>\n\n<figure class=\"wp-block-gallery has-nested-images columns-default is-cropped wp-block-gallery-2 is-layout-flex wp-block-gallery-is-layout-flex\">\n<figure class=\"wp-block-image size-large\"><img fetchpriority=\"high\" decoding=\"async\" width=\"771\" height=\"1024\" data-id=\"175666\" src=\"https:\/\/abd.ong\/wp-content\/uploads\/2026\/04\/MONTAJE-4-771x1024.jpg\" alt=\"\" class=\"wp-image-175666\" srcset=\"https:\/\/abd.ong\/wp-content\/uploads\/2026\/04\/MONTAJE-4-771x1024.jpg 771w, https:\/\/abd.ong\/wp-content\/uploads\/2026\/04\/MONTAJE-4-226x300.jpg 226w, https:\/\/abd.ong\/wp-content\/uploads\/2026\/04\/MONTAJE-4-768x1021.jpg 768w, https:\/\/abd.ong\/wp-content\/uploads\/2026\/04\/MONTAJE-4-1156x1536.jpg 1156w, https:\/\/abd.ong\/wp-content\/uploads\/2026\/04\/MONTAJE-4.jpg 1204w\" sizes=\"(max-width: 771px) 100vw, 771px\" \/><\/figure>\n\n\n\n<figure class=\"wp-block-image size-large\"><img decoding=\"async\" width=\"771\" height=\"1024\" data-id=\"175667\" src=\"https:\/\/abd.ong\/wp-content\/uploads\/2026\/04\/MONTAJE-1-771x1024.jpg\" alt=\"\" class=\"wp-image-175667\" srcset=\"https:\/\/abd.ong\/wp-content\/uploads\/2026\/04\/MONTAJE-1-771x1024.jpg 771w, https:\/\/abd.ong\/wp-content\/uploads\/2026\/04\/MONTAJE-1-226x300.jpg 226w, https:\/\/abd.ong\/wp-content\/uploads\/2026\/04\/MONTAJE-1-768x1021.jpg 768w, https:\/\/abd.ong\/wp-content\/uploads\/2026\/04\/MONTAJE-1-1156x1536.jpg 1156w, https:\/\/abd.ong\/wp-content\/uploads\/2026\/04\/MONTAJE-1.jpg 1204w\" sizes=\"(max-width: 771px) 100vw, 771px\" \/><\/figure>\n\n\n\n<figure class=\"wp-block-image size-large\"><img decoding=\"async\" width=\"1024\" height=\"771\" data-id=\"175668\" src=\"https:\/\/abd.ong\/wp-content\/uploads\/2026\/04\/MONTAJE-2-1-1024x771.jpg\" alt=\"\" class=\"wp-image-175668\" srcset=\"https:\/\/abd.ong\/wp-content\/uploads\/2026\/04\/MONTAJE-2-1-1024x771.jpg 1024w, https:\/\/abd.ong\/wp-content\/uploads\/2026\/04\/MONTAJE-2-1-300x226.jpg 300w, https:\/\/abd.ong\/wp-content\/uploads\/2026\/04\/MONTAJE-2-1-768x578.jpg 768w, https:\/\/abd.ong\/wp-content\/uploads\/2026\/04\/MONTAJE-2-1-1536x1156.jpg 1536w, https:\/\/abd.ong\/wp-content\/uploads\/2026\/04\/MONTAJE-2-1.jpg 1600w\" sizes=\"(max-width: 1024px) 100vw, 1024px\" \/><\/figure>\n<\/figure>\n\n<div style=\"height:18px\" aria-hidden=\"true\" class=\"wp-block-spacer\"><\/div>\n\n<p>Des<strong> d\u2019ABD<\/strong> <em>continuarem treballant colze a colze per assolir nous objectius que marquin una difer\u00e8ncia en la seva vida, com l\u2019acc\u00e9s a una feina en el mercat laboral formal i a estudis superiors.<\/em> La seva voluntat hi \u00e9s, i des de l\u2019equip que l\u2019acompanya es far\u00e0 tot el possible perqu\u00e8 aix\u00ed sigui. Properament, dues persones m\u00e9s s\u2019afegiran a aquests mateixos objectius. En aquest nou habitatge, les persones que hi conviuen disposen <em>d\u2019una habitaci\u00f3 pr\u00f2pia<\/em>,<em> assumeixen el cost del lloguer i s\u00f3n responsables de la seva alimentaci\u00f3 i del manteniment i neteja de l\u2019espai.<\/em><\/p>\n\n<p>Coincidint amb aquest tema, al <a href=\"https:\/\/abd.ong\/ca\/\" target=\"_blank\" rel=\"noopener\"><strong>Grup ABD<\/strong><\/a> comptem amb un <a href=\"https:\/\/abd.ong\/ca\/podcast\/\" target=\"_blank\" rel=\"noopener\"><strong>p\u00f2dcast<\/strong><\/a> en qu\u00e8, precisament, l\u2019\u00faltim episodi tracta sobre l\u2019habitatge i els allotjaments d\u2019inclusi\u00f3 social. El podeu escoltar en el seg\u00fcent enlla\u00e7: <a href=\"https:\/\/abd.ong\/ca\/podcast\/#cap123\" target=\"_blank\" rel=\"noopener\"><em><strong>\u201cPor el mundo que queremos\u201d.<\/strong><\/em><\/a><\/p>\n\n<p>Volem fer una menci\u00f3 especial a la col\u00b7laboraci\u00f3 de <a href=\"https:\/\/www.bricodepot.es\/\" target=\"_blank\" rel=\"noopener\"><strong>Brico Dep\u00f4t<\/strong><\/a> i a l\u2019esfor\u00e7 de tot l\u2019equip de <strong>CAMS<\/strong> i de la resta de professionals <strong>d\u2019ABD<\/strong> que s\u2019han implicat en la posada en marxa i condicionament d\u2019aquest pis. Ha estat un proc\u00e9s ple de reptes que, una vegada m\u00e9s, hem aconseguit dur a terme gr\u00e0cies a la implicaci\u00f3 i professionalitat de les persones volunt\u00e0ries i professionals que formen part d\u2019ABD.<\/p>\n\n<div style=\"height:18px\" aria-hidden=\"true\" class=\"wp-block-spacer\"><\/div>\n\n<figure class=\"wp-block-gallery has-nested-images columns-default is-cropped wp-block-gallery-3 is-layout-flex wp-block-gallery-is-layout-flex\">\n<figure class=\"wp-block-image size-large\"><img loading=\"lazy\" decoding=\"async\" width=\"768\" height=\"1024\" data-id=\"175669\" src=\"https:\/\/abd.ong\/wp-content\/uploads\/2026\/04\/SALON-3-768x1024.jpg\" alt=\"\" class=\"wp-image-175669\" srcset=\"https:\/\/abd.ong\/wp-content\/uploads\/2026\/04\/SALON-3-768x1024.jpg 768w, https:\/\/abd.ong\/wp-content\/uploads\/2026\/04\/SALON-3-225x300.jpg 225w, https:\/\/abd.ong\/wp-content\/uploads\/2026\/04\/SALON-3-1152x1536.jpg 1152w, https:\/\/abd.ong\/wp-content\/uploads\/2026\/04\/SALON-3.jpg 1200w\" sizes=\"(max-width: 768px) 100vw, 768px\" \/><\/figure>\n\n\n\n<figure class=\"wp-block-image size-large\"><img loading=\"lazy\" decoding=\"async\" width=\"768\" height=\"1024\" data-id=\"175670\" src=\"https:\/\/abd.ong\/wp-content\/uploads\/2026\/04\/BANO-3-768x1024.jpg\" alt=\"\" class=\"wp-image-175670\" srcset=\"https:\/\/abd.ong\/wp-content\/uploads\/2026\/04\/BANO-3-768x1024.jpg 768w, https:\/\/abd.ong\/wp-content\/uploads\/2026\/04\/BANO-3-225x300.jpg 225w, https:\/\/abd.ong\/wp-content\/uploads\/2026\/04\/BANO-3-1152x1536.jpg 1152w, https:\/\/abd.ong\/wp-content\/uploads\/2026\/04\/BANO-3.jpg 1200w\" sizes=\"(max-width: 768px) 100vw, 768px\" \/><\/figure>\n\n\n\n<figure class=\"wp-block-image size-large\"><img loading=\"lazy\" decoding=\"async\" width=\"768\" height=\"1024\" data-id=\"175671\" src=\"https:\/\/abd.ong\/wp-content\/uploads\/2026\/04\/COCINA-3-768x1024.jpg\" alt=\"\" class=\"wp-image-175671\" srcset=\"https:\/\/abd.ong\/wp-content\/uploads\/2026\/04\/COCINA-3-768x1024.jpg 768w, https:\/\/abd.ong\/wp-content\/uploads\/2026\/04\/COCINA-3-225x300.jpg 225w, https:\/\/abd.ong\/wp-content\/uploads\/2026\/04\/COCINA-3-1152x1536.jpg 1152w, https:\/\/abd.ong\/wp-content\/uploads\/2026\/04\/COCINA-3.jpg 1200w\" sizes=\"(max-width: 768px) 100vw, 768px\" \/><\/figure>\n\n\n\n<figure class=\"wp-block-image size-large\"><img loading=\"lazy\" decoding=\"async\" width=\"768\" height=\"1024\" data-id=\"175672\" src=\"https:\/\/abd.ong\/wp-content\/uploads\/2026\/04\/HABITACION-GRANDE-3-768x1024.jpg\" alt=\"\" class=\"wp-image-175672\" srcset=\"https:\/\/abd.ong\/wp-content\/uploads\/2026\/04\/HABITACION-GRANDE-3-768x1024.jpg 768w, https:\/\/abd.ong\/wp-content\/uploads\/2026\/04\/HABITACION-GRANDE-3-225x300.jpg 225w, https:\/\/abd.ong\/wp-content\/uploads\/2026\/04\/HABITACION-GRANDE-3-1152x1536.jpg 1152w, https:\/\/abd.ong\/wp-content\/uploads\/2026\/04\/HABITACION-GRANDE-3.jpg 1200w\" sizes=\"(max-width: 768px) 100vw, 768px\" \/><\/figure>\n\n\n\n<figure class=\"wp-block-image size-large\"><img loading=\"lazy\" decoding=\"async\" width=\"768\" height=\"1024\" data-id=\"175673\" src=\"https:\/\/abd.ong\/wp-content\/uploads\/2026\/04\/SALON-3-1-768x1024.jpg\" alt=\"\" class=\"wp-image-175673\" srcset=\"https:\/\/abd.ong\/wp-content\/uploads\/2026\/04\/SALON-3-1-768x1024.jpg 768w, https:\/\/abd.ong\/wp-content\/uploads\/2026\/04\/SALON-3-1-225x300.jpg 225w, https:\/\/abd.ong\/wp-content\/uploads\/2026\/04\/SALON-3-1-1152x1536.jpg 1152w, https:\/\/abd.ong\/wp-content\/uploads\/2026\/04\/SALON-3-1.jpg 1200w\" sizes=\"(max-width: 768px) 100vw, 768px\" \/><\/figure>\n\n\n\n<figure class=\"wp-block-image size-large\"><img loading=\"lazy\" decoding=\"async\" width=\"768\" height=\"1024\" data-id=\"175674\" src=\"https:\/\/abd.ong\/wp-content\/uploads\/2026\/04\/RECIBIDOR-768x1024.jpg\" alt=\"\" class=\"wp-image-175674\" srcset=\"https:\/\/abd.ong\/wp-content\/uploads\/2026\/04\/RECIBIDOR-768x1024.jpg 768w, https:\/\/abd.ong\/wp-content\/uploads\/2026\/04\/RECIBIDOR-225x300.jpg 225w, https:\/\/abd.ong\/wp-content\/uploads\/2026\/04\/RECIBIDOR-1152x1536.jpg 1152w, https:\/\/abd.ong\/wp-content\/uploads\/2026\/04\/RECIBIDOR.jpg 1200w\" sizes=\"(max-width: 768px) 100vw, 768px\" \/><\/figure>\n<\/figure>\n\n<p><\/p>\n","protected":false},"excerpt":{"rendered":"<p>Incorporem un nou recurs per avan\u00e7ar en el suport integral, l\u2019estabilitzaci\u00f3 de la salut i facilitar la inserci\u00f3 social de persones amb VIH que viuen en condicions d\u2019exclusi\u00f3. El 1993&hellip;<\/p>\n","protected":false},"author":12,"featured_media":175930,"comment_status":"closed","ping_status":"closed","sticky":false,"template":"","format":"standard","meta":{"_acf_changed":false,"footnotes":""},"categories":[1299,3195],"tags":[1897,675,3385],"class_list":["post-175689","post","type-post","status-publish","format-standard","has-post-thumbnail","hentry","category-desigualtat","category-inclusio-i-pobresa","tag-abd-2-ca","tag-asociacion-bienestar-y-desarrollo-ca","tag-associacio-benestar-i-desenvolupament-ca-3"],"acf":[],"yoast_head":"<!-- This site is optimized with the Yoast SEO plugin v27.4 - https:\/\/yoast.com\/product\/yoast-seo-wordpress\/ -->\n<title>ABD obre un nou pis per a persones amb VIH en situaci\u00f3 de vulnerabilitat - ABD<\/title>\n<meta name=\"description\" content=\"Incorporem un nou recurs per avan\u00e7ar en el suport integral, l\u2019estabilitzaci\u00f3 de la salut i facilitar la inserci\u00f3 social de persones amb VIH que viuen en\" \/>\n<meta name=\"robots\" content=\"index, follow, max-snippet:-1, max-image-preview:large, max-video-preview:-1\" \/>\n<link rel=\"canonical\" href=\"https:\/\/abd.ong\/ca\/inclusio-i-pobresa\/abd-obre-un-nou-pis-per-a-persones-amb-vih-en-situacio-de-vulnerabilitat\/\" \/>\n<meta property=\"og:locale\" content=\"ca_ES\" \/>\n<meta property=\"og:type\" content=\"article\" \/>\n<meta property=\"og:title\" content=\"ABD obre un nou pis per a persones amb VIH en situaci\u00f3 de vulnerabilitat - ABD\" \/>\n<meta property=\"og:description\" content=\"Incorporem un nou recurs per avan\u00e7ar en el suport integral, l\u2019estabilitzaci\u00f3 de la salut i facilitar la inserci\u00f3 social de persones amb VIH que viuen en\" \/>\n<meta property=\"og:url\" content=\"https:\/\/abd.ong\/ca\/inclusio-i-pobresa\/abd-obre-un-nou-pis-per-a-persones-amb-vih-en-situacio-de-vulnerabilitat\/\" \/>\n<meta property=\"og:site_name\" content=\"ABD\" \/>\n<meta property=\"article:publisher\" content=\"https:\/\/www.facebook.com\/abd.ong\" \/>\n<meta property=\"article:published_time\" content=\"2026-04-17T10:33:21+00:00\" \/>\n<meta property=\"article:modified_time\" content=\"2026-04-30T08:38:17+00:00\" \/>\n<meta property=\"og:image\" content=\"https:\/\/abd.ong\/wp-content\/uploads\/2026\/04\/SALON-3-1-225x300.jpg\" \/>\n<meta name=\"author\" content=\"Francesc Balart\" \/>\n<meta name=\"twitter:card\" content=\"summary_large_image\" \/>\n<meta name=\"twitter:image\" content=\"https:\/\/abd.ong\/wp-content\/uploads\/2026\/04\/SALON-3-1-768x1024.jpg\" \/>\n<meta name=\"twitter:creator\" content=\"@abd_ong\" \/>\n<meta name=\"twitter:site\" content=\"@abd_ong\" \/>\n<meta name=\"twitter:label1\" content=\"Escrit per\" \/>\n\t<meta name=\"twitter:data1\" content=\"Francesc Balart\" \/>\n\t<meta name=\"twitter:label2\" content=\"Temps estimat de lectura\" \/>\n\t<meta name=\"twitter:data2\" content=\"4 minuts\" \/>\n<script type=\"application\/ld+json\" class=\"yoast-schema-graph\">{\"@context\":\"https:\\\/\\\/schema.org\",\"@graph\":[{\"@type\":\"Article\",\"@id\":\"https:\\\/\\\/abd.ong\\\/ca\\\/inclusio-i-pobresa\\\/abd-obre-un-nou-pis-per-a-persones-amb-vih-en-situacio-de-vulnerabilitat\\\/#article\",\"isPartOf\":{\"@id\":\"https:\\\/\\\/abd.ong\\\/ca\\\/inclusio-i-pobresa\\\/abd-obre-un-nou-pis-per-a-persones-amb-vih-en-situacio-de-vulnerabilitat\\\/\"},\"author\":{\"name\":\"Francesc Balart\",\"@id\":\"https:\\\/\\\/abd.ong\\\/ca\\\/#\\\/schema\\\/person\\\/6bb74ed13fc8bdf3a5382c66db14c9ee\"},\"headline\":\"ABD obre un nou pis per a persones amb VIH en situaci\u00f3 de vulnerabilitat\",\"datePublished\":\"2026-04-17T10:33:21+00:00\",\"dateModified\":\"2026-04-30T08:38:17+00:00\",\"mainEntityOfPage\":{\"@id\":\"https:\\\/\\\/abd.ong\\\/ca\\\/inclusio-i-pobresa\\\/abd-obre-un-nou-pis-per-a-persones-amb-vih-en-situacio-de-vulnerabilitat\\\/\"},\"wordCount\":477,\"publisher\":{\"@id\":\"https:\\\/\\\/abd.ong\\\/ca\\\/#organization\"},\"image\":{\"@id\":\"https:\\\/\\\/abd.ong\\\/ca\\\/inclusio-i-pobresa\\\/abd-obre-un-nou-pis-per-a-persones-amb-vih-en-situacio-de-vulnerabilitat\\\/#primaryimage\"},\"thumbnailUrl\":\"https:\\\/\\\/abd.ong\\\/wp-content\\\/uploads\\\/2026\\\/04\\\/SALON-3-1.jpg\",\"keywords\":[\"ABD\",\"Asociaci\u00f3n Bienestar y Desarrollo\",\"Associaci\u00f3 Benestar i Desenvolupament\"],\"articleSection\":[\"Desigualtat\",\"Inclusi\u00f3 i pobresa\"],\"inLanguage\":\"ca\"},{\"@type\":\"WebPage\",\"@id\":\"https:\\\/\\\/abd.ong\\\/ca\\\/inclusio-i-pobresa\\\/abd-obre-un-nou-pis-per-a-persones-amb-vih-en-situacio-de-vulnerabilitat\\\/\",\"url\":\"https:\\\/\\\/abd.ong\\\/ca\\\/inclusio-i-pobresa\\\/abd-obre-un-nou-pis-per-a-persones-amb-vih-en-situacio-de-vulnerabilitat\\\/\",\"name\":\"ABD obre un nou pis per a persones amb VIH en situaci\u00f3 de vulnerabilitat - ABD\",\"isPartOf\":{\"@id\":\"https:\\\/\\\/abd.ong\\\/ca\\\/#website\"},\"primaryImageOfPage\":{\"@id\":\"https:\\\/\\\/abd.ong\\\/ca\\\/inclusio-i-pobresa\\\/abd-obre-un-nou-pis-per-a-persones-amb-vih-en-situacio-de-vulnerabilitat\\\/#primaryimage\"},\"image\":{\"@id\":\"https:\\\/\\\/abd.ong\\\/ca\\\/inclusio-i-pobresa\\\/abd-obre-un-nou-pis-per-a-persones-amb-vih-en-situacio-de-vulnerabilitat\\\/#primaryimage\"},\"thumbnailUrl\":\"https:\\\/\\\/abd.ong\\\/wp-content\\\/uploads\\\/2026\\\/04\\\/SALON-3-1.jpg\",\"datePublished\":\"2026-04-17T10:33:21+00:00\",\"dateModified\":\"2026-04-30T08:38:17+00:00\",\"description\":\"Incorporem un nou recurs per avan\u00e7ar en el suport integral, l\u2019estabilitzaci\u00f3 de la salut i facilitar la inserci\u00f3 social de persones amb VIH que viuen en\",\"breadcrumb\":{\"@id\":\"https:\\\/\\\/abd.ong\\\/ca\\\/inclusio-i-pobresa\\\/abd-obre-un-nou-pis-per-a-persones-amb-vih-en-situacio-de-vulnerabilitat\\\/#breadcrumb\"},\"inLanguage\":\"ca\",\"potentialAction\":[{\"@type\":\"ReadAction\",\"target\":[\"https:\\\/\\\/abd.ong\\\/ca\\\/inclusio-i-pobresa\\\/abd-obre-un-nou-pis-per-a-persones-amb-vih-en-situacio-de-vulnerabilitat\\\/\"]}]},{\"@type\":\"ImageObject\",\"inLanguage\":\"ca\",\"@id\":\"https:\\\/\\\/abd.ong\\\/ca\\\/inclusio-i-pobresa\\\/abd-obre-un-nou-pis-per-a-persones-amb-vih-en-situacio-de-vulnerabilitat\\\/#primaryimage\",\"url\":\"https:\\\/\\\/abd.ong\\\/wp-content\\\/uploads\\\/2026\\\/04\\\/SALON-3-1.jpg\",\"contentUrl\":\"https:\\\/\\\/abd.ong\\\/wp-content\\\/uploads\\\/2026\\\/04\\\/SALON-3-1.jpg\",\"width\":1200,\"height\":1600},{\"@type\":\"BreadcrumbList\",\"@id\":\"https:\\\/\\\/abd.ong\\\/ca\\\/inclusio-i-pobresa\\\/abd-obre-un-nou-pis-per-a-persones-amb-vih-en-situacio-de-vulnerabilitat\\\/#breadcrumb\",\"itemListElement\":[{\"@type\":\"ListItem\",\"position\":1,\"name\":\"Inici\",\"item\":\"https:\\\/\\\/abd.ong\\\/ca\\\/\"},{\"@type\":\"ListItem\",\"position\":2,\"name\":\"ABD obre un nou pis per a persones amb VIH en situaci\u00f3 de vulnerabilitat\"}]},{\"@type\":\"WebSite\",\"@id\":\"https:\\\/\\\/abd.ong\\\/ca\\\/#website\",\"url\":\"https:\\\/\\\/abd.ong\\\/ca\\\/\",\"name\":\"ABD\",\"description\":\"Asociaci\u00f3n Bienestar y Desarrollo\",\"publisher\":{\"@id\":\"https:\\\/\\\/abd.ong\\\/ca\\\/#organization\"},\"potentialAction\":[{\"@type\":\"SearchAction\",\"target\":{\"@type\":\"EntryPoint\",\"urlTemplate\":\"https:\\\/\\\/abd.ong\\\/ca\\\/?s={search_term_string}\"},\"query-input\":{\"@type\":\"PropertyValueSpecification\",\"valueRequired\":true,\"valueName\":\"search_term_string\"}}],\"inLanguage\":\"ca\"},{\"@type\":\"Organization\",\"@id\":\"https:\\\/\\\/abd.ong\\\/ca\\\/#organization\",\"name\":\"Associaci\u00f3 Benestar i Desenvolupament\",\"alternateName\":\"ABD\",\"url\":\"https:\\\/\\\/abd.ong\\\/ca\\\/\",\"logo\":{\"@type\":\"ImageObject\",\"inLanguage\":\"ca\",\"@id\":\"https:\\\/\\\/abd.ong\\\/ca\\\/#\\\/schema\\\/logo\\\/image\\\/\",\"url\":\"https:\\\/\\\/abd.ong\\\/wp-content\\\/uploads\\\/2023\\\/01\\\/Icona.png\",\"contentUrl\":\"https:\\\/\\\/abd.ong\\\/wp-content\\\/uploads\\\/2023\\\/01\\\/Icona.png\",\"width\":190,\"height\":187,\"caption\":\"Associaci\u00f3 Benestar i Desenvolupament\"},\"image\":{\"@id\":\"https:\\\/\\\/abd.ong\\\/ca\\\/#\\\/schema\\\/logo\\\/image\\\/\"},\"sameAs\":[\"https:\\\/\\\/www.facebook.com\\\/abd.ong\",\"https:\\\/\\\/x.com\\\/abd_ong\",\"https:\\\/\\\/www.instagram.com\\\/abd_ong\\\/\",\"https:\\\/\\\/www.linkedin.com\\\/company\\\/abdong\",\"https:\\\/\\\/www.youtube.com\\\/user\\\/CANALABD\"]},{\"@type\":\"Person\",\"@id\":\"https:\\\/\\\/abd.ong\\\/ca\\\/#\\\/schema\\\/person\\\/6bb74ed13fc8bdf3a5382c66db14c9ee\",\"name\":\"Francesc Balart\"}]}<\/script>\n<!-- \/ Yoast SEO plugin. -->","yoast_head_json":{"title":"ABD obre un nou pis per a persones amb VIH en situaci\u00f3 de vulnerabilitat - ABD","description":"Incorporem un nou recurs per avan\u00e7ar en el suport integral, l\u2019estabilitzaci\u00f3 de la salut i facilitar la inserci\u00f3 social de persones amb VIH que viuen en","robots":{"index":"index","follow":"follow","max-snippet":"max-snippet:-1","max-image-preview":"max-image-preview:large","max-video-preview":"max-video-preview:-1"},"canonical":"https:\/\/abd.ong\/ca\/inclusio-i-pobresa\/abd-obre-un-nou-pis-per-a-persones-amb-vih-en-situacio-de-vulnerabilitat\/","og_locale":"ca_ES","og_type":"article","og_title":"ABD obre un nou pis per a persones amb VIH en situaci\u00f3 de vulnerabilitat - ABD","og_description":"Incorporem un nou recurs per avan\u00e7ar en el suport integral, l\u2019estabilitzaci\u00f3 de la salut i facilitar la inserci\u00f3 social de persones amb VIH que viuen en","og_url":"https:\/\/abd.ong\/ca\/inclusio-i-pobresa\/abd-obre-un-nou-pis-per-a-persones-amb-vih-en-situacio-de-vulnerabilitat\/","og_site_name":"ABD","article_publisher":"https:\/\/www.facebook.com\/abd.ong","article_published_time":"2026-04-17T10:33:21+00:00","article_modified_time":"2026-04-30T08:38:17+00:00","og_image":[{"url":"https:\/\/abd.ong\/wp-content\/uploads\/2026\/04\/SALON-3-1-225x300.jpg","type":"","width":"","height":""}],"author":"Francesc Balart","twitter_card":"summary_large_image","twitter_image":"https:\/\/abd.ong\/wp-content\/uploads\/2026\/04\/SALON-3-1-768x1024.jpg","twitter_creator":"@abd_ong","twitter_site":"@abd_ong","twitter_misc":{"Escrit per":"Francesc Balart","Temps estimat de lectura":"4 minuts"},"schema":{"@context":"https:\/\/schema.org","@graph":[{"@type":"Article","@id":"https:\/\/abd.ong\/ca\/inclusio-i-pobresa\/abd-obre-un-nou-pis-per-a-persones-amb-vih-en-situacio-de-vulnerabilitat\/#article","isPartOf":{"@id":"https:\/\/abd.ong\/ca\/inclusio-i-pobresa\/abd-obre-un-nou-pis-per-a-persones-amb-vih-en-situacio-de-vulnerabilitat\/"},"author":{"name":"Francesc Balart","@id":"https:\/\/abd.ong\/ca\/#\/schema\/person\/6bb74ed13fc8bdf3a5382c66db14c9ee"},"headline":"ABD obre un nou pis per a persones amb VIH en situaci\u00f3 de vulnerabilitat","datePublished":"2026-04-17T10:33:21+00:00","dateModified":"2026-04-30T08:38:17+00:00","mainEntityOfPage":{"@id":"https:\/\/abd.ong\/ca\/inclusio-i-pobresa\/abd-obre-un-nou-pis-per-a-persones-amb-vih-en-situacio-de-vulnerabilitat\/"},"wordCount":477,"publisher":{"@id":"https:\/\/abd.ong\/ca\/#organization"},"image":{"@id":"https:\/\/abd.ong\/ca\/inclusio-i-pobresa\/abd-obre-un-nou-pis-per-a-persones-amb-vih-en-situacio-de-vulnerabilitat\/#primaryimage"},"thumbnailUrl":"https:\/\/abd.ong\/wp-content\/uploads\/2026\/04\/SALON-3-1.jpg","keywords":["ABD","Asociaci\u00f3n Bienestar y Desarrollo","Associaci\u00f3 Benestar i Desenvolupament"],"articleSection":["Desigualtat","Inclusi\u00f3 i pobresa"],"inLanguage":"ca"},{"@type":"WebPage","@id":"https:\/\/abd.ong\/ca\/inclusio-i-pobresa\/abd-obre-un-nou-pis-per-a-persones-amb-vih-en-situacio-de-vulnerabilitat\/","url":"https:\/\/abd.ong\/ca\/inclusio-i-pobresa\/abd-obre-un-nou-pis-per-a-persones-amb-vih-en-situacio-de-vulnerabilitat\/","name":"ABD obre un nou pis per a persones amb VIH en situaci\u00f3 de vulnerabilitat - ABD","isPartOf":{"@id":"https:\/\/abd.ong\/ca\/#website"},"primaryImageOfPage":{"@id":"https:\/\/abd.ong\/ca\/inclusio-i-pobresa\/abd-obre-un-nou-pis-per-a-persones-amb-vih-en-situacio-de-vulnerabilitat\/#primaryimage"},"image":{"@id":"https:\/\/abd.ong\/ca\/inclusio-i-pobresa\/abd-obre-un-nou-pis-per-a-persones-amb-vih-en-situacio-de-vulnerabilitat\/#primaryimage"},"thumbnailUrl":"https:\/\/abd.ong\/wp-content\/uploads\/2026\/04\/SALON-3-1.jpg","datePublished":"2026-04-17T10:33:21+00:00","dateModified":"2026-04-30T08:38:17+00:00","description":"Incorporem un nou recurs per avan\u00e7ar en el suport integral, l\u2019estabilitzaci\u00f3 de la salut i facilitar la inserci\u00f3 social de persones amb VIH que viuen en","breadcrumb":{"@id":"https:\/\/abd.ong\/ca\/inclusio-i-pobresa\/abd-obre-un-nou-pis-per-a-persones-amb-vih-en-situacio-de-vulnerabilitat\/#breadcrumb"},"inLanguage":"ca","potentialAction":[{"@type":"ReadAction","target":["https:\/\/abd.ong\/ca\/inclusio-i-pobresa\/abd-obre-un-nou-pis-per-a-persones-amb-vih-en-situacio-de-vulnerabilitat\/"]}]},{"@type":"ImageObject","inLanguage":"ca","@id":"https:\/\/abd.ong\/ca\/inclusio-i-pobresa\/abd-obre-un-nou-pis-per-a-persones-amb-vih-en-situacio-de-vulnerabilitat\/#primaryimage","url":"https:\/\/abd.ong\/wp-content\/uploads\/2026\/04\/SALON-3-1.jpg","contentUrl":"https:\/\/abd.ong\/wp-content\/uploads\/2026\/04\/SALON-3-1.jpg","width":1200,"height":1600},{"@type":"BreadcrumbList","@id":"https:\/\/abd.ong\/ca\/inclusio-i-pobresa\/abd-obre-un-nou-pis-per-a-persones-amb-vih-en-situacio-de-vulnerabilitat\/#breadcrumb","itemListElement":[{"@type":"ListItem","position":1,"name":"Inici","item":"https:\/\/abd.ong\/ca\/"},{"@type":"ListItem","position":2,"name":"ABD obre un nou pis per a persones amb VIH en situaci\u00f3 de vulnerabilitat"}]},{"@type":"WebSite","@id":"https:\/\/abd.ong\/ca\/#website","url":"https:\/\/abd.ong\/ca\/","name":"ABD","description":"Asociaci\u00f3n Bienestar y Desarrollo","publisher":{"@id":"https:\/\/abd.ong\/ca\/#organization"},"potentialAction":[{"@type":"SearchAction","target":{"@type":"EntryPoint","urlTemplate":"https:\/\/abd.ong\/ca\/?s={search_term_string}"},"query-input":{"@type":"PropertyValueSpecification","valueRequired":true,"valueName":"search_term_string"}}],"inLanguage":"ca"},{"@type":"Organization","@id":"https:\/\/abd.ong\/ca\/#organization","name":"Associaci\u00f3 Benestar i Desenvolupament","alternateName":"ABD","url":"https:\/\/abd.ong\/ca\/","logo":{"@type":"ImageObject","inLanguage":"ca","@id":"https:\/\/abd.ong\/ca\/#\/schema\/logo\/image\/","url":"https:\/\/abd.ong\/wp-content\/uploads\/2023\/01\/Icona.png","contentUrl":"https:\/\/abd.ong\/wp-content\/uploads\/2023\/01\/Icona.png","width":190,"height":187,"caption":"Associaci\u00f3 Benestar i Desenvolupament"},"image":{"@id":"https:\/\/abd.ong\/ca\/#\/schema\/logo\/image\/"},"sameAs":["https:\/\/www.facebook.com\/abd.ong","https:\/\/x.com\/abd_ong","https:\/\/www.instagram.com\/abd_ong\/","https:\/\/www.linkedin.com\/company\/abdong","https:\/\/www.youtube.com\/user\/CANALABD"]},{"@type":"Person","@id":"https:\/\/abd.ong\/ca\/#\/schema\/person\/6bb74ed13fc8bdf3a5382c66db14c9ee","name":"Francesc Balart"}]}},"_links":{"self":[{"href":"https:\/\/abd.ong\/ca\/wp-json\/wp\/v2\/posts\/175689","targetHints":{"allow":["GET"]}}],"collection":[{"href":"https:\/\/abd.ong\/ca\/wp-json\/wp\/v2\/posts"}],"about":[{"href":"https:\/\/abd.ong\/ca\/wp-json\/wp\/v2\/types\/post"}],"author":[{"embeddable":true,"href":"https:\/\/abd.ong\/ca\/wp-json\/wp\/v2\/users\/12"}],"replies":[{"embeddable":true,"href":"https:\/\/abd.ong\/ca\/wp-json\/wp\/v2\/comments?post=175689"}],"version-history":[{"count":1,"href":"https:\/\/abd.ong\/ca\/wp-json\/wp\/v2\/posts\/175689\/revisions"}],"predecessor-version":[{"id":175693,"href":"https:\/\/abd.ong\/ca\/wp-json\/wp\/v2\/posts\/175689\/revisions\/175693"}],"wp:featuredmedia":[{"embeddable":true,"href":"https:\/\/abd.ong\/ca\/wp-json\/wp\/v2\/media\/175930"}],"wp:attachment":[{"href":"https:\/\/abd.ong\/ca\/wp-json\/wp\/v2\/media?parent=175689"}],"wp:term":[{"taxonomy":"category","embeddable":true,"href":"https:\/\/abd.ong\/ca\/wp-json\/wp\/v2\/categories?post=175689"},{"taxonomy":"post_tag","embeddable":true,"href":"https:\/\/abd.ong\/ca\/wp-json\/wp\/v2\/tags?post=175689"}],"curies":[{"name":"wp","href":"https:\/\/api.w.org\/{rel}","templated":true}]}}