{"id":175598,"date":"2026-04-28T10:26:22","date_gmt":"2026-04-28T08:26:22","guid":{"rendered":"https:\/\/abd.ong\/?p=175598"},"modified":"2026-04-30T10:41:17","modified_gmt":"2026-04-30T08:41:17","slug":"abd-impulsa-la-insercio-laboral-a-traves-del-programa-esal-amb-la-incorporacio-de-9-persones","status":"publish","type":"post","link":"https:\/\/abd.ong\/ca\/inclusio-i-pobresa\/abd-impulsa-la-insercio-laboral-a-traves-del-programa-esal-amb-la-incorporacio-de-9-persones\/","title":{"rendered":"ABD impulsa la inserci\u00f3 laboral a trav\u00e9s del programa ESAL amb la incorporaci\u00f3 de 9 persones"},"content":{"rendered":"\n<p><\/p>\n\n<h4 class=\"wp-block-heading\">El programa Jard\u00ed F\u00e8nix va acollir una jornada de benvinguda per fomentar la cohesi\u00f3 i l\u2019empoderament de les noves treballadores<\/h4>\n\n<div style=\"height:35px\" aria-hidden=\"true\" class=\"wp-block-spacer\"><\/div>\n\n<p>Un any m\u00e9s, el <strong>Grup ABD<\/strong> torna a contractar persones amb dificultats d&#8217;acc\u00e9s al mercat laboral a trav\u00e9s del <a href=\"https:\/\/serveiocupacio.gencat.cat\/es\/entitats\/subvencions-foment-ocupacio\/programa-treball-i-formacio-esal\/\" target=\"_blank\" rel=\"noopener\">programa ESAL de Treball i Formaci\u00f3<\/a>, subvencionat pel <a href=\"https:\/\/serveiocupacio.gencat.cat\/\" target=\"_blank\" rel=\"noopener\"><strong>Servei P\u00fablic d&#8217;Ocupaci\u00f3 de Catalunya (SOC)<\/strong><\/a> i pel <a href=\"https:\/\/www.fondoseuropeos.hacienda.gob.es\/sitios\/dgfc\/es-ES\/Paginas\/FSE.aspx\" target=\"_blank\" rel=\"noopener\"><strong>Fons Social Europeu<\/strong><\/a>. En aquesta ocasi\u00f3, <strong>9 persones han estat contractades pel per\u00edode d&#8217;un any<\/strong> i s&#8217;incorporen als equips de <a href=\"https:\/\/labotigaelprat.org\/\" target=\"_blank\" rel=\"noopener\"><strong>la Botiga del Prat<\/strong><\/a> i la de <strong>Sants<\/strong>, <a href=\"https:\/\/abd.ong\/ca\/programes\/comunitat-activa\/\" target=\"_blank\" rel=\"noopener\">Comunitat Activa<\/a>, aix\u00ed com les seus situades al carrer Independ\u00e8ncia i al carrer Quevedo.<\/p>\n\n<p>Per a fomentar la cohesi\u00f3 de grup i la potenciaci\u00f3 de xarxes de suport entre les persones contractades, es va organitzar una sessi\u00f3 d&#8217;acollida perqu\u00e8 es coneguin entre elles.<\/p>\n\n<p>La sessi\u00f3 d&#8217;acolliment va tenir lloc el 25 de mar\u00e7 de 2026 a l&#8217;espai <strong><a href=\"https:\/\/abd.ong\/ca\/programes\/projecte-fenix\/\" target=\"_blank\" rel=\"noopener\">Jard\u00ed F\u00e8nix<\/a><\/strong>. Aquesta trobada tamb\u00e9 va permetre a les participants con\u00e8ixer altres projectes que formen part de l&#8217;entitat, aix\u00ed com a professionals que treballen en ella. L&#8217;acollida va comen\u00e7ar amb din\u00e0miques de coneixement, com el joc del fil vermell, en el qual es va realitzar una breu explicaci\u00f3 del servei al qual cada participant estava adscrita i les funcions que desenvolupava; un joc per a endevinar les caracter\u00edstiques de cada persona mitjan\u00e7ant descripcions an\u00f2nimes; i un bingo de coneixement, en el qual les participants havien d&#8217;interactuar entre elles per a completar les caselles amb preguntes sobre diversos aspectes personals.<\/p>\n\n<div style=\"height:20px\" aria-hidden=\"true\" class=\"wp-block-spacer\"><\/div>\n\n<figure class=\"wp-block-gallery has-nested-images columns-default is-cropped wp-block-gallery-2 is-layout-flex wp-block-gallery-is-layout-flex\">\n<figure class=\"wp-block-image size-large\"><img fetchpriority=\"high\" decoding=\"async\" width=\"1024\" height=\"771\" data-id=\"175571\" src=\"https:\/\/abd.ong\/wp-content\/uploads\/2026\/04\/WhatsApp-Image-2026-03-27-at-14.31.59-1024x771.jpeg\" alt=\"\" class=\"wp-image-175571\" srcset=\"https:\/\/abd.ong\/wp-content\/uploads\/2026\/04\/WhatsApp-Image-2026-03-27-at-14.31.59-1024x771.jpeg 1024w, https:\/\/abd.ong\/wp-content\/uploads\/2026\/04\/WhatsApp-Image-2026-03-27-at-14.31.59-300x226.jpeg 300w, https:\/\/abd.ong\/wp-content\/uploads\/2026\/04\/WhatsApp-Image-2026-03-27-at-14.31.59-768x578.jpeg 768w, https:\/\/abd.ong\/wp-content\/uploads\/2026\/04\/WhatsApp-Image-2026-03-27-at-14.31.59-1536x1156.jpeg 1536w, https:\/\/abd.ong\/wp-content\/uploads\/2026\/04\/WhatsApp-Image-2026-03-27-at-14.31.59.jpeg 1600w\" sizes=\"(max-width: 1024px) 100vw, 1024px\" \/><\/figure>\n\n\n\n<figure class=\"wp-block-image size-large\"><img decoding=\"async\" width=\"1024\" height=\"771\" data-id=\"175572\" src=\"https:\/\/abd.ong\/wp-content\/uploads\/2026\/04\/WhatsApp-Image-2026-03-27-at-14.31.58-1024x771.jpeg\" alt=\"\" class=\"wp-image-175572\" srcset=\"https:\/\/abd.ong\/wp-content\/uploads\/2026\/04\/WhatsApp-Image-2026-03-27-at-14.31.58-1024x771.jpeg 1024w, https:\/\/abd.ong\/wp-content\/uploads\/2026\/04\/WhatsApp-Image-2026-03-27-at-14.31.58-300x226.jpeg 300w, https:\/\/abd.ong\/wp-content\/uploads\/2026\/04\/WhatsApp-Image-2026-03-27-at-14.31.58-768x578.jpeg 768w, https:\/\/abd.ong\/wp-content\/uploads\/2026\/04\/WhatsApp-Image-2026-03-27-at-14.31.58-1536x1156.jpeg 1536w, https:\/\/abd.ong\/wp-content\/uploads\/2026\/04\/WhatsApp-Image-2026-03-27-at-14.31.58.jpeg 1600w\" sizes=\"(max-width: 1024px) 100vw, 1024px\" \/><\/figure>\n\n\n\n<figure class=\"wp-block-image size-large\"><img decoding=\"async\" width=\"1024\" height=\"768\" data-id=\"175575\" src=\"https:\/\/abd.ong\/wp-content\/uploads\/2026\/04\/WhatsApp-Image-2026-03-27-at-14.22.06-4-1024x768.jpeg\" alt=\"\" class=\"wp-image-175575\" srcset=\"https:\/\/abd.ong\/wp-content\/uploads\/2026\/04\/WhatsApp-Image-2026-03-27-at-14.22.06-4-1024x768.jpeg 1024w, https:\/\/abd.ong\/wp-content\/uploads\/2026\/04\/WhatsApp-Image-2026-03-27-at-14.22.06-4-300x225.jpeg 300w, https:\/\/abd.ong\/wp-content\/uploads\/2026\/04\/WhatsApp-Image-2026-03-27-at-14.22.06-4-768x576.jpeg 768w, https:\/\/abd.ong\/wp-content\/uploads\/2026\/04\/WhatsApp-Image-2026-03-27-at-14.22.06-4-1536x1152.jpeg 1536w, https:\/\/abd.ong\/wp-content\/uploads\/2026\/04\/WhatsApp-Image-2026-03-27-at-14.22.06-4.jpeg 1600w\" sizes=\"(max-width: 1024px) 100vw, 1024px\" \/><\/figure>\n\n\n\n<figure class=\"wp-block-image size-large\"><img loading=\"lazy\" decoding=\"async\" width=\"1024\" height=\"768\" data-id=\"175574\" src=\"https:\/\/abd.ong\/wp-content\/uploads\/2026\/04\/WhatsApp-Image-2026-03-27-at-14.22.06-11-1024x768.jpeg\" alt=\"\" class=\"wp-image-175574\" srcset=\"https:\/\/abd.ong\/wp-content\/uploads\/2026\/04\/WhatsApp-Image-2026-03-27-at-14.22.06-11-1024x768.jpeg 1024w, https:\/\/abd.ong\/wp-content\/uploads\/2026\/04\/WhatsApp-Image-2026-03-27-at-14.22.06-11-300x225.jpeg 300w, https:\/\/abd.ong\/wp-content\/uploads\/2026\/04\/WhatsApp-Image-2026-03-27-at-14.22.06-11-768x576.jpeg 768w, https:\/\/abd.ong\/wp-content\/uploads\/2026\/04\/WhatsApp-Image-2026-03-27-at-14.22.06-11-1536x1152.jpeg 1536w, https:\/\/abd.ong\/wp-content\/uploads\/2026\/04\/WhatsApp-Image-2026-03-27-at-14.22.06-11.jpeg 1600w\" sizes=\"(max-width: 1024px) 100vw, 1024px\" \/><\/figure>\n\n\n\n<figure class=\"wp-block-image size-large\"><img loading=\"lazy\" decoding=\"async\" width=\"1024\" height=\"768\" data-id=\"175579\" src=\"https:\/\/abd.ong\/wp-content\/uploads\/2026\/04\/WhatsApp-Image-2026-03-27-at-14.22.05-1-1024x768.jpeg\" alt=\"\" class=\"wp-image-175579\" srcset=\"https:\/\/abd.ong\/wp-content\/uploads\/2026\/04\/WhatsApp-Image-2026-03-27-at-14.22.05-1-1024x768.jpeg 1024w, https:\/\/abd.ong\/wp-content\/uploads\/2026\/04\/WhatsApp-Image-2026-03-27-at-14.22.05-1-300x225.jpeg 300w, https:\/\/abd.ong\/wp-content\/uploads\/2026\/04\/WhatsApp-Image-2026-03-27-at-14.22.05-1-768x576.jpeg 768w, https:\/\/abd.ong\/wp-content\/uploads\/2026\/04\/WhatsApp-Image-2026-03-27-at-14.22.05-1-1536x1152.jpeg 1536w, https:\/\/abd.ong\/wp-content\/uploads\/2026\/04\/WhatsApp-Image-2026-03-27-at-14.22.05-1.jpeg 1600w\" sizes=\"(max-width: 1024px) 100vw, 1024px\" \/><\/figure>\n<\/figure>\n\n<div style=\"height:20px\" aria-hidden=\"true\" class=\"wp-block-spacer\"><\/div>\n\n<p>Aquestes din\u00e0miques van afavorir la interacci\u00f3 entre les participants i van facilitar que es coneguessin millor de manera l\u00fadica i divertida. A m\u00e9s, van crear un espai segur i de confian\u00e7a on es va poder compartir i con\u00e8ixer les traject\u00f2ries individuals de cada persona, promovent la socialitzaci\u00f3 i la creaci\u00f3 de vincles. A continuaci\u00f3, es va realitzar una presentaci\u00f3 del programa Jard\u00ed F\u00e8nix a c\u00e0rrec d\u2019en <strong>Edgar Pe\u00f1as<\/strong>. En un context marcat per l\u2019estigma i l\u2019exclusi\u00f3 social, aquesta iniciativa t\u00e9 com a objectiu no nom\u00e9s millorar les oportunitats laborals d\u2019aquest col\u00b7lectiu, sin\u00f3 tamb\u00e9 empoderar-les mitjan\u00e7ant l\u2019agricultura urbana.<\/p>\n\n<p>La part final de la sessi\u00f3 d&#8217;acollida es va dividir en dues parts: primer din\u00e0miques de cohesi\u00f3 de grup i despr\u00e9s una formaci\u00f3 introduct\u00f2ria en recursos humans.<\/p>\n\n<p>Quant a les din\u00e0miques de cohesi\u00f3 de grup, es va realitzar l&#8217;activitat de la \u201ccadira inversa\u201d, que va propiciar l&#8217;establiment d&#8217;estrat\u00e8gies col\u00b7lectives per a aconseguir un objectiu com\u00fa a trav\u00e9s del treball en equip.<\/p>\n\n<p>En la formaci\u00f3 de recursos humans es van introduir conceptes b\u00e0sics del m\u00f3n laboral i dels procediments interns de l&#8217;entitat, mitjan\u00e7ant din\u00e0miques dissenyades per a interioritzar i fomentar el proc\u00e9s d&#8217;aprenentatge. Aquestes din\u00e0miques van estar basades en metodologies did\u00e0ctiques pr\u00e0ctiques i en situacions reals, amb l&#8217;objectiu de potenciar l&#8217;apoderament dels participants en la presa de decisions laborals.<\/p>\n\n<div style=\"height:20px\" aria-hidden=\"true\" class=\"wp-block-spacer\"><\/div>\n\n<figure class=\"wp-block-gallery has-nested-images columns-default is-cropped wp-block-gallery-3 is-layout-flex wp-block-gallery-is-layout-flex\">\n<figure class=\"wp-block-image size-large\"><img loading=\"lazy\" decoding=\"async\" width=\"768\" height=\"1024\" data-id=\"175580\" src=\"https:\/\/abd.ong\/wp-content\/uploads\/2026\/04\/WhatsApp-Image-2026-03-27-at-14.22.05-768x1024.jpeg\" alt=\"\" class=\"wp-image-175580\" srcset=\"https:\/\/abd.ong\/wp-content\/uploads\/2026\/04\/WhatsApp-Image-2026-03-27-at-14.22.05-768x1024.jpeg 768w, https:\/\/abd.ong\/wp-content\/uploads\/2026\/04\/WhatsApp-Image-2026-03-27-at-14.22.05-225x300.jpeg 225w, https:\/\/abd.ong\/wp-content\/uploads\/2026\/04\/WhatsApp-Image-2026-03-27-at-14.22.05-1152x1536.jpeg 1152w, https:\/\/abd.ong\/wp-content\/uploads\/2026\/04\/WhatsApp-Image-2026-03-27-at-14.22.05.jpeg 1200w\" sizes=\"(max-width: 768px) 100vw, 768px\" \/><\/figure>\n\n\n\n<figure class=\"wp-block-image size-large\"><img loading=\"lazy\" decoding=\"async\" width=\"771\" height=\"1024\" data-id=\"175581\" src=\"https:\/\/abd.ong\/wp-content\/uploads\/2026\/04\/WhatsApp-Image-2026-03-27-at-14.32.06-771x1024.jpeg\" alt=\"\" class=\"wp-image-175581\" srcset=\"https:\/\/abd.ong\/wp-content\/uploads\/2026\/04\/WhatsApp-Image-2026-03-27-at-14.32.06-771x1024.jpeg 771w, https:\/\/abd.ong\/wp-content\/uploads\/2026\/04\/WhatsApp-Image-2026-03-27-at-14.32.06-226x300.jpeg 226w, https:\/\/abd.ong\/wp-content\/uploads\/2026\/04\/WhatsApp-Image-2026-03-27-at-14.32.06-768x1021.jpeg 768w, https:\/\/abd.ong\/wp-content\/uploads\/2026\/04\/WhatsApp-Image-2026-03-27-at-14.32.06-1156x1536.jpeg 1156w, https:\/\/abd.ong\/wp-content\/uploads\/2026\/04\/WhatsApp-Image-2026-03-27-at-14.32.06.jpeg 1204w\" sizes=\"(max-width: 771px) 100vw, 771px\" \/><\/figure>\n\n\n\n<figure class=\"wp-block-image size-large\"><img loading=\"lazy\" decoding=\"async\" width=\"771\" height=\"1024\" data-id=\"175584\" src=\"https:\/\/abd.ong\/wp-content\/uploads\/2026\/04\/WhatsApp-Image-2026-03-27-at-14.32.05-1-771x1024.jpeg\" alt=\"\" class=\"wp-image-175584\" srcset=\"https:\/\/abd.ong\/wp-content\/uploads\/2026\/04\/WhatsApp-Image-2026-03-27-at-14.32.05-1-771x1024.jpeg 771w, https:\/\/abd.ong\/wp-content\/uploads\/2026\/04\/WhatsApp-Image-2026-03-27-at-14.32.05-1-226x300.jpeg 226w, https:\/\/abd.ong\/wp-content\/uploads\/2026\/04\/WhatsApp-Image-2026-03-27-at-14.32.05-1-768x1020.jpeg 768w, https:\/\/abd.ong\/wp-content\/uploads\/2026\/04\/WhatsApp-Image-2026-03-27-at-14.32.05-1-1157x1536.jpeg 1157w, https:\/\/abd.ong\/wp-content\/uploads\/2026\/04\/WhatsApp-Image-2026-03-27-at-14.32.05-1.jpeg 1536w\" sizes=\"(max-width: 771px) 100vw, 771px\" \/><\/figure>\n\n\n\n<figure class=\"wp-block-image size-large\"><img loading=\"lazy\" decoding=\"async\" width=\"1024\" height=\"771\" data-id=\"175583\" src=\"https:\/\/abd.ong\/wp-content\/uploads\/2026\/04\/WhatsApp-Image-2026-03-27-at-14.31.59-1-1024x771.jpeg\" alt=\"\" class=\"wp-image-175583\" srcset=\"https:\/\/abd.ong\/wp-content\/uploads\/2026\/04\/WhatsApp-Image-2026-03-27-at-14.31.59-1-1024x771.jpeg 1024w, https:\/\/abd.ong\/wp-content\/uploads\/2026\/04\/WhatsApp-Image-2026-03-27-at-14.31.59-1-300x226.jpeg 300w, https:\/\/abd.ong\/wp-content\/uploads\/2026\/04\/WhatsApp-Image-2026-03-27-at-14.31.59-1-768x578.jpeg 768w, https:\/\/abd.ong\/wp-content\/uploads\/2026\/04\/WhatsApp-Image-2026-03-27-at-14.31.59-1-1536x1157.jpeg 1536w, https:\/\/abd.ong\/wp-content\/uploads\/2026\/04\/WhatsApp-Image-2026-03-27-at-14.31.59-1.jpeg 2040w\" sizes=\"(max-width: 1024px) 100vw, 1024px\" \/><\/figure>\n\n\n\n<figure class=\"wp-block-image size-large\"><img loading=\"lazy\" decoding=\"async\" width=\"1024\" height=\"768\" data-id=\"175577\" src=\"https:\/\/abd.ong\/wp-content\/uploads\/2026\/04\/WhatsApp-Image-2026-03-27-at-14.22.07-1-1024x768.jpeg\" alt=\"\" class=\"wp-image-175577\" srcset=\"https:\/\/abd.ong\/wp-content\/uploads\/2026\/04\/WhatsApp-Image-2026-03-27-at-14.22.07-1-1024x768.jpeg 1024w, https:\/\/abd.ong\/wp-content\/uploads\/2026\/04\/WhatsApp-Image-2026-03-27-at-14.22.07-1-300x225.jpeg 300w, https:\/\/abd.ong\/wp-content\/uploads\/2026\/04\/WhatsApp-Image-2026-03-27-at-14.22.07-1-768x576.jpeg 768w, https:\/\/abd.ong\/wp-content\/uploads\/2026\/04\/WhatsApp-Image-2026-03-27-at-14.22.07-1-1536x1152.jpeg 1536w, https:\/\/abd.ong\/wp-content\/uploads\/2026\/04\/WhatsApp-Image-2026-03-27-at-14.22.07-1.jpeg 1600w\" sizes=\"(max-width: 1024px) 100vw, 1024px\" \/><\/figure>\n<\/figure>\n\n<div style=\"height:28px\" aria-hidden=\"true\" class=\"wp-block-spacer\"><\/div>\n\n<p><strong>Programa ESAL<\/strong><\/p>\n\n<p>El <strong>programa ESAL<\/strong> subvenciona a entitats sense \u00e0nim de lucre per dur a terme projectes de millora de l\u2019ocupabilitat de les persones treballadores, especialment aquelles que tenen m\u00e9s dificultats d\u2019acc\u00e9s al mercat laboral, mitjan\u00e7ant actuacions de contractaci\u00f3 laboral, formaci\u00f3 i accions d\u2019acompanyament.<\/p>\n\n<p>La convocat\u00f2ria s\u2019adre\u00e7a a dones, persones que s\u2019identifiquen amb el col\u00b7lectiu trans, persones desocupades de llarga durada i persones migrades extracomunit\u00e0ries que estiguin en situaci\u00f3 d\u2019atur, inscrites al Servei P\u00fablic d\u2019Ocupaci\u00f3 de Catalunya com a demandants d\u2019ocupaci\u00f3 no ocupades, i que compleixin els altres requisits descrits a la convocat\u00f2ria.<\/p>\n\n<p>Est\u00e0 impulsat i subvencionat pel Servei P\u00fablic d\u2019Ocupaci\u00f3 de Catalunya (SOC), cofinan\u00e7at per la Uni\u00f3 Europea.<\/p>\n\n<div style=\"height:18px\" aria-hidden=\"true\" class=\"wp-block-spacer\"><\/div>\n\n<figure class=\"wp-block-image size-large\"><img loading=\"lazy\" decoding=\"async\" width=\"1024\" height=\"256\" src=\"https:\/\/abd.ong\/wp-content\/uploads\/2026\/04\/Banner-de-LinkedIn-Cabecera-Empresa-Tecnologia-Corporativo-Moderno-31-1024x256.png\" alt=\"\" class=\"wp-image-175585\" srcset=\"https:\/\/abd.ong\/wp-content\/uploads\/2026\/04\/Banner-de-LinkedIn-Cabecera-Empresa-Tecnologia-Corporativo-Moderno-31-1024x256.png 1024w, https:\/\/abd.ong\/wp-content\/uploads\/2026\/04\/Banner-de-LinkedIn-Cabecera-Empresa-Tecnologia-Corporativo-Moderno-31-300x75.png 300w, https:\/\/abd.ong\/wp-content\/uploads\/2026\/04\/Banner-de-LinkedIn-Cabecera-Empresa-Tecnologia-Corporativo-Moderno-31-768x192.png 768w, https:\/\/abd.ong\/wp-content\/uploads\/2026\/04\/Banner-de-LinkedIn-Cabecera-Empresa-Tecnologia-Corporativo-Moderno-31-1536x384.png 1536w, https:\/\/abd.ong\/wp-content\/uploads\/2026\/04\/Banner-de-LinkedIn-Cabecera-Empresa-Tecnologia-Corporativo-Moderno-31.png 1980w\" sizes=\"(max-width: 1024px) 100vw, 1024px\" \/><\/figure>\n\n<p><\/p>\n","protected":false},"excerpt":{"rendered":"<p>El programa Jard\u00ed F\u00e8nix va acollir una jornada de benvinguda per fomentar la cohesi\u00f3 i l\u2019empoderament de les noves treballadores Un any m\u00e9s, el Grup ABD torna a contractar persones&hellip;<\/p>\n","protected":false},"author":12,"featured_media":175939,"comment_status":"closed","ping_status":"closed","sticky":false,"template":"","format":"standard","meta":{"_acf_changed":false,"footnotes":""},"categories":[3195],"tags":[1897,3385,3084,3721,2349,2061,290,3085],"class_list":["post-175598","post","type-post","status-publish","format-standard","has-post-thumbnail","hentry","category-inclusio-i-pobresa","tag-abd-2-ca","tag-associacio-benestar-i-desenvolupament-ca-3","tag-esal-ca","tag-inclusio","tag-insercio-laboral-ca-2","tag-jardi-fenix","tag-ocupacio","tag-soc-ca"],"acf":[],"yoast_head":"<!-- This site is optimized with the Yoast SEO plugin v27.4 - https:\/\/yoast.com\/product\/yoast-seo-wordpress\/ -->\n<title>ABD impulsa la inserci\u00f3 laboral a trav\u00e9s del programa ESAL amb la incorporaci\u00f3 de 9 persones - ABD<\/title>\n<meta name=\"description\" content=\"El programa Jard\u00ed F\u00e8nix va acollir una jornada de benvinguda per fomentar la cohesi\u00f3 i l\u2019empoderament de les noves treballadores Un any m\u00e9s, el Grup ABD\" \/>\n<meta name=\"robots\" content=\"index, follow, max-snippet:-1, max-image-preview:large, max-video-preview:-1\" \/>\n<link rel=\"canonical\" href=\"https:\/\/abd.ong\/ca\/inclusio-i-pobresa\/abd-impulsa-la-insercio-laboral-a-traves-del-programa-esal-amb-la-incorporacio-de-9-persones\/\" \/>\n<meta property=\"og:locale\" content=\"ca_ES\" \/>\n<meta property=\"og:type\" content=\"article\" \/>\n<meta property=\"og:title\" content=\"ABD impulsa la inserci\u00f3 laboral a trav\u00e9s del programa ESAL amb la incorporaci\u00f3 de 9 persones - ABD\" \/>\n<meta property=\"og:description\" content=\"El programa Jard\u00ed F\u00e8nix va acollir una jornada de benvinguda per fomentar la cohesi\u00f3 i l\u2019empoderament de les noves treballadores Un any m\u00e9s, el Grup ABD\" \/>\n<meta property=\"og:url\" content=\"https:\/\/abd.ong\/ca\/inclusio-i-pobresa\/abd-impulsa-la-insercio-laboral-a-traves-del-programa-esal-amb-la-incorporacio-de-9-persones\/\" \/>\n<meta property=\"og:site_name\" content=\"ABD\" \/>\n<meta property=\"article:publisher\" content=\"https:\/\/www.facebook.com\/abd.ong\" \/>\n<meta property=\"article:published_time\" content=\"2026-04-28T08:26:22+00:00\" \/>\n<meta property=\"article:modified_time\" content=\"2026-04-30T08:41:17+00:00\" \/>\n<meta property=\"og:image\" content=\"https:\/\/abd.ong\/wp-content\/uploads\/2026\/04\/WhatsApp-Image-2026-03-27-at-14.22.07-1-1024x768.jpeg\" \/>\n<meta name=\"author\" content=\"Francesc Balart\" \/>\n<meta name=\"twitter:card\" content=\"summary_large_image\" \/>\n<meta name=\"twitter:image\" content=\"https:\/\/abd.ong\/wp-content\/uploads\/2026\/04\/WhatsApp-Image-2026-03-27-at-14.22.07-1-1024x768.jpeg\" \/>\n<meta name=\"twitter:creator\" content=\"@abd_ong\" \/>\n<meta name=\"twitter:site\" content=\"@abd_ong\" \/>\n<meta name=\"twitter:label1\" content=\"Escrit per\" \/>\n\t<meta name=\"twitter:data1\" content=\"Francesc Balart\" \/>\n\t<meta name=\"twitter:label2\" content=\"Temps estimat de lectura\" \/>\n\t<meta name=\"twitter:data2\" content=\"3 minuts\" \/>\n<script type=\"application\/ld+json\" class=\"yoast-schema-graph\">{\"@context\":\"https:\\\/\\\/schema.org\",\"@graph\":[{\"@type\":\"Article\",\"@id\":\"https:\\\/\\\/abd.ong\\\/ca\\\/inclusio-i-pobresa\\\/abd-impulsa-la-insercio-laboral-a-traves-del-programa-esal-amb-la-incorporacio-de-9-persones\\\/#article\",\"isPartOf\":{\"@id\":\"https:\\\/\\\/abd.ong\\\/ca\\\/inclusio-i-pobresa\\\/abd-impulsa-la-insercio-laboral-a-traves-del-programa-esal-amb-la-incorporacio-de-9-persones\\\/\"},\"author\":{\"name\":\"Francesc Balart\",\"@id\":\"https:\\\/\\\/abd.ong\\\/ca\\\/#\\\/schema\\\/person\\\/6bb74ed13fc8bdf3a5382c66db14c9ee\"},\"headline\":\"ABD impulsa la inserci\u00f3 laboral a trav\u00e9s del programa ESAL amb la incorporaci\u00f3 de 9 persones\",\"datePublished\":\"2026-04-28T08:26:22+00:00\",\"dateModified\":\"2026-04-30T08:41:17+00:00\",\"mainEntityOfPage\":{\"@id\":\"https:\\\/\\\/abd.ong\\\/ca\\\/inclusio-i-pobresa\\\/abd-impulsa-la-insercio-laboral-a-traves-del-programa-esal-amb-la-incorporacio-de-9-persones\\\/\"},\"wordCount\":661,\"publisher\":{\"@id\":\"https:\\\/\\\/abd.ong\\\/ca\\\/#organization\"},\"image\":{\"@id\":\"https:\\\/\\\/abd.ong\\\/ca\\\/inclusio-i-pobresa\\\/abd-impulsa-la-insercio-laboral-a-traves-del-programa-esal-amb-la-incorporacio-de-9-persones\\\/#primaryimage\"},\"thumbnailUrl\":\"https:\\\/\\\/abd.ong\\\/wp-content\\\/uploads\\\/2026\\\/04\\\/WhatsApp-Image-2026-03-27-at-14.22.07-1.jpeg\",\"keywords\":[\"ABD\",\"Associaci\u00f3 Benestar i Desenvolupament\",\"ESAL\",\"inclusi\u00f3\",\"inserci\u00f3 laboral\",\"Jard\u00ed F\u00e8nix\",\"ocupaci\u00f3\",\"SOC\"],\"articleSection\":[\"Inclusi\u00f3 i pobresa\"],\"inLanguage\":\"ca\"},{\"@type\":\"WebPage\",\"@id\":\"https:\\\/\\\/abd.ong\\\/ca\\\/inclusio-i-pobresa\\\/abd-impulsa-la-insercio-laboral-a-traves-del-programa-esal-amb-la-incorporacio-de-9-persones\\\/\",\"url\":\"https:\\\/\\\/abd.ong\\\/ca\\\/inclusio-i-pobresa\\\/abd-impulsa-la-insercio-laboral-a-traves-del-programa-esal-amb-la-incorporacio-de-9-persones\\\/\",\"name\":\"ABD impulsa la inserci\u00f3 laboral a trav\u00e9s del programa ESAL amb la incorporaci\u00f3 de 9 persones - ABD\",\"isPartOf\":{\"@id\":\"https:\\\/\\\/abd.ong\\\/ca\\\/#website\"},\"primaryImageOfPage\":{\"@id\":\"https:\\\/\\\/abd.ong\\\/ca\\\/inclusio-i-pobresa\\\/abd-impulsa-la-insercio-laboral-a-traves-del-programa-esal-amb-la-incorporacio-de-9-persones\\\/#primaryimage\"},\"image\":{\"@id\":\"https:\\\/\\\/abd.ong\\\/ca\\\/inclusio-i-pobresa\\\/abd-impulsa-la-insercio-laboral-a-traves-del-programa-esal-amb-la-incorporacio-de-9-persones\\\/#primaryimage\"},\"thumbnailUrl\":\"https:\\\/\\\/abd.ong\\\/wp-content\\\/uploads\\\/2026\\\/04\\\/WhatsApp-Image-2026-03-27-at-14.22.07-1.jpeg\",\"datePublished\":\"2026-04-28T08:26:22+00:00\",\"dateModified\":\"2026-04-30T08:41:17+00:00\",\"description\":\"El programa Jard\u00ed F\u00e8nix va acollir una jornada de benvinguda per fomentar la cohesi\u00f3 i l\u2019empoderament de les noves treballadores Un any m\u00e9s, el Grup ABD\",\"breadcrumb\":{\"@id\":\"https:\\\/\\\/abd.ong\\\/ca\\\/inclusio-i-pobresa\\\/abd-impulsa-la-insercio-laboral-a-traves-del-programa-esal-amb-la-incorporacio-de-9-persones\\\/#breadcrumb\"},\"inLanguage\":\"ca\",\"potentialAction\":[{\"@type\":\"ReadAction\",\"target\":[\"https:\\\/\\\/abd.ong\\\/ca\\\/inclusio-i-pobresa\\\/abd-impulsa-la-insercio-laboral-a-traves-del-programa-esal-amb-la-incorporacio-de-9-persones\\\/\"]}]},{\"@type\":\"ImageObject\",\"inLanguage\":\"ca\",\"@id\":\"https:\\\/\\\/abd.ong\\\/ca\\\/inclusio-i-pobresa\\\/abd-impulsa-la-insercio-laboral-a-traves-del-programa-esal-amb-la-incorporacio-de-9-persones\\\/#primaryimage\",\"url\":\"https:\\\/\\\/abd.ong\\\/wp-content\\\/uploads\\\/2026\\\/04\\\/WhatsApp-Image-2026-03-27-at-14.22.07-1.jpeg\",\"contentUrl\":\"https:\\\/\\\/abd.ong\\\/wp-content\\\/uploads\\\/2026\\\/04\\\/WhatsApp-Image-2026-03-27-at-14.22.07-1.jpeg\",\"width\":1600,\"height\":1200},{\"@type\":\"BreadcrumbList\",\"@id\":\"https:\\\/\\\/abd.ong\\\/ca\\\/inclusio-i-pobresa\\\/abd-impulsa-la-insercio-laboral-a-traves-del-programa-esal-amb-la-incorporacio-de-9-persones\\\/#breadcrumb\",\"itemListElement\":[{\"@type\":\"ListItem\",\"position\":1,\"name\":\"Inici\",\"item\":\"https:\\\/\\\/abd.ong\\\/ca\\\/\"},{\"@type\":\"ListItem\",\"position\":2,\"name\":\"ABD impulsa la inserci\u00f3 laboral a trav\u00e9s del programa ESAL amb la incorporaci\u00f3 de 9 persones\"}]},{\"@type\":\"WebSite\",\"@id\":\"https:\\\/\\\/abd.ong\\\/ca\\\/#website\",\"url\":\"https:\\\/\\\/abd.ong\\\/ca\\\/\",\"name\":\"ABD\",\"description\":\"Asociaci\u00f3n Bienestar y Desarrollo\",\"publisher\":{\"@id\":\"https:\\\/\\\/abd.ong\\\/ca\\\/#organization\"},\"potentialAction\":[{\"@type\":\"SearchAction\",\"target\":{\"@type\":\"EntryPoint\",\"urlTemplate\":\"https:\\\/\\\/abd.ong\\\/ca\\\/?s={search_term_string}\"},\"query-input\":{\"@type\":\"PropertyValueSpecification\",\"valueRequired\":true,\"valueName\":\"search_term_string\"}}],\"inLanguage\":\"ca\"},{\"@type\":\"Organization\",\"@id\":\"https:\\\/\\\/abd.ong\\\/ca\\\/#organization\",\"name\":\"Associaci\u00f3 Benestar i Desenvolupament\",\"alternateName\":\"ABD\",\"url\":\"https:\\\/\\\/abd.ong\\\/ca\\\/\",\"logo\":{\"@type\":\"ImageObject\",\"inLanguage\":\"ca\",\"@id\":\"https:\\\/\\\/abd.ong\\\/ca\\\/#\\\/schema\\\/logo\\\/image\\\/\",\"url\":\"https:\\\/\\\/abd.ong\\\/wp-content\\\/uploads\\\/2023\\\/01\\\/Icona.png\",\"contentUrl\":\"https:\\\/\\\/abd.ong\\\/wp-content\\\/uploads\\\/2023\\\/01\\\/Icona.png\",\"width\":190,\"height\":187,\"caption\":\"Associaci\u00f3 Benestar i Desenvolupament\"},\"image\":{\"@id\":\"https:\\\/\\\/abd.ong\\\/ca\\\/#\\\/schema\\\/logo\\\/image\\\/\"},\"sameAs\":[\"https:\\\/\\\/www.facebook.com\\\/abd.ong\",\"https:\\\/\\\/x.com\\\/abd_ong\",\"https:\\\/\\\/www.instagram.com\\\/abd_ong\\\/\",\"https:\\\/\\\/www.linkedin.com\\\/company\\\/abdong\",\"https:\\\/\\\/www.youtube.com\\\/user\\\/CANALABD\"]},{\"@type\":\"Person\",\"@id\":\"https:\\\/\\\/abd.ong\\\/ca\\\/#\\\/schema\\\/person\\\/6bb74ed13fc8bdf3a5382c66db14c9ee\",\"name\":\"Francesc Balart\"}]}<\/script>\n<!-- \/ Yoast SEO plugin. -->","yoast_head_json":{"title":"ABD impulsa la inserci\u00f3 laboral a trav\u00e9s del programa ESAL amb la incorporaci\u00f3 de 9 persones - ABD","description":"El programa Jard\u00ed F\u00e8nix va acollir una jornada de benvinguda per fomentar la cohesi\u00f3 i l\u2019empoderament de les noves treballadores Un any m\u00e9s, el Grup ABD","robots":{"index":"index","follow":"follow","max-snippet":"max-snippet:-1","max-image-preview":"max-image-preview:large","max-video-preview":"max-video-preview:-1"},"canonical":"https:\/\/abd.ong\/ca\/inclusio-i-pobresa\/abd-impulsa-la-insercio-laboral-a-traves-del-programa-esal-amb-la-incorporacio-de-9-persones\/","og_locale":"ca_ES","og_type":"article","og_title":"ABD impulsa la inserci\u00f3 laboral a trav\u00e9s del programa ESAL amb la incorporaci\u00f3 de 9 persones - ABD","og_description":"El programa Jard\u00ed F\u00e8nix va acollir una jornada de benvinguda per fomentar la cohesi\u00f3 i l\u2019empoderament de les noves treballadores Un any m\u00e9s, el Grup ABD","og_url":"https:\/\/abd.ong\/ca\/inclusio-i-pobresa\/abd-impulsa-la-insercio-laboral-a-traves-del-programa-esal-amb-la-incorporacio-de-9-persones\/","og_site_name":"ABD","article_publisher":"https:\/\/www.facebook.com\/abd.ong","article_published_time":"2026-04-28T08:26:22+00:00","article_modified_time":"2026-04-30T08:41:17+00:00","og_image":[{"url":"https:\/\/abd.ong\/wp-content\/uploads\/2026\/04\/WhatsApp-Image-2026-03-27-at-14.22.07-1-1024x768.jpeg","type":"","width":"","height":""}],"author":"Francesc Balart","twitter_card":"summary_large_image","twitter_image":"https:\/\/abd.ong\/wp-content\/uploads\/2026\/04\/WhatsApp-Image-2026-03-27-at-14.22.07-1-1024x768.jpeg","twitter_creator":"@abd_ong","twitter_site":"@abd_ong","twitter_misc":{"Escrit per":"Francesc Balart","Temps estimat de lectura":"3 minuts"},"schema":{"@context":"https:\/\/schema.org","@graph":[{"@type":"Article","@id":"https:\/\/abd.ong\/ca\/inclusio-i-pobresa\/abd-impulsa-la-insercio-laboral-a-traves-del-programa-esal-amb-la-incorporacio-de-9-persones\/#article","isPartOf":{"@id":"https:\/\/abd.ong\/ca\/inclusio-i-pobresa\/abd-impulsa-la-insercio-laboral-a-traves-del-programa-esal-amb-la-incorporacio-de-9-persones\/"},"author":{"name":"Francesc Balart","@id":"https:\/\/abd.ong\/ca\/#\/schema\/person\/6bb74ed13fc8bdf3a5382c66db14c9ee"},"headline":"ABD impulsa la inserci\u00f3 laboral a trav\u00e9s del programa ESAL amb la incorporaci\u00f3 de 9 persones","datePublished":"2026-04-28T08:26:22+00:00","dateModified":"2026-04-30T08:41:17+00:00","mainEntityOfPage":{"@id":"https:\/\/abd.ong\/ca\/inclusio-i-pobresa\/abd-impulsa-la-insercio-laboral-a-traves-del-programa-esal-amb-la-incorporacio-de-9-persones\/"},"wordCount":661,"publisher":{"@id":"https:\/\/abd.ong\/ca\/#organization"},"image":{"@id":"https:\/\/abd.ong\/ca\/inclusio-i-pobresa\/abd-impulsa-la-insercio-laboral-a-traves-del-programa-esal-amb-la-incorporacio-de-9-persones\/#primaryimage"},"thumbnailUrl":"https:\/\/abd.ong\/wp-content\/uploads\/2026\/04\/WhatsApp-Image-2026-03-27-at-14.22.07-1.jpeg","keywords":["ABD","Associaci\u00f3 Benestar i Desenvolupament","ESAL","inclusi\u00f3","inserci\u00f3 laboral","Jard\u00ed F\u00e8nix","ocupaci\u00f3","SOC"],"articleSection":["Inclusi\u00f3 i pobresa"],"inLanguage":"ca"},{"@type":"WebPage","@id":"https:\/\/abd.ong\/ca\/inclusio-i-pobresa\/abd-impulsa-la-insercio-laboral-a-traves-del-programa-esal-amb-la-incorporacio-de-9-persones\/","url":"https:\/\/abd.ong\/ca\/inclusio-i-pobresa\/abd-impulsa-la-insercio-laboral-a-traves-del-programa-esal-amb-la-incorporacio-de-9-persones\/","name":"ABD impulsa la inserci\u00f3 laboral a trav\u00e9s del programa ESAL amb la incorporaci\u00f3 de 9 persones - ABD","isPartOf":{"@id":"https:\/\/abd.ong\/ca\/#website"},"primaryImageOfPage":{"@id":"https:\/\/abd.ong\/ca\/inclusio-i-pobresa\/abd-impulsa-la-insercio-laboral-a-traves-del-programa-esal-amb-la-incorporacio-de-9-persones\/#primaryimage"},"image":{"@id":"https:\/\/abd.ong\/ca\/inclusio-i-pobresa\/abd-impulsa-la-insercio-laboral-a-traves-del-programa-esal-amb-la-incorporacio-de-9-persones\/#primaryimage"},"thumbnailUrl":"https:\/\/abd.ong\/wp-content\/uploads\/2026\/04\/WhatsApp-Image-2026-03-27-at-14.22.07-1.jpeg","datePublished":"2026-04-28T08:26:22+00:00","dateModified":"2026-04-30T08:41:17+00:00","description":"El programa Jard\u00ed F\u00e8nix va acollir una jornada de benvinguda per fomentar la cohesi\u00f3 i l\u2019empoderament de les noves treballadores Un any m\u00e9s, el Grup ABD","breadcrumb":{"@id":"https:\/\/abd.ong\/ca\/inclusio-i-pobresa\/abd-impulsa-la-insercio-laboral-a-traves-del-programa-esal-amb-la-incorporacio-de-9-persones\/#breadcrumb"},"inLanguage":"ca","potentialAction":[{"@type":"ReadAction","target":["https:\/\/abd.ong\/ca\/inclusio-i-pobresa\/abd-impulsa-la-insercio-laboral-a-traves-del-programa-esal-amb-la-incorporacio-de-9-persones\/"]}]},{"@type":"ImageObject","inLanguage":"ca","@id":"https:\/\/abd.ong\/ca\/inclusio-i-pobresa\/abd-impulsa-la-insercio-laboral-a-traves-del-programa-esal-amb-la-incorporacio-de-9-persones\/#primaryimage","url":"https:\/\/abd.ong\/wp-content\/uploads\/2026\/04\/WhatsApp-Image-2026-03-27-at-14.22.07-1.jpeg","contentUrl":"https:\/\/abd.ong\/wp-content\/uploads\/2026\/04\/WhatsApp-Image-2026-03-27-at-14.22.07-1.jpeg","width":1600,"height":1200},{"@type":"BreadcrumbList","@id":"https:\/\/abd.ong\/ca\/inclusio-i-pobresa\/abd-impulsa-la-insercio-laboral-a-traves-del-programa-esal-amb-la-incorporacio-de-9-persones\/#breadcrumb","itemListElement":[{"@type":"ListItem","position":1,"name":"Inici","item":"https:\/\/abd.ong\/ca\/"},{"@type":"ListItem","position":2,"name":"ABD impulsa la inserci\u00f3 laboral a trav\u00e9s del programa ESAL amb la incorporaci\u00f3 de 9 persones"}]},{"@type":"WebSite","@id":"https:\/\/abd.ong\/ca\/#website","url":"https:\/\/abd.ong\/ca\/","name":"ABD","description":"Asociaci\u00f3n Bienestar y Desarrollo","publisher":{"@id":"https:\/\/abd.ong\/ca\/#organization"},"potentialAction":[{"@type":"SearchAction","target":{"@type":"EntryPoint","urlTemplate":"https:\/\/abd.ong\/ca\/?s={search_term_string}"},"query-input":{"@type":"PropertyValueSpecification","valueRequired":true,"valueName":"search_term_string"}}],"inLanguage":"ca"},{"@type":"Organization","@id":"https:\/\/abd.ong\/ca\/#organization","name":"Associaci\u00f3 Benestar i Desenvolupament","alternateName":"ABD","url":"https:\/\/abd.ong\/ca\/","logo":{"@type":"ImageObject","inLanguage":"ca","@id":"https:\/\/abd.ong\/ca\/#\/schema\/logo\/image\/","url":"https:\/\/abd.ong\/wp-content\/uploads\/2023\/01\/Icona.png","contentUrl":"https:\/\/abd.ong\/wp-content\/uploads\/2023\/01\/Icona.png","width":190,"height":187,"caption":"Associaci\u00f3 Benestar i Desenvolupament"},"image":{"@id":"https:\/\/abd.ong\/ca\/#\/schema\/logo\/image\/"},"sameAs":["https:\/\/www.facebook.com\/abd.ong","https:\/\/x.com\/abd_ong","https:\/\/www.instagram.com\/abd_ong\/","https:\/\/www.linkedin.com\/company\/abdong","https:\/\/www.youtube.com\/user\/CANALABD"]},{"@type":"Person","@id":"https:\/\/abd.ong\/ca\/#\/schema\/person\/6bb74ed13fc8bdf3a5382c66db14c9ee","name":"Francesc Balart"}]}},"_links":{"self":[{"href":"https:\/\/abd.ong\/ca\/wp-json\/wp\/v2\/posts\/175598","targetHints":{"allow":["GET"]}}],"collection":[{"href":"https:\/\/abd.ong\/ca\/wp-json\/wp\/v2\/posts"}],"about":[{"href":"https:\/\/abd.ong\/ca\/wp-json\/wp\/v2\/types\/post"}],"author":[{"embeddable":true,"href":"https:\/\/abd.ong\/ca\/wp-json\/wp\/v2\/users\/12"}],"replies":[{"embeddable":true,"href":"https:\/\/abd.ong\/ca\/wp-json\/wp\/v2\/comments?post=175598"}],"version-history":[{"count":3,"href":"https:\/\/abd.ong\/ca\/wp-json\/wp\/v2\/posts\/175598\/revisions"}],"predecessor-version":[{"id":175864,"href":"https:\/\/abd.ong\/ca\/wp-json\/wp\/v2\/posts\/175598\/revisions\/175864"}],"wp:featuredmedia":[{"embeddable":true,"href":"https:\/\/abd.ong\/ca\/wp-json\/wp\/v2\/media\/175939"}],"wp:attachment":[{"href":"https:\/\/abd.ong\/ca\/wp-json\/wp\/v2\/media?parent=175598"}],"wp:term":[{"taxonomy":"category","embeddable":true,"href":"https:\/\/abd.ong\/ca\/wp-json\/wp\/v2\/categories?post=175598"},{"taxonomy":"post_tag","embeddable":true,"href":"https:\/\/abd.ong\/ca\/wp-json\/wp\/v2\/tags?post=175598"}],"curies":[{"name":"wp","href":"https:\/\/api.w.org\/{rel}","templated":true}]}}