{"id":173950,"date":"2026-01-29T11:35:35","date_gmt":"2026-01-29T10:35:35","guid":{"rendered":"https:\/\/abd.ong\/?p=173950"},"modified":"2026-01-29T11:43:47","modified_gmt":"2026-01-29T10:43:47","slug":"abd-als-mitjans-de-comunicacio-al-gener-7","status":"publish","type":"post","link":"https:\/\/abd.ong\/ca\/general-ca\/abd-als-mitjans-de-comunicacio-al-gener-7\/","title":{"rendered":"ABD als mitjans de comunicaci\u00f3 al gener"},"content":{"rendered":"\n<p>El <strong><a href=\"https:\/\/abd.ong\/ca\/\" target=\"_blank\" rel=\"noreferrer noopener\">Grup\u00a0ABD<\/a><\/strong>\u00a0ha estat present en els mitjans de comunicaci\u00f3 durant aquest mes de gener. A continuaci\u00f3, el resum de premsa de les not\u00edcies, articles i reportatges en els quals hem participat com a organitzaci\u00f3.<\/p>\n\n\n\n<div style=\"height:100px\" aria-hidden=\"true\" class=\"wp-block-spacer\"><\/div>\n\n\n\n<p><strong><strong><strong><strong>08\/01\/2026 &#8211; 3catinfo<\/strong><\/strong><\/strong><\/strong><\/p>\n\n\n\n<p>El <strong><a href=\"https:\/\/www.3cat.cat\/3catinfo\/un-exemple-pioner-en-gestio-de-pisos-socials-el-bloc-sant-eloi-dhabitat3\/noticia\/3388179\/\" target=\"_blank\" rel=\"noreferrer noopener\">bloque de Sant Eloi<\/a><\/strong>, en la <em>Zona Franca de Barcelona<\/em>, es un ejemplo pionero de gesti\u00f3n de vivienda social en Catalu\u00f1a: hace diez a\u00f1os, la <strong><a href=\"https:\/\/agenciahabitatge.gencat.cat\/ca\" target=\"_blank\" rel=\"noreferrer noopener\">Agencia Catalana de la Vivienda<\/a><\/strong> cedi\u00f3 su gesti\u00f3n a la Fundaci\u00f3n H\u00e0bitat3. Actualmente, los 32 pisos del bloque acogen a personas en riesgo de exclusi\u00f3n social, con el apoyo de diversas entidades del tercer sector, como el Grupo ABD, que ofrecen acompa\u00f1amiento social para favorecer la autonom\u00eda y la estabilizaci\u00f3n vital, reforzando as\u00ed el compromiso con el derecho a la vivienda y la inclusi\u00f3n social.<\/p>\n\n\n\n<p><a href=\"https:\/\/www.3cat.cat\/3cat\/el-bloc-sant-eloi-de-la-fundacio-habitat3-un-pioner-en-la-cessio-dhabitatges-al-tercer-sector\/video\/6379437\/\" target=\"_blank\" rel=\"noreferrer noopener\">Crisis de la vivienda: Un bloque pionero en la cesi\u00f3n de pisos al tercer sector<\/a><\/p>\n\n\n\n<figure class=\"wp-block-image size-full\"><img fetchpriority=\"high\" decoding=\"async\" width=\"1200\" height=\"628\" src=\"https:\/\/abd.ong\/wp-content\/uploads\/2026\/01\/1767867144768-1.webp\" alt=\"\" class=\"wp-image-173965\" srcset=\"https:\/\/abd.ong\/wp-content\/uploads\/2026\/01\/1767867144768-1.webp 1200w, https:\/\/abd.ong\/wp-content\/uploads\/2026\/01\/1767867144768-1-300x157.webp 300w, https:\/\/abd.ong\/wp-content\/uploads\/2026\/01\/1767867144768-1-1024x536.webp 1024w, https:\/\/abd.ong\/wp-content\/uploads\/2026\/01\/1767867144768-1-768x402.webp 768w\" sizes=\"(max-width: 1200px) 100vw, 1200px\" \/><\/figure>\n\n\n\n<div style=\"height:40px\" aria-hidden=\"true\" class=\"wp-block-spacer\"><\/div>\n\n\n\n<p><strong><strong><strong><strong>12\/01\/2026 &#8211; EFE Salud<\/strong><\/strong><\/strong><\/strong><\/p>\n\n\n\n<p>El programa <strong><a href=\"https:\/\/energycontrol.org\/\" target=\"_blank\" rel=\"noreferrer noopener\">Energy Control<\/a><\/strong>, impulsat pel <strong>Grup ABD<\/strong>, ha estat protagonista al diari <strong><a href=\"https:\/\/efesalud.com\/\" target=\"_blank\" rel=\"noreferrer noopener\">EFE Salut<\/a><\/strong> per la seva tasca pionera en la reducci\u00f3 de riscos associats al consum recreatiu de drogues. Amb gaireb\u00e9 tres d\u00e8cades de traject\u00f2ria, el projecte ofereix informaci\u00f3 rigorosa i lliure de tab\u00fas en contextos d\u2019oci nocturn com festivals i discoteques, partint de la premissa que el risc zero no existeix. A l\u2019article, <strong>Claudio Vidal<\/strong>, director estatal d\u2019Energy Control, destaca la import\u00e0ncia d\u2019apropar-se als espais on es produeix el consum per oferir assessorament, an\u00e0lisi de subst\u00e0ncies i acompanyament sense judicis ni sancions, consolidant el programa com un referent en salut p\u00fablica i reducci\u00f3 de danys a l\u2019Estat.<\/p>\n\n\n\n<p><a href=\"https:\/\/www.3cat.cat\/3catinfo\/torna-la-ketamina-lanestesic-danimals-popular-als-90-ha-estat-la-meva-substancia-final\/noticia\/3384948\/\" target=\"_blank\" rel=\"noreferrer noopener\">Torna la ketamina, l\u2019anest\u00e8sic per a animals popular als anys 90: \u00abha estat la meva subst\u00e0ncia final\u00bb<\/a><\/p>\n\n\n\n<figure class=\"wp-block-image size-full\"><img decoding=\"async\" width=\"1024\" height=\"576\" src=\"https:\/\/abd.ong\/wp-content\/uploads\/2026\/01\/caludio-vidal-1024x576-2.webp\" alt=\"\" class=\"wp-image-173966\" srcset=\"https:\/\/abd.ong\/wp-content\/uploads\/2026\/01\/caludio-vidal-1024x576-2.webp 1024w, https:\/\/abd.ong\/wp-content\/uploads\/2026\/01\/caludio-vidal-1024x576-2-300x169.webp 300w, https:\/\/abd.ong\/wp-content\/uploads\/2026\/01\/caludio-vidal-1024x576-2-768x432.webp 768w\" sizes=\"(max-width: 1024px) 100vw, 1024px\" \/><\/figure>\n\n\n\n<div style=\"height:40px\" aria-hidden=\"true\" class=\"wp-block-spacer\"><\/div>\n\n\n\n<p><strong><strong><strong><strong>15\/12\/2026 &#8211; <strong>lamarea<\/strong><\/strong><\/strong><\/strong><\/strong><\/p>\n\n\n\n<p>\u00c9s not\u00edcia el <strong><a href=\"https:\/\/abd.ong\/ca\/programes\/cri-galena\/\" target=\"_blank\" rel=\"noreferrer noopener\">Centre Residencial Integral La Galena<\/a><\/strong>, gestionat pel <strong>Grup ABD<\/strong>, un projecte pioner a nivell europeu que integra sales de consum supervisat dins d\u2019un recurs residencial. El reportatge posa en valor els projectes de reducci\u00f3 de danys que situen la salut, la dignitat i els drets de les persones al centre de la intervenci\u00f3.<\/p>\n\n\n\n<p><a href=\"https:\/\/www.lamarea.com\/2026\/01\/09\/reducir-el-dano-sostener-la-vida\/\" target=\"_blank\" rel=\"noreferrer noopener\">Reduir el dany, sostenir la vida<\/a><\/p>\n\n\n\n<figure class=\"wp-block-image size-large\"><img decoding=\"async\" width=\"1024\" height=\"683\" src=\"https:\/\/abd.ong\/wp-content\/uploads\/2026\/01\/WEB-7J1A6450-1120x747-1-1-1024x683.webp\" alt=\"\" class=\"wp-image-173967\" srcset=\"https:\/\/abd.ong\/wp-content\/uploads\/2026\/01\/WEB-7J1A6450-1120x747-1-1-1024x683.webp 1024w, https:\/\/abd.ong\/wp-content\/uploads\/2026\/01\/WEB-7J1A6450-1120x747-1-1-300x200.webp 300w, https:\/\/abd.ong\/wp-content\/uploads\/2026\/01\/WEB-7J1A6450-1120x747-1-1-768x512.webp 768w, https:\/\/abd.ong\/wp-content\/uploads\/2026\/01\/WEB-7J1A6450-1120x747-1-1-600x400.webp 600w, https:\/\/abd.ong\/wp-content\/uploads\/2026\/01\/WEB-7J1A6450-1120x747-1-1.webp 1120w\" sizes=\"(max-width: 1024px) 100vw, 1024px\" \/><\/figure>\n\n\n\n<div style=\"height:40px\" aria-hidden=\"true\" class=\"wp-block-spacer\"><\/div>\n\n\n\n<p><strong><strong><strong><strong>16\/12\/2026 &#8211; Cuidate+<\/strong><\/strong><\/strong><\/strong><\/p>\n\n\n\n<p><strong><a href=\"https:\/\/energycontrol.org\/\" target=\"_blank\" rel=\"noreferrer noopener\">Energy Control<\/a><\/strong>, el programa de reducci\u00f3 de riscos del <strong>Grup ABD<\/strong>, alerta sobre els riscos associats al consum de <strong><em>catinones sint\u00e8tiques<\/em><\/strong>, unes noves subst\u00e0ncies psicoactives amb efectes estimulants variables i potencialment perillosos per a la salut. El programa destaca la import\u00e0ncia d\u2019oferir informaci\u00f3 rigorosa i eines de reducci\u00f3 de danys per afavorir decisions informades des d\u2019un enfocament de salut p\u00fablica centrat en la prevenci\u00f3 i el benestar.<\/p>\n\n\n\n<p><a href=\"https:\/\/cuidateplus.marca.com\/bienestar\/2026\/01\/15\/catinonas-sinteticas-efectos-son-riesgos-184511.html\" target=\"_blank\" rel=\"noreferrer noopener\">Catinones sint\u00e8tiques: efectes i riscos<\/a><\/p>\n\n\n\n<figure class=\"wp-block-image size-full\"><img loading=\"lazy\" decoding=\"async\" width=\"1200\" height=\"675\" src=\"https:\/\/abd.ong\/wp-content\/uploads\/2026\/01\/catinonas-salesbano.jpg-1.webp\" alt=\"\" class=\"wp-image-173968\" srcset=\"https:\/\/abd.ong\/wp-content\/uploads\/2026\/01\/catinonas-salesbano.jpg-1.webp 1200w, https:\/\/abd.ong\/wp-content\/uploads\/2026\/01\/catinonas-salesbano.jpg-1-300x169.webp 300w, https:\/\/abd.ong\/wp-content\/uploads\/2026\/01\/catinonas-salesbano.jpg-1-1024x576.webp 1024w, https:\/\/abd.ong\/wp-content\/uploads\/2026\/01\/catinonas-salesbano.jpg-1-768x432.webp 768w\" sizes=\"(max-width: 1200px) 100vw, 1200px\" \/><\/figure>\n\n\n\n<div style=\"height:40px\" aria-hidden=\"true\" class=\"wp-block-spacer\"><\/div>\n\n\n\n<p><strong><strong><strong><strong>16\/01\/2026 &#8211; Social.cat<\/strong><\/strong><\/strong><\/strong><\/p>\n\n\n\n<p><strong>M\u00f2nica Plana<\/strong>, directora de <em>l\u2019\u00c0rea d\u2019Inclusi\u00f3 i Pobresa<\/em> del <strong>Grup ABD<\/strong>, juntament amb <strong>Marta Garc\u00eda Par\u00eds<\/strong>, codirectora d\u2019<strong><a href=\"https:\/\/ecoserveis.net\/es\/\" target=\"_blank\" rel=\"noreferrer noopener\">Ecoserveis<\/a><\/strong>, alerten en un article publicat a <em>Social.cat<\/em> sobre les conseq\u00fc\u00e8ncies de la caducitat del conveni entre la Generalitat de Catalunya i Endesa, que protegia les llars en situaci\u00f3 de pobresa energ\u00e8tica. Ambdues adverteixen que aquesta situaci\u00f3 posa en risc un dret b\u00e0sic reconegut per llei, incrementa la incertesa per a les fam\u00edlies m\u00e9s vulnerables i evidencia la necessitat de refor\u00e7ar els mecanismes p\u00fablics que garanteixin l\u2019acc\u00e9s a l\u2019energia com un dret essencial.<\/p>\n\n\n\n<p><a href=\"https:\/\/www.social.cat\/opinio\/24537\/el-dret-a-lenergia-en-risc\" target=\"_blank\" rel=\"noreferrer noopener\">El dret a l\u2019energia en risc<\/a><\/p>\n\n\n\n<figure class=\"wp-block-image size-full\"><img loading=\"lazy\" decoding=\"async\" width=\"2048\" height=\"1152\" src=\"https:\/\/abd.ong\/wp-content\/uploads\/2026\/01\/Social-Media-Style-Guide-Presentation-1.png\" alt=\"\" class=\"wp-image-173969\" srcset=\"https:\/\/abd.ong\/wp-content\/uploads\/2026\/01\/Social-Media-Style-Guide-Presentation-1.png 2048w, https:\/\/abd.ong\/wp-content\/uploads\/2026\/01\/Social-Media-Style-Guide-Presentation-1-300x169.png 300w, https:\/\/abd.ong\/wp-content\/uploads\/2026\/01\/Social-Media-Style-Guide-Presentation-1-1024x576.png 1024w, https:\/\/abd.ong\/wp-content\/uploads\/2026\/01\/Social-Media-Style-Guide-Presentation-1-768x432.png 768w, https:\/\/abd.ong\/wp-content\/uploads\/2026\/01\/Social-Media-Style-Guide-Presentation-1-1536x864.png 1536w\" sizes=\"(max-width: 2048px) 100vw, 2048px\" \/><\/figure>\n\n\n\n<div style=\"height:40px\" aria-hidden=\"true\" class=\"wp-block-spacer\"><\/div>\n","protected":false},"excerpt":{"rendered":"<p>El Grup\u00a0ABD\u00a0ha estat present en els mitjans de comunicaci\u00f3 durant aquest mes de gener. A continuaci\u00f3, el resum de premsa de les not\u00edcies, articles i reportatges en els quals hem&hellip;<\/p>\n","protected":false},"author":12,"featured_media":173596,"comment_status":"closed","ping_status":"closed","sticky":false,"template":"","format":"standard","meta":{"_acf_changed":false,"footnotes":""},"categories":[66],"tags":[1897,675,2928,2299,2300],"class_list":["post-173950","post","type-post","status-publish","format-standard","has-post-thumbnail","hentry","category-general-ca","tag-abd-2-ca","tag-asociacion-bienestar-y-desarrollo-ca","tag-associacio-benestar-i-desenvolupament-ca-2","tag-mitjans-de-comunicacio-ca","tag-noticies-ca"],"acf":[],"yoast_head":"<!-- This site is optimized with the Yoast SEO plugin v27.4 - https:\/\/yoast.com\/product\/yoast-seo-wordpress\/ -->\n<title>ABD als mitjans de comunicaci\u00f3 al gener - ABD<\/title>\n<meta name=\"description\" content=\"El Grup\u00a0ABD\u00a0ha estat present en els mitjans de comunicaci\u00f3 durant aquest mes de gener. A continuaci\u00f3, el resum de premsa de les not\u00edcies, articles i\" \/>\n<meta name=\"robots\" content=\"index, follow, max-snippet:-1, max-image-preview:large, max-video-preview:-1\" \/>\n<link rel=\"canonical\" href=\"https:\/\/abd.ong\/ca\/general-ca\/abd-als-mitjans-de-comunicacio-al-gener-7\/\" \/>\n<meta property=\"og:locale\" content=\"ca_ES\" \/>\n<meta property=\"og:type\" content=\"article\" \/>\n<meta property=\"og:title\" content=\"ABD als mitjans de comunicaci\u00f3 al gener - ABD\" \/>\n<meta property=\"og:description\" content=\"El Grup\u00a0ABD\u00a0ha estat present en els mitjans de comunicaci\u00f3 durant aquest mes de gener. A continuaci\u00f3, el resum de premsa de les not\u00edcies, articles i\" \/>\n<meta property=\"og:url\" content=\"https:\/\/abd.ong\/ca\/general-ca\/abd-als-mitjans-de-comunicacio-al-gener-7\/\" \/>\n<meta property=\"og:site_name\" content=\"ABD\" \/>\n<meta property=\"article:publisher\" content=\"https:\/\/www.facebook.com\/abd.ong\" \/>\n<meta property=\"article:published_time\" content=\"2026-01-29T10:35:35+00:00\" \/>\n<meta property=\"article:modified_time\" content=\"2026-01-29T10:43:47+00:00\" \/>\n<meta property=\"og:image\" content=\"https:\/\/abd.ong\/wp-content\/uploads\/2025\/12\/Imatge-Recull-de-Mitjans-2026-1.png\" \/>\n\t<meta property=\"og:image:width\" content=\"2048\" \/>\n\t<meta property=\"og:image:height\" content=\"1365\" \/>\n\t<meta property=\"og:image:type\" content=\"image\/png\" \/>\n<meta name=\"author\" content=\"Francesc Balart\" \/>\n<meta name=\"twitter:card\" content=\"summary_large_image\" \/>\n<meta name=\"twitter:image\" content=\"https:\/\/abd.ong\/wp-content\/uploads\/2025\/12\/Imatge-Recull-de-Mitjans-2026-1.png\" \/>\n<meta name=\"twitter:creator\" content=\"@abd_ong\" \/>\n<meta name=\"twitter:site\" content=\"@abd_ong\" \/>\n<meta name=\"twitter:label1\" content=\"Escrit per\" \/>\n\t<meta name=\"twitter:data1\" content=\"Francesc Balart\" \/>\n\t<meta name=\"twitter:label2\" content=\"Temps estimat de lectura\" \/>\n\t<meta name=\"twitter:data2\" content=\"4 minuts\" \/>\n<script type=\"application\/ld+json\" class=\"yoast-schema-graph\">{\"@context\":\"https:\\\/\\\/schema.org\",\"@graph\":[{\"@type\":\"Article\",\"@id\":\"https:\\\/\\\/abd.ong\\\/ca\\\/general-ca\\\/abd-als-mitjans-de-comunicacio-al-gener-7\\\/#article\",\"isPartOf\":{\"@id\":\"https:\\\/\\\/abd.ong\\\/ca\\\/general-ca\\\/abd-als-mitjans-de-comunicacio-al-gener-7\\\/\"},\"author\":{\"name\":\"Francesc Balart\",\"@id\":\"https:\\\/\\\/abd.ong\\\/ca\\\/#\\\/schema\\\/person\\\/6bb74ed13fc8bdf3a5382c66db14c9ee\"},\"headline\":\"ABD als mitjans de comunicaci\u00f3 al gener\",\"datePublished\":\"2026-01-29T10:35:35+00:00\",\"dateModified\":\"2026-01-29T10:43:47+00:00\",\"mainEntityOfPage\":{\"@id\":\"https:\\\/\\\/abd.ong\\\/ca\\\/general-ca\\\/abd-als-mitjans-de-comunicacio-al-gener-7\\\/\"},\"wordCount\":571,\"publisher\":{\"@id\":\"https:\\\/\\\/abd.ong\\\/ca\\\/#organization\"},\"image\":{\"@id\":\"https:\\\/\\\/abd.ong\\\/ca\\\/general-ca\\\/abd-als-mitjans-de-comunicacio-al-gener-7\\\/#primaryimage\"},\"thumbnailUrl\":\"https:\\\/\\\/abd.ong\\\/wp-content\\\/uploads\\\/2025\\\/12\\\/Imatge-Recull-de-Mitjans-2026-1.png\",\"keywords\":[\"ABD\",\"Asociaci\u00f3n Bienestar y Desarrollo\",\"Associaci\u00f3 Benestar i Desenvolupament\",\"Mitjans de comunicaci\u00f3\",\"not\u00edcies\"],\"articleSection\":[\"General\"],\"inLanguage\":\"ca\"},{\"@type\":\"WebPage\",\"@id\":\"https:\\\/\\\/abd.ong\\\/ca\\\/general-ca\\\/abd-als-mitjans-de-comunicacio-al-gener-7\\\/\",\"url\":\"https:\\\/\\\/abd.ong\\\/ca\\\/general-ca\\\/abd-als-mitjans-de-comunicacio-al-gener-7\\\/\",\"name\":\"ABD als mitjans de comunicaci\u00f3 al gener - ABD\",\"isPartOf\":{\"@id\":\"https:\\\/\\\/abd.ong\\\/ca\\\/#website\"},\"primaryImageOfPage\":{\"@id\":\"https:\\\/\\\/abd.ong\\\/ca\\\/general-ca\\\/abd-als-mitjans-de-comunicacio-al-gener-7\\\/#primaryimage\"},\"image\":{\"@id\":\"https:\\\/\\\/abd.ong\\\/ca\\\/general-ca\\\/abd-als-mitjans-de-comunicacio-al-gener-7\\\/#primaryimage\"},\"thumbnailUrl\":\"https:\\\/\\\/abd.ong\\\/wp-content\\\/uploads\\\/2025\\\/12\\\/Imatge-Recull-de-Mitjans-2026-1.png\",\"datePublished\":\"2026-01-29T10:35:35+00:00\",\"dateModified\":\"2026-01-29T10:43:47+00:00\",\"description\":\"El Grup\u00a0ABD\u00a0ha estat present en els mitjans de comunicaci\u00f3 durant aquest mes de gener. A continuaci\u00f3, el resum de premsa de les not\u00edcies, articles i\",\"breadcrumb\":{\"@id\":\"https:\\\/\\\/abd.ong\\\/ca\\\/general-ca\\\/abd-als-mitjans-de-comunicacio-al-gener-7\\\/#breadcrumb\"},\"inLanguage\":\"ca\",\"potentialAction\":[{\"@type\":\"ReadAction\",\"target\":[\"https:\\\/\\\/abd.ong\\\/ca\\\/general-ca\\\/abd-als-mitjans-de-comunicacio-al-gener-7\\\/\"]}]},{\"@type\":\"ImageObject\",\"inLanguage\":\"ca\",\"@id\":\"https:\\\/\\\/abd.ong\\\/ca\\\/general-ca\\\/abd-als-mitjans-de-comunicacio-al-gener-7\\\/#primaryimage\",\"url\":\"https:\\\/\\\/abd.ong\\\/wp-content\\\/uploads\\\/2025\\\/12\\\/Imatge-Recull-de-Mitjans-2026-1.png\",\"contentUrl\":\"https:\\\/\\\/abd.ong\\\/wp-content\\\/uploads\\\/2025\\\/12\\\/Imatge-Recull-de-Mitjans-2026-1.png\",\"width\":2048,\"height\":1365},{\"@type\":\"BreadcrumbList\",\"@id\":\"https:\\\/\\\/abd.ong\\\/ca\\\/general-ca\\\/abd-als-mitjans-de-comunicacio-al-gener-7\\\/#breadcrumb\",\"itemListElement\":[{\"@type\":\"ListItem\",\"position\":1,\"name\":\"Inici\",\"item\":\"https:\\\/\\\/abd.ong\\\/ca\\\/\"},{\"@type\":\"ListItem\",\"position\":2,\"name\":\"ABD als mitjans de comunicaci\u00f3 al gener\"}]},{\"@type\":\"WebSite\",\"@id\":\"https:\\\/\\\/abd.ong\\\/ca\\\/#website\",\"url\":\"https:\\\/\\\/abd.ong\\\/ca\\\/\",\"name\":\"ABD\",\"description\":\"Asociaci\u00f3n Bienestar y Desarrollo\",\"publisher\":{\"@id\":\"https:\\\/\\\/abd.ong\\\/ca\\\/#organization\"},\"potentialAction\":[{\"@type\":\"SearchAction\",\"target\":{\"@type\":\"EntryPoint\",\"urlTemplate\":\"https:\\\/\\\/abd.ong\\\/ca\\\/?s={search_term_string}\"},\"query-input\":{\"@type\":\"PropertyValueSpecification\",\"valueRequired\":true,\"valueName\":\"search_term_string\"}}],\"inLanguage\":\"ca\"},{\"@type\":\"Organization\",\"@id\":\"https:\\\/\\\/abd.ong\\\/ca\\\/#organization\",\"name\":\"Associaci\u00f3 Benestar i Desenvolupament\",\"alternateName\":\"ABD\",\"url\":\"https:\\\/\\\/abd.ong\\\/ca\\\/\",\"logo\":{\"@type\":\"ImageObject\",\"inLanguage\":\"ca\",\"@id\":\"https:\\\/\\\/abd.ong\\\/ca\\\/#\\\/schema\\\/logo\\\/image\\\/\",\"url\":\"https:\\\/\\\/abd.ong\\\/wp-content\\\/uploads\\\/2023\\\/01\\\/Icona.png\",\"contentUrl\":\"https:\\\/\\\/abd.ong\\\/wp-content\\\/uploads\\\/2023\\\/01\\\/Icona.png\",\"width\":190,\"height\":187,\"caption\":\"Associaci\u00f3 Benestar i Desenvolupament\"},\"image\":{\"@id\":\"https:\\\/\\\/abd.ong\\\/ca\\\/#\\\/schema\\\/logo\\\/image\\\/\"},\"sameAs\":[\"https:\\\/\\\/www.facebook.com\\\/abd.ong\",\"https:\\\/\\\/x.com\\\/abd_ong\",\"https:\\\/\\\/www.instagram.com\\\/abd_ong\\\/\",\"https:\\\/\\\/www.linkedin.com\\\/company\\\/abdong\",\"https:\\\/\\\/www.youtube.com\\\/user\\\/CANALABD\"]},{\"@type\":\"Person\",\"@id\":\"https:\\\/\\\/abd.ong\\\/ca\\\/#\\\/schema\\\/person\\\/6bb74ed13fc8bdf3a5382c66db14c9ee\",\"name\":\"Francesc Balart\"}]}<\/script>\n<!-- \/ Yoast SEO plugin. -->","yoast_head_json":{"title":"ABD als mitjans de comunicaci\u00f3 al gener - ABD","description":"El Grup\u00a0ABD\u00a0ha estat present en els mitjans de comunicaci\u00f3 durant aquest mes de gener. A continuaci\u00f3, el resum de premsa de les not\u00edcies, articles i","robots":{"index":"index","follow":"follow","max-snippet":"max-snippet:-1","max-image-preview":"max-image-preview:large","max-video-preview":"max-video-preview:-1"},"canonical":"https:\/\/abd.ong\/ca\/general-ca\/abd-als-mitjans-de-comunicacio-al-gener-7\/","og_locale":"ca_ES","og_type":"article","og_title":"ABD als mitjans de comunicaci\u00f3 al gener - ABD","og_description":"El Grup\u00a0ABD\u00a0ha estat present en els mitjans de comunicaci\u00f3 durant aquest mes de gener. A continuaci\u00f3, el resum de premsa de les not\u00edcies, articles i","og_url":"https:\/\/abd.ong\/ca\/general-ca\/abd-als-mitjans-de-comunicacio-al-gener-7\/","og_site_name":"ABD","article_publisher":"https:\/\/www.facebook.com\/abd.ong","article_published_time":"2026-01-29T10:35:35+00:00","article_modified_time":"2026-01-29T10:43:47+00:00","og_image":[{"width":2048,"height":1365,"url":"https:\/\/abd.ong\/wp-content\/uploads\/2025\/12\/Imatge-Recull-de-Mitjans-2026-1.png","type":"image\/png"}],"author":"Francesc Balart","twitter_card":"summary_large_image","twitter_image":"https:\/\/abd.ong\/wp-content\/uploads\/2025\/12\/Imatge-Recull-de-Mitjans-2026-1.png","twitter_creator":"@abd_ong","twitter_site":"@abd_ong","twitter_misc":{"Escrit per":"Francesc Balart","Temps estimat de lectura":"4 minuts"},"schema":{"@context":"https:\/\/schema.org","@graph":[{"@type":"Article","@id":"https:\/\/abd.ong\/ca\/general-ca\/abd-als-mitjans-de-comunicacio-al-gener-7\/#article","isPartOf":{"@id":"https:\/\/abd.ong\/ca\/general-ca\/abd-als-mitjans-de-comunicacio-al-gener-7\/"},"author":{"name":"Francesc Balart","@id":"https:\/\/abd.ong\/ca\/#\/schema\/person\/6bb74ed13fc8bdf3a5382c66db14c9ee"},"headline":"ABD als mitjans de comunicaci\u00f3 al gener","datePublished":"2026-01-29T10:35:35+00:00","dateModified":"2026-01-29T10:43:47+00:00","mainEntityOfPage":{"@id":"https:\/\/abd.ong\/ca\/general-ca\/abd-als-mitjans-de-comunicacio-al-gener-7\/"},"wordCount":571,"publisher":{"@id":"https:\/\/abd.ong\/ca\/#organization"},"image":{"@id":"https:\/\/abd.ong\/ca\/general-ca\/abd-als-mitjans-de-comunicacio-al-gener-7\/#primaryimage"},"thumbnailUrl":"https:\/\/abd.ong\/wp-content\/uploads\/2025\/12\/Imatge-Recull-de-Mitjans-2026-1.png","keywords":["ABD","Asociaci\u00f3n Bienestar y Desarrollo","Associaci\u00f3 Benestar i Desenvolupament","Mitjans de comunicaci\u00f3","not\u00edcies"],"articleSection":["General"],"inLanguage":"ca"},{"@type":"WebPage","@id":"https:\/\/abd.ong\/ca\/general-ca\/abd-als-mitjans-de-comunicacio-al-gener-7\/","url":"https:\/\/abd.ong\/ca\/general-ca\/abd-als-mitjans-de-comunicacio-al-gener-7\/","name":"ABD als mitjans de comunicaci\u00f3 al gener - ABD","isPartOf":{"@id":"https:\/\/abd.ong\/ca\/#website"},"primaryImageOfPage":{"@id":"https:\/\/abd.ong\/ca\/general-ca\/abd-als-mitjans-de-comunicacio-al-gener-7\/#primaryimage"},"image":{"@id":"https:\/\/abd.ong\/ca\/general-ca\/abd-als-mitjans-de-comunicacio-al-gener-7\/#primaryimage"},"thumbnailUrl":"https:\/\/abd.ong\/wp-content\/uploads\/2025\/12\/Imatge-Recull-de-Mitjans-2026-1.png","datePublished":"2026-01-29T10:35:35+00:00","dateModified":"2026-01-29T10:43:47+00:00","description":"El Grup\u00a0ABD\u00a0ha estat present en els mitjans de comunicaci\u00f3 durant aquest mes de gener. A continuaci\u00f3, el resum de premsa de les not\u00edcies, articles i","breadcrumb":{"@id":"https:\/\/abd.ong\/ca\/general-ca\/abd-als-mitjans-de-comunicacio-al-gener-7\/#breadcrumb"},"inLanguage":"ca","potentialAction":[{"@type":"ReadAction","target":["https:\/\/abd.ong\/ca\/general-ca\/abd-als-mitjans-de-comunicacio-al-gener-7\/"]}]},{"@type":"ImageObject","inLanguage":"ca","@id":"https:\/\/abd.ong\/ca\/general-ca\/abd-als-mitjans-de-comunicacio-al-gener-7\/#primaryimage","url":"https:\/\/abd.ong\/wp-content\/uploads\/2025\/12\/Imatge-Recull-de-Mitjans-2026-1.png","contentUrl":"https:\/\/abd.ong\/wp-content\/uploads\/2025\/12\/Imatge-Recull-de-Mitjans-2026-1.png","width":2048,"height":1365},{"@type":"BreadcrumbList","@id":"https:\/\/abd.ong\/ca\/general-ca\/abd-als-mitjans-de-comunicacio-al-gener-7\/#breadcrumb","itemListElement":[{"@type":"ListItem","position":1,"name":"Inici","item":"https:\/\/abd.ong\/ca\/"},{"@type":"ListItem","position":2,"name":"ABD als mitjans de comunicaci\u00f3 al gener"}]},{"@type":"WebSite","@id":"https:\/\/abd.ong\/ca\/#website","url":"https:\/\/abd.ong\/ca\/","name":"ABD","description":"Asociaci\u00f3n Bienestar y Desarrollo","publisher":{"@id":"https:\/\/abd.ong\/ca\/#organization"},"potentialAction":[{"@type":"SearchAction","target":{"@type":"EntryPoint","urlTemplate":"https:\/\/abd.ong\/ca\/?s={search_term_string}"},"query-input":{"@type":"PropertyValueSpecification","valueRequired":true,"valueName":"search_term_string"}}],"inLanguage":"ca"},{"@type":"Organization","@id":"https:\/\/abd.ong\/ca\/#organization","name":"Associaci\u00f3 Benestar i Desenvolupament","alternateName":"ABD","url":"https:\/\/abd.ong\/ca\/","logo":{"@type":"ImageObject","inLanguage":"ca","@id":"https:\/\/abd.ong\/ca\/#\/schema\/logo\/image\/","url":"https:\/\/abd.ong\/wp-content\/uploads\/2023\/01\/Icona.png","contentUrl":"https:\/\/abd.ong\/wp-content\/uploads\/2023\/01\/Icona.png","width":190,"height":187,"caption":"Associaci\u00f3 Benestar i Desenvolupament"},"image":{"@id":"https:\/\/abd.ong\/ca\/#\/schema\/logo\/image\/"},"sameAs":["https:\/\/www.facebook.com\/abd.ong","https:\/\/x.com\/abd_ong","https:\/\/www.instagram.com\/abd_ong\/","https:\/\/www.linkedin.com\/company\/abdong","https:\/\/www.youtube.com\/user\/CANALABD"]},{"@type":"Person","@id":"https:\/\/abd.ong\/ca\/#\/schema\/person\/6bb74ed13fc8bdf3a5382c66db14c9ee","name":"Francesc Balart"}]}},"_links":{"self":[{"href":"https:\/\/abd.ong\/ca\/wp-json\/wp\/v2\/posts\/173950","targetHints":{"allow":["GET"]}}],"collection":[{"href":"https:\/\/abd.ong\/ca\/wp-json\/wp\/v2\/posts"}],"about":[{"href":"https:\/\/abd.ong\/ca\/wp-json\/wp\/v2\/types\/post"}],"author":[{"embeddable":true,"href":"https:\/\/abd.ong\/ca\/wp-json\/wp\/v2\/users\/12"}],"replies":[{"embeddable":true,"href":"https:\/\/abd.ong\/ca\/wp-json\/wp\/v2\/comments?post=173950"}],"version-history":[{"count":3,"href":"https:\/\/abd.ong\/ca\/wp-json\/wp\/v2\/posts\/173950\/revisions"}],"predecessor-version":[{"id":173971,"href":"https:\/\/abd.ong\/ca\/wp-json\/wp\/v2\/posts\/173950\/revisions\/173971"}],"wp:featuredmedia":[{"embeddable":true,"href":"https:\/\/abd.ong\/ca\/wp-json\/wp\/v2\/media\/173596"}],"wp:attachment":[{"href":"https:\/\/abd.ong\/ca\/wp-json\/wp\/v2\/media?parent=173950"}],"wp:term":[{"taxonomy":"category","embeddable":true,"href":"https:\/\/abd.ong\/ca\/wp-json\/wp\/v2\/categories?post=173950"},{"taxonomy":"post_tag","embeddable":true,"href":"https:\/\/abd.ong\/ca\/wp-json\/wp\/v2\/tags?post=173950"}],"curies":[{"name":"wp","href":"https:\/\/api.w.org\/{rel}","templated":true}]}}