{"id":173186,"date":"2025-12-01T10:43:36","date_gmt":"2025-12-01T09:43:36","guid":{"rendered":"https:\/\/abd.ong\/?p=173186"},"modified":"2025-12-02T14:16:13","modified_gmt":"2025-12-02T13:16:13","slug":"el-projecte-endehuanna-promou-lacces-a-la-cultura-amb-una-sortida-al-poble-espanyol","status":"publish","type":"post","link":"https:\/\/abd.ong\/ca\/inclusio-i-pobresa\/el-projecte-endehuanna-promou-lacces-a-la-cultura-amb-una-sortida-al-poble-espanyol\/","title":{"rendered":"El projecte Enheduanna promou l&#8217;acc\u00e9s a la cultura amb una sortida al Poble Espanyol"},"content":{"rendered":"\n<div style=\"height:26px\" aria-hidden=\"true\" class=\"wp-block-spacer\"><\/div>\n\n<p>El passat 26 de novembre, amb un grup de dones del projecte <strong>Enheduanna<\/strong> de <a href=\"https:\/\/abd.ong\/ca\/programes\/comunitat-activa\/\">Comunitat Activa<\/a>, vam fer una sortida al Poble Espanyol de Montju\u00efc.<\/p>\n\n<p>Va ser una activitat enriquidora, d\u2019apropament a l\u2019arquitectura i a les tradicions, un moment d\u2019oci i una activitat educativa clau per refor\u00e7ar els coneixements ling\u00fc\u00edstics i culturals adquirits, en qu\u00e8 les alumnes van poder posar en pr\u00e0ctica els seus nous coneixements en un entorn real.<\/p>\n\n<p>Per\u00f2, sobretot, la sortida representa el reconeixement de l\u2019<strong>acc\u00e9s a la cultura com un dret<\/strong> que dignifica la persona i normalitza la seva plena inclusi\u00f3 a la societat, objectiu principal del nostre projecte.<\/p>\n\n<p>Agra\u00efm la col\u00b7laboraci\u00f3 d\u2019<a href=\"https:\/\/www.apropacultura.org\/\">Apropa Cultura<\/a>, que ofereix activitats culturals a preus molt accessibles per a persones en situaci\u00f3 de vulnerabilitat social, posant de manifest<strong> la cultura com a eina de transformaci\u00f3 social<\/strong>.<\/p>\n\n<p>Valorem la jornada com un \u00e8xit rotund, que ens ha ajudat a refor\u00e7ar els lla\u00e7os d\u2019amistat, millorar la flu\u00efdesa verbal i disposar d\u2019un espai informal on compartir viv\u00e8ncies.<\/p>\n\n<div style=\"height:50px\" aria-hidden=\"true\" class=\"wp-block-spacer\"><\/div>\n\n<h5 class=\"wp-block-heading\">Sobre el projecte Enheduanna<\/h5>\n\n<div style=\"height:50px\" aria-hidden=\"true\" class=\"wp-block-spacer\"><\/div>\n\n<p>El projecte Enheduanna \u00e9s una iniciativa d\u2019alfabetitzaci\u00f3 per a dones que, per diferents motius, no saben llegir i\/o escriure o tenen dificultats idiom\u00e0tiques. L\u2019objectiu \u00e9s dotar 25 dones d\u2019eines per poder afrontar diferents situacions de la vida quotidiana i, sobretot, la cerca de feina i la inserci\u00f3 laboral.<\/p>\n\n<p>Les participants aprenen catal\u00e0 i castell\u00e0 amb material espec\u00edfic adaptat a les sessions i amb una professional que dirigeix les formacions d\u20191,5 hores setmanals. A m\u00e9s, s\u2019organitzen activitats comunit\u00e0ries per promoure el vincle i les relacions socials.<\/p>\n\n<p>Tamb\u00e9 es deriva aquelles dones que ho necessiten a orientaci\u00f3 individualitzada dins del mateix servei de Comunitat Activa com a complement de l\u2019activitat formativa.<\/p>\n\n<p>Aquest projecte est\u00e0 finan\u00e7at pel Departament d\u2019Igualtat i Feminismes de la Generalitat de Catalunya i l\u2019Ajuntament de L\u2019Hospitalet.<\/p>\n\n<div style=\"height:50px\" aria-hidden=\"true\" class=\"wp-block-spacer\"><\/div>\n\n<figure class=\"wp-block-gallery has-nested-images columns-default is-cropped wp-block-gallery-2 is-layout-flex wp-block-gallery-is-layout-flex\">\n<figure class=\"wp-block-image size-large\"><img fetchpriority=\"high\" decoding=\"async\" width=\"820\" height=\"1024\" data-id=\"173175\" src=\"https:\/\/abd.ong\/wp-content\/uploads\/2025\/12\/Endehuanna-3-1-820x1024.jpg\" alt=\"\" class=\"wp-image-173175\" srcset=\"https:\/\/abd.ong\/wp-content\/uploads\/2025\/12\/Endehuanna-3-1-820x1024.jpg 820w, https:\/\/abd.ong\/wp-content\/uploads\/2025\/12\/Endehuanna-3-1-240x300.jpg 240w, https:\/\/abd.ong\/wp-content\/uploads\/2025\/12\/Endehuanna-3-1-768x959.jpg 768w, https:\/\/abd.ong\/wp-content\/uploads\/2025\/12\/Endehuanna-3-1-rotated.jpg 852w\" sizes=\"(max-width: 820px) 100vw, 820px\" \/><\/figure>\n\n\n\n<figure class=\"wp-block-image size-large\"><img decoding=\"async\" width=\"768\" height=\"1024\" data-id=\"173176\" src=\"https:\/\/abd.ong\/wp-content\/uploads\/2025\/12\/Endehuanna-2-1-768x1024.jpg\" alt=\"\" class=\"wp-image-173176\" srcset=\"https:\/\/abd.ong\/wp-content\/uploads\/2025\/12\/Endehuanna-2-1-768x1024.jpg 768w, https:\/\/abd.ong\/wp-content\/uploads\/2025\/12\/Endehuanna-2-1-225x300.jpg 225w, https:\/\/abd.ong\/wp-content\/uploads\/2025\/12\/Endehuanna-2-1-rotated.jpg 809w\" sizes=\"(max-width: 768px) 100vw, 768px\" \/><\/figure>\n<\/figure>\n\n<div style=\"height:34px\" aria-hidden=\"true\" class=\"wp-block-spacer\"><\/div>\n\n<figure class=\"wp-block-image size-large\"><img decoding=\"async\" width=\"1024\" height=\"256\" src=\"https:\/\/abd.ong\/wp-content\/uploads\/2025\/12\/Banner-de-LinkedIn-Cabecera-Empresa-Tecnologia-Corporativo-Moderno-6-1024x256.png\" alt=\"\" class=\"wp-image-173182\" srcset=\"https:\/\/abd.ong\/wp-content\/uploads\/2025\/12\/Banner-de-LinkedIn-Cabecera-Empresa-Tecnologia-Corporativo-Moderno-6-1024x256.png 1024w, https:\/\/abd.ong\/wp-content\/uploads\/2025\/12\/Banner-de-LinkedIn-Cabecera-Empresa-Tecnologia-Corporativo-Moderno-6-300x75.png 300w, https:\/\/abd.ong\/wp-content\/uploads\/2025\/12\/Banner-de-LinkedIn-Cabecera-Empresa-Tecnologia-Corporativo-Moderno-6-768x192.png 768w, https:\/\/abd.ong\/wp-content\/uploads\/2025\/12\/Banner-de-LinkedIn-Cabecera-Empresa-Tecnologia-Corporativo-Moderno-6-1536x384.png 1536w, https:\/\/abd.ong\/wp-content\/uploads\/2025\/12\/Banner-de-LinkedIn-Cabecera-Empresa-Tecnologia-Corporativo-Moderno-6.png 2048w\" sizes=\"(max-width: 1024px) 100vw, 1024px\" \/><\/figure>\n\n<p><\/p>\n","protected":false},"excerpt":{"rendered":"<p>El passat 26 de novembre, amb un grup de dones del projecte Enheduanna de Comunitat Activa, vam fer una sortida al Poble Espanyol de Montju\u00efc. Va ser una activitat enriquidora,&hellip;<\/p>\n","protected":false},"author":2,"featured_media":173185,"comment_status":"closed","ping_status":"closed","sticky":false,"template":"","format":"standard","meta":{"_acf_changed":false,"footnotes":""},"categories":[3195],"tags":[5061,5059,5060,1217,5062,2645,5064],"class_list":["post-173186","post","type-post","status-publish","format-standard","has-post-thumbnail","hentry","category-inclusio-i-pobresa","tag-acces-a-la-cultura-com-un-dret","tag-alfabetitzacio-dones","tag-alfabetitzacio-hospitalet","tag-comunitat-activa-ca-2","tag-dret-a-la-cultura","tag-inclusio-social-ca","tag-projecte-enheduanna"],"acf":[],"yoast_head":"<!-- This site is optimized with the Yoast SEO plugin v27.4 - https:\/\/yoast.com\/product\/yoast-seo-wordpress\/ -->\n<title>El projecte Enheduanna promou l&#039;acc\u00e9s a la cultura amb una sortida al Poble Espanyol - ABD<\/title>\n<meta name=\"description\" content=\"El passat 26 de novembre, amb un grup de dones del projecte Enheduanna de Comunitat Activa, vam fer una sortida al Poble Espanyol de Montju\u00efc. Va ser una\" \/>\n<meta name=\"robots\" content=\"index, follow, max-snippet:-1, max-image-preview:large, max-video-preview:-1\" \/>\n<link rel=\"canonical\" href=\"https:\/\/abd.ong\/ca\/inclusio-i-pobresa\/el-projecte-endehuanna-promou-lacces-a-la-cultura-amb-una-sortida-al-poble-espanyol\/\" \/>\n<meta property=\"og:locale\" content=\"ca_ES\" \/>\n<meta property=\"og:type\" content=\"article\" \/>\n<meta property=\"og:title\" content=\"El projecte Enheduanna promou l&#039;acc\u00e9s a la cultura amb una sortida al Poble Espanyol - ABD\" \/>\n<meta property=\"og:description\" content=\"El passat 26 de novembre, amb un grup de dones del projecte Enheduanna de Comunitat Activa, vam fer una sortida al Poble Espanyol de Montju\u00efc. Va ser una\" \/>\n<meta property=\"og:url\" content=\"https:\/\/abd.ong\/ca\/inclusio-i-pobresa\/el-projecte-endehuanna-promou-lacces-a-la-cultura-amb-una-sortida-al-poble-espanyol\/\" \/>\n<meta property=\"og:site_name\" content=\"ABD\" \/>\n<meta property=\"article:publisher\" content=\"https:\/\/www.facebook.com\/abd.ong\" \/>\n<meta property=\"article:published_time\" content=\"2025-12-01T09:43:36+00:00\" \/>\n<meta property=\"article:modified_time\" content=\"2025-12-02T13:16:13+00:00\" \/>\n<meta property=\"og:image\" content=\"https:\/\/abd.ong\/wp-content\/uploads\/2025\/12\/Endehuanna-1.jpg\" \/>\n\t<meta property=\"og:image:width\" content=\"1299\" \/>\n\t<meta property=\"og:image:height\" content=\"974\" \/>\n\t<meta property=\"og:image:type\" content=\"image\/jpeg\" \/>\n<meta name=\"author\" content=\"Enric Guinart\" \/>\n<meta name=\"twitter:card\" content=\"summary_large_image\" \/>\n<meta name=\"twitter:creator\" content=\"@abd_ong\" \/>\n<meta name=\"twitter:site\" content=\"@abd_ong\" \/>\n<meta name=\"twitter:label1\" content=\"Escrit per\" \/>\n\t<meta name=\"twitter:data1\" content=\"Enric Guinart\" \/>\n\t<meta name=\"twitter:label2\" content=\"Temps estimat de lectura\" \/>\n\t<meta name=\"twitter:data2\" content=\"3 minuts\" \/>\n<script type=\"application\/ld+json\" class=\"yoast-schema-graph\">{\"@context\":\"https:\\\/\\\/schema.org\",\"@graph\":[{\"@type\":\"Article\",\"@id\":\"https:\\\/\\\/abd.ong\\\/ca\\\/inclusio-i-pobresa\\\/el-projecte-endehuanna-promou-lacces-a-la-cultura-amb-una-sortida-al-poble-espanyol\\\/#article\",\"isPartOf\":{\"@id\":\"https:\\\/\\\/abd.ong\\\/ca\\\/inclusio-i-pobresa\\\/el-projecte-endehuanna-promou-lacces-a-la-cultura-amb-una-sortida-al-poble-espanyol\\\/\"},\"author\":{\"name\":\"Enric Guinart\",\"@id\":\"https:\\\/\\\/abd.ong\\\/ca\\\/#\\\/schema\\\/person\\\/d0f5fe279a7ad908de6a6d1332bfd7d8\"},\"headline\":\"El projecte Enheduanna promou l&#8217;acc\u00e9s a la cultura amb una sortida al Poble Espanyol\",\"datePublished\":\"2025-12-01T09:43:36+00:00\",\"dateModified\":\"2025-12-02T13:16:13+00:00\",\"mainEntityOfPage\":{\"@id\":\"https:\\\/\\\/abd.ong\\\/ca\\\/inclusio-i-pobresa\\\/el-projecte-endehuanna-promou-lacces-a-la-cultura-amb-una-sortida-al-poble-espanyol\\\/\"},\"wordCount\":340,\"publisher\":{\"@id\":\"https:\\\/\\\/abd.ong\\\/ca\\\/#organization\"},\"image\":{\"@id\":\"https:\\\/\\\/abd.ong\\\/ca\\\/inclusio-i-pobresa\\\/el-projecte-endehuanna-promou-lacces-a-la-cultura-amb-una-sortida-al-poble-espanyol\\\/#primaryimage\"},\"thumbnailUrl\":\"https:\\\/\\\/abd.ong\\\/wp-content\\\/uploads\\\/2025\\\/12\\\/Endehuanna-1.jpg\",\"keywords\":[\"acc\u00e9s a la cultura com un dret\",\"alfabetitzaci\u00f3 dones\",\"alfabetitzaci\u00f3 Hospitalet\",\"Comunitat Activa\",\"dret a la cultura\",\"inclusi\u00f3 social\",\"projecte Enheduanna\"],\"articleSection\":[\"Inclusi\u00f3 i pobresa\"],\"inLanguage\":\"ca\"},{\"@type\":\"WebPage\",\"@id\":\"https:\\\/\\\/abd.ong\\\/ca\\\/inclusio-i-pobresa\\\/el-projecte-endehuanna-promou-lacces-a-la-cultura-amb-una-sortida-al-poble-espanyol\\\/\",\"url\":\"https:\\\/\\\/abd.ong\\\/ca\\\/inclusio-i-pobresa\\\/el-projecte-endehuanna-promou-lacces-a-la-cultura-amb-una-sortida-al-poble-espanyol\\\/\",\"name\":\"El projecte Enheduanna promou l'acc\u00e9s a la cultura amb una sortida al Poble Espanyol - ABD\",\"isPartOf\":{\"@id\":\"https:\\\/\\\/abd.ong\\\/ca\\\/#website\"},\"primaryImageOfPage\":{\"@id\":\"https:\\\/\\\/abd.ong\\\/ca\\\/inclusio-i-pobresa\\\/el-projecte-endehuanna-promou-lacces-a-la-cultura-amb-una-sortida-al-poble-espanyol\\\/#primaryimage\"},\"image\":{\"@id\":\"https:\\\/\\\/abd.ong\\\/ca\\\/inclusio-i-pobresa\\\/el-projecte-endehuanna-promou-lacces-a-la-cultura-amb-una-sortida-al-poble-espanyol\\\/#primaryimage\"},\"thumbnailUrl\":\"https:\\\/\\\/abd.ong\\\/wp-content\\\/uploads\\\/2025\\\/12\\\/Endehuanna-1.jpg\",\"datePublished\":\"2025-12-01T09:43:36+00:00\",\"dateModified\":\"2025-12-02T13:16:13+00:00\",\"description\":\"El passat 26 de novembre, amb un grup de dones del projecte Enheduanna de Comunitat Activa, vam fer una sortida al Poble Espanyol de Montju\u00efc. Va ser una\",\"breadcrumb\":{\"@id\":\"https:\\\/\\\/abd.ong\\\/ca\\\/inclusio-i-pobresa\\\/el-projecte-endehuanna-promou-lacces-a-la-cultura-amb-una-sortida-al-poble-espanyol\\\/#breadcrumb\"},\"inLanguage\":\"ca\",\"potentialAction\":[{\"@type\":\"ReadAction\",\"target\":[\"https:\\\/\\\/abd.ong\\\/ca\\\/inclusio-i-pobresa\\\/el-projecte-endehuanna-promou-lacces-a-la-cultura-amb-una-sortida-al-poble-espanyol\\\/\"]}]},{\"@type\":\"ImageObject\",\"inLanguage\":\"ca\",\"@id\":\"https:\\\/\\\/abd.ong\\\/ca\\\/inclusio-i-pobresa\\\/el-projecte-endehuanna-promou-lacces-a-la-cultura-amb-una-sortida-al-poble-espanyol\\\/#primaryimage\",\"url\":\"https:\\\/\\\/abd.ong\\\/wp-content\\\/uploads\\\/2025\\\/12\\\/Endehuanna-1.jpg\",\"contentUrl\":\"https:\\\/\\\/abd.ong\\\/wp-content\\\/uploads\\\/2025\\\/12\\\/Endehuanna-1.jpg\",\"width\":1299,\"height\":974},{\"@type\":\"BreadcrumbList\",\"@id\":\"https:\\\/\\\/abd.ong\\\/ca\\\/inclusio-i-pobresa\\\/el-projecte-endehuanna-promou-lacces-a-la-cultura-amb-una-sortida-al-poble-espanyol\\\/#breadcrumb\",\"itemListElement\":[{\"@type\":\"ListItem\",\"position\":1,\"name\":\"Inici\",\"item\":\"https:\\\/\\\/abd.ong\\\/ca\\\/\"},{\"@type\":\"ListItem\",\"position\":2,\"name\":\"El projecte Enheduanna promou l&#8217;acc\u00e9s a la cultura amb una sortida al Poble Espanyol\"}]},{\"@type\":\"WebSite\",\"@id\":\"https:\\\/\\\/abd.ong\\\/ca\\\/#website\",\"url\":\"https:\\\/\\\/abd.ong\\\/ca\\\/\",\"name\":\"ABD\",\"description\":\"Asociaci\u00f3n Bienestar y Desarrollo\",\"publisher\":{\"@id\":\"https:\\\/\\\/abd.ong\\\/ca\\\/#organization\"},\"potentialAction\":[{\"@type\":\"SearchAction\",\"target\":{\"@type\":\"EntryPoint\",\"urlTemplate\":\"https:\\\/\\\/abd.ong\\\/ca\\\/?s={search_term_string}\"},\"query-input\":{\"@type\":\"PropertyValueSpecification\",\"valueRequired\":true,\"valueName\":\"search_term_string\"}}],\"inLanguage\":\"ca\"},{\"@type\":\"Organization\",\"@id\":\"https:\\\/\\\/abd.ong\\\/ca\\\/#organization\",\"name\":\"Associaci\u00f3 Benestar i Desenvolupament\",\"alternateName\":\"ABD\",\"url\":\"https:\\\/\\\/abd.ong\\\/ca\\\/\",\"logo\":{\"@type\":\"ImageObject\",\"inLanguage\":\"ca\",\"@id\":\"https:\\\/\\\/abd.ong\\\/ca\\\/#\\\/schema\\\/logo\\\/image\\\/\",\"url\":\"https:\\\/\\\/abd.ong\\\/wp-content\\\/uploads\\\/2023\\\/01\\\/Icona.png\",\"contentUrl\":\"https:\\\/\\\/abd.ong\\\/wp-content\\\/uploads\\\/2023\\\/01\\\/Icona.png\",\"width\":190,\"height\":187,\"caption\":\"Associaci\u00f3 Benestar i Desenvolupament\"},\"image\":{\"@id\":\"https:\\\/\\\/abd.ong\\\/ca\\\/#\\\/schema\\\/logo\\\/image\\\/\"},\"sameAs\":[\"https:\\\/\\\/www.facebook.com\\\/abd.ong\",\"https:\\\/\\\/x.com\\\/abd_ong\",\"https:\\\/\\\/www.instagram.com\\\/abd_ong\\\/\",\"https:\\\/\\\/www.linkedin.com\\\/company\\\/abdong\",\"https:\\\/\\\/www.youtube.com\\\/user\\\/CANALABD\"]},{\"@type\":\"Person\",\"@id\":\"https:\\\/\\\/abd.ong\\\/ca\\\/#\\\/schema\\\/person\\\/d0f5fe279a7ad908de6a6d1332bfd7d8\",\"name\":\"Enric Guinart\"}]}<\/script>\n<!-- \/ Yoast SEO plugin. -->","yoast_head_json":{"title":"El projecte Enheduanna promou l'acc\u00e9s a la cultura amb una sortida al Poble Espanyol - ABD","description":"El passat 26 de novembre, amb un grup de dones del projecte Enheduanna de Comunitat Activa, vam fer una sortida al Poble Espanyol de Montju\u00efc. Va ser una","robots":{"index":"index","follow":"follow","max-snippet":"max-snippet:-1","max-image-preview":"max-image-preview:large","max-video-preview":"max-video-preview:-1"},"canonical":"https:\/\/abd.ong\/ca\/inclusio-i-pobresa\/el-projecte-endehuanna-promou-lacces-a-la-cultura-amb-una-sortida-al-poble-espanyol\/","og_locale":"ca_ES","og_type":"article","og_title":"El projecte Enheduanna promou l'acc\u00e9s a la cultura amb una sortida al Poble Espanyol - ABD","og_description":"El passat 26 de novembre, amb un grup de dones del projecte Enheduanna de Comunitat Activa, vam fer una sortida al Poble Espanyol de Montju\u00efc. Va ser una","og_url":"https:\/\/abd.ong\/ca\/inclusio-i-pobresa\/el-projecte-endehuanna-promou-lacces-a-la-cultura-amb-una-sortida-al-poble-espanyol\/","og_site_name":"ABD","article_publisher":"https:\/\/www.facebook.com\/abd.ong","article_published_time":"2025-12-01T09:43:36+00:00","article_modified_time":"2025-12-02T13:16:13+00:00","og_image":[{"width":1299,"height":974,"url":"https:\/\/abd.ong\/wp-content\/uploads\/2025\/12\/Endehuanna-1.jpg","type":"image\/jpeg"}],"author":"Enric Guinart","twitter_card":"summary_large_image","twitter_creator":"@abd_ong","twitter_site":"@abd_ong","twitter_misc":{"Escrit per":"Enric Guinart","Temps estimat de lectura":"3 minuts"},"schema":{"@context":"https:\/\/schema.org","@graph":[{"@type":"Article","@id":"https:\/\/abd.ong\/ca\/inclusio-i-pobresa\/el-projecte-endehuanna-promou-lacces-a-la-cultura-amb-una-sortida-al-poble-espanyol\/#article","isPartOf":{"@id":"https:\/\/abd.ong\/ca\/inclusio-i-pobresa\/el-projecte-endehuanna-promou-lacces-a-la-cultura-amb-una-sortida-al-poble-espanyol\/"},"author":{"name":"Enric Guinart","@id":"https:\/\/abd.ong\/ca\/#\/schema\/person\/d0f5fe279a7ad908de6a6d1332bfd7d8"},"headline":"El projecte Enheduanna promou l&#8217;acc\u00e9s a la cultura amb una sortida al Poble Espanyol","datePublished":"2025-12-01T09:43:36+00:00","dateModified":"2025-12-02T13:16:13+00:00","mainEntityOfPage":{"@id":"https:\/\/abd.ong\/ca\/inclusio-i-pobresa\/el-projecte-endehuanna-promou-lacces-a-la-cultura-amb-una-sortida-al-poble-espanyol\/"},"wordCount":340,"publisher":{"@id":"https:\/\/abd.ong\/ca\/#organization"},"image":{"@id":"https:\/\/abd.ong\/ca\/inclusio-i-pobresa\/el-projecte-endehuanna-promou-lacces-a-la-cultura-amb-una-sortida-al-poble-espanyol\/#primaryimage"},"thumbnailUrl":"https:\/\/abd.ong\/wp-content\/uploads\/2025\/12\/Endehuanna-1.jpg","keywords":["acc\u00e9s a la cultura com un dret","alfabetitzaci\u00f3 dones","alfabetitzaci\u00f3 Hospitalet","Comunitat Activa","dret a la cultura","inclusi\u00f3 social","projecte Enheduanna"],"articleSection":["Inclusi\u00f3 i pobresa"],"inLanguage":"ca"},{"@type":"WebPage","@id":"https:\/\/abd.ong\/ca\/inclusio-i-pobresa\/el-projecte-endehuanna-promou-lacces-a-la-cultura-amb-una-sortida-al-poble-espanyol\/","url":"https:\/\/abd.ong\/ca\/inclusio-i-pobresa\/el-projecte-endehuanna-promou-lacces-a-la-cultura-amb-una-sortida-al-poble-espanyol\/","name":"El projecte Enheduanna promou l'acc\u00e9s a la cultura amb una sortida al Poble Espanyol - ABD","isPartOf":{"@id":"https:\/\/abd.ong\/ca\/#website"},"primaryImageOfPage":{"@id":"https:\/\/abd.ong\/ca\/inclusio-i-pobresa\/el-projecte-endehuanna-promou-lacces-a-la-cultura-amb-una-sortida-al-poble-espanyol\/#primaryimage"},"image":{"@id":"https:\/\/abd.ong\/ca\/inclusio-i-pobresa\/el-projecte-endehuanna-promou-lacces-a-la-cultura-amb-una-sortida-al-poble-espanyol\/#primaryimage"},"thumbnailUrl":"https:\/\/abd.ong\/wp-content\/uploads\/2025\/12\/Endehuanna-1.jpg","datePublished":"2025-12-01T09:43:36+00:00","dateModified":"2025-12-02T13:16:13+00:00","description":"El passat 26 de novembre, amb un grup de dones del projecte Enheduanna de Comunitat Activa, vam fer una sortida al Poble Espanyol de Montju\u00efc. Va ser una","breadcrumb":{"@id":"https:\/\/abd.ong\/ca\/inclusio-i-pobresa\/el-projecte-endehuanna-promou-lacces-a-la-cultura-amb-una-sortida-al-poble-espanyol\/#breadcrumb"},"inLanguage":"ca","potentialAction":[{"@type":"ReadAction","target":["https:\/\/abd.ong\/ca\/inclusio-i-pobresa\/el-projecte-endehuanna-promou-lacces-a-la-cultura-amb-una-sortida-al-poble-espanyol\/"]}]},{"@type":"ImageObject","inLanguage":"ca","@id":"https:\/\/abd.ong\/ca\/inclusio-i-pobresa\/el-projecte-endehuanna-promou-lacces-a-la-cultura-amb-una-sortida-al-poble-espanyol\/#primaryimage","url":"https:\/\/abd.ong\/wp-content\/uploads\/2025\/12\/Endehuanna-1.jpg","contentUrl":"https:\/\/abd.ong\/wp-content\/uploads\/2025\/12\/Endehuanna-1.jpg","width":1299,"height":974},{"@type":"BreadcrumbList","@id":"https:\/\/abd.ong\/ca\/inclusio-i-pobresa\/el-projecte-endehuanna-promou-lacces-a-la-cultura-amb-una-sortida-al-poble-espanyol\/#breadcrumb","itemListElement":[{"@type":"ListItem","position":1,"name":"Inici","item":"https:\/\/abd.ong\/ca\/"},{"@type":"ListItem","position":2,"name":"El projecte Enheduanna promou l&#8217;acc\u00e9s a la cultura amb una sortida al Poble Espanyol"}]},{"@type":"WebSite","@id":"https:\/\/abd.ong\/ca\/#website","url":"https:\/\/abd.ong\/ca\/","name":"ABD","description":"Asociaci\u00f3n Bienestar y Desarrollo","publisher":{"@id":"https:\/\/abd.ong\/ca\/#organization"},"potentialAction":[{"@type":"SearchAction","target":{"@type":"EntryPoint","urlTemplate":"https:\/\/abd.ong\/ca\/?s={search_term_string}"},"query-input":{"@type":"PropertyValueSpecification","valueRequired":true,"valueName":"search_term_string"}}],"inLanguage":"ca"},{"@type":"Organization","@id":"https:\/\/abd.ong\/ca\/#organization","name":"Associaci\u00f3 Benestar i Desenvolupament","alternateName":"ABD","url":"https:\/\/abd.ong\/ca\/","logo":{"@type":"ImageObject","inLanguage":"ca","@id":"https:\/\/abd.ong\/ca\/#\/schema\/logo\/image\/","url":"https:\/\/abd.ong\/wp-content\/uploads\/2023\/01\/Icona.png","contentUrl":"https:\/\/abd.ong\/wp-content\/uploads\/2023\/01\/Icona.png","width":190,"height":187,"caption":"Associaci\u00f3 Benestar i Desenvolupament"},"image":{"@id":"https:\/\/abd.ong\/ca\/#\/schema\/logo\/image\/"},"sameAs":["https:\/\/www.facebook.com\/abd.ong","https:\/\/x.com\/abd_ong","https:\/\/www.instagram.com\/abd_ong\/","https:\/\/www.linkedin.com\/company\/abdong","https:\/\/www.youtube.com\/user\/CANALABD"]},{"@type":"Person","@id":"https:\/\/abd.ong\/ca\/#\/schema\/person\/d0f5fe279a7ad908de6a6d1332bfd7d8","name":"Enric Guinart"}]}},"_links":{"self":[{"href":"https:\/\/abd.ong\/ca\/wp-json\/wp\/v2\/posts\/173186","targetHints":{"allow":["GET"]}}],"collection":[{"href":"https:\/\/abd.ong\/ca\/wp-json\/wp\/v2\/posts"}],"about":[{"href":"https:\/\/abd.ong\/ca\/wp-json\/wp\/v2\/types\/post"}],"author":[{"embeddable":true,"href":"https:\/\/abd.ong\/ca\/wp-json\/wp\/v2\/users\/2"}],"replies":[{"embeddable":true,"href":"https:\/\/abd.ong\/ca\/wp-json\/wp\/v2\/comments?post=173186"}],"version-history":[{"count":3,"href":"https:\/\/abd.ong\/ca\/wp-json\/wp\/v2\/posts\/173186\/revisions"}],"predecessor-version":[{"id":173253,"href":"https:\/\/abd.ong\/ca\/wp-json\/wp\/v2\/posts\/173186\/revisions\/173253"}],"wp:featuredmedia":[{"embeddable":true,"href":"https:\/\/abd.ong\/ca\/wp-json\/wp\/v2\/media\/173185"}],"wp:attachment":[{"href":"https:\/\/abd.ong\/ca\/wp-json\/wp\/v2\/media?parent=173186"}],"wp:term":[{"taxonomy":"category","embeddable":true,"href":"https:\/\/abd.ong\/ca\/wp-json\/wp\/v2\/categories?post=173186"},{"taxonomy":"post_tag","embeddable":true,"href":"https:\/\/abd.ong\/ca\/wp-json\/wp\/v2\/tags?post=173186"}],"curies":[{"name":"wp","href":"https:\/\/api.w.org\/{rel}","templated":true}]}}