{"id":173074,"date":"2025-11-25T13:27:01","date_gmt":"2025-11-25T12:27:01","guid":{"rendered":"https:\/\/abd.ong\/?p=173074"},"modified":"2025-11-25T14:17:17","modified_gmt":"2025-11-25T13:17:17","slug":"abd-als-mitjans-de-comunicacio-al-novembre-7","status":"publish","type":"post","link":"https:\/\/abd.ong\/ca\/general-ca\/abd-als-mitjans-de-comunicacio-al-novembre-7\/","title":{"rendered":"ABD\u00a0als mitjans de comunicaci\u00f3 al novembre"},"content":{"rendered":"\n<p>El <strong><a href=\"https:\/\/abd.ong\/ca\/\" target=\"_blank\" rel=\"noreferrer noopener\">Grup\u00a0ABD<\/a><\/strong>\u00a0ha estat present en els mitjans de comunicaci\u00f3 durant aquest mes de novembre. A continuaci\u00f3, el resum de premsa de les not\u00edcies, articles i reportatges en els quals hem participat com a organitzaci\u00f3.<\/p>\n\n\n\n<div style=\"height:100px\" aria-hidden=\"true\" class=\"wp-block-spacer\"><\/div>\n\n\n\n<p><strong><strong>2\/11\/2025 &#8211; El Espa\u00f1ol<\/strong><\/strong><\/p>\n\n\n\n<p>&#8220;<strong>Hola Atenea<\/strong>&#8221; \u00e9s la frase m\u00e0gica amb qu\u00e8 l\u2019usuari inicia la conversa amb la IA generativa d\u2019ATENEA AtDom al seu domicili, que li permet estar connectat permanentment i en temps real amb el sistema sanitari. L\u2019evoluci\u00f3 del programa ATENEA, sorgit de la <strong>col\u00b7laboraci\u00f3 p\u00fablicoprivada<\/strong> entre la Generalitat de <strong>Catalunya<\/strong> i l\u2019empresa Momentum Analytics l\u2019any 2023, t\u00e9 com a objectiu acabar amb la bretxa digital entre la gent gran i el sistema de salut, oferint-los un acc\u00e9s senzill, r\u00e0pid i segur simplement a trav\u00e9s de la veu.<\/p>\n\n\n\n<p><a href=\"https:\/\/www.elespanol.com\/invertia\/disruptores\/autonomias\/cataluna\/20251102\/ia-generativa-romper-brecha-digital-mayores-mejorar-atencion-sanitaria-domicilio\/1003743988846_0.html\" target=\"_blank\" rel=\"noreferrer noopener\">IA generativa para romper la brecha digital entre los mayores y mejorar la atenci\u00f3n sanitaria a domicilio<\/a><\/p>\n\n\n\n<figure class=\"wp-block-image size-full\"><img decoding=\"async\" src=\"https:\/\/abd.ong\/wp-content\/uploads\/2025\/11\/1003743989025_259617628_1706x960.webp\" alt=\"\" class=\"wp-image-173090\"\/><\/figure>\n\n\n\n<div style=\"height:40px\" aria-hidden=\"true\" class=\"wp-block-spacer\"><\/div>\n\n\n\n<p><strong><strong>4\/11\/2025 &#8211; 3cat<\/strong><\/strong><\/p>\n\n\n\n<p>Un documental que aborda temes tan sensibles com les addiccions i les seves conseq\u00fc\u00e8ncies, a trav\u00e9s de testimonis i de projectes que treballen per a la recuperaci\u00f3 i la inclusi\u00f3 social. Hi participen persones usu\u00e0ries del nostre programa El <strong><a href=\"https:\/\/abd.ong\/programas\/jardi-fenix\/\" target=\"_blank\" rel=\"noreferrer noopener\">Jard\u00ed F\u00e8nix<\/a><\/strong>, una iniciativa d\u2019agricultura urbana que promou la inserci\u00f3 sociolaboral de persones en tractament per drogodepend\u00e8ncies, i tamb\u00e9 del projecte esportiu <strong><a href=\"https:\/\/abd.ong\/programas\/fight4fun\/\">Fight4Fun<\/a><\/strong>, que ofereix boxa amb acompanyament rehabilitador i utilitza l\u2019activitat f\u00edsica com a eina de superaci\u00f3. Una mirada necess\u00e0ria per entendre i recon\u00e8ixer la tasca de tantes persones i entitats compromeses amb la rehabilitaci\u00f3, la dignitat i les segones oportunitats.<\/p>\n\n\n\n<p><a href=\"https:\/\/www.3cat.cat\/3cat\/memoria-de-lheroina\/video\/6367197\/\" target=\"_blank\" rel=\"noreferrer noopener\">Memoria de la hero\u00edna<\/a><\/p>\n\n\n\n<figure class=\"wp-block-image size-full\"><img decoding=\"async\" src=\"https:\/\/abd.ong\/wp-content\/uploads\/2025\/11\/banner-web-abd-6.png\" alt=\"\" class=\"wp-image-173091\"\/><\/figure>\n\n\n\n<div style=\"height:40px\" aria-hidden=\"true\" class=\"wp-block-spacer\"><\/div>\n\n\n\n<p><strong><strong>5\/11\/2025 &#8211; El Peri\u00f3dico<\/strong><\/strong><\/p>\n\n\n\n<p>La Generalitat ha presentat aquest dimecres, en el marc de la <strong>Smart City Expo World Congress<\/strong>, la <strong>nova intel\u00b7lig\u00e8ncia artificial generativa ATENEA AtDom<\/strong> sota el lema \u201cla IA que cura\u201d. El projecte, donat a con\u00e8ixer al recinte de la <strong>Fira Gran Via de Barcelona<\/strong>, \u00e9s un servei destinat a millorar el <strong>Programa d\u2019Atenci\u00f3 Domicili\u00e0ria<\/strong>, la cura de la gent gran i el <strong>servei sanitari<\/strong>.<\/p>\n\n\n\n<p><a href=\"https:\/\/www.elperiodico.com\/es\/sociedad\/20251105\/catalunya-presenta-atenea-atdom-smart-city-congress-reloj-inteligente-inteligencia-artificial-123385910\" target=\"_blank\" rel=\"noreferrer noopener\">Catalu\u00f1a estrena una IA para facilitar las gestiones cotidianas a las personas mayores: \u2018Es como un familiar virtual\u2019<\/a><\/p>\n\n\n\n<figure class=\"wp-block-image size-full\"><img decoding=\"async\" src=\"https:\/\/abd.ong\/wp-content\/uploads\/2025\/11\/SAM_4885-2.jpg\" alt=\"\" class=\"wp-image-173092\"\/><\/figure>\n\n\n\n<div style=\"height:40px\" aria-hidden=\"true\" class=\"wp-block-spacer\"><\/div>\n\n\n\n<p><strong><strong>6\/11\/2025 &#8211; COPE<\/strong><\/strong><\/p>\n\n\n\n<p>Claudio Vidal, director d\u2019<strong>Energy Control<\/strong>, analitza en profunditat les darreres dades publicades pel Govern sobre el descens del consum de drogues entre la poblaci\u00f3 jove, oferint una visi\u00f3 experta sobre les possibles causes, els canvis en els patrons de consum i els reptes que encara queden per abordar en mat\u00e8ria de prevenci\u00f3 i salut p\u00fablica.<\/p>\n\n\n\n<p><a href=\"https:\/\/www.cope.es\/programas\/la-linterna\/el-tema-del-dia\/episodios\/desciende-consumo-drogas-espana-20251106_3247309.html\" target=\"_blank\" rel=\"noreferrer noopener\">Desciende el consumo de drogas en Espa\u00f1a<\/a><\/p>\n\n\n\n<figure class=\"wp-block-image size-full\"><img decoding=\"async\" src=\"https:\/\/abd.ong\/wp-content\/uploads\/2025\/11\/Persones-Fons-Corporatiu-7.png\" alt=\"\" class=\"wp-image-173093\"\/><\/figure>\n\n\n\n<div style=\"height:40px\" aria-hidden=\"true\" class=\"wp-block-spacer\"><\/div>\n\n\n\n<p><strong><strong>10\/11\/2025 &#8211; beteve<\/strong><\/strong><\/p>\n\n\n\n<p>\u00c0ngels Guiteras, presidenta de la <strong><a href=\"https:\/\/www.fcd.cat\/\" target=\"_blank\" rel=\"noreferrer noopener\">Federaci\u00f3 Catalana de Drogodepend\u00e8ncies i altres addiccions<\/a><\/strong>, ha assegurat en una entrevista al <em>b\u00e0sics<\/em> que les drogues sempre han estat i estaran presents, i que \u00e9s important que hi hagi una feina conjunta i corresponsable per millorar els serveis de prevenci\u00f3, per\u00f2 tamb\u00e9 el tractament i la gesti\u00f3 administrativa. \u201cHem desenvolupat un model municipal d\u2019intervenci\u00f3 en drogodepend\u00e8ncies molt complex que ha estat replicat a Espanya i a Europa\u201d, afirma Guiteras.<\/p>\n\n\n\n<p><a href=\"https:\/\/beteve.cat\/societat\/angels-guiteras-drogodependencies-vetllem-atencio-integral-no-hospitalocentrica\/\" target=\"_blank\" rel=\"noreferrer noopener\">Guiteras, sobre las drogodependencias: \u2018Velamos por una atenci\u00f3n integral, no hospitaloc\u00e9ntrica<\/a><\/p>\n\n\n\n<figure class=\"wp-block-image size-full\"><img decoding=\"async\" src=\"https:\/\/abd.ong\/wp-content\/uploads\/2025\/11\/G5dxuxXW4AAOvOM.jpg\" alt=\"\" class=\"wp-image-173094\"\/><\/figure>\n\n\n\n<div style=\"height:40px\" aria-hidden=\"true\" class=\"wp-block-spacer\"><\/div>\n\n\n\n<p><strong>10\/10\/2025 &#8211; Diario de Tarragona<\/strong><\/p>\n\n\n\n<p>Segons la <strong><a href=\"https:\/\/www.fcd.cat\/\" target=\"_blank\" rel=\"noreferrer noopener\">Federaci\u00f3 Catalana de Drogodepend\u00e8ncies i Altres Addiccions (FCD)<\/a><\/strong>, les llistes d\u2019espera per al CAS ,centres especialitzats que atenen de manera ambulat\u00f2ria les persones que demanen iniciar un tractament per una addicci\u00f3, s\u00f3n cada vegada m\u00e9s grans. \u201cEl sistema est\u00e0 tensionat i al l\u00edmit de la seva capacitat\u201d, assegura la presidenta de la Federaci\u00f3, \u00c0ngels Guiteras, que sost\u00e9 que les persones amb addiccions han d\u2019esperar mesos per comen\u00e7ar la desintoxicaci\u00f3 arreu del territori catal\u00e0.<\/p>\n\n\n\n<p><a href=\"https:\/\/www.ara.cat\/societat\/salut\/fins-cinc-mesos-d-espera-tractar-l-addiccio-cocaina_1_5558303.html\" target=\"_blank\" rel=\"noreferrer noopener\">Hasta cinco meses de espera para tratar la adicci\u00f3n a la coca\u00edna.<\/a><\/p>\n\n\n\n<figure class=\"wp-block-image size-full\"><img decoding=\"async\" src=\"https:\/\/abd.ong\/wp-content\/uploads\/2025\/11\/SAM_5066.jpg\" alt=\"\" class=\"wp-image-173095\"\/><\/figure>\n\n\n\n<div style=\"height:40px\" aria-hidden=\"true\" class=\"wp-block-spacer\"><\/div>\n\n\n\n<p><strong><strong>14\/11\/2025 &#8211; Social.cat<\/strong><\/strong><\/p>\n\n\n\n<p>Llegeix l\u2019article del director de l\u2019\u00c0rea de Drogues del <strong>Grup ABD<\/strong>, <strong>Josep Rovira<\/strong>, sobre els reptes actuals en prevenci\u00f3, atenci\u00f3 i acompanyament relacionats amb el consum d\u2019alcohol.<\/p>\n\n\n\n<p><a href=\"https:\/\/www.social.cat\/opinio\/24130\/reconeixer-entendre-i-cuidar-repensar-relacio-alcohol\" target=\"_blank\" rel=\"noreferrer noopener\">Reconocer, entender y cuidar: repensar la relaci\u00f3n con el alcohol<\/a><\/p>\n\n\n\n<figure class=\"wp-block-image size-full\"><img decoding=\"async\" src=\"https:\/\/abd.ong\/wp-content\/uploads\/2025\/11\/Persones-Fons-Corporatiu-8.png\" alt=\"\" class=\"wp-image-173096\"\/><\/figure>\n\n\n\n<div style=\"height:40px\" aria-hidden=\"true\" class=\"wp-block-spacer\"><\/div>\n\n\n\n<p><strong><strong>19\/11\/2025 &#8211; UAB<\/strong><\/strong><\/p>\n\n\n\n<p>En el marc del projecte europeu <strong>EDU4SDG<\/strong>, el pr\u00f2xim <strong>2 de desembre de 10 a 11 h<\/strong> la <strong>UAB<\/strong> acollir\u00e0 el seminari en l\u00ednia <em>\u00abHEIs-NGOs Cooperation for the SDGs. Insights from UAB and ABDs\u00bb<\/em>, centrat en la col\u00b7laboraci\u00f3 entre universitats i entitats del tercer sector per avan\u00e7ar en l\u2019assoliment dels Objectius de Desenvolupament Sostenible (ODS). La sessi\u00f3 comptar\u00e0 amb la participaci\u00f3 de la UAB i de l\u2019Associaci\u00f3 Benestar i Desenvolupament (ABD).<\/p>\n\n\n\n<p><\/p>\n\n\n\n<figure class=\"wp-block-image size-full\"><img decoding=\"async\" src=\"https:\/\/abd.ong\/wp-content\/uploads\/2025\/11\/Sin-titulo-480-x-270-px-1.png\" alt=\"\" class=\"wp-image-173097\"\/><\/figure>\n\n\n\n<div style=\"height:40px\" aria-hidden=\"true\" class=\"wp-block-spacer\"><\/div>\n\n\n\n<p><strong>22\/10\/2025 &#8211; La Directa<\/strong><\/p>\n\n\n\n<p>Al programa tamb\u00e9 es parla d\u2019un <strong>obstacle central<\/strong>: la <strong>impossibilitat d\u2019accedir als albergs en situaci\u00f3 de consum actiu<\/strong> \u2014a Barcelona hi ha m\u00e9s de 1.500 persones vivint al carrer\u2014. Durant la pand\u00e8mia, la manca d\u2019un recurs d\u2019aquestes caracter\u00edstiques va portar diverses professionals de l\u2019<strong>Associaci\u00f3 Benestar i Desenvolupament (ABD)<\/strong> a impulsar la creaci\u00f3 d\u2019un alberg. Despr\u00e9s del confinament, van aconseguir <strong>traslladar-se de manera permanent al barri del Baix Guinard\u00f3<\/strong>. All\u00e0, a l\u2019antic <strong>Hotel Aristol<\/strong>, funciona avui el <strong>Centre Residencial Integral (CRI) La Galena<\/strong>, on conviuen unes <strong>45 persones<\/strong> amb m\u00e9s de <strong>40 professionals<\/strong>.<\/p>\n\n\n\n<p><a href=\"https:\/\/directa.cat\/reduir-danys-en-lloc-de-limitar-drets-a-les-persones-amb-consum-actiu-de-drogues\/\" target=\"_blank\" rel=\"noreferrer noopener\"><strong>Reduir danys en lloc de limitar els drets de les persones amb consum actiu de drogues.<\/strong><\/a><\/p>\n\n\n\n<figure class=\"wp-block-image size-full\"><img fetchpriority=\"high\" decoding=\"async\" width=\"1440\" height=\"955\" src=\"https:\/\/abd.ong\/wp-content\/uploads\/2025\/10\/reduccio_danys_JULIA_MOLINS_00.jpg\" alt=\"\" class=\"wp-image-172496\" srcset=\"https:\/\/abd.ong\/wp-content\/uploads\/2025\/10\/reduccio_danys_JULIA_MOLINS_00.jpg 1440w, https:\/\/abd.ong\/wp-content\/uploads\/2025\/10\/reduccio_danys_JULIA_MOLINS_00-300x199.jpg 300w, https:\/\/abd.ong\/wp-content\/uploads\/2025\/10\/reduccio_danys_JULIA_MOLINS_00-1024x679.jpg 1024w, https:\/\/abd.ong\/wp-content\/uploads\/2025\/10\/reduccio_danys_JULIA_MOLINS_00-768x509.jpg 768w\" sizes=\"(max-width: 1440px) 100vw, 1440px\" \/><\/figure>\n\n\n\n<div style=\"height:40px\" aria-hidden=\"true\" class=\"wp-block-spacer\"><\/div>\n\n\n\n<p><strong>28\/10\/2025 &#8211; Zamora 24 Horas<\/strong><\/p>\n\n\n\n<p>La <strong>Diputaci\u00f3 Provincial de Zamora<\/strong> va celebrar la primera sessi\u00f3 de tarda del <strong>VII Congr\u00e9s Internacional Silver Economy<\/strong>, centrada en la <strong>seguretat i la protecci\u00f3 jur\u00eddica de les persones grans i amb discapacitat<\/strong>. Diversos experts van analitzar els <strong>reptes que afronten les persones grans<\/strong> davant situacions de vulnerabilitat i la necessitat de <strong>prevenir fraus i abusos<\/strong>. La sessi\u00f3 va concloure amb la intervenci\u00f3 de <strong>Pilar Rodr\u00edguez Benito<\/strong>, de la <strong>Unitat Operativa Sociosanit\u00e0ria del Grup ABD<\/strong>, que va destacar la <strong>import\u00e0ncia de garantir els drets, l\u2019acompanyament i una atenci\u00f3 integral<\/strong> des d\u2019una perspectiva <strong>social i sanit\u00e0ria<\/strong>.<\/p>\n\n\n\n<p><a href=\"https:\/\/www.zamora24horas.com\/provincia\/defensa-juridica-personas-mayores-abre_1_2887299.html\" target=\"_blank\" rel=\"noreferrer noopener\"><strong>La defensa jur\u00eddica de les persones grans obre la primera sessi\u00f3 del Congr\u00e9s Internacional Silver Economy a Zamora<\/strong><\/a><\/p>\n\n\n\n<figure class=\"wp-block-image size-full\"><img decoding=\"async\" width=\"2048\" height=\"1152\" src=\"https:\/\/abd.ong\/wp-content\/uploads\/2025\/10\/Persones-Fons-Corporatiu-6.png\" alt=\"\" class=\"wp-image-172500\" srcset=\"https:\/\/abd.ong\/wp-content\/uploads\/2025\/10\/Persones-Fons-Corporatiu-6.png 2048w, https:\/\/abd.ong\/wp-content\/uploads\/2025\/10\/Persones-Fons-Corporatiu-6-300x169.png 300w, https:\/\/abd.ong\/wp-content\/uploads\/2025\/10\/Persones-Fons-Corporatiu-6-1024x576.png 1024w, https:\/\/abd.ong\/wp-content\/uploads\/2025\/10\/Persones-Fons-Corporatiu-6-768x432.png 768w, https:\/\/abd.ong\/wp-content\/uploads\/2025\/10\/Persones-Fons-Corporatiu-6-1536x864.png 1536w\" sizes=\"(max-width: 2048px) 100vw, 2048px\" \/><\/figure>\n\n\n\n<div style=\"height:40px\" aria-hidden=\"true\" class=\"wp-block-spacer\"><\/div>\n\n\n\n<p><\/p>\n","protected":false},"excerpt":{"rendered":"<p>El Grup\u00a0ABD\u00a0ha estat present en els mitjans de comunicaci\u00f3 durant aquest mes de novembre. A continuaci\u00f3, el resum de premsa de les not\u00edcies, articles i reportatges en els quals hem&hellip;<\/p>\n","protected":false},"author":12,"featured_media":173089,"comment_status":"closed","ping_status":"closed","sticky":false,"template":"","format":"standard","meta":{"_acf_changed":false,"footnotes":""},"categories":[66],"tags":[1897,675,2928,2299,2300],"class_list":["post-173074","post","type-post","status-publish","format-standard","has-post-thumbnail","hentry","category-general-ca","tag-abd-2-ca","tag-asociacion-bienestar-y-desarrollo-ca","tag-associacio-benestar-i-desenvolupament-ca-2","tag-mitjans-de-comunicacio-ca","tag-noticies-ca"],"acf":[],"yoast_head":"<!-- This site is optimized with the Yoast SEO plugin v27.4 - https:\/\/yoast.com\/product\/yoast-seo-wordpress\/ -->\n<title>ABD\u00a0als mitjans de comunicaci\u00f3 al novembre - ABD<\/title>\n<meta name=\"description\" content=\"El Grup\u00a0ABD\u00a0ha estat present en els mitjans de comunicaci\u00f3 durant aquest mes de novembre. A continuaci\u00f3, el resum de premsa de les not\u00edcies, articles i\" \/>\n<meta name=\"robots\" content=\"index, follow, max-snippet:-1, max-image-preview:large, max-video-preview:-1\" \/>\n<link rel=\"canonical\" href=\"https:\/\/abd.ong\/ca\/general-ca\/abd-als-mitjans-de-comunicacio-al-novembre-7\/\" \/>\n<meta property=\"og:locale\" content=\"ca_ES\" \/>\n<meta property=\"og:type\" content=\"article\" \/>\n<meta property=\"og:title\" content=\"ABD\u00a0als mitjans de comunicaci\u00f3 al novembre - ABD\" \/>\n<meta property=\"og:description\" content=\"El Grup\u00a0ABD\u00a0ha estat present en els mitjans de comunicaci\u00f3 durant aquest mes de novembre. A continuaci\u00f3, el resum de premsa de les not\u00edcies, articles i\" \/>\n<meta property=\"og:url\" content=\"https:\/\/abd.ong\/ca\/general-ca\/abd-als-mitjans-de-comunicacio-al-novembre-7\/\" \/>\n<meta property=\"og:site_name\" content=\"ABD\" \/>\n<meta property=\"article:publisher\" content=\"https:\/\/www.facebook.com\/abd.ong\" \/>\n<meta property=\"article:published_time\" content=\"2025-11-25T12:27:01+00:00\" \/>\n<meta property=\"article:modified_time\" content=\"2025-11-25T13:17:17+00:00\" \/>\n<meta property=\"og:image\" content=\"https:\/\/abd.ong\/wp-content\/uploads\/2025\/09\/Actualizacion-de-la-Direccion-del-Centro-MEDIACYL-BURGOS-3.png\" \/>\n\t<meta property=\"og:image:width\" content=\"2048\" \/>\n\t<meta property=\"og:image:height\" content=\"1152\" \/>\n\t<meta property=\"og:image:type\" content=\"image\/png\" \/>\n<meta name=\"author\" content=\"Francesc Balart\" \/>\n<meta name=\"twitter:card\" content=\"summary_large_image\" \/>\n<meta name=\"twitter:image\" content=\"https:\/\/abd.ong\/wp-content\/uploads\/2025\/09\/Actualizacion-de-la-Direccion-del-Centro-MEDIACYL-BURGOS-3.png\" \/>\n<meta name=\"twitter:creator\" content=\"@abd_ong\" \/>\n<meta name=\"twitter:site\" content=\"@abd_ong\" \/>\n<meta name=\"twitter:label1\" content=\"Escrit per\" \/>\n\t<meta name=\"twitter:data1\" content=\"Francesc Balart\" \/>\n\t<meta name=\"twitter:label2\" content=\"Temps estimat de lectura\" \/>\n\t<meta name=\"twitter:data2\" content=\"8 minuts\" \/>\n<script type=\"application\/ld+json\" class=\"yoast-schema-graph\">{\"@context\":\"https:\\\/\\\/schema.org\",\"@graph\":[{\"@type\":\"Article\",\"@id\":\"https:\\\/\\\/abd.ong\\\/ca\\\/general-ca\\\/abd-als-mitjans-de-comunicacio-al-novembre-7\\\/#article\",\"isPartOf\":{\"@id\":\"https:\\\/\\\/abd.ong\\\/ca\\\/general-ca\\\/abd-als-mitjans-de-comunicacio-al-novembre-7\\\/\"},\"author\":{\"name\":\"Francesc Balart\",\"@id\":\"https:\\\/\\\/abd.ong\\\/ca\\\/#\\\/schema\\\/person\\\/6bb74ed13fc8bdf3a5382c66db14c9ee\"},\"headline\":\"ABD\u00a0als mitjans de comunicaci\u00f3 al novembre\",\"datePublished\":\"2025-11-25T12:27:01+00:00\",\"dateModified\":\"2025-11-25T13:17:17+00:00\",\"mainEntityOfPage\":{\"@id\":\"https:\\\/\\\/abd.ong\\\/ca\\\/general-ca\\\/abd-als-mitjans-de-comunicacio-al-novembre-7\\\/\"},\"wordCount\":1003,\"publisher\":{\"@id\":\"https:\\\/\\\/abd.ong\\\/ca\\\/#organization\"},\"image\":{\"@id\":\"https:\\\/\\\/abd.ong\\\/ca\\\/general-ca\\\/abd-als-mitjans-de-comunicacio-al-novembre-7\\\/#primaryimage\"},\"thumbnailUrl\":\"https:\\\/\\\/abd.ong\\\/wp-content\\\/uploads\\\/2025\\\/11\\\/Actualizacion-de-la-Direccion-del-Centro-MEDIACYL-BURGOS-6.png\",\"keywords\":[\"ABD\",\"Asociaci\u00f3n Bienestar y Desarrollo\",\"Associaci\u00f3 Benestar i Desenvolupament\",\"Mitjans de comunicaci\u00f3\",\"not\u00edcies\"],\"articleSection\":[\"General\"],\"inLanguage\":\"ca\"},{\"@type\":\"WebPage\",\"@id\":\"https:\\\/\\\/abd.ong\\\/ca\\\/general-ca\\\/abd-als-mitjans-de-comunicacio-al-novembre-7\\\/\",\"url\":\"https:\\\/\\\/abd.ong\\\/ca\\\/general-ca\\\/abd-als-mitjans-de-comunicacio-al-novembre-7\\\/\",\"name\":\"ABD\u00a0als mitjans de comunicaci\u00f3 al novembre - ABD\",\"isPartOf\":{\"@id\":\"https:\\\/\\\/abd.ong\\\/ca\\\/#website\"},\"primaryImageOfPage\":{\"@id\":\"https:\\\/\\\/abd.ong\\\/ca\\\/general-ca\\\/abd-als-mitjans-de-comunicacio-al-novembre-7\\\/#primaryimage\"},\"image\":{\"@id\":\"https:\\\/\\\/abd.ong\\\/ca\\\/general-ca\\\/abd-als-mitjans-de-comunicacio-al-novembre-7\\\/#primaryimage\"},\"thumbnailUrl\":\"https:\\\/\\\/abd.ong\\\/wp-content\\\/uploads\\\/2025\\\/11\\\/Actualizacion-de-la-Direccion-del-Centro-MEDIACYL-BURGOS-6.png\",\"datePublished\":\"2025-11-25T12:27:01+00:00\",\"dateModified\":\"2025-11-25T13:17:17+00:00\",\"description\":\"El Grup\u00a0ABD\u00a0ha estat present en els mitjans de comunicaci\u00f3 durant aquest mes de novembre. A continuaci\u00f3, el resum de premsa de les not\u00edcies, articles i\",\"breadcrumb\":{\"@id\":\"https:\\\/\\\/abd.ong\\\/ca\\\/general-ca\\\/abd-als-mitjans-de-comunicacio-al-novembre-7\\\/#breadcrumb\"},\"inLanguage\":\"ca\",\"potentialAction\":[{\"@type\":\"ReadAction\",\"target\":[\"https:\\\/\\\/abd.ong\\\/ca\\\/general-ca\\\/abd-als-mitjans-de-comunicacio-al-novembre-7\\\/\"]}]},{\"@type\":\"ImageObject\",\"inLanguage\":\"ca\",\"@id\":\"https:\\\/\\\/abd.ong\\\/ca\\\/general-ca\\\/abd-als-mitjans-de-comunicacio-al-novembre-7\\\/#primaryimage\",\"url\":\"https:\\\/\\\/abd.ong\\\/wp-content\\\/uploads\\\/2025\\\/11\\\/Actualizacion-de-la-Direccion-del-Centro-MEDIACYL-BURGOS-6.png\",\"contentUrl\":\"https:\\\/\\\/abd.ong\\\/wp-content\\\/uploads\\\/2025\\\/11\\\/Actualizacion-de-la-Direccion-del-Centro-MEDIACYL-BURGOS-6.png\",\"width\":2048,\"height\":1152},{\"@type\":\"BreadcrumbList\",\"@id\":\"https:\\\/\\\/abd.ong\\\/ca\\\/general-ca\\\/abd-als-mitjans-de-comunicacio-al-novembre-7\\\/#breadcrumb\",\"itemListElement\":[{\"@type\":\"ListItem\",\"position\":1,\"name\":\"Inici\",\"item\":\"https:\\\/\\\/abd.ong\\\/ca\\\/\"},{\"@type\":\"ListItem\",\"position\":2,\"name\":\"ABD\u00a0als mitjans de comunicaci\u00f3 al novembre\"}]},{\"@type\":\"WebSite\",\"@id\":\"https:\\\/\\\/abd.ong\\\/ca\\\/#website\",\"url\":\"https:\\\/\\\/abd.ong\\\/ca\\\/\",\"name\":\"ABD\",\"description\":\"Asociaci\u00f3n Bienestar y Desarrollo\",\"publisher\":{\"@id\":\"https:\\\/\\\/abd.ong\\\/ca\\\/#organization\"},\"potentialAction\":[{\"@type\":\"SearchAction\",\"target\":{\"@type\":\"EntryPoint\",\"urlTemplate\":\"https:\\\/\\\/abd.ong\\\/ca\\\/?s={search_term_string}\"},\"query-input\":{\"@type\":\"PropertyValueSpecification\",\"valueRequired\":true,\"valueName\":\"search_term_string\"}}],\"inLanguage\":\"ca\"},{\"@type\":\"Organization\",\"@id\":\"https:\\\/\\\/abd.ong\\\/ca\\\/#organization\",\"name\":\"Associaci\u00f3 Benestar i Desenvolupament\",\"alternateName\":\"ABD\",\"url\":\"https:\\\/\\\/abd.ong\\\/ca\\\/\",\"logo\":{\"@type\":\"ImageObject\",\"inLanguage\":\"ca\",\"@id\":\"https:\\\/\\\/abd.ong\\\/ca\\\/#\\\/schema\\\/logo\\\/image\\\/\",\"url\":\"https:\\\/\\\/abd.ong\\\/wp-content\\\/uploads\\\/2023\\\/01\\\/Icona.png\",\"contentUrl\":\"https:\\\/\\\/abd.ong\\\/wp-content\\\/uploads\\\/2023\\\/01\\\/Icona.png\",\"width\":190,\"height\":187,\"caption\":\"Associaci\u00f3 Benestar i Desenvolupament\"},\"image\":{\"@id\":\"https:\\\/\\\/abd.ong\\\/ca\\\/#\\\/schema\\\/logo\\\/image\\\/\"},\"sameAs\":[\"https:\\\/\\\/www.facebook.com\\\/abd.ong\",\"https:\\\/\\\/x.com\\\/abd_ong\",\"https:\\\/\\\/www.instagram.com\\\/abd_ong\\\/\",\"https:\\\/\\\/www.linkedin.com\\\/company\\\/abdong\",\"https:\\\/\\\/www.youtube.com\\\/user\\\/CANALABD\"]},{\"@type\":\"Person\",\"@id\":\"https:\\\/\\\/abd.ong\\\/ca\\\/#\\\/schema\\\/person\\\/6bb74ed13fc8bdf3a5382c66db14c9ee\",\"name\":\"Francesc Balart\"}]}<\/script>\n<!-- \/ Yoast SEO plugin. -->","yoast_head_json":{"title":"ABD\u00a0als mitjans de comunicaci\u00f3 al novembre - ABD","description":"El Grup\u00a0ABD\u00a0ha estat present en els mitjans de comunicaci\u00f3 durant aquest mes de novembre. A continuaci\u00f3, el resum de premsa de les not\u00edcies, articles i","robots":{"index":"index","follow":"follow","max-snippet":"max-snippet:-1","max-image-preview":"max-image-preview:large","max-video-preview":"max-video-preview:-1"},"canonical":"https:\/\/abd.ong\/ca\/general-ca\/abd-als-mitjans-de-comunicacio-al-novembre-7\/","og_locale":"ca_ES","og_type":"article","og_title":"ABD\u00a0als mitjans de comunicaci\u00f3 al novembre - ABD","og_description":"El Grup\u00a0ABD\u00a0ha estat present en els mitjans de comunicaci\u00f3 durant aquest mes de novembre. A continuaci\u00f3, el resum de premsa de les not\u00edcies, articles i","og_url":"https:\/\/abd.ong\/ca\/general-ca\/abd-als-mitjans-de-comunicacio-al-novembre-7\/","og_site_name":"ABD","article_publisher":"https:\/\/www.facebook.com\/abd.ong","article_published_time":"2025-11-25T12:27:01+00:00","article_modified_time":"2025-11-25T13:17:17+00:00","og_image":[{"width":2048,"height":1152,"url":"https:\/\/abd.ong\/wp-content\/uploads\/2025\/09\/Actualizacion-de-la-Direccion-del-Centro-MEDIACYL-BURGOS-3.png","type":"image\/png"}],"author":"Francesc Balart","twitter_card":"summary_large_image","twitter_image":"https:\/\/abd.ong\/wp-content\/uploads\/2025\/09\/Actualizacion-de-la-Direccion-del-Centro-MEDIACYL-BURGOS-3.png","twitter_creator":"@abd_ong","twitter_site":"@abd_ong","twitter_misc":{"Escrit per":"Francesc Balart","Temps estimat de lectura":"8 minuts"},"schema":{"@context":"https:\/\/schema.org","@graph":[{"@type":"Article","@id":"https:\/\/abd.ong\/ca\/general-ca\/abd-als-mitjans-de-comunicacio-al-novembre-7\/#article","isPartOf":{"@id":"https:\/\/abd.ong\/ca\/general-ca\/abd-als-mitjans-de-comunicacio-al-novembre-7\/"},"author":{"name":"Francesc Balart","@id":"https:\/\/abd.ong\/ca\/#\/schema\/person\/6bb74ed13fc8bdf3a5382c66db14c9ee"},"headline":"ABD\u00a0als mitjans de comunicaci\u00f3 al novembre","datePublished":"2025-11-25T12:27:01+00:00","dateModified":"2025-11-25T13:17:17+00:00","mainEntityOfPage":{"@id":"https:\/\/abd.ong\/ca\/general-ca\/abd-als-mitjans-de-comunicacio-al-novembre-7\/"},"wordCount":1003,"publisher":{"@id":"https:\/\/abd.ong\/ca\/#organization"},"image":{"@id":"https:\/\/abd.ong\/ca\/general-ca\/abd-als-mitjans-de-comunicacio-al-novembre-7\/#primaryimage"},"thumbnailUrl":"https:\/\/abd.ong\/wp-content\/uploads\/2025\/11\/Actualizacion-de-la-Direccion-del-Centro-MEDIACYL-BURGOS-6.png","keywords":["ABD","Asociaci\u00f3n Bienestar y Desarrollo","Associaci\u00f3 Benestar i Desenvolupament","Mitjans de comunicaci\u00f3","not\u00edcies"],"articleSection":["General"],"inLanguage":"ca"},{"@type":"WebPage","@id":"https:\/\/abd.ong\/ca\/general-ca\/abd-als-mitjans-de-comunicacio-al-novembre-7\/","url":"https:\/\/abd.ong\/ca\/general-ca\/abd-als-mitjans-de-comunicacio-al-novembre-7\/","name":"ABD\u00a0als mitjans de comunicaci\u00f3 al novembre - ABD","isPartOf":{"@id":"https:\/\/abd.ong\/ca\/#website"},"primaryImageOfPage":{"@id":"https:\/\/abd.ong\/ca\/general-ca\/abd-als-mitjans-de-comunicacio-al-novembre-7\/#primaryimage"},"image":{"@id":"https:\/\/abd.ong\/ca\/general-ca\/abd-als-mitjans-de-comunicacio-al-novembre-7\/#primaryimage"},"thumbnailUrl":"https:\/\/abd.ong\/wp-content\/uploads\/2025\/11\/Actualizacion-de-la-Direccion-del-Centro-MEDIACYL-BURGOS-6.png","datePublished":"2025-11-25T12:27:01+00:00","dateModified":"2025-11-25T13:17:17+00:00","description":"El Grup\u00a0ABD\u00a0ha estat present en els mitjans de comunicaci\u00f3 durant aquest mes de novembre. A continuaci\u00f3, el resum de premsa de les not\u00edcies, articles i","breadcrumb":{"@id":"https:\/\/abd.ong\/ca\/general-ca\/abd-als-mitjans-de-comunicacio-al-novembre-7\/#breadcrumb"},"inLanguage":"ca","potentialAction":[{"@type":"ReadAction","target":["https:\/\/abd.ong\/ca\/general-ca\/abd-als-mitjans-de-comunicacio-al-novembre-7\/"]}]},{"@type":"ImageObject","inLanguage":"ca","@id":"https:\/\/abd.ong\/ca\/general-ca\/abd-als-mitjans-de-comunicacio-al-novembre-7\/#primaryimage","url":"https:\/\/abd.ong\/wp-content\/uploads\/2025\/11\/Actualizacion-de-la-Direccion-del-Centro-MEDIACYL-BURGOS-6.png","contentUrl":"https:\/\/abd.ong\/wp-content\/uploads\/2025\/11\/Actualizacion-de-la-Direccion-del-Centro-MEDIACYL-BURGOS-6.png","width":2048,"height":1152},{"@type":"BreadcrumbList","@id":"https:\/\/abd.ong\/ca\/general-ca\/abd-als-mitjans-de-comunicacio-al-novembre-7\/#breadcrumb","itemListElement":[{"@type":"ListItem","position":1,"name":"Inici","item":"https:\/\/abd.ong\/ca\/"},{"@type":"ListItem","position":2,"name":"ABD\u00a0als mitjans de comunicaci\u00f3 al novembre"}]},{"@type":"WebSite","@id":"https:\/\/abd.ong\/ca\/#website","url":"https:\/\/abd.ong\/ca\/","name":"ABD","description":"Asociaci\u00f3n Bienestar y Desarrollo","publisher":{"@id":"https:\/\/abd.ong\/ca\/#organization"},"potentialAction":[{"@type":"SearchAction","target":{"@type":"EntryPoint","urlTemplate":"https:\/\/abd.ong\/ca\/?s={search_term_string}"},"query-input":{"@type":"PropertyValueSpecification","valueRequired":true,"valueName":"search_term_string"}}],"inLanguage":"ca"},{"@type":"Organization","@id":"https:\/\/abd.ong\/ca\/#organization","name":"Associaci\u00f3 Benestar i Desenvolupament","alternateName":"ABD","url":"https:\/\/abd.ong\/ca\/","logo":{"@type":"ImageObject","inLanguage":"ca","@id":"https:\/\/abd.ong\/ca\/#\/schema\/logo\/image\/","url":"https:\/\/abd.ong\/wp-content\/uploads\/2023\/01\/Icona.png","contentUrl":"https:\/\/abd.ong\/wp-content\/uploads\/2023\/01\/Icona.png","width":190,"height":187,"caption":"Associaci\u00f3 Benestar i Desenvolupament"},"image":{"@id":"https:\/\/abd.ong\/ca\/#\/schema\/logo\/image\/"},"sameAs":["https:\/\/www.facebook.com\/abd.ong","https:\/\/x.com\/abd_ong","https:\/\/www.instagram.com\/abd_ong\/","https:\/\/www.linkedin.com\/company\/abdong","https:\/\/www.youtube.com\/user\/CANALABD"]},{"@type":"Person","@id":"https:\/\/abd.ong\/ca\/#\/schema\/person\/6bb74ed13fc8bdf3a5382c66db14c9ee","name":"Francesc Balart"}]}},"_links":{"self":[{"href":"https:\/\/abd.ong\/ca\/wp-json\/wp\/v2\/posts\/173074","targetHints":{"allow":["GET"]}}],"collection":[{"href":"https:\/\/abd.ong\/ca\/wp-json\/wp\/v2\/posts"}],"about":[{"href":"https:\/\/abd.ong\/ca\/wp-json\/wp\/v2\/types\/post"}],"author":[{"embeddable":true,"href":"https:\/\/abd.ong\/ca\/wp-json\/wp\/v2\/users\/12"}],"replies":[{"embeddable":true,"href":"https:\/\/abd.ong\/ca\/wp-json\/wp\/v2\/comments?post=173074"}],"version-history":[{"count":2,"href":"https:\/\/abd.ong\/ca\/wp-json\/wp\/v2\/posts\/173074\/revisions"}],"predecessor-version":[{"id":173100,"href":"https:\/\/abd.ong\/ca\/wp-json\/wp\/v2\/posts\/173074\/revisions\/173100"}],"wp:featuredmedia":[{"embeddable":true,"href":"https:\/\/abd.ong\/ca\/wp-json\/wp\/v2\/media\/173089"}],"wp:attachment":[{"href":"https:\/\/abd.ong\/ca\/wp-json\/wp\/v2\/media?parent=173074"}],"wp:term":[{"taxonomy":"category","embeddable":true,"href":"https:\/\/abd.ong\/ca\/wp-json\/wp\/v2\/categories?post=173074"},{"taxonomy":"post_tag","embeddable":true,"href":"https:\/\/abd.ong\/ca\/wp-json\/wp\/v2\/tags?post=173074"}],"curies":[{"name":"wp","href":"https:\/\/api.w.org\/{rel}","templated":true}]}}