{"id":170957,"date":"2025-08-29T10:13:27","date_gmt":"2025-08-29T08:13:27","guid":{"rendered":"https:\/\/abd.ong\/?p=170957"},"modified":"2025-08-29T11:59:32","modified_gmt":"2025-08-29T09:59:32","slug":"abd-als-mitjans-de-comunicacio-a-lagost-4","status":"publish","type":"post","link":"https:\/\/abd.ong\/ca\/general-ca\/abd-als-mitjans-de-comunicacio-a-lagost-4\/","title":{"rendered":"ABD\u00a0als mitjans de comunicaci\u00f3 a l&#8217;agost"},"content":{"rendered":"\n<p>El <strong><a href=\"https:\/\/abd.ong\/ca\/\" target=\"_blank\" rel=\"noreferrer noopener\">Grup&nbsp;ABD<\/a><\/strong>&nbsp;ha estat present en els mitjans de comunicaci\u00f3 durant aquest mes d&#8217;agost. A continuaci\u00f3, el resum de premsa de les not\u00edcies, articles i reportatges en els quals hem participat com a organitzaci\u00f3.<\/p>\n\n\n\n<div style=\"height:100px\" aria-hidden=\"true\" class=\"wp-block-spacer\"><\/div>\n\n\n\n<p><strong><strong>24\/07\/2025 &#8211; jornal.cat<\/strong><\/strong><\/p>\n\n\n\n<p>En el marc del monogr\u00e0fic sobre Transici\u00f3 Energ\u00e8tica Cooperativa, es destaquen dos projectes en qu\u00e8 participa el Grup ABD que lluiten contra la pobresa energ\u00e8tica i la fragilitat social i que tamb\u00e9 reivindiquen l\u2019acc\u00e9s a serveis b\u00e0sics com l\u2019aigua i l\u2019energia per als col\u00b7lectius m\u00e9s vulnerabilitzats: <strong><a href=\"https:\/\/abd.ong\/programas\/energia-justa\/\" target=\"_blank\" rel=\"noreferrer noopener\">Energia Justa<\/a><\/strong> i <strong><a href=\"https:\/\/abd.ong\/programas\/climate-ready-bcn\/\" target=\"_blank\" rel=\"noreferrer noopener\">Climate Ready Barcelona.<\/a><\/strong><\/p>\n\n\n\n<p><a href=\"https:\/\/www.jornal.cat\/noticia\/39219\/exemples-contra-pobresa-energetica\" target=\"_blank\" rel=\"noreferrer noopener\">Cinc iniciatives que lluiten contra la pobresa energ\u00e8tica<\/a><\/p>\n\n\n\n<div style=\"height:15px\" aria-hidden=\"true\" class=\"wp-block-spacer\"><\/div>\n\n\n\n<figure class=\"wp-block-image size-large\"><img fetchpriority=\"high\" decoding=\"async\" width=\"1024\" height=\"540\" src=\"https:\/\/abd.ong\/wp-content\/uploads\/2025\/07\/6113-1024x540.jpg\" alt=\"\" class=\"wp-image-170704\" srcset=\"https:\/\/abd.ong\/wp-content\/uploads\/2025\/07\/6113-1024x540.jpg 1024w, https:\/\/abd.ong\/wp-content\/uploads\/2025\/07\/6113-300x158.jpg 300w, https:\/\/abd.ong\/wp-content\/uploads\/2025\/07\/6113-768x405.jpg 768w, https:\/\/abd.ong\/wp-content\/uploads\/2025\/07\/6113.jpg 1240w\" sizes=\"(max-width: 1024px) 100vw, 1024px\" \/><\/figure>\n\n\n\n<div style=\"height:40px\" aria-hidden=\"true\" class=\"wp-block-spacer\"><\/div>\n\n\n\n<p><strong><strong>27\/07\/2025 &#8211; ABC<\/strong><\/strong><\/p>\n\n\n\n<p><strong>Els fons Next Generation<\/strong> han finan\u00e7at amb <strong>2,3 milions<\/strong>, gestionats pel <strong><a href=\"https:\/\/dretssocials.gencat.cat\/ca\/inici\" target=\"_blank\" rel=\"noreferrer noopener\">Departament de Drets Socials i Inclusi\u00f3 de la Generalitat de Catalunya<\/a><\/strong>, el <strong><a href=\"https:\/\/abd.ong\/programas\/atenea\/\" target=\"_blank\" rel=\"noreferrer noopener\">projecte Atenea<\/a><\/strong>, impulsat per la startup <strong>Momentum Analytics<\/strong> en col\u00b7laboraci\u00f3 amb l\u2019entitat <strong>Grup ABD &#8211; Associaci\u00f3 Benestar i Desenvolupament<\/strong>, que ha completat la seva prova pilot en 500 domicilis de m\u00e9s de 20 municipis catalans.<\/p>\n\n\n\n<p><a href=\"https:\/\/www.abc.es\/economia\/ia-transforma-cuidado-domiciliario-mayores-20250727145902-nt.html#goog_rewarded\" target=\"_blank\" rel=\"noreferrer noopener\">La IA transforma la cura domicili\u00e0ria de les persones grans<\/a><\/p>\n\n\n\n<div style=\"height:15px\" aria-hidden=\"true\" class=\"wp-block-spacer\"><\/div>\n\n\n\n<figure class=\"wp-block-image size-full\"><img decoding=\"async\" width=\"760\" height=\"427\" src=\"https:\/\/abd.ong\/wp-content\/uploads\/2025\/07\/atenea-U47307544354oNO-760x427@diario_abc-1.webp\" alt=\"\" class=\"wp-image-170710\" srcset=\"https:\/\/abd.ong\/wp-content\/uploads\/2025\/07\/atenea-U47307544354oNO-760x427@diario_abc-1.webp 760w, https:\/\/abd.ong\/wp-content\/uploads\/2025\/07\/atenea-U47307544354oNO-760x427@diario_abc-1-300x169.webp 300w\" sizes=\"(max-width: 760px) 100vw, 760px\" \/><\/figure>\n\n\n\n<div style=\"height:40px\" aria-hidden=\"true\" class=\"wp-block-spacer\"><\/div>\n\n\n\n<p><strong><strong>16\/08\/2025 &#8211; ConSalud.es<\/strong><\/strong><\/p>\n\n\n\n<p><strong>Claudio Vidal<\/strong>, director <strong>d\u2019Energy Control<\/strong>, el programa del <strong>Grup ABD<\/strong>, \u00e9s not\u00edcia al diari <strong><a href=\"https:\/\/www.consalud.es\/\" target=\"_blank\" rel=\"noreferrer noopener\">ConSalud.es<\/a> <\/strong>per l\u2019estudi<a href=\"https:\/\/energycontrol.org\/informe-mercados-2025\/\" target=\"_blank\" rel=\"noreferrer noopener\"> <strong>d\u2019Energy Control<\/strong> <\/a>sobre els mercats de drogues a Espanya, que revela que la coca\u00efna i l\u2019MDMA travessen un per\u00edode de m\u00e0xima puresa i m\u00ednima adulteraci\u00f3, la qual cosa incrementa significativament el risc de sobredosi. L\u2019an\u00e0lisi,<em> basat en 17.000 mostres recollides entre 2022 i 2024<\/em>, mostra un augment hist\u00f2ric en la concentraci\u00f3 d\u2019aquestes subst\u00e0ncies, especialment en els comprimits d\u2019\u00e8xtasi, que superen amb freq\u00fc\u00e8ncia els 150 mg d\u2019MDMA.<\/p>\n\n\n\n<p><a href=\"https:\/\/www.consalud.es\/profesionales\/el-mdma-y-la-cocaina-en-maximos-historicos-de-pureza-no-disminuyen-los-riesgos.html\" target=\"_blank\" rel=\"noreferrer noopener\">L\u2019MDMA i la coca\u00efna, en m\u00e0xims hist\u00f2rics de puresa: \u201cEls riscos no disminueixen\u201d<\/a><\/p>\n\n\n\n<div style=\"height:15px\" aria-hidden=\"true\" class=\"wp-block-spacer\"><\/div>\n\n\n\n<figure class=\"wp-block-image size-full\"><img decoding=\"async\" width=\"1177\" height=\"675\" src=\"https:\/\/abd.ong\/wp-content\/uploads\/2025\/08\/articulos-165329-1200x675-1.jpg\" alt=\"\" class=\"wp-image-170959\" srcset=\"https:\/\/abd.ong\/wp-content\/uploads\/2025\/08\/articulos-165329-1200x675-1.jpg 1177w, https:\/\/abd.ong\/wp-content\/uploads\/2025\/08\/articulos-165329-1200x675-1-300x172.jpg 300w, https:\/\/abd.ong\/wp-content\/uploads\/2025\/08\/articulos-165329-1200x675-1-1024x587.jpg 1024w, https:\/\/abd.ong\/wp-content\/uploads\/2025\/08\/articulos-165329-1200x675-1-768x440.jpg 768w\" sizes=\"(max-width: 1177px) 100vw, 1177px\" \/><\/figure>\n\n\n\n<div style=\"height:40px\" aria-hidden=\"true\" class=\"wp-block-spacer\"><\/div>\n\n\n\n<p><strong><strong>20\/08\/2025 &#8211; Social.cat<\/strong><\/strong><\/p>\n\n\n\n<p><strong>M\u00f3nica Plana<\/strong> i <strong>Soazig Noirault<\/strong>, professionals de<strong> l\u2019\u00c0rea d\u2019Inclusi\u00f3 i Pobresa del <a href=\"https:\/\/abd.ong\/ca\/\" target=\"_blank\" rel=\"noreferrer noopener\">Grup ABD<\/a><\/strong>, s\u00f3n not\u00edcia pel seu article publicat al diari <strong><a href=\"https:\/\/www.social.cat\/\" target=\"_blank\" rel=\"noreferrer noopener\">Social.cat<\/a>,<\/strong> titulat <em>&#8220;Contra l\u2019odi, sembrem esperan\u00e7a&#8221;<\/em>, en el qual denuncien els m\u00faltiples obstacles legals, laborals i socials que afronten les persones migrants, especialment les dones, que tot i tenir altes qualificacions acaben abocades a feines prec\u00e0ries i invisibles. Alhora, alerten de com els discursos d\u2019odi amaguen les realitats d\u2019aquestes traject\u00f2ries i reclamen m\u00e9s recursos i voluntats per dignificar vides i construir societats m\u00e9s justes.<\/p>\n\n\n\n<p><a href=\"https:\/\/www.social.cat\/opinio\/23685\/contra-lodi-sembrem-esperanca\" target=\"_blank\" rel=\"noreferrer noopener\">Contra l\u2019odi, sembrem esperan\u00e7a<\/a><\/p>\n\n\n\n<div style=\"height:15px\" aria-hidden=\"true\" class=\"wp-block-spacer\"><\/div>\n\n\n\n<figure class=\"wp-block-image size-large\"><img loading=\"lazy\" decoding=\"async\" width=\"1024\" height=\"683\" src=\"https:\/\/abd.ong\/wp-content\/uploads\/2025\/08\/SAM_2917-1-1024x683.jpg\" alt=\"\" class=\"wp-image-170963\" srcset=\"https:\/\/abd.ong\/wp-content\/uploads\/2025\/08\/SAM_2917-1-1024x683.jpg 1024w, https:\/\/abd.ong\/wp-content\/uploads\/2025\/08\/SAM_2917-1-300x200.jpg 300w, https:\/\/abd.ong\/wp-content\/uploads\/2025\/08\/SAM_2917-1-768x512.jpg 768w, https:\/\/abd.ong\/wp-content\/uploads\/2025\/08\/SAM_2917-1-1536x1024.jpg 1536w, https:\/\/abd.ong\/wp-content\/uploads\/2025\/08\/SAM_2917-1-600x400.jpg 600w, https:\/\/abd.ong\/wp-content\/uploads\/2025\/08\/SAM_2917-1-1920x1280.jpg 1920w, https:\/\/abd.ong\/wp-content\/uploads\/2025\/08\/SAM_2917-1.jpg 2048w\" sizes=\"(max-width: 1024px) 100vw, 1024px\" \/><\/figure>\n\n\n\n<div style=\"height:40px\" aria-hidden=\"true\" class=\"wp-block-spacer\"><\/div>\n\n\n\n<p><strong>29\/08\/2025 &#8211; El Pa\u00eds<\/strong><\/p>\n\n\n\n<p>El programa <strong><a href=\"https:\/\/preinfant.org\/\" target=\"_blank\" rel=\"noreferrer noopener\">Preinfant<\/a><\/strong> del <strong>Grup ABD<\/strong> ha estat not\u00edcia al diari <a href=\"https:\/\/elpais.com\/\" target=\"_blank\" rel=\"noreferrer noopener\"><em><strong>El Pa\u00eds<\/strong><\/em> <\/a>amb l\u2019article titulat: <em>\u00abUn programa que acompanya l\u2019embar\u00e0s durant una maternitat vulnerable: \u201cEstava en un t\u00fanel fosc\u201d\u00bb<\/em>. <strong>Preinfant<\/strong> s\u2019ha consolidat com <strong>un recurs essencial per acompanyar maternats vulnerables<\/strong>,<em> oferint suport psicol\u00f2gic, social i jur\u00eddic i creant una xarxa de protecci\u00f3 per a mares i nadons en situaci\u00f3 de risc.<\/em><\/p>\n\n\n\n<p><a href=\"https:\/\/elpais.com\/sociedad\/2025-08-29\/un-programa-que-acompana-el-embarazo-durante-una-maternidad-vulnerable-estaba-en-un-tunel-oscuro.html\" target=\"_blank\" rel=\"noreferrer noopener\">Un programa que acompanya l\u2019embar\u00e0s durant una maternitat vulnerable: \u201cEstava en un t\u00fanel fosc\u201d<\/a><\/p>\n\n\n\n<figure class=\"wp-block-image size-large\"><img loading=\"lazy\" decoding=\"async\" width=\"1024\" height=\"683\" src=\"https:\/\/abd.ong\/wp-content\/uploads\/2025\/08\/LY5IC5UQINCMVBTZAHG5CFDF2A-1-1024x683.avif\" alt=\"\" class=\"wp-image-171129\" srcset=\"https:\/\/abd.ong\/wp-content\/uploads\/2025\/08\/LY5IC5UQINCMVBTZAHG5CFDF2A-1-1024x683.avif 1024w, https:\/\/abd.ong\/wp-content\/uploads\/2025\/08\/LY5IC5UQINCMVBTZAHG5CFDF2A-1-300x200.avif 300w, https:\/\/abd.ong\/wp-content\/uploads\/2025\/08\/LY5IC5UQINCMVBTZAHG5CFDF2A-1-768x512.avif 768w, https:\/\/abd.ong\/wp-content\/uploads\/2025\/08\/LY5IC5UQINCMVBTZAHG5CFDF2A-1-600x400.avif 600w, https:\/\/abd.ong\/wp-content\/uploads\/2025\/08\/LY5IC5UQINCMVBTZAHG5CFDF2A-1.avif 1200w\" sizes=\"(max-width: 1024px) 100vw, 1024px\" \/><\/figure>\n\n\n\n<p><\/p>\n","protected":false},"excerpt":{"rendered":"<p>El Grup&nbsp;ABD&nbsp;ha estat present en els mitjans de comunicaci\u00f3 durant aquest mes d&#8217;agost. A continuaci\u00f3, el resum de premsa de les not\u00edcies, articles i reportatges en els quals hem participat&hellip;<\/p>\n","protected":false},"author":12,"featured_media":171107,"comment_status":"closed","ping_status":"closed","sticky":false,"template":"","format":"standard","meta":{"_acf_changed":false,"footnotes":""},"categories":[66],"tags":[1897,675,2928,2299,2300],"class_list":["post-170957","post","type-post","status-publish","format-standard","has-post-thumbnail","hentry","category-general-ca","tag-abd-2-ca","tag-asociacion-bienestar-y-desarrollo-ca","tag-associacio-benestar-i-desenvolupament-ca-2","tag-mitjans-de-comunicacio-ca","tag-noticies-ca"],"acf":[],"yoast_head":"<!-- This site is optimized with the Yoast SEO plugin v27.4 - https:\/\/yoast.com\/product\/yoast-seo-wordpress\/ -->\n<title>ABD\u00a0als mitjans de comunicaci\u00f3 a l&#039;agost - ABD<\/title>\n<meta name=\"description\" content=\"El Grup&nbsp;ABD&nbsp;ha estat present en els mitjans de comunicaci\u00f3 durant aquest mes d&#039;agost. A continuaci\u00f3, el resum de premsa de les not\u00edcies,\" \/>\n<meta name=\"robots\" content=\"index, follow, max-snippet:-1, max-image-preview:large, max-video-preview:-1\" \/>\n<link rel=\"canonical\" href=\"https:\/\/abd.ong\/ca\/general-ca\/abd-als-mitjans-de-comunicacio-a-lagost-4\/\" \/>\n<meta property=\"og:locale\" content=\"ca_ES\" \/>\n<meta property=\"og:type\" content=\"article\" \/>\n<meta property=\"og:title\" content=\"ABD\u00a0als mitjans de comunicaci\u00f3 a l&#039;agost - ABD\" \/>\n<meta property=\"og:description\" content=\"El Grup&nbsp;ABD&nbsp;ha estat present en els mitjans de comunicaci\u00f3 durant aquest mes d&#039;agost. A continuaci\u00f3, el resum de premsa de les not\u00edcies,\" \/>\n<meta property=\"og:url\" content=\"https:\/\/abd.ong\/ca\/general-ca\/abd-als-mitjans-de-comunicacio-a-lagost-4\/\" \/>\n<meta property=\"og:site_name\" content=\"ABD\" \/>\n<meta property=\"article:publisher\" content=\"https:\/\/www.facebook.com\/abd.ong\" \/>\n<meta property=\"article:published_time\" content=\"2025-08-29T08:13:27+00:00\" \/>\n<meta property=\"article:modified_time\" content=\"2025-08-29T09:59:32+00:00\" \/>\n<meta property=\"og:image\" content=\"https:\/\/abd.ong\/wp-content\/uploads\/2025\/07\/Actualizacion-de-la-Direccion-del-Centro-MEDIACYL-BURGOS.png\" \/>\n\t<meta property=\"og:image:width\" content=\"2048\" \/>\n\t<meta property=\"og:image:height\" content=\"1152\" \/>\n\t<meta property=\"og:image:type\" content=\"image\/png\" \/>\n<meta name=\"author\" content=\"Francesc Balart\" \/>\n<meta name=\"twitter:card\" content=\"summary_large_image\" \/>\n<meta name=\"twitter:image\" content=\"https:\/\/abd.ong\/wp-content\/uploads\/2025\/07\/Actualizacion-de-la-Direccion-del-Centro-MEDIACYL-BURGOS.png\" \/>\n<meta name=\"twitter:creator\" content=\"@abd_ong\" \/>\n<meta name=\"twitter:site\" content=\"@abd_ong\" \/>\n<meta name=\"twitter:label1\" content=\"Escrit per\" \/>\n\t<meta name=\"twitter:data1\" content=\"Francesc Balart\" \/>\n\t<meta name=\"twitter:label2\" content=\"Temps estimat de lectura\" \/>\n\t<meta name=\"twitter:data2\" content=\"4 minuts\" \/>\n<script type=\"application\/ld+json\" class=\"yoast-schema-graph\">{\"@context\":\"https:\\\/\\\/schema.org\",\"@graph\":[{\"@type\":\"Article\",\"@id\":\"https:\\\/\\\/abd.ong\\\/ca\\\/general-ca\\\/abd-als-mitjans-de-comunicacio-a-lagost-4\\\/#article\",\"isPartOf\":{\"@id\":\"https:\\\/\\\/abd.ong\\\/ca\\\/general-ca\\\/abd-als-mitjans-de-comunicacio-a-lagost-4\\\/\"},\"author\":{\"name\":\"Francesc Balart\",\"@id\":\"https:\\\/\\\/abd.ong\\\/ca\\\/#\\\/schema\\\/person\\\/6bb74ed13fc8bdf3a5382c66db14c9ee\"},\"headline\":\"ABD\u00a0als mitjans de comunicaci\u00f3 a l&#8217;agost\",\"datePublished\":\"2025-08-29T08:13:27+00:00\",\"dateModified\":\"2025-08-29T09:59:32+00:00\",\"mainEntityOfPage\":{\"@id\":\"https:\\\/\\\/abd.ong\\\/ca\\\/general-ca\\\/abd-als-mitjans-de-comunicacio-a-lagost-4\\\/\"},\"wordCount\":512,\"publisher\":{\"@id\":\"https:\\\/\\\/abd.ong\\\/ca\\\/#organization\"},\"image\":{\"@id\":\"https:\\\/\\\/abd.ong\\\/ca\\\/general-ca\\\/abd-als-mitjans-de-comunicacio-a-lagost-4\\\/#primaryimage\"},\"thumbnailUrl\":\"https:\\\/\\\/abd.ong\\\/wp-content\\\/uploads\\\/2025\\\/08\\\/Actualizacion-de-la-Direccion-del-Centro-MEDIACYL-BURGOS-2.png\",\"keywords\":[\"ABD\",\"Asociaci\u00f3n Bienestar y Desarrollo\",\"Associaci\u00f3 Benestar i Desenvolupament\",\"Mitjans de comunicaci\u00f3\",\"not\u00edcies\"],\"articleSection\":[\"General\"],\"inLanguage\":\"ca\"},{\"@type\":\"WebPage\",\"@id\":\"https:\\\/\\\/abd.ong\\\/ca\\\/general-ca\\\/abd-als-mitjans-de-comunicacio-a-lagost-4\\\/\",\"url\":\"https:\\\/\\\/abd.ong\\\/ca\\\/general-ca\\\/abd-als-mitjans-de-comunicacio-a-lagost-4\\\/\",\"name\":\"ABD\u00a0als mitjans de comunicaci\u00f3 a l'agost - ABD\",\"isPartOf\":{\"@id\":\"https:\\\/\\\/abd.ong\\\/ca\\\/#website\"},\"primaryImageOfPage\":{\"@id\":\"https:\\\/\\\/abd.ong\\\/ca\\\/general-ca\\\/abd-als-mitjans-de-comunicacio-a-lagost-4\\\/#primaryimage\"},\"image\":{\"@id\":\"https:\\\/\\\/abd.ong\\\/ca\\\/general-ca\\\/abd-als-mitjans-de-comunicacio-a-lagost-4\\\/#primaryimage\"},\"thumbnailUrl\":\"https:\\\/\\\/abd.ong\\\/wp-content\\\/uploads\\\/2025\\\/08\\\/Actualizacion-de-la-Direccion-del-Centro-MEDIACYL-BURGOS-2.png\",\"datePublished\":\"2025-08-29T08:13:27+00:00\",\"dateModified\":\"2025-08-29T09:59:32+00:00\",\"description\":\"El Grup&nbsp;ABD&nbsp;ha estat present en els mitjans de comunicaci\u00f3 durant aquest mes d'agost. A continuaci\u00f3, el resum de premsa de les not\u00edcies,\",\"breadcrumb\":{\"@id\":\"https:\\\/\\\/abd.ong\\\/ca\\\/general-ca\\\/abd-als-mitjans-de-comunicacio-a-lagost-4\\\/#breadcrumb\"},\"inLanguage\":\"ca\",\"potentialAction\":[{\"@type\":\"ReadAction\",\"target\":[\"https:\\\/\\\/abd.ong\\\/ca\\\/general-ca\\\/abd-als-mitjans-de-comunicacio-a-lagost-4\\\/\"]}]},{\"@type\":\"ImageObject\",\"inLanguage\":\"ca\",\"@id\":\"https:\\\/\\\/abd.ong\\\/ca\\\/general-ca\\\/abd-als-mitjans-de-comunicacio-a-lagost-4\\\/#primaryimage\",\"url\":\"https:\\\/\\\/abd.ong\\\/wp-content\\\/uploads\\\/2025\\\/08\\\/Actualizacion-de-la-Direccion-del-Centro-MEDIACYL-BURGOS-2.png\",\"contentUrl\":\"https:\\\/\\\/abd.ong\\\/wp-content\\\/uploads\\\/2025\\\/08\\\/Actualizacion-de-la-Direccion-del-Centro-MEDIACYL-BURGOS-2.png\",\"width\":2048,\"height\":1152},{\"@type\":\"BreadcrumbList\",\"@id\":\"https:\\\/\\\/abd.ong\\\/ca\\\/general-ca\\\/abd-als-mitjans-de-comunicacio-a-lagost-4\\\/#breadcrumb\",\"itemListElement\":[{\"@type\":\"ListItem\",\"position\":1,\"name\":\"Inici\",\"item\":\"https:\\\/\\\/abd.ong\\\/ca\\\/\"},{\"@type\":\"ListItem\",\"position\":2,\"name\":\"ABD\u00a0als mitjans de comunicaci\u00f3 a l&#8217;agost\"}]},{\"@type\":\"WebSite\",\"@id\":\"https:\\\/\\\/abd.ong\\\/ca\\\/#website\",\"url\":\"https:\\\/\\\/abd.ong\\\/ca\\\/\",\"name\":\"ABD\",\"description\":\"Asociaci\u00f3n Bienestar y Desarrollo\",\"publisher\":{\"@id\":\"https:\\\/\\\/abd.ong\\\/ca\\\/#organization\"},\"potentialAction\":[{\"@type\":\"SearchAction\",\"target\":{\"@type\":\"EntryPoint\",\"urlTemplate\":\"https:\\\/\\\/abd.ong\\\/ca\\\/?s={search_term_string}\"},\"query-input\":{\"@type\":\"PropertyValueSpecification\",\"valueRequired\":true,\"valueName\":\"search_term_string\"}}],\"inLanguage\":\"ca\"},{\"@type\":\"Organization\",\"@id\":\"https:\\\/\\\/abd.ong\\\/ca\\\/#organization\",\"name\":\"Associaci\u00f3 Benestar i Desenvolupament\",\"alternateName\":\"ABD\",\"url\":\"https:\\\/\\\/abd.ong\\\/ca\\\/\",\"logo\":{\"@type\":\"ImageObject\",\"inLanguage\":\"ca\",\"@id\":\"https:\\\/\\\/abd.ong\\\/ca\\\/#\\\/schema\\\/logo\\\/image\\\/\",\"url\":\"https:\\\/\\\/abd.ong\\\/wp-content\\\/uploads\\\/2023\\\/01\\\/Icona.png\",\"contentUrl\":\"https:\\\/\\\/abd.ong\\\/wp-content\\\/uploads\\\/2023\\\/01\\\/Icona.png\",\"width\":190,\"height\":187,\"caption\":\"Associaci\u00f3 Benestar i Desenvolupament\"},\"image\":{\"@id\":\"https:\\\/\\\/abd.ong\\\/ca\\\/#\\\/schema\\\/logo\\\/image\\\/\"},\"sameAs\":[\"https:\\\/\\\/www.facebook.com\\\/abd.ong\",\"https:\\\/\\\/x.com\\\/abd_ong\",\"https:\\\/\\\/www.instagram.com\\\/abd_ong\\\/\",\"https:\\\/\\\/www.linkedin.com\\\/company\\\/abdong\",\"https:\\\/\\\/www.youtube.com\\\/user\\\/CANALABD\"]},{\"@type\":\"Person\",\"@id\":\"https:\\\/\\\/abd.ong\\\/ca\\\/#\\\/schema\\\/person\\\/6bb74ed13fc8bdf3a5382c66db14c9ee\",\"name\":\"Francesc Balart\"}]}<\/script>\n<!-- \/ Yoast SEO plugin. -->","yoast_head_json":{"title":"ABD\u00a0als mitjans de comunicaci\u00f3 a l'agost - ABD","description":"El Grup&nbsp;ABD&nbsp;ha estat present en els mitjans de comunicaci\u00f3 durant aquest mes d'agost. A continuaci\u00f3, el resum de premsa de les not\u00edcies,","robots":{"index":"index","follow":"follow","max-snippet":"max-snippet:-1","max-image-preview":"max-image-preview:large","max-video-preview":"max-video-preview:-1"},"canonical":"https:\/\/abd.ong\/ca\/general-ca\/abd-als-mitjans-de-comunicacio-a-lagost-4\/","og_locale":"ca_ES","og_type":"article","og_title":"ABD\u00a0als mitjans de comunicaci\u00f3 a l'agost - ABD","og_description":"El Grup&nbsp;ABD&nbsp;ha estat present en els mitjans de comunicaci\u00f3 durant aquest mes d'agost. A continuaci\u00f3, el resum de premsa de les not\u00edcies,","og_url":"https:\/\/abd.ong\/ca\/general-ca\/abd-als-mitjans-de-comunicacio-a-lagost-4\/","og_site_name":"ABD","article_publisher":"https:\/\/www.facebook.com\/abd.ong","article_published_time":"2025-08-29T08:13:27+00:00","article_modified_time":"2025-08-29T09:59:32+00:00","og_image":[{"width":2048,"height":1152,"url":"https:\/\/abd.ong\/wp-content\/uploads\/2025\/07\/Actualizacion-de-la-Direccion-del-Centro-MEDIACYL-BURGOS.png","type":"image\/png"}],"author":"Francesc Balart","twitter_card":"summary_large_image","twitter_image":"https:\/\/abd.ong\/wp-content\/uploads\/2025\/07\/Actualizacion-de-la-Direccion-del-Centro-MEDIACYL-BURGOS.png","twitter_creator":"@abd_ong","twitter_site":"@abd_ong","twitter_misc":{"Escrit per":"Francesc Balart","Temps estimat de lectura":"4 minuts"},"schema":{"@context":"https:\/\/schema.org","@graph":[{"@type":"Article","@id":"https:\/\/abd.ong\/ca\/general-ca\/abd-als-mitjans-de-comunicacio-a-lagost-4\/#article","isPartOf":{"@id":"https:\/\/abd.ong\/ca\/general-ca\/abd-als-mitjans-de-comunicacio-a-lagost-4\/"},"author":{"name":"Francesc Balart","@id":"https:\/\/abd.ong\/ca\/#\/schema\/person\/6bb74ed13fc8bdf3a5382c66db14c9ee"},"headline":"ABD\u00a0als mitjans de comunicaci\u00f3 a l&#8217;agost","datePublished":"2025-08-29T08:13:27+00:00","dateModified":"2025-08-29T09:59:32+00:00","mainEntityOfPage":{"@id":"https:\/\/abd.ong\/ca\/general-ca\/abd-als-mitjans-de-comunicacio-a-lagost-4\/"},"wordCount":512,"publisher":{"@id":"https:\/\/abd.ong\/ca\/#organization"},"image":{"@id":"https:\/\/abd.ong\/ca\/general-ca\/abd-als-mitjans-de-comunicacio-a-lagost-4\/#primaryimage"},"thumbnailUrl":"https:\/\/abd.ong\/wp-content\/uploads\/2025\/08\/Actualizacion-de-la-Direccion-del-Centro-MEDIACYL-BURGOS-2.png","keywords":["ABD","Asociaci\u00f3n Bienestar y Desarrollo","Associaci\u00f3 Benestar i Desenvolupament","Mitjans de comunicaci\u00f3","not\u00edcies"],"articleSection":["General"],"inLanguage":"ca"},{"@type":"WebPage","@id":"https:\/\/abd.ong\/ca\/general-ca\/abd-als-mitjans-de-comunicacio-a-lagost-4\/","url":"https:\/\/abd.ong\/ca\/general-ca\/abd-als-mitjans-de-comunicacio-a-lagost-4\/","name":"ABD\u00a0als mitjans de comunicaci\u00f3 a l'agost - ABD","isPartOf":{"@id":"https:\/\/abd.ong\/ca\/#website"},"primaryImageOfPage":{"@id":"https:\/\/abd.ong\/ca\/general-ca\/abd-als-mitjans-de-comunicacio-a-lagost-4\/#primaryimage"},"image":{"@id":"https:\/\/abd.ong\/ca\/general-ca\/abd-als-mitjans-de-comunicacio-a-lagost-4\/#primaryimage"},"thumbnailUrl":"https:\/\/abd.ong\/wp-content\/uploads\/2025\/08\/Actualizacion-de-la-Direccion-del-Centro-MEDIACYL-BURGOS-2.png","datePublished":"2025-08-29T08:13:27+00:00","dateModified":"2025-08-29T09:59:32+00:00","description":"El Grup&nbsp;ABD&nbsp;ha estat present en els mitjans de comunicaci\u00f3 durant aquest mes d'agost. A continuaci\u00f3, el resum de premsa de les not\u00edcies,","breadcrumb":{"@id":"https:\/\/abd.ong\/ca\/general-ca\/abd-als-mitjans-de-comunicacio-a-lagost-4\/#breadcrumb"},"inLanguage":"ca","potentialAction":[{"@type":"ReadAction","target":["https:\/\/abd.ong\/ca\/general-ca\/abd-als-mitjans-de-comunicacio-a-lagost-4\/"]}]},{"@type":"ImageObject","inLanguage":"ca","@id":"https:\/\/abd.ong\/ca\/general-ca\/abd-als-mitjans-de-comunicacio-a-lagost-4\/#primaryimage","url":"https:\/\/abd.ong\/wp-content\/uploads\/2025\/08\/Actualizacion-de-la-Direccion-del-Centro-MEDIACYL-BURGOS-2.png","contentUrl":"https:\/\/abd.ong\/wp-content\/uploads\/2025\/08\/Actualizacion-de-la-Direccion-del-Centro-MEDIACYL-BURGOS-2.png","width":2048,"height":1152},{"@type":"BreadcrumbList","@id":"https:\/\/abd.ong\/ca\/general-ca\/abd-als-mitjans-de-comunicacio-a-lagost-4\/#breadcrumb","itemListElement":[{"@type":"ListItem","position":1,"name":"Inici","item":"https:\/\/abd.ong\/ca\/"},{"@type":"ListItem","position":2,"name":"ABD\u00a0als mitjans de comunicaci\u00f3 a l&#8217;agost"}]},{"@type":"WebSite","@id":"https:\/\/abd.ong\/ca\/#website","url":"https:\/\/abd.ong\/ca\/","name":"ABD","description":"Asociaci\u00f3n Bienestar y Desarrollo","publisher":{"@id":"https:\/\/abd.ong\/ca\/#organization"},"potentialAction":[{"@type":"SearchAction","target":{"@type":"EntryPoint","urlTemplate":"https:\/\/abd.ong\/ca\/?s={search_term_string}"},"query-input":{"@type":"PropertyValueSpecification","valueRequired":true,"valueName":"search_term_string"}}],"inLanguage":"ca"},{"@type":"Organization","@id":"https:\/\/abd.ong\/ca\/#organization","name":"Associaci\u00f3 Benestar i Desenvolupament","alternateName":"ABD","url":"https:\/\/abd.ong\/ca\/","logo":{"@type":"ImageObject","inLanguage":"ca","@id":"https:\/\/abd.ong\/ca\/#\/schema\/logo\/image\/","url":"https:\/\/abd.ong\/wp-content\/uploads\/2023\/01\/Icona.png","contentUrl":"https:\/\/abd.ong\/wp-content\/uploads\/2023\/01\/Icona.png","width":190,"height":187,"caption":"Associaci\u00f3 Benestar i Desenvolupament"},"image":{"@id":"https:\/\/abd.ong\/ca\/#\/schema\/logo\/image\/"},"sameAs":["https:\/\/www.facebook.com\/abd.ong","https:\/\/x.com\/abd_ong","https:\/\/www.instagram.com\/abd_ong\/","https:\/\/www.linkedin.com\/company\/abdong","https:\/\/www.youtube.com\/user\/CANALABD"]},{"@type":"Person","@id":"https:\/\/abd.ong\/ca\/#\/schema\/person\/6bb74ed13fc8bdf3a5382c66db14c9ee","name":"Francesc Balart"}]}},"_links":{"self":[{"href":"https:\/\/abd.ong\/ca\/wp-json\/wp\/v2\/posts\/170957","targetHints":{"allow":["GET"]}}],"collection":[{"href":"https:\/\/abd.ong\/ca\/wp-json\/wp\/v2\/posts"}],"about":[{"href":"https:\/\/abd.ong\/ca\/wp-json\/wp\/v2\/types\/post"}],"author":[{"embeddable":true,"href":"https:\/\/abd.ong\/ca\/wp-json\/wp\/v2\/users\/12"}],"replies":[{"embeddable":true,"href":"https:\/\/abd.ong\/ca\/wp-json\/wp\/v2\/comments?post=170957"}],"version-history":[{"count":5,"href":"https:\/\/abd.ong\/ca\/wp-json\/wp\/v2\/posts\/170957\/revisions"}],"predecessor-version":[{"id":171133,"href":"https:\/\/abd.ong\/ca\/wp-json\/wp\/v2\/posts\/170957\/revisions\/171133"}],"wp:featuredmedia":[{"embeddable":true,"href":"https:\/\/abd.ong\/ca\/wp-json\/wp\/v2\/media\/171107"}],"wp:attachment":[{"href":"https:\/\/abd.ong\/ca\/wp-json\/wp\/v2\/media?parent=170957"}],"wp:term":[{"taxonomy":"category","embeddable":true,"href":"https:\/\/abd.ong\/ca\/wp-json\/wp\/v2\/categories?post=170957"},{"taxonomy":"post_tag","embeddable":true,"href":"https:\/\/abd.ong\/ca\/wp-json\/wp\/v2\/tags?post=170957"}],"curies":[{"name":"wp","href":"https:\/\/api.w.org\/{rel}","templated":true}]}}