{"id":170272,"date":"2025-07-29T13:05:40","date_gmt":"2025-07-29T11:05:40","guid":{"rendered":"https:\/\/abd.ong\/?p=170272"},"modified":"2025-07-30T14:44:40","modified_gmt":"2025-07-30T12:44:40","slug":"abd-als-mitjans-de-comunicacio-al-juliol-5","status":"publish","type":"post","link":"https:\/\/abd.ong\/ca\/general-ca\/abd-als-mitjans-de-comunicacio-al-juliol-5\/","title":{"rendered":"ABD\u00a0als mitjans de comunicaci\u00f3 al juliol"},"content":{"rendered":"\n<p>El <strong><a href=\"https:\/\/abd.ong\/ca\/\" target=\"_blank\" rel=\"noreferrer noopener\">Grup\u00a0ABD<\/a><\/strong>\u00a0ha estat present en els mitjans de comunicaci\u00f3 durant aquest mes de juliol. A continuaci\u00f3, el resum de premsa de les not\u00edcies, articles i reportatges en els quals hem participat com a organitzaci\u00f3.<\/p>\n\n\n\n<div style=\"height:100px\" aria-hidden=\"true\" class=\"wp-block-spacer\"><\/div>\n\n\n\n<p><strong>1\/07\/2025 &#8211; <strong>Social.cat<\/strong><\/strong><\/p>\n\n\n\n<p><strong>Ester Aranda<\/strong>, directora del servei de reducci\u00f3 de danys de l&#8217;\u00c0rea de Drogues i Salut del Grup ABD, ha escrit un article al <em><strong><a href=\"https:\/\/www.social.cat\/\" target=\"_blank\" rel=\"noreferrer noopener\">Social.cat<\/a><\/strong><\/em> on reflexiona sobre la relaci\u00f3 urgent i complexa entre el <strong>sensellarisme i l&#8217;\u00fas de metamfetamina a Barcelona<\/strong>. Aranda alerta que el nombre de persones que viuen al carrer ha aconseguit xifres r\u00e8cord, amb <strong>1.505 persones dormint al ras segons dades de maig de 2025<\/strong>. En aquest context, els serveis de reducci\u00f3 de danys adverteixen d&#8217;un increment preocupant en el consum d&#8217;estimulants.<\/p>\n\n\n\n<p><a href=\"https:\/\/www.social.cat\/opinio\/23444\/sensellarisme-us-metamfetamina-complexitat-urgent\" target=\"_blank\" rel=\"noreferrer noopener\">Sensellarisme i \u00fas de metanfetamina, una complexitat urgent<\/a><\/p>\n\n\n\n<div style=\"height:15px\" aria-hidden=\"true\" class=\"wp-block-spacer\"><\/div>\n\n\n\n<figure class=\"wp-block-image size-full is-resized\"><img fetchpriority=\"high\" decoding=\"async\" width=\"680\" height=\"356\" src=\"https:\/\/abd.ong\/wp-content\/uploads\/2025\/07\/z9FrJOHi.jpg\" alt=\"\" class=\"wp-image-170273\" style=\"width:768px;height:auto\" srcset=\"https:\/\/abd.ong\/wp-content\/uploads\/2025\/07\/z9FrJOHi.jpg 680w, https:\/\/abd.ong\/wp-content\/uploads\/2025\/07\/z9FrJOHi-300x157.jpg 300w\" sizes=\"(max-width: 680px) 100vw, 680px\" \/><\/figure>\n\n\n\n<div style=\"height:40px\" aria-hidden=\"true\" class=\"wp-block-spacer\"><\/div>\n\n\n\n<p><strong>2\/07\/2025 &#8211; Diari de Barcelona<\/strong><\/p>\n\n\n\n<p><strong>Josep Rovira<\/strong>, director de l&#8217;\u00c0rea de Drogues i Salut del Grup ABD, participa en una not\u00edcia publicada en el <a href=\"https:\/\/www.diaridebarcelona.cat\/\">Diari de Barcelona<\/a> on s&#8217;analitzen els factors que influeixen en el consum de c\u00e0nnabis entre els joves. Rovira destaca que el f\u00e0cil acc\u00e9s a la subst\u00e0ncia, la pressi\u00f3 del grup, les difer\u00e8ncies de g\u00e8nere i les condicions socioeducatives<strong> s\u00f3n elements clau que expliquen aquest consum<\/strong>. A m\u00e9s, adverteix que sovint aquest h\u00e0bit no \u00e9s l&#8217;origen del malestar, sin\u00f3 una resposta a contextos socials complexos que requereixen una intervenci\u00f3 basada en l&#8217;acompanyament<\/p>\n\n\n\n<p><a href=\"https:\/\/www.diaridebarcelona.cat\/w\/factors-impulsen-consum-cannabis-joves-barcelona?redirect=%2F\" target=\"_blank\" rel=\"noreferrer noopener\">Quins factors impulsen el consum de cannabis en els joves de Barcelona?<\/a><\/p>\n\n\n\n<div style=\"height:15px\" aria-hidden=\"true\" class=\"wp-block-spacer\"><\/div>\n\n\n\n<figure class=\"wp-block-image size-large\"><img decoding=\"async\" width=\"1024\" height=\"576\" src=\"https:\/\/abd.ong\/wp-content\/uploads\/2025\/06\/Persones-Fons-Corporatiu-2-1024x576.png\" alt=\"\" class=\"wp-image-170054\" srcset=\"https:\/\/abd.ong\/wp-content\/uploads\/2025\/06\/Persones-Fons-Corporatiu-2-1024x576.png 1024w, https:\/\/abd.ong\/wp-content\/uploads\/2025\/06\/Persones-Fons-Corporatiu-2-300x169.png 300w, https:\/\/abd.ong\/wp-content\/uploads\/2025\/06\/Persones-Fons-Corporatiu-2-768x432.png 768w, https:\/\/abd.ong\/wp-content\/uploads\/2025\/06\/Persones-Fons-Corporatiu-2-1536x864.png 1536w, https:\/\/abd.ong\/wp-content\/uploads\/2025\/06\/Persones-Fons-Corporatiu-2.png 2048w\" sizes=\"(max-width: 1024px) 100vw, 1024px\" \/><\/figure>\n\n\n\n<div style=\"height:40px\" aria-hidden=\"true\" class=\"wp-block-spacer\"><\/div>\n\n\n\n<p><strong>3\/07\/2025 &#8211; Eldiario.es<\/strong><\/p>\n\n\n\n<p>El programa <strong>Energy Control<\/strong> del <strong><a href=\"https:\/\/abd.ong\/ca\/\" target=\"_blank\" rel=\"noreferrer noopener\">Grupo ABD<\/a><\/strong> es noticia en <em><a href=\"https:\/\/www.eldiario.es\/\" target=\"_blank\" rel=\"noreferrer noopener\">elDiario.es<\/a><\/em> <strong><a href=\"https:\/\/energycontrol.org\/informe-mercados-2025\/\" target=\"_blank\" rel=\"noreferrer noopener\">por su estudio sobre los mercados de drogas en Espa\u00f1a<\/a><\/strong>,<em> que revela que la coca\u00edna y el MDMA atraviesan un periodo de m\u00e1xima pureza y m\u00ednima adulteraci\u00f3n, <\/em><strong>lo que incrementa significativamente el riesgo de sobredosis.<\/strong> El an\u00e1lisis, basado en 17.000 muestras recogidas entre 2022 y 2024, muestra un aumento hist\u00f3rico en la concentraci\u00f3n de estas sustancias, especialmente en los comprimidos de \u00e9xtasis, que superan con frecuencia los 150 mg de MDMA.<strong> Claudio Vidal<\/strong>, <em>director estatal de Energy Control<\/em>, advierte que esta elevada pureza requiere mayor concienciaci\u00f3n, recordando que <em>\u201cuna pastilla no es una dosis\u201d<\/em>. Adem\u00e1s, el estudio aclara que el tusi no es <em>\u201ccoca\u00edna rosa\u201d<\/em>, ya que su composici\u00f3n principal es ketamina y MDMA. Aunque ha bajado la adulteraci\u00f3n, Energy Control subraya que el incremento de los principios activos supone nuevos riesgos para la salud p\u00fablica.<\/p>\n\n\n\n<p>El programa <strong>Energy Control<\/strong> del Grup ABD \u00e9s not\u00edcia a <a href=\"https:\/\/www.eldiario.es\/\" target=\"_blank\" rel=\"noreferrer noopener\">eldiario.es<\/a> pel seu <a href=\"https:\/\/energycontrol.org\/informe-mercados-2025\/\" target=\"_blank\" rel=\"noreferrer noopener\"><strong>estudi sobre els mercats de drogues a Espanya<\/strong><\/a>, que revela que la coca\u00efna i el MDMA travessen un per\u00edode de m\u00e0xima puresa i m\u00ednima adulteraci\u00f3, la qual cosa<em> incrementa significativament el risc de sobredosi<\/em>. L&#8217;an\u00e0lisi, basat en 17.000 mostres recollides entre 2022 i 2024, mostra un augment hist\u00f2ric en la concentraci\u00f3 d&#8217;aquestes subst\u00e0ncies, especialment en els comprimits d&#8217;\u00e8xtasis, que superen amb freq\u00fc\u00e8ncia els 150 mg d&#8217;MDMA. <strong>Claudio Vidal<\/strong>, director estatal d&#8217;Energy Control, adverteix que aquesta elevada puresa requereix major conscienciaci\u00f3, recordant que \u201cuna pastilla no \u00e9s una dosi\u201d. A m\u00e9s, l&#8217;estudi aclareix que el tusi no \u00e9s \u201ccoca\u00efna rosa\u201d, ja que la seva composici\u00f3 principal \u00e9s ketamina i MDMA. Encara que ha baixat l&#8217;adulteraci\u00f3, Energy Control subratlla que l&#8217;increment dels principis actius suposa nous riscos per a la salut p\u00fablica.<\/p>\n\n\n\n<p><a href=\"https:\/\/www.eldiario.es\/sociedad\/gran-pureza-cocaina-mdma-espana-aumenta-riesgo-sobredosis_1_12435733.html\" target=\"_blank\" rel=\"noreferrer noopener\">La gran pureza de la coca\u00edna y el MDMA en Espa\u00f1a aumenta el riesgo de sobredosis<\/a><\/p>\n\n\n\n<div style=\"height:15px\" aria-hidden=\"true\" class=\"wp-block-spacer\"><\/div>\n\n\n\n<figure class=\"wp-block-image size-full\"><img decoding=\"async\" width=\"2048\" height=\"1365\" src=\"https:\/\/abd.ong\/wp-content\/uploads\/2025\/07\/SAM_4016.jpg\" alt=\"\" class=\"wp-image-170277\" srcset=\"https:\/\/abd.ong\/wp-content\/uploads\/2025\/07\/SAM_4016.jpg 2048w, https:\/\/abd.ong\/wp-content\/uploads\/2025\/07\/SAM_4016-300x200.jpg 300w, https:\/\/abd.ong\/wp-content\/uploads\/2025\/07\/SAM_4016-1024x683.jpg 1024w, https:\/\/abd.ong\/wp-content\/uploads\/2025\/07\/SAM_4016-768x512.jpg 768w, https:\/\/abd.ong\/wp-content\/uploads\/2025\/07\/SAM_4016-1536x1024.jpg 1536w, https:\/\/abd.ong\/wp-content\/uploads\/2025\/07\/SAM_4016-600x400.jpg 600w, https:\/\/abd.ong\/wp-content\/uploads\/2025\/07\/SAM_4016-1920x1280.jpg 1920w\" sizes=\"(max-width: 2048px) 100vw, 2048px\" \/><\/figure>\n\n\n\n<div style=\"height:40px\" aria-hidden=\"true\" class=\"wp-block-spacer\"><\/div>\n\n\n\n<p><strong>10\/07\/2025 &#8211; Antena 3<\/strong><\/p>\n\n\n\n<p>El programa <strong>Energy Control<\/strong> del Grup ABD \u00e9s not\u00edcia a <a href=\"https:\/\/www.antena3.com\/\"><strong>Antena 3<\/strong><\/a> pel seu <a href=\"https:\/\/energycontrol.org\/informe-mercados-2025\/\">estudi sobre els mercats de drogues a Espanya<\/a>, que revela que la coca\u00efna i l&#8217;MDMA travessen un per\u00edode de m\u00e0xima puresa i m\u00ednima adulteraci\u00f3, la qual cosa<strong> incrementa significativament el risc de sobredosi.<\/strong><\/p>\n\n\n\n<p><a href=\"https:\/\/www.antena3.com\/noticias\/sociedad\/peligro-que-esconde-cocaina-mdma-mas-puros-ultimos-tiempos-pastilla-dosis_20250710686bc2865e724b62f06b6dc8.html\" target=\"_blank\" rel=\"noreferrer noopener\">El peligro que se esconde tras la coca\u00edna y el MDMA m\u00e1s puros de los \u00faltimos tiempos: &#8220;Una pastilla no es una dosis&#8221;<\/a><\/p>\n\n\n\n<div style=\"height:15px\" aria-hidden=\"true\" class=\"wp-block-spacer\"><\/div>\n\n\n\n<figure class=\"wp-block-image size-full\"><img loading=\"lazy\" decoding=\"async\" width=\"768\" height=\"378\" src=\"https:\/\/abd.ong\/wp-content\/uploads\/2025\/07\/info-estand-768x378-1.jpg\" alt=\"\" class=\"wp-image-170420\" srcset=\"https:\/\/abd.ong\/wp-content\/uploads\/2025\/07\/info-estand-768x378-1.jpg 768w, https:\/\/abd.ong\/wp-content\/uploads\/2025\/07\/info-estand-768x378-1-300x148.jpg 300w\" sizes=\"(max-width: 768px) 100vw, 768px\" \/><\/figure>\n\n\n\n<div style=\"height:40px\" aria-hidden=\"true\" class=\"wp-block-spacer\"><\/div>\n\n\n\n<p><strong>14\/07\/2025 &#8211; Ca\u00f1amo<\/strong><\/p>\n\n\n\n<p>El programa <strong>Energy Control<\/strong> del Grup ABD \u00e9s not\u00edcia en la revista <a href=\"https:\/\/canamo.net\/noticias\/espana\/energy-control-alerta-sobre-tendencias-en-mdma-cocaina-y-tusi\">C\u00e1\u00f1amo<\/a> pel seu <strong><a href=\"https:\/\/energycontrol.org\/informe-mercados-2025\/\" target=\"_blank\" rel=\"noreferrer noopener\">estudi sobre els mercats de drogues a Espanya<\/a><\/strong> . El nou informe d&#8217;Energy Control analitza m\u00e9s de 16.000 mostres de MDMA, coca\u00efna i tusi entre 2017 i 2024, revelant tend\u00e8ncies i canvis en la composici\u00f3 d&#8217;aquestes subst\u00e0ncies en contextos recreatius a Espanya.<\/p>\n\n\n\n<p><a href=\"https:\/\/canamo.net\/noticias\/espana\/energy-control-alerta-sobre-tendencias-en-mdma-cocaina-y-tusi\">Energy Control alerta sobre tendencias en MDMA, coca\u00edna y tusi<\/a><\/p>\n\n\n\n<figure class=\"wp-block-image size-full\"><img loading=\"lazy\" decoding=\"async\" width=\"600\" height=\"400\" src=\"https:\/\/abd.ong\/wp-content\/uploads\/2025\/07\/Portadas-2-600x400-1.png\" alt=\"\" class=\"wp-image-170690\" srcset=\"https:\/\/abd.ong\/wp-content\/uploads\/2025\/07\/Portadas-2-600x400-1.png 600w, https:\/\/abd.ong\/wp-content\/uploads\/2025\/07\/Portadas-2-600x400-1-300x200.png 300w\" sizes=\"(max-width: 600px) 100vw, 600px\" \/><\/figure>\n\n\n\n<p><\/p>\n\n\n\n<p><strong>16\/07\/2025 &#8211; Elnacional.cat<\/strong><\/p>\n\n\n\n<p>El projecte <a href=\"https:\/\/abd.ong\/ca\/programes\/atenea\/\">ATENEA<\/a>, desenvolupat per MOMENTUM ANALYTICS en col\u00b7laboraci\u00f3 amb l&#8217;Associaci\u00f3 Benestar i Desenvolupament Grup ABD, es consolida com una soluci\u00f3 tecnol\u00f2gica pionera en l&#8217;\u00e0mbit de la prevenci\u00f3 i de les cures a persones grans.<\/p>\n\n\n\n<p><a href=\"https:\/\/www.elnacional.cat\/oneconomia\/es\/on-ia\/atencion-personas-mayores-ia-traves-catalana-atenea-conquista-europa_1452660_102.html\">La atenci\u00f3n a las personas mayores con IA a trav\u00e9s de la catalana ATENEA conquista Europa<\/a><\/p>\n\n\n\n<figure class=\"wp-block-image size-full\"><img loading=\"lazy\" decoding=\"async\" width=\"645\" height=\"450\" src=\"https:\/\/abd.ong\/wp-content\/uploads\/2025\/07\/image001_60_645x450.jpeg\" alt=\"\" class=\"wp-image-170696\" srcset=\"https:\/\/abd.ong\/wp-content\/uploads\/2025\/07\/image001_60_645x450.jpeg 645w, https:\/\/abd.ong\/wp-content\/uploads\/2025\/07\/image001_60_645x450-300x209.jpeg 300w\" sizes=\"(max-width: 645px) 100vw, 645px\" \/><\/figure>\n\n\n\n<p><\/p>\n\n\n\n<p><strong>24\/07\/2025 &#8211; jornal.cat<\/strong><\/p>\n\n\n\n<p>En el marc del monogr\u00e0fic sobre Transici\u00f3 Energ\u00e8tica Cooperativa, es destaquen dos projectes en els quals participa el Grup ABD que lluiten contra la pobresa energ\u00e8tica i la fragilitat social i que tamb\u00e9 reivindiquen l&#8217;acc\u00e9s a serveis b\u00e0sics com l&#8217;aigua i l&#8217;energia per als col\u00b7lectius m\u00e9s vulnerabilitzats: <a href=\"https:\/\/abd.ong\/ca\/programes\/energia-justa\/\">Energ\u00eda Justa <\/a>i <a href=\"https:\/\/abd.ong\/ca\/programes\/climate-ready-bcn\/\" target=\"_blank\" rel=\"noreferrer noopener\">Climate Ready Barcelona<\/a>.<\/p>\n\n\n\n<p><a href=\"https:\/\/www.jornal.cat\/noticia\/39219\/exemples-contra-pobresa-energetica\">Cinc iniciatives que lluiten contra la pobresa energ\u00e8tica<\/a><\/p>\n\n\n\n<figure class=\"wp-block-image size-large\"><img loading=\"lazy\" decoding=\"async\" width=\"1024\" height=\"540\" src=\"https:\/\/abd.ong\/wp-content\/uploads\/2025\/07\/6113-1024x540.jpg\" alt=\"\" class=\"wp-image-170704\" srcset=\"https:\/\/abd.ong\/wp-content\/uploads\/2025\/07\/6113-1024x540.jpg 1024w, https:\/\/abd.ong\/wp-content\/uploads\/2025\/07\/6113-300x158.jpg 300w, https:\/\/abd.ong\/wp-content\/uploads\/2025\/07\/6113-768x405.jpg 768w, https:\/\/abd.ong\/wp-content\/uploads\/2025\/07\/6113.jpg 1240w\" sizes=\"(max-width: 1024px) 100vw, 1024px\" \/><\/figure>\n\n\n\n<p><\/p>\n\n\n\n<p><strong>27\/07\/2025 &#8211; ABC<\/strong><\/p>\n\n\n\n<p>Els fons Next Generation han finan\u00e7at amb 2,3 milions, gestionats pel Departament de Drets Socials i Inclusi\u00f3 de la Generalitat de Catalunya, el projecte <a href=\"https:\/\/abd.ong\/programas\/atenea\/\">Atenea<\/a>, impulsat per la startup Momentum Analytics en col\u00b7laboraci\u00f3 amb l&#8217;entitat Grup ABD &#8211; Associaci\u00f3 Benestar i Desenvolupament, que ha completat la seva prova pilot en 500 domicilis de m\u00e9s de 20 municipis catalans.<\/p>\n\n\n\n<p><a href=\"https:\/\/www.abc.es\/economia\/ia-transforma-cuidado-domiciliario-mayores-20250727145902-nt.html#goog_rewarded\">La IA transforma el cuidado domiciliario de los mayores<\/a><\/p>\n\n\n\n<figure class=\"wp-block-image size-full\"><img loading=\"lazy\" decoding=\"async\" width=\"760\" height=\"427\" src=\"https:\/\/abd.ong\/wp-content\/uploads\/2025\/07\/atenea-U47307544354oNO-760x427@diario_abc-1.webp\" alt=\"\" class=\"wp-image-170710\" srcset=\"https:\/\/abd.ong\/wp-content\/uploads\/2025\/07\/atenea-U47307544354oNO-760x427@diario_abc-1.webp 760w, https:\/\/abd.ong\/wp-content\/uploads\/2025\/07\/atenea-U47307544354oNO-760x427@diario_abc-1-300x169.webp 300w\" sizes=\"(max-width: 760px) 100vw, 760px\" \/><\/figure>\n\n\n\n<p><\/p>\n","protected":false},"excerpt":{"rendered":"<p>El Grup\u00a0ABD\u00a0ha estat present en els mitjans de comunicaci\u00f3 durant aquest mes de juliol. A continuaci\u00f3, el resum de premsa de les not\u00edcies, articles i reportatges en els quals hem&hellip;<\/p>\n","protected":false},"author":12,"featured_media":170425,"comment_status":"closed","ping_status":"closed","sticky":false,"template":"","format":"standard","meta":{"_acf_changed":false,"footnotes":""},"categories":[66],"tags":[1897,675,2928,2299,2300],"class_list":["post-170272","post","type-post","status-publish","format-standard","has-post-thumbnail","hentry","category-general-ca","tag-abd-2-ca","tag-asociacion-bienestar-y-desarrollo-ca","tag-associacio-benestar-i-desenvolupament-ca-2","tag-mitjans-de-comunicacio-ca","tag-noticies-ca"],"acf":[],"yoast_head":"<!-- This site is optimized with the Yoast SEO plugin v27.4 - https:\/\/yoast.com\/product\/yoast-seo-wordpress\/ -->\n<title>ABD\u00a0als mitjans de comunicaci\u00f3 al juliol - ABD<\/title>\n<meta name=\"description\" content=\"El Grup\u00a0ABD\u00a0ha estat present en els mitjans de comunicaci\u00f3 durant aquest mes de juliol. A continuaci\u00f3, el resum de premsa de les not\u00edcies, articles i\" \/>\n<meta name=\"robots\" content=\"index, follow, max-snippet:-1, max-image-preview:large, max-video-preview:-1\" \/>\n<link rel=\"canonical\" href=\"https:\/\/abd.ong\/ca\/general-ca\/abd-als-mitjans-de-comunicacio-al-juliol-5\/\" \/>\n<meta property=\"og:locale\" content=\"ca_ES\" \/>\n<meta property=\"og:type\" content=\"article\" \/>\n<meta property=\"og:title\" content=\"ABD\u00a0als mitjans de comunicaci\u00f3 al juliol - ABD\" \/>\n<meta property=\"og:description\" content=\"El Grup\u00a0ABD\u00a0ha estat present en els mitjans de comunicaci\u00f3 durant aquest mes de juliol. A continuaci\u00f3, el resum de premsa de les not\u00edcies, articles i\" \/>\n<meta property=\"og:url\" content=\"https:\/\/abd.ong\/ca\/general-ca\/abd-als-mitjans-de-comunicacio-al-juliol-5\/\" \/>\n<meta property=\"og:site_name\" content=\"ABD\" \/>\n<meta property=\"article:publisher\" content=\"https:\/\/www.facebook.com\/abd.ong\" \/>\n<meta property=\"article:published_time\" content=\"2025-07-29T11:05:40+00:00\" \/>\n<meta property=\"article:modified_time\" content=\"2025-07-30T12:44:40+00:00\" \/>\n<meta property=\"og:image\" content=\"https:\/\/abd.ong\/wp-content\/uploads\/2025\/07\/Actualizacion-de-la-Direccion-del-Centro-MEDIACYL-BURGOS.png\" \/>\n\t<meta property=\"og:image:width\" content=\"2048\" \/>\n\t<meta property=\"og:image:height\" content=\"1152\" \/>\n\t<meta property=\"og:image:type\" content=\"image\/png\" \/>\n<meta name=\"author\" content=\"Francesc Balart\" \/>\n<meta name=\"twitter:card\" content=\"summary_large_image\" \/>\n<meta name=\"twitter:image\" content=\"https:\/\/abd.ong\/wp-content\/uploads\/2025\/07\/Actualizacion-de-la-Direccion-del-Centro-MEDIACYL-BURGOS.png\" \/>\n<meta name=\"twitter:creator\" content=\"@abd_ong\" \/>\n<meta name=\"twitter:site\" content=\"@abd_ong\" \/>\n<meta name=\"twitter:label1\" content=\"Escrit per\" \/>\n\t<meta name=\"twitter:data1\" content=\"Francesc Balart\" \/>\n\t<meta name=\"twitter:label2\" content=\"Temps estimat de lectura\" \/>\n\t<meta name=\"twitter:data2\" content=\"6 minuts\" \/>\n<script type=\"application\/ld+json\" class=\"yoast-schema-graph\">{\"@context\":\"https:\\\/\\\/schema.org\",\"@graph\":[{\"@type\":\"Article\",\"@id\":\"https:\\\/\\\/abd.ong\\\/ca\\\/general-ca\\\/abd-als-mitjans-de-comunicacio-al-juliol-5\\\/#article\",\"isPartOf\":{\"@id\":\"https:\\\/\\\/abd.ong\\\/ca\\\/general-ca\\\/abd-als-mitjans-de-comunicacio-al-juliol-5\\\/\"},\"author\":{\"name\":\"Francesc Balart\",\"@id\":\"https:\\\/\\\/abd.ong\\\/ca\\\/#\\\/schema\\\/person\\\/6bb74ed13fc8bdf3a5382c66db14c9ee\"},\"headline\":\"ABD\u00a0als mitjans de comunicaci\u00f3 al juliol\",\"datePublished\":\"2025-07-29T11:05:40+00:00\",\"dateModified\":\"2025-07-30T12:44:40+00:00\",\"mainEntityOfPage\":{\"@id\":\"https:\\\/\\\/abd.ong\\\/ca\\\/general-ca\\\/abd-als-mitjans-de-comunicacio-al-juliol-5\\\/\"},\"wordCount\":963,\"publisher\":{\"@id\":\"https:\\\/\\\/abd.ong\\\/ca\\\/#organization\"},\"image\":{\"@id\":\"https:\\\/\\\/abd.ong\\\/ca\\\/general-ca\\\/abd-als-mitjans-de-comunicacio-al-juliol-5\\\/#primaryimage\"},\"thumbnailUrl\":\"https:\\\/\\\/abd.ong\\\/wp-content\\\/uploads\\\/2025\\\/07\\\/Actualizacion-de-la-Direccion-del-Centro-MEDIACYL-BURGOS.png\",\"keywords\":[\"ABD\",\"Asociaci\u00f3n Bienestar y Desarrollo\",\"Associaci\u00f3 Benestar i Desenvolupament\",\"Mitjans de comunicaci\u00f3\",\"not\u00edcies\"],\"articleSection\":[\"General\"],\"inLanguage\":\"ca\"},{\"@type\":\"WebPage\",\"@id\":\"https:\\\/\\\/abd.ong\\\/ca\\\/general-ca\\\/abd-als-mitjans-de-comunicacio-al-juliol-5\\\/\",\"url\":\"https:\\\/\\\/abd.ong\\\/ca\\\/general-ca\\\/abd-als-mitjans-de-comunicacio-al-juliol-5\\\/\",\"name\":\"ABD\u00a0als mitjans de comunicaci\u00f3 al juliol - ABD\",\"isPartOf\":{\"@id\":\"https:\\\/\\\/abd.ong\\\/ca\\\/#website\"},\"primaryImageOfPage\":{\"@id\":\"https:\\\/\\\/abd.ong\\\/ca\\\/general-ca\\\/abd-als-mitjans-de-comunicacio-al-juliol-5\\\/#primaryimage\"},\"image\":{\"@id\":\"https:\\\/\\\/abd.ong\\\/ca\\\/general-ca\\\/abd-als-mitjans-de-comunicacio-al-juliol-5\\\/#primaryimage\"},\"thumbnailUrl\":\"https:\\\/\\\/abd.ong\\\/wp-content\\\/uploads\\\/2025\\\/07\\\/Actualizacion-de-la-Direccion-del-Centro-MEDIACYL-BURGOS.png\",\"datePublished\":\"2025-07-29T11:05:40+00:00\",\"dateModified\":\"2025-07-30T12:44:40+00:00\",\"description\":\"El Grup\u00a0ABD\u00a0ha estat present en els mitjans de comunicaci\u00f3 durant aquest mes de juliol. A continuaci\u00f3, el resum de premsa de les not\u00edcies, articles i\",\"breadcrumb\":{\"@id\":\"https:\\\/\\\/abd.ong\\\/ca\\\/general-ca\\\/abd-als-mitjans-de-comunicacio-al-juliol-5\\\/#breadcrumb\"},\"inLanguage\":\"ca\",\"potentialAction\":[{\"@type\":\"ReadAction\",\"target\":[\"https:\\\/\\\/abd.ong\\\/ca\\\/general-ca\\\/abd-als-mitjans-de-comunicacio-al-juliol-5\\\/\"]}]},{\"@type\":\"ImageObject\",\"inLanguage\":\"ca\",\"@id\":\"https:\\\/\\\/abd.ong\\\/ca\\\/general-ca\\\/abd-als-mitjans-de-comunicacio-al-juliol-5\\\/#primaryimage\",\"url\":\"https:\\\/\\\/abd.ong\\\/wp-content\\\/uploads\\\/2025\\\/07\\\/Actualizacion-de-la-Direccion-del-Centro-MEDIACYL-BURGOS.png\",\"contentUrl\":\"https:\\\/\\\/abd.ong\\\/wp-content\\\/uploads\\\/2025\\\/07\\\/Actualizacion-de-la-Direccion-del-Centro-MEDIACYL-BURGOS.png\",\"width\":2048,\"height\":1152},{\"@type\":\"BreadcrumbList\",\"@id\":\"https:\\\/\\\/abd.ong\\\/ca\\\/general-ca\\\/abd-als-mitjans-de-comunicacio-al-juliol-5\\\/#breadcrumb\",\"itemListElement\":[{\"@type\":\"ListItem\",\"position\":1,\"name\":\"Inici\",\"item\":\"https:\\\/\\\/abd.ong\\\/ca\\\/\"},{\"@type\":\"ListItem\",\"position\":2,\"name\":\"ABD\u00a0als mitjans de comunicaci\u00f3 al juliol\"}]},{\"@type\":\"WebSite\",\"@id\":\"https:\\\/\\\/abd.ong\\\/ca\\\/#website\",\"url\":\"https:\\\/\\\/abd.ong\\\/ca\\\/\",\"name\":\"ABD\",\"description\":\"Asociaci\u00f3n Bienestar y Desarrollo\",\"publisher\":{\"@id\":\"https:\\\/\\\/abd.ong\\\/ca\\\/#organization\"},\"potentialAction\":[{\"@type\":\"SearchAction\",\"target\":{\"@type\":\"EntryPoint\",\"urlTemplate\":\"https:\\\/\\\/abd.ong\\\/ca\\\/?s={search_term_string}\"},\"query-input\":{\"@type\":\"PropertyValueSpecification\",\"valueRequired\":true,\"valueName\":\"search_term_string\"}}],\"inLanguage\":\"ca\"},{\"@type\":\"Organization\",\"@id\":\"https:\\\/\\\/abd.ong\\\/ca\\\/#organization\",\"name\":\"Associaci\u00f3 Benestar i Desenvolupament\",\"alternateName\":\"ABD\",\"url\":\"https:\\\/\\\/abd.ong\\\/ca\\\/\",\"logo\":{\"@type\":\"ImageObject\",\"inLanguage\":\"ca\",\"@id\":\"https:\\\/\\\/abd.ong\\\/ca\\\/#\\\/schema\\\/logo\\\/image\\\/\",\"url\":\"https:\\\/\\\/abd.ong\\\/wp-content\\\/uploads\\\/2023\\\/01\\\/Icona.png\",\"contentUrl\":\"https:\\\/\\\/abd.ong\\\/wp-content\\\/uploads\\\/2023\\\/01\\\/Icona.png\",\"width\":190,\"height\":187,\"caption\":\"Associaci\u00f3 Benestar i Desenvolupament\"},\"image\":{\"@id\":\"https:\\\/\\\/abd.ong\\\/ca\\\/#\\\/schema\\\/logo\\\/image\\\/\"},\"sameAs\":[\"https:\\\/\\\/www.facebook.com\\\/abd.ong\",\"https:\\\/\\\/x.com\\\/abd_ong\",\"https:\\\/\\\/www.instagram.com\\\/abd_ong\\\/\",\"https:\\\/\\\/www.linkedin.com\\\/company\\\/abdong\",\"https:\\\/\\\/www.youtube.com\\\/user\\\/CANALABD\"]},{\"@type\":\"Person\",\"@id\":\"https:\\\/\\\/abd.ong\\\/ca\\\/#\\\/schema\\\/person\\\/6bb74ed13fc8bdf3a5382c66db14c9ee\",\"name\":\"Francesc Balart\"}]}<\/script>\n<!-- \/ Yoast SEO plugin. -->","yoast_head_json":{"title":"ABD\u00a0als mitjans de comunicaci\u00f3 al juliol - ABD","description":"El Grup\u00a0ABD\u00a0ha estat present en els mitjans de comunicaci\u00f3 durant aquest mes de juliol. A continuaci\u00f3, el resum de premsa de les not\u00edcies, articles i","robots":{"index":"index","follow":"follow","max-snippet":"max-snippet:-1","max-image-preview":"max-image-preview:large","max-video-preview":"max-video-preview:-1"},"canonical":"https:\/\/abd.ong\/ca\/general-ca\/abd-als-mitjans-de-comunicacio-al-juliol-5\/","og_locale":"ca_ES","og_type":"article","og_title":"ABD\u00a0als mitjans de comunicaci\u00f3 al juliol - ABD","og_description":"El Grup\u00a0ABD\u00a0ha estat present en els mitjans de comunicaci\u00f3 durant aquest mes de juliol. A continuaci\u00f3, el resum de premsa de les not\u00edcies, articles i","og_url":"https:\/\/abd.ong\/ca\/general-ca\/abd-als-mitjans-de-comunicacio-al-juliol-5\/","og_site_name":"ABD","article_publisher":"https:\/\/www.facebook.com\/abd.ong","article_published_time":"2025-07-29T11:05:40+00:00","article_modified_time":"2025-07-30T12:44:40+00:00","og_image":[{"width":2048,"height":1152,"url":"https:\/\/abd.ong\/wp-content\/uploads\/2025\/07\/Actualizacion-de-la-Direccion-del-Centro-MEDIACYL-BURGOS.png","type":"image\/png"}],"author":"Francesc Balart","twitter_card":"summary_large_image","twitter_image":"https:\/\/abd.ong\/wp-content\/uploads\/2025\/07\/Actualizacion-de-la-Direccion-del-Centro-MEDIACYL-BURGOS.png","twitter_creator":"@abd_ong","twitter_site":"@abd_ong","twitter_misc":{"Escrit per":"Francesc Balart","Temps estimat de lectura":"6 minuts"},"schema":{"@context":"https:\/\/schema.org","@graph":[{"@type":"Article","@id":"https:\/\/abd.ong\/ca\/general-ca\/abd-als-mitjans-de-comunicacio-al-juliol-5\/#article","isPartOf":{"@id":"https:\/\/abd.ong\/ca\/general-ca\/abd-als-mitjans-de-comunicacio-al-juliol-5\/"},"author":{"name":"Francesc Balart","@id":"https:\/\/abd.ong\/ca\/#\/schema\/person\/6bb74ed13fc8bdf3a5382c66db14c9ee"},"headline":"ABD\u00a0als mitjans de comunicaci\u00f3 al juliol","datePublished":"2025-07-29T11:05:40+00:00","dateModified":"2025-07-30T12:44:40+00:00","mainEntityOfPage":{"@id":"https:\/\/abd.ong\/ca\/general-ca\/abd-als-mitjans-de-comunicacio-al-juliol-5\/"},"wordCount":963,"publisher":{"@id":"https:\/\/abd.ong\/ca\/#organization"},"image":{"@id":"https:\/\/abd.ong\/ca\/general-ca\/abd-als-mitjans-de-comunicacio-al-juliol-5\/#primaryimage"},"thumbnailUrl":"https:\/\/abd.ong\/wp-content\/uploads\/2025\/07\/Actualizacion-de-la-Direccion-del-Centro-MEDIACYL-BURGOS.png","keywords":["ABD","Asociaci\u00f3n Bienestar y Desarrollo","Associaci\u00f3 Benestar i Desenvolupament","Mitjans de comunicaci\u00f3","not\u00edcies"],"articleSection":["General"],"inLanguage":"ca"},{"@type":"WebPage","@id":"https:\/\/abd.ong\/ca\/general-ca\/abd-als-mitjans-de-comunicacio-al-juliol-5\/","url":"https:\/\/abd.ong\/ca\/general-ca\/abd-als-mitjans-de-comunicacio-al-juliol-5\/","name":"ABD\u00a0als mitjans de comunicaci\u00f3 al juliol - ABD","isPartOf":{"@id":"https:\/\/abd.ong\/ca\/#website"},"primaryImageOfPage":{"@id":"https:\/\/abd.ong\/ca\/general-ca\/abd-als-mitjans-de-comunicacio-al-juliol-5\/#primaryimage"},"image":{"@id":"https:\/\/abd.ong\/ca\/general-ca\/abd-als-mitjans-de-comunicacio-al-juliol-5\/#primaryimage"},"thumbnailUrl":"https:\/\/abd.ong\/wp-content\/uploads\/2025\/07\/Actualizacion-de-la-Direccion-del-Centro-MEDIACYL-BURGOS.png","datePublished":"2025-07-29T11:05:40+00:00","dateModified":"2025-07-30T12:44:40+00:00","description":"El Grup\u00a0ABD\u00a0ha estat present en els mitjans de comunicaci\u00f3 durant aquest mes de juliol. A continuaci\u00f3, el resum de premsa de les not\u00edcies, articles i","breadcrumb":{"@id":"https:\/\/abd.ong\/ca\/general-ca\/abd-als-mitjans-de-comunicacio-al-juliol-5\/#breadcrumb"},"inLanguage":"ca","potentialAction":[{"@type":"ReadAction","target":["https:\/\/abd.ong\/ca\/general-ca\/abd-als-mitjans-de-comunicacio-al-juliol-5\/"]}]},{"@type":"ImageObject","inLanguage":"ca","@id":"https:\/\/abd.ong\/ca\/general-ca\/abd-als-mitjans-de-comunicacio-al-juliol-5\/#primaryimage","url":"https:\/\/abd.ong\/wp-content\/uploads\/2025\/07\/Actualizacion-de-la-Direccion-del-Centro-MEDIACYL-BURGOS.png","contentUrl":"https:\/\/abd.ong\/wp-content\/uploads\/2025\/07\/Actualizacion-de-la-Direccion-del-Centro-MEDIACYL-BURGOS.png","width":2048,"height":1152},{"@type":"BreadcrumbList","@id":"https:\/\/abd.ong\/ca\/general-ca\/abd-als-mitjans-de-comunicacio-al-juliol-5\/#breadcrumb","itemListElement":[{"@type":"ListItem","position":1,"name":"Inici","item":"https:\/\/abd.ong\/ca\/"},{"@type":"ListItem","position":2,"name":"ABD\u00a0als mitjans de comunicaci\u00f3 al juliol"}]},{"@type":"WebSite","@id":"https:\/\/abd.ong\/ca\/#website","url":"https:\/\/abd.ong\/ca\/","name":"ABD","description":"Asociaci\u00f3n Bienestar y Desarrollo","publisher":{"@id":"https:\/\/abd.ong\/ca\/#organization"},"potentialAction":[{"@type":"SearchAction","target":{"@type":"EntryPoint","urlTemplate":"https:\/\/abd.ong\/ca\/?s={search_term_string}"},"query-input":{"@type":"PropertyValueSpecification","valueRequired":true,"valueName":"search_term_string"}}],"inLanguage":"ca"},{"@type":"Organization","@id":"https:\/\/abd.ong\/ca\/#organization","name":"Associaci\u00f3 Benestar i Desenvolupament","alternateName":"ABD","url":"https:\/\/abd.ong\/ca\/","logo":{"@type":"ImageObject","inLanguage":"ca","@id":"https:\/\/abd.ong\/ca\/#\/schema\/logo\/image\/","url":"https:\/\/abd.ong\/wp-content\/uploads\/2023\/01\/Icona.png","contentUrl":"https:\/\/abd.ong\/wp-content\/uploads\/2023\/01\/Icona.png","width":190,"height":187,"caption":"Associaci\u00f3 Benestar i Desenvolupament"},"image":{"@id":"https:\/\/abd.ong\/ca\/#\/schema\/logo\/image\/"},"sameAs":["https:\/\/www.facebook.com\/abd.ong","https:\/\/x.com\/abd_ong","https:\/\/www.instagram.com\/abd_ong\/","https:\/\/www.linkedin.com\/company\/abdong","https:\/\/www.youtube.com\/user\/CANALABD"]},{"@type":"Person","@id":"https:\/\/abd.ong\/ca\/#\/schema\/person\/6bb74ed13fc8bdf3a5382c66db14c9ee","name":"Francesc Balart"}]}},"_links":{"self":[{"href":"https:\/\/abd.ong\/ca\/wp-json\/wp\/v2\/posts\/170272","targetHints":{"allow":["GET"]}}],"collection":[{"href":"https:\/\/abd.ong\/ca\/wp-json\/wp\/v2\/posts"}],"about":[{"href":"https:\/\/abd.ong\/ca\/wp-json\/wp\/v2\/types\/post"}],"author":[{"embeddable":true,"href":"https:\/\/abd.ong\/ca\/wp-json\/wp\/v2\/users\/12"}],"replies":[{"embeddable":true,"href":"https:\/\/abd.ong\/ca\/wp-json\/wp\/v2\/comments?post=170272"}],"version-history":[{"count":2,"href":"https:\/\/abd.ong\/ca\/wp-json\/wp\/v2\/posts\/170272\/revisions"}],"predecessor-version":[{"id":170748,"href":"https:\/\/abd.ong\/ca\/wp-json\/wp\/v2\/posts\/170272\/revisions\/170748"}],"wp:featuredmedia":[{"embeddable":true,"href":"https:\/\/abd.ong\/ca\/wp-json\/wp\/v2\/media\/170425"}],"wp:attachment":[{"href":"https:\/\/abd.ong\/ca\/wp-json\/wp\/v2\/media?parent=170272"}],"wp:term":[{"taxonomy":"category","embeddable":true,"href":"https:\/\/abd.ong\/ca\/wp-json\/wp\/v2\/categories?post=170272"},{"taxonomy":"post_tag","embeddable":true,"href":"https:\/\/abd.ong\/ca\/wp-json\/wp\/v2\/tags?post=170272"}],"curies":[{"name":"wp","href":"https:\/\/api.w.org\/{rel}","templated":true}]}}