{"id":170225,"date":"2025-07-04T10:57:11","date_gmt":"2025-07-04T08:57:11","guid":{"rendered":"https:\/\/abd.ong\/?p=170225"},"modified":"2025-07-04T12:20:00","modified_gmt":"2025-07-04T10:20:00","slug":"el-grup-abd-participa-en-les-jornades-de-sensibilitzacio-trans-i-no-binaria-organitzades-per-bricodepot","status":"publish","type":"post","link":"https:\/\/abd.ong\/ca\/inclusio-i-pobresa\/el-grup-abd-participa-en-les-jornades-de-sensibilitzacio-trans-i-no-binaria-organitzades-per-bricodepot\/","title":{"rendered":"El Grup ABD participa en les Jornades de Sensibilitzaci\u00f3 Trans i No Bin\u00e0ria organitzades per BricoDepot"},"content":{"rendered":"\n<h4 class=\"wp-block-heading\">La jornada va visibilitzar la realitat del col\u00b7lectiu LGTBIQ+ en el sector laboral i va incloure una taula rodona amb testimonis de professionals del Grup ABD i persones treballadores de BricoDepot<\/h4>\n\n<div style=\"height:34px\" aria-hidden=\"true\" class=\"wp-block-spacer\"><\/div>\n\n<p><p data-start=\"0\" data-end=\"208\">Aquesta setmana, el <a href=\"https:\/\/abd.ong\/ca\/\" target=\"_blank\" rel=\"noopener\"><strong>Grup ABD<\/strong><\/a> ha participat en les <em>Jornades de Sensibilitzaci\u00f3 Trans* i No Bin\u00e0ria<\/em>, organitzades a les oficines de <a href=\"https:\/\/www.bricodepot.es\/\" target=\"_blank\" rel=\"noopener\"><strong>BricoDepot<\/strong><\/a> a Barcelona, amb motiu de la celebraci\u00f3 del Mes de l\u2019Orgull 2025. L\u2019objectiu principal de la trobada ha estat <strong>generar un espai de di\u00e0leg, reflexi\u00f3 i visibilitat<\/strong> entorn de les viv\u00e8ncies de persones trans, no bin\u00e0ries i del conjunt del col\u00b7lectiu LGTBIQ+ en entorns laborals com el sector de la construcci\u00f3 \u2014tradicionalment masculinitzat i amb importants reptes en mat\u00e8ria d\u2019inclusi\u00f3\u2014 aix\u00ed com tamb\u00e9 en l\u2019\u00e0mbit d\u2019entitats socials, com \u00e9s el cas d\u2019ABD.<\/p><\/p>\n\n<p><p data-start=\"0\" data-end=\"270\">La jornada es va obrir amb la presentaci\u00f3 de <strong>l\u2019informe de l\u2019Observatori de la Realitat del Col\u00b7lectiu LGTBIQ+ en el Sector de la Construcci\u00f3<\/strong>, que recull dades, testimonis i an\u00e0lisis sobre les desigualtats, viol\u00e8ncies i discriminacions que encara afecten el col\u00b7lectiu. Es va destacar la necessitat urgent d\u2019implementar pol\u00edtiques laborals inclusives, protocols de prevenci\u00f3 de les viol\u00e8ncies i accions de sensibilitzaci\u00f3 dins les empreses del sector.<\/p><\/p>\n\n<div style=\"height:23px\" aria-hidden=\"true\" class=\"wp-block-spacer\"><\/div>\n\n<figure class=\"wp-block-gallery has-nested-images columns-default is-cropped wp-block-gallery-2 is-layout-flex wp-block-gallery-is-layout-flex\">\n<figure class=\"wp-block-image size-large\"><img fetchpriority=\"high\" decoding=\"async\" width=\"1024\" height=\"683\" data-id=\"170190\" src=\"https:\/\/abd.ong\/wp-content\/uploads\/2025\/07\/SAM_4092-1024x683.jpg\" alt=\"\" class=\"wp-image-170190\" srcset=\"https:\/\/abd.ong\/wp-content\/uploads\/2025\/07\/SAM_4092-1024x683.jpg 1024w, https:\/\/abd.ong\/wp-content\/uploads\/2025\/07\/SAM_4092-300x200.jpg 300w, https:\/\/abd.ong\/wp-content\/uploads\/2025\/07\/SAM_4092-768x512.jpg 768w, https:\/\/abd.ong\/wp-content\/uploads\/2025\/07\/SAM_4092-1536x1024.jpg 1536w, https:\/\/abd.ong\/wp-content\/uploads\/2025\/07\/SAM_4092-600x400.jpg 600w, https:\/\/abd.ong\/wp-content\/uploads\/2025\/07\/SAM_4092-1920x1280.jpg 1920w, https:\/\/abd.ong\/wp-content\/uploads\/2025\/07\/SAM_4092.jpg 2048w\" sizes=\"(max-width: 1024px) 100vw, 1024px\" \/><\/figure>\n\n\n\n<figure class=\"wp-block-image size-large\"><img decoding=\"async\" width=\"1024\" height=\"683\" data-id=\"170193\" src=\"https:\/\/abd.ong\/wp-content\/uploads\/2025\/07\/SAM_4109-1-1024x683.jpg\" alt=\"\" class=\"wp-image-170193\" srcset=\"https:\/\/abd.ong\/wp-content\/uploads\/2025\/07\/SAM_4109-1-1024x683.jpg 1024w, https:\/\/abd.ong\/wp-content\/uploads\/2025\/07\/SAM_4109-1-300x200.jpg 300w, https:\/\/abd.ong\/wp-content\/uploads\/2025\/07\/SAM_4109-1-768x512.jpg 768w, https:\/\/abd.ong\/wp-content\/uploads\/2025\/07\/SAM_4109-1-1536x1024.jpg 1536w, https:\/\/abd.ong\/wp-content\/uploads\/2025\/07\/SAM_4109-1-600x400.jpg 600w, https:\/\/abd.ong\/wp-content\/uploads\/2025\/07\/SAM_4109-1-1920x1280.jpg 1920w, https:\/\/abd.ong\/wp-content\/uploads\/2025\/07\/SAM_4109-1.jpg 2048w\" sizes=\"(max-width: 1024px) 100vw, 1024px\" \/><\/figure>\n\n\n\n<figure class=\"wp-block-image size-large\"><img decoding=\"async\" width=\"1024\" height=\"683\" data-id=\"170199\" src=\"https:\/\/abd.ong\/wp-content\/uploads\/2025\/07\/SAM_4117-1024x683.jpg\" alt=\"\" class=\"wp-image-170199\" srcset=\"https:\/\/abd.ong\/wp-content\/uploads\/2025\/07\/SAM_4117-1024x683.jpg 1024w, https:\/\/abd.ong\/wp-content\/uploads\/2025\/07\/SAM_4117-300x200.jpg 300w, https:\/\/abd.ong\/wp-content\/uploads\/2025\/07\/SAM_4117-768x512.jpg 768w, https:\/\/abd.ong\/wp-content\/uploads\/2025\/07\/SAM_4117-1536x1024.jpg 1536w, https:\/\/abd.ong\/wp-content\/uploads\/2025\/07\/SAM_4117-600x400.jpg 600w, https:\/\/abd.ong\/wp-content\/uploads\/2025\/07\/SAM_4117-1920x1280.jpg 1920w, https:\/\/abd.ong\/wp-content\/uploads\/2025\/07\/SAM_4117.jpg 2048w\" sizes=\"(max-width: 1024px) 100vw, 1024px\" \/><\/figure>\n\n\n\n<figure class=\"wp-block-image size-large\"><img loading=\"lazy\" decoding=\"async\" width=\"1024\" height=\"683\" data-id=\"170196\" src=\"https:\/\/abd.ong\/wp-content\/uploads\/2025\/07\/SAM_4100-1-1024x683.jpg\" alt=\"\" class=\"wp-image-170196\" srcset=\"https:\/\/abd.ong\/wp-content\/uploads\/2025\/07\/SAM_4100-1-1024x683.jpg 1024w, https:\/\/abd.ong\/wp-content\/uploads\/2025\/07\/SAM_4100-1-300x200.jpg 300w, https:\/\/abd.ong\/wp-content\/uploads\/2025\/07\/SAM_4100-1-768x512.jpg 768w, https:\/\/abd.ong\/wp-content\/uploads\/2025\/07\/SAM_4100-1-1536x1024.jpg 1536w, https:\/\/abd.ong\/wp-content\/uploads\/2025\/07\/SAM_4100-1-600x400.jpg 600w, https:\/\/abd.ong\/wp-content\/uploads\/2025\/07\/SAM_4100-1-1920x1280.jpg 1920w, https:\/\/abd.ong\/wp-content\/uploads\/2025\/07\/SAM_4100-1.jpg 2048w\" sizes=\"(max-width: 1024px) 100vw, 1024px\" \/><\/figure>\n\n\n\n<figure class=\"wp-block-image size-large\"><img loading=\"lazy\" decoding=\"async\" width=\"1024\" height=\"683\" data-id=\"170181\" src=\"https:\/\/abd.ong\/wp-content\/uploads\/2025\/07\/SAM_4072-1024x683.jpg\" alt=\"\" class=\"wp-image-170181\" srcset=\"https:\/\/abd.ong\/wp-content\/uploads\/2025\/07\/SAM_4072-1024x683.jpg 1024w, https:\/\/abd.ong\/wp-content\/uploads\/2025\/07\/SAM_4072-300x200.jpg 300w, https:\/\/abd.ong\/wp-content\/uploads\/2025\/07\/SAM_4072-768x512.jpg 768w, https:\/\/abd.ong\/wp-content\/uploads\/2025\/07\/SAM_4072-1536x1024.jpg 1536w, https:\/\/abd.ong\/wp-content\/uploads\/2025\/07\/SAM_4072-600x400.jpg 600w, https:\/\/abd.ong\/wp-content\/uploads\/2025\/07\/SAM_4072-1920x1280.jpg 1920w, https:\/\/abd.ong\/wp-content\/uploads\/2025\/07\/SAM_4072.jpg 2048w\" sizes=\"(max-width: 1024px) 100vw, 1024px\" \/><\/figure>\n<\/figure>\n\n<div style=\"height:23px\" aria-hidden=\"true\" class=\"wp-block-spacer\"><\/div>\n\n<p>Un dels moments centrals va ser la taula rodona <em>&#8220;Dia de la Visibilitat LGTBIQ+&#8221;<\/em>, en qu\u00e8 van participar professionals del Grup ABD, <span class=\"hiddenGrammarError\">com<\/span>\u00a0per\u00a0exemple\u00a0una persona del <a class=\"broken_link\" href=\"https:\/\/serveiocupacio.gencat.cat\/ca\/entitats\/subvencions-foment-ocupacio\/Programa-Treball-i-Formacio-ESAL\/\" target=\"_blank\" rel=\"noopener\"><strong>Programa ESAL<\/strong><\/a> del Servei d\u2019Ocupaci\u00f3 de Catalunya (SOC). Aquest espai va afavorir una escolta activa i la visibilitzaci\u00f3 d\u2019experi\u00e8ncies en primera persona.<\/p>\n\n<p><p data-start=\"0\" data-end=\"220\">Durant la conversa, les persones participants van compartir les seves traject\u00f2ries personals i professionals com a part del col\u00b7lectiu LGTBIQ+, abordant tant els reptes com els suports que han trobat al llarg del cam\u00ed. Es va reflexionar sobre <strong>la import\u00e0ncia de comptar amb xarxes de suport, referents visibles i espais segurs, aix\u00ed com sobre les barreres que encara persisteixen<\/strong>, com la discriminaci\u00f3 o la manca de representaci\u00f3. Tamb\u00e9 es va retre homenatge a figures clau que han inspirat els seus processos vitals, i es van compartir aprenentatges i moments significatius que han marcat el seu desenvolupament.<\/p><\/p>\n\n<p>A m\u00e9s, es va dur a terme una visita guiada per les instal\u00b7lacions de <strong>BricoDepot<\/strong>, on l\u2019equip d\u2019ABD va poder con\u00e8ixer de prop els espais de treball, el funcionament del centre i el comprom\u00eds de l\u2019empresa amb la diversitat.<\/p>\n\n<div style=\"height:23px\" aria-hidden=\"true\" class=\"wp-block-spacer\"><\/div>\n\n<figure class=\"wp-block-gallery has-nested-images columns-default is-cropped wp-block-gallery-3 is-layout-flex wp-block-gallery-is-layout-flex\">\n<figure class=\"wp-block-image size-large\"><img loading=\"lazy\" decoding=\"async\" width=\"1024\" height=\"683\" data-id=\"170202\" src=\"https:\/\/abd.ong\/wp-content\/uploads\/2025\/07\/SAM_4136-1024x683.jpg\" alt=\"\" class=\"wp-image-170202\" srcset=\"https:\/\/abd.ong\/wp-content\/uploads\/2025\/07\/SAM_4136-1024x683.jpg 1024w, https:\/\/abd.ong\/wp-content\/uploads\/2025\/07\/SAM_4136-300x200.jpg 300w, https:\/\/abd.ong\/wp-content\/uploads\/2025\/07\/SAM_4136-768x512.jpg 768w, https:\/\/abd.ong\/wp-content\/uploads\/2025\/07\/SAM_4136-1536x1024.jpg 1536w, https:\/\/abd.ong\/wp-content\/uploads\/2025\/07\/SAM_4136-600x400.jpg 600w, https:\/\/abd.ong\/wp-content\/uploads\/2025\/07\/SAM_4136-1920x1280.jpg 1920w, https:\/\/abd.ong\/wp-content\/uploads\/2025\/07\/SAM_4136.jpg 2048w\" sizes=\"(max-width: 1024px) 100vw, 1024px\" \/><\/figure>\n\n\n\n<figure class=\"wp-block-image size-large\"><img loading=\"lazy\" decoding=\"async\" width=\"1024\" height=\"683\" data-id=\"170205\" src=\"https:\/\/abd.ong\/wp-content\/uploads\/2025\/07\/SAM_4018-1024x683.jpg\" alt=\"\" class=\"wp-image-170205\" srcset=\"https:\/\/abd.ong\/wp-content\/uploads\/2025\/07\/SAM_4018-1024x683.jpg 1024w, https:\/\/abd.ong\/wp-content\/uploads\/2025\/07\/SAM_4018-300x200.jpg 300w, https:\/\/abd.ong\/wp-content\/uploads\/2025\/07\/SAM_4018-768x512.jpg 768w, https:\/\/abd.ong\/wp-content\/uploads\/2025\/07\/SAM_4018-1536x1024.jpg 1536w, https:\/\/abd.ong\/wp-content\/uploads\/2025\/07\/SAM_4018-600x400.jpg 600w, https:\/\/abd.ong\/wp-content\/uploads\/2025\/07\/SAM_4018-1920x1280.jpg 1920w, https:\/\/abd.ong\/wp-content\/uploads\/2025\/07\/SAM_4018.jpg 2048w\" sizes=\"(max-width: 1024px) 100vw, 1024px\" \/><\/figure>\n\n\n\n<figure class=\"wp-block-image size-large\"><img loading=\"lazy\" decoding=\"async\" width=\"1024\" height=\"683\" data-id=\"170208\" src=\"https:\/\/abd.ong\/wp-content\/uploads\/2025\/07\/SAM_4155-1024x683.jpg\" alt=\"\" class=\"wp-image-170208\" srcset=\"https:\/\/abd.ong\/wp-content\/uploads\/2025\/07\/SAM_4155-1024x683.jpg 1024w, https:\/\/abd.ong\/wp-content\/uploads\/2025\/07\/SAM_4155-300x200.jpg 300w, https:\/\/abd.ong\/wp-content\/uploads\/2025\/07\/SAM_4155-768x512.jpg 768w, https:\/\/abd.ong\/wp-content\/uploads\/2025\/07\/SAM_4155-1536x1024.jpg 1536w, https:\/\/abd.ong\/wp-content\/uploads\/2025\/07\/SAM_4155-600x400.jpg 600w, https:\/\/abd.ong\/wp-content\/uploads\/2025\/07\/SAM_4155-1920x1280.jpg 1920w, https:\/\/abd.ong\/wp-content\/uploads\/2025\/07\/SAM_4155.jpg 2048w\" sizes=\"(max-width: 1024px) 100vw, 1024px\" \/><\/figure>\n\n\n\n<figure class=\"wp-block-image size-large\"><img loading=\"lazy\" decoding=\"async\" width=\"1024\" height=\"683\" data-id=\"170211\" src=\"https:\/\/abd.ong\/wp-content\/uploads\/2025\/07\/SAM_4157-1024x683.jpg\" alt=\"\" class=\"wp-image-170211\" srcset=\"https:\/\/abd.ong\/wp-content\/uploads\/2025\/07\/SAM_4157-1024x683.jpg 1024w, https:\/\/abd.ong\/wp-content\/uploads\/2025\/07\/SAM_4157-300x200.jpg 300w, https:\/\/abd.ong\/wp-content\/uploads\/2025\/07\/SAM_4157-768x512.jpg 768w, https:\/\/abd.ong\/wp-content\/uploads\/2025\/07\/SAM_4157-1536x1024.jpg 1536w, https:\/\/abd.ong\/wp-content\/uploads\/2025\/07\/SAM_4157-600x400.jpg 600w, https:\/\/abd.ong\/wp-content\/uploads\/2025\/07\/SAM_4157-1920x1280.jpg 1920w, https:\/\/abd.ong\/wp-content\/uploads\/2025\/07\/SAM_4157.jpg 2048w\" sizes=\"(max-width: 1024px) 100vw, 1024px\" \/><\/figure>\n\n\n\n<figure class=\"wp-block-image size-large\"><img loading=\"lazy\" decoding=\"async\" width=\"1024\" height=\"683\" data-id=\"170214\" src=\"https:\/\/abd.ong\/wp-content\/uploads\/2025\/07\/SAM_4162-1024x683.jpg\" alt=\"\" class=\"wp-image-170214\" srcset=\"https:\/\/abd.ong\/wp-content\/uploads\/2025\/07\/SAM_4162-1024x683.jpg 1024w, https:\/\/abd.ong\/wp-content\/uploads\/2025\/07\/SAM_4162-300x200.jpg 300w, https:\/\/abd.ong\/wp-content\/uploads\/2025\/07\/SAM_4162-768x512.jpg 768w, https:\/\/abd.ong\/wp-content\/uploads\/2025\/07\/SAM_4162-1536x1024.jpg 1536w, https:\/\/abd.ong\/wp-content\/uploads\/2025\/07\/SAM_4162-600x400.jpg 600w, https:\/\/abd.ong\/wp-content\/uploads\/2025\/07\/SAM_4162-1920x1280.jpg 1920w, https:\/\/abd.ong\/wp-content\/uploads\/2025\/07\/SAM_4162.jpg 2048w\" sizes=\"(max-width: 1024px) 100vw, 1024px\" \/><\/figure>\n<\/figure>\n\n<div style=\"height:23px\" aria-hidden=\"true\" class=\"wp-block-spacer\"><\/div>\n\n<p><p data-start=\"0\" data-end=\"248\">Des del Grup ABD<strong>, reivindiquem el dret de totes les persones<\/strong>,<em> independentment de la seva identitat de g\u00e8nere, orientaci\u00f3 sexual o expressi\u00f3 de g\u00e8nere,<\/em> <strong>a viure, treballar i desenvolupar-se en entorns lliures de discriminaci\u00f3, viol\u00e8ncia o exclusi\u00f3.<\/strong> Apostem per una transformaci\u00f3 profunda de les estructures laborals, socials i culturals, i creiem fermament que les empreses han d\u2019assumir un paper actiu en la creaci\u00f3 d\u2019espais segurs, respectuosos i inclusius.<\/p><\/p>\n\n<p>La sensibilitzaci\u00f3, la formaci\u00f3 i el treball en xarxa s\u00f3n eines fonamentals per avan\u00e7ar cap a una societat m\u00e9s justa, on totes les persones puguin viure amb dignitat, llibertat i plenitud. Iniciatives com aquesta representen passos concrets cap a aquest objectiu com\u00fa.<\/p>\n\n<div style=\"height:23px\" aria-hidden=\"true\" class=\"wp-block-spacer\"><\/div>\n\n<figure class=\"wp-block-gallery has-nested-images columns-default is-cropped wp-block-gallery-4 is-layout-flex wp-block-gallery-is-layout-flex\">\n<figure class=\"wp-block-image size-large\"><img loading=\"lazy\" decoding=\"async\" width=\"1024\" height=\"683\" data-id=\"170217\" src=\"https:\/\/abd.ong\/wp-content\/uploads\/2025\/07\/SAM_4026-1024x683.jpg\" alt=\"\" class=\"wp-image-170217\" srcset=\"https:\/\/abd.ong\/wp-content\/uploads\/2025\/07\/SAM_4026-1024x683.jpg 1024w, https:\/\/abd.ong\/wp-content\/uploads\/2025\/07\/SAM_4026-300x200.jpg 300w, https:\/\/abd.ong\/wp-content\/uploads\/2025\/07\/SAM_4026-768x512.jpg 768w, https:\/\/abd.ong\/wp-content\/uploads\/2025\/07\/SAM_4026-1536x1024.jpg 1536w, https:\/\/abd.ong\/wp-content\/uploads\/2025\/07\/SAM_4026-600x400.jpg 600w, https:\/\/abd.ong\/wp-content\/uploads\/2025\/07\/SAM_4026-1920x1280.jpg 1920w, https:\/\/abd.ong\/wp-content\/uploads\/2025\/07\/SAM_4026.jpg 2048w\" sizes=\"(max-width: 1024px) 100vw, 1024px\" \/><\/figure>\n<\/figure>\n\n<p><\/p>\n","protected":false},"excerpt":{"rendered":"<p>La jornada va visibilitzar la realitat del col\u00b7lectiu LGTBIQ+ en el sector laboral i va incloure una taula rodona amb testimonis de professionals del Grup ABD i persones treballadores de&hellip;<\/p>\n","protected":false},"author":12,"featured_media":170179,"comment_status":"closed","ping_status":"closed","sticky":false,"template":"","format":"standard","meta":{"_acf_changed":false,"footnotes":""},"categories":[3195,2],"tags":[1897,675,2928,4893],"class_list":["post-170225","post","type-post","status-publish","format-standard","has-post-thumbnail","hentry","category-inclusio-i-pobresa","category-sense-categoria","tag-abd-2-ca","tag-asociacion-bienestar-y-desarrollo-ca","tag-associacio-benestar-i-desenvolupament-ca-2","tag-bricodepot-ca"],"acf":[],"yoast_head":"<!-- This site is optimized with the Yoast SEO plugin v27.4 - https:\/\/yoast.com\/product\/yoast-seo-wordpress\/ -->\n<title>El Grup ABD participa en les Jornades de Sensibilitzaci\u00f3 Trans i No Bin\u00e0ria organitzades per BricoDepot - ABD<\/title>\n<meta name=\"description\" content=\"La jornada va visibilitzar la realitat del col\u00b7lectiu LGTBIQ+ en el sector laboral i va incloure una taula rodona amb testimonis de professionals del Grup\" \/>\n<meta name=\"robots\" content=\"index, follow, max-snippet:-1, max-image-preview:large, max-video-preview:-1\" \/>\n<link rel=\"canonical\" href=\"https:\/\/abd.ong\/ca\/inclusio-i-pobresa\/el-grup-abd-participa-en-les-jornades-de-sensibilitzacio-trans-i-no-binaria-organitzades-per-bricodepot\/\" \/>\n<meta property=\"og:locale\" content=\"ca_ES\" \/>\n<meta property=\"og:type\" content=\"article\" \/>\n<meta property=\"og:title\" content=\"El Grup ABD participa en les Jornades de Sensibilitzaci\u00f3 Trans i No Bin\u00e0ria organitzades per BricoDepot - ABD\" \/>\n<meta property=\"og:description\" content=\"La jornada va visibilitzar la realitat del col\u00b7lectiu LGTBIQ+ en el sector laboral i va incloure una taula rodona amb testimonis de professionals del Grup\" \/>\n<meta property=\"og:url\" content=\"https:\/\/abd.ong\/ca\/inclusio-i-pobresa\/el-grup-abd-participa-en-les-jornades-de-sensibilitzacio-trans-i-no-binaria-organitzades-per-bricodepot\/\" \/>\n<meta property=\"og:site_name\" content=\"ABD\" \/>\n<meta property=\"article:publisher\" content=\"https:\/\/www.facebook.com\/abd.ong\" \/>\n<meta property=\"article:published_time\" content=\"2025-07-04T08:57:11+00:00\" \/>\n<meta property=\"article:modified_time\" content=\"2025-07-04T10:20:00+00:00\" \/>\n<meta property=\"og:image\" content=\"https:\/\/abd.ong\/wp-content\/uploads\/2025\/07\/SAM_4082-1024x683.jpg\" \/>\n<meta name=\"author\" content=\"Francesc Balart\" \/>\n<meta name=\"twitter:card\" content=\"summary_large_image\" \/>\n<meta name=\"twitter:image\" content=\"https:\/\/abd.ong\/wp-content\/uploads\/2025\/07\/SAM_4082-1024x683.jpg\" \/>\n<meta name=\"twitter:creator\" content=\"@abd_ong\" \/>\n<meta name=\"twitter:site\" content=\"@abd_ong\" \/>\n<meta name=\"twitter:label1\" content=\"Escrit per\" \/>\n\t<meta name=\"twitter:data1\" content=\"Francesc Balart\" \/>\n\t<meta name=\"twitter:label2\" content=\"Temps estimat de lectura\" \/>\n\t<meta name=\"twitter:data2\" content=\"1 minut\" \/>\n<script type=\"application\/ld+json\" class=\"yoast-schema-graph\">{\"@context\":\"https:\\\/\\\/schema.org\",\"@graph\":[{\"@type\":\"Article\",\"@id\":\"https:\\\/\\\/abd.ong\\\/ca\\\/inclusio-i-pobresa\\\/el-grup-abd-participa-en-les-jornades-de-sensibilitzacio-trans-i-no-binaria-organitzades-per-bricodepot\\\/#article\",\"isPartOf\":{\"@id\":\"https:\\\/\\\/abd.ong\\\/ca\\\/inclusio-i-pobresa\\\/el-grup-abd-participa-en-les-jornades-de-sensibilitzacio-trans-i-no-binaria-organitzades-per-bricodepot\\\/\"},\"author\":{\"name\":\"Francesc Balart\",\"@id\":\"https:\\\/\\\/abd.ong\\\/ca\\\/#\\\/schema\\\/person\\\/6bb74ed13fc8bdf3a5382c66db14c9ee\"},\"headline\":\"El Grup ABD participa en les Jornades de Sensibilitzaci\u00f3 Trans i No Bin\u00e0ria organitzades per BricoDepot\",\"datePublished\":\"2025-07-04T08:57:11+00:00\",\"dateModified\":\"2025-07-04T10:20:00+00:00\",\"mainEntityOfPage\":{\"@id\":\"https:\\\/\\\/abd.ong\\\/ca\\\/inclusio-i-pobresa\\\/el-grup-abd-participa-en-les-jornades-de-sensibilitzacio-trans-i-no-binaria-organitzades-per-bricodepot\\\/\"},\"wordCount\":545,\"publisher\":{\"@id\":\"https:\\\/\\\/abd.ong\\\/ca\\\/#organization\"},\"image\":{\"@id\":\"https:\\\/\\\/abd.ong\\\/ca\\\/inclusio-i-pobresa\\\/el-grup-abd-participa-en-les-jornades-de-sensibilitzacio-trans-i-no-binaria-organitzades-per-bricodepot\\\/#primaryimage\"},\"thumbnailUrl\":\"https:\\\/\\\/abd.ong\\\/wp-content\\\/uploads\\\/2025\\\/07\\\/SAM_4082.jpg\",\"keywords\":[\"ABD\",\"Asociaci\u00f3n Bienestar y Desarrollo\",\"Associaci\u00f3 Benestar i Desenvolupament\",\"Bricodepot\"],\"articleSection\":[\"Inclusi\u00f3 i pobresa\"],\"inLanguage\":\"ca\"},{\"@type\":\"WebPage\",\"@id\":\"https:\\\/\\\/abd.ong\\\/ca\\\/inclusio-i-pobresa\\\/el-grup-abd-participa-en-les-jornades-de-sensibilitzacio-trans-i-no-binaria-organitzades-per-bricodepot\\\/\",\"url\":\"https:\\\/\\\/abd.ong\\\/ca\\\/inclusio-i-pobresa\\\/el-grup-abd-participa-en-les-jornades-de-sensibilitzacio-trans-i-no-binaria-organitzades-per-bricodepot\\\/\",\"name\":\"El Grup ABD participa en les Jornades de Sensibilitzaci\u00f3 Trans i No Bin\u00e0ria organitzades per BricoDepot - ABD\",\"isPartOf\":{\"@id\":\"https:\\\/\\\/abd.ong\\\/ca\\\/#website\"},\"primaryImageOfPage\":{\"@id\":\"https:\\\/\\\/abd.ong\\\/ca\\\/inclusio-i-pobresa\\\/el-grup-abd-participa-en-les-jornades-de-sensibilitzacio-trans-i-no-binaria-organitzades-per-bricodepot\\\/#primaryimage\"},\"image\":{\"@id\":\"https:\\\/\\\/abd.ong\\\/ca\\\/inclusio-i-pobresa\\\/el-grup-abd-participa-en-les-jornades-de-sensibilitzacio-trans-i-no-binaria-organitzades-per-bricodepot\\\/#primaryimage\"},\"thumbnailUrl\":\"https:\\\/\\\/abd.ong\\\/wp-content\\\/uploads\\\/2025\\\/07\\\/SAM_4082.jpg\",\"datePublished\":\"2025-07-04T08:57:11+00:00\",\"dateModified\":\"2025-07-04T10:20:00+00:00\",\"description\":\"La jornada va visibilitzar la realitat del col\u00b7lectiu LGTBIQ+ en el sector laboral i va incloure una taula rodona amb testimonis de professionals del Grup\",\"breadcrumb\":{\"@id\":\"https:\\\/\\\/abd.ong\\\/ca\\\/inclusio-i-pobresa\\\/el-grup-abd-participa-en-les-jornades-de-sensibilitzacio-trans-i-no-binaria-organitzades-per-bricodepot\\\/#breadcrumb\"},\"inLanguage\":\"ca\",\"potentialAction\":[{\"@type\":\"ReadAction\",\"target\":[\"https:\\\/\\\/abd.ong\\\/ca\\\/inclusio-i-pobresa\\\/el-grup-abd-participa-en-les-jornades-de-sensibilitzacio-trans-i-no-binaria-organitzades-per-bricodepot\\\/\"]}]},{\"@type\":\"ImageObject\",\"inLanguage\":\"ca\",\"@id\":\"https:\\\/\\\/abd.ong\\\/ca\\\/inclusio-i-pobresa\\\/el-grup-abd-participa-en-les-jornades-de-sensibilitzacio-trans-i-no-binaria-organitzades-per-bricodepot\\\/#primaryimage\",\"url\":\"https:\\\/\\\/abd.ong\\\/wp-content\\\/uploads\\\/2025\\\/07\\\/SAM_4082.jpg\",\"contentUrl\":\"https:\\\/\\\/abd.ong\\\/wp-content\\\/uploads\\\/2025\\\/07\\\/SAM_4082.jpg\",\"width\":2048,\"height\":1365,\"caption\":\"SAMSUNG CSC\"},{\"@type\":\"BreadcrumbList\",\"@id\":\"https:\\\/\\\/abd.ong\\\/ca\\\/inclusio-i-pobresa\\\/el-grup-abd-participa-en-les-jornades-de-sensibilitzacio-trans-i-no-binaria-organitzades-per-bricodepot\\\/#breadcrumb\",\"itemListElement\":[{\"@type\":\"ListItem\",\"position\":1,\"name\":\"Inici\",\"item\":\"https:\\\/\\\/abd.ong\\\/ca\\\/\"},{\"@type\":\"ListItem\",\"position\":2,\"name\":\"El Grup ABD participa en les Jornades de Sensibilitzaci\u00f3 Trans i No Bin\u00e0ria organitzades per BricoDepot\"}]},{\"@type\":\"WebSite\",\"@id\":\"https:\\\/\\\/abd.ong\\\/ca\\\/#website\",\"url\":\"https:\\\/\\\/abd.ong\\\/ca\\\/\",\"name\":\"ABD\",\"description\":\"Asociaci\u00f3n Bienestar y Desarrollo\",\"publisher\":{\"@id\":\"https:\\\/\\\/abd.ong\\\/ca\\\/#organization\"},\"potentialAction\":[{\"@type\":\"SearchAction\",\"target\":{\"@type\":\"EntryPoint\",\"urlTemplate\":\"https:\\\/\\\/abd.ong\\\/ca\\\/?s={search_term_string}\"},\"query-input\":{\"@type\":\"PropertyValueSpecification\",\"valueRequired\":true,\"valueName\":\"search_term_string\"}}],\"inLanguage\":\"ca\"},{\"@type\":\"Organization\",\"@id\":\"https:\\\/\\\/abd.ong\\\/ca\\\/#organization\",\"name\":\"Associaci\u00f3 Benestar i Desenvolupament\",\"alternateName\":\"ABD\",\"url\":\"https:\\\/\\\/abd.ong\\\/ca\\\/\",\"logo\":{\"@type\":\"ImageObject\",\"inLanguage\":\"ca\",\"@id\":\"https:\\\/\\\/abd.ong\\\/ca\\\/#\\\/schema\\\/logo\\\/image\\\/\",\"url\":\"https:\\\/\\\/abd.ong\\\/wp-content\\\/uploads\\\/2023\\\/01\\\/Icona.png\",\"contentUrl\":\"https:\\\/\\\/abd.ong\\\/wp-content\\\/uploads\\\/2023\\\/01\\\/Icona.png\",\"width\":190,\"height\":187,\"caption\":\"Associaci\u00f3 Benestar i Desenvolupament\"},\"image\":{\"@id\":\"https:\\\/\\\/abd.ong\\\/ca\\\/#\\\/schema\\\/logo\\\/image\\\/\"},\"sameAs\":[\"https:\\\/\\\/www.facebook.com\\\/abd.ong\",\"https:\\\/\\\/x.com\\\/abd_ong\",\"https:\\\/\\\/www.instagram.com\\\/abd_ong\\\/\",\"https:\\\/\\\/www.linkedin.com\\\/company\\\/abdong\",\"https:\\\/\\\/www.youtube.com\\\/user\\\/CANALABD\"]},{\"@type\":\"Person\",\"@id\":\"https:\\\/\\\/abd.ong\\\/ca\\\/#\\\/schema\\\/person\\\/6bb74ed13fc8bdf3a5382c66db14c9ee\",\"name\":\"Francesc Balart\"}]}<\/script>\n<!-- \/ Yoast SEO plugin. -->","yoast_head_json":{"title":"El Grup ABD participa en les Jornades de Sensibilitzaci\u00f3 Trans i No Bin\u00e0ria organitzades per BricoDepot - ABD","description":"La jornada va visibilitzar la realitat del col\u00b7lectiu LGTBIQ+ en el sector laboral i va incloure una taula rodona amb testimonis de professionals del Grup","robots":{"index":"index","follow":"follow","max-snippet":"max-snippet:-1","max-image-preview":"max-image-preview:large","max-video-preview":"max-video-preview:-1"},"canonical":"https:\/\/abd.ong\/ca\/inclusio-i-pobresa\/el-grup-abd-participa-en-les-jornades-de-sensibilitzacio-trans-i-no-binaria-organitzades-per-bricodepot\/","og_locale":"ca_ES","og_type":"article","og_title":"El Grup ABD participa en les Jornades de Sensibilitzaci\u00f3 Trans i No Bin\u00e0ria organitzades per BricoDepot - ABD","og_description":"La jornada va visibilitzar la realitat del col\u00b7lectiu LGTBIQ+ en el sector laboral i va incloure una taula rodona amb testimonis de professionals del Grup","og_url":"https:\/\/abd.ong\/ca\/inclusio-i-pobresa\/el-grup-abd-participa-en-les-jornades-de-sensibilitzacio-trans-i-no-binaria-organitzades-per-bricodepot\/","og_site_name":"ABD","article_publisher":"https:\/\/www.facebook.com\/abd.ong","article_published_time":"2025-07-04T08:57:11+00:00","article_modified_time":"2025-07-04T10:20:00+00:00","og_image":[{"url":"https:\/\/abd.ong\/wp-content\/uploads\/2025\/07\/SAM_4082-1024x683.jpg","type":"","width":"","height":""}],"author":"Francesc Balart","twitter_card":"summary_large_image","twitter_image":"https:\/\/abd.ong\/wp-content\/uploads\/2025\/07\/SAM_4082-1024x683.jpg","twitter_creator":"@abd_ong","twitter_site":"@abd_ong","twitter_misc":{"Escrit per":"Francesc Balart","Temps estimat de lectura":"1 minut"},"schema":{"@context":"https:\/\/schema.org","@graph":[{"@type":"Article","@id":"https:\/\/abd.ong\/ca\/inclusio-i-pobresa\/el-grup-abd-participa-en-les-jornades-de-sensibilitzacio-trans-i-no-binaria-organitzades-per-bricodepot\/#article","isPartOf":{"@id":"https:\/\/abd.ong\/ca\/inclusio-i-pobresa\/el-grup-abd-participa-en-les-jornades-de-sensibilitzacio-trans-i-no-binaria-organitzades-per-bricodepot\/"},"author":{"name":"Francesc Balart","@id":"https:\/\/abd.ong\/ca\/#\/schema\/person\/6bb74ed13fc8bdf3a5382c66db14c9ee"},"headline":"El Grup ABD participa en les Jornades de Sensibilitzaci\u00f3 Trans i No Bin\u00e0ria organitzades per BricoDepot","datePublished":"2025-07-04T08:57:11+00:00","dateModified":"2025-07-04T10:20:00+00:00","mainEntityOfPage":{"@id":"https:\/\/abd.ong\/ca\/inclusio-i-pobresa\/el-grup-abd-participa-en-les-jornades-de-sensibilitzacio-trans-i-no-binaria-organitzades-per-bricodepot\/"},"wordCount":545,"publisher":{"@id":"https:\/\/abd.ong\/ca\/#organization"},"image":{"@id":"https:\/\/abd.ong\/ca\/inclusio-i-pobresa\/el-grup-abd-participa-en-les-jornades-de-sensibilitzacio-trans-i-no-binaria-organitzades-per-bricodepot\/#primaryimage"},"thumbnailUrl":"https:\/\/abd.ong\/wp-content\/uploads\/2025\/07\/SAM_4082.jpg","keywords":["ABD","Asociaci\u00f3n Bienestar y Desarrollo","Associaci\u00f3 Benestar i Desenvolupament","Bricodepot"],"articleSection":["Inclusi\u00f3 i pobresa"],"inLanguage":"ca"},{"@type":"WebPage","@id":"https:\/\/abd.ong\/ca\/inclusio-i-pobresa\/el-grup-abd-participa-en-les-jornades-de-sensibilitzacio-trans-i-no-binaria-organitzades-per-bricodepot\/","url":"https:\/\/abd.ong\/ca\/inclusio-i-pobresa\/el-grup-abd-participa-en-les-jornades-de-sensibilitzacio-trans-i-no-binaria-organitzades-per-bricodepot\/","name":"El Grup ABD participa en les Jornades de Sensibilitzaci\u00f3 Trans i No Bin\u00e0ria organitzades per BricoDepot - ABD","isPartOf":{"@id":"https:\/\/abd.ong\/ca\/#website"},"primaryImageOfPage":{"@id":"https:\/\/abd.ong\/ca\/inclusio-i-pobresa\/el-grup-abd-participa-en-les-jornades-de-sensibilitzacio-trans-i-no-binaria-organitzades-per-bricodepot\/#primaryimage"},"image":{"@id":"https:\/\/abd.ong\/ca\/inclusio-i-pobresa\/el-grup-abd-participa-en-les-jornades-de-sensibilitzacio-trans-i-no-binaria-organitzades-per-bricodepot\/#primaryimage"},"thumbnailUrl":"https:\/\/abd.ong\/wp-content\/uploads\/2025\/07\/SAM_4082.jpg","datePublished":"2025-07-04T08:57:11+00:00","dateModified":"2025-07-04T10:20:00+00:00","description":"La jornada va visibilitzar la realitat del col\u00b7lectiu LGTBIQ+ en el sector laboral i va incloure una taula rodona amb testimonis de professionals del Grup","breadcrumb":{"@id":"https:\/\/abd.ong\/ca\/inclusio-i-pobresa\/el-grup-abd-participa-en-les-jornades-de-sensibilitzacio-trans-i-no-binaria-organitzades-per-bricodepot\/#breadcrumb"},"inLanguage":"ca","potentialAction":[{"@type":"ReadAction","target":["https:\/\/abd.ong\/ca\/inclusio-i-pobresa\/el-grup-abd-participa-en-les-jornades-de-sensibilitzacio-trans-i-no-binaria-organitzades-per-bricodepot\/"]}]},{"@type":"ImageObject","inLanguage":"ca","@id":"https:\/\/abd.ong\/ca\/inclusio-i-pobresa\/el-grup-abd-participa-en-les-jornades-de-sensibilitzacio-trans-i-no-binaria-organitzades-per-bricodepot\/#primaryimage","url":"https:\/\/abd.ong\/wp-content\/uploads\/2025\/07\/SAM_4082.jpg","contentUrl":"https:\/\/abd.ong\/wp-content\/uploads\/2025\/07\/SAM_4082.jpg","width":2048,"height":1365,"caption":"SAMSUNG CSC"},{"@type":"BreadcrumbList","@id":"https:\/\/abd.ong\/ca\/inclusio-i-pobresa\/el-grup-abd-participa-en-les-jornades-de-sensibilitzacio-trans-i-no-binaria-organitzades-per-bricodepot\/#breadcrumb","itemListElement":[{"@type":"ListItem","position":1,"name":"Inici","item":"https:\/\/abd.ong\/ca\/"},{"@type":"ListItem","position":2,"name":"El Grup ABD participa en les Jornades de Sensibilitzaci\u00f3 Trans i No Bin\u00e0ria organitzades per BricoDepot"}]},{"@type":"WebSite","@id":"https:\/\/abd.ong\/ca\/#website","url":"https:\/\/abd.ong\/ca\/","name":"ABD","description":"Asociaci\u00f3n Bienestar y Desarrollo","publisher":{"@id":"https:\/\/abd.ong\/ca\/#organization"},"potentialAction":[{"@type":"SearchAction","target":{"@type":"EntryPoint","urlTemplate":"https:\/\/abd.ong\/ca\/?s={search_term_string}"},"query-input":{"@type":"PropertyValueSpecification","valueRequired":true,"valueName":"search_term_string"}}],"inLanguage":"ca"},{"@type":"Organization","@id":"https:\/\/abd.ong\/ca\/#organization","name":"Associaci\u00f3 Benestar i Desenvolupament","alternateName":"ABD","url":"https:\/\/abd.ong\/ca\/","logo":{"@type":"ImageObject","inLanguage":"ca","@id":"https:\/\/abd.ong\/ca\/#\/schema\/logo\/image\/","url":"https:\/\/abd.ong\/wp-content\/uploads\/2023\/01\/Icona.png","contentUrl":"https:\/\/abd.ong\/wp-content\/uploads\/2023\/01\/Icona.png","width":190,"height":187,"caption":"Associaci\u00f3 Benestar i Desenvolupament"},"image":{"@id":"https:\/\/abd.ong\/ca\/#\/schema\/logo\/image\/"},"sameAs":["https:\/\/www.facebook.com\/abd.ong","https:\/\/x.com\/abd_ong","https:\/\/www.instagram.com\/abd_ong\/","https:\/\/www.linkedin.com\/company\/abdong","https:\/\/www.youtube.com\/user\/CANALABD"]},{"@type":"Person","@id":"https:\/\/abd.ong\/ca\/#\/schema\/person\/6bb74ed13fc8bdf3a5382c66db14c9ee","name":"Francesc Balart"}]}},"_links":{"self":[{"href":"https:\/\/abd.ong\/ca\/wp-json\/wp\/v2\/posts\/170225","targetHints":{"allow":["GET"]}}],"collection":[{"href":"https:\/\/abd.ong\/ca\/wp-json\/wp\/v2\/posts"}],"about":[{"href":"https:\/\/abd.ong\/ca\/wp-json\/wp\/v2\/types\/post"}],"author":[{"embeddable":true,"href":"https:\/\/abd.ong\/ca\/wp-json\/wp\/v2\/users\/12"}],"replies":[{"embeddable":true,"href":"https:\/\/abd.ong\/ca\/wp-json\/wp\/v2\/comments?post=170225"}],"version-history":[{"count":3,"href":"https:\/\/abd.ong\/ca\/wp-json\/wp\/v2\/posts\/170225\/revisions"}],"predecessor-version":[{"id":170244,"href":"https:\/\/abd.ong\/ca\/wp-json\/wp\/v2\/posts\/170225\/revisions\/170244"}],"wp:featuredmedia":[{"embeddable":true,"href":"https:\/\/abd.ong\/ca\/wp-json\/wp\/v2\/media\/170179"}],"wp:attachment":[{"href":"https:\/\/abd.ong\/ca\/wp-json\/wp\/v2\/media?parent=170225"}],"wp:term":[{"taxonomy":"category","embeddable":true,"href":"https:\/\/abd.ong\/ca\/wp-json\/wp\/v2\/categories?post=170225"},{"taxonomy":"post_tag","embeddable":true,"href":"https:\/\/abd.ong\/ca\/wp-json\/wp\/v2\/tags?post=170225"}],"curies":[{"name":"wp","href":"https:\/\/api.w.org\/{rel}","templated":true}]}}