{"id":170049,"date":"2025-06-27T11:16:46","date_gmt":"2025-06-27T09:16:46","guid":{"rendered":"https:\/\/abd.ong\/?p=170049"},"modified":"2025-06-27T11:17:08","modified_gmt":"2025-06-27T09:17:08","slug":"abd-als-mitjans-de-comunicacio-al-juny-5","status":"publish","type":"post","link":"https:\/\/abd.ong\/ca\/general-ca\/abd-als-mitjans-de-comunicacio-al-juny-5\/","title":{"rendered":"ABD als mitjans de comunicaci\u00f3 al juny"},"content":{"rendered":"\n<p>El <a href=\"https:\/\/abd.ong\/ca\/\" target=\"_blank\" rel=\"noopener\"><strong>Grup\u00a0<span class=\"hiddenSpellError\">ABD<\/span><\/strong><\/a> ha estat present als mitjans de comunicaci\u00f3 durant aquest mes de juny. A continuaci\u00f3, el resum de premsa de les not\u00edcies, articles i reportatges en qu\u00e8 hem participat com a organitzaci\u00f3.<\/p>\n\n<div style=\"height:100px\" aria-hidden=\"true\" class=\"wp-block-spacer\"><\/div>\n\n<p><strong>2\/06\/2025 &#8211; <strong>Ajuntament de Barcelona<\/strong><\/strong><\/p>\n\n<p>La <strong>Xarxa d\u2019Habitatges d\u2019Inclusi\u00f3 de Barcelona (XHIB)<\/strong> va n\u00e9ixer l\u2019any 2010 per proveir habitatge a persones en situaci\u00f3 de especial vulnerabilitat o risc d\u2019exclusi\u00f3 social. Formada per <strong>l\u2019Ajuntament de Barcelona<\/strong> i <strong>50 entitats sense \u00e0nim de lucre<\/strong>, la XHIB ofereix habitatges d\u2019inclusi\u00f3 a les persones que ho necessiten, facilitant-ne l\u2019acc\u00e9s a un allotjament digne i segur.<\/p>\n\n<p><a href=\"https:\/\/ajuntament.barcelona.cat\/premsa\/2025\/06\/02\/les-entitats-de-la-xhib-han-proporcionat-habitatges-dinclusio-a-4-600-persones-a-barcelona\/\" target=\"_blank\" rel=\"noreferrer noopener\">Les entitats de la XHIB han proporcionat habitatges d\u2019inclusi\u00f3 a 4.600 persones a Barcelona.<\/a><\/p>\n\n<div style=\"height:15px\" aria-hidden=\"true\" class=\"wp-block-spacer\"><\/div>\n\n<figure class=\"wp-block-image size-full is-resized\"><img fetchpriority=\"high\" decoding=\"async\" width=\"900\" height=\"500\" src=\"https:\/\/abd.ong\/wp-content\/uploads\/2025\/06\/1000x550-900x500-1.jpg\" alt=\"\" class=\"wp-image-170051\" style=\"width:768px;height:auto\" srcset=\"https:\/\/abd.ong\/wp-content\/uploads\/2025\/06\/1000x550-900x500-1.jpg 900w, https:\/\/abd.ong\/wp-content\/uploads\/2025\/06\/1000x550-900x500-1-300x167.jpg 300w, https:\/\/abd.ong\/wp-content\/uploads\/2025\/06\/1000x550-900x500-1-768x427.jpg 768w\" sizes=\"(max-width: 900px) 100vw, 900px\" \/><\/figure>\n\n<div style=\"height:40px\" aria-hidden=\"true\" class=\"wp-block-spacer\"><\/div>\n\n<p><strong>4\/06\/2025 &#8211; &#8216;Catalunya nit&#8217; Catalunya R\u00e0dio<\/strong><\/p>\n\n<p>La pres\u00f3 de Brians 2 \u2014la 1 ja ho fa des de fa temps\u2014 facilitar\u00e0 paper de plata als interns que ho sol\u00b7licitin per consumir droga per via inhalada i no intravenosa, amb l\u2019objectiu de reduir el risc de sobredosi i la transmissi\u00f3 de malalties infeccioses. Es tracta d\u2019una decisi\u00f3 que no ha estat ben rebuda pels funcionaris de presons ni per familiars de persones internes, per\u00f2 que es defensa des de l\u2019\u00e0mbit sanitari. Al <em data-start=\"419\" data-end=\"434\">Catalunya nit<\/em> hem escoltat diverses veus i hem parlat amb <strong>Josep Rovira<\/strong>, director de <strong>l\u2019\u00c0rea de Drogues i Salut de l\u2019Associaci\u00f3 Benestar i Desenvolupament.<\/strong><\/p>\n\n<p><a href=\"https:\/\/www.3cat.cat\/3cat\/repartir-paper-de-plata-a-les-presons-per-consumir-droga-inhalada-per-que-pot-anar-be\/audio\/1246686\/?ext=SM_TW_F4_CE24_\">Entrevista a Josep Rovira sobre la facilitaci\u00f3 de paper d&#8217;alumini per al consum de drogues a les presons<\/a><\/p>\n\n<div style=\"height:15px\" aria-hidden=\"true\" class=\"wp-block-spacer\"><\/div>\n\n<figure class=\"wp-block-image size-large\"><img decoding=\"async\" width=\"1024\" height=\"576\" src=\"https:\/\/abd.ong\/wp-content\/uploads\/2025\/06\/Persones-Fons-Corporatiu-2-1024x576.png\" alt=\"\" class=\"wp-image-170054\" srcset=\"https:\/\/abd.ong\/wp-content\/uploads\/2025\/06\/Persones-Fons-Corporatiu-2-1024x576.png 1024w, https:\/\/abd.ong\/wp-content\/uploads\/2025\/06\/Persones-Fons-Corporatiu-2-300x169.png 300w, https:\/\/abd.ong\/wp-content\/uploads\/2025\/06\/Persones-Fons-Corporatiu-2-768x432.png 768w, https:\/\/abd.ong\/wp-content\/uploads\/2025\/06\/Persones-Fons-Corporatiu-2-1536x864.png 1536w, https:\/\/abd.ong\/wp-content\/uploads\/2025\/06\/Persones-Fons-Corporatiu-2.png 2048w\" sizes=\"(max-width: 1024px) 100vw, 1024px\" \/><\/figure>\n\n<div style=\"height:40px\" aria-hidden=\"true\" class=\"wp-block-spacer\"><\/div>\n\n<p><strong>6\/06\/2025 &#8211; La Vanguardia<\/strong><\/p>\n\n<p>En l&#8217;acte, la vicepresidenta d&#8217;UNAD, Felisa P\u00e9rez Ant\u00f3n, va rebre un reconeixement, i va expressar el seu agra\u00efment tot destacant el paper \u201cessencial\u201d de la inserci\u00f3 laboral per a les persones amb addiccions, ja que, segons la seva opini\u00f3, \u201cla inserci\u00f3 laboral no nom\u00e9s aporta dignitat i estabilitat, sin\u00f3 que \u00e9s una oportunitat per transformar vides i per enriquir les empreses i la societat en el seu conjunt\u201d.<\/p>\n\n<p><a href=\"https:\/\/www.lavanguardia.com\/sociedad\/20250606\/10762581\/unad-lanza-proyecto-alianzas-inclusion-fomentar-insercion-laboral-personas-adicciones-agenciaslv20250606.html\" target=\"_blank\" rel=\"noreferrer noopener\">UNAD lanza el proyecto &#8216;Alianzas por la inclusi\u00f3n&#8217; para fomentar la inserci\u00f3n laboral de personas con adicciones<\/a><\/p>\n\n<div style=\"height:15px\" aria-hidden=\"true\" class=\"wp-block-spacer\"><\/div>\n\n<figure class=\"wp-block-image size-full is-resized\"><img decoding=\"async\" width=\"2048\" height=\"1152\" src=\"https:\/\/abd.ong\/wp-content\/uploads\/2025\/06\/Persones-Fons-Corporatiu-3.png\" alt=\"\" class=\"wp-image-170057\" style=\"width:768px;height:auto\" srcset=\"https:\/\/abd.ong\/wp-content\/uploads\/2025\/06\/Persones-Fons-Corporatiu-3.png 2048w, https:\/\/abd.ong\/wp-content\/uploads\/2025\/06\/Persones-Fons-Corporatiu-3-300x169.png 300w, https:\/\/abd.ong\/wp-content\/uploads\/2025\/06\/Persones-Fons-Corporatiu-3-1024x576.png 1024w, https:\/\/abd.ong\/wp-content\/uploads\/2025\/06\/Persones-Fons-Corporatiu-3-768x432.png 768w, https:\/\/abd.ong\/wp-content\/uploads\/2025\/06\/Persones-Fons-Corporatiu-3-1536x864.png 1536w\" sizes=\"(max-width: 2048px) 100vw, 2048px\" \/><\/figure>\n\n<div style=\"height:40px\" aria-hidden=\"true\" class=\"wp-block-spacer\"><\/div>\n\n<p><strong>9\/06\/2025 &#8211; Emancipatic<\/strong><\/p>\n\n<p>En un moment hist\u00f2ric en qu\u00e8 la digitalitzaci\u00f3 marca profundament l&#8217;acc\u00e9s a drets fonamentals com la salut, es fa imprescindible obrir espais de reflexi\u00f3 que integrin la mirada social, \u00e8tica i humana sobre els efectes d&#8217;aquesta transformaci\u00f3. En aquest context, la <strong>Jornada Anual del Projecte SENES<\/strong>, titulada <em><strong>\u00abLa bretxa digital: determinant social que impacta en la salut\u00bb<\/strong><\/em>, reunir\u00e0 el proper 11 de juny diversos experts per abordar els desafiaments que planteja la desigualtat digital, especialment en les persones grans.<\/p>\n\n<p><a href=\"https:\/\/www.emancipatic.org\/entrevista-pilar-rodriguez-grupo-abd-disenar-para-la-inclusion-requiere-escuchar-a-quienes-quedan-fuera\/\" target=\"_blank\" rel=\"noreferrer noopener\">P. Rodr\u00edguez (Grupo ABD): \u00abDise\u00f1ar para la inclusi\u00f3n requiere escuchar a quienes quedan fuera\u00bb<\/a><\/p>\n\n<div style=\"height:15px\" aria-hidden=\"true\" class=\"wp-block-spacer\"><\/div>\n\n<figure class=\"wp-block-image size-full is-resized\"><img loading=\"lazy\" decoding=\"async\" width=\"2048\" height=\"1152\" src=\"https:\/\/abd.ong\/wp-content\/uploads\/2025\/06\/Persones-Fons-Corporatiu-4.png\" alt=\"\" class=\"wp-image-170060\" style=\"width:768px;height:auto\" srcset=\"https:\/\/abd.ong\/wp-content\/uploads\/2025\/06\/Persones-Fons-Corporatiu-4.png 2048w, https:\/\/abd.ong\/wp-content\/uploads\/2025\/06\/Persones-Fons-Corporatiu-4-300x169.png 300w, https:\/\/abd.ong\/wp-content\/uploads\/2025\/06\/Persones-Fons-Corporatiu-4-1024x576.png 1024w, https:\/\/abd.ong\/wp-content\/uploads\/2025\/06\/Persones-Fons-Corporatiu-4-768x432.png 768w, https:\/\/abd.ong\/wp-content\/uploads\/2025\/06\/Persones-Fons-Corporatiu-4-1536x864.png 1536w\" sizes=\"(max-width: 2048px) 100vw, 2048px\" \/><\/figure>\n\n<div style=\"height:40px\" aria-hidden=\"true\" class=\"wp-block-spacer\"><\/div>\n\n<p><strong>5\/06\/2025 &#8211; Xarxanet<\/strong><\/p>\n\n<p><span lang=\"ca\">Les\u00a0<strong>addiccions<\/strong>, tant les vinculades a subst\u00e0ncies com les de car\u00e0cter comportamental, estan evolucionant r\u00e0pidament i plantegen nous desafiaments socials i sanitaris. En aquest escenari, la presidenta de la\u00a0<\/span><a href=\"https:\/\/www.fcd.cat\/\" target=\"_blank\" rel=\"noopener\"><span lang=\"ca\">Federaci\u00f3 Catalana de Drogodepend\u00e8ncies i altres addiccions<\/span><\/a><span lang=\"ca\">,\u00a0<strong>\u00c0ngels Guiteras Mestres<\/strong>, posa el focus en la necessitat de refor\u00e7ar el\u00a0<strong>treball en xarxa<\/strong>, combatre l\u2019estigma i assegurar els recursos per mantenir un model d\u2019atenci\u00f3 que prioritza la proximitat, la inclusi\u00f3 i la dignitat de les persones.<\/span><\/p>\n\n<p><a href=\"https:\/\/xarxanet.org\/social\/noticies\/angels-guiteras-ens-preocupa-la-percepcio-social-del-cannabis-i-lalcohol-com-substancies-inofensives\" target=\"_blank\" rel=\"noreferrer noopener\">\u00c0ngels\u00a0Guiteras: \u00abNos preocupa la percepci\u00f3n social del cannabis y el alcohol como sustancias inocuas\u00bb<\/a><\/p>\n\n<div style=\"height:15px\" aria-hidden=\"true\" class=\"wp-block-spacer\"><\/div>\n\n<figure class=\"wp-block-image size-full is-resized\"><img loading=\"lazy\" decoding=\"async\" width=\"2048\" height=\"1229\" src=\"https:\/\/abd.ong\/wp-content\/uploads\/2025\/06\/Persones-Fons.jpg.webp\" alt=\"\" class=\"wp-image-170063\" style=\"width:768px;height:auto\" srcset=\"https:\/\/abd.ong\/wp-content\/uploads\/2025\/06\/Persones-Fons.jpg.webp 2048w, https:\/\/abd.ong\/wp-content\/uploads\/2025\/06\/Persones-Fons.jpg-300x180.webp 300w, https:\/\/abd.ong\/wp-content\/uploads\/2025\/06\/Persones-Fons.jpg-1024x615.webp 1024w, https:\/\/abd.ong\/wp-content\/uploads\/2025\/06\/Persones-Fons.jpg-768x461.webp 768w, https:\/\/abd.ong\/wp-content\/uploads\/2025\/06\/Persones-Fons.jpg-1536x922.webp 1536w\" sizes=\"(max-width: 2048px) 100vw, 2048px\" \/><\/figure>\n\n<div style=\"height:40px\" aria-hidden=\"true\" class=\"wp-block-spacer\"><\/div>\n\n<p><strong>11\/06\/2025 &#8211; DSalamanca<\/strong><\/p>\n\n<p>El <strong>Centro de Servicios Sociales Guindalera<\/strong> acoge hoy la<strong> Jornada Anual del Proyecto SENES<\/strong> de atenci\u00f3n a personas mayores ante situaciones como la soledad no deseada, centrada en la brecha digital y su impacto en la salud. Organizada por el Departamento de Servicios Sociales de la Junta Municipal de Salamanca, ha contado con la participaci\u00f3n de la concejala del distrito, Cayetana Hern\u00e1ndez de la Riva.<\/p>\n\n<p><a href=\"https:\/\/www.dsalamanca.es\/barrio\/salamanca-analiza-brecha-digital-impacto-salud-jornada-anual\" target=\"_blank\" rel=\"noreferrer noopener\">Salamanca analitza la bretxa digital i el seu impacte en la salut en la Jornada Anual del Projecte SENES d\u2019atenci\u00f3 a persones grans.<\/a><\/p>\n\n<div style=\"height:15px\" aria-hidden=\"true\" class=\"wp-block-spacer\"><\/div>\n\n<figure class=\"wp-block-image size-full is-resized\"><img loading=\"lazy\" decoding=\"async\" width=\"850\" height=\"570\" src=\"https:\/\/abd.ong\/wp-content\/uploads\/2025\/06\/image.jpg\" alt=\"\" class=\"wp-image-170066\" style=\"width:768px;height:auto\" srcset=\"https:\/\/abd.ong\/wp-content\/uploads\/2025\/06\/image.jpg 850w, https:\/\/abd.ong\/wp-content\/uploads\/2025\/06\/image-300x201.jpg 300w, https:\/\/abd.ong\/wp-content\/uploads\/2025\/06\/image-768x515.jpg 768w\" sizes=\"(max-width: 850px) 100vw, 850px\" \/><\/figure>\n\n<div style=\"height:40px\" aria-hidden=\"true\" class=\"wp-block-spacer\"><\/div>\n\n<p><strong>13\/06\/2025 &#8211; Ajuntament del Prat<\/strong><\/p>\n\n<p>Dijous 19 de juny, de 9 a 14 h, el Centre C\u00edvic Sant Jordi \u2013 Ribera Baixa va acollir la confer\u00e8ncia final del projecte europeu <strong>EU Food Security Hub<\/strong>, coordinat per <strong>l\u2019Associaci\u00f3 Benestar i Desenvolupament \u2013 Grup ABD<\/strong>. Amb el suport de <strong>l\u2019Ajuntament d\u2019El Prat<\/strong>, la jornada va servir per compartir els resultats del projecte i posar en valor la formaci\u00f3 professional en <strong>l\u2019\u00e0mbit de la seguretat i sobirania<\/strong> aliment\u00e0ria, des d\u2019una perspectiva <strong>ecosocial.<\/strong><\/p>\n\n<p><a href=\"https:\/\/www.elprat.cat\/actualitat\/noticies\/el-prat-acull-la-conferencia-final-del-projecte-europeu-eu-food-security-hub\" target=\"_blank\" rel=\"noreferrer noopener\">El Prat acull la confer\u00e8ncia final del projecte europeu EU Food Security Hub.<\/a><\/p>\n\n<div style=\"height:15px\" aria-hidden=\"true\" class=\"wp-block-spacer\"><\/div>\n\n<figure class=\"wp-block-image size-full is-resized\"><img loading=\"lazy\" decoding=\"async\" width=\"2048\" height=\"1365\" src=\"https:\/\/abd.ong\/wp-content\/uploads\/2025\/06\/SAM_3397.jpg\" alt=\"\" class=\"wp-image-170069\" style=\"width:768px;height:auto\" srcset=\"https:\/\/abd.ong\/wp-content\/uploads\/2025\/06\/SAM_3397.jpg 2048w, https:\/\/abd.ong\/wp-content\/uploads\/2025\/06\/SAM_3397-300x200.jpg 300w, https:\/\/abd.ong\/wp-content\/uploads\/2025\/06\/SAM_3397-1024x683.jpg 1024w, https:\/\/abd.ong\/wp-content\/uploads\/2025\/06\/SAM_3397-768x512.jpg 768w, https:\/\/abd.ong\/wp-content\/uploads\/2025\/06\/SAM_3397-1536x1024.jpg 1536w, https:\/\/abd.ong\/wp-content\/uploads\/2025\/06\/SAM_3397-600x400.jpg 600w, https:\/\/abd.ong\/wp-content\/uploads\/2025\/06\/SAM_3397-1920x1280.jpg 1920w\" sizes=\"(max-width: 2048px) 100vw, 2048px\" \/><\/figure>\n\n<div style=\"height:40px\" aria-hidden=\"true\" class=\"wp-block-spacer\"><\/div>\n\n<p><strong>13\/05\/2025 &#8211; El Prat TV<\/strong><\/p>\n\n<p>Impulsar la cooperaci\u00f3 i l\u2019intercanvi de bones pr\u00e0ctiques entre organitzacions que treballin per la sobirania aliment\u00e0ria i la inclusi\u00f3 de col\u00b7lectius vulnerables. Aquest \u00e9s l\u2019objectiu del programa<strong> EU Food Security Hub<\/strong> de<strong> l\u2019Associaci\u00f3 Benestar i Desenvolupament, ABD,<\/strong> que s\u2019ha presentat al Centre C\u00edvic Sant Jordi Ribera Baixa.<\/p>\n\n<p><a href=\"https:\/\/www.elprat.digital\/tv\/el-grup-abd-presenta-al-prat-els-resultats-dun-programa-europeu-per-fer-front-a-la-inseguretat-alimentaria\/\" target=\"_blank\" rel=\"noreferrer noopener\">Es presenten a El Prat els resultats d\u2019un programa europeu contra la inseguretat aliment\u00e0ria.<\/a><\/p>\n\n<div style=\"height:15px\" aria-hidden=\"true\" class=\"wp-block-spacer\"><\/div>\n\n<figure class=\"wp-block-image size-full is-resized\"><img loading=\"lazy\" decoding=\"async\" width=\"2048\" height=\"1365\" src=\"https:\/\/abd.ong\/wp-content\/uploads\/2025\/06\/SAM_3360.jpg\" alt=\"\" class=\"wp-image-170072\" style=\"width:768px;height:auto\" srcset=\"https:\/\/abd.ong\/wp-content\/uploads\/2025\/06\/SAM_3360.jpg 2048w, https:\/\/abd.ong\/wp-content\/uploads\/2025\/06\/SAM_3360-300x200.jpg 300w, https:\/\/abd.ong\/wp-content\/uploads\/2025\/06\/SAM_3360-1024x683.jpg 1024w, https:\/\/abd.ong\/wp-content\/uploads\/2025\/06\/SAM_3360-768x512.jpg 768w, https:\/\/abd.ong\/wp-content\/uploads\/2025\/06\/SAM_3360-1536x1024.jpg 1536w, https:\/\/abd.ong\/wp-content\/uploads\/2025\/06\/SAM_3360-600x400.jpg 600w, https:\/\/abd.ong\/wp-content\/uploads\/2025\/06\/SAM_3360-1920x1280.jpg 1920w\" sizes=\"(max-width: 2048px) 100vw, 2048px\" \/><\/figure>\n\n<div style=\"height:40px\" aria-hidden=\"true\" class=\"wp-block-spacer\"><\/div>\n","protected":false},"excerpt":{"rendered":"<p>El Grup\u00a0ABD ha estat present als mitjans de comunicaci\u00f3 durant aquest mes de juny. A continuaci\u00f3, el resum de premsa de les not\u00edcies, articles i reportatges en qu\u00e8 hem participat&hellip;<\/p>\n","protected":false},"author":12,"featured_media":170077,"comment_status":"closed","ping_status":"closed","sticky":false,"template":"","format":"standard","meta":{"_acf_changed":false,"footnotes":""},"categories":[66],"tags":[1897,675,2928,2299,2300],"class_list":["post-170049","post","type-post","status-publish","format-standard","has-post-thumbnail","hentry","category-general-ca","tag-abd-2-ca","tag-asociacion-bienestar-y-desarrollo-ca","tag-associacio-benestar-i-desenvolupament-ca-2","tag-mitjans-de-comunicacio-ca","tag-noticies-ca"],"acf":[],"yoast_head":"<!-- This site is optimized with the Yoast SEO plugin v27.4 - https:\/\/yoast.com\/product\/yoast-seo-wordpress\/ -->\n<title>ABD als mitjans de comunicaci\u00f3 al juny - ABD<\/title>\n<meta name=\"description\" content=\"El Grup\u00a0ABD ha estat present als mitjans de comunicaci\u00f3 durant aquest mes de juny. A continuaci\u00f3, el resum de premsa de les not\u00edcies, articles i\" \/>\n<meta name=\"robots\" content=\"index, follow, max-snippet:-1, max-image-preview:large, max-video-preview:-1\" \/>\n<link rel=\"canonical\" href=\"https:\/\/abd.ong\/ca\/general-ca\/abd-als-mitjans-de-comunicacio-al-juny-5\/\" \/>\n<meta property=\"og:locale\" content=\"ca_ES\" \/>\n<meta property=\"og:type\" content=\"article\" \/>\n<meta property=\"og:title\" content=\"ABD als mitjans de comunicaci\u00f3 al juny - ABD\" \/>\n<meta property=\"og:description\" content=\"El Grup\u00a0ABD ha estat present als mitjans de comunicaci\u00f3 durant aquest mes de juny. A continuaci\u00f3, el resum de premsa de les not\u00edcies, articles i\" \/>\n<meta property=\"og:url\" content=\"https:\/\/abd.ong\/ca\/general-ca\/abd-als-mitjans-de-comunicacio-al-juny-5\/\" \/>\n<meta property=\"og:site_name\" content=\"ABD\" \/>\n<meta property=\"article:publisher\" content=\"https:\/\/www.facebook.com\/abd.ong\" \/>\n<meta property=\"article:published_time\" content=\"2025-06-27T09:16:46+00:00\" \/>\n<meta property=\"article:modified_time\" content=\"2025-06-27T09:17:08+00:00\" \/>\n<meta property=\"og:image\" content=\"https:\/\/abd.ong\/wp-content\/uploads\/2023\/12\/GRUP-ABD-2023-FESTA-TIO-1024x576.png\" \/>\n<meta name=\"author\" content=\"Francesc Balart\" \/>\n<meta name=\"twitter:card\" content=\"summary_large_image\" \/>\n<meta name=\"twitter:image\" content=\"https:\/\/abd.ong\/wp-content\/uploads\/2023\/12\/GRUP-ABD-2023-FESTA-TIO-1024x576.png\" \/>\n<meta name=\"twitter:creator\" content=\"@abd_ong\" \/>\n<meta name=\"twitter:site\" content=\"@abd_ong\" \/>\n<meta name=\"twitter:label1\" content=\"Escrit per\" \/>\n\t<meta name=\"twitter:data1\" content=\"Francesc Balart\" \/>\n\t<meta name=\"twitter:label2\" content=\"Temps estimat de lectura\" \/>\n\t<meta name=\"twitter:data2\" content=\"6 minuts\" \/>\n<script type=\"application\/ld+json\" class=\"yoast-schema-graph\">{\"@context\":\"https:\\\/\\\/schema.org\",\"@graph\":[{\"@type\":\"Article\",\"@id\":\"https:\\\/\\\/abd.ong\\\/ca\\\/general-ca\\\/abd-als-mitjans-de-comunicacio-al-juny-5\\\/#article\",\"isPartOf\":{\"@id\":\"https:\\\/\\\/abd.ong\\\/ca\\\/general-ca\\\/abd-als-mitjans-de-comunicacio-al-juny-5\\\/\"},\"author\":{\"name\":\"Francesc Balart\",\"@id\":\"https:\\\/\\\/abd.ong\\\/ca\\\/#\\\/schema\\\/person\\\/6bb74ed13fc8bdf3a5382c66db14c9ee\"},\"headline\":\"ABD als mitjans de comunicaci\u00f3 al juny\",\"datePublished\":\"2025-06-27T09:16:46+00:00\",\"dateModified\":\"2025-06-27T09:17:08+00:00\",\"mainEntityOfPage\":{\"@id\":\"https:\\\/\\\/abd.ong\\\/ca\\\/general-ca\\\/abd-als-mitjans-de-comunicacio-al-juny-5\\\/\"},\"wordCount\":811,\"publisher\":{\"@id\":\"https:\\\/\\\/abd.ong\\\/ca\\\/#organization\"},\"image\":{\"@id\":\"https:\\\/\\\/abd.ong\\\/ca\\\/general-ca\\\/abd-als-mitjans-de-comunicacio-al-juny-5\\\/#primaryimage\"},\"thumbnailUrl\":\"https:\\\/\\\/abd.ong\\\/wp-content\\\/uploads\\\/2025\\\/06\\\/Diseno-sin-titulo-44.png\",\"keywords\":[\"ABD\",\"Asociaci\u00f3n Bienestar y Desarrollo\",\"Associaci\u00f3 Benestar i Desenvolupament\",\"Mitjans de comunicaci\u00f3\",\"not\u00edcies\"],\"articleSection\":[\"General\"],\"inLanguage\":\"ca\"},{\"@type\":\"WebPage\",\"@id\":\"https:\\\/\\\/abd.ong\\\/ca\\\/general-ca\\\/abd-als-mitjans-de-comunicacio-al-juny-5\\\/\",\"url\":\"https:\\\/\\\/abd.ong\\\/ca\\\/general-ca\\\/abd-als-mitjans-de-comunicacio-al-juny-5\\\/\",\"name\":\"ABD als mitjans de comunicaci\u00f3 al juny - ABD\",\"isPartOf\":{\"@id\":\"https:\\\/\\\/abd.ong\\\/ca\\\/#website\"},\"primaryImageOfPage\":{\"@id\":\"https:\\\/\\\/abd.ong\\\/ca\\\/general-ca\\\/abd-als-mitjans-de-comunicacio-al-juny-5\\\/#primaryimage\"},\"image\":{\"@id\":\"https:\\\/\\\/abd.ong\\\/ca\\\/general-ca\\\/abd-als-mitjans-de-comunicacio-al-juny-5\\\/#primaryimage\"},\"thumbnailUrl\":\"https:\\\/\\\/abd.ong\\\/wp-content\\\/uploads\\\/2025\\\/06\\\/Diseno-sin-titulo-44.png\",\"datePublished\":\"2025-06-27T09:16:46+00:00\",\"dateModified\":\"2025-06-27T09:17:08+00:00\",\"description\":\"El Grup\u00a0ABD ha estat present als mitjans de comunicaci\u00f3 durant aquest mes de juny. A continuaci\u00f3, el resum de premsa de les not\u00edcies, articles i\",\"breadcrumb\":{\"@id\":\"https:\\\/\\\/abd.ong\\\/ca\\\/general-ca\\\/abd-als-mitjans-de-comunicacio-al-juny-5\\\/#breadcrumb\"},\"inLanguage\":\"ca\",\"potentialAction\":[{\"@type\":\"ReadAction\",\"target\":[\"https:\\\/\\\/abd.ong\\\/ca\\\/general-ca\\\/abd-als-mitjans-de-comunicacio-al-juny-5\\\/\"]}]},{\"@type\":\"ImageObject\",\"inLanguage\":\"ca\",\"@id\":\"https:\\\/\\\/abd.ong\\\/ca\\\/general-ca\\\/abd-als-mitjans-de-comunicacio-al-juny-5\\\/#primaryimage\",\"url\":\"https:\\\/\\\/abd.ong\\\/wp-content\\\/uploads\\\/2025\\\/06\\\/Diseno-sin-titulo-44.png\",\"contentUrl\":\"https:\\\/\\\/abd.ong\\\/wp-content\\\/uploads\\\/2025\\\/06\\\/Diseno-sin-titulo-44.png\",\"width\":2048,\"height\":1152},{\"@type\":\"BreadcrumbList\",\"@id\":\"https:\\\/\\\/abd.ong\\\/ca\\\/general-ca\\\/abd-als-mitjans-de-comunicacio-al-juny-5\\\/#breadcrumb\",\"itemListElement\":[{\"@type\":\"ListItem\",\"position\":1,\"name\":\"Inici\",\"item\":\"https:\\\/\\\/abd.ong\\\/ca\\\/\"},{\"@type\":\"ListItem\",\"position\":2,\"name\":\"ABD als mitjans de comunicaci\u00f3 al juny\"}]},{\"@type\":\"WebSite\",\"@id\":\"https:\\\/\\\/abd.ong\\\/ca\\\/#website\",\"url\":\"https:\\\/\\\/abd.ong\\\/ca\\\/\",\"name\":\"ABD\",\"description\":\"Asociaci\u00f3n Bienestar y Desarrollo\",\"publisher\":{\"@id\":\"https:\\\/\\\/abd.ong\\\/ca\\\/#organization\"},\"potentialAction\":[{\"@type\":\"SearchAction\",\"target\":{\"@type\":\"EntryPoint\",\"urlTemplate\":\"https:\\\/\\\/abd.ong\\\/ca\\\/?s={search_term_string}\"},\"query-input\":{\"@type\":\"PropertyValueSpecification\",\"valueRequired\":true,\"valueName\":\"search_term_string\"}}],\"inLanguage\":\"ca\"},{\"@type\":\"Organization\",\"@id\":\"https:\\\/\\\/abd.ong\\\/ca\\\/#organization\",\"name\":\"Associaci\u00f3 Benestar i Desenvolupament\",\"alternateName\":\"ABD\",\"url\":\"https:\\\/\\\/abd.ong\\\/ca\\\/\",\"logo\":{\"@type\":\"ImageObject\",\"inLanguage\":\"ca\",\"@id\":\"https:\\\/\\\/abd.ong\\\/ca\\\/#\\\/schema\\\/logo\\\/image\\\/\",\"url\":\"https:\\\/\\\/abd.ong\\\/wp-content\\\/uploads\\\/2023\\\/01\\\/Icona.png\",\"contentUrl\":\"https:\\\/\\\/abd.ong\\\/wp-content\\\/uploads\\\/2023\\\/01\\\/Icona.png\",\"width\":190,\"height\":187,\"caption\":\"Associaci\u00f3 Benestar i Desenvolupament\"},\"image\":{\"@id\":\"https:\\\/\\\/abd.ong\\\/ca\\\/#\\\/schema\\\/logo\\\/image\\\/\"},\"sameAs\":[\"https:\\\/\\\/www.facebook.com\\\/abd.ong\",\"https:\\\/\\\/x.com\\\/abd_ong\",\"https:\\\/\\\/www.instagram.com\\\/abd_ong\\\/\",\"https:\\\/\\\/www.linkedin.com\\\/company\\\/abdong\",\"https:\\\/\\\/www.youtube.com\\\/user\\\/CANALABD\"]},{\"@type\":\"Person\",\"@id\":\"https:\\\/\\\/abd.ong\\\/ca\\\/#\\\/schema\\\/person\\\/6bb74ed13fc8bdf3a5382c66db14c9ee\",\"name\":\"Francesc Balart\"}]}<\/script>\n<!-- \/ Yoast SEO plugin. -->","yoast_head_json":{"title":"ABD als mitjans de comunicaci\u00f3 al juny - ABD","description":"El Grup\u00a0ABD ha estat present als mitjans de comunicaci\u00f3 durant aquest mes de juny. A continuaci\u00f3, el resum de premsa de les not\u00edcies, articles i","robots":{"index":"index","follow":"follow","max-snippet":"max-snippet:-1","max-image-preview":"max-image-preview:large","max-video-preview":"max-video-preview:-1"},"canonical":"https:\/\/abd.ong\/ca\/general-ca\/abd-als-mitjans-de-comunicacio-al-juny-5\/","og_locale":"ca_ES","og_type":"article","og_title":"ABD als mitjans de comunicaci\u00f3 al juny - ABD","og_description":"El Grup\u00a0ABD ha estat present als mitjans de comunicaci\u00f3 durant aquest mes de juny. A continuaci\u00f3, el resum de premsa de les not\u00edcies, articles i","og_url":"https:\/\/abd.ong\/ca\/general-ca\/abd-als-mitjans-de-comunicacio-al-juny-5\/","og_site_name":"ABD","article_publisher":"https:\/\/www.facebook.com\/abd.ong","article_published_time":"2025-06-27T09:16:46+00:00","article_modified_time":"2025-06-27T09:17:08+00:00","og_image":[{"url":"https:\/\/abd.ong\/wp-content\/uploads\/2023\/12\/GRUP-ABD-2023-FESTA-TIO-1024x576.png","type":"","width":"","height":""}],"author":"Francesc Balart","twitter_card":"summary_large_image","twitter_image":"https:\/\/abd.ong\/wp-content\/uploads\/2023\/12\/GRUP-ABD-2023-FESTA-TIO-1024x576.png","twitter_creator":"@abd_ong","twitter_site":"@abd_ong","twitter_misc":{"Escrit per":"Francesc Balart","Temps estimat de lectura":"6 minuts"},"schema":{"@context":"https:\/\/schema.org","@graph":[{"@type":"Article","@id":"https:\/\/abd.ong\/ca\/general-ca\/abd-als-mitjans-de-comunicacio-al-juny-5\/#article","isPartOf":{"@id":"https:\/\/abd.ong\/ca\/general-ca\/abd-als-mitjans-de-comunicacio-al-juny-5\/"},"author":{"name":"Francesc Balart","@id":"https:\/\/abd.ong\/ca\/#\/schema\/person\/6bb74ed13fc8bdf3a5382c66db14c9ee"},"headline":"ABD als mitjans de comunicaci\u00f3 al juny","datePublished":"2025-06-27T09:16:46+00:00","dateModified":"2025-06-27T09:17:08+00:00","mainEntityOfPage":{"@id":"https:\/\/abd.ong\/ca\/general-ca\/abd-als-mitjans-de-comunicacio-al-juny-5\/"},"wordCount":811,"publisher":{"@id":"https:\/\/abd.ong\/ca\/#organization"},"image":{"@id":"https:\/\/abd.ong\/ca\/general-ca\/abd-als-mitjans-de-comunicacio-al-juny-5\/#primaryimage"},"thumbnailUrl":"https:\/\/abd.ong\/wp-content\/uploads\/2025\/06\/Diseno-sin-titulo-44.png","keywords":["ABD","Asociaci\u00f3n Bienestar y Desarrollo","Associaci\u00f3 Benestar i Desenvolupament","Mitjans de comunicaci\u00f3","not\u00edcies"],"articleSection":["General"],"inLanguage":"ca"},{"@type":"WebPage","@id":"https:\/\/abd.ong\/ca\/general-ca\/abd-als-mitjans-de-comunicacio-al-juny-5\/","url":"https:\/\/abd.ong\/ca\/general-ca\/abd-als-mitjans-de-comunicacio-al-juny-5\/","name":"ABD als mitjans de comunicaci\u00f3 al juny - ABD","isPartOf":{"@id":"https:\/\/abd.ong\/ca\/#website"},"primaryImageOfPage":{"@id":"https:\/\/abd.ong\/ca\/general-ca\/abd-als-mitjans-de-comunicacio-al-juny-5\/#primaryimage"},"image":{"@id":"https:\/\/abd.ong\/ca\/general-ca\/abd-als-mitjans-de-comunicacio-al-juny-5\/#primaryimage"},"thumbnailUrl":"https:\/\/abd.ong\/wp-content\/uploads\/2025\/06\/Diseno-sin-titulo-44.png","datePublished":"2025-06-27T09:16:46+00:00","dateModified":"2025-06-27T09:17:08+00:00","description":"El Grup\u00a0ABD ha estat present als mitjans de comunicaci\u00f3 durant aquest mes de juny. A continuaci\u00f3, el resum de premsa de les not\u00edcies, articles i","breadcrumb":{"@id":"https:\/\/abd.ong\/ca\/general-ca\/abd-als-mitjans-de-comunicacio-al-juny-5\/#breadcrumb"},"inLanguage":"ca","potentialAction":[{"@type":"ReadAction","target":["https:\/\/abd.ong\/ca\/general-ca\/abd-als-mitjans-de-comunicacio-al-juny-5\/"]}]},{"@type":"ImageObject","inLanguage":"ca","@id":"https:\/\/abd.ong\/ca\/general-ca\/abd-als-mitjans-de-comunicacio-al-juny-5\/#primaryimage","url":"https:\/\/abd.ong\/wp-content\/uploads\/2025\/06\/Diseno-sin-titulo-44.png","contentUrl":"https:\/\/abd.ong\/wp-content\/uploads\/2025\/06\/Diseno-sin-titulo-44.png","width":2048,"height":1152},{"@type":"BreadcrumbList","@id":"https:\/\/abd.ong\/ca\/general-ca\/abd-als-mitjans-de-comunicacio-al-juny-5\/#breadcrumb","itemListElement":[{"@type":"ListItem","position":1,"name":"Inici","item":"https:\/\/abd.ong\/ca\/"},{"@type":"ListItem","position":2,"name":"ABD als mitjans de comunicaci\u00f3 al juny"}]},{"@type":"WebSite","@id":"https:\/\/abd.ong\/ca\/#website","url":"https:\/\/abd.ong\/ca\/","name":"ABD","description":"Asociaci\u00f3n Bienestar y Desarrollo","publisher":{"@id":"https:\/\/abd.ong\/ca\/#organization"},"potentialAction":[{"@type":"SearchAction","target":{"@type":"EntryPoint","urlTemplate":"https:\/\/abd.ong\/ca\/?s={search_term_string}"},"query-input":{"@type":"PropertyValueSpecification","valueRequired":true,"valueName":"search_term_string"}}],"inLanguage":"ca"},{"@type":"Organization","@id":"https:\/\/abd.ong\/ca\/#organization","name":"Associaci\u00f3 Benestar i Desenvolupament","alternateName":"ABD","url":"https:\/\/abd.ong\/ca\/","logo":{"@type":"ImageObject","inLanguage":"ca","@id":"https:\/\/abd.ong\/ca\/#\/schema\/logo\/image\/","url":"https:\/\/abd.ong\/wp-content\/uploads\/2023\/01\/Icona.png","contentUrl":"https:\/\/abd.ong\/wp-content\/uploads\/2023\/01\/Icona.png","width":190,"height":187,"caption":"Associaci\u00f3 Benestar i Desenvolupament"},"image":{"@id":"https:\/\/abd.ong\/ca\/#\/schema\/logo\/image\/"},"sameAs":["https:\/\/www.facebook.com\/abd.ong","https:\/\/x.com\/abd_ong","https:\/\/www.instagram.com\/abd_ong\/","https:\/\/www.linkedin.com\/company\/abdong","https:\/\/www.youtube.com\/user\/CANALABD"]},{"@type":"Person","@id":"https:\/\/abd.ong\/ca\/#\/schema\/person\/6bb74ed13fc8bdf3a5382c66db14c9ee","name":"Francesc Balart"}]}},"_links":{"self":[{"href":"https:\/\/abd.ong\/ca\/wp-json\/wp\/v2\/posts\/170049","targetHints":{"allow":["GET"]}}],"collection":[{"href":"https:\/\/abd.ong\/ca\/wp-json\/wp\/v2\/posts"}],"about":[{"href":"https:\/\/abd.ong\/ca\/wp-json\/wp\/v2\/types\/post"}],"author":[{"embeddable":true,"href":"https:\/\/abd.ong\/ca\/wp-json\/wp\/v2\/users\/12"}],"replies":[{"embeddable":true,"href":"https:\/\/abd.ong\/ca\/wp-json\/wp\/v2\/comments?post=170049"}],"version-history":[{"count":4,"href":"https:\/\/abd.ong\/ca\/wp-json\/wp\/v2\/posts\/170049\/revisions"}],"predecessor-version":[{"id":170082,"href":"https:\/\/abd.ong\/ca\/wp-json\/wp\/v2\/posts\/170049\/revisions\/170082"}],"wp:featuredmedia":[{"embeddable":true,"href":"https:\/\/abd.ong\/ca\/wp-json\/wp\/v2\/media\/170077"}],"wp:attachment":[{"href":"https:\/\/abd.ong\/ca\/wp-json\/wp\/v2\/media?parent=170049"}],"wp:term":[{"taxonomy":"category","embeddable":true,"href":"https:\/\/abd.ong\/ca\/wp-json\/wp\/v2\/categories?post=170049"},{"taxonomy":"post_tag","embeddable":true,"href":"https:\/\/abd.ong\/ca\/wp-json\/wp\/v2\/tags?post=170049"}],"curies":[{"name":"wp","href":"https:\/\/api.w.org\/{rel}","templated":true}]}}