{"id":169280,"date":"2025-05-28T10:43:38","date_gmt":"2025-05-28T08:43:38","guid":{"rendered":"https:\/\/abd.ong\/?p=169280"},"modified":"2025-05-29T10:39:11","modified_gmt":"2025-05-29T08:39:11","slug":"abd-als-mitjans-de-comunicacio-al-maig-5","status":"publish","type":"post","link":"https:\/\/abd.ong\/ca\/general-ca\/abd-als-mitjans-de-comunicacio-al-maig-5\/","title":{"rendered":"ABD als mitjans de comunicaci\u00f3 al maig"},"content":{"rendered":"\n<p>El <a href=\"https:\/\/abd.ong\/ca\/\" target=\"_blank\" rel=\"noopener\"><strong>Grup\u00a0<span class=\"hiddenSpellError\">ABD<\/span><\/strong><\/a> ha estat present als mitjans de comunicaci\u00f3 durant aquest mes de maig. A continuaci\u00f3, el resum de premsa de les not\u00edcies, articles i reportatges en qu\u00e8 hem participat com a organitzaci\u00f3.<\/p>\n\n<div style=\"height:100px\" aria-hidden=\"true\" class=\"wp-block-spacer\"><\/div>\n\n<p><strong>2\/05\/2025 &#8211; C\u00e1\u00f1amo<\/strong><\/p>\n\n<p>Des de fa algunes setmanes, a diferents punts d&#8217;Espanya, <strong>han comen\u00e7at a circular pastilles d&#8217;\u00e8xtasi adulterades amb catinones sint\u00e8tiques<\/strong>, subst\u00e0ncies psicoactives de fabricaci\u00f3 recent, els efectes i riscos de les quals encara no estan ben documentats. Els comprimits, que presenten logotips de <em>Donkey Kong,\u00a0<span class=\"hiddenSpellError\">Soundcloud<\/span>\u00a0i Panam\u00e0<\/em>, han estat detectats i representen un risc significatiu per als usuaris, segons ha advertit recentment l&#8217;equip de <a href=\"https:\/\/energycontrol.org\/alertas\/labinforma-pastillas-de-mdma-adulteradas-con-catinonas-sinteticas\/\"><strong>Energy Control.<\/strong><\/a><\/p>\n\n<p><a href=\"https:\/\/canamo.net\/noticias\/mundo\/detectan-pastillas-de-extasis-adulteradas-con-catinonas-sinteticas\" target=\"_blank\" rel=\"noreferrer noopener\">Detecten pastilles d&#8217;\u00e8xtasi adulterades amb catinones sint\u00e8tiques<\/a><\/p>\n\n<div style=\"height:15px\" aria-hidden=\"true\" class=\"wp-block-spacer\"><\/div>\n\n<figure class=\"wp-block-image size-full is-resized\"><img fetchpriority=\"high\" decoding=\"async\" width=\"1200\" height=\"597\" src=\"https:\/\/abd.ong\/wp-content\/uploads\/2025\/05\/Detectan-pastillas-de-extasis-adulteradas-con-catinonas-sinteticas.jpg.webp\" alt=\"\" class=\"wp-image-169308\" style=\"width:768px;height:auto\" srcset=\"https:\/\/abd.ong\/wp-content\/uploads\/2025\/05\/Detectan-pastillas-de-extasis-adulteradas-con-catinonas-sinteticas.jpg.webp 1200w, https:\/\/abd.ong\/wp-content\/uploads\/2025\/05\/Detectan-pastillas-de-extasis-adulteradas-con-catinonas-sinteticas.jpg-300x149.webp 300w, https:\/\/abd.ong\/wp-content\/uploads\/2025\/05\/Detectan-pastillas-de-extasis-adulteradas-con-catinonas-sinteticas.jpg-1024x509.webp 1024w, https:\/\/abd.ong\/wp-content\/uploads\/2025\/05\/Detectan-pastillas-de-extasis-adulteradas-con-catinonas-sinteticas.jpg-768x382.webp 768w\" sizes=\"(max-width: 1200px) 100vw, 1200px\" \/><\/figure>\n\n<div style=\"height:40px\" aria-hidden=\"true\" class=\"wp-block-spacer\"><\/div>\n\n<p><strong>7\/04\/2025 &#8211; Consell de Ciutat<\/strong><\/p>\n\n<p><strong>\u00c0ngels\u00a0<span class=\"hiddenSpellError\">Guiteras<\/span>,<\/strong> membre del <a href=\"https:\/\/www.conselldeciutat.barcelona\/ca\" target=\"_blank\" rel=\"noopener\"><strong>Consell de Ciutat<\/strong><\/a> des de l&#8217;inici, la gerent <strong>d&#8217;<span class=\"hiddenSpellError\">ABD<\/span>, Associaci\u00f3 Benestar i\u00a0<span class=\"hiddenGrammarError\">Desenvolupament<\/span>\u00a0<\/strong><em>repassa la seva traject\u00f2ria en el m\u00e0xim \u00f2rgan consultiu i de participaci\u00f3 de l&#8217;Ajuntament de Barcelona.<\/em><\/p>\n\n<p><a href=\"https:\/\/www.conselldeciutat.barcelona\/ca\/noticies\/angels-guiteras-els-valors-del-consell-de-ciutat-son-democracia-dialeg-i-diversitat-1501491\" target=\"_blank\" rel=\"noreferrer noopener\">\u00c0ngels Guiteras: &#8220;Els valors del Consell de Ciutat s\u00f3n democr\u00e0cia, di\u00e0leg i diversitat&#8221;<\/a><\/p>\n\n<div style=\"height:15px\" aria-hidden=\"true\" class=\"wp-block-spacer\"><\/div>\n\n<figure class=\"wp-block-embed is-type-video is-provider-youtube wp-block-embed-youtube wp-embed-aspect-16-9 wp-has-aspect-ratio\">\r\n<div class=\"wp-block-embed__wrapper\">https:\/\/youtu.be\/_pz3JMBCgDg<\/div><\/figure>\n\n<div style=\"height:40px\" aria-hidden=\"true\" class=\"wp-block-spacer\"><\/div>\n\n<p><strong>6\/05\/2025 &#8211; Ajuntament de Barcelona<\/strong><\/p>\n\n<p>M\u00e9s de 130 persones han iniciat processos de selecci\u00f3 en una dotzena d&#8217;empreses que han participat\u00a0en la\u00a0primera <strong>Fira d&#8217;Ocupaci\u00f3 de Sants-Montju\u00efc<\/strong>, continuadora de la Mostra d&#8217;Ocupaci\u00f3 dels darrers dos anys a la Marina. La jornada, organitzada per <strong>Barcelona Activa<\/strong>, el Districte de Sants-Montju\u00efc i vuit entitats sociolaborals del territori, ha tingut lloc avui a la <em>Sala\u00a0<span class=\"hiddenSpellError\">Pepita<\/span>\u00a0<span class=\"hiddenSpellError\">Casanellas<\/span>.<\/em><\/p>\n\n<p><a href=\"https:\/\/ajuntament.barcelona.cat\/sants-montjuic\/ca\/noticies\/primera-fira-docupacio-de-santsmontjuic-1511561\" target=\"_blank\" rel=\"noreferrer noopener\">Primera Fira d&#8217;Ocupaci\u00f3 de Sants-Montju\u00efc<\/a><\/p>\n\n<div style=\"height:15px\" aria-hidden=\"true\" class=\"wp-block-spacer\"><\/div>\n\n<figure class=\"wp-block-image size-full is-resized\"><img decoding=\"async\" width=\"760\" height=\"428\" src=\"https:\/\/abd.ong\/wp-content\/uploads\/2025\/05\/IMG_6497-760x428-1.jpg\" alt=\"\" class=\"wp-image-169313\" style=\"width:768px;height:auto\" srcset=\"https:\/\/abd.ong\/wp-content\/uploads\/2025\/05\/IMG_6497-760x428-1.jpg 760w, https:\/\/abd.ong\/wp-content\/uploads\/2025\/05\/IMG_6497-760x428-1-300x169.jpg 300w\" sizes=\"(max-width: 760px) 100vw, 760px\" \/><\/figure>\n\n<div style=\"height:40px\" aria-hidden=\"true\" class=\"wp-block-spacer\"><\/div>\n\n<p><strong>7\/05\/2025 &#8211; Social.cat<\/strong><\/p>\n\n<p>Actualment, la Xarxa ja compta amb 12 entitats que en formen part, entre elles\u00a0<span class=\"hiddenSpellError\">Fundesplai<\/span>, Fundaci\u00f3 Idea, Suara Cooperativa o <strong>Associaci\u00f3 Benestar i Desenvolupament<\/strong>, i 15 entitats m\u00e9s estan en proc\u00e9s\u00a0d&#8217;incorporaci\u00f3, com\u00a0<span class=\"hiddenSpellError\">Fasi<\/span>,\u00a0<span class=\"hiddenSpellError\">Rir<\/span>, Salesians Sant Jordi o Fundaci\u00f3 Futbol Club Barcelona. A m\u00e9s, l&#8217;objectiu \u00e9s que qualsevol organitzaci\u00f3 que treballi amb nens i adolescents es pugui unir.<\/p>\n\n<p><a href=\"https:\/\/www.social.cat\/noticia\/23116\/neix-xarxa-catalana-proteccio-bon-tracte-infancia-adolescencia?id_butlleti_enviar=2934&amp;utm_source=butlleti_article&amp;utm_medium=butlleti&amp;utm_campaign=2025-05-08\" target=\"_blank\" rel=\"noreferrer noopener\">Neix la Xarxa Catalana de Protecci\u00f3 i Bon tracte a la inf\u00e0ncia i adolesc\u00e8ncia<\/a><\/p>\n\n<div style=\"height:15px\" aria-hidden=\"true\" class=\"wp-block-spacer\"><\/div>\n\n<figure class=\"wp-block-image size-full is-resized\"><img decoding=\"async\" width=\"750\" height=\"428\" src=\"https:\/\/abd.ong\/wp-content\/uploads\/2025\/05\/10368.jpeg\" alt=\"\" class=\"wp-image-169317\" style=\"width:768px;height:auto\" srcset=\"https:\/\/abd.ong\/wp-content\/uploads\/2025\/05\/10368.jpeg 750w, https:\/\/abd.ong\/wp-content\/uploads\/2025\/05\/10368-300x171.jpeg 300w\" sizes=\"(max-width: 750px) 100vw, 750px\" \/><\/figure>\n\n<div style=\"height:40px\" aria-hidden=\"true\" class=\"wp-block-spacer\"><\/div>\n\n<p><strong>7\/05\/2025 &#8211; El Peri\u00f3dico<\/strong><\/p>\n\n<p>Entitats socials han denunciat que Catalunya, entre altres autonomies,\u00a0continuen sense desplegar\u00a0la llei Integral de protecci\u00f3 a la inf\u00e0ncia i l&#8217;adolesc\u00e8ncia davant de la viol\u00e8ncia (<span class=\"hiddenSpellError\">Lopivi<\/span>\u00a0o &#8216;llei\u00a0<span class=\"hiddenSpellError\">Rhodes<\/span>&#8216;, en honor al <strong>pianista<\/strong> que va patir brutals violacions en la seva inf\u00e0ncia), que es va aprovar el 2021 i que preveu coordinadors des de <strong>col\u00b7legis<\/strong> a espais d&#8217;oci, informa Efe.<\/p>\n\n<p><a href=\"https:\/\/www.elperiodico.com\/es\/sociedad\/20250507\/entidades-sociales-denuncian-falta-despliegue-ley-proteccion-infancia-117130072\" target=\"_blank\" rel=\"noreferrer noopener\">Diverses entitats socials denuncien la manca de desplegament a Catalunya de la llei de protecci\u00f3 a inf\u00e0ncia<\/a><\/p>\n\n<div style=\"height:15px\" aria-hidden=\"true\" class=\"wp-block-spacer\"><\/div>\n\n<figure class=\"wp-block-image size-full is-resized\"><img loading=\"lazy\" decoding=\"async\" width=\"1200\" height=\"675\" src=\"https:\/\/abd.ong\/wp-content\/uploads\/2025\/05\/6d969914-bbd8-49ae-aceb-4fd51591416f_16-9-discover-aspect-ratio_default_0.webp\" alt=\"\" class=\"wp-image-169321\" style=\"width:768px;height:auto\" srcset=\"https:\/\/abd.ong\/wp-content\/uploads\/2025\/05\/6d969914-bbd8-49ae-aceb-4fd51591416f_16-9-discover-aspect-ratio_default_0.webp 1200w, https:\/\/abd.ong\/wp-content\/uploads\/2025\/05\/6d969914-bbd8-49ae-aceb-4fd51591416f_16-9-discover-aspect-ratio_default_0-300x169.webp 300w, https:\/\/abd.ong\/wp-content\/uploads\/2025\/05\/6d969914-bbd8-49ae-aceb-4fd51591416f_16-9-discover-aspect-ratio_default_0-1024x576.webp 1024w, https:\/\/abd.ong\/wp-content\/uploads\/2025\/05\/6d969914-bbd8-49ae-aceb-4fd51591416f_16-9-discover-aspect-ratio_default_0-768x432.webp 768w\" sizes=\"(max-width: 1200px) 100vw, 1200px\" \/><\/figure>\n\n<div style=\"height:40px\" aria-hidden=\"true\" class=\"wp-block-spacer\"><\/div>\n\n<p><strong>7\/05\/2025 &#8211; El Punt Avui<\/strong><\/p>\n\n<p>Avan\u00e7ar en l&#8217;aplicaci\u00f3 de la Llei org\u00e0nica de protecci\u00f3 integral a la inf\u00e0ncia i l&#8217;adolesc\u00e8ncia davant de la viol\u00e8ncia <strong>(<span class=\"hiddenSpellError\">LOPIVI<\/span>)<\/strong>, aprovada fa quatre anys. Aquest \u00e9s un dels objectius principals de la\u00a0<span class=\"hiddenGrammarError\">iniciativa<\/span>\u00a0que coordina la Federaci\u00f3 d&#8217;entitats d&#8217;atenci\u00f3 a la inf\u00e0ncia i l&#8217;adolesc\u00e8ncia <a href=\"https:\/\/fedaia.org\/\" target=\"_blank\" rel=\"noopener\"><strong>(<span class=\"hiddenSpellError\">Fedaia<\/span>)<\/strong><\/a>, amb el suport de l&#8217;ONG Educo.<\/p>\n\n<p><a href=\"https:\/\/www.elpuntavui.cat\/societat\/article\/5-societat\/2535891-diverses-entitats-treballaran-en-xarxa-per-avancar-en-la-proteccio-dels-infants-davant-les-violencies.html\" target=\"_blank\" rel=\"noreferrer noopener\">Diverses entitats treballaran en xarxa per avan\u00e7ar en la protecci\u00f3 dels nens davant les viol\u00e8ncies<\/a><\/p>\n\n<div style=\"height:15px\" aria-hidden=\"true\" class=\"wp-block-spacer\"><\/div>\n\n<figure class=\"wp-block-image size-full is-resized\"><img loading=\"lazy\" decoding=\"async\" width=\"800\" height=\"538\" src=\"https:\/\/abd.ong\/wp-content\/uploads\/2025\/05\/780_0008_6371780_ac825a4138f05b09e765d9101460d209.jpg\" alt=\"\" class=\"wp-image-169325\" style=\"width:768px;height:auto\" srcset=\"https:\/\/abd.ong\/wp-content\/uploads\/2025\/05\/780_0008_6371780_ac825a4138f05b09e765d9101460d209.jpg 800w, https:\/\/abd.ong\/wp-content\/uploads\/2025\/05\/780_0008_6371780_ac825a4138f05b09e765d9101460d209-300x202.jpg 300w, https:\/\/abd.ong\/wp-content\/uploads\/2025\/05\/780_0008_6371780_ac825a4138f05b09e765d9101460d209-768x516.jpg 768w\" sizes=\"(max-width: 800px) 100vw, 800px\" \/><\/figure>\n\n<div style=\"height:40px\" aria-hidden=\"true\" class=\"wp-block-spacer\"><\/div>\n\n<p><strong>5\/05\/2025 &#8211; Fundaci\u00f3n Salud y Comunidad<\/strong><\/p>\n\n<p><a href=\"https:\/\/crisscrossproject.org\/es\/\" target=\"_blank\" rel=\"noopener\"><strong><span class=\"hiddenSpellError\">CRISSCROSS<\/span><\/strong><\/a>\u00a0\u00e9s un projecte coordinat per <strong>l&#8217;Associaci\u00f3 Benestar i Desenvolupament<\/strong> (<span class=\"hiddenSpellError\">ABD<\/span>), a Espanya, que pret\u00e9n lluitar contra la viol\u00e8ncia masclista, en particular en llocs d&#8217;oci i socialitzaci\u00f3 freq\u00fcentats\u00a0per a\u00a0adolescents i joves adults\/es, mitjan\u00e7ant la posada en marxa d&#8217;iniciatives de sensibilitzaci\u00f3, canvi d&#8217;actituds i prevenci\u00f3 de la viol\u00e8ncia masclista i de la viol\u00e8ncia violenta subst\u00e0ncies. A m\u00e9s, pret\u00e9n augmentar les compet\u00e8ncies dels professionals que treballen amb adolescents i joves en la prevenci\u00f3 de la viol\u00e8ncia.<\/p>\n\n<p><a href=\"https:\/\/www.fsyc.org\/actualidad\/gran-participacion-del-observatorio-noctambuls-de-fsc-en-el-proyecto-europeo-crisscross-de-prevencion-de-la-violencia-machista-en-espacios-de-ocio-nocturno\/\" target=\"_blank\" rel=\"noreferrer noopener\">Gran participaci\u00f3 de l&#8217;Observatori Noct\u00e0mbuls de FSC al projecte europeu CRISSCROSS<\/a><\/p>\n\n<div style=\"height:15px\" aria-hidden=\"true\" class=\"wp-block-spacer\"><\/div>\n\n<figure class=\"wp-block-image size-full is-resized\"><img loading=\"lazy\" decoding=\"async\" width=\"2048\" height=\"1536\" src=\"https:\/\/abd.ong\/wp-content\/uploads\/2025\/05\/A-group-of-people-4.png\" alt=\"\" class=\"wp-image-169328\" style=\"width:768px;height:auto\" srcset=\"https:\/\/abd.ong\/wp-content\/uploads\/2025\/05\/A-group-of-people-4.png 2048w, https:\/\/abd.ong\/wp-content\/uploads\/2025\/05\/A-group-of-people-4-300x225.png 300w, https:\/\/abd.ong\/wp-content\/uploads\/2025\/05\/A-group-of-people-4-1024x768.png 1024w, https:\/\/abd.ong\/wp-content\/uploads\/2025\/05\/A-group-of-people-4-768x576.png 768w, https:\/\/abd.ong\/wp-content\/uploads\/2025\/05\/A-group-of-people-4-1536x1152.png 1536w\" sizes=\"(max-width: 2048px) 100vw, 2048px\" \/><\/figure>\n\n<div style=\"height:40px\" aria-hidden=\"true\" class=\"wp-block-spacer\"><\/div>\n\n<p><strong>4\/05\/2025 &#8211; Ib3<\/strong><\/p>\n\n<p><a href=\"https:\/\/energycontrol.org\/\" target=\"_blank\" rel=\"noopener\"><strong>Energy Control<\/strong><\/a>, entitat que es dedica a la reducci\u00f3 de riscos en l&#8217;\u00e0mbit del consum de drogues i que actua a festes i festivals donant informaci\u00f3 i assessorament sobre estupefaents i alcohol, ha estat guardonada amb un premi de la <a href=\"https:\/\/plataformavoluntariat.org\/es\/\" target=\"_blank\" rel=\"noopener\"><strong>Plataforma del Voluntariat de les Illes Balears<\/strong> <\/a>per la seva tasca de forma altruista a una dotzena de voluntaris i voluntaris.<\/p>\n\n<p><a href=\"https:\/\/ib3.org\/energy-control-entitat-que-vetla-per-la-reduccio-de-riscos-en-el-consum-de-drogues-premi-voluntariat-2024\" target=\"_blank\" rel=\"noreferrer noopener\">Energy control, entitat que vetlla per la reducci\u00f3 de riscos en el consum de drogues, guardonada a premi voluntariat 2024<\/a><\/p>\n\n<div style=\"height:15px\" aria-hidden=\"true\" class=\"wp-block-spacer\"><\/div>\n\n<figure class=\"wp-block-image size-full is-resized\"><img loading=\"lazy\" decoding=\"async\" width=\"665\" height=\"374\" src=\"https:\/\/abd.ong\/wp-content\/uploads\/2025\/05\/DLT14537257_1.webp\" alt=\"\" class=\"wp-image-169332\" style=\"width:768px;height:auto\" srcset=\"https:\/\/abd.ong\/wp-content\/uploads\/2025\/05\/DLT14537257_1.webp 665w, https:\/\/abd.ong\/wp-content\/uploads\/2025\/05\/DLT14537257_1-300x169.webp 300w\" sizes=\"(max-width: 665px) 100vw, 665px\" \/><\/figure>\n\n<div style=\"height:40px\" aria-hidden=\"true\" class=\"wp-block-spacer\"><\/div>\n\n<p><strong>16\/05\/2025 &#8211; Social.cat<\/strong><\/p>\n\n<p><strong>&#8220;En l\u2019\u00e0mbit de les drogodepend\u00e8ncies, les mares que consumeixen drogues s\u00f3n,<\/strong> encara avui, una realitat massa sovint ignorada. Aquesta invisibilitzaci\u00f3 no \u00e9s fruit de la casualitat, sin\u00f3 de l\u2019estigma social, la desconfian\u00e7a institucional i la manca de serveis adaptats. Sovint es troben en una cru\u00eflla complexa: com superar la controv\u00e8rsia entre un entorn que els exigeix tenir compet\u00e8ncies i a la vegada els nega les capacitats per exercir-les; com poder cuidar i alhora cuidar-se&#8221;. Llegeix l&#8217;article complet de <strong>Carme Calafat<\/strong>, directora de l&#8217;\u00c0rea d&#8217;Inf\u00e0ncia i fam\u00edlia del <strong>Grup\u00a0<span class=\"hiddenSpellError\">ABD<\/span>.<\/strong><\/p>\n\n<p><a href=\"https:\/\/www.social.cat\/opinio\/23171\/maternitats-drogodependencies-realitat-invisibilitzada\" target=\"_blank\" rel=\"noreferrer noopener\">Maternitats i drogodepend\u00e8ncies: una realitat invisibilitzada<\/a><\/p>\n\n<div style=\"height:15px\" aria-hidden=\"true\" class=\"wp-block-spacer\"><\/div>\n\n<figure class=\"wp-block-image size-full is-resized\"><img loading=\"lazy\" decoding=\"async\" width=\"2048\" height=\"1152\" src=\"https:\/\/abd.ong\/wp-content\/uploads\/2025\/05\/Persones-Fons-Corporatiu.png\" alt=\"\" class=\"wp-image-169336\" style=\"width:768px;height:auto\" srcset=\"https:\/\/abd.ong\/wp-content\/uploads\/2025\/05\/Persones-Fons-Corporatiu.png 2048w, https:\/\/abd.ong\/wp-content\/uploads\/2025\/05\/Persones-Fons-Corporatiu-300x169.png 300w, https:\/\/abd.ong\/wp-content\/uploads\/2025\/05\/Persones-Fons-Corporatiu-1024x576.png 1024w, https:\/\/abd.ong\/wp-content\/uploads\/2025\/05\/Persones-Fons-Corporatiu-768x432.png 768w, https:\/\/abd.ong\/wp-content\/uploads\/2025\/05\/Persones-Fons-Corporatiu-1536x864.png 1536w\" sizes=\"(max-width: 2048px) 100vw, 2048px\" \/><\/figure>\n\n<div style=\"height:40px\" aria-hidden=\"true\" class=\"wp-block-spacer\"><\/div>\n\n<p><strong>23\/05\/2025 &#8211; El Prat Digital<\/strong><\/p>\n\n<p><strong>La Botiga<\/strong>, un projecte creat el 2021 a partir del Punt Solidari del Prat i que at\u00e9n persones amb risc d&#8217;exclusi\u00f3 social, at\u00e9n unes 400 fam\u00edlies de la ciutat cada mes. L&#8217;any passat, el 34% de les persones ateses vivien soles, un percentatge que creix any rere any.<\/p>\n\n<p><a href=\"https:\/\/www.elprat.digital\/2025\/05\/22\/el-34-de-les-persones-ateses-per-la-botiga-viuen-soles\/\" target=\"_blank\" rel=\"noreferrer noopener\">El 34% de les persones ateses per La Botiga viuen soles<\/a><\/p>\n\n<figure class=\"wp-block-image size-full is-resized\"><img loading=\"lazy\" decoding=\"async\" width=\"1601\" height=\"973\" src=\"https:\/\/abd.ong\/wp-content\/uploads\/2025\/05\/botiga.jpg\" alt=\"\" class=\"wp-image-169340\" style=\"width:768px;height:auto\" srcset=\"https:\/\/abd.ong\/wp-content\/uploads\/2025\/05\/botiga.jpg 1601w, https:\/\/abd.ong\/wp-content\/uploads\/2025\/05\/botiga-300x182.jpg 300w, https:\/\/abd.ong\/wp-content\/uploads\/2025\/05\/botiga-1024x622.jpg 1024w, https:\/\/abd.ong\/wp-content\/uploads\/2025\/05\/botiga-768x467.jpg 768w, https:\/\/abd.ong\/wp-content\/uploads\/2025\/05\/botiga-1536x933.jpg 1536w\" sizes=\"(max-width: 1601px) 100vw, 1601px\" \/><\/figure>\n\n<div style=\"height:15px\" aria-hidden=\"true\" class=\"wp-block-spacer\"><\/div>\n\n<div style=\"height:40px\" aria-hidden=\"true\" class=\"wp-block-spacer\"><\/div>\n\n<p><strong>22\/05\/2025 &#8211; Eseficiencia<\/strong><\/p>\n\n<p>Reduir la incid\u00e8ncia de la pobresa energ\u00e8tica a l&#8217;estiu a les llars europees millorant l&#8217;habitabilitat t\u00e8rmica era l&#8217;objectiu del projecte\u00a0<strong><a href=\"https:\/\/cooltorise.eu\/\" target=\"_blank\" rel=\"noopener\"><span class=\"hiddenSpellError\">Cooltorise<\/span><\/a><\/strong>. Durant quatre anys, el projecte ha buscat f\u00f3rmules alternatives per reduir la calor a les\u00a0llars,\u00a0minimitzant la despesa energ\u00e8tica a Espanya, Gr\u00e8cia, It\u00e0lia i Bulg\u00e0ria, combinant investigaci\u00f3 te\u00f2rica i mesures aplicades.<\/p>\n\n<p><a href=\"https:\/\/www.eseficiencia.es\/2025\/05\/22\/actividades-desarrolladas-dentro-proyecto-cooltorise-ayudan-reducir-pobreza-energetica-estival\" target=\"_blank\" rel=\"noreferrer noopener\">Las actividades desarrolladas dentro del proyecto Cooltorise ayudan a reducir la incidencia de la pobreza energ\u00e9tica estival<\/a><\/p>\n\n<figure class=\"wp-block-image size-full\"><img loading=\"lazy\" decoding=\"async\" width=\"800\" height=\"382\" src=\"https:\/\/abd.ong\/wp-content\/uploads\/2025\/05\/proyecto-cooltorise-actividades-talleres-factura-energetica-kits-calor-pobreza-energetica-estival-3.png\" alt=\"\" class=\"wp-image-169344\" srcset=\"https:\/\/abd.ong\/wp-content\/uploads\/2025\/05\/proyecto-cooltorise-actividades-talleres-factura-energetica-kits-calor-pobreza-energetica-estival-3.png 800w, https:\/\/abd.ong\/wp-content\/uploads\/2025\/05\/proyecto-cooltorise-actividades-talleres-factura-energetica-kits-calor-pobreza-energetica-estival-3-300x143.png 300w, https:\/\/abd.ong\/wp-content\/uploads\/2025\/05\/proyecto-cooltorise-actividades-talleres-factura-energetica-kits-calor-pobreza-energetica-estival-3-768x367.png 768w\" sizes=\"(max-width: 800px) 100vw, 800px\" \/><\/figure>\n\n<div style=\"height:40px\" aria-hidden=\"true\" class=\"wp-block-spacer\"><\/div>\n\n<p><strong>26\/05\/2025 &#8211; Europa Press<\/strong><\/p>\n\n<p>La <a href=\"https:\/\/saludmentalcyl.org\/\" target=\"_blank\" rel=\"noopener\"><strong>Federaci\u00f3 Salut Mental Castella i Lle\u00f3<\/strong><\/a> posar\u00e0 en marxa a partir d&#8217;octubre el projecte\u00a0<span class=\"hiddenSpellError\">Rompeolas<\/span>, una iniciativa que t\u00e9 com a objectiu prevenir la viol\u00e8ncia de g\u00e8nere i millorar la salut mental de les dones rurals en situaci\u00f3 de vulnerabilitat a la Comunitat mitjan\u00e7ant tallers i atenci\u00f3 psicol\u00f2gica.<\/p>\n\n<p><a href=\"https:\/\/www.europapress.es\/castilla-y-leon\/noticia-salud-mental-cyl-pondra-marcha-octubre-nuevo-proyecto-prevenir-violencia-genero-20250526134955.html\" target=\"_blank\" rel=\"noreferrer noopener\">Salut Mental CyL posar\u00e0 en marxa a l&#8217;octubre un nou projecte per prevenir la viol\u00e8ncia de g\u00e8nere<\/a><\/p>\n\n<div style=\"height:28px\" aria-hidden=\"true\" class=\"wp-block-spacer\"><\/div>\n\n<figure class=\"wp-block-image size-full\"><img loading=\"lazy\" decoding=\"async\" width=\"550\" height=\"170\" src=\"https:\/\/abd.ong\/wp-content\/uploads\/2025\/05\/saludmentalcyl_loco-color.png\" alt=\"\" class=\"wp-image-169347\" srcset=\"https:\/\/abd.ong\/wp-content\/uploads\/2025\/05\/saludmentalcyl_loco-color.png 550w, https:\/\/abd.ong\/wp-content\/uploads\/2025\/05\/saludmentalcyl_loco-color-300x93.png 300w\" sizes=\"(max-width: 550px) 100vw, 550px\" \/><\/figure>\n\n<div style=\"height:40px\" aria-hidden=\"true\" class=\"wp-block-spacer\"><\/div>\n\n<p><strong>26\/05\/2025 &#8211; Xarxanet<\/strong><\/p>\n\n<p>Barcelona ha estat escenari, els dies 22 i 23 de maig, de la trobada europea del projecte<a href=\"https:\/\/abd.ong\/programas\/powgen\/\" target=\"_blank\" rel=\"noopener\"><strong> POWGEN<\/strong><\/a>, iniciativa que vol impulsar la inserci\u00f3 sociolaboral de les persones migrades al sector de les energies renovables i la rehabilitaci\u00f3 energ\u00e8tica.<\/p>\n\n<p><a href=\"https:\/\/xarxanet.org\/comunitari\/noticies\/barcelona-reuneix-iniciatives-europees-incloure-persones-migrades-en-la-transicio-verda\" target=\"_blank\" rel=\"noreferrer noopener\">Barcelona reuneix iniciatives europees per incloure persones migrades a la transici\u00f3 verda<\/a><\/p>\n\n<figure class=\"wp-block-image size-full\"><img loading=\"lazy\" decoding=\"async\" width=\"1920\" height=\"1152\" src=\"https:\/\/abd.ong\/wp-content\/uploads\/2025\/05\/man-2562325_1920.jpg-1.webp\" alt=\"\" class=\"wp-image-169350\" srcset=\"https:\/\/abd.ong\/wp-content\/uploads\/2025\/05\/man-2562325_1920.jpg-1.webp 1920w, https:\/\/abd.ong\/wp-content\/uploads\/2025\/05\/man-2562325_1920.jpg-1-300x180.webp 300w, https:\/\/abd.ong\/wp-content\/uploads\/2025\/05\/man-2562325_1920.jpg-1-1024x614.webp 1024w, https:\/\/abd.ong\/wp-content\/uploads\/2025\/05\/man-2562325_1920.jpg-1-768x461.webp 768w, https:\/\/abd.ong\/wp-content\/uploads\/2025\/05\/man-2562325_1920.jpg-1-1536x922.webp 1536w\" sizes=\"(max-width: 1920px) 100vw, 1920px\" \/><\/figure>\n\n<p><\/p>\n","protected":false},"excerpt":{"rendered":"<p>El Grup\u00a0ABD ha estat present als mitjans de comunicaci\u00f3 durant aquest mes de maig. A continuaci\u00f3, el resum de premsa de les not\u00edcies, articles i reportatges en qu\u00e8 hem participat&hellip;<\/p>\n","protected":false},"author":12,"featured_media":156710,"comment_status":"closed","ping_status":"closed","sticky":false,"template":"","format":"standard","meta":{"_acf_changed":false,"footnotes":""},"categories":[66],"tags":[1897,675,2928,2299,2300],"class_list":["post-169280","post","type-post","status-publish","format-standard","has-post-thumbnail","hentry","category-general-ca","tag-abd-2-ca","tag-asociacion-bienestar-y-desarrollo-ca","tag-associacio-benestar-i-desenvolupament-ca-2","tag-mitjans-de-comunicacio-ca","tag-noticies-ca"],"acf":[],"yoast_head":"<!-- This site is optimized with the Yoast SEO plugin v27.4 - https:\/\/yoast.com\/product\/yoast-seo-wordpress\/ -->\n<title>ABD als mitjans de comunicaci\u00f3 al maig - ABD<\/title>\n<meta name=\"description\" content=\"El Grup\u00a0ABD ha estat present als mitjans de comunicaci\u00f3 durant aquest mes de maig. A continuaci\u00f3, el resum de premsa de les not\u00edcies, articles i\" \/>\n<meta name=\"robots\" content=\"index, follow, max-snippet:-1, max-image-preview:large, max-video-preview:-1\" \/>\n<link rel=\"canonical\" href=\"https:\/\/abd.ong\/ca\/general-ca\/abd-als-mitjans-de-comunicacio-al-maig-5\/\" \/>\n<meta property=\"og:locale\" content=\"ca_ES\" \/>\n<meta property=\"og:type\" content=\"article\" \/>\n<meta property=\"og:title\" content=\"ABD als mitjans de comunicaci\u00f3 al maig - ABD\" \/>\n<meta property=\"og:description\" content=\"El Grup\u00a0ABD ha estat present als mitjans de comunicaci\u00f3 durant aquest mes de maig. A continuaci\u00f3, el resum de premsa de les not\u00edcies, articles i\" \/>\n<meta property=\"og:url\" content=\"https:\/\/abd.ong\/ca\/general-ca\/abd-als-mitjans-de-comunicacio-al-maig-5\/\" \/>\n<meta property=\"og:site_name\" content=\"ABD\" \/>\n<meta property=\"article:publisher\" content=\"https:\/\/www.facebook.com\/abd.ong\" \/>\n<meta property=\"article:published_time\" content=\"2025-05-28T08:43:38+00:00\" \/>\n<meta property=\"article:modified_time\" content=\"2025-05-29T08:39:11+00:00\" \/>\n<meta property=\"og:image\" content=\"https:\/\/abd.ong\/wp-content\/uploads\/2023\/12\/GRUP-ABD-2023-FESTA-TIO-1024x576.png\" \/>\n<meta name=\"author\" content=\"Francesc Balart\" \/>\n<meta name=\"twitter:card\" content=\"summary_large_image\" \/>\n<meta name=\"twitter:image\" content=\"https:\/\/abd.ong\/wp-content\/uploads\/2023\/12\/GRUP-ABD-2023-FESTA-TIO-1024x576.png\" \/>\n<meta name=\"twitter:creator\" content=\"@abd_ong\" \/>\n<meta name=\"twitter:site\" content=\"@abd_ong\" \/>\n<meta name=\"twitter:label1\" content=\"Escrit per\" \/>\n\t<meta name=\"twitter:data1\" content=\"Francesc Balart\" \/>\n\t<meta name=\"twitter:label2\" content=\"Temps estimat de lectura\" \/>\n\t<meta name=\"twitter:data2\" content=\"8 minuts\" \/>\n<script type=\"application\/ld+json\" class=\"yoast-schema-graph\">{\"@context\":\"https:\\\/\\\/schema.org\",\"@graph\":[{\"@type\":\"Article\",\"@id\":\"https:\\\/\\\/abd.ong\\\/ca\\\/general-ca\\\/abd-als-mitjans-de-comunicacio-al-maig-5\\\/#article\",\"isPartOf\":{\"@id\":\"https:\\\/\\\/abd.ong\\\/ca\\\/general-ca\\\/abd-als-mitjans-de-comunicacio-al-maig-5\\\/\"},\"author\":{\"name\":\"Francesc Balart\",\"@id\":\"https:\\\/\\\/abd.ong\\\/ca\\\/#\\\/schema\\\/person\\\/6bb74ed13fc8bdf3a5382c66db14c9ee\"},\"headline\":\"ABD als mitjans de comunicaci\u00f3 al maig\",\"datePublished\":\"2025-05-28T08:43:38+00:00\",\"dateModified\":\"2025-05-29T08:39:11+00:00\",\"mainEntityOfPage\":{\"@id\":\"https:\\\/\\\/abd.ong\\\/ca\\\/general-ca\\\/abd-als-mitjans-de-comunicacio-al-maig-5\\\/\"},\"wordCount\":1104,\"publisher\":{\"@id\":\"https:\\\/\\\/abd.ong\\\/ca\\\/#organization\"},\"image\":{\"@id\":\"https:\\\/\\\/abd.ong\\\/ca\\\/general-ca\\\/abd-als-mitjans-de-comunicacio-al-maig-5\\\/#primaryimage\"},\"thumbnailUrl\":\"https:\\\/\\\/abd.ong\\\/wp-content\\\/uploads\\\/2023\\\/12\\\/GRUP-ABD-2023-FESTA-TIO.png\",\"keywords\":[\"ABD\",\"Asociaci\u00f3n Bienestar y Desarrollo\",\"Associaci\u00f3 Benestar i Desenvolupament\",\"Mitjans de comunicaci\u00f3\",\"not\u00edcies\"],\"articleSection\":[\"General\"],\"inLanguage\":\"ca\"},{\"@type\":\"WebPage\",\"@id\":\"https:\\\/\\\/abd.ong\\\/ca\\\/general-ca\\\/abd-als-mitjans-de-comunicacio-al-maig-5\\\/\",\"url\":\"https:\\\/\\\/abd.ong\\\/ca\\\/general-ca\\\/abd-als-mitjans-de-comunicacio-al-maig-5\\\/\",\"name\":\"ABD als mitjans de comunicaci\u00f3 al maig - ABD\",\"isPartOf\":{\"@id\":\"https:\\\/\\\/abd.ong\\\/ca\\\/#website\"},\"primaryImageOfPage\":{\"@id\":\"https:\\\/\\\/abd.ong\\\/ca\\\/general-ca\\\/abd-als-mitjans-de-comunicacio-al-maig-5\\\/#primaryimage\"},\"image\":{\"@id\":\"https:\\\/\\\/abd.ong\\\/ca\\\/general-ca\\\/abd-als-mitjans-de-comunicacio-al-maig-5\\\/#primaryimage\"},\"thumbnailUrl\":\"https:\\\/\\\/abd.ong\\\/wp-content\\\/uploads\\\/2023\\\/12\\\/GRUP-ABD-2023-FESTA-TIO.png\",\"datePublished\":\"2025-05-28T08:43:38+00:00\",\"dateModified\":\"2025-05-29T08:39:11+00:00\",\"description\":\"El Grup\u00a0ABD ha estat present als mitjans de comunicaci\u00f3 durant aquest mes de maig. A continuaci\u00f3, el resum de premsa de les not\u00edcies, articles i\",\"breadcrumb\":{\"@id\":\"https:\\\/\\\/abd.ong\\\/ca\\\/general-ca\\\/abd-als-mitjans-de-comunicacio-al-maig-5\\\/#breadcrumb\"},\"inLanguage\":\"ca\",\"potentialAction\":[{\"@type\":\"ReadAction\",\"target\":[\"https:\\\/\\\/abd.ong\\\/ca\\\/general-ca\\\/abd-als-mitjans-de-comunicacio-al-maig-5\\\/\"]}]},{\"@type\":\"ImageObject\",\"inLanguage\":\"ca\",\"@id\":\"https:\\\/\\\/abd.ong\\\/ca\\\/general-ca\\\/abd-als-mitjans-de-comunicacio-al-maig-5\\\/#primaryimage\",\"url\":\"https:\\\/\\\/abd.ong\\\/wp-content\\\/uploads\\\/2023\\\/12\\\/GRUP-ABD-2023-FESTA-TIO.png\",\"contentUrl\":\"https:\\\/\\\/abd.ong\\\/wp-content\\\/uploads\\\/2023\\\/12\\\/GRUP-ABD-2023-FESTA-TIO.png\",\"width\":2048,\"height\":1152},{\"@type\":\"BreadcrumbList\",\"@id\":\"https:\\\/\\\/abd.ong\\\/ca\\\/general-ca\\\/abd-als-mitjans-de-comunicacio-al-maig-5\\\/#breadcrumb\",\"itemListElement\":[{\"@type\":\"ListItem\",\"position\":1,\"name\":\"Inici\",\"item\":\"https:\\\/\\\/abd.ong\\\/ca\\\/\"},{\"@type\":\"ListItem\",\"position\":2,\"name\":\"ABD als mitjans de comunicaci\u00f3 al maig\"}]},{\"@type\":\"WebSite\",\"@id\":\"https:\\\/\\\/abd.ong\\\/ca\\\/#website\",\"url\":\"https:\\\/\\\/abd.ong\\\/ca\\\/\",\"name\":\"ABD\",\"description\":\"Asociaci\u00f3n Bienestar y Desarrollo\",\"publisher\":{\"@id\":\"https:\\\/\\\/abd.ong\\\/ca\\\/#organization\"},\"potentialAction\":[{\"@type\":\"SearchAction\",\"target\":{\"@type\":\"EntryPoint\",\"urlTemplate\":\"https:\\\/\\\/abd.ong\\\/ca\\\/?s={search_term_string}\"},\"query-input\":{\"@type\":\"PropertyValueSpecification\",\"valueRequired\":true,\"valueName\":\"search_term_string\"}}],\"inLanguage\":\"ca\"},{\"@type\":\"Organization\",\"@id\":\"https:\\\/\\\/abd.ong\\\/ca\\\/#organization\",\"name\":\"Associaci\u00f3 Benestar i Desenvolupament\",\"alternateName\":\"ABD\",\"url\":\"https:\\\/\\\/abd.ong\\\/ca\\\/\",\"logo\":{\"@type\":\"ImageObject\",\"inLanguage\":\"ca\",\"@id\":\"https:\\\/\\\/abd.ong\\\/ca\\\/#\\\/schema\\\/logo\\\/image\\\/\",\"url\":\"https:\\\/\\\/abd.ong\\\/wp-content\\\/uploads\\\/2023\\\/01\\\/Icona.png\",\"contentUrl\":\"https:\\\/\\\/abd.ong\\\/wp-content\\\/uploads\\\/2023\\\/01\\\/Icona.png\",\"width\":190,\"height\":187,\"caption\":\"Associaci\u00f3 Benestar i Desenvolupament\"},\"image\":{\"@id\":\"https:\\\/\\\/abd.ong\\\/ca\\\/#\\\/schema\\\/logo\\\/image\\\/\"},\"sameAs\":[\"https:\\\/\\\/www.facebook.com\\\/abd.ong\",\"https:\\\/\\\/x.com\\\/abd_ong\",\"https:\\\/\\\/www.instagram.com\\\/abd_ong\\\/\",\"https:\\\/\\\/www.linkedin.com\\\/company\\\/abdong\",\"https:\\\/\\\/www.youtube.com\\\/user\\\/CANALABD\"]},{\"@type\":\"Person\",\"@id\":\"https:\\\/\\\/abd.ong\\\/ca\\\/#\\\/schema\\\/person\\\/6bb74ed13fc8bdf3a5382c66db14c9ee\",\"name\":\"Francesc Balart\"}]}<\/script>\n<!-- \/ Yoast SEO plugin. -->","yoast_head_json":{"title":"ABD als mitjans de comunicaci\u00f3 al maig - ABD","description":"El Grup\u00a0ABD ha estat present als mitjans de comunicaci\u00f3 durant aquest mes de maig. A continuaci\u00f3, el resum de premsa de les not\u00edcies, articles i","robots":{"index":"index","follow":"follow","max-snippet":"max-snippet:-1","max-image-preview":"max-image-preview:large","max-video-preview":"max-video-preview:-1"},"canonical":"https:\/\/abd.ong\/ca\/general-ca\/abd-als-mitjans-de-comunicacio-al-maig-5\/","og_locale":"ca_ES","og_type":"article","og_title":"ABD als mitjans de comunicaci\u00f3 al maig - ABD","og_description":"El Grup\u00a0ABD ha estat present als mitjans de comunicaci\u00f3 durant aquest mes de maig. A continuaci\u00f3, el resum de premsa de les not\u00edcies, articles i","og_url":"https:\/\/abd.ong\/ca\/general-ca\/abd-als-mitjans-de-comunicacio-al-maig-5\/","og_site_name":"ABD","article_publisher":"https:\/\/www.facebook.com\/abd.ong","article_published_time":"2025-05-28T08:43:38+00:00","article_modified_time":"2025-05-29T08:39:11+00:00","og_image":[{"url":"https:\/\/abd.ong\/wp-content\/uploads\/2023\/12\/GRUP-ABD-2023-FESTA-TIO-1024x576.png","type":"","width":"","height":""}],"author":"Francesc Balart","twitter_card":"summary_large_image","twitter_image":"https:\/\/abd.ong\/wp-content\/uploads\/2023\/12\/GRUP-ABD-2023-FESTA-TIO-1024x576.png","twitter_creator":"@abd_ong","twitter_site":"@abd_ong","twitter_misc":{"Escrit per":"Francesc Balart","Temps estimat de lectura":"8 minuts"},"schema":{"@context":"https:\/\/schema.org","@graph":[{"@type":"Article","@id":"https:\/\/abd.ong\/ca\/general-ca\/abd-als-mitjans-de-comunicacio-al-maig-5\/#article","isPartOf":{"@id":"https:\/\/abd.ong\/ca\/general-ca\/abd-als-mitjans-de-comunicacio-al-maig-5\/"},"author":{"name":"Francesc Balart","@id":"https:\/\/abd.ong\/ca\/#\/schema\/person\/6bb74ed13fc8bdf3a5382c66db14c9ee"},"headline":"ABD als mitjans de comunicaci\u00f3 al maig","datePublished":"2025-05-28T08:43:38+00:00","dateModified":"2025-05-29T08:39:11+00:00","mainEntityOfPage":{"@id":"https:\/\/abd.ong\/ca\/general-ca\/abd-als-mitjans-de-comunicacio-al-maig-5\/"},"wordCount":1104,"publisher":{"@id":"https:\/\/abd.ong\/ca\/#organization"},"image":{"@id":"https:\/\/abd.ong\/ca\/general-ca\/abd-als-mitjans-de-comunicacio-al-maig-5\/#primaryimage"},"thumbnailUrl":"https:\/\/abd.ong\/wp-content\/uploads\/2023\/12\/GRUP-ABD-2023-FESTA-TIO.png","keywords":["ABD","Asociaci\u00f3n Bienestar y Desarrollo","Associaci\u00f3 Benestar i Desenvolupament","Mitjans de comunicaci\u00f3","not\u00edcies"],"articleSection":["General"],"inLanguage":"ca"},{"@type":"WebPage","@id":"https:\/\/abd.ong\/ca\/general-ca\/abd-als-mitjans-de-comunicacio-al-maig-5\/","url":"https:\/\/abd.ong\/ca\/general-ca\/abd-als-mitjans-de-comunicacio-al-maig-5\/","name":"ABD als mitjans de comunicaci\u00f3 al maig - ABD","isPartOf":{"@id":"https:\/\/abd.ong\/ca\/#website"},"primaryImageOfPage":{"@id":"https:\/\/abd.ong\/ca\/general-ca\/abd-als-mitjans-de-comunicacio-al-maig-5\/#primaryimage"},"image":{"@id":"https:\/\/abd.ong\/ca\/general-ca\/abd-als-mitjans-de-comunicacio-al-maig-5\/#primaryimage"},"thumbnailUrl":"https:\/\/abd.ong\/wp-content\/uploads\/2023\/12\/GRUP-ABD-2023-FESTA-TIO.png","datePublished":"2025-05-28T08:43:38+00:00","dateModified":"2025-05-29T08:39:11+00:00","description":"El Grup\u00a0ABD ha estat present als mitjans de comunicaci\u00f3 durant aquest mes de maig. A continuaci\u00f3, el resum de premsa de les not\u00edcies, articles i","breadcrumb":{"@id":"https:\/\/abd.ong\/ca\/general-ca\/abd-als-mitjans-de-comunicacio-al-maig-5\/#breadcrumb"},"inLanguage":"ca","potentialAction":[{"@type":"ReadAction","target":["https:\/\/abd.ong\/ca\/general-ca\/abd-als-mitjans-de-comunicacio-al-maig-5\/"]}]},{"@type":"ImageObject","inLanguage":"ca","@id":"https:\/\/abd.ong\/ca\/general-ca\/abd-als-mitjans-de-comunicacio-al-maig-5\/#primaryimage","url":"https:\/\/abd.ong\/wp-content\/uploads\/2023\/12\/GRUP-ABD-2023-FESTA-TIO.png","contentUrl":"https:\/\/abd.ong\/wp-content\/uploads\/2023\/12\/GRUP-ABD-2023-FESTA-TIO.png","width":2048,"height":1152},{"@type":"BreadcrumbList","@id":"https:\/\/abd.ong\/ca\/general-ca\/abd-als-mitjans-de-comunicacio-al-maig-5\/#breadcrumb","itemListElement":[{"@type":"ListItem","position":1,"name":"Inici","item":"https:\/\/abd.ong\/ca\/"},{"@type":"ListItem","position":2,"name":"ABD als mitjans de comunicaci\u00f3 al maig"}]},{"@type":"WebSite","@id":"https:\/\/abd.ong\/ca\/#website","url":"https:\/\/abd.ong\/ca\/","name":"ABD","description":"Asociaci\u00f3n Bienestar y Desarrollo","publisher":{"@id":"https:\/\/abd.ong\/ca\/#organization"},"potentialAction":[{"@type":"SearchAction","target":{"@type":"EntryPoint","urlTemplate":"https:\/\/abd.ong\/ca\/?s={search_term_string}"},"query-input":{"@type":"PropertyValueSpecification","valueRequired":true,"valueName":"search_term_string"}}],"inLanguage":"ca"},{"@type":"Organization","@id":"https:\/\/abd.ong\/ca\/#organization","name":"Associaci\u00f3 Benestar i Desenvolupament","alternateName":"ABD","url":"https:\/\/abd.ong\/ca\/","logo":{"@type":"ImageObject","inLanguage":"ca","@id":"https:\/\/abd.ong\/ca\/#\/schema\/logo\/image\/","url":"https:\/\/abd.ong\/wp-content\/uploads\/2023\/01\/Icona.png","contentUrl":"https:\/\/abd.ong\/wp-content\/uploads\/2023\/01\/Icona.png","width":190,"height":187,"caption":"Associaci\u00f3 Benestar i Desenvolupament"},"image":{"@id":"https:\/\/abd.ong\/ca\/#\/schema\/logo\/image\/"},"sameAs":["https:\/\/www.facebook.com\/abd.ong","https:\/\/x.com\/abd_ong","https:\/\/www.instagram.com\/abd_ong\/","https:\/\/www.linkedin.com\/company\/abdong","https:\/\/www.youtube.com\/user\/CANALABD"]},{"@type":"Person","@id":"https:\/\/abd.ong\/ca\/#\/schema\/person\/6bb74ed13fc8bdf3a5382c66db14c9ee","name":"Francesc Balart"}]}},"_links":{"self":[{"href":"https:\/\/abd.ong\/ca\/wp-json\/wp\/v2\/posts\/169280","targetHints":{"allow":["GET"]}}],"collection":[{"href":"https:\/\/abd.ong\/ca\/wp-json\/wp\/v2\/posts"}],"about":[{"href":"https:\/\/abd.ong\/ca\/wp-json\/wp\/v2\/types\/post"}],"author":[{"embeddable":true,"href":"https:\/\/abd.ong\/ca\/wp-json\/wp\/v2\/users\/12"}],"replies":[{"embeddable":true,"href":"https:\/\/abd.ong\/ca\/wp-json\/wp\/v2\/comments?post=169280"}],"version-history":[{"count":6,"href":"https:\/\/abd.ong\/ca\/wp-json\/wp\/v2\/posts\/169280\/revisions"}],"predecessor-version":[{"id":169452,"href":"https:\/\/abd.ong\/ca\/wp-json\/wp\/v2\/posts\/169280\/revisions\/169452"}],"wp:featuredmedia":[{"embeddable":true,"href":"https:\/\/abd.ong\/ca\/wp-json\/wp\/v2\/media\/156710"}],"wp:attachment":[{"href":"https:\/\/abd.ong\/ca\/wp-json\/wp\/v2\/media?parent=169280"}],"wp:term":[{"taxonomy":"category","embeddable":true,"href":"https:\/\/abd.ong\/ca\/wp-json\/wp\/v2\/categories?post=169280"},{"taxonomy":"post_tag","embeddable":true,"href":"https:\/\/abd.ong\/ca\/wp-json\/wp\/v2\/tags?post=169280"}],"curies":[{"name":"wp","href":"https:\/\/api.w.org\/{rel}","templated":true}]}}