{"id":168645,"date":"2025-04-29T14:34:16","date_gmt":"2025-04-29T12:34:16","guid":{"rendered":"https:\/\/abd.ong\/?p=168645"},"modified":"2026-04-16T10:31:58","modified_gmt":"2026-04-16T08:31:58","slug":"tanca-ledicio-2024-2025-del-programa-mais-de-comunitat-activa","status":"publish","type":"post","link":"https:\/\/abd.ong\/ca\/inclusio-i-pobresa\/tanca-ledicio-2024-2025-del-programa-mais-de-comunitat-activa\/","title":{"rendered":"Tanca l&#8217;edici\u00f3 2024-2025 del Programa MAIS de Comunitat Activa"},"content":{"rendered":"\n<div style=\"height:50px\" aria-hidden=\"true\" class=\"wp-block-spacer\"><\/div>\n\n<h4 class=\"wp-block-heading\">Aquesta iniciativa \u00e9s una mostra clara del potencial de la col\u00b7laboraci\u00f3 entre entitats socials i teixit empresarial per generar oportunitats i construir itineraris d&#8217;inclusi\u00f3 real<\/h4>\n\n<div style=\"height:50px\" aria-hidden=\"true\" class=\"wp-block-spacer\"><\/div>\n\n<p>Aquest mes d&#8217;abril, el Programa MAIS de <a href=\"https:\/\/abd.ong\/ca\/programes\/comunitat-activa\/\">Comunitat Activa<\/a>, impulsat pel <a href=\"https:\/\/abd.ong\/ca\/\">Grup ABD<\/a>, tanca<br\/>la seva edici\u00f3 amb un balan\u00e7 molt positiu, destacant especialment les pr\u00e0ctiques<br\/>realitzades, que han estat clau per a la inserci\u00f3 laboral i el desenvolupament de<br\/>compet\u00e8ncies professionals.<\/p>\n\n<p>Les persones participants han comptat amb un <strong>seguiment personalitzat d\u2019orientaci\u00f3<\/strong><br\/><strong>sociolaboral<\/strong> i han pogut posar en pr\u00e0ctica els coneixements adquirits en un entorn<br\/>laboral real, tot facilitant la seva reincorporaci\u00f3 al m\u00f3n del treball. Aquesta<br\/>experi\u00e8ncia ha estat especialment rellevant en un sector amb alta demanda i<br\/>oportunitats de futur.<\/p>\n\n<div style=\"height:50px\" aria-hidden=\"true\" class=\"wp-block-spacer\"><\/div>\n\n<figure class=\"wp-block-image size-large\"><img fetchpriority=\"high\" decoding=\"async\" width=\"1024\" height=\"768\" src=\"https:\/\/abd.ong\/wp-content\/uploads\/2025\/04\/mais1-1024x768.jpg\" alt=\"\" class=\"wp-image-168621\" srcset=\"https:\/\/abd.ong\/wp-content\/uploads\/2025\/04\/mais1-1024x768.jpg 1024w, https:\/\/abd.ong\/wp-content\/uploads\/2025\/04\/mais1-300x225.jpg 300w, https:\/\/abd.ong\/wp-content\/uploads\/2025\/04\/mais1-768x576.jpg 768w, https:\/\/abd.ong\/wp-content\/uploads\/2025\/04\/mais1-1536x1152.jpg 1536w, https:\/\/abd.ong\/wp-content\/uploads\/2025\/04\/mais1.jpg 2048w\" sizes=\"(max-width: 1024px) 100vw, 1024px\" \/><\/figure>\n\n<div style=\"height:50px\" aria-hidden=\"true\" class=\"wp-block-spacer\"><\/div>\n\n<p>Les pr\u00e0ctiques s\u2019han desenvolupat gr\u00e0cies a la col\u00b7laboraci\u00f3 de les <a href=\"https:\/\/xagrionline.com\/\">botigues XAGR\u00cd<\/a>,<br\/>especialitzades en cal\u00e7at infantil i juvenil respectu\u00f3s. L\u2019empresa ha destacat l\u2019actitud<br\/>proactiva, el comprom\u00eds i la implicaci\u00f3 de les persones en pr\u00e0ctiques. Aquest programa \u00e9s una mostra clara del potencial de la col\u00b7laboraci\u00f3 entre entitats socials i teixit empresarial per generar oportunitats i construir itineraris d&#8217;inclusi\u00f3 real.<\/p>\n\n<p>&#8220;Amb el suport de la Generalitat de Catalunya i cofinan\u00e7ada pel Fons Social Europeu Plus&#8221;<\/p>\n\n<p>Amb el suport de la<strong> Generalitat de Catalunya<\/strong><\/p>\n\n<p>Cofinan\u00e7at per la <strong>Uni\u00f3 Europea<\/strong><\/p>\n\n<div style=\"height:50px\" aria-hidden=\"true\" class=\"wp-block-spacer\"><\/div>\n\n<figure class=\"wp-block-image size-full\"><img decoding=\"async\" width=\"549\" height=\"130\" src=\"https:\/\/abd.ong\/wp-content\/uploads\/2024\/12\/unnamed-9.png\" alt=\"\" class=\"wp-image-167228\" srcset=\"https:\/\/abd.ong\/wp-content\/uploads\/2024\/12\/unnamed-9.png 549w, https:\/\/abd.ong\/wp-content\/uploads\/2024\/12\/unnamed-9-300x71.png 300w\" sizes=\"(max-width: 549px) 100vw, 549px\" \/><\/figure>\n\n<p><\/p>\n","protected":false},"excerpt":{"rendered":"<p>Aquesta iniciativa \u00e9s una mostra clara del potencial de la col\u00b7laboraci\u00f3 entre entitats socials i teixit empresarial per generar oportunitats i construir itineraris d&#8217;inclusi\u00f3 real Aquest mes d&#8217;abril, el Programa&hellip;<\/p>\n","protected":false},"author":2,"featured_media":168619,"comment_status":"closed","ping_status":"closed","sticky":false,"template":"","format":"standard","meta":{"_acf_changed":false,"footnotes":""},"categories":[3195],"tags":[1897,675,1217,4609,4161],"class_list":["post-168645","post","type-post","status-publish","format-standard","has-post-thumbnail","hentry","category-inclusio-i-pobresa","tag-abd-2-ca","tag-asociacion-bienestar-y-desarrollo-ca","tag-comunitat-activa-ca-2","tag-insercio-social-i-laboral","tag-programa-mais-ca"],"acf":[],"yoast_head":"<!-- This site is optimized with the Yoast SEO plugin v27.4 - https:\/\/yoast.com\/product\/yoast-seo-wordpress\/ -->\n<title>Tanca l&#039;edici\u00f3 2024-2025 del Programa MAIS de Comunitat Activa - ABD<\/title>\n<meta name=\"description\" content=\"Aquesta iniciativa \u00e9s una mostra clara del potencial de la col\u00b7laboraci\u00f3 entre entitats socials i teixit empresarial per generar oportunitats i construir\" \/>\n<meta name=\"robots\" content=\"index, follow, max-snippet:-1, max-image-preview:large, max-video-preview:-1\" \/>\n<link rel=\"canonical\" href=\"https:\/\/abd.ong\/ca\/inclusio-i-pobresa\/tanca-ledicio-2024-2025-del-programa-mais-de-comunitat-activa\/\" \/>\n<meta property=\"og:locale\" content=\"ca_ES\" \/>\n<meta property=\"og:type\" content=\"article\" \/>\n<meta property=\"og:title\" content=\"Tanca l&#039;edici\u00f3 2024-2025 del Programa MAIS de Comunitat Activa - ABD\" \/>\n<meta property=\"og:description\" content=\"Aquesta iniciativa \u00e9s una mostra clara del potencial de la col\u00b7laboraci\u00f3 entre entitats socials i teixit empresarial per generar oportunitats i construir\" \/>\n<meta property=\"og:url\" content=\"https:\/\/abd.ong\/ca\/inclusio-i-pobresa\/tanca-ledicio-2024-2025-del-programa-mais-de-comunitat-activa\/\" \/>\n<meta property=\"og:site_name\" content=\"ABD\" \/>\n<meta property=\"article:publisher\" content=\"https:\/\/www.facebook.com\/abd.ong\" \/>\n<meta property=\"article:published_time\" content=\"2025-04-29T12:34:16+00:00\" \/>\n<meta property=\"article:modified_time\" content=\"2026-04-16T08:31:58+00:00\" \/>\n<meta property=\"og:image\" content=\"https:\/\/abd.ong\/wp-content\/uploads\/2025\/04\/Mais2.jpeg\" \/>\n\t<meta property=\"og:image:width\" content=\"2048\" \/>\n\t<meta property=\"og:image:height\" content=\"1536\" \/>\n\t<meta property=\"og:image:type\" content=\"image\/jpeg\" \/>\n<meta name=\"author\" content=\"Enric Guinart\" \/>\n<meta name=\"twitter:card\" content=\"summary_large_image\" \/>\n<meta name=\"twitter:creator\" content=\"@abd_ong\" \/>\n<meta name=\"twitter:site\" content=\"@abd_ong\" \/>\n<meta name=\"twitter:label1\" content=\"Escrit per\" \/>\n\t<meta name=\"twitter:data1\" content=\"Enric Guinart\" \/>\n\t<meta name=\"twitter:label2\" content=\"Temps estimat de lectura\" \/>\n\t<meta name=\"twitter:data2\" content=\"2 minuts\" \/>\n<script type=\"application\/ld+json\" class=\"yoast-schema-graph\">{\"@context\":\"https:\\\/\\\/schema.org\",\"@graph\":[{\"@type\":\"Article\",\"@id\":\"https:\\\/\\\/abd.ong\\\/ca\\\/inclusio-i-pobresa\\\/tanca-ledicio-2024-2025-del-programa-mais-de-comunitat-activa\\\/#article\",\"isPartOf\":{\"@id\":\"https:\\\/\\\/abd.ong\\\/ca\\\/inclusio-i-pobresa\\\/tanca-ledicio-2024-2025-del-programa-mais-de-comunitat-activa\\\/\"},\"author\":{\"name\":\"Enric Guinart\",\"@id\":\"https:\\\/\\\/abd.ong\\\/ca\\\/#\\\/schema\\\/person\\\/d0f5fe279a7ad908de6a6d1332bfd7d8\"},\"headline\":\"Tanca l&#8217;edici\u00f3 2024-2025 del Programa MAIS de Comunitat Activa\",\"datePublished\":\"2025-04-29T12:34:16+00:00\",\"dateModified\":\"2026-04-16T08:31:58+00:00\",\"mainEntityOfPage\":{\"@id\":\"https:\\\/\\\/abd.ong\\\/ca\\\/inclusio-i-pobresa\\\/tanca-ledicio-2024-2025-del-programa-mais-de-comunitat-activa\\\/\"},\"wordCount\":230,\"publisher\":{\"@id\":\"https:\\\/\\\/abd.ong\\\/ca\\\/#organization\"},\"image\":{\"@id\":\"https:\\\/\\\/abd.ong\\\/ca\\\/inclusio-i-pobresa\\\/tanca-ledicio-2024-2025-del-programa-mais-de-comunitat-activa\\\/#primaryimage\"},\"thumbnailUrl\":\"https:\\\/\\\/abd.ong\\\/wp-content\\\/uploads\\\/2025\\\/04\\\/Mais2.jpeg\",\"keywords\":[\"ABD\",\"Asociaci\u00f3n Bienestar y Desarrollo\",\"Comunitat Activa\",\"inserci\u00f3 social i laboral\",\"programa MAIS\"],\"articleSection\":[\"Inclusi\u00f3 i pobresa\"],\"inLanguage\":\"ca\"},{\"@type\":\"WebPage\",\"@id\":\"https:\\\/\\\/abd.ong\\\/ca\\\/inclusio-i-pobresa\\\/tanca-ledicio-2024-2025-del-programa-mais-de-comunitat-activa\\\/\",\"url\":\"https:\\\/\\\/abd.ong\\\/ca\\\/inclusio-i-pobresa\\\/tanca-ledicio-2024-2025-del-programa-mais-de-comunitat-activa\\\/\",\"name\":\"Tanca l'edici\u00f3 2024-2025 del Programa MAIS de Comunitat Activa - ABD\",\"isPartOf\":{\"@id\":\"https:\\\/\\\/abd.ong\\\/ca\\\/#website\"},\"primaryImageOfPage\":{\"@id\":\"https:\\\/\\\/abd.ong\\\/ca\\\/inclusio-i-pobresa\\\/tanca-ledicio-2024-2025-del-programa-mais-de-comunitat-activa\\\/#primaryimage\"},\"image\":{\"@id\":\"https:\\\/\\\/abd.ong\\\/ca\\\/inclusio-i-pobresa\\\/tanca-ledicio-2024-2025-del-programa-mais-de-comunitat-activa\\\/#primaryimage\"},\"thumbnailUrl\":\"https:\\\/\\\/abd.ong\\\/wp-content\\\/uploads\\\/2025\\\/04\\\/Mais2.jpeg\",\"datePublished\":\"2025-04-29T12:34:16+00:00\",\"dateModified\":\"2026-04-16T08:31:58+00:00\",\"description\":\"Aquesta iniciativa \u00e9s una mostra clara del potencial de la col\u00b7laboraci\u00f3 entre entitats socials i teixit empresarial per generar oportunitats i construir\",\"breadcrumb\":{\"@id\":\"https:\\\/\\\/abd.ong\\\/ca\\\/inclusio-i-pobresa\\\/tanca-ledicio-2024-2025-del-programa-mais-de-comunitat-activa\\\/#breadcrumb\"},\"inLanguage\":\"ca\",\"potentialAction\":[{\"@type\":\"ReadAction\",\"target\":[\"https:\\\/\\\/abd.ong\\\/ca\\\/inclusio-i-pobresa\\\/tanca-ledicio-2024-2025-del-programa-mais-de-comunitat-activa\\\/\"]}]},{\"@type\":\"ImageObject\",\"inLanguage\":\"ca\",\"@id\":\"https:\\\/\\\/abd.ong\\\/ca\\\/inclusio-i-pobresa\\\/tanca-ledicio-2024-2025-del-programa-mais-de-comunitat-activa\\\/#primaryimage\",\"url\":\"https:\\\/\\\/abd.ong\\\/wp-content\\\/uploads\\\/2025\\\/04\\\/Mais2.jpeg\",\"contentUrl\":\"https:\\\/\\\/abd.ong\\\/wp-content\\\/uploads\\\/2025\\\/04\\\/Mais2.jpeg\",\"width\":2048,\"height\":1536},{\"@type\":\"BreadcrumbList\",\"@id\":\"https:\\\/\\\/abd.ong\\\/ca\\\/inclusio-i-pobresa\\\/tanca-ledicio-2024-2025-del-programa-mais-de-comunitat-activa\\\/#breadcrumb\",\"itemListElement\":[{\"@type\":\"ListItem\",\"position\":1,\"name\":\"Inici\",\"item\":\"https:\\\/\\\/abd.ong\\\/ca\\\/\"},{\"@type\":\"ListItem\",\"position\":2,\"name\":\"Tanca l&#8217;edici\u00f3 2024-2025 del Programa MAIS de Comunitat Activa\"}]},{\"@type\":\"WebSite\",\"@id\":\"https:\\\/\\\/abd.ong\\\/ca\\\/#website\",\"url\":\"https:\\\/\\\/abd.ong\\\/ca\\\/\",\"name\":\"ABD\",\"description\":\"Asociaci\u00f3n Bienestar y Desarrollo\",\"publisher\":{\"@id\":\"https:\\\/\\\/abd.ong\\\/ca\\\/#organization\"},\"potentialAction\":[{\"@type\":\"SearchAction\",\"target\":{\"@type\":\"EntryPoint\",\"urlTemplate\":\"https:\\\/\\\/abd.ong\\\/ca\\\/?s={search_term_string}\"},\"query-input\":{\"@type\":\"PropertyValueSpecification\",\"valueRequired\":true,\"valueName\":\"search_term_string\"}}],\"inLanguage\":\"ca\"},{\"@type\":\"Organization\",\"@id\":\"https:\\\/\\\/abd.ong\\\/ca\\\/#organization\",\"name\":\"Associaci\u00f3 Benestar i Desenvolupament\",\"alternateName\":\"ABD\",\"url\":\"https:\\\/\\\/abd.ong\\\/ca\\\/\",\"logo\":{\"@type\":\"ImageObject\",\"inLanguage\":\"ca\",\"@id\":\"https:\\\/\\\/abd.ong\\\/ca\\\/#\\\/schema\\\/logo\\\/image\\\/\",\"url\":\"https:\\\/\\\/abd.ong\\\/wp-content\\\/uploads\\\/2023\\\/01\\\/Icona.png\",\"contentUrl\":\"https:\\\/\\\/abd.ong\\\/wp-content\\\/uploads\\\/2023\\\/01\\\/Icona.png\",\"width\":190,\"height\":187,\"caption\":\"Associaci\u00f3 Benestar i Desenvolupament\"},\"image\":{\"@id\":\"https:\\\/\\\/abd.ong\\\/ca\\\/#\\\/schema\\\/logo\\\/image\\\/\"},\"sameAs\":[\"https:\\\/\\\/www.facebook.com\\\/abd.ong\",\"https:\\\/\\\/x.com\\\/abd_ong\",\"https:\\\/\\\/www.instagram.com\\\/abd_ong\\\/\",\"https:\\\/\\\/www.linkedin.com\\\/company\\\/abdong\",\"https:\\\/\\\/www.youtube.com\\\/user\\\/CANALABD\"]},{\"@type\":\"Person\",\"@id\":\"https:\\\/\\\/abd.ong\\\/ca\\\/#\\\/schema\\\/person\\\/d0f5fe279a7ad908de6a6d1332bfd7d8\",\"name\":\"Enric Guinart\"}]}<\/script>\n<!-- \/ Yoast SEO plugin. -->","yoast_head_json":{"title":"Tanca l'edici\u00f3 2024-2025 del Programa MAIS de Comunitat Activa - ABD","description":"Aquesta iniciativa \u00e9s una mostra clara del potencial de la col\u00b7laboraci\u00f3 entre entitats socials i teixit empresarial per generar oportunitats i construir","robots":{"index":"index","follow":"follow","max-snippet":"max-snippet:-1","max-image-preview":"max-image-preview:large","max-video-preview":"max-video-preview:-1"},"canonical":"https:\/\/abd.ong\/ca\/inclusio-i-pobresa\/tanca-ledicio-2024-2025-del-programa-mais-de-comunitat-activa\/","og_locale":"ca_ES","og_type":"article","og_title":"Tanca l'edici\u00f3 2024-2025 del Programa MAIS de Comunitat Activa - ABD","og_description":"Aquesta iniciativa \u00e9s una mostra clara del potencial de la col\u00b7laboraci\u00f3 entre entitats socials i teixit empresarial per generar oportunitats i construir","og_url":"https:\/\/abd.ong\/ca\/inclusio-i-pobresa\/tanca-ledicio-2024-2025-del-programa-mais-de-comunitat-activa\/","og_site_name":"ABD","article_publisher":"https:\/\/www.facebook.com\/abd.ong","article_published_time":"2025-04-29T12:34:16+00:00","article_modified_time":"2026-04-16T08:31:58+00:00","og_image":[{"width":2048,"height":1536,"url":"https:\/\/abd.ong\/wp-content\/uploads\/2025\/04\/Mais2.jpeg","type":"image\/jpeg"}],"author":"Enric Guinart","twitter_card":"summary_large_image","twitter_creator":"@abd_ong","twitter_site":"@abd_ong","twitter_misc":{"Escrit per":"Enric Guinart","Temps estimat de lectura":"2 minuts"},"schema":{"@context":"https:\/\/schema.org","@graph":[{"@type":"Article","@id":"https:\/\/abd.ong\/ca\/inclusio-i-pobresa\/tanca-ledicio-2024-2025-del-programa-mais-de-comunitat-activa\/#article","isPartOf":{"@id":"https:\/\/abd.ong\/ca\/inclusio-i-pobresa\/tanca-ledicio-2024-2025-del-programa-mais-de-comunitat-activa\/"},"author":{"name":"Enric Guinart","@id":"https:\/\/abd.ong\/ca\/#\/schema\/person\/d0f5fe279a7ad908de6a6d1332bfd7d8"},"headline":"Tanca l&#8217;edici\u00f3 2024-2025 del Programa MAIS de Comunitat Activa","datePublished":"2025-04-29T12:34:16+00:00","dateModified":"2026-04-16T08:31:58+00:00","mainEntityOfPage":{"@id":"https:\/\/abd.ong\/ca\/inclusio-i-pobresa\/tanca-ledicio-2024-2025-del-programa-mais-de-comunitat-activa\/"},"wordCount":230,"publisher":{"@id":"https:\/\/abd.ong\/ca\/#organization"},"image":{"@id":"https:\/\/abd.ong\/ca\/inclusio-i-pobresa\/tanca-ledicio-2024-2025-del-programa-mais-de-comunitat-activa\/#primaryimage"},"thumbnailUrl":"https:\/\/abd.ong\/wp-content\/uploads\/2025\/04\/Mais2.jpeg","keywords":["ABD","Asociaci\u00f3n Bienestar y Desarrollo","Comunitat Activa","inserci\u00f3 social i laboral","programa MAIS"],"articleSection":["Inclusi\u00f3 i pobresa"],"inLanguage":"ca"},{"@type":"WebPage","@id":"https:\/\/abd.ong\/ca\/inclusio-i-pobresa\/tanca-ledicio-2024-2025-del-programa-mais-de-comunitat-activa\/","url":"https:\/\/abd.ong\/ca\/inclusio-i-pobresa\/tanca-ledicio-2024-2025-del-programa-mais-de-comunitat-activa\/","name":"Tanca l'edici\u00f3 2024-2025 del Programa MAIS de Comunitat Activa - ABD","isPartOf":{"@id":"https:\/\/abd.ong\/ca\/#website"},"primaryImageOfPage":{"@id":"https:\/\/abd.ong\/ca\/inclusio-i-pobresa\/tanca-ledicio-2024-2025-del-programa-mais-de-comunitat-activa\/#primaryimage"},"image":{"@id":"https:\/\/abd.ong\/ca\/inclusio-i-pobresa\/tanca-ledicio-2024-2025-del-programa-mais-de-comunitat-activa\/#primaryimage"},"thumbnailUrl":"https:\/\/abd.ong\/wp-content\/uploads\/2025\/04\/Mais2.jpeg","datePublished":"2025-04-29T12:34:16+00:00","dateModified":"2026-04-16T08:31:58+00:00","description":"Aquesta iniciativa \u00e9s una mostra clara del potencial de la col\u00b7laboraci\u00f3 entre entitats socials i teixit empresarial per generar oportunitats i construir","breadcrumb":{"@id":"https:\/\/abd.ong\/ca\/inclusio-i-pobresa\/tanca-ledicio-2024-2025-del-programa-mais-de-comunitat-activa\/#breadcrumb"},"inLanguage":"ca","potentialAction":[{"@type":"ReadAction","target":["https:\/\/abd.ong\/ca\/inclusio-i-pobresa\/tanca-ledicio-2024-2025-del-programa-mais-de-comunitat-activa\/"]}]},{"@type":"ImageObject","inLanguage":"ca","@id":"https:\/\/abd.ong\/ca\/inclusio-i-pobresa\/tanca-ledicio-2024-2025-del-programa-mais-de-comunitat-activa\/#primaryimage","url":"https:\/\/abd.ong\/wp-content\/uploads\/2025\/04\/Mais2.jpeg","contentUrl":"https:\/\/abd.ong\/wp-content\/uploads\/2025\/04\/Mais2.jpeg","width":2048,"height":1536},{"@type":"BreadcrumbList","@id":"https:\/\/abd.ong\/ca\/inclusio-i-pobresa\/tanca-ledicio-2024-2025-del-programa-mais-de-comunitat-activa\/#breadcrumb","itemListElement":[{"@type":"ListItem","position":1,"name":"Inici","item":"https:\/\/abd.ong\/ca\/"},{"@type":"ListItem","position":2,"name":"Tanca l&#8217;edici\u00f3 2024-2025 del Programa MAIS de Comunitat Activa"}]},{"@type":"WebSite","@id":"https:\/\/abd.ong\/ca\/#website","url":"https:\/\/abd.ong\/ca\/","name":"ABD","description":"Asociaci\u00f3n Bienestar y Desarrollo","publisher":{"@id":"https:\/\/abd.ong\/ca\/#organization"},"potentialAction":[{"@type":"SearchAction","target":{"@type":"EntryPoint","urlTemplate":"https:\/\/abd.ong\/ca\/?s={search_term_string}"},"query-input":{"@type":"PropertyValueSpecification","valueRequired":true,"valueName":"search_term_string"}}],"inLanguage":"ca"},{"@type":"Organization","@id":"https:\/\/abd.ong\/ca\/#organization","name":"Associaci\u00f3 Benestar i Desenvolupament","alternateName":"ABD","url":"https:\/\/abd.ong\/ca\/","logo":{"@type":"ImageObject","inLanguage":"ca","@id":"https:\/\/abd.ong\/ca\/#\/schema\/logo\/image\/","url":"https:\/\/abd.ong\/wp-content\/uploads\/2023\/01\/Icona.png","contentUrl":"https:\/\/abd.ong\/wp-content\/uploads\/2023\/01\/Icona.png","width":190,"height":187,"caption":"Associaci\u00f3 Benestar i Desenvolupament"},"image":{"@id":"https:\/\/abd.ong\/ca\/#\/schema\/logo\/image\/"},"sameAs":["https:\/\/www.facebook.com\/abd.ong","https:\/\/x.com\/abd_ong","https:\/\/www.instagram.com\/abd_ong\/","https:\/\/www.linkedin.com\/company\/abdong","https:\/\/www.youtube.com\/user\/CANALABD"]},{"@type":"Person","@id":"https:\/\/abd.ong\/ca\/#\/schema\/person\/d0f5fe279a7ad908de6a6d1332bfd7d8","name":"Enric Guinart"}]}},"_links":{"self":[{"href":"https:\/\/abd.ong\/ca\/wp-json\/wp\/v2\/posts\/168645","targetHints":{"allow":["GET"]}}],"collection":[{"href":"https:\/\/abd.ong\/ca\/wp-json\/wp\/v2\/posts"}],"about":[{"href":"https:\/\/abd.ong\/ca\/wp-json\/wp\/v2\/types\/post"}],"author":[{"embeddable":true,"href":"https:\/\/abd.ong\/ca\/wp-json\/wp\/v2\/users\/2"}],"replies":[{"embeddable":true,"href":"https:\/\/abd.ong\/ca\/wp-json\/wp\/v2\/comments?post=168645"}],"version-history":[{"count":3,"href":"https:\/\/abd.ong\/ca\/wp-json\/wp\/v2\/posts\/168645\/revisions"}],"predecessor-version":[{"id":175627,"href":"https:\/\/abd.ong\/ca\/wp-json\/wp\/v2\/posts\/168645\/revisions\/175627"}],"wp:featuredmedia":[{"embeddable":true,"href":"https:\/\/abd.ong\/ca\/wp-json\/wp\/v2\/media\/168619"}],"wp:attachment":[{"href":"https:\/\/abd.ong\/ca\/wp-json\/wp\/v2\/media?parent=168645"}],"wp:term":[{"taxonomy":"category","embeddable":true,"href":"https:\/\/abd.ong\/ca\/wp-json\/wp\/v2\/categories?post=168645"},{"taxonomy":"post_tag","embeddable":true,"href":"https:\/\/abd.ong\/ca\/wp-json\/wp\/v2\/tags?post=168645"}],"curies":[{"name":"wp","href":"https:\/\/api.w.org\/{rel}","templated":true}]}}