{"id":168175,"date":"2025-03-26T10:59:35","date_gmt":"2025-03-26T09:59:35","guid":{"rendered":"https:\/\/abd.ong\/?p=168175"},"modified":"2025-03-26T11:00:22","modified_gmt":"2025-03-26T10:00:22","slug":"professionals-dels-equips-desatar-i-del-grup-abd-ofereixen-formacions-per-a-impulsar-la-transformacio-cap-a-centres-residencials-lliures-de-subjeccions","status":"publish","type":"post","link":"https:\/\/abd.ong\/ca\/dependencia-i-gent-gran\/professionals-dels-equips-desatar-i-del-grup-abd-ofereixen-formacions-per-a-impulsar-la-transformacio-cap-a-centres-residencials-lliures-de-subjeccions\/","title":{"rendered":"Professionals dels equips \u2018Desatar\u2019 i del Grup ABD ofereixen formacions per a impulsar la transformaci\u00f3 cap a centres residencials lliures de subjeccions"},"content":{"rendered":"\n<div style=\"height:50px\" aria-hidden=\"true\" class=\"wp-block-spacer\"><\/div>\n\n<p><strong>Fina Casta\u00f1o<\/strong> i <strong>Imma Prim<\/strong>, professionals dels Equips \u2018Desatar\u2019 i de l\u2019<a href=\"https:\/\/abd.ong\/ca\/\">Associaci\u00f3 Benestar i Desenvolupament Grup ABD<\/a>, entitat col\u00b7laboradora de<a href=\"https:\/\/ceoma.org\/\"> CEOMA<\/a> (Confederaci\u00f3n Espa\u00f1ola de Organizaciones de Mayores) en el Programa &#8216;Desatar&#8217;, han estat duent a terme en les darreres setmanes diverses intervencions i formacions adre\u00e7ades a professionals de resid\u00e8ncies.<\/p>\n\n<p><span style=\"font-weight: 400;\">Els equips de \u2018Desatar\u2019 tenen la missi\u00f3 d&#8217;<strong>ajudar a els\/les professionals que ho sol\u00b7licitin a eliminar les subjeccions de les persones grans, adoptant noves formes de treball<\/strong>. Aquesta iniciativa parteix de diversos motius fonamentals:<\/span><\/p>\n\n<ul class=\"wp-block-list\">\n<li>Creiem en la dignitat de les persones.<\/li>\n\n\n\n<li>Considerem que subjectar una persona \u00e9s contrari a la dignitat humana.<\/li>\n\n\n\n<li>Sabem que les subjeccions no nom\u00e9s no eliminen les caigudes, sin\u00f3 que generen problemes secundaris molt negatius que sovint passen desapercebuts.<\/li>\n\n\n\n<li>Estem conven\u00e7uts\/des que hi ha altres formes de respondre a les conductes sense aplicar subjeccions.<\/li>\n\n\n\n<li>Per aix\u00f2, creiem que \u00e9s essencial analitzar totes les maneres possibles de donar resposta a aquestes situacions.<\/li>\n<\/ul>\n\n<div style=\"height:50px\" aria-hidden=\"true\" class=\"wp-block-spacer\"><\/div>\n\n<figure class=\"wp-block-image size-large\"><img fetchpriority=\"high\" decoding=\"async\" width=\"1024\" height=\"472\" src=\"https:\/\/abd.ong\/wp-content\/uploads\/2025\/03\/WhatsApp-Image-2025-03-21-at-20.28.34-1-1-1024x472.jpeg\" alt=\"\" class=\"wp-image-168166\" srcset=\"https:\/\/abd.ong\/wp-content\/uploads\/2025\/03\/WhatsApp-Image-2025-03-21-at-20.28.34-1-1-1024x472.jpeg 1024w, https:\/\/abd.ong\/wp-content\/uploads\/2025\/03\/WhatsApp-Image-2025-03-21-at-20.28.34-1-1-300x138.jpeg 300w, https:\/\/abd.ong\/wp-content\/uploads\/2025\/03\/WhatsApp-Image-2025-03-21-at-20.28.34-1-1-768x354.jpeg 768w, https:\/\/abd.ong\/wp-content\/uploads\/2025\/03\/WhatsApp-Image-2025-03-21-at-20.28.34-1-1-1536x708.jpeg 1536w, https:\/\/abd.ong\/wp-content\/uploads\/2025\/03\/WhatsApp-Image-2025-03-21-at-20.28.34-1-1.jpeg 2000w\" sizes=\"(max-width: 1024px) 100vw, 1024px\" \/><\/figure>\n\n<div style=\"height:50px\" aria-hidden=\"true\" class=\"wp-block-spacer\"><\/div>\n\n<p>Aquest programa \u00e9s un model d\u2019intervenci\u00f3 i formaci\u00f3 que ajuda els\/les professionals de les resid\u00e8ncies a prendre consci\u00e8ncia de l\u2019abast negatiu d\u2019aquesta forma de cuidar. L&#8217;objectiu \u00e9s que canvi\u00efn la seva percepci\u00f3, s\u2019obrin a admetre que \u00e9s possible cuidar sense subjeccions i implementin els canvis necessaris en els seus procediments de treball per convertir-se en centres lliures de subjeccions.<\/p>\n\n<p>L&#8217;objectiu final <strong>\u00e9s promoure un canvi en l\u2019atenci\u00f3 i millorar la qualitat de vida de les persones usu\u00e0ries<\/strong>.<\/p>\n\n<div style=\"height:50px\" aria-hidden=\"true\" class=\"wp-block-spacer\"><\/div>\n\n<h4 class=\"wp-block-heading\">ABD i el programa \u2018Desatar\u2019<\/h4>\n\n<div style=\"height:50px\" aria-hidden=\"true\" class=\"wp-block-spacer\"><\/div>\n\n<p><strong>El Grup ABD som una entitat acreditada per CEOMA per formar i acompanyar a centres en el Programa \u2018Desatar\u2019.<\/strong> En aquest sentit, disposem d&#8217;un equip professional que pot ajudar a eliminar tota mena de restriccions analitzant cada centre que ho sol\u00b7liciti amb detall minuci\u00f3s i duent a terme formaci\u00f3\/acompanyament als professionals en la cura directa de les persones residents m\u00e9s vulnerables, i adaptant-los a cada particularitat detectada.<\/p>\n\n<div style=\"height:50px\" aria-hidden=\"true\" class=\"wp-block-spacer\"><\/div>\n\n<figure class=\"wp-block-image size-large\"><img decoding=\"async\" width=\"576\" height=\"1024\" src=\"https:\/\/abd.ong\/wp-content\/uploads\/2025\/03\/WhatsApp-Image-2025-03-21-at-20.27.43-1-1-576x1024.jpeg\" alt=\"\" class=\"wp-image-168169\" srcset=\"https:\/\/abd.ong\/wp-content\/uploads\/2025\/03\/WhatsApp-Image-2025-03-21-at-20.27.43-1-1-576x1024.jpeg 576w, https:\/\/abd.ong\/wp-content\/uploads\/2025\/03\/WhatsApp-Image-2025-03-21-at-20.27.43-1-1-169x300.jpeg 169w, https:\/\/abd.ong\/wp-content\/uploads\/2025\/03\/WhatsApp-Image-2025-03-21-at-20.27.43-1-1-768x1365.jpeg 768w, https:\/\/abd.ong\/wp-content\/uploads\/2025\/03\/WhatsApp-Image-2025-03-21-at-20.27.43-1-1-864x1536.jpeg 864w, https:\/\/abd.ong\/wp-content\/uploads\/2025\/03\/WhatsApp-Image-2025-03-21-at-20.27.43-1-1.jpeg 900w\" sizes=\"(max-width: 576px) 100vw, 576px\" \/><\/figure>\n\n<div style=\"height:50px\" aria-hidden=\"true\" class=\"wp-block-spacer\"><\/div>\n\n<p>El projecte &#8216;Desatar&#8217; va n\u00e9ixer amb l&#8217;objectiu de posar fi a l&#8217;\u00fas de subjeccions a resid\u00e8ncies de gent gran i, al seu lloc, promoure la formaci\u00f3 per prevenir problemes de conducta i transformar els centres. Aquesta iniciativa pionera ha aconseguit que un total de 210 resid\u00e8ncies a Espanya, un dels pa\u00efsos amb m\u00e9s \u00fas de subjeccions en pacients amb dem\u00e8ncia, eliminin aquesta pr\u00e0ctica.<\/p>\n\n<p>La col\u00b7laboraci\u00f3 activa amb CEOMA i l&#8217;enfocament en la formaci\u00f3 han estat fonamentals per a l&#8217;\u00e8xit de &#8216;Desatar&#8217; a impulsar un canvi significatiu en l&#8217;atenci\u00f3 a persones grans a l&#8217;\u00e0mbit residencial.<\/p>\n\n<p><\/p>\n","protected":false},"excerpt":{"rendered":"<p>Fina Casta\u00f1o i Imma Prim, professionals dels Equips \u2018Desatar\u2019 i de l\u2019Associaci\u00f3 Benestar i Desenvolupament Grup ABD, entitat col\u00b7laboradora de CEOMA (Confederaci\u00f3n Espa\u00f1ola de Organizaciones de Mayores) en el Programa&hellip;<\/p>\n","protected":false},"author":2,"featured_media":168158,"comment_status":"closed","ping_status":"closed","sticky":false,"template":"","format":"standard","meta":{"_acf_changed":false,"footnotes":""},"categories":[1298],"tags":[1897,675,4741,2661,3497,3496,2267,3957,4740],"class_list":["post-168175","post","type-post","status-publish","format-standard","has-post-thumbnail","hentry","category-dependencia-i-gent-gran","tag-abd-2-ca","tag-asociacion-bienestar-y-desarrollo-ca","tag-centres-residencials-lliures-de-subjeccions","tag-ceoma-ca","tag-desatar-ca","tag-lliure-de-subjeccions","tag-persones-grans-ca","tag-programa-desatar-ca","tag-subjeccions"],"acf":[],"yoast_head":"<!-- This site is optimized with the Yoast SEO plugin v27.4 - https:\/\/yoast.com\/product\/yoast-seo-wordpress\/ -->\n<title>Professionals dels equips \u2018Desatar\u2019 i del Grup ABD ofereixen formacions per a impulsar la transformaci\u00f3 cap a centres residencials lliures de subjeccions - ABD<\/title>\n<meta name=\"description\" content=\"Fina Casta\u00f1o i Imma Prim, professionals dels Equips \u2018Desatar\u2019 i de l\u2019Associaci\u00f3 Benestar i Desenvolupament Grup ABD, entitat col\u00b7laboradora de CEOMA\" \/>\n<meta name=\"robots\" content=\"index, follow, max-snippet:-1, max-image-preview:large, max-video-preview:-1\" \/>\n<link rel=\"canonical\" href=\"https:\/\/abd.ong\/ca\/dependencia-i-gent-gran\/professionals-dels-equips-desatar-i-del-grup-abd-ofereixen-formacions-per-a-impulsar-la-transformacio-cap-a-centres-residencials-lliures-de-subjeccions\/\" \/>\n<meta property=\"og:locale\" content=\"ca_ES\" \/>\n<meta property=\"og:type\" content=\"article\" \/>\n<meta property=\"og:title\" content=\"Professionals dels equips \u2018Desatar\u2019 i del Grup ABD ofereixen formacions per a impulsar la transformaci\u00f3 cap a centres residencials lliures de subjeccions - ABD\" \/>\n<meta property=\"og:description\" content=\"Fina Casta\u00f1o i Imma Prim, professionals dels Equips \u2018Desatar\u2019 i de l\u2019Associaci\u00f3 Benestar i Desenvolupament Grup ABD, entitat col\u00b7laboradora de CEOMA\" \/>\n<meta property=\"og:url\" content=\"https:\/\/abd.ong\/ca\/dependencia-i-gent-gran\/professionals-dels-equips-desatar-i-del-grup-abd-ofereixen-formacions-per-a-impulsar-la-transformacio-cap-a-centres-residencials-lliures-de-subjeccions\/\" \/>\n<meta property=\"og:site_name\" content=\"ABD\" \/>\n<meta property=\"article:publisher\" content=\"https:\/\/www.facebook.com\/abd.ong\" \/>\n<meta property=\"article:published_time\" content=\"2025-03-26T09:59:35+00:00\" \/>\n<meta property=\"article:modified_time\" content=\"2025-03-26T10:00:22+00:00\" \/>\n<meta property=\"og:image\" content=\"https:\/\/abd.ong\/wp-content\/uploads\/2025\/03\/WhatsApp-Image-2025-03-22-at-11.53.24-1.jpeg\" \/>\n\t<meta property=\"og:image:width\" content=\"1586\" \/>\n\t<meta property=\"og:image:height\" content=\"1600\" \/>\n\t<meta property=\"og:image:type\" content=\"image\/jpeg\" \/>\n<meta name=\"author\" content=\"Enric Guinart\" \/>\n<meta name=\"twitter:card\" content=\"summary_large_image\" \/>\n<meta name=\"twitter:creator\" content=\"@abd_ong\" \/>\n<meta name=\"twitter:site\" content=\"@abd_ong\" \/>\n<meta name=\"twitter:label1\" content=\"Escrit per\" \/>\n\t<meta name=\"twitter:data1\" content=\"Enric Guinart\" \/>\n\t<meta name=\"twitter:label2\" content=\"Temps estimat de lectura\" \/>\n\t<meta name=\"twitter:data2\" content=\"3 minuts\" \/>\n<script type=\"application\/ld+json\" class=\"yoast-schema-graph\">{\"@context\":\"https:\\\/\\\/schema.org\",\"@graph\":[{\"@type\":\"Article\",\"@id\":\"https:\\\/\\\/abd.ong\\\/ca\\\/dependencia-i-gent-gran\\\/professionals-dels-equips-desatar-i-del-grup-abd-ofereixen-formacions-per-a-impulsar-la-transformacio-cap-a-centres-residencials-lliures-de-subjeccions\\\/#article\",\"isPartOf\":{\"@id\":\"https:\\\/\\\/abd.ong\\\/ca\\\/dependencia-i-gent-gran\\\/professionals-dels-equips-desatar-i-del-grup-abd-ofereixen-formacions-per-a-impulsar-la-transformacio-cap-a-centres-residencials-lliures-de-subjeccions\\\/\"},\"author\":{\"name\":\"Enric Guinart\",\"@id\":\"https:\\\/\\\/abd.ong\\\/ca\\\/#\\\/schema\\\/person\\\/d0f5fe279a7ad908de6a6d1332bfd7d8\"},\"headline\":\"Professionals dels equips \u2018Desatar\u2019 i del Grup ABD ofereixen formacions per a impulsar la transformaci\u00f3 cap a centres residencials lliures de subjeccions\",\"datePublished\":\"2025-03-26T09:59:35+00:00\",\"dateModified\":\"2025-03-26T10:00:22+00:00\",\"mainEntityOfPage\":{\"@id\":\"https:\\\/\\\/abd.ong\\\/ca\\\/dependencia-i-gent-gran\\\/professionals-dels-equips-desatar-i-del-grup-abd-ofereixen-formacions-per-a-impulsar-la-transformacio-cap-a-centres-residencials-lliures-de-subjeccions\\\/\"},\"wordCount\":462,\"publisher\":{\"@id\":\"https:\\\/\\\/abd.ong\\\/ca\\\/#organization\"},\"image\":{\"@id\":\"https:\\\/\\\/abd.ong\\\/ca\\\/dependencia-i-gent-gran\\\/professionals-dels-equips-desatar-i-del-grup-abd-ofereixen-formacions-per-a-impulsar-la-transformacio-cap-a-centres-residencials-lliures-de-subjeccions\\\/#primaryimage\"},\"thumbnailUrl\":\"https:\\\/\\\/abd.ong\\\/wp-content\\\/uploads\\\/2025\\\/03\\\/WhatsApp-Image-2025-03-22-at-11.53.24-1.jpeg\",\"keywords\":[\"ABD\",\"Asociaci\u00f3n Bienestar y Desarrollo\",\"centres residencials lliures de subjeccions\",\"CEOMA\",\"Desatar\",\"lliure de subjeccions\",\"persones grans\",\"programa desatar\",\"subjeccions\"],\"articleSection\":[\"Depend\u00e8ncia i gent gran\"],\"inLanguage\":\"ca\"},{\"@type\":\"WebPage\",\"@id\":\"https:\\\/\\\/abd.ong\\\/ca\\\/dependencia-i-gent-gran\\\/professionals-dels-equips-desatar-i-del-grup-abd-ofereixen-formacions-per-a-impulsar-la-transformacio-cap-a-centres-residencials-lliures-de-subjeccions\\\/\",\"url\":\"https:\\\/\\\/abd.ong\\\/ca\\\/dependencia-i-gent-gran\\\/professionals-dels-equips-desatar-i-del-grup-abd-ofereixen-formacions-per-a-impulsar-la-transformacio-cap-a-centres-residencials-lliures-de-subjeccions\\\/\",\"name\":\"Professionals dels equips \u2018Desatar\u2019 i del Grup ABD ofereixen formacions per a impulsar la transformaci\u00f3 cap a centres residencials lliures de subjeccions - ABD\",\"isPartOf\":{\"@id\":\"https:\\\/\\\/abd.ong\\\/ca\\\/#website\"},\"primaryImageOfPage\":{\"@id\":\"https:\\\/\\\/abd.ong\\\/ca\\\/dependencia-i-gent-gran\\\/professionals-dels-equips-desatar-i-del-grup-abd-ofereixen-formacions-per-a-impulsar-la-transformacio-cap-a-centres-residencials-lliures-de-subjeccions\\\/#primaryimage\"},\"image\":{\"@id\":\"https:\\\/\\\/abd.ong\\\/ca\\\/dependencia-i-gent-gran\\\/professionals-dels-equips-desatar-i-del-grup-abd-ofereixen-formacions-per-a-impulsar-la-transformacio-cap-a-centres-residencials-lliures-de-subjeccions\\\/#primaryimage\"},\"thumbnailUrl\":\"https:\\\/\\\/abd.ong\\\/wp-content\\\/uploads\\\/2025\\\/03\\\/WhatsApp-Image-2025-03-22-at-11.53.24-1.jpeg\",\"datePublished\":\"2025-03-26T09:59:35+00:00\",\"dateModified\":\"2025-03-26T10:00:22+00:00\",\"description\":\"Fina Casta\u00f1o i Imma Prim, professionals dels Equips \u2018Desatar\u2019 i de l\u2019Associaci\u00f3 Benestar i Desenvolupament Grup ABD, entitat col\u00b7laboradora de CEOMA\",\"breadcrumb\":{\"@id\":\"https:\\\/\\\/abd.ong\\\/ca\\\/dependencia-i-gent-gran\\\/professionals-dels-equips-desatar-i-del-grup-abd-ofereixen-formacions-per-a-impulsar-la-transformacio-cap-a-centres-residencials-lliures-de-subjeccions\\\/#breadcrumb\"},\"inLanguage\":\"ca\",\"potentialAction\":[{\"@type\":\"ReadAction\",\"target\":[\"https:\\\/\\\/abd.ong\\\/ca\\\/dependencia-i-gent-gran\\\/professionals-dels-equips-desatar-i-del-grup-abd-ofereixen-formacions-per-a-impulsar-la-transformacio-cap-a-centres-residencials-lliures-de-subjeccions\\\/\"]}]},{\"@type\":\"ImageObject\",\"inLanguage\":\"ca\",\"@id\":\"https:\\\/\\\/abd.ong\\\/ca\\\/dependencia-i-gent-gran\\\/professionals-dels-equips-desatar-i-del-grup-abd-ofereixen-formacions-per-a-impulsar-la-transformacio-cap-a-centres-residencials-lliures-de-subjeccions\\\/#primaryimage\",\"url\":\"https:\\\/\\\/abd.ong\\\/wp-content\\\/uploads\\\/2025\\\/03\\\/WhatsApp-Image-2025-03-22-at-11.53.24-1.jpeg\",\"contentUrl\":\"https:\\\/\\\/abd.ong\\\/wp-content\\\/uploads\\\/2025\\\/03\\\/WhatsApp-Image-2025-03-22-at-11.53.24-1.jpeg\",\"width\":1586,\"height\":1600},{\"@type\":\"BreadcrumbList\",\"@id\":\"https:\\\/\\\/abd.ong\\\/ca\\\/dependencia-i-gent-gran\\\/professionals-dels-equips-desatar-i-del-grup-abd-ofereixen-formacions-per-a-impulsar-la-transformacio-cap-a-centres-residencials-lliures-de-subjeccions\\\/#breadcrumb\",\"itemListElement\":[{\"@type\":\"ListItem\",\"position\":1,\"name\":\"Inici\",\"item\":\"https:\\\/\\\/abd.ong\\\/ca\\\/\"},{\"@type\":\"ListItem\",\"position\":2,\"name\":\"Professionals dels equips \u2018Desatar\u2019 i del Grup ABD ofereixen formacions per a impulsar la transformaci\u00f3 cap a centres residencials lliures de subjeccions\"}]},{\"@type\":\"WebSite\",\"@id\":\"https:\\\/\\\/abd.ong\\\/ca\\\/#website\",\"url\":\"https:\\\/\\\/abd.ong\\\/ca\\\/\",\"name\":\"ABD\",\"description\":\"Asociaci\u00f3n Bienestar y Desarrollo\",\"publisher\":{\"@id\":\"https:\\\/\\\/abd.ong\\\/ca\\\/#organization\"},\"potentialAction\":[{\"@type\":\"SearchAction\",\"target\":{\"@type\":\"EntryPoint\",\"urlTemplate\":\"https:\\\/\\\/abd.ong\\\/ca\\\/?s={search_term_string}\"},\"query-input\":{\"@type\":\"PropertyValueSpecification\",\"valueRequired\":true,\"valueName\":\"search_term_string\"}}],\"inLanguage\":\"ca\"},{\"@type\":\"Organization\",\"@id\":\"https:\\\/\\\/abd.ong\\\/ca\\\/#organization\",\"name\":\"Associaci\u00f3 Benestar i Desenvolupament\",\"alternateName\":\"ABD\",\"url\":\"https:\\\/\\\/abd.ong\\\/ca\\\/\",\"logo\":{\"@type\":\"ImageObject\",\"inLanguage\":\"ca\",\"@id\":\"https:\\\/\\\/abd.ong\\\/ca\\\/#\\\/schema\\\/logo\\\/image\\\/\",\"url\":\"https:\\\/\\\/abd.ong\\\/wp-content\\\/uploads\\\/2023\\\/01\\\/Icona.png\",\"contentUrl\":\"https:\\\/\\\/abd.ong\\\/wp-content\\\/uploads\\\/2023\\\/01\\\/Icona.png\",\"width\":190,\"height\":187,\"caption\":\"Associaci\u00f3 Benestar i Desenvolupament\"},\"image\":{\"@id\":\"https:\\\/\\\/abd.ong\\\/ca\\\/#\\\/schema\\\/logo\\\/image\\\/\"},\"sameAs\":[\"https:\\\/\\\/www.facebook.com\\\/abd.ong\",\"https:\\\/\\\/x.com\\\/abd_ong\",\"https:\\\/\\\/www.instagram.com\\\/abd_ong\\\/\",\"https:\\\/\\\/www.linkedin.com\\\/company\\\/abdong\",\"https:\\\/\\\/www.youtube.com\\\/user\\\/CANALABD\"]},{\"@type\":\"Person\",\"@id\":\"https:\\\/\\\/abd.ong\\\/ca\\\/#\\\/schema\\\/person\\\/d0f5fe279a7ad908de6a6d1332bfd7d8\",\"name\":\"Enric Guinart\"}]}<\/script>\n<!-- \/ Yoast SEO plugin. -->","yoast_head_json":{"title":"Professionals dels equips \u2018Desatar\u2019 i del Grup ABD ofereixen formacions per a impulsar la transformaci\u00f3 cap a centres residencials lliures de subjeccions - ABD","description":"Fina Casta\u00f1o i Imma Prim, professionals dels Equips \u2018Desatar\u2019 i de l\u2019Associaci\u00f3 Benestar i Desenvolupament Grup ABD, entitat col\u00b7laboradora de CEOMA","robots":{"index":"index","follow":"follow","max-snippet":"max-snippet:-1","max-image-preview":"max-image-preview:large","max-video-preview":"max-video-preview:-1"},"canonical":"https:\/\/abd.ong\/ca\/dependencia-i-gent-gran\/professionals-dels-equips-desatar-i-del-grup-abd-ofereixen-formacions-per-a-impulsar-la-transformacio-cap-a-centres-residencials-lliures-de-subjeccions\/","og_locale":"ca_ES","og_type":"article","og_title":"Professionals dels equips \u2018Desatar\u2019 i del Grup ABD ofereixen formacions per a impulsar la transformaci\u00f3 cap a centres residencials lliures de subjeccions - ABD","og_description":"Fina Casta\u00f1o i Imma Prim, professionals dels Equips \u2018Desatar\u2019 i de l\u2019Associaci\u00f3 Benestar i Desenvolupament Grup ABD, entitat col\u00b7laboradora de CEOMA","og_url":"https:\/\/abd.ong\/ca\/dependencia-i-gent-gran\/professionals-dels-equips-desatar-i-del-grup-abd-ofereixen-formacions-per-a-impulsar-la-transformacio-cap-a-centres-residencials-lliures-de-subjeccions\/","og_site_name":"ABD","article_publisher":"https:\/\/www.facebook.com\/abd.ong","article_published_time":"2025-03-26T09:59:35+00:00","article_modified_time":"2025-03-26T10:00:22+00:00","og_image":[{"width":1586,"height":1600,"url":"https:\/\/abd.ong\/wp-content\/uploads\/2025\/03\/WhatsApp-Image-2025-03-22-at-11.53.24-1.jpeg","type":"image\/jpeg"}],"author":"Enric Guinart","twitter_card":"summary_large_image","twitter_creator":"@abd_ong","twitter_site":"@abd_ong","twitter_misc":{"Escrit per":"Enric Guinart","Temps estimat de lectura":"3 minuts"},"schema":{"@context":"https:\/\/schema.org","@graph":[{"@type":"Article","@id":"https:\/\/abd.ong\/ca\/dependencia-i-gent-gran\/professionals-dels-equips-desatar-i-del-grup-abd-ofereixen-formacions-per-a-impulsar-la-transformacio-cap-a-centres-residencials-lliures-de-subjeccions\/#article","isPartOf":{"@id":"https:\/\/abd.ong\/ca\/dependencia-i-gent-gran\/professionals-dels-equips-desatar-i-del-grup-abd-ofereixen-formacions-per-a-impulsar-la-transformacio-cap-a-centres-residencials-lliures-de-subjeccions\/"},"author":{"name":"Enric Guinart","@id":"https:\/\/abd.ong\/ca\/#\/schema\/person\/d0f5fe279a7ad908de6a6d1332bfd7d8"},"headline":"Professionals dels equips \u2018Desatar\u2019 i del Grup ABD ofereixen formacions per a impulsar la transformaci\u00f3 cap a centres residencials lliures de subjeccions","datePublished":"2025-03-26T09:59:35+00:00","dateModified":"2025-03-26T10:00:22+00:00","mainEntityOfPage":{"@id":"https:\/\/abd.ong\/ca\/dependencia-i-gent-gran\/professionals-dels-equips-desatar-i-del-grup-abd-ofereixen-formacions-per-a-impulsar-la-transformacio-cap-a-centres-residencials-lliures-de-subjeccions\/"},"wordCount":462,"publisher":{"@id":"https:\/\/abd.ong\/ca\/#organization"},"image":{"@id":"https:\/\/abd.ong\/ca\/dependencia-i-gent-gran\/professionals-dels-equips-desatar-i-del-grup-abd-ofereixen-formacions-per-a-impulsar-la-transformacio-cap-a-centres-residencials-lliures-de-subjeccions\/#primaryimage"},"thumbnailUrl":"https:\/\/abd.ong\/wp-content\/uploads\/2025\/03\/WhatsApp-Image-2025-03-22-at-11.53.24-1.jpeg","keywords":["ABD","Asociaci\u00f3n Bienestar y Desarrollo","centres residencials lliures de subjeccions","CEOMA","Desatar","lliure de subjeccions","persones grans","programa desatar","subjeccions"],"articleSection":["Depend\u00e8ncia i gent gran"],"inLanguage":"ca"},{"@type":"WebPage","@id":"https:\/\/abd.ong\/ca\/dependencia-i-gent-gran\/professionals-dels-equips-desatar-i-del-grup-abd-ofereixen-formacions-per-a-impulsar-la-transformacio-cap-a-centres-residencials-lliures-de-subjeccions\/","url":"https:\/\/abd.ong\/ca\/dependencia-i-gent-gran\/professionals-dels-equips-desatar-i-del-grup-abd-ofereixen-formacions-per-a-impulsar-la-transformacio-cap-a-centres-residencials-lliures-de-subjeccions\/","name":"Professionals dels equips \u2018Desatar\u2019 i del Grup ABD ofereixen formacions per a impulsar la transformaci\u00f3 cap a centres residencials lliures de subjeccions - ABD","isPartOf":{"@id":"https:\/\/abd.ong\/ca\/#website"},"primaryImageOfPage":{"@id":"https:\/\/abd.ong\/ca\/dependencia-i-gent-gran\/professionals-dels-equips-desatar-i-del-grup-abd-ofereixen-formacions-per-a-impulsar-la-transformacio-cap-a-centres-residencials-lliures-de-subjeccions\/#primaryimage"},"image":{"@id":"https:\/\/abd.ong\/ca\/dependencia-i-gent-gran\/professionals-dels-equips-desatar-i-del-grup-abd-ofereixen-formacions-per-a-impulsar-la-transformacio-cap-a-centres-residencials-lliures-de-subjeccions\/#primaryimage"},"thumbnailUrl":"https:\/\/abd.ong\/wp-content\/uploads\/2025\/03\/WhatsApp-Image-2025-03-22-at-11.53.24-1.jpeg","datePublished":"2025-03-26T09:59:35+00:00","dateModified":"2025-03-26T10:00:22+00:00","description":"Fina Casta\u00f1o i Imma Prim, professionals dels Equips \u2018Desatar\u2019 i de l\u2019Associaci\u00f3 Benestar i Desenvolupament Grup ABD, entitat col\u00b7laboradora de CEOMA","breadcrumb":{"@id":"https:\/\/abd.ong\/ca\/dependencia-i-gent-gran\/professionals-dels-equips-desatar-i-del-grup-abd-ofereixen-formacions-per-a-impulsar-la-transformacio-cap-a-centres-residencials-lliures-de-subjeccions\/#breadcrumb"},"inLanguage":"ca","potentialAction":[{"@type":"ReadAction","target":["https:\/\/abd.ong\/ca\/dependencia-i-gent-gran\/professionals-dels-equips-desatar-i-del-grup-abd-ofereixen-formacions-per-a-impulsar-la-transformacio-cap-a-centres-residencials-lliures-de-subjeccions\/"]}]},{"@type":"ImageObject","inLanguage":"ca","@id":"https:\/\/abd.ong\/ca\/dependencia-i-gent-gran\/professionals-dels-equips-desatar-i-del-grup-abd-ofereixen-formacions-per-a-impulsar-la-transformacio-cap-a-centres-residencials-lliures-de-subjeccions\/#primaryimage","url":"https:\/\/abd.ong\/wp-content\/uploads\/2025\/03\/WhatsApp-Image-2025-03-22-at-11.53.24-1.jpeg","contentUrl":"https:\/\/abd.ong\/wp-content\/uploads\/2025\/03\/WhatsApp-Image-2025-03-22-at-11.53.24-1.jpeg","width":1586,"height":1600},{"@type":"BreadcrumbList","@id":"https:\/\/abd.ong\/ca\/dependencia-i-gent-gran\/professionals-dels-equips-desatar-i-del-grup-abd-ofereixen-formacions-per-a-impulsar-la-transformacio-cap-a-centres-residencials-lliures-de-subjeccions\/#breadcrumb","itemListElement":[{"@type":"ListItem","position":1,"name":"Inici","item":"https:\/\/abd.ong\/ca\/"},{"@type":"ListItem","position":2,"name":"Professionals dels equips \u2018Desatar\u2019 i del Grup ABD ofereixen formacions per a impulsar la transformaci\u00f3 cap a centres residencials lliures de subjeccions"}]},{"@type":"WebSite","@id":"https:\/\/abd.ong\/ca\/#website","url":"https:\/\/abd.ong\/ca\/","name":"ABD","description":"Asociaci\u00f3n Bienestar y Desarrollo","publisher":{"@id":"https:\/\/abd.ong\/ca\/#organization"},"potentialAction":[{"@type":"SearchAction","target":{"@type":"EntryPoint","urlTemplate":"https:\/\/abd.ong\/ca\/?s={search_term_string}"},"query-input":{"@type":"PropertyValueSpecification","valueRequired":true,"valueName":"search_term_string"}}],"inLanguage":"ca"},{"@type":"Organization","@id":"https:\/\/abd.ong\/ca\/#organization","name":"Associaci\u00f3 Benestar i Desenvolupament","alternateName":"ABD","url":"https:\/\/abd.ong\/ca\/","logo":{"@type":"ImageObject","inLanguage":"ca","@id":"https:\/\/abd.ong\/ca\/#\/schema\/logo\/image\/","url":"https:\/\/abd.ong\/wp-content\/uploads\/2023\/01\/Icona.png","contentUrl":"https:\/\/abd.ong\/wp-content\/uploads\/2023\/01\/Icona.png","width":190,"height":187,"caption":"Associaci\u00f3 Benestar i Desenvolupament"},"image":{"@id":"https:\/\/abd.ong\/ca\/#\/schema\/logo\/image\/"},"sameAs":["https:\/\/www.facebook.com\/abd.ong","https:\/\/x.com\/abd_ong","https:\/\/www.instagram.com\/abd_ong\/","https:\/\/www.linkedin.com\/company\/abdong","https:\/\/www.youtube.com\/user\/CANALABD"]},{"@type":"Person","@id":"https:\/\/abd.ong\/ca\/#\/schema\/person\/d0f5fe279a7ad908de6a6d1332bfd7d8","name":"Enric Guinart"}]}},"_links":{"self":[{"href":"https:\/\/abd.ong\/ca\/wp-json\/wp\/v2\/posts\/168175","targetHints":{"allow":["GET"]}}],"collection":[{"href":"https:\/\/abd.ong\/ca\/wp-json\/wp\/v2\/posts"}],"about":[{"href":"https:\/\/abd.ong\/ca\/wp-json\/wp\/v2\/types\/post"}],"author":[{"embeddable":true,"href":"https:\/\/abd.ong\/ca\/wp-json\/wp\/v2\/users\/2"}],"replies":[{"embeddable":true,"href":"https:\/\/abd.ong\/ca\/wp-json\/wp\/v2\/comments?post=168175"}],"version-history":[{"count":1,"href":"https:\/\/abd.ong\/ca\/wp-json\/wp\/v2\/posts\/168175\/revisions"}],"predecessor-version":[{"id":168176,"href":"https:\/\/abd.ong\/ca\/wp-json\/wp\/v2\/posts\/168175\/revisions\/168176"}],"wp:featuredmedia":[{"embeddable":true,"href":"https:\/\/abd.ong\/ca\/wp-json\/wp\/v2\/media\/168158"}],"wp:attachment":[{"href":"https:\/\/abd.ong\/ca\/wp-json\/wp\/v2\/media?parent=168175"}],"wp:term":[{"taxonomy":"category","embeddable":true,"href":"https:\/\/abd.ong\/ca\/wp-json\/wp\/v2\/categories?post=168175"},{"taxonomy":"post_tag","embeddable":true,"href":"https:\/\/abd.ong\/ca\/wp-json\/wp\/v2\/tags?post=168175"}],"curies":[{"name":"wp","href":"https:\/\/api.w.org\/{rel}","templated":true}]}}