{"id":168039,"date":"2025-03-24T17:08:55","date_gmt":"2025-03-24T16:08:55","guid":{"rendered":"https:\/\/abd.ong\/?p=168039"},"modified":"2026-03-30T12:27:02","modified_gmt":"2026-03-30T10:27:02","slug":"el-grup-abd-i-la-uab-suneixen-per-crear-una-microcredencial-pionera-per-enfortir-les-competencies-dels-professionals-en-lambit-de-la-direccio-de-serveis","status":"publish","type":"post","link":"https:\/\/abd.ong\/ca\/general-ca\/el-grup-abd-i-la-uab-suneixen-per-crear-una-microcredencial-pionera-per-enfortir-les-competencies-dels-professionals-en-lambit-de-la-direccio-de-serveis\/","title":{"rendered":"El Grup ABD i la UAB s&#8217;uneixen per crear una microcredencial pionera per enfortir les compet\u00e8ncies dels professionals en l&#8217;\u00e0mbit de la direcci\u00f3 de serveis"},"content":{"rendered":"\n<div style=\"height:50px\" aria-hidden=\"true\" class=\"wp-block-spacer\"><\/div>\n\n\n\n<h4 class=\"wp-block-heading\">Aquesta alian\u00e7a demostra el comprom\u00eds de totes dues institucions amb la innovaci\u00f3 educativa i la resposta \u00e0gil a les necessitats del sector social<\/h4>\n\n\n\n<div style=\"height:50px\" aria-hidden=\"true\" class=\"wp-block-spacer\"><\/div>\n\n\n\n<p>El Grup ABD, en col\u00b7laboraci\u00f3 amb la Universitat Aut\u00f2noma de Barcelona (UAB), ha desenvolupat un innovador programa de formaci\u00f3 en gesti\u00f3 de serveis socials, sanitaris i comunitaris (UPSKILL). Aquesta formaci\u00f3, la primera microcredencial posada en marxa per la UAB, ha estat codissenyada juntament amb ABD per enfortir les compet\u00e8ncies dels professionals en l&#8217;\u00e0mbit de la direcci\u00f3 i coordinaci\u00f3 de projectes socials<\/p>\n\n\n\n<p>Aquesta iniciativa s&#8217;emmarca dins d&#8217;una relaci\u00f3 de diversos anys entre ABD i el consorci universitari europeu ECIU, del qual forma part la UAB. Des de fa quatre o cinc anys, ABD ha tingut l&#8217;oportunitat d&#8217;integrar-se en la junta directiva de l&#8217;ECIU com a stakeholder social. Gr\u00e0cies a aquesta col\u00b7laboraci\u00f3, s&#8217;han generat diverses oportunitats de treball conjunt en l&#8217;\u00e0mbit de la innovaci\u00f3 i la formaci\u00f3<\/p>\n\n\n\n<div style=\"height:50px\" aria-hidden=\"true\" class=\"wp-block-spacer\"><\/div>\n\n\n\n<h4 class=\"wp-block-heading\">Identificaci\u00f3 d&#8217;una necessitat clau: Enfortiment del lideratge<\/h4>\n\n\n\n<div style=\"height:50px\" aria-hidden=\"true\" class=\"wp-block-spacer\"><\/div>\n\n\n\n<p>El desenvolupament d&#8217;aquest curs respon a una necessitat identificada dins d&#8217;ABD: millorar les compet\u00e8ncies de lideratge en el segon nivell de direcci\u00f3. Aquest grup est\u00e0 compost per professionals que coordinen projectes amb equips de diverses dimensions i que, tot i comptar amb una s\u00f2lida formaci\u00f3 t\u00e8cnica en \u00e0rees com inf\u00e0ncia, fam\u00edlia, viol\u00e8ncia de g\u00e8nere, migraci\u00f3, pobresa, atenci\u00f3 a persones grans i discapacitat, requereixen d&#8217;eines de gesti\u00f3 per optimitzar el seu rendiment.<\/p>\n\n\n\n<p>La gesti\u00f3 d&#8217;equips involucra l&#8217;administraci\u00f3 de recursos humans, financers i organitzatius, aix\u00ed com l&#8217;alineaci\u00f3 amb l&#8217;estrat\u00e8gia de l&#8217;entitat per a la consecuci\u00f3 de resultats. Per aix\u00f2, aquesta formaci\u00f3 busca dotar als participants d&#8217;habilitats essencials per liderar amb \u00e8xit dins del sector social.<\/p>\n\n\n\n<div style=\"height:50px\" aria-hidden=\"true\" class=\"wp-block-spacer\"><\/div>\n\n\n\n<h4 class=\"wp-block-heading\">Disseny de la formaci\u00f3: Un programa a mida<\/h4>\n\n\n\n<div style=\"height:50px\" aria-hidden=\"true\" class=\"wp-block-spacer\"><\/div>\n\n\n\n<p>Gr\u00e0cies a la col\u00b7laboraci\u00f3 amb la UAB, aquest curs ha estat dissenyat amb un enfocament pr\u00e0ctic i adaptat al context d&#8217;ABD. La certificaci\u00f3 universit\u00e0ria del programa refor\u00e7a el seu valor i garanteix la seva aplicabilitat en l&#8217;\u00e0mbit professional. Des de l&#8217;inici, s&#8217;ha treballat en personalitzar els continguts de la formaci\u00f3, assegurant que responguin a les necessitats reals dels participants.<\/p>\n\n\n\n<p>Un grup motor ha estat responsable del disseny dels m\u00f2duls i microcredencials que conformen el curs. Aquestes microcredencials permetran als alumnes adquirir compet\u00e8ncies espec\u00edfiques i comptar amb un suport acad\u00e8mic que els faciliti el seu desenvolupament professional.<\/p>\n\n\n\n<div style=\"height:50px\" aria-hidden=\"true\" class=\"wp-block-spacer\"><\/div>\n\n\n\n<h4 class=\"wp-block-heading\">Una microcredencial pionera a la UAB<\/h4>\n\n\n\n<div style=\"height:50px\" aria-hidden=\"true\" class=\"wp-block-spacer\"><\/div>\n\n\n\n<p>La implementaci\u00f3 d&#8217;aquesta microcredencial forma part del pla MicrocredCAT, promogut pel Ministeri d&#8217;Universitats, la qual cosa refor\u00e7a la seva import\u00e0ncia dins del nou paradigma de formaci\u00f3 flexible i certificada. ABD ha estat una de les primeres entitats en treballar amb la UAB per dissenyar un programa que combina rigor acad\u00e8mic amb aplicabilitat pr\u00e0ctica, assegurant que els professionals puguin desenvolupar compet\u00e8ncies essencials de gesti\u00f3 i lideratge.<\/p>\n\n\n\n<div style=\"height:50px\" aria-hidden=\"true\" class=\"wp-block-spacer\"><\/div>\n\n\n\n<h4 class=\"wp-block-heading\">Una oportunitat de creixement professional<\/h4>\n\n\n\n<div style=\"height:50px\" aria-hidden=\"true\" class=\"wp-block-spacer\"><\/div>\n\n\n\n<p>El curs s&#8217;ha iniciat amb 80 professionals d&#8217;ABD, distribu\u00efts en diferents regions d&#8217;Espanya: 20 a Madrid, 60 a Catalunya i alguns en altres comunitats com Andalusia, Illes Balears i Castella i Lle\u00f3. Els participants tindran la possibilitat de cursar m\u00f2duls individuals o completar la formaci\u00f3 completa fins a arribar a un postgrau. La formaci\u00f3 comptar\u00e0 amb docents altament qualificats de la UAB, qui han assumit aquest repte amb un alt grau de professionalisme.<\/p>\n\n\n\n<p>En les primeres sessions presencials, que s&#8217;han realitzat a Barcelona el 18 de mar\u00e7 i a Madrid el 20 de mar\u00e7, l&#8217;alta direcci\u00f3 d&#8217;ABD ha estat present per refor\u00e7ar la import\u00e0ncia del programa i el seu impacte en l&#8217;organitzaci\u00f3. En aquest sentit, la gerent del Grup ABD, <strong>\u00c0ngels Guiteras<\/strong>, s&#8217;ha mostrat especialment satisfeta per la posada en marxa d&#8217;una formaci\u00f3 que permetr\u00e0 <em>&#8220;millorar les compet\u00e8ncies i el lideratge dels equips per tenir m\u00e9s impacte en el seu treball i, en conseq\u00fc\u00e8ncia, millorar l&#8217;acompanyament a les persones usu\u00e0ries&#8221;<\/em>. Guiteras tamb\u00e9 ha ressaltat la import\u00e0ncia de complementar les compet\u00e8ncies t\u00e8cniques amb compet\u00e8ncies de gesti\u00f3 i direcci\u00f3 i ha destacat la singularitat d&#8217;ABD com a entitat del tercer sector social.<\/p>\n\n\n\n<p>Per la seva banda, la presidenta del Grup ABD, <strong>Felisa P\u00e9rez<\/strong>, ha fet un rep\u00e0s als 44 anys d&#8217;hist\u00f2ria de l&#8217;entitat fent \u00e8mfasi en el model propi d&#8217;intervenci\u00f3 integral i comunitari, aix\u00ed com de la rellev\u00e0ncia del voluntariat: <em>&#8220;No nom\u00e9s gestionem serveis d&#8217;atenci\u00f3 a les persones sin\u00f3 que tamb\u00e9 detectem les necessitats socials, creem estrat\u00e8gies per donar-les resposta i vetllem pels drets de les persones que atenem&#8221;<\/em>. Ambdues directives van coincidir que enfortint el sistema de gesti\u00f3, el present i el futur de l&#8217;organitzaci\u00f3 est\u00e0 assegurat.<\/p>\n\n\n\n<p>Aquest curs representa un punt d&#8217;inflexi\u00f3 en la gesti\u00f3 dels serveis socials d&#8217;ABD, i la seva implementaci\u00f3 s&#8217;aligna amb la missi\u00f3 de l&#8217;entitat de millorar la qualitat de vida de les persones a trav\u00e9s d&#8217;una atenci\u00f3 professional i efectiva.<\/p>\n\n\n\n<div style=\"height:100px\" aria-hidden=\"true\" class=\"wp-block-spacer\"><\/div>\n\n\n\n<figure class=\"wp-block-gallery has-nested-images columns-default is-cropped wp-block-gallery-2 is-layout-flex wp-block-gallery-is-layout-flex\">\n<figure class=\"wp-block-image size-large\"><img fetchpriority=\"high\" decoding=\"async\" width=\"1024\" height=\"893\" data-id=\"168048\" src=\"https:\/\/abd.ong\/wp-content\/uploads\/2025\/03\/WhatsApp-Image-2025-03-20-at-11.39.41-1-1024x893.jpeg\" alt=\"\" class=\"wp-image-168048\" srcset=\"https:\/\/abd.ong\/wp-content\/uploads\/2025\/03\/WhatsApp-Image-2025-03-20-at-11.39.41-1-1024x893.jpeg 1024w, https:\/\/abd.ong\/wp-content\/uploads\/2025\/03\/WhatsApp-Image-2025-03-20-at-11.39.41-1-300x261.jpeg 300w, https:\/\/abd.ong\/wp-content\/uploads\/2025\/03\/WhatsApp-Image-2025-03-20-at-11.39.41-1-768x669.jpeg 768w, https:\/\/abd.ong\/wp-content\/uploads\/2025\/03\/WhatsApp-Image-2025-03-20-at-11.39.41-1-1536x1339.jpeg 1536w, https:\/\/abd.ong\/wp-content\/uploads\/2025\/03\/WhatsApp-Image-2025-03-20-at-11.39.41-1.jpeg 2048w\" sizes=\"(max-width: 1024px) 100vw, 1024px\" \/><\/figure>\n\n\n\n<figure class=\"wp-block-image size-large\"><img decoding=\"async\" width=\"768\" height=\"1024\" data-id=\"168077\" src=\"https:\/\/abd.ong\/wp-content\/uploads\/2025\/03\/WhatsApp-Image-2025-03-20-at-11.39.18-3-768x1024.jpeg\" alt=\"\" class=\"wp-image-168077\" srcset=\"https:\/\/abd.ong\/wp-content\/uploads\/2025\/03\/WhatsApp-Image-2025-03-20-at-11.39.18-3-768x1024.jpeg 768w, https:\/\/abd.ong\/wp-content\/uploads\/2025\/03\/WhatsApp-Image-2025-03-20-at-11.39.18-3-225x300.jpeg 225w, https:\/\/abd.ong\/wp-content\/uploads\/2025\/03\/WhatsApp-Image-2025-03-20-at-11.39.18-3-1152x1536.jpeg 1152w, https:\/\/abd.ong\/wp-content\/uploads\/2025\/03\/WhatsApp-Image-2025-03-20-at-11.39.18-3.jpeg 1536w\" sizes=\"(max-width: 768px) 100vw, 768px\" \/><\/figure>\n\n\n\n<figure class=\"wp-block-image size-large\"><img decoding=\"async\" width=\"768\" height=\"1024\" data-id=\"168095\" src=\"https:\/\/abd.ong\/wp-content\/uploads\/2025\/03\/WhatsApp-Image-2025-03-20-at-11.39.17-1-768x1024.jpeg\" alt=\"\" class=\"wp-image-168095\" srcset=\"https:\/\/abd.ong\/wp-content\/uploads\/2025\/03\/WhatsApp-Image-2025-03-20-at-11.39.17-1-768x1024.jpeg 768w, https:\/\/abd.ong\/wp-content\/uploads\/2025\/03\/WhatsApp-Image-2025-03-20-at-11.39.17-1-225x300.jpeg 225w, https:\/\/abd.ong\/wp-content\/uploads\/2025\/03\/WhatsApp-Image-2025-03-20-at-11.39.17-1-1152x1536.jpeg 1152w, https:\/\/abd.ong\/wp-content\/uploads\/2025\/03\/WhatsApp-Image-2025-03-20-at-11.39.17-1.jpeg 1536w\" sizes=\"(max-width: 768px) 100vw, 768px\" \/><\/figure>\n\n\n\n<figure class=\"wp-block-image size-large\"><img loading=\"lazy\" decoding=\"async\" width=\"1024\" height=\"768\" data-id=\"168049\" src=\"https:\/\/abd.ong\/wp-content\/uploads\/2025\/03\/WhatsApp-Image-2025-03-24-at-14.42.59-1024x768.jpeg\" alt=\"\" class=\"wp-image-168049\" srcset=\"https:\/\/abd.ong\/wp-content\/uploads\/2025\/03\/WhatsApp-Image-2025-03-24-at-14.42.59-1024x768.jpeg 1024w, https:\/\/abd.ong\/wp-content\/uploads\/2025\/03\/WhatsApp-Image-2025-03-24-at-14.42.59-300x225.jpeg 300w, https:\/\/abd.ong\/wp-content\/uploads\/2025\/03\/WhatsApp-Image-2025-03-24-at-14.42.59-768x576.jpeg 768w, https:\/\/abd.ong\/wp-content\/uploads\/2025\/03\/WhatsApp-Image-2025-03-24-at-14.42.59-1536x1152.jpeg 1536w, https:\/\/abd.ong\/wp-content\/uploads\/2025\/03\/WhatsApp-Image-2025-03-24-at-14.42.59.jpeg 2048w\" sizes=\"(max-width: 1024px) 100vw, 1024px\" \/><\/figure>\n\n\n\n<figure class=\"wp-block-image size-large\"><img loading=\"lazy\" decoding=\"async\" width=\"1024\" height=\"768\" data-id=\"168053\" src=\"https:\/\/abd.ong\/wp-content\/uploads\/2025\/03\/WhatsApp-Image-2025-03-24-at-14.42.27-2-1024x768.jpeg\" alt=\"\" class=\"wp-image-168053\" srcset=\"https:\/\/abd.ong\/wp-content\/uploads\/2025\/03\/WhatsApp-Image-2025-03-24-at-14.42.27-2-1024x768.jpeg 1024w, https:\/\/abd.ong\/wp-content\/uploads\/2025\/03\/WhatsApp-Image-2025-03-24-at-14.42.27-2-300x225.jpeg 300w, https:\/\/abd.ong\/wp-content\/uploads\/2025\/03\/WhatsApp-Image-2025-03-24-at-14.42.27-2-768x576.jpeg 768w, https:\/\/abd.ong\/wp-content\/uploads\/2025\/03\/WhatsApp-Image-2025-03-24-at-14.42.27-2-1536x1152.jpeg 1536w, https:\/\/abd.ong\/wp-content\/uploads\/2025\/03\/WhatsApp-Image-2025-03-24-at-14.42.27-2.jpeg 2048w\" sizes=\"(max-width: 1024px) 100vw, 1024px\" \/><\/figure>\n\n\n\n<figure class=\"wp-block-image size-large\"><img loading=\"lazy\" decoding=\"async\" width=\"1024\" height=\"768\" data-id=\"168075\" src=\"https:\/\/abd.ong\/wp-content\/uploads\/2025\/03\/WhatsApp-Image-2025-03-24-at-14.42.27-1-1024x768.jpeg\" alt=\"\" class=\"wp-image-168075\" srcset=\"https:\/\/abd.ong\/wp-content\/uploads\/2025\/03\/WhatsApp-Image-2025-03-24-at-14.42.27-1-1024x768.jpeg 1024w, https:\/\/abd.ong\/wp-content\/uploads\/2025\/03\/WhatsApp-Image-2025-03-24-at-14.42.27-1-300x225.jpeg 300w, https:\/\/abd.ong\/wp-content\/uploads\/2025\/03\/WhatsApp-Image-2025-03-24-at-14.42.27-1-768x576.jpeg 768w, https:\/\/abd.ong\/wp-content\/uploads\/2025\/03\/WhatsApp-Image-2025-03-24-at-14.42.27-1-1536x1152.jpeg 1536w, https:\/\/abd.ong\/wp-content\/uploads\/2025\/03\/WhatsApp-Image-2025-03-24-at-14.42.27-1.jpeg 2048w\" sizes=\"(max-width: 1024px) 100vw, 1024px\" \/><\/figure>\n\n\n\n<figure class=\"wp-block-image size-large\"><img loading=\"lazy\" decoding=\"async\" width=\"1024\" height=\"768\" data-id=\"168070\" src=\"https:\/\/abd.ong\/wp-content\/uploads\/2025\/03\/WhatsApp-Image-2025-03-24-at-14.42.27-1024x768.jpeg\" alt=\"\" class=\"wp-image-168070\" srcset=\"https:\/\/abd.ong\/wp-content\/uploads\/2025\/03\/WhatsApp-Image-2025-03-24-at-14.42.27-1024x768.jpeg 1024w, https:\/\/abd.ong\/wp-content\/uploads\/2025\/03\/WhatsApp-Image-2025-03-24-at-14.42.27-300x225.jpeg 300w, https:\/\/abd.ong\/wp-content\/uploads\/2025\/03\/WhatsApp-Image-2025-03-24-at-14.42.27-768x576.jpeg 768w, https:\/\/abd.ong\/wp-content\/uploads\/2025\/03\/WhatsApp-Image-2025-03-24-at-14.42.27-1536x1152.jpeg 1536w, https:\/\/abd.ong\/wp-content\/uploads\/2025\/03\/WhatsApp-Image-2025-03-24-at-14.42.27.jpeg 2048w\" sizes=\"(max-width: 1024px) 100vw, 1024px\" \/><\/figure>\n\n\n\n<figure class=\"wp-block-image size-large\"><img loading=\"lazy\" decoding=\"async\" width=\"1024\" height=\"768\" data-id=\"168100\" src=\"https:\/\/abd.ong\/wp-content\/uploads\/2025\/03\/WhatsApp-Image-2025-03-24-at-14.42.26-6-1024x768.jpeg\" alt=\"\" class=\"wp-image-168100\" srcset=\"https:\/\/abd.ong\/wp-content\/uploads\/2025\/03\/WhatsApp-Image-2025-03-24-at-14.42.26-6-1024x768.jpeg 1024w, https:\/\/abd.ong\/wp-content\/uploads\/2025\/03\/WhatsApp-Image-2025-03-24-at-14.42.26-6-300x225.jpeg 300w, https:\/\/abd.ong\/wp-content\/uploads\/2025\/03\/WhatsApp-Image-2025-03-24-at-14.42.26-6-768x576.jpeg 768w, https:\/\/abd.ong\/wp-content\/uploads\/2025\/03\/WhatsApp-Image-2025-03-24-at-14.42.26-6-1536x1152.jpeg 1536w, https:\/\/abd.ong\/wp-content\/uploads\/2025\/03\/WhatsApp-Image-2025-03-24-at-14.42.26-6.jpeg 2048w\" sizes=\"(max-width: 1024px) 100vw, 1024px\" \/><\/figure>\n\n\n\n<figure class=\"wp-block-image size-large\"><img loading=\"lazy\" decoding=\"async\" width=\"1024\" height=\"768\" data-id=\"168063\" src=\"https:\/\/abd.ong\/wp-content\/uploads\/2025\/03\/WhatsApp-Image-2025-03-24-at-14.42.26-4-1024x768.jpeg\" alt=\"\" class=\"wp-image-168063\" srcset=\"https:\/\/abd.ong\/wp-content\/uploads\/2025\/03\/WhatsApp-Image-2025-03-24-at-14.42.26-4-1024x768.jpeg 1024w, https:\/\/abd.ong\/wp-content\/uploads\/2025\/03\/WhatsApp-Image-2025-03-24-at-14.42.26-4-300x225.jpeg 300w, https:\/\/abd.ong\/wp-content\/uploads\/2025\/03\/WhatsApp-Image-2025-03-24-at-14.42.26-4-768x576.jpeg 768w, https:\/\/abd.ong\/wp-content\/uploads\/2025\/03\/WhatsApp-Image-2025-03-24-at-14.42.26-4-1536x1152.jpeg 1536w, https:\/\/abd.ong\/wp-content\/uploads\/2025\/03\/WhatsApp-Image-2025-03-24-at-14.42.26-4.jpeg 2048w\" sizes=\"(max-width: 1024px) 100vw, 1024px\" \/><\/figure>\n\n\n\n<figure class=\"wp-block-image size-large\"><img loading=\"lazy\" decoding=\"async\" width=\"1024\" height=\"768\" data-id=\"168093\" src=\"https:\/\/abd.ong\/wp-content\/uploads\/2025\/03\/WhatsApp-Image-2025-03-24-at-14.42.26-3-1024x768.jpeg\" alt=\"\" class=\"wp-image-168093\" srcset=\"https:\/\/abd.ong\/wp-content\/uploads\/2025\/03\/WhatsApp-Image-2025-03-24-at-14.42.26-3-1024x768.jpeg 1024w, https:\/\/abd.ong\/wp-content\/uploads\/2025\/03\/WhatsApp-Image-2025-03-24-at-14.42.26-3-300x225.jpeg 300w, https:\/\/abd.ong\/wp-content\/uploads\/2025\/03\/WhatsApp-Image-2025-03-24-at-14.42.26-3-768x576.jpeg 768w, https:\/\/abd.ong\/wp-content\/uploads\/2025\/03\/WhatsApp-Image-2025-03-24-at-14.42.26-3-1536x1152.jpeg 1536w, https:\/\/abd.ong\/wp-content\/uploads\/2025\/03\/WhatsApp-Image-2025-03-24-at-14.42.26-3.jpeg 2048w\" sizes=\"(max-width: 1024px) 100vw, 1024px\" \/><\/figure>\n\n\n\n<figure class=\"wp-block-image size-large\"><img loading=\"lazy\" decoding=\"async\" width=\"1024\" height=\"768\" data-id=\"168086\" src=\"https:\/\/abd.ong\/wp-content\/uploads\/2025\/03\/WhatsApp-Image-2025-03-24-at-14.42.26-1024x768.jpeg\" alt=\"\" class=\"wp-image-168086\" srcset=\"https:\/\/abd.ong\/wp-content\/uploads\/2025\/03\/WhatsApp-Image-2025-03-24-at-14.42.26-1024x768.jpeg 1024w, https:\/\/abd.ong\/wp-content\/uploads\/2025\/03\/WhatsApp-Image-2025-03-24-at-14.42.26-300x225.jpeg 300w, https:\/\/abd.ong\/wp-content\/uploads\/2025\/03\/WhatsApp-Image-2025-03-24-at-14.42.26-768x576.jpeg 768w, https:\/\/abd.ong\/wp-content\/uploads\/2025\/03\/WhatsApp-Image-2025-03-24-at-14.42.26-1536x1152.jpeg 1536w, https:\/\/abd.ong\/wp-content\/uploads\/2025\/03\/WhatsApp-Image-2025-03-24-at-14.42.26.jpeg 2048w\" sizes=\"(max-width: 1024px) 100vw, 1024px\" \/><\/figure>\n\n\n\n<figure class=\"wp-block-image size-large\"><img loading=\"lazy\" decoding=\"async\" width=\"1024\" height=\"768\" data-id=\"168074\" src=\"https:\/\/abd.ong\/wp-content\/uploads\/2025\/03\/WhatsApp-Image-2025-03-24-at-14.42.25-5-1-1024x768.jpeg\" alt=\"\" class=\"wp-image-168074\" srcset=\"https:\/\/abd.ong\/wp-content\/uploads\/2025\/03\/WhatsApp-Image-2025-03-24-at-14.42.25-5-1-1024x768.jpeg 1024w, https:\/\/abd.ong\/wp-content\/uploads\/2025\/03\/WhatsApp-Image-2025-03-24-at-14.42.25-5-1-300x225.jpeg 300w, https:\/\/abd.ong\/wp-content\/uploads\/2025\/03\/WhatsApp-Image-2025-03-24-at-14.42.25-5-1-768x576.jpeg 768w, https:\/\/abd.ong\/wp-content\/uploads\/2025\/03\/WhatsApp-Image-2025-03-24-at-14.42.25-5-1-1536x1152.jpeg 1536w, https:\/\/abd.ong\/wp-content\/uploads\/2025\/03\/WhatsApp-Image-2025-03-24-at-14.42.25-5-1.jpeg 2048w\" sizes=\"(max-width: 1024px) 100vw, 1024px\" \/><\/figure>\n\n\n\n<figure class=\"wp-block-image size-large\"><img loading=\"lazy\" decoding=\"async\" width=\"1024\" height=\"768\" data-id=\"168054\" src=\"https:\/\/abd.ong\/wp-content\/uploads\/2025\/03\/WhatsApp-Image-2025-03-24-at-14.42.25-4-1024x768.jpeg\" alt=\"\" class=\"wp-image-168054\" srcset=\"https:\/\/abd.ong\/wp-content\/uploads\/2025\/03\/WhatsApp-Image-2025-03-24-at-14.42.25-4-1024x768.jpeg 1024w, https:\/\/abd.ong\/wp-content\/uploads\/2025\/03\/WhatsApp-Image-2025-03-24-at-14.42.25-4-300x225.jpeg 300w, https:\/\/abd.ong\/wp-content\/uploads\/2025\/03\/WhatsApp-Image-2025-03-24-at-14.42.25-4-768x576.jpeg 768w, https:\/\/abd.ong\/wp-content\/uploads\/2025\/03\/WhatsApp-Image-2025-03-24-at-14.42.25-4-1536x1152.jpeg 1536w, https:\/\/abd.ong\/wp-content\/uploads\/2025\/03\/WhatsApp-Image-2025-03-24-at-14.42.25-4.jpeg 2048w\" sizes=\"(max-width: 1024px) 100vw, 1024px\" \/><\/figure>\n\n\n\n<figure class=\"wp-block-image size-large\"><img loading=\"lazy\" decoding=\"async\" width=\"1024\" height=\"768\" data-id=\"168091\" src=\"https:\/\/abd.ong\/wp-content\/uploads\/2025\/03\/WhatsApp-Image-2025-03-24-at-14.42.25-3-1024x768.jpeg\" alt=\"\" class=\"wp-image-168091\" srcset=\"https:\/\/abd.ong\/wp-content\/uploads\/2025\/03\/WhatsApp-Image-2025-03-24-at-14.42.25-3-1024x768.jpeg 1024w, https:\/\/abd.ong\/wp-content\/uploads\/2025\/03\/WhatsApp-Image-2025-03-24-at-14.42.25-3-300x225.jpeg 300w, https:\/\/abd.ong\/wp-content\/uploads\/2025\/03\/WhatsApp-Image-2025-03-24-at-14.42.25-3-768x576.jpeg 768w, https:\/\/abd.ong\/wp-content\/uploads\/2025\/03\/WhatsApp-Image-2025-03-24-at-14.42.25-3-1536x1152.jpeg 1536w, https:\/\/abd.ong\/wp-content\/uploads\/2025\/03\/WhatsApp-Image-2025-03-24-at-14.42.25-3.jpeg 2048w\" sizes=\"(max-width: 1024px) 100vw, 1024px\" \/><\/figure>\n\n\n\n<figure class=\"wp-block-image size-large\"><img loading=\"lazy\" decoding=\"async\" width=\"1024\" height=\"768\" data-id=\"168071\" src=\"https:\/\/abd.ong\/wp-content\/uploads\/2025\/03\/WhatsApp-Image-2025-03-24-at-14.42.25-2-1024x768.jpeg\" alt=\"\" class=\"wp-image-168071\" srcset=\"https:\/\/abd.ong\/wp-content\/uploads\/2025\/03\/WhatsApp-Image-2025-03-24-at-14.42.25-2-1024x768.jpeg 1024w, https:\/\/abd.ong\/wp-content\/uploads\/2025\/03\/WhatsApp-Image-2025-03-24-at-14.42.25-2-300x225.jpeg 300w, https:\/\/abd.ong\/wp-content\/uploads\/2025\/03\/WhatsApp-Image-2025-03-24-at-14.42.25-2-768x576.jpeg 768w, https:\/\/abd.ong\/wp-content\/uploads\/2025\/03\/WhatsApp-Image-2025-03-24-at-14.42.25-2-1536x1152.jpeg 1536w, https:\/\/abd.ong\/wp-content\/uploads\/2025\/03\/WhatsApp-Image-2025-03-24-at-14.42.25-2.jpeg 2048w\" sizes=\"(max-width: 1024px) 100vw, 1024px\" \/><\/figure>\n\n\n\n<figure class=\"wp-block-image size-large\"><img loading=\"lazy\" decoding=\"async\" width=\"1024\" height=\"768\" data-id=\"168104\" src=\"https:\/\/abd.ong\/wp-content\/uploads\/2025\/03\/WhatsApp-Image-2025-03-24-at-14.42.25-1-1024x768.jpeg\" alt=\"\" class=\"wp-image-168104\" srcset=\"https:\/\/abd.ong\/wp-content\/uploads\/2025\/03\/WhatsApp-Image-2025-03-24-at-14.42.25-1-1024x768.jpeg 1024w, https:\/\/abd.ong\/wp-content\/uploads\/2025\/03\/WhatsApp-Image-2025-03-24-at-14.42.25-1-300x225.jpeg 300w, https:\/\/abd.ong\/wp-content\/uploads\/2025\/03\/WhatsApp-Image-2025-03-24-at-14.42.25-1-768x576.jpeg 768w, https:\/\/abd.ong\/wp-content\/uploads\/2025\/03\/WhatsApp-Image-2025-03-24-at-14.42.25-1-1536x1152.jpeg 1536w, https:\/\/abd.ong\/wp-content\/uploads\/2025\/03\/WhatsApp-Image-2025-03-24-at-14.42.25-1.jpeg 2048w\" sizes=\"(max-width: 1024px) 100vw, 1024px\" \/><\/figure>\n\n\n\n<figure class=\"wp-block-image size-large\"><img loading=\"lazy\" decoding=\"async\" width=\"1024\" height=\"768\" data-id=\"168064\" src=\"https:\/\/abd.ong\/wp-content\/uploads\/2025\/03\/WhatsApp-Image-2025-03-24-at-14.42.24-1024x768.jpeg\" alt=\"\" class=\"wp-image-168064\" srcset=\"https:\/\/abd.ong\/wp-content\/uploads\/2025\/03\/WhatsApp-Image-2025-03-24-at-14.42.24-1024x768.jpeg 1024w, https:\/\/abd.ong\/wp-content\/uploads\/2025\/03\/WhatsApp-Image-2025-03-24-at-14.42.24-300x225.jpeg 300w, https:\/\/abd.ong\/wp-content\/uploads\/2025\/03\/WhatsApp-Image-2025-03-24-at-14.42.24-768x576.jpeg 768w, https:\/\/abd.ong\/wp-content\/uploads\/2025\/03\/WhatsApp-Image-2025-03-24-at-14.42.24-1536x1152.jpeg 1536w, https:\/\/abd.ong\/wp-content\/uploads\/2025\/03\/WhatsApp-Image-2025-03-24-at-14.42.24.jpeg 2048w\" sizes=\"(max-width: 1024px) 100vw, 1024px\" \/><\/figure>\n\n\n\n<figure class=\"wp-block-image size-large\"><img loading=\"lazy\" decoding=\"async\" width=\"1024\" height=\"768\" data-id=\"168090\" src=\"https:\/\/abd.ong\/wp-content\/uploads\/2025\/03\/WhatsApp-Image-2025-03-24-at-14.42.23-1-1024x768.jpeg\" alt=\"\" class=\"wp-image-168090\" srcset=\"https:\/\/abd.ong\/wp-content\/uploads\/2025\/03\/WhatsApp-Image-2025-03-24-at-14.42.23-1-1024x768.jpeg 1024w, https:\/\/abd.ong\/wp-content\/uploads\/2025\/03\/WhatsApp-Image-2025-03-24-at-14.42.23-1-300x225.jpeg 300w, https:\/\/abd.ong\/wp-content\/uploads\/2025\/03\/WhatsApp-Image-2025-03-24-at-14.42.23-1-768x576.jpeg 768w, https:\/\/abd.ong\/wp-content\/uploads\/2025\/03\/WhatsApp-Image-2025-03-24-at-14.42.23-1-1536x1152.jpeg 1536w, https:\/\/abd.ong\/wp-content\/uploads\/2025\/03\/WhatsApp-Image-2025-03-24-at-14.42.23-1.jpeg 2048w\" sizes=\"(max-width: 1024px) 100vw, 1024px\" \/><\/figure>\n\n\n\n<figure class=\"wp-block-image size-large\"><img loading=\"lazy\" decoding=\"async\" width=\"1024\" height=\"768\" data-id=\"168108\" src=\"https:\/\/abd.ong\/wp-content\/uploads\/2025\/03\/WhatsApp-Image-2025-03-24-at-14.42.23-1024x768.jpeg\" alt=\"\" class=\"wp-image-168108\" srcset=\"https:\/\/abd.ong\/wp-content\/uploads\/2025\/03\/WhatsApp-Image-2025-03-24-at-14.42.23-1024x768.jpeg 1024w, https:\/\/abd.ong\/wp-content\/uploads\/2025\/03\/WhatsApp-Image-2025-03-24-at-14.42.23-300x225.jpeg 300w, https:\/\/abd.ong\/wp-content\/uploads\/2025\/03\/WhatsApp-Image-2025-03-24-at-14.42.23-768x576.jpeg 768w, https:\/\/abd.ong\/wp-content\/uploads\/2025\/03\/WhatsApp-Image-2025-03-24-at-14.42.23-1536x1152.jpeg 1536w, https:\/\/abd.ong\/wp-content\/uploads\/2025\/03\/WhatsApp-Image-2025-03-24-at-14.42.23.jpeg 2048w\" sizes=\"(max-width: 1024px) 100vw, 1024px\" \/><\/figure>\n\n\n\n<figure class=\"wp-block-image size-large\"><img loading=\"lazy\" decoding=\"async\" width=\"1024\" height=\"768\" data-id=\"168103\" src=\"https:\/\/abd.ong\/wp-content\/uploads\/2025\/03\/WhatsApp-Image-2025-03-24-at-14.42.22-2-1024x768.jpeg\" alt=\"\" class=\"wp-image-168103\" srcset=\"https:\/\/abd.ong\/wp-content\/uploads\/2025\/03\/WhatsApp-Image-2025-03-24-at-14.42.22-2-1024x768.jpeg 1024w, https:\/\/abd.ong\/wp-content\/uploads\/2025\/03\/WhatsApp-Image-2025-03-24-at-14.42.22-2-300x225.jpeg 300w, https:\/\/abd.ong\/wp-content\/uploads\/2025\/03\/WhatsApp-Image-2025-03-24-at-14.42.22-2-768x576.jpeg 768w, https:\/\/abd.ong\/wp-content\/uploads\/2025\/03\/WhatsApp-Image-2025-03-24-at-14.42.22-2-1536x1152.jpeg 1536w, https:\/\/abd.ong\/wp-content\/uploads\/2025\/03\/WhatsApp-Image-2025-03-24-at-14.42.22-2.jpeg 2048w\" sizes=\"(max-width: 1024px) 100vw, 1024px\" \/><\/figure>\n<\/figure>\n\n\n\n<p><\/p>\n\n\n\n<p>Aquest projecte est\u00e0 finan\u00e7at amb Subvencions a entitats de l\u2019\u00e0mbit de pol\u00edtiques socials &#8211; CONVO- del Departament de Drets Socials de la Generalitat de Catalunya.<\/p>\n\n\n\n<figure class=\"wp-block-image size-full is-resized\"><img loading=\"lazy\" decoding=\"async\" width=\"821\" height=\"146\" src=\"https:\/\/abd.ong\/wp-content\/uploads\/2025\/05\/drets_socials_h2.png\" alt=\"\" class=\"wp-image-168760\" style=\"aspect-ratio:5.623798627002288;width:298px;height:auto\" srcset=\"https:\/\/abd.ong\/wp-content\/uploads\/2025\/05\/drets_socials_h2.png 821w, https:\/\/abd.ong\/wp-content\/uploads\/2025\/05\/drets_socials_h2-300x53.png 300w, https:\/\/abd.ong\/wp-content\/uploads\/2025\/05\/drets_socials_h2-768x137.png 768w\" sizes=\"(max-width: 821px) 100vw, 821px\" \/><\/figure>\n\n\n\n<p><\/p>\n","protected":false},"excerpt":{"rendered":"<p>Aquesta alian\u00e7a demostra el comprom\u00eds de totes dues institucions amb la innovaci\u00f3 educativa i la resposta \u00e0gil a les necessitats del sector social El Grup ABD, en col\u00b7laboraci\u00f3 amb la&hellip;<\/p>\n","protected":false},"author":2,"featured_media":168046,"comment_status":"closed","ping_status":"closed","sticky":false,"template":"","format":"standard","meta":{"_acf_changed":false,"footnotes":""},"categories":[66],"tags":[1897,4737,675,4736,4014],"class_list":["post-168039","post","type-post","status-publish","format-standard","has-post-thumbnail","hentry","category-general-ca","tag-abd-2-ca","tag-abd-i-uab","tag-asociacion-bienestar-y-desarrollo-ca","tag-formacio-direccio-de-serveis","tag-microcredencials"],"acf":[],"yoast_head":"<!-- This site is optimized with the Yoast SEO plugin v27.4 - https:\/\/yoast.com\/product\/yoast-seo-wordpress\/ -->\n<title>El Grup ABD i la UAB s&#039;uneixen per crear una microcredencial pionera per enfortir les compet\u00e8ncies dels professionals en l&#039;\u00e0mbit de la direcci\u00f3 de serveis - ABD<\/title>\n<meta name=\"description\" content=\"Aquesta alian\u00e7a demostra el comprom\u00eds de totes dues institucions amb la innovaci\u00f3 educativa i la resposta \u00e0gil a les necessitats del sector social El Grup\" \/>\n<meta name=\"robots\" content=\"index, follow, max-snippet:-1, max-image-preview:large, max-video-preview:-1\" \/>\n<link rel=\"canonical\" href=\"https:\/\/abd.ong\/ca\/general-ca\/el-grup-abd-i-la-uab-suneixen-per-crear-una-microcredencial-pionera-per-enfortir-les-competencies-dels-professionals-en-lambit-de-la-direccio-de-serveis\/\" \/>\n<meta property=\"og:locale\" content=\"ca_ES\" \/>\n<meta property=\"og:type\" content=\"article\" \/>\n<meta property=\"og:title\" content=\"El Grup ABD i la UAB s&#039;uneixen per crear una microcredencial pionera per enfortir les compet\u00e8ncies dels professionals en l&#039;\u00e0mbit de la direcci\u00f3 de serveis - ABD\" \/>\n<meta property=\"og:description\" content=\"Aquesta alian\u00e7a demostra el comprom\u00eds de totes dues institucions amb la innovaci\u00f3 educativa i la resposta \u00e0gil a les necessitats del sector social El Grup\" \/>\n<meta property=\"og:url\" content=\"https:\/\/abd.ong\/ca\/general-ca\/el-grup-abd-i-la-uab-suneixen-per-crear-una-microcredencial-pionera-per-enfortir-les-competencies-dels-professionals-en-lambit-de-la-direccio-de-serveis\/\" \/>\n<meta property=\"og:site_name\" content=\"ABD\" \/>\n<meta property=\"article:publisher\" content=\"https:\/\/www.facebook.com\/abd.ong\" \/>\n<meta property=\"article:published_time\" content=\"2025-03-24T16:08:55+00:00\" \/>\n<meta property=\"article:modified_time\" content=\"2026-03-30T10:27:02+00:00\" \/>\n<meta property=\"og:image\" content=\"https:\/\/abd.ong\/wp-content\/uploads\/2025\/03\/WhatsApp-Image-2025-03-24-at-14.42.25-5.jpeg\" \/>\n\t<meta property=\"og:image:width\" content=\"2048\" \/>\n\t<meta property=\"og:image:height\" content=\"1536\" \/>\n\t<meta property=\"og:image:type\" content=\"image\/jpeg\" \/>\n<meta name=\"author\" content=\"Enric Guinart\" \/>\n<meta name=\"twitter:card\" content=\"summary_large_image\" \/>\n<meta name=\"twitter:creator\" content=\"@abd_ong\" \/>\n<meta name=\"twitter:site\" content=\"@abd_ong\" \/>\n<meta name=\"twitter:label1\" content=\"Escrit per\" \/>\n\t<meta name=\"twitter:data1\" content=\"Enric Guinart\" \/>\n\t<meta name=\"twitter:label2\" content=\"Temps estimat de lectura\" \/>\n\t<meta name=\"twitter:data2\" content=\"9 minuts\" \/>\n<script type=\"application\/ld+json\" class=\"yoast-schema-graph\">{\"@context\":\"https:\\\/\\\/schema.org\",\"@graph\":[{\"@type\":\"Article\",\"@id\":\"https:\\\/\\\/abd.ong\\\/ca\\\/general-ca\\\/el-grup-abd-i-la-uab-suneixen-per-crear-una-microcredencial-pionera-per-enfortir-les-competencies-dels-professionals-en-lambit-de-la-direccio-de-serveis\\\/#article\",\"isPartOf\":{\"@id\":\"https:\\\/\\\/abd.ong\\\/ca\\\/general-ca\\\/el-grup-abd-i-la-uab-suneixen-per-crear-una-microcredencial-pionera-per-enfortir-les-competencies-dels-professionals-en-lambit-de-la-direccio-de-serveis\\\/\"},\"author\":{\"name\":\"Enric Guinart\",\"@id\":\"https:\\\/\\\/abd.ong\\\/ca\\\/#\\\/schema\\\/person\\\/d0f5fe279a7ad908de6a6d1332bfd7d8\"},\"headline\":\"El Grup ABD i la UAB s&#8217;uneixen per crear una microcredencial pionera per enfortir les compet\u00e8ncies dels professionals en l&#8217;\u00e0mbit de la direcci\u00f3 de serveis\",\"datePublished\":\"2025-03-24T16:08:55+00:00\",\"dateModified\":\"2026-03-30T10:27:02+00:00\",\"mainEntityOfPage\":{\"@id\":\"https:\\\/\\\/abd.ong\\\/ca\\\/general-ca\\\/el-grup-abd-i-la-uab-suneixen-per-crear-una-microcredencial-pionera-per-enfortir-les-competencies-dels-professionals-en-lambit-de-la-direccio-de-serveis\\\/\"},\"wordCount\":906,\"publisher\":{\"@id\":\"https:\\\/\\\/abd.ong\\\/ca\\\/#organization\"},\"image\":{\"@id\":\"https:\\\/\\\/abd.ong\\\/ca\\\/general-ca\\\/el-grup-abd-i-la-uab-suneixen-per-crear-una-microcredencial-pionera-per-enfortir-les-competencies-dels-professionals-en-lambit-de-la-direccio-de-serveis\\\/#primaryimage\"},\"thumbnailUrl\":\"https:\\\/\\\/abd.ong\\\/wp-content\\\/uploads\\\/2025\\\/03\\\/WhatsApp-Image-2025-03-24-at-14.42.25-5.jpeg\",\"keywords\":[\"ABD\",\"ABD i UAB\",\"Asociaci\u00f3n Bienestar y Desarrollo\",\"formaci\u00f3 direcci\u00f3 de serveis\",\"microcredencials\"],\"articleSection\":[\"General\"],\"inLanguage\":\"ca\"},{\"@type\":\"WebPage\",\"@id\":\"https:\\\/\\\/abd.ong\\\/ca\\\/general-ca\\\/el-grup-abd-i-la-uab-suneixen-per-crear-una-microcredencial-pionera-per-enfortir-les-competencies-dels-professionals-en-lambit-de-la-direccio-de-serveis\\\/\",\"url\":\"https:\\\/\\\/abd.ong\\\/ca\\\/general-ca\\\/el-grup-abd-i-la-uab-suneixen-per-crear-una-microcredencial-pionera-per-enfortir-les-competencies-dels-professionals-en-lambit-de-la-direccio-de-serveis\\\/\",\"name\":\"El Grup ABD i la UAB s'uneixen per crear una microcredencial pionera per enfortir les compet\u00e8ncies dels professionals en l'\u00e0mbit de la direcci\u00f3 de serveis - ABD\",\"isPartOf\":{\"@id\":\"https:\\\/\\\/abd.ong\\\/ca\\\/#website\"},\"primaryImageOfPage\":{\"@id\":\"https:\\\/\\\/abd.ong\\\/ca\\\/general-ca\\\/el-grup-abd-i-la-uab-suneixen-per-crear-una-microcredencial-pionera-per-enfortir-les-competencies-dels-professionals-en-lambit-de-la-direccio-de-serveis\\\/#primaryimage\"},\"image\":{\"@id\":\"https:\\\/\\\/abd.ong\\\/ca\\\/general-ca\\\/el-grup-abd-i-la-uab-suneixen-per-crear-una-microcredencial-pionera-per-enfortir-les-competencies-dels-professionals-en-lambit-de-la-direccio-de-serveis\\\/#primaryimage\"},\"thumbnailUrl\":\"https:\\\/\\\/abd.ong\\\/wp-content\\\/uploads\\\/2025\\\/03\\\/WhatsApp-Image-2025-03-24-at-14.42.25-5.jpeg\",\"datePublished\":\"2025-03-24T16:08:55+00:00\",\"dateModified\":\"2026-03-30T10:27:02+00:00\",\"description\":\"Aquesta alian\u00e7a demostra el comprom\u00eds de totes dues institucions amb la innovaci\u00f3 educativa i la resposta \u00e0gil a les necessitats del sector social El Grup\",\"breadcrumb\":{\"@id\":\"https:\\\/\\\/abd.ong\\\/ca\\\/general-ca\\\/el-grup-abd-i-la-uab-suneixen-per-crear-una-microcredencial-pionera-per-enfortir-les-competencies-dels-professionals-en-lambit-de-la-direccio-de-serveis\\\/#breadcrumb\"},\"inLanguage\":\"ca\",\"potentialAction\":[{\"@type\":\"ReadAction\",\"target\":[\"https:\\\/\\\/abd.ong\\\/ca\\\/general-ca\\\/el-grup-abd-i-la-uab-suneixen-per-crear-una-microcredencial-pionera-per-enfortir-les-competencies-dels-professionals-en-lambit-de-la-direccio-de-serveis\\\/\"]}]},{\"@type\":\"ImageObject\",\"inLanguage\":\"ca\",\"@id\":\"https:\\\/\\\/abd.ong\\\/ca\\\/general-ca\\\/el-grup-abd-i-la-uab-suneixen-per-crear-una-microcredencial-pionera-per-enfortir-les-competencies-dels-professionals-en-lambit-de-la-direccio-de-serveis\\\/#primaryimage\",\"url\":\"https:\\\/\\\/abd.ong\\\/wp-content\\\/uploads\\\/2025\\\/03\\\/WhatsApp-Image-2025-03-24-at-14.42.25-5.jpeg\",\"contentUrl\":\"https:\\\/\\\/abd.ong\\\/wp-content\\\/uploads\\\/2025\\\/03\\\/WhatsApp-Image-2025-03-24-at-14.42.25-5.jpeg\",\"width\":2048,\"height\":1536},{\"@type\":\"BreadcrumbList\",\"@id\":\"https:\\\/\\\/abd.ong\\\/ca\\\/general-ca\\\/el-grup-abd-i-la-uab-suneixen-per-crear-una-microcredencial-pionera-per-enfortir-les-competencies-dels-professionals-en-lambit-de-la-direccio-de-serveis\\\/#breadcrumb\",\"itemListElement\":[{\"@type\":\"ListItem\",\"position\":1,\"name\":\"Inici\",\"item\":\"https:\\\/\\\/abd.ong\\\/ca\\\/\"},{\"@type\":\"ListItem\",\"position\":2,\"name\":\"El Grup ABD i la UAB s&#8217;uneixen per crear una microcredencial pionera per enfortir les compet\u00e8ncies dels professionals en l&#8217;\u00e0mbit de la direcci\u00f3 de serveis\"}]},{\"@type\":\"WebSite\",\"@id\":\"https:\\\/\\\/abd.ong\\\/ca\\\/#website\",\"url\":\"https:\\\/\\\/abd.ong\\\/ca\\\/\",\"name\":\"ABD\",\"description\":\"Asociaci\u00f3n Bienestar y Desarrollo\",\"publisher\":{\"@id\":\"https:\\\/\\\/abd.ong\\\/ca\\\/#organization\"},\"potentialAction\":[{\"@type\":\"SearchAction\",\"target\":{\"@type\":\"EntryPoint\",\"urlTemplate\":\"https:\\\/\\\/abd.ong\\\/ca\\\/?s={search_term_string}\"},\"query-input\":{\"@type\":\"PropertyValueSpecification\",\"valueRequired\":true,\"valueName\":\"search_term_string\"}}],\"inLanguage\":\"ca\"},{\"@type\":\"Organization\",\"@id\":\"https:\\\/\\\/abd.ong\\\/ca\\\/#organization\",\"name\":\"Associaci\u00f3 Benestar i Desenvolupament\",\"alternateName\":\"ABD\",\"url\":\"https:\\\/\\\/abd.ong\\\/ca\\\/\",\"logo\":{\"@type\":\"ImageObject\",\"inLanguage\":\"ca\",\"@id\":\"https:\\\/\\\/abd.ong\\\/ca\\\/#\\\/schema\\\/logo\\\/image\\\/\",\"url\":\"https:\\\/\\\/abd.ong\\\/wp-content\\\/uploads\\\/2023\\\/01\\\/Icona.png\",\"contentUrl\":\"https:\\\/\\\/abd.ong\\\/wp-content\\\/uploads\\\/2023\\\/01\\\/Icona.png\",\"width\":190,\"height\":187,\"caption\":\"Associaci\u00f3 Benestar i Desenvolupament\"},\"image\":{\"@id\":\"https:\\\/\\\/abd.ong\\\/ca\\\/#\\\/schema\\\/logo\\\/image\\\/\"},\"sameAs\":[\"https:\\\/\\\/www.facebook.com\\\/abd.ong\",\"https:\\\/\\\/x.com\\\/abd_ong\",\"https:\\\/\\\/www.instagram.com\\\/abd_ong\\\/\",\"https:\\\/\\\/www.linkedin.com\\\/company\\\/abdong\",\"https:\\\/\\\/www.youtube.com\\\/user\\\/CANALABD\"]},{\"@type\":\"Person\",\"@id\":\"https:\\\/\\\/abd.ong\\\/ca\\\/#\\\/schema\\\/person\\\/d0f5fe279a7ad908de6a6d1332bfd7d8\",\"name\":\"Enric Guinart\"}]}<\/script>\n<!-- \/ Yoast SEO plugin. -->","yoast_head_json":{"title":"El Grup ABD i la UAB s'uneixen per crear una microcredencial pionera per enfortir les compet\u00e8ncies dels professionals en l'\u00e0mbit de la direcci\u00f3 de serveis - ABD","description":"Aquesta alian\u00e7a demostra el comprom\u00eds de totes dues institucions amb la innovaci\u00f3 educativa i la resposta \u00e0gil a les necessitats del sector social El Grup","robots":{"index":"index","follow":"follow","max-snippet":"max-snippet:-1","max-image-preview":"max-image-preview:large","max-video-preview":"max-video-preview:-1"},"canonical":"https:\/\/abd.ong\/ca\/general-ca\/el-grup-abd-i-la-uab-suneixen-per-crear-una-microcredencial-pionera-per-enfortir-les-competencies-dels-professionals-en-lambit-de-la-direccio-de-serveis\/","og_locale":"ca_ES","og_type":"article","og_title":"El Grup ABD i la UAB s'uneixen per crear una microcredencial pionera per enfortir les compet\u00e8ncies dels professionals en l'\u00e0mbit de la direcci\u00f3 de serveis - ABD","og_description":"Aquesta alian\u00e7a demostra el comprom\u00eds de totes dues institucions amb la innovaci\u00f3 educativa i la resposta \u00e0gil a les necessitats del sector social El Grup","og_url":"https:\/\/abd.ong\/ca\/general-ca\/el-grup-abd-i-la-uab-suneixen-per-crear-una-microcredencial-pionera-per-enfortir-les-competencies-dels-professionals-en-lambit-de-la-direccio-de-serveis\/","og_site_name":"ABD","article_publisher":"https:\/\/www.facebook.com\/abd.ong","article_published_time":"2025-03-24T16:08:55+00:00","article_modified_time":"2026-03-30T10:27:02+00:00","og_image":[{"width":2048,"height":1536,"url":"https:\/\/abd.ong\/wp-content\/uploads\/2025\/03\/WhatsApp-Image-2025-03-24-at-14.42.25-5.jpeg","type":"image\/jpeg"}],"author":"Enric Guinart","twitter_card":"summary_large_image","twitter_creator":"@abd_ong","twitter_site":"@abd_ong","twitter_misc":{"Escrit per":"Enric Guinart","Temps estimat de lectura":"9 minuts"},"schema":{"@context":"https:\/\/schema.org","@graph":[{"@type":"Article","@id":"https:\/\/abd.ong\/ca\/general-ca\/el-grup-abd-i-la-uab-suneixen-per-crear-una-microcredencial-pionera-per-enfortir-les-competencies-dels-professionals-en-lambit-de-la-direccio-de-serveis\/#article","isPartOf":{"@id":"https:\/\/abd.ong\/ca\/general-ca\/el-grup-abd-i-la-uab-suneixen-per-crear-una-microcredencial-pionera-per-enfortir-les-competencies-dels-professionals-en-lambit-de-la-direccio-de-serveis\/"},"author":{"name":"Enric Guinart","@id":"https:\/\/abd.ong\/ca\/#\/schema\/person\/d0f5fe279a7ad908de6a6d1332bfd7d8"},"headline":"El Grup ABD i la UAB s&#8217;uneixen per crear una microcredencial pionera per enfortir les compet\u00e8ncies dels professionals en l&#8217;\u00e0mbit de la direcci\u00f3 de serveis","datePublished":"2025-03-24T16:08:55+00:00","dateModified":"2026-03-30T10:27:02+00:00","mainEntityOfPage":{"@id":"https:\/\/abd.ong\/ca\/general-ca\/el-grup-abd-i-la-uab-suneixen-per-crear-una-microcredencial-pionera-per-enfortir-les-competencies-dels-professionals-en-lambit-de-la-direccio-de-serveis\/"},"wordCount":906,"publisher":{"@id":"https:\/\/abd.ong\/ca\/#organization"},"image":{"@id":"https:\/\/abd.ong\/ca\/general-ca\/el-grup-abd-i-la-uab-suneixen-per-crear-una-microcredencial-pionera-per-enfortir-les-competencies-dels-professionals-en-lambit-de-la-direccio-de-serveis\/#primaryimage"},"thumbnailUrl":"https:\/\/abd.ong\/wp-content\/uploads\/2025\/03\/WhatsApp-Image-2025-03-24-at-14.42.25-5.jpeg","keywords":["ABD","ABD i UAB","Asociaci\u00f3n Bienestar y Desarrollo","formaci\u00f3 direcci\u00f3 de serveis","microcredencials"],"articleSection":["General"],"inLanguage":"ca"},{"@type":"WebPage","@id":"https:\/\/abd.ong\/ca\/general-ca\/el-grup-abd-i-la-uab-suneixen-per-crear-una-microcredencial-pionera-per-enfortir-les-competencies-dels-professionals-en-lambit-de-la-direccio-de-serveis\/","url":"https:\/\/abd.ong\/ca\/general-ca\/el-grup-abd-i-la-uab-suneixen-per-crear-una-microcredencial-pionera-per-enfortir-les-competencies-dels-professionals-en-lambit-de-la-direccio-de-serveis\/","name":"El Grup ABD i la UAB s'uneixen per crear una microcredencial pionera per enfortir les compet\u00e8ncies dels professionals en l'\u00e0mbit de la direcci\u00f3 de serveis - ABD","isPartOf":{"@id":"https:\/\/abd.ong\/ca\/#website"},"primaryImageOfPage":{"@id":"https:\/\/abd.ong\/ca\/general-ca\/el-grup-abd-i-la-uab-suneixen-per-crear-una-microcredencial-pionera-per-enfortir-les-competencies-dels-professionals-en-lambit-de-la-direccio-de-serveis\/#primaryimage"},"image":{"@id":"https:\/\/abd.ong\/ca\/general-ca\/el-grup-abd-i-la-uab-suneixen-per-crear-una-microcredencial-pionera-per-enfortir-les-competencies-dels-professionals-en-lambit-de-la-direccio-de-serveis\/#primaryimage"},"thumbnailUrl":"https:\/\/abd.ong\/wp-content\/uploads\/2025\/03\/WhatsApp-Image-2025-03-24-at-14.42.25-5.jpeg","datePublished":"2025-03-24T16:08:55+00:00","dateModified":"2026-03-30T10:27:02+00:00","description":"Aquesta alian\u00e7a demostra el comprom\u00eds de totes dues institucions amb la innovaci\u00f3 educativa i la resposta \u00e0gil a les necessitats del sector social El Grup","breadcrumb":{"@id":"https:\/\/abd.ong\/ca\/general-ca\/el-grup-abd-i-la-uab-suneixen-per-crear-una-microcredencial-pionera-per-enfortir-les-competencies-dels-professionals-en-lambit-de-la-direccio-de-serveis\/#breadcrumb"},"inLanguage":"ca","potentialAction":[{"@type":"ReadAction","target":["https:\/\/abd.ong\/ca\/general-ca\/el-grup-abd-i-la-uab-suneixen-per-crear-una-microcredencial-pionera-per-enfortir-les-competencies-dels-professionals-en-lambit-de-la-direccio-de-serveis\/"]}]},{"@type":"ImageObject","inLanguage":"ca","@id":"https:\/\/abd.ong\/ca\/general-ca\/el-grup-abd-i-la-uab-suneixen-per-crear-una-microcredencial-pionera-per-enfortir-les-competencies-dels-professionals-en-lambit-de-la-direccio-de-serveis\/#primaryimage","url":"https:\/\/abd.ong\/wp-content\/uploads\/2025\/03\/WhatsApp-Image-2025-03-24-at-14.42.25-5.jpeg","contentUrl":"https:\/\/abd.ong\/wp-content\/uploads\/2025\/03\/WhatsApp-Image-2025-03-24-at-14.42.25-5.jpeg","width":2048,"height":1536},{"@type":"BreadcrumbList","@id":"https:\/\/abd.ong\/ca\/general-ca\/el-grup-abd-i-la-uab-suneixen-per-crear-una-microcredencial-pionera-per-enfortir-les-competencies-dels-professionals-en-lambit-de-la-direccio-de-serveis\/#breadcrumb","itemListElement":[{"@type":"ListItem","position":1,"name":"Inici","item":"https:\/\/abd.ong\/ca\/"},{"@type":"ListItem","position":2,"name":"El Grup ABD i la UAB s&#8217;uneixen per crear una microcredencial pionera per enfortir les compet\u00e8ncies dels professionals en l&#8217;\u00e0mbit de la direcci\u00f3 de serveis"}]},{"@type":"WebSite","@id":"https:\/\/abd.ong\/ca\/#website","url":"https:\/\/abd.ong\/ca\/","name":"ABD","description":"Asociaci\u00f3n Bienestar y Desarrollo","publisher":{"@id":"https:\/\/abd.ong\/ca\/#organization"},"potentialAction":[{"@type":"SearchAction","target":{"@type":"EntryPoint","urlTemplate":"https:\/\/abd.ong\/ca\/?s={search_term_string}"},"query-input":{"@type":"PropertyValueSpecification","valueRequired":true,"valueName":"search_term_string"}}],"inLanguage":"ca"},{"@type":"Organization","@id":"https:\/\/abd.ong\/ca\/#organization","name":"Associaci\u00f3 Benestar i Desenvolupament","alternateName":"ABD","url":"https:\/\/abd.ong\/ca\/","logo":{"@type":"ImageObject","inLanguage":"ca","@id":"https:\/\/abd.ong\/ca\/#\/schema\/logo\/image\/","url":"https:\/\/abd.ong\/wp-content\/uploads\/2023\/01\/Icona.png","contentUrl":"https:\/\/abd.ong\/wp-content\/uploads\/2023\/01\/Icona.png","width":190,"height":187,"caption":"Associaci\u00f3 Benestar i Desenvolupament"},"image":{"@id":"https:\/\/abd.ong\/ca\/#\/schema\/logo\/image\/"},"sameAs":["https:\/\/www.facebook.com\/abd.ong","https:\/\/x.com\/abd_ong","https:\/\/www.instagram.com\/abd_ong\/","https:\/\/www.linkedin.com\/company\/abdong","https:\/\/www.youtube.com\/user\/CANALABD"]},{"@type":"Person","@id":"https:\/\/abd.ong\/ca\/#\/schema\/person\/d0f5fe279a7ad908de6a6d1332bfd7d8","name":"Enric Guinart"}]}},"_links":{"self":[{"href":"https:\/\/abd.ong\/ca\/wp-json\/wp\/v2\/posts\/168039","targetHints":{"allow":["GET"]}}],"collection":[{"href":"https:\/\/abd.ong\/ca\/wp-json\/wp\/v2\/posts"}],"about":[{"href":"https:\/\/abd.ong\/ca\/wp-json\/wp\/v2\/types\/post"}],"author":[{"embeddable":true,"href":"https:\/\/abd.ong\/ca\/wp-json\/wp\/v2\/users\/2"}],"replies":[{"embeddable":true,"href":"https:\/\/abd.ong\/ca\/wp-json\/wp\/v2\/comments?post=168039"}],"version-history":[{"count":4,"href":"https:\/\/abd.ong\/ca\/wp-json\/wp\/v2\/posts\/168039\/revisions"}],"predecessor-version":[{"id":175454,"href":"https:\/\/abd.ong\/ca\/wp-json\/wp\/v2\/posts\/168039\/revisions\/175454"}],"wp:featuredmedia":[{"embeddable":true,"href":"https:\/\/abd.ong\/ca\/wp-json\/wp\/v2\/media\/168046"}],"wp:attachment":[{"href":"https:\/\/abd.ong\/ca\/wp-json\/wp\/v2\/media?parent=168039"}],"wp:term":[{"taxonomy":"category","embeddable":true,"href":"https:\/\/abd.ong\/ca\/wp-json\/wp\/v2\/categories?post=168039"},{"taxonomy":"post_tag","embeddable":true,"href":"https:\/\/abd.ong\/ca\/wp-json\/wp\/v2\/tags?post=168039"}],"curies":[{"name":"wp","href":"https:\/\/api.w.org\/{rel}","templated":true}]}}