{"id":167998,"date":"2025-03-26T09:11:14","date_gmt":"2025-03-26T08:11:14","guid":{"rendered":"https:\/\/abd.ong\/?p=167998"},"modified":"2025-03-26T11:03:07","modified_gmt":"2025-03-26T10:03:07","slug":"el-grup-abd-estrena-el-podcast-pel-mon-que-volem-per-donar-veu-a-les-histories-de-vida-de-persones-en-situacio-de-vulnerabilitat","status":"publish","type":"post","link":"https:\/\/abd.ong\/ca\/general-ca\/el-grup-abd-estrena-el-podcast-pel-mon-que-volem-per-donar-veu-a-les-histories-de-vida-de-persones-en-situacio-de-vulnerabilitat\/","title":{"rendered":"El Grup ABD estrena el p\u00f2dcast &#8216;Pel m\u00f3n que volem&#8217; per donar veu a les hist\u00f2ries de vida de persones en situaci\u00f3 de vulnerabilitat"},"content":{"rendered":"\n<div style=\"height:50px\" aria-hidden=\"true\" class=\"wp-block-spacer\"><\/div>\n\n\n\n<h4 class=\"wp-block-heading\">Mensualment compartirem testimonis vinculats als m\u00e9s de 170 programes que actualment desenvolupem. El primer cap\u00edtol s&#8217;estrenar\u00e0 el proper dilluns 31 de mar\u00e7<\/h4>\n\n\n\n<p><\/p>\n\n\n\n<h4 class=\"wp-block-heading\">El projecte compta amb la col\u00b7laboraci\u00f3 de R\u00e0dio Maconda, la r\u00e0dio comunit\u00e0ria de les Biblioteques de Barcelona<\/h4>\n\n\n\n<div style=\"height:50px\" aria-hidden=\"true\" class=\"wp-block-spacer\"><\/div>\n\n\n\n<p>Des de<strong> l&#8217;Associaci\u00f3 Benestar Desenvolupament Grup ABD<\/strong> posem en marxa el p\u00f2dcast <em>&#8216;Pel m\u00f3n que volem&#8217;<\/em>, que pret\u00e9n sensibilitzar sobre les realitats i els desafiaments que afronten les persones que viuen en situaci\u00f3 de vulnerabilitat a trav\u00e9s de la difusi\u00f3 de les seves hist\u00f2ries de vida. Aquesta iniciativa compta amb la col\u00b7laboraci\u00f3 de<strong> <a href=\"https:\/\/ajuntament.barcelona.cat\/biblioteques\/es\/libros-musica-cine\/radio-maconda\" target=\"_blank\" rel=\"noreferrer noopener\">R\u00e0dio Maconda<\/a><\/strong>, la r\u00e0dio comunit\u00e0ria de les <a href=\"https:\/\/ajuntament.barcelona.cat\/biblioteques\/ca\" target=\"_blank\" rel=\"noreferrer noopener\">Biblioteques de Barcelona<\/a>, i s\u2019estrenar\u00e0 el proper 31 de mar\u00e7.<\/p>\n\n\n\n<p>El p\u00f2dcast buscar\u00e0 no nom\u00e9s informar sin\u00f3 tamb\u00e9 connectar emocionalment a l\u2019audi\u00e8ncia amb les experi\u00e8ncies personals de les persones que s\u00f3n sovint invisibilitzades. Tindr\u00e0 una freq\u00fc\u00e8ncia mensual, amb episodis de 30 minuts que inclouran entrevistes a persones usu\u00e0ries dels serveis i programes d&#8217;ABD, aix\u00ed com la participaci\u00f3 de professionals de l&#8217;organitzaci\u00f3 que ajudaran a contextualitzar les situacions exposades. \r\n<\/p>\n\n\n\n<p>Aquest projecte s&#8217;emmarca dins l&#8217;objectiu m\u00e9s ampli d&#8217;ABD de promoure la inclusi\u00f3 social. Mitjan\u00e7ant el p\u00f2dcast, es vol fomentar l&#8217;empatia i la comprensi\u00f3 entre la comunitat m\u00e9s \u00e0mplia respecte a les dificultats que afronten les persones que viuen en una situaci\u00f3 de vulnerabilitat, destacant la import\u00e0ncia del suport comunitari i la solidaritat. A m\u00e9s, es pret\u00e9n motivar a l&#8217;audi\u00e8ncia a involucrar-se activament, b\u00e9 sigui a trav\u00e9s del voluntariat o del suport a les iniciatives d&#8217;ABD, refor\u00e7ant aix\u00ed la participaci\u00f3 ciutadana en accions socials.\r\n<\/p>\n\n\n\n<p>La coordinaci\u00f3 del p\u00f2dcast est\u00e0 a c\u00e0rrec de <strong>Bego\u00f1a del Pueyo<\/strong> -que forma part del patronat d\u2019ABD i qui aporta una vasta experi\u00e8ncia en comunicaci\u00f3- i <strong>Enric Guinart<\/strong>, Director de comunicaci\u00f3 del Grup ABD. A m\u00e9s, la iniciativa tamb\u00e9 comptar\u00e0 amb la col\u00b7laboraci\u00f3 de<a href=\"https:\/\/www.auc.es\/\" target=\"_blank\" rel=\"noreferrer noopener\"> l\u2019Associaci\u00f3 d\u2019Usuaris\/es de la Comunicaci\u00f3<\/a>, aix\u00ed com de periodistes de la talla de <strong>J\u00falia Otero<\/strong>, guanyadora de 4 premis Ondas, i<strong> Goyo Prados<\/strong>. En l&#8217;aspecte t\u00e8cnic es compta amb el suport d&#8217;<strong>Albert Fern\u00e1ndez<\/strong>. El p\u00f2dcast <em>&#8216;Pel m\u00f3n que volem&#8217;<\/em> estar\u00e0 disponible a trav\u00e9s de la p\u00e0gina web i les xarxes socials del Grup ABD, aix\u00ed com a la plataforma de podcasting iVoox.<\/p>\n\n\n\n<div style=\"height:50px\" aria-hidden=\"true\" class=\"wp-block-spacer\"><\/div>\n\n\n\n<h4 class=\"wp-block-heading\"><b>Gravaci\u00f3 en un espai \u00fanic i singular<\/b>\r\n\r\n&nbsp;<\/h4>\n\n\n\n<div style=\"height:50px\" aria-hidden=\"true\" class=\"wp-block-spacer\"><\/div>\n\n\n\n<p>Les gravacions del p\u00f2dcast <em>&#8216;Pel m\u00f3n que volem&#8217;<\/em> es faran a <strong>R\u00e0dio Maconda<\/strong>, una iniciativa de les Biblioteques de Barcelona que serveix com a r\u00e0dio comunit\u00e0ria. Ubicat a la <strong><a href=\"https:\/\/ajuntament.barcelona.cat\/biblioteques\/es\/bibgarciamarquez\" target=\"_blank\" rel=\"noreferrer noopener\">Biblioteca Gabriel Garc\u00eda M\u00e1rquez<\/a><\/strong>, aquest estudi de r\u00e0dio no \u00e9s nom\u00e9s un punt de difusi\u00f3, sin\u00f3 tamb\u00e9 un centre de participaci\u00f3 ciutadana. La r\u00e0dio funciona com una eina oberta de comunicaci\u00f3 que involucra activament la comunitat, realitzant programes culturals i educatius que reflecteixen la diversitat i les necessitats del districte de Sant Mart\u00ed, on est\u00e0 situada.<\/p>\n\n\n\n<p>La <strong>Biblioteca Gabriel Garc\u00eda M\u00e1rquez<\/strong> \u00e9s una obra arquitect\u00f2nica significativa per si mateixa. Inaugurada el 2022, va ser dissenyada per <a href=\"https:\/\/www.sumaarquitectura.eu\/\" target=\"_blank\" rel=\"noreferrer noopener\">SUMA Arquitectura<\/a>, liderada per Elena Orte i Guillermo Sevillano. Aquesta biblioteca no nom\u00e9s serveix com a punt de pr\u00e9stec de llibres, sin\u00f3 que \u00e9s un espai vibrant de trobada i aprenentatge, reconeguda per la seva contribuci\u00f3 a la comunitat tant pel seu disseny innovador com per la seva activitat cultural intensa. La seva reconeixen\u00e7a com a millor biblioteca p\u00fablica del m\u00f3n 2023 per la Federaci\u00f3 Internacional de Associacions i Institucions Bibliotec\u00e0ries (IFLA) destaca el seu impacte i excel\u00b7l\u00e8ncia.<\/p>\n\n\n\n<p>Aix\u00ed, tant R\u00e0dio Maconda com la Biblioteca Gabriel Garc\u00eda M\u00e1rquez s\u00f3n exemples del comprom\u00eds de Barcelona amb els espais que no nom\u00e9s serveixen a la comunitat sin\u00f3 que tamb\u00e9 la enriqueixen, proporcionant plataformes \u00faniques per a iniciatives com el p\u00f2dcast <em>&#8216;Pel m\u00f3n que volem&#8217;<\/em>, que busca fer una difer\u00e8ncia tangible en la vida de les persones en situaci\u00f3 de vulnerabilitat.<\/p>\n\n\n\n<div style=\"height:27px\" aria-hidden=\"true\" class=\"wp-block-spacer\"><\/div>\n\n\n\n<figure class=\"wp-block-gallery has-nested-images columns-default is-cropped wp-block-gallery-2 is-layout-flex wp-block-gallery-is-layout-flex\">\n<figure class=\"wp-block-image size-large\"><img fetchpriority=\"high\" decoding=\"async\" width=\"1024\" height=\"683\" data-id=\"168004\" src=\"https:\/\/abd.ong\/wp-content\/uploads\/2025\/03\/SAM_2205-1-1024x683.jpg\" alt=\"\" class=\"wp-image-168004\" srcset=\"https:\/\/abd.ong\/wp-content\/uploads\/2025\/03\/SAM_2205-1-1024x683.jpg 1024w, https:\/\/abd.ong\/wp-content\/uploads\/2025\/03\/SAM_2205-1-300x200.jpg 300w, https:\/\/abd.ong\/wp-content\/uploads\/2025\/03\/SAM_2205-1-768x512.jpg 768w, https:\/\/abd.ong\/wp-content\/uploads\/2025\/03\/SAM_2205-1-1536x1024.jpg 1536w, https:\/\/abd.ong\/wp-content\/uploads\/2025\/03\/SAM_2205-1-600x400.jpg 600w, https:\/\/abd.ong\/wp-content\/uploads\/2025\/03\/SAM_2205-1-1920x1280.jpg 1920w, https:\/\/abd.ong\/wp-content\/uploads\/2025\/03\/SAM_2205-1.jpg 2048w\" sizes=\"(max-width: 1024px) 100vw, 1024px\" \/><\/figure>\n\n\n\n<figure class=\"wp-block-image size-large\"><img decoding=\"async\" width=\"1024\" height=\"683\" data-id=\"168001\" src=\"https:\/\/abd.ong\/wp-content\/uploads\/2025\/03\/SAM_2201-4-1024x683.jpg\" alt=\"\" class=\"wp-image-168001\" srcset=\"https:\/\/abd.ong\/wp-content\/uploads\/2025\/03\/SAM_2201-4-1024x683.jpg 1024w, https:\/\/abd.ong\/wp-content\/uploads\/2025\/03\/SAM_2201-4-300x200.jpg 300w, https:\/\/abd.ong\/wp-content\/uploads\/2025\/03\/SAM_2201-4-768x512.jpg 768w, https:\/\/abd.ong\/wp-content\/uploads\/2025\/03\/SAM_2201-4-1536x1024.jpg 1536w, https:\/\/abd.ong\/wp-content\/uploads\/2025\/03\/SAM_2201-4-600x400.jpg 600w, https:\/\/abd.ong\/wp-content\/uploads\/2025\/03\/SAM_2201-4-1920x1280.jpg 1920w, https:\/\/abd.ong\/wp-content\/uploads\/2025\/03\/SAM_2201-4.jpg 2048w\" sizes=\"(max-width: 1024px) 100vw, 1024px\" \/><\/figure>\n\n\n\n<figure class=\"wp-block-image size-large\"><img decoding=\"async\" width=\"1024\" height=\"683\" data-id=\"168010\" src=\"https:\/\/abd.ong\/wp-content\/uploads\/2025\/03\/SAM_2207-1-1024x683.jpg\" alt=\"\" class=\"wp-image-168010\" srcset=\"https:\/\/abd.ong\/wp-content\/uploads\/2025\/03\/SAM_2207-1-1024x683.jpg 1024w, https:\/\/abd.ong\/wp-content\/uploads\/2025\/03\/SAM_2207-1-300x200.jpg 300w, https:\/\/abd.ong\/wp-content\/uploads\/2025\/03\/SAM_2207-1-768x512.jpg 768w, https:\/\/abd.ong\/wp-content\/uploads\/2025\/03\/SAM_2207-1-1536x1024.jpg 1536w, https:\/\/abd.ong\/wp-content\/uploads\/2025\/03\/SAM_2207-1-600x400.jpg 600w, https:\/\/abd.ong\/wp-content\/uploads\/2025\/03\/SAM_2207-1-1920x1280.jpg 1920w, https:\/\/abd.ong\/wp-content\/uploads\/2025\/03\/SAM_2207-1.jpg 2048w\" sizes=\"(max-width: 1024px) 100vw, 1024px\" \/><\/figure>\n\n\n\n<figure class=\"wp-block-image size-large\"><img loading=\"lazy\" decoding=\"async\" width=\"1024\" height=\"683\" data-id=\"168007\" src=\"https:\/\/abd.ong\/wp-content\/uploads\/2025\/03\/SAM_2206-3-1024x683.jpg\" alt=\"\" class=\"wp-image-168007\" srcset=\"https:\/\/abd.ong\/wp-content\/uploads\/2025\/03\/SAM_2206-3-1024x683.jpg 1024w, https:\/\/abd.ong\/wp-content\/uploads\/2025\/03\/SAM_2206-3-300x200.jpg 300w, https:\/\/abd.ong\/wp-content\/uploads\/2025\/03\/SAM_2206-3-768x512.jpg 768w, https:\/\/abd.ong\/wp-content\/uploads\/2025\/03\/SAM_2206-3-1536x1024.jpg 1536w, https:\/\/abd.ong\/wp-content\/uploads\/2025\/03\/SAM_2206-3-600x400.jpg 600w, https:\/\/abd.ong\/wp-content\/uploads\/2025\/03\/SAM_2206-3-1920x1280.jpg 1920w, https:\/\/abd.ong\/wp-content\/uploads\/2025\/03\/SAM_2206-3.jpg 2048w\" sizes=\"(max-width: 1024px) 100vw, 1024px\" \/><\/figure>\n<\/figure>\n\n\n\n<p><\/p>\n","protected":false},"excerpt":{"rendered":"<p>Mensualment compartirem testimonis vinculats als m\u00e9s de 170 programes que actualment desenvolupem. El primer cap\u00edtol s&#8217;estrenar\u00e0 el proper dilluns 31 de mar\u00e7 El projecte compta amb la col\u00b7laboraci\u00f3 de R\u00e0dio&hellip;<\/p>\n","protected":false},"author":2,"featured_media":168034,"comment_status":"closed","ping_status":"closed","sticky":false,"template":"","format":"standard","meta":{"_acf_changed":false,"footnotes":""},"categories":[66],"tags":[1897,4732,675,4730,4726,4728,4727,4729,4733,4731],"class_list":["post-167998","post","type-post","status-publish","format-standard","has-post-thumbnail","hentry","category-general-ca","tag-abd-2-ca","tag-abd-i-radio-maconda","tag-asociacion-bienestar-y-desarrollo-ca","tag-persones-en-situacio-de-vulnerabilitat-ca","tag-podcast-abd-ca","tag-podcast-associacio-benestar-i-desenvolupament","tag-podcast-grup-abd","tag-podcast-pel-mon-que-volem","tag-radio-comunitaria-ca","tag-radio-maconda-ca"],"acf":[],"yoast_head":"<!-- This site is optimized with the Yoast SEO plugin v27.4 - https:\/\/yoast.com\/product\/yoast-seo-wordpress\/ -->\n<title>El Grup ABD estrena el p\u00f2dcast &#039;Pel m\u00f3n que volem&#039; per donar veu a les hist\u00f2ries de vida de persones en situaci\u00f3 de vulnerabilitat - ABD<\/title>\n<meta name=\"description\" content=\"Mensualment compartirem testimonis vinculats als m\u00e9s de 170 programes que actualment desenvolupem. El primer cap\u00edtol s&#039;estrenar\u00e0 el proper dilluns 31 de\" \/>\n<meta name=\"robots\" content=\"index, follow, max-snippet:-1, max-image-preview:large, max-video-preview:-1\" \/>\n<link rel=\"canonical\" href=\"https:\/\/abd.ong\/ca\/general-ca\/el-grup-abd-estrena-el-podcast-pel-mon-que-volem-per-donar-veu-a-les-histories-de-vida-de-persones-en-situacio-de-vulnerabilitat\/\" \/>\n<meta property=\"og:locale\" content=\"ca_ES\" \/>\n<meta property=\"og:type\" content=\"article\" \/>\n<meta property=\"og:title\" content=\"El Grup ABD estrena el p\u00f2dcast &#039;Pel m\u00f3n que volem&#039; per donar veu a les hist\u00f2ries de vida de persones en situaci\u00f3 de vulnerabilitat - ABD\" \/>\n<meta property=\"og:description\" content=\"Mensualment compartirem testimonis vinculats als m\u00e9s de 170 programes que actualment desenvolupem. El primer cap\u00edtol s&#039;estrenar\u00e0 el proper dilluns 31 de\" \/>\n<meta property=\"og:url\" content=\"https:\/\/abd.ong\/ca\/general-ca\/el-grup-abd-estrena-el-podcast-pel-mon-que-volem-per-donar-veu-a-les-histories-de-vida-de-persones-en-situacio-de-vulnerabilitat\/\" \/>\n<meta property=\"og:site_name\" content=\"ABD\" \/>\n<meta property=\"article:publisher\" content=\"https:\/\/www.facebook.com\/abd.ong\" \/>\n<meta property=\"article:published_time\" content=\"2025-03-26T08:11:14+00:00\" \/>\n<meta property=\"article:modified_time\" content=\"2025-03-26T10:03:07+00:00\" \/>\n<meta property=\"og:image\" content=\"https:\/\/abd.ong\/wp-content\/uploads\/2025\/03\/Light-Pink-Pastel-Red-Clean-and-Corporate-Protest-Content-Pro-choice-Twitter-Post-2025-03-24T142739.899-2-1024x576.png\" \/>\n\t<meta property=\"og:image:width\" content=\"1024\" \/>\n\t<meta property=\"og:image:height\" content=\"576\" \/>\n\t<meta property=\"og:image:type\" content=\"image\/png\" \/>\n<meta name=\"author\" content=\"Enric Guinart\" \/>\n<meta name=\"twitter:card\" content=\"summary_large_image\" \/>\n<meta name=\"twitter:image\" content=\"https:\/\/abd.ong\/wp-content\/uploads\/2025\/03\/Light-Pink-Pastel-Red-Clean-and-Corporate-Protest-Content-Pro-choice-Twitter-Post-2025-03-24T142739.899-2.png\" \/>\n<meta name=\"twitter:creator\" content=\"@abd_ong\" \/>\n<meta name=\"twitter:site\" content=\"@abd_ong\" \/>\n<meta name=\"twitter:label1\" content=\"Escrit per\" \/>\n\t<meta name=\"twitter:data1\" content=\"Enric Guinart\" \/>\n\t<meta name=\"twitter:label2\" content=\"Temps estimat de lectura\" \/>\n\t<meta name=\"twitter:data2\" content=\"5 minuts\" \/>\n<script type=\"application\/ld+json\" class=\"yoast-schema-graph\">{\"@context\":\"https:\\\/\\\/schema.org\",\"@graph\":[{\"@type\":\"Article\",\"@id\":\"https:\\\/\\\/abd.ong\\\/ca\\\/general-ca\\\/el-grup-abd-estrena-el-podcast-pel-mon-que-volem-per-donar-veu-a-les-histories-de-vida-de-persones-en-situacio-de-vulnerabilitat\\\/#article\",\"isPartOf\":{\"@id\":\"https:\\\/\\\/abd.ong\\\/ca\\\/general-ca\\\/el-grup-abd-estrena-el-podcast-pel-mon-que-volem-per-donar-veu-a-les-histories-de-vida-de-persones-en-situacio-de-vulnerabilitat\\\/\"},\"author\":{\"name\":\"Enric Guinart\",\"@id\":\"https:\\\/\\\/abd.ong\\\/ca\\\/#\\\/schema\\\/person\\\/d0f5fe279a7ad908de6a6d1332bfd7d8\"},\"headline\":\"El Grup ABD estrena el p\u00f2dcast &#8216;Pel m\u00f3n que volem&#8217; per donar veu a les hist\u00f2ries de vida de persones en situaci\u00f3 de vulnerabilitat\",\"datePublished\":\"2025-03-26T08:11:14+00:00\",\"dateModified\":\"2025-03-26T10:03:07+00:00\",\"mainEntityOfPage\":{\"@id\":\"https:\\\/\\\/abd.ong\\\/ca\\\/general-ca\\\/el-grup-abd-estrena-el-podcast-pel-mon-que-volem-per-donar-veu-a-les-histories-de-vida-de-persones-en-situacio-de-vulnerabilitat\\\/\"},\"wordCount\":721,\"publisher\":{\"@id\":\"https:\\\/\\\/abd.ong\\\/ca\\\/#organization\"},\"image\":{\"@id\":\"https:\\\/\\\/abd.ong\\\/ca\\\/general-ca\\\/el-grup-abd-estrena-el-podcast-pel-mon-que-volem-per-donar-veu-a-les-histories-de-vida-de-persones-en-situacio-de-vulnerabilitat\\\/#primaryimage\"},\"thumbnailUrl\":\"https:\\\/\\\/abd.ong\\\/wp-content\\\/uploads\\\/2025\\\/03\\\/Light-Pink-Pastel-Red-Clean-and-Corporate-Protest-Content-Pro-choice-Twitter-Post-2025-03-24T142739.899-1.png\",\"keywords\":[\"ABD\",\"ABD i R\u00e0dio Maconda\",\"Asociaci\u00f3n Bienestar y Desarrollo\",\"persones en situaci\u00f3 de vulnerabilitat\",\"p\u00f2dcast ABD\",\"p\u00f2dcast Associaci\u00f3 Benestar i Desenvolupament\",\"p\u00f2dcast Grup ABD\",\"p\u00f2dcast pel m\u00f3n que volem\",\"r\u00e0dio comunit\u00e0ria\",\"R\u00e0dio Maconda\"],\"articleSection\":[\"General\"],\"inLanguage\":\"ca\"},{\"@type\":\"WebPage\",\"@id\":\"https:\\\/\\\/abd.ong\\\/ca\\\/general-ca\\\/el-grup-abd-estrena-el-podcast-pel-mon-que-volem-per-donar-veu-a-les-histories-de-vida-de-persones-en-situacio-de-vulnerabilitat\\\/\",\"url\":\"https:\\\/\\\/abd.ong\\\/ca\\\/general-ca\\\/el-grup-abd-estrena-el-podcast-pel-mon-que-volem-per-donar-veu-a-les-histories-de-vida-de-persones-en-situacio-de-vulnerabilitat\\\/\",\"name\":\"El Grup ABD estrena el p\u00f2dcast 'Pel m\u00f3n que volem' per donar veu a les hist\u00f2ries de vida de persones en situaci\u00f3 de vulnerabilitat - ABD\",\"isPartOf\":{\"@id\":\"https:\\\/\\\/abd.ong\\\/ca\\\/#website\"},\"primaryImageOfPage\":{\"@id\":\"https:\\\/\\\/abd.ong\\\/ca\\\/general-ca\\\/el-grup-abd-estrena-el-podcast-pel-mon-que-volem-per-donar-veu-a-les-histories-de-vida-de-persones-en-situacio-de-vulnerabilitat\\\/#primaryimage\"},\"image\":{\"@id\":\"https:\\\/\\\/abd.ong\\\/ca\\\/general-ca\\\/el-grup-abd-estrena-el-podcast-pel-mon-que-volem-per-donar-veu-a-les-histories-de-vida-de-persones-en-situacio-de-vulnerabilitat\\\/#primaryimage\"},\"thumbnailUrl\":\"https:\\\/\\\/abd.ong\\\/wp-content\\\/uploads\\\/2025\\\/03\\\/Light-Pink-Pastel-Red-Clean-and-Corporate-Protest-Content-Pro-choice-Twitter-Post-2025-03-24T142739.899-1.png\",\"datePublished\":\"2025-03-26T08:11:14+00:00\",\"dateModified\":\"2025-03-26T10:03:07+00:00\",\"description\":\"Mensualment compartirem testimonis vinculats als m\u00e9s de 170 programes que actualment desenvolupem. El primer cap\u00edtol s'estrenar\u00e0 el proper dilluns 31 de\",\"breadcrumb\":{\"@id\":\"https:\\\/\\\/abd.ong\\\/ca\\\/general-ca\\\/el-grup-abd-estrena-el-podcast-pel-mon-que-volem-per-donar-veu-a-les-histories-de-vida-de-persones-en-situacio-de-vulnerabilitat\\\/#breadcrumb\"},\"inLanguage\":\"ca\",\"potentialAction\":[{\"@type\":\"ReadAction\",\"target\":[\"https:\\\/\\\/abd.ong\\\/ca\\\/general-ca\\\/el-grup-abd-estrena-el-podcast-pel-mon-que-volem-per-donar-veu-a-les-histories-de-vida-de-persones-en-situacio-de-vulnerabilitat\\\/\"]}]},{\"@type\":\"ImageObject\",\"inLanguage\":\"ca\",\"@id\":\"https:\\\/\\\/abd.ong\\\/ca\\\/general-ca\\\/el-grup-abd-estrena-el-podcast-pel-mon-que-volem-per-donar-veu-a-les-histories-de-vida-de-persones-en-situacio-de-vulnerabilitat\\\/#primaryimage\",\"url\":\"https:\\\/\\\/abd.ong\\\/wp-content\\\/uploads\\\/2025\\\/03\\\/Light-Pink-Pastel-Red-Clean-and-Corporate-Protest-Content-Pro-choice-Twitter-Post-2025-03-24T142739.899-1.png\",\"contentUrl\":\"https:\\\/\\\/abd.ong\\\/wp-content\\\/uploads\\\/2025\\\/03\\\/Light-Pink-Pastel-Red-Clean-and-Corporate-Protest-Content-Pro-choice-Twitter-Post-2025-03-24T142739.899-1.png\",\"width\":2048,\"height\":1152},{\"@type\":\"BreadcrumbList\",\"@id\":\"https:\\\/\\\/abd.ong\\\/ca\\\/general-ca\\\/el-grup-abd-estrena-el-podcast-pel-mon-que-volem-per-donar-veu-a-les-histories-de-vida-de-persones-en-situacio-de-vulnerabilitat\\\/#breadcrumb\",\"itemListElement\":[{\"@type\":\"ListItem\",\"position\":1,\"name\":\"Inici\",\"item\":\"https:\\\/\\\/abd.ong\\\/ca\\\/\"},{\"@type\":\"ListItem\",\"position\":2,\"name\":\"El Grup ABD estrena el p\u00f2dcast &#8216;Pel m\u00f3n que volem&#8217; per donar veu a les hist\u00f2ries de vida de persones en situaci\u00f3 de vulnerabilitat\"}]},{\"@type\":\"WebSite\",\"@id\":\"https:\\\/\\\/abd.ong\\\/ca\\\/#website\",\"url\":\"https:\\\/\\\/abd.ong\\\/ca\\\/\",\"name\":\"ABD\",\"description\":\"Asociaci\u00f3n Bienestar y Desarrollo\",\"publisher\":{\"@id\":\"https:\\\/\\\/abd.ong\\\/ca\\\/#organization\"},\"potentialAction\":[{\"@type\":\"SearchAction\",\"target\":{\"@type\":\"EntryPoint\",\"urlTemplate\":\"https:\\\/\\\/abd.ong\\\/ca\\\/?s={search_term_string}\"},\"query-input\":{\"@type\":\"PropertyValueSpecification\",\"valueRequired\":true,\"valueName\":\"search_term_string\"}}],\"inLanguage\":\"ca\"},{\"@type\":\"Organization\",\"@id\":\"https:\\\/\\\/abd.ong\\\/ca\\\/#organization\",\"name\":\"Associaci\u00f3 Benestar i Desenvolupament\",\"alternateName\":\"ABD\",\"url\":\"https:\\\/\\\/abd.ong\\\/ca\\\/\",\"logo\":{\"@type\":\"ImageObject\",\"inLanguage\":\"ca\",\"@id\":\"https:\\\/\\\/abd.ong\\\/ca\\\/#\\\/schema\\\/logo\\\/image\\\/\",\"url\":\"https:\\\/\\\/abd.ong\\\/wp-content\\\/uploads\\\/2023\\\/01\\\/Icona.png\",\"contentUrl\":\"https:\\\/\\\/abd.ong\\\/wp-content\\\/uploads\\\/2023\\\/01\\\/Icona.png\",\"width\":190,\"height\":187,\"caption\":\"Associaci\u00f3 Benestar i Desenvolupament\"},\"image\":{\"@id\":\"https:\\\/\\\/abd.ong\\\/ca\\\/#\\\/schema\\\/logo\\\/image\\\/\"},\"sameAs\":[\"https:\\\/\\\/www.facebook.com\\\/abd.ong\",\"https:\\\/\\\/x.com\\\/abd_ong\",\"https:\\\/\\\/www.instagram.com\\\/abd_ong\\\/\",\"https:\\\/\\\/www.linkedin.com\\\/company\\\/abdong\",\"https:\\\/\\\/www.youtube.com\\\/user\\\/CANALABD\"]},{\"@type\":\"Person\",\"@id\":\"https:\\\/\\\/abd.ong\\\/ca\\\/#\\\/schema\\\/person\\\/d0f5fe279a7ad908de6a6d1332bfd7d8\",\"name\":\"Enric Guinart\"}]}<\/script>\n<!-- \/ Yoast SEO plugin. -->","yoast_head_json":{"title":"El Grup ABD estrena el p\u00f2dcast 'Pel m\u00f3n que volem' per donar veu a les hist\u00f2ries de vida de persones en situaci\u00f3 de vulnerabilitat - ABD","description":"Mensualment compartirem testimonis vinculats als m\u00e9s de 170 programes que actualment desenvolupem. El primer cap\u00edtol s'estrenar\u00e0 el proper dilluns 31 de","robots":{"index":"index","follow":"follow","max-snippet":"max-snippet:-1","max-image-preview":"max-image-preview:large","max-video-preview":"max-video-preview:-1"},"canonical":"https:\/\/abd.ong\/ca\/general-ca\/el-grup-abd-estrena-el-podcast-pel-mon-que-volem-per-donar-veu-a-les-histories-de-vida-de-persones-en-situacio-de-vulnerabilitat\/","og_locale":"ca_ES","og_type":"article","og_title":"El Grup ABD estrena el p\u00f2dcast 'Pel m\u00f3n que volem' per donar veu a les hist\u00f2ries de vida de persones en situaci\u00f3 de vulnerabilitat - ABD","og_description":"Mensualment compartirem testimonis vinculats als m\u00e9s de 170 programes que actualment desenvolupem. El primer cap\u00edtol s'estrenar\u00e0 el proper dilluns 31 de","og_url":"https:\/\/abd.ong\/ca\/general-ca\/el-grup-abd-estrena-el-podcast-pel-mon-que-volem-per-donar-veu-a-les-histories-de-vida-de-persones-en-situacio-de-vulnerabilitat\/","og_site_name":"ABD","article_publisher":"https:\/\/www.facebook.com\/abd.ong","article_published_time":"2025-03-26T08:11:14+00:00","article_modified_time":"2025-03-26T10:03:07+00:00","og_image":[{"width":1024,"height":576,"url":"https:\/\/abd.ong\/wp-content\/uploads\/2025\/03\/Light-Pink-Pastel-Red-Clean-and-Corporate-Protest-Content-Pro-choice-Twitter-Post-2025-03-24T142739.899-2-1024x576.png","type":"image\/png"}],"author":"Enric Guinart","twitter_card":"summary_large_image","twitter_image":"https:\/\/abd.ong\/wp-content\/uploads\/2025\/03\/Light-Pink-Pastel-Red-Clean-and-Corporate-Protest-Content-Pro-choice-Twitter-Post-2025-03-24T142739.899-2.png","twitter_creator":"@abd_ong","twitter_site":"@abd_ong","twitter_misc":{"Escrit per":"Enric Guinart","Temps estimat de lectura":"5 minuts"},"schema":{"@context":"https:\/\/schema.org","@graph":[{"@type":"Article","@id":"https:\/\/abd.ong\/ca\/general-ca\/el-grup-abd-estrena-el-podcast-pel-mon-que-volem-per-donar-veu-a-les-histories-de-vida-de-persones-en-situacio-de-vulnerabilitat\/#article","isPartOf":{"@id":"https:\/\/abd.ong\/ca\/general-ca\/el-grup-abd-estrena-el-podcast-pel-mon-que-volem-per-donar-veu-a-les-histories-de-vida-de-persones-en-situacio-de-vulnerabilitat\/"},"author":{"name":"Enric Guinart","@id":"https:\/\/abd.ong\/ca\/#\/schema\/person\/d0f5fe279a7ad908de6a6d1332bfd7d8"},"headline":"El Grup ABD estrena el p\u00f2dcast &#8216;Pel m\u00f3n que volem&#8217; per donar veu a les hist\u00f2ries de vida de persones en situaci\u00f3 de vulnerabilitat","datePublished":"2025-03-26T08:11:14+00:00","dateModified":"2025-03-26T10:03:07+00:00","mainEntityOfPage":{"@id":"https:\/\/abd.ong\/ca\/general-ca\/el-grup-abd-estrena-el-podcast-pel-mon-que-volem-per-donar-veu-a-les-histories-de-vida-de-persones-en-situacio-de-vulnerabilitat\/"},"wordCount":721,"publisher":{"@id":"https:\/\/abd.ong\/ca\/#organization"},"image":{"@id":"https:\/\/abd.ong\/ca\/general-ca\/el-grup-abd-estrena-el-podcast-pel-mon-que-volem-per-donar-veu-a-les-histories-de-vida-de-persones-en-situacio-de-vulnerabilitat\/#primaryimage"},"thumbnailUrl":"https:\/\/abd.ong\/wp-content\/uploads\/2025\/03\/Light-Pink-Pastel-Red-Clean-and-Corporate-Protest-Content-Pro-choice-Twitter-Post-2025-03-24T142739.899-1.png","keywords":["ABD","ABD i R\u00e0dio Maconda","Asociaci\u00f3n Bienestar y Desarrollo","persones en situaci\u00f3 de vulnerabilitat","p\u00f2dcast ABD","p\u00f2dcast Associaci\u00f3 Benestar i Desenvolupament","p\u00f2dcast Grup ABD","p\u00f2dcast pel m\u00f3n que volem","r\u00e0dio comunit\u00e0ria","R\u00e0dio Maconda"],"articleSection":["General"],"inLanguage":"ca"},{"@type":"WebPage","@id":"https:\/\/abd.ong\/ca\/general-ca\/el-grup-abd-estrena-el-podcast-pel-mon-que-volem-per-donar-veu-a-les-histories-de-vida-de-persones-en-situacio-de-vulnerabilitat\/","url":"https:\/\/abd.ong\/ca\/general-ca\/el-grup-abd-estrena-el-podcast-pel-mon-que-volem-per-donar-veu-a-les-histories-de-vida-de-persones-en-situacio-de-vulnerabilitat\/","name":"El Grup ABD estrena el p\u00f2dcast 'Pel m\u00f3n que volem' per donar veu a les hist\u00f2ries de vida de persones en situaci\u00f3 de vulnerabilitat - ABD","isPartOf":{"@id":"https:\/\/abd.ong\/ca\/#website"},"primaryImageOfPage":{"@id":"https:\/\/abd.ong\/ca\/general-ca\/el-grup-abd-estrena-el-podcast-pel-mon-que-volem-per-donar-veu-a-les-histories-de-vida-de-persones-en-situacio-de-vulnerabilitat\/#primaryimage"},"image":{"@id":"https:\/\/abd.ong\/ca\/general-ca\/el-grup-abd-estrena-el-podcast-pel-mon-que-volem-per-donar-veu-a-les-histories-de-vida-de-persones-en-situacio-de-vulnerabilitat\/#primaryimage"},"thumbnailUrl":"https:\/\/abd.ong\/wp-content\/uploads\/2025\/03\/Light-Pink-Pastel-Red-Clean-and-Corporate-Protest-Content-Pro-choice-Twitter-Post-2025-03-24T142739.899-1.png","datePublished":"2025-03-26T08:11:14+00:00","dateModified":"2025-03-26T10:03:07+00:00","description":"Mensualment compartirem testimonis vinculats als m\u00e9s de 170 programes que actualment desenvolupem. El primer cap\u00edtol s'estrenar\u00e0 el proper dilluns 31 de","breadcrumb":{"@id":"https:\/\/abd.ong\/ca\/general-ca\/el-grup-abd-estrena-el-podcast-pel-mon-que-volem-per-donar-veu-a-les-histories-de-vida-de-persones-en-situacio-de-vulnerabilitat\/#breadcrumb"},"inLanguage":"ca","potentialAction":[{"@type":"ReadAction","target":["https:\/\/abd.ong\/ca\/general-ca\/el-grup-abd-estrena-el-podcast-pel-mon-que-volem-per-donar-veu-a-les-histories-de-vida-de-persones-en-situacio-de-vulnerabilitat\/"]}]},{"@type":"ImageObject","inLanguage":"ca","@id":"https:\/\/abd.ong\/ca\/general-ca\/el-grup-abd-estrena-el-podcast-pel-mon-que-volem-per-donar-veu-a-les-histories-de-vida-de-persones-en-situacio-de-vulnerabilitat\/#primaryimage","url":"https:\/\/abd.ong\/wp-content\/uploads\/2025\/03\/Light-Pink-Pastel-Red-Clean-and-Corporate-Protest-Content-Pro-choice-Twitter-Post-2025-03-24T142739.899-1.png","contentUrl":"https:\/\/abd.ong\/wp-content\/uploads\/2025\/03\/Light-Pink-Pastel-Red-Clean-and-Corporate-Protest-Content-Pro-choice-Twitter-Post-2025-03-24T142739.899-1.png","width":2048,"height":1152},{"@type":"BreadcrumbList","@id":"https:\/\/abd.ong\/ca\/general-ca\/el-grup-abd-estrena-el-podcast-pel-mon-que-volem-per-donar-veu-a-les-histories-de-vida-de-persones-en-situacio-de-vulnerabilitat\/#breadcrumb","itemListElement":[{"@type":"ListItem","position":1,"name":"Inici","item":"https:\/\/abd.ong\/ca\/"},{"@type":"ListItem","position":2,"name":"El Grup ABD estrena el p\u00f2dcast &#8216;Pel m\u00f3n que volem&#8217; per donar veu a les hist\u00f2ries de vida de persones en situaci\u00f3 de vulnerabilitat"}]},{"@type":"WebSite","@id":"https:\/\/abd.ong\/ca\/#website","url":"https:\/\/abd.ong\/ca\/","name":"ABD","description":"Asociaci\u00f3n Bienestar y Desarrollo","publisher":{"@id":"https:\/\/abd.ong\/ca\/#organization"},"potentialAction":[{"@type":"SearchAction","target":{"@type":"EntryPoint","urlTemplate":"https:\/\/abd.ong\/ca\/?s={search_term_string}"},"query-input":{"@type":"PropertyValueSpecification","valueRequired":true,"valueName":"search_term_string"}}],"inLanguage":"ca"},{"@type":"Organization","@id":"https:\/\/abd.ong\/ca\/#organization","name":"Associaci\u00f3 Benestar i Desenvolupament","alternateName":"ABD","url":"https:\/\/abd.ong\/ca\/","logo":{"@type":"ImageObject","inLanguage":"ca","@id":"https:\/\/abd.ong\/ca\/#\/schema\/logo\/image\/","url":"https:\/\/abd.ong\/wp-content\/uploads\/2023\/01\/Icona.png","contentUrl":"https:\/\/abd.ong\/wp-content\/uploads\/2023\/01\/Icona.png","width":190,"height":187,"caption":"Associaci\u00f3 Benestar i Desenvolupament"},"image":{"@id":"https:\/\/abd.ong\/ca\/#\/schema\/logo\/image\/"},"sameAs":["https:\/\/www.facebook.com\/abd.ong","https:\/\/x.com\/abd_ong","https:\/\/www.instagram.com\/abd_ong\/","https:\/\/www.linkedin.com\/company\/abdong","https:\/\/www.youtube.com\/user\/CANALABD"]},{"@type":"Person","@id":"https:\/\/abd.ong\/ca\/#\/schema\/person\/d0f5fe279a7ad908de6a6d1332bfd7d8","name":"Enric Guinart"}]}},"_links":{"self":[{"href":"https:\/\/abd.ong\/ca\/wp-json\/wp\/v2\/posts\/167998","targetHints":{"allow":["GET"]}}],"collection":[{"href":"https:\/\/abd.ong\/ca\/wp-json\/wp\/v2\/posts"}],"about":[{"href":"https:\/\/abd.ong\/ca\/wp-json\/wp\/v2\/types\/post"}],"author":[{"embeddable":true,"href":"https:\/\/abd.ong\/ca\/wp-json\/wp\/v2\/users\/2"}],"replies":[{"embeddable":true,"href":"https:\/\/abd.ong\/ca\/wp-json\/wp\/v2\/comments?post=167998"}],"version-history":[{"count":3,"href":"https:\/\/abd.ong\/ca\/wp-json\/wp\/v2\/posts\/167998\/revisions"}],"predecessor-version":[{"id":168156,"href":"https:\/\/abd.ong\/ca\/wp-json\/wp\/v2\/posts\/167998\/revisions\/168156"}],"wp:featuredmedia":[{"embeddable":true,"href":"https:\/\/abd.ong\/ca\/wp-json\/wp\/v2\/media\/168034"}],"wp:attachment":[{"href":"https:\/\/abd.ong\/ca\/wp-json\/wp\/v2\/media?parent=167998"}],"wp:term":[{"taxonomy":"category","embeddable":true,"href":"https:\/\/abd.ong\/ca\/wp-json\/wp\/v2\/categories?post=167998"},{"taxonomy":"post_tag","embeddable":true,"href":"https:\/\/abd.ong\/ca\/wp-json\/wp\/v2\/tags?post=167998"}],"curies":[{"name":"wp","href":"https:\/\/api.w.org\/{rel}","templated":true}]}}