{"id":16757,"date":"2020-08-26T21:08:48","date_gmt":"2020-08-26T19:08:48","guid":{"rendered":"https:\/\/abd.ong\/?p=16757"},"modified":"2022-07-25T10:56:47","modified_gmt":"2022-07-25T08:56:47","slug":"acol-una-oportunitat-de-coneixement-formacio-i-portes-obertes-per-al-futur","status":"publish","type":"post","link":"https:\/\/abd.ong\/ca\/desigualtat\/acol-una-oportunitat-de-coneixement-formacio-i-portes-obertes-per-al-futur\/","title":{"rendered":"ACOL: Una oportunitat de coneixement, formaci\u00f3 i portes obertes per al futur"},"content":{"rendered":"\n<h3 class=\"wp-block-heading\">La l\u00ednia de subvencions ACOL busca <strong>afavorir la inserci\u00f3 <\/strong>de persones en situaci\u00f3 d&#8217;atur de llarga durada i permet accedir a l&#8217;<strong>arrelament social<\/strong><\/h3>\n\n\n\n<hr class=\"wp-block-separator is-style-dots\"\/>\n\n\n\n<p>D\u00e9nia, mare sola, va sortir d&#8217;Hondures embarassada per tirar les seves filles endavant.&nbsp;La Viktoria, va arribar poc despr\u00e9s que el seu marit mentre Ucra\u00efna comen\u00e7ava una guerra. Va arribar a Barcelona tamb\u00e9 embarassada i va passar 9 mesos a Sevilla en el programa d&#8217;acollida de persones refugiades. Quan el seu marit va trobar feina a Barcelona, van tornar. Per part seva, Bella va arribar el 2013 amb el seu marit, es va quedar embarassada i ara tenen dues filles.&nbsp;Yoni&nbsp;va sortir de Vene\u00e7uela i va estar un temps a Holanda. Despr\u00e9s d&#8217;una mala temporada va venir a Espanya, passant per Madrid i instal\u00b7lant-se finalment a Barcelona per a millorar la seva situaci\u00f3.<\/p>\n\n\n\n<p>Totes elles han treballat a l&#8217;<a rel=\"noreferrer noopener\" href=\"https:\/\/abd.ong\/ca\/\" target=\"_blank\">Associaci\u00f3 Benestar i Desenvolupament ABD <\/a>gr\u00e0cies a la <a rel=\"noreferrer noopener\" href=\"https:\/\/web.gencat.cat\/ca\/tramits\/tramits-temes\/Programa-Treball-i-Formacio\" target=\"_blank\">l\u00ednia de subvencions ACOL <\/a>que t\u00e9 com a objectiu <strong>afavorir la inserci\u00f3 i millorar l&#8217;ocupabilitat <\/strong>de persones en situaci\u00f3 d&#8217;atur de llarga durada i permet accedir a una autoritzaci\u00f3 de resid\u00e8ncia excepcional d&#8217;<strong>arrelament social <\/strong>a persones en situaci\u00f3 administrativa irregular, en obtenir un contracte d&#8217;un any.\u00a0<\/p>\n\n\n\n<p>Aquesta l\u00ednia de subvencions ha estat impulsada pel Servei d&#8217;Ocupaci\u00f3 de Catalunya juntament amb el Departament de Treball, Afers Socials i Fam\u00edlies, a trav\u00e9s de la Secretaria d&#8217;Igualtat, Migracions i Ciutadania. S&#8217;inscriu en el\u00a0Programa Treball i Formaci\u00f3, i es tracta d&#8217;una l\u00ednia finan\u00e7ada pel Fons Social Europeu\u00a0en el marc del Programa Operatiu de Catalunya 2014-2020.<\/p>\n\n\n\n<p>La valoraci\u00f3 d&#8217;aquesta experi\u00e8ncia \u00e9s molt positiva, tant per la possibilitat d&#8217;accedir a la documentaci\u00f3 com pels coneixements i la formaci\u00f3 rebuts.<\/p>\n\n\n\n<p>\u201cFer el pas just quan estava ja embarassada va ser precisament la meva motivaci\u00f3 per a pensar que ja l&#8217;estava passant mal i amb una tercera filla anava a ser pitjor\u201d. Aix\u00ed explica D\u00e9nia com va prendre la decisi\u00f3 de sortir d&#8217;Hondures per a venir a Espanya. &#8220;Sabia que, si emigrava, seria dif\u00edcil, que passaria malament al principi, per\u00f2 que aviat tiraria endavant\u201d, afegeix.&nbsp;Viktoria&nbsp;reconeix que el primer any va ser molt dif\u00edcil: \u201cPensem que tornem, per\u00f2 en aquest moment a Ucra\u00efna comen\u00e7ava una guerra i feia por tornar. I tamb\u00e9 estava embarassada\u201d, exposa.<\/p>\n\n\n\n<h4 class=\"wp-block-heading\">Acc\u00e9s a l&#8217;habitatge i al treball, grans reptes<\/h4>\n\n\n\n<p>Cases okupes, habitatges compartits amb familiars o amics\u2026 l&#8217;acc\u00e9s a l&#8217;habitatge \u00e9s un dels grans reptes. \u201cVaig estar sola vivint en una habitaci\u00f3 d&#8217;okupa perqu\u00e8 no trobava un lloc on viure. La meva situaci\u00f3 amb l&#8217;habitatge continua complicada i de fet fins i tot vaig estar quatre dies al carrer perqu\u00e8 no trobava lloc on viure, ja que tenia una beb\u00e8 i ning\u00fa vol llogar a dones amb fills\u201d, relata la D\u00e9nia.<\/p>\n\n\n\n<p>Encara que ella va poder treballar com a interna, dues setmanes abans de n\u00e9ixer la seva filla la van acomiadar i la van treure tamb\u00e9 de l&#8217;habitaci\u00f3 a la casa okupa. \u201cJo no coneixia els meus drets. Jo no sabia res de qu\u00e8 havia de fer en la meva situaci\u00f3\u201d. Sense feina i sense la seva documentaci\u00f3 en regla, va passar quatre dies al carrer i va tornar a una okupa.<\/p>\n\n\n\n<p>La Viktoria&nbsp;i la seva fam\u00edlia van passar quatre mesos vivint amb un familiar del seu marit i despr\u00e9s van poder llogar un pis petit, de 20 metres quadrats. Una situaci\u00f3 similar a la de Bella, qui va estar vivint amb el germ\u00e0 del seu marit fins a poder llogar un pis per a la seva fam\u00edlia.<\/p>\n\n\n\n<p>Trobar una feina tamb\u00e9 va ser un desafiament. Sense perm\u00eds de treball i\/o amb menors a c\u00e0rrec, algunes van poder treballar com a cuidadores de nens o tasques de neteja com&nbsp;la Viktoria&nbsp;o en la restauraci\u00f3 com&nbsp;en Yoni, qui va poder fer de cambrer, relacions p\u00fabliques\u2026 \u201csense contracte\u201d, aclareix. Altres van haver de prendre decisions dif\u00edcils: \u201cSi no havia de menjar, no menjava, jo sabia que no tenia una entrada de diners i la meva \u00fanica preocupaci\u00f3 o la meva preocupaci\u00f3 aqu\u00ed va ser l&#8217;habitatge; perqu\u00e8 aix\u00f2 s\u00ed, em va preocupar no tenir on viure perqu\u00e8 estava amb una filla. Jo ho podia passar, per\u00f2 la meva filla no\u201d, sentencia la D\u00e9nia. Encara aix\u00ed, quan li parlen de demanar ajudes, respon contundent: \u201cjo no vaig venir a Espanya a viure d&#8217;ajudes. Jo vull treballar i tirar endavant\u201d.<\/p>\n\n\n\n<h4 class=\"wp-block-heading\"><strong>Contacte amb ABD<\/strong><\/h4>\n\n\n\n<p>\u201cUna noia que era a l&#8217;hospital, que em va practicar una ecografia, es va adonar de la meva situaci\u00f3 m\u00e9s o menys i em va parlar de les ajudes que hi havia. Es va interessar per mi. Coneixia a&nbsp;ABD, coneixia a persones que treballen aqu\u00ed i va parlar amb les noies de&nbsp;ABD; aix\u00ed vaig arribar als pisos d&#8217;acolliment. Vaig viure aqu\u00ed catorze mesos\u201d, relata D\u00e9nia. Se sentia molt b\u00e9 pel tracte i el suport que va rebre de les professionals del <a rel=\"noreferrer noopener\" href=\"https:\/\/preinfant.org\/\" target=\"_blank\">programa Preinfant<\/a> d&#8217;ABD, pero tambi\u00e9 angoixada per la manca de feina. Va sortir del pis al novembre del 2017 sense ocupaci\u00f3 i sense un lloc on viure, per\u00f2 mai va perdre el contacte amb la referent d&#8217;ABD. Igualment, participava ass\u00edduament en el <a rel=\"noreferrer noopener\" href=\"https:\/\/www.youtube.com\/watch?v=46wxE93TSZc\" target=\"_blank\">projecte +Q Roba<\/a>. \u201cAll\u00ed compartia molt amb les noies i em van ajudar a superar-ho tot\u201d, apunta. Va ser la seva referent de&nbsp;Preinfant&nbsp;qui la va informar sobre la possibilitat de treballar a <a rel=\"noreferrer noopener\" href=\"https:\/\/comunitatactiva.org\/\" target=\"_blank\">Comunitat Activa<\/a> amb la linia de subvencions ACOL. \u201cNo sabia massa de qu\u00e8 anava el programa, pero vaig venir a una entrevista. Em van dir quin era la meva feina. Tot va ser molt r\u00e0pid. Fins que d&#8217;un dia per a un altre em van dir que em present\u00e9s a treballar\u201d, recorda.<\/p>\n\n\n\n<div class=\"wp-block-image\"><figure class=\"aligncenter size-large is-resized\"><img fetchpriority=\"high\" decoding=\"async\" src=\"\/wp-content\/uploads\/2020\/08\/SAM_4594-scaled-e1598467650660-1024x676.jpg\" alt=\"\" class=\"wp-image-16741\" width=\"516\" height=\"340\" srcset=\"https:\/\/abd.ong\/wp-content\/uploads\/2020\/08\/SAM_4594-scaled-e1598467650660-1024x676.jpg 1024w, https:\/\/abd.ong\/wp-content\/uploads\/2020\/08\/SAM_4594-scaled-e1598467650660-300x198.jpg 300w, https:\/\/abd.ong\/wp-content\/uploads\/2020\/08\/SAM_4594-scaled-e1598467650660-768x507.jpg 768w, https:\/\/abd.ong\/wp-content\/uploads\/2020\/08\/SAM_4594-scaled-e1598467650660-1536x1014.jpg 1536w, https:\/\/abd.ong\/wp-content\/uploads\/2020\/08\/SAM_4594-scaled-e1598467650660-2048x1352.jpg 2048w\" sizes=\"(max-width: 516px) 100vw, 516px\" \/><figcaption>La D\u00e9nia i la Viktoria a Comunitat Activa<\/figcaption><\/figure><\/div>\n\n\n\n<p>Tamb\u00e9 Bella va con\u00e8ixer a&nbsp;ABD&nbsp;estant embarassada. \u201cLa meva treballadora social em va parlar del programa&nbsp;Preinfant\u201d, rememora, \u201cestava embarassada de 8 mesos i durant una visita regular em va dir que hi havia una oferta de treball en el procediment de&nbsp;ACOL. Vaig presentar els meus papers i passats uns mesos em va cridar per a una entrevista. Vaig tenir sort i em va dir que tingut sort i m&#8217;ha dit que em contractaran\u201d. \u201c<strong>Per a mi va ser una gran not\u00edcia. Va ser una crida molt esperada<\/strong>\u201d, perqu\u00e8 \u201cprimer has de tenir un treball per a tenir els papers\u201d, apunta.<\/p>\n\n\n\n<div class=\"wp-block-image\"><figure class=\"aligncenter size-large is-resized\"><img decoding=\"async\" src=\"\/wp-content\/uploads\/2020\/08\/SAM_1503-1024x683.jpg\" alt=\"\" class=\"wp-image-16747\" width=\"522\" height=\"347\" srcset=\"https:\/\/abd.ong\/wp-content\/uploads\/2020\/08\/SAM_1503-1024x683.jpg 1024w, https:\/\/abd.ong\/wp-content\/uploads\/2020\/08\/SAM_1503-300x200.jpg 300w, https:\/\/abd.ong\/wp-content\/uploads\/2020\/08\/SAM_1503-768x512.jpg 768w, https:\/\/abd.ong\/wp-content\/uploads\/2020\/08\/SAM_1503-1536x1024.jpg 1536w, https:\/\/abd.ong\/wp-content\/uploads\/2020\/08\/SAM_1503.jpg 2048w, https:\/\/abd.ong\/wp-content\/uploads\/2020\/08\/SAM_1503-600x400.jpg 600w, https:\/\/abd.ong\/wp-content\/uploads\/2020\/08\/SAM_1503-1920x1280.jpg 1920w\" sizes=\"(max-width: 522px) 100vw, 522px\" \/><figcaption>La Bella a Preinfant<\/figcaption><\/figure><\/div>\n\n\n\n<p>En el cas de&nbsp;Viktoria&nbsp;i&nbsp;Yoni&nbsp;van ser altres entitats les que els van dirigir a&nbsp;ABD. Va ser la <a rel=\"noreferrer noopener\" href=\"https:\/\/www.ficat.org\/\" target=\"_blank\">Fundaci\u00f3&nbsp;Ficat<\/a>&nbsp;qui va enviar el curr\u00edculum de&nbsp;Viktoria&nbsp;a Comunitat Activa i&nbsp;<a rel=\"noreferrer noopener\" href=\"https:\/\/stopsida.org\/\" target=\"_blank\">StopSida<\/a>&nbsp;qui va referir a&nbsp;Yoni&nbsp;a&nbsp;ABD. \u201cEm van posar en contacte amb&nbsp;ABD&nbsp;perqu\u00e8 ells tenen suport emocional, suport de regularitzaci\u00f3, suport d&#8217;inserci\u00f3 laboral\u2026 i a m\u00e9s de totes les ajudes que tenen, m&#8217;han ajudat amb el problema de legalitzaci\u00f3. A trav\u00e9s d&#8217;aquesta organitzaci\u00f3, em van donar una eina per a poder legalitzar-me\u201d, assenyala. <\/p>\n\n\n\n<h4 class=\"wp-block-heading\">Experi\u00e8ncia, coneixements i regularitzaci\u00f3<\/h4>\n\n\n\n<p>Una de les particularitats de la l\u00ednia&nbsp;ACOL&nbsp;\u00e9s la possibilitat per a les persones estrangeres en situaci\u00f3 administrativa irregular d&#8217;<strong>accedir a l&#8217;arrelament social a trav\u00e9s del contracte<\/strong> amb una organitzaci\u00f3 social o altres entitats. \u201cEl proc\u00e9s va durar 8 mesos perqu\u00e8 per a donar-te la targeta de resid\u00e8ncia, per a viure, per a treballar\u2026 hi ha un temps\u201d, recorda&nbsp;Yoni. \u201cEl 2018 vaig entrar en aquest programa i el mes de febrer del 2019 la Generalitat em va aprovar la documentaci\u00f3, la resid\u00e8ncia d&#8217;Espanya i el perm\u00eds de treball\u201d, afegeix.<\/p>\n\n\n\n<div class=\"wp-block-image\"><figure class=\"aligncenter size-large is-resized\"><img decoding=\"async\" src=\"\/wp-content\/uploads\/2020\/08\/SAM_4742-1024x683.jpg\" alt=\"\" class=\"wp-image-16750\" width=\"523\" height=\"348\" srcset=\"https:\/\/abd.ong\/wp-content\/uploads\/2020\/08\/SAM_4742-1024x683.jpg 1024w, https:\/\/abd.ong\/wp-content\/uploads\/2020\/08\/SAM_4742-300x200.jpg 300w, https:\/\/abd.ong\/wp-content\/uploads\/2020\/08\/SAM_4742-768x512.jpg 768w, https:\/\/abd.ong\/wp-content\/uploads\/2020\/08\/SAM_4742-1536x1024.jpg 1536w, https:\/\/abd.ong\/wp-content\/uploads\/2020\/08\/SAM_4742.jpg 2048w, https:\/\/abd.ong\/wp-content\/uploads\/2020\/08\/SAM_4742-600x400.jpg 600w, https:\/\/abd.ong\/wp-content\/uploads\/2020\/08\/SAM_4742-1920x1280.jpg 1920w\" sizes=\"(max-width: 523px) 100vw, 523px\" \/><figcaption>En Yoni durant la seva experi\u00e8ncia a ABD<\/figcaption><\/figure><\/div>\n\n\n\n<p>\u201c<strong>Tot el que m&#8217;ha aportat\u00a0ABD\u00a0m&#8217;ha ajudat a ser independent, a seguir cap endavant,<\/strong> i seguir a la seg\u00fcent fase que seria aplicar a un altre lloc de treball&#8230; i continuar formant-me, en el que m\u00e9s m&#8217;agrada\u201d, resumeix\u00a0Yoni. En la mateixa l\u00ednia, Bella considera que \u201cno \u00e9s nom\u00e9s el treball\u201d. \u201cEm trobo amb la formaci\u00f3, l&#8217;experi\u00e8ncia, els documents\u2026 tot\u201d, conclou. Concretament,\u00a0Viktoria\u00a0explica que va aprendre tasques d&#8217;administrativa, inform\u00e0tica\u2026 Amb experi\u00e8ncia i la documentaci\u00f3 per a residir i treballar a Espanya \u201che ampliat el meu curr\u00edculum i s\u00ed, buscar\u00e9 treball. Crec que no tornarem. Ens quedarem aqu\u00ed\u201d, reflexiona. Amb esperan\u00e7a i confian\u00e7a, D\u00e9nia subratlla; \u201c\u00e9s com arribar al cim i voler escalar una mica m\u00e9s. <strong>Si vaig venir a Espanya va ser amb una ambici\u00f3. Vull treballar per a aix\u00f2<\/strong>\u201d. Recordant a les seves filles que segueixen a Hondures finalitza: \u201cVull treure el millor de mi per a aprendre i poder portar algun dia a les meves filles.\u201d<\/p>\n\n\n\n<p><\/p>\n\n\n\n<p>Amb el suport de:<\/p>\n\n\n\n<figure class=\"wp-block-image size-large\"><img loading=\"lazy\" decoding=\"async\" width=\"1024\" height=\"146\" src=\"\/wp-content\/uploads\/2020\/08\/Harmonitzacio\u0301_SOC_GENE_MINISTERIO_FSE-1024x146.jpg\" alt=\"\" class=\"wp-image-16792\" srcset=\"https:\/\/abd.ong\/wp-content\/uploads\/2020\/08\/Harmonitzacio\u0301_SOC_GENE_MINISTERIO_FSE-1024x146.jpg 1024w, https:\/\/abd.ong\/wp-content\/uploads\/2020\/08\/Harmonitzacio\u0301_SOC_GENE_MINISTERIO_FSE-300x43.jpg 300w, https:\/\/abd.ong\/wp-content\/uploads\/2020\/08\/Harmonitzacio\u0301_SOC_GENE_MINISTERIO_FSE-768x109.jpg 768w, https:\/\/abd.ong\/wp-content\/uploads\/2020\/08\/Harmonitzacio\u0301_SOC_GENE_MINISTERIO_FSE-1536x219.jpg 1536w, https:\/\/abd.ong\/wp-content\/uploads\/2020\/08\/Harmonitzacio\u0301_SOC_GENE_MINISTERIO_FSE.jpg 1968w\" sizes=\"(max-width: 1024px) 100vw, 1024px\" \/><\/figure>\n","protected":false},"excerpt":{"rendered":"<p>La l\u00ednia de subvencions ACOL busca afavorir la inserci\u00f3 de persones en situaci\u00f3 d&#8217;atur de llarga durada i permet accedir a l&#8217;arrelament social D\u00e9nia, mare sola, va sortir d&#8217;Hondures embarassada&hellip;<\/p>\n","protected":false},"author":9,"featured_media":16737,"comment_status":"closed","ping_status":"closed","sticky":false,"template":"","format":"standard","meta":{"_acf_changed":false,"footnotes":""},"categories":[1299],"tags":[2022,1217,289,821,1227,742,327],"class_list":["post-16757","post","type-post","status-publish","format-standard","has-post-thumbnail","hentry","category-desigualtat","tag-acol-2","tag-comunitat-activa-ca-2","tag-inclusio-social","tag-insercio-laboral-ca","tag-migracio-ca-2","tag-preinfant-2","tag-preinfant"],"acf":[],"yoast_head":"<!-- This site is optimized with the Yoast SEO plugin v27.4 - https:\/\/yoast.com\/product\/yoast-seo-wordpress\/ -->\n<title>ACOL: Una oportunitat de coneixement, formaci\u00f3 i portes obertes per al futur - ABD<\/title>\n<meta name=\"description\" content=\"La l\u00ednia de subvencions ACOL busca afavorir la inserci\u00f3 de persones en situaci\u00f3 d&#039;atur de llarga durada i permet accedir a l&#039;arrelament social D\u00e9nia, mare\" \/>\n<meta name=\"robots\" content=\"index, follow, max-snippet:-1, max-image-preview:large, max-video-preview:-1\" \/>\n<link rel=\"canonical\" href=\"https:\/\/abd.ong\/ca\/desigualtat\/acol-una-oportunitat-de-coneixement-formacio-i-portes-obertes-per-al-futur\/\" \/>\n<meta property=\"og:locale\" content=\"ca_ES\" \/>\n<meta property=\"og:type\" content=\"article\" \/>\n<meta property=\"og:title\" content=\"ACOL: Una oportunitat de coneixement, formaci\u00f3 i portes obertes per al futur - ABD\" \/>\n<meta property=\"og:description\" content=\"La l\u00ednia de subvencions ACOL busca afavorir la inserci\u00f3 de persones en situaci\u00f3 d&#039;atur de llarga durada i permet accedir a l&#039;arrelament social D\u00e9nia, mare\" \/>\n<meta property=\"og:url\" content=\"https:\/\/abd.ong\/ca\/desigualtat\/acol-una-oportunitat-de-coneixement-formacio-i-portes-obertes-per-al-futur\/\" \/>\n<meta property=\"og:site_name\" content=\"ABD\" \/>\n<meta property=\"article:publisher\" content=\"https:\/\/www.facebook.com\/abd.ong\" \/>\n<meta property=\"article:published_time\" content=\"2020-08-26T19:08:48+00:00\" \/>\n<meta property=\"article:modified_time\" content=\"2022-07-25T08:56:47+00:00\" \/>\n<meta property=\"og:image\" content=\"https:\/\/abd.ong\/wp-content\/uploads\/2020\/08\/SAM_4590.jpg\" \/>\n\t<meta property=\"og:image:width\" content=\"3888\" \/>\n\t<meta property=\"og:image:height\" content=\"2592\" \/>\n\t<meta property=\"og:image:type\" content=\"image\/jpeg\" \/>\n<meta name=\"author\" content=\"Maria Creixell\" \/>\n<meta name=\"twitter:card\" content=\"summary_large_image\" \/>\n<meta name=\"twitter:creator\" content=\"@abd_ong\" \/>\n<meta name=\"twitter:site\" content=\"@abd_ong\" \/>\n<meta name=\"twitter:label1\" content=\"Escrit per\" \/>\n\t<meta name=\"twitter:data1\" content=\"Maria Creixell\" \/>\n\t<meta name=\"twitter:label2\" content=\"Temps estimat de lectura\" \/>\n\t<meta name=\"twitter:data2\" content=\"7 minuts\" \/>\n<script type=\"application\/ld+json\" class=\"yoast-schema-graph\">{\"@context\":\"https:\\\/\\\/schema.org\",\"@graph\":[{\"@type\":\"Article\",\"@id\":\"https:\\\/\\\/abd.ong\\\/ca\\\/desigualtat\\\/acol-una-oportunitat-de-coneixement-formacio-i-portes-obertes-per-al-futur\\\/#article\",\"isPartOf\":{\"@id\":\"https:\\\/\\\/abd.ong\\\/ca\\\/desigualtat\\\/acol-una-oportunitat-de-coneixement-formacio-i-portes-obertes-per-al-futur\\\/\"},\"author\":{\"name\":\"Maria Creixell\",\"@id\":\"https:\\\/\\\/abd.ong\\\/ca\\\/#\\\/schema\\\/person\\\/d2e158b4173f683b3898e286f5b35a10\"},\"headline\":\"ACOL: Una oportunitat de coneixement, formaci\u00f3 i portes obertes per al futur\",\"datePublished\":\"2020-08-26T19:08:48+00:00\",\"dateModified\":\"2022-07-25T08:56:47+00:00\",\"mainEntityOfPage\":{\"@id\":\"https:\\\/\\\/abd.ong\\\/ca\\\/desigualtat\\\/acol-una-oportunitat-de-coneixement-formacio-i-portes-obertes-per-al-futur\\\/\"},\"wordCount\":1552,\"publisher\":{\"@id\":\"https:\\\/\\\/abd.ong\\\/ca\\\/#organization\"},\"image\":{\"@id\":\"https:\\\/\\\/abd.ong\\\/ca\\\/desigualtat\\\/acol-una-oportunitat-de-coneixement-formacio-i-portes-obertes-per-al-futur\\\/#primaryimage\"},\"thumbnailUrl\":\"https:\\\/\\\/abd.ong\\\/wp-content\\\/uploads\\\/2020\\\/08\\\/SAM_4590.jpg\",\"keywords\":[\"ACOL\",\"Comunitat Activa\",\"inclusi\u00f3 social\",\"inserci\u00f3 laboral\",\"migraci\u00f3\",\"Preinfant\",\"Preinfant\"],\"articleSection\":[\"Desigualtat\"],\"inLanguage\":\"ca\"},{\"@type\":\"WebPage\",\"@id\":\"https:\\\/\\\/abd.ong\\\/ca\\\/desigualtat\\\/acol-una-oportunitat-de-coneixement-formacio-i-portes-obertes-per-al-futur\\\/\",\"url\":\"https:\\\/\\\/abd.ong\\\/ca\\\/desigualtat\\\/acol-una-oportunitat-de-coneixement-formacio-i-portes-obertes-per-al-futur\\\/\",\"name\":\"ACOL: Una oportunitat de coneixement, formaci\u00f3 i portes obertes per al futur - ABD\",\"isPartOf\":{\"@id\":\"https:\\\/\\\/abd.ong\\\/ca\\\/#website\"},\"primaryImageOfPage\":{\"@id\":\"https:\\\/\\\/abd.ong\\\/ca\\\/desigualtat\\\/acol-una-oportunitat-de-coneixement-formacio-i-portes-obertes-per-al-futur\\\/#primaryimage\"},\"image\":{\"@id\":\"https:\\\/\\\/abd.ong\\\/ca\\\/desigualtat\\\/acol-una-oportunitat-de-coneixement-formacio-i-portes-obertes-per-al-futur\\\/#primaryimage\"},\"thumbnailUrl\":\"https:\\\/\\\/abd.ong\\\/wp-content\\\/uploads\\\/2020\\\/08\\\/SAM_4590.jpg\",\"datePublished\":\"2020-08-26T19:08:48+00:00\",\"dateModified\":\"2022-07-25T08:56:47+00:00\",\"description\":\"La l\u00ednia de subvencions ACOL busca afavorir la inserci\u00f3 de persones en situaci\u00f3 d'atur de llarga durada i permet accedir a l'arrelament social D\u00e9nia, mare\",\"breadcrumb\":{\"@id\":\"https:\\\/\\\/abd.ong\\\/ca\\\/desigualtat\\\/acol-una-oportunitat-de-coneixement-formacio-i-portes-obertes-per-al-futur\\\/#breadcrumb\"},\"inLanguage\":\"ca\",\"potentialAction\":[{\"@type\":\"ReadAction\",\"target\":[\"https:\\\/\\\/abd.ong\\\/ca\\\/desigualtat\\\/acol-una-oportunitat-de-coneixement-formacio-i-portes-obertes-per-al-futur\\\/\"]}]},{\"@type\":\"ImageObject\",\"inLanguage\":\"ca\",\"@id\":\"https:\\\/\\\/abd.ong\\\/ca\\\/desigualtat\\\/acol-una-oportunitat-de-coneixement-formacio-i-portes-obertes-per-al-futur\\\/#primaryimage\",\"url\":\"https:\\\/\\\/abd.ong\\\/wp-content\\\/uploads\\\/2020\\\/08\\\/SAM_4590.jpg\",\"contentUrl\":\"https:\\\/\\\/abd.ong\\\/wp-content\\\/uploads\\\/2020\\\/08\\\/SAM_4590.jpg\",\"width\":3888,\"height\":2592},{\"@type\":\"BreadcrumbList\",\"@id\":\"https:\\\/\\\/abd.ong\\\/ca\\\/desigualtat\\\/acol-una-oportunitat-de-coneixement-formacio-i-portes-obertes-per-al-futur\\\/#breadcrumb\",\"itemListElement\":[{\"@type\":\"ListItem\",\"position\":1,\"name\":\"Inici\",\"item\":\"https:\\\/\\\/abd.ong\\\/ca\\\/\"},{\"@type\":\"ListItem\",\"position\":2,\"name\":\"ACOL: Una oportunitat de coneixement, formaci\u00f3 i portes obertes per al futur\"}]},{\"@type\":\"WebSite\",\"@id\":\"https:\\\/\\\/abd.ong\\\/ca\\\/#website\",\"url\":\"https:\\\/\\\/abd.ong\\\/ca\\\/\",\"name\":\"ABD\",\"description\":\"Asociaci\u00f3n Bienestar y Desarrollo\",\"publisher\":{\"@id\":\"https:\\\/\\\/abd.ong\\\/ca\\\/#organization\"},\"potentialAction\":[{\"@type\":\"SearchAction\",\"target\":{\"@type\":\"EntryPoint\",\"urlTemplate\":\"https:\\\/\\\/abd.ong\\\/ca\\\/?s={search_term_string}\"},\"query-input\":{\"@type\":\"PropertyValueSpecification\",\"valueRequired\":true,\"valueName\":\"search_term_string\"}}],\"inLanguage\":\"ca\"},{\"@type\":\"Organization\",\"@id\":\"https:\\\/\\\/abd.ong\\\/ca\\\/#organization\",\"name\":\"Associaci\u00f3 Benestar i Desenvolupament\",\"alternateName\":\"ABD\",\"url\":\"https:\\\/\\\/abd.ong\\\/ca\\\/\",\"logo\":{\"@type\":\"ImageObject\",\"inLanguage\":\"ca\",\"@id\":\"https:\\\/\\\/abd.ong\\\/ca\\\/#\\\/schema\\\/logo\\\/image\\\/\",\"url\":\"https:\\\/\\\/abd.ong\\\/wp-content\\\/uploads\\\/2023\\\/01\\\/Icona.png\",\"contentUrl\":\"https:\\\/\\\/abd.ong\\\/wp-content\\\/uploads\\\/2023\\\/01\\\/Icona.png\",\"width\":190,\"height\":187,\"caption\":\"Associaci\u00f3 Benestar i Desenvolupament\"},\"image\":{\"@id\":\"https:\\\/\\\/abd.ong\\\/ca\\\/#\\\/schema\\\/logo\\\/image\\\/\"},\"sameAs\":[\"https:\\\/\\\/www.facebook.com\\\/abd.ong\",\"https:\\\/\\\/x.com\\\/abd_ong\",\"https:\\\/\\\/www.instagram.com\\\/abd_ong\\\/\",\"https:\\\/\\\/www.linkedin.com\\\/company\\\/abdong\",\"https:\\\/\\\/www.youtube.com\\\/user\\\/CANALABD\"]},{\"@type\":\"Person\",\"@id\":\"https:\\\/\\\/abd.ong\\\/ca\\\/#\\\/schema\\\/person\\\/d2e158b4173f683b3898e286f5b35a10\",\"name\":\"Maria Creixell\"}]}<\/script>\n<!-- \/ Yoast SEO plugin. -->","yoast_head_json":{"title":"ACOL: Una oportunitat de coneixement, formaci\u00f3 i portes obertes per al futur - ABD","description":"La l\u00ednia de subvencions ACOL busca afavorir la inserci\u00f3 de persones en situaci\u00f3 d'atur de llarga durada i permet accedir a l'arrelament social D\u00e9nia, mare","robots":{"index":"index","follow":"follow","max-snippet":"max-snippet:-1","max-image-preview":"max-image-preview:large","max-video-preview":"max-video-preview:-1"},"canonical":"https:\/\/abd.ong\/ca\/desigualtat\/acol-una-oportunitat-de-coneixement-formacio-i-portes-obertes-per-al-futur\/","og_locale":"ca_ES","og_type":"article","og_title":"ACOL: Una oportunitat de coneixement, formaci\u00f3 i portes obertes per al futur - ABD","og_description":"La l\u00ednia de subvencions ACOL busca afavorir la inserci\u00f3 de persones en situaci\u00f3 d'atur de llarga durada i permet accedir a l'arrelament social D\u00e9nia, mare","og_url":"https:\/\/abd.ong\/ca\/desigualtat\/acol-una-oportunitat-de-coneixement-formacio-i-portes-obertes-per-al-futur\/","og_site_name":"ABD","article_publisher":"https:\/\/www.facebook.com\/abd.ong","article_published_time":"2020-08-26T19:08:48+00:00","article_modified_time":"2022-07-25T08:56:47+00:00","og_image":[{"width":3888,"height":2592,"url":"https:\/\/abd.ong\/wp-content\/uploads\/2020\/08\/SAM_4590.jpg","type":"image\/jpeg"}],"author":"Maria Creixell","twitter_card":"summary_large_image","twitter_creator":"@abd_ong","twitter_site":"@abd_ong","twitter_misc":{"Escrit per":"Maria Creixell","Temps estimat de lectura":"7 minuts"},"schema":{"@context":"https:\/\/schema.org","@graph":[{"@type":"Article","@id":"https:\/\/abd.ong\/ca\/desigualtat\/acol-una-oportunitat-de-coneixement-formacio-i-portes-obertes-per-al-futur\/#article","isPartOf":{"@id":"https:\/\/abd.ong\/ca\/desigualtat\/acol-una-oportunitat-de-coneixement-formacio-i-portes-obertes-per-al-futur\/"},"author":{"name":"Maria Creixell","@id":"https:\/\/abd.ong\/ca\/#\/schema\/person\/d2e158b4173f683b3898e286f5b35a10"},"headline":"ACOL: Una oportunitat de coneixement, formaci\u00f3 i portes obertes per al futur","datePublished":"2020-08-26T19:08:48+00:00","dateModified":"2022-07-25T08:56:47+00:00","mainEntityOfPage":{"@id":"https:\/\/abd.ong\/ca\/desigualtat\/acol-una-oportunitat-de-coneixement-formacio-i-portes-obertes-per-al-futur\/"},"wordCount":1552,"publisher":{"@id":"https:\/\/abd.ong\/ca\/#organization"},"image":{"@id":"https:\/\/abd.ong\/ca\/desigualtat\/acol-una-oportunitat-de-coneixement-formacio-i-portes-obertes-per-al-futur\/#primaryimage"},"thumbnailUrl":"https:\/\/abd.ong\/wp-content\/uploads\/2020\/08\/SAM_4590.jpg","keywords":["ACOL","Comunitat Activa","inclusi\u00f3 social","inserci\u00f3 laboral","migraci\u00f3","Preinfant","Preinfant"],"articleSection":["Desigualtat"],"inLanguage":"ca"},{"@type":"WebPage","@id":"https:\/\/abd.ong\/ca\/desigualtat\/acol-una-oportunitat-de-coneixement-formacio-i-portes-obertes-per-al-futur\/","url":"https:\/\/abd.ong\/ca\/desigualtat\/acol-una-oportunitat-de-coneixement-formacio-i-portes-obertes-per-al-futur\/","name":"ACOL: Una oportunitat de coneixement, formaci\u00f3 i portes obertes per al futur - ABD","isPartOf":{"@id":"https:\/\/abd.ong\/ca\/#website"},"primaryImageOfPage":{"@id":"https:\/\/abd.ong\/ca\/desigualtat\/acol-una-oportunitat-de-coneixement-formacio-i-portes-obertes-per-al-futur\/#primaryimage"},"image":{"@id":"https:\/\/abd.ong\/ca\/desigualtat\/acol-una-oportunitat-de-coneixement-formacio-i-portes-obertes-per-al-futur\/#primaryimage"},"thumbnailUrl":"https:\/\/abd.ong\/wp-content\/uploads\/2020\/08\/SAM_4590.jpg","datePublished":"2020-08-26T19:08:48+00:00","dateModified":"2022-07-25T08:56:47+00:00","description":"La l\u00ednia de subvencions ACOL busca afavorir la inserci\u00f3 de persones en situaci\u00f3 d'atur de llarga durada i permet accedir a l'arrelament social D\u00e9nia, mare","breadcrumb":{"@id":"https:\/\/abd.ong\/ca\/desigualtat\/acol-una-oportunitat-de-coneixement-formacio-i-portes-obertes-per-al-futur\/#breadcrumb"},"inLanguage":"ca","potentialAction":[{"@type":"ReadAction","target":["https:\/\/abd.ong\/ca\/desigualtat\/acol-una-oportunitat-de-coneixement-formacio-i-portes-obertes-per-al-futur\/"]}]},{"@type":"ImageObject","inLanguage":"ca","@id":"https:\/\/abd.ong\/ca\/desigualtat\/acol-una-oportunitat-de-coneixement-formacio-i-portes-obertes-per-al-futur\/#primaryimage","url":"https:\/\/abd.ong\/wp-content\/uploads\/2020\/08\/SAM_4590.jpg","contentUrl":"https:\/\/abd.ong\/wp-content\/uploads\/2020\/08\/SAM_4590.jpg","width":3888,"height":2592},{"@type":"BreadcrumbList","@id":"https:\/\/abd.ong\/ca\/desigualtat\/acol-una-oportunitat-de-coneixement-formacio-i-portes-obertes-per-al-futur\/#breadcrumb","itemListElement":[{"@type":"ListItem","position":1,"name":"Inici","item":"https:\/\/abd.ong\/ca\/"},{"@type":"ListItem","position":2,"name":"ACOL: Una oportunitat de coneixement, formaci\u00f3 i portes obertes per al futur"}]},{"@type":"WebSite","@id":"https:\/\/abd.ong\/ca\/#website","url":"https:\/\/abd.ong\/ca\/","name":"ABD","description":"Asociaci\u00f3n Bienestar y Desarrollo","publisher":{"@id":"https:\/\/abd.ong\/ca\/#organization"},"potentialAction":[{"@type":"SearchAction","target":{"@type":"EntryPoint","urlTemplate":"https:\/\/abd.ong\/ca\/?s={search_term_string}"},"query-input":{"@type":"PropertyValueSpecification","valueRequired":true,"valueName":"search_term_string"}}],"inLanguage":"ca"},{"@type":"Organization","@id":"https:\/\/abd.ong\/ca\/#organization","name":"Associaci\u00f3 Benestar i Desenvolupament","alternateName":"ABD","url":"https:\/\/abd.ong\/ca\/","logo":{"@type":"ImageObject","inLanguage":"ca","@id":"https:\/\/abd.ong\/ca\/#\/schema\/logo\/image\/","url":"https:\/\/abd.ong\/wp-content\/uploads\/2023\/01\/Icona.png","contentUrl":"https:\/\/abd.ong\/wp-content\/uploads\/2023\/01\/Icona.png","width":190,"height":187,"caption":"Associaci\u00f3 Benestar i Desenvolupament"},"image":{"@id":"https:\/\/abd.ong\/ca\/#\/schema\/logo\/image\/"},"sameAs":["https:\/\/www.facebook.com\/abd.ong","https:\/\/x.com\/abd_ong","https:\/\/www.instagram.com\/abd_ong\/","https:\/\/www.linkedin.com\/company\/abdong","https:\/\/www.youtube.com\/user\/CANALABD"]},{"@type":"Person","@id":"https:\/\/abd.ong\/ca\/#\/schema\/person\/d2e158b4173f683b3898e286f5b35a10","name":"Maria Creixell"}]}},"_links":{"self":[{"href":"https:\/\/abd.ong\/ca\/wp-json\/wp\/v2\/posts\/16757","targetHints":{"allow":["GET"]}}],"collection":[{"href":"https:\/\/abd.ong\/ca\/wp-json\/wp\/v2\/posts"}],"about":[{"href":"https:\/\/abd.ong\/ca\/wp-json\/wp\/v2\/types\/post"}],"author":[{"embeddable":true,"href":"https:\/\/abd.ong\/ca\/wp-json\/wp\/v2\/users\/9"}],"replies":[{"embeddable":true,"href":"https:\/\/abd.ong\/ca\/wp-json\/wp\/v2\/comments?post=16757"}],"version-history":[{"count":3,"href":"https:\/\/abd.ong\/ca\/wp-json\/wp\/v2\/posts\/16757\/revisions"}],"predecessor-version":[{"id":34871,"href":"https:\/\/abd.ong\/ca\/wp-json\/wp\/v2\/posts\/16757\/revisions\/34871"}],"wp:featuredmedia":[{"embeddable":true,"href":"https:\/\/abd.ong\/ca\/wp-json\/wp\/v2\/media\/16737"}],"wp:attachment":[{"href":"https:\/\/abd.ong\/ca\/wp-json\/wp\/v2\/media?parent=16757"}],"wp:term":[{"taxonomy":"category","embeddable":true,"href":"https:\/\/abd.ong\/ca\/wp-json\/wp\/v2\/categories?post=16757"},{"taxonomy":"post_tag","embeddable":true,"href":"https:\/\/abd.ong\/ca\/wp-json\/wp\/v2\/tags?post=16757"}],"curies":[{"name":"wp","href":"https:\/\/api.w.org\/{rel}","templated":true}]}}