{"id":167465,"date":"2025-03-12T14:58:43","date_gmt":"2025-03-12T13:58:43","guid":{"rendered":"https:\/\/abd.ong\/?p=167465"},"modified":"2025-03-12T14:59:07","modified_gmt":"2025-03-12T13:59:07","slug":"el-grup-abd-rep-la-visita-duna-delegacio-coreana-de-lassociacio-de-centres-de-benestar-social-de-busan","status":"publish","type":"post","link":"https:\/\/abd.ong\/ca\/internacional-ca\/el-grup-abd-rep-la-visita-duna-delegacio-coreana-de-lassociacio-de-centres-de-benestar-social-de-busan\/","title":{"rendered":"El Grup ABD rep la visita d&#8217;una delegaci\u00f3 coreana de l&#8217;Associaci\u00f3 de Centres de Benestar Social de Busan"},"content":{"rendered":"\n<h4 class=\"wp-block-heading\"><span style=\"font-weight: 400;\">Durant la trobada s&#8217;han intercanviat idees i bones pr\u00e0ctiques i s&#8217;ha explorat la possibilitat d&#8217;una col\u00b7laboraci\u00f3 futura entre les dues entitats<\/span><\/h4>\n\n<div style=\"height:39px\" aria-hidden=\"true\" class=\"wp-block-spacer\"><\/div>\n\n<p><span style=\"font-weight: 400;\">Un equip de l&#8217;Associaci\u00f3 Benestar i Desenvolupament Grup ABD ha rebut avui a la seu de Barcelona a una delegaci\u00f3 coreana de<a href=\"https:\/\/kaswc.or.kr\/\" target=\"_blank\" rel=\"noopener\"> l&#8217;Associaci\u00f3 de Centres de Benestar Social de Busan a Corea del Sud.<\/a><\/span><\/p>\n\n<p><span style=\"font-weight: 400;\">La delegaci\u00f3 estava constitu\u00efda pel president de l&#8217;associaci\u00f3, diversos treballadors i treballadores socials i un int\u00e8rpret. Per part del Grup ABD, en la trobada han participat <\/span><b>M\u00f2nica Plana<\/b><span style=\"font-weight: 400;\">, directora d&#8217;\u00e0rea d&#8217;inclusi\u00f3 i pobresa, <\/span><b>Mireia Munt\u00e9<\/b><span style=\"font-weight: 400;\">, coordinadora internacional, i <\/span><b>Laura B\u00fchler<\/b><span style=\"font-weight: 400;\">, t\u00e8cnica de projectes, que han presentat ABD com a organitzaci\u00f3, destacant els temes que eren d&#8217;especial inter\u00e8s per a la delegaci\u00f3.<\/span><\/p>\n\n<p>Les intervencions s&#8217;han centrat en exposar l&#8217;estructura organitzativa del Grup ABD, els seus objectius estrat\u00e8gics i les seves iniciatives de benestar comunitari. La delegaci\u00f3 coreana ha mostrat un gran inter\u00e8s pel funcionament dels centres de benestar, la participaci\u00f3 de les persones volunt\u00e0ries i els programes dissenyats per a persones grans i amb discapacitat intel\u00b7lectual. L&#8217;objectiu d&#8217;aquesta trobada ha estat fomentar l&#8217;intercanvi d&#8217;idees i bones pr\u00e0ctiques, aix\u00ed com explorar la possibilitat d&#8217;una col\u00b7laboraci\u00f3 futura entre les dues entitats.<\/p>\n\n<div style=\"height:19px\" aria-hidden=\"true\" class=\"wp-block-spacer\"><\/div>\n\n<figure class=\"wp-block-gallery has-nested-images columns-default is-cropped wp-block-gallery-2 is-layout-flex wp-block-gallery-is-layout-flex\">\n<figure class=\"wp-block-image size-large\"><img fetchpriority=\"high\" decoding=\"async\" width=\"1024\" height=\"683\" data-id=\"167437\" src=\"https:\/\/abd.ong\/wp-content\/uploads\/2025\/03\/SAM_2364-1024x683.jpg\" alt=\"\" class=\"wp-image-167437\" srcset=\"https:\/\/abd.ong\/wp-content\/uploads\/2025\/03\/SAM_2364-1024x683.jpg 1024w, https:\/\/abd.ong\/wp-content\/uploads\/2025\/03\/SAM_2364-300x200.jpg 300w, https:\/\/abd.ong\/wp-content\/uploads\/2025\/03\/SAM_2364-768x512.jpg 768w, https:\/\/abd.ong\/wp-content\/uploads\/2025\/03\/SAM_2364-1536x1024.jpg 1536w, https:\/\/abd.ong\/wp-content\/uploads\/2025\/03\/SAM_2364-600x400.jpg 600w, https:\/\/abd.ong\/wp-content\/uploads\/2025\/03\/SAM_2364-1920x1280.jpg 1920w, https:\/\/abd.ong\/wp-content\/uploads\/2025\/03\/SAM_2364.jpg 2048w\" sizes=\"(max-width: 1024px) 100vw, 1024px\" \/><\/figure>\n\n\n\n<figure class=\"wp-block-image size-large\"><img decoding=\"async\" width=\"1024\" height=\"683\" data-id=\"167434\" src=\"https:\/\/abd.ong\/wp-content\/uploads\/2025\/03\/SAM_2369-1024x683.jpg\" alt=\"\" class=\"wp-image-167434\" srcset=\"https:\/\/abd.ong\/wp-content\/uploads\/2025\/03\/SAM_2369-1024x683.jpg 1024w, https:\/\/abd.ong\/wp-content\/uploads\/2025\/03\/SAM_2369-300x200.jpg 300w, https:\/\/abd.ong\/wp-content\/uploads\/2025\/03\/SAM_2369-768x512.jpg 768w, https:\/\/abd.ong\/wp-content\/uploads\/2025\/03\/SAM_2369-1536x1024.jpg 1536w, https:\/\/abd.ong\/wp-content\/uploads\/2025\/03\/SAM_2369-600x400.jpg 600w, https:\/\/abd.ong\/wp-content\/uploads\/2025\/03\/SAM_2369-1920x1280.jpg 1920w, https:\/\/abd.ong\/wp-content\/uploads\/2025\/03\/SAM_2369.jpg 2048w\" sizes=\"(max-width: 1024px) 100vw, 1024px\" \/><\/figure>\n\n\n\n<figure class=\"wp-block-image size-large\"><img decoding=\"async\" width=\"1024\" height=\"683\" data-id=\"167441\" src=\"https:\/\/abd.ong\/wp-content\/uploads\/2025\/03\/SAM_2371-1024x683.jpg\" alt=\"\" class=\"wp-image-167441\" srcset=\"https:\/\/abd.ong\/wp-content\/uploads\/2025\/03\/SAM_2371-1024x683.jpg 1024w, https:\/\/abd.ong\/wp-content\/uploads\/2025\/03\/SAM_2371-300x200.jpg 300w, https:\/\/abd.ong\/wp-content\/uploads\/2025\/03\/SAM_2371-768x512.jpg 768w, https:\/\/abd.ong\/wp-content\/uploads\/2025\/03\/SAM_2371-1536x1024.jpg 1536w, https:\/\/abd.ong\/wp-content\/uploads\/2025\/03\/SAM_2371-600x400.jpg 600w, https:\/\/abd.ong\/wp-content\/uploads\/2025\/03\/SAM_2371-1920x1280.jpg 1920w, https:\/\/abd.ong\/wp-content\/uploads\/2025\/03\/SAM_2371.jpg 2048w\" sizes=\"(max-width: 1024px) 100vw, 1024px\" \/><\/figure>\n\n\n\n<figure class=\"wp-block-image size-large\"><img loading=\"lazy\" decoding=\"async\" width=\"1024\" height=\"683\" data-id=\"167444\" src=\"https:\/\/abd.ong\/wp-content\/uploads\/2025\/03\/SAM_2374-1024x683.jpg\" alt=\"\" class=\"wp-image-167444\" srcset=\"https:\/\/abd.ong\/wp-content\/uploads\/2025\/03\/SAM_2374-1024x683.jpg 1024w, https:\/\/abd.ong\/wp-content\/uploads\/2025\/03\/SAM_2374-300x200.jpg 300w, https:\/\/abd.ong\/wp-content\/uploads\/2025\/03\/SAM_2374-768x512.jpg 768w, https:\/\/abd.ong\/wp-content\/uploads\/2025\/03\/SAM_2374-1536x1024.jpg 1536w, https:\/\/abd.ong\/wp-content\/uploads\/2025\/03\/SAM_2374-600x400.jpg 600w, https:\/\/abd.ong\/wp-content\/uploads\/2025\/03\/SAM_2374-1920x1280.jpg 1920w, https:\/\/abd.ong\/wp-content\/uploads\/2025\/03\/SAM_2374.jpg 2048w\" sizes=\"(max-width: 1024px) 100vw, 1024px\" \/><\/figure>\n\n\n\n<figure class=\"wp-block-image size-large\"><img loading=\"lazy\" decoding=\"async\" width=\"1024\" height=\"683\" data-id=\"167450\" src=\"https:\/\/abd.ong\/wp-content\/uploads\/2025\/03\/SAM_2388-1024x683.jpg\" alt=\"\" class=\"wp-image-167450\" srcset=\"https:\/\/abd.ong\/wp-content\/uploads\/2025\/03\/SAM_2388-1024x683.jpg 1024w, https:\/\/abd.ong\/wp-content\/uploads\/2025\/03\/SAM_2388-300x200.jpg 300w, https:\/\/abd.ong\/wp-content\/uploads\/2025\/03\/SAM_2388-768x512.jpg 768w, https:\/\/abd.ong\/wp-content\/uploads\/2025\/03\/SAM_2388-1536x1024.jpg 1536w, https:\/\/abd.ong\/wp-content\/uploads\/2025\/03\/SAM_2388-600x400.jpg 600w, https:\/\/abd.ong\/wp-content\/uploads\/2025\/03\/SAM_2388-1920x1280.jpg 1920w, https:\/\/abd.ong\/wp-content\/uploads\/2025\/03\/SAM_2388.jpg 2048w\" sizes=\"(max-width: 1024px) 100vw, 1024px\" \/><\/figure>\n<\/figure>\n\n<div style=\"height:35px\" aria-hidden=\"true\" class=\"wp-block-spacer\"><\/div>\n\n<p><b>Sobre l&#8217;Associaci\u00f3 de Centres de Benestar Social de Busan\u00a0<\/b><\/p>\n\n<p>L&#8217;Associaci\u00f3 de Centres de Benestar Social de Busan a Corea del Sud treballa per desenvolupar pol\u00edtiques que millorin l&#8217;entorn operatiu dels centres de benestar social, proporcionar capacitaci\u00f3 laboral personalitzada i desenvolupament professional per als i les professionals del benestar social, realitzar investigacions per millorar el funcionament dels centres de benestar social i connectar amb recursos privats per donar suport millor als programes de benestar social.<\/p>\n\n<div style=\"height:34px\" aria-hidden=\"true\" class=\"wp-block-spacer\"><\/div>\n\n<figure class=\"wp-block-image size-large\"><img loading=\"lazy\" decoding=\"async\" width=\"1024\" height=\"683\" src=\"https:\/\/abd.ong\/wp-content\/uploads\/2025\/03\/SAM_2392-1-1024x683.jpg\" alt=\"\" class=\"wp-image-167460\" srcset=\"https:\/\/abd.ong\/wp-content\/uploads\/2025\/03\/SAM_2392-1-1024x683.jpg 1024w, https:\/\/abd.ong\/wp-content\/uploads\/2025\/03\/SAM_2392-1-300x200.jpg 300w, https:\/\/abd.ong\/wp-content\/uploads\/2025\/03\/SAM_2392-1-768x512.jpg 768w, https:\/\/abd.ong\/wp-content\/uploads\/2025\/03\/SAM_2392-1-1536x1024.jpg 1536w, https:\/\/abd.ong\/wp-content\/uploads\/2025\/03\/SAM_2392-1-600x400.jpg 600w, https:\/\/abd.ong\/wp-content\/uploads\/2025\/03\/SAM_2392-1-1920x1280.jpg 1920w, https:\/\/abd.ong\/wp-content\/uploads\/2025\/03\/SAM_2392-1.jpg 2048w\" sizes=\"(max-width: 1024px) 100vw, 1024px\" \/><\/figure>\n\n<p><\/p>\n","protected":false},"excerpt":{"rendered":"<p>Durant la trobada s&#8217;han intercanviat idees i bones pr\u00e0ctiques i s&#8217;ha explorat la possibilitat d&#8217;una col\u00b7laboraci\u00f3 futura entre les dues entitats Un equip de l&#8217;Associaci\u00f3 Benestar i Desenvolupament Grup ABD&hellip;<\/p>\n","protected":false},"author":12,"featured_media":167458,"comment_status":"closed","ping_status":"closed","sticky":false,"template":"","format":"standard","meta":{"_acf_changed":false,"footnotes":""},"categories":[2296,2],"tags":[1897,675,2928,4711,175,610,4713,4712,2299,4710,2300,2396],"class_list":["post-167465","post","type-post","status-publish","format-standard","has-post-thumbnail","hentry","category-internacional-ca","category-sense-categoria","tag-abd-2-ca","tag-asociacion-bienestar-y-desarrollo-ca","tag-associacio-benestar-i-desenvolupament-ca-2","tag-associacio-de-centres-de-benestar-social-de-busan","tag-drogas-ca","tag-drogodependencias-ca","tag-laura-buhler-ca","tag-mireia-munte-ca","tag-mitjans-de-comunicacio-ca","tag-monica-plana-ca","tag-noticies-ca","tag-reduccio-de-danys-ca"],"acf":[],"yoast_head":"<!-- This site is optimized with the Yoast SEO plugin v27.4 - https:\/\/yoast.com\/product\/yoast-seo-wordpress\/ -->\n<title>El Grup ABD rep la visita d&#039;una delegaci\u00f3 coreana de l&#039;Associaci\u00f3 de Centres de Benestar Social de Busan - ABD<\/title>\n<meta name=\"description\" content=\"Durant la trobada s&#039;han intercanviat idees i bones pr\u00e0ctiques i s&#039;ha explorat la possibilitat d&#039;una col\u00b7laboraci\u00f3 futura entre les dues entitats Un equip\" \/>\n<meta name=\"robots\" content=\"index, follow, max-snippet:-1, max-image-preview:large, max-video-preview:-1\" \/>\n<link rel=\"canonical\" href=\"https:\/\/abd.ong\/ca\/internacional-ca\/el-grup-abd-rep-la-visita-duna-delegacio-coreana-de-lassociacio-de-centres-de-benestar-social-de-busan\/\" \/>\n<meta property=\"og:locale\" content=\"ca_ES\" \/>\n<meta property=\"og:type\" content=\"article\" \/>\n<meta property=\"og:title\" content=\"El Grup ABD rep la visita d&#039;una delegaci\u00f3 coreana de l&#039;Associaci\u00f3 de Centres de Benestar Social de Busan - ABD\" \/>\n<meta property=\"og:description\" content=\"Durant la trobada s&#039;han intercanviat idees i bones pr\u00e0ctiques i s&#039;ha explorat la possibilitat d&#039;una col\u00b7laboraci\u00f3 futura entre les dues entitats Un equip\" \/>\n<meta property=\"og:url\" content=\"https:\/\/abd.ong\/ca\/internacional-ca\/el-grup-abd-rep-la-visita-duna-delegacio-coreana-de-lassociacio-de-centres-de-benestar-social-de-busan\/\" \/>\n<meta property=\"og:site_name\" content=\"ABD\" \/>\n<meta property=\"article:publisher\" content=\"https:\/\/www.facebook.com\/abd.ong\" \/>\n<meta property=\"article:published_time\" content=\"2025-03-12T13:58:43+00:00\" \/>\n<meta property=\"article:modified_time\" content=\"2025-03-12T13:59:07+00:00\" \/>\n<meta property=\"og:image\" content=\"https:\/\/abd.ong\/wp-content\/uploads\/2025\/03\/SAM_2392-1-1024x683.jpg\" \/>\n<meta name=\"author\" content=\"Francesc Balart\" \/>\n<meta name=\"twitter:card\" content=\"summary_large_image\" \/>\n<meta name=\"twitter:image\" content=\"https:\/\/abd.ong\/wp-content\/uploads\/2025\/03\/SAM_2392-1-1024x683.jpg\" \/>\n<meta name=\"twitter:creator\" content=\"@abd_ong\" \/>\n<meta name=\"twitter:site\" content=\"@abd_ong\" \/>\n<meta name=\"twitter:label1\" content=\"Escrit per\" \/>\n\t<meta name=\"twitter:data1\" content=\"Francesc Balart\" \/>\n\t<meta name=\"twitter:label2\" content=\"Temps estimat de lectura\" \/>\n\t<meta name=\"twitter:data2\" content=\"1 minut\" \/>\n<script type=\"application\/ld+json\" class=\"yoast-schema-graph\">{\"@context\":\"https:\\\/\\\/schema.org\",\"@graph\":[{\"@type\":\"Article\",\"@id\":\"https:\\\/\\\/abd.ong\\\/ca\\\/internacional-ca\\\/el-grup-abd-rep-la-visita-duna-delegacio-coreana-de-lassociacio-de-centres-de-benestar-social-de-busan\\\/#article\",\"isPartOf\":{\"@id\":\"https:\\\/\\\/abd.ong\\\/ca\\\/internacional-ca\\\/el-grup-abd-rep-la-visita-duna-delegacio-coreana-de-lassociacio-de-centres-de-benestar-social-de-busan\\\/\"},\"author\":{\"name\":\"Francesc Balart\",\"@id\":\"https:\\\/\\\/abd.ong\\\/ca\\\/#\\\/schema\\\/person\\\/6bb74ed13fc8bdf3a5382c66db14c9ee\"},\"headline\":\"El Grup ABD rep la visita d&#8217;una delegaci\u00f3 coreana de l&#8217;Associaci\u00f3 de Centres de Benestar Social de Busan\",\"datePublished\":\"2025-03-12T13:58:43+00:00\",\"dateModified\":\"2025-03-12T13:59:07+00:00\",\"mainEntityOfPage\":{\"@id\":\"https:\\\/\\\/abd.ong\\\/ca\\\/internacional-ca\\\/el-grup-abd-rep-la-visita-duna-delegacio-coreana-de-lassociacio-de-centres-de-benestar-social-de-busan\\\/\"},\"wordCount\":321,\"publisher\":{\"@id\":\"https:\\\/\\\/abd.ong\\\/ca\\\/#organization\"},\"image\":{\"@id\":\"https:\\\/\\\/abd.ong\\\/ca\\\/internacional-ca\\\/el-grup-abd-rep-la-visita-duna-delegacio-coreana-de-lassociacio-de-centres-de-benestar-social-de-busan\\\/#primaryimage\"},\"thumbnailUrl\":\"https:\\\/\\\/abd.ong\\\/wp-content\\\/uploads\\\/2025\\\/03\\\/SAM_2392.jpg\",\"keywords\":[\"ABD\",\"Asociaci\u00f3n Bienestar y Desarrollo\",\"Associaci\u00f3 Benestar i Desenvolupament\",\"Associaci\u00f3 de Centres de Benestar Social de Busan\",\"drogas\",\"drogodependencias\",\"Laura B\u00fchler\",\"Mireia Munt\u00e9\",\"Mitjans de comunicaci\u00f3\",\"M\u00f2nica Plana\",\"not\u00edcies\",\"reducci\u00f3 de danys\"],\"articleSection\":[\"Internacional\"],\"inLanguage\":\"ca\"},{\"@type\":\"WebPage\",\"@id\":\"https:\\\/\\\/abd.ong\\\/ca\\\/internacional-ca\\\/el-grup-abd-rep-la-visita-duna-delegacio-coreana-de-lassociacio-de-centres-de-benestar-social-de-busan\\\/\",\"url\":\"https:\\\/\\\/abd.ong\\\/ca\\\/internacional-ca\\\/el-grup-abd-rep-la-visita-duna-delegacio-coreana-de-lassociacio-de-centres-de-benestar-social-de-busan\\\/\",\"name\":\"El Grup ABD rep la visita d'una delegaci\u00f3 coreana de l'Associaci\u00f3 de Centres de Benestar Social de Busan - ABD\",\"isPartOf\":{\"@id\":\"https:\\\/\\\/abd.ong\\\/ca\\\/#website\"},\"primaryImageOfPage\":{\"@id\":\"https:\\\/\\\/abd.ong\\\/ca\\\/internacional-ca\\\/el-grup-abd-rep-la-visita-duna-delegacio-coreana-de-lassociacio-de-centres-de-benestar-social-de-busan\\\/#primaryimage\"},\"image\":{\"@id\":\"https:\\\/\\\/abd.ong\\\/ca\\\/internacional-ca\\\/el-grup-abd-rep-la-visita-duna-delegacio-coreana-de-lassociacio-de-centres-de-benestar-social-de-busan\\\/#primaryimage\"},\"thumbnailUrl\":\"https:\\\/\\\/abd.ong\\\/wp-content\\\/uploads\\\/2025\\\/03\\\/SAM_2392.jpg\",\"datePublished\":\"2025-03-12T13:58:43+00:00\",\"dateModified\":\"2025-03-12T13:59:07+00:00\",\"description\":\"Durant la trobada s'han intercanviat idees i bones pr\u00e0ctiques i s'ha explorat la possibilitat d'una col\u00b7laboraci\u00f3 futura entre les dues entitats Un equip\",\"breadcrumb\":{\"@id\":\"https:\\\/\\\/abd.ong\\\/ca\\\/internacional-ca\\\/el-grup-abd-rep-la-visita-duna-delegacio-coreana-de-lassociacio-de-centres-de-benestar-social-de-busan\\\/#breadcrumb\"},\"inLanguage\":\"ca\",\"potentialAction\":[{\"@type\":\"ReadAction\",\"target\":[\"https:\\\/\\\/abd.ong\\\/ca\\\/internacional-ca\\\/el-grup-abd-rep-la-visita-duna-delegacio-coreana-de-lassociacio-de-centres-de-benestar-social-de-busan\\\/\"]}]},{\"@type\":\"ImageObject\",\"inLanguage\":\"ca\",\"@id\":\"https:\\\/\\\/abd.ong\\\/ca\\\/internacional-ca\\\/el-grup-abd-rep-la-visita-duna-delegacio-coreana-de-lassociacio-de-centres-de-benestar-social-de-busan\\\/#primaryimage\",\"url\":\"https:\\\/\\\/abd.ong\\\/wp-content\\\/uploads\\\/2025\\\/03\\\/SAM_2392.jpg\",\"contentUrl\":\"https:\\\/\\\/abd.ong\\\/wp-content\\\/uploads\\\/2025\\\/03\\\/SAM_2392.jpg\",\"width\":2048,\"height\":1365,\"caption\":\"SAMSUNG CSC\"},{\"@type\":\"BreadcrumbList\",\"@id\":\"https:\\\/\\\/abd.ong\\\/ca\\\/internacional-ca\\\/el-grup-abd-rep-la-visita-duna-delegacio-coreana-de-lassociacio-de-centres-de-benestar-social-de-busan\\\/#breadcrumb\",\"itemListElement\":[{\"@type\":\"ListItem\",\"position\":1,\"name\":\"Inici\",\"item\":\"https:\\\/\\\/abd.ong\\\/ca\\\/\"},{\"@type\":\"ListItem\",\"position\":2,\"name\":\"El Grup ABD rep la visita d&#8217;una delegaci\u00f3 coreana de l&#8217;Associaci\u00f3 de Centres de Benestar Social de Busan\"}]},{\"@type\":\"WebSite\",\"@id\":\"https:\\\/\\\/abd.ong\\\/ca\\\/#website\",\"url\":\"https:\\\/\\\/abd.ong\\\/ca\\\/\",\"name\":\"ABD\",\"description\":\"Asociaci\u00f3n Bienestar y Desarrollo\",\"publisher\":{\"@id\":\"https:\\\/\\\/abd.ong\\\/ca\\\/#organization\"},\"potentialAction\":[{\"@type\":\"SearchAction\",\"target\":{\"@type\":\"EntryPoint\",\"urlTemplate\":\"https:\\\/\\\/abd.ong\\\/ca\\\/?s={search_term_string}\"},\"query-input\":{\"@type\":\"PropertyValueSpecification\",\"valueRequired\":true,\"valueName\":\"search_term_string\"}}],\"inLanguage\":\"ca\"},{\"@type\":\"Organization\",\"@id\":\"https:\\\/\\\/abd.ong\\\/ca\\\/#organization\",\"name\":\"Associaci\u00f3 Benestar i Desenvolupament\",\"alternateName\":\"ABD\",\"url\":\"https:\\\/\\\/abd.ong\\\/ca\\\/\",\"logo\":{\"@type\":\"ImageObject\",\"inLanguage\":\"ca\",\"@id\":\"https:\\\/\\\/abd.ong\\\/ca\\\/#\\\/schema\\\/logo\\\/image\\\/\",\"url\":\"https:\\\/\\\/abd.ong\\\/wp-content\\\/uploads\\\/2023\\\/01\\\/Icona.png\",\"contentUrl\":\"https:\\\/\\\/abd.ong\\\/wp-content\\\/uploads\\\/2023\\\/01\\\/Icona.png\",\"width\":190,\"height\":187,\"caption\":\"Associaci\u00f3 Benestar i Desenvolupament\"},\"image\":{\"@id\":\"https:\\\/\\\/abd.ong\\\/ca\\\/#\\\/schema\\\/logo\\\/image\\\/\"},\"sameAs\":[\"https:\\\/\\\/www.facebook.com\\\/abd.ong\",\"https:\\\/\\\/x.com\\\/abd_ong\",\"https:\\\/\\\/www.instagram.com\\\/abd_ong\\\/\",\"https:\\\/\\\/www.linkedin.com\\\/company\\\/abdong\",\"https:\\\/\\\/www.youtube.com\\\/user\\\/CANALABD\"]},{\"@type\":\"Person\",\"@id\":\"https:\\\/\\\/abd.ong\\\/ca\\\/#\\\/schema\\\/person\\\/6bb74ed13fc8bdf3a5382c66db14c9ee\",\"name\":\"Francesc Balart\"}]}<\/script>\n<!-- \/ Yoast SEO plugin. -->","yoast_head_json":{"title":"El Grup ABD rep la visita d'una delegaci\u00f3 coreana de l'Associaci\u00f3 de Centres de Benestar Social de Busan - ABD","description":"Durant la trobada s'han intercanviat idees i bones pr\u00e0ctiques i s'ha explorat la possibilitat d'una col\u00b7laboraci\u00f3 futura entre les dues entitats Un equip","robots":{"index":"index","follow":"follow","max-snippet":"max-snippet:-1","max-image-preview":"max-image-preview:large","max-video-preview":"max-video-preview:-1"},"canonical":"https:\/\/abd.ong\/ca\/internacional-ca\/el-grup-abd-rep-la-visita-duna-delegacio-coreana-de-lassociacio-de-centres-de-benestar-social-de-busan\/","og_locale":"ca_ES","og_type":"article","og_title":"El Grup ABD rep la visita d'una delegaci\u00f3 coreana de l'Associaci\u00f3 de Centres de Benestar Social de Busan - ABD","og_description":"Durant la trobada s'han intercanviat idees i bones pr\u00e0ctiques i s'ha explorat la possibilitat d'una col\u00b7laboraci\u00f3 futura entre les dues entitats Un equip","og_url":"https:\/\/abd.ong\/ca\/internacional-ca\/el-grup-abd-rep-la-visita-duna-delegacio-coreana-de-lassociacio-de-centres-de-benestar-social-de-busan\/","og_site_name":"ABD","article_publisher":"https:\/\/www.facebook.com\/abd.ong","article_published_time":"2025-03-12T13:58:43+00:00","article_modified_time":"2025-03-12T13:59:07+00:00","og_image":[{"url":"https:\/\/abd.ong\/wp-content\/uploads\/2025\/03\/SAM_2392-1-1024x683.jpg","type":"","width":"","height":""}],"author":"Francesc Balart","twitter_card":"summary_large_image","twitter_image":"https:\/\/abd.ong\/wp-content\/uploads\/2025\/03\/SAM_2392-1-1024x683.jpg","twitter_creator":"@abd_ong","twitter_site":"@abd_ong","twitter_misc":{"Escrit per":"Francesc Balart","Temps estimat de lectura":"1 minut"},"schema":{"@context":"https:\/\/schema.org","@graph":[{"@type":"Article","@id":"https:\/\/abd.ong\/ca\/internacional-ca\/el-grup-abd-rep-la-visita-duna-delegacio-coreana-de-lassociacio-de-centres-de-benestar-social-de-busan\/#article","isPartOf":{"@id":"https:\/\/abd.ong\/ca\/internacional-ca\/el-grup-abd-rep-la-visita-duna-delegacio-coreana-de-lassociacio-de-centres-de-benestar-social-de-busan\/"},"author":{"name":"Francesc Balart","@id":"https:\/\/abd.ong\/ca\/#\/schema\/person\/6bb74ed13fc8bdf3a5382c66db14c9ee"},"headline":"El Grup ABD rep la visita d&#8217;una delegaci\u00f3 coreana de l&#8217;Associaci\u00f3 de Centres de Benestar Social de Busan","datePublished":"2025-03-12T13:58:43+00:00","dateModified":"2025-03-12T13:59:07+00:00","mainEntityOfPage":{"@id":"https:\/\/abd.ong\/ca\/internacional-ca\/el-grup-abd-rep-la-visita-duna-delegacio-coreana-de-lassociacio-de-centres-de-benestar-social-de-busan\/"},"wordCount":321,"publisher":{"@id":"https:\/\/abd.ong\/ca\/#organization"},"image":{"@id":"https:\/\/abd.ong\/ca\/internacional-ca\/el-grup-abd-rep-la-visita-duna-delegacio-coreana-de-lassociacio-de-centres-de-benestar-social-de-busan\/#primaryimage"},"thumbnailUrl":"https:\/\/abd.ong\/wp-content\/uploads\/2025\/03\/SAM_2392.jpg","keywords":["ABD","Asociaci\u00f3n Bienestar y Desarrollo","Associaci\u00f3 Benestar i Desenvolupament","Associaci\u00f3 de Centres de Benestar Social de Busan","drogas","drogodependencias","Laura B\u00fchler","Mireia Munt\u00e9","Mitjans de comunicaci\u00f3","M\u00f2nica Plana","not\u00edcies","reducci\u00f3 de danys"],"articleSection":["Internacional"],"inLanguage":"ca"},{"@type":"WebPage","@id":"https:\/\/abd.ong\/ca\/internacional-ca\/el-grup-abd-rep-la-visita-duna-delegacio-coreana-de-lassociacio-de-centres-de-benestar-social-de-busan\/","url":"https:\/\/abd.ong\/ca\/internacional-ca\/el-grup-abd-rep-la-visita-duna-delegacio-coreana-de-lassociacio-de-centres-de-benestar-social-de-busan\/","name":"El Grup ABD rep la visita d'una delegaci\u00f3 coreana de l'Associaci\u00f3 de Centres de Benestar Social de Busan - ABD","isPartOf":{"@id":"https:\/\/abd.ong\/ca\/#website"},"primaryImageOfPage":{"@id":"https:\/\/abd.ong\/ca\/internacional-ca\/el-grup-abd-rep-la-visita-duna-delegacio-coreana-de-lassociacio-de-centres-de-benestar-social-de-busan\/#primaryimage"},"image":{"@id":"https:\/\/abd.ong\/ca\/internacional-ca\/el-grup-abd-rep-la-visita-duna-delegacio-coreana-de-lassociacio-de-centres-de-benestar-social-de-busan\/#primaryimage"},"thumbnailUrl":"https:\/\/abd.ong\/wp-content\/uploads\/2025\/03\/SAM_2392.jpg","datePublished":"2025-03-12T13:58:43+00:00","dateModified":"2025-03-12T13:59:07+00:00","description":"Durant la trobada s'han intercanviat idees i bones pr\u00e0ctiques i s'ha explorat la possibilitat d'una col\u00b7laboraci\u00f3 futura entre les dues entitats Un equip","breadcrumb":{"@id":"https:\/\/abd.ong\/ca\/internacional-ca\/el-grup-abd-rep-la-visita-duna-delegacio-coreana-de-lassociacio-de-centres-de-benestar-social-de-busan\/#breadcrumb"},"inLanguage":"ca","potentialAction":[{"@type":"ReadAction","target":["https:\/\/abd.ong\/ca\/internacional-ca\/el-grup-abd-rep-la-visita-duna-delegacio-coreana-de-lassociacio-de-centres-de-benestar-social-de-busan\/"]}]},{"@type":"ImageObject","inLanguage":"ca","@id":"https:\/\/abd.ong\/ca\/internacional-ca\/el-grup-abd-rep-la-visita-duna-delegacio-coreana-de-lassociacio-de-centres-de-benestar-social-de-busan\/#primaryimage","url":"https:\/\/abd.ong\/wp-content\/uploads\/2025\/03\/SAM_2392.jpg","contentUrl":"https:\/\/abd.ong\/wp-content\/uploads\/2025\/03\/SAM_2392.jpg","width":2048,"height":1365,"caption":"SAMSUNG CSC"},{"@type":"BreadcrumbList","@id":"https:\/\/abd.ong\/ca\/internacional-ca\/el-grup-abd-rep-la-visita-duna-delegacio-coreana-de-lassociacio-de-centres-de-benestar-social-de-busan\/#breadcrumb","itemListElement":[{"@type":"ListItem","position":1,"name":"Inici","item":"https:\/\/abd.ong\/ca\/"},{"@type":"ListItem","position":2,"name":"El Grup ABD rep la visita d&#8217;una delegaci\u00f3 coreana de l&#8217;Associaci\u00f3 de Centres de Benestar Social de Busan"}]},{"@type":"WebSite","@id":"https:\/\/abd.ong\/ca\/#website","url":"https:\/\/abd.ong\/ca\/","name":"ABD","description":"Asociaci\u00f3n Bienestar y Desarrollo","publisher":{"@id":"https:\/\/abd.ong\/ca\/#organization"},"potentialAction":[{"@type":"SearchAction","target":{"@type":"EntryPoint","urlTemplate":"https:\/\/abd.ong\/ca\/?s={search_term_string}"},"query-input":{"@type":"PropertyValueSpecification","valueRequired":true,"valueName":"search_term_string"}}],"inLanguage":"ca"},{"@type":"Organization","@id":"https:\/\/abd.ong\/ca\/#organization","name":"Associaci\u00f3 Benestar i Desenvolupament","alternateName":"ABD","url":"https:\/\/abd.ong\/ca\/","logo":{"@type":"ImageObject","inLanguage":"ca","@id":"https:\/\/abd.ong\/ca\/#\/schema\/logo\/image\/","url":"https:\/\/abd.ong\/wp-content\/uploads\/2023\/01\/Icona.png","contentUrl":"https:\/\/abd.ong\/wp-content\/uploads\/2023\/01\/Icona.png","width":190,"height":187,"caption":"Associaci\u00f3 Benestar i Desenvolupament"},"image":{"@id":"https:\/\/abd.ong\/ca\/#\/schema\/logo\/image\/"},"sameAs":["https:\/\/www.facebook.com\/abd.ong","https:\/\/x.com\/abd_ong","https:\/\/www.instagram.com\/abd_ong\/","https:\/\/www.linkedin.com\/company\/abdong","https:\/\/www.youtube.com\/user\/CANALABD"]},{"@type":"Person","@id":"https:\/\/abd.ong\/ca\/#\/schema\/person\/6bb74ed13fc8bdf3a5382c66db14c9ee","name":"Francesc Balart"}]}},"_links":{"self":[{"href":"https:\/\/abd.ong\/ca\/wp-json\/wp\/v2\/posts\/167465","targetHints":{"allow":["GET"]}}],"collection":[{"href":"https:\/\/abd.ong\/ca\/wp-json\/wp\/v2\/posts"}],"about":[{"href":"https:\/\/abd.ong\/ca\/wp-json\/wp\/v2\/types\/post"}],"author":[{"embeddable":true,"href":"https:\/\/abd.ong\/ca\/wp-json\/wp\/v2\/users\/12"}],"replies":[{"embeddable":true,"href":"https:\/\/abd.ong\/ca\/wp-json\/wp\/v2\/comments?post=167465"}],"version-history":[{"count":1,"href":"https:\/\/abd.ong\/ca\/wp-json\/wp\/v2\/posts\/167465\/revisions"}],"predecessor-version":[{"id":167466,"href":"https:\/\/abd.ong\/ca\/wp-json\/wp\/v2\/posts\/167465\/revisions\/167466"}],"wp:featuredmedia":[{"embeddable":true,"href":"https:\/\/abd.ong\/ca\/wp-json\/wp\/v2\/media\/167458"}],"wp:attachment":[{"href":"https:\/\/abd.ong\/ca\/wp-json\/wp\/v2\/media?parent=167465"}],"wp:term":[{"taxonomy":"category","embeddable":true,"href":"https:\/\/abd.ong\/ca\/wp-json\/wp\/v2\/categories?post=167465"},{"taxonomy":"post_tag","embeddable":true,"href":"https:\/\/abd.ong\/ca\/wp-json\/wp\/v2\/tags?post=167465"}],"curies":[{"name":"wp","href":"https:\/\/api.w.org\/{rel}","templated":true}]}}