{"id":167400,"date":"2025-03-12T09:30:17","date_gmt":"2025-03-12T08:30:17","guid":{"rendered":"https:\/\/abd.ong\/?p=167400"},"modified":"2025-03-12T10:05:07","modified_gmt":"2025-03-12T09:05:07","slug":"terapia-amb-animals-a-la-residencia-i-centre-de-dia-alta-ribagorca","status":"publish","type":"post","link":"https:\/\/abd.ong\/ca\/dependencia-i-gent-gran\/terapia-amb-animals-a-la-residencia-i-centre-de-dia-alta-ribagorca\/","title":{"rendered":"Ter\u00e0pia amb animals a la Resid\u00e8ncia i Centre de Dia Alta Ribagor\u00e7a"},"content":{"rendered":"\n<div style=\"height:36px\" aria-hidden=\"true\" class=\"wp-block-spacer\"><\/div>\n\n<p>La <a href=\"https:\/\/abd.ong\/ca\/dependencia-i-gent-gran\/residencia-i-centre-de-dia-alta-ribagorca\/\" target=\"_blank\" rel=\"noopener\"><strong>Resid\u00e8ncia i Centre de Dia Alta Ribagor\u00e7a<\/strong><\/a>, servei gestionat pel <strong><a href=\"https:\/\/abd.ong\/ca\/\" target=\"_blank\" rel=\"noopener\">Grup\u00a0<span class=\"hiddenSpellError\">ABD<\/span><\/a><\/strong>, ha rebut una visita molt especial.\u00a0<strong><span class=\"hiddenSpellError\">Boby<\/span><\/strong>, un labrador\u00a0<span class=\"hiddenSpellError\">retriever<\/span> de l&#8217;<strong><a href=\"https:\/\/www.elprincipiodeladesconexion.com\/\" target=\"_blank\" rel=\"noreferrer noopener\">Asociaci\u00f3n Recu\u00e9rdame Alzh\u00e9imer<\/a><\/strong> ha sorpr\u00e8s a <span class=\"hiddenGrammarError\">les persones usu\u00e0ries<\/span>\u00a0del centre, <em>fent-los-hi viure una experi\u00e8ncia \u00fanica i despertant-hi un gran somriure.<\/em> Aquesta activitat de <strong>ter\u00e0pia assistida amb gossos<\/strong> ha perm\u00e8s a\u00a0<span class=\"hiddenGrammarError\">les persones usu\u00e0ries<\/span>\u00a0establir un vincle especial amb l&#8217;animal, fomentant records, emocions positives i contribuint al seu benestar general.<\/p>\n\n<p>La ter\u00e0pia assistida amb gossos ofereix nombrosos beneficis. D\u2019una banda, <em>afavoreix la socialitzaci\u00f3 i ajuda a reduir la sensaci\u00f3 de soledat.<\/em> Tamb\u00e9 t\u00e9 un efecte positiu en la mem\u00f2ria, especialment en persones amb dem\u00e8ncia,<em> estimulant records i promovent interaccions significatives. A m\u00e9s, mitjan\u00e7ant car\u00edcies i jocs, es treballa la motricitat i la coordinaci\u00f3, aspectes fonamentals per al manteniment de l\u2019autonomia.<\/em><\/p>\n\n<p>Un altre dels grans avantatges d\u2019aquesta ter\u00e0pia<strong> \u00e9s el seu impacte en el benestar emocional.<\/strong> La pres\u00e8ncia del gos contribueix a reduir l\u2019estr\u00e8s i genera un ambient de calma i tranquil\u00b7litat, millorant aix\u00ed la qualitat de vida de les persones participants.<\/p>\n\n<p>Des del servei del <strong>Grup ABD<\/strong> a la<strong> Resid\u00e8ncia i Centre de Dia Alta Ribagor\u00e7a<\/strong> volem agrair a <strong>Recuerdame Alzheimer la seva implicaci\u00f3 en aquesta activitat tan enriquidora.<\/strong> Experi\u00e8ncies com aquesta demostren el valor de les intervencions assistides amb animals i el seu impacte positiu en la salut i el benestar de les persones grans. Boby ha estat capa\u00e7 de captivar les persones usu\u00e0ries del centre, creant una sin\u00e8rgia perfecta entre les persones i l\u2019animal i fent palesa la import\u00e0ncia i el poder de l\u2019estima i la companyia.<\/p>\n\n<div style=\"height:40px\" aria-hidden=\"true\" class=\"wp-block-spacer\"><\/div>\n\n<figure class=\"wp-block-gallery has-nested-images columns-default is-cropped wp-block-gallery-2 is-layout-flex wp-block-gallery-is-layout-flex\">\n<figure class=\"wp-block-image size-large\"><img fetchpriority=\"high\" decoding=\"async\" width=\"768\" height=\"1024\" data-id=\"167365\" src=\"https:\/\/abd.ong\/wp-content\/uploads\/2025\/03\/WhatsApp-Image-2025-03-03-at-19.33.15-1-768x1024.jpeg\" alt=\"\" class=\"wp-image-167365\" srcset=\"https:\/\/abd.ong\/wp-content\/uploads\/2025\/03\/WhatsApp-Image-2025-03-03-at-19.33.15-1-768x1024.jpeg 768w, https:\/\/abd.ong\/wp-content\/uploads\/2025\/03\/WhatsApp-Image-2025-03-03-at-19.33.15-1-225x300.jpeg 225w, https:\/\/abd.ong\/wp-content\/uploads\/2025\/03\/WhatsApp-Image-2025-03-03-at-19.33.15-1-1152x1536.jpeg 1152w, https:\/\/abd.ong\/wp-content\/uploads\/2025\/03\/WhatsApp-Image-2025-03-03-at-19.33.15-1.jpeg 1200w\" sizes=\"(max-width: 768px) 100vw, 768px\" \/><\/figure>\n\n\n\n<figure class=\"wp-block-image size-large\"><img decoding=\"async\" width=\"768\" height=\"1024\" data-id=\"167372\" src=\"https:\/\/abd.ong\/wp-content\/uploads\/2025\/03\/WhatsApp-Image-2025-03-03-at-19.28.59-768x1024.jpeg\" alt=\"\" class=\"wp-image-167372\" srcset=\"https:\/\/abd.ong\/wp-content\/uploads\/2025\/03\/WhatsApp-Image-2025-03-03-at-19.28.59-768x1024.jpeg 768w, https:\/\/abd.ong\/wp-content\/uploads\/2025\/03\/WhatsApp-Image-2025-03-03-at-19.28.59-225x300.jpeg 225w, https:\/\/abd.ong\/wp-content\/uploads\/2025\/03\/WhatsApp-Image-2025-03-03-at-19.28.59-1152x1536.jpeg 1152w, https:\/\/abd.ong\/wp-content\/uploads\/2025\/03\/WhatsApp-Image-2025-03-03-at-19.28.59.jpeg 1200w\" sizes=\"(max-width: 768px) 100vw, 768px\" \/><\/figure>\n\n\n\n<figure class=\"wp-block-image size-large\"><img decoding=\"async\" width=\"768\" height=\"1024\" data-id=\"167371\" src=\"https:\/\/abd.ong\/wp-content\/uploads\/2025\/03\/WhatsApp-Image-2025-03-03-at-19.29.02-768x1024.jpeg\" alt=\"\" class=\"wp-image-167371\" srcset=\"https:\/\/abd.ong\/wp-content\/uploads\/2025\/03\/WhatsApp-Image-2025-03-03-at-19.29.02-768x1024.jpeg 768w, https:\/\/abd.ong\/wp-content\/uploads\/2025\/03\/WhatsApp-Image-2025-03-03-at-19.29.02-225x300.jpeg 225w, https:\/\/abd.ong\/wp-content\/uploads\/2025\/03\/WhatsApp-Image-2025-03-03-at-19.29.02-1152x1536.jpeg 1152w, https:\/\/abd.ong\/wp-content\/uploads\/2025\/03\/WhatsApp-Image-2025-03-03-at-19.29.02.jpeg 1200w\" sizes=\"(max-width: 768px) 100vw, 768px\" \/><\/figure>\n\n\n\n<figure class=\"wp-block-image size-large\"><img loading=\"lazy\" decoding=\"async\" width=\"768\" height=\"1024\" data-id=\"167374\" src=\"https:\/\/abd.ong\/wp-content\/uploads\/2025\/03\/WhatsApp-Image-2025-03-03-at-19.29.04-768x1024.jpeg\" alt=\"\" class=\"wp-image-167374\" srcset=\"https:\/\/abd.ong\/wp-content\/uploads\/2025\/03\/WhatsApp-Image-2025-03-03-at-19.29.04-768x1024.jpeg 768w, https:\/\/abd.ong\/wp-content\/uploads\/2025\/03\/WhatsApp-Image-2025-03-03-at-19.29.04-225x300.jpeg 225w, https:\/\/abd.ong\/wp-content\/uploads\/2025\/03\/WhatsApp-Image-2025-03-03-at-19.29.04-1152x1536.jpeg 1152w, https:\/\/abd.ong\/wp-content\/uploads\/2025\/03\/WhatsApp-Image-2025-03-03-at-19.29.04.jpeg 1200w\" sizes=\"(max-width: 768px) 100vw, 768px\" \/><\/figure>\n\n\n\n<figure class=\"wp-block-image size-large\"><img loading=\"lazy\" decoding=\"async\" width=\"768\" height=\"1024\" data-id=\"167373\" src=\"https:\/\/abd.ong\/wp-content\/uploads\/2025\/03\/WhatsApp-Image-2025-03-03-at-19.29.28-768x1024.jpeg\" alt=\"\" class=\"wp-image-167373\" srcset=\"https:\/\/abd.ong\/wp-content\/uploads\/2025\/03\/WhatsApp-Image-2025-03-03-at-19.29.28-768x1024.jpeg 768w, https:\/\/abd.ong\/wp-content\/uploads\/2025\/03\/WhatsApp-Image-2025-03-03-at-19.29.28-225x300.jpeg 225w, https:\/\/abd.ong\/wp-content\/uploads\/2025\/03\/WhatsApp-Image-2025-03-03-at-19.29.28-1152x1536.jpeg 1152w, https:\/\/abd.ong\/wp-content\/uploads\/2025\/03\/WhatsApp-Image-2025-03-03-at-19.29.28.jpeg 1200w\" sizes=\"(max-width: 768px) 100vw, 768px\" \/><\/figure>\n\n\n\n<figure class=\"wp-block-image size-large\"><img loading=\"lazy\" decoding=\"async\" width=\"768\" height=\"1024\" data-id=\"167390\" src=\"https:\/\/abd.ong\/wp-content\/uploads\/2025\/03\/WhatsApp-Image-2025-03-03-at-19.29.27-768x1024.jpeg\" alt=\"\" class=\"wp-image-167390\" srcset=\"https:\/\/abd.ong\/wp-content\/uploads\/2025\/03\/WhatsApp-Image-2025-03-03-at-19.29.27-768x1024.jpeg 768w, https:\/\/abd.ong\/wp-content\/uploads\/2025\/03\/WhatsApp-Image-2025-03-03-at-19.29.27-225x300.jpeg 225w, https:\/\/abd.ong\/wp-content\/uploads\/2025\/03\/WhatsApp-Image-2025-03-03-at-19.29.27-1152x1536.jpeg 1152w, https:\/\/abd.ong\/wp-content\/uploads\/2025\/03\/WhatsApp-Image-2025-03-03-at-19.29.27.jpeg 1200w\" sizes=\"(max-width: 768px) 100vw, 768px\" \/><\/figure>\n\n\n\n<figure class=\"wp-block-image size-large\"><img loading=\"lazy\" decoding=\"async\" width=\"768\" height=\"1024\" data-id=\"167384\" src=\"https:\/\/abd.ong\/wp-content\/uploads\/2025\/03\/WhatsApp-Image-2025-03-03-at-19.29.34-768x1024.jpeg\" alt=\"\" class=\"wp-image-167384\" srcset=\"https:\/\/abd.ong\/wp-content\/uploads\/2025\/03\/WhatsApp-Image-2025-03-03-at-19.29.34-768x1024.jpeg 768w, https:\/\/abd.ong\/wp-content\/uploads\/2025\/03\/WhatsApp-Image-2025-03-03-at-19.29.34-225x300.jpeg 225w, https:\/\/abd.ong\/wp-content\/uploads\/2025\/03\/WhatsApp-Image-2025-03-03-at-19.29.34-1152x1536.jpeg 1152w, https:\/\/abd.ong\/wp-content\/uploads\/2025\/03\/WhatsApp-Image-2025-03-03-at-19.29.34.jpeg 1200w\" sizes=\"(max-width: 768px) 100vw, 768px\" \/><\/figure>\n\n\n\n<figure class=\"wp-block-image size-large\"><img loading=\"lazy\" decoding=\"async\" width=\"768\" height=\"1024\" data-id=\"167387\" src=\"https:\/\/abd.ong\/wp-content\/uploads\/2025\/03\/WhatsApp-Image-2025-03-03-at-19.29.33-768x1024.jpeg\" alt=\"\" class=\"wp-image-167387\" srcset=\"https:\/\/abd.ong\/wp-content\/uploads\/2025\/03\/WhatsApp-Image-2025-03-03-at-19.29.33-768x1024.jpeg 768w, https:\/\/abd.ong\/wp-content\/uploads\/2025\/03\/WhatsApp-Image-2025-03-03-at-19.29.33-225x300.jpeg 225w, https:\/\/abd.ong\/wp-content\/uploads\/2025\/03\/WhatsApp-Image-2025-03-03-at-19.29.33-1152x1536.jpeg 1152w, https:\/\/abd.ong\/wp-content\/uploads\/2025\/03\/WhatsApp-Image-2025-03-03-at-19.29.33.jpeg 1200w\" sizes=\"(max-width: 768px) 100vw, 768px\" \/><\/figure>\n\n\n\n<figure class=\"wp-block-image size-large\"><img loading=\"lazy\" decoding=\"async\" width=\"768\" height=\"1024\" data-id=\"167368\" src=\"https:\/\/abd.ong\/wp-content\/uploads\/2025\/03\/WhatsApp-Image-2025-03-03-at-19.33.15-768x1024.jpeg\" alt=\"\" class=\"wp-image-167368\" srcset=\"https:\/\/abd.ong\/wp-content\/uploads\/2025\/03\/WhatsApp-Image-2025-03-03-at-19.33.15-768x1024.jpeg 768w, https:\/\/abd.ong\/wp-content\/uploads\/2025\/03\/WhatsApp-Image-2025-03-03-at-19.33.15-225x300.jpeg 225w, https:\/\/abd.ong\/wp-content\/uploads\/2025\/03\/WhatsApp-Image-2025-03-03-at-19.33.15-1152x1536.jpeg 1152w, https:\/\/abd.ong\/wp-content\/uploads\/2025\/03\/WhatsApp-Image-2025-03-03-at-19.33.15.jpeg 1200w\" sizes=\"(max-width: 768px) 100vw, 768px\" \/><\/figure>\n\n\n\n<figure class=\"wp-block-image size-large\"><img loading=\"lazy\" decoding=\"async\" width=\"768\" height=\"1024\" data-id=\"167381\" src=\"https:\/\/abd.ong\/wp-content\/uploads\/2025\/03\/WhatsApp-Image-2025-03-03-at-19.42.38-768x1024.jpeg\" alt=\"\" class=\"wp-image-167381\" srcset=\"https:\/\/abd.ong\/wp-content\/uploads\/2025\/03\/WhatsApp-Image-2025-03-03-at-19.42.38-768x1024.jpeg 768w, https:\/\/abd.ong\/wp-content\/uploads\/2025\/03\/WhatsApp-Image-2025-03-03-at-19.42.38-225x300.jpeg 225w, https:\/\/abd.ong\/wp-content\/uploads\/2025\/03\/WhatsApp-Image-2025-03-03-at-19.42.38-1152x1536.jpeg 1152w, https:\/\/abd.ong\/wp-content\/uploads\/2025\/03\/WhatsApp-Image-2025-03-03-at-19.42.38.jpeg 1200w\" sizes=\"(max-width: 768px) 100vw, 768px\" \/><\/figure>\n\n\n\n<figure class=\"wp-block-image size-large\"><img loading=\"lazy\" decoding=\"async\" width=\"768\" height=\"1024\" data-id=\"167396\" src=\"https:\/\/abd.ong\/wp-content\/uploads\/2025\/03\/WhatsApp-Image-2025-03-03-at-19.42.39-768x1024.jpeg\" alt=\"\" class=\"wp-image-167396\" srcset=\"https:\/\/abd.ong\/wp-content\/uploads\/2025\/03\/WhatsApp-Image-2025-03-03-at-19.42.39-768x1024.jpeg 768w, https:\/\/abd.ong\/wp-content\/uploads\/2025\/03\/WhatsApp-Image-2025-03-03-at-19.42.39-225x300.jpeg 225w, https:\/\/abd.ong\/wp-content\/uploads\/2025\/03\/WhatsApp-Image-2025-03-03-at-19.42.39-1152x1536.jpeg 1152w, https:\/\/abd.ong\/wp-content\/uploads\/2025\/03\/WhatsApp-Image-2025-03-03-at-19.42.39.jpeg 1200w\" sizes=\"(max-width: 768px) 100vw, 768px\" \/><\/figure>\n<\/figure>\n","protected":false},"excerpt":{"rendered":"<p>La Resid\u00e8ncia i Centre de Dia Alta Ribagor\u00e7a, servei gestionat pel Grup\u00a0ABD, ha rebut una visita molt especial.\u00a0Boby, un labrador\u00a0retriever de l&#8217;Asociaci\u00f3n Recu\u00e9rdame Alzh\u00e9imer ha sorpr\u00e8s a les persones usu\u00e0ries\u00a0del&hellip;<\/p>\n","protected":false},"author":12,"featured_media":167424,"comment_status":"closed","ping_status":"closed","sticky":false,"template":"","format":"standard","meta":{"_acf_changed":false,"footnotes":""},"categories":[1298,2],"tags":[1897,675,4705,2928,4706,2299,2300,2267],"class_list":["post-167400","post","type-post","status-publish","format-standard","has-post-thumbnail","hentry","category-dependencia-i-gent-gran","category-sense-categoria","tag-abd-2-ca","tag-asociacion-bienestar-y-desarrollo-ca","tag-asociacion-recuerdame-alzheimer-ca","tag-associacio-benestar-i-desenvolupament-ca-2","tag-boby-ca","tag-mitjans-de-comunicacio-ca","tag-noticies-ca","tag-persones-grans-ca"],"acf":[],"yoast_head":"<!-- This site is optimized with the Yoast SEO plugin v27.4 - https:\/\/yoast.com\/product\/yoast-seo-wordpress\/ -->\n<title>Ter\u00e0pia amb animals a la Resid\u00e8ncia i Centre de Dia Alta Ribagor\u00e7a - ABD<\/title>\n<meta name=\"description\" content=\"La Resid\u00e8ncia i Centre de Dia Alta Ribagor\u00e7a, servei gestionat pel Grup\u00a0ABD, ha rebut una visita molt especial.\u00a0Boby, un labrador\u00a0retriever de\" \/>\n<meta name=\"robots\" content=\"index, follow, max-snippet:-1, max-image-preview:large, max-video-preview:-1\" \/>\n<link rel=\"canonical\" href=\"https:\/\/abd.ong\/ca\/dependencia-i-gent-gran\/terapia-amb-animals-a-la-residencia-i-centre-de-dia-alta-ribagorca\/\" \/>\n<meta property=\"og:locale\" content=\"ca_ES\" \/>\n<meta property=\"og:type\" content=\"article\" \/>\n<meta property=\"og:title\" content=\"Ter\u00e0pia amb animals a la Resid\u00e8ncia i Centre de Dia Alta Ribagor\u00e7a - ABD\" \/>\n<meta property=\"og:description\" content=\"La Resid\u00e8ncia i Centre de Dia Alta Ribagor\u00e7a, servei gestionat pel Grup\u00a0ABD, ha rebut una visita molt especial.\u00a0Boby, un labrador\u00a0retriever de\" \/>\n<meta property=\"og:url\" content=\"https:\/\/abd.ong\/ca\/dependencia-i-gent-gran\/terapia-amb-animals-a-la-residencia-i-centre-de-dia-alta-ribagorca\/\" \/>\n<meta property=\"og:site_name\" content=\"ABD\" \/>\n<meta property=\"article:publisher\" content=\"https:\/\/www.facebook.com\/abd.ong\" \/>\n<meta property=\"article:published_time\" content=\"2025-03-12T08:30:17+00:00\" \/>\n<meta property=\"article:modified_time\" content=\"2025-03-12T09:05:07+00:00\" \/>\n<meta property=\"og:image\" content=\"https:\/\/abd.ong\/wp-content\/uploads\/2025\/03\/WhatsApp-Image-2025-03-12-at-09.28.26-1.jpeg\" \/>\n\t<meta property=\"og:image:width\" content=\"2000\" \/>\n\t<meta property=\"og:image:height\" content=\"922\" \/>\n\t<meta property=\"og:image:type\" content=\"image\/jpeg\" \/>\n<meta name=\"author\" content=\"Francesc Balart\" \/>\n<meta name=\"twitter:card\" content=\"summary_large_image\" \/>\n<meta name=\"twitter:creator\" content=\"@abd_ong\" \/>\n<meta name=\"twitter:site\" content=\"@abd_ong\" \/>\n<meta name=\"twitter:label1\" content=\"Escrit per\" \/>\n\t<meta name=\"twitter:data1\" content=\"Francesc Balart\" \/>\n\t<meta name=\"twitter:label2\" content=\"Temps estimat de lectura\" \/>\n\t<meta name=\"twitter:data2\" content=\"4 minuts\" \/>\n<script type=\"application\/ld+json\" class=\"yoast-schema-graph\">{\"@context\":\"https:\\\/\\\/schema.org\",\"@graph\":[{\"@type\":\"Article\",\"@id\":\"https:\\\/\\\/abd.ong\\\/ca\\\/dependencia-i-gent-gran\\\/terapia-amb-animals-a-la-residencia-i-centre-de-dia-alta-ribagorca\\\/#article\",\"isPartOf\":{\"@id\":\"https:\\\/\\\/abd.ong\\\/ca\\\/dependencia-i-gent-gran\\\/terapia-amb-animals-a-la-residencia-i-centre-de-dia-alta-ribagorca\\\/\"},\"author\":{\"name\":\"Francesc Balart\",\"@id\":\"https:\\\/\\\/abd.ong\\\/ca\\\/#\\\/schema\\\/person\\\/6bb74ed13fc8bdf3a5382c66db14c9ee\"},\"headline\":\"Ter\u00e0pia amb animals a la Resid\u00e8ncia i Centre de Dia Alta Ribagor\u00e7a\",\"datePublished\":\"2025-03-12T08:30:17+00:00\",\"dateModified\":\"2025-03-12T09:05:07+00:00\",\"mainEntityOfPage\":{\"@id\":\"https:\\\/\\\/abd.ong\\\/ca\\\/dependencia-i-gent-gran\\\/terapia-amb-animals-a-la-residencia-i-centre-de-dia-alta-ribagorca\\\/\"},\"wordCount\":313,\"publisher\":{\"@id\":\"https:\\\/\\\/abd.ong\\\/ca\\\/#organization\"},\"image\":{\"@id\":\"https:\\\/\\\/abd.ong\\\/ca\\\/dependencia-i-gent-gran\\\/terapia-amb-animals-a-la-residencia-i-centre-de-dia-alta-ribagorca\\\/#primaryimage\"},\"thumbnailUrl\":\"https:\\\/\\\/abd.ong\\\/wp-content\\\/uploads\\\/2025\\\/03\\\/WhatsApp-Image-2025-03-12-at-09.28.26-1.jpeg\",\"keywords\":[\"ABD\",\"Asociaci\u00f3n Bienestar y Desarrollo\",\"Asociaci\u00f3n Recu\u00e9rdame Alzh\u00e9imer\",\"Associaci\u00f3 Benestar i Desenvolupament\",\"Boby\",\"Mitjans de comunicaci\u00f3\",\"not\u00edcies\",\"persones grans\"],\"articleSection\":[\"Depend\u00e8ncia i gent gran\"],\"inLanguage\":\"ca\"},{\"@type\":\"WebPage\",\"@id\":\"https:\\\/\\\/abd.ong\\\/ca\\\/dependencia-i-gent-gran\\\/terapia-amb-animals-a-la-residencia-i-centre-de-dia-alta-ribagorca\\\/\",\"url\":\"https:\\\/\\\/abd.ong\\\/ca\\\/dependencia-i-gent-gran\\\/terapia-amb-animals-a-la-residencia-i-centre-de-dia-alta-ribagorca\\\/\",\"name\":\"Ter\u00e0pia amb animals a la Resid\u00e8ncia i Centre de Dia Alta Ribagor\u00e7a - ABD\",\"isPartOf\":{\"@id\":\"https:\\\/\\\/abd.ong\\\/ca\\\/#website\"},\"primaryImageOfPage\":{\"@id\":\"https:\\\/\\\/abd.ong\\\/ca\\\/dependencia-i-gent-gran\\\/terapia-amb-animals-a-la-residencia-i-centre-de-dia-alta-ribagorca\\\/#primaryimage\"},\"image\":{\"@id\":\"https:\\\/\\\/abd.ong\\\/ca\\\/dependencia-i-gent-gran\\\/terapia-amb-animals-a-la-residencia-i-centre-de-dia-alta-ribagorca\\\/#primaryimage\"},\"thumbnailUrl\":\"https:\\\/\\\/abd.ong\\\/wp-content\\\/uploads\\\/2025\\\/03\\\/WhatsApp-Image-2025-03-12-at-09.28.26-1.jpeg\",\"datePublished\":\"2025-03-12T08:30:17+00:00\",\"dateModified\":\"2025-03-12T09:05:07+00:00\",\"description\":\"La Resid\u00e8ncia i Centre de Dia Alta Ribagor\u00e7a, servei gestionat pel Grup\u00a0ABD, ha rebut una visita molt especial.\u00a0Boby, un labrador\u00a0retriever de\",\"breadcrumb\":{\"@id\":\"https:\\\/\\\/abd.ong\\\/ca\\\/dependencia-i-gent-gran\\\/terapia-amb-animals-a-la-residencia-i-centre-de-dia-alta-ribagorca\\\/#breadcrumb\"},\"inLanguage\":\"ca\",\"potentialAction\":[{\"@type\":\"ReadAction\",\"target\":[\"https:\\\/\\\/abd.ong\\\/ca\\\/dependencia-i-gent-gran\\\/terapia-amb-animals-a-la-residencia-i-centre-de-dia-alta-ribagorca\\\/\"]}]},{\"@type\":\"ImageObject\",\"inLanguage\":\"ca\",\"@id\":\"https:\\\/\\\/abd.ong\\\/ca\\\/dependencia-i-gent-gran\\\/terapia-amb-animals-a-la-residencia-i-centre-de-dia-alta-ribagorca\\\/#primaryimage\",\"url\":\"https:\\\/\\\/abd.ong\\\/wp-content\\\/uploads\\\/2025\\\/03\\\/WhatsApp-Image-2025-03-12-at-09.28.26-1.jpeg\",\"contentUrl\":\"https:\\\/\\\/abd.ong\\\/wp-content\\\/uploads\\\/2025\\\/03\\\/WhatsApp-Image-2025-03-12-at-09.28.26-1.jpeg\",\"width\":2000,\"height\":922},{\"@type\":\"BreadcrumbList\",\"@id\":\"https:\\\/\\\/abd.ong\\\/ca\\\/dependencia-i-gent-gran\\\/terapia-amb-animals-a-la-residencia-i-centre-de-dia-alta-ribagorca\\\/#breadcrumb\",\"itemListElement\":[{\"@type\":\"ListItem\",\"position\":1,\"name\":\"Inici\",\"item\":\"https:\\\/\\\/abd.ong\\\/ca\\\/\"},{\"@type\":\"ListItem\",\"position\":2,\"name\":\"Ter\u00e0pia amb animals a la Resid\u00e8ncia i Centre de Dia Alta Ribagor\u00e7a\"}]},{\"@type\":\"WebSite\",\"@id\":\"https:\\\/\\\/abd.ong\\\/ca\\\/#website\",\"url\":\"https:\\\/\\\/abd.ong\\\/ca\\\/\",\"name\":\"ABD\",\"description\":\"Asociaci\u00f3n Bienestar y Desarrollo\",\"publisher\":{\"@id\":\"https:\\\/\\\/abd.ong\\\/ca\\\/#organization\"},\"potentialAction\":[{\"@type\":\"SearchAction\",\"target\":{\"@type\":\"EntryPoint\",\"urlTemplate\":\"https:\\\/\\\/abd.ong\\\/ca\\\/?s={search_term_string}\"},\"query-input\":{\"@type\":\"PropertyValueSpecification\",\"valueRequired\":true,\"valueName\":\"search_term_string\"}}],\"inLanguage\":\"ca\"},{\"@type\":\"Organization\",\"@id\":\"https:\\\/\\\/abd.ong\\\/ca\\\/#organization\",\"name\":\"Associaci\u00f3 Benestar i Desenvolupament\",\"alternateName\":\"ABD\",\"url\":\"https:\\\/\\\/abd.ong\\\/ca\\\/\",\"logo\":{\"@type\":\"ImageObject\",\"inLanguage\":\"ca\",\"@id\":\"https:\\\/\\\/abd.ong\\\/ca\\\/#\\\/schema\\\/logo\\\/image\\\/\",\"url\":\"https:\\\/\\\/abd.ong\\\/wp-content\\\/uploads\\\/2023\\\/01\\\/Icona.png\",\"contentUrl\":\"https:\\\/\\\/abd.ong\\\/wp-content\\\/uploads\\\/2023\\\/01\\\/Icona.png\",\"width\":190,\"height\":187,\"caption\":\"Associaci\u00f3 Benestar i Desenvolupament\"},\"image\":{\"@id\":\"https:\\\/\\\/abd.ong\\\/ca\\\/#\\\/schema\\\/logo\\\/image\\\/\"},\"sameAs\":[\"https:\\\/\\\/www.facebook.com\\\/abd.ong\",\"https:\\\/\\\/x.com\\\/abd_ong\",\"https:\\\/\\\/www.instagram.com\\\/abd_ong\\\/\",\"https:\\\/\\\/www.linkedin.com\\\/company\\\/abdong\",\"https:\\\/\\\/www.youtube.com\\\/user\\\/CANALABD\"]},{\"@type\":\"Person\",\"@id\":\"https:\\\/\\\/abd.ong\\\/ca\\\/#\\\/schema\\\/person\\\/6bb74ed13fc8bdf3a5382c66db14c9ee\",\"name\":\"Francesc Balart\"}]}<\/script>\n<!-- \/ Yoast SEO plugin. -->","yoast_head_json":{"title":"Ter\u00e0pia amb animals a la Resid\u00e8ncia i Centre de Dia Alta Ribagor\u00e7a - ABD","description":"La Resid\u00e8ncia i Centre de Dia Alta Ribagor\u00e7a, servei gestionat pel Grup\u00a0ABD, ha rebut una visita molt especial.\u00a0Boby, un labrador\u00a0retriever de","robots":{"index":"index","follow":"follow","max-snippet":"max-snippet:-1","max-image-preview":"max-image-preview:large","max-video-preview":"max-video-preview:-1"},"canonical":"https:\/\/abd.ong\/ca\/dependencia-i-gent-gran\/terapia-amb-animals-a-la-residencia-i-centre-de-dia-alta-ribagorca\/","og_locale":"ca_ES","og_type":"article","og_title":"Ter\u00e0pia amb animals a la Resid\u00e8ncia i Centre de Dia Alta Ribagor\u00e7a - ABD","og_description":"La Resid\u00e8ncia i Centre de Dia Alta Ribagor\u00e7a, servei gestionat pel Grup\u00a0ABD, ha rebut una visita molt especial.\u00a0Boby, un labrador\u00a0retriever de","og_url":"https:\/\/abd.ong\/ca\/dependencia-i-gent-gran\/terapia-amb-animals-a-la-residencia-i-centre-de-dia-alta-ribagorca\/","og_site_name":"ABD","article_publisher":"https:\/\/www.facebook.com\/abd.ong","article_published_time":"2025-03-12T08:30:17+00:00","article_modified_time":"2025-03-12T09:05:07+00:00","og_image":[{"width":2000,"height":922,"url":"https:\/\/abd.ong\/wp-content\/uploads\/2025\/03\/WhatsApp-Image-2025-03-12-at-09.28.26-1.jpeg","type":"image\/jpeg"}],"author":"Francesc Balart","twitter_card":"summary_large_image","twitter_creator":"@abd_ong","twitter_site":"@abd_ong","twitter_misc":{"Escrit per":"Francesc Balart","Temps estimat de lectura":"4 minuts"},"schema":{"@context":"https:\/\/schema.org","@graph":[{"@type":"Article","@id":"https:\/\/abd.ong\/ca\/dependencia-i-gent-gran\/terapia-amb-animals-a-la-residencia-i-centre-de-dia-alta-ribagorca\/#article","isPartOf":{"@id":"https:\/\/abd.ong\/ca\/dependencia-i-gent-gran\/terapia-amb-animals-a-la-residencia-i-centre-de-dia-alta-ribagorca\/"},"author":{"name":"Francesc Balart","@id":"https:\/\/abd.ong\/ca\/#\/schema\/person\/6bb74ed13fc8bdf3a5382c66db14c9ee"},"headline":"Ter\u00e0pia amb animals a la Resid\u00e8ncia i Centre de Dia Alta Ribagor\u00e7a","datePublished":"2025-03-12T08:30:17+00:00","dateModified":"2025-03-12T09:05:07+00:00","mainEntityOfPage":{"@id":"https:\/\/abd.ong\/ca\/dependencia-i-gent-gran\/terapia-amb-animals-a-la-residencia-i-centre-de-dia-alta-ribagorca\/"},"wordCount":313,"publisher":{"@id":"https:\/\/abd.ong\/ca\/#organization"},"image":{"@id":"https:\/\/abd.ong\/ca\/dependencia-i-gent-gran\/terapia-amb-animals-a-la-residencia-i-centre-de-dia-alta-ribagorca\/#primaryimage"},"thumbnailUrl":"https:\/\/abd.ong\/wp-content\/uploads\/2025\/03\/WhatsApp-Image-2025-03-12-at-09.28.26-1.jpeg","keywords":["ABD","Asociaci\u00f3n Bienestar y Desarrollo","Asociaci\u00f3n Recu\u00e9rdame Alzh\u00e9imer","Associaci\u00f3 Benestar i Desenvolupament","Boby","Mitjans de comunicaci\u00f3","not\u00edcies","persones grans"],"articleSection":["Depend\u00e8ncia i gent gran"],"inLanguage":"ca"},{"@type":"WebPage","@id":"https:\/\/abd.ong\/ca\/dependencia-i-gent-gran\/terapia-amb-animals-a-la-residencia-i-centre-de-dia-alta-ribagorca\/","url":"https:\/\/abd.ong\/ca\/dependencia-i-gent-gran\/terapia-amb-animals-a-la-residencia-i-centre-de-dia-alta-ribagorca\/","name":"Ter\u00e0pia amb animals a la Resid\u00e8ncia i Centre de Dia Alta Ribagor\u00e7a - ABD","isPartOf":{"@id":"https:\/\/abd.ong\/ca\/#website"},"primaryImageOfPage":{"@id":"https:\/\/abd.ong\/ca\/dependencia-i-gent-gran\/terapia-amb-animals-a-la-residencia-i-centre-de-dia-alta-ribagorca\/#primaryimage"},"image":{"@id":"https:\/\/abd.ong\/ca\/dependencia-i-gent-gran\/terapia-amb-animals-a-la-residencia-i-centre-de-dia-alta-ribagorca\/#primaryimage"},"thumbnailUrl":"https:\/\/abd.ong\/wp-content\/uploads\/2025\/03\/WhatsApp-Image-2025-03-12-at-09.28.26-1.jpeg","datePublished":"2025-03-12T08:30:17+00:00","dateModified":"2025-03-12T09:05:07+00:00","description":"La Resid\u00e8ncia i Centre de Dia Alta Ribagor\u00e7a, servei gestionat pel Grup\u00a0ABD, ha rebut una visita molt especial.\u00a0Boby, un labrador\u00a0retriever de","breadcrumb":{"@id":"https:\/\/abd.ong\/ca\/dependencia-i-gent-gran\/terapia-amb-animals-a-la-residencia-i-centre-de-dia-alta-ribagorca\/#breadcrumb"},"inLanguage":"ca","potentialAction":[{"@type":"ReadAction","target":["https:\/\/abd.ong\/ca\/dependencia-i-gent-gran\/terapia-amb-animals-a-la-residencia-i-centre-de-dia-alta-ribagorca\/"]}]},{"@type":"ImageObject","inLanguage":"ca","@id":"https:\/\/abd.ong\/ca\/dependencia-i-gent-gran\/terapia-amb-animals-a-la-residencia-i-centre-de-dia-alta-ribagorca\/#primaryimage","url":"https:\/\/abd.ong\/wp-content\/uploads\/2025\/03\/WhatsApp-Image-2025-03-12-at-09.28.26-1.jpeg","contentUrl":"https:\/\/abd.ong\/wp-content\/uploads\/2025\/03\/WhatsApp-Image-2025-03-12-at-09.28.26-1.jpeg","width":2000,"height":922},{"@type":"BreadcrumbList","@id":"https:\/\/abd.ong\/ca\/dependencia-i-gent-gran\/terapia-amb-animals-a-la-residencia-i-centre-de-dia-alta-ribagorca\/#breadcrumb","itemListElement":[{"@type":"ListItem","position":1,"name":"Inici","item":"https:\/\/abd.ong\/ca\/"},{"@type":"ListItem","position":2,"name":"Ter\u00e0pia amb animals a la Resid\u00e8ncia i Centre de Dia Alta Ribagor\u00e7a"}]},{"@type":"WebSite","@id":"https:\/\/abd.ong\/ca\/#website","url":"https:\/\/abd.ong\/ca\/","name":"ABD","description":"Asociaci\u00f3n Bienestar y Desarrollo","publisher":{"@id":"https:\/\/abd.ong\/ca\/#organization"},"potentialAction":[{"@type":"SearchAction","target":{"@type":"EntryPoint","urlTemplate":"https:\/\/abd.ong\/ca\/?s={search_term_string}"},"query-input":{"@type":"PropertyValueSpecification","valueRequired":true,"valueName":"search_term_string"}}],"inLanguage":"ca"},{"@type":"Organization","@id":"https:\/\/abd.ong\/ca\/#organization","name":"Associaci\u00f3 Benestar i Desenvolupament","alternateName":"ABD","url":"https:\/\/abd.ong\/ca\/","logo":{"@type":"ImageObject","inLanguage":"ca","@id":"https:\/\/abd.ong\/ca\/#\/schema\/logo\/image\/","url":"https:\/\/abd.ong\/wp-content\/uploads\/2023\/01\/Icona.png","contentUrl":"https:\/\/abd.ong\/wp-content\/uploads\/2023\/01\/Icona.png","width":190,"height":187,"caption":"Associaci\u00f3 Benestar i Desenvolupament"},"image":{"@id":"https:\/\/abd.ong\/ca\/#\/schema\/logo\/image\/"},"sameAs":["https:\/\/www.facebook.com\/abd.ong","https:\/\/x.com\/abd_ong","https:\/\/www.instagram.com\/abd_ong\/","https:\/\/www.linkedin.com\/company\/abdong","https:\/\/www.youtube.com\/user\/CANALABD"]},{"@type":"Person","@id":"https:\/\/abd.ong\/ca\/#\/schema\/person\/6bb74ed13fc8bdf3a5382c66db14c9ee","name":"Francesc Balart"}]}},"_links":{"self":[{"href":"https:\/\/abd.ong\/ca\/wp-json\/wp\/v2\/posts\/167400","targetHints":{"allow":["GET"]}}],"collection":[{"href":"https:\/\/abd.ong\/ca\/wp-json\/wp\/v2\/posts"}],"about":[{"href":"https:\/\/abd.ong\/ca\/wp-json\/wp\/v2\/types\/post"}],"author":[{"embeddable":true,"href":"https:\/\/abd.ong\/ca\/wp-json\/wp\/v2\/users\/12"}],"replies":[{"embeddable":true,"href":"https:\/\/abd.ong\/ca\/wp-json\/wp\/v2\/comments?post=167400"}],"version-history":[{"count":2,"href":"https:\/\/abd.ong\/ca\/wp-json\/wp\/v2\/posts\/167400\/revisions"}],"predecessor-version":[{"id":167407,"href":"https:\/\/abd.ong\/ca\/wp-json\/wp\/v2\/posts\/167400\/revisions\/167407"}],"wp:featuredmedia":[{"embeddable":true,"href":"https:\/\/abd.ong\/ca\/wp-json\/wp\/v2\/media\/167424"}],"wp:attachment":[{"href":"https:\/\/abd.ong\/ca\/wp-json\/wp\/v2\/media?parent=167400"}],"wp:term":[{"taxonomy":"category","embeddable":true,"href":"https:\/\/abd.ong\/ca\/wp-json\/wp\/v2\/categories?post=167400"},{"taxonomy":"post_tag","embeddable":true,"href":"https:\/\/abd.ong\/ca\/wp-json\/wp\/v2\/tags?post=167400"}],"curies":[{"name":"wp","href":"https:\/\/api.w.org\/{rel}","templated":true}]}}