{"id":166824,"date":"2025-02-26T13:20:39","date_gmt":"2025-02-26T12:20:39","guid":{"rendered":"https:\/\/abd.ong\/?p=166824"},"modified":"2025-02-26T14:06:46","modified_gmt":"2025-02-26T13:06:46","slug":"abd-als-mitjans-de-comunicacio-al-febrer-5","status":"publish","type":"post","link":"https:\/\/abd.ong\/ca\/general-ca\/abd-als-mitjans-de-comunicacio-al-febrer-5\/","title":{"rendered":"ABD als mitjans de comunicaci\u00f3 al febrer"},"content":{"rendered":"\n<p>El <a href=\"https:\/\/abd.ong\/ca\/\" target=\"_blank\" rel=\"noopener\"><strong>Grup\u00a0<span class=\"hiddenSpellError\">ABD<\/span><\/strong><\/a> ha estat present als mitjans de comunicaci\u00f3 durant aquest mes de febrer. A continuaci\u00f3, el resum de premsa de les not\u00edcies, articles i reportatges en qu\u00e8 hem participat com a organitzaci\u00f3.<\/p>\n\n<div style=\"height:100px\" aria-hidden=\"true\" class=\"wp-block-spacer\"><\/div>\n\n<p><strong>30\/01\/2025 &#8211; El Far<\/strong><\/p>\n\n<p><strong>L&#8217;Ajuntament del Prat<\/strong> ha presentat a Mil\u00e0 l&#8217;experi\u00e8ncia de La Botiga, un servei de garantia aliment\u00e0ria gestionat pel <strong>Grup\u00a0<span class=\"hiddenSpellError\">ABD<\/span><\/strong>, en una trobada europea sobre alimentaci\u00f3 i agricultura. Aquest programa municipal, en col\u00b7laboraci\u00f3 amb la <strong>Fundaci\u00f3 Espigoladors<\/strong>, cerca reduir desigualtats i fomentar el reaprofitament d&#8217;aliments.<\/p>\n\n<p><a href=\"https:\/\/elfar.cat\/art\/52521\/el-servei-de-garantia-alimentaria-del-municipi-es-presenta-en-una-trobada-europea\/\" target=\"_blank\" rel=\"noreferrer noopener\">El servei de garantia aliment\u00e0ria del municipi es presenta en una trobada europea<\/a><\/p>\n\n<div style=\"height:15px\" aria-hidden=\"true\" class=\"wp-block-spacer\"><\/div>\n\n<figure class=\"wp-block-image size-full is-resized\"><img fetchpriority=\"high\" decoding=\"async\" width=\"670\" height=\"379\" src=\"https:\/\/abd.ong\/wp-content\/uploads\/2025\/02\/9357_mail.jpg\" alt=\"\" class=\"wp-image-166827\" style=\"width:768px;height:auto\" srcset=\"https:\/\/abd.ong\/wp-content\/uploads\/2025\/02\/9357_mail.jpg 670w, https:\/\/abd.ong\/wp-content\/uploads\/2025\/02\/9357_mail-300x170.jpg 300w\" sizes=\"(max-width: 670px) 100vw, 670px\" \/><\/figure>\n\n<div style=\"height:40px\" aria-hidden=\"true\" class=\"wp-block-spacer\"><\/div>\n\n<p><strong>30\/01\/2025 &#8211; La Premsa del Baix Llobregat<\/strong><\/p>\n\n<p><strong>La Botiga<\/strong>, el servei de garantia aliment\u00e0ria del Prat, va formar part d&#8217;una nova trobada de l&#8217;<strong>EU Food Security HUB<\/strong> a<em> Mil\u00e0<\/em>. Tant aquesta iniciativa com el servei estan coordinats pel Grup\u00a0<span class=\"hiddenSpellError\">ABD<\/span>. Una delegaci\u00f3 de la ciutat, encap\u00e7alada<em> pel tinent d&#8217;Alcaldia de l&#8217;\u00c0rea d&#8217;Acci\u00f3 Ambiental i Serveis Urbans<\/em>,<strong> Quim\u00a0<span class=\"hiddenSpellError\">Bartolom\u00e9<\/span><\/strong>, i <em>el cap de servei d&#8217;Acci\u00f3 Social i Comunit\u00e0ria de l&#8217;Ajuntament<\/em>, <strong>Arnau Garcia<\/strong>, va participar en unes jornades per compartir els aven\u00e7os aconseguits pels diferents projectes que la conformen.<\/p>\n\n<p><a href=\"https:\/\/www.lapremsadelbaix.es\/seccions-del-baix\/fotonot%C3%ADcies\/la-botiga-del-prat-exporta-el-seu-model-a-mil%C3%A0.html\" target=\"_blank\" rel=\"noreferrer noopener\">La Botiga del Prat exporta su modelo a Mil\u00e1n<\/a><\/p>\n\n<div style=\"height:15px\" aria-hidden=\"true\" class=\"wp-block-spacer\"><\/div>\n\n<figure class=\"wp-block-image size-large\"><img decoding=\"async\" width=\"1024\" height=\"768\" src=\"https:\/\/abd.ong\/wp-content\/uploads\/2025\/01\/WhatsApp-Image-2025-01-29-at-12.38.00-2-1024x768.jpeg\" alt=\"\" class=\"wp-image-166781\" srcset=\"https:\/\/abd.ong\/wp-content\/uploads\/2025\/01\/WhatsApp-Image-2025-01-29-at-12.38.00-2-1024x768.jpeg 1024w, https:\/\/abd.ong\/wp-content\/uploads\/2025\/01\/WhatsApp-Image-2025-01-29-at-12.38.00-2-300x225.jpeg 300w, https:\/\/abd.ong\/wp-content\/uploads\/2025\/01\/WhatsApp-Image-2025-01-29-at-12.38.00-2-768x576.jpeg 768w, https:\/\/abd.ong\/wp-content\/uploads\/2025\/01\/WhatsApp-Image-2025-01-29-at-12.38.00-2-1536x1152.jpeg 1536w, https:\/\/abd.ong\/wp-content\/uploads\/2025\/01\/WhatsApp-Image-2025-01-29-at-12.38.00-2.jpeg 1600w\" sizes=\"(max-width: 1024px) 100vw, 1024px\" \/><\/figure>\n\n<div style=\"height:40px\" aria-hidden=\"true\" class=\"wp-block-spacer\"><\/div>\n\n<p><strong>30\/01\/2025 &#8211; El Prat Digital<\/strong><\/p>\n\n<p><strong>La Botiga<\/strong>, el servei de garantia aliment\u00e0ria del <strong>Prat<\/strong>, ha participat a Mil\u00e0 en una trobada de <strong>l&#8217;EU Food Security HUB<\/strong>,<em> on s&#8217;han compartit els aven\u00e7os aconseguits pels diferents projectes que conformen aquesta iniciativa.<\/em> La visita de la delegaci\u00f3 del Prat ha tingut com a objectiu incorporar noves estrat\u00e8gies i models que puguin ser interessants per aplicar-los a La Botiga.<\/p>\n\n<p><a href=\"https:\/\/www.elprat.digital\/2025\/01\/30\/la-botiga-del-prat-mostra-el-seu-model-a-altres-ciutats-europees\/\" target=\"_blank\" rel=\"noreferrer noopener\">La Botiga del Prat mostra el seu model a altres ciutats europees<\/a><\/p>\n\n<div style=\"height:15px\" aria-hidden=\"true\" class=\"wp-block-spacer\"><\/div>\n\n<figure class=\"wp-block-image size-large\"><img decoding=\"async\" width=\"1024\" height=\"683\" src=\"https:\/\/abd.ong\/wp-content\/uploads\/2025\/02\/Individual_9-1024x683.jpg\" alt=\"\" class=\"wp-image-166830\" srcset=\"https:\/\/abd.ong\/wp-content\/uploads\/2025\/02\/Individual_9-1024x683.jpg 1024w, https:\/\/abd.ong\/wp-content\/uploads\/2025\/02\/Individual_9-300x200.jpg 300w, https:\/\/abd.ong\/wp-content\/uploads\/2025\/02\/Individual_9-768x512.jpg 768w, https:\/\/abd.ong\/wp-content\/uploads\/2025\/02\/Individual_9-1536x1024.jpg 1536w, https:\/\/abd.ong\/wp-content\/uploads\/2025\/02\/Individual_9-600x400.jpg 600w, https:\/\/abd.ong\/wp-content\/uploads\/2025\/02\/Individual_9-1920x1280.jpg 1920w, https:\/\/abd.ong\/wp-content\/uploads\/2025\/02\/Individual_9.jpg 2048w\" sizes=\"(max-width: 1024px) 100vw, 1024px\" \/><\/figure>\n\n<div style=\"height:40px\" aria-hidden=\"true\" class=\"wp-block-spacer\"><\/div>\n\n<p><strong>30\/01\/2025 &#8211; TOT Sant Cugat<\/strong><\/p>\n\n<p><strong>L&#8217;Ajuntament de Sant Cugat i l&#8217;Associaci\u00f3 Benestar i Desenvolupament (<span class=\"hiddenSpellError\">ABD<\/span>)<\/strong>, entitat encarregada del programa europeu\u00a0<strong><span class=\"hiddenSpellError\">CRISSCROSS<\/span>\u00a0<\/strong>per a un lleure nocturn saludable i sense viol\u00e8ncies masclistes, han considerat un \u00e8xit el projecte pilot que s&#8217;ha dut a terme a Sant Cugat entre els mesos de maig i octubre del 2024.<\/p>\n\n<p><a href=\"https:\/\/www.totsantcugat.cat\/actualitat\/societat\/prova-pilot-projecte-crisscross-millora-oci-nocturn-sant-cugat_2209069102.html\" target=\"_blank\" rel=\"noreferrer noopener\">La prova pilot del projecte CRISSCROSS millora el lleure nocturn a Sant Cugat<\/a><\/p>\n\n<div style=\"height:15px\" aria-hidden=\"true\" class=\"wp-block-spacer\"><\/div>\n\n<figure class=\"wp-block-image size-large\"><img loading=\"lazy\" decoding=\"async\" width=\"1024\" height=\"512\" src=\"https:\/\/abd.ong\/wp-content\/uploads\/2025\/02\/whatsapp-image-2025-01-30-at-20-39-41_37_1600x800-1024x512.jpeg\" alt=\"\" class=\"wp-image-166834\" srcset=\"https:\/\/abd.ong\/wp-content\/uploads\/2025\/02\/whatsapp-image-2025-01-30-at-20-39-41_37_1600x800-1024x512.jpeg 1024w, https:\/\/abd.ong\/wp-content\/uploads\/2025\/02\/whatsapp-image-2025-01-30-at-20-39-41_37_1600x800-300x150.jpeg 300w, https:\/\/abd.ong\/wp-content\/uploads\/2025\/02\/whatsapp-image-2025-01-30-at-20-39-41_37_1600x800-768x384.jpeg 768w, https:\/\/abd.ong\/wp-content\/uploads\/2025\/02\/whatsapp-image-2025-01-30-at-20-39-41_37_1600x800-1536x768.jpeg 1536w, https:\/\/abd.ong\/wp-content\/uploads\/2025\/02\/whatsapp-image-2025-01-30-at-20-39-41_37_1600x800.jpeg 1600w\" sizes=\"(max-width: 1024px) 100vw, 1024px\" \/><\/figure>\n\n<div style=\"height:40px\" aria-hidden=\"true\" class=\"wp-block-spacer\"><\/div>\n\n<p><strong>31\/01\/2025 &#8211; cugat m\u00e8dia<\/strong><\/p>\n\n<p>Sant Cugat ha acollit durant sis mesos el programa europeu CRISS-CROSS, finan\u00e7at per la Comissi\u00f3 Europea. Es tracta d&#8217;un projecte pilot que tamb\u00e9 s&#8217;ha implementat a Porto, Dubl\u00edn, Luxemburg i Mil\u00e0. Des del maig fins a l&#8217;octubre, cada divendres s&#8217;ha instal\u00b7lat una carpa a Can Sol\u00e0, un dels punts clau de l&#8217;oci nocturn a la ciutat, per informar i assessorar la joventut sobre els riscos de les addiccions i la viol\u00e8ncia masclista. Aix\u00ed, s&#8217;han fet accions com la prova de l&#8217;alcohol\u00edmetre, el lliurament de preservatius i la conscienciaci\u00f3 sobre el consum de drogues. La Festa Major ha estat un altre dels moments clau del projecte, coordinat pel Grup Associaci\u00f3 Benestar i Desenvolupament (ABD).<\/p>\n\n<p><a href=\"https:\/\/www.cugat.cat\/noticies\/societat\/170465\/criss-cross_-l_espai-segur-de-l_oci-nocturn-santcugatenc\" target=\"_blank\" rel=\"noreferrer noopener\">CRISS-CROSS, l&#8217;espai segur de la vida nocturna santcugatenc<\/a><\/p>\n\n<div style=\"height:15px\" aria-hidden=\"true\" class=\"wp-block-spacer\"><\/div>\n\n<figure class=\"wp-block-image size-large\"><img loading=\"lazy\" decoding=\"async\" width=\"1024\" height=\"576\" src=\"https:\/\/abd.ong\/wp-content\/uploads\/2025\/02\/200924-oci-nocturn-moon-a-cugat-1024x576.jpg\" alt=\"\" class=\"wp-image-166838\" srcset=\"https:\/\/abd.ong\/wp-content\/uploads\/2025\/02\/200924-oci-nocturn-moon-a-cugat-1024x576.jpg 1024w, https:\/\/abd.ong\/wp-content\/uploads\/2025\/02\/200924-oci-nocturn-moon-a-cugat-300x169.jpg 300w, https:\/\/abd.ong\/wp-content\/uploads\/2025\/02\/200924-oci-nocturn-moon-a-cugat-768x432.jpg 768w, https:\/\/abd.ong\/wp-content\/uploads\/2025\/02\/200924-oci-nocturn-moon-a-cugat.jpg 1250w\" sizes=\"(max-width: 1024px) 100vw, 1024px\" \/><\/figure>\n\n<div style=\"height:40px\" aria-hidden=\"true\" class=\"wp-block-spacer\"><\/div>\n\n<p><strong>31\/01\/2025 &#8211; RNE<\/strong><\/p>\n\n<p>El programa<em> &#8220;De Nit&#8221;<\/em> de<strong>\u00a0<span class=\"hiddenSpellError\">RNE<\/span>\u00a0(R\u00e0dio Nacional d&#8217;Espanya)<\/strong> entrevista <strong>Mireia Ventura<\/strong>, coordinadora del servei d&#8217;an\u00e0lisi <strong>d&#8217;Energy Control del Grup\u00a0<span class=\"hiddenSpellError\">ABD<\/span><\/strong>, per parlar sobre l&#8217;arribada a Europa d&#8217;una droga nova: el\u00a0<span class=\"hiddenSpellError\">Nitaz\u00e9<\/span><\/p>\n\n<p><a href=\"https:\/\/www.rtve.es\/play\/audios\/de-nit\/nit-31-01-2025-manifestacio-dels-veterinaris-nitaze-deepseek-toni-peret\/16434057\/\" target=\"_blank\" rel=\"noreferrer noopener\">Entrevista Mireia Ventura<\/a><\/p>\n\n<div style=\"height:15px\" aria-hidden=\"true\" class=\"wp-block-spacer\"><\/div>\n\n<figure class=\"wp-block-image size-large\"><img loading=\"lazy\" decoding=\"async\" width=\"1024\" height=\"683\" src=\"https:\/\/abd.ong\/wp-content\/uploads\/2025\/02\/101623_mireia_ventura_029-16124307-1-1024x683.jpg\" alt=\"\" class=\"wp-image-166842\" srcset=\"https:\/\/abd.ong\/wp-content\/uploads\/2025\/02\/101623_mireia_ventura_029-16124307-1-1024x683.jpg 1024w, https:\/\/abd.ong\/wp-content\/uploads\/2025\/02\/101623_mireia_ventura_029-16124307-1-300x200.jpg 300w, https:\/\/abd.ong\/wp-content\/uploads\/2025\/02\/101623_mireia_ventura_029-16124307-1-768x512.jpg 768w, https:\/\/abd.ong\/wp-content\/uploads\/2025\/02\/101623_mireia_ventura_029-16124307-1-1536x1024.jpg 1536w, https:\/\/abd.ong\/wp-content\/uploads\/2025\/02\/101623_mireia_ventura_029-16124307-1-600x400.jpg 600w, https:\/\/abd.ong\/wp-content\/uploads\/2025\/02\/101623_mireia_ventura_029-16124307-1-1920x1280.jpg 1920w, https:\/\/abd.ong\/wp-content\/uploads\/2025\/02\/101623_mireia_ventura_029-16124307-1.jpg 2048w\" sizes=\"(max-width: 1024px) 100vw, 1024px\" \/><\/figure>\n\n<div style=\"height:40px\" aria-hidden=\"true\" class=\"wp-block-spacer\"><\/div>\n\n<p><strong>06\/02\/2025 &#8211; Europa Press<\/strong><\/p>\n\n<p>El servei <strong>&#8216;<span class=\"hiddenSpellError\">Mediacyl<\/span>&#8216;<\/strong> cobreix tota la Comunitat amb l&#8217;adjudicaci\u00f3 dels centres de Lle\u00f3 i Valladolid al <strong>Grup\u00a0<span class=\"hiddenSpellError\">ABD<\/span><\/strong>. La prestaci\u00f3 del servei &#8216;<span class=\"hiddenSpellError\">Mediacyl<\/span>&#8216; de la Junta, q<em>ue interm\u00e8dia en conflictes familiars promovent el di\u00e0leg,<\/em> ja s&#8217;ha adjudicat a les seus que restaven -Le\u00f3n i Valladolid- i estar\u00e0 en funcionament a tot Castella i Lle\u00f3 durant el primer tram d&#8217;aquest 2025.<\/p>\n\n<p><a href=\"https:\/\/www.europapress.es\/castilla-y-leon\/noticia-servicio-mediacyl-cubre-toda-comunidad-adjudicacion-centros-leon-valladolid-20250206123905.html\" target=\"_blank\" rel=\"noreferrer noopener\">El servei &#8216;Mediacyl&#8217; cobreix tota la Comunitat amb l&#8217;adjudicaci\u00f3 dels centres de Lle\u00f3 i Valladolid<\/a><\/p>\n\n<div style=\"height:15px\" aria-hidden=\"true\" class=\"wp-block-spacer\"><\/div>\n\n<figure class=\"wp-block-image size-large\"><img loading=\"lazy\" decoding=\"async\" width=\"1024\" height=\"576\" src=\"https:\/\/abd.ong\/wp-content\/uploads\/2025\/02\/servicio-mediacyl-junta-alia-familias-castilla-leon-hacer-frente-conflictos-promover-comunicacion-acuerdo-sus-miembros_98-1024x576.webp\" alt=\"\" class=\"wp-image-166846\" srcset=\"https:\/\/abd.ong\/wp-content\/uploads\/2025\/02\/servicio-mediacyl-junta-alia-familias-castilla-leon-hacer-frente-conflictos-promover-comunicacion-acuerdo-sus-miembros_98-1024x576.webp 1024w, https:\/\/abd.ong\/wp-content\/uploads\/2025\/02\/servicio-mediacyl-junta-alia-familias-castilla-leon-hacer-frente-conflictos-promover-comunicacion-acuerdo-sus-miembros_98-300x169.webp 300w, https:\/\/abd.ong\/wp-content\/uploads\/2025\/02\/servicio-mediacyl-junta-alia-familias-castilla-leon-hacer-frente-conflictos-promover-comunicacion-acuerdo-sus-miembros_98-768x432.webp 768w, https:\/\/abd.ong\/wp-content\/uploads\/2025\/02\/servicio-mediacyl-junta-alia-familias-castilla-leon-hacer-frente-conflictos-promover-comunicacion-acuerdo-sus-miembros_98-1536x864.webp 1536w, https:\/\/abd.ong\/wp-content\/uploads\/2025\/02\/servicio-mediacyl-junta-alia-familias-castilla-leon-hacer-frente-conflictos-promover-comunicacion-acuerdo-sus-miembros_98.webp 1900w\" sizes=\"(max-width: 1024px) 100vw, 1024px\" \/><\/figure>\n\n<div style=\"height:40px\" aria-hidden=\"true\" class=\"wp-block-spacer\"><\/div>\n\n<p><strong><strong>06<\/strong>\/01\/2025 &#8211; Diario de Le\u00f3n<\/strong><\/p>\n\n<p><strong>L&#8217;Associaci\u00f3 Benestar i Desenvolupament (<span class=\"hiddenSpellError\">ABD<\/span>)<\/strong>, responsable de gestionar a Salamanca i Burgos la prestaci\u00f3 del servei\u00a0<strong><span class=\"hiddenSpellError\">Mediacyl<\/span>\u00a0<\/strong>de la Junta, que interm\u00e8dia en conflictes familiars promovent el di\u00e0leg, ha estat l&#8217;adjudicat\u00e0ria del servei a Lle\u00f3 i Valladolid, on entrar\u00e0 en funcionament les setmanes vinents, at\u00e8s que les noves seus es troben ja en proc\u00e9s de recondicionament. D&#8217;aquesta manera, el servei estar\u00e0 en funcionament a tot Castella i Lle\u00f3 durant el primer tram del 2025.<\/p>\n\n<p><a href=\"https:\/\/www.diariodeleon.es\/sociedad\/250206\/1817457\/servicio-mediacyl-junta-estara-leon.html\" target=\"_blank\" rel=\"noreferrer noopener\">El servei &#8216;Mediacyl&#8217; de la Junta estar\u00e0 disponible a Lle\u00f3<\/a><\/p>\n\n<div style=\"height:15px\" aria-hidden=\"true\" class=\"wp-block-spacer\"><\/div>\n\n<figure class=\"wp-block-image size-full\"><img loading=\"lazy\" decoding=\"async\" width=\"990\" height=\"660\" src=\"https:\/\/abd.ong\/wp-content\/uploads\/2025\/02\/67a4d9df7ab0c.jpeg\" alt=\"\" class=\"wp-image-166851\" srcset=\"https:\/\/abd.ong\/wp-content\/uploads\/2025\/02\/67a4d9df7ab0c.jpeg 990w, https:\/\/abd.ong\/wp-content\/uploads\/2025\/02\/67a4d9df7ab0c-300x200.jpeg 300w, https:\/\/abd.ong\/wp-content\/uploads\/2025\/02\/67a4d9df7ab0c-768x512.jpeg 768w, https:\/\/abd.ong\/wp-content\/uploads\/2025\/02\/67a4d9df7ab0c-600x400.jpeg 600w\" sizes=\"(max-width: 990px) 100vw, 990px\" \/><\/figure>\n\n<div style=\"height:40px\" aria-hidden=\"true\" class=\"wp-block-spacer\"><\/div>\n\n<p><strong>06\/01\/2025 &#8211; leonoticias<\/strong><\/p>\n\n<p>La prestaci\u00f3 del servei<strong> &#8216;<span class=\"hiddenSpellError\">Mediacyl<\/span>&#8216;<\/strong> de la<em> Junta<\/em>, que interm\u00e8dia en conflictes familiars promovent el di\u00e0leg, ja s&#8217;ha adjudicat a les seus que restaven Lle\u00f3 i Valladolid i estar\u00e0 en funcionament a tot Castella i Lle\u00f3 durant el primer tram d&#8217;aquest 2025. Aix\u00ed s&#8217;ha traslladat durant la reuni\u00f3 del Consell de Govern, despr\u00e9s de la que faci el mateix a les noves seus, les quals es troben en proc\u00e9s de recondicionament, per la qual cosa, en les setmanes vinents, comen\u00e7aran la seva activitat.<\/p>\n\n<p><a href=\"https:\/\/www.leonoticias.com\/leon\/leon-contara-centro-atender-conflictos-familiares-dialogo-20250206122143-nt.html\" target=\"_blank\" rel=\"noreferrer noopener\">Le\u00f3n contar\u00e1 con un centro para atender conflictos familiares con di\u00e1logo<\/a><\/p>\n\n<div style=\"height:15px\" aria-hidden=\"true\" class=\"wp-block-spacer\"><\/div>\n\n<figure class=\"wp-block-image size-large\"><img loading=\"lazy\" decoding=\"async\" width=\"1024\" height=\"717\" src=\"https:\/\/abd.ong\/wp-content\/uploads\/2024\/12\/meciacyl-Rs8s4XcnM9chJv815vx4ywN-1200x840@Gaceta-Salamanca-1024x717.webp\" alt=\"\" class=\"wp-image-166325\" srcset=\"https:\/\/abd.ong\/wp-content\/uploads\/2024\/12\/meciacyl-Rs8s4XcnM9chJv815vx4ywN-1200x840@Gaceta-Salamanca-1024x717.webp 1024w, https:\/\/abd.ong\/wp-content\/uploads\/2024\/12\/meciacyl-Rs8s4XcnM9chJv815vx4ywN-1200x840@Gaceta-Salamanca-300x210.webp 300w, https:\/\/abd.ong\/wp-content\/uploads\/2024\/12\/meciacyl-Rs8s4XcnM9chJv815vx4ywN-1200x840@Gaceta-Salamanca-768x538.webp 768w, https:\/\/abd.ong\/wp-content\/uploads\/2024\/12\/meciacyl-Rs8s4XcnM9chJv815vx4ywN-1200x840@Gaceta-Salamanca.webp 1200w\" sizes=\"(max-width: 1024px) 100vw, 1024px\" \/><\/figure>\n\n<div style=\"height:40px\" aria-hidden=\"true\" class=\"wp-block-spacer\"><\/div>\n\n<p><strong>3\/02\/2025 &#8211; P\u00fablico<\/strong><\/p>\n\n<p>La presidenta del <strong>Grup ABD<\/strong>, psic\u00f2loga experta en addiccions i vicepresidenta de la xarxa d&#8217;Atenci\u00f3 a les Addiccions<strong> &#8216;UNAD&#8217;, Felisa P\u00e9rez<\/strong>, parla en primera persona sobre els inicis de la xarxa, amb motiu de la celebraci\u00f3 del <em>40\u00e8 aniversari<\/em>, per a un article del diari<strong> P\u00fablico.<\/strong><\/p>\n\n<p><a href=\"https:\/\/www.publico.es\/sociedad\/asi-han-evolucionado-adicciones-espana-epidemia-heroina-juego-desbocado.html\" target=\"_blank\" rel=\"noreferrer noopener\">Aix\u00ed han evolucionat les addiccions a Espanya: de l&#8217;epid\u00e8mia de l&#8217;hero\u00efna al joc desbocat<\/a><\/p>\n\n<div style=\"height:15px\" aria-hidden=\"true\" class=\"wp-block-spacer\"><\/div>\n\n<figure class=\"wp-block-image size-full\"><img loading=\"lazy\" decoding=\"async\" width=\"990\" height=\"557\" src=\"https:\/\/abd.ong\/wp-content\/uploads\/2025\/02\/67a61dfcb1797.jpeg\" alt=\"\" class=\"wp-image-166856\" srcset=\"https:\/\/abd.ong\/wp-content\/uploads\/2025\/02\/67a61dfcb1797.jpeg 990w, https:\/\/abd.ong\/wp-content\/uploads\/2025\/02\/67a61dfcb1797-300x169.jpeg 300w, https:\/\/abd.ong\/wp-content\/uploads\/2025\/02\/67a61dfcb1797-768x432.jpeg 768w\" sizes=\"(max-width: 990px) 100vw, 990px\" \/><\/figure>\n\n<div style=\"height:40px\" aria-hidden=\"true\" class=\"wp-block-spacer\"><\/div>\n\n<p><strong>12\/02\/2025 &#8211; ARA<\/strong><\/p>\n\n<p>La nostra gerenta del <strong>Grup ABD<\/strong>, \u00c0ngels Guiteras, escriu un article per al diari ARA titulat<strong> &#8220;Falten propostes per combatre la pobresa energ\u00e8tica&#8221;<\/strong>, on ofereix informaci\u00f3 sobre aquest problema. <em>&#8220;A Europa, 47 milions de persones pateixen pobresa energ\u00e8tica, \u00e9s a dir, no poden escalfar prou casa seva a l&#8217;hivern. D&#8217;elles, 10 milions s\u00f3n a Espanya, i d&#8217;aquestes, 1,5 milions a Catalunya.&#8221;<\/em><\/p>\n\n<p><a href=\"https:\/\/es.ara.cat\/misc\/faltan-propuestas-combatir-pobreza-energetica_129_5280086.html\" target=\"_blank\" rel=\"noreferrer noopener\">Manquen propostes per combatre la pobresa energ\u00e8tica<\/a><\/p>\n\n<div style=\"height:15px\" aria-hidden=\"true\" class=\"wp-block-spacer\"><\/div>\n\n<figure class=\"wp-block-image size-full is-resized\"><img loading=\"lazy\" decoding=\"async\" width=\"560\" height=\"315\" src=\"https:\/\/abd.ong\/wp-content\/uploads\/2025\/02\/9c1e2193-7e80-4412-a4e0-290958e5ff69_16-9-aspect-ratio_560w_0.webp\" alt=\"\" class=\"wp-image-166860\" style=\"width:768px;height:auto\" srcset=\"https:\/\/abd.ong\/wp-content\/uploads\/2025\/02\/9c1e2193-7e80-4412-a4e0-290958e5ff69_16-9-aspect-ratio_560w_0.webp 560w, https:\/\/abd.ong\/wp-content\/uploads\/2025\/02\/9c1e2193-7e80-4412-a4e0-290958e5ff69_16-9-aspect-ratio_560w_0-300x169.webp 300w\" sizes=\"(max-width: 560px) 100vw, 560px\" \/><\/figure>\n\n<div style=\"height:40px\" aria-hidden=\"true\" class=\"wp-block-spacer\"><\/div>\n\n<p><strong>14\/02\/2025 &#8211; Social.cat<\/strong><\/p>\n\n<p>La directora de la unitat operativa sociosanit\u00e0ria del <strong>Grup ABD<\/strong> i adjunta a ger\u00e8ncia, <strong>Pilar Rodr\u00edguez,<\/strong> escriu un article per a Social.cat titulat <strong>&#8220;Breta digital i envelliment: cal democratitzar l&#8217;acc\u00e9s a la tecnologia&#8221;<\/strong>, on ofereix informaci\u00f3 sobre aquest problema.<em> &#8220;\u00c9s fonamental donar veu en primera persona a totes aquelles persones grans que estan excloses de la societat a causa de l&#8217;exposici\u00f3 intensiva i sense precedents a la tecnologia.&#8221;<\/em><\/p>\n\n<p><a href=\"https:\/\/www.social.cat\/opinio\/22609\/bretxa-digital-envelliment-cal-democratitzar-acces-tecnologia\" target=\"_blank\" rel=\"noreferrer noopener\">Bretxa digital i envelliment: cal democratitzar l&#8217;acc\u00e9s a la tecnologia<\/a><\/p>\n\n<div style=\"height:15px\" aria-hidden=\"true\" class=\"wp-block-spacer\"><\/div>\n\n<figure class=\"wp-block-image size-large\"><img loading=\"lazy\" decoding=\"async\" width=\"1024\" height=\"768\" src=\"https:\/\/abd.ong\/wp-content\/uploads\/2025\/02\/image_50402817-1024x768.jpg\" alt=\"\" class=\"wp-image-166867\" srcset=\"https:\/\/abd.ong\/wp-content\/uploads\/2025\/02\/image_50402817-1024x768.jpg 1024w, https:\/\/abd.ong\/wp-content\/uploads\/2025\/02\/image_50402817-300x225.jpg 300w, https:\/\/abd.ong\/wp-content\/uploads\/2025\/02\/image_50402817-768x576.jpg 768w, https:\/\/abd.ong\/wp-content\/uploads\/2025\/02\/image_50402817-1536x1152.jpg 1536w, https:\/\/abd.ong\/wp-content\/uploads\/2025\/02\/image_50402817.jpg 2048w\" sizes=\"(max-width: 1024px) 100vw, 1024px\" \/><\/figure>\n\n<div style=\"height:40px\" aria-hidden=\"true\" class=\"wp-block-spacer\"><\/div>\n\n<p><strong>18\/02\/2025 &#8211; C\u00e1\u00f1amo<\/strong><\/p>\n\n<p><strong>Energy Control<\/strong> ha llan\u00e7at la campanya de <em>ChemSafe<\/em> per afavorir la reducci\u00f3 de danys en el consum de drogues al chemsex, una pr\u00e0ctica controvertida i exposada a multitud de riscos m\u00e8dics i psicosocials.<\/p>\n\n<p><a href=\"https:\/\/canamo.net\/otras-drogas\/nuevas-sustancias\/es-posible-un-chemsex-seguro-y-libre-de-riesgos\" target=\"_blank\" rel=\"noreferrer noopener\">\u00c9s possible un chemsex segur i lliure de riscos?<\/a><\/p>\n\n<div style=\"height:15px\" aria-hidden=\"true\" class=\"wp-block-spacer\"><\/div>\n\n<figure class=\"wp-block-image size-full\"><img loading=\"lazy\" decoding=\"async\" width=\"868\" height=\"554\" src=\"https:\/\/abd.ong\/wp-content\/uploads\/2025\/02\/Es-posible-un-chemsex-seguro-y-libre-de-riesgos-ChemSafe_0.jpg.webp\" alt=\"\" class=\"wp-image-166958\" srcset=\"https:\/\/abd.ong\/wp-content\/uploads\/2025\/02\/Es-posible-un-chemsex-seguro-y-libre-de-riesgos-ChemSafe_0.jpg.webp 868w, https:\/\/abd.ong\/wp-content\/uploads\/2025\/02\/Es-posible-un-chemsex-seguro-y-libre-de-riesgos-ChemSafe_0.jpg-300x191.webp 300w, https:\/\/abd.ong\/wp-content\/uploads\/2025\/02\/Es-posible-un-chemsex-seguro-y-libre-de-riesgos-ChemSafe_0.jpg-768x490.webp 768w\" sizes=\"(max-width: 868px) 100vw, 868px\" \/><\/figure>\n\n<div style=\"height:40px\" aria-hidden=\"true\" class=\"wp-block-spacer\"><\/div>\n\n<p><strong>30\/01\/2025 &#8211; RTVE<\/strong><\/p>\n\n<p>M\u00e9s de seixanta mil espanyols han rebut tractament per la seva addicci\u00f3 a l&#8217;alcohol des del 2020. Aquesta setmana recollim el testimoni de persones que han patit aquesta malaltia que tant de dolor causa a qui la pateix i al seu entorn.<strong> Jos\u00e9 Mar\u00eda V\u00e1zquez<\/strong> \u00e9s psiquiatre del <strong>CAS Sants CatSalut &#8211; Grup\u00a0<span class=\"hiddenSpellError\">ABD<\/span><\/strong>, membre de la <strong>Societat Espanyola de Patologia Dual<\/strong> i fa\u00a0<span class=\"hiddenGreenError\">40<\/span>\u00a0anys que tracta addiccions, ens parlar\u00e0 sobre la situaci\u00f3 de l&#8217;alcoholisme a Espanya en aquest reportatge<em>, a partir del minut 10:50.<\/em><\/p>\n\n<p><a href=\"https:\/\/www.rtve.es\/noticias\/20250223\/espana-es-el-segundo-pai-s-de-la-ue-donde-se-bebe-con-ma-s-frecuencia-pero-gana-adeptos-a-una-vida-0-0\/16455339.shtml\" target=\"_blank\" rel=\"noreferrer noopener\">Cada any 60.000 espanyols reben tractament per la seva addicci\u00f3 a l&#8217;alcohol<\/a><\/p>\n\n<figure class=\"wp-block-image size-full\"><img loading=\"lazy\" decoding=\"async\" width=\"900\" height=\"507\" src=\"https:\/\/abd.ong\/wp-content\/uploads\/2025\/02\/descarga-1.jpg\" alt=\"\" class=\"wp-image-167019\" srcset=\"https:\/\/abd.ong\/wp-content\/uploads\/2025\/02\/descarga-1.jpg 900w, https:\/\/abd.ong\/wp-content\/uploads\/2025\/02\/descarga-1-300x169.jpg 300w, https:\/\/abd.ong\/wp-content\/uploads\/2025\/02\/descarga-1-768x433.jpg 768w\" sizes=\"(max-width: 900px) 100vw, 900px\" \/><\/figure>\n\n<div style=\"height:40px\" aria-hidden=\"true\" class=\"wp-block-spacer\"><\/div>\n\n<div style=\"height:15px\" aria-hidden=\"true\" class=\"wp-block-spacer\"><\/div>\n\n<div style=\"height:40px\" aria-hidden=\"true\" class=\"wp-block-spacer\"><\/div>\n\n<p><\/p>\n","protected":false},"excerpt":{"rendered":"<p>El Grup\u00a0ABD ha estat present als mitjans de comunicaci\u00f3 durant aquest mes de febrer. A continuaci\u00f3, el resum de premsa de les not\u00edcies, articles i reportatges en qu\u00e8 hem participat&hellip;<\/p>\n","protected":false},"author":12,"featured_media":156710,"comment_status":"closed","ping_status":"closed","sticky":false,"template":"","format":"standard","meta":{"_acf_changed":false,"footnotes":""},"categories":[66],"tags":[1897,675,2928,2299,2300],"class_list":["post-166824","post","type-post","status-publish","format-standard","has-post-thumbnail","hentry","category-general-ca","tag-abd-2-ca","tag-asociacion-bienestar-y-desarrollo-ca","tag-associacio-benestar-i-desenvolupament-ca-2","tag-mitjans-de-comunicacio-ca","tag-noticies-ca"],"acf":[],"yoast_head":"<!-- This site is optimized with the Yoast SEO plugin v27.4 - https:\/\/yoast.com\/product\/yoast-seo-wordpress\/ -->\n<title>ABD als mitjans de comunicaci\u00f3 al febrer - ABD<\/title>\n<meta name=\"description\" content=\"El Grup\u00a0ABD ha estat present als mitjans de comunicaci\u00f3 durant aquest mes de febrer. A continuaci\u00f3, el resum de premsa de les not\u00edcies, articles i\" \/>\n<meta name=\"robots\" content=\"index, follow, max-snippet:-1, max-image-preview:large, max-video-preview:-1\" \/>\n<link rel=\"canonical\" href=\"https:\/\/abd.ong\/ca\/general-ca\/abd-als-mitjans-de-comunicacio-al-febrer-5\/\" \/>\n<meta property=\"og:locale\" content=\"ca_ES\" \/>\n<meta property=\"og:type\" content=\"article\" \/>\n<meta property=\"og:title\" content=\"ABD als mitjans de comunicaci\u00f3 al febrer - ABD\" \/>\n<meta property=\"og:description\" content=\"El Grup\u00a0ABD ha estat present als mitjans de comunicaci\u00f3 durant aquest mes de febrer. A continuaci\u00f3, el resum de premsa de les not\u00edcies, articles i\" \/>\n<meta property=\"og:url\" content=\"https:\/\/abd.ong\/ca\/general-ca\/abd-als-mitjans-de-comunicacio-al-febrer-5\/\" \/>\n<meta property=\"og:site_name\" content=\"ABD\" \/>\n<meta property=\"article:publisher\" content=\"https:\/\/www.facebook.com\/abd.ong\" \/>\n<meta property=\"article:published_time\" content=\"2025-02-26T12:20:39+00:00\" \/>\n<meta property=\"article:modified_time\" content=\"2025-02-26T13:06:46+00:00\" \/>\n<meta property=\"og:image\" content=\"https:\/\/abd.ong\/wp-content\/uploads\/2023\/12\/GRUP-ABD-2023-FESTA-TIO-1024x576.png\" \/>\n\t<meta property=\"og:image:width\" content=\"1024\" \/>\n\t<meta property=\"og:image:height\" content=\"576\" \/>\n\t<meta property=\"og:image:type\" content=\"image\/png\" \/>\n<meta name=\"author\" content=\"Francesc Balart\" \/>\n<meta name=\"twitter:card\" content=\"summary_large_image\" \/>\n<meta name=\"twitter:creator\" content=\"@abd_ong\" \/>\n<meta name=\"twitter:site\" content=\"@abd_ong\" \/>\n<meta name=\"twitter:label1\" content=\"Escrit per\" \/>\n\t<meta name=\"twitter:data1\" content=\"Francesc Balart\" \/>\n\t<meta name=\"twitter:label2\" content=\"Temps estimat de lectura\" \/>\n\t<meta name=\"twitter:data2\" content=\"1 minut\" \/>\n<script type=\"application\/ld+json\" class=\"yoast-schema-graph\">{\"@context\":\"https:\\\/\\\/schema.org\",\"@graph\":[{\"@type\":\"Article\",\"@id\":\"https:\\\/\\\/abd.ong\\\/ca\\\/general-ca\\\/abd-als-mitjans-de-comunicacio-al-febrer-5\\\/#article\",\"isPartOf\":{\"@id\":\"https:\\\/\\\/abd.ong\\\/ca\\\/general-ca\\\/abd-als-mitjans-de-comunicacio-al-febrer-5\\\/\"},\"author\":{\"name\":\"Francesc Balart\",\"@id\":\"https:\\\/\\\/abd.ong\\\/ca\\\/#\\\/schema\\\/person\\\/6bb74ed13fc8bdf3a5382c66db14c9ee\"},\"headline\":\"ABD als mitjans de comunicaci\u00f3 al febrer\",\"datePublished\":\"2025-02-26T12:20:39+00:00\",\"dateModified\":\"2025-02-26T13:06:46+00:00\",\"mainEntityOfPage\":{\"@id\":\"https:\\\/\\\/abd.ong\\\/ca\\\/general-ca\\\/abd-als-mitjans-de-comunicacio-al-febrer-5\\\/\"},\"wordCount\":1219,\"publisher\":{\"@id\":\"https:\\\/\\\/abd.ong\\\/ca\\\/#organization\"},\"image\":{\"@id\":\"https:\\\/\\\/abd.ong\\\/ca\\\/general-ca\\\/abd-als-mitjans-de-comunicacio-al-febrer-5\\\/#primaryimage\"},\"thumbnailUrl\":\"https:\\\/\\\/abd.ong\\\/wp-content\\\/uploads\\\/2023\\\/12\\\/GRUP-ABD-2023-FESTA-TIO.png\",\"keywords\":[\"ABD\",\"Asociaci\u00f3n Bienestar y Desarrollo\",\"Associaci\u00f3 Benestar i Desenvolupament\",\"Mitjans de comunicaci\u00f3\",\"not\u00edcies\"],\"articleSection\":[\"General\"],\"inLanguage\":\"ca\"},{\"@type\":\"WebPage\",\"@id\":\"https:\\\/\\\/abd.ong\\\/ca\\\/general-ca\\\/abd-als-mitjans-de-comunicacio-al-febrer-5\\\/\",\"url\":\"https:\\\/\\\/abd.ong\\\/ca\\\/general-ca\\\/abd-als-mitjans-de-comunicacio-al-febrer-5\\\/\",\"name\":\"ABD als mitjans de comunicaci\u00f3 al febrer - ABD\",\"isPartOf\":{\"@id\":\"https:\\\/\\\/abd.ong\\\/ca\\\/#website\"},\"primaryImageOfPage\":{\"@id\":\"https:\\\/\\\/abd.ong\\\/ca\\\/general-ca\\\/abd-als-mitjans-de-comunicacio-al-febrer-5\\\/#primaryimage\"},\"image\":{\"@id\":\"https:\\\/\\\/abd.ong\\\/ca\\\/general-ca\\\/abd-als-mitjans-de-comunicacio-al-febrer-5\\\/#primaryimage\"},\"thumbnailUrl\":\"https:\\\/\\\/abd.ong\\\/wp-content\\\/uploads\\\/2023\\\/12\\\/GRUP-ABD-2023-FESTA-TIO.png\",\"datePublished\":\"2025-02-26T12:20:39+00:00\",\"dateModified\":\"2025-02-26T13:06:46+00:00\",\"description\":\"El Grup\u00a0ABD ha estat present als mitjans de comunicaci\u00f3 durant aquest mes de febrer. A continuaci\u00f3, el resum de premsa de les not\u00edcies, articles i\",\"breadcrumb\":{\"@id\":\"https:\\\/\\\/abd.ong\\\/ca\\\/general-ca\\\/abd-als-mitjans-de-comunicacio-al-febrer-5\\\/#breadcrumb\"},\"inLanguage\":\"ca\",\"potentialAction\":[{\"@type\":\"ReadAction\",\"target\":[\"https:\\\/\\\/abd.ong\\\/ca\\\/general-ca\\\/abd-als-mitjans-de-comunicacio-al-febrer-5\\\/\"]}]},{\"@type\":\"ImageObject\",\"inLanguage\":\"ca\",\"@id\":\"https:\\\/\\\/abd.ong\\\/ca\\\/general-ca\\\/abd-als-mitjans-de-comunicacio-al-febrer-5\\\/#primaryimage\",\"url\":\"https:\\\/\\\/abd.ong\\\/wp-content\\\/uploads\\\/2023\\\/12\\\/GRUP-ABD-2023-FESTA-TIO.png\",\"contentUrl\":\"https:\\\/\\\/abd.ong\\\/wp-content\\\/uploads\\\/2023\\\/12\\\/GRUP-ABD-2023-FESTA-TIO.png\",\"width\":2048,\"height\":1152},{\"@type\":\"BreadcrumbList\",\"@id\":\"https:\\\/\\\/abd.ong\\\/ca\\\/general-ca\\\/abd-als-mitjans-de-comunicacio-al-febrer-5\\\/#breadcrumb\",\"itemListElement\":[{\"@type\":\"ListItem\",\"position\":1,\"name\":\"Inici\",\"item\":\"https:\\\/\\\/abd.ong\\\/ca\\\/\"},{\"@type\":\"ListItem\",\"position\":2,\"name\":\"ABD als mitjans de comunicaci\u00f3 al febrer\"}]},{\"@type\":\"WebSite\",\"@id\":\"https:\\\/\\\/abd.ong\\\/ca\\\/#website\",\"url\":\"https:\\\/\\\/abd.ong\\\/ca\\\/\",\"name\":\"ABD\",\"description\":\"Asociaci\u00f3n Bienestar y Desarrollo\",\"publisher\":{\"@id\":\"https:\\\/\\\/abd.ong\\\/ca\\\/#organization\"},\"potentialAction\":[{\"@type\":\"SearchAction\",\"target\":{\"@type\":\"EntryPoint\",\"urlTemplate\":\"https:\\\/\\\/abd.ong\\\/ca\\\/?s={search_term_string}\"},\"query-input\":{\"@type\":\"PropertyValueSpecification\",\"valueRequired\":true,\"valueName\":\"search_term_string\"}}],\"inLanguage\":\"ca\"},{\"@type\":\"Organization\",\"@id\":\"https:\\\/\\\/abd.ong\\\/ca\\\/#organization\",\"name\":\"Associaci\u00f3 Benestar i Desenvolupament\",\"alternateName\":\"ABD\",\"url\":\"https:\\\/\\\/abd.ong\\\/ca\\\/\",\"logo\":{\"@type\":\"ImageObject\",\"inLanguage\":\"ca\",\"@id\":\"https:\\\/\\\/abd.ong\\\/ca\\\/#\\\/schema\\\/logo\\\/image\\\/\",\"url\":\"https:\\\/\\\/abd.ong\\\/wp-content\\\/uploads\\\/2023\\\/01\\\/Icona.png\",\"contentUrl\":\"https:\\\/\\\/abd.ong\\\/wp-content\\\/uploads\\\/2023\\\/01\\\/Icona.png\",\"width\":190,\"height\":187,\"caption\":\"Associaci\u00f3 Benestar i Desenvolupament\"},\"image\":{\"@id\":\"https:\\\/\\\/abd.ong\\\/ca\\\/#\\\/schema\\\/logo\\\/image\\\/\"},\"sameAs\":[\"https:\\\/\\\/www.facebook.com\\\/abd.ong\",\"https:\\\/\\\/x.com\\\/abd_ong\",\"https:\\\/\\\/www.instagram.com\\\/abd_ong\\\/\",\"https:\\\/\\\/www.linkedin.com\\\/company\\\/abdong\",\"https:\\\/\\\/www.youtube.com\\\/user\\\/CANALABD\"]},{\"@type\":\"Person\",\"@id\":\"https:\\\/\\\/abd.ong\\\/ca\\\/#\\\/schema\\\/person\\\/6bb74ed13fc8bdf3a5382c66db14c9ee\",\"name\":\"Francesc Balart\"}]}<\/script>\n<!-- \/ Yoast SEO plugin. -->","yoast_head_json":{"title":"ABD als mitjans de comunicaci\u00f3 al febrer - ABD","description":"El Grup\u00a0ABD ha estat present als mitjans de comunicaci\u00f3 durant aquest mes de febrer. A continuaci\u00f3, el resum de premsa de les not\u00edcies, articles i","robots":{"index":"index","follow":"follow","max-snippet":"max-snippet:-1","max-image-preview":"max-image-preview:large","max-video-preview":"max-video-preview:-1"},"canonical":"https:\/\/abd.ong\/ca\/general-ca\/abd-als-mitjans-de-comunicacio-al-febrer-5\/","og_locale":"ca_ES","og_type":"article","og_title":"ABD als mitjans de comunicaci\u00f3 al febrer - ABD","og_description":"El Grup\u00a0ABD ha estat present als mitjans de comunicaci\u00f3 durant aquest mes de febrer. A continuaci\u00f3, el resum de premsa de les not\u00edcies, articles i","og_url":"https:\/\/abd.ong\/ca\/general-ca\/abd-als-mitjans-de-comunicacio-al-febrer-5\/","og_site_name":"ABD","article_publisher":"https:\/\/www.facebook.com\/abd.ong","article_published_time":"2025-02-26T12:20:39+00:00","article_modified_time":"2025-02-26T13:06:46+00:00","og_image":[{"width":1024,"height":576,"url":"https:\/\/abd.ong\/wp-content\/uploads\/2023\/12\/GRUP-ABD-2023-FESTA-TIO-1024x576.png","type":"image\/png"}],"author":"Francesc Balart","twitter_card":"summary_large_image","twitter_creator":"@abd_ong","twitter_site":"@abd_ong","twitter_misc":{"Escrit per":"Francesc Balart","Temps estimat de lectura":"1 minut"},"schema":{"@context":"https:\/\/schema.org","@graph":[{"@type":"Article","@id":"https:\/\/abd.ong\/ca\/general-ca\/abd-als-mitjans-de-comunicacio-al-febrer-5\/#article","isPartOf":{"@id":"https:\/\/abd.ong\/ca\/general-ca\/abd-als-mitjans-de-comunicacio-al-febrer-5\/"},"author":{"name":"Francesc Balart","@id":"https:\/\/abd.ong\/ca\/#\/schema\/person\/6bb74ed13fc8bdf3a5382c66db14c9ee"},"headline":"ABD als mitjans de comunicaci\u00f3 al febrer","datePublished":"2025-02-26T12:20:39+00:00","dateModified":"2025-02-26T13:06:46+00:00","mainEntityOfPage":{"@id":"https:\/\/abd.ong\/ca\/general-ca\/abd-als-mitjans-de-comunicacio-al-febrer-5\/"},"wordCount":1219,"publisher":{"@id":"https:\/\/abd.ong\/ca\/#organization"},"image":{"@id":"https:\/\/abd.ong\/ca\/general-ca\/abd-als-mitjans-de-comunicacio-al-febrer-5\/#primaryimage"},"thumbnailUrl":"https:\/\/abd.ong\/wp-content\/uploads\/2023\/12\/GRUP-ABD-2023-FESTA-TIO.png","keywords":["ABD","Asociaci\u00f3n Bienestar y Desarrollo","Associaci\u00f3 Benestar i Desenvolupament","Mitjans de comunicaci\u00f3","not\u00edcies"],"articleSection":["General"],"inLanguage":"ca"},{"@type":"WebPage","@id":"https:\/\/abd.ong\/ca\/general-ca\/abd-als-mitjans-de-comunicacio-al-febrer-5\/","url":"https:\/\/abd.ong\/ca\/general-ca\/abd-als-mitjans-de-comunicacio-al-febrer-5\/","name":"ABD als mitjans de comunicaci\u00f3 al febrer - ABD","isPartOf":{"@id":"https:\/\/abd.ong\/ca\/#website"},"primaryImageOfPage":{"@id":"https:\/\/abd.ong\/ca\/general-ca\/abd-als-mitjans-de-comunicacio-al-febrer-5\/#primaryimage"},"image":{"@id":"https:\/\/abd.ong\/ca\/general-ca\/abd-als-mitjans-de-comunicacio-al-febrer-5\/#primaryimage"},"thumbnailUrl":"https:\/\/abd.ong\/wp-content\/uploads\/2023\/12\/GRUP-ABD-2023-FESTA-TIO.png","datePublished":"2025-02-26T12:20:39+00:00","dateModified":"2025-02-26T13:06:46+00:00","description":"El Grup\u00a0ABD ha estat present als mitjans de comunicaci\u00f3 durant aquest mes de febrer. A continuaci\u00f3, el resum de premsa de les not\u00edcies, articles i","breadcrumb":{"@id":"https:\/\/abd.ong\/ca\/general-ca\/abd-als-mitjans-de-comunicacio-al-febrer-5\/#breadcrumb"},"inLanguage":"ca","potentialAction":[{"@type":"ReadAction","target":["https:\/\/abd.ong\/ca\/general-ca\/abd-als-mitjans-de-comunicacio-al-febrer-5\/"]}]},{"@type":"ImageObject","inLanguage":"ca","@id":"https:\/\/abd.ong\/ca\/general-ca\/abd-als-mitjans-de-comunicacio-al-febrer-5\/#primaryimage","url":"https:\/\/abd.ong\/wp-content\/uploads\/2023\/12\/GRUP-ABD-2023-FESTA-TIO.png","contentUrl":"https:\/\/abd.ong\/wp-content\/uploads\/2023\/12\/GRUP-ABD-2023-FESTA-TIO.png","width":2048,"height":1152},{"@type":"BreadcrumbList","@id":"https:\/\/abd.ong\/ca\/general-ca\/abd-als-mitjans-de-comunicacio-al-febrer-5\/#breadcrumb","itemListElement":[{"@type":"ListItem","position":1,"name":"Inici","item":"https:\/\/abd.ong\/ca\/"},{"@type":"ListItem","position":2,"name":"ABD als mitjans de comunicaci\u00f3 al febrer"}]},{"@type":"WebSite","@id":"https:\/\/abd.ong\/ca\/#website","url":"https:\/\/abd.ong\/ca\/","name":"ABD","description":"Asociaci\u00f3n Bienestar y Desarrollo","publisher":{"@id":"https:\/\/abd.ong\/ca\/#organization"},"potentialAction":[{"@type":"SearchAction","target":{"@type":"EntryPoint","urlTemplate":"https:\/\/abd.ong\/ca\/?s={search_term_string}"},"query-input":{"@type":"PropertyValueSpecification","valueRequired":true,"valueName":"search_term_string"}}],"inLanguage":"ca"},{"@type":"Organization","@id":"https:\/\/abd.ong\/ca\/#organization","name":"Associaci\u00f3 Benestar i Desenvolupament","alternateName":"ABD","url":"https:\/\/abd.ong\/ca\/","logo":{"@type":"ImageObject","inLanguage":"ca","@id":"https:\/\/abd.ong\/ca\/#\/schema\/logo\/image\/","url":"https:\/\/abd.ong\/wp-content\/uploads\/2023\/01\/Icona.png","contentUrl":"https:\/\/abd.ong\/wp-content\/uploads\/2023\/01\/Icona.png","width":190,"height":187,"caption":"Associaci\u00f3 Benestar i Desenvolupament"},"image":{"@id":"https:\/\/abd.ong\/ca\/#\/schema\/logo\/image\/"},"sameAs":["https:\/\/www.facebook.com\/abd.ong","https:\/\/x.com\/abd_ong","https:\/\/www.instagram.com\/abd_ong\/","https:\/\/www.linkedin.com\/company\/abdong","https:\/\/www.youtube.com\/user\/CANALABD"]},{"@type":"Person","@id":"https:\/\/abd.ong\/ca\/#\/schema\/person\/6bb74ed13fc8bdf3a5382c66db14c9ee","name":"Francesc Balart"}]}},"_links":{"self":[{"href":"https:\/\/abd.ong\/ca\/wp-json\/wp\/v2\/posts\/166824","targetHints":{"allow":["GET"]}}],"collection":[{"href":"https:\/\/abd.ong\/ca\/wp-json\/wp\/v2\/posts"}],"about":[{"href":"https:\/\/abd.ong\/ca\/wp-json\/wp\/v2\/types\/post"}],"author":[{"embeddable":true,"href":"https:\/\/abd.ong\/ca\/wp-json\/wp\/v2\/users\/12"}],"replies":[{"embeddable":true,"href":"https:\/\/abd.ong\/ca\/wp-json\/wp\/v2\/comments?post=166824"}],"version-history":[{"count":3,"href":"https:\/\/abd.ong\/ca\/wp-json\/wp\/v2\/posts\/166824\/revisions"}],"predecessor-version":[{"id":167040,"href":"https:\/\/abd.ong\/ca\/wp-json\/wp\/v2\/posts\/166824\/revisions\/167040"}],"wp:featuredmedia":[{"embeddable":true,"href":"https:\/\/abd.ong\/ca\/wp-json\/wp\/v2\/media\/156710"}],"wp:attachment":[{"href":"https:\/\/abd.ong\/ca\/wp-json\/wp\/v2\/media?parent=166824"}],"wp:term":[{"taxonomy":"category","embeddable":true,"href":"https:\/\/abd.ong\/ca\/wp-json\/wp\/v2\/categories?post=166824"},{"taxonomy":"post_tag","embeddable":true,"href":"https:\/\/abd.ong\/ca\/wp-json\/wp\/v2\/tags?post=166824"}],"curies":[{"name":"wp","href":"https:\/\/api.w.org\/{rel}","templated":true}]}}