{"id":166464,"date":"2025-01-29T12:56:19","date_gmt":"2025-01-29T11:56:19","guid":{"rendered":"https:\/\/abd.ong\/?p=166464"},"modified":"2025-01-29T12:56:57","modified_gmt":"2025-01-29T11:56:57","slug":"abd-als-mitjans-de-comunicacio-al-gener-6","status":"publish","type":"post","link":"https:\/\/abd.ong\/ca\/general-ca\/abd-als-mitjans-de-comunicacio-al-gener-6\/","title":{"rendered":"ABD als mitjans de comunicaci\u00f3 al gener"},"content":{"rendered":"\n<p>El <a href=\"https:\/\/abd.ong\/ca\/\" target=\"_blank\" rel=\"noopener\"><strong>Grup\u00a0<span class=\"hiddenSpellError\">ABD<\/span><\/strong><\/a> ha estat present als mitjans de comunicaci\u00f3 durant aquest mes de gener. A continuaci\u00f3, el resum de premsa de les not\u00edcies, articles i reportatges en qu\u00e8 hem participat com a organitzaci\u00f3.<\/p>\n\n<div style=\"height:100px\" aria-hidden=\"true\" class=\"wp-block-spacer\"><\/div>\n\n<p><\/p>\n\n<p><strong>12\/01\/2025 &#8211; RNE<\/strong><\/p>\n\n<p><strong><span class=\"hiddenGreenError\">Atenea<\/span><\/strong>, el servei que contribueix a la transformaci\u00f3 digital i tecnol\u00f2gica dels serveis socials, posant al centre la ciutadania m\u00e9s vulnerable del <strong>Grup\u00a0<span class=\"hiddenSpellError\">ABD<\/span><\/strong>, juntament amb\u00a0<strong><span class=\"hiddenSpellError\">Momentum<\/span>\u00a0Analytics,<\/strong> va ser not\u00edcia al programa <em>M\u00f3n Solidari<\/em> de\u00a0<strong><span class=\"hiddenGrammarError\">R\u00e0dio Televisi\u00f3<\/span>\u00a0Espanyola<\/strong>. En aquest espai,<strong> Albert Isern,<\/strong> CEO de\u00a0<span class=\"hiddenSpellError\">Momentum<\/span>\u00a0Analytics, va comentar el projecte i el recent premi<strong> Catalunya Impacta<\/strong>, atorgat pel <strong>Cercle Tecnol\u00f2gic de Catalunya<\/strong>, on\u00a0<span class=\"hiddenGreenError\">Atenea<\/span>\u00a0<em>va guanyar a la categoria de Serveis.<\/em><\/p>\n\n<p><a href=\"https:\/\/www.rtve.es\/play\/audios\/mundo-solidario\/mundo-solidario-proyecto-atenea-ia-servicio-personas-mayores-12-01-25\/16402207\/\" target=\"_blank\" rel=\"noreferrer noopener\">Projecte <span class=\"hiddenGreenError\">ATENEA<\/span>, IA al servei de la gent gran<\/a><\/p>\n\n<div style=\"height:15px\" aria-hidden=\"true\" class=\"wp-block-spacer\"><\/div>\n\n<figure class=\"wp-block-image size-large\"><img fetchpriority=\"high\" decoding=\"async\" width=\"1024\" height=\"576\" src=\"https:\/\/abd.ong\/wp-content\/uploads\/2024\/12\/GddWFHsWcAAT4Iw-1-1024x576.jpeg\" alt=\"\" class=\"wp-image-166305\" srcset=\"https:\/\/abd.ong\/wp-content\/uploads\/2024\/12\/GddWFHsWcAAT4Iw-1-1024x576.jpeg 1024w, https:\/\/abd.ong\/wp-content\/uploads\/2024\/12\/GddWFHsWcAAT4Iw-1-300x169.jpeg 300w, https:\/\/abd.ong\/wp-content\/uploads\/2024\/12\/GddWFHsWcAAT4Iw-1-768x432.jpeg 768w, https:\/\/abd.ong\/wp-content\/uploads\/2024\/12\/GddWFHsWcAAT4Iw-1-1536x864.jpeg 1536w, https:\/\/abd.ong\/wp-content\/uploads\/2024\/12\/GddWFHsWcAAT4Iw-1.jpeg 2048w\" sizes=\"(max-width: 1024px) 100vw, 1024px\" \/><\/figure>\n\n<div style=\"height:40px\" aria-hidden=\"true\" class=\"wp-block-spacer\"><\/div>\n\n<p><strong>12\/01\/2025 &#8211; El Punt Avui<\/strong><\/p>\n\n<p>La periodista <strong>Marta Sard\u00e0 Maneu<\/strong> destaca el projecte <strong>Atenea<\/strong> en el seu article publicat al diari <strong>El Punt Avui<\/strong>, titulat <em>&#8220;IA, \u00e8tica i mem\u00f2ria&#8221;<\/em>. En aquest article, comenta les virtuts de la intel\u00b7lig\u00e8ncia artificial destacant el projecte del <strong>Grup ABD<\/strong> en col\u00b7laboraci\u00f3 amb <strong>Momentum Analytics.<\/strong><\/p>\n\n<p><a href=\"https:\/\/www.elpuntavui.cat\/opinio\/article\/8-articles\/2495345-ia-etica-i-memoria.html\" target=\"_blank\" rel=\"noreferrer noopener\">IA, \u00e8tica i mem\u00f2ria<\/a><\/p>\n\n<div style=\"height:20px\" aria-hidden=\"true\" class=\"wp-block-spacer\"><\/div>\n\n<figure class=\"wp-block-image size-full\"><img decoding=\"async\" width=\"800\" height=\"493\" src=\"https:\/\/abd.ong\/wp-content\/uploads\/2025\/01\/780_0008_6344250_9d880cb23cc1432178057b86f69ea264-1.jpg\" alt=\"\" class=\"wp-image-166734\" srcset=\"https:\/\/abd.ong\/wp-content\/uploads\/2025\/01\/780_0008_6344250_9d880cb23cc1432178057b86f69ea264-1.jpg 800w, https:\/\/abd.ong\/wp-content\/uploads\/2025\/01\/780_0008_6344250_9d880cb23cc1432178057b86f69ea264-1-300x185.jpg 300w, https:\/\/abd.ong\/wp-content\/uploads\/2025\/01\/780_0008_6344250_9d880cb23cc1432178057b86f69ea264-1-768x473.jpg 768w\" sizes=\"(max-width: 800px) 100vw, 800px\" \/><\/figure>\n\n<div style=\"height:40px\" aria-hidden=\"true\" class=\"wp-block-spacer\"><\/div>\n\n<p><strong>14\/01\/2025 &#8211; Onda Cero<\/strong><\/p>\n\n<p><strong>CAMS<\/strong>,<em> la Casa d&#8217;Acollida per a persones que viuen amb el VIH i es troben en situaci\u00f3 d&#8217;exclusi\u00f3 social<\/em> del <strong>Grup ABD<\/strong>, \u00e9s protagonista a la secci\u00f3 &#8220;<em>Ciutat Solid\u00e0ria&#8221;<\/em> <strong>d\u2019Onda Cero<\/strong>, condu\u00efda per la periodista <strong>Miriam Franch.<\/strong> L\u2019espai ha comptat amb la participaci\u00f3 de <strong>Mario Robles.<\/strong><\/p>\n\n<p><a href=\"https:\/\/www.ondacero.es\/emisoras\/catalunya\/audios-podcast\/ciutat-solidaria\/ciutat-solidaria-cams_2025011467866057bc785b00017ba2ea.html\" target=\"_blank\" rel=\"noreferrer noopener\">Ciutat Solid\u00e0ria: CAMS<\/a><\/p>\n\n<div style=\"height:20px\" aria-hidden=\"true\" class=\"wp-block-spacer\"><\/div>\n\n<figure class=\"wp-block-image size-large\"><img decoding=\"async\" width=\"1024\" height=\"683\" src=\"https:\/\/abd.ong\/wp-content\/uploads\/2019\/12\/IMG_0668-1024x683.jpg\" alt=\"\" class=\"wp-image-161654\" srcset=\"https:\/\/abd.ong\/wp-content\/uploads\/2019\/12\/IMG_0668-1024x683.jpg 1024w, https:\/\/abd.ong\/wp-content\/uploads\/2019\/12\/IMG_0668-300x200.jpg 300w, https:\/\/abd.ong\/wp-content\/uploads\/2019\/12\/IMG_0668-768x512.jpg 768w, https:\/\/abd.ong\/wp-content\/uploads\/2019\/12\/IMG_0668-1536x1024.jpg 1536w, https:\/\/abd.ong\/wp-content\/uploads\/2019\/12\/IMG_0668-600x400.jpg 600w, https:\/\/abd.ong\/wp-content\/uploads\/2019\/12\/IMG_0668-1920x1280.jpg 1920w, https:\/\/abd.ong\/wp-content\/uploads\/2019\/12\/IMG_0668.jpg 2048w\" sizes=\"(max-width: 1024px) 100vw, 1024px\" \/><\/figure>\n\n<div style=\"height:40px\" aria-hidden=\"true\" class=\"wp-block-spacer\"><\/div>\n\n<p><strong>03\/12\/2024 &#8211; Perif\u00e8rics<\/strong><\/p>\n\n<p>La incorporaci\u00f3 de<strong> l&#8217;Associaci\u00f3 PDS, Promoci\u00f3 i Desenvolupament Social<\/strong> al <strong>Grup\u00a0<span class=\"hiddenSpellError\">ABD<\/span><\/strong>\u00a0\u00e9s not\u00edcia al diari <em><strong>Perif\u00e8rics<\/strong><\/em>, on es destaca que aquesta integraci\u00f3 amplia els serveis del Grup\u00a0<span class=\"hiddenSpellError\">ABD<\/span>\u00a0<em>en l&#8217;\u00e0mbit de la prevenci\u00f3 de conductes addictives i d&#8217;altres de risc<\/em>. Amb aquesta alian\u00e7a estrat\u00e8gica, el Grup\u00a0<span class=\"hiddenSpellError\">ABD<\/span>\u00a0adquireix una nova dimensi\u00f3 universal i selectiva, complement\u00e0ria al seu treball <em>reconegut en prevenci\u00f3 i reducci\u00f3 de riscos.<\/em><\/p>\n\n<p><a href=\"https:\/\/periferics.cat\/el-grup-abd-potencia-els-serveis-de-prevencio-de-conductes-addictives-i-altres-conductes-de-risc-amb-la-incorporacio-de-lassociacio-pds-promocio-i-desenvolupament-social\/\" target=\"_blank\" rel=\"noreferrer noopener\">El Grup ABD incorpora l&#8217;associaci\u00f3 PDS, Promoci\u00f3 i Desenvolupament Social<\/a><\/p>\n\n<div style=\"height:20px\" aria-hidden=\"true\" class=\"wp-block-spacer\"><\/div>\n\n<figure class=\"wp-block-image size-full\"><img loading=\"lazy\" decoding=\"async\" width=\"1024\" height=\"576\" src=\"https:\/\/abd.ong\/wp-content\/uploads\/2025\/01\/1734696250906-1024x576-1.jpg\" alt=\"\" class=\"wp-image-166742\" srcset=\"https:\/\/abd.ong\/wp-content\/uploads\/2025\/01\/1734696250906-1024x576-1.jpg 1024w, https:\/\/abd.ong\/wp-content\/uploads\/2025\/01\/1734696250906-1024x576-1-300x169.jpg 300w, https:\/\/abd.ong\/wp-content\/uploads\/2025\/01\/1734696250906-1024x576-1-768x432.jpg 768w\" sizes=\"(max-width: 1024px) 100vw, 1024px\" \/><\/figure>\n\n<div style=\"height:40px\" aria-hidden=\"true\" class=\"wp-block-spacer\"><\/div>\n\n<p><strong>25\/01\/2025 &#8211; La Vanguardia<\/strong><\/p>\n\n<p><strong><span class=\"hiddenSpellError\">Claudio<\/span>\u00a0Vidal<\/strong>, director estatal <strong>d&#8217;Energy Control<\/strong>, i <strong>Mireia Ventura<\/strong>, <em>coordinadora del Servei d&#8217;An\u00e0lisi de Subst\u00e0ncies<\/em> <strong>d&#8217;Energy Control<\/strong>, analitzen <em>l&#8217;auge dels\u00a0<span class=\"hiddenSpellError\">nitazens<\/span><\/em>\u00a0a l&#8217;article de<strong> La Vanguardia<\/strong>: <em>&#8220;Els nitazens: la droga m\u00e9s potent que el fentanil posa en alerta Europa&#8221;.<\/em><\/p>\n\n<p><a href=\"https:\/\/www.lavanguardia.com\/encatala\/20250126\/10320388\/els-nitazens-droga-mes-potent-fentanil-posa-alerta-europa.html\" target=\"_blank\" rel=\"noreferrer noopener\">Els nitazens: la droga m\u00e9s potent que el fentanil posa en alerta Europa<\/a><\/p>\n\n<div style=\"height:20px\" aria-hidden=\"true\" class=\"wp-block-spacer\"><\/div>\n\n<figure class=\"wp-block-image size-full\"><img loading=\"lazy\" decoding=\"async\" width=\"990\" height=\"484\" src=\"https:\/\/abd.ong\/wp-content\/uploads\/2025\/01\/67928f570478c.r_d.674-281-8059.jpeg\" alt=\"\" class=\"wp-image-166746\" srcset=\"https:\/\/abd.ong\/wp-content\/uploads\/2025\/01\/67928f570478c.r_d.674-281-8059.jpeg 990w, https:\/\/abd.ong\/wp-content\/uploads\/2025\/01\/67928f570478c.r_d.674-281-8059-300x147.jpeg 300w, https:\/\/abd.ong\/wp-content\/uploads\/2025\/01\/67928f570478c.r_d.674-281-8059-768x375.jpeg 768w\" sizes=\"(max-width: 990px) 100vw, 990px\" \/><\/figure>\n\n<div style=\"height:40px\" aria-hidden=\"true\" class=\"wp-block-spacer\"><\/div>\n\n<p><\/p>\n","protected":false},"excerpt":{"rendered":"<p>El Grup\u00a0ABD ha estat present als mitjans de comunicaci\u00f3 durant aquest mes de gener. A continuaci\u00f3, el resum de premsa de les not\u00edcies, articles i reportatges en qu\u00e8 hem participat&hellip;<\/p>\n","protected":false},"author":12,"featured_media":156710,"comment_status":"closed","ping_status":"closed","sticky":false,"template":"","format":"standard","meta":{"_acf_changed":false,"footnotes":""},"categories":[66],"tags":[1897,675,2928,2299,2300],"class_list":["post-166464","post","type-post","status-publish","format-standard","has-post-thumbnail","hentry","category-general-ca","tag-abd-2-ca","tag-asociacion-bienestar-y-desarrollo-ca","tag-associacio-benestar-i-desenvolupament-ca-2","tag-mitjans-de-comunicacio-ca","tag-noticies-ca"],"acf":[],"yoast_head":"<!-- This site is optimized with the Yoast SEO plugin v27.4 - https:\/\/yoast.com\/product\/yoast-seo-wordpress\/ -->\n<title>ABD als mitjans de comunicaci\u00f3 al gener - ABD<\/title>\n<meta name=\"description\" content=\"El Grup\u00a0ABD ha estat present als mitjans de comunicaci\u00f3 durant aquest mes de gener. A continuaci\u00f3, el resum de premsa de les not\u00edcies, articles i\" \/>\n<meta name=\"robots\" content=\"index, follow, max-snippet:-1, max-image-preview:large, max-video-preview:-1\" \/>\n<link rel=\"canonical\" href=\"https:\/\/abd.ong\/ca\/general-ca\/abd-als-mitjans-de-comunicacio-al-gener-6\/\" \/>\n<meta property=\"og:locale\" content=\"ca_ES\" \/>\n<meta property=\"og:type\" content=\"article\" \/>\n<meta property=\"og:title\" content=\"ABD als mitjans de comunicaci\u00f3 al gener - ABD\" \/>\n<meta property=\"og:description\" content=\"El Grup\u00a0ABD ha estat present als mitjans de comunicaci\u00f3 durant aquest mes de gener. A continuaci\u00f3, el resum de premsa de les not\u00edcies, articles i\" \/>\n<meta property=\"og:url\" content=\"https:\/\/abd.ong\/ca\/general-ca\/abd-als-mitjans-de-comunicacio-al-gener-6\/\" \/>\n<meta property=\"og:site_name\" content=\"ABD\" \/>\n<meta property=\"article:publisher\" content=\"https:\/\/www.facebook.com\/abd.ong\" \/>\n<meta property=\"article:published_time\" content=\"2025-01-29T11:56:19+00:00\" \/>\n<meta property=\"article:modified_time\" content=\"2025-01-29T11:56:57+00:00\" \/>\n<meta property=\"og:image\" content=\"https:\/\/abd.ong\/wp-content\/uploads\/2023\/12\/GRUP-ABD-2023-FESTA-TIO-1024x576.png\" \/>\n\t<meta property=\"og:image:width\" content=\"1024\" \/>\n\t<meta property=\"og:image:height\" content=\"576\" \/>\n\t<meta property=\"og:image:type\" content=\"image\/png\" \/>\n<meta name=\"author\" content=\"Francesc Balart\" \/>\n<meta name=\"twitter:card\" content=\"summary_large_image\" \/>\n<meta name=\"twitter:creator\" content=\"@abd_ong\" \/>\n<meta name=\"twitter:site\" content=\"@abd_ong\" \/>\n<meta name=\"twitter:label1\" content=\"Escrit per\" \/>\n\t<meta name=\"twitter:data1\" content=\"Francesc Balart\" \/>\n\t<meta name=\"twitter:label2\" content=\"Temps estimat de lectura\" \/>\n\t<meta name=\"twitter:data2\" content=\"4 minuts\" \/>\n<script type=\"application\/ld+json\" class=\"yoast-schema-graph\">{\"@context\":\"https:\\\/\\\/schema.org\",\"@graph\":[{\"@type\":\"Article\",\"@id\":\"https:\\\/\\\/abd.ong\\\/ca\\\/general-ca\\\/abd-als-mitjans-de-comunicacio-al-gener-6\\\/#article\",\"isPartOf\":{\"@id\":\"https:\\\/\\\/abd.ong\\\/ca\\\/general-ca\\\/abd-als-mitjans-de-comunicacio-al-gener-6\\\/\"},\"author\":{\"name\":\"Francesc Balart\",\"@id\":\"https:\\\/\\\/abd.ong\\\/ca\\\/#\\\/schema\\\/person\\\/6bb74ed13fc8bdf3a5382c66db14c9ee\"},\"headline\":\"ABD als mitjans de comunicaci\u00f3 al gener\",\"datePublished\":\"2025-01-29T11:56:19+00:00\",\"dateModified\":\"2025-01-29T11:56:57+00:00\",\"mainEntityOfPage\":{\"@id\":\"https:\\\/\\\/abd.ong\\\/ca\\\/general-ca\\\/abd-als-mitjans-de-comunicacio-al-gener-6\\\/\"},\"wordCount\":401,\"publisher\":{\"@id\":\"https:\\\/\\\/abd.ong\\\/ca\\\/#organization\"},\"image\":{\"@id\":\"https:\\\/\\\/abd.ong\\\/ca\\\/general-ca\\\/abd-als-mitjans-de-comunicacio-al-gener-6\\\/#primaryimage\"},\"thumbnailUrl\":\"https:\\\/\\\/abd.ong\\\/wp-content\\\/uploads\\\/2023\\\/12\\\/GRUP-ABD-2023-FESTA-TIO.png\",\"keywords\":[\"ABD\",\"Asociaci\u00f3n Bienestar y Desarrollo\",\"Associaci\u00f3 Benestar i Desenvolupament\",\"Mitjans de comunicaci\u00f3\",\"not\u00edcies\"],\"articleSection\":[\"General\"],\"inLanguage\":\"ca\"},{\"@type\":\"WebPage\",\"@id\":\"https:\\\/\\\/abd.ong\\\/ca\\\/general-ca\\\/abd-als-mitjans-de-comunicacio-al-gener-6\\\/\",\"url\":\"https:\\\/\\\/abd.ong\\\/ca\\\/general-ca\\\/abd-als-mitjans-de-comunicacio-al-gener-6\\\/\",\"name\":\"ABD als mitjans de comunicaci\u00f3 al gener - ABD\",\"isPartOf\":{\"@id\":\"https:\\\/\\\/abd.ong\\\/ca\\\/#website\"},\"primaryImageOfPage\":{\"@id\":\"https:\\\/\\\/abd.ong\\\/ca\\\/general-ca\\\/abd-als-mitjans-de-comunicacio-al-gener-6\\\/#primaryimage\"},\"image\":{\"@id\":\"https:\\\/\\\/abd.ong\\\/ca\\\/general-ca\\\/abd-als-mitjans-de-comunicacio-al-gener-6\\\/#primaryimage\"},\"thumbnailUrl\":\"https:\\\/\\\/abd.ong\\\/wp-content\\\/uploads\\\/2023\\\/12\\\/GRUP-ABD-2023-FESTA-TIO.png\",\"datePublished\":\"2025-01-29T11:56:19+00:00\",\"dateModified\":\"2025-01-29T11:56:57+00:00\",\"description\":\"El Grup\u00a0ABD ha estat present als mitjans de comunicaci\u00f3 durant aquest mes de gener. A continuaci\u00f3, el resum de premsa de les not\u00edcies, articles i\",\"breadcrumb\":{\"@id\":\"https:\\\/\\\/abd.ong\\\/ca\\\/general-ca\\\/abd-als-mitjans-de-comunicacio-al-gener-6\\\/#breadcrumb\"},\"inLanguage\":\"ca\",\"potentialAction\":[{\"@type\":\"ReadAction\",\"target\":[\"https:\\\/\\\/abd.ong\\\/ca\\\/general-ca\\\/abd-als-mitjans-de-comunicacio-al-gener-6\\\/\"]}]},{\"@type\":\"ImageObject\",\"inLanguage\":\"ca\",\"@id\":\"https:\\\/\\\/abd.ong\\\/ca\\\/general-ca\\\/abd-als-mitjans-de-comunicacio-al-gener-6\\\/#primaryimage\",\"url\":\"https:\\\/\\\/abd.ong\\\/wp-content\\\/uploads\\\/2023\\\/12\\\/GRUP-ABD-2023-FESTA-TIO.png\",\"contentUrl\":\"https:\\\/\\\/abd.ong\\\/wp-content\\\/uploads\\\/2023\\\/12\\\/GRUP-ABD-2023-FESTA-TIO.png\",\"width\":2048,\"height\":1152},{\"@type\":\"BreadcrumbList\",\"@id\":\"https:\\\/\\\/abd.ong\\\/ca\\\/general-ca\\\/abd-als-mitjans-de-comunicacio-al-gener-6\\\/#breadcrumb\",\"itemListElement\":[{\"@type\":\"ListItem\",\"position\":1,\"name\":\"Inici\",\"item\":\"https:\\\/\\\/abd.ong\\\/ca\\\/\"},{\"@type\":\"ListItem\",\"position\":2,\"name\":\"ABD als mitjans de comunicaci\u00f3 al gener\"}]},{\"@type\":\"WebSite\",\"@id\":\"https:\\\/\\\/abd.ong\\\/ca\\\/#website\",\"url\":\"https:\\\/\\\/abd.ong\\\/ca\\\/\",\"name\":\"ABD\",\"description\":\"Asociaci\u00f3n Bienestar y Desarrollo\",\"publisher\":{\"@id\":\"https:\\\/\\\/abd.ong\\\/ca\\\/#organization\"},\"potentialAction\":[{\"@type\":\"SearchAction\",\"target\":{\"@type\":\"EntryPoint\",\"urlTemplate\":\"https:\\\/\\\/abd.ong\\\/ca\\\/?s={search_term_string}\"},\"query-input\":{\"@type\":\"PropertyValueSpecification\",\"valueRequired\":true,\"valueName\":\"search_term_string\"}}],\"inLanguage\":\"ca\"},{\"@type\":\"Organization\",\"@id\":\"https:\\\/\\\/abd.ong\\\/ca\\\/#organization\",\"name\":\"Associaci\u00f3 Benestar i Desenvolupament\",\"alternateName\":\"ABD\",\"url\":\"https:\\\/\\\/abd.ong\\\/ca\\\/\",\"logo\":{\"@type\":\"ImageObject\",\"inLanguage\":\"ca\",\"@id\":\"https:\\\/\\\/abd.ong\\\/ca\\\/#\\\/schema\\\/logo\\\/image\\\/\",\"url\":\"https:\\\/\\\/abd.ong\\\/wp-content\\\/uploads\\\/2023\\\/01\\\/Icona.png\",\"contentUrl\":\"https:\\\/\\\/abd.ong\\\/wp-content\\\/uploads\\\/2023\\\/01\\\/Icona.png\",\"width\":190,\"height\":187,\"caption\":\"Associaci\u00f3 Benestar i Desenvolupament\"},\"image\":{\"@id\":\"https:\\\/\\\/abd.ong\\\/ca\\\/#\\\/schema\\\/logo\\\/image\\\/\"},\"sameAs\":[\"https:\\\/\\\/www.facebook.com\\\/abd.ong\",\"https:\\\/\\\/x.com\\\/abd_ong\",\"https:\\\/\\\/www.instagram.com\\\/abd_ong\\\/\",\"https:\\\/\\\/www.linkedin.com\\\/company\\\/abdong\",\"https:\\\/\\\/www.youtube.com\\\/user\\\/CANALABD\"]},{\"@type\":\"Person\",\"@id\":\"https:\\\/\\\/abd.ong\\\/ca\\\/#\\\/schema\\\/person\\\/6bb74ed13fc8bdf3a5382c66db14c9ee\",\"name\":\"Francesc Balart\"}]}<\/script>\n<!-- \/ Yoast SEO plugin. -->","yoast_head_json":{"title":"ABD als mitjans de comunicaci\u00f3 al gener - ABD","description":"El Grup\u00a0ABD ha estat present als mitjans de comunicaci\u00f3 durant aquest mes de gener. A continuaci\u00f3, el resum de premsa de les not\u00edcies, articles i","robots":{"index":"index","follow":"follow","max-snippet":"max-snippet:-1","max-image-preview":"max-image-preview:large","max-video-preview":"max-video-preview:-1"},"canonical":"https:\/\/abd.ong\/ca\/general-ca\/abd-als-mitjans-de-comunicacio-al-gener-6\/","og_locale":"ca_ES","og_type":"article","og_title":"ABD als mitjans de comunicaci\u00f3 al gener - ABD","og_description":"El Grup\u00a0ABD ha estat present als mitjans de comunicaci\u00f3 durant aquest mes de gener. A continuaci\u00f3, el resum de premsa de les not\u00edcies, articles i","og_url":"https:\/\/abd.ong\/ca\/general-ca\/abd-als-mitjans-de-comunicacio-al-gener-6\/","og_site_name":"ABD","article_publisher":"https:\/\/www.facebook.com\/abd.ong","article_published_time":"2025-01-29T11:56:19+00:00","article_modified_time":"2025-01-29T11:56:57+00:00","og_image":[{"width":1024,"height":576,"url":"https:\/\/abd.ong\/wp-content\/uploads\/2023\/12\/GRUP-ABD-2023-FESTA-TIO-1024x576.png","type":"image\/png"}],"author":"Francesc Balart","twitter_card":"summary_large_image","twitter_creator":"@abd_ong","twitter_site":"@abd_ong","twitter_misc":{"Escrit per":"Francesc Balart","Temps estimat de lectura":"4 minuts"},"schema":{"@context":"https:\/\/schema.org","@graph":[{"@type":"Article","@id":"https:\/\/abd.ong\/ca\/general-ca\/abd-als-mitjans-de-comunicacio-al-gener-6\/#article","isPartOf":{"@id":"https:\/\/abd.ong\/ca\/general-ca\/abd-als-mitjans-de-comunicacio-al-gener-6\/"},"author":{"name":"Francesc Balart","@id":"https:\/\/abd.ong\/ca\/#\/schema\/person\/6bb74ed13fc8bdf3a5382c66db14c9ee"},"headline":"ABD als mitjans de comunicaci\u00f3 al gener","datePublished":"2025-01-29T11:56:19+00:00","dateModified":"2025-01-29T11:56:57+00:00","mainEntityOfPage":{"@id":"https:\/\/abd.ong\/ca\/general-ca\/abd-als-mitjans-de-comunicacio-al-gener-6\/"},"wordCount":401,"publisher":{"@id":"https:\/\/abd.ong\/ca\/#organization"},"image":{"@id":"https:\/\/abd.ong\/ca\/general-ca\/abd-als-mitjans-de-comunicacio-al-gener-6\/#primaryimage"},"thumbnailUrl":"https:\/\/abd.ong\/wp-content\/uploads\/2023\/12\/GRUP-ABD-2023-FESTA-TIO.png","keywords":["ABD","Asociaci\u00f3n Bienestar y Desarrollo","Associaci\u00f3 Benestar i Desenvolupament","Mitjans de comunicaci\u00f3","not\u00edcies"],"articleSection":["General"],"inLanguage":"ca"},{"@type":"WebPage","@id":"https:\/\/abd.ong\/ca\/general-ca\/abd-als-mitjans-de-comunicacio-al-gener-6\/","url":"https:\/\/abd.ong\/ca\/general-ca\/abd-als-mitjans-de-comunicacio-al-gener-6\/","name":"ABD als mitjans de comunicaci\u00f3 al gener - ABD","isPartOf":{"@id":"https:\/\/abd.ong\/ca\/#website"},"primaryImageOfPage":{"@id":"https:\/\/abd.ong\/ca\/general-ca\/abd-als-mitjans-de-comunicacio-al-gener-6\/#primaryimage"},"image":{"@id":"https:\/\/abd.ong\/ca\/general-ca\/abd-als-mitjans-de-comunicacio-al-gener-6\/#primaryimage"},"thumbnailUrl":"https:\/\/abd.ong\/wp-content\/uploads\/2023\/12\/GRUP-ABD-2023-FESTA-TIO.png","datePublished":"2025-01-29T11:56:19+00:00","dateModified":"2025-01-29T11:56:57+00:00","description":"El Grup\u00a0ABD ha estat present als mitjans de comunicaci\u00f3 durant aquest mes de gener. A continuaci\u00f3, el resum de premsa de les not\u00edcies, articles i","breadcrumb":{"@id":"https:\/\/abd.ong\/ca\/general-ca\/abd-als-mitjans-de-comunicacio-al-gener-6\/#breadcrumb"},"inLanguage":"ca","potentialAction":[{"@type":"ReadAction","target":["https:\/\/abd.ong\/ca\/general-ca\/abd-als-mitjans-de-comunicacio-al-gener-6\/"]}]},{"@type":"ImageObject","inLanguage":"ca","@id":"https:\/\/abd.ong\/ca\/general-ca\/abd-als-mitjans-de-comunicacio-al-gener-6\/#primaryimage","url":"https:\/\/abd.ong\/wp-content\/uploads\/2023\/12\/GRUP-ABD-2023-FESTA-TIO.png","contentUrl":"https:\/\/abd.ong\/wp-content\/uploads\/2023\/12\/GRUP-ABD-2023-FESTA-TIO.png","width":2048,"height":1152},{"@type":"BreadcrumbList","@id":"https:\/\/abd.ong\/ca\/general-ca\/abd-als-mitjans-de-comunicacio-al-gener-6\/#breadcrumb","itemListElement":[{"@type":"ListItem","position":1,"name":"Inici","item":"https:\/\/abd.ong\/ca\/"},{"@type":"ListItem","position":2,"name":"ABD als mitjans de comunicaci\u00f3 al gener"}]},{"@type":"WebSite","@id":"https:\/\/abd.ong\/ca\/#website","url":"https:\/\/abd.ong\/ca\/","name":"ABD","description":"Asociaci\u00f3n Bienestar y Desarrollo","publisher":{"@id":"https:\/\/abd.ong\/ca\/#organization"},"potentialAction":[{"@type":"SearchAction","target":{"@type":"EntryPoint","urlTemplate":"https:\/\/abd.ong\/ca\/?s={search_term_string}"},"query-input":{"@type":"PropertyValueSpecification","valueRequired":true,"valueName":"search_term_string"}}],"inLanguage":"ca"},{"@type":"Organization","@id":"https:\/\/abd.ong\/ca\/#organization","name":"Associaci\u00f3 Benestar i Desenvolupament","alternateName":"ABD","url":"https:\/\/abd.ong\/ca\/","logo":{"@type":"ImageObject","inLanguage":"ca","@id":"https:\/\/abd.ong\/ca\/#\/schema\/logo\/image\/","url":"https:\/\/abd.ong\/wp-content\/uploads\/2023\/01\/Icona.png","contentUrl":"https:\/\/abd.ong\/wp-content\/uploads\/2023\/01\/Icona.png","width":190,"height":187,"caption":"Associaci\u00f3 Benestar i Desenvolupament"},"image":{"@id":"https:\/\/abd.ong\/ca\/#\/schema\/logo\/image\/"},"sameAs":["https:\/\/www.facebook.com\/abd.ong","https:\/\/x.com\/abd_ong","https:\/\/www.instagram.com\/abd_ong\/","https:\/\/www.linkedin.com\/company\/abdong","https:\/\/www.youtube.com\/user\/CANALABD"]},{"@type":"Person","@id":"https:\/\/abd.ong\/ca\/#\/schema\/person\/6bb74ed13fc8bdf3a5382c66db14c9ee","name":"Francesc Balart"}]}},"_links":{"self":[{"href":"https:\/\/abd.ong\/ca\/wp-json\/wp\/v2\/posts\/166464","targetHints":{"allow":["GET"]}}],"collection":[{"href":"https:\/\/abd.ong\/ca\/wp-json\/wp\/v2\/posts"}],"about":[{"href":"https:\/\/abd.ong\/ca\/wp-json\/wp\/v2\/types\/post"}],"author":[{"embeddable":true,"href":"https:\/\/abd.ong\/ca\/wp-json\/wp\/v2\/users\/12"}],"replies":[{"embeddable":true,"href":"https:\/\/abd.ong\/ca\/wp-json\/wp\/v2\/comments?post=166464"}],"version-history":[{"count":3,"href":"https:\/\/abd.ong\/ca\/wp-json\/wp\/v2\/posts\/166464\/revisions"}],"predecessor-version":[{"id":166763,"href":"https:\/\/abd.ong\/ca\/wp-json\/wp\/v2\/posts\/166464\/revisions\/166763"}],"wp:featuredmedia":[{"embeddable":true,"href":"https:\/\/abd.ong\/ca\/wp-json\/wp\/v2\/media\/156710"}],"wp:attachment":[{"href":"https:\/\/abd.ong\/ca\/wp-json\/wp\/v2\/media?parent=166464"}],"wp:term":[{"taxonomy":"category","embeddable":true,"href":"https:\/\/abd.ong\/ca\/wp-json\/wp\/v2\/categories?post=166464"},{"taxonomy":"post_tag","embeddable":true,"href":"https:\/\/abd.ong\/ca\/wp-json\/wp\/v2\/tags?post=166464"}],"curies":[{"name":"wp","href":"https:\/\/api.w.org\/{rel}","templated":true}]}}