{"id":166271,"date":"2024-12-30T14:55:46","date_gmt":"2024-12-30T13:55:46","guid":{"rendered":"https:\/\/abd.ong\/?p=166271"},"modified":"2024-12-31T09:48:40","modified_gmt":"2024-12-31T08:48:40","slug":"abd-als-mitjans-de-comunicacio-al-desembre-6","status":"publish","type":"post","link":"https:\/\/abd.ong\/ca\/general-ca\/abd-als-mitjans-de-comunicacio-al-desembre-6\/","title":{"rendered":"ABD als mitjans de comunicaci\u00f3 al desembre"},"content":{"rendered":"\n<p>El <a href=\"https:\/\/abd.ong\/ca\/\" target=\"_blank\" rel=\"noopener\"><strong>Grup\u00a0<span class=\"hiddenSpellError\">ABD<\/span><\/strong><\/a> ha estat present als mitjans de comunicaci\u00f3 durant aquest mes de desembre. A continuaci\u00f3, el resum de premsa de les not\u00edcies, articles i reportatges en qu\u00e8 hem participat com a organitzaci\u00f3.<\/p>\n\n<div style=\"height:100px\" aria-hidden=\"true\" class=\"wp-block-spacer\"><\/div>\n\n<p><\/p>\n\n<p><strong>01\/12\/2024 &#8211; El Peri\u00f3dico<\/strong><\/p>\n\n<p>El 56% de les persones amb VIH denuncia que ha patit <strong>discriminaci\u00f3<\/strong> per la seva condici\u00f3 seropositiva, la meitat (un 28%) en els darrers dotze mesos, segons l&#8217;enquesta <strong>&#8216;VIH i discriminaci\u00f3&#8217;<\/strong> <strong>2024<\/strong>. La discriminaci\u00f3 es produeix majorit\u00e0riament en l&#8217;\u00e0mbit de la salut (45%) i en \u00e0mbit dels Serveis Socials o l&#8217;Administraci\u00f3 (21%). Es calcula que <strong>unes 35.000 persones viuen amb VIH a Catalunya.<\/strong><\/p>\n\n<p><a href=\"https:\/\/www.elperiodico.com\/es\/sociedad\/20241201\/lazo-rojo-gigante-motivo-dia-mundial-sida-cataluna-112229081\" target=\"_blank\" rel=\"noopener\">Lla\u00e7 vermell gegant amb motiu del Dia Mundial de la Sida: &#8220;Es necessiten referents positius per acabar amb l&#8217;estigma<span class=\"hiddenGrammarError\" style=\"padding-bottom: 2px; background-image: url('..\/..\/..\/..\/..\/images\/squiggle.png'); background-repeat: repeat-x; background-position: left bottom; cursor: default; color: #000000; font-family: 'Open Sans', Helvetica, Arial, sans-serif; font-size: 16px; font-style: normal; font-variant-ligatures: normal; font-variant-caps: normal; font-weight: 300; letter-spacing: normal; orphans: 2; text-align: start; text-indent: 0px; text-transform: none; widows: 2; word-spacing: 0px; -webkit-text-stroke-width: 0px; white-space: normal; text-decoration-thickness: initial; text-decoration-style: initial; text-decoration-color: initial;\">&#8220;<\/span><\/a><\/p>\n\n<div style=\"height:15px\" aria-hidden=\"true\" class=\"wp-block-spacer\"><\/div>\n\n<figure class=\"wp-block-image size-large\"><img fetchpriority=\"high\" decoding=\"async\" width=\"1024\" height=\"576\" src=\"https:\/\/abd.ong\/wp-content\/uploads\/2024\/12\/4af081e1-5fad-4e70-b1f1-19f4d2a63b88_16-9-discover-aspect-ratio_default_0-1024x576.webp\" alt=\"\" class=\"wp-image-166273\" srcset=\"https:\/\/abd.ong\/wp-content\/uploads\/2024\/12\/4af081e1-5fad-4e70-b1f1-19f4d2a63b88_16-9-discover-aspect-ratio_default_0-1024x576.webp 1024w, https:\/\/abd.ong\/wp-content\/uploads\/2024\/12\/4af081e1-5fad-4e70-b1f1-19f4d2a63b88_16-9-discover-aspect-ratio_default_0-300x169.webp 300w, https:\/\/abd.ong\/wp-content\/uploads\/2024\/12\/4af081e1-5fad-4e70-b1f1-19f4d2a63b88_16-9-discover-aspect-ratio_default_0-768x432.webp 768w, https:\/\/abd.ong\/wp-content\/uploads\/2024\/12\/4af081e1-5fad-4e70-b1f1-19f4d2a63b88_16-9-discover-aspect-ratio_default_0.webp 1200w\" sizes=\"(max-width: 1024px) 100vw, 1024px\" \/><\/figure>\n\n<div style=\"height:40px\" aria-hidden=\"true\" class=\"wp-block-spacer\"><\/div>\n\n<p><strong>03\/12\/2024 &#8211; ACN<\/strong><\/p>\n\n<p>Un total de 10 farm\u00e0cies rurals de la demarcaci\u00f3 de Lleida s&#8217;incorporen, en una primera fase, al projecte pilot\u00a0<strong><span class=\"hiddenGreenError\">ATENEA<\/span>\u00a0<\/strong>per utilitzar intel\u00b7lig\u00e8ncia artificial (IA) que dialoga amb els pacients a trav\u00e9s de tauletes. Persones\u00a0majors polimedicades que viuen soles, o amb parella tamb\u00e9 d&#8217;edat avan\u00e7ada, a seguir i complir correctament els tractaments preparats a la seva farm\u00e0cia, a trav\u00e9s del programa\u00a0<span class=\"hiddenSpellError\">Dosicat<\/span>, i tamb\u00e9 a realitzar gestions amb els metges de fam\u00edlia.<\/p>\n\n<p><a href=\"https:\/\/www.acn.cat\/new\/8653de18-bf47-4584-bd9e-416d92f24a6d\/texts\" target=\"_blank\" rel=\"noopener\">Incorporen la IA al pla pilot a farm\u00e0cies rurals de Lleida per donar medicaci\u00f3 planificada a la gent gran<\/a><\/p>\n\n<div style=\"height:20px\" aria-hidden=\"true\" class=\"wp-block-spacer\"><\/div>\n\n<figure class=\"wp-block-image size-full\"><img decoding=\"async\" width=\"800\" height=\"600\" src=\"https:\/\/abd.ong\/wp-content\/uploads\/2024\/12\/d92c105b-4aae-4f20-afec-aee77687c8fd_medium_.webp\" alt=\"\" class=\"wp-image-166276\" srcset=\"https:\/\/abd.ong\/wp-content\/uploads\/2024\/12\/d92c105b-4aae-4f20-afec-aee77687c8fd_medium_.webp 800w, https:\/\/abd.ong\/wp-content\/uploads\/2024\/12\/d92c105b-4aae-4f20-afec-aee77687c8fd_medium_-300x225.webp 300w, https:\/\/abd.ong\/wp-content\/uploads\/2024\/12\/d92c105b-4aae-4f20-afec-aee77687c8fd_medium_-768x576.webp 768w\" sizes=\"(max-width: 800px) 100vw, 800px\" \/><\/figure>\n\n<div style=\"height:40px\" aria-hidden=\"true\" class=\"wp-block-spacer\"><\/div>\n\n<p><strong>03\/12\/2024 &#8211; 3cat<\/strong><\/p>\n\n<p><strong><span class=\"hiddenGreenError\">ATENEA<\/span>\u00a0<\/strong><em>\u00e9s una prova pilot en marxa en municipis rurals de comarques lleidatanes que utilitza la intel\u00b7lig\u00e8ncia artificial,<\/em> \u00e9s la protagonista en aquest reportatge de <strong>TV3.\u00a0<\/strong><\/p>\n\n<p><a href=\"https:\/\/www.3cat.cat\/3cat\/una-tauleta-de-teleassistencia-recorda-la-medicacio-a-les-persones-grans-que-viuen-soles\/video\/6313358\/\" target=\"_blank\" rel=\"noopener\">Una tauleta de teleassist\u00e8ncia recorda la medicaci\u00f3 a la gent gran que viu sola<\/a><\/p>\n\n<div style=\"height:20px\" aria-hidden=\"true\" class=\"wp-block-spacer\"><\/div>\n\n<figure class=\"wp-block-image size-large\"><img decoding=\"async\" width=\"1024\" height=\"768\" src=\"https:\/\/abd.ong\/wp-content\/uploads\/2024\/12\/IMG_1860-1024x768.jpg\" alt=\"\" class=\"wp-image-166279\" srcset=\"https:\/\/abd.ong\/wp-content\/uploads\/2024\/12\/IMG_1860-1024x768.jpg 1024w, https:\/\/abd.ong\/wp-content\/uploads\/2024\/12\/IMG_1860-300x225.jpg 300w, https:\/\/abd.ong\/wp-content\/uploads\/2024\/12\/IMG_1860-768x576.jpg 768w, https:\/\/abd.ong\/wp-content\/uploads\/2024\/12\/IMG_1860-1536x1152.jpg 1536w, https:\/\/abd.ong\/wp-content\/uploads\/2024\/12\/IMG_1860.jpg 2048w\" sizes=\"(max-width: 1024px) 100vw, 1024px\" \/><\/figure>\n\n<div style=\"height:40px\" aria-hidden=\"true\" class=\"wp-block-spacer\"><\/div>\n\n<p><strong>03\/12\/2024 &#8211; La Vanguardia<\/strong><\/p>\n\n<p><strong><span class=\"hiddenGreenError\">ATENEA<\/span><\/strong>\u00a0\u00e9s una prova pilot\u00a0liderada\u00a0per <strong>Grup\u00a0<span class=\"hiddenSpellError\">ABD<\/span>\u00a0i\u00a0<span class=\"hiddenSpellError\">Momentum<\/span>\u00a0Analytics<\/strong> i finan\u00e7at amb els Fons<em> Next Generation del Departament de Drets Socials i Inclusi\u00f3<\/em> amb 2,3 milions d&#8217;euros per lluitar contra la solitud no desitjada i combatre la bretxa digital de les persones gran<span class=\"hiddenGrammarError\">\u00a0.<\/span><\/p>\n\n<p><a href=\"https:\/\/www.lavanguardia.com\/vida\/20241203\/10167036\/atenea-voz-inteligencia-artificial-ayuda-mayores-tomar-pastillas.html?utm_term=botones_sociales\" target=\"_blank\" rel=\"noopener\"><span class=\"hiddenGreenError\">Atenea<\/span>, la veu d&#8217;intel\u00b7lig\u00e8ncia artificial que ajuda la gent gran a prendre les pastilles<\/a><\/p>\n\n<div style=\"height:20px\" aria-hidden=\"true\" class=\"wp-block-spacer\"><\/div>\n\n<figure class=\"wp-block-image size-large\"><img loading=\"lazy\" decoding=\"async\" width=\"1024\" height=\"768\" src=\"https:\/\/abd.ong\/wp-content\/uploads\/2024\/12\/IMG_1792-1024x768.jpg\" alt=\"\" class=\"wp-image-166289\" srcset=\"https:\/\/abd.ong\/wp-content\/uploads\/2024\/12\/IMG_1792-1024x768.jpg 1024w, https:\/\/abd.ong\/wp-content\/uploads\/2024\/12\/IMG_1792-300x225.jpg 300w, https:\/\/abd.ong\/wp-content\/uploads\/2024\/12\/IMG_1792-768x576.jpg 768w, https:\/\/abd.ong\/wp-content\/uploads\/2024\/12\/IMG_1792-1536x1152.jpg 1536w, https:\/\/abd.ong\/wp-content\/uploads\/2024\/12\/IMG_1792.jpg 2048w\" sizes=\"(max-width: 1024px) 100vw, 1024px\" \/><\/figure>\n\n<div style=\"height:40px\" aria-hidden=\"true\" class=\"wp-block-spacer\"><\/div>\n\n<p><strong>03\/12\/2024 &#8211; TVE<\/strong><\/p>\n\n<p>El projecte\u00a0<strong><span class=\"hiddenGreenError\">Atenea<\/span><\/strong>, <em>el servei que contribueix a la transformaci\u00f3 digital i tecnol\u00f2gica dels serveis socials, posant al centre la ciutadania m\u00e9s vulnerable,<\/em> protagonista de l&#8217;informatiu de TVE.<\/p>\n\n<p><a href=\"https:\/\/www.rtve.es\/play\/videos\/linformatiu\/linformatiu-2-03-12-2024\/16357525\/\" target=\"_blank\" rel=\"noopener\">Incorporen la IA al pla pilot a farm\u00e0cies rurals de Lleida per donar medicaci\u00f3 planificada a la gent gran<\/a><\/p>\n\n<div style=\"height:20px\" aria-hidden=\"true\" class=\"wp-block-spacer\"><\/div>\n\n<figure class=\"wp-block-image size-large\"><img loading=\"lazy\" decoding=\"async\" width=\"1024\" height=\"768\" src=\"https:\/\/abd.ong\/wp-content\/uploads\/2024\/12\/IMG_1826-1-1024x768.jpg\" alt=\"\" class=\"wp-image-166295\" srcset=\"https:\/\/abd.ong\/wp-content\/uploads\/2024\/12\/IMG_1826-1-1024x768.jpg 1024w, https:\/\/abd.ong\/wp-content\/uploads\/2024\/12\/IMG_1826-1-300x225.jpg 300w, https:\/\/abd.ong\/wp-content\/uploads\/2024\/12\/IMG_1826-1-768x576.jpg 768w, https:\/\/abd.ong\/wp-content\/uploads\/2024\/12\/IMG_1826-1-1536x1152.jpg 1536w, https:\/\/abd.ong\/wp-content\/uploads\/2024\/12\/IMG_1826-1.jpg 2048w\" sizes=\"(max-width: 1024px) 100vw, 1024px\" \/><\/figure>\n\n<div style=\"height:40px\" aria-hidden=\"true\" class=\"wp-block-spacer\"><\/div>\n\n<p><strong>04\/12\/2024 &#8211; Geriatricarea<\/strong><\/p>\n\n<p>El guanyador del premi en la categoria del sector serveis va ser el projecte\u00a0<span class=\"hiddenGreenError\">ATENEA<\/span> intel\u00b7lig\u00e8ncia artificial al servei de les persones grans, reconeguda com una \u00abiniciativa de refer\u00e8ncia que aposta per la tecnologia i dona resposta innovadora a reptes socials rellevants\u00bb, sent un factor clau del seu \u00e8xit &#8220;la cocreaci\u00f3 360\u00b0,<strong> la col\u00b7laboraci\u00f3 publicoprivada-tercer sector,<\/strong> posant les persones grans al centre en la fase de disseny i pilotatge de la soluci\u00f3&#8221;, va destacar Albert Isern, CEO de\u00a0<span class=\"hiddenSpellError\">Momentum<\/span>.<\/p>\n\n<p><a href=\"https:\/\/www.geriatricarea.com\/2024\/12\/05\/el-proyecto-atenea-logra-el-premio-catalunya-impacta-a-la-mejor-iniciativa-en-el-sector-servicios\/\" target=\"_blank\" rel=\"noopener\">El projecte\u00a0<span class=\"hiddenGreenError\">ATENEA<\/span>\u00a0aconsegueix el Premi Catalunya Impacta a la millor iniciativa al sector serveis<\/a><\/p>\n\n<div style=\"height:20px\" aria-hidden=\"true\" class=\"wp-block-spacer\"><\/div>\n\n<figure class=\"wp-block-image size-large\"><img loading=\"lazy\" decoding=\"async\" width=\"1024\" height=\"576\" src=\"https:\/\/abd.ong\/wp-content\/uploads\/2024\/12\/GddWFHsWcAAT4Iw-1-1024x576.jpeg\" alt=\"\" class=\"wp-image-166305\" srcset=\"https:\/\/abd.ong\/wp-content\/uploads\/2024\/12\/GddWFHsWcAAT4Iw-1-1024x576.jpeg 1024w, https:\/\/abd.ong\/wp-content\/uploads\/2024\/12\/GddWFHsWcAAT4Iw-1-300x169.jpeg 300w, https:\/\/abd.ong\/wp-content\/uploads\/2024\/12\/GddWFHsWcAAT4Iw-1-768x432.jpeg 768w, https:\/\/abd.ong\/wp-content\/uploads\/2024\/12\/GddWFHsWcAAT4Iw-1-1536x864.jpeg 1536w, https:\/\/abd.ong\/wp-content\/uploads\/2024\/12\/GddWFHsWcAAT4Iw-1.jpeg 2048w\" sizes=\"(max-width: 1024px) 100vw, 1024px\" \/><\/figure>\n\n<div style=\"height:40px\" aria-hidden=\"true\" class=\"wp-block-spacer\"><\/div>\n\n<p><strong>04\/12\/2024 &#8211; Tecnonews<\/strong><\/p>\n\n<p>El guanyador del premi, en la <strong>categoria del sector serveis<\/strong>, ha estat<strong> el projecte\u00a0<span class=\"hiddenGreenError\">ATENEA<\/span> intel\u00b7lig\u00e8ncia artificial al servei de les persones grans<\/strong>, que ha recollit Albert Isern en nom de <span class=\"hiddenSpellError\">Momentum<\/span>\u00a0Analytics i Grup\u00a0<span class=\"hiddenSpellError\">ABD<\/span>.\u00a0<span class=\"hiddenGreenError\">ATENEA<\/span>\u00a0rep aquest reconeixement com a &#8220;iniciativa de refer\u00e8ncia que aposta per la tecnologia i dona resposta innovadora a reptes socials rellevants&#8221;. El CEO de\u00a0<span class=\"hiddenSpellError\">Momentum<\/span>, Albert Isern, ha explicat que <em>&#8220;el factor clau d&#8217;\u00e8xit ha estat la cocreaci\u00f3 360\u00b0, la col\u00b7laboraci\u00f3 publicoprivada-tercer sector, posant la gent gran al centre en la fase de disseny i pilotatge de la soluci\u00f3&#8221;.<\/em><\/p>\n\n<p><a href=\"https:\/\/www.tecnonews.info\/noticias\/el_proyecto_atenea_inteligencia_artificial_al_servicio_de_las_personas\" target=\"_blank\" rel=\"noopener\">El projecte\u00a0<span class=\"hiddenGreenError\">Atenea<\/span>\u00a0guardonat als Premis Catalunya Impacta<\/a><\/p>\n\n<div style=\"height:20px\" aria-hidden=\"true\" class=\"wp-block-spacer\"><\/div>\n\n<figure class=\"wp-block-image size-large\"><img loading=\"lazy\" decoding=\"async\" width=\"1024\" height=\"749\" src=\"https:\/\/abd.ong\/wp-content\/uploads\/2024\/12\/Tablet_and_smartwatch-1024x749.png\" alt=\"\" class=\"wp-image-166312\" srcset=\"https:\/\/abd.ong\/wp-content\/uploads\/2024\/12\/Tablet_and_smartwatch-1024x749.png 1024w, https:\/\/abd.ong\/wp-content\/uploads\/2024\/12\/Tablet_and_smartwatch-300x219.png 300w, https:\/\/abd.ong\/wp-content\/uploads\/2024\/12\/Tablet_and_smartwatch-768x562.png 768w, https:\/\/abd.ong\/wp-content\/uploads\/2024\/12\/Tablet_and_smartwatch.png 1192w\" sizes=\"(max-width: 1024px) 100vw, 1024px\" \/><\/figure>\n\n<div style=\"height:40px\" aria-hidden=\"true\" class=\"wp-block-spacer\"><\/div>\n\n<p><strong>05\/12\/2024 &#8211; Diario de Mallorca<\/strong><\/p>\n\n<p>Pel que fa al reconeixement a entitats del voluntariat, aquest any la guardonada \u00e9s <strong>l&#8217;Associaci\u00f3 Benestar i Desenvolupament-Energy Control<\/strong> per la formaci\u00f3\u00a0cont\u00ednua\u00a0que reben les persones volunt\u00e0ries aix\u00ed com la introducci\u00f3 d&#8217;eines digitals que faciliten el compliment de la normativa\u00a0vigent.<\/p>\n\n<p><a href=\"https:\/\/www.diariodemallorca.es\/mallorca\/2024\/12\/05\/plataforma-voluntariado-entrega-reconocimientos-palma-112339128.html\" target=\"_blank\" rel=\"noopener\">La plataforma del voluntariat lliura els seus reconeixements a Palma<\/a><\/p>\n\n<div style=\"height:20px\" aria-hidden=\"true\" class=\"wp-block-spacer\"><\/div>\n\n<figure class=\"wp-block-image size-large\"><img loading=\"lazy\" decoding=\"async\" width=\"1024\" height=\"724\" src=\"https:\/\/abd.ong\/wp-content\/uploads\/2024\/12\/dfsg-50-1-1536x1086-1-1024x724.png\" alt=\"\" class=\"wp-image-166308\" srcset=\"https:\/\/abd.ong\/wp-content\/uploads\/2024\/12\/dfsg-50-1-1536x1086-1-1024x724.png 1024w, https:\/\/abd.ong\/wp-content\/uploads\/2024\/12\/dfsg-50-1-1536x1086-1-300x212.png 300w, https:\/\/abd.ong\/wp-content\/uploads\/2024\/12\/dfsg-50-1-1536x1086-1-768x543.png 768w, https:\/\/abd.ong\/wp-content\/uploads\/2024\/12\/dfsg-50-1-1536x1086-1.png 1536w\" sizes=\"(max-width: 1024px) 100vw, 1024px\" \/><\/figure>\n\n<div style=\"height:40px\" aria-hidden=\"true\" class=\"wp-block-spacer\"><\/div>\n\n<p><strong>09\/12\/2024 &#8211; Vallecas VA<\/strong><\/p>\n\n<p>Aquest any, la xarxa de la coordinadora est\u00e0 celebrant el seu <strong>35\u00e8 aniversari<\/strong>, una fita que representa m\u00e9s de tres d\u00e8cades de dedicaci\u00f3, esfor\u00e7 i comprom\u00eds amb els m\u00e9s vulnerables de la nostra societat. Des de la seva fundaci\u00f3, aquest col\u00b7lectiu ha treballat per la defensa dels drets dels nens, nenes i joves, oferint suport, recursos i oportunitats per a aquells que m\u00e9s ho necessiten. El Grup\u00a0<span class=\"hiddenSpellError\">ABD<\/span>, \u00e9s una de les 19 entitats que formen part d&#8217;aquesta xarxa.<\/p>\n\n<p><a href=\"https:\/\/vallecas.com\/la-coordinadora-infantil-y-juvenil-de-tiempo-libre-de-vallecas-celebra-su-35-aniversario\/\" target=\"_blank\" rel=\"noopener\">La Coordinadora Infantil i Juvenil de Temps Lliure de Vallecas celebra el 35\u00e8 aniversari<\/a><\/p>\n\n<p><\/p>\n\n<figure class=\"wp-block-image size-full\"><img loading=\"lazy\" decoding=\"async\" width=\"1020\" height=\"620\" src=\"https:\/\/abd.ong\/wp-content\/uploads\/2024\/12\/01-05_w.jpg\" alt=\"\" class=\"wp-image-166316\" srcset=\"https:\/\/abd.ong\/wp-content\/uploads\/2024\/12\/01-05_w.jpg 1020w, https:\/\/abd.ong\/wp-content\/uploads\/2024\/12\/01-05_w-300x182.jpg 300w, https:\/\/abd.ong\/wp-content\/uploads\/2024\/12\/01-05_w-768x467.jpg 768w\" sizes=\"(max-width: 1020px) 100vw, 1020px\" \/><\/figure>\n\n<div style=\"height:40px\" aria-hidden=\"true\" class=\"wp-block-spacer\"><\/div>\n\n<p><strong>10\/12\/2024 &#8211; m4social<\/strong><\/p>\n\n<p><strong>Pilar Rodr\u00edguez\u00a0<span class=\"hiddenSpellError\">Benito<\/span><\/strong>, adjunta a la ger\u00e8ncia i directora de la unitat operativa sociosanit\u00e0ria del <strong>Grup\u00a0<span class=\"hiddenSpellError\">ABD<\/span><\/strong>, de la <strong>Federaci\u00f3 Catalana de Drogodepend\u00e8ncies<\/strong>, ha recordat que <em>&#8220;la IA \u00e9s una eina tecnol\u00f2gica, per\u00f2 els l\u00edmits els hem de posar nosaltres, les persones&#8221;. &#8220;Hem apr\u00e8s a aprendre i innovar amb \u00a6cogovernan\u00e7a i veure com la IA ens pot ajudar en diferents processos per millorar el benestar de les persones, dels ciutadans i ciutadanes&#8221;.<\/em><\/p>\n\n<p><a href=\"https:\/\/m4social.org\/benvinguda-ia-si-es-per-a-una-millor-atencio-a-les-persones\/\" target=\"_blank\" rel=\"noopener\">Benvinguda IA \u200b\u200bsi \u00e9s per a una millor atenci\u00f3 a les persones\u00a0<\/a><\/p>\n\n<div style=\"height:20px\" aria-hidden=\"true\" class=\"wp-block-spacer\"><\/div>\n\n<figure class=\"wp-block-image size-large\"><img loading=\"lazy\" decoding=\"async\" width=\"1024\" height=\"769\" src=\"https:\/\/abd.ong\/wp-content\/uploads\/2024\/12\/GeBw1ebXkAA0hwM-1024x769.jpeg\" alt=\"\" class=\"wp-image-166319\" srcset=\"https:\/\/abd.ong\/wp-content\/uploads\/2024\/12\/GeBw1ebXkAA0hwM-1024x769.jpeg 1024w, https:\/\/abd.ong\/wp-content\/uploads\/2024\/12\/GeBw1ebXkAA0hwM-300x225.jpeg 300w, https:\/\/abd.ong\/wp-content\/uploads\/2024\/12\/GeBw1ebXkAA0hwM-768x576.jpeg 768w, https:\/\/abd.ong\/wp-content\/uploads\/2024\/12\/GeBw1ebXkAA0hwM-1536x1153.jpeg 1536w, https:\/\/abd.ong\/wp-content\/uploads\/2024\/12\/GeBw1ebXkAA0hwM.jpeg 1600w\" sizes=\"(max-width: 1024px) 100vw, 1024px\" \/><\/figure>\n\n<div style=\"height:40px\" aria-hidden=\"true\" class=\"wp-block-spacer\"><\/div>\n\n<p><strong>10\/12\/2024 &#8211; 65YM\u00c1S<\/strong><\/p>\n\n<p>Les farm\u00e0cies rurals de les comarques de Lleida, Alt Pirineu i Aran participaran en el projecte pilot\u00a0<strong><span class=\"hiddenGreenError\">ATENEA<\/span><\/strong>, que utilitzar\u00e0 <strong>intel\u00b7lig\u00e8ncia artificial per ajudar les persones grans polimedicades<\/strong> que visquin soles o amb parelles d&#8217;edat avan\u00e7ada a complir amb el seu pla de medicaci\u00f3, aix\u00ed com realitzar gestions amb els metges de fam\u00edlia.<\/p>\n\n<p><a href=\"https:\/\/www.65ymas.com\/sociedad\/farmacias-rurales-usaran-inteligencia-artificial-ayudar-mayores-medicacion_65703_102.html\" target=\"_blank\" rel=\"noopener\">Farm\u00e0cies rurals faran servir intel\u00b7lig\u00e8ncia artificial per ajudar persones grans a complir amb la seva medicaci\u00f3<\/a><\/p>\n\n<div style=\"height:20px\" aria-hidden=\"true\" class=\"wp-block-spacer\"><\/div>\n\n<figure class=\"wp-block-image size-full\"><img loading=\"lazy\" decoding=\"async\" width=\"621\" height=\"621\" src=\"https:\/\/abd.ong\/wp-content\/uploads\/2024\/12\/farmacias-rurales-proyecto-atenea_1_621x621.jpeg\" alt=\"\" class=\"wp-image-166322\" srcset=\"https:\/\/abd.ong\/wp-content\/uploads\/2024\/12\/farmacias-rurales-proyecto-atenea_1_621x621.jpeg 621w, https:\/\/abd.ong\/wp-content\/uploads\/2024\/12\/farmacias-rurales-proyecto-atenea_1_621x621-300x300.jpeg 300w, https:\/\/abd.ong\/wp-content\/uploads\/2024\/12\/farmacias-rurales-proyecto-atenea_1_621x621-150x150.jpeg 150w\" sizes=\"(max-width: 621px) 100vw, 621px\" \/><\/figure>\n\n<div style=\"height:40px\" aria-hidden=\"true\" class=\"wp-block-spacer\"><\/div>\n\n<p><strong>14\/12\/2024 &#8211; La Gaceta &#8220;Regional de Salamanca&#8221;<\/strong><\/p>\n\n<p><strong>Per donar suport a l&#8217;estabilitat familiar es va posar en marxa el nou servei de mediaci\u00f3, &#8216;<span class=\"hiddenSpellError\">Mediacyl<\/span>&#8216;,<\/strong> per oferir suport psicosocial a les fam\u00edlies a trav\u00e9s d&#8217;una xarxa de centres que va comen\u00e7ar el passat any a Burgos i Salamanca i que aquest 2024 s&#8217;estendr\u00e0 totes les prov\u00edncies amb un mili\u00f3 d&#8217;euros. Entre el setembre del 2023 i el 31 d&#8217;octubre del 2024 s&#8217;han at\u00e8s <em>282 fam\u00edlies a la prov\u00edncia.<\/em><\/p>\n\n<p><a href=\"https:\/\/www.lagacetadesalamanca.es\/salamanca\/recursos-ayudas-familias-salmantinas-facilitar-estabilidad-traves-20241213093819-nt.html?ref=https%3A%2F%2Fwww.google.com%2F\" target=\"_blank\" rel=\"noopener\">Recursos i ajuts a les fam\u00edlies de Salamanca, per facilitar-ne l&#8217;estabilitat a trav\u00e9s de la conciliaci\u00f3 i el suport\u00a0<span class=\"hiddenGrammarError\" style=\"padding-bottom: 2px; background-image: url('..\/..\/..\/..\/..\/images\/squiggle.png'); background-repeat: repeat-x; background-position: left bottom; cursor: default; color: #000000; font-family: 'Open Sans', Helvetica, Arial, sans-serif; font-size: 16px; font-style: normal; font-variant-ligatures: normal; font-variant-caps: normal; font-weight: 300; letter-spacing: normal; orphans: 2; text-align: start; text-indent: 0px; text-transform: none; widows: 2; word-spacing: 0px; -webkit-text-stroke-width: 0px; white-space: normal; text-decoration-thickness: initial; text-decoration-style: initial; text-decoration-color: initial;\">social<\/span><\/a><\/p>\n\n<div style=\"height:20px\" aria-hidden=\"true\" class=\"wp-block-spacer\"><\/div>\n\n<figure class=\"wp-block-image size-large\"><img loading=\"lazy\" decoding=\"async\" width=\"1024\" height=\"717\" src=\"https:\/\/abd.ong\/wp-content\/uploads\/2024\/12\/meciacyl-Rs8s4XcnM9chJv815vx4ywN-1200x840@Gaceta-Salamanca-1024x717.webp\" alt=\"\" class=\"wp-image-166325\" srcset=\"https:\/\/abd.ong\/wp-content\/uploads\/2024\/12\/meciacyl-Rs8s4XcnM9chJv815vx4ywN-1200x840@Gaceta-Salamanca-1024x717.webp 1024w, https:\/\/abd.ong\/wp-content\/uploads\/2024\/12\/meciacyl-Rs8s4XcnM9chJv815vx4ywN-1200x840@Gaceta-Salamanca-300x210.webp 300w, https:\/\/abd.ong\/wp-content\/uploads\/2024\/12\/meciacyl-Rs8s4XcnM9chJv815vx4ywN-1200x840@Gaceta-Salamanca-768x538.webp 768w, https:\/\/abd.ong\/wp-content\/uploads\/2024\/12\/meciacyl-Rs8s4XcnM9chJv815vx4ywN-1200x840@Gaceta-Salamanca.webp 1200w\" sizes=\"(max-width: 1024px) 100vw, 1024px\" \/><\/figure>\n\n<div style=\"height:40px\" aria-hidden=\"true\" class=\"wp-block-spacer\"><\/div>\n\n<p><strong>18\/12\/2024 &#8211; Xarxanet<\/strong><\/p>\n\n<p><strong>L&#8217;Associaci\u00f3 Benestar i Desenvolupament Grup\u00a0<span class=\"hiddenSpellError\">ABD<\/span>\u00a0<\/strong>presenta <a href=\"https:\/\/abd.ong\/ca\/?page_id=165318\" target=\"_blank\" rel=\"noopener\"><strong>&#8216;Una Hist\u00f2ria Solid\u00e0ria&#8217;,<\/strong><\/a> un moviment genu\u00ed dissenyat per teixir lla\u00e7os de solidaritat i comprensi\u00f3 dins de la nostra comunitat. Aquest projecte no sols celebra la resili\u00e8ncia i l&#8217;esperan\u00e7a, sin\u00f3 que tamb\u00e9 convida cadasc\u00fa i cadascuna de nosaltres a ser part activa del canvi positiu i significatiu en la vida de persones en situaci\u00f3 de vulnerabilitat.<\/p>\n\n<p><a href=\"https:\/\/xarxanet.org\/social\/noticies\/el-grup-abd-presenta-la-campanya-una-historia-solidaria\" target=\"_blank\" rel=\"noopener\">El Grup\u00a0<span class=\"hiddenSpellError\">ABD<\/span>\u00a0presenta la campanya &#8216;Una Hist\u00f2ria Solid\u00e0ria&#8217;<\/a><\/p>\n\n<div style=\"height:20px\" aria-hidden=\"true\" class=\"wp-block-spacer\"><\/div>\n\n<figure class=\"wp-block-image size-large\"><img loading=\"lazy\" decoding=\"async\" width=\"1024\" height=\"614\" src=\"https:\/\/abd.ong\/wp-content\/uploads\/2024\/12\/imatge-campanya-historia.jpg-1024x614.webp\" alt=\"\" class=\"wp-image-166328\" srcset=\"https:\/\/abd.ong\/wp-content\/uploads\/2024\/12\/imatge-campanya-historia.jpg-1024x614.webp 1024w, https:\/\/abd.ong\/wp-content\/uploads\/2024\/12\/imatge-campanya-historia.jpg-300x180.webp 300w, https:\/\/abd.ong\/wp-content\/uploads\/2024\/12\/imatge-campanya-historia.jpg-768x461.webp 768w, https:\/\/abd.ong\/wp-content\/uploads\/2024\/12\/imatge-campanya-historia.jpg.webp 1360w\" sizes=\"(max-width: 1024px) 100vw, 1024px\" \/><\/figure>\n\n<div style=\"height:40px\" aria-hidden=\"true\" class=\"wp-block-spacer\"><\/div>\n\n<p><strong>10\/12\/2024 &#8211; EntreMayores<\/strong><\/p>\n\n<p>Des de<strong>\u00a0l&#8217;Associaci\u00f3\u00a0Benestar i Desenvolupament Grup\u00a0<span class=\"hiddenSpellError\">ABD<\/span><\/strong>\u00a0presenten la seva nova campanya &#8216;Una Hist\u00f2ria Solid\u00e0ria&#8217;, que busca involucrar la comunitat en les nostres accions a trav\u00e9s de la promoci\u00f3 del voluntariat, donacions econ\u00f2miques i de material, her\u00e8ncies i llegats, aix\u00ed com col\u00b7laboracions empresarials.<\/p>\n\n<p><a href=\"https:\/\/entremayores.es\/nacional\/el-grupo-abd-lanza-la-campana-una-historia-solidaria\/\" target=\"_blank\" rel=\"noopener\">El Grup\u00a0<span class=\"hiddenSpellError\">ABD<\/span>\u00a0llan\u00e7a la campanya &#8216;Una Hist\u00f2ria Solid\u00e0ria&#8217;<\/a><\/p>\n\n<div style=\"height:20px\" aria-hidden=\"true\" class=\"wp-block-spacer\"><\/div>\n\n<figure class=\"wp-block-image size-large\"><img loading=\"lazy\" decoding=\"async\" width=\"1024\" height=\"724\" src=\"https:\/\/abd.ong\/wp-content\/uploads\/2024\/12\/dfsg-10-1536x1086-1-1024x724.png\" alt=\"\" class=\"wp-image-166332\" srcset=\"https:\/\/abd.ong\/wp-content\/uploads\/2024\/12\/dfsg-10-1536x1086-1-1024x724.png 1024w, https:\/\/abd.ong\/wp-content\/uploads\/2024\/12\/dfsg-10-1536x1086-1-300x212.png 300w, https:\/\/abd.ong\/wp-content\/uploads\/2024\/12\/dfsg-10-1536x1086-1-768x543.png 768w, https:\/\/abd.ong\/wp-content\/uploads\/2024\/12\/dfsg-10-1536x1086-1.png 1536w\" sizes=\"(max-width: 1024px) 100vw, 1024px\" \/><\/figure>\n","protected":false},"excerpt":{"rendered":"<p>El Grup\u00a0ABD ha estat present als mitjans de comunicaci\u00f3 durant aquest mes de desembre. A continuaci\u00f3, el resum de premsa de les not\u00edcies, articles i reportatges en qu\u00e8 hem participat&hellip;<\/p>\n","protected":false},"author":12,"featured_media":156710,"comment_status":"closed","ping_status":"closed","sticky":false,"template":"","format":"standard","meta":{"_acf_changed":false,"footnotes":""},"categories":[66],"tags":[119,675,732,435,835],"class_list":["post-166271","post","type-post","status-publish","format-standard","has-post-thumbnail","hentry","category-general-ca","tag-abd","tag-asociacion-bienestar-y-desarrollo-ca","tag-associacio-benestar-i-desenvolupament-ca","tag-mitjans-de-comunicacio","tag-noticies"],"acf":[],"yoast_head":"<!-- This site is optimized with the Yoast SEO plugin v27.4 - https:\/\/yoast.com\/product\/yoast-seo-wordpress\/ -->\n<title>ABD als mitjans de comunicaci\u00f3 al desembre - ABD<\/title>\n<meta name=\"description\" content=\"El Grup\u00a0ABD ha estat present als mitjans de comunicaci\u00f3 durant aquest mes de desembre. A continuaci\u00f3, el resum de premsa de les not\u00edcies, articles i\" \/>\n<meta name=\"robots\" content=\"index, follow, max-snippet:-1, max-image-preview:large, max-video-preview:-1\" \/>\n<link rel=\"canonical\" href=\"https:\/\/abd.ong\/ca\/general-ca\/abd-als-mitjans-de-comunicacio-al-desembre-6\/\" \/>\n<meta property=\"og:locale\" content=\"ca_ES\" \/>\n<meta property=\"og:type\" content=\"article\" \/>\n<meta property=\"og:title\" content=\"ABD als mitjans de comunicaci\u00f3 al desembre - ABD\" \/>\n<meta property=\"og:description\" content=\"El Grup\u00a0ABD ha estat present als mitjans de comunicaci\u00f3 durant aquest mes de desembre. A continuaci\u00f3, el resum de premsa de les not\u00edcies, articles i\" \/>\n<meta property=\"og:url\" content=\"https:\/\/abd.ong\/ca\/general-ca\/abd-als-mitjans-de-comunicacio-al-desembre-6\/\" \/>\n<meta property=\"og:site_name\" content=\"ABD\" \/>\n<meta property=\"article:publisher\" content=\"https:\/\/www.facebook.com\/abd.ong\" \/>\n<meta property=\"article:published_time\" content=\"2024-12-30T13:55:46+00:00\" \/>\n<meta property=\"article:modified_time\" content=\"2024-12-31T08:48:40+00:00\" \/>\n<meta property=\"og:image\" content=\"https:\/\/abd.ong\/wp-content\/uploads\/2023\/12\/GRUP-ABD-2023-FESTA-TIO-1024x576.png\" \/>\n\t<meta property=\"og:image:width\" content=\"1024\" \/>\n\t<meta property=\"og:image:height\" content=\"576\" \/>\n\t<meta property=\"og:image:type\" content=\"image\/png\" \/>\n<meta name=\"author\" content=\"Francesc Balart\" \/>\n<meta name=\"twitter:card\" content=\"summary_large_image\" \/>\n<meta name=\"twitter:creator\" content=\"@abd_ong\" \/>\n<meta name=\"twitter:site\" content=\"@abd_ong\" \/>\n<meta name=\"twitter:label1\" content=\"Escrit per\" \/>\n\t<meta name=\"twitter:data1\" content=\"Francesc Balart\" \/>\n\t<meta name=\"twitter:label2\" content=\"Temps estimat de lectura\" \/>\n\t<meta name=\"twitter:data2\" content=\"5 minuts\" \/>\n<script type=\"application\/ld+json\" class=\"yoast-schema-graph\">{\"@context\":\"https:\\\/\\\/schema.org\",\"@graph\":[{\"@type\":\"Article\",\"@id\":\"https:\\\/\\\/abd.ong\\\/ca\\\/general-ca\\\/abd-als-mitjans-de-comunicacio-al-desembre-6\\\/#article\",\"isPartOf\":{\"@id\":\"https:\\\/\\\/abd.ong\\\/ca\\\/general-ca\\\/abd-als-mitjans-de-comunicacio-al-desembre-6\\\/\"},\"author\":{\"name\":\"Francesc Balart\",\"@id\":\"https:\\\/\\\/abd.ong\\\/ca\\\/#\\\/schema\\\/person\\\/6bb74ed13fc8bdf3a5382c66db14c9ee\"},\"headline\":\"ABD als mitjans de comunicaci\u00f3 al desembre\",\"datePublished\":\"2024-12-30T13:55:46+00:00\",\"dateModified\":\"2024-12-31T08:48:40+00:00\",\"mainEntityOfPage\":{\"@id\":\"https:\\\/\\\/abd.ong\\\/ca\\\/general-ca\\\/abd-als-mitjans-de-comunicacio-al-desembre-6\\\/\"},\"wordCount\":1195,\"publisher\":{\"@id\":\"https:\\\/\\\/abd.ong\\\/ca\\\/#organization\"},\"image\":{\"@id\":\"https:\\\/\\\/abd.ong\\\/ca\\\/general-ca\\\/abd-als-mitjans-de-comunicacio-al-desembre-6\\\/#primaryimage\"},\"thumbnailUrl\":\"https:\\\/\\\/abd.ong\\\/wp-content\\\/uploads\\\/2023\\\/12\\\/GRUP-ABD-2023-FESTA-TIO.png\",\"keywords\":[\"ABD\",\"Asociaci\u00f3n Bienestar y Desarrollo\",\"Associaci\u00f3 Benestar i Desenvolupament\",\"mitjans de comunicaci\u00f3\",\"not\u00edcies\"],\"articleSection\":[\"General\"],\"inLanguage\":\"ca\"},{\"@type\":\"WebPage\",\"@id\":\"https:\\\/\\\/abd.ong\\\/ca\\\/general-ca\\\/abd-als-mitjans-de-comunicacio-al-desembre-6\\\/\",\"url\":\"https:\\\/\\\/abd.ong\\\/ca\\\/general-ca\\\/abd-als-mitjans-de-comunicacio-al-desembre-6\\\/\",\"name\":\"ABD als mitjans de comunicaci\u00f3 al desembre - ABD\",\"isPartOf\":{\"@id\":\"https:\\\/\\\/abd.ong\\\/ca\\\/#website\"},\"primaryImageOfPage\":{\"@id\":\"https:\\\/\\\/abd.ong\\\/ca\\\/general-ca\\\/abd-als-mitjans-de-comunicacio-al-desembre-6\\\/#primaryimage\"},\"image\":{\"@id\":\"https:\\\/\\\/abd.ong\\\/ca\\\/general-ca\\\/abd-als-mitjans-de-comunicacio-al-desembre-6\\\/#primaryimage\"},\"thumbnailUrl\":\"https:\\\/\\\/abd.ong\\\/wp-content\\\/uploads\\\/2023\\\/12\\\/GRUP-ABD-2023-FESTA-TIO.png\",\"datePublished\":\"2024-12-30T13:55:46+00:00\",\"dateModified\":\"2024-12-31T08:48:40+00:00\",\"description\":\"El Grup\u00a0ABD ha estat present als mitjans de comunicaci\u00f3 durant aquest mes de desembre. A continuaci\u00f3, el resum de premsa de les not\u00edcies, articles i\",\"breadcrumb\":{\"@id\":\"https:\\\/\\\/abd.ong\\\/ca\\\/general-ca\\\/abd-als-mitjans-de-comunicacio-al-desembre-6\\\/#breadcrumb\"},\"inLanguage\":\"ca\",\"potentialAction\":[{\"@type\":\"ReadAction\",\"target\":[\"https:\\\/\\\/abd.ong\\\/ca\\\/general-ca\\\/abd-als-mitjans-de-comunicacio-al-desembre-6\\\/\"]}]},{\"@type\":\"ImageObject\",\"inLanguage\":\"ca\",\"@id\":\"https:\\\/\\\/abd.ong\\\/ca\\\/general-ca\\\/abd-als-mitjans-de-comunicacio-al-desembre-6\\\/#primaryimage\",\"url\":\"https:\\\/\\\/abd.ong\\\/wp-content\\\/uploads\\\/2023\\\/12\\\/GRUP-ABD-2023-FESTA-TIO.png\",\"contentUrl\":\"https:\\\/\\\/abd.ong\\\/wp-content\\\/uploads\\\/2023\\\/12\\\/GRUP-ABD-2023-FESTA-TIO.png\",\"width\":2048,\"height\":1152},{\"@type\":\"BreadcrumbList\",\"@id\":\"https:\\\/\\\/abd.ong\\\/ca\\\/general-ca\\\/abd-als-mitjans-de-comunicacio-al-desembre-6\\\/#breadcrumb\",\"itemListElement\":[{\"@type\":\"ListItem\",\"position\":1,\"name\":\"Inici\",\"item\":\"https:\\\/\\\/abd.ong\\\/ca\\\/\"},{\"@type\":\"ListItem\",\"position\":2,\"name\":\"ABD als mitjans de comunicaci\u00f3 al desembre\"}]},{\"@type\":\"WebSite\",\"@id\":\"https:\\\/\\\/abd.ong\\\/ca\\\/#website\",\"url\":\"https:\\\/\\\/abd.ong\\\/ca\\\/\",\"name\":\"ABD\",\"description\":\"Asociaci\u00f3n Bienestar y Desarrollo\",\"publisher\":{\"@id\":\"https:\\\/\\\/abd.ong\\\/ca\\\/#organization\"},\"potentialAction\":[{\"@type\":\"SearchAction\",\"target\":{\"@type\":\"EntryPoint\",\"urlTemplate\":\"https:\\\/\\\/abd.ong\\\/ca\\\/?s={search_term_string}\"},\"query-input\":{\"@type\":\"PropertyValueSpecification\",\"valueRequired\":true,\"valueName\":\"search_term_string\"}}],\"inLanguage\":\"ca\"},{\"@type\":\"Organization\",\"@id\":\"https:\\\/\\\/abd.ong\\\/ca\\\/#organization\",\"name\":\"Associaci\u00f3 Benestar i Desenvolupament\",\"alternateName\":\"ABD\",\"url\":\"https:\\\/\\\/abd.ong\\\/ca\\\/\",\"logo\":{\"@type\":\"ImageObject\",\"inLanguage\":\"ca\",\"@id\":\"https:\\\/\\\/abd.ong\\\/ca\\\/#\\\/schema\\\/logo\\\/image\\\/\",\"url\":\"https:\\\/\\\/abd.ong\\\/wp-content\\\/uploads\\\/2023\\\/01\\\/Icona.png\",\"contentUrl\":\"https:\\\/\\\/abd.ong\\\/wp-content\\\/uploads\\\/2023\\\/01\\\/Icona.png\",\"width\":190,\"height\":187,\"caption\":\"Associaci\u00f3 Benestar i Desenvolupament\"},\"image\":{\"@id\":\"https:\\\/\\\/abd.ong\\\/ca\\\/#\\\/schema\\\/logo\\\/image\\\/\"},\"sameAs\":[\"https:\\\/\\\/www.facebook.com\\\/abd.ong\",\"https:\\\/\\\/x.com\\\/abd_ong\",\"https:\\\/\\\/www.instagram.com\\\/abd_ong\\\/\",\"https:\\\/\\\/www.linkedin.com\\\/company\\\/abdong\",\"https:\\\/\\\/www.youtube.com\\\/user\\\/CANALABD\"]},{\"@type\":\"Person\",\"@id\":\"https:\\\/\\\/abd.ong\\\/ca\\\/#\\\/schema\\\/person\\\/6bb74ed13fc8bdf3a5382c66db14c9ee\",\"name\":\"Francesc Balart\"}]}<\/script>\n<!-- \/ Yoast SEO plugin. -->","yoast_head_json":{"title":"ABD als mitjans de comunicaci\u00f3 al desembre - ABD","description":"El Grup\u00a0ABD ha estat present als mitjans de comunicaci\u00f3 durant aquest mes de desembre. A continuaci\u00f3, el resum de premsa de les not\u00edcies, articles i","robots":{"index":"index","follow":"follow","max-snippet":"max-snippet:-1","max-image-preview":"max-image-preview:large","max-video-preview":"max-video-preview:-1"},"canonical":"https:\/\/abd.ong\/ca\/general-ca\/abd-als-mitjans-de-comunicacio-al-desembre-6\/","og_locale":"ca_ES","og_type":"article","og_title":"ABD als mitjans de comunicaci\u00f3 al desembre - ABD","og_description":"El Grup\u00a0ABD ha estat present als mitjans de comunicaci\u00f3 durant aquest mes de desembre. A continuaci\u00f3, el resum de premsa de les not\u00edcies, articles i","og_url":"https:\/\/abd.ong\/ca\/general-ca\/abd-als-mitjans-de-comunicacio-al-desembre-6\/","og_site_name":"ABD","article_publisher":"https:\/\/www.facebook.com\/abd.ong","article_published_time":"2024-12-30T13:55:46+00:00","article_modified_time":"2024-12-31T08:48:40+00:00","og_image":[{"width":1024,"height":576,"url":"https:\/\/abd.ong\/wp-content\/uploads\/2023\/12\/GRUP-ABD-2023-FESTA-TIO-1024x576.png","type":"image\/png"}],"author":"Francesc Balart","twitter_card":"summary_large_image","twitter_creator":"@abd_ong","twitter_site":"@abd_ong","twitter_misc":{"Escrit per":"Francesc Balart","Temps estimat de lectura":"5 minuts"},"schema":{"@context":"https:\/\/schema.org","@graph":[{"@type":"Article","@id":"https:\/\/abd.ong\/ca\/general-ca\/abd-als-mitjans-de-comunicacio-al-desembre-6\/#article","isPartOf":{"@id":"https:\/\/abd.ong\/ca\/general-ca\/abd-als-mitjans-de-comunicacio-al-desembre-6\/"},"author":{"name":"Francesc Balart","@id":"https:\/\/abd.ong\/ca\/#\/schema\/person\/6bb74ed13fc8bdf3a5382c66db14c9ee"},"headline":"ABD als mitjans de comunicaci\u00f3 al desembre","datePublished":"2024-12-30T13:55:46+00:00","dateModified":"2024-12-31T08:48:40+00:00","mainEntityOfPage":{"@id":"https:\/\/abd.ong\/ca\/general-ca\/abd-als-mitjans-de-comunicacio-al-desembre-6\/"},"wordCount":1195,"publisher":{"@id":"https:\/\/abd.ong\/ca\/#organization"},"image":{"@id":"https:\/\/abd.ong\/ca\/general-ca\/abd-als-mitjans-de-comunicacio-al-desembre-6\/#primaryimage"},"thumbnailUrl":"https:\/\/abd.ong\/wp-content\/uploads\/2023\/12\/GRUP-ABD-2023-FESTA-TIO.png","keywords":["ABD","Asociaci\u00f3n Bienestar y Desarrollo","Associaci\u00f3 Benestar i Desenvolupament","mitjans de comunicaci\u00f3","not\u00edcies"],"articleSection":["General"],"inLanguage":"ca"},{"@type":"WebPage","@id":"https:\/\/abd.ong\/ca\/general-ca\/abd-als-mitjans-de-comunicacio-al-desembre-6\/","url":"https:\/\/abd.ong\/ca\/general-ca\/abd-als-mitjans-de-comunicacio-al-desembre-6\/","name":"ABD als mitjans de comunicaci\u00f3 al desembre - ABD","isPartOf":{"@id":"https:\/\/abd.ong\/ca\/#website"},"primaryImageOfPage":{"@id":"https:\/\/abd.ong\/ca\/general-ca\/abd-als-mitjans-de-comunicacio-al-desembre-6\/#primaryimage"},"image":{"@id":"https:\/\/abd.ong\/ca\/general-ca\/abd-als-mitjans-de-comunicacio-al-desembre-6\/#primaryimage"},"thumbnailUrl":"https:\/\/abd.ong\/wp-content\/uploads\/2023\/12\/GRUP-ABD-2023-FESTA-TIO.png","datePublished":"2024-12-30T13:55:46+00:00","dateModified":"2024-12-31T08:48:40+00:00","description":"El Grup\u00a0ABD ha estat present als mitjans de comunicaci\u00f3 durant aquest mes de desembre. A continuaci\u00f3, el resum de premsa de les not\u00edcies, articles i","breadcrumb":{"@id":"https:\/\/abd.ong\/ca\/general-ca\/abd-als-mitjans-de-comunicacio-al-desembre-6\/#breadcrumb"},"inLanguage":"ca","potentialAction":[{"@type":"ReadAction","target":["https:\/\/abd.ong\/ca\/general-ca\/abd-als-mitjans-de-comunicacio-al-desembre-6\/"]}]},{"@type":"ImageObject","inLanguage":"ca","@id":"https:\/\/abd.ong\/ca\/general-ca\/abd-als-mitjans-de-comunicacio-al-desembre-6\/#primaryimage","url":"https:\/\/abd.ong\/wp-content\/uploads\/2023\/12\/GRUP-ABD-2023-FESTA-TIO.png","contentUrl":"https:\/\/abd.ong\/wp-content\/uploads\/2023\/12\/GRUP-ABD-2023-FESTA-TIO.png","width":2048,"height":1152},{"@type":"BreadcrumbList","@id":"https:\/\/abd.ong\/ca\/general-ca\/abd-als-mitjans-de-comunicacio-al-desembre-6\/#breadcrumb","itemListElement":[{"@type":"ListItem","position":1,"name":"Inici","item":"https:\/\/abd.ong\/ca\/"},{"@type":"ListItem","position":2,"name":"ABD als mitjans de comunicaci\u00f3 al desembre"}]},{"@type":"WebSite","@id":"https:\/\/abd.ong\/ca\/#website","url":"https:\/\/abd.ong\/ca\/","name":"ABD","description":"Asociaci\u00f3n Bienestar y Desarrollo","publisher":{"@id":"https:\/\/abd.ong\/ca\/#organization"},"potentialAction":[{"@type":"SearchAction","target":{"@type":"EntryPoint","urlTemplate":"https:\/\/abd.ong\/ca\/?s={search_term_string}"},"query-input":{"@type":"PropertyValueSpecification","valueRequired":true,"valueName":"search_term_string"}}],"inLanguage":"ca"},{"@type":"Organization","@id":"https:\/\/abd.ong\/ca\/#organization","name":"Associaci\u00f3 Benestar i Desenvolupament","alternateName":"ABD","url":"https:\/\/abd.ong\/ca\/","logo":{"@type":"ImageObject","inLanguage":"ca","@id":"https:\/\/abd.ong\/ca\/#\/schema\/logo\/image\/","url":"https:\/\/abd.ong\/wp-content\/uploads\/2023\/01\/Icona.png","contentUrl":"https:\/\/abd.ong\/wp-content\/uploads\/2023\/01\/Icona.png","width":190,"height":187,"caption":"Associaci\u00f3 Benestar i Desenvolupament"},"image":{"@id":"https:\/\/abd.ong\/ca\/#\/schema\/logo\/image\/"},"sameAs":["https:\/\/www.facebook.com\/abd.ong","https:\/\/x.com\/abd_ong","https:\/\/www.instagram.com\/abd_ong\/","https:\/\/www.linkedin.com\/company\/abdong","https:\/\/www.youtube.com\/user\/CANALABD"]},{"@type":"Person","@id":"https:\/\/abd.ong\/ca\/#\/schema\/person\/6bb74ed13fc8bdf3a5382c66db14c9ee","name":"Francesc Balart"}]}},"_links":{"self":[{"href":"https:\/\/abd.ong\/ca\/wp-json\/wp\/v2\/posts\/166271","targetHints":{"allow":["GET"]}}],"collection":[{"href":"https:\/\/abd.ong\/ca\/wp-json\/wp\/v2\/posts"}],"about":[{"href":"https:\/\/abd.ong\/ca\/wp-json\/wp\/v2\/types\/post"}],"author":[{"embeddable":true,"href":"https:\/\/abd.ong\/ca\/wp-json\/wp\/v2\/users\/12"}],"replies":[{"embeddable":true,"href":"https:\/\/abd.ong\/ca\/wp-json\/wp\/v2\/comments?post=166271"}],"version-history":[{"count":3,"href":"https:\/\/abd.ong\/ca\/wp-json\/wp\/v2\/posts\/166271\/revisions"}],"predecessor-version":[{"id":166403,"href":"https:\/\/abd.ong\/ca\/wp-json\/wp\/v2\/posts\/166271\/revisions\/166403"}],"wp:featuredmedia":[{"embeddable":true,"href":"https:\/\/abd.ong\/ca\/wp-json\/wp\/v2\/media\/156710"}],"wp:attachment":[{"href":"https:\/\/abd.ong\/ca\/wp-json\/wp\/v2\/media?parent=166271"}],"wp:term":[{"taxonomy":"category","embeddable":true,"href":"https:\/\/abd.ong\/ca\/wp-json\/wp\/v2\/categories?post=166271"},{"taxonomy":"post_tag","embeddable":true,"href":"https:\/\/abd.ong\/ca\/wp-json\/wp\/v2\/tags?post=166271"}],"curies":[{"name":"wp","href":"https:\/\/api.w.org\/{rel}","templated":true}]}}