{"id":166229,"date":"2024-12-20T12:26:16","date_gmt":"2024-12-20T11:26:16","guid":{"rendered":"https:\/\/abd.ong\/?p=166229"},"modified":"2024-12-20T12:27:10","modified_gmt":"2024-12-20T11:27:10","slug":"el-grup-abd-potencia-els-serveis-de-prevencio-de-conductes-addictives-i-altres-conductes-de-risc-amb-la-incorporacio-de-lassociacio-pds-promocio-i-desenvolupament-social","status":"publish","type":"post","link":"https:\/\/abd.ong\/ca\/drogues-i-salut\/el-grup-abd-potencia-els-serveis-de-prevencio-de-conductes-addictives-i-altres-conductes-de-risc-amb-la-incorporacio-de-lassociacio-pds-promocio-i-desenvolupament-social\/","title":{"rendered":"El Grup ABD potencia els serveis de prevenci\u00f3 de conductes addictives i altres conductes de risc amb la incorporaci\u00f3 de l\u2019associaci\u00f3 PDS, Promoci\u00f3 i Desenvolupament Social"},"content":{"rendered":"\n<p><\/p>\n\n<h4 class=\"wp-block-heading\">Amb aquesta alian\u00e7a estrat\u00e8gica, l&#8217;Associaci\u00f3 Benestar i Desenvolupament adquireix una nova dimensi\u00f3 universal i selectiva, complement\u00e0ria al seu reconegut treball en prevenci\u00f3 indicada i reducci\u00f3 de riscos.&#13;\n<\/h4>\n\n<div style=\"height:50px\" aria-hidden=\"true\" class=\"wp-block-spacer\"><\/div>\n\n<p>L\u2019<a href=\"https:\/\/abd.ong\/ca\/\">Associaci\u00f3 Benestar i Desenvolupament &#8211; Grup ABD<\/a> anuncia la incorporaci\u00f3 de l&#8217;<a href=\"https:\/\/www.pdsweb.org\/\">associaci\u00f3 PDS, Promoci\u00f3 i Desenvolupament Social,<\/a> per refor\u00e7ar i ampliar els seus serveis en l&#8217;\u00e0mbit de la prevenci\u00f3 de conductes addictives i altres conductes de risc. Amb aquesta alian\u00e7a estrat\u00e8gica, el Grup ABD adquireix una nova dimensi\u00f3 universal i selectiva, complement\u00e0ria al seu reconegut treball en prevenci\u00f3 indicada i reducci\u00f3 de riscos.<\/p>\n\n<div style=\"height:50px\" aria-hidden=\"true\" class=\"wp-block-spacer\"><\/div>\n\n<h4 class=\"wp-block-heading\"><b>Un nou impuls per a la prevenci\u00f3 universal i selectiva<\/b><\/h4>\n\n<div style=\"height:50px\" aria-hidden=\"true\" class=\"wp-block-spacer\"><\/div>\n\n<p>Des dels seus inicis, el Grup ABD ha destacat per la seva tasca en la reducci\u00f3 de riscos associats al consum de subst\u00e0ncies. <strong>Amb aquesta integraci\u00f3, l&#8217;entitat refor\u00e7a el seu comprom\u00eds amb la promoci\u00f3 d&#8217;h\u00e0bits saludables i la prevenci\u00f3 a tota la poblaci\u00f3<\/strong>, m\u00e9s enll\u00e0 dels col\u00b7lectius que ja usen subst\u00e0ncies.<\/p>\n\n<p>Des de la direcci\u00f3 del Grup ABD s\u2019assenyala:<em> \u201cAmb la feina que farem amb l&#8217;equip de PDS, conformarem un Grup ABD molt m\u00e9s potent en l\u2019\u00e0mbit de la prevenci\u00f3. Apostem per una prevenci\u00f3 m\u00e9s centrada en la promoci\u00f3 de la salut, la capacitat cr\u00edtica per prendre decisions, i la prevenci\u00f3 del consum, amb un enfocament en estils de vida saludables i en les necessitats de tota la poblaci\u00f3\u201d<\/em>.<\/p>\n\n<div style=\"height:50px\" aria-hidden=\"true\" class=\"wp-block-spacer\"><\/div>\n\n<h4 class=\"wp-block-heading\"><b>Beneficis de l\u2019alian\u00e7a<\/b><\/h4>\n\n<div style=\"height:50px\" aria-hidden=\"true\" class=\"wp-block-spacer\"><\/div>\n\n<p>La incorporaci\u00f3 de PDS al Grup ABD permetr\u00e0 l&#8217;ampliaci\u00f3 de les intervencions preventives amb un enfocament integral i diversificat, abastant:<\/p>\n\n<ul class=\"wp-block-list\">\n<li><strong>Prevenci\u00f3 universal<\/strong>: accions dirigides a tota la poblaci\u00f3, promovent estils de vida saludables i capacitats cr\u00edtiques en la presa de decisions.<\/li>\n\n\n\n<li><strong>Prevenci\u00f3 selectiva<\/strong>: programes adre\u00e7ats a grups amb major vulnerabilitat per desenvolupar conductes de risc.<\/li>\n\n\n\n<li><strong>Prevenci\u00f3 indicada<\/strong>: intervencions focalitzades en la reducci\u00f3 de riscos i en col\u00b7lectius amb un consum problem\u00e0tic de subst\u00e0ncies.<\/li>\n<\/ul>\n\n<p>Amb aquesta alian\u00e7a estrat\u00e8gica, el Grup ABD i PDS uneixen forces per crear un impacte positiu m\u00e9s gran en la societat, refor\u00e7ant la promoci\u00f3 de la salut, el benestar social i la prevenci\u00f3 de conductes de risc en diferents \u00e0mbits i territoris.<\/p>\n\n<div style=\"height:50px\" aria-hidden=\"true\" class=\"wp-block-spacer\"><\/div>\n\n<h4 class=\"wp-block-heading\"><b>Sobre PDS, Promoci\u00f3 i Desenvolupament Social<\/b><\/h4>\n\n<div style=\"height:50px\" aria-hidden=\"true\" class=\"wp-block-spacer\"><\/div>\n\n<p>PDS \u00e9s una associaci\u00f3 sense \u00e0nim de lucre d&#8217;\u00e0mbit estatal fundada el 1995, que treballa en els sectors de la promoci\u00f3 de la salut i el benestar social i emocional. La seva traject\u00f2ria est\u00e0 marcada per la innovaci\u00f3 i la qualitat en la gesti\u00f3 de serveis de prevenci\u00f3, l&#8217;elaboraci\u00f3 de materials i programes sobre temes com l&#8217;ab\u00fas de drogues, l&#8217;addicci\u00f3 a pantalles, el VIH\/sida, els accidents de tr\u00e0nsit, la parentalitat positiva i l&#8217;educaci\u00f3 en valors.<\/p>\n\n<p>A m\u00e9s, PDS ha participat en projectes internacionals destacats com PHARE, URB-AL i COPOLAD, aportant la seva expertesa a nivell global.<\/p>\n","protected":false},"excerpt":{"rendered":"<p>Amb aquesta alian\u00e7a estrat\u00e8gica, l&#8217;Associaci\u00f3 Benestar i Desenvolupament adquireix una nova dimensi\u00f3 universal i selectiva, complement\u00e0ria al seu reconegut treball en prevenci\u00f3 indicada i reducci\u00f3 de riscos.&#13; L\u2019Associaci\u00f3 Benestar i&hellip;<\/p>\n","protected":false},"author":2,"featured_media":166232,"comment_status":"closed","ping_status":"closed","sticky":false,"template":"","format":"standard","meta":{"_acf_changed":false,"footnotes":""},"categories":[1301],"tags":[1897,675,610,2877,4632,4630,4633,4631,2396],"class_list":["post-166229","post","type-post","status-publish","format-standard","has-post-thumbnail","hentry","category-drogues-i-salut","tag-abd-2-ca","tag-asociacion-bienestar-y-desarrollo-ca","tag-drogodependencias-ca","tag-grup-abd","tag-habits-saludables","tag-pds-ca","tag-prevencio-de-conductes-addictives","tag-promocio-i-desenvolupament-social","tag-reduccio-de-danys-ca"],"acf":[],"yoast_head":"<!-- This site is optimized with the Yoast SEO plugin v27.4 - https:\/\/yoast.com\/product\/yoast-seo-wordpress\/ -->\n<title>El Grup ABD potencia els serveis de prevenci\u00f3 de conductes addictives i altres conductes de risc amb la incorporaci\u00f3 de l\u2019associaci\u00f3 PDS, Promoci\u00f3 i Desenvolupament Social - ABD<\/title>\n<meta name=\"description\" content=\"Amb aquesta alian\u00e7a estrat\u00e8gica, l&#039;Associaci\u00f3 Benestar i Desenvolupament adquireix una nova dimensi\u00f3 universal i selectiva, complement\u00e0ria al seu\" \/>\n<meta name=\"robots\" content=\"index, follow, max-snippet:-1, max-image-preview:large, max-video-preview:-1\" \/>\n<link rel=\"canonical\" href=\"https:\/\/abd.ong\/ca\/drogues-i-salut\/el-grup-abd-potencia-els-serveis-de-prevencio-de-conductes-addictives-i-altres-conductes-de-risc-amb-la-incorporacio-de-lassociacio-pds-promocio-i-desenvolupament-social\/\" \/>\n<meta property=\"og:locale\" content=\"ca_ES\" \/>\n<meta property=\"og:type\" content=\"article\" \/>\n<meta property=\"og:title\" content=\"El Grup ABD potencia els serveis de prevenci\u00f3 de conductes addictives i altres conductes de risc amb la incorporaci\u00f3 de l\u2019associaci\u00f3 PDS, Promoci\u00f3 i Desenvolupament Social - ABD\" \/>\n<meta property=\"og:description\" content=\"Amb aquesta alian\u00e7a estrat\u00e8gica, l&#039;Associaci\u00f3 Benestar i Desenvolupament adquireix una nova dimensi\u00f3 universal i selectiva, complement\u00e0ria al seu\" \/>\n<meta property=\"og:url\" content=\"https:\/\/abd.ong\/ca\/drogues-i-salut\/el-grup-abd-potencia-els-serveis-de-prevencio-de-conductes-addictives-i-altres-conductes-de-risc-amb-la-incorporacio-de-lassociacio-pds-promocio-i-desenvolupament-social\/\" \/>\n<meta property=\"og:site_name\" content=\"ABD\" \/>\n<meta property=\"article:publisher\" content=\"https:\/\/www.facebook.com\/abd.ong\" \/>\n<meta property=\"article:published_time\" content=\"2024-12-20T11:26:16+00:00\" \/>\n<meta property=\"article:modified_time\" content=\"2024-12-20T11:27:10+00:00\" \/>\n<meta property=\"og:image\" content=\"https:\/\/abd.ong\/wp-content\/uploads\/2024\/12\/WhatsApp-Image-2024-12-20-at-12.00.25.jpeg\" \/>\n\t<meta property=\"og:image:width\" content=\"1338\" \/>\n\t<meta property=\"og:image:height\" content=\"675\" \/>\n\t<meta property=\"og:image:type\" content=\"image\/jpeg\" \/>\n<meta name=\"author\" content=\"Enric Guinart\" \/>\n<meta name=\"twitter:card\" content=\"summary_large_image\" \/>\n<meta name=\"twitter:creator\" content=\"@abd_ong\" \/>\n<meta name=\"twitter:site\" content=\"@abd_ong\" \/>\n<meta name=\"twitter:label1\" content=\"Escrit per\" \/>\n\t<meta name=\"twitter:data1\" content=\"Enric Guinart\" \/>\n\t<meta name=\"twitter:label2\" content=\"Temps estimat de lectura\" \/>\n\t<meta name=\"twitter:data2\" content=\"3 minuts\" \/>\n<script type=\"application\/ld+json\" class=\"yoast-schema-graph\">{\"@context\":\"https:\\\/\\\/schema.org\",\"@graph\":[{\"@type\":\"Article\",\"@id\":\"https:\\\/\\\/abd.ong\\\/ca\\\/drogues-i-salut\\\/el-grup-abd-potencia-els-serveis-de-prevencio-de-conductes-addictives-i-altres-conductes-de-risc-amb-la-incorporacio-de-lassociacio-pds-promocio-i-desenvolupament-social\\\/#article\",\"isPartOf\":{\"@id\":\"https:\\\/\\\/abd.ong\\\/ca\\\/drogues-i-salut\\\/el-grup-abd-potencia-els-serveis-de-prevencio-de-conductes-addictives-i-altres-conductes-de-risc-amb-la-incorporacio-de-lassociacio-pds-promocio-i-desenvolupament-social\\\/\"},\"author\":{\"name\":\"Enric Guinart\",\"@id\":\"https:\\\/\\\/abd.ong\\\/ca\\\/#\\\/schema\\\/person\\\/d0f5fe279a7ad908de6a6d1332bfd7d8\"},\"headline\":\"El Grup ABD potencia els serveis de prevenci\u00f3 de conductes addictives i altres conductes de risc amb la incorporaci\u00f3 de l\u2019associaci\u00f3 PDS, Promoci\u00f3 i Desenvolupament Social\",\"datePublished\":\"2024-12-20T11:26:16+00:00\",\"dateModified\":\"2024-12-20T11:27:10+00:00\",\"mainEntityOfPage\":{\"@id\":\"https:\\\/\\\/abd.ong\\\/ca\\\/drogues-i-salut\\\/el-grup-abd-potencia-els-serveis-de-prevencio-de-conductes-addictives-i-altres-conductes-de-risc-amb-la-incorporacio-de-lassociacio-pds-promocio-i-desenvolupament-social\\\/\"},\"wordCount\":513,\"publisher\":{\"@id\":\"https:\\\/\\\/abd.ong\\\/ca\\\/#organization\"},\"image\":{\"@id\":\"https:\\\/\\\/abd.ong\\\/ca\\\/drogues-i-salut\\\/el-grup-abd-potencia-els-serveis-de-prevencio-de-conductes-addictives-i-altres-conductes-de-risc-amb-la-incorporacio-de-lassociacio-pds-promocio-i-desenvolupament-social\\\/#primaryimage\"},\"thumbnailUrl\":\"https:\\\/\\\/abd.ong\\\/wp-content\\\/uploads\\\/2024\\\/12\\\/WhatsApp-Image-2024-12-20-at-12.00.25.jpeg\",\"keywords\":[\"ABD\",\"Asociaci\u00f3n Bienestar y Desarrollo\",\"drogodependencias\",\"grup ABD\",\"h\u00e0bits saludables\",\"PDS\",\"prevenci\u00f3 de conductes addictives\",\"Promoci\u00f3 i Desenvolupament Social\",\"reducci\u00f3 de danys\"],\"articleSection\":[\"Drogues i salut\"],\"inLanguage\":\"ca\"},{\"@type\":\"WebPage\",\"@id\":\"https:\\\/\\\/abd.ong\\\/ca\\\/drogues-i-salut\\\/el-grup-abd-potencia-els-serveis-de-prevencio-de-conductes-addictives-i-altres-conductes-de-risc-amb-la-incorporacio-de-lassociacio-pds-promocio-i-desenvolupament-social\\\/\",\"url\":\"https:\\\/\\\/abd.ong\\\/ca\\\/drogues-i-salut\\\/el-grup-abd-potencia-els-serveis-de-prevencio-de-conductes-addictives-i-altres-conductes-de-risc-amb-la-incorporacio-de-lassociacio-pds-promocio-i-desenvolupament-social\\\/\",\"name\":\"El Grup ABD potencia els serveis de prevenci\u00f3 de conductes addictives i altres conductes de risc amb la incorporaci\u00f3 de l\u2019associaci\u00f3 PDS, Promoci\u00f3 i Desenvolupament Social - ABD\",\"isPartOf\":{\"@id\":\"https:\\\/\\\/abd.ong\\\/ca\\\/#website\"},\"primaryImageOfPage\":{\"@id\":\"https:\\\/\\\/abd.ong\\\/ca\\\/drogues-i-salut\\\/el-grup-abd-potencia-els-serveis-de-prevencio-de-conductes-addictives-i-altres-conductes-de-risc-amb-la-incorporacio-de-lassociacio-pds-promocio-i-desenvolupament-social\\\/#primaryimage\"},\"image\":{\"@id\":\"https:\\\/\\\/abd.ong\\\/ca\\\/drogues-i-salut\\\/el-grup-abd-potencia-els-serveis-de-prevencio-de-conductes-addictives-i-altres-conductes-de-risc-amb-la-incorporacio-de-lassociacio-pds-promocio-i-desenvolupament-social\\\/#primaryimage\"},\"thumbnailUrl\":\"https:\\\/\\\/abd.ong\\\/wp-content\\\/uploads\\\/2024\\\/12\\\/WhatsApp-Image-2024-12-20-at-12.00.25.jpeg\",\"datePublished\":\"2024-12-20T11:26:16+00:00\",\"dateModified\":\"2024-12-20T11:27:10+00:00\",\"description\":\"Amb aquesta alian\u00e7a estrat\u00e8gica, l'Associaci\u00f3 Benestar i Desenvolupament adquireix una nova dimensi\u00f3 universal i selectiva, complement\u00e0ria al seu\",\"breadcrumb\":{\"@id\":\"https:\\\/\\\/abd.ong\\\/ca\\\/drogues-i-salut\\\/el-grup-abd-potencia-els-serveis-de-prevencio-de-conductes-addictives-i-altres-conductes-de-risc-amb-la-incorporacio-de-lassociacio-pds-promocio-i-desenvolupament-social\\\/#breadcrumb\"},\"inLanguage\":\"ca\",\"potentialAction\":[{\"@type\":\"ReadAction\",\"target\":[\"https:\\\/\\\/abd.ong\\\/ca\\\/drogues-i-salut\\\/el-grup-abd-potencia-els-serveis-de-prevencio-de-conductes-addictives-i-altres-conductes-de-risc-amb-la-incorporacio-de-lassociacio-pds-promocio-i-desenvolupament-social\\\/\"]}]},{\"@type\":\"ImageObject\",\"inLanguage\":\"ca\",\"@id\":\"https:\\\/\\\/abd.ong\\\/ca\\\/drogues-i-salut\\\/el-grup-abd-potencia-els-serveis-de-prevencio-de-conductes-addictives-i-altres-conductes-de-risc-amb-la-incorporacio-de-lassociacio-pds-promocio-i-desenvolupament-social\\\/#primaryimage\",\"url\":\"https:\\\/\\\/abd.ong\\\/wp-content\\\/uploads\\\/2024\\\/12\\\/WhatsApp-Image-2024-12-20-at-12.00.25.jpeg\",\"contentUrl\":\"https:\\\/\\\/abd.ong\\\/wp-content\\\/uploads\\\/2024\\\/12\\\/WhatsApp-Image-2024-12-20-at-12.00.25.jpeg\",\"width\":1338,\"height\":675},{\"@type\":\"BreadcrumbList\",\"@id\":\"https:\\\/\\\/abd.ong\\\/ca\\\/drogues-i-salut\\\/el-grup-abd-potencia-els-serveis-de-prevencio-de-conductes-addictives-i-altres-conductes-de-risc-amb-la-incorporacio-de-lassociacio-pds-promocio-i-desenvolupament-social\\\/#breadcrumb\",\"itemListElement\":[{\"@type\":\"ListItem\",\"position\":1,\"name\":\"Inici\",\"item\":\"https:\\\/\\\/abd.ong\\\/ca\\\/\"},{\"@type\":\"ListItem\",\"position\":2,\"name\":\"El Grup ABD potencia els serveis de prevenci\u00f3 de conductes addictives i altres conductes de risc amb la incorporaci\u00f3 de l\u2019associaci\u00f3 PDS, Promoci\u00f3 i Desenvolupament Social\"}]},{\"@type\":\"WebSite\",\"@id\":\"https:\\\/\\\/abd.ong\\\/ca\\\/#website\",\"url\":\"https:\\\/\\\/abd.ong\\\/ca\\\/\",\"name\":\"ABD\",\"description\":\"Asociaci\u00f3n Bienestar y Desarrollo\",\"publisher\":{\"@id\":\"https:\\\/\\\/abd.ong\\\/ca\\\/#organization\"},\"potentialAction\":[{\"@type\":\"SearchAction\",\"target\":{\"@type\":\"EntryPoint\",\"urlTemplate\":\"https:\\\/\\\/abd.ong\\\/ca\\\/?s={search_term_string}\"},\"query-input\":{\"@type\":\"PropertyValueSpecification\",\"valueRequired\":true,\"valueName\":\"search_term_string\"}}],\"inLanguage\":\"ca\"},{\"@type\":\"Organization\",\"@id\":\"https:\\\/\\\/abd.ong\\\/ca\\\/#organization\",\"name\":\"Associaci\u00f3 Benestar i Desenvolupament\",\"alternateName\":\"ABD\",\"url\":\"https:\\\/\\\/abd.ong\\\/ca\\\/\",\"logo\":{\"@type\":\"ImageObject\",\"inLanguage\":\"ca\",\"@id\":\"https:\\\/\\\/abd.ong\\\/ca\\\/#\\\/schema\\\/logo\\\/image\\\/\",\"url\":\"https:\\\/\\\/abd.ong\\\/wp-content\\\/uploads\\\/2023\\\/01\\\/Icona.png\",\"contentUrl\":\"https:\\\/\\\/abd.ong\\\/wp-content\\\/uploads\\\/2023\\\/01\\\/Icona.png\",\"width\":190,\"height\":187,\"caption\":\"Associaci\u00f3 Benestar i Desenvolupament\"},\"image\":{\"@id\":\"https:\\\/\\\/abd.ong\\\/ca\\\/#\\\/schema\\\/logo\\\/image\\\/\"},\"sameAs\":[\"https:\\\/\\\/www.facebook.com\\\/abd.ong\",\"https:\\\/\\\/x.com\\\/abd_ong\",\"https:\\\/\\\/www.instagram.com\\\/abd_ong\\\/\",\"https:\\\/\\\/www.linkedin.com\\\/company\\\/abdong\",\"https:\\\/\\\/www.youtube.com\\\/user\\\/CANALABD\"]},{\"@type\":\"Person\",\"@id\":\"https:\\\/\\\/abd.ong\\\/ca\\\/#\\\/schema\\\/person\\\/d0f5fe279a7ad908de6a6d1332bfd7d8\",\"name\":\"Enric Guinart\"}]}<\/script>\n<!-- \/ Yoast SEO plugin. -->","yoast_head_json":{"title":"El Grup ABD potencia els serveis de prevenci\u00f3 de conductes addictives i altres conductes de risc amb la incorporaci\u00f3 de l\u2019associaci\u00f3 PDS, Promoci\u00f3 i Desenvolupament Social - ABD","description":"Amb aquesta alian\u00e7a estrat\u00e8gica, l'Associaci\u00f3 Benestar i Desenvolupament adquireix una nova dimensi\u00f3 universal i selectiva, complement\u00e0ria al seu","robots":{"index":"index","follow":"follow","max-snippet":"max-snippet:-1","max-image-preview":"max-image-preview:large","max-video-preview":"max-video-preview:-1"},"canonical":"https:\/\/abd.ong\/ca\/drogues-i-salut\/el-grup-abd-potencia-els-serveis-de-prevencio-de-conductes-addictives-i-altres-conductes-de-risc-amb-la-incorporacio-de-lassociacio-pds-promocio-i-desenvolupament-social\/","og_locale":"ca_ES","og_type":"article","og_title":"El Grup ABD potencia els serveis de prevenci\u00f3 de conductes addictives i altres conductes de risc amb la incorporaci\u00f3 de l\u2019associaci\u00f3 PDS, Promoci\u00f3 i Desenvolupament Social - ABD","og_description":"Amb aquesta alian\u00e7a estrat\u00e8gica, l'Associaci\u00f3 Benestar i Desenvolupament adquireix una nova dimensi\u00f3 universal i selectiva, complement\u00e0ria al seu","og_url":"https:\/\/abd.ong\/ca\/drogues-i-salut\/el-grup-abd-potencia-els-serveis-de-prevencio-de-conductes-addictives-i-altres-conductes-de-risc-amb-la-incorporacio-de-lassociacio-pds-promocio-i-desenvolupament-social\/","og_site_name":"ABD","article_publisher":"https:\/\/www.facebook.com\/abd.ong","article_published_time":"2024-12-20T11:26:16+00:00","article_modified_time":"2024-12-20T11:27:10+00:00","og_image":[{"width":1338,"height":675,"url":"https:\/\/abd.ong\/wp-content\/uploads\/2024\/12\/WhatsApp-Image-2024-12-20-at-12.00.25.jpeg","type":"image\/jpeg"}],"author":"Enric Guinart","twitter_card":"summary_large_image","twitter_creator":"@abd_ong","twitter_site":"@abd_ong","twitter_misc":{"Escrit per":"Enric Guinart","Temps estimat de lectura":"3 minuts"},"schema":{"@context":"https:\/\/schema.org","@graph":[{"@type":"Article","@id":"https:\/\/abd.ong\/ca\/drogues-i-salut\/el-grup-abd-potencia-els-serveis-de-prevencio-de-conductes-addictives-i-altres-conductes-de-risc-amb-la-incorporacio-de-lassociacio-pds-promocio-i-desenvolupament-social\/#article","isPartOf":{"@id":"https:\/\/abd.ong\/ca\/drogues-i-salut\/el-grup-abd-potencia-els-serveis-de-prevencio-de-conductes-addictives-i-altres-conductes-de-risc-amb-la-incorporacio-de-lassociacio-pds-promocio-i-desenvolupament-social\/"},"author":{"name":"Enric Guinart","@id":"https:\/\/abd.ong\/ca\/#\/schema\/person\/d0f5fe279a7ad908de6a6d1332bfd7d8"},"headline":"El Grup ABD potencia els serveis de prevenci\u00f3 de conductes addictives i altres conductes de risc amb la incorporaci\u00f3 de l\u2019associaci\u00f3 PDS, Promoci\u00f3 i Desenvolupament Social","datePublished":"2024-12-20T11:26:16+00:00","dateModified":"2024-12-20T11:27:10+00:00","mainEntityOfPage":{"@id":"https:\/\/abd.ong\/ca\/drogues-i-salut\/el-grup-abd-potencia-els-serveis-de-prevencio-de-conductes-addictives-i-altres-conductes-de-risc-amb-la-incorporacio-de-lassociacio-pds-promocio-i-desenvolupament-social\/"},"wordCount":513,"publisher":{"@id":"https:\/\/abd.ong\/ca\/#organization"},"image":{"@id":"https:\/\/abd.ong\/ca\/drogues-i-salut\/el-grup-abd-potencia-els-serveis-de-prevencio-de-conductes-addictives-i-altres-conductes-de-risc-amb-la-incorporacio-de-lassociacio-pds-promocio-i-desenvolupament-social\/#primaryimage"},"thumbnailUrl":"https:\/\/abd.ong\/wp-content\/uploads\/2024\/12\/WhatsApp-Image-2024-12-20-at-12.00.25.jpeg","keywords":["ABD","Asociaci\u00f3n Bienestar y Desarrollo","drogodependencias","grup ABD","h\u00e0bits saludables","PDS","prevenci\u00f3 de conductes addictives","Promoci\u00f3 i Desenvolupament Social","reducci\u00f3 de danys"],"articleSection":["Drogues i salut"],"inLanguage":"ca"},{"@type":"WebPage","@id":"https:\/\/abd.ong\/ca\/drogues-i-salut\/el-grup-abd-potencia-els-serveis-de-prevencio-de-conductes-addictives-i-altres-conductes-de-risc-amb-la-incorporacio-de-lassociacio-pds-promocio-i-desenvolupament-social\/","url":"https:\/\/abd.ong\/ca\/drogues-i-salut\/el-grup-abd-potencia-els-serveis-de-prevencio-de-conductes-addictives-i-altres-conductes-de-risc-amb-la-incorporacio-de-lassociacio-pds-promocio-i-desenvolupament-social\/","name":"El Grup ABD potencia els serveis de prevenci\u00f3 de conductes addictives i altres conductes de risc amb la incorporaci\u00f3 de l\u2019associaci\u00f3 PDS, Promoci\u00f3 i Desenvolupament Social - ABD","isPartOf":{"@id":"https:\/\/abd.ong\/ca\/#website"},"primaryImageOfPage":{"@id":"https:\/\/abd.ong\/ca\/drogues-i-salut\/el-grup-abd-potencia-els-serveis-de-prevencio-de-conductes-addictives-i-altres-conductes-de-risc-amb-la-incorporacio-de-lassociacio-pds-promocio-i-desenvolupament-social\/#primaryimage"},"image":{"@id":"https:\/\/abd.ong\/ca\/drogues-i-salut\/el-grup-abd-potencia-els-serveis-de-prevencio-de-conductes-addictives-i-altres-conductes-de-risc-amb-la-incorporacio-de-lassociacio-pds-promocio-i-desenvolupament-social\/#primaryimage"},"thumbnailUrl":"https:\/\/abd.ong\/wp-content\/uploads\/2024\/12\/WhatsApp-Image-2024-12-20-at-12.00.25.jpeg","datePublished":"2024-12-20T11:26:16+00:00","dateModified":"2024-12-20T11:27:10+00:00","description":"Amb aquesta alian\u00e7a estrat\u00e8gica, l'Associaci\u00f3 Benestar i Desenvolupament adquireix una nova dimensi\u00f3 universal i selectiva, complement\u00e0ria al seu","breadcrumb":{"@id":"https:\/\/abd.ong\/ca\/drogues-i-salut\/el-grup-abd-potencia-els-serveis-de-prevencio-de-conductes-addictives-i-altres-conductes-de-risc-amb-la-incorporacio-de-lassociacio-pds-promocio-i-desenvolupament-social\/#breadcrumb"},"inLanguage":"ca","potentialAction":[{"@type":"ReadAction","target":["https:\/\/abd.ong\/ca\/drogues-i-salut\/el-grup-abd-potencia-els-serveis-de-prevencio-de-conductes-addictives-i-altres-conductes-de-risc-amb-la-incorporacio-de-lassociacio-pds-promocio-i-desenvolupament-social\/"]}]},{"@type":"ImageObject","inLanguage":"ca","@id":"https:\/\/abd.ong\/ca\/drogues-i-salut\/el-grup-abd-potencia-els-serveis-de-prevencio-de-conductes-addictives-i-altres-conductes-de-risc-amb-la-incorporacio-de-lassociacio-pds-promocio-i-desenvolupament-social\/#primaryimage","url":"https:\/\/abd.ong\/wp-content\/uploads\/2024\/12\/WhatsApp-Image-2024-12-20-at-12.00.25.jpeg","contentUrl":"https:\/\/abd.ong\/wp-content\/uploads\/2024\/12\/WhatsApp-Image-2024-12-20-at-12.00.25.jpeg","width":1338,"height":675},{"@type":"BreadcrumbList","@id":"https:\/\/abd.ong\/ca\/drogues-i-salut\/el-grup-abd-potencia-els-serveis-de-prevencio-de-conductes-addictives-i-altres-conductes-de-risc-amb-la-incorporacio-de-lassociacio-pds-promocio-i-desenvolupament-social\/#breadcrumb","itemListElement":[{"@type":"ListItem","position":1,"name":"Inici","item":"https:\/\/abd.ong\/ca\/"},{"@type":"ListItem","position":2,"name":"El Grup ABD potencia els serveis de prevenci\u00f3 de conductes addictives i altres conductes de risc amb la incorporaci\u00f3 de l\u2019associaci\u00f3 PDS, Promoci\u00f3 i Desenvolupament Social"}]},{"@type":"WebSite","@id":"https:\/\/abd.ong\/ca\/#website","url":"https:\/\/abd.ong\/ca\/","name":"ABD","description":"Asociaci\u00f3n Bienestar y Desarrollo","publisher":{"@id":"https:\/\/abd.ong\/ca\/#organization"},"potentialAction":[{"@type":"SearchAction","target":{"@type":"EntryPoint","urlTemplate":"https:\/\/abd.ong\/ca\/?s={search_term_string}"},"query-input":{"@type":"PropertyValueSpecification","valueRequired":true,"valueName":"search_term_string"}}],"inLanguage":"ca"},{"@type":"Organization","@id":"https:\/\/abd.ong\/ca\/#organization","name":"Associaci\u00f3 Benestar i Desenvolupament","alternateName":"ABD","url":"https:\/\/abd.ong\/ca\/","logo":{"@type":"ImageObject","inLanguage":"ca","@id":"https:\/\/abd.ong\/ca\/#\/schema\/logo\/image\/","url":"https:\/\/abd.ong\/wp-content\/uploads\/2023\/01\/Icona.png","contentUrl":"https:\/\/abd.ong\/wp-content\/uploads\/2023\/01\/Icona.png","width":190,"height":187,"caption":"Associaci\u00f3 Benestar i Desenvolupament"},"image":{"@id":"https:\/\/abd.ong\/ca\/#\/schema\/logo\/image\/"},"sameAs":["https:\/\/www.facebook.com\/abd.ong","https:\/\/x.com\/abd_ong","https:\/\/www.instagram.com\/abd_ong\/","https:\/\/www.linkedin.com\/company\/abdong","https:\/\/www.youtube.com\/user\/CANALABD"]},{"@type":"Person","@id":"https:\/\/abd.ong\/ca\/#\/schema\/person\/d0f5fe279a7ad908de6a6d1332bfd7d8","name":"Enric Guinart"}]}},"_links":{"self":[{"href":"https:\/\/abd.ong\/ca\/wp-json\/wp\/v2\/posts\/166229","targetHints":{"allow":["GET"]}}],"collection":[{"href":"https:\/\/abd.ong\/ca\/wp-json\/wp\/v2\/posts"}],"about":[{"href":"https:\/\/abd.ong\/ca\/wp-json\/wp\/v2\/types\/post"}],"author":[{"embeddable":true,"href":"https:\/\/abd.ong\/ca\/wp-json\/wp\/v2\/users\/2"}],"replies":[{"embeddable":true,"href":"https:\/\/abd.ong\/ca\/wp-json\/wp\/v2\/comments?post=166229"}],"version-history":[{"count":2,"href":"https:\/\/abd.ong\/ca\/wp-json\/wp\/v2\/posts\/166229\/revisions"}],"predecessor-version":[{"id":166235,"href":"https:\/\/abd.ong\/ca\/wp-json\/wp\/v2\/posts\/166229\/revisions\/166235"}],"wp:featuredmedia":[{"embeddable":true,"href":"https:\/\/abd.ong\/ca\/wp-json\/wp\/v2\/media\/166232"}],"wp:attachment":[{"href":"https:\/\/abd.ong\/ca\/wp-json\/wp\/v2\/media?parent=166229"}],"wp:term":[{"taxonomy":"category","embeddable":true,"href":"https:\/\/abd.ong\/ca\/wp-json\/wp\/v2\/categories?post=166229"},{"taxonomy":"post_tag","embeddable":true,"href":"https:\/\/abd.ong\/ca\/wp-json\/wp\/v2\/tags?post=166229"}],"curies":[{"name":"wp","href":"https:\/\/api.w.org\/{rel}","templated":true}]}}