{"id":16388,"date":"2020-08-03T10:51:45","date_gmt":"2020-08-03T08:51:45","guid":{"rendered":"https:\/\/abd.ong\/?p=16388"},"modified":"2021-02-17T19:07:38","modified_gmt":"2021-02-17T18:07:38","slug":"abd-posa-en-marxa-dos-nous-espais-grupals-online-a-barcelona-per-compartir-emocions-i-experiencies-post-covid_19","status":"publish","type":"post","link":"https:\/\/abd.ong\/ca\/infancia-i-familia\/abd-posa-en-marxa-dos-nous-espais-grupals-online-a-barcelona-per-compartir-emocions-i-experiencies-post-covid_19\/","title":{"rendered":"ABD posa en marxa dos nous espais grupals online a Barcelona per compartir emocions i experi\u00e8ncies post COVID_19"},"content":{"rendered":"\n<p>Davant la situaci\u00f3 d\u2019incertesa generada per la crisi de la COVID_19 i l\u2019experi\u00e8ncia viscuda durant confinament, l&#8217;<a href=\"https:\/\/abd.ong\/ca\/\" target=\"_blank\" rel=\"noreferrer noopener\">Associaci\u00f3\u00a0Benestar i Desenvolupament ABD<\/a> posa en marxa <strong>dos nous espais grupals online<\/strong> per compartir aquestes viv\u00e8ncies, els dubtes sobre el futur i com ens estan afectant personalment i en les nostres relacions familiars i de conviv\u00e8ncia.\u00a0<\/p>\n\n\n\n<p>Es tracta d&#8217;activitats programades en el marc de la iniciativa de la <a href=\"https:\/\/ajuntament.barcelona.cat\/sanitatisalut\/ca\/canal\/taula-de-salut-mental\" target=\"_blank\" rel=\"noreferrer noopener\">Taula de Salut Mental de Barcelona<\/a> i dels districtes, impulsada en el marc del pla de xoc de salut mental de la ciutat per afrontar l&#8217;impacte social i emocional de la COVID_19.<\/p>\n\n\n\n<p>En concret, ABD ofereix dos<strong> tallers gratu\u00efts <\/strong>adre\u00e7ats a persones de totes les edats i caracter\u00edstiques socioculturals que resideixen a Barcelona per abordar el malestar i les inquietuds o neguits generats per la pand\u00e8mia en l\u2019\u00e0mbit personal o familiar. Juntament amb altres activitats i cursos gratu\u00efts es troben recollits al lloc web de l&#8217;Ajuntament de Barcelona,<a rel=\"noreferrer noopener\" href=\"https:\/\/ajuntament.barcelona.cat\/sanitatisalut\/ca\/canal\/cabas-emocional\" target=\"_blank\"> Cab\u00e0s emocional<\/a>. <\/p>\n\n\n\n<div class=\"wp-block-image\"><figure class=\"aligncenter size-large is-resized\"><img fetchpriority=\"high\" decoding=\"async\" src=\"\/wp-content\/uploads\/2020\/08\/espais-grupals-online-bcn-1024x1024.png\" alt=\"\" class=\"wp-image-16389\" width=\"410\" height=\"410\" srcset=\"https:\/\/abd.ong\/wp-content\/uploads\/2020\/08\/espais-grupals-online-bcn-1024x1024.png 1024w, https:\/\/abd.ong\/wp-content\/uploads\/2020\/08\/espais-grupals-online-bcn-150x150.png 150w, https:\/\/abd.ong\/wp-content\/uploads\/2020\/08\/espais-grupals-online-bcn-300x300.png 300w, https:\/\/abd.ong\/wp-content\/uploads\/2020\/08\/espais-grupals-online-bcn-768x768.png 768w, https:\/\/abd.ong\/wp-content\/uploads\/2020\/08\/espais-grupals-online-bcn-1536x1536.png 1536w, https:\/\/abd.ong\/wp-content\/uploads\/2020\/08\/espais-grupals-online-bcn-2048x2048.png 2048w\" sizes=\"(max-width: 410px) 100vw, 410px\" \/><\/figure><\/div>\n\n\n\n<h4 class=\"wp-block-heading\">Espais grupals a l&#8217;agost<\/h4>\n\n\n\n<ol class=\"wp-block-list\"><li><strong><a href=\"https:\/\/ajuntament.barcelona.cat\/sanitatisalut\/es\/canal\/cabas-emocional\" target=\"_blank\" rel=\"noreferrer noopener\">I tu, com ho portes?<\/a><\/strong><\/li><\/ol>\n\n\n\n<p>Un espai d&#8217;intercanvi on poder compartir l\u2019experi\u00e8ncia de cadasc\u00fa, les angoixes i preocupacions i escoltar d\u2019altres&nbsp; persones que es troben en situacions similars en un entorn confidencial, de comprensi\u00f3 i acceptaci\u00f3 m\u00fatua, per ajudar les persones participants a entendre millor qu\u00e8 els est\u00e0 passant i trobar formes sentir-se millor amb elles mateixes.&nbsp;<\/p>\n\n\n\n<p><strong>Quan?<\/strong><br>Dimarts 4 d\u2019agost i dimarts 25 d\u2019agost de 18 a 19h<\/p>\n\n\n\n<ol class=\"wp-block-list\" start=\"2\"><li><strong><a href=\"https:\/\/ajuntament.barcelona.cat\/sanitatisalut\/es\/canal\/cabas-emocional\" target=\"_blank\" rel=\"noreferrer noopener\">I a casa, com ho porteu?<\/a><\/strong><\/li><\/ol>\n\n\n\n<p>La situaci\u00f3 d\u2019incertesa que estem vivint, l&#8217;experi\u00e8ncia del confinament,&nbsp; els dubtes sobre el futur, estan afectant fortament les relacions familiars i de conviv\u00e8ncia. Aquest taller busca compartir i expressar aquestes emocions.&nbsp;<\/p>\n\n\n\n<p><strong>Quan?<br><\/strong>Dimarts 18 d\u2019agost de 18 a 19h<\/p>\n\n\n\n<p><strong>Inscripcions:<\/strong><\/p>\n\n\n\n<p>Per apuntar-se a alguna d\u2019aquestes sessions cal enviar un correu o trucar al tel\u00e8fon de contacte seg\u00fcent:<\/p>\n\n\n\n<p>Mail de contacte: <a href=\"mailto:grupomultifamiliar@abd-ong.org\">grupomultifamiliar@abd-ong.org<\/a>&nbsp;<\/p>\n\n\n\n<p>Tel\u00e8fon: <strong>674033026\u00a0<\/strong><\/p>\n","protected":false},"excerpt":{"rendered":"<p>Davant la situaci\u00f3 d\u2019incertesa generada per la crisi de la COVID_19 i l\u2019experi\u00e8ncia viscuda durant confinament, l&#8217;Associaci\u00f3\u00a0Benestar i Desenvolupament ABD posa en marxa dos nous espais grupals online per compartir&hellip;<\/p>\n","protected":false},"author":9,"featured_media":16403,"comment_status":"closed","ping_status":"closed","sticky":false,"template":"","format":"standard","meta":{"_acf_changed":false,"footnotes":""},"categories":[1303],"tags":[2000,2012,300,1336],"class_list":["post-16388","post","type-post","status-publish","format-standard","has-post-thumbnail","hentry","category-infancia-i-familia","tag-covid_19-2","tag-emocions","tag-grups-multifamiliars","tag-intervencio-multifamiliar-ca-2"],"acf":[],"yoast_head":"<!-- This site is optimized with the Yoast SEO plugin v27.4 - https:\/\/yoast.com\/product\/yoast-seo-wordpress\/ -->\n<title>ABD posa en marxa dos nous espais grupals online a Barcelona per compartir emocions i experi\u00e8ncies post COVID_19 - ABD<\/title>\n<meta name=\"description\" content=\"Davant la situaci\u00f3 d\u2019incertesa generada per la crisi de la COVID_19 i l\u2019experi\u00e8ncia viscuda durant confinament, l&#039;Associaci\u00f3\u00a0Benestar i Desenvolupament\" \/>\n<meta name=\"robots\" content=\"index, follow, max-snippet:-1, max-image-preview:large, max-video-preview:-1\" \/>\n<link rel=\"canonical\" href=\"https:\/\/abd.ong\/ca\/infancia-i-familia\/abd-posa-en-marxa-dos-nous-espais-grupals-online-a-barcelona-per-compartir-emocions-i-experiencies-post-covid_19\/\" \/>\n<meta property=\"og:locale\" content=\"ca_ES\" \/>\n<meta property=\"og:type\" content=\"article\" \/>\n<meta property=\"og:title\" content=\"ABD posa en marxa dos nous espais grupals online a Barcelona per compartir emocions i experi\u00e8ncies post COVID_19 - ABD\" \/>\n<meta property=\"og:description\" content=\"Davant la situaci\u00f3 d\u2019incertesa generada per la crisi de la COVID_19 i l\u2019experi\u00e8ncia viscuda durant confinament, l&#039;Associaci\u00f3\u00a0Benestar i Desenvolupament\" \/>\n<meta property=\"og:url\" content=\"https:\/\/abd.ong\/ca\/infancia-i-familia\/abd-posa-en-marxa-dos-nous-espais-grupals-online-a-barcelona-per-compartir-emocions-i-experiencies-post-covid_19\/\" \/>\n<meta property=\"og:site_name\" content=\"ABD\" \/>\n<meta property=\"article:publisher\" content=\"https:\/\/www.facebook.com\/abd.ong\" \/>\n<meta property=\"article:published_time\" content=\"2020-08-03T08:51:45+00:00\" \/>\n<meta property=\"article:modified_time\" content=\"2021-02-17T18:07:38+00:00\" \/>\n<meta property=\"og:image\" content=\"https:\/\/abd.ong\/wp-content\/uploads\/2020\/08\/Copia-de-Donacio-portatil-i-espais-grupals-bcn-1.png\" \/>\n\t<meta property=\"og:image:width\" content=\"1024\" \/>\n\t<meta property=\"og:image:height\" content=\"512\" \/>\n\t<meta property=\"og:image:type\" content=\"image\/png\" \/>\n<meta name=\"author\" content=\"Maria Creixell\" \/>\n<meta name=\"twitter:card\" content=\"summary_large_image\" \/>\n<meta name=\"twitter:creator\" content=\"@abd_ong\" \/>\n<meta name=\"twitter:site\" content=\"@abd_ong\" \/>\n<meta name=\"twitter:label1\" content=\"Escrit per\" \/>\n\t<meta name=\"twitter:data1\" content=\"Maria Creixell\" \/>\n\t<meta name=\"twitter:label2\" content=\"Temps estimat de lectura\" \/>\n\t<meta name=\"twitter:data2\" content=\"2 minuts\" \/>\n<script type=\"application\/ld+json\" class=\"yoast-schema-graph\">{\"@context\":\"https:\\\/\\\/schema.org\",\"@graph\":[{\"@type\":\"Article\",\"@id\":\"https:\\\/\\\/abd.ong\\\/ca\\\/infancia-i-familia\\\/abd-posa-en-marxa-dos-nous-espais-grupals-online-a-barcelona-per-compartir-emocions-i-experiencies-post-covid_19\\\/#article\",\"isPartOf\":{\"@id\":\"https:\\\/\\\/abd.ong\\\/ca\\\/infancia-i-familia\\\/abd-posa-en-marxa-dos-nous-espais-grupals-online-a-barcelona-per-compartir-emocions-i-experiencies-post-covid_19\\\/\"},\"author\":{\"name\":\"Maria Creixell\",\"@id\":\"https:\\\/\\\/abd.ong\\\/ca\\\/#\\\/schema\\\/person\\\/d2e158b4173f683b3898e286f5b35a10\"},\"headline\":\"ABD posa en marxa dos nous espais grupals online a Barcelona per compartir emocions i experi\u00e8ncies post COVID_19\",\"datePublished\":\"2020-08-03T08:51:45+00:00\",\"dateModified\":\"2021-02-17T18:07:38+00:00\",\"mainEntityOfPage\":{\"@id\":\"https:\\\/\\\/abd.ong\\\/ca\\\/infancia-i-familia\\\/abd-posa-en-marxa-dos-nous-espais-grupals-online-a-barcelona-per-compartir-emocions-i-experiencies-post-covid_19\\\/\"},\"wordCount\":350,\"publisher\":{\"@id\":\"https:\\\/\\\/abd.ong\\\/ca\\\/#organization\"},\"image\":{\"@id\":\"https:\\\/\\\/abd.ong\\\/ca\\\/infancia-i-familia\\\/abd-posa-en-marxa-dos-nous-espais-grupals-online-a-barcelona-per-compartir-emocions-i-experiencies-post-covid_19\\\/#primaryimage\"},\"thumbnailUrl\":\"https:\\\/\\\/abd.ong\\\/wp-content\\\/uploads\\\/2020\\\/08\\\/Copia-de-Donacio-portatil-i-espais-grupals-bcn-1.png\",\"keywords\":[\"COVID_19\",\"emocions\",\"grups multifamiliars\",\"intervenci\u00f3 multifamiliar\"],\"articleSection\":[\"Inf\u00e0ncia i fam\u00edlia\"],\"inLanguage\":\"ca\"},{\"@type\":\"WebPage\",\"@id\":\"https:\\\/\\\/abd.ong\\\/ca\\\/infancia-i-familia\\\/abd-posa-en-marxa-dos-nous-espais-grupals-online-a-barcelona-per-compartir-emocions-i-experiencies-post-covid_19\\\/\",\"url\":\"https:\\\/\\\/abd.ong\\\/ca\\\/infancia-i-familia\\\/abd-posa-en-marxa-dos-nous-espais-grupals-online-a-barcelona-per-compartir-emocions-i-experiencies-post-covid_19\\\/\",\"name\":\"ABD posa en marxa dos nous espais grupals online a Barcelona per compartir emocions i experi\u00e8ncies post COVID_19 - ABD\",\"isPartOf\":{\"@id\":\"https:\\\/\\\/abd.ong\\\/ca\\\/#website\"},\"primaryImageOfPage\":{\"@id\":\"https:\\\/\\\/abd.ong\\\/ca\\\/infancia-i-familia\\\/abd-posa-en-marxa-dos-nous-espais-grupals-online-a-barcelona-per-compartir-emocions-i-experiencies-post-covid_19\\\/#primaryimage\"},\"image\":{\"@id\":\"https:\\\/\\\/abd.ong\\\/ca\\\/infancia-i-familia\\\/abd-posa-en-marxa-dos-nous-espais-grupals-online-a-barcelona-per-compartir-emocions-i-experiencies-post-covid_19\\\/#primaryimage\"},\"thumbnailUrl\":\"https:\\\/\\\/abd.ong\\\/wp-content\\\/uploads\\\/2020\\\/08\\\/Copia-de-Donacio-portatil-i-espais-grupals-bcn-1.png\",\"datePublished\":\"2020-08-03T08:51:45+00:00\",\"dateModified\":\"2021-02-17T18:07:38+00:00\",\"description\":\"Davant la situaci\u00f3 d\u2019incertesa generada per la crisi de la COVID_19 i l\u2019experi\u00e8ncia viscuda durant confinament, l'Associaci\u00f3\u00a0Benestar i Desenvolupament\",\"breadcrumb\":{\"@id\":\"https:\\\/\\\/abd.ong\\\/ca\\\/infancia-i-familia\\\/abd-posa-en-marxa-dos-nous-espais-grupals-online-a-barcelona-per-compartir-emocions-i-experiencies-post-covid_19\\\/#breadcrumb\"},\"inLanguage\":\"ca\",\"potentialAction\":[{\"@type\":\"ReadAction\",\"target\":[\"https:\\\/\\\/abd.ong\\\/ca\\\/infancia-i-familia\\\/abd-posa-en-marxa-dos-nous-espais-grupals-online-a-barcelona-per-compartir-emocions-i-experiencies-post-covid_19\\\/\"]}]},{\"@type\":\"ImageObject\",\"inLanguage\":\"ca\",\"@id\":\"https:\\\/\\\/abd.ong\\\/ca\\\/infancia-i-familia\\\/abd-posa-en-marxa-dos-nous-espais-grupals-online-a-barcelona-per-compartir-emocions-i-experiencies-post-covid_19\\\/#primaryimage\",\"url\":\"https:\\\/\\\/abd.ong\\\/wp-content\\\/uploads\\\/2020\\\/08\\\/Copia-de-Donacio-portatil-i-espais-grupals-bcn-1.png\",\"contentUrl\":\"https:\\\/\\\/abd.ong\\\/wp-content\\\/uploads\\\/2020\\\/08\\\/Copia-de-Donacio-portatil-i-espais-grupals-bcn-1.png\",\"width\":1024,\"height\":512,\"caption\":\"espacios grupales online\"},{\"@type\":\"BreadcrumbList\",\"@id\":\"https:\\\/\\\/abd.ong\\\/ca\\\/infancia-i-familia\\\/abd-posa-en-marxa-dos-nous-espais-grupals-online-a-barcelona-per-compartir-emocions-i-experiencies-post-covid_19\\\/#breadcrumb\",\"itemListElement\":[{\"@type\":\"ListItem\",\"position\":1,\"name\":\"Inici\",\"item\":\"https:\\\/\\\/abd.ong\\\/ca\\\/\"},{\"@type\":\"ListItem\",\"position\":2,\"name\":\"ABD posa en marxa dos nous espais grupals online a Barcelona per compartir emocions i experi\u00e8ncies post COVID_19\"}]},{\"@type\":\"WebSite\",\"@id\":\"https:\\\/\\\/abd.ong\\\/ca\\\/#website\",\"url\":\"https:\\\/\\\/abd.ong\\\/ca\\\/\",\"name\":\"ABD\",\"description\":\"Asociaci\u00f3n Bienestar y Desarrollo\",\"publisher\":{\"@id\":\"https:\\\/\\\/abd.ong\\\/ca\\\/#organization\"},\"potentialAction\":[{\"@type\":\"SearchAction\",\"target\":{\"@type\":\"EntryPoint\",\"urlTemplate\":\"https:\\\/\\\/abd.ong\\\/ca\\\/?s={search_term_string}\"},\"query-input\":{\"@type\":\"PropertyValueSpecification\",\"valueRequired\":true,\"valueName\":\"search_term_string\"}}],\"inLanguage\":\"ca\"},{\"@type\":\"Organization\",\"@id\":\"https:\\\/\\\/abd.ong\\\/ca\\\/#organization\",\"name\":\"Associaci\u00f3 Benestar i Desenvolupament\",\"alternateName\":\"ABD\",\"url\":\"https:\\\/\\\/abd.ong\\\/ca\\\/\",\"logo\":{\"@type\":\"ImageObject\",\"inLanguage\":\"ca\",\"@id\":\"https:\\\/\\\/abd.ong\\\/ca\\\/#\\\/schema\\\/logo\\\/image\\\/\",\"url\":\"https:\\\/\\\/abd.ong\\\/wp-content\\\/uploads\\\/2023\\\/01\\\/Icona.png\",\"contentUrl\":\"https:\\\/\\\/abd.ong\\\/wp-content\\\/uploads\\\/2023\\\/01\\\/Icona.png\",\"width\":190,\"height\":187,\"caption\":\"Associaci\u00f3 Benestar i Desenvolupament\"},\"image\":{\"@id\":\"https:\\\/\\\/abd.ong\\\/ca\\\/#\\\/schema\\\/logo\\\/image\\\/\"},\"sameAs\":[\"https:\\\/\\\/www.facebook.com\\\/abd.ong\",\"https:\\\/\\\/x.com\\\/abd_ong\",\"https:\\\/\\\/www.instagram.com\\\/abd_ong\\\/\",\"https:\\\/\\\/www.linkedin.com\\\/company\\\/abdong\",\"https:\\\/\\\/www.youtube.com\\\/user\\\/CANALABD\"]},{\"@type\":\"Person\",\"@id\":\"https:\\\/\\\/abd.ong\\\/ca\\\/#\\\/schema\\\/person\\\/d2e158b4173f683b3898e286f5b35a10\",\"name\":\"Maria Creixell\"}]}<\/script>\n<!-- \/ Yoast SEO plugin. -->","yoast_head_json":{"title":"ABD posa en marxa dos nous espais grupals online a Barcelona per compartir emocions i experi\u00e8ncies post COVID_19 - ABD","description":"Davant la situaci\u00f3 d\u2019incertesa generada per la crisi de la COVID_19 i l\u2019experi\u00e8ncia viscuda durant confinament, l'Associaci\u00f3\u00a0Benestar i Desenvolupament","robots":{"index":"index","follow":"follow","max-snippet":"max-snippet:-1","max-image-preview":"max-image-preview:large","max-video-preview":"max-video-preview:-1"},"canonical":"https:\/\/abd.ong\/ca\/infancia-i-familia\/abd-posa-en-marxa-dos-nous-espais-grupals-online-a-barcelona-per-compartir-emocions-i-experiencies-post-covid_19\/","og_locale":"ca_ES","og_type":"article","og_title":"ABD posa en marxa dos nous espais grupals online a Barcelona per compartir emocions i experi\u00e8ncies post COVID_19 - ABD","og_description":"Davant la situaci\u00f3 d\u2019incertesa generada per la crisi de la COVID_19 i l\u2019experi\u00e8ncia viscuda durant confinament, l'Associaci\u00f3\u00a0Benestar i Desenvolupament","og_url":"https:\/\/abd.ong\/ca\/infancia-i-familia\/abd-posa-en-marxa-dos-nous-espais-grupals-online-a-barcelona-per-compartir-emocions-i-experiencies-post-covid_19\/","og_site_name":"ABD","article_publisher":"https:\/\/www.facebook.com\/abd.ong","article_published_time":"2020-08-03T08:51:45+00:00","article_modified_time":"2021-02-17T18:07:38+00:00","og_image":[{"width":1024,"height":512,"url":"https:\/\/abd.ong\/wp-content\/uploads\/2020\/08\/Copia-de-Donacio-portatil-i-espais-grupals-bcn-1.png","type":"image\/png"}],"author":"Maria Creixell","twitter_card":"summary_large_image","twitter_creator":"@abd_ong","twitter_site":"@abd_ong","twitter_misc":{"Escrit per":"Maria Creixell","Temps estimat de lectura":"2 minuts"},"schema":{"@context":"https:\/\/schema.org","@graph":[{"@type":"Article","@id":"https:\/\/abd.ong\/ca\/infancia-i-familia\/abd-posa-en-marxa-dos-nous-espais-grupals-online-a-barcelona-per-compartir-emocions-i-experiencies-post-covid_19\/#article","isPartOf":{"@id":"https:\/\/abd.ong\/ca\/infancia-i-familia\/abd-posa-en-marxa-dos-nous-espais-grupals-online-a-barcelona-per-compartir-emocions-i-experiencies-post-covid_19\/"},"author":{"name":"Maria Creixell","@id":"https:\/\/abd.ong\/ca\/#\/schema\/person\/d2e158b4173f683b3898e286f5b35a10"},"headline":"ABD posa en marxa dos nous espais grupals online a Barcelona per compartir emocions i experi\u00e8ncies post COVID_19","datePublished":"2020-08-03T08:51:45+00:00","dateModified":"2021-02-17T18:07:38+00:00","mainEntityOfPage":{"@id":"https:\/\/abd.ong\/ca\/infancia-i-familia\/abd-posa-en-marxa-dos-nous-espais-grupals-online-a-barcelona-per-compartir-emocions-i-experiencies-post-covid_19\/"},"wordCount":350,"publisher":{"@id":"https:\/\/abd.ong\/ca\/#organization"},"image":{"@id":"https:\/\/abd.ong\/ca\/infancia-i-familia\/abd-posa-en-marxa-dos-nous-espais-grupals-online-a-barcelona-per-compartir-emocions-i-experiencies-post-covid_19\/#primaryimage"},"thumbnailUrl":"https:\/\/abd.ong\/wp-content\/uploads\/2020\/08\/Copia-de-Donacio-portatil-i-espais-grupals-bcn-1.png","keywords":["COVID_19","emocions","grups multifamiliars","intervenci\u00f3 multifamiliar"],"articleSection":["Inf\u00e0ncia i fam\u00edlia"],"inLanguage":"ca"},{"@type":"WebPage","@id":"https:\/\/abd.ong\/ca\/infancia-i-familia\/abd-posa-en-marxa-dos-nous-espais-grupals-online-a-barcelona-per-compartir-emocions-i-experiencies-post-covid_19\/","url":"https:\/\/abd.ong\/ca\/infancia-i-familia\/abd-posa-en-marxa-dos-nous-espais-grupals-online-a-barcelona-per-compartir-emocions-i-experiencies-post-covid_19\/","name":"ABD posa en marxa dos nous espais grupals online a Barcelona per compartir emocions i experi\u00e8ncies post COVID_19 - ABD","isPartOf":{"@id":"https:\/\/abd.ong\/ca\/#website"},"primaryImageOfPage":{"@id":"https:\/\/abd.ong\/ca\/infancia-i-familia\/abd-posa-en-marxa-dos-nous-espais-grupals-online-a-barcelona-per-compartir-emocions-i-experiencies-post-covid_19\/#primaryimage"},"image":{"@id":"https:\/\/abd.ong\/ca\/infancia-i-familia\/abd-posa-en-marxa-dos-nous-espais-grupals-online-a-barcelona-per-compartir-emocions-i-experiencies-post-covid_19\/#primaryimage"},"thumbnailUrl":"https:\/\/abd.ong\/wp-content\/uploads\/2020\/08\/Copia-de-Donacio-portatil-i-espais-grupals-bcn-1.png","datePublished":"2020-08-03T08:51:45+00:00","dateModified":"2021-02-17T18:07:38+00:00","description":"Davant la situaci\u00f3 d\u2019incertesa generada per la crisi de la COVID_19 i l\u2019experi\u00e8ncia viscuda durant confinament, l'Associaci\u00f3\u00a0Benestar i Desenvolupament","breadcrumb":{"@id":"https:\/\/abd.ong\/ca\/infancia-i-familia\/abd-posa-en-marxa-dos-nous-espais-grupals-online-a-barcelona-per-compartir-emocions-i-experiencies-post-covid_19\/#breadcrumb"},"inLanguage":"ca","potentialAction":[{"@type":"ReadAction","target":["https:\/\/abd.ong\/ca\/infancia-i-familia\/abd-posa-en-marxa-dos-nous-espais-grupals-online-a-barcelona-per-compartir-emocions-i-experiencies-post-covid_19\/"]}]},{"@type":"ImageObject","inLanguage":"ca","@id":"https:\/\/abd.ong\/ca\/infancia-i-familia\/abd-posa-en-marxa-dos-nous-espais-grupals-online-a-barcelona-per-compartir-emocions-i-experiencies-post-covid_19\/#primaryimage","url":"https:\/\/abd.ong\/wp-content\/uploads\/2020\/08\/Copia-de-Donacio-portatil-i-espais-grupals-bcn-1.png","contentUrl":"https:\/\/abd.ong\/wp-content\/uploads\/2020\/08\/Copia-de-Donacio-portatil-i-espais-grupals-bcn-1.png","width":1024,"height":512,"caption":"espacios grupales online"},{"@type":"BreadcrumbList","@id":"https:\/\/abd.ong\/ca\/infancia-i-familia\/abd-posa-en-marxa-dos-nous-espais-grupals-online-a-barcelona-per-compartir-emocions-i-experiencies-post-covid_19\/#breadcrumb","itemListElement":[{"@type":"ListItem","position":1,"name":"Inici","item":"https:\/\/abd.ong\/ca\/"},{"@type":"ListItem","position":2,"name":"ABD posa en marxa dos nous espais grupals online a Barcelona per compartir emocions i experi\u00e8ncies post COVID_19"}]},{"@type":"WebSite","@id":"https:\/\/abd.ong\/ca\/#website","url":"https:\/\/abd.ong\/ca\/","name":"ABD","description":"Asociaci\u00f3n Bienestar y Desarrollo","publisher":{"@id":"https:\/\/abd.ong\/ca\/#organization"},"potentialAction":[{"@type":"SearchAction","target":{"@type":"EntryPoint","urlTemplate":"https:\/\/abd.ong\/ca\/?s={search_term_string}"},"query-input":{"@type":"PropertyValueSpecification","valueRequired":true,"valueName":"search_term_string"}}],"inLanguage":"ca"},{"@type":"Organization","@id":"https:\/\/abd.ong\/ca\/#organization","name":"Associaci\u00f3 Benestar i Desenvolupament","alternateName":"ABD","url":"https:\/\/abd.ong\/ca\/","logo":{"@type":"ImageObject","inLanguage":"ca","@id":"https:\/\/abd.ong\/ca\/#\/schema\/logo\/image\/","url":"https:\/\/abd.ong\/wp-content\/uploads\/2023\/01\/Icona.png","contentUrl":"https:\/\/abd.ong\/wp-content\/uploads\/2023\/01\/Icona.png","width":190,"height":187,"caption":"Associaci\u00f3 Benestar i Desenvolupament"},"image":{"@id":"https:\/\/abd.ong\/ca\/#\/schema\/logo\/image\/"},"sameAs":["https:\/\/www.facebook.com\/abd.ong","https:\/\/x.com\/abd_ong","https:\/\/www.instagram.com\/abd_ong\/","https:\/\/www.linkedin.com\/company\/abdong","https:\/\/www.youtube.com\/user\/CANALABD"]},{"@type":"Person","@id":"https:\/\/abd.ong\/ca\/#\/schema\/person\/d2e158b4173f683b3898e286f5b35a10","name":"Maria Creixell"}]}},"_links":{"self":[{"href":"https:\/\/abd.ong\/ca\/wp-json\/wp\/v2\/posts\/16388","targetHints":{"allow":["GET"]}}],"collection":[{"href":"https:\/\/abd.ong\/ca\/wp-json\/wp\/v2\/posts"}],"about":[{"href":"https:\/\/abd.ong\/ca\/wp-json\/wp\/v2\/types\/post"}],"author":[{"embeddable":true,"href":"https:\/\/abd.ong\/ca\/wp-json\/wp\/v2\/users\/9"}],"replies":[{"embeddable":true,"href":"https:\/\/abd.ong\/ca\/wp-json\/wp\/v2\/comments?post=16388"}],"version-history":[{"count":3,"href":"https:\/\/abd.ong\/ca\/wp-json\/wp\/v2\/posts\/16388\/revisions"}],"predecessor-version":[{"id":20367,"href":"https:\/\/abd.ong\/ca\/wp-json\/wp\/v2\/posts\/16388\/revisions\/20367"}],"wp:featuredmedia":[{"embeddable":true,"href":"https:\/\/abd.ong\/ca\/wp-json\/wp\/v2\/media\/16403"}],"wp:attachment":[{"href":"https:\/\/abd.ong\/ca\/wp-json\/wp\/v2\/media?parent=16388"}],"wp:term":[{"taxonomy":"category","embeddable":true,"href":"https:\/\/abd.ong\/ca\/wp-json\/wp\/v2\/categories?post=16388"},{"taxonomy":"post_tag","embeddable":true,"href":"https:\/\/abd.ong\/ca\/wp-json\/wp\/v2\/tags?post=16388"}],"curies":[{"name":"wp","href":"https:\/\/api.w.org\/{rel}","templated":true}]}}