{"id":163813,"date":"2024-10-17T09:57:47","date_gmt":"2024-10-17T07:57:47","guid":{"rendered":"https:\/\/abd.ong\/?p=163813"},"modified":"2024-10-28T12:49:43","modified_gmt":"2024-10-28T11:49:43","slug":"el-jardi-fenix-celebra-el-5e-aniversari-amb-una-jornada-de-portes-obertes-i-activitats-comunitaries","status":"publish","type":"post","link":"https:\/\/abd.ong\/ca\/drogues-i-salut\/el-jardi-fenix-celebra-el-5e-aniversari-amb-una-jornada-de-portes-obertes-i-activitats-comunitaries\/","title":{"rendered":"El Jard\u00ed F\u00e8nix celebra el 5\u00e8 aniversari amb una jornada de portes obertes i activitats comunit\u00e0ries"},"content":{"rendered":"\n<p><\/p>\n\n<h4 class=\"wp-block-heading\">Durant l&#8217;esdeveniment es presentar\u00e0 el documental <em>&#8216;Llavors de recuperaci\u00f3&#8217;,<\/em> un treball cinematogr\u00e0fic realitzat per <span class=\"hiddenSpellError\">Otoxo<\/span>\u00a0<span class=\"hiddenSpellError\">Productions<\/span> que ens apropa a la hist\u00f2ria d&#8217;un participant del projecte i el paper crucial que ha jugat en la seva inserci\u00f3 social i laboral<\/h4>\n\n<div style=\"height:40px\" aria-hidden=\"true\" class=\"wp-block-spacer\"><\/div>\n\n<p>El pr\u00f2xim <strong>13 de novembre de 2024<\/strong>, el <a href=\"https:\/\/abd.ong\/ca\/programes\/projecte-fenix\/\" target=\"_blank\" rel=\"noopener\"><strong>Jard\u00ed F\u00e8nix<\/strong><\/a>, <em>el projecte d&#8217;agricultura urbana per millorar l&#8217;ocupabilitat de persones en tractament de drogodepend\u00e8ncies<\/em> del <a href=\"https:\/\/abd.ong\/ca\/\" target=\"_blank\" rel=\"noopener\"><strong>Grup\u00a0<span class=\"hiddenSpellError\">ABD<\/span><\/strong><\/a>, celebrar\u00e0<strong> el cinqu\u00e8 aniversari<\/strong> amb <strong>una jornada de portes obertes<\/strong> plena d&#8217;activitats dirigides tant a les persones participants com a la comunitat local del barri de <em>Sarri\u00e0-Sant Gervasi <\/em>de Barcelona. Aquesta jornada marca un moment important pel projecte, que durant cinc anys ha estat un espai de transformaci\u00f3 social i personal per a les persones en tractament de drogodepend\u00e8ncies.<\/p>\n\n<p>El programa d&#8217;activitats comen\u00e7ar\u00e0 a les 11.00 hores amb la benvinguda a les persones assistents, seguida a les 12.00 hores de la presentaci\u00f3 del documental &#8216;Llavors de recuperaci\u00f3&#8217; realitzat per\u00a0<a href=\"https:\/\/www.otoxoproductions.com\/\" target=\"_blank\" rel=\"noopener\"><strong><span class=\"hiddenSpellError\">Otoxo<\/span>\u00a0<span class=\"hiddenSpellError\">Productions<\/span><\/strong><\/a>. Aquest documental ens apropar\u00e0 a la hist\u00f2ria d\u201fun participant i el paper crucial que ha jugat el projecte en la seva inserci\u00f3 social i laboral. L&#8217;objectiu \u00e9s mostrar com aquest espai no nom\u00e9s ha aconseguit millorar la qualitat de vida de les persones participants, sin\u00f3 tamb\u00e9 trencar l&#8217;estigma que sovint acompanya a les persones amb problemes de drogodepend\u00e8ncia.<\/p>\n\n<p>A les 12.30 hores es dur\u00e0 a terme l&#8217;acte oficial de celebraci\u00f3 del cinqu\u00e8 aniversari del Jard\u00ed F\u00e8nix, on es far\u00e0 un balan\u00e7 dels \u00e8xits aconseguits al llarg d&#8217;aquests cinc anys. Representants del <strong>Grup\u00a0<span class=\"hiddenSpellError\">ABD<\/span><\/strong><span class=\"hiddenSpellError\">, <\/span>de l&#8217;administraci\u00f3 p\u00fablica, participants del projecte i entitats col\u00b7laboradores compartiran reflexions sobre el cam\u00ed recorregut i els reptes que encara s&#8217;hi presenten.<\/p>\n\n<p>Despr\u00e9s d&#8217;una breu pausa per dinar, la jornada es reprendr\u00e0 a les 15.00 hores amb la reobertura del jard\u00ed. Un dels moments m\u00e9s destacats ser\u00e0 la plantada popular que tindr\u00e0 lloc a les 16.30 hores. Aquest acte comunitari est\u00e0 pensat per involucrar totes les persones que vulguin participar en les tasques de jardineria, oferint l&#8217;oportunitat de contribuir activament a la cura de l&#8217;espai i con\u00e8ixer de prop la feina que es fa cada dia al Jard\u00ed F\u00e8nix. La jornada finalitzar\u00e0 a les 17.30 hores amb un acte de comiat, tancant aix\u00ed un dia de celebraci\u00f3, aprenentatge i comunitat.<\/p>\n\n<div style=\"height:38px\" aria-hidden=\"true\" class=\"wp-block-spacer\"><\/div>\n\n<figure class=\"wp-block-image size-large\"><img fetchpriority=\"high\" decoding=\"async\" width=\"1024\" height=\"576\" src=\"https:\/\/abd.ong\/wp-content\/uploads\/2024\/10\/Light-Pink-Pastel-Red-Clean-and-Corporate-Protest-Content-Pro-choice-Twitter-Post-81-1024x576.png\" alt=\"\" class=\"wp-image-164260\" srcset=\"https:\/\/abd.ong\/wp-content\/uploads\/2024\/10\/Light-Pink-Pastel-Red-Clean-and-Corporate-Protest-Content-Pro-choice-Twitter-Post-81-1024x576.png 1024w, https:\/\/abd.ong\/wp-content\/uploads\/2024\/10\/Light-Pink-Pastel-Red-Clean-and-Corporate-Protest-Content-Pro-choice-Twitter-Post-81-300x169.png 300w, https:\/\/abd.ong\/wp-content\/uploads\/2024\/10\/Light-Pink-Pastel-Red-Clean-and-Corporate-Protest-Content-Pro-choice-Twitter-Post-81-768x432.png 768w, https:\/\/abd.ong\/wp-content\/uploads\/2024\/10\/Light-Pink-Pastel-Red-Clean-and-Corporate-Protest-Content-Pro-choice-Twitter-Post-81-1536x864.png 1536w, https:\/\/abd.ong\/wp-content\/uploads\/2024\/10\/Light-Pink-Pastel-Red-Clean-and-Corporate-Protest-Content-Pro-choice-Twitter-Post-81.png 2048w\" sizes=\"(max-width: 1024px) 100vw, 1024px\" \/><\/figure>\n\n<div style=\"height:65px\" aria-hidden=\"true\" class=\"wp-block-spacer\"><\/div>\n\n<h5 class=\"wp-block-heading\"><strong>El Jard\u00ed F\u00e8nix<\/strong><\/h5>\n\n<p><\/p>\n\n<p>El Jard\u00ed F\u00e8nix \u00e9s una iniciativa d&#8217;agroecologia urbana que t\u00e9 com a objectiu principal millorar la inclusi\u00f3 social i laboral de persones en tractament de drogodepend\u00e8ncies, alhora que treballa per trencar l&#8217;estigma associat a aquestes situacions. Aquest projecte es fa al jard\u00ed del <a href=\"https:\/\/www.aspb.cat\/es\/areas\/drogodependencias\/centres-datencio-seguiment-barcelona\/\" target=\"_blank\" rel=\"noopener\"><strong>Centre d&#8217;Atenci\u00f3 i Seguiment (CAS) de Sarri\u00e0<\/strong><\/a>, un espai cedit per part de <a href=\"https:\/\/ajuntament.barcelona.cat\/es\/\" target=\"_blank\" rel=\"noopener\"><strong>l&#8217;Ajuntament de\u00a0Barcelona<\/strong><\/a>.<\/p>\n\n<p>El projecte rep finan\u00e7ament per part del<a href=\"https:\/\/dretssocials.gencat.cat\/ca\/inici\" target=\"_blank\" rel=\"noopener\"><strong> Departament de Drets socials i inclusi\u00f3<\/strong><\/a><a href=\"https:\/\/dretssocials.gencat.cat\/ca\/inici\" target=\"_blank\" rel=\"noopener\"><strong> de la Generalitat de Catalunya<\/strong><\/a> i del <strong>D<\/strong><a href=\"https:\/\/salutweb.gencat.cat\/ca\/inici\" target=\"_blank\" rel=\"noopener\"><strong>epartament de Salut<\/strong><\/a>, com tamb\u00e9 el suport de <strong>l&#8217;Ajuntament de Barcelona.<\/strong><\/p>\n","protected":false},"excerpt":{"rendered":"<p>Durant l&#8217;esdeveniment es presentar\u00e0 el documental &#8216;Llavors de recuperaci\u00f3&#8217;, un treball cinematogr\u00e0fic realitzat per Otoxo\u00a0Productions que ens apropa a la hist\u00f2ria d&#8217;un participant del projecte i el paper crucial que&hellip;<\/p>\n","protected":false},"author":12,"featured_media":163789,"comment_status":"closed","ping_status":"closed","sticky":false,"template":"","format":"standard","meta":{"_acf_changed":false,"footnotes":""},"categories":[1301],"tags":[1897,119,675,2928,175,610,2299,2300,2396],"class_list":["post-163813","post","type-post","status-publish","format-standard","has-post-thumbnail","hentry","category-drogues-i-salut","tag-abd-2-ca","tag-abd","tag-asociacion-bienestar-y-desarrollo-ca","tag-associacio-benestar-i-desenvolupament-ca-2","tag-drogas-ca","tag-drogodependencias-ca","tag-mitjans-de-comunicacio-ca","tag-noticies-ca","tag-reduccio-de-danys-ca"],"acf":[],"yoast_head":"<!-- This site is optimized with the Yoast SEO plugin v27.4 - https:\/\/yoast.com\/product\/yoast-seo-wordpress\/ -->\n<title>El Jard\u00ed F\u00e8nix celebra el 5\u00e8 aniversari amb una jornada de portes obertes i activitats comunit\u00e0ries - ABD<\/title>\n<meta name=\"description\" content=\"Durant l&#039;esdeveniment es presentar\u00e0 el documental &#039;Llavors de recuperaci\u00f3&#039;, un treball cinematogr\u00e0fic realitzat per Otoxo\u00a0Productions que ens apropa a la\" \/>\n<meta name=\"robots\" content=\"index, follow, max-snippet:-1, max-image-preview:large, max-video-preview:-1\" \/>\n<link rel=\"canonical\" href=\"https:\/\/abd.ong\/ca\/drogues-i-salut\/el-jardi-fenix-celebra-el-5e-aniversari-amb-una-jornada-de-portes-obertes-i-activitats-comunitaries\/\" \/>\n<meta property=\"og:locale\" content=\"ca_ES\" \/>\n<meta property=\"og:type\" content=\"article\" \/>\n<meta property=\"og:title\" content=\"El Jard\u00ed F\u00e8nix celebra el 5\u00e8 aniversari amb una jornada de portes obertes i activitats comunit\u00e0ries - ABD\" \/>\n<meta property=\"og:description\" content=\"Durant l&#039;esdeveniment es presentar\u00e0 el documental &#039;Llavors de recuperaci\u00f3&#039;, un treball cinematogr\u00e0fic realitzat per Otoxo\u00a0Productions que ens apropa a la\" \/>\n<meta property=\"og:url\" content=\"https:\/\/abd.ong\/ca\/drogues-i-salut\/el-jardi-fenix-celebra-el-5e-aniversari-amb-una-jornada-de-portes-obertes-i-activitats-comunitaries\/\" \/>\n<meta property=\"og:site_name\" content=\"ABD\" \/>\n<meta property=\"article:publisher\" content=\"https:\/\/www.facebook.com\/abd.ong\" \/>\n<meta property=\"article:published_time\" content=\"2024-10-17T07:57:47+00:00\" \/>\n<meta property=\"article:modified_time\" content=\"2024-10-28T11:49:43+00:00\" \/>\n<meta property=\"og:image\" content=\"https:\/\/abd.ong\/wp-content\/uploads\/2024\/10\/Light-Pink-Pastel-Red-Clean-and-Corporate-Protest-Content-Pro-choice-Twitter-Post-76-1024x576.png\" \/>\n\t<meta property=\"og:image:width\" content=\"1024\" \/>\n\t<meta property=\"og:image:height\" content=\"576\" \/>\n\t<meta property=\"og:image:type\" content=\"image\/png\" \/>\n<meta name=\"author\" content=\"Francesc Balart\" \/>\n<meta name=\"twitter:card\" content=\"summary_large_image\" \/>\n<meta name=\"twitter:creator\" content=\"@abd_ong\" \/>\n<meta name=\"twitter:site\" content=\"@abd_ong\" \/>\n<meta name=\"twitter:label1\" content=\"Escrit per\" \/>\n\t<meta name=\"twitter:data1\" content=\"Francesc Balart\" \/>\n\t<meta name=\"twitter:label2\" content=\"Temps estimat de lectura\" \/>\n\t<meta name=\"twitter:data2\" content=\"3 minuts\" \/>\n<script type=\"application\/ld+json\" class=\"yoast-schema-graph\">{\"@context\":\"https:\\\/\\\/schema.org\",\"@graph\":[{\"@type\":\"Article\",\"@id\":\"https:\\\/\\\/abd.ong\\\/ca\\\/drogues-i-salut\\\/el-jardi-fenix-celebra-el-5e-aniversari-amb-una-jornada-de-portes-obertes-i-activitats-comunitaries\\\/#article\",\"isPartOf\":{\"@id\":\"https:\\\/\\\/abd.ong\\\/ca\\\/drogues-i-salut\\\/el-jardi-fenix-celebra-el-5e-aniversari-amb-una-jornada-de-portes-obertes-i-activitats-comunitaries\\\/\"},\"author\":{\"name\":\"Francesc Balart\",\"@id\":\"https:\\\/\\\/abd.ong\\\/ca\\\/#\\\/schema\\\/person\\\/6bb74ed13fc8bdf3a5382c66db14c9ee\"},\"headline\":\"El Jard\u00ed F\u00e8nix celebra el 5\u00e8 aniversari amb una jornada de portes obertes i activitats comunit\u00e0ries\",\"datePublished\":\"2024-10-17T07:57:47+00:00\",\"dateModified\":\"2024-10-28T11:49:43+00:00\",\"mainEntityOfPage\":{\"@id\":\"https:\\\/\\\/abd.ong\\\/ca\\\/drogues-i-salut\\\/el-jardi-fenix-celebra-el-5e-aniversari-amb-una-jornada-de-portes-obertes-i-activitats-comunitaries\\\/\"},\"wordCount\":516,\"publisher\":{\"@id\":\"https:\\\/\\\/abd.ong\\\/ca\\\/#organization\"},\"image\":{\"@id\":\"https:\\\/\\\/abd.ong\\\/ca\\\/drogues-i-salut\\\/el-jardi-fenix-celebra-el-5e-aniversari-amb-una-jornada-de-portes-obertes-i-activitats-comunitaries\\\/#primaryimage\"},\"thumbnailUrl\":\"https:\\\/\\\/abd.ong\\\/wp-content\\\/uploads\\\/2024\\\/10\\\/Light-Pink-Pastel-Red-Clean-and-Corporate-Protest-Content-Pro-choice-Twitter-Post-76.png\",\"keywords\":[\"ABD\",\"ABD\",\"Asociaci\u00f3n Bienestar y Desarrollo\",\"Associaci\u00f3 Benestar i Desenvolupament\",\"drogas\",\"drogodependencias\",\"Mitjans de comunicaci\u00f3\",\"not\u00edcies\",\"reducci\u00f3 de danys\"],\"articleSection\":[\"Drogues i salut\"],\"inLanguage\":\"ca\"},{\"@type\":\"WebPage\",\"@id\":\"https:\\\/\\\/abd.ong\\\/ca\\\/drogues-i-salut\\\/el-jardi-fenix-celebra-el-5e-aniversari-amb-una-jornada-de-portes-obertes-i-activitats-comunitaries\\\/\",\"url\":\"https:\\\/\\\/abd.ong\\\/ca\\\/drogues-i-salut\\\/el-jardi-fenix-celebra-el-5e-aniversari-amb-una-jornada-de-portes-obertes-i-activitats-comunitaries\\\/\",\"name\":\"El Jard\u00ed F\u00e8nix celebra el 5\u00e8 aniversari amb una jornada de portes obertes i activitats comunit\u00e0ries - ABD\",\"isPartOf\":{\"@id\":\"https:\\\/\\\/abd.ong\\\/ca\\\/#website\"},\"primaryImageOfPage\":{\"@id\":\"https:\\\/\\\/abd.ong\\\/ca\\\/drogues-i-salut\\\/el-jardi-fenix-celebra-el-5e-aniversari-amb-una-jornada-de-portes-obertes-i-activitats-comunitaries\\\/#primaryimage\"},\"image\":{\"@id\":\"https:\\\/\\\/abd.ong\\\/ca\\\/drogues-i-salut\\\/el-jardi-fenix-celebra-el-5e-aniversari-amb-una-jornada-de-portes-obertes-i-activitats-comunitaries\\\/#primaryimage\"},\"thumbnailUrl\":\"https:\\\/\\\/abd.ong\\\/wp-content\\\/uploads\\\/2024\\\/10\\\/Light-Pink-Pastel-Red-Clean-and-Corporate-Protest-Content-Pro-choice-Twitter-Post-76.png\",\"datePublished\":\"2024-10-17T07:57:47+00:00\",\"dateModified\":\"2024-10-28T11:49:43+00:00\",\"description\":\"Durant l'esdeveniment es presentar\u00e0 el documental 'Llavors de recuperaci\u00f3', un treball cinematogr\u00e0fic realitzat per Otoxo\u00a0Productions que ens apropa a la\",\"breadcrumb\":{\"@id\":\"https:\\\/\\\/abd.ong\\\/ca\\\/drogues-i-salut\\\/el-jardi-fenix-celebra-el-5e-aniversari-amb-una-jornada-de-portes-obertes-i-activitats-comunitaries\\\/#breadcrumb\"},\"inLanguage\":\"ca\",\"potentialAction\":[{\"@type\":\"ReadAction\",\"target\":[\"https:\\\/\\\/abd.ong\\\/ca\\\/drogues-i-salut\\\/el-jardi-fenix-celebra-el-5e-aniversari-amb-una-jornada-de-portes-obertes-i-activitats-comunitaries\\\/\"]}]},{\"@type\":\"ImageObject\",\"inLanguage\":\"ca\",\"@id\":\"https:\\\/\\\/abd.ong\\\/ca\\\/drogues-i-salut\\\/el-jardi-fenix-celebra-el-5e-aniversari-amb-una-jornada-de-portes-obertes-i-activitats-comunitaries\\\/#primaryimage\",\"url\":\"https:\\\/\\\/abd.ong\\\/wp-content\\\/uploads\\\/2024\\\/10\\\/Light-Pink-Pastel-Red-Clean-and-Corporate-Protest-Content-Pro-choice-Twitter-Post-76.png\",\"contentUrl\":\"https:\\\/\\\/abd.ong\\\/wp-content\\\/uploads\\\/2024\\\/10\\\/Light-Pink-Pastel-Red-Clean-and-Corporate-Protest-Content-Pro-choice-Twitter-Post-76.png\",\"width\":2048,\"height\":1152},{\"@type\":\"BreadcrumbList\",\"@id\":\"https:\\\/\\\/abd.ong\\\/ca\\\/drogues-i-salut\\\/el-jardi-fenix-celebra-el-5e-aniversari-amb-una-jornada-de-portes-obertes-i-activitats-comunitaries\\\/#breadcrumb\",\"itemListElement\":[{\"@type\":\"ListItem\",\"position\":1,\"name\":\"Inici\",\"item\":\"https:\\\/\\\/abd.ong\\\/ca\\\/\"},{\"@type\":\"ListItem\",\"position\":2,\"name\":\"El Jard\u00ed F\u00e8nix celebra el 5\u00e8 aniversari amb una jornada de portes obertes i activitats comunit\u00e0ries\"}]},{\"@type\":\"WebSite\",\"@id\":\"https:\\\/\\\/abd.ong\\\/ca\\\/#website\",\"url\":\"https:\\\/\\\/abd.ong\\\/ca\\\/\",\"name\":\"ABD\",\"description\":\"Asociaci\u00f3n Bienestar y Desarrollo\",\"publisher\":{\"@id\":\"https:\\\/\\\/abd.ong\\\/ca\\\/#organization\"},\"potentialAction\":[{\"@type\":\"SearchAction\",\"target\":{\"@type\":\"EntryPoint\",\"urlTemplate\":\"https:\\\/\\\/abd.ong\\\/ca\\\/?s={search_term_string}\"},\"query-input\":{\"@type\":\"PropertyValueSpecification\",\"valueRequired\":true,\"valueName\":\"search_term_string\"}}],\"inLanguage\":\"ca\"},{\"@type\":\"Organization\",\"@id\":\"https:\\\/\\\/abd.ong\\\/ca\\\/#organization\",\"name\":\"Associaci\u00f3 Benestar i Desenvolupament\",\"alternateName\":\"ABD\",\"url\":\"https:\\\/\\\/abd.ong\\\/ca\\\/\",\"logo\":{\"@type\":\"ImageObject\",\"inLanguage\":\"ca\",\"@id\":\"https:\\\/\\\/abd.ong\\\/ca\\\/#\\\/schema\\\/logo\\\/image\\\/\",\"url\":\"https:\\\/\\\/abd.ong\\\/wp-content\\\/uploads\\\/2023\\\/01\\\/Icona.png\",\"contentUrl\":\"https:\\\/\\\/abd.ong\\\/wp-content\\\/uploads\\\/2023\\\/01\\\/Icona.png\",\"width\":190,\"height\":187,\"caption\":\"Associaci\u00f3 Benestar i Desenvolupament\"},\"image\":{\"@id\":\"https:\\\/\\\/abd.ong\\\/ca\\\/#\\\/schema\\\/logo\\\/image\\\/\"},\"sameAs\":[\"https:\\\/\\\/www.facebook.com\\\/abd.ong\",\"https:\\\/\\\/x.com\\\/abd_ong\",\"https:\\\/\\\/www.instagram.com\\\/abd_ong\\\/\",\"https:\\\/\\\/www.linkedin.com\\\/company\\\/abdong\",\"https:\\\/\\\/www.youtube.com\\\/user\\\/CANALABD\"]},{\"@type\":\"Person\",\"@id\":\"https:\\\/\\\/abd.ong\\\/ca\\\/#\\\/schema\\\/person\\\/6bb74ed13fc8bdf3a5382c66db14c9ee\",\"name\":\"Francesc Balart\"}]}<\/script>\n<!-- \/ Yoast SEO plugin. -->","yoast_head_json":{"title":"El Jard\u00ed F\u00e8nix celebra el 5\u00e8 aniversari amb una jornada de portes obertes i activitats comunit\u00e0ries - ABD","description":"Durant l'esdeveniment es presentar\u00e0 el documental 'Llavors de recuperaci\u00f3', un treball cinematogr\u00e0fic realitzat per Otoxo\u00a0Productions que ens apropa a la","robots":{"index":"index","follow":"follow","max-snippet":"max-snippet:-1","max-image-preview":"max-image-preview:large","max-video-preview":"max-video-preview:-1"},"canonical":"https:\/\/abd.ong\/ca\/drogues-i-salut\/el-jardi-fenix-celebra-el-5e-aniversari-amb-una-jornada-de-portes-obertes-i-activitats-comunitaries\/","og_locale":"ca_ES","og_type":"article","og_title":"El Jard\u00ed F\u00e8nix celebra el 5\u00e8 aniversari amb una jornada de portes obertes i activitats comunit\u00e0ries - ABD","og_description":"Durant l'esdeveniment es presentar\u00e0 el documental 'Llavors de recuperaci\u00f3', un treball cinematogr\u00e0fic realitzat per Otoxo\u00a0Productions que ens apropa a la","og_url":"https:\/\/abd.ong\/ca\/drogues-i-salut\/el-jardi-fenix-celebra-el-5e-aniversari-amb-una-jornada-de-portes-obertes-i-activitats-comunitaries\/","og_site_name":"ABD","article_publisher":"https:\/\/www.facebook.com\/abd.ong","article_published_time":"2024-10-17T07:57:47+00:00","article_modified_time":"2024-10-28T11:49:43+00:00","og_image":[{"width":1024,"height":576,"url":"https:\/\/abd.ong\/wp-content\/uploads\/2024\/10\/Light-Pink-Pastel-Red-Clean-and-Corporate-Protest-Content-Pro-choice-Twitter-Post-76-1024x576.png","type":"image\/png"}],"author":"Francesc Balart","twitter_card":"summary_large_image","twitter_creator":"@abd_ong","twitter_site":"@abd_ong","twitter_misc":{"Escrit per":"Francesc Balart","Temps estimat de lectura":"3 minuts"},"schema":{"@context":"https:\/\/schema.org","@graph":[{"@type":"Article","@id":"https:\/\/abd.ong\/ca\/drogues-i-salut\/el-jardi-fenix-celebra-el-5e-aniversari-amb-una-jornada-de-portes-obertes-i-activitats-comunitaries\/#article","isPartOf":{"@id":"https:\/\/abd.ong\/ca\/drogues-i-salut\/el-jardi-fenix-celebra-el-5e-aniversari-amb-una-jornada-de-portes-obertes-i-activitats-comunitaries\/"},"author":{"name":"Francesc Balart","@id":"https:\/\/abd.ong\/ca\/#\/schema\/person\/6bb74ed13fc8bdf3a5382c66db14c9ee"},"headline":"El Jard\u00ed F\u00e8nix celebra el 5\u00e8 aniversari amb una jornada de portes obertes i activitats comunit\u00e0ries","datePublished":"2024-10-17T07:57:47+00:00","dateModified":"2024-10-28T11:49:43+00:00","mainEntityOfPage":{"@id":"https:\/\/abd.ong\/ca\/drogues-i-salut\/el-jardi-fenix-celebra-el-5e-aniversari-amb-una-jornada-de-portes-obertes-i-activitats-comunitaries\/"},"wordCount":516,"publisher":{"@id":"https:\/\/abd.ong\/ca\/#organization"},"image":{"@id":"https:\/\/abd.ong\/ca\/drogues-i-salut\/el-jardi-fenix-celebra-el-5e-aniversari-amb-una-jornada-de-portes-obertes-i-activitats-comunitaries\/#primaryimage"},"thumbnailUrl":"https:\/\/abd.ong\/wp-content\/uploads\/2024\/10\/Light-Pink-Pastel-Red-Clean-and-Corporate-Protest-Content-Pro-choice-Twitter-Post-76.png","keywords":["ABD","ABD","Asociaci\u00f3n Bienestar y Desarrollo","Associaci\u00f3 Benestar i Desenvolupament","drogas","drogodependencias","Mitjans de comunicaci\u00f3","not\u00edcies","reducci\u00f3 de danys"],"articleSection":["Drogues i salut"],"inLanguage":"ca"},{"@type":"WebPage","@id":"https:\/\/abd.ong\/ca\/drogues-i-salut\/el-jardi-fenix-celebra-el-5e-aniversari-amb-una-jornada-de-portes-obertes-i-activitats-comunitaries\/","url":"https:\/\/abd.ong\/ca\/drogues-i-salut\/el-jardi-fenix-celebra-el-5e-aniversari-amb-una-jornada-de-portes-obertes-i-activitats-comunitaries\/","name":"El Jard\u00ed F\u00e8nix celebra el 5\u00e8 aniversari amb una jornada de portes obertes i activitats comunit\u00e0ries - ABD","isPartOf":{"@id":"https:\/\/abd.ong\/ca\/#website"},"primaryImageOfPage":{"@id":"https:\/\/abd.ong\/ca\/drogues-i-salut\/el-jardi-fenix-celebra-el-5e-aniversari-amb-una-jornada-de-portes-obertes-i-activitats-comunitaries\/#primaryimage"},"image":{"@id":"https:\/\/abd.ong\/ca\/drogues-i-salut\/el-jardi-fenix-celebra-el-5e-aniversari-amb-una-jornada-de-portes-obertes-i-activitats-comunitaries\/#primaryimage"},"thumbnailUrl":"https:\/\/abd.ong\/wp-content\/uploads\/2024\/10\/Light-Pink-Pastel-Red-Clean-and-Corporate-Protest-Content-Pro-choice-Twitter-Post-76.png","datePublished":"2024-10-17T07:57:47+00:00","dateModified":"2024-10-28T11:49:43+00:00","description":"Durant l'esdeveniment es presentar\u00e0 el documental 'Llavors de recuperaci\u00f3', un treball cinematogr\u00e0fic realitzat per Otoxo\u00a0Productions que ens apropa a la","breadcrumb":{"@id":"https:\/\/abd.ong\/ca\/drogues-i-salut\/el-jardi-fenix-celebra-el-5e-aniversari-amb-una-jornada-de-portes-obertes-i-activitats-comunitaries\/#breadcrumb"},"inLanguage":"ca","potentialAction":[{"@type":"ReadAction","target":["https:\/\/abd.ong\/ca\/drogues-i-salut\/el-jardi-fenix-celebra-el-5e-aniversari-amb-una-jornada-de-portes-obertes-i-activitats-comunitaries\/"]}]},{"@type":"ImageObject","inLanguage":"ca","@id":"https:\/\/abd.ong\/ca\/drogues-i-salut\/el-jardi-fenix-celebra-el-5e-aniversari-amb-una-jornada-de-portes-obertes-i-activitats-comunitaries\/#primaryimage","url":"https:\/\/abd.ong\/wp-content\/uploads\/2024\/10\/Light-Pink-Pastel-Red-Clean-and-Corporate-Protest-Content-Pro-choice-Twitter-Post-76.png","contentUrl":"https:\/\/abd.ong\/wp-content\/uploads\/2024\/10\/Light-Pink-Pastel-Red-Clean-and-Corporate-Protest-Content-Pro-choice-Twitter-Post-76.png","width":2048,"height":1152},{"@type":"BreadcrumbList","@id":"https:\/\/abd.ong\/ca\/drogues-i-salut\/el-jardi-fenix-celebra-el-5e-aniversari-amb-una-jornada-de-portes-obertes-i-activitats-comunitaries\/#breadcrumb","itemListElement":[{"@type":"ListItem","position":1,"name":"Inici","item":"https:\/\/abd.ong\/ca\/"},{"@type":"ListItem","position":2,"name":"El Jard\u00ed F\u00e8nix celebra el 5\u00e8 aniversari amb una jornada de portes obertes i activitats comunit\u00e0ries"}]},{"@type":"WebSite","@id":"https:\/\/abd.ong\/ca\/#website","url":"https:\/\/abd.ong\/ca\/","name":"ABD","description":"Asociaci\u00f3n Bienestar y Desarrollo","publisher":{"@id":"https:\/\/abd.ong\/ca\/#organization"},"potentialAction":[{"@type":"SearchAction","target":{"@type":"EntryPoint","urlTemplate":"https:\/\/abd.ong\/ca\/?s={search_term_string}"},"query-input":{"@type":"PropertyValueSpecification","valueRequired":true,"valueName":"search_term_string"}}],"inLanguage":"ca"},{"@type":"Organization","@id":"https:\/\/abd.ong\/ca\/#organization","name":"Associaci\u00f3 Benestar i Desenvolupament","alternateName":"ABD","url":"https:\/\/abd.ong\/ca\/","logo":{"@type":"ImageObject","inLanguage":"ca","@id":"https:\/\/abd.ong\/ca\/#\/schema\/logo\/image\/","url":"https:\/\/abd.ong\/wp-content\/uploads\/2023\/01\/Icona.png","contentUrl":"https:\/\/abd.ong\/wp-content\/uploads\/2023\/01\/Icona.png","width":190,"height":187,"caption":"Associaci\u00f3 Benestar i Desenvolupament"},"image":{"@id":"https:\/\/abd.ong\/ca\/#\/schema\/logo\/image\/"},"sameAs":["https:\/\/www.facebook.com\/abd.ong","https:\/\/x.com\/abd_ong","https:\/\/www.instagram.com\/abd_ong\/","https:\/\/www.linkedin.com\/company\/abdong","https:\/\/www.youtube.com\/user\/CANALABD"]},{"@type":"Person","@id":"https:\/\/abd.ong\/ca\/#\/schema\/person\/6bb74ed13fc8bdf3a5382c66db14c9ee","name":"Francesc Balart"}]}},"_links":{"self":[{"href":"https:\/\/abd.ong\/ca\/wp-json\/wp\/v2\/posts\/163813","targetHints":{"allow":["GET"]}}],"collection":[{"href":"https:\/\/abd.ong\/ca\/wp-json\/wp\/v2\/posts"}],"about":[{"href":"https:\/\/abd.ong\/ca\/wp-json\/wp\/v2\/types\/post"}],"author":[{"embeddable":true,"href":"https:\/\/abd.ong\/ca\/wp-json\/wp\/v2\/users\/12"}],"replies":[{"embeddable":true,"href":"https:\/\/abd.ong\/ca\/wp-json\/wp\/v2\/comments?post=163813"}],"version-history":[{"count":3,"href":"https:\/\/abd.ong\/ca\/wp-json\/wp\/v2\/posts\/163813\/revisions"}],"predecessor-version":[{"id":164264,"href":"https:\/\/abd.ong\/ca\/wp-json\/wp\/v2\/posts\/163813\/revisions\/164264"}],"wp:featuredmedia":[{"embeddable":true,"href":"https:\/\/abd.ong\/ca\/wp-json\/wp\/v2\/media\/163789"}],"wp:attachment":[{"href":"https:\/\/abd.ong\/ca\/wp-json\/wp\/v2\/media?parent=163813"}],"wp:term":[{"taxonomy":"category","embeddable":true,"href":"https:\/\/abd.ong\/ca\/wp-json\/wp\/v2\/categories?post=163813"},{"taxonomy":"post_tag","embeddable":true,"href":"https:\/\/abd.ong\/ca\/wp-json\/wp\/v2\/tags?post=163813"}],"curies":[{"name":"wp","href":"https:\/\/api.w.org\/{rel}","templated":true}]}}