{"id":163799,"date":"2024-10-29T11:44:03","date_gmt":"2024-10-29T10:44:03","guid":{"rendered":"https:\/\/abd.ong\/?p=163799"},"modified":"2024-10-29T11:59:26","modified_gmt":"2024-10-29T10:59:26","slug":"abd-als-mitjans-de-comunicacio-a-loctubre-4","status":"publish","type":"post","link":"https:\/\/abd.ong\/ca\/general-ca\/abd-als-mitjans-de-comunicacio-a-loctubre-4\/","title":{"rendered":"ABD als mitjans de comunicaci\u00f3 a l&#8217;octubre"},"content":{"rendered":"\n<p>El <a href=\"https:\/\/abd.ong\/ca\/\" target=\"_blank\" rel=\"noopener\"><strong>Grup\u00a0<span class=\"hiddenSpellError\">ABD<\/span><\/strong><\/a> ha estat present als mitjans de comunicaci\u00f3 durant aquest mes d&#8217;octubre. A continuaci\u00f3, el resum de premsa de les not\u00edcies, articles i reportatges en qu\u00e8 hem participat com a organitzaci\u00f3.<\/p>\n\n<div style=\"height:100px\" aria-hidden=\"true\" class=\"wp-block-spacer\"><\/div>\n\n<p><strong>01\/10\/2024<\/strong> <strong>&#8211; VilaWeb<\/strong><\/p>\n\n<p>La subst\u00e0ncia sol consumir-se de nit, en espais de lleure, i la barreja amb l&#8217;alcohol fa que hi hagi una sensaci\u00f3 total d&#8217;inhibici\u00f3. &#8220;Puja i baixa molt r\u00e0pidament, en q\u00fcesti\u00f3 de segons, com si no hagu\u00e9s passat res. Aix\u00f2 et dona una falsa seguretat, perqu\u00e8 penses que no et passar\u00e0 res. Aquest \u00e9s el principal problema&#8221;, explica la farmac\u00e8utica <strong>Mireia Ventura<\/strong>, coordinadora del servei d&#8217;an\u00e0lisi de subst\u00e0ncies <strong>d&#8217;Energy Control.<\/strong><\/p>\n\n<p><a href=\"https:\/\/www.elconfidencial.com\/tecnologia\/2024-09-01\/esnifar-cafeina-polvo-raya-energy-sniff-energizante-drogas_3952535\/\" target=\"_blank\" rel=\"noreferrer noopener\">Els joves han comen\u00e7at a esnifar cafe\u00efna i \u00e9s un perill: &#8220;\u00c9s com una ratlla, per\u00f2 legal&#8221;<\/a><\/p>\n\n<div style=\"height:25px\" aria-hidden=\"true\" class=\"wp-block-spacer\"><\/div>\n\n<p><strong>02\/10\/2024 &#8211; Geriatricarea<\/strong><\/p>\n\n<p><strong><span class=\"hiddenGreenError\">ATENEA<\/span><\/strong>\u00a0\u00e9s un servei orientat a reduir la bretxa digital, fomentant la inclusi\u00f3, el benestar, la salut i en definitiva la qualitat de vida de les persones en situaci\u00f3 de vulnerabilitat a trav\u00e9s de la implementaci\u00f3 de solucions tecnol\u00f2giques avan\u00e7ades en l&#8217;\u00e0mbit dels serveis socials<span class=\"hiddenGrammarError\">\u00a0.<\/span>\u00a0Un dels<strong> col\u00b7lectius prioritaris<\/strong> per a aquest projecte s\u00f3n les persones grans i les persones en situaci\u00f3 de depend\u00e8ncia i discapacitat.<\/p>\n\n<p><a href=\"https:\/\/www.geriatricarea.com\/2024\/10\/02\/el-proyecto-atenea-avanza-en-la-transformacion-digital-y-tecnologica-de-los-servicios-sociales\/\" target=\"_blank\" rel=\"noreferrer noopener\">El projecte ATENEA avan\u00e7a en la transformaci\u00f3 digital i tecnol\u00f2gica dels serveis socials<\/a><\/p>\n\n<div style=\"height:25px\" aria-hidden=\"true\" class=\"wp-block-spacer\"><\/div>\n\n<p><strong>02\/10\/2024<\/strong> <strong>&#8211; La Vanguardia<\/strong><\/p>\n\n<p>El Govern ha inaugurat aquest dimarts al Prat de Llobregat (Barcelona) el catorz\u00e8\u00a0<strong><span class=\"hiddenSpellError\">Barnahus<\/span><\/strong>, els centres d&#8217;atenci\u00f3 integral a menors v\u00edctimes de viol\u00e8ncia sexual, gestionat pel <strong>Grup\u00a0<span class=\"hiddenSpellError\">ABD<\/span><\/strong>, amb qu\u00e8 culmina el desplegament d&#8217;aquests equipaments pioners al territori catal\u00e0.<\/p>\n\n<p><a href=\"https:\/\/www.lavanguardia.com\/vida\/20241002\/9990406\/govern-culmina-despliegue-centros-menores-victimas-violencia-sexual-agenciaslv20241002.html\" target=\"_blank\" rel=\"noreferrer noopener\">El Govern culmina el desplegament dels centres per a menors v\u00edctimes de viol\u00e8ncia sexual<\/a><\/p>\n\n<div style=\"height:25px\" aria-hidden=\"true\" class=\"wp-block-spacer\"><\/div>\n\n<p><strong>02\/10\/2024<\/strong> <strong>&#8211; El Peri\u00f3dico<\/strong><\/p>\n\n<p><strong>Mart\u00ednez Bravo<\/strong> ha\u00a0valorat\u00a0el desplegament de la xarxa de\u00a0<span class=\"hiddenSpellError\">Barnahus<\/span>\u00a0i ha explicat que, nom\u00e9s aquest any 2024, les tretze cases de les nenes i els nens que ja estan en funcionament <strong>han at\u00e8s 1.715 casos<\/strong> de nens i adolescents v\u00edctimes de viol\u00e8ncia sexual.<\/p>\n\n<p><a href=\"https:\/\/www.elperiodico.com\/es\/sociedad\/20241002\/cifras-despliegue-centros-barnahus-catalunya-el-prat-108841009\" target=\"_blank\" rel=\"noreferrer noopener\">Els centres Barnahus de Catalunya han at\u00e8s 1.715 menors v\u00edctimes de viol\u00e8ncia sexual<\/a><\/p>\n\n<div style=\"height:25px\" aria-hidden=\"true\" class=\"wp-block-spacer\"><\/div>\n\n<p><strong>02\/10\/2024<\/strong> <strong>&#8211; La Ciutat<\/strong><\/p>\n\n<p>La consellera de Drets Socials i Inclusi\u00f3, <strong>M\u00f2nica Mart\u00ednez Bravo<\/strong>, i el conseller de Just\u00edcia i Qualitat Democr\u00e0tica, <strong>Ramon Ribagor\u00e7ana<\/strong>, han inaugurat aquest mat\u00ed la\u00a0<strong><span class=\"hiddenSpellError\">Barnahus<\/span><\/strong>, la casa de les noies i els nens, del Prat de Llobregat. \u00c9s la 14a casa d&#8217;aquestes caracter\u00edstiques que s&#8217;engega i donar\u00e0 servei a la comarca del Baix Llobregat i l&#8217;Hospitalet de Llobregat.<\/p>\n\n<p><a href=\"https:\/\/laciutat.cat\/es\/la-ciudad-de-barcelona\/apertura-barnahus-prat-despliegue-servicio-d\" target=\"_blank\" rel=\"noreferrer noopener\">L&#8217;obertura de la Barnahus del Prat culmina el desplegament d&#8217;aquest servei pioner<\/a><\/p>\n\n<div style=\"height:25px\" aria-hidden=\"true\" class=\"wp-block-spacer\"><\/div>\n\n<p><strong>06\/10\/2024<\/strong> <strong>&#8211; RadioMalva<\/strong><\/p>\n\n<p>Avui tenim un episodi molt interessant. Abordarem el consum de subst\u00e0ncies psicoactives per plaer. Els seus riscos i consum segur. Per aix\u00f2 xerrem amb\u00a0<strong><span class=\"hiddenSpellError\">Claudio<\/span>\u00a0Vidal<\/strong> director <strong>d&#8217;Energy Control<\/strong>.<\/p>\n\n<p><a href=\"https:\/\/radiomalva.org\/2024\/10\/06\/bpm-episodio-22-especial-energy-control\/\" target=\"_blank\" rel=\"noreferrer noopener\">BPM Episodio 22 Especial ENERGY CONTROL<\/a><\/p>\n\n<div style=\"height:25px\" aria-hidden=\"true\" class=\"wp-block-spacer\"><\/div>\n\n<p><strong>08\/10\/2024<\/strong> <strong>&#8211; Tecnonews<\/strong><\/p>\n\n<p><strong>Pilar Rodr\u00edguez<\/strong>, <strong>Adjunta a Ger\u00e8ncia d&#8217;<span class=\"hiddenSpellError\">ABD<\/span>\u00a0Associaci\u00f3 Benestar i Desenvolupament<\/strong>, diu: &#8220;Treballem amb il\u00b7lusi\u00f3 per un present i un futur inclusiu per a la gent gran, que per tenir bretxa digital no han de sentir-se excloses de la societat.&#8221;<\/p>\n\n<p><a href=\"https:\/\/www.tecnonews.info\/noticias\/quince_ayuntamientos_catalanes_se_incorporan_al_proyecto_atenea_inteli\" target=\"_blank\" rel=\"noreferrer noopener\">Quinze ajuntaments catalans incorporen ATENEA d&#8217;intel\u00b7lig\u00e8ncia artificial<\/a><\/p>\n\n<div style=\"height:25px\" aria-hidden=\"true\" class=\"wp-block-spacer\"><\/div>\n\n<p><strong>15\/10\/2024<\/strong> <strong>&#8211; Xarxanet<\/strong><\/p>\n\n<p><strong>La Botiga<\/strong>, el projecte d&#8217;innovaci\u00f3 social i comunit\u00e0ria dissenyat per assegurar el dret fonamental a una alimentaci\u00f3 saludable i sostenible, celebra els tres anys de la posada en marxa amb una jornada especial en qu\u00e8 es presentaran els aven\u00e7os aconseguits fins ara, les evid\u00e8ncies que els han guiat i els canvis de futur. <em>L&#8217;esdeveniment se celebrar\u00e0 el pr\u00f2xim 24 d&#8217;octubre a partir de les\u00a0<span class=\"hiddenGrammarError\">9h<\/span>\u00a0al Centre de Cultura de les Dones Francesca Bonnemaison &#8211; Espai Francesca Bonnemaison.<\/em><\/p>\n\n<p><a href=\"https:\/\/xarxanet.org\/social\/noticies\/la-botiga-presentacio-del-model-dinnovacio-la-transformacio-dels-serveis-de-distribucio-gratuita\" target=\"_blank\" rel=\"noreferrer noopener\">La Botiga. Presentaci\u00f3 del model d&#8217;innovaci\u00f3 per a la transformaci\u00f3 dels serveis de distribuci\u00f3 gratu\u00efta d&#8217;aliments<\/a><\/p>\n\n<div style=\"height:25px\" aria-hidden=\"true\" class=\"wp-block-spacer\"><\/div>\n\n<p><strong>15\/10\/2024<\/strong> <strong>&#8211; Metadata<\/strong><\/p>\n\n<p>Actualment, hi ha adherits 15 municipis amb 500 llars a tot el territori en aquesta fase pilot en qu\u00e8 es troba.<em> &#8220;Hem buscat diversitat perqu\u00e8 la solitud no \u00e9s igual en una ciutat de molta poblaci\u00f3 que en un entorn rural&#8221;<\/em>, comenta, <em>&#8220;la diversitat ens aporta coneixement al pilot per presentar al final una soluci\u00f3 que pugui ajudar qualsevol persona&#8221;<\/em> comenta <strong>Albert Isern<\/strong>,\u00a0<strong>CEO de\u00a0<span class=\"hiddenSpellError\">Momentum<\/span>\u00a0Analytics.<\/strong><\/p>\n\n<p><a href=\"https:\/\/www.metadata.cat\/reportatge\/5007\/atenea-tauleta-soledat-no-desitjada-intelligencia-artificial\" target=\"_blank\" rel=\"noreferrer noopener\">Atenea, la tauleta contra la solitud no desitjada<\/a><\/p>\n\n<div style=\"height:25px\" aria-hidden=\"true\" class=\"wp-block-spacer\"><\/div>\n\n<p><strong>17\/10\/2024<\/strong> <strong>&#8211; Catalunya R\u00e0dio<\/strong><\/p>\n\n<p>Alerta a Catalunya per les hospitalitzacions despr\u00e9s elevats consums d&#8217;un derivat del c\u00e0nnabis en forma de llaminadures. Ens ho explica <strong>Mireia Ventura<\/strong>, coordinadora del servei d&#8217;an\u00e0lisi <strong>d&#8217;Energy Control<\/strong> del <strong>Grup\u00a0<span class=\"hiddenSpellError\">ABD<\/span><\/strong>, a la #<em>TardaCatR\u00e0dio<\/em><\/p>\n\n<p><a href=\"https:\/\/x.com\/catalunyaradio\/status\/1846964382556991936?s=48\" target=\"_blank\" rel=\"noreferrer noopener\">Alerta a Catalunya per les hospitalitzacions despr\u00e9s elevats consums d&#8217;un derivat del c\u00e0nnabis en forma de llaminadures<\/a><\/p>\n\n<div style=\"height:25px\" aria-hidden=\"true\" class=\"wp-block-spacer\"><\/div>\n\n<p><strong>17\/10\/2024<\/strong> <strong>&#8211; 3cat<\/strong><\/p>\n\n<p>Entrevista<strong> Mireia Ventura,<\/strong> la coordinadora del servei d&#8217;an\u00e0lisi<strong> d&#8217;Energy Control,<\/strong> del <strong>Grup\u00a0<span class=\"hiddenSpellError\">ABD<\/span><\/strong>, parla sobre <em>&#8220;les llaminadures amb c\u00e0nnabis&#8221;<\/em> a <strong>La Tarda de Catalunya R\u00e0dio<\/strong>, escolta la seva intervenci\u00f3 a partir del minut 15.<\/p>\n\n<p><a href=\"https:\/\/www.3cat.cat\/3cat\/la-tarda-de-catalunya-radio-de-16-a-17-h-17102024\/audio\/1221607\/\" target=\"_blank\" rel=\"noreferrer noopener\">Entrevista Mireia Ventura llaminadures amb c\u00e0nnabis<\/a><\/p>\n\n<div style=\"height:25px\" aria-hidden=\"true\" class=\"wp-block-spacer\"><\/div>\n\n<p><strong>17\/10\/2024<\/strong> <strong>&#8211; RTVE<\/strong><\/p>\n\n<p>Entrevista <strong>Mireia Ventura<\/strong>, la coordinadora del servei d&#8217;an\u00e0lisi d&#8217;Energy Control, del Grup\u00a0<span class=\"hiddenSpellError\">ABD<\/span>, parla sobre <strong>&#8220;les llaminadures amb c\u00e0nnabis&#8221;<\/strong> a<strong> RTVE<\/strong>, escolta la seva intervenci\u00f3 a partir del minut 49.<\/p>\n\n<p><a href=\"https:\/\/www.rtve.es\/play\/videos\/laltaveu\/sequera-marihuana-menopausa\/16292461\/\" target=\"_blank\" rel=\"noreferrer noopener\">Entrevista Mireia Ventura golosinas con cannabis<\/a><\/p>\n\n<div style=\"height:25px\" aria-hidden=\"true\" class=\"wp-block-spacer\"><\/div>\n\n<p><strong>18\/10\/2024<\/strong> <strong>&#8211; L&#8217;Ajuntament del Prat de Llobregat<\/strong><\/p>\n\n<p><strong>La Botiga<\/strong>, el projecte de garantia aliment\u00e0ria, apoderament comunitari i sostenibilitat, celebra el tercer aniversari amb dues jornades per donar a con\u00e8ixer el seu innovador model de garantia aliment\u00e0ria.<\/p>\n\n<p><a href=\"https:\/\/www.elprat.cat\/actualitat\/noticies\/la-botiga-celebra-el-seu-tercer-aniversari-amb-dues-jornades-donar-coneixer-el\" target=\"_blank\" rel=\"noreferrer noopener\">La Botiga celebra el tercer aniversari amb dues jornades per donar a con\u00e8ixer el seu innovador model de garantia aliment\u00e0ria<\/a><\/p>\n\n<div style=\"height:25px\" aria-hidden=\"true\" class=\"wp-block-spacer\"><\/div>\n\n<p><strong>21\/10\/2024<\/strong> <strong>&#8211; El Peri\u00f3dico<\/strong><\/p>\n\n<p>L&#8217;any passat 2023,<strong><em> 35.902 persones<\/em><\/strong> van ser ateses als punts d&#8217;assessorament energ\u00e8tic <strong>(<span class=\"hiddenSpellError\">PAE<\/span>)<\/strong> del servei municipal de detecci\u00f3 i reducci\u00f3 de la pobresa energ\u00e8tica i la millora de l&#8217;efici\u00e8ncia de les llars de les persones vulnerables, la xifra m\u00e9s alta des de la seva fundaci\u00f3 el 2016.<\/p>\n\n<p><a href=\"https:\/\/www.elperiodico.com\/es\/mas-barcelona\/20241021\/puntos-asesoramiento-energetico-registraron-maximos-109972005\" target=\"_blank\" rel=\"noreferrer noopener\">Els punts d&#8217;assessorament energ\u00e8tic van registrar m\u00e0xims hist\u00f2rics d&#8217;atenci\u00f3 durant el 2023<\/a><\/p>\n\n<div style=\"height:25px\" aria-hidden=\"true\" class=\"wp-block-spacer\"><\/div>\n\n<p><strong>22\/10\/2024<\/strong> <strong>&#8211; Social.cat<\/strong><\/p>\n\n<p>El <em>2023<\/em>, el <strong>Servei d&#8217;Atenci\u00f3 a Immigrants, Emigrants i Refugiats (SAIER)<\/strong> va atendre 19.509 persones, un 70% d&#8217;aquestes arribades a Barcelona feia menys de tres anys. Un 55% de les persones ateses estava en situaci\u00f3 irregular i el 30% eren sol\u00b7licitants de protecci\u00f3 internacional. Del total de persones ateses, 3.708 estaven en situaci\u00f3 de sensellarisme.<\/p>\n\n<p><a href=\"https:\/\/www.social.cat\/noticia\/21949\/19-persones-ateses-saier-any-2023-trobava-situacio-sensellarisme\" target=\"_blank\" rel=\"noreferrer noopener\">El 19% de les persones ateses pel SAIER el 2023 es trobava en situaci\u00f3 de sensellarisme<\/a><\/p>\n\n<div style=\"height:25px\" aria-hidden=\"true\" class=\"wp-block-spacer\"><\/div>\n\n<p><strong>23\/10\/2024<\/strong> <strong>&#8211; RTVE<\/strong><\/p>\n\n<p>Parlem amb la <strong>Mireia Ventura<\/strong>, coordinadora dels serveis d&#8217;an\u00e0lisi <strong>d&#8217;Energy Control<\/strong>, <em>perqu\u00e8 ens ajudi a entendre millor les noves tend\u00e8ncies de consum de drogues.<\/em><\/p>\n\n<p><a href=\"https:\/\/www.rtve.es\/play\/audios\/lentrellat\/lentrellat-naturalitzacio-del-consum-cannabis-ens-protegit-dels-cannabinoides-sintetics\/16299944\/\" target=\"_blank\" rel=\"noreferrer noopener\">La naturalitzaci\u00f3 del consum de c\u00e0nnabis ens ha protegit dels cannabinoides sint\u00e8tics<\/a><\/p>\n\n<div style=\"height:25px\" aria-hidden=\"true\" class=\"wp-block-spacer\"><\/div>\n\n<p><strong>26\/10\/2024<\/strong> <strong>&#8211; IM M\u00e9dico<\/strong><\/p>\n\n<p><strong>Perspectiva com a subst\u00e0ncies d&#8217;ab\u00fas, hi ha raons per preocupar-se?\u00a0<span class=\"hiddenSpellError\">Claudio<\/span>\u00a0Vidal\u00a0<span class=\"hiddenSpellError\">Gin\u00e9<\/span>,<\/strong> director <strong>d&#8217;Energy Control<\/strong> a<strong> ABD Associaci\u00f3 Benestar i Desenvolupament<\/strong>,<em> de la Universitat de M\u00e0laga,<\/em> va assenyalar que<em> &#8220;hi ha raons per preocupar-se&#8221;<\/em>. Va fer refer\u00e8ncia als mercats de drogues, d&#8217;aquestes subst\u00e0ncies i les derivades.<em> &#8220;Estem parlant de mercats il\u00b7l\u00edcits, per\u00f2 que moltes vegades estan sotmeses a les mateixes regles de joc d&#8217;oferta i demanda dels productes que s&#8217;hi comercialitzen&#8221;,<\/em> va afirmar. Hi ha un fenomen de les nostres subst\u00e0ncies psicoactives (<span class=\"hiddenSpellError\">NPS<\/span>), que imiten els efectes de subst\u00e0ncies ja conegudes, per\u00f2 no estan incloses en les llistes de criminalitzaci\u00f3 internacional.<\/p>\n\n<p><a href=\"https:\/\/www.immedicohospitalario.es\/noticia\/48292\/congreso-semi-hay-razones-para-preocuparse-del-abuso-de-benzodiacepin.html\" target=\"_blank\" rel=\"noreferrer noopener\">Congr\u00e9s SEMI: Hi ha raons per preocupar-se de l&#8217;ab\u00fas de benzodiazepines i c\u00e0nnabis<\/a><\/p>\n\n<div style=\"height:25px\" aria-hidden=\"true\" class=\"wp-block-spacer\"><\/div>\n\n<p><strong>28\/10\/2024<\/strong> <strong>&#8211; Social.cat<\/strong><\/p>\n\n<p>Una altra de les q\u00fcestions que es va posar sobre la taula \u00e9s quin ha de ser el paper de les persones destinat\u00e0ries d\u2019aquestes solucions tecnol\u00f2giques. En aquest sentit, <strong>Pilar Rodr\u00edguez,<\/strong> directora de la unitat operativa sociosanit\u00e0ria i adjunta a direcci\u00f3 del<strong> grup ABD,<\/strong> va incidir en el fet que al sector social \u00e9s molt important posar el focus en la cocreaci\u00f3 d\u2019aquestes noves tecnologies adre\u00e7ades a l\u2019atenci\u00f3 a les persones, i que siguin de fet les pr\u00f2pies benefici\u00e0ries les que participin de tot el proc\u00e9s i de les millores que s\u2019han d\u2019anar plantejant<em>. \u201cAtenea \u00e9s un dispositiu que neix de la necessitat de les persones i que s\u2019ha creat amb la participaci\u00f3 de les persones grans i en situaci\u00f3 de depend\u00e8ncia\u201d,<\/em> va destacar Rodr\u00edguez.<\/p>\n\n<p><a href=\"https:\/\/www.social.cat\/noticia\/21977\/noves-tecnologies-aplicades-sector-social-centren-sociallab\" target=\"_blank\" rel=\"noreferrer noopener\">Les noves tecnologies aplicades al sector social centren el SocialLab<\/a><\/p>\n\n<p><\/p>\n\n<p><\/p>\n","protected":false},"excerpt":{"rendered":"<p>El Grup\u00a0ABD ha estat present als mitjans de comunicaci\u00f3 durant aquest mes d&#8217;octubre. A continuaci\u00f3, el resum de premsa de les not\u00edcies, articles i reportatges en qu\u00e8 hem participat com&hellip;<\/p>\n","protected":false},"author":12,"featured_media":156710,"comment_status":"closed","ping_status":"closed","sticky":false,"template":"","format":"standard","meta":{"_acf_changed":false,"footnotes":""},"categories":[66],"tags":[1897,675,2928,2299,2300],"class_list":["post-163799","post","type-post","status-publish","format-standard","has-post-thumbnail","hentry","category-general-ca","tag-abd-2-ca","tag-asociacion-bienestar-y-desarrollo-ca","tag-associacio-benestar-i-desenvolupament-ca-2","tag-mitjans-de-comunicacio-ca","tag-noticies-ca"],"acf":[],"yoast_head":"<!-- This site is optimized with the Yoast SEO plugin v27.4 - https:\/\/yoast.com\/product\/yoast-seo-wordpress\/ -->\n<title>ABD als mitjans de comunicaci\u00f3 a l&#039;octubre - ABD<\/title>\n<meta name=\"description\" content=\"El Grup\u00a0ABD ha estat present als mitjans de comunicaci\u00f3 durant aquest mes d&#039;octubre. A continuaci\u00f3, el resum de premsa de les not\u00edcies, articles i\" \/>\n<meta name=\"robots\" content=\"index, follow, max-snippet:-1, max-image-preview:large, max-video-preview:-1\" \/>\n<link rel=\"canonical\" href=\"https:\/\/abd.ong\/ca\/general-ca\/abd-als-mitjans-de-comunicacio-a-loctubre-4\/\" \/>\n<meta property=\"og:locale\" content=\"ca_ES\" \/>\n<meta property=\"og:type\" content=\"article\" \/>\n<meta property=\"og:title\" content=\"ABD als mitjans de comunicaci\u00f3 a l&#039;octubre - ABD\" \/>\n<meta property=\"og:description\" content=\"El Grup\u00a0ABD ha estat present als mitjans de comunicaci\u00f3 durant aquest mes d&#039;octubre. A continuaci\u00f3, el resum de premsa de les not\u00edcies, articles i\" \/>\n<meta property=\"og:url\" content=\"https:\/\/abd.ong\/ca\/general-ca\/abd-als-mitjans-de-comunicacio-a-loctubre-4\/\" \/>\n<meta property=\"og:site_name\" content=\"ABD\" \/>\n<meta property=\"article:publisher\" content=\"https:\/\/www.facebook.com\/abd.ong\" \/>\n<meta property=\"article:published_time\" content=\"2024-10-29T10:44:03+00:00\" \/>\n<meta property=\"article:modified_time\" content=\"2024-10-29T10:59:26+00:00\" \/>\n<meta property=\"og:image\" content=\"https:\/\/abd.ong\/wp-content\/uploads\/2023\/12\/GRUP-ABD-2023-FESTA-TIO-1024x576.png\" \/>\n\t<meta property=\"og:image:width\" content=\"1024\" \/>\n\t<meta property=\"og:image:height\" content=\"576\" \/>\n\t<meta property=\"og:image:type\" content=\"image\/png\" \/>\n<meta name=\"author\" content=\"Francesc Balart\" \/>\n<meta name=\"twitter:card\" content=\"summary_large_image\" \/>\n<meta name=\"twitter:creator\" content=\"@abd_ong\" \/>\n<meta name=\"twitter:site\" content=\"@abd_ong\" \/>\n<meta name=\"twitter:label1\" content=\"Escrit per\" \/>\n\t<meta name=\"twitter:data1\" content=\"Francesc Balart\" \/>\n\t<meta name=\"twitter:label2\" content=\"Temps estimat de lectura\" \/>\n\t<meta name=\"twitter:data2\" content=\"8 minuts\" \/>\n<script type=\"application\/ld+json\" class=\"yoast-schema-graph\">{\"@context\":\"https:\\\/\\\/schema.org\",\"@graph\":[{\"@type\":\"Article\",\"@id\":\"https:\\\/\\\/abd.ong\\\/ca\\\/general-ca\\\/abd-als-mitjans-de-comunicacio-a-loctubre-4\\\/#article\",\"isPartOf\":{\"@id\":\"https:\\\/\\\/abd.ong\\\/ca\\\/general-ca\\\/abd-als-mitjans-de-comunicacio-a-loctubre-4\\\/\"},\"author\":{\"name\":\"Francesc Balart\",\"@id\":\"https:\\\/\\\/abd.ong\\\/ca\\\/#\\\/schema\\\/person\\\/6bb74ed13fc8bdf3a5382c66db14c9ee\"},\"headline\":\"ABD als mitjans de comunicaci\u00f3 a l&#8217;octubre\",\"datePublished\":\"2024-10-29T10:44:03+00:00\",\"dateModified\":\"2024-10-29T10:59:26+00:00\",\"mainEntityOfPage\":{\"@id\":\"https:\\\/\\\/abd.ong\\\/ca\\\/general-ca\\\/abd-als-mitjans-de-comunicacio-a-loctubre-4\\\/\"},\"wordCount\":1411,\"publisher\":{\"@id\":\"https:\\\/\\\/abd.ong\\\/ca\\\/#organization\"},\"image\":{\"@id\":\"https:\\\/\\\/abd.ong\\\/ca\\\/general-ca\\\/abd-als-mitjans-de-comunicacio-a-loctubre-4\\\/#primaryimage\"},\"thumbnailUrl\":\"https:\\\/\\\/abd.ong\\\/wp-content\\\/uploads\\\/2023\\\/12\\\/GRUP-ABD-2023-FESTA-TIO.png\",\"keywords\":[\"ABD\",\"Asociaci\u00f3n Bienestar y Desarrollo\",\"Associaci\u00f3 Benestar i Desenvolupament\",\"Mitjans de comunicaci\u00f3\",\"not\u00edcies\"],\"articleSection\":[\"General\"],\"inLanguage\":\"ca\"},{\"@type\":\"WebPage\",\"@id\":\"https:\\\/\\\/abd.ong\\\/ca\\\/general-ca\\\/abd-als-mitjans-de-comunicacio-a-loctubre-4\\\/\",\"url\":\"https:\\\/\\\/abd.ong\\\/ca\\\/general-ca\\\/abd-als-mitjans-de-comunicacio-a-loctubre-4\\\/\",\"name\":\"ABD als mitjans de comunicaci\u00f3 a l'octubre - ABD\",\"isPartOf\":{\"@id\":\"https:\\\/\\\/abd.ong\\\/ca\\\/#website\"},\"primaryImageOfPage\":{\"@id\":\"https:\\\/\\\/abd.ong\\\/ca\\\/general-ca\\\/abd-als-mitjans-de-comunicacio-a-loctubre-4\\\/#primaryimage\"},\"image\":{\"@id\":\"https:\\\/\\\/abd.ong\\\/ca\\\/general-ca\\\/abd-als-mitjans-de-comunicacio-a-loctubre-4\\\/#primaryimage\"},\"thumbnailUrl\":\"https:\\\/\\\/abd.ong\\\/wp-content\\\/uploads\\\/2023\\\/12\\\/GRUP-ABD-2023-FESTA-TIO.png\",\"datePublished\":\"2024-10-29T10:44:03+00:00\",\"dateModified\":\"2024-10-29T10:59:26+00:00\",\"description\":\"El Grup\u00a0ABD ha estat present als mitjans de comunicaci\u00f3 durant aquest mes d'octubre. A continuaci\u00f3, el resum de premsa de les not\u00edcies, articles i\",\"breadcrumb\":{\"@id\":\"https:\\\/\\\/abd.ong\\\/ca\\\/general-ca\\\/abd-als-mitjans-de-comunicacio-a-loctubre-4\\\/#breadcrumb\"},\"inLanguage\":\"ca\",\"potentialAction\":[{\"@type\":\"ReadAction\",\"target\":[\"https:\\\/\\\/abd.ong\\\/ca\\\/general-ca\\\/abd-als-mitjans-de-comunicacio-a-loctubre-4\\\/\"]}]},{\"@type\":\"ImageObject\",\"inLanguage\":\"ca\",\"@id\":\"https:\\\/\\\/abd.ong\\\/ca\\\/general-ca\\\/abd-als-mitjans-de-comunicacio-a-loctubre-4\\\/#primaryimage\",\"url\":\"https:\\\/\\\/abd.ong\\\/wp-content\\\/uploads\\\/2023\\\/12\\\/GRUP-ABD-2023-FESTA-TIO.png\",\"contentUrl\":\"https:\\\/\\\/abd.ong\\\/wp-content\\\/uploads\\\/2023\\\/12\\\/GRUP-ABD-2023-FESTA-TIO.png\",\"width\":2048,\"height\":1152},{\"@type\":\"BreadcrumbList\",\"@id\":\"https:\\\/\\\/abd.ong\\\/ca\\\/general-ca\\\/abd-als-mitjans-de-comunicacio-a-loctubre-4\\\/#breadcrumb\",\"itemListElement\":[{\"@type\":\"ListItem\",\"position\":1,\"name\":\"Inici\",\"item\":\"https:\\\/\\\/abd.ong\\\/ca\\\/\"},{\"@type\":\"ListItem\",\"position\":2,\"name\":\"ABD als mitjans de comunicaci\u00f3 a l&#8217;octubre\"}]},{\"@type\":\"WebSite\",\"@id\":\"https:\\\/\\\/abd.ong\\\/ca\\\/#website\",\"url\":\"https:\\\/\\\/abd.ong\\\/ca\\\/\",\"name\":\"ABD\",\"description\":\"Asociaci\u00f3n Bienestar y Desarrollo\",\"publisher\":{\"@id\":\"https:\\\/\\\/abd.ong\\\/ca\\\/#organization\"},\"potentialAction\":[{\"@type\":\"SearchAction\",\"target\":{\"@type\":\"EntryPoint\",\"urlTemplate\":\"https:\\\/\\\/abd.ong\\\/ca\\\/?s={search_term_string}\"},\"query-input\":{\"@type\":\"PropertyValueSpecification\",\"valueRequired\":true,\"valueName\":\"search_term_string\"}}],\"inLanguage\":\"ca\"},{\"@type\":\"Organization\",\"@id\":\"https:\\\/\\\/abd.ong\\\/ca\\\/#organization\",\"name\":\"Associaci\u00f3 Benestar i Desenvolupament\",\"alternateName\":\"ABD\",\"url\":\"https:\\\/\\\/abd.ong\\\/ca\\\/\",\"logo\":{\"@type\":\"ImageObject\",\"inLanguage\":\"ca\",\"@id\":\"https:\\\/\\\/abd.ong\\\/ca\\\/#\\\/schema\\\/logo\\\/image\\\/\",\"url\":\"https:\\\/\\\/abd.ong\\\/wp-content\\\/uploads\\\/2023\\\/01\\\/Icona.png\",\"contentUrl\":\"https:\\\/\\\/abd.ong\\\/wp-content\\\/uploads\\\/2023\\\/01\\\/Icona.png\",\"width\":190,\"height\":187,\"caption\":\"Associaci\u00f3 Benestar i Desenvolupament\"},\"image\":{\"@id\":\"https:\\\/\\\/abd.ong\\\/ca\\\/#\\\/schema\\\/logo\\\/image\\\/\"},\"sameAs\":[\"https:\\\/\\\/www.facebook.com\\\/abd.ong\",\"https:\\\/\\\/x.com\\\/abd_ong\",\"https:\\\/\\\/www.instagram.com\\\/abd_ong\\\/\",\"https:\\\/\\\/www.linkedin.com\\\/company\\\/abdong\",\"https:\\\/\\\/www.youtube.com\\\/user\\\/CANALABD\"]},{\"@type\":\"Person\",\"@id\":\"https:\\\/\\\/abd.ong\\\/ca\\\/#\\\/schema\\\/person\\\/6bb74ed13fc8bdf3a5382c66db14c9ee\",\"name\":\"Francesc Balart\"}]}<\/script>\n<!-- \/ Yoast SEO plugin. -->","yoast_head_json":{"title":"ABD als mitjans de comunicaci\u00f3 a l'octubre - ABD","description":"El Grup\u00a0ABD ha estat present als mitjans de comunicaci\u00f3 durant aquest mes d'octubre. A continuaci\u00f3, el resum de premsa de les not\u00edcies, articles i","robots":{"index":"index","follow":"follow","max-snippet":"max-snippet:-1","max-image-preview":"max-image-preview:large","max-video-preview":"max-video-preview:-1"},"canonical":"https:\/\/abd.ong\/ca\/general-ca\/abd-als-mitjans-de-comunicacio-a-loctubre-4\/","og_locale":"ca_ES","og_type":"article","og_title":"ABD als mitjans de comunicaci\u00f3 a l'octubre - ABD","og_description":"El Grup\u00a0ABD ha estat present als mitjans de comunicaci\u00f3 durant aquest mes d'octubre. A continuaci\u00f3, el resum de premsa de les not\u00edcies, articles i","og_url":"https:\/\/abd.ong\/ca\/general-ca\/abd-als-mitjans-de-comunicacio-a-loctubre-4\/","og_site_name":"ABD","article_publisher":"https:\/\/www.facebook.com\/abd.ong","article_published_time":"2024-10-29T10:44:03+00:00","article_modified_time":"2024-10-29T10:59:26+00:00","og_image":[{"width":1024,"height":576,"url":"https:\/\/abd.ong\/wp-content\/uploads\/2023\/12\/GRUP-ABD-2023-FESTA-TIO-1024x576.png","type":"image\/png"}],"author":"Francesc Balart","twitter_card":"summary_large_image","twitter_creator":"@abd_ong","twitter_site":"@abd_ong","twitter_misc":{"Escrit per":"Francesc Balart","Temps estimat de lectura":"8 minuts"},"schema":{"@context":"https:\/\/schema.org","@graph":[{"@type":"Article","@id":"https:\/\/abd.ong\/ca\/general-ca\/abd-als-mitjans-de-comunicacio-a-loctubre-4\/#article","isPartOf":{"@id":"https:\/\/abd.ong\/ca\/general-ca\/abd-als-mitjans-de-comunicacio-a-loctubre-4\/"},"author":{"name":"Francesc Balart","@id":"https:\/\/abd.ong\/ca\/#\/schema\/person\/6bb74ed13fc8bdf3a5382c66db14c9ee"},"headline":"ABD als mitjans de comunicaci\u00f3 a l&#8217;octubre","datePublished":"2024-10-29T10:44:03+00:00","dateModified":"2024-10-29T10:59:26+00:00","mainEntityOfPage":{"@id":"https:\/\/abd.ong\/ca\/general-ca\/abd-als-mitjans-de-comunicacio-a-loctubre-4\/"},"wordCount":1411,"publisher":{"@id":"https:\/\/abd.ong\/ca\/#organization"},"image":{"@id":"https:\/\/abd.ong\/ca\/general-ca\/abd-als-mitjans-de-comunicacio-a-loctubre-4\/#primaryimage"},"thumbnailUrl":"https:\/\/abd.ong\/wp-content\/uploads\/2023\/12\/GRUP-ABD-2023-FESTA-TIO.png","keywords":["ABD","Asociaci\u00f3n Bienestar y Desarrollo","Associaci\u00f3 Benestar i Desenvolupament","Mitjans de comunicaci\u00f3","not\u00edcies"],"articleSection":["General"],"inLanguage":"ca"},{"@type":"WebPage","@id":"https:\/\/abd.ong\/ca\/general-ca\/abd-als-mitjans-de-comunicacio-a-loctubre-4\/","url":"https:\/\/abd.ong\/ca\/general-ca\/abd-als-mitjans-de-comunicacio-a-loctubre-4\/","name":"ABD als mitjans de comunicaci\u00f3 a l'octubre - ABD","isPartOf":{"@id":"https:\/\/abd.ong\/ca\/#website"},"primaryImageOfPage":{"@id":"https:\/\/abd.ong\/ca\/general-ca\/abd-als-mitjans-de-comunicacio-a-loctubre-4\/#primaryimage"},"image":{"@id":"https:\/\/abd.ong\/ca\/general-ca\/abd-als-mitjans-de-comunicacio-a-loctubre-4\/#primaryimage"},"thumbnailUrl":"https:\/\/abd.ong\/wp-content\/uploads\/2023\/12\/GRUP-ABD-2023-FESTA-TIO.png","datePublished":"2024-10-29T10:44:03+00:00","dateModified":"2024-10-29T10:59:26+00:00","description":"El Grup\u00a0ABD ha estat present als mitjans de comunicaci\u00f3 durant aquest mes d'octubre. A continuaci\u00f3, el resum de premsa de les not\u00edcies, articles i","breadcrumb":{"@id":"https:\/\/abd.ong\/ca\/general-ca\/abd-als-mitjans-de-comunicacio-a-loctubre-4\/#breadcrumb"},"inLanguage":"ca","potentialAction":[{"@type":"ReadAction","target":["https:\/\/abd.ong\/ca\/general-ca\/abd-als-mitjans-de-comunicacio-a-loctubre-4\/"]}]},{"@type":"ImageObject","inLanguage":"ca","@id":"https:\/\/abd.ong\/ca\/general-ca\/abd-als-mitjans-de-comunicacio-a-loctubre-4\/#primaryimage","url":"https:\/\/abd.ong\/wp-content\/uploads\/2023\/12\/GRUP-ABD-2023-FESTA-TIO.png","contentUrl":"https:\/\/abd.ong\/wp-content\/uploads\/2023\/12\/GRUP-ABD-2023-FESTA-TIO.png","width":2048,"height":1152},{"@type":"BreadcrumbList","@id":"https:\/\/abd.ong\/ca\/general-ca\/abd-als-mitjans-de-comunicacio-a-loctubre-4\/#breadcrumb","itemListElement":[{"@type":"ListItem","position":1,"name":"Inici","item":"https:\/\/abd.ong\/ca\/"},{"@type":"ListItem","position":2,"name":"ABD als mitjans de comunicaci\u00f3 a l&#8217;octubre"}]},{"@type":"WebSite","@id":"https:\/\/abd.ong\/ca\/#website","url":"https:\/\/abd.ong\/ca\/","name":"ABD","description":"Asociaci\u00f3n Bienestar y Desarrollo","publisher":{"@id":"https:\/\/abd.ong\/ca\/#organization"},"potentialAction":[{"@type":"SearchAction","target":{"@type":"EntryPoint","urlTemplate":"https:\/\/abd.ong\/ca\/?s={search_term_string}"},"query-input":{"@type":"PropertyValueSpecification","valueRequired":true,"valueName":"search_term_string"}}],"inLanguage":"ca"},{"@type":"Organization","@id":"https:\/\/abd.ong\/ca\/#organization","name":"Associaci\u00f3 Benestar i Desenvolupament","alternateName":"ABD","url":"https:\/\/abd.ong\/ca\/","logo":{"@type":"ImageObject","inLanguage":"ca","@id":"https:\/\/abd.ong\/ca\/#\/schema\/logo\/image\/","url":"https:\/\/abd.ong\/wp-content\/uploads\/2023\/01\/Icona.png","contentUrl":"https:\/\/abd.ong\/wp-content\/uploads\/2023\/01\/Icona.png","width":190,"height":187,"caption":"Associaci\u00f3 Benestar i Desenvolupament"},"image":{"@id":"https:\/\/abd.ong\/ca\/#\/schema\/logo\/image\/"},"sameAs":["https:\/\/www.facebook.com\/abd.ong","https:\/\/x.com\/abd_ong","https:\/\/www.instagram.com\/abd_ong\/","https:\/\/www.linkedin.com\/company\/abdong","https:\/\/www.youtube.com\/user\/CANALABD"]},{"@type":"Person","@id":"https:\/\/abd.ong\/ca\/#\/schema\/person\/6bb74ed13fc8bdf3a5382c66db14c9ee","name":"Francesc Balart"}]}},"_links":{"self":[{"href":"https:\/\/abd.ong\/ca\/wp-json\/wp\/v2\/posts\/163799","targetHints":{"allow":["GET"]}}],"collection":[{"href":"https:\/\/abd.ong\/ca\/wp-json\/wp\/v2\/posts"}],"about":[{"href":"https:\/\/abd.ong\/ca\/wp-json\/wp\/v2\/types\/post"}],"author":[{"embeddable":true,"href":"https:\/\/abd.ong\/ca\/wp-json\/wp\/v2\/users\/12"}],"replies":[{"embeddable":true,"href":"https:\/\/abd.ong\/ca\/wp-json\/wp\/v2\/comments?post=163799"}],"version-history":[{"count":3,"href":"https:\/\/abd.ong\/ca\/wp-json\/wp\/v2\/posts\/163799\/revisions"}],"predecessor-version":[{"id":164296,"href":"https:\/\/abd.ong\/ca\/wp-json\/wp\/v2\/posts\/163799\/revisions\/164296"}],"wp:featuredmedia":[{"embeddable":true,"href":"https:\/\/abd.ong\/ca\/wp-json\/wp\/v2\/media\/156710"}],"wp:attachment":[{"href":"https:\/\/abd.ong\/ca\/wp-json\/wp\/v2\/media?parent=163799"}],"wp:term":[{"taxonomy":"category","embeddable":true,"href":"https:\/\/abd.ong\/ca\/wp-json\/wp\/v2\/categories?post=163799"},{"taxonomy":"post_tag","embeddable":true,"href":"https:\/\/abd.ong\/ca\/wp-json\/wp\/v2\/tags?post=163799"}],"curies":[{"name":"wp","href":"https:\/\/api.w.org\/{rel}","templated":true}]}}