{"id":16372,"date":"2020-07-30T10:39:35","date_gmt":"2020-07-30T08:39:35","guid":{"rendered":"https:\/\/abd.ong\/?p=16372"},"modified":"2021-02-17T19:05:48","modified_gmt":"2021-02-17T18:05:48","slug":"abd-als-mitjans-de-comunicacio-al-juliol","status":"publish","type":"post","link":"https:\/\/abd.ong\/ca\/general-ca\/abd-als-mitjans-de-comunicacio-al-juliol\/","title":{"rendered":"ABD als mitjans de comunicaci\u00f3 al juliol"},"content":{"rendered":"\n<p>L&#8217;<strong><a href=\"https:\/\/abd.ong\">Associaci\u00f3 Benestar i Desenvolupamen<\/a><\/strong><a href=\"https:\/\/abd.ong\"><strong>t<\/strong><\/a><strong>(ABD)<\/strong> ha estat present als mitjans de comunicaci\u00f3 durant aquest mes de juliol. A continuaci\u00f3, el resum de premsa de les diverses not\u00edcies, articles i reportatges dels que hem format part com a entitat. <\/p>\n\n\n\n<p><strong>29\/7\/20 \u2013 Joia magazine salut mental<\/strong><\/p>\n\n\n\n<p><em>Calia fer una proposta pionera a la ciutat\u00a0 amb garanties que la persona usu\u00e0ria de drogues en situaci\u00f3 de manca de llar dispos\u00e9s d\u2019una opci\u00f3 de confinament d\u2019acord a la seva situaci\u00f3<\/em><\/p>\n\n\n\n<p><a href=\"https:\/\/joiamagazine.org\/revista\/estiu2020\/\"><strong>Iniciatives socials <\/strong><\/a><strong><a href=\"https:\/\/joiamagazine.org\/revista\/estiu2020\/\" target=\"_blank\" rel=\"noreferrer noopener\">per <\/a><\/strong><a href=\"https:\/\/joiamagazine.org\/revista\/estiu2020\/\"><strong>ajudar col\u00b7lectius vulnerables durant el confinament&nbsp;<\/strong><\/a><\/p>\n\n\n\n<p><strong>25\/7\/20 \u2013 Diario Sur<\/strong><\/p>\n\n\n\n<p><em>El responsable andalus del projecte Energy Control assegura que, des de fa quatre o cinc anys, el consum de marihuana supera ja el de haxix.<\/em><\/p>\n\n\n\n<p><a href=\"https:\/\/www.diariosur.es\/sucesos\/malaga-granada-marruecos-20200724200352-nt.html?ref=https:%2F%2Fwww.diariosur.es%2Fsucesos%2Fmalaga-granada-marruecos-20200724200352-nt.html\" target=\"_blank\" rel=\"noreferrer noopener\"><strong>M\u00e1laga y Granada, el Marruecos europeo de la marihuana<\/strong><\/a><\/p>\n\n\n\n<p><strong>24\/7\/20 \u2013 Radio 5<\/strong><\/p>\n\n\n\n<p><em>Entre el 30 i el 50% de les persones grans pateixen soledat no desitjada. \u00c9s una de les conclusions d&#8217;un estudi realitzat per l&#8217;Associaci\u00f3 Benestar i Desenvolupament, que estableix tamb\u00e9 estrat\u00e8gies de prevenci\u00f3. <\/em><\/p>\n\n\n\n<p><a href=\"https:\/\/www.rtve.es\/alacarta\/audios\/todo-noticias-manana\/como-prevenir-soledad-no-deseada-mayores\/5631355\/\" target=\"_blank\" rel=\"noreferrer noopener\"><strong>C\u00f3mo prevenir la soledad no deseada en los mayores<\/strong><\/a><\/p>\n\n\n\n<p><strong>24\/07\/20 \u2013 ESADE. Abriendo Miradas<\/strong><\/p>\n\n\n\n<p><em>Laura Gonz\u00e1lez ens exposa les dificultats de mantenir una fam\u00edlia i buscar feina en plena pand\u00e8mia.<\/em><\/p>\n\n\n\n<p><a href=\"https:\/\/www.youtube.com\/watch?v=qqbFIy5nU2E&amp;feature=youtu.be\" target=\"_blank\" rel=\"noreferrer noopener\"><strong>Laura Gonz\u00e1lez- Testimonio de ABD<\/strong><\/a><\/p>\n\n\n\n<p><strong>23\/7\/20 \u2013 La Rep\u00fablica<\/strong><\/p>\n\n\n\n<p><em>L\u2019estudi planteja propostes per afrontar aquesta situaci\u00f3. Entre aquestes, n\u2019hi ha per implantat des de al comunitat, com la sensibilitzaci\u00f3, per\u00f2 tamb\u00e9 a trav\u00e9s de models d\u2019acompanyament personalitzats amb la participaci\u00f3 de les persones grans, les administracions i les entitats.<\/em><\/p>\n\n\n\n<p><strong><a href=\"https:\/\/www.larepublica.cat\/minut-a-minut\/entre-el-30-i-el-50-de-la-gent-gran-pateix-soledat-no-desitjada-segons-un-estudi\/\" target=\"_blank\" rel=\"noreferrer noopener\">Entre el 30% i el 50% de la gent gran pateix soledat no desitjada, segons un estudi<\/a><\/strong><\/p>\n\n\n\n<p><strong>22\/7\/20 \u2013 Xarxanet<\/strong><\/p>\n\n\n\n<p><em><em>\u201cDavant la <\/em><strong><em>pand\u00e8mia<\/em><\/strong><em> de la Covid-19 ens hem vist interpel\u00b7lades per les <\/em><strong><em>necessitats immediates i d\u2019emerg\u00e8ncia<\/em><\/strong><em> que estaven vivint les persones que estan en els programes d\u2019atenci\u00f3 de l\u2019entitat&#8221;.<\/em><\/em><\/p>\n\n\n\n<p><a rel=\"noreferrer noopener\" href=\"https:\/\/xarxanet.org\/comunitari\/noticies\/la-campanya-joetveig-segueix-donant-suport-als-confinaments-invisibles\" target=\"_blank\"><strong>La campanya #JoEtVeig <\/strong><\/a><a href=\"https:\/\/xarxanet.org\/comunitari\/noticies\/la-campanya-joetveig-segueix-donant-suport-als-confinaments-invisibles\"><strong>segueix <\/strong><\/a><a rel=\"noreferrer noopener\" href=\"https:\/\/xarxanet.org\/comunitari\/noticies\/la-campanya-joetveig-segueix-donant-suport-als-confinaments-invisibles\" target=\"_blank\"><strong>donant suport als confinaments invisibles<\/strong><\/a><\/p>\n\n\n\n<p><strong>16\/07\/20 \u2013 Beatburger<\/strong><\/p>\n\n\n\n<p><em>\u201cQuan entro a un festival o a un club i veig la parada d&#8217;Energy Control s\u00e9 que estic en un lloc on puc dipositar tota la meva confian\u00e7a.\u201d<\/em><\/p>\n\n\n\n<p><a href=\"https:\/\/beatburguer.com\/drogas-y-festivales-un-viaje-lisergico-a-un-futuro-lleno-de-mierda\/\" target=\"_blank\" rel=\"noreferrer noopener\"><strong>Drogas y festivales: un viaje lis\u00e9rgico a un futuro lleno de mierda<\/strong><\/a><\/p>\n\n\n\n<p><strong>10\/07\/20 \u2013 ESADE. Abriendo Miradas.<\/strong><\/p>\n\n\n\n<p><em>La por, l&#8217;ansietat i la frustraci\u00f3 s\u00f3n els principals efectes col\u00b7laterals de la pand\u00e8mia. Gaby Rojas, usu\u00e0ria de la fundaci\u00f3 ABD, ens explica la seva experi\u00e8ncia. <\/em><\/p>\n\n\n\n<p><a href=\"https:\/\/www.youtube.com\/watch?v=yzcF2LoyAnY&amp;feature=emb_logo\"><strong>Gaby Rojas &#8211; Testimonio de ABD<\/strong><\/a><\/p>\n\n\n\n<p><strong>07\/7\/20 \u2013 La Vanguardia<\/strong><\/p>\n\n\n\n<p><em>&#8220;Moltes fam\u00edlies&#8221; en contacte amb l&#8217;entitat no podran accedir a l&#8217;Ingr\u00e9s M\u00ednim Vital (IMV) per &#8220;la dificultat dels tr\u00e0mits, la urg\u00e8ncia de la seva situaci\u00f3 o per no cumplir els criteris establerts&#8221;. <\/em><\/p>\n\n\n\n<p><a href=\"https:\/\/www.lavanguardia.com\/vida\/20200707\/482181534975\/la-fundacion-abd-pide-facilitar-los-tramites-del-ingreso-minimo-vital.html\"><strong>La Fundaci\u00f3n ABD pide facilitar los tr\u00e1mites del Ingreso M\u00ednimo Vital<\/strong><\/a><\/p>\n\n\n\n<p><strong>03\/6\/20 \u2013 Catalunya Radio. La Nit dels Ignorants.<\/strong><\/p>\n\n\n\n<p><em>\u201cUna persona que tingui una drogodepend\u00e8ncia no \u00e9s per tota la vida&#8230;Cada persona t\u00e9 una traject\u00f2ria de vida i no se l&#8217;ha de jutjar per aquesta situaci\u00f3 concreta que tingui en el moment&#8221;. <\/em><\/p>\n\n\n\n<p><a href=\"https:\/\/www.ccma.cat\/catradio\/alacarta\/la-nit-dels-ignorants\/de-quina-manera-sha-accentuat-la-problematica-de-les-persones-drogodependents-amb-el-confinament\/audio\/1075270\/\"><strong>De quina manera s&#8217;ha accentuat la problem\u00e0tica de les persones drogodependents amb el confinament?<\/strong><\/a><\/p>\n\n\n\n<p><strong>30\/6\/20 \u2013 La Vanguardia<\/strong><\/p>\n\n\n\n<p><em>L&#8217;objectiu del pacte \u00e9s canviar la percepci\u00f3 del VIH en la societat catalana i afrontar la serof\u00f2bia, a m\u00e9s de vigilar les situacions de discriminaci\u00f3 i garantir l&#8217;acc\u00e9s igualit\u00e0ri a tots els serveis, prestacions i recursos.<\/em><\/p>\n\n\n\n<p><a href=\"https:\/\/www.lavanguardia.com\/politica\/20200630\/482035796302\/el-govern-impulsa-un-pacto-social-contra-el-estigma-de-las-personas-con-vih.html\"><em><strong>El Govern impulsa un pacto social contra el estigma de las personas con VIH<\/strong><\/em><\/a><\/p>\n\n\n\n<p><strong>26\/6\/20 \u2013 La Vanguardia (EFE)<\/strong><\/p>\n\n\n\n<p><em>Aquest nou &#8220;espai de reflexi\u00f3&#8221; treballar\u00e0 durant sis mesos en una proposta de model que, &#8220;m\u00e9s enll\u00e0 de la resposta assistencial&#8221;, tingui &#8220;una mirada sobre com les persones grans, amb discapacitat o amb malalties mentals poden tenir autonomia en la seva propia llar&#8221;.<\/em><\/p>\n\n\n\n<p><a rel=\"noreferrer noopener\" href=\"https:\/\/www.lavanguardia.com\/politica\/20200626\/481959861421\/govern-crea-mesa-de-expertos-para-mejorar-la-gestion-de-la-autonomia-personal.html\" target=\"_blank\"><strong>Govern crea mesa de expertos para mejorar la gesti\u00f3n de la autonom\u00eda personal<\/strong><\/a><\/p>\n","protected":false},"excerpt":{"rendered":"<p>L&#8217;Associaci\u00f3 Benestar i Desenvolupament(ABD) ha estat present als mitjans de comunicaci\u00f3 durant aquest mes de juliol. A continuaci\u00f3, el resum de premsa de les diverses not\u00edcies, articles i reportatges dels&hellip;<\/p>\n","protected":false},"author":9,"featured_media":14666,"comment_status":"closed","ping_status":"closed","sticky":false,"template":"","format":"standard","meta":{"_acf_changed":false,"footnotes":""},"categories":[65,66],"tags":[435,835,1968],"class_list":["post-16372","post","type-post","status-publish","format-standard","has-post-thumbnail","hentry","category-general","category-general-ca","tag-mitjans-de-comunicacio","tag-noticies","tag-premsa"],"acf":[],"yoast_head":"<!-- This site is optimized with the Yoast SEO plugin v27.4 - https:\/\/yoast.com\/product\/yoast-seo-wordpress\/ -->\n<title>ABD als mitjans de comunicaci\u00f3 al juliol - ABD<\/title>\n<meta name=\"description\" content=\"L&#039;Associaci\u00f3 Benestar i Desenvolupament(ABD) ha estat present als mitjans de comunicaci\u00f3 durant aquest mes de juliol. A continuaci\u00f3, el resum de premsa de\" \/>\n<meta name=\"robots\" content=\"index, follow, max-snippet:-1, max-image-preview:large, max-video-preview:-1\" \/>\n<link rel=\"canonical\" href=\"https:\/\/abd.ong\/ca\/general-ca\/abd-als-mitjans-de-comunicacio-al-juliol\/\" \/>\n<meta property=\"og:locale\" content=\"ca_ES\" \/>\n<meta property=\"og:type\" content=\"article\" \/>\n<meta property=\"og:title\" content=\"ABD als mitjans de comunicaci\u00f3 al juliol - ABD\" \/>\n<meta property=\"og:description\" content=\"L&#039;Associaci\u00f3 Benestar i Desenvolupament(ABD) ha estat present als mitjans de comunicaci\u00f3 durant aquest mes de juliol. A continuaci\u00f3, el resum de premsa de\" \/>\n<meta property=\"og:url\" content=\"https:\/\/abd.ong\/ca\/general-ca\/abd-als-mitjans-de-comunicacio-al-juliol\/\" \/>\n<meta property=\"og:site_name\" content=\"ABD\" \/>\n<meta property=\"article:publisher\" content=\"https:\/\/www.facebook.com\/abd.ong\" \/>\n<meta property=\"article:published_time\" content=\"2020-07-30T08:39:35+00:00\" \/>\n<meta property=\"article:modified_time\" content=\"2021-02-17T18:05:48+00:00\" \/>\n<meta property=\"og:image\" content=\"https:\/\/abd.ong\/wp-content\/uploads\/2020\/05\/old-tv-1149416_1920.jpg\" \/>\n\t<meta property=\"og:image:width\" content=\"1919\" \/>\n\t<meta property=\"og:image:height\" content=\"977\" \/>\n\t<meta property=\"og:image:type\" content=\"image\/jpeg\" \/>\n<meta name=\"author\" content=\"Maria Creixell\" \/>\n<meta name=\"twitter:card\" content=\"summary_large_image\" \/>\n<meta name=\"twitter:creator\" content=\"@abd_ong\" \/>\n<meta name=\"twitter:site\" content=\"@abd_ong\" \/>\n<meta name=\"twitter:label1\" content=\"Escrit per\" \/>\n\t<meta name=\"twitter:data1\" content=\"Maria Creixell\" \/>\n\t<meta name=\"twitter:label2\" content=\"Temps estimat de lectura\" \/>\n\t<meta name=\"twitter:data2\" content=\"3 minuts\" \/>\n<script type=\"application\/ld+json\" class=\"yoast-schema-graph\">{\"@context\":\"https:\\\/\\\/schema.org\",\"@graph\":[{\"@type\":\"Article\",\"@id\":\"https:\\\/\\\/abd.ong\\\/ca\\\/general-ca\\\/abd-als-mitjans-de-comunicacio-al-juliol\\\/#article\",\"isPartOf\":{\"@id\":\"https:\\\/\\\/abd.ong\\\/ca\\\/general-ca\\\/abd-als-mitjans-de-comunicacio-al-juliol\\\/\"},\"author\":{\"name\":\"Maria Creixell\",\"@id\":\"https:\\\/\\\/abd.ong\\\/ca\\\/#\\\/schema\\\/person\\\/d2e158b4173f683b3898e286f5b35a10\"},\"headline\":\"ABD als mitjans de comunicaci\u00f3 al juliol\",\"datePublished\":\"2020-07-30T08:39:35+00:00\",\"dateModified\":\"2021-02-17T18:05:48+00:00\",\"mainEntityOfPage\":{\"@id\":\"https:\\\/\\\/abd.ong\\\/ca\\\/general-ca\\\/abd-als-mitjans-de-comunicacio-al-juliol\\\/\"},\"wordCount\":635,\"publisher\":{\"@id\":\"https:\\\/\\\/abd.ong\\\/ca\\\/#organization\"},\"image\":{\"@id\":\"https:\\\/\\\/abd.ong\\\/ca\\\/general-ca\\\/abd-als-mitjans-de-comunicacio-al-juliol\\\/#primaryimage\"},\"thumbnailUrl\":\"https:\\\/\\\/abd.ong\\\/wp-content\\\/uploads\\\/2020\\\/05\\\/old-tv-1149416_1920.jpg\",\"keywords\":[\"mitjans de comunicaci\u00f3\",\"not\u00edcies\",\"premsa\"],\"articleSection\":[\"General\",\"General\"],\"inLanguage\":\"ca\"},{\"@type\":\"WebPage\",\"@id\":\"https:\\\/\\\/abd.ong\\\/ca\\\/general-ca\\\/abd-als-mitjans-de-comunicacio-al-juliol\\\/\",\"url\":\"https:\\\/\\\/abd.ong\\\/ca\\\/general-ca\\\/abd-als-mitjans-de-comunicacio-al-juliol\\\/\",\"name\":\"ABD als mitjans de comunicaci\u00f3 al juliol - ABD\",\"isPartOf\":{\"@id\":\"https:\\\/\\\/abd.ong\\\/ca\\\/#website\"},\"primaryImageOfPage\":{\"@id\":\"https:\\\/\\\/abd.ong\\\/ca\\\/general-ca\\\/abd-als-mitjans-de-comunicacio-al-juliol\\\/#primaryimage\"},\"image\":{\"@id\":\"https:\\\/\\\/abd.ong\\\/ca\\\/general-ca\\\/abd-als-mitjans-de-comunicacio-al-juliol\\\/#primaryimage\"},\"thumbnailUrl\":\"https:\\\/\\\/abd.ong\\\/wp-content\\\/uploads\\\/2020\\\/05\\\/old-tv-1149416_1920.jpg\",\"datePublished\":\"2020-07-30T08:39:35+00:00\",\"dateModified\":\"2021-02-17T18:05:48+00:00\",\"description\":\"L'Associaci\u00f3 Benestar i Desenvolupament(ABD) ha estat present als mitjans de comunicaci\u00f3 durant aquest mes de juliol. A continuaci\u00f3, el resum de premsa de\",\"breadcrumb\":{\"@id\":\"https:\\\/\\\/abd.ong\\\/ca\\\/general-ca\\\/abd-als-mitjans-de-comunicacio-al-juliol\\\/#breadcrumb\"},\"inLanguage\":\"ca\",\"potentialAction\":[{\"@type\":\"ReadAction\",\"target\":[\"https:\\\/\\\/abd.ong\\\/ca\\\/general-ca\\\/abd-als-mitjans-de-comunicacio-al-juliol\\\/\"]}]},{\"@type\":\"ImageObject\",\"inLanguage\":\"ca\",\"@id\":\"https:\\\/\\\/abd.ong\\\/ca\\\/general-ca\\\/abd-als-mitjans-de-comunicacio-al-juliol\\\/#primaryimage\",\"url\":\"https:\\\/\\\/abd.ong\\\/wp-content\\\/uploads\\\/2020\\\/05\\\/old-tv-1149416_1920.jpg\",\"contentUrl\":\"https:\\\/\\\/abd.ong\\\/wp-content\\\/uploads\\\/2020\\\/05\\\/old-tv-1149416_1920.jpg\",\"width\":1919,\"height\":977,\"caption\":\"medios de comunicaci\u00f3n\"},{\"@type\":\"BreadcrumbList\",\"@id\":\"https:\\\/\\\/abd.ong\\\/ca\\\/general-ca\\\/abd-als-mitjans-de-comunicacio-al-juliol\\\/#breadcrumb\",\"itemListElement\":[{\"@type\":\"ListItem\",\"position\":1,\"name\":\"Inici\",\"item\":\"https:\\\/\\\/abd.ong\\\/ca\\\/\"},{\"@type\":\"ListItem\",\"position\":2,\"name\":\"ABD als mitjans de comunicaci\u00f3 al juliol\"}]},{\"@type\":\"WebSite\",\"@id\":\"https:\\\/\\\/abd.ong\\\/ca\\\/#website\",\"url\":\"https:\\\/\\\/abd.ong\\\/ca\\\/\",\"name\":\"ABD\",\"description\":\"Asociaci\u00f3n Bienestar y Desarrollo\",\"publisher\":{\"@id\":\"https:\\\/\\\/abd.ong\\\/ca\\\/#organization\"},\"potentialAction\":[{\"@type\":\"SearchAction\",\"target\":{\"@type\":\"EntryPoint\",\"urlTemplate\":\"https:\\\/\\\/abd.ong\\\/ca\\\/?s={search_term_string}\"},\"query-input\":{\"@type\":\"PropertyValueSpecification\",\"valueRequired\":true,\"valueName\":\"search_term_string\"}}],\"inLanguage\":\"ca\"},{\"@type\":\"Organization\",\"@id\":\"https:\\\/\\\/abd.ong\\\/ca\\\/#organization\",\"name\":\"Associaci\u00f3 Benestar i Desenvolupament\",\"alternateName\":\"ABD\",\"url\":\"https:\\\/\\\/abd.ong\\\/ca\\\/\",\"logo\":{\"@type\":\"ImageObject\",\"inLanguage\":\"ca\",\"@id\":\"https:\\\/\\\/abd.ong\\\/ca\\\/#\\\/schema\\\/logo\\\/image\\\/\",\"url\":\"https:\\\/\\\/abd.ong\\\/wp-content\\\/uploads\\\/2023\\\/01\\\/Icona.png\",\"contentUrl\":\"https:\\\/\\\/abd.ong\\\/wp-content\\\/uploads\\\/2023\\\/01\\\/Icona.png\",\"width\":190,\"height\":187,\"caption\":\"Associaci\u00f3 Benestar i Desenvolupament\"},\"image\":{\"@id\":\"https:\\\/\\\/abd.ong\\\/ca\\\/#\\\/schema\\\/logo\\\/image\\\/\"},\"sameAs\":[\"https:\\\/\\\/www.facebook.com\\\/abd.ong\",\"https:\\\/\\\/x.com\\\/abd_ong\",\"https:\\\/\\\/www.instagram.com\\\/abd_ong\\\/\",\"https:\\\/\\\/www.linkedin.com\\\/company\\\/abdong\",\"https:\\\/\\\/www.youtube.com\\\/user\\\/CANALABD\"]},{\"@type\":\"Person\",\"@id\":\"https:\\\/\\\/abd.ong\\\/ca\\\/#\\\/schema\\\/person\\\/d2e158b4173f683b3898e286f5b35a10\",\"name\":\"Maria Creixell\"}]}<\/script>\n<!-- \/ Yoast SEO plugin. -->","yoast_head_json":{"title":"ABD als mitjans de comunicaci\u00f3 al juliol - ABD","description":"L'Associaci\u00f3 Benestar i Desenvolupament(ABD) ha estat present als mitjans de comunicaci\u00f3 durant aquest mes de juliol. A continuaci\u00f3, el resum de premsa de","robots":{"index":"index","follow":"follow","max-snippet":"max-snippet:-1","max-image-preview":"max-image-preview:large","max-video-preview":"max-video-preview:-1"},"canonical":"https:\/\/abd.ong\/ca\/general-ca\/abd-als-mitjans-de-comunicacio-al-juliol\/","og_locale":"ca_ES","og_type":"article","og_title":"ABD als mitjans de comunicaci\u00f3 al juliol - ABD","og_description":"L'Associaci\u00f3 Benestar i Desenvolupament(ABD) ha estat present als mitjans de comunicaci\u00f3 durant aquest mes de juliol. A continuaci\u00f3, el resum de premsa de","og_url":"https:\/\/abd.ong\/ca\/general-ca\/abd-als-mitjans-de-comunicacio-al-juliol\/","og_site_name":"ABD","article_publisher":"https:\/\/www.facebook.com\/abd.ong","article_published_time":"2020-07-30T08:39:35+00:00","article_modified_time":"2021-02-17T18:05:48+00:00","og_image":[{"width":1919,"height":977,"url":"https:\/\/abd.ong\/wp-content\/uploads\/2020\/05\/old-tv-1149416_1920.jpg","type":"image\/jpeg"}],"author":"Maria Creixell","twitter_card":"summary_large_image","twitter_creator":"@abd_ong","twitter_site":"@abd_ong","twitter_misc":{"Escrit per":"Maria Creixell","Temps estimat de lectura":"3 minuts"},"schema":{"@context":"https:\/\/schema.org","@graph":[{"@type":"Article","@id":"https:\/\/abd.ong\/ca\/general-ca\/abd-als-mitjans-de-comunicacio-al-juliol\/#article","isPartOf":{"@id":"https:\/\/abd.ong\/ca\/general-ca\/abd-als-mitjans-de-comunicacio-al-juliol\/"},"author":{"name":"Maria Creixell","@id":"https:\/\/abd.ong\/ca\/#\/schema\/person\/d2e158b4173f683b3898e286f5b35a10"},"headline":"ABD als mitjans de comunicaci\u00f3 al juliol","datePublished":"2020-07-30T08:39:35+00:00","dateModified":"2021-02-17T18:05:48+00:00","mainEntityOfPage":{"@id":"https:\/\/abd.ong\/ca\/general-ca\/abd-als-mitjans-de-comunicacio-al-juliol\/"},"wordCount":635,"publisher":{"@id":"https:\/\/abd.ong\/ca\/#organization"},"image":{"@id":"https:\/\/abd.ong\/ca\/general-ca\/abd-als-mitjans-de-comunicacio-al-juliol\/#primaryimage"},"thumbnailUrl":"https:\/\/abd.ong\/wp-content\/uploads\/2020\/05\/old-tv-1149416_1920.jpg","keywords":["mitjans de comunicaci\u00f3","not\u00edcies","premsa"],"articleSection":["General","General"],"inLanguage":"ca"},{"@type":"WebPage","@id":"https:\/\/abd.ong\/ca\/general-ca\/abd-als-mitjans-de-comunicacio-al-juliol\/","url":"https:\/\/abd.ong\/ca\/general-ca\/abd-als-mitjans-de-comunicacio-al-juliol\/","name":"ABD als mitjans de comunicaci\u00f3 al juliol - ABD","isPartOf":{"@id":"https:\/\/abd.ong\/ca\/#website"},"primaryImageOfPage":{"@id":"https:\/\/abd.ong\/ca\/general-ca\/abd-als-mitjans-de-comunicacio-al-juliol\/#primaryimage"},"image":{"@id":"https:\/\/abd.ong\/ca\/general-ca\/abd-als-mitjans-de-comunicacio-al-juliol\/#primaryimage"},"thumbnailUrl":"https:\/\/abd.ong\/wp-content\/uploads\/2020\/05\/old-tv-1149416_1920.jpg","datePublished":"2020-07-30T08:39:35+00:00","dateModified":"2021-02-17T18:05:48+00:00","description":"L'Associaci\u00f3 Benestar i Desenvolupament(ABD) ha estat present als mitjans de comunicaci\u00f3 durant aquest mes de juliol. A continuaci\u00f3, el resum de premsa de","breadcrumb":{"@id":"https:\/\/abd.ong\/ca\/general-ca\/abd-als-mitjans-de-comunicacio-al-juliol\/#breadcrumb"},"inLanguage":"ca","potentialAction":[{"@type":"ReadAction","target":["https:\/\/abd.ong\/ca\/general-ca\/abd-als-mitjans-de-comunicacio-al-juliol\/"]}]},{"@type":"ImageObject","inLanguage":"ca","@id":"https:\/\/abd.ong\/ca\/general-ca\/abd-als-mitjans-de-comunicacio-al-juliol\/#primaryimage","url":"https:\/\/abd.ong\/wp-content\/uploads\/2020\/05\/old-tv-1149416_1920.jpg","contentUrl":"https:\/\/abd.ong\/wp-content\/uploads\/2020\/05\/old-tv-1149416_1920.jpg","width":1919,"height":977,"caption":"medios de comunicaci\u00f3n"},{"@type":"BreadcrumbList","@id":"https:\/\/abd.ong\/ca\/general-ca\/abd-als-mitjans-de-comunicacio-al-juliol\/#breadcrumb","itemListElement":[{"@type":"ListItem","position":1,"name":"Inici","item":"https:\/\/abd.ong\/ca\/"},{"@type":"ListItem","position":2,"name":"ABD als mitjans de comunicaci\u00f3 al juliol"}]},{"@type":"WebSite","@id":"https:\/\/abd.ong\/ca\/#website","url":"https:\/\/abd.ong\/ca\/","name":"ABD","description":"Asociaci\u00f3n Bienestar y Desarrollo","publisher":{"@id":"https:\/\/abd.ong\/ca\/#organization"},"potentialAction":[{"@type":"SearchAction","target":{"@type":"EntryPoint","urlTemplate":"https:\/\/abd.ong\/ca\/?s={search_term_string}"},"query-input":{"@type":"PropertyValueSpecification","valueRequired":true,"valueName":"search_term_string"}}],"inLanguage":"ca"},{"@type":"Organization","@id":"https:\/\/abd.ong\/ca\/#organization","name":"Associaci\u00f3 Benestar i Desenvolupament","alternateName":"ABD","url":"https:\/\/abd.ong\/ca\/","logo":{"@type":"ImageObject","inLanguage":"ca","@id":"https:\/\/abd.ong\/ca\/#\/schema\/logo\/image\/","url":"https:\/\/abd.ong\/wp-content\/uploads\/2023\/01\/Icona.png","contentUrl":"https:\/\/abd.ong\/wp-content\/uploads\/2023\/01\/Icona.png","width":190,"height":187,"caption":"Associaci\u00f3 Benestar i Desenvolupament"},"image":{"@id":"https:\/\/abd.ong\/ca\/#\/schema\/logo\/image\/"},"sameAs":["https:\/\/www.facebook.com\/abd.ong","https:\/\/x.com\/abd_ong","https:\/\/www.instagram.com\/abd_ong\/","https:\/\/www.linkedin.com\/company\/abdong","https:\/\/www.youtube.com\/user\/CANALABD"]},{"@type":"Person","@id":"https:\/\/abd.ong\/ca\/#\/schema\/person\/d2e158b4173f683b3898e286f5b35a10","name":"Maria Creixell"}]}},"_links":{"self":[{"href":"https:\/\/abd.ong\/ca\/wp-json\/wp\/v2\/posts\/16372","targetHints":{"allow":["GET"]}}],"collection":[{"href":"https:\/\/abd.ong\/ca\/wp-json\/wp\/v2\/posts"}],"about":[{"href":"https:\/\/abd.ong\/ca\/wp-json\/wp\/v2\/types\/post"}],"author":[{"embeddable":true,"href":"https:\/\/abd.ong\/ca\/wp-json\/wp\/v2\/users\/9"}],"replies":[{"embeddable":true,"href":"https:\/\/abd.ong\/ca\/wp-json\/wp\/v2\/comments?post=16372"}],"version-history":[{"count":3,"href":"https:\/\/abd.ong\/ca\/wp-json\/wp\/v2\/posts\/16372\/revisions"}],"predecessor-version":[{"id":20351,"href":"https:\/\/abd.ong\/ca\/wp-json\/wp\/v2\/posts\/16372\/revisions\/20351"}],"wp:featuredmedia":[{"embeddable":true,"href":"https:\/\/abd.ong\/ca\/wp-json\/wp\/v2\/media\/14666"}],"wp:attachment":[{"href":"https:\/\/abd.ong\/ca\/wp-json\/wp\/v2\/media?parent=16372"}],"wp:term":[{"taxonomy":"category","embeddable":true,"href":"https:\/\/abd.ong\/ca\/wp-json\/wp\/v2\/categories?post=16372"},{"taxonomy":"post_tag","embeddable":true,"href":"https:\/\/abd.ong\/ca\/wp-json\/wp\/v2\/tags?post=16372"}],"curies":[{"name":"wp","href":"https:\/\/api.w.org\/{rel}","templated":true}]}}