{"id":162431,"date":"2024-08-28T11:18:05","date_gmt":"2024-08-28T09:18:05","guid":{"rendered":"https:\/\/abd.ong\/?p=162431"},"modified":"2024-08-28T12:00:55","modified_gmt":"2024-08-28T10:00:55","slug":"abd-als-mitjans-de-comunicacio-a-lagost-3","status":"publish","type":"post","link":"https:\/\/abd.ong\/ca\/general-ca\/abd-als-mitjans-de-comunicacio-a-lagost-3\/","title":{"rendered":"ABD als mitjans de comunicaci\u00f3 a l&#8217;agost"},"content":{"rendered":"\n<p>El<a href=\"https:\/\/abd.ong\/ca\/\" target=\"_blank\" rel=\"noopener\"><strong> Grup&nbsp;<span class=\"hiddenSpellError\">ABD<\/span><\/strong><\/a> ha estat present als mitjans de comunicaci\u00f3 durant aquest mes d&#8217;agost. A continuaci\u00f3, el resum de premsa de les not\u00edcies, articles i reportatges en qu\u00e8 hem participat com a organitzaci\u00f3.<\/p>\n\n\n\n<div style=\"height:100px\" aria-hidden=\"true\" class=\"wp-block-spacer\"><\/div>\n\n\n\n<p><\/p>\n\n\n\n<p><strong>30\/07\/2024<\/strong> <strong>&#8211; Pirineus Digital<\/strong><\/p>\n\n\n\n<p>El <strong>Consell Comarcal de l&#8217;Alta Ribagor\u00e7a<\/strong> ha posat en marxa conjuntament amb l&#8217;<strong>Associaci\u00f3 Benestar i Desenvolupament<\/strong> un <em>banc de productes de suport (BPS) per a la ciutadania de la comarca.<\/em> El nou servei ofereix aquests productes a les persones amb discapacitat o depend\u00e8ncia en modalitat de pr\u00e9stec amb l&#8217;objectiu de millorar l&#8217;autonomia personal i facilitar la labor de la persona cuidadora.<\/p>\n\n\n\n<p><a href=\"https:\/\/pirineusdigital.cat\/2024\/07\/30\/lalta-ribagorca-posa-en-marxa-un-banc-de-productes-de-suport\/\" target=\"_blank\" rel=\"noreferrer noopener\">L&#8217;Alta Ribagor\u00e7a posa en marxa un banc de productes de suport<\/a><\/p>\n\n\n\n<div style=\"height:20px\" aria-hidden=\"true\" class=\"wp-block-spacer\"><\/div>\n\n\n\n<p><strong>08\/08\/2024<\/strong> <strong>&#8211; Junta de Castilla y Le\u00f3n<\/strong><\/p>\n\n\n\n<p>Molts conflictes que es produeixen en el si de les fam\u00edlies s&#8217;enquisten per abs\u00e8ncia de di\u00e0leg, intervenci\u00f3 professional o, simplement, una veu imparcial capa\u00e7 d&#8217;intercedir per a promoure acords entre les parts. Per a evitar situacions complexes i fer costat als nuclis familiars de la Comunitat, la Junta de Castella i Lle\u00f3 ha posat en marxa un servei, denominat \u2018<strong>Mediacyl<\/strong>\u2019 i impulsat per la Conselleria de Fam\u00edlia i Igualtat d&#8217;Oportunitats, de car\u00e0cter gratu\u00eft, personalitzat i confidencial, l&#8217;objectiu del qual \u00e9s promoure les relacions familiars positives i prevenir les dificultats que posen en perill la conviv\u00e8ncia.<\/p>\n\n\n\n<p><a href=\"https:\/\/comunicacion.jcyl.es\/web\/jcyl\/Comunicacion\/es\/Plantilla100Detalle\/1284663638052\/_\/1285428762058\/Comunicacion\" target=\"_blank\" rel=\"noreferrer noopener\">El servicio \u2018Mediacyl\u2019 de la Junta se al\u00eda con las familias de Castilla y Le\u00f3n para hacer frente a los conflictos al promover la comunicaci\u00f3n y el acuerdo entre sus miembros<\/a><\/p>\n\n\n\n<div style=\"height:20px\" aria-hidden=\"true\" class=\"wp-block-spacer\"><\/div>\n\n\n\n<p><strong>08\/08\/2024<\/strong> <strong>&#8211; Tribuna de Valladolid<\/strong><\/p>\n\n\n\n<p>Mediacyl, es tracta d&#8217;un servei integral que aborda la situaci\u00f3 des de diferents perspectives i que es duu a terme de manera presencial. Va comen\u00e7ar la seva marxa a la tardor de 2023, per la qual cosa es troba en ple desenvolupament, i s&#8217;estructura a trav\u00e9s de seus centrals i adscrites per a donar cobertura a totes les prov\u00edncies.<\/p>\n\n\n\n<p><a href=\"https:\/\/www.tribunavalladolid.com\/noticias\/376082\/el-servicio-mediacyl-interviene-en-175-conflictos-familiares\" target=\"_blank\" rel=\"noreferrer noopener\">El servicio &#8216;Mediacyl&#8217; interviene en 175 conflictos familiares<\/a><\/p>\n\n\n\n<div style=\"height:20px\" aria-hidden=\"true\" class=\"wp-block-spacer\"><\/div>\n\n\n\n<p><strong>10\/08\/2024<\/strong> <strong>&#8211; euronews<\/strong><\/p>\n\n\n\n<p>&#8220;Em resulta dif\u00edcil dormir a la nit a causa de la calor. Em dutxo diverses vegades durant el dia&#8221;, explica F\u00e1tima, participant en diversos dels seus tallers [del projecte <a href=\"http:\/\/cooltorise.eu\">Cooltorise<\/a>]. &#8220;Tinc un ventilador, per\u00f2 no puc tenir-lo enc\u00e8s tot el dia perqu\u00e8 les factures serien molt cares, encara que tinc tarifa social (bo social)&#8221;.<\/p>\n\n\n\n<p><a href=\"https:\/\/es.euronews.com\/green\/2024\/08\/10\/siento-que-no-hay-ayuda-la-pobreza-energetica-de-millones-de-europeos-durante-todo-el-ano-\" target=\"_blank\" rel=\"noreferrer noopener\">&#8220;Siento que no hay ayuda&#8221;: La pobreza energ\u00e9tica de millones de europeos durante todo el a\u00f1o por las olas de calor<\/a><\/p>\n\n\n\n<div style=\"height:20px\" aria-hidden=\"true\" class=\"wp-block-spacer\"><\/div>\n\n\n\n<p><strong>16\/08\/2024<\/strong> <strong>&#8211; Onda Madrid<\/strong><\/p>\n\n\n\n<p>&#8220;Amb les persones amb les quals nosaltres treballem no \u00e9s una cosa que estigui molt present (el SNUS). En el cas d&#8217;aquesta nicotina sint\u00e8tica \u00e9s una cosa molt anecd\u00f2tica&#8221;. Escolta l&#8217;entrevista d&#8217;<strong>Onda Madrid<\/strong> a Claudio Vidal Gin\u00e9, director estatal d&#8217;<strong>Energy Control del Grup ABD<\/strong>. A partir del minut 24:00.<\/p>\n\n\n\n<p><a href=\"https:\/\/media-telemadrid-secure.akamaized.net\/W00000464C8OKk24P02_20240814132547_TMDAUD20240814_0007.mp3\" target=\"_blank\" rel=\"noreferrer noopener\">Entrevista d&#8217;Onda Madrid a Claudio Vidal Gin\u00e9, director estatal d&#8217;Energy Control<\/a><\/p>\n\n\n\n<div style=\"height:20px\" aria-hidden=\"true\" class=\"wp-block-spacer\"><\/div>\n\n\n\n<p><strong>20\/08\/2024<\/strong> <strong>&#8211; Social.cat<\/strong><\/p>\n\n\n\n<p>Les altes temperatures prenen el protagonisme despr\u00e9s d&#8217;una onada de calor que no va trigar a registrar el dia m\u00e9s c\u00e0lid a Catalunya en 110 anys. Llegeix l&#8217;article d&#8217;Andrea P\u00e9rez, Periodista, doctora en Filosofia i t\u00e8cnica de comunicaci\u00f3 en projectes sobre energia en el <strong>Grup ABD<\/strong>.<\/p>\n\n\n\n<p><a href=\"https:\/\/www.social.cat\/opinio\/21595\/refugis-climatics-limit-esperanca-enfront-calor\" target=\"_blank\" rel=\"noreferrer noopener\">Els refugis clim\u00e0tics com a l\u00edmit i esperan\u00e7a enfront la calor<\/a><\/p>\n\n\n\n<p><\/p>\n\n\n\n<p><\/p>\n","protected":false},"excerpt":{"rendered":"<p>El Grup&nbsp;ABD ha estat present als mitjans de comunicaci\u00f3 durant aquest mes d&#8217;agost. A continuaci\u00f3, el resum de premsa de les not\u00edcies, articles i reportatges en qu\u00e8 hem participat com&hellip;<\/p>\n","protected":false},"author":12,"featured_media":156710,"comment_status":"closed","ping_status":"closed","sticky":false,"template":"","format":"standard","meta":{"_acf_changed":false,"footnotes":""},"categories":[66],"tags":[119,675,732,435,835],"class_list":["post-162431","post","type-post","status-publish","format-standard","has-post-thumbnail","hentry","category-general-ca","tag-abd","tag-asociacion-bienestar-y-desarrollo-ca","tag-associacio-benestar-i-desenvolupament-ca","tag-mitjans-de-comunicacio","tag-noticies"],"acf":[],"yoast_head":"<!-- This site is optimized with the Yoast SEO plugin v27.4 - https:\/\/yoast.com\/product\/yoast-seo-wordpress\/ -->\n<title>ABD als mitjans de comunicaci\u00f3 a l&#039;agost - ABD<\/title>\n<meta name=\"description\" content=\"El Grup&nbsp;ABD ha estat present als mitjans de comunicaci\u00f3 durant aquest mes d&#039;agost. A continuaci\u00f3, el resum de premsa de les not\u00edcies, articles i\" \/>\n<meta name=\"robots\" content=\"index, follow, max-snippet:-1, max-image-preview:large, max-video-preview:-1\" \/>\n<link rel=\"canonical\" href=\"https:\/\/abd.ong\/ca\/general-ca\/abd-als-mitjans-de-comunicacio-a-lagost-3\/\" \/>\n<meta property=\"og:locale\" content=\"ca_ES\" \/>\n<meta property=\"og:type\" content=\"article\" \/>\n<meta property=\"og:title\" content=\"ABD als mitjans de comunicaci\u00f3 a l&#039;agost - ABD\" \/>\n<meta property=\"og:description\" content=\"El Grup&nbsp;ABD ha estat present als mitjans de comunicaci\u00f3 durant aquest mes d&#039;agost. A continuaci\u00f3, el resum de premsa de les not\u00edcies, articles i\" \/>\n<meta property=\"og:url\" content=\"https:\/\/abd.ong\/ca\/general-ca\/abd-als-mitjans-de-comunicacio-a-lagost-3\/\" \/>\n<meta property=\"og:site_name\" content=\"ABD\" \/>\n<meta property=\"article:publisher\" content=\"https:\/\/www.facebook.com\/abd.ong\" \/>\n<meta property=\"article:published_time\" content=\"2024-08-28T09:18:05+00:00\" \/>\n<meta property=\"article:modified_time\" content=\"2024-08-28T10:00:55+00:00\" \/>\n<meta property=\"og:image\" content=\"https:\/\/abd.ong\/wp-content\/uploads\/2023\/12\/GRUP-ABD-2023-FESTA-TIO-1024x576.png\" \/>\n\t<meta property=\"og:image:width\" content=\"1024\" \/>\n\t<meta property=\"og:image:height\" content=\"576\" \/>\n\t<meta property=\"og:image:type\" content=\"image\/png\" \/>\n<meta name=\"author\" content=\"Francesc Balart\" \/>\n<meta name=\"twitter:card\" content=\"summary_large_image\" \/>\n<meta name=\"twitter:creator\" content=\"@abd_ong\" \/>\n<meta name=\"twitter:site\" content=\"@abd_ong\" \/>\n<meta name=\"twitter:label1\" content=\"Escrit per\" \/>\n\t<meta name=\"twitter:data1\" content=\"Francesc Balart\" \/>\n\t<meta name=\"twitter:label2\" content=\"Temps estimat de lectura\" \/>\n\t<meta name=\"twitter:data2\" content=\"3 minuts\" \/>\n<script type=\"application\/ld+json\" class=\"yoast-schema-graph\">{\"@context\":\"https:\\\/\\\/schema.org\",\"@graph\":[{\"@type\":\"Article\",\"@id\":\"https:\\\/\\\/abd.ong\\\/ca\\\/general-ca\\\/abd-als-mitjans-de-comunicacio-a-lagost-3\\\/#article\",\"isPartOf\":{\"@id\":\"https:\\\/\\\/abd.ong\\\/ca\\\/general-ca\\\/abd-als-mitjans-de-comunicacio-a-lagost-3\\\/\"},\"author\":{\"name\":\"Francesc Balart\",\"@id\":\"https:\\\/\\\/abd.ong\\\/ca\\\/#\\\/schema\\\/person\\\/6bb74ed13fc8bdf3a5382c66db14c9ee\"},\"headline\":\"ABD als mitjans de comunicaci\u00f3 a l&#8217;agost\",\"datePublished\":\"2024-08-28T09:18:05+00:00\",\"dateModified\":\"2024-08-28T10:00:55+00:00\",\"mainEntityOfPage\":{\"@id\":\"https:\\\/\\\/abd.ong\\\/ca\\\/general-ca\\\/abd-als-mitjans-de-comunicacio-a-lagost-3\\\/\"},\"wordCount\":571,\"publisher\":{\"@id\":\"https:\\\/\\\/abd.ong\\\/ca\\\/#organization\"},\"image\":{\"@id\":\"https:\\\/\\\/abd.ong\\\/ca\\\/general-ca\\\/abd-als-mitjans-de-comunicacio-a-lagost-3\\\/#primaryimage\"},\"thumbnailUrl\":\"https:\\\/\\\/abd.ong\\\/wp-content\\\/uploads\\\/2023\\\/12\\\/GRUP-ABD-2023-FESTA-TIO.png\",\"keywords\":[\"ABD\",\"Asociaci\u00f3n Bienestar y Desarrollo\",\"Associaci\u00f3 Benestar i Desenvolupament\",\"mitjans de comunicaci\u00f3\",\"not\u00edcies\"],\"articleSection\":[\"General\"],\"inLanguage\":\"ca\"},{\"@type\":\"WebPage\",\"@id\":\"https:\\\/\\\/abd.ong\\\/ca\\\/general-ca\\\/abd-als-mitjans-de-comunicacio-a-lagost-3\\\/\",\"url\":\"https:\\\/\\\/abd.ong\\\/ca\\\/general-ca\\\/abd-als-mitjans-de-comunicacio-a-lagost-3\\\/\",\"name\":\"ABD als mitjans de comunicaci\u00f3 a l'agost - ABD\",\"isPartOf\":{\"@id\":\"https:\\\/\\\/abd.ong\\\/ca\\\/#website\"},\"primaryImageOfPage\":{\"@id\":\"https:\\\/\\\/abd.ong\\\/ca\\\/general-ca\\\/abd-als-mitjans-de-comunicacio-a-lagost-3\\\/#primaryimage\"},\"image\":{\"@id\":\"https:\\\/\\\/abd.ong\\\/ca\\\/general-ca\\\/abd-als-mitjans-de-comunicacio-a-lagost-3\\\/#primaryimage\"},\"thumbnailUrl\":\"https:\\\/\\\/abd.ong\\\/wp-content\\\/uploads\\\/2023\\\/12\\\/GRUP-ABD-2023-FESTA-TIO.png\",\"datePublished\":\"2024-08-28T09:18:05+00:00\",\"dateModified\":\"2024-08-28T10:00:55+00:00\",\"description\":\"El Grup&nbsp;ABD ha estat present als mitjans de comunicaci\u00f3 durant aquest mes d'agost. A continuaci\u00f3, el resum de premsa de les not\u00edcies, articles i\",\"breadcrumb\":{\"@id\":\"https:\\\/\\\/abd.ong\\\/ca\\\/general-ca\\\/abd-als-mitjans-de-comunicacio-a-lagost-3\\\/#breadcrumb\"},\"inLanguage\":\"ca\",\"potentialAction\":[{\"@type\":\"ReadAction\",\"target\":[\"https:\\\/\\\/abd.ong\\\/ca\\\/general-ca\\\/abd-als-mitjans-de-comunicacio-a-lagost-3\\\/\"]}]},{\"@type\":\"ImageObject\",\"inLanguage\":\"ca\",\"@id\":\"https:\\\/\\\/abd.ong\\\/ca\\\/general-ca\\\/abd-als-mitjans-de-comunicacio-a-lagost-3\\\/#primaryimage\",\"url\":\"https:\\\/\\\/abd.ong\\\/wp-content\\\/uploads\\\/2023\\\/12\\\/GRUP-ABD-2023-FESTA-TIO.png\",\"contentUrl\":\"https:\\\/\\\/abd.ong\\\/wp-content\\\/uploads\\\/2023\\\/12\\\/GRUP-ABD-2023-FESTA-TIO.png\",\"width\":2048,\"height\":1152},{\"@type\":\"BreadcrumbList\",\"@id\":\"https:\\\/\\\/abd.ong\\\/ca\\\/general-ca\\\/abd-als-mitjans-de-comunicacio-a-lagost-3\\\/#breadcrumb\",\"itemListElement\":[{\"@type\":\"ListItem\",\"position\":1,\"name\":\"Inici\",\"item\":\"https:\\\/\\\/abd.ong\\\/ca\\\/\"},{\"@type\":\"ListItem\",\"position\":2,\"name\":\"ABD als mitjans de comunicaci\u00f3 a l&#8217;agost\"}]},{\"@type\":\"WebSite\",\"@id\":\"https:\\\/\\\/abd.ong\\\/ca\\\/#website\",\"url\":\"https:\\\/\\\/abd.ong\\\/ca\\\/\",\"name\":\"ABD\",\"description\":\"Asociaci\u00f3n Bienestar y Desarrollo\",\"publisher\":{\"@id\":\"https:\\\/\\\/abd.ong\\\/ca\\\/#organization\"},\"potentialAction\":[{\"@type\":\"SearchAction\",\"target\":{\"@type\":\"EntryPoint\",\"urlTemplate\":\"https:\\\/\\\/abd.ong\\\/ca\\\/?s={search_term_string}\"},\"query-input\":{\"@type\":\"PropertyValueSpecification\",\"valueRequired\":true,\"valueName\":\"search_term_string\"}}],\"inLanguage\":\"ca\"},{\"@type\":\"Organization\",\"@id\":\"https:\\\/\\\/abd.ong\\\/ca\\\/#organization\",\"name\":\"Associaci\u00f3 Benestar i Desenvolupament\",\"alternateName\":\"ABD\",\"url\":\"https:\\\/\\\/abd.ong\\\/ca\\\/\",\"logo\":{\"@type\":\"ImageObject\",\"inLanguage\":\"ca\",\"@id\":\"https:\\\/\\\/abd.ong\\\/ca\\\/#\\\/schema\\\/logo\\\/image\\\/\",\"url\":\"https:\\\/\\\/abd.ong\\\/wp-content\\\/uploads\\\/2023\\\/01\\\/Icona.png\",\"contentUrl\":\"https:\\\/\\\/abd.ong\\\/wp-content\\\/uploads\\\/2023\\\/01\\\/Icona.png\",\"width\":190,\"height\":187,\"caption\":\"Associaci\u00f3 Benestar i Desenvolupament\"},\"image\":{\"@id\":\"https:\\\/\\\/abd.ong\\\/ca\\\/#\\\/schema\\\/logo\\\/image\\\/\"},\"sameAs\":[\"https:\\\/\\\/www.facebook.com\\\/abd.ong\",\"https:\\\/\\\/x.com\\\/abd_ong\",\"https:\\\/\\\/www.instagram.com\\\/abd_ong\\\/\",\"https:\\\/\\\/www.linkedin.com\\\/company\\\/abdong\",\"https:\\\/\\\/www.youtube.com\\\/user\\\/CANALABD\"]},{\"@type\":\"Person\",\"@id\":\"https:\\\/\\\/abd.ong\\\/ca\\\/#\\\/schema\\\/person\\\/6bb74ed13fc8bdf3a5382c66db14c9ee\",\"name\":\"Francesc Balart\"}]}<\/script>\n<!-- \/ Yoast SEO plugin. -->","yoast_head_json":{"title":"ABD als mitjans de comunicaci\u00f3 a l'agost - ABD","description":"El Grup&nbsp;ABD ha estat present als mitjans de comunicaci\u00f3 durant aquest mes d'agost. A continuaci\u00f3, el resum de premsa de les not\u00edcies, articles i","robots":{"index":"index","follow":"follow","max-snippet":"max-snippet:-1","max-image-preview":"max-image-preview:large","max-video-preview":"max-video-preview:-1"},"canonical":"https:\/\/abd.ong\/ca\/general-ca\/abd-als-mitjans-de-comunicacio-a-lagost-3\/","og_locale":"ca_ES","og_type":"article","og_title":"ABD als mitjans de comunicaci\u00f3 a l'agost - ABD","og_description":"El Grup&nbsp;ABD ha estat present als mitjans de comunicaci\u00f3 durant aquest mes d'agost. A continuaci\u00f3, el resum de premsa de les not\u00edcies, articles i","og_url":"https:\/\/abd.ong\/ca\/general-ca\/abd-als-mitjans-de-comunicacio-a-lagost-3\/","og_site_name":"ABD","article_publisher":"https:\/\/www.facebook.com\/abd.ong","article_published_time":"2024-08-28T09:18:05+00:00","article_modified_time":"2024-08-28T10:00:55+00:00","og_image":[{"width":1024,"height":576,"url":"https:\/\/abd.ong\/wp-content\/uploads\/2023\/12\/GRUP-ABD-2023-FESTA-TIO-1024x576.png","type":"image\/png"}],"author":"Francesc Balart","twitter_card":"summary_large_image","twitter_creator":"@abd_ong","twitter_site":"@abd_ong","twitter_misc":{"Escrit per":"Francesc Balart","Temps estimat de lectura":"3 minuts"},"schema":{"@context":"https:\/\/schema.org","@graph":[{"@type":"Article","@id":"https:\/\/abd.ong\/ca\/general-ca\/abd-als-mitjans-de-comunicacio-a-lagost-3\/#article","isPartOf":{"@id":"https:\/\/abd.ong\/ca\/general-ca\/abd-als-mitjans-de-comunicacio-a-lagost-3\/"},"author":{"name":"Francesc Balart","@id":"https:\/\/abd.ong\/ca\/#\/schema\/person\/6bb74ed13fc8bdf3a5382c66db14c9ee"},"headline":"ABD als mitjans de comunicaci\u00f3 a l&#8217;agost","datePublished":"2024-08-28T09:18:05+00:00","dateModified":"2024-08-28T10:00:55+00:00","mainEntityOfPage":{"@id":"https:\/\/abd.ong\/ca\/general-ca\/abd-als-mitjans-de-comunicacio-a-lagost-3\/"},"wordCount":571,"publisher":{"@id":"https:\/\/abd.ong\/ca\/#organization"},"image":{"@id":"https:\/\/abd.ong\/ca\/general-ca\/abd-als-mitjans-de-comunicacio-a-lagost-3\/#primaryimage"},"thumbnailUrl":"https:\/\/abd.ong\/wp-content\/uploads\/2023\/12\/GRUP-ABD-2023-FESTA-TIO.png","keywords":["ABD","Asociaci\u00f3n Bienestar y Desarrollo","Associaci\u00f3 Benestar i Desenvolupament","mitjans de comunicaci\u00f3","not\u00edcies"],"articleSection":["General"],"inLanguage":"ca"},{"@type":"WebPage","@id":"https:\/\/abd.ong\/ca\/general-ca\/abd-als-mitjans-de-comunicacio-a-lagost-3\/","url":"https:\/\/abd.ong\/ca\/general-ca\/abd-als-mitjans-de-comunicacio-a-lagost-3\/","name":"ABD als mitjans de comunicaci\u00f3 a l'agost - ABD","isPartOf":{"@id":"https:\/\/abd.ong\/ca\/#website"},"primaryImageOfPage":{"@id":"https:\/\/abd.ong\/ca\/general-ca\/abd-als-mitjans-de-comunicacio-a-lagost-3\/#primaryimage"},"image":{"@id":"https:\/\/abd.ong\/ca\/general-ca\/abd-als-mitjans-de-comunicacio-a-lagost-3\/#primaryimage"},"thumbnailUrl":"https:\/\/abd.ong\/wp-content\/uploads\/2023\/12\/GRUP-ABD-2023-FESTA-TIO.png","datePublished":"2024-08-28T09:18:05+00:00","dateModified":"2024-08-28T10:00:55+00:00","description":"El Grup&nbsp;ABD ha estat present als mitjans de comunicaci\u00f3 durant aquest mes d'agost. A continuaci\u00f3, el resum de premsa de les not\u00edcies, articles i","breadcrumb":{"@id":"https:\/\/abd.ong\/ca\/general-ca\/abd-als-mitjans-de-comunicacio-a-lagost-3\/#breadcrumb"},"inLanguage":"ca","potentialAction":[{"@type":"ReadAction","target":["https:\/\/abd.ong\/ca\/general-ca\/abd-als-mitjans-de-comunicacio-a-lagost-3\/"]}]},{"@type":"ImageObject","inLanguage":"ca","@id":"https:\/\/abd.ong\/ca\/general-ca\/abd-als-mitjans-de-comunicacio-a-lagost-3\/#primaryimage","url":"https:\/\/abd.ong\/wp-content\/uploads\/2023\/12\/GRUP-ABD-2023-FESTA-TIO.png","contentUrl":"https:\/\/abd.ong\/wp-content\/uploads\/2023\/12\/GRUP-ABD-2023-FESTA-TIO.png","width":2048,"height":1152},{"@type":"BreadcrumbList","@id":"https:\/\/abd.ong\/ca\/general-ca\/abd-als-mitjans-de-comunicacio-a-lagost-3\/#breadcrumb","itemListElement":[{"@type":"ListItem","position":1,"name":"Inici","item":"https:\/\/abd.ong\/ca\/"},{"@type":"ListItem","position":2,"name":"ABD als mitjans de comunicaci\u00f3 a l&#8217;agost"}]},{"@type":"WebSite","@id":"https:\/\/abd.ong\/ca\/#website","url":"https:\/\/abd.ong\/ca\/","name":"ABD","description":"Asociaci\u00f3n Bienestar y Desarrollo","publisher":{"@id":"https:\/\/abd.ong\/ca\/#organization"},"potentialAction":[{"@type":"SearchAction","target":{"@type":"EntryPoint","urlTemplate":"https:\/\/abd.ong\/ca\/?s={search_term_string}"},"query-input":{"@type":"PropertyValueSpecification","valueRequired":true,"valueName":"search_term_string"}}],"inLanguage":"ca"},{"@type":"Organization","@id":"https:\/\/abd.ong\/ca\/#organization","name":"Associaci\u00f3 Benestar i Desenvolupament","alternateName":"ABD","url":"https:\/\/abd.ong\/ca\/","logo":{"@type":"ImageObject","inLanguage":"ca","@id":"https:\/\/abd.ong\/ca\/#\/schema\/logo\/image\/","url":"https:\/\/abd.ong\/wp-content\/uploads\/2023\/01\/Icona.png","contentUrl":"https:\/\/abd.ong\/wp-content\/uploads\/2023\/01\/Icona.png","width":190,"height":187,"caption":"Associaci\u00f3 Benestar i Desenvolupament"},"image":{"@id":"https:\/\/abd.ong\/ca\/#\/schema\/logo\/image\/"},"sameAs":["https:\/\/www.facebook.com\/abd.ong","https:\/\/x.com\/abd_ong","https:\/\/www.instagram.com\/abd_ong\/","https:\/\/www.linkedin.com\/company\/abdong","https:\/\/www.youtube.com\/user\/CANALABD"]},{"@type":"Person","@id":"https:\/\/abd.ong\/ca\/#\/schema\/person\/6bb74ed13fc8bdf3a5382c66db14c9ee","name":"Francesc Balart"}]}},"_links":{"self":[{"href":"https:\/\/abd.ong\/ca\/wp-json\/wp\/v2\/posts\/162431","targetHints":{"allow":["GET"]}}],"collection":[{"href":"https:\/\/abd.ong\/ca\/wp-json\/wp\/v2\/posts"}],"about":[{"href":"https:\/\/abd.ong\/ca\/wp-json\/wp\/v2\/types\/post"}],"author":[{"embeddable":true,"href":"https:\/\/abd.ong\/ca\/wp-json\/wp\/v2\/users\/12"}],"replies":[{"embeddable":true,"href":"https:\/\/abd.ong\/ca\/wp-json\/wp\/v2\/comments?post=162431"}],"version-history":[{"count":3,"href":"https:\/\/abd.ong\/ca\/wp-json\/wp\/v2\/posts\/162431\/revisions"}],"predecessor-version":[{"id":162452,"href":"https:\/\/abd.ong\/ca\/wp-json\/wp\/v2\/posts\/162431\/revisions\/162452"}],"wp:featuredmedia":[{"embeddable":true,"href":"https:\/\/abd.ong\/ca\/wp-json\/wp\/v2\/media\/156710"}],"wp:attachment":[{"href":"https:\/\/abd.ong\/ca\/wp-json\/wp\/v2\/media?parent=162431"}],"wp:term":[{"taxonomy":"category","embeddable":true,"href":"https:\/\/abd.ong\/ca\/wp-json\/wp\/v2\/categories?post=162431"},{"taxonomy":"post_tag","embeddable":true,"href":"https:\/\/abd.ong\/ca\/wp-json\/wp\/v2\/tags?post=162431"}],"curies":[{"name":"wp","href":"https:\/\/api.w.org\/{rel}","templated":true}]}}