{"id":162376,"date":"2024-08-07T13:59:50","date_gmt":"2024-08-07T11:59:50","guid":{"rendered":"https:\/\/abd.ong\/sense-categoria\/obren-les-inscripcions-per-a-lonzena-edicio-de-la-formacio-dexpert-en-intervencio-familiar-grupal-i-multifamiliar\/"},"modified":"2024-08-09T11:54:58","modified_gmt":"2024-08-09T09:54:58","slug":"obren-les-inscripcions-per-a-lonzena-edicio-de-la-formacio-dexpert-en-intervencio-familiar-grupal-i-multifamiliar","status":"publish","type":"post","link":"https:\/\/abd.ong\/ca\/infancia-i-familia\/obren-les-inscripcions-per-a-lonzena-edicio-de-la-formacio-dexpert-en-intervencio-familiar-grupal-i-multifamiliar\/","title":{"rendered":"Obren les inscripcions per a l&#8217;onzena edici\u00f3 de la formaci\u00f3 d&#8217;Expert en Intervenci\u00f3 Familiar, Grupal i Multifamiliar"},"content":{"rendered":"\n<h3 class=\"wp-block-heading\">Una formaci\u00f3 pr\u00e0ctica que aporta les eines b\u00e0siques per a la intervenci\u00f3 terap\u00e8utica <em>familiar, grupal i multifamiliar<\/em> en contextos socials, sanitaris i educatius<\/h3>\n\n\n\n<div style=\"height:50px\" aria-hidden=\"true\" class=\"wp-block-spacer\"><\/div>\n\n\n\n<p><strong><a href=\"https:\/\/abd.ong\/ca\/\" target=\"_blank\" rel=\"noopener\">L&#8217;Associaci\u00f3 Benestar i Desenvolupament &#8220;Grup ABD&#8221;<\/a>\u00a0<\/strong>juntament amb el\u00a0<a href=\"https:\/\/www.cti-udac.com\/\" target=\"_blank\" rel=\"noopener\"><strong><span class=\"hiddenSpellError\">CTI<\/span>\u00a0Centre de Ter\u00e0pia Interfamiliar<\/strong><\/a> i <strong><a href=\"https:\/\/www.lasallecentrouniversitario.es\/\" target=\"_blank\" rel=\"noopener\">La Salle Centre Universitari<\/a><\/strong> impulsen per onz\u00e8 any consecutiu formacions integradores basades en la perspectiva de la teoria de l&#8217;aferrament i el di\u00e0leg obert. Aquest any s&#8217;impartir\u00e0 una sola formaci\u00f3<em> &#8220;Expert en Intervencions Familiars, Grupals i Multifamiliars en contextos socials, sanitaris i educatius&#8221;<\/em> en format presencial a diferents ciutats: <strong>Barcelona, \u200b\u200bVal\u00e8ncia, Madrid, Girona, Villena-Elx i Saragossa o\u00a0en l\u00ednia,<\/strong> amb classes en directe i espais vivencials.<\/p>\n\n\n\n<p>La formaci\u00f3 va dirigida a<strong> professionals titulats<\/strong> que desitgen conduir espais terap\u00e8utics individuals, grupals i multifamiliars des d&#8217;una visi\u00f3 m\u00e9s humana, inclusiva i social basada en la teoria de l&#8217;aferrament i les bones&nbsp;pr\u00e0ctiques&nbsp;dial\u00f2giques.<\/p>\n\n\n\n<p>El postgrau t\u00e9 un car\u00e0cter teoricopr\u00e0ctic amb classes en directe on s\u2019estimula la participaci\u00f3 activa dels alumnes en din\u00e0miques de grup, la supervisi\u00f3 grupal de material audiovisual i la inclusi\u00f3 en un espai vivencial. A aix\u00f2 s\u2019hi suma un treball personal de l\u2019alumnat de lectura i an\u00e0lisi de textos fonamentals a trav\u00e9s de f\u00f2rums i blocs inserits a la plataforma digital de suport a la doc\u00e8ncia.<\/p>\n\n\n\n<p>Coordinat pel director del&nbsp;<span class=\"hiddenSpellError\">CTI<\/span>&nbsp;d&#8217;Elx,&nbsp;<strong><span class=\"hiddenSpellError\">Javier<\/span>&nbsp;Sempere<\/strong>, i el coordinador del programa d&#8217;adolescents de&nbsp;<span class=\"hiddenSpellError\">CTI<\/span>,&nbsp;<strong><span class=\"hiddenSpellError\">Claudio<\/span>&nbsp;<span class=\"hiddenSpellError\">Fuenzalida<\/span><\/strong>, l&#8217;alumnat tamb\u00e9 comptar\u00e0 amb el coneixement i l&#8217;experi\u00e8ncia del psic\u00f2leg cl\u00ednic&nbsp;<strong><span class=\"hiddenSpellError\">Jaakko<\/span>&nbsp;<span class=\"hiddenSpellError\">Seikkula<\/span><\/strong>, la psicoanalista&nbsp;<strong><span class=\"hiddenSpellError\">Mar\u00eda<\/span>&nbsp;Elisa Mitre<\/strong> i el psiquiatre <strong>Mario&nbsp;<span class=\"hiddenSpellError\">Marrone<\/span><\/strong>,&nbsp;entre altres docents.<\/p>\n\n\n\n<p>Per a m\u00e9s informaci\u00f3 consulta la p\u00e0gina web: <a href=\"https:\/\/www.cti-udac.com\/formacion-en-terapia\" target=\"_blank\" rel=\"noopener\">https:\/\/www.cti-udac.com\/formacion-en-terapia<\/a><\/p>\n\n\n\n<hr class=\"wp-block-separator has-alpha-channel-opacity\"\/>\n\n\n\n<div style=\"height:50px\" aria-hidden=\"true\" class=\"wp-block-spacer\"><\/div>\n\n\n\n<h3 class=\"wp-block-heading\"><strong>Inscripcions i calendari<\/strong><\/h3>\n\n\n\n<div style=\"height:20px\" aria-hidden=\"true\" class=\"wp-block-spacer\"><\/div>\n\n\n\n<p><strong>Barcelona:<\/strong><\/p>\n\n\n\n<div class=\"wp-block-media-text is-stacked-on-mobile\" style=\"grid-template-columns:31% auto\"><figure class=\"wp-block-media-text__media\"><img fetchpriority=\"high\" decoding=\"async\" width=\"282\" height=\"376\" src=\"https:\/\/abd.ong\/wp-content\/uploads\/2024\/08\/BARCELONA-curs-EXPERT-EN-INTERVENCIONS-familiars-grupals-i-multiamiliars_page-0001-1.webp\" alt=\"\" class=\"wp-image-162340 size-full\" srcset=\"https:\/\/abd.ong\/wp-content\/uploads\/2024\/08\/BARCELONA-curs-EXPERT-EN-INTERVENCIONS-familiars-grupals-i-multiamiliars_page-0001-1.webp 282w, https:\/\/abd.ong\/wp-content\/uploads\/2024\/08\/BARCELONA-curs-EXPERT-EN-INTERVENCIONS-familiars-grupals-i-multiamiliars_page-0001-1-225x300.webp 225w\" sizes=\"(max-width: 282px) 100vw, 282px\" \/><\/figure><div class=\"wp-block-media-text__content\">\n<p><a href=\"https:\/\/www.terapiamultifamiliar.com\/_files\/ugd\/cba041_828a04e36b6b422b9365704042c77864.pdf\" target=\"_blank\" rel=\"noopener\">Expert en Intervencions Familiars, Grupals i Multifamiliars en contextos socials, sanitaris i educatius<\/a><\/p>\n\n\n\n<p>El curs presencial a Barcelona s&#8217;impartir\u00e0 a <a href=\"https:\/\/maps.app.goo.gl\/1rLLM1Fd5vCWwEF98\" target=\"_blank\" rel=\"noopener\">Hest\u00eda Centre Internacional de Psicoter\u00e0pia. c\/Mallorca, 279\u20132n-3. Barcelona<\/a><\/p>\n\n\n\n<p>Les places s\u00f3n limitades i les inscripcions es poden fer<a href=\"https:\/\/docs.google.com\/forms\/d\/e\/1FAIpQLScAPHCLwjmkHE8e7UXn53vSlCTd44xPtSnrxHBPfDU7zc7VIw\/viewform\" target=\"_blank\" rel=\"noopener\"><strong> en aquest enlla\u00e7.<\/strong><\/a><\/p>\n<\/div><\/div>\n\n\n\n<div style=\"height:20px\" aria-hidden=\"true\" class=\"wp-block-spacer\"><\/div>\n\n\n\n<div style=\"height:20px\" aria-hidden=\"true\" class=\"wp-block-spacer\"><\/div>\n\n\n\n<p><strong>Madrid:<\/strong><\/p>\n\n\n\n<div class=\"wp-block-media-text is-stacked-on-mobile\" style=\"grid-template-columns:31% auto\"><figure class=\"wp-block-media-text__media\"><img decoding=\"async\" width=\"282\" height=\"376\" src=\"https:\/\/abd.ong\/wp-content\/uploads\/2024\/08\/MADRID-curso-EXPERTO-EN-INTERVENCIONES-FAMILIARES-GRUPALES-Y-MULTIFAMILIARES_page-0001_jp.webp\" alt=\"\" class=\"wp-image-162317 size-full\" srcset=\"https:\/\/abd.ong\/wp-content\/uploads\/2024\/08\/MADRID-curso-EXPERTO-EN-INTERVENCIONES-FAMILIARES-GRUPALES-Y-MULTIFAMILIARES_page-0001_jp.webp 282w, https:\/\/abd.ong\/wp-content\/uploads\/2024\/08\/MADRID-curso-EXPERTO-EN-INTERVENCIONES-FAMILIARES-GRUPALES-Y-MULTIFAMILIARES_page-0001_jp-225x300.webp 225w\" sizes=\"(max-width: 282px) 100vw, 282px\" \/><\/figure><div class=\"wp-block-media-text__content\">\n<p><a href=\"https:\/\/www.terapiamultifamiliar.com\/_files\/ugd\/cba041_828a04e36b6b422b9365704042c77864.pdf\" target=\"_blank\" rel=\"noopener\">Expert en Intervencions Familiars, Grupals i Multifamiliars en contextos socials, sanitaris i educatius<\/a><\/p>\n\n\n\n<p>El curs presencial a Madrid s&#8217;impartir\u00e0 a <a href=\"https:\/\/maps.app.goo.gl\/nwuyiwSjfmJ5E6NLA\" target=\"_blank\" rel=\"noopener\">Associaci\u00f3&nbsp;<span class=\"hiddenSpellError\">Nuevo<\/span>&nbsp;<span class=\"hiddenSpellError\">Futuro<\/span>&nbsp;<span class=\"hiddenSpellError\">SIRIO<\/span>. Projecte&nbsp;<span class=\"hiddenSpellError\">SirioLAB<\/span>.&nbsp;<span class=\"hiddenGrammarError\">c<\/span>\/<span class=\"hiddenSpellError\">Ampara<\/span>&nbsp;<span class=\"hiddenSpellError\">Usera<\/span>, 44 (Metro&nbsp;<span class=\"hiddenSpellError\">Usera<\/span>). Madrid.<\/a><\/p>\n\n\n\n<p>Les places s\u00f3n limitades i les inscripcions es poden fer<a href=\"https:\/\/docs.google.com\/forms\/d\/e\/1FAIpQLScAPHCLwjmkHE8e7UXn53vSlCTd44xPtSnrxHBPfDU7zc7VIw\/viewform\" target=\"_blank\" rel=\"noopener\"><strong> en aquest enlla\u00e7.<\/strong><\/a><\/p>\n<\/div><\/div>\n\n\n\n<div style=\"height:20px\" aria-hidden=\"true\" class=\"wp-block-spacer\"><\/div>\n\n\n\n<p><\/p>\n","protected":false},"excerpt":{"rendered":"<p>Una formaci\u00f3 pr\u00e0ctica que aporta les eines b\u00e0siques per a la intervenci\u00f3 terap\u00e8utica familiar, grupal i multifamiliar en contextos socials, sanitaris i educatius L&#8217;Associaci\u00f3 Benestar i Desenvolupament &#8220;Grup ABD&#8221;\u00a0juntament amb&hellip;<\/p>\n","protected":false},"author":12,"featured_media":162331,"comment_status":"closed","ping_status":"closed","sticky":false,"template":"","format":"standard","meta":{"_acf_changed":false,"footnotes":""},"categories":[1303],"tags":[1897,675,3073],"class_list":["post-162376","post","type-post","status-publish","format-standard","has-post-thumbnail","hentry","category-infancia-i-familia","tag-abd-2-ca","tag-asociacion-bienestar-y-desarrollo-ca","tag-infancia-i-familia-ca-3"],"acf":[],"yoast_head":"<!-- This site is optimized with the Yoast SEO plugin v27.4 - https:\/\/yoast.com\/product\/yoast-seo-wordpress\/ -->\n<title>Obren les inscripcions per a l&#039;onzena edici\u00f3 de la formaci\u00f3 d&#039;Expert en Intervenci\u00f3 Familiar, Grupal i Multifamiliar - ABD<\/title>\n<meta name=\"description\" content=\"Una formaci\u00f3 pr\u00e0ctica que aporta les eines b\u00e0siques per a la intervenci\u00f3 terap\u00e8utica familiar, grupal i multifamiliar en contextos socials, sanitaris i\" \/>\n<meta name=\"robots\" content=\"index, follow, max-snippet:-1, max-image-preview:large, max-video-preview:-1\" \/>\n<link rel=\"canonical\" href=\"https:\/\/abd.ong\/ca\/infancia-i-familia\/obren-les-inscripcions-per-a-lonzena-edicio-de-la-formacio-dexpert-en-intervencio-familiar-grupal-i-multifamiliar\/\" \/>\n<meta property=\"og:locale\" content=\"ca_ES\" \/>\n<meta property=\"og:type\" content=\"article\" \/>\n<meta property=\"og:title\" content=\"Obren les inscripcions per a l&#039;onzena edici\u00f3 de la formaci\u00f3 d&#039;Expert en Intervenci\u00f3 Familiar, Grupal i Multifamiliar - ABD\" \/>\n<meta property=\"og:description\" content=\"Una formaci\u00f3 pr\u00e0ctica que aporta les eines b\u00e0siques per a la intervenci\u00f3 terap\u00e8utica familiar, grupal i multifamiliar en contextos socials, sanitaris i\" \/>\n<meta property=\"og:url\" content=\"https:\/\/abd.ong\/ca\/infancia-i-familia\/obren-les-inscripcions-per-a-lonzena-edicio-de-la-formacio-dexpert-en-intervencio-familiar-grupal-i-multifamiliar\/\" \/>\n<meta property=\"og:site_name\" content=\"ABD\" \/>\n<meta property=\"article:publisher\" content=\"https:\/\/www.facebook.com\/abd.ong\" \/>\n<meta property=\"article:published_time\" content=\"2024-08-07T11:59:50+00:00\" \/>\n<meta property=\"article:modified_time\" content=\"2024-08-09T09:54:58+00:00\" \/>\n<meta property=\"og:image\" content=\"https:\/\/abd.ong\/wp-content\/uploads\/2024\/08\/Light-Pink-Pastel-Red-Clean-and-Corporate-Protest-Content-Pro-choice-Twitter-Post-22-1024x576.png\" \/>\n\t<meta property=\"og:image:width\" content=\"1024\" \/>\n\t<meta property=\"og:image:height\" content=\"576\" \/>\n\t<meta property=\"og:image:type\" content=\"image\/png\" \/>\n<meta name=\"author\" content=\"Francesc Balart\" \/>\n<meta name=\"twitter:card\" content=\"summary_large_image\" \/>\n<meta name=\"twitter:creator\" content=\"@abd_ong\" \/>\n<meta name=\"twitter:site\" content=\"@abd_ong\" \/>\n<meta name=\"twitter:label1\" content=\"Escrit per\" \/>\n\t<meta name=\"twitter:data1\" content=\"Francesc Balart\" \/>\n\t<meta name=\"twitter:label2\" content=\"Temps estimat de lectura\" \/>\n\t<meta name=\"twitter:data2\" content=\"3 minuts\" \/>\n<script type=\"application\/ld+json\" class=\"yoast-schema-graph\">{\"@context\":\"https:\\\/\\\/schema.org\",\"@graph\":[{\"@type\":\"Article\",\"@id\":\"https:\\\/\\\/abd.ong\\\/ca\\\/infancia-i-familia\\\/obren-les-inscripcions-per-a-lonzena-edicio-de-la-formacio-dexpert-en-intervencio-familiar-grupal-i-multifamiliar\\\/#article\",\"isPartOf\":{\"@id\":\"https:\\\/\\\/abd.ong\\\/ca\\\/infancia-i-familia\\\/obren-les-inscripcions-per-a-lonzena-edicio-de-la-formacio-dexpert-en-intervencio-familiar-grupal-i-multifamiliar\\\/\"},\"author\":{\"name\":\"Francesc Balart\",\"@id\":\"https:\\\/\\\/abd.ong\\\/ca\\\/#\\\/schema\\\/person\\\/6bb74ed13fc8bdf3a5382c66db14c9ee\"},\"headline\":\"Obren les inscripcions per a l&#8217;onzena edici\u00f3 de la formaci\u00f3 d&#8217;Expert en Intervenci\u00f3 Familiar, Grupal i Multifamiliar\",\"datePublished\":\"2024-08-07T11:59:50+00:00\",\"dateModified\":\"2024-08-09T09:54:58+00:00\",\"mainEntityOfPage\":{\"@id\":\"https:\\\/\\\/abd.ong\\\/ca\\\/infancia-i-familia\\\/obren-les-inscripcions-per-a-lonzena-edicio-de-la-formacio-dexpert-en-intervencio-familiar-grupal-i-multifamiliar\\\/\"},\"wordCount\":437,\"publisher\":{\"@id\":\"https:\\\/\\\/abd.ong\\\/ca\\\/#organization\"},\"image\":{\"@id\":\"https:\\\/\\\/abd.ong\\\/ca\\\/infancia-i-familia\\\/obren-les-inscripcions-per-a-lonzena-edicio-de-la-formacio-dexpert-en-intervencio-familiar-grupal-i-multifamiliar\\\/#primaryimage\"},\"thumbnailUrl\":\"https:\\\/\\\/abd.ong\\\/wp-content\\\/uploads\\\/2024\\\/08\\\/Light-Pink-Pastel-Red-Clean-and-Corporate-Protest-Content-Pro-choice-Twitter-Post-22.png\",\"keywords\":[\"ABD\",\"Asociaci\u00f3n Bienestar y Desarrollo\",\"inf\u00e0ncia i familia\"],\"articleSection\":[\"Inf\u00e0ncia i fam\u00edlia\"],\"inLanguage\":\"ca\"},{\"@type\":\"WebPage\",\"@id\":\"https:\\\/\\\/abd.ong\\\/ca\\\/infancia-i-familia\\\/obren-les-inscripcions-per-a-lonzena-edicio-de-la-formacio-dexpert-en-intervencio-familiar-grupal-i-multifamiliar\\\/\",\"url\":\"https:\\\/\\\/abd.ong\\\/ca\\\/infancia-i-familia\\\/obren-les-inscripcions-per-a-lonzena-edicio-de-la-formacio-dexpert-en-intervencio-familiar-grupal-i-multifamiliar\\\/\",\"name\":\"Obren les inscripcions per a l'onzena edici\u00f3 de la formaci\u00f3 d'Expert en Intervenci\u00f3 Familiar, Grupal i Multifamiliar - ABD\",\"isPartOf\":{\"@id\":\"https:\\\/\\\/abd.ong\\\/ca\\\/#website\"},\"primaryImageOfPage\":{\"@id\":\"https:\\\/\\\/abd.ong\\\/ca\\\/infancia-i-familia\\\/obren-les-inscripcions-per-a-lonzena-edicio-de-la-formacio-dexpert-en-intervencio-familiar-grupal-i-multifamiliar\\\/#primaryimage\"},\"image\":{\"@id\":\"https:\\\/\\\/abd.ong\\\/ca\\\/infancia-i-familia\\\/obren-les-inscripcions-per-a-lonzena-edicio-de-la-formacio-dexpert-en-intervencio-familiar-grupal-i-multifamiliar\\\/#primaryimage\"},\"thumbnailUrl\":\"https:\\\/\\\/abd.ong\\\/wp-content\\\/uploads\\\/2024\\\/08\\\/Light-Pink-Pastel-Red-Clean-and-Corporate-Protest-Content-Pro-choice-Twitter-Post-22.png\",\"datePublished\":\"2024-08-07T11:59:50+00:00\",\"dateModified\":\"2024-08-09T09:54:58+00:00\",\"description\":\"Una formaci\u00f3 pr\u00e0ctica que aporta les eines b\u00e0siques per a la intervenci\u00f3 terap\u00e8utica familiar, grupal i multifamiliar en contextos socials, sanitaris i\",\"breadcrumb\":{\"@id\":\"https:\\\/\\\/abd.ong\\\/ca\\\/infancia-i-familia\\\/obren-les-inscripcions-per-a-lonzena-edicio-de-la-formacio-dexpert-en-intervencio-familiar-grupal-i-multifamiliar\\\/#breadcrumb\"},\"inLanguage\":\"ca\",\"potentialAction\":[{\"@type\":\"ReadAction\",\"target\":[\"https:\\\/\\\/abd.ong\\\/ca\\\/infancia-i-familia\\\/obren-les-inscripcions-per-a-lonzena-edicio-de-la-formacio-dexpert-en-intervencio-familiar-grupal-i-multifamiliar\\\/\"]}]},{\"@type\":\"ImageObject\",\"inLanguage\":\"ca\",\"@id\":\"https:\\\/\\\/abd.ong\\\/ca\\\/infancia-i-familia\\\/obren-les-inscripcions-per-a-lonzena-edicio-de-la-formacio-dexpert-en-intervencio-familiar-grupal-i-multifamiliar\\\/#primaryimage\",\"url\":\"https:\\\/\\\/abd.ong\\\/wp-content\\\/uploads\\\/2024\\\/08\\\/Light-Pink-Pastel-Red-Clean-and-Corporate-Protest-Content-Pro-choice-Twitter-Post-22.png\",\"contentUrl\":\"https:\\\/\\\/abd.ong\\\/wp-content\\\/uploads\\\/2024\\\/08\\\/Light-Pink-Pastel-Red-Clean-and-Corporate-Protest-Content-Pro-choice-Twitter-Post-22.png\",\"width\":2048,\"height\":1152},{\"@type\":\"BreadcrumbList\",\"@id\":\"https:\\\/\\\/abd.ong\\\/ca\\\/infancia-i-familia\\\/obren-les-inscripcions-per-a-lonzena-edicio-de-la-formacio-dexpert-en-intervencio-familiar-grupal-i-multifamiliar\\\/#breadcrumb\",\"itemListElement\":[{\"@type\":\"ListItem\",\"position\":1,\"name\":\"Inici\",\"item\":\"https:\\\/\\\/abd.ong\\\/ca\\\/\"},{\"@type\":\"ListItem\",\"position\":2,\"name\":\"Obren les inscripcions per a l&#8217;onzena edici\u00f3 de la formaci\u00f3 d&#8217;Expert en Intervenci\u00f3 Familiar, Grupal i Multifamiliar\"}]},{\"@type\":\"WebSite\",\"@id\":\"https:\\\/\\\/abd.ong\\\/ca\\\/#website\",\"url\":\"https:\\\/\\\/abd.ong\\\/ca\\\/\",\"name\":\"ABD\",\"description\":\"Asociaci\u00f3n Bienestar y Desarrollo\",\"publisher\":{\"@id\":\"https:\\\/\\\/abd.ong\\\/ca\\\/#organization\"},\"potentialAction\":[{\"@type\":\"SearchAction\",\"target\":{\"@type\":\"EntryPoint\",\"urlTemplate\":\"https:\\\/\\\/abd.ong\\\/ca\\\/?s={search_term_string}\"},\"query-input\":{\"@type\":\"PropertyValueSpecification\",\"valueRequired\":true,\"valueName\":\"search_term_string\"}}],\"inLanguage\":\"ca\"},{\"@type\":\"Organization\",\"@id\":\"https:\\\/\\\/abd.ong\\\/ca\\\/#organization\",\"name\":\"Associaci\u00f3 Benestar i Desenvolupament\",\"alternateName\":\"ABD\",\"url\":\"https:\\\/\\\/abd.ong\\\/ca\\\/\",\"logo\":{\"@type\":\"ImageObject\",\"inLanguage\":\"ca\",\"@id\":\"https:\\\/\\\/abd.ong\\\/ca\\\/#\\\/schema\\\/logo\\\/image\\\/\",\"url\":\"https:\\\/\\\/abd.ong\\\/wp-content\\\/uploads\\\/2023\\\/01\\\/Icona.png\",\"contentUrl\":\"https:\\\/\\\/abd.ong\\\/wp-content\\\/uploads\\\/2023\\\/01\\\/Icona.png\",\"width\":190,\"height\":187,\"caption\":\"Associaci\u00f3 Benestar i Desenvolupament\"},\"image\":{\"@id\":\"https:\\\/\\\/abd.ong\\\/ca\\\/#\\\/schema\\\/logo\\\/image\\\/\"},\"sameAs\":[\"https:\\\/\\\/www.facebook.com\\\/abd.ong\",\"https:\\\/\\\/x.com\\\/abd_ong\",\"https:\\\/\\\/www.instagram.com\\\/abd_ong\\\/\",\"https:\\\/\\\/www.linkedin.com\\\/company\\\/abdong\",\"https:\\\/\\\/www.youtube.com\\\/user\\\/CANALABD\"]},{\"@type\":\"Person\",\"@id\":\"https:\\\/\\\/abd.ong\\\/ca\\\/#\\\/schema\\\/person\\\/6bb74ed13fc8bdf3a5382c66db14c9ee\",\"name\":\"Francesc Balart\"}]}<\/script>\n<!-- \/ Yoast SEO plugin. -->","yoast_head_json":{"title":"Obren les inscripcions per a l'onzena edici\u00f3 de la formaci\u00f3 d'Expert en Intervenci\u00f3 Familiar, Grupal i Multifamiliar - ABD","description":"Una formaci\u00f3 pr\u00e0ctica que aporta les eines b\u00e0siques per a la intervenci\u00f3 terap\u00e8utica familiar, grupal i multifamiliar en contextos socials, sanitaris i","robots":{"index":"index","follow":"follow","max-snippet":"max-snippet:-1","max-image-preview":"max-image-preview:large","max-video-preview":"max-video-preview:-1"},"canonical":"https:\/\/abd.ong\/ca\/infancia-i-familia\/obren-les-inscripcions-per-a-lonzena-edicio-de-la-formacio-dexpert-en-intervencio-familiar-grupal-i-multifamiliar\/","og_locale":"ca_ES","og_type":"article","og_title":"Obren les inscripcions per a l'onzena edici\u00f3 de la formaci\u00f3 d'Expert en Intervenci\u00f3 Familiar, Grupal i Multifamiliar - ABD","og_description":"Una formaci\u00f3 pr\u00e0ctica que aporta les eines b\u00e0siques per a la intervenci\u00f3 terap\u00e8utica familiar, grupal i multifamiliar en contextos socials, sanitaris i","og_url":"https:\/\/abd.ong\/ca\/infancia-i-familia\/obren-les-inscripcions-per-a-lonzena-edicio-de-la-formacio-dexpert-en-intervencio-familiar-grupal-i-multifamiliar\/","og_site_name":"ABD","article_publisher":"https:\/\/www.facebook.com\/abd.ong","article_published_time":"2024-08-07T11:59:50+00:00","article_modified_time":"2024-08-09T09:54:58+00:00","og_image":[{"width":1024,"height":576,"url":"https:\/\/abd.ong\/wp-content\/uploads\/2024\/08\/Light-Pink-Pastel-Red-Clean-and-Corporate-Protest-Content-Pro-choice-Twitter-Post-22-1024x576.png","type":"image\/png"}],"author":"Francesc Balart","twitter_card":"summary_large_image","twitter_creator":"@abd_ong","twitter_site":"@abd_ong","twitter_misc":{"Escrit per":"Francesc Balart","Temps estimat de lectura":"3 minuts"},"schema":{"@context":"https:\/\/schema.org","@graph":[{"@type":"Article","@id":"https:\/\/abd.ong\/ca\/infancia-i-familia\/obren-les-inscripcions-per-a-lonzena-edicio-de-la-formacio-dexpert-en-intervencio-familiar-grupal-i-multifamiliar\/#article","isPartOf":{"@id":"https:\/\/abd.ong\/ca\/infancia-i-familia\/obren-les-inscripcions-per-a-lonzena-edicio-de-la-formacio-dexpert-en-intervencio-familiar-grupal-i-multifamiliar\/"},"author":{"name":"Francesc Balart","@id":"https:\/\/abd.ong\/ca\/#\/schema\/person\/6bb74ed13fc8bdf3a5382c66db14c9ee"},"headline":"Obren les inscripcions per a l&#8217;onzena edici\u00f3 de la formaci\u00f3 d&#8217;Expert en Intervenci\u00f3 Familiar, Grupal i Multifamiliar","datePublished":"2024-08-07T11:59:50+00:00","dateModified":"2024-08-09T09:54:58+00:00","mainEntityOfPage":{"@id":"https:\/\/abd.ong\/ca\/infancia-i-familia\/obren-les-inscripcions-per-a-lonzena-edicio-de-la-formacio-dexpert-en-intervencio-familiar-grupal-i-multifamiliar\/"},"wordCount":437,"publisher":{"@id":"https:\/\/abd.ong\/ca\/#organization"},"image":{"@id":"https:\/\/abd.ong\/ca\/infancia-i-familia\/obren-les-inscripcions-per-a-lonzena-edicio-de-la-formacio-dexpert-en-intervencio-familiar-grupal-i-multifamiliar\/#primaryimage"},"thumbnailUrl":"https:\/\/abd.ong\/wp-content\/uploads\/2024\/08\/Light-Pink-Pastel-Red-Clean-and-Corporate-Protest-Content-Pro-choice-Twitter-Post-22.png","keywords":["ABD","Asociaci\u00f3n Bienestar y Desarrollo","inf\u00e0ncia i familia"],"articleSection":["Inf\u00e0ncia i fam\u00edlia"],"inLanguage":"ca"},{"@type":"WebPage","@id":"https:\/\/abd.ong\/ca\/infancia-i-familia\/obren-les-inscripcions-per-a-lonzena-edicio-de-la-formacio-dexpert-en-intervencio-familiar-grupal-i-multifamiliar\/","url":"https:\/\/abd.ong\/ca\/infancia-i-familia\/obren-les-inscripcions-per-a-lonzena-edicio-de-la-formacio-dexpert-en-intervencio-familiar-grupal-i-multifamiliar\/","name":"Obren les inscripcions per a l'onzena edici\u00f3 de la formaci\u00f3 d'Expert en Intervenci\u00f3 Familiar, Grupal i Multifamiliar - ABD","isPartOf":{"@id":"https:\/\/abd.ong\/ca\/#website"},"primaryImageOfPage":{"@id":"https:\/\/abd.ong\/ca\/infancia-i-familia\/obren-les-inscripcions-per-a-lonzena-edicio-de-la-formacio-dexpert-en-intervencio-familiar-grupal-i-multifamiliar\/#primaryimage"},"image":{"@id":"https:\/\/abd.ong\/ca\/infancia-i-familia\/obren-les-inscripcions-per-a-lonzena-edicio-de-la-formacio-dexpert-en-intervencio-familiar-grupal-i-multifamiliar\/#primaryimage"},"thumbnailUrl":"https:\/\/abd.ong\/wp-content\/uploads\/2024\/08\/Light-Pink-Pastel-Red-Clean-and-Corporate-Protest-Content-Pro-choice-Twitter-Post-22.png","datePublished":"2024-08-07T11:59:50+00:00","dateModified":"2024-08-09T09:54:58+00:00","description":"Una formaci\u00f3 pr\u00e0ctica que aporta les eines b\u00e0siques per a la intervenci\u00f3 terap\u00e8utica familiar, grupal i multifamiliar en contextos socials, sanitaris i","breadcrumb":{"@id":"https:\/\/abd.ong\/ca\/infancia-i-familia\/obren-les-inscripcions-per-a-lonzena-edicio-de-la-formacio-dexpert-en-intervencio-familiar-grupal-i-multifamiliar\/#breadcrumb"},"inLanguage":"ca","potentialAction":[{"@type":"ReadAction","target":["https:\/\/abd.ong\/ca\/infancia-i-familia\/obren-les-inscripcions-per-a-lonzena-edicio-de-la-formacio-dexpert-en-intervencio-familiar-grupal-i-multifamiliar\/"]}]},{"@type":"ImageObject","inLanguage":"ca","@id":"https:\/\/abd.ong\/ca\/infancia-i-familia\/obren-les-inscripcions-per-a-lonzena-edicio-de-la-formacio-dexpert-en-intervencio-familiar-grupal-i-multifamiliar\/#primaryimage","url":"https:\/\/abd.ong\/wp-content\/uploads\/2024\/08\/Light-Pink-Pastel-Red-Clean-and-Corporate-Protest-Content-Pro-choice-Twitter-Post-22.png","contentUrl":"https:\/\/abd.ong\/wp-content\/uploads\/2024\/08\/Light-Pink-Pastel-Red-Clean-and-Corporate-Protest-Content-Pro-choice-Twitter-Post-22.png","width":2048,"height":1152},{"@type":"BreadcrumbList","@id":"https:\/\/abd.ong\/ca\/infancia-i-familia\/obren-les-inscripcions-per-a-lonzena-edicio-de-la-formacio-dexpert-en-intervencio-familiar-grupal-i-multifamiliar\/#breadcrumb","itemListElement":[{"@type":"ListItem","position":1,"name":"Inici","item":"https:\/\/abd.ong\/ca\/"},{"@type":"ListItem","position":2,"name":"Obren les inscripcions per a l&#8217;onzena edici\u00f3 de la formaci\u00f3 d&#8217;Expert en Intervenci\u00f3 Familiar, Grupal i Multifamiliar"}]},{"@type":"WebSite","@id":"https:\/\/abd.ong\/ca\/#website","url":"https:\/\/abd.ong\/ca\/","name":"ABD","description":"Asociaci\u00f3n Bienestar y Desarrollo","publisher":{"@id":"https:\/\/abd.ong\/ca\/#organization"},"potentialAction":[{"@type":"SearchAction","target":{"@type":"EntryPoint","urlTemplate":"https:\/\/abd.ong\/ca\/?s={search_term_string}"},"query-input":{"@type":"PropertyValueSpecification","valueRequired":true,"valueName":"search_term_string"}}],"inLanguage":"ca"},{"@type":"Organization","@id":"https:\/\/abd.ong\/ca\/#organization","name":"Associaci\u00f3 Benestar i Desenvolupament","alternateName":"ABD","url":"https:\/\/abd.ong\/ca\/","logo":{"@type":"ImageObject","inLanguage":"ca","@id":"https:\/\/abd.ong\/ca\/#\/schema\/logo\/image\/","url":"https:\/\/abd.ong\/wp-content\/uploads\/2023\/01\/Icona.png","contentUrl":"https:\/\/abd.ong\/wp-content\/uploads\/2023\/01\/Icona.png","width":190,"height":187,"caption":"Associaci\u00f3 Benestar i Desenvolupament"},"image":{"@id":"https:\/\/abd.ong\/ca\/#\/schema\/logo\/image\/"},"sameAs":["https:\/\/www.facebook.com\/abd.ong","https:\/\/x.com\/abd_ong","https:\/\/www.instagram.com\/abd_ong\/","https:\/\/www.linkedin.com\/company\/abdong","https:\/\/www.youtube.com\/user\/CANALABD"]},{"@type":"Person","@id":"https:\/\/abd.ong\/ca\/#\/schema\/person\/6bb74ed13fc8bdf3a5382c66db14c9ee","name":"Francesc Balart"}]}},"_links":{"self":[{"href":"https:\/\/abd.ong\/ca\/wp-json\/wp\/v2\/posts\/162376","targetHints":{"allow":["GET"]}}],"collection":[{"href":"https:\/\/abd.ong\/ca\/wp-json\/wp\/v2\/posts"}],"about":[{"href":"https:\/\/abd.ong\/ca\/wp-json\/wp\/v2\/types\/post"}],"author":[{"embeddable":true,"href":"https:\/\/abd.ong\/ca\/wp-json\/wp\/v2\/users\/12"}],"replies":[{"embeddable":true,"href":"https:\/\/abd.ong\/ca\/wp-json\/wp\/v2\/comments?post=162376"}],"version-history":[{"count":2,"href":"https:\/\/abd.ong\/ca\/wp-json\/wp\/v2\/posts\/162376\/revisions"}],"predecessor-version":[{"id":162378,"href":"https:\/\/abd.ong\/ca\/wp-json\/wp\/v2\/posts\/162376\/revisions\/162378"}],"wp:featuredmedia":[{"embeddable":true,"href":"https:\/\/abd.ong\/ca\/wp-json\/wp\/v2\/media\/162331"}],"wp:attachment":[{"href":"https:\/\/abd.ong\/ca\/wp-json\/wp\/v2\/media?parent=162376"}],"wp:term":[{"taxonomy":"category","embeddable":true,"href":"https:\/\/abd.ong\/ca\/wp-json\/wp\/v2\/categories?post=162376"},{"taxonomy":"post_tag","embeddable":true,"href":"https:\/\/abd.ong\/ca\/wp-json\/wp\/v2\/tags?post=162376"}],"curies":[{"name":"wp","href":"https:\/\/api.w.org\/{rel}","templated":true}]}}