{"id":162003,"date":"2024-07-30T14:29:59","date_gmt":"2024-07-30T12:29:59","guid":{"rendered":"https:\/\/abd.ong\/?p=162003"},"modified":"2024-07-30T14:31:51","modified_gmt":"2024-07-30T12:31:51","slug":"abd-als-mitjans-de-comunicacio-al-juliol-4","status":"publish","type":"post","link":"https:\/\/abd.ong\/ca\/general-ca\/abd-als-mitjans-de-comunicacio-al-juliol-4\/","title":{"rendered":"ABD als mitjans de comunicaci\u00f3 al juliol"},"content":{"rendered":"\n<p>El<a href=\"https:\/\/abd.ong\/ca\/\" target=\"_blank\" rel=\"noopener\"><strong> Grup\u00a0<span class=\"hiddenSpellError\">ABD<\/span><\/strong><\/a> ha estat present als mitjans de comunicaci\u00f3 durant aquest mes de juliol. A continuaci\u00f3, el resum de premsa de les not\u00edcies, articles i reportatges en qu\u00e8 hem participat com a organitzaci\u00f3.<\/p>\n\n<div style=\"height:100px\" aria-hidden=\"true\" class=\"wp-block-spacer\"><\/div>\n\n<p><\/p>\n\n<p><strong>21\/07\/2024- UNLOCKED TV\u00a0<\/strong><\/p>\n\n<p>Aquest episodi \u00e9s una crida a la conscienciaci\u00f3 i\u00a0l&#8217;educaci\u00f3, que busca proporcionar a la nostra comunitat les eines necess\u00e0ries per prendre decisions informades i segures. L&#8217;experi\u00e8ncia i el coneixement <strong>d&#8217;Energy Control<\/strong> s\u00f3n fonamentals per entendre com podem gaudir de la m\u00fasica i els festivals de manera responsable.<\/p>\n\n<p><a href=\"https:\/\/www.youtube.com\/watch?app=desktop&amp;si=Kwe9JFuMZBNc6QQq&amp;v=WFAZVl3JrAc&amp;feature=youtu.be\" target=\"_blank\" rel=\"noreferrer noopener\">UNLOCKED PODCAST #28 &#8211; ENERGY CONTROL | C\u00f3mo Evitar Riesgos al Usar Sustancias en Festivales\u00a0<\/a><\/p>\n\n<p><\/p>\n\n<p><strong>22\/07\/2024- Ajuntament del Prat de Llobregat\u00a0<\/strong><\/p>\n\n<p>Els passats dimarts i dimecres, 2 i 3 de juliol, es va dur a terme al Prat de Llobregat el primer taller del\u00a0<a href=\"https:\/\/eufoodsecurityhub.org\/\">EU Food Security HUB<\/a>. Un projecte que pret\u00e9n promoure la cooperaci\u00f3 i l\u2019intercanvi de coneixements i de bones pr\u00e0ctiques entre organitzacions que treballen per la seguretat i la sobirania aliment\u00e0ria.<\/p>\n\n<p><a href=\"https:\/\/www.elprat.cat\/actualitat\/noticies\/la-botiga-acull-el-primer-taller-sobre-seguretat-alimentaria-i-inclusio-social?lan=ca#googtrans(ca|ca)\" target=\"_blank\" rel=\"noopener\">La Botiga acull el primer taller, sobre seguretat aliment\u00e0ria i inclusi\u00f3 social, del projecte EU Food Security HUB<\/a><\/p>\n\n<p><\/p>\n\n<p><strong>24\/07\/2024- Fundaci\u00f3 iSocial\u00a0<\/strong><\/p>\n\n<p><strong>Energy Control<\/strong> \u00e9s un projecte de<strong> l&#8217;Associaci\u00f3 Benestar i Desenvolupament (<span class=\"hiddenSpellError\">ABD<\/span>)<\/strong> que, entre altres serveis, habilita punts d&#8217;informaci\u00f3 en espais de consum de drogues, com ara festivals de m\u00fasica i discoteques, per fomentar-ne l&#8217;\u00fas responsable i informat i oferir un servei\u00a0d&#8217;an\u00e0lisi\u00a0de subst\u00e0ncies que garanteix la seguretat de les persones que les consumeixen en cas de productes adulterats.<\/p>\n\n<p><a href=\"https:\/\/isocial.cat\/energy-control-servei-analisi-de-drogues-per-reduir-riscos\/\" target=\"_blank\" rel=\"noreferrer noopener\">Programa d&#8217;an\u00e0lisi de drogues que promou el consum responsable<\/a><\/p>\n\n<p><\/p>\n\n<p><strong>29\/07\/2024- El Pa\u00eds\u00a0<\/strong><\/p>\n\n<p>El director d&#8217;aquest programa,<strong>\u00a0<span class=\"hiddenSpellError\">Claudio<\/span>\u00a0Vidal<\/strong>, assenyala que des d&#8217;aleshores l&#8217;\u00fas d&#8217;aquesta subst\u00e0ncia de disseny s&#8217;ha mantingut com a &#8220;minoritari i amb una extensi\u00f3 molt limitada&#8221;. Tot i aix\u00f2, reconeix que el fet que per notar els seus efectes siguin necess\u00e0ries dosis baixes fa que el seu consum presenta &#8220;un risc m\u00e9s alt&#8221; que altres drogues. Quan va apar\u00e8ixer en aquella pastilla a les Balears, la web va llan\u00e7ar un av\u00eds: &#8220;No consumir a causa de l&#8217;escassa informaci\u00f3 sobre els seus efectes i riscos&#8221;. Una situaci\u00f3 de poca informaci\u00f3 sobre les conseq\u00fc\u00e8ncies del consum que es mant\u00e9 avui, segons admet Vidal.<\/p>\n\n<p><a href=\"https:\/\/isocial.cat\/energy-control-servei-analisi-de-drogues-per-reduir-riscos\/\" target=\"_blank\" rel=\"noreferrer noopener\">Intervinguda la partida m\u00e9s gran d&#8217;alfa-PiHP, una droga &#8220;excepcionalment perillosa&#8221; usada en trobades sexuals<\/a><\/p>\n\n<p><\/p>\n\n<p><\/p>\n\n<p><\/p>\n","protected":false},"excerpt":{"rendered":"<p>El Grup\u00a0ABD ha estat present als mitjans de comunicaci\u00f3 durant aquest mes de juliol. A continuaci\u00f3, el resum de premsa de les not\u00edcies, articles i reportatges en qu\u00e8 hem participat&hellip;<\/p>\n","protected":false},"author":12,"featured_media":156710,"comment_status":"closed","ping_status":"closed","sticky":false,"template":"","format":"standard","meta":{"_acf_changed":false,"footnotes":""},"categories":[66],"tags":[1897,675,2928,2299,2300],"class_list":["post-162003","post","type-post","status-publish","format-standard","has-post-thumbnail","hentry","category-general-ca","tag-abd-2-ca","tag-asociacion-bienestar-y-desarrollo-ca","tag-associacio-benestar-i-desenvolupament-ca-2","tag-mitjans-de-comunicacio-ca","tag-noticies-ca"],"acf":[],"yoast_head":"<!-- This site is optimized with the Yoast SEO plugin v27.4 - https:\/\/yoast.com\/product\/yoast-seo-wordpress\/ -->\n<title>ABD als mitjans de comunicaci\u00f3 al juliol - ABD<\/title>\n<meta name=\"description\" content=\"El Grup\u00a0ABD ha estat present als mitjans de comunicaci\u00f3 durant aquest mes de juliol. A continuaci\u00f3, el resum de premsa de les not\u00edcies, articles i\" \/>\n<meta name=\"robots\" content=\"index, follow, max-snippet:-1, max-image-preview:large, max-video-preview:-1\" \/>\n<link rel=\"canonical\" href=\"https:\/\/abd.ong\/ca\/general-ca\/abd-als-mitjans-de-comunicacio-al-juliol-4\/\" \/>\n<meta property=\"og:locale\" content=\"ca_ES\" \/>\n<meta property=\"og:type\" content=\"article\" \/>\n<meta property=\"og:title\" content=\"ABD als mitjans de comunicaci\u00f3 al juliol - ABD\" \/>\n<meta property=\"og:description\" content=\"El Grup\u00a0ABD ha estat present als mitjans de comunicaci\u00f3 durant aquest mes de juliol. A continuaci\u00f3, el resum de premsa de les not\u00edcies, articles i\" \/>\n<meta property=\"og:url\" content=\"https:\/\/abd.ong\/ca\/general-ca\/abd-als-mitjans-de-comunicacio-al-juliol-4\/\" \/>\n<meta property=\"og:site_name\" content=\"ABD\" \/>\n<meta property=\"article:publisher\" content=\"https:\/\/www.facebook.com\/abd.ong\" \/>\n<meta property=\"article:published_time\" content=\"2024-07-30T12:29:59+00:00\" \/>\n<meta property=\"article:modified_time\" content=\"2024-07-30T12:31:51+00:00\" \/>\n<meta property=\"og:image\" content=\"https:\/\/abd.ong\/wp-content\/uploads\/2023\/12\/GRUP-ABD-2023-FESTA-TIO-1024x576.png\" \/>\n\t<meta property=\"og:image:width\" content=\"1024\" \/>\n\t<meta property=\"og:image:height\" content=\"576\" \/>\n\t<meta property=\"og:image:type\" content=\"image\/png\" \/>\n<meta name=\"author\" content=\"Francesc Balart\" \/>\n<meta name=\"twitter:card\" content=\"summary_large_image\" \/>\n<meta name=\"twitter:creator\" content=\"@abd_ong\" \/>\n<meta name=\"twitter:site\" content=\"@abd_ong\" \/>\n<meta name=\"twitter:label1\" content=\"Escrit per\" \/>\n\t<meta name=\"twitter:data1\" content=\"Francesc Balart\" \/>\n\t<meta name=\"twitter:label2\" content=\"Temps estimat de lectura\" \/>\n\t<meta name=\"twitter:data2\" content=\"3 minuts\" \/>\n<script type=\"application\/ld+json\" class=\"yoast-schema-graph\">{\"@context\":\"https:\\\/\\\/schema.org\",\"@graph\":[{\"@type\":\"Article\",\"@id\":\"https:\\\/\\\/abd.ong\\\/ca\\\/general-ca\\\/abd-als-mitjans-de-comunicacio-al-juliol-4\\\/#article\",\"isPartOf\":{\"@id\":\"https:\\\/\\\/abd.ong\\\/ca\\\/general-ca\\\/abd-als-mitjans-de-comunicacio-al-juliol-4\\\/\"},\"author\":{\"name\":\"Francesc Balart\",\"@id\":\"https:\\\/\\\/abd.ong\\\/ca\\\/#\\\/schema\\\/person\\\/6bb74ed13fc8bdf3a5382c66db14c9ee\"},\"headline\":\"ABD als mitjans de comunicaci\u00f3 al juliol\",\"datePublished\":\"2024-07-30T12:29:59+00:00\",\"dateModified\":\"2024-07-30T12:31:51+00:00\",\"mainEntityOfPage\":{\"@id\":\"https:\\\/\\\/abd.ong\\\/ca\\\/general-ca\\\/abd-als-mitjans-de-comunicacio-al-juliol-4\\\/\"},\"wordCount\":408,\"publisher\":{\"@id\":\"https:\\\/\\\/abd.ong\\\/ca\\\/#organization\"},\"image\":{\"@id\":\"https:\\\/\\\/abd.ong\\\/ca\\\/general-ca\\\/abd-als-mitjans-de-comunicacio-al-juliol-4\\\/#primaryimage\"},\"thumbnailUrl\":\"https:\\\/\\\/abd.ong\\\/wp-content\\\/uploads\\\/2023\\\/12\\\/GRUP-ABD-2023-FESTA-TIO.png\",\"keywords\":[\"ABD\",\"Asociaci\u00f3n Bienestar y Desarrollo\",\"Associaci\u00f3 Benestar i Desenvolupament\",\"Mitjans de comunicaci\u00f3\",\"not\u00edcies\"],\"articleSection\":[\"General\"],\"inLanguage\":\"ca\"},{\"@type\":\"WebPage\",\"@id\":\"https:\\\/\\\/abd.ong\\\/ca\\\/general-ca\\\/abd-als-mitjans-de-comunicacio-al-juliol-4\\\/\",\"url\":\"https:\\\/\\\/abd.ong\\\/ca\\\/general-ca\\\/abd-als-mitjans-de-comunicacio-al-juliol-4\\\/\",\"name\":\"ABD als mitjans de comunicaci\u00f3 al juliol - ABD\",\"isPartOf\":{\"@id\":\"https:\\\/\\\/abd.ong\\\/ca\\\/#website\"},\"primaryImageOfPage\":{\"@id\":\"https:\\\/\\\/abd.ong\\\/ca\\\/general-ca\\\/abd-als-mitjans-de-comunicacio-al-juliol-4\\\/#primaryimage\"},\"image\":{\"@id\":\"https:\\\/\\\/abd.ong\\\/ca\\\/general-ca\\\/abd-als-mitjans-de-comunicacio-al-juliol-4\\\/#primaryimage\"},\"thumbnailUrl\":\"https:\\\/\\\/abd.ong\\\/wp-content\\\/uploads\\\/2023\\\/12\\\/GRUP-ABD-2023-FESTA-TIO.png\",\"datePublished\":\"2024-07-30T12:29:59+00:00\",\"dateModified\":\"2024-07-30T12:31:51+00:00\",\"description\":\"El Grup\u00a0ABD ha estat present als mitjans de comunicaci\u00f3 durant aquest mes de juliol. A continuaci\u00f3, el resum de premsa de les not\u00edcies, articles i\",\"breadcrumb\":{\"@id\":\"https:\\\/\\\/abd.ong\\\/ca\\\/general-ca\\\/abd-als-mitjans-de-comunicacio-al-juliol-4\\\/#breadcrumb\"},\"inLanguage\":\"ca\",\"potentialAction\":[{\"@type\":\"ReadAction\",\"target\":[\"https:\\\/\\\/abd.ong\\\/ca\\\/general-ca\\\/abd-als-mitjans-de-comunicacio-al-juliol-4\\\/\"]}]},{\"@type\":\"ImageObject\",\"inLanguage\":\"ca\",\"@id\":\"https:\\\/\\\/abd.ong\\\/ca\\\/general-ca\\\/abd-als-mitjans-de-comunicacio-al-juliol-4\\\/#primaryimage\",\"url\":\"https:\\\/\\\/abd.ong\\\/wp-content\\\/uploads\\\/2023\\\/12\\\/GRUP-ABD-2023-FESTA-TIO.png\",\"contentUrl\":\"https:\\\/\\\/abd.ong\\\/wp-content\\\/uploads\\\/2023\\\/12\\\/GRUP-ABD-2023-FESTA-TIO.png\",\"width\":2048,\"height\":1152},{\"@type\":\"BreadcrumbList\",\"@id\":\"https:\\\/\\\/abd.ong\\\/ca\\\/general-ca\\\/abd-als-mitjans-de-comunicacio-al-juliol-4\\\/#breadcrumb\",\"itemListElement\":[{\"@type\":\"ListItem\",\"position\":1,\"name\":\"Inici\",\"item\":\"https:\\\/\\\/abd.ong\\\/ca\\\/\"},{\"@type\":\"ListItem\",\"position\":2,\"name\":\"ABD als mitjans de comunicaci\u00f3 al juliol\"}]},{\"@type\":\"WebSite\",\"@id\":\"https:\\\/\\\/abd.ong\\\/ca\\\/#website\",\"url\":\"https:\\\/\\\/abd.ong\\\/ca\\\/\",\"name\":\"ABD\",\"description\":\"Asociaci\u00f3n Bienestar y Desarrollo\",\"publisher\":{\"@id\":\"https:\\\/\\\/abd.ong\\\/ca\\\/#organization\"},\"potentialAction\":[{\"@type\":\"SearchAction\",\"target\":{\"@type\":\"EntryPoint\",\"urlTemplate\":\"https:\\\/\\\/abd.ong\\\/ca\\\/?s={search_term_string}\"},\"query-input\":{\"@type\":\"PropertyValueSpecification\",\"valueRequired\":true,\"valueName\":\"search_term_string\"}}],\"inLanguage\":\"ca\"},{\"@type\":\"Organization\",\"@id\":\"https:\\\/\\\/abd.ong\\\/ca\\\/#organization\",\"name\":\"Associaci\u00f3 Benestar i Desenvolupament\",\"alternateName\":\"ABD\",\"url\":\"https:\\\/\\\/abd.ong\\\/ca\\\/\",\"logo\":{\"@type\":\"ImageObject\",\"inLanguage\":\"ca\",\"@id\":\"https:\\\/\\\/abd.ong\\\/ca\\\/#\\\/schema\\\/logo\\\/image\\\/\",\"url\":\"https:\\\/\\\/abd.ong\\\/wp-content\\\/uploads\\\/2023\\\/01\\\/Icona.png\",\"contentUrl\":\"https:\\\/\\\/abd.ong\\\/wp-content\\\/uploads\\\/2023\\\/01\\\/Icona.png\",\"width\":190,\"height\":187,\"caption\":\"Associaci\u00f3 Benestar i Desenvolupament\"},\"image\":{\"@id\":\"https:\\\/\\\/abd.ong\\\/ca\\\/#\\\/schema\\\/logo\\\/image\\\/\"},\"sameAs\":[\"https:\\\/\\\/www.facebook.com\\\/abd.ong\",\"https:\\\/\\\/x.com\\\/abd_ong\",\"https:\\\/\\\/www.instagram.com\\\/abd_ong\\\/\",\"https:\\\/\\\/www.linkedin.com\\\/company\\\/abdong\",\"https:\\\/\\\/www.youtube.com\\\/user\\\/CANALABD\"]},{\"@type\":\"Person\",\"@id\":\"https:\\\/\\\/abd.ong\\\/ca\\\/#\\\/schema\\\/person\\\/6bb74ed13fc8bdf3a5382c66db14c9ee\",\"name\":\"Francesc Balart\"}]}<\/script>\n<!-- \/ Yoast SEO plugin. -->","yoast_head_json":{"title":"ABD als mitjans de comunicaci\u00f3 al juliol - ABD","description":"El Grup\u00a0ABD ha estat present als mitjans de comunicaci\u00f3 durant aquest mes de juliol. A continuaci\u00f3, el resum de premsa de les not\u00edcies, articles i","robots":{"index":"index","follow":"follow","max-snippet":"max-snippet:-1","max-image-preview":"max-image-preview:large","max-video-preview":"max-video-preview:-1"},"canonical":"https:\/\/abd.ong\/ca\/general-ca\/abd-als-mitjans-de-comunicacio-al-juliol-4\/","og_locale":"ca_ES","og_type":"article","og_title":"ABD als mitjans de comunicaci\u00f3 al juliol - ABD","og_description":"El Grup\u00a0ABD ha estat present als mitjans de comunicaci\u00f3 durant aquest mes de juliol. A continuaci\u00f3, el resum de premsa de les not\u00edcies, articles i","og_url":"https:\/\/abd.ong\/ca\/general-ca\/abd-als-mitjans-de-comunicacio-al-juliol-4\/","og_site_name":"ABD","article_publisher":"https:\/\/www.facebook.com\/abd.ong","article_published_time":"2024-07-30T12:29:59+00:00","article_modified_time":"2024-07-30T12:31:51+00:00","og_image":[{"width":1024,"height":576,"url":"https:\/\/abd.ong\/wp-content\/uploads\/2023\/12\/GRUP-ABD-2023-FESTA-TIO-1024x576.png","type":"image\/png"}],"author":"Francesc Balart","twitter_card":"summary_large_image","twitter_creator":"@abd_ong","twitter_site":"@abd_ong","twitter_misc":{"Escrit per":"Francesc Balart","Temps estimat de lectura":"3 minuts"},"schema":{"@context":"https:\/\/schema.org","@graph":[{"@type":"Article","@id":"https:\/\/abd.ong\/ca\/general-ca\/abd-als-mitjans-de-comunicacio-al-juliol-4\/#article","isPartOf":{"@id":"https:\/\/abd.ong\/ca\/general-ca\/abd-als-mitjans-de-comunicacio-al-juliol-4\/"},"author":{"name":"Francesc Balart","@id":"https:\/\/abd.ong\/ca\/#\/schema\/person\/6bb74ed13fc8bdf3a5382c66db14c9ee"},"headline":"ABD als mitjans de comunicaci\u00f3 al juliol","datePublished":"2024-07-30T12:29:59+00:00","dateModified":"2024-07-30T12:31:51+00:00","mainEntityOfPage":{"@id":"https:\/\/abd.ong\/ca\/general-ca\/abd-als-mitjans-de-comunicacio-al-juliol-4\/"},"wordCount":408,"publisher":{"@id":"https:\/\/abd.ong\/ca\/#organization"},"image":{"@id":"https:\/\/abd.ong\/ca\/general-ca\/abd-als-mitjans-de-comunicacio-al-juliol-4\/#primaryimage"},"thumbnailUrl":"https:\/\/abd.ong\/wp-content\/uploads\/2023\/12\/GRUP-ABD-2023-FESTA-TIO.png","keywords":["ABD","Asociaci\u00f3n Bienestar y Desarrollo","Associaci\u00f3 Benestar i Desenvolupament","Mitjans de comunicaci\u00f3","not\u00edcies"],"articleSection":["General"],"inLanguage":"ca"},{"@type":"WebPage","@id":"https:\/\/abd.ong\/ca\/general-ca\/abd-als-mitjans-de-comunicacio-al-juliol-4\/","url":"https:\/\/abd.ong\/ca\/general-ca\/abd-als-mitjans-de-comunicacio-al-juliol-4\/","name":"ABD als mitjans de comunicaci\u00f3 al juliol - ABD","isPartOf":{"@id":"https:\/\/abd.ong\/ca\/#website"},"primaryImageOfPage":{"@id":"https:\/\/abd.ong\/ca\/general-ca\/abd-als-mitjans-de-comunicacio-al-juliol-4\/#primaryimage"},"image":{"@id":"https:\/\/abd.ong\/ca\/general-ca\/abd-als-mitjans-de-comunicacio-al-juliol-4\/#primaryimage"},"thumbnailUrl":"https:\/\/abd.ong\/wp-content\/uploads\/2023\/12\/GRUP-ABD-2023-FESTA-TIO.png","datePublished":"2024-07-30T12:29:59+00:00","dateModified":"2024-07-30T12:31:51+00:00","description":"El Grup\u00a0ABD ha estat present als mitjans de comunicaci\u00f3 durant aquest mes de juliol. A continuaci\u00f3, el resum de premsa de les not\u00edcies, articles i","breadcrumb":{"@id":"https:\/\/abd.ong\/ca\/general-ca\/abd-als-mitjans-de-comunicacio-al-juliol-4\/#breadcrumb"},"inLanguage":"ca","potentialAction":[{"@type":"ReadAction","target":["https:\/\/abd.ong\/ca\/general-ca\/abd-als-mitjans-de-comunicacio-al-juliol-4\/"]}]},{"@type":"ImageObject","inLanguage":"ca","@id":"https:\/\/abd.ong\/ca\/general-ca\/abd-als-mitjans-de-comunicacio-al-juliol-4\/#primaryimage","url":"https:\/\/abd.ong\/wp-content\/uploads\/2023\/12\/GRUP-ABD-2023-FESTA-TIO.png","contentUrl":"https:\/\/abd.ong\/wp-content\/uploads\/2023\/12\/GRUP-ABD-2023-FESTA-TIO.png","width":2048,"height":1152},{"@type":"BreadcrumbList","@id":"https:\/\/abd.ong\/ca\/general-ca\/abd-als-mitjans-de-comunicacio-al-juliol-4\/#breadcrumb","itemListElement":[{"@type":"ListItem","position":1,"name":"Inici","item":"https:\/\/abd.ong\/ca\/"},{"@type":"ListItem","position":2,"name":"ABD als mitjans de comunicaci\u00f3 al juliol"}]},{"@type":"WebSite","@id":"https:\/\/abd.ong\/ca\/#website","url":"https:\/\/abd.ong\/ca\/","name":"ABD","description":"Asociaci\u00f3n Bienestar y Desarrollo","publisher":{"@id":"https:\/\/abd.ong\/ca\/#organization"},"potentialAction":[{"@type":"SearchAction","target":{"@type":"EntryPoint","urlTemplate":"https:\/\/abd.ong\/ca\/?s={search_term_string}"},"query-input":{"@type":"PropertyValueSpecification","valueRequired":true,"valueName":"search_term_string"}}],"inLanguage":"ca"},{"@type":"Organization","@id":"https:\/\/abd.ong\/ca\/#organization","name":"Associaci\u00f3 Benestar i Desenvolupament","alternateName":"ABD","url":"https:\/\/abd.ong\/ca\/","logo":{"@type":"ImageObject","inLanguage":"ca","@id":"https:\/\/abd.ong\/ca\/#\/schema\/logo\/image\/","url":"https:\/\/abd.ong\/wp-content\/uploads\/2023\/01\/Icona.png","contentUrl":"https:\/\/abd.ong\/wp-content\/uploads\/2023\/01\/Icona.png","width":190,"height":187,"caption":"Associaci\u00f3 Benestar i Desenvolupament"},"image":{"@id":"https:\/\/abd.ong\/ca\/#\/schema\/logo\/image\/"},"sameAs":["https:\/\/www.facebook.com\/abd.ong","https:\/\/x.com\/abd_ong","https:\/\/www.instagram.com\/abd_ong\/","https:\/\/www.linkedin.com\/company\/abdong","https:\/\/www.youtube.com\/user\/CANALABD"]},{"@type":"Person","@id":"https:\/\/abd.ong\/ca\/#\/schema\/person\/6bb74ed13fc8bdf3a5382c66db14c9ee","name":"Francesc Balart"}]}},"_links":{"self":[{"href":"https:\/\/abd.ong\/ca\/wp-json\/wp\/v2\/posts\/162003","targetHints":{"allow":["GET"]}}],"collection":[{"href":"https:\/\/abd.ong\/ca\/wp-json\/wp\/v2\/posts"}],"about":[{"href":"https:\/\/abd.ong\/ca\/wp-json\/wp\/v2\/types\/post"}],"author":[{"embeddable":true,"href":"https:\/\/abd.ong\/ca\/wp-json\/wp\/v2\/users\/12"}],"replies":[{"embeddable":true,"href":"https:\/\/abd.ong\/ca\/wp-json\/wp\/v2\/comments?post=162003"}],"version-history":[{"count":3,"href":"https:\/\/abd.ong\/ca\/wp-json\/wp\/v2\/posts\/162003\/revisions"}],"predecessor-version":[{"id":162007,"href":"https:\/\/abd.ong\/ca\/wp-json\/wp\/v2\/posts\/162003\/revisions\/162007"}],"wp:featuredmedia":[{"embeddable":true,"href":"https:\/\/abd.ong\/ca\/wp-json\/wp\/v2\/media\/156710"}],"wp:attachment":[{"href":"https:\/\/abd.ong\/ca\/wp-json\/wp\/v2\/media?parent=162003"}],"wp:term":[{"taxonomy":"category","embeddable":true,"href":"https:\/\/abd.ong\/ca\/wp-json\/wp\/v2\/categories?post=162003"},{"taxonomy":"post_tag","embeddable":true,"href":"https:\/\/abd.ong\/ca\/wp-json\/wp\/v2\/tags?post=162003"}],"curies":[{"name":"wp","href":"https:\/\/api.w.org\/{rel}","templated":true}]}}