{"id":161329,"date":"2024-06-14T12:05:20","date_gmt":"2024-06-14T10:05:20","guid":{"rendered":"https:\/\/abd.ong\/?p=161329"},"modified":"2024-06-14T12:06:09","modified_gmt":"2024-06-14T10:06:09","slug":"es-posa-en-marxa-el-forum-ceisa-per-a-la-reflexio-i-el-dialeg-etic","status":"publish","type":"post","link":"https:\/\/abd.ong\/ca\/general-ca\/es-posa-en-marxa-el-forum-ceisa-per-a-la-reflexio-i-el-dialeg-etic\/","title":{"rendered":"Es posa en marxa el F\u00d2RUM CEISA per a la reflexi\u00f3 i el di\u00e0leg \u00e8tic"},"content":{"rendered":"\n<p><\/p>\n\n<h5 class=\"wp-block-heading\">La trobada la va presentar Pilar Rodr\u00edguez, adjunta a ger\u00e8ncia, directora de la unitat sociosanit\u00e0ria del grup ABD i presidenta del comit\u00e8 d&#8217;\u00e8tica d&#8217;intervenci\u00f3 social<\/h5>\n\n<div style=\"height:43px\" aria-hidden=\"true\" class=\"wp-block-spacer\"><\/div>\n\n<p>Ahir es va celebrar la primera sessi\u00f3 del <strong>F\u00d2RUM\u00a0<span class=\"hiddenSpellError\">CEISA<\/span><\/strong>, un espai de participaci\u00f3 i intercanvi d&#8217;idees, creat pel <strong><em>Comit\u00e8 d&#8217;\u00c8tica d&#8217;Intervenci\u00f3 Social d&#8217;<span class=\"hiddenSpellError\">ABD<\/span>\u00a0(<span class=\"hiddenSpellError\">CEISA<\/span>)<\/em> <\/strong>per promoure la reflexi\u00f3 i el di\u00e0leg sobre situacions o dilemes \u00e8tics als serveis de l&#8217;entitat. Aquest f\u00f2rum en l\u00ednia, amb una durada de 40 minuts, t<em>\u00e9 com a objectius principals fomentar el debat \u00e8tic entre l&#8217;equip professional d&#8217;<span class=\"hiddenSpellError\">ABD<\/span>, promoure el respecte pels drets humans i el reconeixement de la dignitat de les persones i generar models de bones pr\u00e0ctiques.<\/em> Durant el f\u00f2rum, en qu\u00e8 van participar unes quaranta persones, es van parlar de casos concrets i es van valorar diferents temes per debatre a la pr\u00f2xima sessi\u00f3.<\/p>\n\n<p>La trobada va ser presentada i moderada per <strong>Pilar Rodr\u00edguez<\/strong>, adjunta a ger\u00e8ncia, directora de la unitat sociosanit\u00e0ria del grup\u00a0<span class=\"hiddenSpellError\">ABD<\/span>\u00a0i presidenta del comit\u00e8 d&#8217;\u00e8tica.<\/p>\n\n<div style=\"height:31px\" aria-hidden=\"true\" class=\"wp-block-spacer\"><\/div>\n\n<figure class=\"wp-block-gallery has-nested-images columns-default is-cropped wp-block-gallery-2 is-layout-flex wp-block-gallery-is-layout-flex\">\n<figure class=\"wp-block-image size-large\"><img fetchpriority=\"high\" decoding=\"async\" width=\"1024\" height=\"768\" data-id=\"161296\" src=\"https:\/\/abd.ong\/wp-content\/uploads\/2024\/06\/image_50424833-1024x768.jpg\" alt=\"\" class=\"wp-image-161296\" srcset=\"https:\/\/abd.ong\/wp-content\/uploads\/2024\/06\/image_50424833-1024x768.jpg 1024w, https:\/\/abd.ong\/wp-content\/uploads\/2024\/06\/image_50424833-300x225.jpg 300w, https:\/\/abd.ong\/wp-content\/uploads\/2024\/06\/image_50424833-768x576.jpg 768w, https:\/\/abd.ong\/wp-content\/uploads\/2024\/06\/image_50424833-1536x1152.jpg 1536w, https:\/\/abd.ong\/wp-content\/uploads\/2024\/06\/image_50424833.jpg 2048w\" sizes=\"(max-width: 1024px) 100vw, 1024px\" \/><\/figure>\n\n\n\n<figure class=\"wp-block-image size-large\"><img decoding=\"async\" width=\"1024\" height=\"768\" data-id=\"161300\" src=\"https:\/\/abd.ong\/wp-content\/uploads\/2024\/06\/image_50407169-1024x768.jpg\" alt=\"\" class=\"wp-image-161300\" srcset=\"https:\/\/abd.ong\/wp-content\/uploads\/2024\/06\/image_50407169-1024x768.jpg 1024w, https:\/\/abd.ong\/wp-content\/uploads\/2024\/06\/image_50407169-300x225.jpg 300w, https:\/\/abd.ong\/wp-content\/uploads\/2024\/06\/image_50407169-768x576.jpg 768w, https:\/\/abd.ong\/wp-content\/uploads\/2024\/06\/image_50407169-1536x1152.jpg 1536w, https:\/\/abd.ong\/wp-content\/uploads\/2024\/06\/image_50407169.jpg 2048w\" sizes=\"(max-width: 1024px) 100vw, 1024px\" \/><\/figure>\n\n\n\n<figure class=\"wp-block-image size-large\"><img decoding=\"async\" width=\"1024\" height=\"768\" data-id=\"161303\" src=\"https:\/\/abd.ong\/wp-content\/uploads\/2024\/06\/image_50426369-1024x768.jpg\" alt=\"\" class=\"wp-image-161303\" srcset=\"https:\/\/abd.ong\/wp-content\/uploads\/2024\/06\/image_50426369-1024x768.jpg 1024w, https:\/\/abd.ong\/wp-content\/uploads\/2024\/06\/image_50426369-300x225.jpg 300w, https:\/\/abd.ong\/wp-content\/uploads\/2024\/06\/image_50426369-768x576.jpg 768w, https:\/\/abd.ong\/wp-content\/uploads\/2024\/06\/image_50426369-1536x1152.jpg 1536w, https:\/\/abd.ong\/wp-content\/uploads\/2024\/06\/image_50426369.jpg 2048w\" sizes=\"(max-width: 1024px) 100vw, 1024px\" \/><\/figure>\n\n\n\n<figure class=\"wp-block-image size-large\"><img loading=\"lazy\" decoding=\"async\" width=\"1024\" height=\"768\" data-id=\"161297\" src=\"https:\/\/abd.ong\/wp-content\/uploads\/2024\/06\/image_50402817-1024x768.jpg\" alt=\"\" class=\"wp-image-161297\" srcset=\"https:\/\/abd.ong\/wp-content\/uploads\/2024\/06\/image_50402817-1024x768.jpg 1024w, https:\/\/abd.ong\/wp-content\/uploads\/2024\/06\/image_50402817-300x225.jpg 300w, https:\/\/abd.ong\/wp-content\/uploads\/2024\/06\/image_50402817-768x576.jpg 768w, https:\/\/abd.ong\/wp-content\/uploads\/2024\/06\/image_50402817-1536x1152.jpg 1536w, https:\/\/abd.ong\/wp-content\/uploads\/2024\/06\/image_50402817.jpg 2048w\" sizes=\"(max-width: 1024px) 100vw, 1024px\" \/><\/figure>\n<\/figure>\n\n<div style=\"height:31px\" aria-hidden=\"true\" class=\"wp-block-spacer\"><\/div>\n\n<p><strong>Comit\u00e8 d&#8217;\u00c8tica d&#8217;Intervenci\u00f3 Social d&#8217;<span class=\"hiddenSpellError\">ABD<\/span>\u00a0(<span class=\"hiddenSpellError\">CEISA<\/span>)<\/strong><\/p>\n\n<p>El<strong>\u00a0<span class=\"hiddenSpellError\">CEISA<\/span><\/strong>\u00a0\u00e9s un \u00f2rgan de car\u00e0cter consultiu i interdisciplinari al servei de les persones que presten, utilitzen o s\u00f3n destinat\u00e0ries de serveis i programes de l&#8217;entitat, siguin de l&#8217;equip professional, o persones familiars o\u00a0<span class=\"hiddenGrammarError\">persones usu\u00e0ries<\/span>. \u00c9s una comissi\u00f3 independent formada per professionals de diferents \u00e0rees amb la finalitat d&#8217;assessorar en possibles conflictes \u00e8tics i morals originats a la pr\u00e0ctica professional. Els seus objectius s\u00f3n promoure debats en q\u00fcestions d&#8217;\u00e8tica assistencial, facilitar solucions davant d&#8217;un conflicte i elaborar protocols d&#8217;intervenci\u00f3 on l&#8217;\u00e8tica sigui un aspecte important a la pr\u00e0ctica professional.<\/p>\n\n<p>El Comit\u00e8 d&#8217;\u00c8tica d&#8217;Intervenci\u00f3 Social d&#8217;<span class=\"hiddenSpellError\">ABD<\/span>\u00a0est\u00e0 registrat a la <a href=\"https:\/\/web.gencat.cat\/ca\/inici\" target=\"_blank\" rel=\"noopener\"><strong>Generalitat de Catalunya<\/strong><\/a> com a <em>&#8220;Espai de Reflexi\u00f3 \u00c8tica als Serveis d&#8217;Intervenci\u00f3 Social&#8221;<strong> (<\/strong><a href=\"https:\/\/dixit.gencat.cat\/ca\/04recursos\/09etica_aplicada_als_serveis_socials\/07eress\/\" target=\"_blank\" rel=\"noopener\"><strong><span class=\"hiddenSpellError\"><strong>E<\/strong>RESS<\/span>).<\/strong><\/a><\/em><\/p>\n\n<div style=\"height:34px\" aria-hidden=\"true\" class=\"wp-block-spacer\"><\/div>\n\n<figure class=\"wp-block-gallery has-nested-images columns-default is-cropped wp-block-gallery-3 is-layout-flex wp-block-gallery-is-layout-flex\">\n<figure class=\"wp-block-image size-large\"><img loading=\"lazy\" decoding=\"async\" width=\"1920\" height=\"966\" data-id=\"161318\" src=\"https:\/\/abd.ong\/wp-content\/uploads\/2024\/06\/Captura-de-pantalla-271-e1718366255942.png\" alt=\"\" class=\"wp-image-161318\" srcset=\"https:\/\/abd.ong\/wp-content\/uploads\/2024\/06\/Captura-de-pantalla-271-e1718366255942.png 1920w, https:\/\/abd.ong\/wp-content\/uploads\/2024\/06\/Captura-de-pantalla-271-e1718366255942-300x151.png 300w, https:\/\/abd.ong\/wp-content\/uploads\/2024\/06\/Captura-de-pantalla-271-e1718366255942-1024x515.png 1024w, https:\/\/abd.ong\/wp-content\/uploads\/2024\/06\/Captura-de-pantalla-271-e1718366255942-768x386.png 768w, https:\/\/abd.ong\/wp-content\/uploads\/2024\/06\/Captura-de-pantalla-271-e1718366255942-1536x773.png 1536w\" sizes=\"(max-width: 1920px) 100vw, 1920px\" \/><\/figure>\n\n\n\n<figure class=\"wp-block-image size-large\"><img loading=\"lazy\" decoding=\"async\" width=\"1920\" height=\"995\" data-id=\"161312\" src=\"https:\/\/abd.ong\/wp-content\/uploads\/2024\/06\/Captura-de-pantalla-291-e1718366278106.png\" alt=\"\" class=\"wp-image-161312\" srcset=\"https:\/\/abd.ong\/wp-content\/uploads\/2024\/06\/Captura-de-pantalla-291-e1718366278106.png 1920w, https:\/\/abd.ong\/wp-content\/uploads\/2024\/06\/Captura-de-pantalla-291-e1718366278106-300x155.png 300w, https:\/\/abd.ong\/wp-content\/uploads\/2024\/06\/Captura-de-pantalla-291-e1718366278106-1024x531.png 1024w, https:\/\/abd.ong\/wp-content\/uploads\/2024\/06\/Captura-de-pantalla-291-e1718366278106-768x398.png 768w, https:\/\/abd.ong\/wp-content\/uploads\/2024\/06\/Captura-de-pantalla-291-e1718366278106-1536x796.png 1536w\" sizes=\"(max-width: 1920px) 100vw, 1920px\" \/><\/figure>\n\n\n\n<figure class=\"wp-block-image size-large\"><img loading=\"lazy\" decoding=\"async\" width=\"1920\" height=\"985\" data-id=\"161320\" src=\"https:\/\/abd.ong\/wp-content\/uploads\/2024\/06\/Captura-de-pantalla-293-e1718366241230.png\" alt=\"\" class=\"wp-image-161320\" srcset=\"https:\/\/abd.ong\/wp-content\/uploads\/2024\/06\/Captura-de-pantalla-293-e1718366241230.png 1920w, https:\/\/abd.ong\/wp-content\/uploads\/2024\/06\/Captura-de-pantalla-293-e1718366241230-300x154.png 300w, https:\/\/abd.ong\/wp-content\/uploads\/2024\/06\/Captura-de-pantalla-293-e1718366241230-1024x525.png 1024w, https:\/\/abd.ong\/wp-content\/uploads\/2024\/06\/Captura-de-pantalla-293-e1718366241230-768x394.png 768w, https:\/\/abd.ong\/wp-content\/uploads\/2024\/06\/Captura-de-pantalla-293-e1718366241230-1536x788.png 1536w\" sizes=\"(max-width: 1920px) 100vw, 1920px\" \/><\/figure>\n\n\n\n<figure class=\"wp-block-image size-large\"><img loading=\"lazy\" decoding=\"async\" width=\"1920\" height=\"1030\" data-id=\"161324\" src=\"https:\/\/abd.ong\/wp-content\/uploads\/2024\/06\/Captura-de-pantalla-295-e1718366224834.png\" alt=\"\" class=\"wp-image-161324\" srcset=\"https:\/\/abd.ong\/wp-content\/uploads\/2024\/06\/Captura-de-pantalla-295-e1718366224834.png 1920w, https:\/\/abd.ong\/wp-content\/uploads\/2024\/06\/Captura-de-pantalla-295-e1718366224834-300x161.png 300w, https:\/\/abd.ong\/wp-content\/uploads\/2024\/06\/Captura-de-pantalla-295-e1718366224834-1024x549.png 1024w, https:\/\/abd.ong\/wp-content\/uploads\/2024\/06\/Captura-de-pantalla-295-e1718366224834-768x412.png 768w, https:\/\/abd.ong\/wp-content\/uploads\/2024\/06\/Captura-de-pantalla-295-e1718366224834-1536x824.png 1536w\" sizes=\"(max-width: 1920px) 100vw, 1920px\" \/><\/figure>\n<\/figure>\n","protected":false},"excerpt":{"rendered":"<p>La trobada la va presentar Pilar Rodr\u00edguez, adjunta a ger\u00e8ncia, directora de la unitat sociosanit\u00e0ria del grup ABD i presidenta del comit\u00e8 d&#8217;\u00e8tica d&#8217;intervenci\u00f3 social Ahir es va celebrar la&hellip;<\/p>\n","protected":false},"author":12,"featured_media":161298,"comment_status":"closed","ping_status":"closed","sticky":false,"template":"","format":"standard","meta":{"_acf_changed":false,"footnotes":""},"categories":[66],"tags":[675,4393,4394,2300,1113],"class_list":["post-161329","post","type-post","status-publish","format-standard","has-post-thumbnail","hentry","category-general-ca","tag-asociacion-bienestar-y-desarrollo-ca","tag-comite-de-etica-de-intervencion-social-de-abd-ceisa-ca","tag-foro-ceisa-ca","tag-noticies-ca","tag-pilar-rodriguez-ca-2"],"acf":[],"yoast_head":"<!-- This site is optimized with the Yoast SEO plugin v27.4 - https:\/\/yoast.com\/product\/yoast-seo-wordpress\/ -->\n<title>Es posa en marxa el F\u00d2RUM CEISA per a la reflexi\u00f3 i el di\u00e0leg \u00e8tic - ABD<\/title>\n<meta name=\"description\" content=\"La trobada la va presentar Pilar Rodr\u00edguez, adjunta a ger\u00e8ncia, directora de la unitat sociosanit\u00e0ria del grup ABD i presidenta del comit\u00e8 d&#039;\u00e8tica\" \/>\n<meta name=\"robots\" content=\"index, follow, max-snippet:-1, max-image-preview:large, max-video-preview:-1\" \/>\n<link rel=\"canonical\" href=\"https:\/\/abd.ong\/ca\/general-ca\/es-posa-en-marxa-el-forum-ceisa-per-a-la-reflexio-i-el-dialeg-etic\/\" \/>\n<meta property=\"og:locale\" content=\"ca_ES\" \/>\n<meta property=\"og:type\" content=\"article\" \/>\n<meta property=\"og:title\" content=\"Es posa en marxa el F\u00d2RUM CEISA per a la reflexi\u00f3 i el di\u00e0leg \u00e8tic - ABD\" \/>\n<meta property=\"og:description\" content=\"La trobada la va presentar Pilar Rodr\u00edguez, adjunta a ger\u00e8ncia, directora de la unitat sociosanit\u00e0ria del grup ABD i presidenta del comit\u00e8 d&#039;\u00e8tica\" \/>\n<meta property=\"og:url\" content=\"https:\/\/abd.ong\/ca\/general-ca\/es-posa-en-marxa-el-forum-ceisa-per-a-la-reflexio-i-el-dialeg-etic\/\" \/>\n<meta property=\"og:site_name\" content=\"ABD\" \/>\n<meta property=\"article:publisher\" content=\"https:\/\/www.facebook.com\/abd.ong\" \/>\n<meta property=\"article:published_time\" content=\"2024-06-14T10:05:20+00:00\" \/>\n<meta property=\"article:modified_time\" content=\"2024-06-14T10:06:09+00:00\" \/>\n<meta property=\"og:image\" content=\"https:\/\/abd.ong\/wp-content\/uploads\/2024\/06\/image_50402817.jpg\" \/>\n\t<meta property=\"og:image:width\" content=\"2048\" \/>\n\t<meta property=\"og:image:height\" content=\"1536\" \/>\n\t<meta property=\"og:image:type\" content=\"image\/jpeg\" \/>\n<meta name=\"author\" content=\"Francesc Balart\" \/>\n<meta name=\"twitter:card\" content=\"summary_large_image\" \/>\n<meta name=\"twitter:creator\" content=\"@abd_ong\" \/>\n<meta name=\"twitter:site\" content=\"@abd_ong\" \/>\n<meta name=\"twitter:label1\" content=\"Escrit per\" \/>\n\t<meta name=\"twitter:data1\" content=\"Francesc Balart\" \/>\n\t<meta name=\"twitter:label2\" content=\"Temps estimat de lectura\" \/>\n\t<meta name=\"twitter:data2\" content=\"4 minuts\" \/>\n<script type=\"application\/ld+json\" class=\"yoast-schema-graph\">{\"@context\":\"https:\\\/\\\/schema.org\",\"@graph\":[{\"@type\":\"Article\",\"@id\":\"https:\\\/\\\/abd.ong\\\/ca\\\/general-ca\\\/es-posa-en-marxa-el-forum-ceisa-per-a-la-reflexio-i-el-dialeg-etic\\\/#article\",\"isPartOf\":{\"@id\":\"https:\\\/\\\/abd.ong\\\/ca\\\/general-ca\\\/es-posa-en-marxa-el-forum-ceisa-per-a-la-reflexio-i-el-dialeg-etic\\\/\"},\"author\":{\"name\":\"Francesc Balart\",\"@id\":\"https:\\\/\\\/abd.ong\\\/ca\\\/#\\\/schema\\\/person\\\/6bb74ed13fc8bdf3a5382c66db14c9ee\"},\"headline\":\"Es posa en marxa el F\u00d2RUM CEISA per a la reflexi\u00f3 i el di\u00e0leg \u00e8tic\",\"datePublished\":\"2024-06-14T10:05:20+00:00\",\"dateModified\":\"2024-06-14T10:06:09+00:00\",\"mainEntityOfPage\":{\"@id\":\"https:\\\/\\\/abd.ong\\\/ca\\\/general-ca\\\/es-posa-en-marxa-el-forum-ceisa-per-a-la-reflexio-i-el-dialeg-etic\\\/\"},\"wordCount\":346,\"publisher\":{\"@id\":\"https:\\\/\\\/abd.ong\\\/ca\\\/#organization\"},\"image\":{\"@id\":\"https:\\\/\\\/abd.ong\\\/ca\\\/general-ca\\\/es-posa-en-marxa-el-forum-ceisa-per-a-la-reflexio-i-el-dialeg-etic\\\/#primaryimage\"},\"thumbnailUrl\":\"https:\\\/\\\/abd.ong\\\/wp-content\\\/uploads\\\/2024\\\/06\\\/image_50402817.jpg\",\"keywords\":[\"Asociaci\u00f3n Bienestar y Desarrollo\",\"Comit\u00e9 de \u00c9tica de Intervenci\u00f3n Social de ABD (CEISA)\",\"FORO CEISA\",\"not\u00edcies\",\"Pilar Rodr\u00edguez\"],\"articleSection\":[\"General\"],\"inLanguage\":\"ca\"},{\"@type\":\"WebPage\",\"@id\":\"https:\\\/\\\/abd.ong\\\/ca\\\/general-ca\\\/es-posa-en-marxa-el-forum-ceisa-per-a-la-reflexio-i-el-dialeg-etic\\\/\",\"url\":\"https:\\\/\\\/abd.ong\\\/ca\\\/general-ca\\\/es-posa-en-marxa-el-forum-ceisa-per-a-la-reflexio-i-el-dialeg-etic\\\/\",\"name\":\"Es posa en marxa el F\u00d2RUM CEISA per a la reflexi\u00f3 i el di\u00e0leg \u00e8tic - ABD\",\"isPartOf\":{\"@id\":\"https:\\\/\\\/abd.ong\\\/ca\\\/#website\"},\"primaryImageOfPage\":{\"@id\":\"https:\\\/\\\/abd.ong\\\/ca\\\/general-ca\\\/es-posa-en-marxa-el-forum-ceisa-per-a-la-reflexio-i-el-dialeg-etic\\\/#primaryimage\"},\"image\":{\"@id\":\"https:\\\/\\\/abd.ong\\\/ca\\\/general-ca\\\/es-posa-en-marxa-el-forum-ceisa-per-a-la-reflexio-i-el-dialeg-etic\\\/#primaryimage\"},\"thumbnailUrl\":\"https:\\\/\\\/abd.ong\\\/wp-content\\\/uploads\\\/2024\\\/06\\\/image_50402817.jpg\",\"datePublished\":\"2024-06-14T10:05:20+00:00\",\"dateModified\":\"2024-06-14T10:06:09+00:00\",\"description\":\"La trobada la va presentar Pilar Rodr\u00edguez, adjunta a ger\u00e8ncia, directora de la unitat sociosanit\u00e0ria del grup ABD i presidenta del comit\u00e8 d'\u00e8tica\",\"breadcrumb\":{\"@id\":\"https:\\\/\\\/abd.ong\\\/ca\\\/general-ca\\\/es-posa-en-marxa-el-forum-ceisa-per-a-la-reflexio-i-el-dialeg-etic\\\/#breadcrumb\"},\"inLanguage\":\"ca\",\"potentialAction\":[{\"@type\":\"ReadAction\",\"target\":[\"https:\\\/\\\/abd.ong\\\/ca\\\/general-ca\\\/es-posa-en-marxa-el-forum-ceisa-per-a-la-reflexio-i-el-dialeg-etic\\\/\"]}]},{\"@type\":\"ImageObject\",\"inLanguage\":\"ca\",\"@id\":\"https:\\\/\\\/abd.ong\\\/ca\\\/general-ca\\\/es-posa-en-marxa-el-forum-ceisa-per-a-la-reflexio-i-el-dialeg-etic\\\/#primaryimage\",\"url\":\"https:\\\/\\\/abd.ong\\\/wp-content\\\/uploads\\\/2024\\\/06\\\/image_50402817.jpg\",\"contentUrl\":\"https:\\\/\\\/abd.ong\\\/wp-content\\\/uploads\\\/2024\\\/06\\\/image_50402817.jpg\",\"width\":2048,\"height\":1536},{\"@type\":\"BreadcrumbList\",\"@id\":\"https:\\\/\\\/abd.ong\\\/ca\\\/general-ca\\\/es-posa-en-marxa-el-forum-ceisa-per-a-la-reflexio-i-el-dialeg-etic\\\/#breadcrumb\",\"itemListElement\":[{\"@type\":\"ListItem\",\"position\":1,\"name\":\"Inici\",\"item\":\"https:\\\/\\\/abd.ong\\\/ca\\\/\"},{\"@type\":\"ListItem\",\"position\":2,\"name\":\"Es posa en marxa el F\u00d2RUM CEISA per a la reflexi\u00f3 i el di\u00e0leg \u00e8tic\"}]},{\"@type\":\"WebSite\",\"@id\":\"https:\\\/\\\/abd.ong\\\/ca\\\/#website\",\"url\":\"https:\\\/\\\/abd.ong\\\/ca\\\/\",\"name\":\"ABD\",\"description\":\"Asociaci\u00f3n Bienestar y Desarrollo\",\"publisher\":{\"@id\":\"https:\\\/\\\/abd.ong\\\/ca\\\/#organization\"},\"potentialAction\":[{\"@type\":\"SearchAction\",\"target\":{\"@type\":\"EntryPoint\",\"urlTemplate\":\"https:\\\/\\\/abd.ong\\\/ca\\\/?s={search_term_string}\"},\"query-input\":{\"@type\":\"PropertyValueSpecification\",\"valueRequired\":true,\"valueName\":\"search_term_string\"}}],\"inLanguage\":\"ca\"},{\"@type\":\"Organization\",\"@id\":\"https:\\\/\\\/abd.ong\\\/ca\\\/#organization\",\"name\":\"Associaci\u00f3 Benestar i Desenvolupament\",\"alternateName\":\"ABD\",\"url\":\"https:\\\/\\\/abd.ong\\\/ca\\\/\",\"logo\":{\"@type\":\"ImageObject\",\"inLanguage\":\"ca\",\"@id\":\"https:\\\/\\\/abd.ong\\\/ca\\\/#\\\/schema\\\/logo\\\/image\\\/\",\"url\":\"https:\\\/\\\/abd.ong\\\/wp-content\\\/uploads\\\/2023\\\/01\\\/Icona.png\",\"contentUrl\":\"https:\\\/\\\/abd.ong\\\/wp-content\\\/uploads\\\/2023\\\/01\\\/Icona.png\",\"width\":190,\"height\":187,\"caption\":\"Associaci\u00f3 Benestar i Desenvolupament\"},\"image\":{\"@id\":\"https:\\\/\\\/abd.ong\\\/ca\\\/#\\\/schema\\\/logo\\\/image\\\/\"},\"sameAs\":[\"https:\\\/\\\/www.facebook.com\\\/abd.ong\",\"https:\\\/\\\/x.com\\\/abd_ong\",\"https:\\\/\\\/www.instagram.com\\\/abd_ong\\\/\",\"https:\\\/\\\/www.linkedin.com\\\/company\\\/abdong\",\"https:\\\/\\\/www.youtube.com\\\/user\\\/CANALABD\"]},{\"@type\":\"Person\",\"@id\":\"https:\\\/\\\/abd.ong\\\/ca\\\/#\\\/schema\\\/person\\\/6bb74ed13fc8bdf3a5382c66db14c9ee\",\"name\":\"Francesc Balart\"}]}<\/script>\n<!-- \/ Yoast SEO plugin. -->","yoast_head_json":{"title":"Es posa en marxa el F\u00d2RUM CEISA per a la reflexi\u00f3 i el di\u00e0leg \u00e8tic - ABD","description":"La trobada la va presentar Pilar Rodr\u00edguez, adjunta a ger\u00e8ncia, directora de la unitat sociosanit\u00e0ria del grup ABD i presidenta del comit\u00e8 d'\u00e8tica","robots":{"index":"index","follow":"follow","max-snippet":"max-snippet:-1","max-image-preview":"max-image-preview:large","max-video-preview":"max-video-preview:-1"},"canonical":"https:\/\/abd.ong\/ca\/general-ca\/es-posa-en-marxa-el-forum-ceisa-per-a-la-reflexio-i-el-dialeg-etic\/","og_locale":"ca_ES","og_type":"article","og_title":"Es posa en marxa el F\u00d2RUM CEISA per a la reflexi\u00f3 i el di\u00e0leg \u00e8tic - ABD","og_description":"La trobada la va presentar Pilar Rodr\u00edguez, adjunta a ger\u00e8ncia, directora de la unitat sociosanit\u00e0ria del grup ABD i presidenta del comit\u00e8 d'\u00e8tica","og_url":"https:\/\/abd.ong\/ca\/general-ca\/es-posa-en-marxa-el-forum-ceisa-per-a-la-reflexio-i-el-dialeg-etic\/","og_site_name":"ABD","article_publisher":"https:\/\/www.facebook.com\/abd.ong","article_published_time":"2024-06-14T10:05:20+00:00","article_modified_time":"2024-06-14T10:06:09+00:00","og_image":[{"width":2048,"height":1536,"url":"https:\/\/abd.ong\/wp-content\/uploads\/2024\/06\/image_50402817.jpg","type":"image\/jpeg"}],"author":"Francesc Balart","twitter_card":"summary_large_image","twitter_creator":"@abd_ong","twitter_site":"@abd_ong","twitter_misc":{"Escrit per":"Francesc Balart","Temps estimat de lectura":"4 minuts"},"schema":{"@context":"https:\/\/schema.org","@graph":[{"@type":"Article","@id":"https:\/\/abd.ong\/ca\/general-ca\/es-posa-en-marxa-el-forum-ceisa-per-a-la-reflexio-i-el-dialeg-etic\/#article","isPartOf":{"@id":"https:\/\/abd.ong\/ca\/general-ca\/es-posa-en-marxa-el-forum-ceisa-per-a-la-reflexio-i-el-dialeg-etic\/"},"author":{"name":"Francesc Balart","@id":"https:\/\/abd.ong\/ca\/#\/schema\/person\/6bb74ed13fc8bdf3a5382c66db14c9ee"},"headline":"Es posa en marxa el F\u00d2RUM CEISA per a la reflexi\u00f3 i el di\u00e0leg \u00e8tic","datePublished":"2024-06-14T10:05:20+00:00","dateModified":"2024-06-14T10:06:09+00:00","mainEntityOfPage":{"@id":"https:\/\/abd.ong\/ca\/general-ca\/es-posa-en-marxa-el-forum-ceisa-per-a-la-reflexio-i-el-dialeg-etic\/"},"wordCount":346,"publisher":{"@id":"https:\/\/abd.ong\/ca\/#organization"},"image":{"@id":"https:\/\/abd.ong\/ca\/general-ca\/es-posa-en-marxa-el-forum-ceisa-per-a-la-reflexio-i-el-dialeg-etic\/#primaryimage"},"thumbnailUrl":"https:\/\/abd.ong\/wp-content\/uploads\/2024\/06\/image_50402817.jpg","keywords":["Asociaci\u00f3n Bienestar y Desarrollo","Comit\u00e9 de \u00c9tica de Intervenci\u00f3n Social de ABD (CEISA)","FORO CEISA","not\u00edcies","Pilar Rodr\u00edguez"],"articleSection":["General"],"inLanguage":"ca"},{"@type":"WebPage","@id":"https:\/\/abd.ong\/ca\/general-ca\/es-posa-en-marxa-el-forum-ceisa-per-a-la-reflexio-i-el-dialeg-etic\/","url":"https:\/\/abd.ong\/ca\/general-ca\/es-posa-en-marxa-el-forum-ceisa-per-a-la-reflexio-i-el-dialeg-etic\/","name":"Es posa en marxa el F\u00d2RUM CEISA per a la reflexi\u00f3 i el di\u00e0leg \u00e8tic - ABD","isPartOf":{"@id":"https:\/\/abd.ong\/ca\/#website"},"primaryImageOfPage":{"@id":"https:\/\/abd.ong\/ca\/general-ca\/es-posa-en-marxa-el-forum-ceisa-per-a-la-reflexio-i-el-dialeg-etic\/#primaryimage"},"image":{"@id":"https:\/\/abd.ong\/ca\/general-ca\/es-posa-en-marxa-el-forum-ceisa-per-a-la-reflexio-i-el-dialeg-etic\/#primaryimage"},"thumbnailUrl":"https:\/\/abd.ong\/wp-content\/uploads\/2024\/06\/image_50402817.jpg","datePublished":"2024-06-14T10:05:20+00:00","dateModified":"2024-06-14T10:06:09+00:00","description":"La trobada la va presentar Pilar Rodr\u00edguez, adjunta a ger\u00e8ncia, directora de la unitat sociosanit\u00e0ria del grup ABD i presidenta del comit\u00e8 d'\u00e8tica","breadcrumb":{"@id":"https:\/\/abd.ong\/ca\/general-ca\/es-posa-en-marxa-el-forum-ceisa-per-a-la-reflexio-i-el-dialeg-etic\/#breadcrumb"},"inLanguage":"ca","potentialAction":[{"@type":"ReadAction","target":["https:\/\/abd.ong\/ca\/general-ca\/es-posa-en-marxa-el-forum-ceisa-per-a-la-reflexio-i-el-dialeg-etic\/"]}]},{"@type":"ImageObject","inLanguage":"ca","@id":"https:\/\/abd.ong\/ca\/general-ca\/es-posa-en-marxa-el-forum-ceisa-per-a-la-reflexio-i-el-dialeg-etic\/#primaryimage","url":"https:\/\/abd.ong\/wp-content\/uploads\/2024\/06\/image_50402817.jpg","contentUrl":"https:\/\/abd.ong\/wp-content\/uploads\/2024\/06\/image_50402817.jpg","width":2048,"height":1536},{"@type":"BreadcrumbList","@id":"https:\/\/abd.ong\/ca\/general-ca\/es-posa-en-marxa-el-forum-ceisa-per-a-la-reflexio-i-el-dialeg-etic\/#breadcrumb","itemListElement":[{"@type":"ListItem","position":1,"name":"Inici","item":"https:\/\/abd.ong\/ca\/"},{"@type":"ListItem","position":2,"name":"Es posa en marxa el F\u00d2RUM CEISA per a la reflexi\u00f3 i el di\u00e0leg \u00e8tic"}]},{"@type":"WebSite","@id":"https:\/\/abd.ong\/ca\/#website","url":"https:\/\/abd.ong\/ca\/","name":"ABD","description":"Asociaci\u00f3n Bienestar y Desarrollo","publisher":{"@id":"https:\/\/abd.ong\/ca\/#organization"},"potentialAction":[{"@type":"SearchAction","target":{"@type":"EntryPoint","urlTemplate":"https:\/\/abd.ong\/ca\/?s={search_term_string}"},"query-input":{"@type":"PropertyValueSpecification","valueRequired":true,"valueName":"search_term_string"}}],"inLanguage":"ca"},{"@type":"Organization","@id":"https:\/\/abd.ong\/ca\/#organization","name":"Associaci\u00f3 Benestar i Desenvolupament","alternateName":"ABD","url":"https:\/\/abd.ong\/ca\/","logo":{"@type":"ImageObject","inLanguage":"ca","@id":"https:\/\/abd.ong\/ca\/#\/schema\/logo\/image\/","url":"https:\/\/abd.ong\/wp-content\/uploads\/2023\/01\/Icona.png","contentUrl":"https:\/\/abd.ong\/wp-content\/uploads\/2023\/01\/Icona.png","width":190,"height":187,"caption":"Associaci\u00f3 Benestar i Desenvolupament"},"image":{"@id":"https:\/\/abd.ong\/ca\/#\/schema\/logo\/image\/"},"sameAs":["https:\/\/www.facebook.com\/abd.ong","https:\/\/x.com\/abd_ong","https:\/\/www.instagram.com\/abd_ong\/","https:\/\/www.linkedin.com\/company\/abdong","https:\/\/www.youtube.com\/user\/CANALABD"]},{"@type":"Person","@id":"https:\/\/abd.ong\/ca\/#\/schema\/person\/6bb74ed13fc8bdf3a5382c66db14c9ee","name":"Francesc Balart"}]}},"_links":{"self":[{"href":"https:\/\/abd.ong\/ca\/wp-json\/wp\/v2\/posts\/161329","targetHints":{"allow":["GET"]}}],"collection":[{"href":"https:\/\/abd.ong\/ca\/wp-json\/wp\/v2\/posts"}],"about":[{"href":"https:\/\/abd.ong\/ca\/wp-json\/wp\/v2\/types\/post"}],"author":[{"embeddable":true,"href":"https:\/\/abd.ong\/ca\/wp-json\/wp\/v2\/users\/12"}],"replies":[{"embeddable":true,"href":"https:\/\/abd.ong\/ca\/wp-json\/wp\/v2\/comments?post=161329"}],"version-history":[{"count":3,"href":"https:\/\/abd.ong\/ca\/wp-json\/wp\/v2\/posts\/161329\/revisions"}],"predecessor-version":[{"id":161338,"href":"https:\/\/abd.ong\/ca\/wp-json\/wp\/v2\/posts\/161329\/revisions\/161338"}],"wp:featuredmedia":[{"embeddable":true,"href":"https:\/\/abd.ong\/ca\/wp-json\/wp\/v2\/media\/161298"}],"wp:attachment":[{"href":"https:\/\/abd.ong\/ca\/wp-json\/wp\/v2\/media?parent=161329"}],"wp:term":[{"taxonomy":"category","embeddable":true,"href":"https:\/\/abd.ong\/ca\/wp-json\/wp\/v2\/categories?post=161329"},{"taxonomy":"post_tag","embeddable":true,"href":"https:\/\/abd.ong\/ca\/wp-json\/wp\/v2\/tags?post=161329"}],"curies":[{"name":"wp","href":"https:\/\/api.w.org\/{rel}","templated":true}]}}