{"id":160198,"date":"2024-05-15T12:09:05","date_gmt":"2024-05-15T10:09:05","guid":{"rendered":"https:\/\/abd.ong\/?p=160198"},"modified":"2024-05-15T12:10:03","modified_gmt":"2024-05-15T10:10:03","slug":"el-grup-abd-renova-la-seva-adhesio-a-la-carta-de-la-diversitat","status":"publish","type":"post","link":"https:\/\/abd.ong\/ca\/general-ca\/el-grup-abd-renova-la-seva-adhesio-a-la-carta-de-la-diversitat\/","title":{"rendered":"El Grup ABD renova la seva adhesi\u00f3 a la Carta de la Diversitat"},"content":{"rendered":"\n<p>El Grup ABD ha renovat un any m\u00e9s el comprom\u00eds amb la Carta de la Diversitat, una carta\/codi de comprom\u00eds amb els principis de la Comissi\u00f3 Europea sobre igualtat, inclusi\u00f3 i diversitat. ABD \u00e9s signant de la carta des del mar\u00e7 del 2010.<\/p>\n\n<p>Aquesta renovaci\u00f3 \u00e9s testimoni del comprom\u00eds de l&#8217;organitzaci\u00f3 amb la diversitat i la inclusi\u00f3 en l&#8217;\u00e0mbit laboral.<\/p>\n\n<div style=\"height:25px\" aria-hidden=\"true\" class=\"wp-block-spacer\"><\/div>\n\n<figure class=\"wp-block-image size-large\"><img fetchpriority=\"high\" decoding=\"async\" width=\"1024\" height=\"724\" src=\"https:\/\/abd.ong\/wp-content\/uploads\/2024\/05\/diploma_carta_diversidad_1ed02908-2f38-60c8-bdb3-a11bcc1c16e2_1ed075d8-749c-6886-9231-07b3ca7d88c3_1714392484_page-0001-1024x724.jpg\" alt=\"\" class=\"wp-image-160193\" srcset=\"https:\/\/abd.ong\/wp-content\/uploads\/2024\/05\/diploma_carta_diversidad_1ed02908-2f38-60c8-bdb3-a11bcc1c16e2_1ed075d8-749c-6886-9231-07b3ca7d88c3_1714392484_page-0001-1024x724.jpg 1024w, https:\/\/abd.ong\/wp-content\/uploads\/2024\/05\/diploma_carta_diversidad_1ed02908-2f38-60c8-bdb3-a11bcc1c16e2_1ed075d8-749c-6886-9231-07b3ca7d88c3_1714392484_page-0001-300x212.jpg 300w, https:\/\/abd.ong\/wp-content\/uploads\/2024\/05\/diploma_carta_diversidad_1ed02908-2f38-60c8-bdb3-a11bcc1c16e2_1ed075d8-749c-6886-9231-07b3ca7d88c3_1714392484_page-0001-768x543.jpg 768w, https:\/\/abd.ong\/wp-content\/uploads\/2024\/05\/diploma_carta_diversidad_1ed02908-2f38-60c8-bdb3-a11bcc1c16e2_1ed075d8-749c-6886-9231-07b3ca7d88c3_1714392484_page-0001-1536x1086.jpg 1536w, https:\/\/abd.ong\/wp-content\/uploads\/2024\/05\/diploma_carta_diversidad_1ed02908-2f38-60c8-bdb3-a11bcc1c16e2_1ed075d8-749c-6886-9231-07b3ca7d88c3_1714392484_page-0001.jpg 2048w\" sizes=\"(max-width: 1024px) 100vw, 1024px\" \/><\/figure>\n\n<div style=\"height:25px\" aria-hidden=\"true\" class=\"wp-block-spacer\"><\/div>\n\n<h4 class=\"wp-block-heading\">Principis de la Carta de la Diversitat<\/h4>\n\n<div style=\"height:25px\" aria-hidden=\"true\" class=\"wp-block-spacer\"><\/div>\n\n<p>Les empreses, institucions i entitats que signen volunt\u00e0riament la Carta de la Diversitat respecten la normativa vigent en mat\u00e8ria d&#8217;igualtat d&#8217;oportunitats i no discriminaci\u00f3, i assumeixen deu principis b\u00e0sics:<\/p>\n\n<div class=\"wp-block-group is-layout-constrained wp-block-group-is-layout-constrained\">\n<ul class=\"wp-block-list\">\n<li><strong>SENSIBILITZAR<\/strong>: Sensibilitzar sobre els principis d&#8217;igualtat d&#8217;oportunitats i de respecte a la diversitat, incloent-los com a valors de l&#8217;empresa o organitzaci\u00f3, i difonent-los entre el personal.<\/li>\n\n\n\n<li><strong>PLANTILLA DIVERSA<\/strong>: Avan\u00e7ar en la construcci\u00f3 d&#8217;una plantilla diversa, fomentant la integraci\u00f3 de persones amb perfils diversos, independentment del g\u00e8nere, orientaci\u00f3 sexual, \u00e8tnia, nacionalitat, proced\u00e8ncia, religi\u00f3, creences, edat, discapacitat, o qualsevol altra circumst\u00e0ncia personal o social.<\/li>\n\n\n\n<li><strong>INCLUSI\u00d3<\/strong>: Promoure la inclusi\u00f3 de tota la plantilla, afavorint la integraci\u00f3 efectiva evitant qualsevol tipus de discriminaci\u00f3, directa o indirecta, a la feina.<\/li>\n\n\n\n<li><strong>D&amp;I COM A POL\u00cdTICA TRANSVERSAL<\/strong>: Considerar la diversitat en totes les pol\u00edtiques de direcci\u00f3 de les persones, gestionant-la de manera transversal, com a base de totes les decisions que es prenguin en aquest \u00e0mbit.<\/li>\n\n\n\n<li><strong>CONCILIACI\u00d3<\/strong>: Promoure la conciliaci\u00f3 i coresponsabilitat a trav\u00e9s d&#8217;un equilibri en els temps de treball, fam\u00edlia i lleure, establint mecanismes que permetin l&#8217;harmonitzaci\u00f3 de la vida laboral amb la familiar i el personal de tota la plantilla.<\/li>\n\n\n\n<li><strong>DIVERSITAT DE CLIENTS<\/strong>: Recon\u00e8ixer la diversitat dels clients, que tamb\u00e9 \u00e9s una font d&#8217;innovaci\u00f3 i desenvolupament.<\/li>\n\n\n\n<li><strong>COMUNICACI\u00d3 INTERNA<\/strong>: Estendre i comunicar el comprom\u00eds a tot el personal, fent part\u00edcip a tota l&#8217;empresa o organitzaci\u00f3 de la responsabilitat adquirida com a signant de la Carta de la Diversitat.<\/li>\n\n\n\n<li><strong>SUMAR A EMPRESES PROVE\u00cfDORES<\/strong>: Estendre i comunicar el comprom\u00eds a les empreses prove\u00efdores, convidant-les a unir-se a la comunitat d&#8217;empreses que a Espanya s&#8217;adhereixen de manera volunt\u00e0ria a la Carta de la Diversitat.<\/li>\n\n\n\n<li><strong>COMUNICACI\u00d3 EXTERNA<\/strong>: Traslladar i fer arribar aquest comprom\u00eds a entitats terceres (administracions, organitzacions empresarials, sindicats i altres agents socials).<\/li>\n\n\n\n<li><strong>BUENAS PR\u00c1CTICAS<\/strong>: Difundir las pol\u00edticas de D&amp;I y los resultados obtenidos, a trav\u00e9s de la web, memoria anual, eventos, etc.\u00a0<\/li>\n<\/ul>\n\n\n\n<div style=\"height:25px\" aria-hidden=\"true\" class=\"wp-block-spacer\"><\/div>\n\n\n\n<div style=\"height:100px\" aria-hidden=\"true\" class=\"wp-block-spacer\"><\/div>\n\n\n\n<figure class=\"wp-block-image size-large\"><img decoding=\"async\" width=\"724\" height=\"1024\" src=\"https:\/\/abd.ong\/wp-content\/uploads\/2024\/05\/10-principios-carta-diversidad-2024-16d99edda4df8181f8e61c395afb87123b7e41a6_page-0001-724x1024.jpg\" alt=\"\" class=\"wp-image-160190\" srcset=\"https:\/\/abd.ong\/wp-content\/uploads\/2024\/05\/10-principios-carta-diversidad-2024-16d99edda4df8181f8e61c395afb87123b7e41a6_page-0001-724x1024.jpg 724w, https:\/\/abd.ong\/wp-content\/uploads\/2024\/05\/10-principios-carta-diversidad-2024-16d99edda4df8181f8e61c395afb87123b7e41a6_page-0001-212x300.jpg 212w, https:\/\/abd.ong\/wp-content\/uploads\/2024\/05\/10-principios-carta-diversidad-2024-16d99edda4df8181f8e61c395afb87123b7e41a6_page-0001-768x1086.jpg 768w, https:\/\/abd.ong\/wp-content\/uploads\/2024\/05\/10-principios-carta-diversidad-2024-16d99edda4df8181f8e61c395afb87123b7e41a6_page-0001-1086x1536.jpg 1086w, https:\/\/abd.ong\/wp-content\/uploads\/2024\/05\/10-principios-carta-diversidad-2024-16d99edda4df8181f8e61c395afb87123b7e41a6_page-0001.jpg 1241w\" sizes=\"(max-width: 724px) 100vw, 724px\" \/><\/figure>\n<\/div>\n","protected":false},"excerpt":{"rendered":"<p>El Grup ABD ha renovat un any m\u00e9s el comprom\u00eds amb la Carta de la Diversitat, una carta\/codi de comprom\u00eds amb els principis de la Comissi\u00f3 Europea sobre igualtat, inclusi\u00f3&hellip;<\/p>\n","protected":false},"author":2,"featured_media":160188,"comment_status":"closed","ping_status":"closed","sticky":false,"template":"","format":"standard","meta":{"_acf_changed":false,"footnotes":""},"categories":[66],"tags":[1897,675,2877],"class_list":["post-160198","post","type-post","status-publish","format-standard","has-post-thumbnail","hentry","category-general-ca","tag-abd-2-ca","tag-asociacion-bienestar-y-desarrollo-ca","tag-grup-abd"],"acf":[],"yoast_head":"<!-- This site is optimized with the Yoast SEO plugin v27.4 - https:\/\/yoast.com\/product\/yoast-seo-wordpress\/ -->\n<title>El Grup ABD renova la seva adhesi\u00f3 a la Carta de la Diversitat - ABD<\/title>\n<meta name=\"description\" content=\"El Grup ABD ha renovat un any m\u00e9s el comprom\u00eds amb la Carta de la Diversitat, una carta\/codi de comprom\u00eds amb els principis de la Comissi\u00f3 Europea sobre\" \/>\n<meta name=\"robots\" content=\"index, follow, max-snippet:-1, max-image-preview:large, max-video-preview:-1\" \/>\n<link rel=\"canonical\" href=\"https:\/\/abd.ong\/ca\/general-ca\/el-grup-abd-renova-la-seva-adhesio-a-la-carta-de-la-diversitat\/\" \/>\n<meta property=\"og:locale\" content=\"ca_ES\" \/>\n<meta property=\"og:type\" content=\"article\" \/>\n<meta property=\"og:title\" content=\"El Grup ABD renova la seva adhesi\u00f3 a la Carta de la Diversitat - ABD\" \/>\n<meta property=\"og:description\" content=\"El Grup ABD ha renovat un any m\u00e9s el comprom\u00eds amb la Carta de la Diversitat, una carta\/codi de comprom\u00eds amb els principis de la Comissi\u00f3 Europea sobre\" \/>\n<meta property=\"og:url\" content=\"https:\/\/abd.ong\/ca\/general-ca\/el-grup-abd-renova-la-seva-adhesio-a-la-carta-de-la-diversitat\/\" \/>\n<meta property=\"og:site_name\" content=\"ABD\" \/>\n<meta property=\"article:publisher\" content=\"https:\/\/www.facebook.com\/abd.ong\" \/>\n<meta property=\"article:published_time\" content=\"2024-05-15T10:09:05+00:00\" \/>\n<meta property=\"article:modified_time\" content=\"2024-05-15T10:10:03+00:00\" \/>\n<meta property=\"og:image\" content=\"https:\/\/abd.ong\/wp-content\/uploads\/2024\/05\/Light-Pink-Pastel-Red-Clean-and-Corporate-Protest-Content-Pro-choice-Twitter-Post.png\" \/>\n\t<meta property=\"og:image:width\" content=\"2048\" \/>\n\t<meta property=\"og:image:height\" content=\"1152\" \/>\n\t<meta property=\"og:image:type\" content=\"image\/png\" \/>\n<meta name=\"author\" content=\"Enric Guinart\" \/>\n<meta name=\"twitter:card\" content=\"summary_large_image\" \/>\n<meta name=\"twitter:creator\" content=\"@abd_ong\" \/>\n<meta name=\"twitter:site\" content=\"@abd_ong\" \/>\n<meta name=\"twitter:label1\" content=\"Escrit per\" \/>\n\t<meta name=\"twitter:data1\" content=\"Enric Guinart\" \/>\n\t<meta name=\"twitter:label2\" content=\"Temps estimat de lectura\" \/>\n\t<meta name=\"twitter:data2\" content=\"3 minuts\" \/>\n<script type=\"application\/ld+json\" class=\"yoast-schema-graph\">{\"@context\":\"https:\\\/\\\/schema.org\",\"@graph\":[{\"@type\":\"Article\",\"@id\":\"https:\\\/\\\/abd.ong\\\/ca\\\/general-ca\\\/el-grup-abd-renova-la-seva-adhesio-a-la-carta-de-la-diversitat\\\/#article\",\"isPartOf\":{\"@id\":\"https:\\\/\\\/abd.ong\\\/ca\\\/general-ca\\\/el-grup-abd-renova-la-seva-adhesio-a-la-carta-de-la-diversitat\\\/\"},\"author\":{\"name\":\"Enric Guinart\",\"@id\":\"https:\\\/\\\/abd.ong\\\/ca\\\/#\\\/schema\\\/person\\\/d0f5fe279a7ad908de6a6d1332bfd7d8\"},\"headline\":\"El Grup ABD renova la seva adhesi\u00f3 a la Carta de la Diversitat\",\"datePublished\":\"2024-05-15T10:09:05+00:00\",\"dateModified\":\"2024-05-15T10:10:03+00:00\",\"mainEntityOfPage\":{\"@id\":\"https:\\\/\\\/abd.ong\\\/ca\\\/general-ca\\\/el-grup-abd-renova-la-seva-adhesio-a-la-carta-de-la-diversitat\\\/\"},\"wordCount\":428,\"publisher\":{\"@id\":\"https:\\\/\\\/abd.ong\\\/ca\\\/#organization\"},\"image\":{\"@id\":\"https:\\\/\\\/abd.ong\\\/ca\\\/general-ca\\\/el-grup-abd-renova-la-seva-adhesio-a-la-carta-de-la-diversitat\\\/#primaryimage\"},\"thumbnailUrl\":\"https:\\\/\\\/abd.ong\\\/wp-content\\\/uploads\\\/2024\\\/05\\\/Light-Pink-Pastel-Red-Clean-and-Corporate-Protest-Content-Pro-choice-Twitter-Post.png\",\"keywords\":[\"ABD\",\"Asociaci\u00f3n Bienestar y Desarrollo\",\"grup ABD\"],\"articleSection\":[\"General\"],\"inLanguage\":\"ca\"},{\"@type\":\"WebPage\",\"@id\":\"https:\\\/\\\/abd.ong\\\/ca\\\/general-ca\\\/el-grup-abd-renova-la-seva-adhesio-a-la-carta-de-la-diversitat\\\/\",\"url\":\"https:\\\/\\\/abd.ong\\\/ca\\\/general-ca\\\/el-grup-abd-renova-la-seva-adhesio-a-la-carta-de-la-diversitat\\\/\",\"name\":\"El Grup ABD renova la seva adhesi\u00f3 a la Carta de la Diversitat - ABD\",\"isPartOf\":{\"@id\":\"https:\\\/\\\/abd.ong\\\/ca\\\/#website\"},\"primaryImageOfPage\":{\"@id\":\"https:\\\/\\\/abd.ong\\\/ca\\\/general-ca\\\/el-grup-abd-renova-la-seva-adhesio-a-la-carta-de-la-diversitat\\\/#primaryimage\"},\"image\":{\"@id\":\"https:\\\/\\\/abd.ong\\\/ca\\\/general-ca\\\/el-grup-abd-renova-la-seva-adhesio-a-la-carta-de-la-diversitat\\\/#primaryimage\"},\"thumbnailUrl\":\"https:\\\/\\\/abd.ong\\\/wp-content\\\/uploads\\\/2024\\\/05\\\/Light-Pink-Pastel-Red-Clean-and-Corporate-Protest-Content-Pro-choice-Twitter-Post.png\",\"datePublished\":\"2024-05-15T10:09:05+00:00\",\"dateModified\":\"2024-05-15T10:10:03+00:00\",\"description\":\"El Grup ABD ha renovat un any m\u00e9s el comprom\u00eds amb la Carta de la Diversitat, una carta\\\/codi de comprom\u00eds amb els principis de la Comissi\u00f3 Europea sobre\",\"breadcrumb\":{\"@id\":\"https:\\\/\\\/abd.ong\\\/ca\\\/general-ca\\\/el-grup-abd-renova-la-seva-adhesio-a-la-carta-de-la-diversitat\\\/#breadcrumb\"},\"inLanguage\":\"ca\",\"potentialAction\":[{\"@type\":\"ReadAction\",\"target\":[\"https:\\\/\\\/abd.ong\\\/ca\\\/general-ca\\\/el-grup-abd-renova-la-seva-adhesio-a-la-carta-de-la-diversitat\\\/\"]}]},{\"@type\":\"ImageObject\",\"inLanguage\":\"ca\",\"@id\":\"https:\\\/\\\/abd.ong\\\/ca\\\/general-ca\\\/el-grup-abd-renova-la-seva-adhesio-a-la-carta-de-la-diversitat\\\/#primaryimage\",\"url\":\"https:\\\/\\\/abd.ong\\\/wp-content\\\/uploads\\\/2024\\\/05\\\/Light-Pink-Pastel-Red-Clean-and-Corporate-Protest-Content-Pro-choice-Twitter-Post.png\",\"contentUrl\":\"https:\\\/\\\/abd.ong\\\/wp-content\\\/uploads\\\/2024\\\/05\\\/Light-Pink-Pastel-Red-Clean-and-Corporate-Protest-Content-Pro-choice-Twitter-Post.png\",\"width\":2048,\"height\":1152},{\"@type\":\"BreadcrumbList\",\"@id\":\"https:\\\/\\\/abd.ong\\\/ca\\\/general-ca\\\/el-grup-abd-renova-la-seva-adhesio-a-la-carta-de-la-diversitat\\\/#breadcrumb\",\"itemListElement\":[{\"@type\":\"ListItem\",\"position\":1,\"name\":\"Inici\",\"item\":\"https:\\\/\\\/abd.ong\\\/ca\\\/\"},{\"@type\":\"ListItem\",\"position\":2,\"name\":\"El Grup ABD renova la seva adhesi\u00f3 a la Carta de la Diversitat\"}]},{\"@type\":\"WebSite\",\"@id\":\"https:\\\/\\\/abd.ong\\\/ca\\\/#website\",\"url\":\"https:\\\/\\\/abd.ong\\\/ca\\\/\",\"name\":\"ABD\",\"description\":\"Asociaci\u00f3n Bienestar y Desarrollo\",\"publisher\":{\"@id\":\"https:\\\/\\\/abd.ong\\\/ca\\\/#organization\"},\"potentialAction\":[{\"@type\":\"SearchAction\",\"target\":{\"@type\":\"EntryPoint\",\"urlTemplate\":\"https:\\\/\\\/abd.ong\\\/ca\\\/?s={search_term_string}\"},\"query-input\":{\"@type\":\"PropertyValueSpecification\",\"valueRequired\":true,\"valueName\":\"search_term_string\"}}],\"inLanguage\":\"ca\"},{\"@type\":\"Organization\",\"@id\":\"https:\\\/\\\/abd.ong\\\/ca\\\/#organization\",\"name\":\"Associaci\u00f3 Benestar i Desenvolupament\",\"alternateName\":\"ABD\",\"url\":\"https:\\\/\\\/abd.ong\\\/ca\\\/\",\"logo\":{\"@type\":\"ImageObject\",\"inLanguage\":\"ca\",\"@id\":\"https:\\\/\\\/abd.ong\\\/ca\\\/#\\\/schema\\\/logo\\\/image\\\/\",\"url\":\"https:\\\/\\\/abd.ong\\\/wp-content\\\/uploads\\\/2023\\\/01\\\/Icona.png\",\"contentUrl\":\"https:\\\/\\\/abd.ong\\\/wp-content\\\/uploads\\\/2023\\\/01\\\/Icona.png\",\"width\":190,\"height\":187,\"caption\":\"Associaci\u00f3 Benestar i Desenvolupament\"},\"image\":{\"@id\":\"https:\\\/\\\/abd.ong\\\/ca\\\/#\\\/schema\\\/logo\\\/image\\\/\"},\"sameAs\":[\"https:\\\/\\\/www.facebook.com\\\/abd.ong\",\"https:\\\/\\\/x.com\\\/abd_ong\",\"https:\\\/\\\/www.instagram.com\\\/abd_ong\\\/\",\"https:\\\/\\\/www.linkedin.com\\\/company\\\/abdong\",\"https:\\\/\\\/www.youtube.com\\\/user\\\/CANALABD\"]},{\"@type\":\"Person\",\"@id\":\"https:\\\/\\\/abd.ong\\\/ca\\\/#\\\/schema\\\/person\\\/d0f5fe279a7ad908de6a6d1332bfd7d8\",\"name\":\"Enric Guinart\"}]}<\/script>\n<!-- \/ Yoast SEO plugin. -->","yoast_head_json":{"title":"El Grup ABD renova la seva adhesi\u00f3 a la Carta de la Diversitat - ABD","description":"El Grup ABD ha renovat un any m\u00e9s el comprom\u00eds amb la Carta de la Diversitat, una carta\/codi de comprom\u00eds amb els principis de la Comissi\u00f3 Europea sobre","robots":{"index":"index","follow":"follow","max-snippet":"max-snippet:-1","max-image-preview":"max-image-preview:large","max-video-preview":"max-video-preview:-1"},"canonical":"https:\/\/abd.ong\/ca\/general-ca\/el-grup-abd-renova-la-seva-adhesio-a-la-carta-de-la-diversitat\/","og_locale":"ca_ES","og_type":"article","og_title":"El Grup ABD renova la seva adhesi\u00f3 a la Carta de la Diversitat - ABD","og_description":"El Grup ABD ha renovat un any m\u00e9s el comprom\u00eds amb la Carta de la Diversitat, una carta\/codi de comprom\u00eds amb els principis de la Comissi\u00f3 Europea sobre","og_url":"https:\/\/abd.ong\/ca\/general-ca\/el-grup-abd-renova-la-seva-adhesio-a-la-carta-de-la-diversitat\/","og_site_name":"ABD","article_publisher":"https:\/\/www.facebook.com\/abd.ong","article_published_time":"2024-05-15T10:09:05+00:00","article_modified_time":"2024-05-15T10:10:03+00:00","og_image":[{"width":2048,"height":1152,"url":"https:\/\/abd.ong\/wp-content\/uploads\/2024\/05\/Light-Pink-Pastel-Red-Clean-and-Corporate-Protest-Content-Pro-choice-Twitter-Post.png","type":"image\/png"}],"author":"Enric Guinart","twitter_card":"summary_large_image","twitter_creator":"@abd_ong","twitter_site":"@abd_ong","twitter_misc":{"Escrit per":"Enric Guinart","Temps estimat de lectura":"3 minuts"},"schema":{"@context":"https:\/\/schema.org","@graph":[{"@type":"Article","@id":"https:\/\/abd.ong\/ca\/general-ca\/el-grup-abd-renova-la-seva-adhesio-a-la-carta-de-la-diversitat\/#article","isPartOf":{"@id":"https:\/\/abd.ong\/ca\/general-ca\/el-grup-abd-renova-la-seva-adhesio-a-la-carta-de-la-diversitat\/"},"author":{"name":"Enric Guinart","@id":"https:\/\/abd.ong\/ca\/#\/schema\/person\/d0f5fe279a7ad908de6a6d1332bfd7d8"},"headline":"El Grup ABD renova la seva adhesi\u00f3 a la Carta de la Diversitat","datePublished":"2024-05-15T10:09:05+00:00","dateModified":"2024-05-15T10:10:03+00:00","mainEntityOfPage":{"@id":"https:\/\/abd.ong\/ca\/general-ca\/el-grup-abd-renova-la-seva-adhesio-a-la-carta-de-la-diversitat\/"},"wordCount":428,"publisher":{"@id":"https:\/\/abd.ong\/ca\/#organization"},"image":{"@id":"https:\/\/abd.ong\/ca\/general-ca\/el-grup-abd-renova-la-seva-adhesio-a-la-carta-de-la-diversitat\/#primaryimage"},"thumbnailUrl":"https:\/\/abd.ong\/wp-content\/uploads\/2024\/05\/Light-Pink-Pastel-Red-Clean-and-Corporate-Protest-Content-Pro-choice-Twitter-Post.png","keywords":["ABD","Asociaci\u00f3n Bienestar y Desarrollo","grup ABD"],"articleSection":["General"],"inLanguage":"ca"},{"@type":"WebPage","@id":"https:\/\/abd.ong\/ca\/general-ca\/el-grup-abd-renova-la-seva-adhesio-a-la-carta-de-la-diversitat\/","url":"https:\/\/abd.ong\/ca\/general-ca\/el-grup-abd-renova-la-seva-adhesio-a-la-carta-de-la-diversitat\/","name":"El Grup ABD renova la seva adhesi\u00f3 a la Carta de la Diversitat - ABD","isPartOf":{"@id":"https:\/\/abd.ong\/ca\/#website"},"primaryImageOfPage":{"@id":"https:\/\/abd.ong\/ca\/general-ca\/el-grup-abd-renova-la-seva-adhesio-a-la-carta-de-la-diversitat\/#primaryimage"},"image":{"@id":"https:\/\/abd.ong\/ca\/general-ca\/el-grup-abd-renova-la-seva-adhesio-a-la-carta-de-la-diversitat\/#primaryimage"},"thumbnailUrl":"https:\/\/abd.ong\/wp-content\/uploads\/2024\/05\/Light-Pink-Pastel-Red-Clean-and-Corporate-Protest-Content-Pro-choice-Twitter-Post.png","datePublished":"2024-05-15T10:09:05+00:00","dateModified":"2024-05-15T10:10:03+00:00","description":"El Grup ABD ha renovat un any m\u00e9s el comprom\u00eds amb la Carta de la Diversitat, una carta\/codi de comprom\u00eds amb els principis de la Comissi\u00f3 Europea sobre","breadcrumb":{"@id":"https:\/\/abd.ong\/ca\/general-ca\/el-grup-abd-renova-la-seva-adhesio-a-la-carta-de-la-diversitat\/#breadcrumb"},"inLanguage":"ca","potentialAction":[{"@type":"ReadAction","target":["https:\/\/abd.ong\/ca\/general-ca\/el-grup-abd-renova-la-seva-adhesio-a-la-carta-de-la-diversitat\/"]}]},{"@type":"ImageObject","inLanguage":"ca","@id":"https:\/\/abd.ong\/ca\/general-ca\/el-grup-abd-renova-la-seva-adhesio-a-la-carta-de-la-diversitat\/#primaryimage","url":"https:\/\/abd.ong\/wp-content\/uploads\/2024\/05\/Light-Pink-Pastel-Red-Clean-and-Corporate-Protest-Content-Pro-choice-Twitter-Post.png","contentUrl":"https:\/\/abd.ong\/wp-content\/uploads\/2024\/05\/Light-Pink-Pastel-Red-Clean-and-Corporate-Protest-Content-Pro-choice-Twitter-Post.png","width":2048,"height":1152},{"@type":"BreadcrumbList","@id":"https:\/\/abd.ong\/ca\/general-ca\/el-grup-abd-renova-la-seva-adhesio-a-la-carta-de-la-diversitat\/#breadcrumb","itemListElement":[{"@type":"ListItem","position":1,"name":"Inici","item":"https:\/\/abd.ong\/ca\/"},{"@type":"ListItem","position":2,"name":"El Grup ABD renova la seva adhesi\u00f3 a la Carta de la Diversitat"}]},{"@type":"WebSite","@id":"https:\/\/abd.ong\/ca\/#website","url":"https:\/\/abd.ong\/ca\/","name":"ABD","description":"Asociaci\u00f3n Bienestar y Desarrollo","publisher":{"@id":"https:\/\/abd.ong\/ca\/#organization"},"potentialAction":[{"@type":"SearchAction","target":{"@type":"EntryPoint","urlTemplate":"https:\/\/abd.ong\/ca\/?s={search_term_string}"},"query-input":{"@type":"PropertyValueSpecification","valueRequired":true,"valueName":"search_term_string"}}],"inLanguage":"ca"},{"@type":"Organization","@id":"https:\/\/abd.ong\/ca\/#organization","name":"Associaci\u00f3 Benestar i Desenvolupament","alternateName":"ABD","url":"https:\/\/abd.ong\/ca\/","logo":{"@type":"ImageObject","inLanguage":"ca","@id":"https:\/\/abd.ong\/ca\/#\/schema\/logo\/image\/","url":"https:\/\/abd.ong\/wp-content\/uploads\/2023\/01\/Icona.png","contentUrl":"https:\/\/abd.ong\/wp-content\/uploads\/2023\/01\/Icona.png","width":190,"height":187,"caption":"Associaci\u00f3 Benestar i Desenvolupament"},"image":{"@id":"https:\/\/abd.ong\/ca\/#\/schema\/logo\/image\/"},"sameAs":["https:\/\/www.facebook.com\/abd.ong","https:\/\/x.com\/abd_ong","https:\/\/www.instagram.com\/abd_ong\/","https:\/\/www.linkedin.com\/company\/abdong","https:\/\/www.youtube.com\/user\/CANALABD"]},{"@type":"Person","@id":"https:\/\/abd.ong\/ca\/#\/schema\/person\/d0f5fe279a7ad908de6a6d1332bfd7d8","name":"Enric Guinart"}]}},"_links":{"self":[{"href":"https:\/\/abd.ong\/ca\/wp-json\/wp\/v2\/posts\/160198","targetHints":{"allow":["GET"]}}],"collection":[{"href":"https:\/\/abd.ong\/ca\/wp-json\/wp\/v2\/posts"}],"about":[{"href":"https:\/\/abd.ong\/ca\/wp-json\/wp\/v2\/types\/post"}],"author":[{"embeddable":true,"href":"https:\/\/abd.ong\/ca\/wp-json\/wp\/v2\/users\/2"}],"replies":[{"embeddable":true,"href":"https:\/\/abd.ong\/ca\/wp-json\/wp\/v2\/comments?post=160198"}],"version-history":[{"count":2,"href":"https:\/\/abd.ong\/ca\/wp-json\/wp\/v2\/posts\/160198\/revisions"}],"predecessor-version":[{"id":160201,"href":"https:\/\/abd.ong\/ca\/wp-json\/wp\/v2\/posts\/160198\/revisions\/160201"}],"wp:featuredmedia":[{"embeddable":true,"href":"https:\/\/abd.ong\/ca\/wp-json\/wp\/v2\/media\/160188"}],"wp:attachment":[{"href":"https:\/\/abd.ong\/ca\/wp-json\/wp\/v2\/media?parent=160198"}],"wp:term":[{"taxonomy":"category","embeddable":true,"href":"https:\/\/abd.ong\/ca\/wp-json\/wp\/v2\/categories?post=160198"},{"taxonomy":"post_tag","embeddable":true,"href":"https:\/\/abd.ong\/ca\/wp-json\/wp\/v2\/tags?post=160198"}],"curies":[{"name":"wp","href":"https:\/\/api.w.org\/{rel}","templated":true}]}}