{"id":160096,"date":"2024-05-08T09:36:23","date_gmt":"2024-05-08T07:36:23","guid":{"rendered":"https:\/\/abd.ong\/?p=160096"},"modified":"2024-05-08T11:05:18","modified_gmt":"2024-05-08T09:05:18","slug":"el-grup-abd-presenta-10-propostes-per-construir-una-catalunya-mes-social","status":"publish","type":"post","link":"https:\/\/abd.ong\/ca\/general-ca\/el-grup-abd-presenta-10-propostes-per-construir-una-catalunya-mes-social\/","title":{"rendered":"El Grup ABD presenta 10 propostes per a construir una Catalunya m\u00e9s social"},"content":{"rendered":"\n<p><\/p>\n\n\n\n<p>Amb vista a les eleccions al Parlament de Catalunya que se celebren el proper diumenge 12 de maig, des del Grup ABD hem elaborat un <strong><a href=\"https:\/\/abd.ong\/wp-content\/uploads\/2024\/05\/10-Propostes-del-Grup-ABD-2024.pdf\" target=\"_blank\" rel=\"noreferrer noopener\">document amb 10 propostes<\/a><\/strong> que entenem haurien de marcar l&#8217;agenda social de Catalunya durant la propera legislatura. A continuaci\u00f3 les compartim:<\/p>\n\n\n\n<ol class=\"wp-block-list\">\n<li><p><strong>Millorar les eines de col\u00b7laboraci\u00f3 p\u00fablico-privada per a enfortir el paper de les entitats del Tercer Sector Social de Catalunya<\/strong> en la planificaci\u00f3 i gesti\u00f3 de les pol\u00edtiques p\u00fabliques, els serveis i els programes de l\u2019\u00e0mbit social i sanitari. <strong>Garantir que la contractaci\u00f3 p\u00fablica contempli els costos reals de la gesti\u00f3 dels serveis d\u2019atenci\u00f3 a les persones<\/strong> i dels programes de caire comunitari. <strong>Incloure el finan\u00e7ament de la innovaci\u00f3 i els reptes de la digitalitzaci\u00f3 en els marcs de relaci\u00f3 p\u00fablicoprivades<\/strong> i fomentar l\u2019aposta de les entitats en els territoris, les comunitats i la cohesi\u00f3 social.<\/p><\/li>\n\n\n\n<li><p>Apostar per la innovaci\u00f3 i per instruments que fomentin la cohesi\u00f3 social.<strong> Implementar nous models d&#8217;atenci\u00f3 i acompanyament a persones grans<\/strong>. Calen abordatges preventius en alian\u00e7a amb la comunitat a fi de<strong> desplegar un serveis d\u2019atenci\u00f3 a les persones grans que estiguin adaptats a les seves necessitats canviants<\/strong>. Que cap persona quedi exclosa de la societat, <strong>prevenir la soledat no desitjada i paliar la bretxa digital.<\/strong> \u00c9s imprescindible garantir la formaci\u00f3 de professionals competents que alhora disposin d\u2019un millor conveni laboral. <strong>Destinar recursos estructurals i humans per a millorar l&#8217;atenci\u00f3 en salut mental i discapacitat intel\u00b7lectual<\/strong> amb la finalitat de millorar la qualitat de l\u2019atenci\u00f3 i garantir els drets humans.<\/p><\/li>\n\n\n\n<li><p><strong>Fer front a les situacions de pobresa energ\u00e8tica assegurant el Dret a l\u2019Energia de totes les persones en situaci\u00f3 de vulnerabilitat<\/strong>, aix\u00ed com implementar el conveni amb Endesa i fer-lo extensiu a la resta d\u2019empreses. Desplegar una xarxa de suport a les llars vulnerables a trav\u00e9s de serveis d\u2019assessorament energ\u00e8tic a tot el territori.<\/p><\/li>\n\n\n\n<li><p><strong>Implementar un parc d&#8217;habitatge social que doni resposta al patiment social de les persones que viuen en les diferents situacions d\u2019exclusi\u00f3 residencial al llarg del territori catal\u00e0<\/strong> i donar suport a les entitats que acompanyem social, psicol\u00f2gica i educativament a les persones que viuen en els habitatges d\u2019inclusi\u00f3 social. <strong>Aprovaci\u00f3 immediata de la proposici\u00f3 de llei de mesures transit\u00f2ries i urgents per fer front i erradicar el sensellarisme<\/strong>.<\/p><\/li>\n\n\n\n<li><p><strong>Millorar l&#8217;acc\u00e9s i assegurar una gesti\u00f3 \u00e0gil de la Renda Garantida de Ciutadania i de l\u2019Ingr\u00e9s M\u00ednim Vital<\/strong>, aix\u00ed com la seva complementarietat amb les pol\u00edtiques actives d&#8217;ocupaci\u00f3 i l\u2019acc\u00e9s al mercat laboral. Mantenir la Renda B\u00e0sica Universal en l&#8217;horitz\u00f3 de la transformaci\u00f3 cap a un enfocament basat en drets i en la just\u00edcia social.<\/p><\/li>\n\n\n\n<li><p><span style=\"font-weight: 400;\"><strong>Millorar substancialment la inversi\u00f3 econ\u00f2mica en les pol\u00edtiques p\u00fabliques en mat\u00e8ria de drogodepend\u00e8ncies<\/strong>, ja que en els darrers anys han experimentat una regressi\u00f3 preocupant que les ha situat per sota dels requeriments necessaris. Enfortir els abordatges preventius, de tractament, de reducci\u00f3 de danys i d&#8217;inserci\u00f3 sociolaboral amb una acci\u00f3 interdepartamental coordinada que tingui en compte les necessitats espec\u00edfiques de les persones en situaci\u00f3 d&#8217;\u00fas problem\u00e0tic de drogues, i especialment les que es troben en situaci\u00f3 de marginalitat.<\/span><\/p><\/li>\n\n\n\n<li><p><span style=\"font-weight: 400;\"><strong>Refor\u00e7ar les accions preventives i de treball comunitari en la intervenci\u00f3 socioeducativa amb infants de 0-3 anys i les seves fam\u00edlies<\/strong>. Aprofundir en la intervenci\u00f3 especialment adre\u00e7ada a prevenir els malestars i a la cura de la salut mental. La situaci\u00f3 de precarietat en la que viuen moltes fam\u00edlies amb infants de 0-3 anys els dificulta, de manera molt significativa, la seva disponibilitat emocional, tant necess\u00e0ria pel bon desenvolupament dels infants en aquesta etapa tan primerenca.<\/span><\/p><\/li>\n\n\n\n<li><p><span style=\"font-weight: 400;\"><strong>Desplegar mesures per garantir els drets de les dones v\u00edctimes de la viol\u00e8ncia masclista i els seus fills i filles<\/strong> incidint en el respecte i l&#8217;atenci\u00f3 a la diversitat, la transversalitat de factors i la individualitat de cada dona i infant.<\/span><\/p><\/li>\n\n\n\n<li><p><span style=\"font-weight: 400;\"><strong>Donar suport a la digitalitzaci\u00f3 en les entitats del Tercer Sector Social<\/strong> impulsant la innovaci\u00f3 tecnol\u00f2gica i l\u2019\u00fas de la intel\u00b7lig\u00e8ncia artificial.<\/span><\/p><\/li>\n\n\n\n<li><strong>Implementar mesures per facilitar la regularitzaci\u00f3 de les persones en situaci\u00f3 administrativa irregular que viuen al territori catal\u00e0<\/strong> i per prevenir la irregularitat sobrevinguda. Garantir un acompanyament i una acollida digna de les persones migrades.<\/li>\n<\/ol>\n\n\n\n<div style=\"height:47px\" aria-hidden=\"true\" class=\"wp-block-spacer\"><\/div>\n\n\n\n<figure class=\"wp-block-image size-large\"><img fetchpriority=\"high\" decoding=\"async\" width=\"1024\" height=\"768\" src=\"https:\/\/abd.ong\/wp-content\/uploads\/2024\/05\/A-group-of-people-35-1024x768.png\" alt=\"\" class=\"wp-image-160106\" srcset=\"https:\/\/abd.ong\/wp-content\/uploads\/2024\/05\/A-group-of-people-35-1024x768.png 1024w, https:\/\/abd.ong\/wp-content\/uploads\/2024\/05\/A-group-of-people-35-300x225.png 300w, https:\/\/abd.ong\/wp-content\/uploads\/2024\/05\/A-group-of-people-35-768x576.png 768w, https:\/\/abd.ong\/wp-content\/uploads\/2024\/05\/A-group-of-people-35-1536x1152.png 1536w, https:\/\/abd.ong\/wp-content\/uploads\/2024\/05\/A-group-of-people-35.png 2048w\" sizes=\"(max-width: 1024px) 100vw, 1024px\" \/><\/figure>\n","protected":false},"excerpt":{"rendered":"<p>Amb vista a les eleccions al Parlament de Catalunya que se celebren el proper diumenge 12 de maig, des del Grup ABD hem elaborat un document amb 10 propostes que&hellip;<\/p>\n","protected":false},"author":2,"featured_media":160030,"comment_status":"closed","ping_status":"closed","sticky":false,"template":"","format":"standard","meta":{"_acf_changed":false,"footnotes":""},"categories":[66],"tags":[],"class_list":["post-160096","post","type-post","status-publish","format-standard","has-post-thumbnail","hentry","category-general-ca"],"acf":[],"yoast_head":"<!-- This site is optimized with the Yoast SEO plugin v27.4 - https:\/\/yoast.com\/product\/yoast-seo-wordpress\/ -->\n<title>El Grup ABD presenta 10 propostes per a construir una Catalunya m\u00e9s social - ABD<\/title>\n<meta name=\"description\" content=\"Amb vista a les eleccions al Parlament de Catalunya que se celebren el proper diumenge 12 de maig, des del Grup ABD hem elaborat un document amb 10\" \/>\n<meta name=\"robots\" content=\"index, follow, max-snippet:-1, max-image-preview:large, max-video-preview:-1\" \/>\n<link rel=\"canonical\" href=\"https:\/\/abd.ong\/ca\/general-ca\/el-grup-abd-presenta-10-propostes-per-construir-una-catalunya-mes-social\/\" \/>\n<meta property=\"og:locale\" content=\"ca_ES\" \/>\n<meta property=\"og:type\" content=\"article\" \/>\n<meta property=\"og:title\" content=\"El Grup ABD presenta 10 propostes per a construir una Catalunya m\u00e9s social - ABD\" \/>\n<meta property=\"og:description\" content=\"Amb vista a les eleccions al Parlament de Catalunya que se celebren el proper diumenge 12 de maig, des del Grup ABD hem elaborat un document amb 10\" \/>\n<meta property=\"og:url\" content=\"https:\/\/abd.ong\/ca\/general-ca\/el-grup-abd-presenta-10-propostes-per-construir-una-catalunya-mes-social\/\" \/>\n<meta property=\"og:site_name\" content=\"ABD\" \/>\n<meta property=\"article:publisher\" content=\"https:\/\/www.facebook.com\/abd.ong\" \/>\n<meta property=\"article:published_time\" content=\"2024-05-08T07:36:23+00:00\" \/>\n<meta property=\"article:modified_time\" content=\"2024-05-08T09:05:18+00:00\" \/>\n<meta property=\"og:image\" content=\"https:\/\/abd.ong\/wp-content\/uploads\/2024\/05\/Light-Pink-Pastel-Red-Clean-and-Corporate-Protest-Content-Pro-choice-Twitter-Post-2024-05-07T105749.373.png\" \/>\n\t<meta property=\"og:image:width\" content=\"2048\" \/>\n\t<meta property=\"og:image:height\" content=\"1152\" \/>\n\t<meta property=\"og:image:type\" content=\"image\/png\" \/>\n<meta name=\"author\" content=\"Enric Guinart\" \/>\n<meta name=\"twitter:card\" content=\"summary_large_image\" \/>\n<meta name=\"twitter:creator\" content=\"@abd_ong\" \/>\n<meta name=\"twitter:site\" content=\"@abd_ong\" \/>\n<meta name=\"twitter:label1\" content=\"Escrit per\" \/>\n\t<meta name=\"twitter:data1\" content=\"Enric Guinart\" \/>\n\t<meta name=\"twitter:label2\" content=\"Temps estimat de lectura\" \/>\n\t<meta name=\"twitter:data2\" content=\"4 minuts\" \/>\n<script type=\"application\/ld+json\" class=\"yoast-schema-graph\">{\"@context\":\"https:\\\/\\\/schema.org\",\"@graph\":[{\"@type\":\"Article\",\"@id\":\"https:\\\/\\\/abd.ong\\\/ca\\\/general-ca\\\/el-grup-abd-presenta-10-propostes-per-construir-una-catalunya-mes-social\\\/#article\",\"isPartOf\":{\"@id\":\"https:\\\/\\\/abd.ong\\\/ca\\\/general-ca\\\/el-grup-abd-presenta-10-propostes-per-construir-una-catalunya-mes-social\\\/\"},\"author\":{\"name\":\"Enric Guinart\",\"@id\":\"https:\\\/\\\/abd.ong\\\/ca\\\/#\\\/schema\\\/person\\\/d0f5fe279a7ad908de6a6d1332bfd7d8\"},\"headline\":\"El Grup ABD presenta 10 propostes per a construir una Catalunya m\u00e9s social\",\"datePublished\":\"2024-05-08T07:36:23+00:00\",\"dateModified\":\"2024-05-08T09:05:18+00:00\",\"mainEntityOfPage\":{\"@id\":\"https:\\\/\\\/abd.ong\\\/ca\\\/general-ca\\\/el-grup-abd-presenta-10-propostes-per-construir-una-catalunya-mes-social\\\/\"},\"wordCount\":753,\"publisher\":{\"@id\":\"https:\\\/\\\/abd.ong\\\/ca\\\/#organization\"},\"image\":{\"@id\":\"https:\\\/\\\/abd.ong\\\/ca\\\/general-ca\\\/el-grup-abd-presenta-10-propostes-per-construir-una-catalunya-mes-social\\\/#primaryimage\"},\"thumbnailUrl\":\"https:\\\/\\\/abd.ong\\\/wp-content\\\/uploads\\\/2024\\\/05\\\/Light-Pink-Pastel-Red-Clean-and-Corporate-Protest-Content-Pro-choice-Twitter-Post-2024-05-07T105749.373.png\",\"articleSection\":[\"General\"],\"inLanguage\":\"ca\"},{\"@type\":\"WebPage\",\"@id\":\"https:\\\/\\\/abd.ong\\\/ca\\\/general-ca\\\/el-grup-abd-presenta-10-propostes-per-construir-una-catalunya-mes-social\\\/\",\"url\":\"https:\\\/\\\/abd.ong\\\/ca\\\/general-ca\\\/el-grup-abd-presenta-10-propostes-per-construir-una-catalunya-mes-social\\\/\",\"name\":\"El Grup ABD presenta 10 propostes per a construir una Catalunya m\u00e9s social - ABD\",\"isPartOf\":{\"@id\":\"https:\\\/\\\/abd.ong\\\/ca\\\/#website\"},\"primaryImageOfPage\":{\"@id\":\"https:\\\/\\\/abd.ong\\\/ca\\\/general-ca\\\/el-grup-abd-presenta-10-propostes-per-construir-una-catalunya-mes-social\\\/#primaryimage\"},\"image\":{\"@id\":\"https:\\\/\\\/abd.ong\\\/ca\\\/general-ca\\\/el-grup-abd-presenta-10-propostes-per-construir-una-catalunya-mes-social\\\/#primaryimage\"},\"thumbnailUrl\":\"https:\\\/\\\/abd.ong\\\/wp-content\\\/uploads\\\/2024\\\/05\\\/Light-Pink-Pastel-Red-Clean-and-Corporate-Protest-Content-Pro-choice-Twitter-Post-2024-05-07T105749.373.png\",\"datePublished\":\"2024-05-08T07:36:23+00:00\",\"dateModified\":\"2024-05-08T09:05:18+00:00\",\"description\":\"Amb vista a les eleccions al Parlament de Catalunya que se celebren el proper diumenge 12 de maig, des del Grup ABD hem elaborat un document amb 10\",\"breadcrumb\":{\"@id\":\"https:\\\/\\\/abd.ong\\\/ca\\\/general-ca\\\/el-grup-abd-presenta-10-propostes-per-construir-una-catalunya-mes-social\\\/#breadcrumb\"},\"inLanguage\":\"ca\",\"potentialAction\":[{\"@type\":\"ReadAction\",\"target\":[\"https:\\\/\\\/abd.ong\\\/ca\\\/general-ca\\\/el-grup-abd-presenta-10-propostes-per-construir-una-catalunya-mes-social\\\/\"]}]},{\"@type\":\"ImageObject\",\"inLanguage\":\"ca\",\"@id\":\"https:\\\/\\\/abd.ong\\\/ca\\\/general-ca\\\/el-grup-abd-presenta-10-propostes-per-construir-una-catalunya-mes-social\\\/#primaryimage\",\"url\":\"https:\\\/\\\/abd.ong\\\/wp-content\\\/uploads\\\/2024\\\/05\\\/Light-Pink-Pastel-Red-Clean-and-Corporate-Protest-Content-Pro-choice-Twitter-Post-2024-05-07T105749.373.png\",\"contentUrl\":\"https:\\\/\\\/abd.ong\\\/wp-content\\\/uploads\\\/2024\\\/05\\\/Light-Pink-Pastel-Red-Clean-and-Corporate-Protest-Content-Pro-choice-Twitter-Post-2024-05-07T105749.373.png\",\"width\":2048,\"height\":1152},{\"@type\":\"BreadcrumbList\",\"@id\":\"https:\\\/\\\/abd.ong\\\/ca\\\/general-ca\\\/el-grup-abd-presenta-10-propostes-per-construir-una-catalunya-mes-social\\\/#breadcrumb\",\"itemListElement\":[{\"@type\":\"ListItem\",\"position\":1,\"name\":\"Inici\",\"item\":\"https:\\\/\\\/abd.ong\\\/ca\\\/\"},{\"@type\":\"ListItem\",\"position\":2,\"name\":\"El Grup ABD presenta 10 propostes per a construir una Catalunya m\u00e9s social\"}]},{\"@type\":\"WebSite\",\"@id\":\"https:\\\/\\\/abd.ong\\\/ca\\\/#website\",\"url\":\"https:\\\/\\\/abd.ong\\\/ca\\\/\",\"name\":\"ABD\",\"description\":\"Asociaci\u00f3n Bienestar y Desarrollo\",\"publisher\":{\"@id\":\"https:\\\/\\\/abd.ong\\\/ca\\\/#organization\"},\"potentialAction\":[{\"@type\":\"SearchAction\",\"target\":{\"@type\":\"EntryPoint\",\"urlTemplate\":\"https:\\\/\\\/abd.ong\\\/ca\\\/?s={search_term_string}\"},\"query-input\":{\"@type\":\"PropertyValueSpecification\",\"valueRequired\":true,\"valueName\":\"search_term_string\"}}],\"inLanguage\":\"ca\"},{\"@type\":\"Organization\",\"@id\":\"https:\\\/\\\/abd.ong\\\/ca\\\/#organization\",\"name\":\"Associaci\u00f3 Benestar i Desenvolupament\",\"alternateName\":\"ABD\",\"url\":\"https:\\\/\\\/abd.ong\\\/ca\\\/\",\"logo\":{\"@type\":\"ImageObject\",\"inLanguage\":\"ca\",\"@id\":\"https:\\\/\\\/abd.ong\\\/ca\\\/#\\\/schema\\\/logo\\\/image\\\/\",\"url\":\"https:\\\/\\\/abd.ong\\\/wp-content\\\/uploads\\\/2023\\\/01\\\/Icona.png\",\"contentUrl\":\"https:\\\/\\\/abd.ong\\\/wp-content\\\/uploads\\\/2023\\\/01\\\/Icona.png\",\"width\":190,\"height\":187,\"caption\":\"Associaci\u00f3 Benestar i Desenvolupament\"},\"image\":{\"@id\":\"https:\\\/\\\/abd.ong\\\/ca\\\/#\\\/schema\\\/logo\\\/image\\\/\"},\"sameAs\":[\"https:\\\/\\\/www.facebook.com\\\/abd.ong\",\"https:\\\/\\\/x.com\\\/abd_ong\",\"https:\\\/\\\/www.instagram.com\\\/abd_ong\\\/\",\"https:\\\/\\\/www.linkedin.com\\\/company\\\/abdong\",\"https:\\\/\\\/www.youtube.com\\\/user\\\/CANALABD\"]},{\"@type\":\"Person\",\"@id\":\"https:\\\/\\\/abd.ong\\\/ca\\\/#\\\/schema\\\/person\\\/d0f5fe279a7ad908de6a6d1332bfd7d8\",\"name\":\"Enric Guinart\"}]}<\/script>\n<!-- \/ Yoast SEO plugin. -->","yoast_head_json":{"title":"El Grup ABD presenta 10 propostes per a construir una Catalunya m\u00e9s social - ABD","description":"Amb vista a les eleccions al Parlament de Catalunya que se celebren el proper diumenge 12 de maig, des del Grup ABD hem elaborat un document amb 10","robots":{"index":"index","follow":"follow","max-snippet":"max-snippet:-1","max-image-preview":"max-image-preview:large","max-video-preview":"max-video-preview:-1"},"canonical":"https:\/\/abd.ong\/ca\/general-ca\/el-grup-abd-presenta-10-propostes-per-construir-una-catalunya-mes-social\/","og_locale":"ca_ES","og_type":"article","og_title":"El Grup ABD presenta 10 propostes per a construir una Catalunya m\u00e9s social - ABD","og_description":"Amb vista a les eleccions al Parlament de Catalunya que se celebren el proper diumenge 12 de maig, des del Grup ABD hem elaborat un document amb 10","og_url":"https:\/\/abd.ong\/ca\/general-ca\/el-grup-abd-presenta-10-propostes-per-construir-una-catalunya-mes-social\/","og_site_name":"ABD","article_publisher":"https:\/\/www.facebook.com\/abd.ong","article_published_time":"2024-05-08T07:36:23+00:00","article_modified_time":"2024-05-08T09:05:18+00:00","og_image":[{"width":2048,"height":1152,"url":"https:\/\/abd.ong\/wp-content\/uploads\/2024\/05\/Light-Pink-Pastel-Red-Clean-and-Corporate-Protest-Content-Pro-choice-Twitter-Post-2024-05-07T105749.373.png","type":"image\/png"}],"author":"Enric Guinart","twitter_card":"summary_large_image","twitter_creator":"@abd_ong","twitter_site":"@abd_ong","twitter_misc":{"Escrit per":"Enric Guinart","Temps estimat de lectura":"4 minuts"},"schema":{"@context":"https:\/\/schema.org","@graph":[{"@type":"Article","@id":"https:\/\/abd.ong\/ca\/general-ca\/el-grup-abd-presenta-10-propostes-per-construir-una-catalunya-mes-social\/#article","isPartOf":{"@id":"https:\/\/abd.ong\/ca\/general-ca\/el-grup-abd-presenta-10-propostes-per-construir-una-catalunya-mes-social\/"},"author":{"name":"Enric Guinart","@id":"https:\/\/abd.ong\/ca\/#\/schema\/person\/d0f5fe279a7ad908de6a6d1332bfd7d8"},"headline":"El Grup ABD presenta 10 propostes per a construir una Catalunya m\u00e9s social","datePublished":"2024-05-08T07:36:23+00:00","dateModified":"2024-05-08T09:05:18+00:00","mainEntityOfPage":{"@id":"https:\/\/abd.ong\/ca\/general-ca\/el-grup-abd-presenta-10-propostes-per-construir-una-catalunya-mes-social\/"},"wordCount":753,"publisher":{"@id":"https:\/\/abd.ong\/ca\/#organization"},"image":{"@id":"https:\/\/abd.ong\/ca\/general-ca\/el-grup-abd-presenta-10-propostes-per-construir-una-catalunya-mes-social\/#primaryimage"},"thumbnailUrl":"https:\/\/abd.ong\/wp-content\/uploads\/2024\/05\/Light-Pink-Pastel-Red-Clean-and-Corporate-Protest-Content-Pro-choice-Twitter-Post-2024-05-07T105749.373.png","articleSection":["General"],"inLanguage":"ca"},{"@type":"WebPage","@id":"https:\/\/abd.ong\/ca\/general-ca\/el-grup-abd-presenta-10-propostes-per-construir-una-catalunya-mes-social\/","url":"https:\/\/abd.ong\/ca\/general-ca\/el-grup-abd-presenta-10-propostes-per-construir-una-catalunya-mes-social\/","name":"El Grup ABD presenta 10 propostes per a construir una Catalunya m\u00e9s social - ABD","isPartOf":{"@id":"https:\/\/abd.ong\/ca\/#website"},"primaryImageOfPage":{"@id":"https:\/\/abd.ong\/ca\/general-ca\/el-grup-abd-presenta-10-propostes-per-construir-una-catalunya-mes-social\/#primaryimage"},"image":{"@id":"https:\/\/abd.ong\/ca\/general-ca\/el-grup-abd-presenta-10-propostes-per-construir-una-catalunya-mes-social\/#primaryimage"},"thumbnailUrl":"https:\/\/abd.ong\/wp-content\/uploads\/2024\/05\/Light-Pink-Pastel-Red-Clean-and-Corporate-Protest-Content-Pro-choice-Twitter-Post-2024-05-07T105749.373.png","datePublished":"2024-05-08T07:36:23+00:00","dateModified":"2024-05-08T09:05:18+00:00","description":"Amb vista a les eleccions al Parlament de Catalunya que se celebren el proper diumenge 12 de maig, des del Grup ABD hem elaborat un document amb 10","breadcrumb":{"@id":"https:\/\/abd.ong\/ca\/general-ca\/el-grup-abd-presenta-10-propostes-per-construir-una-catalunya-mes-social\/#breadcrumb"},"inLanguage":"ca","potentialAction":[{"@type":"ReadAction","target":["https:\/\/abd.ong\/ca\/general-ca\/el-grup-abd-presenta-10-propostes-per-construir-una-catalunya-mes-social\/"]}]},{"@type":"ImageObject","inLanguage":"ca","@id":"https:\/\/abd.ong\/ca\/general-ca\/el-grup-abd-presenta-10-propostes-per-construir-una-catalunya-mes-social\/#primaryimage","url":"https:\/\/abd.ong\/wp-content\/uploads\/2024\/05\/Light-Pink-Pastel-Red-Clean-and-Corporate-Protest-Content-Pro-choice-Twitter-Post-2024-05-07T105749.373.png","contentUrl":"https:\/\/abd.ong\/wp-content\/uploads\/2024\/05\/Light-Pink-Pastel-Red-Clean-and-Corporate-Protest-Content-Pro-choice-Twitter-Post-2024-05-07T105749.373.png","width":2048,"height":1152},{"@type":"BreadcrumbList","@id":"https:\/\/abd.ong\/ca\/general-ca\/el-grup-abd-presenta-10-propostes-per-construir-una-catalunya-mes-social\/#breadcrumb","itemListElement":[{"@type":"ListItem","position":1,"name":"Inici","item":"https:\/\/abd.ong\/ca\/"},{"@type":"ListItem","position":2,"name":"El Grup ABD presenta 10 propostes per a construir una Catalunya m\u00e9s social"}]},{"@type":"WebSite","@id":"https:\/\/abd.ong\/ca\/#website","url":"https:\/\/abd.ong\/ca\/","name":"ABD","description":"Asociaci\u00f3n Bienestar y Desarrollo","publisher":{"@id":"https:\/\/abd.ong\/ca\/#organization"},"potentialAction":[{"@type":"SearchAction","target":{"@type":"EntryPoint","urlTemplate":"https:\/\/abd.ong\/ca\/?s={search_term_string}"},"query-input":{"@type":"PropertyValueSpecification","valueRequired":true,"valueName":"search_term_string"}}],"inLanguage":"ca"},{"@type":"Organization","@id":"https:\/\/abd.ong\/ca\/#organization","name":"Associaci\u00f3 Benestar i Desenvolupament","alternateName":"ABD","url":"https:\/\/abd.ong\/ca\/","logo":{"@type":"ImageObject","inLanguage":"ca","@id":"https:\/\/abd.ong\/ca\/#\/schema\/logo\/image\/","url":"https:\/\/abd.ong\/wp-content\/uploads\/2023\/01\/Icona.png","contentUrl":"https:\/\/abd.ong\/wp-content\/uploads\/2023\/01\/Icona.png","width":190,"height":187,"caption":"Associaci\u00f3 Benestar i Desenvolupament"},"image":{"@id":"https:\/\/abd.ong\/ca\/#\/schema\/logo\/image\/"},"sameAs":["https:\/\/www.facebook.com\/abd.ong","https:\/\/x.com\/abd_ong","https:\/\/www.instagram.com\/abd_ong\/","https:\/\/www.linkedin.com\/company\/abdong","https:\/\/www.youtube.com\/user\/CANALABD"]},{"@type":"Person","@id":"https:\/\/abd.ong\/ca\/#\/schema\/person\/d0f5fe279a7ad908de6a6d1332bfd7d8","name":"Enric Guinart"}]}},"_links":{"self":[{"href":"https:\/\/abd.ong\/ca\/wp-json\/wp\/v2\/posts\/160096","targetHints":{"allow":["GET"]}}],"collection":[{"href":"https:\/\/abd.ong\/ca\/wp-json\/wp\/v2\/posts"}],"about":[{"href":"https:\/\/abd.ong\/ca\/wp-json\/wp\/v2\/types\/post"}],"author":[{"embeddable":true,"href":"https:\/\/abd.ong\/ca\/wp-json\/wp\/v2\/users\/2"}],"replies":[{"embeddable":true,"href":"https:\/\/abd.ong\/ca\/wp-json\/wp\/v2\/comments?post=160096"}],"version-history":[{"count":3,"href":"https:\/\/abd.ong\/ca\/wp-json\/wp\/v2\/posts\/160096\/revisions"}],"predecessor-version":[{"id":160120,"href":"https:\/\/abd.ong\/ca\/wp-json\/wp\/v2\/posts\/160096\/revisions\/160120"}],"wp:featuredmedia":[{"embeddable":true,"href":"https:\/\/abd.ong\/ca\/wp-json\/wp\/v2\/media\/160030"}],"wp:attachment":[{"href":"https:\/\/abd.ong\/ca\/wp-json\/wp\/v2\/media?parent=160096"}],"wp:term":[{"taxonomy":"category","embeddable":true,"href":"https:\/\/abd.ong\/ca\/wp-json\/wp\/v2\/categories?post=160096"},{"taxonomy":"post_tag","embeddable":true,"href":"https:\/\/abd.ong\/ca\/wp-json\/wp\/v2\/tags?post=160096"}],"curies":[{"name":"wp","href":"https:\/\/api.w.org\/{rel}","templated":true}]}}