{"id":159242,"date":"2024-03-25T09:51:50","date_gmt":"2024-03-25T08:51:50","guid":{"rendered":"https:\/\/abd.ong\/sense-categoria\/el-president-aragones-visitara-la-barnahus-de-vilanova-i-la-geltru\/"},"modified":"2024-03-27T14:05:26","modified_gmt":"2024-03-27T13:05:26","slug":"el-president-aragones-visitara-la-barnahus-de-vilanova-i-la-geltru","status":"publish","type":"post","link":"https:\/\/abd.ong\/ca\/infancia-i-familia\/el-president-aragones-visitara-la-barnahus-de-vilanova-i-la-geltru\/","title":{"rendered":"El president Aragon\u00e8s visita la Barnahus de Vilanova i la Geltr\u00fa"},"content":{"rendered":"\n<h5 class=\"wp-block-heading\">El Grup ABD ha organitzat una jornada de portes obertes per presentar el servei que oferir\u00e0 atenci\u00f3 integral a infants i adolescents que hagin patit viol\u00e8ncia sexual de les comarques del Garraf, Baix Pened\u00e8s, Alt Pened\u00e8s i l\u2019Anoia <\/h5>\n\n<div style=\"height:25px\" aria-hidden=\"true\" class=\"wp-block-spacer\"><\/div>\n\n<h5 class=\"wp-block-heading\">A m\u00e9s de la visita del president de la Generalitat de Catalunya, l\u2019acte tamb\u00e9 ha comptat amb la pres\u00e8ncia del conseller de Drets Socials, Carles Campuzano i Canad\u00e9s, el conseller d&#8217;Interior, Joan Ignasi Elena Garc\u00eda i l\u2019alcalde de Vilanova i la Geltr\u00fa, Juan Luis Ruiz L\u00f3pez<\/h5>\n\n<div style=\"height:50px\" aria-hidden=\"true\" class=\"wp-block-spacer\"><\/div>\n\n<p><span style=\"font-weight: 400;\">El <a href=\"https:\/\/govern.cat\/gov\/consell-executiu\/202\/president-generalitat-catalunya\">president de la Generalitat de Catalunya<\/a>, <strong>Pere Aragon\u00e8s i Garcia<\/strong>, ha assistit a la jornada de portes obertes de la Barnahus Vilanova i la Geltr\u00fa que ha organitzat avui 27 de mar\u00e7 l\u2019<a href=\"https:\/\/abd.ong\/ca\/\">Associaci\u00f3 Benestar i Desenvolupament &#8211; Grup ABD.<\/a><\/span><\/p>\n\n<p><span style=\"font-weight: 400;\">El servei, de la <a href=\"https:\/\/dretssocials.gencat.cat\/ca\/el_departament\/funcions_i_estructura\/organismes\/secretaria_dinfancia_i_adolescencia\/\">Direcci\u00f3 General d\u2019Atenci\u00f3 a la Inf\u00e0ncia i Adolesc\u00e8ncia<\/a> del departament de Drets Socials i que ser\u00e0 gestionat per l\u2019Associaci\u00f3 Benestar i Desenvolupament &#8211; Grup ABD, oferir\u00e0 atenci\u00f3 integral a infants i adolescents de la Vegueria del Pened\u00e8s (comarques del Garraf, Baix Pened\u00e8s, Alt Pened\u00e8s i una part de la comarca de l\u2019Anoia) que hagin patit viol\u00e8ncia sexual, i tamb\u00e9 les seves fam\u00edlies. L\u2019acte tamb\u00e9 ha comptat amb la pres\u00e8ncia del <a href=\"https:\/\/govern.cat\/gov\/consell-executiu\/153\/conseller-drets-socials\">conseller de Drets Socials<\/a>, <strong>Carles Campuzano i Canad\u00e9s<\/strong>, el conseller d&#8217;<a href=\"https:\/\/govern.cat\/gov\/consell-executiu\/118\/conseller-dinterior\">Interior<\/a>, <strong>Joan Ignasi Elena Garc\u00eda<\/strong>, i l\u2019alcalde de <a href=\"https:\/\/www.vilanova.cat\/ajuntament\/alcalde\">Vilanova i la Geltr\u00fa<\/a>, <strong>Juan Luis Ruiz L\u00f3pez<\/strong>, la gerent del Grup ABD, <strong>\u00c0ngels Guiteras Mestres<\/strong>, la Directora de l&#8217;\u00c0rea Inf\u00e0ncia, Fam\u00edlies i Igualtat de g\u00e8nere del Grup ABD, <strong>Carme Calafat Siquier<\/strong>, aix\u00ed com la Coordinadora de la Barnahus de Vilanova i la Geltr\u00fa, <strong>Maite Rubio Barragan<\/strong>, entre d\u2019altres.&#13;\n<\/span><\/p>\n\n<p>La comitiva encap\u00e7alada pel president Aragon\u00e8s ha fet un recorregut per les instal\u00b7lacions i n\u2019ha conegut l\u2019equip professional, format per una coordinadora, dues treballadores socials, dues psic\u00f2logues i una administrativa. El Departament de Drets Socials ha contractat tamb\u00e9 dues t\u00e8cniques que seran la porta d\u2019entrada dels casos i en faran el seguiment, la derivaci\u00f3 i l\u2019avaluaci\u00f3 inicial. Tamb\u00e9 s\u2019hi despla\u00e7ar\u00e0 personal de l\u2019equip t\u00e8cnic penal, metge forense, professionals d\u2019atenci\u00f3 a la v\u00edctima del Departament de Just\u00edcia; aix\u00ed com pediatres, psic\u00f2loga i psiquiatra del Departament de Salut, entre d\u2019altres.<\/p>\n\n<p>Al finalitzar l\u2019acte, la gerent del Grup ABD, <strong>\u00c0ngels Guiteras Mestres<\/strong>, ha destacat que <em>\u201cdes del Grup ABD \u00e9s un honor i un privilegi formar part d\u2019aquest pas significatiu cap a la creaci\u00f3 d&#8217;un entorn segur i protector per als nens i nenes i adolescents de la Vegueria del Pened\u00e8s\u201d<\/em>. En aquest sentit, ha afegit que <em>\u201cl\u2019objectiu ser\u00e0 millorar l&#8217;efic\u00e0cia de la resposta a situacions d&#8217;ab\u00fas sexual infantil, reduint aix\u00ed el temps d&#8217;espera per a rebre ajuda i augmentant les possibilitats de recuperaci\u00f3 dels nens, nenes i joves\u201d.<\/em> Finalment Guiteras ha recordat que per a ABD, Vilanova i la Geltr\u00fa ja \u00e9s un territori conegut ja que <em>\u201cel 2019 vam posar en marxa, juntament amb la Generalitat de Catalunya el SIE Garraf \u2013 Pened\u00e8s, Servei d\u2019Intervenci\u00f3 Especialitzada per dones en situaci\u00f3 de viol\u00e8ncia masclista i per les seves filles i fills\u201d. <\/em><\/p>\n\n<div style=\"height:50px\" aria-hidden=\"true\" class=\"wp-block-spacer\"><\/div>\n\n<h5 class=\"wp-block-heading\">Qu\u00e8 \u00e9s la Barnahus?<\/h5>\n\n<div style=\"height:50px\" aria-hidden=\"true\" class=\"wp-block-spacer\"><\/div>\n\n<p>La Barnahus, la casa dels xiquets i les xiquetes \u00e9s un projecte del Govern de la Generalitat que implica diverses conselleries. El principal impulsor n\u2019\u00e9s el Departament de Drets Socials \u2014mitjan\u00e7ant la Direcci\u00f3 General de l\u2019Atenci\u00f3 a la Inf\u00e0ncia i l\u2019Adolesc\u00e8ncia\u2014, en coordinaci\u00f3 amb Salut, Educaci\u00f3, Interior, Just\u00edcia i Igualtat i Feminismes, a m\u00e9s de la Fiscalia i la Judicatura.<\/p>\n\n<p><span style=\"font-weight: 400;\">Es tracta d\u2019un <strong>model d&#8217;atenci\u00f3 integral a les v\u00edctimes<\/strong> on tots els departaments que intervenen en un cas es coordinen i treballen sota el mateix sostre, en unes depend\u00e8ncies, lluny de comissaries i hospitals, que permeten crear un entorn amigable per als infants i adolescents. <\/span><\/p>\n\n<p><span style=\"font-weight: 400;\"><strong>El centre t\u00e9 l\u2019aspecte d\u2019una llar, perqu\u00e8 els infants i les seves fam\u00edlies el reconeguin com un espai amigable que proporciona seguretat i confian\u00e7a<\/strong>. Els objectius principals s\u00f3n dos. D\u2019una banda,<strong> procurar que els infants i adolescents es vinculin a un binomi professional<\/strong> \u2014habitualment format per un psic\u00f2leg o psic\u00f2loga i un treballador o treballadora social\u2014, que s\u2019encarreguen del desenvolupament i la recuperaci\u00f3 de les v\u00edctimes i d\u2019acompanyar a les seves fam\u00edlies en aquest proc\u00e9s. De l\u2019altra,<strong> minimitzar la contaminaci\u00f3 del testimoni<\/strong> i garantir les millors condicions per si l\u2019equip d\u2019assessorament t\u00e8cnic penal rep l\u2019enc\u00e0rrec de portar a terme una entrevista forense per a la prova preconstitu\u00efda o declaraci\u00f3 judicial.<\/span><\/p>\n\n<div style=\"height:50px\" aria-hidden=\"true\" class=\"wp-block-spacer\"><\/div>\n\n<figure class=\"wp-block-gallery has-nested-images columns-default is-cropped wp-block-gallery-2 is-layout-flex wp-block-gallery-is-layout-flex\">\n<figure class=\"wp-block-image size-large\"><img fetchpriority=\"high\" decoding=\"async\" width=\"1024\" height=\"683\" data-id=\"159328\" src=\"https:\/\/abd.ong\/wp-content\/uploads\/2024\/03\/SAM1740-1024x683.jpg\" alt=\"\" class=\"wp-image-159328\" srcset=\"https:\/\/abd.ong\/wp-content\/uploads\/2024\/03\/SAM1740-1024x683.jpg 1024w, https:\/\/abd.ong\/wp-content\/uploads\/2024\/03\/SAM1740-300x200.jpg 300w, https:\/\/abd.ong\/wp-content\/uploads\/2024\/03\/SAM1740-768x512.jpg 768w, https:\/\/abd.ong\/wp-content\/uploads\/2024\/03\/SAM1740-1536x1024.jpg 1536w, https:\/\/abd.ong\/wp-content\/uploads\/2024\/03\/SAM1740-600x400.jpg 600w, https:\/\/abd.ong\/wp-content\/uploads\/2024\/03\/SAM1740-1920x1280.jpg 1920w, https:\/\/abd.ong\/wp-content\/uploads\/2024\/03\/SAM1740.jpg 2048w\" sizes=\"(max-width: 1024px) 100vw, 1024px\" \/><\/figure>\n\n\n\n<figure class=\"wp-block-image size-large\"><img decoding=\"async\" width=\"1024\" height=\"683\" data-id=\"159316\" src=\"https:\/\/abd.ong\/wp-content\/uploads\/2024\/03\/SAM1749-1024x683.jpg\" alt=\"\" class=\"wp-image-159316\" srcset=\"https:\/\/abd.ong\/wp-content\/uploads\/2024\/03\/SAM1749-1024x683.jpg 1024w, https:\/\/abd.ong\/wp-content\/uploads\/2024\/03\/SAM1749-300x200.jpg 300w, https:\/\/abd.ong\/wp-content\/uploads\/2024\/03\/SAM1749-768x512.jpg 768w, https:\/\/abd.ong\/wp-content\/uploads\/2024\/03\/SAM1749-1536x1024.jpg 1536w, https:\/\/abd.ong\/wp-content\/uploads\/2024\/03\/SAM1749-600x400.jpg 600w, https:\/\/abd.ong\/wp-content\/uploads\/2024\/03\/SAM1749-1920x1280.jpg 1920w, https:\/\/abd.ong\/wp-content\/uploads\/2024\/03\/SAM1749.jpg 2048w\" sizes=\"(max-width: 1024px) 100vw, 1024px\" \/><\/figure>\n\n\n\n<figure class=\"wp-block-image size-large\"><img decoding=\"async\" width=\"1024\" height=\"683\" data-id=\"159320\" src=\"https:\/\/abd.ong\/wp-content\/uploads\/2024\/03\/SAM1777-1024x683.jpg\" alt=\"\" class=\"wp-image-159320\" srcset=\"https:\/\/abd.ong\/wp-content\/uploads\/2024\/03\/SAM1777-1024x683.jpg 1024w, https:\/\/abd.ong\/wp-content\/uploads\/2024\/03\/SAM1777-300x200.jpg 300w, https:\/\/abd.ong\/wp-content\/uploads\/2024\/03\/SAM1777-768x512.jpg 768w, https:\/\/abd.ong\/wp-content\/uploads\/2024\/03\/SAM1777-1536x1024.jpg 1536w, https:\/\/abd.ong\/wp-content\/uploads\/2024\/03\/SAM1777-600x400.jpg 600w, https:\/\/abd.ong\/wp-content\/uploads\/2024\/03\/SAM1777-1920x1280.jpg 1920w, https:\/\/abd.ong\/wp-content\/uploads\/2024\/03\/SAM1777.jpg 2048w\" sizes=\"(max-width: 1024px) 100vw, 1024px\" \/><\/figure>\n\n\n\n<figure class=\"wp-block-image size-large\"><img loading=\"lazy\" decoding=\"async\" width=\"1024\" height=\"683\" data-id=\"159324\" src=\"https:\/\/abd.ong\/wp-content\/uploads\/2024\/03\/SAM1688-1024x683.jpg\" alt=\"\" class=\"wp-image-159324\" srcset=\"https:\/\/abd.ong\/wp-content\/uploads\/2024\/03\/SAM1688-1024x683.jpg 1024w, https:\/\/abd.ong\/wp-content\/uploads\/2024\/03\/SAM1688-300x200.jpg 300w, https:\/\/abd.ong\/wp-content\/uploads\/2024\/03\/SAM1688-768x512.jpg 768w, https:\/\/abd.ong\/wp-content\/uploads\/2024\/03\/SAM1688-1536x1024.jpg 1536w, https:\/\/abd.ong\/wp-content\/uploads\/2024\/03\/SAM1688-600x400.jpg 600w, https:\/\/abd.ong\/wp-content\/uploads\/2024\/03\/SAM1688-1920x1280.jpg 1920w, https:\/\/abd.ong\/wp-content\/uploads\/2024\/03\/SAM1688.jpg 2048w\" sizes=\"(max-width: 1024px) 100vw, 1024px\" \/><\/figure>\n\n\n\n<figure class=\"wp-block-image size-large\"><img loading=\"lazy\" decoding=\"async\" width=\"1024\" height=\"768\" data-id=\"159236\" src=\"https:\/\/abd.ong\/wp-content\/uploads\/2024\/03\/20240111_145127-1-1-1024x768.jpg\" alt=\"\" class=\"wp-image-159236\" srcset=\"https:\/\/abd.ong\/wp-content\/uploads\/2024\/03\/20240111_145127-1-1-1024x768.jpg 1024w, https:\/\/abd.ong\/wp-content\/uploads\/2024\/03\/20240111_145127-1-1-300x225.jpg 300w, https:\/\/abd.ong\/wp-content\/uploads\/2024\/03\/20240111_145127-1-1-768x576.jpg 768w, https:\/\/abd.ong\/wp-content\/uploads\/2024\/03\/20240111_145127-1-1-1536x1152.jpg 1536w, https:\/\/abd.ong\/wp-content\/uploads\/2024\/03\/20240111_145127-1-1.jpg 2048w\" sizes=\"(max-width: 1024px) 100vw, 1024px\" \/><\/figure>\n\n\n\n<figure class=\"wp-block-image size-large\"><img loading=\"lazy\" decoding=\"async\" width=\"1024\" height=\"683\" data-id=\"159319\" src=\"https:\/\/abd.ong\/wp-content\/uploads\/2024\/03\/SAM1682-1024x683.jpg\" alt=\"\" class=\"wp-image-159319\" srcset=\"https:\/\/abd.ong\/wp-content\/uploads\/2024\/03\/SAM1682-1024x683.jpg 1024w, https:\/\/abd.ong\/wp-content\/uploads\/2024\/03\/SAM1682-300x200.jpg 300w, https:\/\/abd.ong\/wp-content\/uploads\/2024\/03\/SAM1682-768x512.jpg 768w, https:\/\/abd.ong\/wp-content\/uploads\/2024\/03\/SAM1682-1536x1024.jpg 1536w, https:\/\/abd.ong\/wp-content\/uploads\/2024\/03\/SAM1682-600x400.jpg 600w, https:\/\/abd.ong\/wp-content\/uploads\/2024\/03\/SAM1682-1920x1280.jpg 1920w, https:\/\/abd.ong\/wp-content\/uploads\/2024\/03\/SAM1682.jpg 2048w\" sizes=\"(max-width: 1024px) 100vw, 1024px\" \/><\/figure>\n\n\n\n<figure class=\"wp-block-image size-large\"><img loading=\"lazy\" decoding=\"async\" width=\"1024\" height=\"683\" data-id=\"159336\" src=\"https:\/\/abd.ong\/wp-content\/uploads\/2024\/03\/SAM1784-1024x683.jpg\" alt=\"\" class=\"wp-image-159336\" srcset=\"https:\/\/abd.ong\/wp-content\/uploads\/2024\/03\/SAM1784-1024x683.jpg 1024w, https:\/\/abd.ong\/wp-content\/uploads\/2024\/03\/SAM1784-300x200.jpg 300w, https:\/\/abd.ong\/wp-content\/uploads\/2024\/03\/SAM1784-768x512.jpg 768w, https:\/\/abd.ong\/wp-content\/uploads\/2024\/03\/SAM1784-1536x1024.jpg 1536w, https:\/\/abd.ong\/wp-content\/uploads\/2024\/03\/SAM1784-600x400.jpg 600w, https:\/\/abd.ong\/wp-content\/uploads\/2024\/03\/SAM1784-1920x1280.jpg 1920w, https:\/\/abd.ong\/wp-content\/uploads\/2024\/03\/SAM1784.jpg 2048w\" sizes=\"(max-width: 1024px) 100vw, 1024px\" \/><\/figure>\n\n\n\n<figure class=\"wp-block-image size-large\"><img loading=\"lazy\" decoding=\"async\" width=\"1024\" height=\"683\" data-id=\"159334\" src=\"https:\/\/abd.ong\/wp-content\/uploads\/2024\/03\/SAM1789-1024x683.jpg\" alt=\"\" class=\"wp-image-159334\" srcset=\"https:\/\/abd.ong\/wp-content\/uploads\/2024\/03\/SAM1789-1024x683.jpg 1024w, https:\/\/abd.ong\/wp-content\/uploads\/2024\/03\/SAM1789-300x200.jpg 300w, https:\/\/abd.ong\/wp-content\/uploads\/2024\/03\/SAM1789-768x512.jpg 768w, https:\/\/abd.ong\/wp-content\/uploads\/2024\/03\/SAM1789-1536x1024.jpg 1536w, https:\/\/abd.ong\/wp-content\/uploads\/2024\/03\/SAM1789-600x400.jpg 600w, https:\/\/abd.ong\/wp-content\/uploads\/2024\/03\/SAM1789-1920x1280.jpg 1920w, https:\/\/abd.ong\/wp-content\/uploads\/2024\/03\/SAM1789.jpg 2048w\" sizes=\"(max-width: 1024px) 100vw, 1024px\" \/><\/figure>\n\n\n\n<figure class=\"wp-block-image size-large\"><img loading=\"lazy\" decoding=\"async\" width=\"1024\" height=\"683\" data-id=\"159331\" src=\"https:\/\/abd.ong\/wp-content\/uploads\/2024\/03\/SAM1807-1024x683.jpg\" alt=\"\" class=\"wp-image-159331\" srcset=\"https:\/\/abd.ong\/wp-content\/uploads\/2024\/03\/SAM1807-1024x683.jpg 1024w, https:\/\/abd.ong\/wp-content\/uploads\/2024\/03\/SAM1807-300x200.jpg 300w, https:\/\/abd.ong\/wp-content\/uploads\/2024\/03\/SAM1807-768x512.jpg 768w, https:\/\/abd.ong\/wp-content\/uploads\/2024\/03\/SAM1807-1536x1024.jpg 1536w, https:\/\/abd.ong\/wp-content\/uploads\/2024\/03\/SAM1807-600x400.jpg 600w, https:\/\/abd.ong\/wp-content\/uploads\/2024\/03\/SAM1807-1920x1280.jpg 1920w, https:\/\/abd.ong\/wp-content\/uploads\/2024\/03\/SAM1807.jpg 2048w\" sizes=\"(max-width: 1024px) 100vw, 1024px\" \/><\/figure>\n<\/figure>\n\n<div style=\"height:50px\" aria-hidden=\"true\" class=\"wp-block-spacer\"><\/div>\n\n<p><span style=\"font-weight: 400;\"><strong>L\u2019objectiu principal del servei \u00e9s doncs la valoraci\u00f3, l\u2019atenci\u00f3, el tractament i el seguiment de qualsevol infant i adolescent que hagi patit viol\u00e8ncies sexuals<\/strong>, per b\u00e9 que els professionals del centre col\u00b7laboraran tamb\u00e9 en la prevenci\u00f3 i detecci\u00f3 d\u2019aquesta xacra.<\/span><\/p>\n\n<p>Les instal\u00b7lacions estan situades al carrer Ol\u00e8rdola. La nova Barnahus compta amb dues sales d&#8217;espera separades equipades amb mobles, joguines, revistes, llibres, etc., adients a l&#8217;edat i a les necessitats dels infants i adolescents. Tamb\u00e9 t\u00e9 un espai de treball per a l&#8217;equip professional; cinc sales per a entrevistes i per atendre les fam\u00edlies, infants i adolescents; una sala d&#8217;exploraci\u00f3 forense per a la prova preconstitu\u00efda; una sala d&#8217;observaci\u00f3 per visualitzar les entrevistes d&#8217;exploraci\u00f3; una sala d&#8217;exploraci\u00f3 m\u00e8dica amb bany; un espai per a Mossos d\u2019Esquadra, i una petita cuina, entre d\u2019altres.<\/p>\n\n<p><\/p>\n\n<p><\/p>\n\n<p><\/p>\n\n<p><\/p>\n\n<p><\/p>\n","protected":false},"excerpt":{"rendered":"<p>El Grup ABD ha organitzat una jornada de portes obertes per presentar el servei que oferir\u00e0 atenci\u00f3 integral a infants i adolescents que hagin patit viol\u00e8ncia sexual de les comarques&hellip;<\/p>\n","protected":false},"author":2,"featured_media":159346,"comment_status":"closed","ping_status":"closed","sticky":false,"template":"","format":"standard","meta":{"_acf_changed":false,"footnotes":""},"categories":[1303],"tags":[1897,675,4181,4179,4180,4178,4182,4177],"class_list":["post-159242","post","type-post","status-publish","format-standard","has-post-thumbnail","hentry","category-infancia-i-familia","tag-abd-2-ca","tag-asociacion-bienestar-y-desarrollo-ca","tag-atencio-a-la-infancia","tag-atencio-integral-a-la-infancia","tag-atencio-integral-a-nens-i-nenes","tag-barnahus-vilanova-i-la-geltru","tag-la-casa-dels-nens-i-les-nenes","tag-violencia-sexual-ca"],"acf":[],"yoast_head":"<!-- This site is optimized with the Yoast SEO plugin v27.4 - https:\/\/yoast.com\/product\/yoast-seo-wordpress\/ -->\n<title>El president Aragon\u00e8s visita la Barnahus de Vilanova i la Geltr\u00fa - ABD<\/title>\n<meta name=\"description\" content=\"El Grup ABD ha organitzat una jornada de portes obertes per presentar el servei que oferir\u00e0 atenci\u00f3 integral a infants i adolescents que hagin patit\" \/>\n<meta name=\"robots\" content=\"index, follow, max-snippet:-1, max-image-preview:large, max-video-preview:-1\" \/>\n<link rel=\"canonical\" href=\"https:\/\/abd.ong\/ca\/infancia-i-familia\/el-president-aragones-visitara-la-barnahus-de-vilanova-i-la-geltru\/\" \/>\n<meta property=\"og:locale\" content=\"ca_ES\" \/>\n<meta property=\"og:type\" content=\"article\" \/>\n<meta property=\"og:title\" content=\"El president Aragon\u00e8s visita la Barnahus de Vilanova i la Geltr\u00fa - ABD\" \/>\n<meta property=\"og:description\" content=\"El Grup ABD ha organitzat una jornada de portes obertes per presentar el servei que oferir\u00e0 atenci\u00f3 integral a infants i adolescents que hagin patit\" \/>\n<meta property=\"og:url\" content=\"https:\/\/abd.ong\/ca\/infancia-i-familia\/el-president-aragones-visitara-la-barnahus-de-vilanova-i-la-geltru\/\" \/>\n<meta property=\"og:site_name\" content=\"ABD\" \/>\n<meta property=\"article:publisher\" content=\"https:\/\/www.facebook.com\/abd.ong\" \/>\n<meta property=\"article:published_time\" content=\"2024-03-25T08:51:50+00:00\" \/>\n<meta property=\"article:modified_time\" content=\"2024-03-27T13:05:26+00:00\" \/>\n<meta property=\"og:image\" content=\"https:\/\/abd.ong\/wp-content\/uploads\/2024\/03\/portada-barnahus-169.jpg\" \/>\n\t<meta property=\"og:image:width\" content=\"2048\" \/>\n\t<meta property=\"og:image:height\" content=\"1152\" \/>\n\t<meta property=\"og:image:type\" content=\"image\/jpeg\" \/>\n<meta name=\"author\" content=\"Enric Guinart\" \/>\n<meta name=\"twitter:card\" content=\"summary_large_image\" \/>\n<meta name=\"twitter:creator\" content=\"@abd_ong\" \/>\n<meta name=\"twitter:site\" content=\"@abd_ong\" \/>\n<meta name=\"twitter:label1\" content=\"Escrit per\" \/>\n\t<meta name=\"twitter:data1\" content=\"Enric Guinart\" \/>\n\t<meta name=\"twitter:label2\" content=\"Temps estimat de lectura\" \/>\n\t<meta name=\"twitter:data2\" content=\"5 minuts\" \/>\n<script type=\"application\/ld+json\" class=\"yoast-schema-graph\">{\"@context\":\"https:\\\/\\\/schema.org\",\"@graph\":[{\"@type\":\"Article\",\"@id\":\"https:\\\/\\\/abd.ong\\\/ca\\\/infancia-i-familia\\\/el-president-aragones-visitara-la-barnahus-de-vilanova-i-la-geltru\\\/#article\",\"isPartOf\":{\"@id\":\"https:\\\/\\\/abd.ong\\\/ca\\\/infancia-i-familia\\\/el-president-aragones-visitara-la-barnahus-de-vilanova-i-la-geltru\\\/\"},\"author\":{\"name\":\"Enric Guinart\",\"@id\":\"https:\\\/\\\/abd.ong\\\/ca\\\/#\\\/schema\\\/person\\\/d0f5fe279a7ad908de6a6d1332bfd7d8\"},\"headline\":\"El president Aragon\u00e8s visita la Barnahus de Vilanova i la Geltr\u00fa\",\"datePublished\":\"2024-03-25T08:51:50+00:00\",\"dateModified\":\"2024-03-27T13:05:26+00:00\",\"mainEntityOfPage\":{\"@id\":\"https:\\\/\\\/abd.ong\\\/ca\\\/infancia-i-familia\\\/el-president-aragones-visitara-la-barnahus-de-vilanova-i-la-geltru\\\/\"},\"wordCount\":972,\"publisher\":{\"@id\":\"https:\\\/\\\/abd.ong\\\/ca\\\/#organization\"},\"image\":{\"@id\":\"https:\\\/\\\/abd.ong\\\/ca\\\/infancia-i-familia\\\/el-president-aragones-visitara-la-barnahus-de-vilanova-i-la-geltru\\\/#primaryimage\"},\"thumbnailUrl\":\"https:\\\/\\\/abd.ong\\\/wp-content\\\/uploads\\\/2024\\\/03\\\/portada-barnahus-169.jpg\",\"keywords\":[\"ABD\",\"Asociaci\u00f3n Bienestar y Desarrollo\",\"atenci\u00f3 a la inf\u00e0ncia\",\"atenci\u00f3 integral a la inf\u00e0ncia\",\"atenci\u00f3 integral a nens i nenes\",\"Barnahus Vilanova i la Geltr\u00fa\",\"la casa dels nens i les nenes\",\"violencia sexual\"],\"articleSection\":[\"Inf\u00e0ncia i fam\u00edlia\"],\"inLanguage\":\"ca\"},{\"@type\":\"WebPage\",\"@id\":\"https:\\\/\\\/abd.ong\\\/ca\\\/infancia-i-familia\\\/el-president-aragones-visitara-la-barnahus-de-vilanova-i-la-geltru\\\/\",\"url\":\"https:\\\/\\\/abd.ong\\\/ca\\\/infancia-i-familia\\\/el-president-aragones-visitara-la-barnahus-de-vilanova-i-la-geltru\\\/\",\"name\":\"El president Aragon\u00e8s visita la Barnahus de Vilanova i la Geltr\u00fa - ABD\",\"isPartOf\":{\"@id\":\"https:\\\/\\\/abd.ong\\\/ca\\\/#website\"},\"primaryImageOfPage\":{\"@id\":\"https:\\\/\\\/abd.ong\\\/ca\\\/infancia-i-familia\\\/el-president-aragones-visitara-la-barnahus-de-vilanova-i-la-geltru\\\/#primaryimage\"},\"image\":{\"@id\":\"https:\\\/\\\/abd.ong\\\/ca\\\/infancia-i-familia\\\/el-president-aragones-visitara-la-barnahus-de-vilanova-i-la-geltru\\\/#primaryimage\"},\"thumbnailUrl\":\"https:\\\/\\\/abd.ong\\\/wp-content\\\/uploads\\\/2024\\\/03\\\/portada-barnahus-169.jpg\",\"datePublished\":\"2024-03-25T08:51:50+00:00\",\"dateModified\":\"2024-03-27T13:05:26+00:00\",\"description\":\"El Grup ABD ha organitzat una jornada de portes obertes per presentar el servei que oferir\u00e0 atenci\u00f3 integral a infants i adolescents que hagin patit\",\"breadcrumb\":{\"@id\":\"https:\\\/\\\/abd.ong\\\/ca\\\/infancia-i-familia\\\/el-president-aragones-visitara-la-barnahus-de-vilanova-i-la-geltru\\\/#breadcrumb\"},\"inLanguage\":\"ca\",\"potentialAction\":[{\"@type\":\"ReadAction\",\"target\":[\"https:\\\/\\\/abd.ong\\\/ca\\\/infancia-i-familia\\\/el-president-aragones-visitara-la-barnahus-de-vilanova-i-la-geltru\\\/\"]}]},{\"@type\":\"ImageObject\",\"inLanguage\":\"ca\",\"@id\":\"https:\\\/\\\/abd.ong\\\/ca\\\/infancia-i-familia\\\/el-president-aragones-visitara-la-barnahus-de-vilanova-i-la-geltru\\\/#primaryimage\",\"url\":\"https:\\\/\\\/abd.ong\\\/wp-content\\\/uploads\\\/2024\\\/03\\\/portada-barnahus-169.jpg\",\"contentUrl\":\"https:\\\/\\\/abd.ong\\\/wp-content\\\/uploads\\\/2024\\\/03\\\/portada-barnahus-169.jpg\",\"width\":2048,\"height\":1152},{\"@type\":\"BreadcrumbList\",\"@id\":\"https:\\\/\\\/abd.ong\\\/ca\\\/infancia-i-familia\\\/el-president-aragones-visitara-la-barnahus-de-vilanova-i-la-geltru\\\/#breadcrumb\",\"itemListElement\":[{\"@type\":\"ListItem\",\"position\":1,\"name\":\"Inici\",\"item\":\"https:\\\/\\\/abd.ong\\\/ca\\\/\"},{\"@type\":\"ListItem\",\"position\":2,\"name\":\"El president Aragon\u00e8s visita la Barnahus de Vilanova i la Geltr\u00fa\"}]},{\"@type\":\"WebSite\",\"@id\":\"https:\\\/\\\/abd.ong\\\/ca\\\/#website\",\"url\":\"https:\\\/\\\/abd.ong\\\/ca\\\/\",\"name\":\"ABD\",\"description\":\"Asociaci\u00f3n Bienestar y Desarrollo\",\"publisher\":{\"@id\":\"https:\\\/\\\/abd.ong\\\/ca\\\/#organization\"},\"potentialAction\":[{\"@type\":\"SearchAction\",\"target\":{\"@type\":\"EntryPoint\",\"urlTemplate\":\"https:\\\/\\\/abd.ong\\\/ca\\\/?s={search_term_string}\"},\"query-input\":{\"@type\":\"PropertyValueSpecification\",\"valueRequired\":true,\"valueName\":\"search_term_string\"}}],\"inLanguage\":\"ca\"},{\"@type\":\"Organization\",\"@id\":\"https:\\\/\\\/abd.ong\\\/ca\\\/#organization\",\"name\":\"Associaci\u00f3 Benestar i Desenvolupament\",\"alternateName\":\"ABD\",\"url\":\"https:\\\/\\\/abd.ong\\\/ca\\\/\",\"logo\":{\"@type\":\"ImageObject\",\"inLanguage\":\"ca\",\"@id\":\"https:\\\/\\\/abd.ong\\\/ca\\\/#\\\/schema\\\/logo\\\/image\\\/\",\"url\":\"https:\\\/\\\/abd.ong\\\/wp-content\\\/uploads\\\/2023\\\/01\\\/Icona.png\",\"contentUrl\":\"https:\\\/\\\/abd.ong\\\/wp-content\\\/uploads\\\/2023\\\/01\\\/Icona.png\",\"width\":190,\"height\":187,\"caption\":\"Associaci\u00f3 Benestar i Desenvolupament\"},\"image\":{\"@id\":\"https:\\\/\\\/abd.ong\\\/ca\\\/#\\\/schema\\\/logo\\\/image\\\/\"},\"sameAs\":[\"https:\\\/\\\/www.facebook.com\\\/abd.ong\",\"https:\\\/\\\/x.com\\\/abd_ong\",\"https:\\\/\\\/www.instagram.com\\\/abd_ong\\\/\",\"https:\\\/\\\/www.linkedin.com\\\/company\\\/abdong\",\"https:\\\/\\\/www.youtube.com\\\/user\\\/CANALABD\"]},{\"@type\":\"Person\",\"@id\":\"https:\\\/\\\/abd.ong\\\/ca\\\/#\\\/schema\\\/person\\\/d0f5fe279a7ad908de6a6d1332bfd7d8\",\"name\":\"Enric Guinart\"}]}<\/script>\n<!-- \/ Yoast SEO plugin. -->","yoast_head_json":{"title":"El president Aragon\u00e8s visita la Barnahus de Vilanova i la Geltr\u00fa - ABD","description":"El Grup ABD ha organitzat una jornada de portes obertes per presentar el servei que oferir\u00e0 atenci\u00f3 integral a infants i adolescents que hagin patit","robots":{"index":"index","follow":"follow","max-snippet":"max-snippet:-1","max-image-preview":"max-image-preview:large","max-video-preview":"max-video-preview:-1"},"canonical":"https:\/\/abd.ong\/ca\/infancia-i-familia\/el-president-aragones-visitara-la-barnahus-de-vilanova-i-la-geltru\/","og_locale":"ca_ES","og_type":"article","og_title":"El president Aragon\u00e8s visita la Barnahus de Vilanova i la Geltr\u00fa - ABD","og_description":"El Grup ABD ha organitzat una jornada de portes obertes per presentar el servei que oferir\u00e0 atenci\u00f3 integral a infants i adolescents que hagin patit","og_url":"https:\/\/abd.ong\/ca\/infancia-i-familia\/el-president-aragones-visitara-la-barnahus-de-vilanova-i-la-geltru\/","og_site_name":"ABD","article_publisher":"https:\/\/www.facebook.com\/abd.ong","article_published_time":"2024-03-25T08:51:50+00:00","article_modified_time":"2024-03-27T13:05:26+00:00","og_image":[{"width":2048,"height":1152,"url":"https:\/\/abd.ong\/wp-content\/uploads\/2024\/03\/portada-barnahus-169.jpg","type":"image\/jpeg"}],"author":"Enric Guinart","twitter_card":"summary_large_image","twitter_creator":"@abd_ong","twitter_site":"@abd_ong","twitter_misc":{"Escrit per":"Enric Guinart","Temps estimat de lectura":"5 minuts"},"schema":{"@context":"https:\/\/schema.org","@graph":[{"@type":"Article","@id":"https:\/\/abd.ong\/ca\/infancia-i-familia\/el-president-aragones-visitara-la-barnahus-de-vilanova-i-la-geltru\/#article","isPartOf":{"@id":"https:\/\/abd.ong\/ca\/infancia-i-familia\/el-president-aragones-visitara-la-barnahus-de-vilanova-i-la-geltru\/"},"author":{"name":"Enric Guinart","@id":"https:\/\/abd.ong\/ca\/#\/schema\/person\/d0f5fe279a7ad908de6a6d1332bfd7d8"},"headline":"El president Aragon\u00e8s visita la Barnahus de Vilanova i la Geltr\u00fa","datePublished":"2024-03-25T08:51:50+00:00","dateModified":"2024-03-27T13:05:26+00:00","mainEntityOfPage":{"@id":"https:\/\/abd.ong\/ca\/infancia-i-familia\/el-president-aragones-visitara-la-barnahus-de-vilanova-i-la-geltru\/"},"wordCount":972,"publisher":{"@id":"https:\/\/abd.ong\/ca\/#organization"},"image":{"@id":"https:\/\/abd.ong\/ca\/infancia-i-familia\/el-president-aragones-visitara-la-barnahus-de-vilanova-i-la-geltru\/#primaryimage"},"thumbnailUrl":"https:\/\/abd.ong\/wp-content\/uploads\/2024\/03\/portada-barnahus-169.jpg","keywords":["ABD","Asociaci\u00f3n Bienestar y Desarrollo","atenci\u00f3 a la inf\u00e0ncia","atenci\u00f3 integral a la inf\u00e0ncia","atenci\u00f3 integral a nens i nenes","Barnahus Vilanova i la Geltr\u00fa","la casa dels nens i les nenes","violencia sexual"],"articleSection":["Inf\u00e0ncia i fam\u00edlia"],"inLanguage":"ca"},{"@type":"WebPage","@id":"https:\/\/abd.ong\/ca\/infancia-i-familia\/el-president-aragones-visitara-la-barnahus-de-vilanova-i-la-geltru\/","url":"https:\/\/abd.ong\/ca\/infancia-i-familia\/el-president-aragones-visitara-la-barnahus-de-vilanova-i-la-geltru\/","name":"El president Aragon\u00e8s visita la Barnahus de Vilanova i la Geltr\u00fa - ABD","isPartOf":{"@id":"https:\/\/abd.ong\/ca\/#website"},"primaryImageOfPage":{"@id":"https:\/\/abd.ong\/ca\/infancia-i-familia\/el-president-aragones-visitara-la-barnahus-de-vilanova-i-la-geltru\/#primaryimage"},"image":{"@id":"https:\/\/abd.ong\/ca\/infancia-i-familia\/el-president-aragones-visitara-la-barnahus-de-vilanova-i-la-geltru\/#primaryimage"},"thumbnailUrl":"https:\/\/abd.ong\/wp-content\/uploads\/2024\/03\/portada-barnahus-169.jpg","datePublished":"2024-03-25T08:51:50+00:00","dateModified":"2024-03-27T13:05:26+00:00","description":"El Grup ABD ha organitzat una jornada de portes obertes per presentar el servei que oferir\u00e0 atenci\u00f3 integral a infants i adolescents que hagin patit","breadcrumb":{"@id":"https:\/\/abd.ong\/ca\/infancia-i-familia\/el-president-aragones-visitara-la-barnahus-de-vilanova-i-la-geltru\/#breadcrumb"},"inLanguage":"ca","potentialAction":[{"@type":"ReadAction","target":["https:\/\/abd.ong\/ca\/infancia-i-familia\/el-president-aragones-visitara-la-barnahus-de-vilanova-i-la-geltru\/"]}]},{"@type":"ImageObject","inLanguage":"ca","@id":"https:\/\/abd.ong\/ca\/infancia-i-familia\/el-president-aragones-visitara-la-barnahus-de-vilanova-i-la-geltru\/#primaryimage","url":"https:\/\/abd.ong\/wp-content\/uploads\/2024\/03\/portada-barnahus-169.jpg","contentUrl":"https:\/\/abd.ong\/wp-content\/uploads\/2024\/03\/portada-barnahus-169.jpg","width":2048,"height":1152},{"@type":"BreadcrumbList","@id":"https:\/\/abd.ong\/ca\/infancia-i-familia\/el-president-aragones-visitara-la-barnahus-de-vilanova-i-la-geltru\/#breadcrumb","itemListElement":[{"@type":"ListItem","position":1,"name":"Inici","item":"https:\/\/abd.ong\/ca\/"},{"@type":"ListItem","position":2,"name":"El president Aragon\u00e8s visita la Barnahus de Vilanova i la Geltr\u00fa"}]},{"@type":"WebSite","@id":"https:\/\/abd.ong\/ca\/#website","url":"https:\/\/abd.ong\/ca\/","name":"ABD","description":"Asociaci\u00f3n Bienestar y Desarrollo","publisher":{"@id":"https:\/\/abd.ong\/ca\/#organization"},"potentialAction":[{"@type":"SearchAction","target":{"@type":"EntryPoint","urlTemplate":"https:\/\/abd.ong\/ca\/?s={search_term_string}"},"query-input":{"@type":"PropertyValueSpecification","valueRequired":true,"valueName":"search_term_string"}}],"inLanguage":"ca"},{"@type":"Organization","@id":"https:\/\/abd.ong\/ca\/#organization","name":"Associaci\u00f3 Benestar i Desenvolupament","alternateName":"ABD","url":"https:\/\/abd.ong\/ca\/","logo":{"@type":"ImageObject","inLanguage":"ca","@id":"https:\/\/abd.ong\/ca\/#\/schema\/logo\/image\/","url":"https:\/\/abd.ong\/wp-content\/uploads\/2023\/01\/Icona.png","contentUrl":"https:\/\/abd.ong\/wp-content\/uploads\/2023\/01\/Icona.png","width":190,"height":187,"caption":"Associaci\u00f3 Benestar i Desenvolupament"},"image":{"@id":"https:\/\/abd.ong\/ca\/#\/schema\/logo\/image\/"},"sameAs":["https:\/\/www.facebook.com\/abd.ong","https:\/\/x.com\/abd_ong","https:\/\/www.instagram.com\/abd_ong\/","https:\/\/www.linkedin.com\/company\/abdong","https:\/\/www.youtube.com\/user\/CANALABD"]},{"@type":"Person","@id":"https:\/\/abd.ong\/ca\/#\/schema\/person\/d0f5fe279a7ad908de6a6d1332bfd7d8","name":"Enric Guinart"}]}},"_links":{"self":[{"href":"https:\/\/abd.ong\/ca\/wp-json\/wp\/v2\/posts\/159242","targetHints":{"allow":["GET"]}}],"collection":[{"href":"https:\/\/abd.ong\/ca\/wp-json\/wp\/v2\/posts"}],"about":[{"href":"https:\/\/abd.ong\/ca\/wp-json\/wp\/v2\/types\/post"}],"author":[{"embeddable":true,"href":"https:\/\/abd.ong\/ca\/wp-json\/wp\/v2\/users\/2"}],"replies":[{"embeddable":true,"href":"https:\/\/abd.ong\/ca\/wp-json\/wp\/v2\/comments?post=159242"}],"version-history":[{"count":3,"href":"https:\/\/abd.ong\/ca\/wp-json\/wp\/v2\/posts\/159242\/revisions"}],"predecessor-version":[{"id":159352,"href":"https:\/\/abd.ong\/ca\/wp-json\/wp\/v2\/posts\/159242\/revisions\/159352"}],"wp:featuredmedia":[{"embeddable":true,"href":"https:\/\/abd.ong\/ca\/wp-json\/wp\/v2\/media\/159346"}],"wp:attachment":[{"href":"https:\/\/abd.ong\/ca\/wp-json\/wp\/v2\/media?parent=159242"}],"wp:term":[{"taxonomy":"category","embeddable":true,"href":"https:\/\/abd.ong\/ca\/wp-json\/wp\/v2\/categories?post=159242"},{"taxonomy":"post_tag","embeddable":true,"href":"https:\/\/abd.ong\/ca\/wp-json\/wp\/v2\/tags?post=159242"}],"curies":[{"name":"wp","href":"https:\/\/api.w.org\/{rel}","templated":true}]}}