{"id":15836,"date":"2020-06-25T16:29:20","date_gmt":"2020-06-25T14:29:20","guid":{"rendered":"https:\/\/abd.ong\/?p=15836"},"modified":"2022-05-18T12:17:39","modified_gmt":"2022-05-18T10:17:39","slug":"el-projecte-assist-amb-participacio-dabd-arriba-a-la-seva-fi-amb-13-000-persones-ateses-i-93-professionals-formats","status":"publish","type":"post","link":"https:\/\/abd.ong\/ca\/desigualtat\/el-projecte-assist-amb-participacio-dabd-arriba-a-la-seva-fi-amb-13-000-persones-ateses-i-93-professionals-formats\/","title":{"rendered":"El projecte ASSIST, amb participaci\u00f3 d&#8217;ABD, arriba a la seva fi amb 13.000 persones ateses i 93 professionals formats"},"content":{"rendered":"\n<p>Durant tres anys, el projecte europeu <a rel=\"noreferrer noopener\" href=\"http:\/\/www.assist2gether.eu\/\" target=\"_blank\">ASSIST<\/a>, amb participaci\u00f3 activa de l&#8217;<a href=\"https:\/\/abd.ong\/ca\/\" target=\"_blank\" rel=\"noreferrer noopener\">Associaci\u00f3 Benestar i Desenvolupament<\/a> ABD i coordinat a Espanya per <a rel=\"noreferrer noopener\" href=\"https:\/\/www.ecoserveis.net\/\" target=\"_blank\">Ecoserveis<\/a>, s&#8217;ha portat a terme en sis pa\u00efsos amb l&#8217;objectiu de combatre la pobresa energ\u00e8tica a trav\u00e9s de <strong>tres eixos<\/strong>: la implicaci\u00f3 activa de les persones consumidores en el mercat energ\u00e8tic, els canvis positius de conducta sobre l&#8217;\u00fas de l&#8217;energia i la influ\u00e8ncia en el disseny de les pol\u00edtiques d&#8217;atenci\u00f3 a la pobresa energ\u00e8tica. Com a resultats quantificables, s&#8217;han at\u00e8s gaireb\u00e9 13.000 persones i s&#8217;ha comptat amb 93 agents energ\u00e8tics dom\u00e8stics actius.<\/p>\n\n\n\n<p>El projecte, finan\u00e7at pel programa H2020 d&#8217;investigaci\u00f3 i innovaci\u00f3 de la Uni\u00f3 Europea, ha impulsat una <strong>xarxa de suport per a l&#8217;estalvi d&#8217;energia a la llar<\/strong>&nbsp;des de&nbsp;la&nbsp;qual&nbsp;s&#8217;han abordat els aspectes t\u00e8cnics i socials del problema per&nbsp;reduir&nbsp;els&nbsp;obstacles&nbsp;del mercat energ\u00e8tic als quals s&#8217;enfronta la poblaci\u00f3 m\u00e9s vulnerable. <\/p>\n\n\n\n<p>ABD hi ha participat a trav\u00e9s de la pres\u00e8ncia de M\u00f2nica Plana com a <a rel=\"noreferrer noopener\" href=\"http:\/\/www.assist2gether.eu\/news-104-el_comite_nacional_de_assist_en_espana_monica_plana\" target=\"_blank\">membre del comit\u00e8 nacional d&#8217;experts<\/a> d&#8217;ASSIST, en el que tamb\u00e9 ha estat representat el voluntariat d&#8217;Energia Justa. El comit\u00e8 ha comptat amb professionals del sector empresarial, social i p\u00fablic per assegurar que les activitats portades a terme tinguessin un impacte efectiu sobre la vulnerabilitat i la pobresa energ\u00e8tica.<\/p>\n\n\n\n<h4 class=\"wp-block-heading\"><strong>Del Servei d&#8217;Assist\u00e8ncia Domicili\u00e0ria a les Cooperatives El\u00e8ctriques<\/strong><\/h4>\n\n\n\n<p>Per assolir el seu objectiu, en l&#8217;\u00e0mbit nacional s&#8217;han desenvolupat <strong>cinc accions<\/strong> dividides en <strong>tres \u00e0rees<\/strong>, segons el tipus de perfil professional que ha rebut formaci\u00f3 com a agent energ\u00e8tic dom\u00e8stic (AED) i que despr\u00e9s ha actuat assessorant les persones usu\u00e0ries: Professionals d&#8217;atenci\u00f3 al p\u00fablic de cooperatives el\u00e8ctriques, professionals d&#8217;atenci\u00f3 directa del servei d&#8217;assist\u00e8ncia domicili\u00e0ria i professionals del servei de teleassist\u00e8ncia a Catalunya i a la Comunitat Valenciana.<\/p>\n\n\n\n<p>Les professionals s&#8217;han format durant un mes i mig de forma semipresencial en conceptes&nbsp;b\u00e0sics&nbsp;d&#8217;energia, atenci\u00f3 social, comunicaci\u00f3,&nbsp;assessorament&nbsp;en els subministraments&nbsp;energ\u00e8tics&nbsp;i en canvis de comportament positius sobre l&#8217;\u00fas l&#8217;energia a la llar.<\/p>\n\n\n\n<p>Un cop completada la formaci\u00f3, les AED han assessorat a les persones usu\u00e0ries que han volgut participar en el projecte, acompanyant-les en un <strong>proc\u00e9s d&#8217;empoderament en l&#8217;\u00e0mbit energ\u00e8tic<\/strong> per lluitar contra les situacions de vulnerabilitat energ\u00e8tica en les que es troben.<\/p>\n\n\n\n<h4 class=\"wp-block-heading\"><strong>Impacte en l&#8217;estalvi energ\u00e8tic i millora de l&#8217;empoderament<\/strong><\/h4>\n\n\n\n<p>En total, s&#8217;han beneficiat del projecte <strong>12.482 persones<\/strong> a trav\u00e9s d&#8217;accions de participaci\u00f3 directa, esdeveniments&nbsp;divulgatius i accions de participaci\u00f3 indirecta,&nbsp;assessorades&nbsp;pels <strong>93 agents energ\u00e8tics dom\u00e8stics<\/strong> que han estat actius.<\/p>\n\n\n\n<p>De mitjana, s&#8217;ha aconseguit un <strong>estalvi&nbsp;energ\u00e8tic&nbsp;del 4,5%<\/strong> en les llars que s&#8217;han&nbsp;assessorat&nbsp;directament&nbsp;durant&nbsp;els sis mesos d&#8217;intervenci\u00f3. Un indicador molt positiu, sobretot tenint en compte que les llars en situaci\u00f3 de vulnerabilitat utilitzen menys energia que la mitjana de la poblaci\u00f3.<\/p>\n\n\n\n<p>Un altre factor destacat ha estat la millora de l&#8217;<strong>empoderament<\/strong> de les persones usu\u00e0ries quant al <strong>control<\/strong> de l&#8217;energia dom\u00e8stica. Les persones usu\u00e0ries han declarat una mitjana de millora del 3,9 en el factor d&#8217;empoderament.<\/p>\n\n\n\n<p>Finalment, s&#8217;ha constatat que una intervenci\u00f3 continuada en el temps i amb professionals que tenen un&nbsp;<strong>vincle&nbsp;emocional<\/strong> ja creat amb les persones usu\u00e0ries <strong>pot optimitzar l&#8217;assessorament&nbsp;energ\u00e8tic<\/strong>. Les persones usu\u00e0ries confien m\u00e9s en les&nbsp;professionals&nbsp;que&nbsp;les&nbsp;han assessorat, milloren els nivells de&nbsp;confort&nbsp;i al mateix temps estalvien en els costos dels subministraments.<\/p>\n\n\n\n<h4 class=\"wp-block-heading\"><strong>Els PAE i Energia Justa, en l&#8217;informe de l&#8217;Observat\u00f2ri Europeu de la Pobresa Energ\u00e8tica<\/strong><\/h4>\n\n\n\n<p>D&#8217;altra banda, l&#8217;<a rel=\"noreferrer noopener\" href=\"https:\/\/www.energypoverty.eu\/\" target=\"_blank\"><strong>Observatori Europeu sobre Pobresa Energ\u00e8tica<\/strong><\/a> EPOV ha publicat l&#8217;<a rel=\"noreferrer noopener\" href=\"https:\/\/op.europa.eu\/en\/publication-detail\/-\/publication\/b9a25ba4-9ef6-11ea-9d2d-01aa75ed71a1\/language-en?WT.mc_id=Searchresult&amp;WT.ria_c=37085&amp;WT.ria_f=3608&amp;WT.ria_ev\" target=\"_blank\">informe<\/a> del 2019 sobre la situaci\u00f3 en els Estats Membre. Entre les iniciatives implementades a Espanya, es recull el treball realitzat als <a href=\"https:\/\/abd.ong\/ca\/programes\/pae-punts-dassesorament-energetic\/\" target=\"_blank\" rel=\"noreferrer noopener\">Punts d&#8217;Assessorament Energ\u00e8tic<\/a> PAE, que en el seu primer any de servei- el 2017- van atendre 23.000 persones i van evitar el tall de subministraments en  5.000 casos. Igualment, entre les organitzacions m\u00e9s rellevants en l&#8217;\u00e0mbit de la pobresa energ\u00e8tica, destaca Fuel Poverty Group, ara <a href=\"https:\/\/energiajusta.org\/ca\/\" target=\"_blank\" rel=\"noreferrer noopener\">Energia Justa<\/a>.<\/p>\n\n\n\n<figure class=\"wp-block-image size-large is-resized\"><img fetchpriority=\"high\" decoding=\"async\" src=\"\/wp-content\/uploads\/2020\/06\/Screenshot-2020-06-25-at-13.02.21.png\" alt=\"\" class=\"wp-image-15831\" width=\"543\" height=\"440\" srcset=\"https:\/\/abd.ong\/wp-content\/uploads\/2020\/06\/Screenshot-2020-06-25-at-13.02.21.png 583w, https:\/\/abd.ong\/wp-content\/uploads\/2020\/06\/Screenshot-2020-06-25-at-13.02.21-300x243.png 300w\" sizes=\"(max-width: 543px) 100vw, 543px\" \/><\/figure>\n","protected":false},"excerpt":{"rendered":"<p>Durant tres anys, el projecte europeu ASSIST, amb participaci\u00f3 activa de l&#8217;Associaci\u00f3 Benestar i Desenvolupament ABD i coordinat a Espanya per Ecoserveis, s&#8217;ha portat a terme en sis pa\u00efsos amb&hellip;<\/p>\n","protected":false},"author":9,"featured_media":15828,"comment_status":"closed","ping_status":"closed","sticky":false,"template":"","format":"standard","meta":{"_acf_changed":false,"footnotes":""},"categories":[1290],"tags":[1912,268,1973,519,524],"class_list":["post-15836","post","type-post","status-publish","format-standard","has-post-thumbnail","hentry","category-desigualdad","tag-energia","tag-energia-justa","tag-estalvi-energetic","tag-punt-dassessorament-energetic","tag-punts-dassessorament-energetic"],"acf":[],"yoast_head":"<!-- This site is optimized with the Yoast SEO plugin v27.4 - https:\/\/yoast.com\/product\/yoast-seo-wordpress\/ -->\n<title>El projecte ASSIST, amb participaci\u00f3 d&#039;ABD, arriba a la seva fi amb 13.000 persones ateses i 93 professionals formats - ABD<\/title>\n<meta name=\"description\" content=\"Durant tres anys, el projecte europeu ASSIST, amb participaci\u00f3 activa de l&#039;Associaci\u00f3 Benestar i Desenvolupament ABD i coordinat a Espanya per Ecoserveis,\" \/>\n<meta name=\"robots\" content=\"index, follow, max-snippet:-1, max-image-preview:large, max-video-preview:-1\" \/>\n<link rel=\"canonical\" href=\"https:\/\/abd.ong\/ca\/desigualtat\/el-projecte-assist-amb-participacio-dabd-arriba-a-la-seva-fi-amb-13-000-persones-ateses-i-93-professionals-formats\/\" \/>\n<meta property=\"og:locale\" content=\"ca_ES\" \/>\n<meta property=\"og:type\" content=\"article\" \/>\n<meta property=\"og:title\" content=\"El projecte ASSIST, amb participaci\u00f3 d&#039;ABD, arriba a la seva fi amb 13.000 persones ateses i 93 professionals formats - ABD\" \/>\n<meta property=\"og:description\" content=\"Durant tres anys, el projecte europeu ASSIST, amb participaci\u00f3 activa de l&#039;Associaci\u00f3 Benestar i Desenvolupament ABD i coordinat a Espanya per Ecoserveis,\" \/>\n<meta property=\"og:url\" content=\"https:\/\/abd.ong\/ca\/desigualtat\/el-projecte-assist-amb-participacio-dabd-arriba-a-la-seva-fi-amb-13-000-persones-ateses-i-93-professionals-formats\/\" \/>\n<meta property=\"og:site_name\" content=\"ABD\" \/>\n<meta property=\"article:publisher\" content=\"https:\/\/www.facebook.com\/abd.ong\" \/>\n<meta property=\"article:published_time\" content=\"2020-06-25T14:29:20+00:00\" \/>\n<meta property=\"article:modified_time\" content=\"2022-05-18T10:17:39+00:00\" \/>\n<meta property=\"og:image\" content=\"https:\/\/abd.ong\/wp-content\/uploads\/2020\/06\/light-bulb-1407610.jpg\" \/>\n\t<meta property=\"og:image:width\" content=\"1920\" \/>\n\t<meta property=\"og:image:height\" content=\"1080\" \/>\n\t<meta property=\"og:image:type\" content=\"image\/jpeg\" \/>\n<meta name=\"author\" content=\"Maria Creixell\" \/>\n<meta name=\"twitter:card\" content=\"summary_large_image\" \/>\n<meta name=\"twitter:creator\" content=\"@abd_ong\" \/>\n<meta name=\"twitter:site\" content=\"@abd_ong\" \/>\n<meta name=\"twitter:label1\" content=\"Escrit per\" \/>\n\t<meta name=\"twitter:data1\" content=\"Maria Creixell\" \/>\n\t<meta name=\"twitter:label2\" content=\"Temps estimat de lectura\" \/>\n\t<meta name=\"twitter:data2\" content=\"4 minuts\" \/>\n<script type=\"application\/ld+json\" class=\"yoast-schema-graph\">{\"@context\":\"https:\\\/\\\/schema.org\",\"@graph\":[{\"@type\":\"Article\",\"@id\":\"https:\\\/\\\/abd.ong\\\/ca\\\/desigualtat\\\/el-projecte-assist-amb-participacio-dabd-arriba-a-la-seva-fi-amb-13-000-persones-ateses-i-93-professionals-formats\\\/#article\",\"isPartOf\":{\"@id\":\"https:\\\/\\\/abd.ong\\\/ca\\\/desigualtat\\\/el-projecte-assist-amb-participacio-dabd-arriba-a-la-seva-fi-amb-13-000-persones-ateses-i-93-professionals-formats\\\/\"},\"author\":{\"name\":\"Maria Creixell\",\"@id\":\"https:\\\/\\\/abd.ong\\\/ca\\\/#\\\/schema\\\/person\\\/d2e158b4173f683b3898e286f5b35a10\"},\"headline\":\"El projecte ASSIST, amb participaci\u00f3 d&#8217;ABD, arriba a la seva fi amb 13.000 persones ateses i 93 professionals formats\",\"datePublished\":\"2020-06-25T14:29:20+00:00\",\"dateModified\":\"2022-05-18T10:17:39+00:00\",\"mainEntityOfPage\":{\"@id\":\"https:\\\/\\\/abd.ong\\\/ca\\\/desigualtat\\\/el-projecte-assist-amb-participacio-dabd-arriba-a-la-seva-fi-amb-13-000-persones-ateses-i-93-professionals-formats\\\/\"},\"wordCount\":771,\"publisher\":{\"@id\":\"https:\\\/\\\/abd.ong\\\/ca\\\/#organization\"},\"image\":{\"@id\":\"https:\\\/\\\/abd.ong\\\/ca\\\/desigualtat\\\/el-projecte-assist-amb-participacio-dabd-arriba-a-la-seva-fi-amb-13-000-persones-ateses-i-93-professionals-formats\\\/#primaryimage\"},\"thumbnailUrl\":\"https:\\\/\\\/abd.ong\\\/wp-content\\\/uploads\\\/2020\\\/06\\\/light-bulb-1407610.jpg\",\"keywords\":[\"Energia\",\"Energia Justa\",\"Estalvi energ\u00e8tic\",\"Punt d'Assessorament Energ\u00e8tic\",\"Punts d'Assessorament Energ\u00e8tic\"],\"articleSection\":[\"Desigualdad\"],\"inLanguage\":\"ca\"},{\"@type\":\"WebPage\",\"@id\":\"https:\\\/\\\/abd.ong\\\/ca\\\/desigualtat\\\/el-projecte-assist-amb-participacio-dabd-arriba-a-la-seva-fi-amb-13-000-persones-ateses-i-93-professionals-formats\\\/\",\"url\":\"https:\\\/\\\/abd.ong\\\/ca\\\/desigualtat\\\/el-projecte-assist-amb-participacio-dabd-arriba-a-la-seva-fi-amb-13-000-persones-ateses-i-93-professionals-formats\\\/\",\"name\":\"El projecte ASSIST, amb participaci\u00f3 d'ABD, arriba a la seva fi amb 13.000 persones ateses i 93 professionals formats - ABD\",\"isPartOf\":{\"@id\":\"https:\\\/\\\/abd.ong\\\/ca\\\/#website\"},\"primaryImageOfPage\":{\"@id\":\"https:\\\/\\\/abd.ong\\\/ca\\\/desigualtat\\\/el-projecte-assist-amb-participacio-dabd-arriba-a-la-seva-fi-amb-13-000-persones-ateses-i-93-professionals-formats\\\/#primaryimage\"},\"image\":{\"@id\":\"https:\\\/\\\/abd.ong\\\/ca\\\/desigualtat\\\/el-projecte-assist-amb-participacio-dabd-arriba-a-la-seva-fi-amb-13-000-persones-ateses-i-93-professionals-formats\\\/#primaryimage\"},\"thumbnailUrl\":\"https:\\\/\\\/abd.ong\\\/wp-content\\\/uploads\\\/2020\\\/06\\\/light-bulb-1407610.jpg\",\"datePublished\":\"2020-06-25T14:29:20+00:00\",\"dateModified\":\"2022-05-18T10:17:39+00:00\",\"description\":\"Durant tres anys, el projecte europeu ASSIST, amb participaci\u00f3 activa de l'Associaci\u00f3 Benestar i Desenvolupament ABD i coordinat a Espanya per Ecoserveis,\",\"breadcrumb\":{\"@id\":\"https:\\\/\\\/abd.ong\\\/ca\\\/desigualtat\\\/el-projecte-assist-amb-participacio-dabd-arriba-a-la-seva-fi-amb-13-000-persones-ateses-i-93-professionals-formats\\\/#breadcrumb\"},\"inLanguage\":\"ca\",\"potentialAction\":[{\"@type\":\"ReadAction\",\"target\":[\"https:\\\/\\\/abd.ong\\\/ca\\\/desigualtat\\\/el-projecte-assist-amb-participacio-dabd-arriba-a-la-seva-fi-amb-13-000-persones-ateses-i-93-professionals-formats\\\/\"]}]},{\"@type\":\"ImageObject\",\"inLanguage\":\"ca\",\"@id\":\"https:\\\/\\\/abd.ong\\\/ca\\\/desigualtat\\\/el-projecte-assist-amb-participacio-dabd-arriba-a-la-seva-fi-amb-13-000-persones-ateses-i-93-professionals-formats\\\/#primaryimage\",\"url\":\"https:\\\/\\\/abd.ong\\\/wp-content\\\/uploads\\\/2020\\\/06\\\/light-bulb-1407610.jpg\",\"contentUrl\":\"https:\\\/\\\/abd.ong\\\/wp-content\\\/uploads\\\/2020\\\/06\\\/light-bulb-1407610.jpg\",\"width\":1920,\"height\":1080,\"caption\":\"electricidad bombillas\"},{\"@type\":\"BreadcrumbList\",\"@id\":\"https:\\\/\\\/abd.ong\\\/ca\\\/desigualtat\\\/el-projecte-assist-amb-participacio-dabd-arriba-a-la-seva-fi-amb-13-000-persones-ateses-i-93-professionals-formats\\\/#breadcrumb\",\"itemListElement\":[{\"@type\":\"ListItem\",\"position\":1,\"name\":\"Inici\",\"item\":\"https:\\\/\\\/abd.ong\\\/ca\\\/\"},{\"@type\":\"ListItem\",\"position\":2,\"name\":\"El projecte ASSIST, amb participaci\u00f3 d&#8217;ABD, arriba a la seva fi amb 13.000 persones ateses i 93 professionals formats\"}]},{\"@type\":\"WebSite\",\"@id\":\"https:\\\/\\\/abd.ong\\\/ca\\\/#website\",\"url\":\"https:\\\/\\\/abd.ong\\\/ca\\\/\",\"name\":\"ABD\",\"description\":\"Asociaci\u00f3n Bienestar y Desarrollo\",\"publisher\":{\"@id\":\"https:\\\/\\\/abd.ong\\\/ca\\\/#organization\"},\"potentialAction\":[{\"@type\":\"SearchAction\",\"target\":{\"@type\":\"EntryPoint\",\"urlTemplate\":\"https:\\\/\\\/abd.ong\\\/ca\\\/?s={search_term_string}\"},\"query-input\":{\"@type\":\"PropertyValueSpecification\",\"valueRequired\":true,\"valueName\":\"search_term_string\"}}],\"inLanguage\":\"ca\"},{\"@type\":\"Organization\",\"@id\":\"https:\\\/\\\/abd.ong\\\/ca\\\/#organization\",\"name\":\"Associaci\u00f3 Benestar i Desenvolupament\",\"alternateName\":\"ABD\",\"url\":\"https:\\\/\\\/abd.ong\\\/ca\\\/\",\"logo\":{\"@type\":\"ImageObject\",\"inLanguage\":\"ca\",\"@id\":\"https:\\\/\\\/abd.ong\\\/ca\\\/#\\\/schema\\\/logo\\\/image\\\/\",\"url\":\"https:\\\/\\\/abd.ong\\\/wp-content\\\/uploads\\\/2023\\\/01\\\/Icona.png\",\"contentUrl\":\"https:\\\/\\\/abd.ong\\\/wp-content\\\/uploads\\\/2023\\\/01\\\/Icona.png\",\"width\":190,\"height\":187,\"caption\":\"Associaci\u00f3 Benestar i Desenvolupament\"},\"image\":{\"@id\":\"https:\\\/\\\/abd.ong\\\/ca\\\/#\\\/schema\\\/logo\\\/image\\\/\"},\"sameAs\":[\"https:\\\/\\\/www.facebook.com\\\/abd.ong\",\"https:\\\/\\\/x.com\\\/abd_ong\",\"https:\\\/\\\/www.instagram.com\\\/abd_ong\\\/\",\"https:\\\/\\\/www.linkedin.com\\\/company\\\/abdong\",\"https:\\\/\\\/www.youtube.com\\\/user\\\/CANALABD\"]},{\"@type\":\"Person\",\"@id\":\"https:\\\/\\\/abd.ong\\\/ca\\\/#\\\/schema\\\/person\\\/d2e158b4173f683b3898e286f5b35a10\",\"name\":\"Maria Creixell\"}]}<\/script>\n<!-- \/ Yoast SEO plugin. -->","yoast_head_json":{"title":"El projecte ASSIST, amb participaci\u00f3 d'ABD, arriba a la seva fi amb 13.000 persones ateses i 93 professionals formats - ABD","description":"Durant tres anys, el projecte europeu ASSIST, amb participaci\u00f3 activa de l'Associaci\u00f3 Benestar i Desenvolupament ABD i coordinat a Espanya per Ecoserveis,","robots":{"index":"index","follow":"follow","max-snippet":"max-snippet:-1","max-image-preview":"max-image-preview:large","max-video-preview":"max-video-preview:-1"},"canonical":"https:\/\/abd.ong\/ca\/desigualtat\/el-projecte-assist-amb-participacio-dabd-arriba-a-la-seva-fi-amb-13-000-persones-ateses-i-93-professionals-formats\/","og_locale":"ca_ES","og_type":"article","og_title":"El projecte ASSIST, amb participaci\u00f3 d'ABD, arriba a la seva fi amb 13.000 persones ateses i 93 professionals formats - ABD","og_description":"Durant tres anys, el projecte europeu ASSIST, amb participaci\u00f3 activa de l'Associaci\u00f3 Benestar i Desenvolupament ABD i coordinat a Espanya per Ecoserveis,","og_url":"https:\/\/abd.ong\/ca\/desigualtat\/el-projecte-assist-amb-participacio-dabd-arriba-a-la-seva-fi-amb-13-000-persones-ateses-i-93-professionals-formats\/","og_site_name":"ABD","article_publisher":"https:\/\/www.facebook.com\/abd.ong","article_published_time":"2020-06-25T14:29:20+00:00","article_modified_time":"2022-05-18T10:17:39+00:00","og_image":[{"width":1920,"height":1080,"url":"https:\/\/abd.ong\/wp-content\/uploads\/2020\/06\/light-bulb-1407610.jpg","type":"image\/jpeg"}],"author":"Maria Creixell","twitter_card":"summary_large_image","twitter_creator":"@abd_ong","twitter_site":"@abd_ong","twitter_misc":{"Escrit per":"Maria Creixell","Temps estimat de lectura":"4 minuts"},"schema":{"@context":"https:\/\/schema.org","@graph":[{"@type":"Article","@id":"https:\/\/abd.ong\/ca\/desigualtat\/el-projecte-assist-amb-participacio-dabd-arriba-a-la-seva-fi-amb-13-000-persones-ateses-i-93-professionals-formats\/#article","isPartOf":{"@id":"https:\/\/abd.ong\/ca\/desigualtat\/el-projecte-assist-amb-participacio-dabd-arriba-a-la-seva-fi-amb-13-000-persones-ateses-i-93-professionals-formats\/"},"author":{"name":"Maria Creixell","@id":"https:\/\/abd.ong\/ca\/#\/schema\/person\/d2e158b4173f683b3898e286f5b35a10"},"headline":"El projecte ASSIST, amb participaci\u00f3 d&#8217;ABD, arriba a la seva fi amb 13.000 persones ateses i 93 professionals formats","datePublished":"2020-06-25T14:29:20+00:00","dateModified":"2022-05-18T10:17:39+00:00","mainEntityOfPage":{"@id":"https:\/\/abd.ong\/ca\/desigualtat\/el-projecte-assist-amb-participacio-dabd-arriba-a-la-seva-fi-amb-13-000-persones-ateses-i-93-professionals-formats\/"},"wordCount":771,"publisher":{"@id":"https:\/\/abd.ong\/ca\/#organization"},"image":{"@id":"https:\/\/abd.ong\/ca\/desigualtat\/el-projecte-assist-amb-participacio-dabd-arriba-a-la-seva-fi-amb-13-000-persones-ateses-i-93-professionals-formats\/#primaryimage"},"thumbnailUrl":"https:\/\/abd.ong\/wp-content\/uploads\/2020\/06\/light-bulb-1407610.jpg","keywords":["Energia","Energia Justa","Estalvi energ\u00e8tic","Punt d'Assessorament Energ\u00e8tic","Punts d'Assessorament Energ\u00e8tic"],"articleSection":["Desigualdad"],"inLanguage":"ca"},{"@type":"WebPage","@id":"https:\/\/abd.ong\/ca\/desigualtat\/el-projecte-assist-amb-participacio-dabd-arriba-a-la-seva-fi-amb-13-000-persones-ateses-i-93-professionals-formats\/","url":"https:\/\/abd.ong\/ca\/desigualtat\/el-projecte-assist-amb-participacio-dabd-arriba-a-la-seva-fi-amb-13-000-persones-ateses-i-93-professionals-formats\/","name":"El projecte ASSIST, amb participaci\u00f3 d'ABD, arriba a la seva fi amb 13.000 persones ateses i 93 professionals formats - ABD","isPartOf":{"@id":"https:\/\/abd.ong\/ca\/#website"},"primaryImageOfPage":{"@id":"https:\/\/abd.ong\/ca\/desigualtat\/el-projecte-assist-amb-participacio-dabd-arriba-a-la-seva-fi-amb-13-000-persones-ateses-i-93-professionals-formats\/#primaryimage"},"image":{"@id":"https:\/\/abd.ong\/ca\/desigualtat\/el-projecte-assist-amb-participacio-dabd-arriba-a-la-seva-fi-amb-13-000-persones-ateses-i-93-professionals-formats\/#primaryimage"},"thumbnailUrl":"https:\/\/abd.ong\/wp-content\/uploads\/2020\/06\/light-bulb-1407610.jpg","datePublished":"2020-06-25T14:29:20+00:00","dateModified":"2022-05-18T10:17:39+00:00","description":"Durant tres anys, el projecte europeu ASSIST, amb participaci\u00f3 activa de l'Associaci\u00f3 Benestar i Desenvolupament ABD i coordinat a Espanya per Ecoserveis,","breadcrumb":{"@id":"https:\/\/abd.ong\/ca\/desigualtat\/el-projecte-assist-amb-participacio-dabd-arriba-a-la-seva-fi-amb-13-000-persones-ateses-i-93-professionals-formats\/#breadcrumb"},"inLanguage":"ca","potentialAction":[{"@type":"ReadAction","target":["https:\/\/abd.ong\/ca\/desigualtat\/el-projecte-assist-amb-participacio-dabd-arriba-a-la-seva-fi-amb-13-000-persones-ateses-i-93-professionals-formats\/"]}]},{"@type":"ImageObject","inLanguage":"ca","@id":"https:\/\/abd.ong\/ca\/desigualtat\/el-projecte-assist-amb-participacio-dabd-arriba-a-la-seva-fi-amb-13-000-persones-ateses-i-93-professionals-formats\/#primaryimage","url":"https:\/\/abd.ong\/wp-content\/uploads\/2020\/06\/light-bulb-1407610.jpg","contentUrl":"https:\/\/abd.ong\/wp-content\/uploads\/2020\/06\/light-bulb-1407610.jpg","width":1920,"height":1080,"caption":"electricidad bombillas"},{"@type":"BreadcrumbList","@id":"https:\/\/abd.ong\/ca\/desigualtat\/el-projecte-assist-amb-participacio-dabd-arriba-a-la-seva-fi-amb-13-000-persones-ateses-i-93-professionals-formats\/#breadcrumb","itemListElement":[{"@type":"ListItem","position":1,"name":"Inici","item":"https:\/\/abd.ong\/ca\/"},{"@type":"ListItem","position":2,"name":"El projecte ASSIST, amb participaci\u00f3 d&#8217;ABD, arriba a la seva fi amb 13.000 persones ateses i 93 professionals formats"}]},{"@type":"WebSite","@id":"https:\/\/abd.ong\/ca\/#website","url":"https:\/\/abd.ong\/ca\/","name":"ABD","description":"Asociaci\u00f3n Bienestar y Desarrollo","publisher":{"@id":"https:\/\/abd.ong\/ca\/#organization"},"potentialAction":[{"@type":"SearchAction","target":{"@type":"EntryPoint","urlTemplate":"https:\/\/abd.ong\/ca\/?s={search_term_string}"},"query-input":{"@type":"PropertyValueSpecification","valueRequired":true,"valueName":"search_term_string"}}],"inLanguage":"ca"},{"@type":"Organization","@id":"https:\/\/abd.ong\/ca\/#organization","name":"Associaci\u00f3 Benestar i Desenvolupament","alternateName":"ABD","url":"https:\/\/abd.ong\/ca\/","logo":{"@type":"ImageObject","inLanguage":"ca","@id":"https:\/\/abd.ong\/ca\/#\/schema\/logo\/image\/","url":"https:\/\/abd.ong\/wp-content\/uploads\/2023\/01\/Icona.png","contentUrl":"https:\/\/abd.ong\/wp-content\/uploads\/2023\/01\/Icona.png","width":190,"height":187,"caption":"Associaci\u00f3 Benestar i Desenvolupament"},"image":{"@id":"https:\/\/abd.ong\/ca\/#\/schema\/logo\/image\/"},"sameAs":["https:\/\/www.facebook.com\/abd.ong","https:\/\/x.com\/abd_ong","https:\/\/www.instagram.com\/abd_ong\/","https:\/\/www.linkedin.com\/company\/abdong","https:\/\/www.youtube.com\/user\/CANALABD"]},{"@type":"Person","@id":"https:\/\/abd.ong\/ca\/#\/schema\/person\/d2e158b4173f683b3898e286f5b35a10","name":"Maria Creixell"}]}},"_links":{"self":[{"href":"https:\/\/abd.ong\/ca\/wp-json\/wp\/v2\/posts\/15836","targetHints":{"allow":["GET"]}}],"collection":[{"href":"https:\/\/abd.ong\/ca\/wp-json\/wp\/v2\/posts"}],"about":[{"href":"https:\/\/abd.ong\/ca\/wp-json\/wp\/v2\/types\/post"}],"author":[{"embeddable":true,"href":"https:\/\/abd.ong\/ca\/wp-json\/wp\/v2\/users\/9"}],"replies":[{"embeddable":true,"href":"https:\/\/abd.ong\/ca\/wp-json\/wp\/v2\/comments?post=15836"}],"version-history":[{"count":3,"href":"https:\/\/abd.ong\/ca\/wp-json\/wp\/v2\/posts\/15836\/revisions"}],"predecessor-version":[{"id":33112,"href":"https:\/\/abd.ong\/ca\/wp-json\/wp\/v2\/posts\/15836\/revisions\/33112"}],"wp:featuredmedia":[{"embeddable":true,"href":"https:\/\/abd.ong\/ca\/wp-json\/wp\/v2\/media\/15828"}],"wp:attachment":[{"href":"https:\/\/abd.ong\/ca\/wp-json\/wp\/v2\/media?parent=15836"}],"wp:term":[{"taxonomy":"category","embeddable":true,"href":"https:\/\/abd.ong\/ca\/wp-json\/wp\/v2\/categories?post=15836"},{"taxonomy":"post_tag","embeddable":true,"href":"https:\/\/abd.ong\/ca\/wp-json\/wp\/v2\/tags?post=15836"}],"curies":[{"name":"wp","href":"https:\/\/api.w.org\/{rel}","templated":true}]}}