{"id":15813,"date":"2020-06-23T11:42:06","date_gmt":"2020-06-23T09:42:06","guid":{"rendered":"https:\/\/abd.ong\/?p=15813"},"modified":"2021-02-17T19:11:17","modified_gmt":"2021-02-17T18:11:17","slug":"abd-als-mitjans-de-comunicacio-al-juny","status":"publish","type":"post","link":"https:\/\/abd.ong\/ca\/general-ca\/abd-als-mitjans-de-comunicacio-al-juny\/","title":{"rendered":"ABD als mitjans de comunicaci\u00f3 al juny"},"content":{"rendered":"\n<p>L\u2019<strong><a href=\"https:\/\/abd.ong\">Associaci\u00f3 Benestar i Desenvolupament<\/a>\u00a0(ABD)<\/strong>\u00a0ha estat present als mitjans de comunicaci\u00f3 durant aquest mes de juny. A continuaci\u00f3, el recull de premsa de les diverses not\u00edcies, articles i reportatges als quals hem format part com a entitat.<\/p>\n\n\n\n<p><strong>22\/6\/20 \u2013 Diari de l\u2019Hospitalet<\/strong><\/p>\n\n\n\n<p><em>Facilitar los recursos para poder cubrir lFacilitar els recursos per poder cobrir les necessitats b\u00e0siques de 600 fam\u00edlies en situaci\u00f3 de risc social arran de la crisi sanit\u00e0ria de la COVID_19, aquest \u00e9s l\u2019objectiu de la campanya #Joetveig.\u00a0<\/em><\/p>\n\n\n\n<p><a href=\"http:\/\/lhdigital.cat\/diarilh_digital\/357\/16\/index.html\" target=\"_blank\" rel=\"noreferrer noopener\"><strong>Campanya #Joetveig per als m\u00e9s vulnerables<\/strong><\/a><\/p>\n\n\n\n<p><strong>21\/6\/20 \u2013 P\u00fablic<\/strong><\/p>\n\n\n\n<p><em>&#8220;Ja ens costava arribar a final de mes, o sigui que quan va comen\u00e7ar el confinament, ens va costar el doble&#8221;.<\/em><\/p>\n\n\n\n<p><strong><a href=\"https:\/\/www.publico.es\/public\/sobreviure-pandemia-sense-cap-ingres.html\" target=\"_blank\" rel=\"noreferrer noopener\">Sobreviure a la pand\u00e8mia sense cap ingr\u00e9s<\/a><\/strong><\/p>\n\n\n\n<p><strong>19\/5\/20 \u2013 ESADE. Abriendo Miradas.<\/strong><\/p>\n\n\n\n<p><em>La pand\u00e8mia i el confinament han generat noves demandes de necessitats b\u00e0siques. \u00c0ngels Guiteras d&#8217;ABD ens explica quins projectes i campanyes han portat a terme per atendre aquestes necessitats.<\/em><\/p>\n\n\n\n<p><a href=\"https:\/\/cdnapisec.kaltura.com\/html5\/html5lib\/v2.82.5\/mwEmbedFrame.php\/p\/2439801\/uiconf_id\/43336111\/entry_id\/1_g0r3y8xg?wid=_2439801&amp;iframeembed=true&amp;playerId=kaltura_player&amp;entry_id=1_g0r3y8xg&amp;flashvars[streamerType]=auto&amp;flashvars[localizationCode]=es&amp;flashvars[leadWithHTML5]=true&amp;flashvars[sideBarContainer.plugin]=true&amp;flashvars[sideBarContainer.position]=left&amp;flashvars[sideBarContainer.clickToClose]=true&amp;flashvars[chapters.plugin]=true&amp;flashvars[chapters.layout]=vertical&amp;flashvars[chapters.thumbnailRotator]=false&amp;flashvars[streamSelector.plugin]=true&amp;flashvars[EmbedPlayer.SpinnerTarget]=videoHolder&amp;flashvars[dualScreen.plugin]=true&amp;flashvars[hotspots.plugin]=1&amp;flashvars[Kaltura.addCrossoriginToIframe]=true&amp;&amp;wid=1_yjv1nqrr\"><strong>\u00c0ngels Guiteras &#8211; Gerent <\/strong><\/a><strong><a rel=\"noreferrer noopener\" href=\"https:\/\/cdnapisec.kaltura.com\/html5\/html5lib\/v2.82.5\/mwEmbedFrame.php\/p\/2439801\/uiconf_id\/43336111\/entry_id\/1_g0r3y8xg?wid=_2439801&amp;iframeembed=true&amp;playerId=kaltura_player&amp;entry_id=1_g0r3y8xg&amp;flashvars[streamerType]=auto&amp;flashvars[localizationCode]=es&amp;flashvars[leadWithHTML5]=true&amp;flashvars[sideBarContainer.plugin]=true&amp;flashvars[sideBarContainer.position]=left&amp;flashvars[sideBarContainer.clickToClose]=true&amp;flashvars[chapters.plugin]=true&amp;flashvars[chapters.layout]=vertical&amp;flashvars[chapters.thumbnailRotator]=false&amp;flashvars[streamSelector.plugin]=true&amp;flashvars[EmbedPlayer.SpinnerTarget]=videoHolder&amp;flashvars[dualScreen.plugin]=true&amp;flashvars[hotspots.plugin]=1&amp;flashvars[Kaltura.addCrossoriginToIframe]=true&amp;&amp;wid=1_yjv1nqrr\" target=\"_blank\">d<\/a><\/strong><a href=\"https:\/\/cdnapisec.kaltura.com\/html5\/html5lib\/v2.82.5\/mwEmbedFrame.php\/p\/2439801\/uiconf_id\/43336111\/entry_id\/1_g0r3y8xg?wid=_2439801&amp;iframeembed=true&amp;playerId=kaltura_player&amp;entry_id=1_g0r3y8xg&amp;flashvars[streamerType]=auto&amp;flashvars[localizationCode]=es&amp;flashvars[leadWithHTML5]=true&amp;flashvars[sideBarContainer.plugin]=true&amp;flashvars[sideBarContainer.position]=left&amp;flashvars[sideBarContainer.clickToClose]=true&amp;flashvars[chapters.plugin]=true&amp;flashvars[chapters.layout]=vertical&amp;flashvars[chapters.thumbnailRotator]=false&amp;flashvars[streamSelector.plugin]=true&amp;flashvars[EmbedPlayer.SpinnerTarget]=videoHolder&amp;flashvars[dualScreen.plugin]=true&amp;flashvars[hotspots.plugin]=1&amp;flashvars[Kaltura.addCrossoriginToIframe]=true&amp;&amp;wid=1_yjv1nqrr\"><strong>&#8216;<\/strong><\/a><strong><a rel=\"noreferrer noopener\" href=\"https:\/\/cdnapisec.kaltura.com\/html5\/html5lib\/v2.82.5\/mwEmbedFrame.php\/p\/2439801\/uiconf_id\/43336111\/entry_id\/1_g0r3y8xg?wid=_2439801&amp;iframeembed=true&amp;playerId=kaltura_player&amp;entry_id=1_g0r3y8xg&amp;flashvars[streamerType]=auto&amp;flashvars[localizationCode]=es&amp;flashvars[leadWithHTML5]=true&amp;flashvars[sideBarContainer.plugin]=true&amp;flashvars[sideBarContainer.position]=left&amp;flashvars[sideBarContainer.clickToClose]=true&amp;flashvars[chapters.plugin]=true&amp;flashvars[chapters.layout]=vertical&amp;flashvars[chapters.thumbnailRotator]=false&amp;flashvars[streamSelector.plugin]=true&amp;flashvars[EmbedPlayer.SpinnerTarget]=videoHolder&amp;flashvars[dualScreen.plugin]=true&amp;flashvars[hotspots.plugin]=1&amp;flashvars[Kaltura.addCrossoriginToIframe]=true&amp;&amp;wid=1_yjv1nqrr\" target=\"_blank\">ABD<\/a><\/strong><\/p>\n\n\n\n<p><strong>18\/5\/20 \u2013 La Raz\u00f3n<\/strong><\/p>\n\n\n\n<p><em>Milers de persones en desamparament no poden optar a aquesta ajuda perqu\u00e8 no compleixen els seus requisits: no tenen papers, l&#8217;any passat s\u00ed que tenien ingressos o s\u00f3n menors de 23 anys que no porten tres anys independitzats.<\/em><\/p>\n\n\n\n<p><a href=\"https:\/\/www.larazon.es\/economia\/20200621\/4p7mqjs7xvfynalonrvbk7fyvu.html\" target=\"_blank\" rel=\"noreferrer noopener\"><strong>Los olvidados del ingreso m\u00ednimo vital<\/strong><\/a><\/p>\n\n\n\n<p><strong>17\/6\/20 \u2013 RNE. Radio 5<\/strong><\/p>\n\n\n\n<p><em>Els joves de 18 a 23 anys, persones sense perm\u00eds de resid\u00e8ncia, persones sense llar, v\u00eddues que mai hagin cotitzat&#8230; i fins i tot, dos de cada tres nens i altres col\u00b7lectius especialment vulnerables, com les persones amb discapacitat. Tots ells queden fora dels requisits per percebre l&#8217;Ingr\u00e9s M\u00ednim Vital.<\/em><\/p>\n\n\n\n<p><a href=\"https:\/\/www.rtve.es\/alacarta\/audios\/todo-noticias-manana\/excluidos-del-ingreso-minimo-vital\/5597837\/\" target=\"_blank\" rel=\"noreferrer noopener\"><strong>Los excluidos del Ingreso M\u00ednimo Vital<\/strong><\/a><\/p>\n\n\n\n<p><strong>12\/6\/2020 &#8211; L\u2019Hospitalet digital<\/strong><\/p>\n\n\n\n<p><em>Despr\u00e9s d\u2019una bona arrencada, amb 10.000 euros en els primers dies, ara volen donar una nova embranzida per assolir la xifra total de 60.000 euros.<\/em><\/p>\n\n\n\n<p><a href=\"https:\/\/lhdigital.cat\/web\/digital-h\/noticia\/societat\/-\/journal_content\/56_INSTANCE_43Th\/11023\/14915488\"><strong>L&#8217;entitat ABD reitera la crida a la solidaritat ciutadana<\/strong><\/a><\/p>\n\n\n\n<p><strong>10\/6\/20 \u2013 Cadena Ser<\/strong><\/p>\n\n\n\n<p><em>A m\u00e9s, el confinament a casa ha incrementat el consum de l&#8217;alcohol i el tabac per\u00f2 tamb\u00e9 de la marihuana pels seus efectes de vegades tranquil\u00b7litzants.\u00a0<\/em><\/p>\n\n\n\n<p><a href=\"https:\/\/cadenaser.com\/emisora\/2020\/06\/10\/sercat\/1591769988_258496.html\" target=\"_blank\" rel=\"noreferrer noopener\"><strong>La marihuana \u00e9s la droga del confinament<\/strong><\/a><\/p>\n\n\n\n<p><strong>08\/6\/20 &#8211; Catalunya Radio. La Nit dels Ignorants.<\/strong><\/p>\n\n\n\n<p><em>Por primera vez en sus 40 a\u00f1oPer primera vegada en els seus 40 anys d&#8217;hist\u00f2ria, l&#8217;Associaci\u00f3 Benestar i Desenvolupament ha posat en marxa un programa d&#8217;ajudes per fer front a les despeses de lloguer, de subministraments energ\u00e8tics, alimentaci\u00f3 i higiene de persones i fam\u00edlies que han perdut la feina i no tenen estalvis.\u00a0 <\/em><\/p>\n\n\n\n<p><a href=\"https:\/\/www.ccma.cat\/catradio\/alacarta\/la-nit-dels-ignorants\/nausica-castello-amb-la-campanya-josietveig-esperem-ajudar-unes-600-persones-de-forma-urgent\/audio\/1072521\/\"><strong>Nausica Castell\u00f3: &#8220;Amb la campanya #Josetveig esperem ajudar unes 600 persones de forma urgent&#8221;<\/strong><\/a><\/p>\n\n\n\n<p><strong>05\/06\/20 \u2013 La Vanguardia<\/strong><\/p>\n\n\n\n<p><em>\u201cQuan va venir la Covid, ja est\u00e0vem veient moltes necessitats lacerants d&#8217;usuaris habituals i altres persones que no s&#8217;havien recuperat dels efectes de deu anys de crisi i desigualtat. Ve la Covid, i \u00e9s una crisi sanit\u00e0ria, social i econ\u00f2mic. El tema social ha estat molt invisibilitzat\u201d.<\/em><\/p>\n\n\n\n<p><a href=\"https:\/\/www.lavanguardia.com\/vida\/20200605\/481602152209\/sacar-a-la-luz-los-confinamientos-invisibles.html\"><strong>Sacar a la luz los \u2018confinamientos invisibles\u2019<\/strong><\/a><\/p>\n\n\n\n<p><strong>04\/06\/20 \u2013 La Vanguardia<\/strong><\/p>\n\n\n\n<p><em>&#8220;Tot i que l&#8217;IMV \u00e9s un pas important en el cam\u00ed cap a l&#8217;erradicaci\u00f3 de la pobresa i permetr\u00e0 a moltes fam\u00edlies completar els seus ingressos, segueix deixant al marge a prop del 75% de les fam\u00edlies que estan en algun dels programes d&#8217;ABD a Catalunya o Madrid&#8221;, ha assenyalat l&#8217;ONG.<\/em><\/p>\n\n\n\n<p><a href=\"https:\/\/www.lavanguardia.com\/vida\/20200604\/481596961515\/entidad-social-avisa-que-75--de-familias-atendidas-siguen-sin-ningun-ingreso.html\"><strong>Entidad social avisa que 75 % de familias atendidas siguen sin ning\u00fan ingreso<\/strong><\/a><\/p>\n\n\n\n<p><strong>03\/6\/20 \u2013 ElDiario.es<\/strong><\/p>\n\n\n\n<p><em>M\u00e9s de vint entitats que assisteixen a usuaris de drogues han demanat a la Generalitat de Catalunya i a l&#8217;Ag\u00e8ncia Espanyola del Medicament que implementi un programa de dispensaci\u00f3 d&#8217;hero\u00efna per als seus consumidors davant les dificultats que estan patint per la Covid-19.<\/em><\/p>\n\n\n\n<p><a href=\"https:\/\/www.eldiario.es\/catalunya\/profesionales-entidades-drogodependientes-govern-dispense_1_6040403.html\"><strong>Profesionales y entidades de ayuda a drogodependientes piden al Govern que dispense hero\u00edna<\/strong><\/a><\/p>\n\n\n\n<p><strong>02\/6\/20 &#8211; Diari ARA<\/strong><\/p>\n\n\n\n<p><em>Avui el perill no sembla que sigui el neoliberalisme, sin\u00f3 que el nou perill t\u00e9 un altre nom: estatisme.<\/em><\/p>\n\n\n\n<p><a href=\"https:\/\/www.ara.cat\/opinio\/angels-guiteras-resposta-crisi-societat-civil-forta-coronavirus-covid-19_129_1148109.html\"><strong>La resposta a la crisi: una societat civil forta<\/strong><\/a><\/p>\n","protected":false},"excerpt":{"rendered":"<p>L\u2019Associaci\u00f3 Benestar i Desenvolupament\u00a0(ABD)\u00a0ha estat present als mitjans de comunicaci\u00f3 durant aquest mes de juny. A continuaci\u00f3, el recull de premsa de les diverses not\u00edcies, articles i reportatges als quals&hellip;<\/p>\n","protected":false},"author":2,"featured_media":14666,"comment_status":"closed","ping_status":"closed","sticky":false,"template":"","format":"standard","meta":{"_acf_changed":false,"footnotes":""},"categories":[66],"tags":[1257,175,125,1919,1967,1968],"class_list":["post-15813","post","type-post","status-publish","format-standard","has-post-thumbnail","hentry","category-general-ca","tag-desigualtat-ca-2","tag-drogas-ca","tag-drogues","tag-joetveig","tag-mitjans-de-com","tag-premsa"],"acf":[],"yoast_head":"<!-- This site is optimized with the Yoast SEO plugin v27.4 - https:\/\/yoast.com\/product\/yoast-seo-wordpress\/ -->\n<title>ABD als mitjans de comunicaci\u00f3 al juny - ABD<\/title>\n<meta name=\"description\" content=\"L\u2019Associaci\u00f3 Benestar i Desenvolupament\u00a0(ABD)\u00a0ha estat present als mitjans de comunicaci\u00f3 durant aquest mes de juny. A continuaci\u00f3, el recull de premsa de\" \/>\n<meta name=\"robots\" content=\"index, follow, max-snippet:-1, max-image-preview:large, max-video-preview:-1\" \/>\n<link rel=\"canonical\" href=\"https:\/\/abd.ong\/ca\/general-ca\/abd-als-mitjans-de-comunicacio-al-juny\/\" \/>\n<meta property=\"og:locale\" content=\"ca_ES\" \/>\n<meta property=\"og:type\" content=\"article\" \/>\n<meta property=\"og:title\" content=\"ABD als mitjans de comunicaci\u00f3 al juny - ABD\" \/>\n<meta property=\"og:description\" content=\"L\u2019Associaci\u00f3 Benestar i Desenvolupament\u00a0(ABD)\u00a0ha estat present als mitjans de comunicaci\u00f3 durant aquest mes de juny. A continuaci\u00f3, el recull de premsa de\" \/>\n<meta property=\"og:url\" content=\"https:\/\/abd.ong\/ca\/general-ca\/abd-als-mitjans-de-comunicacio-al-juny\/\" \/>\n<meta property=\"og:site_name\" content=\"ABD\" \/>\n<meta property=\"article:publisher\" content=\"https:\/\/www.facebook.com\/abd.ong\" \/>\n<meta property=\"article:published_time\" content=\"2020-06-23T09:42:06+00:00\" \/>\n<meta property=\"article:modified_time\" content=\"2021-02-17T18:11:17+00:00\" \/>\n<meta property=\"og:image\" content=\"https:\/\/abd.ong\/wp-content\/uploads\/2020\/05\/old-tv-1149416_1920.jpg\" \/>\n\t<meta property=\"og:image:width\" content=\"1919\" \/>\n\t<meta property=\"og:image:height\" content=\"977\" \/>\n\t<meta property=\"og:image:type\" content=\"image\/jpeg\" \/>\n<meta name=\"author\" content=\"Enric Guinart\" \/>\n<meta name=\"twitter:card\" content=\"summary_large_image\" \/>\n<meta name=\"twitter:creator\" content=\"@abd_ong\" \/>\n<meta name=\"twitter:site\" content=\"@abd_ong\" \/>\n<meta name=\"twitter:label1\" content=\"Escrit per\" \/>\n\t<meta name=\"twitter:data1\" content=\"Enric Guinart\" \/>\n\t<meta name=\"twitter:label2\" content=\"Temps estimat de lectura\" \/>\n\t<meta name=\"twitter:data2\" content=\"3 minuts\" \/>\n<script type=\"application\/ld+json\" class=\"yoast-schema-graph\">{\"@context\":\"https:\\\/\\\/schema.org\",\"@graph\":[{\"@type\":\"Article\",\"@id\":\"https:\\\/\\\/abd.ong\\\/ca\\\/general-ca\\\/abd-als-mitjans-de-comunicacio-al-juny\\\/#article\",\"isPartOf\":{\"@id\":\"https:\\\/\\\/abd.ong\\\/ca\\\/general-ca\\\/abd-als-mitjans-de-comunicacio-al-juny\\\/\"},\"author\":{\"name\":\"Enric Guinart\",\"@id\":\"https:\\\/\\\/abd.ong\\\/ca\\\/#\\\/schema\\\/person\\\/d0f5fe279a7ad908de6a6d1332bfd7d8\"},\"headline\":\"ABD als mitjans de comunicaci\u00f3 al juny\",\"datePublished\":\"2020-06-23T09:42:06+00:00\",\"dateModified\":\"2021-02-17T18:11:17+00:00\",\"mainEntityOfPage\":{\"@id\":\"https:\\\/\\\/abd.ong\\\/ca\\\/general-ca\\\/abd-als-mitjans-de-comunicacio-al-juny\\\/\"},\"wordCount\":667,\"publisher\":{\"@id\":\"https:\\\/\\\/abd.ong\\\/ca\\\/#organization\"},\"image\":{\"@id\":\"https:\\\/\\\/abd.ong\\\/ca\\\/general-ca\\\/abd-als-mitjans-de-comunicacio-al-juny\\\/#primaryimage\"},\"thumbnailUrl\":\"https:\\\/\\\/abd.ong\\\/wp-content\\\/uploads\\\/2020\\\/05\\\/old-tv-1149416_1920.jpg\",\"keywords\":[\"desigualtat\",\"drogas\",\"drogues\",\"Joetveig\",\"mitjans de com\",\"premsa\"],\"articleSection\":[\"General\"],\"inLanguage\":\"ca\"},{\"@type\":\"WebPage\",\"@id\":\"https:\\\/\\\/abd.ong\\\/ca\\\/general-ca\\\/abd-als-mitjans-de-comunicacio-al-juny\\\/\",\"url\":\"https:\\\/\\\/abd.ong\\\/ca\\\/general-ca\\\/abd-als-mitjans-de-comunicacio-al-juny\\\/\",\"name\":\"ABD als mitjans de comunicaci\u00f3 al juny - ABD\",\"isPartOf\":{\"@id\":\"https:\\\/\\\/abd.ong\\\/ca\\\/#website\"},\"primaryImageOfPage\":{\"@id\":\"https:\\\/\\\/abd.ong\\\/ca\\\/general-ca\\\/abd-als-mitjans-de-comunicacio-al-juny\\\/#primaryimage\"},\"image\":{\"@id\":\"https:\\\/\\\/abd.ong\\\/ca\\\/general-ca\\\/abd-als-mitjans-de-comunicacio-al-juny\\\/#primaryimage\"},\"thumbnailUrl\":\"https:\\\/\\\/abd.ong\\\/wp-content\\\/uploads\\\/2020\\\/05\\\/old-tv-1149416_1920.jpg\",\"datePublished\":\"2020-06-23T09:42:06+00:00\",\"dateModified\":\"2021-02-17T18:11:17+00:00\",\"description\":\"L\u2019Associaci\u00f3 Benestar i Desenvolupament\u00a0(ABD)\u00a0ha estat present als mitjans de comunicaci\u00f3 durant aquest mes de juny. A continuaci\u00f3, el recull de premsa de\",\"breadcrumb\":{\"@id\":\"https:\\\/\\\/abd.ong\\\/ca\\\/general-ca\\\/abd-als-mitjans-de-comunicacio-al-juny\\\/#breadcrumb\"},\"inLanguage\":\"ca\",\"potentialAction\":[{\"@type\":\"ReadAction\",\"target\":[\"https:\\\/\\\/abd.ong\\\/ca\\\/general-ca\\\/abd-als-mitjans-de-comunicacio-al-juny\\\/\"]}]},{\"@type\":\"ImageObject\",\"inLanguage\":\"ca\",\"@id\":\"https:\\\/\\\/abd.ong\\\/ca\\\/general-ca\\\/abd-als-mitjans-de-comunicacio-al-juny\\\/#primaryimage\",\"url\":\"https:\\\/\\\/abd.ong\\\/wp-content\\\/uploads\\\/2020\\\/05\\\/old-tv-1149416_1920.jpg\",\"contentUrl\":\"https:\\\/\\\/abd.ong\\\/wp-content\\\/uploads\\\/2020\\\/05\\\/old-tv-1149416_1920.jpg\",\"width\":1919,\"height\":977,\"caption\":\"medios de comunicaci\u00f3n\"},{\"@type\":\"BreadcrumbList\",\"@id\":\"https:\\\/\\\/abd.ong\\\/ca\\\/general-ca\\\/abd-als-mitjans-de-comunicacio-al-juny\\\/#breadcrumb\",\"itemListElement\":[{\"@type\":\"ListItem\",\"position\":1,\"name\":\"Inici\",\"item\":\"https:\\\/\\\/abd.ong\\\/ca\\\/\"},{\"@type\":\"ListItem\",\"position\":2,\"name\":\"ABD als mitjans de comunicaci\u00f3 al juny\"}]},{\"@type\":\"WebSite\",\"@id\":\"https:\\\/\\\/abd.ong\\\/ca\\\/#website\",\"url\":\"https:\\\/\\\/abd.ong\\\/ca\\\/\",\"name\":\"ABD\",\"description\":\"Asociaci\u00f3n Bienestar y Desarrollo\",\"publisher\":{\"@id\":\"https:\\\/\\\/abd.ong\\\/ca\\\/#organization\"},\"potentialAction\":[{\"@type\":\"SearchAction\",\"target\":{\"@type\":\"EntryPoint\",\"urlTemplate\":\"https:\\\/\\\/abd.ong\\\/ca\\\/?s={search_term_string}\"},\"query-input\":{\"@type\":\"PropertyValueSpecification\",\"valueRequired\":true,\"valueName\":\"search_term_string\"}}],\"inLanguage\":\"ca\"},{\"@type\":\"Organization\",\"@id\":\"https:\\\/\\\/abd.ong\\\/ca\\\/#organization\",\"name\":\"Associaci\u00f3 Benestar i Desenvolupament\",\"alternateName\":\"ABD\",\"url\":\"https:\\\/\\\/abd.ong\\\/ca\\\/\",\"logo\":{\"@type\":\"ImageObject\",\"inLanguage\":\"ca\",\"@id\":\"https:\\\/\\\/abd.ong\\\/ca\\\/#\\\/schema\\\/logo\\\/image\\\/\",\"url\":\"https:\\\/\\\/abd.ong\\\/wp-content\\\/uploads\\\/2023\\\/01\\\/Icona.png\",\"contentUrl\":\"https:\\\/\\\/abd.ong\\\/wp-content\\\/uploads\\\/2023\\\/01\\\/Icona.png\",\"width\":190,\"height\":187,\"caption\":\"Associaci\u00f3 Benestar i Desenvolupament\"},\"image\":{\"@id\":\"https:\\\/\\\/abd.ong\\\/ca\\\/#\\\/schema\\\/logo\\\/image\\\/\"},\"sameAs\":[\"https:\\\/\\\/www.facebook.com\\\/abd.ong\",\"https:\\\/\\\/x.com\\\/abd_ong\",\"https:\\\/\\\/www.instagram.com\\\/abd_ong\\\/\",\"https:\\\/\\\/www.linkedin.com\\\/company\\\/abdong\",\"https:\\\/\\\/www.youtube.com\\\/user\\\/CANALABD\"]},{\"@type\":\"Person\",\"@id\":\"https:\\\/\\\/abd.ong\\\/ca\\\/#\\\/schema\\\/person\\\/d0f5fe279a7ad908de6a6d1332bfd7d8\",\"name\":\"Enric Guinart\"}]}<\/script>\n<!-- \/ Yoast SEO plugin. -->","yoast_head_json":{"title":"ABD als mitjans de comunicaci\u00f3 al juny - ABD","description":"L\u2019Associaci\u00f3 Benestar i Desenvolupament\u00a0(ABD)\u00a0ha estat present als mitjans de comunicaci\u00f3 durant aquest mes de juny. A continuaci\u00f3, el recull de premsa de","robots":{"index":"index","follow":"follow","max-snippet":"max-snippet:-1","max-image-preview":"max-image-preview:large","max-video-preview":"max-video-preview:-1"},"canonical":"https:\/\/abd.ong\/ca\/general-ca\/abd-als-mitjans-de-comunicacio-al-juny\/","og_locale":"ca_ES","og_type":"article","og_title":"ABD als mitjans de comunicaci\u00f3 al juny - ABD","og_description":"L\u2019Associaci\u00f3 Benestar i Desenvolupament\u00a0(ABD)\u00a0ha estat present als mitjans de comunicaci\u00f3 durant aquest mes de juny. A continuaci\u00f3, el recull de premsa de","og_url":"https:\/\/abd.ong\/ca\/general-ca\/abd-als-mitjans-de-comunicacio-al-juny\/","og_site_name":"ABD","article_publisher":"https:\/\/www.facebook.com\/abd.ong","article_published_time":"2020-06-23T09:42:06+00:00","article_modified_time":"2021-02-17T18:11:17+00:00","og_image":[{"width":1919,"height":977,"url":"https:\/\/abd.ong\/wp-content\/uploads\/2020\/05\/old-tv-1149416_1920.jpg","type":"image\/jpeg"}],"author":"Enric Guinart","twitter_card":"summary_large_image","twitter_creator":"@abd_ong","twitter_site":"@abd_ong","twitter_misc":{"Escrit per":"Enric Guinart","Temps estimat de lectura":"3 minuts"},"schema":{"@context":"https:\/\/schema.org","@graph":[{"@type":"Article","@id":"https:\/\/abd.ong\/ca\/general-ca\/abd-als-mitjans-de-comunicacio-al-juny\/#article","isPartOf":{"@id":"https:\/\/abd.ong\/ca\/general-ca\/abd-als-mitjans-de-comunicacio-al-juny\/"},"author":{"name":"Enric Guinart","@id":"https:\/\/abd.ong\/ca\/#\/schema\/person\/d0f5fe279a7ad908de6a6d1332bfd7d8"},"headline":"ABD als mitjans de comunicaci\u00f3 al juny","datePublished":"2020-06-23T09:42:06+00:00","dateModified":"2021-02-17T18:11:17+00:00","mainEntityOfPage":{"@id":"https:\/\/abd.ong\/ca\/general-ca\/abd-als-mitjans-de-comunicacio-al-juny\/"},"wordCount":667,"publisher":{"@id":"https:\/\/abd.ong\/ca\/#organization"},"image":{"@id":"https:\/\/abd.ong\/ca\/general-ca\/abd-als-mitjans-de-comunicacio-al-juny\/#primaryimage"},"thumbnailUrl":"https:\/\/abd.ong\/wp-content\/uploads\/2020\/05\/old-tv-1149416_1920.jpg","keywords":["desigualtat","drogas","drogues","Joetveig","mitjans de com","premsa"],"articleSection":["General"],"inLanguage":"ca"},{"@type":"WebPage","@id":"https:\/\/abd.ong\/ca\/general-ca\/abd-als-mitjans-de-comunicacio-al-juny\/","url":"https:\/\/abd.ong\/ca\/general-ca\/abd-als-mitjans-de-comunicacio-al-juny\/","name":"ABD als mitjans de comunicaci\u00f3 al juny - ABD","isPartOf":{"@id":"https:\/\/abd.ong\/ca\/#website"},"primaryImageOfPage":{"@id":"https:\/\/abd.ong\/ca\/general-ca\/abd-als-mitjans-de-comunicacio-al-juny\/#primaryimage"},"image":{"@id":"https:\/\/abd.ong\/ca\/general-ca\/abd-als-mitjans-de-comunicacio-al-juny\/#primaryimage"},"thumbnailUrl":"https:\/\/abd.ong\/wp-content\/uploads\/2020\/05\/old-tv-1149416_1920.jpg","datePublished":"2020-06-23T09:42:06+00:00","dateModified":"2021-02-17T18:11:17+00:00","description":"L\u2019Associaci\u00f3 Benestar i Desenvolupament\u00a0(ABD)\u00a0ha estat present als mitjans de comunicaci\u00f3 durant aquest mes de juny. A continuaci\u00f3, el recull de premsa de","breadcrumb":{"@id":"https:\/\/abd.ong\/ca\/general-ca\/abd-als-mitjans-de-comunicacio-al-juny\/#breadcrumb"},"inLanguage":"ca","potentialAction":[{"@type":"ReadAction","target":["https:\/\/abd.ong\/ca\/general-ca\/abd-als-mitjans-de-comunicacio-al-juny\/"]}]},{"@type":"ImageObject","inLanguage":"ca","@id":"https:\/\/abd.ong\/ca\/general-ca\/abd-als-mitjans-de-comunicacio-al-juny\/#primaryimage","url":"https:\/\/abd.ong\/wp-content\/uploads\/2020\/05\/old-tv-1149416_1920.jpg","contentUrl":"https:\/\/abd.ong\/wp-content\/uploads\/2020\/05\/old-tv-1149416_1920.jpg","width":1919,"height":977,"caption":"medios de comunicaci\u00f3n"},{"@type":"BreadcrumbList","@id":"https:\/\/abd.ong\/ca\/general-ca\/abd-als-mitjans-de-comunicacio-al-juny\/#breadcrumb","itemListElement":[{"@type":"ListItem","position":1,"name":"Inici","item":"https:\/\/abd.ong\/ca\/"},{"@type":"ListItem","position":2,"name":"ABD als mitjans de comunicaci\u00f3 al juny"}]},{"@type":"WebSite","@id":"https:\/\/abd.ong\/ca\/#website","url":"https:\/\/abd.ong\/ca\/","name":"ABD","description":"Asociaci\u00f3n Bienestar y Desarrollo","publisher":{"@id":"https:\/\/abd.ong\/ca\/#organization"},"potentialAction":[{"@type":"SearchAction","target":{"@type":"EntryPoint","urlTemplate":"https:\/\/abd.ong\/ca\/?s={search_term_string}"},"query-input":{"@type":"PropertyValueSpecification","valueRequired":true,"valueName":"search_term_string"}}],"inLanguage":"ca"},{"@type":"Organization","@id":"https:\/\/abd.ong\/ca\/#organization","name":"Associaci\u00f3 Benestar i Desenvolupament","alternateName":"ABD","url":"https:\/\/abd.ong\/ca\/","logo":{"@type":"ImageObject","inLanguage":"ca","@id":"https:\/\/abd.ong\/ca\/#\/schema\/logo\/image\/","url":"https:\/\/abd.ong\/wp-content\/uploads\/2023\/01\/Icona.png","contentUrl":"https:\/\/abd.ong\/wp-content\/uploads\/2023\/01\/Icona.png","width":190,"height":187,"caption":"Associaci\u00f3 Benestar i Desenvolupament"},"image":{"@id":"https:\/\/abd.ong\/ca\/#\/schema\/logo\/image\/"},"sameAs":["https:\/\/www.facebook.com\/abd.ong","https:\/\/x.com\/abd_ong","https:\/\/www.instagram.com\/abd_ong\/","https:\/\/www.linkedin.com\/company\/abdong","https:\/\/www.youtube.com\/user\/CANALABD"]},{"@type":"Person","@id":"https:\/\/abd.ong\/ca\/#\/schema\/person\/d0f5fe279a7ad908de6a6d1332bfd7d8","name":"Enric Guinart"}]}},"_links":{"self":[{"href":"https:\/\/abd.ong\/ca\/wp-json\/wp\/v2\/posts\/15813","targetHints":{"allow":["GET"]}}],"collection":[{"href":"https:\/\/abd.ong\/ca\/wp-json\/wp\/v2\/posts"}],"about":[{"href":"https:\/\/abd.ong\/ca\/wp-json\/wp\/v2\/types\/post"}],"author":[{"embeddable":true,"href":"https:\/\/abd.ong\/ca\/wp-json\/wp\/v2\/users\/2"}],"replies":[{"embeddable":true,"href":"https:\/\/abd.ong\/ca\/wp-json\/wp\/v2\/comments?post=15813"}],"version-history":[{"count":3,"href":"https:\/\/abd.ong\/ca\/wp-json\/wp\/v2\/posts\/15813\/revisions"}],"predecessor-version":[{"id":20378,"href":"https:\/\/abd.ong\/ca\/wp-json\/wp\/v2\/posts\/15813\/revisions\/20378"}],"wp:featuredmedia":[{"embeddable":true,"href":"https:\/\/abd.ong\/ca\/wp-json\/wp\/v2\/media\/14666"}],"wp:attachment":[{"href":"https:\/\/abd.ong\/ca\/wp-json\/wp\/v2\/media?parent=15813"}],"wp:term":[{"taxonomy":"category","embeddable":true,"href":"https:\/\/abd.ong\/ca\/wp-json\/wp\/v2\/categories?post=15813"},{"taxonomy":"post_tag","embeddable":true,"href":"https:\/\/abd.ong\/ca\/wp-json\/wp\/v2\/tags?post=15813"}],"curies":[{"name":"wp","href":"https:\/\/api.w.org\/{rel}","templated":true}]}}