{"id":158067,"date":"2024-02-27T12:17:06","date_gmt":"2024-02-27T11:17:06","guid":{"rendered":"https:\/\/abd.ong\/?p=158067"},"modified":"2024-02-27T12:18:47","modified_gmt":"2024-02-27T11:18:47","slug":"abd-als-mitjans-de-comunicacio-al-febrer-4","status":"publish","type":"post","link":"https:\/\/abd.ong\/ca\/general-ca\/abd-als-mitjans-de-comunicacio-al-febrer-4\/","title":{"rendered":"ABD als mitjans de comunicaci\u00f3 al febrer"},"content":{"rendered":"\n<p>El <a href=\"https:\/\/abd.ong\/ca\/\" target=\"_blank\" rel=\"noopener\"><strong>Grup\u00a0<span class=\"hiddenSpellError\">ABD<\/span><\/strong><\/a>\u00a0ha estat present als mitjans de comunicaci\u00f3 durant aquest mes de febrer. A continuaci\u00f3, el resum de premsa de les not\u00edcies, articles i reportatges en qu\u00e8 hem participat com a organitzaci\u00f3.<\/p>\n\n<div style=\"height:100px\" aria-hidden=\"true\" class=\"wp-block-spacer\"><\/div>\n\n<p><strong>27\/02\/2024-El Punt Avui<\/strong><\/p>\n\n<p>Una experi\u00e8ncia, pilot <strong><em>amb un assistent de veu virtual facilita el contacte amb l&#8217;exterior a gent gran que viu sola<\/em><\/strong>, un projecte del <strong><a href=\"https:\/\/abd.ong\/ca\/\" target=\"_blank\" rel=\"noopener\">Grup\u00a0<span class=\"hiddenSpellError\">ABD<\/span><\/a>\u00a0<\/strong>i\u00a0<strong><a href=\"https:\/\/momentumanalytics.net\/\" target=\"_blank\" rel=\"noopener\"><span class=\"hiddenSpellError\">Momentum<\/span>\u00a0Analytics<\/a><\/strong>. <strong><a href=\"https:\/\/www.tercersector.cat\/es\" target=\"_blank\" rel=\"noopener\">La Taula del Tercer Sector<\/a><\/strong> presenta un estudi que reivindica el valor de l&#8217;\u00fas de la intel\u00b7lig\u00e8ncia artificial a l&#8217;\u00e0mbit social.<\/p>\n\n<p><a href=\"https:\/\/www.elpuntavui.cat\/societat\/article\/5-societat\/2390778-hola-atenea-demana-m-cita-al-metge-de-capcalera.html\" target=\"_blank\" rel=\"noopener\">\u201cHola, Atenea! Demana\u2019m cita al metge de cap\u00e7alera\u201d<\/a><\/p>\n\n<p><\/p>\n\n<p><strong>25\/02\/2024- Atlas News<\/strong><\/p>\n\n<p><strong><em>&#8220;T\u00e9 una puresa mai vista abans&#8221;,<\/em><\/strong> ens diuen des <strong><a href=\"https:\/\/energycontrol.org\/\" target=\"_blank\" rel=\"noopener\">d&#8217;<span class=\"hiddenSpellError\">Energy<\/span>\u00a0Control<\/a><\/strong>, una associaci\u00f3 que analitza les drogues que es consumeixen en contextos de festa.<\/p>\n\n<p><a href=\"https:\/\/www.atlas-news.com\/agencia-internet\/sociedad\/Droga-marihuana-cocaina-jovenes-potencia-sustancias_3_2662563743.html\" target=\"_blank\" rel=\"noopener\">Preocupaci\u00f3 dels experts per l&#8217;aven\u00e7 de les noves drogues entre la joventut<\/a><\/p>\n\n<p><\/p>\n\n<p><strong>23\/02\/2024- Social.cat<\/strong><\/p>\n\n<p>El projecte europeu <a href=\"https:\/\/abd.ong\/programas\/lila\/\" target=\"_blank\" rel=\"noopener\"><strong>LILA<\/strong><\/a>, del qual formen part el grup <strong><a href=\"https:\/\/abd.ong\/ca\/\" target=\"_blank\" rel=\"noopener\">ABD<\/a><\/strong>, l\u2019Associaci\u00f3 Catalana de Recursos Assistencials, l\u2019associaci\u00f3 grega Diotima i l\u2019organitzaci\u00f3 belga Payoke, ha organitzat aquest divendres <strong>una jornada per abordar les viol\u00e8ncies masclistes des de diverses perspectives i pr\u00e0ctiques.<\/strong><\/p>\n\n<p><a href=\"https:\/\/www.social.cat\/noticia\/20553\/professionals-focus-masculinitats-acabar-violencies-masclistes\" target=\"_blank\" rel=\"noreferrer noopener\">Les professionals posen el focus en les masculinitats per poder acabar amb les viol\u00e8ncies masclistes<\/a><\/p>\n\n<p><\/p>\n\n<p><strong>23\/02\/2024- Social.cat<\/strong><\/p>\n\n<p><strong>Pilar Rodr\u00edguez,<\/strong> Adjunta a la ger\u00e8ncia i directora de la Unitat Operativa Sociosanit\u00e0ria del <a href=\"https:\/\/abd.ong\/ca\/\" target=\"_blank\" rel=\"noopener\"><strong>Grup\u00a0<span class=\"hiddenSpellError\">ABD<\/span>\u00a0&#8220;Associaci\u00f3 Benestar i Desenvolupament&#8221;<\/strong><\/a>. P\u00fablica aquest mes el primer cap\u00edtol dels seus articles sobre la salut mental en persones grans,<em><strong> &#8220;Abordant els desafiaments de la salut mental en les persones grans&#8221;<\/strong><\/em> ja est\u00e0 disponible a<strong> <a href=\"https:\/\/www.social.cat\/\" target=\"_blank\" rel=\"noopener\">Social.cat.<\/a><\/strong><\/p>\n\n<p><a href=\"https:\/\/www.social.cat\/opinio\/20541\/abordant-desafiaments-salut-mental-persones-grans-part-1\" target=\"_blank\" rel=\"noopener\">Abordant els desafiaments de la salut mental en les persones grans (Part 1)<\/a><\/p>\n\n<p><\/p>\n\n<p><strong>20\/02\/2024- Cope<\/strong><\/p>\n\n<p><strong><span class=\"hiddenSpellError\">Claudio<\/span>\u00a0Vidal<\/strong>, director del programa\u00a0<a href=\"https:\/\/energycontrol.org\/\" target=\"_blank\" rel=\"noopener\"><strong><span class=\"hiddenSpellError\">Energy<\/span>\u00a0Control<\/strong><\/a>, explica a <a href=\"https:\/\/www.cope.es\/\" target=\"_blank\" rel=\"noopener\"><strong>COPE<\/strong><\/a> que la composici\u00f3 d&#8217;aquesta &#8216;coca\u00efna rosa&#8217; \u00e9s &#8220;\u00e8xtasi i ketamina&#8221;, i no cont\u00e9 res de coca\u00efna, malgrat el que pugui semblar. &#8220;\u00c9s una composici\u00f3 que la\u00a0anem trobant\u00a0de forma consistent en els darrers anys&#8221;.<\/p>\n\n<p><a href=\"https:\/\/www.cope.es\/programas\/la-linterna\/noticias\/que-esta-hecha-realmente-cocaina-rosa-por-que-tiene-ese-color-que-edad-consume-mas-20240220_3156562\" target=\"_blank\" rel=\"noopener\">De qu\u00e8 est\u00e0 feta realment la &#8216;coca\u00efna rosa&#8217;, per qu\u00e8 t\u00e9 aquest color i a quina edat es consumeix m\u00e9s.<\/a><\/p>\n\n<p><\/p>\n\n<p><strong>20\/02\/2024- RAC 1<\/strong><\/p>\n\n<p>Des de l&#8217;entitat\u00a0<a href=\"https:\/\/energycontrol.org\/\" target=\"_blank\" rel=\"noopener\"><strong><span class=\"hiddenSpellError\">Energy<\/span>\u00a0Control<\/strong><\/a>, especialitzada en riscos del consum de drogues, la coordinadora de serveis d&#8217;an\u00e0lisi <strong>Mireia Ventura<\/strong> apunta a <a href=\"https:\/\/www.rac1.cat\/\" target=\"_blank\" rel=\"noopener\"><strong>RAC1.cat<\/strong><\/a> que, des del principi, aquesta droga t\u00e9 una intenci\u00f3 &#8220;comercial&#8221;. Tot plegat forma part\u00a0d&#8217;una\u00a0estrat\u00e8gia de m\u00e0rqueting. La coca\u00efna rosa no \u00e9s coca\u00efna, sin\u00f3 una barreja de subst\u00e0ncies. El nom correcte \u00e9s\u00a0<span class=\"hiddenSpellError\">tucib\u00ed<\/span>, que \u00e9s una adaptaci\u00f3 del nom cient\u00edfic en angl\u00e8s\u00a0<span class=\"hiddenSpellError\">2CB<\/span>\u00a0(<span class=\"hiddenSpellError\">Two<\/span>-CB). Tamb\u00e9 s&#8217;utilitza l&#8217;abreviatura,\u00a0<span class=\"hiddenSpellError\">tusi<\/span>.<\/p>\n\n<p><a href=\"https:\/\/www.rac1.cat\/societat\/20240220\/110909\/mal-anomenada-cocaina-rosa-es-estrategia-marqueting-es-cocaina-es-droga-d-elit.html\" target=\"_blank\" rel=\"noopener\">Els riscos i enganys de la coca\u00efna rosa: &#8220;Ni \u00e9s coca\u00efna ni \u00e9s rosa, \u00e9s m\u00e0rqueting&#8221;<\/a><\/p>\n\n<p><\/p>\n\n<p><strong>20\/02\/2024- La Vanguardia<\/strong><\/p>\n\n<p><strong>Coca\u00efna Rosa.<\/strong> Hi ha una potent estrat\u00e8gia de m\u00e0rqueting darrere d&#8217;aquesta droga, fins fa poc relacionada amb l&#8217;exclusivitat i les classes altes, comenta Mireia Ventura, coordinadora del servei d&#8217;an\u00e0lisi <a href=\"https:\/\/energycontrol.org\/\" target=\"_blank\" rel=\"noopener\"><strong>d&#8217;<span class=\"hiddenSpellError\">Energy<\/span>\u00a0Control<\/strong><\/a>.<\/p>\n\n<p><a href=\"https:\/\/www.eldiario.es\/sociedad\/droga-tusi-ruleta-rusa-consumidores-cocaina-rosa_1_10937697.html\" target=\"_blank\" rel=\"noopener\">&#8220;Li han donat fama de nova droga quan \u00e9s una barreja de drogues conegudes&#8221; Mireia Ventura.<\/a><\/p>\n\n<p><\/p>\n\n<p><strong>19\/02\/2024 &#8211; El Diario<\/strong><\/p>\n\n<p>El programa\u00a0<a href=\"https:\/\/energycontrol.org\/\" target=\"_blank\" rel=\"noopener\"><strong><span class=\"hiddenSpellError\">Energy<\/span>\u00a0Control,<\/strong> <\/a>de l&#8217;Associaci\u00f3 Benestar i Desenvolupament, s&#8217;encarrega d&#8217;analitzar, a petici\u00f3 dels usuaris, les subst\u00e0ncies que es consumeixen en entorns d&#8217;oci vinculats amb la m\u00fasica electr\u00f2nica o als seus propis centres, cosa que permet radiografiar els mercats de drogues a l&#8217;\u00faltima baula de la cadena.<\/p>\n\n<p><a href=\"https:\/\/www.eldiario.es\/sociedad\/droga-tusi-ruleta-rusa-consumidores-cocaina-rosa_1_10937697.html\" target=\"_blank\" rel=\"noopener\">El m\u00e0rqueting de la droga impulsa el consum de la\u00a0<span class=\"hiddenSpellError\">tusi<\/span>, la perillosa &#8216;coca\u00efna rosa&#8217;: &#8220;\u00c9s una ruleta russa&#8221;<\/a><\/p>\n\n<p><\/p>\n\n<p><strong>19\/02\/2024 &#8211; RTVE<\/strong><\/p>\n\n<p>La coca\u00efna rosa, encara que \u00e9s coneguda aix\u00ed no porta coca\u00efna, \u00e9s una subst\u00e0ncia que<strong> es comporta com un estimulant tipus \u00e8xtasi i com un al\u00b7lucinogen<\/strong> tipus LSD. Pel seu color, tamb\u00e9 se&#8217;n diu venus, i el preu \u00e9s gaireb\u00e9 el doble que el de la coca\u00efna. Entre els seus components sempre hi ha, de manera variable, la ketamina i l&#8217;\u00e8xtasi. Tamb\u00e9 pot portar cafe\u00efna, per\u00f2 de tots, la ketamina \u00e9s l&#8217;ingredient amb qu\u00e8 cal tenir m\u00e9s cura perqu\u00e8 es tracta <strong>d&#8217;un depressor de sistema nervi\u00f3s central,<\/strong> un anest\u00e8sic, segons ha explicat a TVE\u00a0<span class=\"hiddenSpellError\">Claudio<\/span>\u00a0Vidal, de l&#8217;ONG<a href=\"https:\/\/energycontrol.org\/\" target=\"_blank\" rel=\"noopener\"><strong>\u00a0<span class=\"hiddenSpellError\">Energy<\/span>\u00a0Control<\/strong><\/a>, dedicada a la informaci\u00f3, assessorament i an\u00e0lisi de subst\u00e0ncies utilitzades al sector de l&#8217;oci.<\/p>\n\n<p><a href=\"https:\/\/www.rtve.es\/noticias\/20240219\/policia-investiga-muerte-adolescente-consumir-presuntamente-cocaina-rosa\/15976594.shtml\" target=\"_blank\" rel=\"noopener\">Qu\u00e8 \u00e9s el\u00a0<span class=\"hiddenSpellError\">tusi<\/span>\u00a0o coca\u00efna rosa?<\/a><\/p>\n\n<p><\/p>\n\n<p><strong>18\/02\/2024 &#8211; El Punt Avui<\/strong><\/p>\n\n<p>L&#8217;empresa\u00a0<a href=\"https:\/\/energycontrol.org\/\" target=\"_blank\" rel=\"noopener\"><strong><span class=\"hiddenSpellError\">Energy<\/span>\u00a0Control,<\/strong><\/a> que ha assessorat la pol\u00e8mica campanya, va defensar la seva proposta dient que s&#8217;havia tret de context<span class=\"hiddenGrammarError\" style=\"padding-bottom: 2px; background-image: url('..\/..\/..\/..\/..\/images\/squiggle.png'); background-repeat: repeat-x; background-position: left bottom; cursor: default; color: #000000; font-family: 'Open Sans', Helvetica, Arial, sans-serif; font-size: 16px; font-style: normal; font-variant-ligatures: normal; font-variant-caps: normal; font-weight: 300; letter-spacing: normal; orphans: 2; text-align: start; text-indent: 0px; text-transform: none; widows: 2; word-spacing: 0px; -webkit-text-stroke-width: 0px; white-space: normal; text-decoration-thickness: initial; text-decoration-style: initial; text-decoration-color: initial;\">&#8220;<\/span>, ja que es tracta d&#8217;una iniciativa &#8220;dirigida a un p\u00fablic objectiu format per\u00a0<span class=\"hiddenGrammarError\">persones consumidores<\/span>\u00a0i no a la poblaci\u00f3 general&#8221;.<\/p>\n\n<p><a href=\"https:\/\/www.elpuntavui.cat\/societat\/article\/5-societat\/2387634-la-fiscalia-no-veu-indicis-de-delicte-en-la-polemica-campanya-t-drogues.html\" target=\"_blank\" rel=\"noopener\">La Fiscalia no veu indicis de delicte a la pol\u00e8mica campanya T-Drogues<\/a><\/p>\n\n<p><\/p>\n\n<p><strong>18\/02\/2024 &#8211; La Vanguardia<\/strong><\/p>\n\n<p>La Fiscalia no veu delicte a la campanya <strong>&#8220;<span class=\"hiddenSpellError\">T<\/span>-Drogues&#8221;,<\/strong> impulsada per la <a href=\"https:\/\/casalsdejoves.org\/\" target=\"_blank\" rel=\"noopener\">Federaci\u00f3 de Casals Joves de Catalunya<\/a> per recomanar el consum de coca\u00efna sense riscos i que l&#8217;associaci\u00f3 Advocats Cristians va denunciar per &#8220;promoure&#8221; els estupefaents, ja que inclou un kit de targeta i canut per esnifar.<\/p>\n\n<p><a href=\"https:\/\/www.lavanguardia.com\/local\/catalunya\/20240218\/9522861\/fiscalia-ve-delito-campana-t-drogues.html\" target=\"_blank\" rel=\"noopener\">La Fiscalia no veu delicte a la campanya &#8216;T-Drogues&#8217;<\/a><\/p>\n\n<p><\/p>\n\n<p><strong>17\/02\/2024 &#8211; TeleMadrid<\/strong><\/p>\n\n<p>Molts consumidors de drogues les compren al mercat negre. Aix\u00f2 comporta un risc encara m\u00e9s gran al\u00a0mateix\u00a0consum.<strong> El Programa\u00a0<span class=\"hiddenSpellError\">Energy<\/span>\u00a0Control<\/strong> les analitza.\u00a0<strong><a href=\"https:\/\/energycontrol.org\/\" target=\"_blank\" rel=\"noopener\"><span class=\"hiddenSpellError\">Energy<\/span>\u00a0Control<\/a><\/strong> va n\u00e9ixer per ajudar les persones que volen prendre drogues, a fer-ho sense risc. Hi acudeixen on hi ha <strong>un \u00fas recreatiu de subst\u00e0ncies: festivals, raves i discoteques<\/strong>. Les seves an\u00e0lisis han detectat que no hi ha coca\u00efna a la coca\u00efna rosa o\u00a0<span class=\"hiddenSpellError\">tusib\u00ed<\/span>\u00a0o que la cafe\u00efna \u00e9s el principal adulterant de les drogues estimulants.\u00a0<strong><span class=\"hiddenGrammarError\">Monitoritzen<\/span>\u00a0aix\u00ed quins estupefaents es consumeixen.<\/strong><\/p>\n\n<p><a href=\"https:\/\/www.telemadrid.es\/programas\/telenoticias-fin-de-semana\/Drogas-bajo-supervision-con-el-Programa-Energy-Control-2-2643655619--20240217024717.html\" target=\"_blank\" rel=\"noopener\">Drogues sota supervisi\u00f3 amb el Programa\u00a0<span class=\"hiddenSpellError\">Energy<\/span>\u00a0Control<\/a><\/p>\n\n<p><\/p>\n\n<p><strong>15\/02\/2024 &#8211; Xarxanet<\/strong><\/p>\n\n<p>El\u00a0<strong><a href=\"https:\/\/abd.ong\/ca\/\" target=\"_blank\" rel=\"noopener\">Grup ABD<\/a><\/strong>, referent a l\u2019<strong>atenci\u00f3 a les drogodepend\u00e8ncies a Barcelona\u00a0<\/strong>des de fa 40 anys, ha fet un pas endavant en el seu comprom\u00eds amb la comunitat en mat\u00e8ria de salut p\u00fablica en continuar assumint la gesti\u00f3 directa de dos centres clau:<strong>\u00a0CAS Sants i CAS Sarri\u00e0<\/strong>. Aquests serveis, que ja estaven gestionats pel Grup ABD sota la titularitat de l\u2019<a href=\"https:\/\/www.aspb.cat\/\" target=\"_blank\" rel=\"noopener\">Ag\u00e8ncia de Salut P\u00fablica de Barcelona ASPB<\/a>, ara han estat subrogats al\u00a0<a href=\"https:\/\/catsalut.gencat.cat\/ca\/inici\/index.html\" target=\"_blank\" rel=\"noopener\">CatSalut<\/a>.<\/p>\n\n<p><a href=\"https:\/\/xarxanet.org\/social\/noticies\/el-grup-abd-consolida-el-seu-lideratge-en-latencio-les-drogodependencies-barcelona\" target=\"_blank\" rel=\"noopener\">El Grup ABD consolida el seu lideratge en l\u2019atenci\u00f3 a les drogodepend\u00e8ncies a Barcelona<\/a><\/p>\n\n<div style=\"height:35px\" aria-hidden=\"true\" class=\"wp-block-spacer\"><\/div>\n\n<p><\/p>\n\n<div style=\"height:35px\" aria-hidden=\"true\" class=\"wp-block-spacer\"><\/div>\n\n<p><\/p>\n","protected":false},"excerpt":{"rendered":"<p>El Grup\u00a0ABD\u00a0ha estat present als mitjans de comunicaci\u00f3 durant aquest mes de febrer. A continuaci\u00f3, el resum de premsa de les not\u00edcies, articles i reportatges en qu\u00e8 hem participat com&hellip;<\/p>\n","protected":false},"author":12,"featured_media":156710,"comment_status":"closed","ping_status":"closed","sticky":false,"template":"","format":"standard","meta":{"_acf_changed":false,"footnotes":""},"categories":[66],"tags":[1897,675,2928,2299,2300],"class_list":["post-158067","post","type-post","status-publish","format-standard","has-post-thumbnail","hentry","category-general-ca","tag-abd-2-ca","tag-asociacion-bienestar-y-desarrollo-ca","tag-associacio-benestar-i-desenvolupament-ca-2","tag-mitjans-de-comunicacio-ca","tag-noticies-ca"],"acf":[],"yoast_head":"<!-- This site is optimized with the Yoast SEO plugin v27.4 - https:\/\/yoast.com\/product\/yoast-seo-wordpress\/ -->\n<title>ABD als mitjans de comunicaci\u00f3 al febrer - ABD<\/title>\n<meta name=\"description\" content=\"El Grup\u00a0ABD\u00a0ha estat present als mitjans de comunicaci\u00f3 durant aquest mes de febrer. A continuaci\u00f3, el resum de premsa de les not\u00edcies, articles i\" \/>\n<meta name=\"robots\" content=\"index, follow, max-snippet:-1, max-image-preview:large, max-video-preview:-1\" \/>\n<link rel=\"canonical\" href=\"https:\/\/abd.ong\/ca\/general-ca\/abd-als-mitjans-de-comunicacio-al-febrer-4\/\" \/>\n<meta property=\"og:locale\" content=\"ca_ES\" \/>\n<meta property=\"og:type\" content=\"article\" \/>\n<meta property=\"og:title\" content=\"ABD als mitjans de comunicaci\u00f3 al febrer - ABD\" \/>\n<meta property=\"og:description\" content=\"El Grup\u00a0ABD\u00a0ha estat present als mitjans de comunicaci\u00f3 durant aquest mes de febrer. A continuaci\u00f3, el resum de premsa de les not\u00edcies, articles i\" \/>\n<meta property=\"og:url\" content=\"https:\/\/abd.ong\/ca\/general-ca\/abd-als-mitjans-de-comunicacio-al-febrer-4\/\" \/>\n<meta property=\"og:site_name\" content=\"ABD\" \/>\n<meta property=\"article:publisher\" content=\"https:\/\/www.facebook.com\/abd.ong\" \/>\n<meta property=\"article:published_time\" content=\"2024-02-27T11:17:06+00:00\" \/>\n<meta property=\"article:modified_time\" content=\"2024-02-27T11:18:47+00:00\" \/>\n<meta property=\"og:image\" content=\"https:\/\/abd.ong\/wp-content\/uploads\/2023\/12\/GRUP-ABD-2023-FESTA-TIO-1024x576.png\" \/>\n\t<meta property=\"og:image:width\" content=\"1024\" \/>\n\t<meta property=\"og:image:height\" content=\"576\" \/>\n\t<meta property=\"og:image:type\" content=\"image\/png\" \/>\n<meta name=\"author\" content=\"Francesc Balart\" \/>\n<meta name=\"twitter:card\" content=\"summary_large_image\" \/>\n<meta name=\"twitter:creator\" content=\"@abd_ong\" \/>\n<meta name=\"twitter:site\" content=\"@abd_ong\" \/>\n<meta name=\"twitter:label1\" content=\"Escrit per\" \/>\n\t<meta name=\"twitter:data1\" content=\"Francesc Balart\" \/>\n\t<meta name=\"twitter:label2\" content=\"Temps estimat de lectura\" \/>\n\t<meta name=\"twitter:data2\" content=\"6 minuts\" \/>\n<script type=\"application\/ld+json\" class=\"yoast-schema-graph\">{\"@context\":\"https:\\\/\\\/schema.org\",\"@graph\":[{\"@type\":\"Article\",\"@id\":\"https:\\\/\\\/abd.ong\\\/ca\\\/general-ca\\\/abd-als-mitjans-de-comunicacio-al-febrer-4\\\/#article\",\"isPartOf\":{\"@id\":\"https:\\\/\\\/abd.ong\\\/ca\\\/general-ca\\\/abd-als-mitjans-de-comunicacio-al-febrer-4\\\/\"},\"author\":{\"name\":\"Francesc Balart\",\"@id\":\"https:\\\/\\\/abd.ong\\\/ca\\\/#\\\/schema\\\/person\\\/6bb74ed13fc8bdf3a5382c66db14c9ee\"},\"headline\":\"ABD als mitjans de comunicaci\u00f3 al febrer\",\"datePublished\":\"2024-02-27T11:17:06+00:00\",\"dateModified\":\"2024-02-27T11:18:47+00:00\",\"mainEntityOfPage\":{\"@id\":\"https:\\\/\\\/abd.ong\\\/ca\\\/general-ca\\\/abd-als-mitjans-de-comunicacio-al-febrer-4\\\/\"},\"wordCount\":1074,\"publisher\":{\"@id\":\"https:\\\/\\\/abd.ong\\\/ca\\\/#organization\"},\"image\":{\"@id\":\"https:\\\/\\\/abd.ong\\\/ca\\\/general-ca\\\/abd-als-mitjans-de-comunicacio-al-febrer-4\\\/#primaryimage\"},\"thumbnailUrl\":\"https:\\\/\\\/abd.ong\\\/wp-content\\\/uploads\\\/2023\\\/12\\\/GRUP-ABD-2023-FESTA-TIO.png\",\"keywords\":[\"ABD\",\"Asociaci\u00f3n Bienestar y Desarrollo\",\"Associaci\u00f3 Benestar i Desenvolupament\",\"Mitjans de comunicaci\u00f3\",\"not\u00edcies\"],\"articleSection\":[\"General\"],\"inLanguage\":\"ca\"},{\"@type\":\"WebPage\",\"@id\":\"https:\\\/\\\/abd.ong\\\/ca\\\/general-ca\\\/abd-als-mitjans-de-comunicacio-al-febrer-4\\\/\",\"url\":\"https:\\\/\\\/abd.ong\\\/ca\\\/general-ca\\\/abd-als-mitjans-de-comunicacio-al-febrer-4\\\/\",\"name\":\"ABD als mitjans de comunicaci\u00f3 al febrer - ABD\",\"isPartOf\":{\"@id\":\"https:\\\/\\\/abd.ong\\\/ca\\\/#website\"},\"primaryImageOfPage\":{\"@id\":\"https:\\\/\\\/abd.ong\\\/ca\\\/general-ca\\\/abd-als-mitjans-de-comunicacio-al-febrer-4\\\/#primaryimage\"},\"image\":{\"@id\":\"https:\\\/\\\/abd.ong\\\/ca\\\/general-ca\\\/abd-als-mitjans-de-comunicacio-al-febrer-4\\\/#primaryimage\"},\"thumbnailUrl\":\"https:\\\/\\\/abd.ong\\\/wp-content\\\/uploads\\\/2023\\\/12\\\/GRUP-ABD-2023-FESTA-TIO.png\",\"datePublished\":\"2024-02-27T11:17:06+00:00\",\"dateModified\":\"2024-02-27T11:18:47+00:00\",\"description\":\"El Grup\u00a0ABD\u00a0ha estat present als mitjans de comunicaci\u00f3 durant aquest mes de febrer. A continuaci\u00f3, el resum de premsa de les not\u00edcies, articles i\",\"breadcrumb\":{\"@id\":\"https:\\\/\\\/abd.ong\\\/ca\\\/general-ca\\\/abd-als-mitjans-de-comunicacio-al-febrer-4\\\/#breadcrumb\"},\"inLanguage\":\"ca\",\"potentialAction\":[{\"@type\":\"ReadAction\",\"target\":[\"https:\\\/\\\/abd.ong\\\/ca\\\/general-ca\\\/abd-als-mitjans-de-comunicacio-al-febrer-4\\\/\"]}]},{\"@type\":\"ImageObject\",\"inLanguage\":\"ca\",\"@id\":\"https:\\\/\\\/abd.ong\\\/ca\\\/general-ca\\\/abd-als-mitjans-de-comunicacio-al-febrer-4\\\/#primaryimage\",\"url\":\"https:\\\/\\\/abd.ong\\\/wp-content\\\/uploads\\\/2023\\\/12\\\/GRUP-ABD-2023-FESTA-TIO.png\",\"contentUrl\":\"https:\\\/\\\/abd.ong\\\/wp-content\\\/uploads\\\/2023\\\/12\\\/GRUP-ABD-2023-FESTA-TIO.png\",\"width\":2048,\"height\":1152},{\"@type\":\"BreadcrumbList\",\"@id\":\"https:\\\/\\\/abd.ong\\\/ca\\\/general-ca\\\/abd-als-mitjans-de-comunicacio-al-febrer-4\\\/#breadcrumb\",\"itemListElement\":[{\"@type\":\"ListItem\",\"position\":1,\"name\":\"Inici\",\"item\":\"https:\\\/\\\/abd.ong\\\/ca\\\/\"},{\"@type\":\"ListItem\",\"position\":2,\"name\":\"ABD als mitjans de comunicaci\u00f3 al febrer\"}]},{\"@type\":\"WebSite\",\"@id\":\"https:\\\/\\\/abd.ong\\\/ca\\\/#website\",\"url\":\"https:\\\/\\\/abd.ong\\\/ca\\\/\",\"name\":\"ABD\",\"description\":\"Asociaci\u00f3n Bienestar y Desarrollo\",\"publisher\":{\"@id\":\"https:\\\/\\\/abd.ong\\\/ca\\\/#organization\"},\"potentialAction\":[{\"@type\":\"SearchAction\",\"target\":{\"@type\":\"EntryPoint\",\"urlTemplate\":\"https:\\\/\\\/abd.ong\\\/ca\\\/?s={search_term_string}\"},\"query-input\":{\"@type\":\"PropertyValueSpecification\",\"valueRequired\":true,\"valueName\":\"search_term_string\"}}],\"inLanguage\":\"ca\"},{\"@type\":\"Organization\",\"@id\":\"https:\\\/\\\/abd.ong\\\/ca\\\/#organization\",\"name\":\"Associaci\u00f3 Benestar i Desenvolupament\",\"alternateName\":\"ABD\",\"url\":\"https:\\\/\\\/abd.ong\\\/ca\\\/\",\"logo\":{\"@type\":\"ImageObject\",\"inLanguage\":\"ca\",\"@id\":\"https:\\\/\\\/abd.ong\\\/ca\\\/#\\\/schema\\\/logo\\\/image\\\/\",\"url\":\"https:\\\/\\\/abd.ong\\\/wp-content\\\/uploads\\\/2023\\\/01\\\/Icona.png\",\"contentUrl\":\"https:\\\/\\\/abd.ong\\\/wp-content\\\/uploads\\\/2023\\\/01\\\/Icona.png\",\"width\":190,\"height\":187,\"caption\":\"Associaci\u00f3 Benestar i Desenvolupament\"},\"image\":{\"@id\":\"https:\\\/\\\/abd.ong\\\/ca\\\/#\\\/schema\\\/logo\\\/image\\\/\"},\"sameAs\":[\"https:\\\/\\\/www.facebook.com\\\/abd.ong\",\"https:\\\/\\\/x.com\\\/abd_ong\",\"https:\\\/\\\/www.instagram.com\\\/abd_ong\\\/\",\"https:\\\/\\\/www.linkedin.com\\\/company\\\/abdong\",\"https:\\\/\\\/www.youtube.com\\\/user\\\/CANALABD\"]},{\"@type\":\"Person\",\"@id\":\"https:\\\/\\\/abd.ong\\\/ca\\\/#\\\/schema\\\/person\\\/6bb74ed13fc8bdf3a5382c66db14c9ee\",\"name\":\"Francesc Balart\"}]}<\/script>\n<!-- \/ Yoast SEO plugin. -->","yoast_head_json":{"title":"ABD als mitjans de comunicaci\u00f3 al febrer - ABD","description":"El Grup\u00a0ABD\u00a0ha estat present als mitjans de comunicaci\u00f3 durant aquest mes de febrer. A continuaci\u00f3, el resum de premsa de les not\u00edcies, articles i","robots":{"index":"index","follow":"follow","max-snippet":"max-snippet:-1","max-image-preview":"max-image-preview:large","max-video-preview":"max-video-preview:-1"},"canonical":"https:\/\/abd.ong\/ca\/general-ca\/abd-als-mitjans-de-comunicacio-al-febrer-4\/","og_locale":"ca_ES","og_type":"article","og_title":"ABD als mitjans de comunicaci\u00f3 al febrer - ABD","og_description":"El Grup\u00a0ABD\u00a0ha estat present als mitjans de comunicaci\u00f3 durant aquest mes de febrer. A continuaci\u00f3, el resum de premsa de les not\u00edcies, articles i","og_url":"https:\/\/abd.ong\/ca\/general-ca\/abd-als-mitjans-de-comunicacio-al-febrer-4\/","og_site_name":"ABD","article_publisher":"https:\/\/www.facebook.com\/abd.ong","article_published_time":"2024-02-27T11:17:06+00:00","article_modified_time":"2024-02-27T11:18:47+00:00","og_image":[{"width":1024,"height":576,"url":"https:\/\/abd.ong\/wp-content\/uploads\/2023\/12\/GRUP-ABD-2023-FESTA-TIO-1024x576.png","type":"image\/png"}],"author":"Francesc Balart","twitter_card":"summary_large_image","twitter_creator":"@abd_ong","twitter_site":"@abd_ong","twitter_misc":{"Escrit per":"Francesc Balart","Temps estimat de lectura":"6 minuts"},"schema":{"@context":"https:\/\/schema.org","@graph":[{"@type":"Article","@id":"https:\/\/abd.ong\/ca\/general-ca\/abd-als-mitjans-de-comunicacio-al-febrer-4\/#article","isPartOf":{"@id":"https:\/\/abd.ong\/ca\/general-ca\/abd-als-mitjans-de-comunicacio-al-febrer-4\/"},"author":{"name":"Francesc Balart","@id":"https:\/\/abd.ong\/ca\/#\/schema\/person\/6bb74ed13fc8bdf3a5382c66db14c9ee"},"headline":"ABD als mitjans de comunicaci\u00f3 al febrer","datePublished":"2024-02-27T11:17:06+00:00","dateModified":"2024-02-27T11:18:47+00:00","mainEntityOfPage":{"@id":"https:\/\/abd.ong\/ca\/general-ca\/abd-als-mitjans-de-comunicacio-al-febrer-4\/"},"wordCount":1074,"publisher":{"@id":"https:\/\/abd.ong\/ca\/#organization"},"image":{"@id":"https:\/\/abd.ong\/ca\/general-ca\/abd-als-mitjans-de-comunicacio-al-febrer-4\/#primaryimage"},"thumbnailUrl":"https:\/\/abd.ong\/wp-content\/uploads\/2023\/12\/GRUP-ABD-2023-FESTA-TIO.png","keywords":["ABD","Asociaci\u00f3n Bienestar y Desarrollo","Associaci\u00f3 Benestar i Desenvolupament","Mitjans de comunicaci\u00f3","not\u00edcies"],"articleSection":["General"],"inLanguage":"ca"},{"@type":"WebPage","@id":"https:\/\/abd.ong\/ca\/general-ca\/abd-als-mitjans-de-comunicacio-al-febrer-4\/","url":"https:\/\/abd.ong\/ca\/general-ca\/abd-als-mitjans-de-comunicacio-al-febrer-4\/","name":"ABD als mitjans de comunicaci\u00f3 al febrer - ABD","isPartOf":{"@id":"https:\/\/abd.ong\/ca\/#website"},"primaryImageOfPage":{"@id":"https:\/\/abd.ong\/ca\/general-ca\/abd-als-mitjans-de-comunicacio-al-febrer-4\/#primaryimage"},"image":{"@id":"https:\/\/abd.ong\/ca\/general-ca\/abd-als-mitjans-de-comunicacio-al-febrer-4\/#primaryimage"},"thumbnailUrl":"https:\/\/abd.ong\/wp-content\/uploads\/2023\/12\/GRUP-ABD-2023-FESTA-TIO.png","datePublished":"2024-02-27T11:17:06+00:00","dateModified":"2024-02-27T11:18:47+00:00","description":"El Grup\u00a0ABD\u00a0ha estat present als mitjans de comunicaci\u00f3 durant aquest mes de febrer. A continuaci\u00f3, el resum de premsa de les not\u00edcies, articles i","breadcrumb":{"@id":"https:\/\/abd.ong\/ca\/general-ca\/abd-als-mitjans-de-comunicacio-al-febrer-4\/#breadcrumb"},"inLanguage":"ca","potentialAction":[{"@type":"ReadAction","target":["https:\/\/abd.ong\/ca\/general-ca\/abd-als-mitjans-de-comunicacio-al-febrer-4\/"]}]},{"@type":"ImageObject","inLanguage":"ca","@id":"https:\/\/abd.ong\/ca\/general-ca\/abd-als-mitjans-de-comunicacio-al-febrer-4\/#primaryimage","url":"https:\/\/abd.ong\/wp-content\/uploads\/2023\/12\/GRUP-ABD-2023-FESTA-TIO.png","contentUrl":"https:\/\/abd.ong\/wp-content\/uploads\/2023\/12\/GRUP-ABD-2023-FESTA-TIO.png","width":2048,"height":1152},{"@type":"BreadcrumbList","@id":"https:\/\/abd.ong\/ca\/general-ca\/abd-als-mitjans-de-comunicacio-al-febrer-4\/#breadcrumb","itemListElement":[{"@type":"ListItem","position":1,"name":"Inici","item":"https:\/\/abd.ong\/ca\/"},{"@type":"ListItem","position":2,"name":"ABD als mitjans de comunicaci\u00f3 al febrer"}]},{"@type":"WebSite","@id":"https:\/\/abd.ong\/ca\/#website","url":"https:\/\/abd.ong\/ca\/","name":"ABD","description":"Asociaci\u00f3n Bienestar y Desarrollo","publisher":{"@id":"https:\/\/abd.ong\/ca\/#organization"},"potentialAction":[{"@type":"SearchAction","target":{"@type":"EntryPoint","urlTemplate":"https:\/\/abd.ong\/ca\/?s={search_term_string}"},"query-input":{"@type":"PropertyValueSpecification","valueRequired":true,"valueName":"search_term_string"}}],"inLanguage":"ca"},{"@type":"Organization","@id":"https:\/\/abd.ong\/ca\/#organization","name":"Associaci\u00f3 Benestar i Desenvolupament","alternateName":"ABD","url":"https:\/\/abd.ong\/ca\/","logo":{"@type":"ImageObject","inLanguage":"ca","@id":"https:\/\/abd.ong\/ca\/#\/schema\/logo\/image\/","url":"https:\/\/abd.ong\/wp-content\/uploads\/2023\/01\/Icona.png","contentUrl":"https:\/\/abd.ong\/wp-content\/uploads\/2023\/01\/Icona.png","width":190,"height":187,"caption":"Associaci\u00f3 Benestar i Desenvolupament"},"image":{"@id":"https:\/\/abd.ong\/ca\/#\/schema\/logo\/image\/"},"sameAs":["https:\/\/www.facebook.com\/abd.ong","https:\/\/x.com\/abd_ong","https:\/\/www.instagram.com\/abd_ong\/","https:\/\/www.linkedin.com\/company\/abdong","https:\/\/www.youtube.com\/user\/CANALABD"]},{"@type":"Person","@id":"https:\/\/abd.ong\/ca\/#\/schema\/person\/6bb74ed13fc8bdf3a5382c66db14c9ee","name":"Francesc Balart"}]}},"_links":{"self":[{"href":"https:\/\/abd.ong\/ca\/wp-json\/wp\/v2\/posts\/158067","targetHints":{"allow":["GET"]}}],"collection":[{"href":"https:\/\/abd.ong\/ca\/wp-json\/wp\/v2\/posts"}],"about":[{"href":"https:\/\/abd.ong\/ca\/wp-json\/wp\/v2\/types\/post"}],"author":[{"embeddable":true,"href":"https:\/\/abd.ong\/ca\/wp-json\/wp\/v2\/users\/12"}],"replies":[{"embeddable":true,"href":"https:\/\/abd.ong\/ca\/wp-json\/wp\/v2\/comments?post=158067"}],"version-history":[{"count":3,"href":"https:\/\/abd.ong\/ca\/wp-json\/wp\/v2\/posts\/158067\/revisions"}],"predecessor-version":[{"id":158119,"href":"https:\/\/abd.ong\/ca\/wp-json\/wp\/v2\/posts\/158067\/revisions\/158119"}],"wp:featuredmedia":[{"embeddable":true,"href":"https:\/\/abd.ong\/ca\/wp-json\/wp\/v2\/media\/156710"}],"wp:attachment":[{"href":"https:\/\/abd.ong\/ca\/wp-json\/wp\/v2\/media?parent=158067"}],"wp:term":[{"taxonomy":"category","embeddable":true,"href":"https:\/\/abd.ong\/ca\/wp-json\/wp\/v2\/categories?post=158067"},{"taxonomy":"post_tag","embeddable":true,"href":"https:\/\/abd.ong\/ca\/wp-json\/wp\/v2\/tags?post=158067"}],"curies":[{"name":"wp","href":"https:\/\/api.w.org\/{rel}","templated":true}]}}