{"id":157762,"date":"2024-02-14T13:58:38","date_gmt":"2024-02-14T12:58:38","guid":{"rendered":"https:\/\/abd.ong\/sense-categoria\/abd-estara-present-a-leuclid-network-impact-summit-2024-a-la-haia\/"},"modified":"2024-03-22T09:58:31","modified_gmt":"2024-03-22T08:58:31","slug":"abd-estara-present-a-leuclid-network-impact-summit-2024-a-la-haia","status":"publish","type":"post","link":"https:\/\/abd.ong\/ca\/internacional-ca\/abd-estara-present-a-leuclid-network-impact-summit-2024-a-la-haia\/","title":{"rendered":"ABD, present a l&#8217;Euclid Network Impact Summit 2024 a La Haia"},"content":{"rendered":"\n<h3 class=\"wp-block-heading\">Hi han participat la directora del Departament T\u00e8cnic i de l&#8217;\u00c0rea d&#8217;Inclusi\u00f3 i Pobresa, M\u00f2nica Plana, i la coordinadora del Departament Internacional, Mireia Munt\u00e9<\/h3>\n\n<div style=\"height:50px\" aria-hidden=\"true\" class=\"wp-block-spacer\"><\/div>\n\n<p>El 20 i 21 de mar\u00e7, la directora del Departament T\u00e8cnic i de l&#8217;\u00c0rea d&#8217;Inclusi\u00f3 i Pobresa del <a href=\"http:\/\/abd.ong\">Grup ABD<\/a>, M\u00f2nica Plana, i la coordinadora del Departament d&#8217;Internacional, Mireia Munt\u00e9, han participat en l&#8217;<strong><a href=\"https:\/\/summit2024.euclidnetwork.eu\/\">Euclid Network Impact Summit 2024<\/a>.<\/strong><\/p>\n\n<p>Celebrat a La Haia amb el t\u00edtol \u201c<strong><em>De la intenci\u00f3 a l&#8217;acci\u00f3<\/em><\/strong>\u201d (From Intention to Action), la trobada serveix per crear i refor\u00e7ar connexions significatives entre l\u00edders orientats a l&#8217;impacte social, representants d&#8217;organitzacions sense \u00e0nim de lucre i empreses socials, xarxes i organitzacions de suport, fundacions, inversors d&#8217;impacte, innovadors corporatius, persones de l&#8217;acad\u00e8mia i la recerca, investigadors i responsables de pol\u00edtiques p\u00fabliques.<\/p>\n\n<p>A la cimera, diferents agents uneixen les seves forces per debatre sobre els reptes socials i medioambientals i definir solucions innovadores i sostenibles.<\/p>\n\n<p>ABD ha liderat la taula rodona \u201c<strong><em>Ampliaci\u00f3 transfrontera de les innovacions socials. Del somni a la realitat<\/em><\/strong>\u201d, centrada en els reptes associats a la internacionalitzaci\u00f3 de les innovacions socials.<\/p>\n\n<p>La gerent de l&#8217;entidad ha explicat la hist\u00f2ria i la tasca que realitzem des de la d\u00e8cada dels 80, mentre que Munt\u00e9 i Plana han abordat els reptes, les millors pr\u00e0ctiques i els riscos de l&#8217;ampliaci\u00f3 de les innovacios socials en l&#8217;\u00e0mbit europeu i mundial, tenint en compte les perspectives estrat\u00e8giques, organitzatives i financeres. Aix\u00ed mateix, s&#8217;ha exposat l&#8217;exemple de <a href=\"https:\/\/abd.ong\/ca\/programes\/la-botiga\/\" target=\"_blank\" rel=\"noreferrer noopener\">La Botiga<\/a>, el projecte de l&#8217;Ajuntament del Prat que gestiona ABD en partenariat amb Espigoladors de garantia aliment\u00e0ria i que est\u00e0 en un proc\u00e9s de transformaci\u00f3.<\/p>\n\n<p>El debat tamb\u00e9 ha tractat sobre el paper de les autoritats p\u00fabliques i els ecosistemes en l&#8217;\u00e0mbit nacional i local. L&#8217;objectiu \u00e9s identificar com construir un ecosistema m\u00e9s fort i propici per a permetre que m\u00e9s empreses socials escalin internacionalment. <\/p>\n\n<figure class=\"wp-block-gallery has-nested-images columns-default is-cropped wp-block-gallery-2 is-layout-flex wp-block-gallery-is-layout-flex\">\n<figure class=\"wp-block-image size-large\"><img fetchpriority=\"high\" decoding=\"async\" width=\"1024\" height=\"768\" data-id=\"159168\" src=\"https:\/\/abd.ong\/wp-content\/uploads\/2024\/03\/WhatsApp-Image-2024-03-21-at-16.03.36-1-1024x768.jpeg\" alt=\"\" class=\"wp-image-159168\" srcset=\"https:\/\/abd.ong\/wp-content\/uploads\/2024\/03\/WhatsApp-Image-2024-03-21-at-16.03.36-1-1024x768.jpeg 1024w, https:\/\/abd.ong\/wp-content\/uploads\/2024\/03\/WhatsApp-Image-2024-03-21-at-16.03.36-1-300x225.jpeg 300w, https:\/\/abd.ong\/wp-content\/uploads\/2024\/03\/WhatsApp-Image-2024-03-21-at-16.03.36-1-768x576.jpeg 768w, https:\/\/abd.ong\/wp-content\/uploads\/2024\/03\/WhatsApp-Image-2024-03-21-at-16.03.36-1-1536x1152.jpeg 1536w, https:\/\/abd.ong\/wp-content\/uploads\/2024\/03\/WhatsApp-Image-2024-03-21-at-16.03.36-1.jpeg 1600w\" sizes=\"(max-width: 1024px) 100vw, 1024px\" \/><\/figure>\n\n\n\n<figure class=\"wp-block-image size-large\"><img decoding=\"async\" width=\"1600\" height=\"981\" data-id=\"159165\" src=\"https:\/\/abd.ong\/wp-content\/uploads\/2024\/03\/WhatsApp-Image-2024-03-21-at-16.03.36-e1711096227801.jpeg\" alt=\"\" class=\"wp-image-159165\" srcset=\"https:\/\/abd.ong\/wp-content\/uploads\/2024\/03\/WhatsApp-Image-2024-03-21-at-16.03.36-e1711096227801.jpeg 1600w, https:\/\/abd.ong\/wp-content\/uploads\/2024\/03\/WhatsApp-Image-2024-03-21-at-16.03.36-e1711096227801-300x184.jpeg 300w, https:\/\/abd.ong\/wp-content\/uploads\/2024\/03\/WhatsApp-Image-2024-03-21-at-16.03.36-e1711096227801-1024x628.jpeg 1024w, https:\/\/abd.ong\/wp-content\/uploads\/2024\/03\/WhatsApp-Image-2024-03-21-at-16.03.36-e1711096227801-768x471.jpeg 768w, https:\/\/abd.ong\/wp-content\/uploads\/2024\/03\/WhatsApp-Image-2024-03-21-at-16.03.36-e1711096227801-1536x942.jpeg 1536w\" sizes=\"(max-width: 1600px) 100vw, 1600px\" \/><\/figure>\n\n\n\n<figure class=\"wp-block-image size-large\"><img decoding=\"async\" width=\"768\" height=\"1024\" data-id=\"159177\" src=\"https:\/\/abd.ong\/wp-content\/uploads\/2024\/03\/WhatsApp-Image-2024-03-21-at-16.03.36-2-768x1024.jpeg\" alt=\"\" class=\"wp-image-159177\" srcset=\"https:\/\/abd.ong\/wp-content\/uploads\/2024\/03\/WhatsApp-Image-2024-03-21-at-16.03.36-2-768x1024.jpeg 768w, https:\/\/abd.ong\/wp-content\/uploads\/2024\/03\/WhatsApp-Image-2024-03-21-at-16.03.36-2-225x300.jpeg 225w, https:\/\/abd.ong\/wp-content\/uploads\/2024\/03\/WhatsApp-Image-2024-03-21-at-16.03.36-2-1152x1536.jpeg 1152w, https:\/\/abd.ong\/wp-content\/uploads\/2024\/03\/WhatsApp-Image-2024-03-21-at-16.03.36-2.jpeg 1536w\" sizes=\"(max-width: 768px) 100vw, 768px\" \/><\/figure>\n\n\n\n<figure class=\"wp-block-image size-large\"><img loading=\"lazy\" decoding=\"async\" width=\"1536\" height=\"1536\" data-id=\"159183\" src=\"https:\/\/abd.ong\/wp-content\/uploads\/2024\/03\/WhatsApp-Image-2024-03-21-at-15.51.14-edited.jpeg\" alt=\"\" class=\"wp-image-159183\" srcset=\"https:\/\/abd.ong\/wp-content\/uploads\/2024\/03\/WhatsApp-Image-2024-03-21-at-15.51.14-edited.jpeg 1536w, https:\/\/abd.ong\/wp-content\/uploads\/2024\/03\/WhatsApp-Image-2024-03-21-at-15.51.14-edited-300x300.jpeg 300w, https:\/\/abd.ong\/wp-content\/uploads\/2024\/03\/WhatsApp-Image-2024-03-21-at-15.51.14-edited-1024x1024.jpeg 1024w, https:\/\/abd.ong\/wp-content\/uploads\/2024\/03\/WhatsApp-Image-2024-03-21-at-15.51.14-edited-150x150.jpeg 150w, https:\/\/abd.ong\/wp-content\/uploads\/2024\/03\/WhatsApp-Image-2024-03-21-at-15.51.14-edited-768x768.jpeg 768w\" sizes=\"(max-width: 1536px) 100vw, 1536px\" \/><\/figure>\n\n\n\n<figure class=\"wp-block-image size-large\"><img loading=\"lazy\" decoding=\"async\" width=\"1200\" height=\"1200\" data-id=\"159180\" src=\"https:\/\/abd.ong\/wp-content\/uploads\/2024\/03\/WhatsApp-Image-2024-03-21-at-15.50.20-edited.jpeg\" alt=\"\" class=\"wp-image-159180\" srcset=\"https:\/\/abd.ong\/wp-content\/uploads\/2024\/03\/WhatsApp-Image-2024-03-21-at-15.50.20-edited.jpeg 1200w, https:\/\/abd.ong\/wp-content\/uploads\/2024\/03\/WhatsApp-Image-2024-03-21-at-15.50.20-edited-300x300.jpeg 300w, https:\/\/abd.ong\/wp-content\/uploads\/2024\/03\/WhatsApp-Image-2024-03-21-at-15.50.20-edited-1024x1024.jpeg 1024w, https:\/\/abd.ong\/wp-content\/uploads\/2024\/03\/WhatsApp-Image-2024-03-21-at-15.50.20-edited-150x150.jpeg 150w, https:\/\/abd.ong\/wp-content\/uploads\/2024\/03\/WhatsApp-Image-2024-03-21-at-15.50.20-edited-768x768.jpeg 768w\" sizes=\"(max-width: 1200px) 100vw, 1200px\" \/><\/figure>\n<\/figure>\n\n<div style=\"height:20px\" aria-hidden=\"true\" class=\"wp-block-spacer\"><\/div>\n\n<h4 class=\"wp-block-heading\"><strong>Sobre Euclid<\/strong><\/h4>\n\n<p><a href=\"https:\/\/euclidnetwork.eu\/\" target=\"_blank\" rel=\"noreferrer noopener\">Euclid Network<\/a> \u00e9s la xarxa europea per a organitzacions que donen suport a l&#8217;emprenedoria social i el lideratge orientat a l&#8217;impacte. Els seus membres representen m\u00e9s de 50.000 organitzacions a Europa i m\u00e9s enll\u00e0, entre les quals es troba ABD, representada per la gerent, \u00c0ngels Guiteras, que forma part de la junta directiva.<\/p>\n\n<figure class=\"wp-block-image aligncenter size-large is-resized\"><img loading=\"lazy\" decoding=\"async\" width=\"1024\" height=\"542\" src=\"https:\/\/abd.ong\/wp-content\/uploads\/2024\/02\/euclid-summit-mireia-monica-1024x542.jpg\" alt=\"\" class=\"wp-image-157755\" style=\"width:459px;height:auto\" srcset=\"https:\/\/abd.ong\/wp-content\/uploads\/2024\/02\/euclid-summit-mireia-monica-1024x542.jpg 1024w, https:\/\/abd.ong\/wp-content\/uploads\/2024\/02\/euclid-summit-mireia-monica-300x159.jpg 300w, https:\/\/abd.ong\/wp-content\/uploads\/2024\/02\/euclid-summit-mireia-monica-768x406.jpg 768w, https:\/\/abd.ong\/wp-content\/uploads\/2024\/02\/euclid-summit-mireia-monica.jpg 1200w\" sizes=\"(max-width: 1024px) 100vw, 1024px\" \/><\/figure>\n","protected":false},"excerpt":{"rendered":"<p>Hi han participat la directora del Departament T\u00e8cnic i de l&#8217;\u00c0rea d&#8217;Inclusi\u00f3 i Pobresa, M\u00f2nica Plana, i la coordinadora del Departament Internacional, Mireia Munt\u00e9 El 20 i 21 de mar\u00e7,&hellip;<\/p>\n","protected":false},"author":9,"featured_media":159166,"comment_status":"closed","ping_status":"closed","sticky":false,"template":"","format":"standard","meta":{"_acf_changed":false,"footnotes":""},"categories":[2296],"tags":[675,4048,4089,3542,3175,3610,4090],"class_list":["post-157762","post","type-post","status-publish","format-standard","has-post-thumbnail","hentry","category-internacional-ca","tag-asociacion-bienestar-y-desarrollo-ca","tag-conferencia-ca","tag-emprenedoria-social-ca-4","tag-euclid-network-ca-3","tag-impacte-social","tag-plataformes","tag-xarxes"],"acf":[],"yoast_head":"<!-- This site is optimized with the Yoast SEO plugin v27.4 - https:\/\/yoast.com\/product\/yoast-seo-wordpress\/ -->\n<title>ABD, present a l&#039;Euclid Network Impact Summit 2024 a La Haia - ABD<\/title>\n<meta name=\"description\" content=\"Hi han participat la directora del Departament T\u00e8cnic i de l&#039;\u00c0rea d&#039;Inclusi\u00f3 i Pobresa, M\u00f2nica Plana, i la coordinadora del Departament Internacional,\" \/>\n<meta name=\"robots\" content=\"index, follow, max-snippet:-1, max-image-preview:large, max-video-preview:-1\" \/>\n<link rel=\"canonical\" href=\"https:\/\/abd.ong\/ca\/internacional-ca\/abd-estara-present-a-leuclid-network-impact-summit-2024-a-la-haia\/\" \/>\n<meta property=\"og:locale\" content=\"ca_ES\" \/>\n<meta property=\"og:type\" content=\"article\" \/>\n<meta property=\"og:title\" content=\"ABD, present a l&#039;Euclid Network Impact Summit 2024 a La Haia - ABD\" \/>\n<meta property=\"og:description\" content=\"Hi han participat la directora del Departament T\u00e8cnic i de l&#039;\u00c0rea d&#039;Inclusi\u00f3 i Pobresa, M\u00f2nica Plana, i la coordinadora del Departament Internacional,\" \/>\n<meta property=\"og:url\" content=\"https:\/\/abd.ong\/ca\/internacional-ca\/abd-estara-present-a-leuclid-network-impact-summit-2024-a-la-haia\/\" \/>\n<meta property=\"og:site_name\" content=\"ABD\" \/>\n<meta property=\"article:publisher\" content=\"https:\/\/www.facebook.com\/abd.ong\" \/>\n<meta property=\"article:published_time\" content=\"2024-02-14T12:58:38+00:00\" \/>\n<meta property=\"article:modified_time\" content=\"2024-03-22T08:58:31+00:00\" \/>\n<meta property=\"og:image\" content=\"https:\/\/abd.ong\/wp-content\/uploads\/2024\/03\/WhatsApp-Image-2024-03-21-at-16.03.36-e1711096227801.jpeg\" \/>\n\t<meta property=\"og:image:width\" content=\"1600\" \/>\n\t<meta property=\"og:image:height\" content=\"1200\" \/>\n\t<meta property=\"og:image:type\" content=\"image\/jpeg\" \/>\n<meta name=\"author\" content=\"Maria Creixell\" \/>\n<meta name=\"twitter:card\" content=\"summary_large_image\" \/>\n<meta name=\"twitter:creator\" content=\"@abd_ong\" \/>\n<meta name=\"twitter:site\" content=\"@abd_ong\" \/>\n<meta name=\"twitter:label1\" content=\"Escrit per\" \/>\n\t<meta name=\"twitter:data1\" content=\"Maria Creixell\" \/>\n\t<meta name=\"twitter:label2\" content=\"Temps estimat de lectura\" \/>\n\t<meta name=\"twitter:data2\" content=\"2 minuts\" \/>\n<script type=\"application\/ld+json\" class=\"yoast-schema-graph\">{\"@context\":\"https:\\\/\\\/schema.org\",\"@graph\":[{\"@type\":\"Article\",\"@id\":\"https:\\\/\\\/abd.ong\\\/ca\\\/internacional-ca\\\/abd-estara-present-a-leuclid-network-impact-summit-2024-a-la-haia\\\/#article\",\"isPartOf\":{\"@id\":\"https:\\\/\\\/abd.ong\\\/ca\\\/internacional-ca\\\/abd-estara-present-a-leuclid-network-impact-summit-2024-a-la-haia\\\/\"},\"author\":{\"name\":\"Maria Creixell\",\"@id\":\"https:\\\/\\\/abd.ong\\\/ca\\\/#\\\/schema\\\/person\\\/d2e158b4173f683b3898e286f5b35a10\"},\"headline\":\"ABD, present a l&#8217;Euclid Network Impact Summit 2024 a La Haia\",\"datePublished\":\"2024-02-14T12:58:38+00:00\",\"dateModified\":\"2024-03-22T08:58:31+00:00\",\"mainEntityOfPage\":{\"@id\":\"https:\\\/\\\/abd.ong\\\/ca\\\/internacional-ca\\\/abd-estara-present-a-leuclid-network-impact-summit-2024-a-la-haia\\\/\"},\"wordCount\":405,\"publisher\":{\"@id\":\"https:\\\/\\\/abd.ong\\\/ca\\\/#organization\"},\"image\":{\"@id\":\"https:\\\/\\\/abd.ong\\\/ca\\\/internacional-ca\\\/abd-estara-present-a-leuclid-network-impact-summit-2024-a-la-haia\\\/#primaryimage\"},\"thumbnailUrl\":\"https:\\\/\\\/abd.ong\\\/wp-content\\\/uploads\\\/2024\\\/03\\\/WhatsApp-Image-2024-03-21-at-16.03.36-e1711096227801.jpeg\",\"keywords\":[\"Asociaci\u00f3n Bienestar y Desarrollo\",\"confer\u00e8ncia\",\"emprenedoria social\",\"Euclid Network\",\"impacte social\",\"plataformes\",\"xarxes\"],\"articleSection\":[\"Internacional\"],\"inLanguage\":\"ca\"},{\"@type\":\"WebPage\",\"@id\":\"https:\\\/\\\/abd.ong\\\/ca\\\/internacional-ca\\\/abd-estara-present-a-leuclid-network-impact-summit-2024-a-la-haia\\\/\",\"url\":\"https:\\\/\\\/abd.ong\\\/ca\\\/internacional-ca\\\/abd-estara-present-a-leuclid-network-impact-summit-2024-a-la-haia\\\/\",\"name\":\"ABD, present a l'Euclid Network Impact Summit 2024 a La Haia - ABD\",\"isPartOf\":{\"@id\":\"https:\\\/\\\/abd.ong\\\/ca\\\/#website\"},\"primaryImageOfPage\":{\"@id\":\"https:\\\/\\\/abd.ong\\\/ca\\\/internacional-ca\\\/abd-estara-present-a-leuclid-network-impact-summit-2024-a-la-haia\\\/#primaryimage\"},\"image\":{\"@id\":\"https:\\\/\\\/abd.ong\\\/ca\\\/internacional-ca\\\/abd-estara-present-a-leuclid-network-impact-summit-2024-a-la-haia\\\/#primaryimage\"},\"thumbnailUrl\":\"https:\\\/\\\/abd.ong\\\/wp-content\\\/uploads\\\/2024\\\/03\\\/WhatsApp-Image-2024-03-21-at-16.03.36-e1711096227801.jpeg\",\"datePublished\":\"2024-02-14T12:58:38+00:00\",\"dateModified\":\"2024-03-22T08:58:31+00:00\",\"description\":\"Hi han participat la directora del Departament T\u00e8cnic i de l'\u00c0rea d'Inclusi\u00f3 i Pobresa, M\u00f2nica Plana, i la coordinadora del Departament Internacional,\",\"breadcrumb\":{\"@id\":\"https:\\\/\\\/abd.ong\\\/ca\\\/internacional-ca\\\/abd-estara-present-a-leuclid-network-impact-summit-2024-a-la-haia\\\/#breadcrumb\"},\"inLanguage\":\"ca\",\"potentialAction\":[{\"@type\":\"ReadAction\",\"target\":[\"https:\\\/\\\/abd.ong\\\/ca\\\/internacional-ca\\\/abd-estara-present-a-leuclid-network-impact-summit-2024-a-la-haia\\\/\"]}]},{\"@type\":\"ImageObject\",\"inLanguage\":\"ca\",\"@id\":\"https:\\\/\\\/abd.ong\\\/ca\\\/internacional-ca\\\/abd-estara-present-a-leuclid-network-impact-summit-2024-a-la-haia\\\/#primaryimage\",\"url\":\"https:\\\/\\\/abd.ong\\\/wp-content\\\/uploads\\\/2024\\\/03\\\/WhatsApp-Image-2024-03-21-at-16.03.36-e1711096227801.jpeg\",\"contentUrl\":\"https:\\\/\\\/abd.ong\\\/wp-content\\\/uploads\\\/2024\\\/03\\\/WhatsApp-Image-2024-03-21-at-16.03.36-e1711096227801.jpeg\",\"width\":1600,\"height\":1200},{\"@type\":\"BreadcrumbList\",\"@id\":\"https:\\\/\\\/abd.ong\\\/ca\\\/internacional-ca\\\/abd-estara-present-a-leuclid-network-impact-summit-2024-a-la-haia\\\/#breadcrumb\",\"itemListElement\":[{\"@type\":\"ListItem\",\"position\":1,\"name\":\"Inici\",\"item\":\"https:\\\/\\\/abd.ong\\\/ca\\\/\"},{\"@type\":\"ListItem\",\"position\":2,\"name\":\"ABD, present a l&#8217;Euclid Network Impact Summit 2024 a La Haia\"}]},{\"@type\":\"WebSite\",\"@id\":\"https:\\\/\\\/abd.ong\\\/ca\\\/#website\",\"url\":\"https:\\\/\\\/abd.ong\\\/ca\\\/\",\"name\":\"ABD\",\"description\":\"Asociaci\u00f3n Bienestar y Desarrollo\",\"publisher\":{\"@id\":\"https:\\\/\\\/abd.ong\\\/ca\\\/#organization\"},\"potentialAction\":[{\"@type\":\"SearchAction\",\"target\":{\"@type\":\"EntryPoint\",\"urlTemplate\":\"https:\\\/\\\/abd.ong\\\/ca\\\/?s={search_term_string}\"},\"query-input\":{\"@type\":\"PropertyValueSpecification\",\"valueRequired\":true,\"valueName\":\"search_term_string\"}}],\"inLanguage\":\"ca\"},{\"@type\":\"Organization\",\"@id\":\"https:\\\/\\\/abd.ong\\\/ca\\\/#organization\",\"name\":\"Associaci\u00f3 Benestar i Desenvolupament\",\"alternateName\":\"ABD\",\"url\":\"https:\\\/\\\/abd.ong\\\/ca\\\/\",\"logo\":{\"@type\":\"ImageObject\",\"inLanguage\":\"ca\",\"@id\":\"https:\\\/\\\/abd.ong\\\/ca\\\/#\\\/schema\\\/logo\\\/image\\\/\",\"url\":\"https:\\\/\\\/abd.ong\\\/wp-content\\\/uploads\\\/2023\\\/01\\\/Icona.png\",\"contentUrl\":\"https:\\\/\\\/abd.ong\\\/wp-content\\\/uploads\\\/2023\\\/01\\\/Icona.png\",\"width\":190,\"height\":187,\"caption\":\"Associaci\u00f3 Benestar i Desenvolupament\"},\"image\":{\"@id\":\"https:\\\/\\\/abd.ong\\\/ca\\\/#\\\/schema\\\/logo\\\/image\\\/\"},\"sameAs\":[\"https:\\\/\\\/www.facebook.com\\\/abd.ong\",\"https:\\\/\\\/x.com\\\/abd_ong\",\"https:\\\/\\\/www.instagram.com\\\/abd_ong\\\/\",\"https:\\\/\\\/www.linkedin.com\\\/company\\\/abdong\",\"https:\\\/\\\/www.youtube.com\\\/user\\\/CANALABD\"]},{\"@type\":\"Person\",\"@id\":\"https:\\\/\\\/abd.ong\\\/ca\\\/#\\\/schema\\\/person\\\/d2e158b4173f683b3898e286f5b35a10\",\"name\":\"Maria Creixell\"}]}<\/script>\n<!-- \/ Yoast SEO plugin. -->","yoast_head_json":{"title":"ABD, present a l'Euclid Network Impact Summit 2024 a La Haia - ABD","description":"Hi han participat la directora del Departament T\u00e8cnic i de l'\u00c0rea d'Inclusi\u00f3 i Pobresa, M\u00f2nica Plana, i la coordinadora del Departament Internacional,","robots":{"index":"index","follow":"follow","max-snippet":"max-snippet:-1","max-image-preview":"max-image-preview:large","max-video-preview":"max-video-preview:-1"},"canonical":"https:\/\/abd.ong\/ca\/internacional-ca\/abd-estara-present-a-leuclid-network-impact-summit-2024-a-la-haia\/","og_locale":"ca_ES","og_type":"article","og_title":"ABD, present a l'Euclid Network Impact Summit 2024 a La Haia - ABD","og_description":"Hi han participat la directora del Departament T\u00e8cnic i de l'\u00c0rea d'Inclusi\u00f3 i Pobresa, M\u00f2nica Plana, i la coordinadora del Departament Internacional,","og_url":"https:\/\/abd.ong\/ca\/internacional-ca\/abd-estara-present-a-leuclid-network-impact-summit-2024-a-la-haia\/","og_site_name":"ABD","article_publisher":"https:\/\/www.facebook.com\/abd.ong","article_published_time":"2024-02-14T12:58:38+00:00","article_modified_time":"2024-03-22T08:58:31+00:00","og_image":[{"width":1600,"height":1200,"url":"https:\/\/abd.ong\/wp-content\/uploads\/2024\/03\/WhatsApp-Image-2024-03-21-at-16.03.36-e1711096227801.jpeg","type":"image\/jpeg"}],"author":"Maria Creixell","twitter_card":"summary_large_image","twitter_creator":"@abd_ong","twitter_site":"@abd_ong","twitter_misc":{"Escrit per":"Maria Creixell","Temps estimat de lectura":"2 minuts"},"schema":{"@context":"https:\/\/schema.org","@graph":[{"@type":"Article","@id":"https:\/\/abd.ong\/ca\/internacional-ca\/abd-estara-present-a-leuclid-network-impact-summit-2024-a-la-haia\/#article","isPartOf":{"@id":"https:\/\/abd.ong\/ca\/internacional-ca\/abd-estara-present-a-leuclid-network-impact-summit-2024-a-la-haia\/"},"author":{"name":"Maria Creixell","@id":"https:\/\/abd.ong\/ca\/#\/schema\/person\/d2e158b4173f683b3898e286f5b35a10"},"headline":"ABD, present a l&#8217;Euclid Network Impact Summit 2024 a La Haia","datePublished":"2024-02-14T12:58:38+00:00","dateModified":"2024-03-22T08:58:31+00:00","mainEntityOfPage":{"@id":"https:\/\/abd.ong\/ca\/internacional-ca\/abd-estara-present-a-leuclid-network-impact-summit-2024-a-la-haia\/"},"wordCount":405,"publisher":{"@id":"https:\/\/abd.ong\/ca\/#organization"},"image":{"@id":"https:\/\/abd.ong\/ca\/internacional-ca\/abd-estara-present-a-leuclid-network-impact-summit-2024-a-la-haia\/#primaryimage"},"thumbnailUrl":"https:\/\/abd.ong\/wp-content\/uploads\/2024\/03\/WhatsApp-Image-2024-03-21-at-16.03.36-e1711096227801.jpeg","keywords":["Asociaci\u00f3n Bienestar y Desarrollo","confer\u00e8ncia","emprenedoria social","Euclid Network","impacte social","plataformes","xarxes"],"articleSection":["Internacional"],"inLanguage":"ca"},{"@type":"WebPage","@id":"https:\/\/abd.ong\/ca\/internacional-ca\/abd-estara-present-a-leuclid-network-impact-summit-2024-a-la-haia\/","url":"https:\/\/abd.ong\/ca\/internacional-ca\/abd-estara-present-a-leuclid-network-impact-summit-2024-a-la-haia\/","name":"ABD, present a l'Euclid Network Impact Summit 2024 a La Haia - ABD","isPartOf":{"@id":"https:\/\/abd.ong\/ca\/#website"},"primaryImageOfPage":{"@id":"https:\/\/abd.ong\/ca\/internacional-ca\/abd-estara-present-a-leuclid-network-impact-summit-2024-a-la-haia\/#primaryimage"},"image":{"@id":"https:\/\/abd.ong\/ca\/internacional-ca\/abd-estara-present-a-leuclid-network-impact-summit-2024-a-la-haia\/#primaryimage"},"thumbnailUrl":"https:\/\/abd.ong\/wp-content\/uploads\/2024\/03\/WhatsApp-Image-2024-03-21-at-16.03.36-e1711096227801.jpeg","datePublished":"2024-02-14T12:58:38+00:00","dateModified":"2024-03-22T08:58:31+00:00","description":"Hi han participat la directora del Departament T\u00e8cnic i de l'\u00c0rea d'Inclusi\u00f3 i Pobresa, M\u00f2nica Plana, i la coordinadora del Departament Internacional,","breadcrumb":{"@id":"https:\/\/abd.ong\/ca\/internacional-ca\/abd-estara-present-a-leuclid-network-impact-summit-2024-a-la-haia\/#breadcrumb"},"inLanguage":"ca","potentialAction":[{"@type":"ReadAction","target":["https:\/\/abd.ong\/ca\/internacional-ca\/abd-estara-present-a-leuclid-network-impact-summit-2024-a-la-haia\/"]}]},{"@type":"ImageObject","inLanguage":"ca","@id":"https:\/\/abd.ong\/ca\/internacional-ca\/abd-estara-present-a-leuclid-network-impact-summit-2024-a-la-haia\/#primaryimage","url":"https:\/\/abd.ong\/wp-content\/uploads\/2024\/03\/WhatsApp-Image-2024-03-21-at-16.03.36-e1711096227801.jpeg","contentUrl":"https:\/\/abd.ong\/wp-content\/uploads\/2024\/03\/WhatsApp-Image-2024-03-21-at-16.03.36-e1711096227801.jpeg","width":1600,"height":1200},{"@type":"BreadcrumbList","@id":"https:\/\/abd.ong\/ca\/internacional-ca\/abd-estara-present-a-leuclid-network-impact-summit-2024-a-la-haia\/#breadcrumb","itemListElement":[{"@type":"ListItem","position":1,"name":"Inici","item":"https:\/\/abd.ong\/ca\/"},{"@type":"ListItem","position":2,"name":"ABD, present a l&#8217;Euclid Network Impact Summit 2024 a La Haia"}]},{"@type":"WebSite","@id":"https:\/\/abd.ong\/ca\/#website","url":"https:\/\/abd.ong\/ca\/","name":"ABD","description":"Asociaci\u00f3n Bienestar y Desarrollo","publisher":{"@id":"https:\/\/abd.ong\/ca\/#organization"},"potentialAction":[{"@type":"SearchAction","target":{"@type":"EntryPoint","urlTemplate":"https:\/\/abd.ong\/ca\/?s={search_term_string}"},"query-input":{"@type":"PropertyValueSpecification","valueRequired":true,"valueName":"search_term_string"}}],"inLanguage":"ca"},{"@type":"Organization","@id":"https:\/\/abd.ong\/ca\/#organization","name":"Associaci\u00f3 Benestar i Desenvolupament","alternateName":"ABD","url":"https:\/\/abd.ong\/ca\/","logo":{"@type":"ImageObject","inLanguage":"ca","@id":"https:\/\/abd.ong\/ca\/#\/schema\/logo\/image\/","url":"https:\/\/abd.ong\/wp-content\/uploads\/2023\/01\/Icona.png","contentUrl":"https:\/\/abd.ong\/wp-content\/uploads\/2023\/01\/Icona.png","width":190,"height":187,"caption":"Associaci\u00f3 Benestar i Desenvolupament"},"image":{"@id":"https:\/\/abd.ong\/ca\/#\/schema\/logo\/image\/"},"sameAs":["https:\/\/www.facebook.com\/abd.ong","https:\/\/x.com\/abd_ong","https:\/\/www.instagram.com\/abd_ong\/","https:\/\/www.linkedin.com\/company\/abdong","https:\/\/www.youtube.com\/user\/CANALABD"]},{"@type":"Person","@id":"https:\/\/abd.ong\/ca\/#\/schema\/person\/d2e158b4173f683b3898e286f5b35a10","name":"Maria Creixell"}]}},"_links":{"self":[{"href":"https:\/\/abd.ong\/ca\/wp-json\/wp\/v2\/posts\/157762","targetHints":{"allow":["GET"]}}],"collection":[{"href":"https:\/\/abd.ong\/ca\/wp-json\/wp\/v2\/posts"}],"about":[{"href":"https:\/\/abd.ong\/ca\/wp-json\/wp\/v2\/types\/post"}],"author":[{"embeddable":true,"href":"https:\/\/abd.ong\/ca\/wp-json\/wp\/v2\/users\/9"}],"replies":[{"embeddable":true,"href":"https:\/\/abd.ong\/ca\/wp-json\/wp\/v2\/comments?post=157762"}],"version-history":[{"count":3,"href":"https:\/\/abd.ong\/ca\/wp-json\/wp\/v2\/posts\/157762\/revisions"}],"predecessor-version":[{"id":159197,"href":"https:\/\/abd.ong\/ca\/wp-json\/wp\/v2\/posts\/157762\/revisions\/159197"}],"wp:featuredmedia":[{"embeddable":true,"href":"https:\/\/abd.ong\/ca\/wp-json\/wp\/v2\/media\/159166"}],"wp:attachment":[{"href":"https:\/\/abd.ong\/ca\/wp-json\/wp\/v2\/media?parent=157762"}],"wp:term":[{"taxonomy":"category","embeddable":true,"href":"https:\/\/abd.ong\/ca\/wp-json\/wp\/v2\/categories?post=157762"},{"taxonomy":"post_tag","embeddable":true,"href":"https:\/\/abd.ong\/ca\/wp-json\/wp\/v2\/tags?post=157762"}],"curies":[{"name":"wp","href":"https:\/\/api.w.org\/{rel}","templated":true}]}}