{"id":157546,"date":"2024-01-31T09:29:18","date_gmt":"2024-01-31T08:29:18","guid":{"rendered":"https:\/\/abd.ong\/?p=157546"},"modified":"2024-01-31T09:33:10","modified_gmt":"2024-01-31T08:33:10","slug":"abd-als-mitjans-de-comunicacio-al-gener-5","status":"publish","type":"post","link":"https:\/\/abd.ong\/ca\/general-ca\/abd-als-mitjans-de-comunicacio-al-gener-5\/","title":{"rendered":"ABD als mitjans de comunicaci\u00f3 al gener"},"content":{"rendered":"\n<p>El <strong>Grup&nbsp;<span class=\"hiddenSpellError\">ABD<\/span><\/strong> ha estat present als mitjans de comunicaci\u00f3 durant aquest mes de gener. A continuaci\u00f3, el resum de premsa de les not\u00edcies, articles i reportatges en qu\u00e8 hem participat com a organitzaci\u00f3.<\/p>\n\n\n\n<div style=\"height:100px\" aria-hidden=\"true\" class=\"wp-block-spacer\"><\/div>\n\n\n\n<p><strong>24\/01\/2024- Diari de la DisCapacitat<\/strong><\/p>\n\n\n\n<p id=\"m727-39-728\"><strong>Albert Isern<\/strong>, de <strong>Momentum Analytics<\/strong>, encarregat del disseny de l\u2019eina juntament amb el <strong>Grup ABD<\/strong>, ha subratllat que aquest projecte t\u00e9 el potencial de canviar la vida de moltes persones grans. La prova pilot \u00e9s crucial per a la millora cont\u00ednua i la definici\u00f3 final de l\u2019eina.<\/p>\n\n\n\n<p><a href=\"https:\/\/diarideladiscapacitat.cat\/vic-presenta-atenea-un-nou-servei-dintelligencia-artificial-al-servei-de-les-persones-grans\/\" target=\"_blank\" rel=\"noreferrer noopener\">Vic presenta ATENEA, un nou servei d\u2019intel\u00b7lig\u00e8ncia artificial al servei de les persones grans<\/a><\/p>\n\n\n\n<div style=\"height:28px\" aria-hidden=\"true\" class=\"wp-block-spacer\"><\/div>\n\n\n\n<p><strong>24\/01\/2024- La Ciutat<\/strong><\/p>\n\n\n\n<p id=\"m727-39-728\"><strong>Es tracta d&#8217;una intel\u00b7lig\u00e8ncia artificial en forma de m\u00f2bil, sense botons i sense pantalles t\u00e0ctils, que nom\u00e9s funciona amb la veu i que permet donar respostes \u00e0gils a les necessitats de les persones&nbsp;usu\u00e0ries&nbsp;i solucions a gestions di\u00e0ries a partir d&#8217;una conversa.<\/strong> L&#8217;objectiu d&#8217;<span class=\"hiddenGreenError\">ATENEA<\/span>&nbsp;\u00e9s facilitar l&#8217;acc\u00e9s a la tecnologia, superar bretxes digitals, millorar el benestar personal, la salut i la qualitat de vida, i garantir que cap persona gran no quedi exclosa de la societat. I tot aix\u00f2 en una interf\u00edcie 100% en catal\u00e0<\/p>\n\n\n\n<p><a href=\"https:\/\/laciutat.cat\/laciutat-de-catalunya-central\/vic-atenea-ia-persones-grans\/\" target=\"_blank\" rel=\"noreferrer noopener\">Vic presenta ATENEA, una IA al servei de les persones grans<\/a><\/p>\n\n\n\n<div style=\"height:28px\" aria-hidden=\"true\" class=\"wp-block-spacer\"><\/div>\n\n\n\n<p><strong>03\/01\/2024- El Mundo<\/strong><\/p>\n\n\n\n<p id=\"m727-39-728\">De fet, des de&nbsp;<strong><span class=\"hiddenSpellError\">Energy<\/span>&nbsp;Control<\/strong>, el programa d&#8217;intervenci\u00f3 en l&#8217;\u00e0mbit dels consums recreatius de drogues de l&#8217;Associaci\u00f3 Benestar i Desenvolupament (<span class=\"hiddenSpellError\">ABD<\/span>) asseguren a aquest diari que &#8220;no hi ha prou evid\u00e8ncies per afirmar que el fentanil hagi entrat als mercats de drogues del nostre pa\u00eds. El&nbsp;seu director,&nbsp;<strong><span class=\"hiddenSpellError\">Claudio<\/span>&nbsp;Vidal<\/strong>, critica que &#8220;tant alarmisme&nbsp;augmenti.a las posibilidades de que realmente ocurra algo&#8221;.<\/p>\n\n\n\n<p><a href=\"https:\/\/www.elmundo.es\/ciencia-y-salud\/salud\/2024\/01\/03\/658ef52be85ece24118b459b.html\" target=\"_blank\" rel=\"noreferrer noopener\">El fentanilo, lejos de ser un problema en Espa\u00f1a: &#8220;Tanto alarmismo aumenta las posibilidades de que ocurra algo&#8221;<\/a><\/p>\n\n\n\n<div style=\"height:28px\" aria-hidden=\"true\" class=\"wp-block-spacer\"><\/div>\n\n\n\n<p><strong>02\/01\/2024- Geriatricarea<\/strong><\/p>\n\n\n\n<p id=\"m727-39-728\">Durant la presentaci\u00f3 d&#8217;aquest document, la vicepresidenta<a href=\"https:\/\/www.unad.org\/\" target=\"_blank\" rel=\"noopener\"><strong> d&#8217;<span class=\"hiddenSpellError\">UNAD<\/span><\/strong><\/a>, <strong>Felisa P\u00e9rez&nbsp;<span class=\"hiddenSpellError\">Ant\u00f3n<\/span><\/strong>, va destacar que l&#8217;envelliment de la poblaci\u00f3 a Espanya, juntament amb l&#8217;augment de l&#8217;esperan\u00e7a de vida, <strong>ha elevat el nombre de persones grans amb&nbsp;addicions<\/strong>. Se subratlla la necessitat de normalitzar aquesta realitat, tot reconeixent que els consums poden persistir o iniciar-se independentment de l&#8217;edat.<\/p>\n\n\n\n<p><a href=\"https:\/\/www.geriatricarea.com\/2024\/01\/02\/unad-y-lares-presentan-el-libro-blanco-de-las-adicciones-en-personas-mayores\/\" target=\"_blank\" rel=\"noreferrer noopener\">UNAD y Lares presentan el \u2018Libro Blanco de las adicciones en personas mayores\u2019<\/a><\/p>\n\n\n\n<div style=\"height:28px\" aria-hidden=\"true\" class=\"wp-block-spacer\"><\/div>\n\n\n\n<p><strong>01\/01\/2024- 65YM\u00c1S<\/strong><\/p>\n\n\n\n<p id=\"m727-39-728\"><a href=\"https:\/\/www.unad.org\/\" target=\"_blank\" rel=\"noopener\"><strong>UNAD<\/strong><\/a>, la Xarxa d&#8217;Atenci\u00f3 a les Addiccions, i el&nbsp;<strong>Grup Social Lares<\/strong>&nbsp;han presentat el<strong>&nbsp;Llibre blanc de les addiccions en persones grans<\/strong>. L&#8217;objectiu d&#8217;aquest \u00e9s augmentar <strong>el coneixement i la visibilitat de les drogodepend\u00e8ncies presents en edats avan\u00e7ades<\/strong>, tenint en compte la perspectiva de g\u00e8nere.<\/p>\n\n\n\n<p><a href=\"https:\/\/www.65ymas.com\/sociedad\/ansioliticos-antidepresivos-alcohol-juego-principales-adicciones-en-personas-mayores_56301_102.html\" target=\"_blank\" rel=\"noreferrer noopener\">Ansiol\u00edticos y antidepresivos, alcohol y juego, principales adicciones en personas mayores<\/a><\/p>\n\n\n\n<div style=\"height:30px\" aria-hidden=\"true\" class=\"wp-block-spacer\"><\/div>\n\n\n\n<div style=\"height:30px\" aria-hidden=\"true\" class=\"wp-block-spacer\"><\/div>\n\n\n\n<p><\/p>\n","protected":false},"excerpt":{"rendered":"<p>El Grup&nbsp;ABD ha estat present als mitjans de comunicaci\u00f3 durant aquest mes de gener. A continuaci\u00f3, el resum de premsa de les not\u00edcies, articles i reportatges en qu\u00e8 hem participat&hellip;<\/p>\n","protected":false},"author":12,"featured_media":156710,"comment_status":"closed","ping_status":"closed","sticky":false,"template":"","format":"standard","meta":{"_acf_changed":false,"footnotes":""},"categories":[66,2],"tags":[],"class_list":["post-157546","post","type-post","status-publish","format-standard","has-post-thumbnail","hentry","category-general-ca","category-sense-categoria"],"acf":[],"yoast_head":"<!-- This site is optimized with the Yoast SEO plugin v27.4 - https:\/\/yoast.com\/product\/yoast-seo-wordpress\/ -->\n<title>ABD als mitjans de comunicaci\u00f3 al gener - ABD<\/title>\n<meta name=\"description\" content=\"El Grup&nbsp;ABD ha estat present als mitjans de comunicaci\u00f3 durant aquest mes de gener. A continuaci\u00f3, el resum de premsa de les not\u00edcies, articles i\" \/>\n<meta name=\"robots\" content=\"index, follow, max-snippet:-1, max-image-preview:large, max-video-preview:-1\" \/>\n<link rel=\"canonical\" href=\"https:\/\/abd.ong\/ca\/general-ca\/abd-als-mitjans-de-comunicacio-al-gener-5\/\" \/>\n<meta property=\"og:locale\" content=\"ca_ES\" \/>\n<meta property=\"og:type\" content=\"article\" \/>\n<meta property=\"og:title\" content=\"ABD als mitjans de comunicaci\u00f3 al gener - ABD\" \/>\n<meta property=\"og:description\" content=\"El Grup&nbsp;ABD ha estat present als mitjans de comunicaci\u00f3 durant aquest mes de gener. A continuaci\u00f3, el resum de premsa de les not\u00edcies, articles i\" \/>\n<meta property=\"og:url\" content=\"https:\/\/abd.ong\/ca\/general-ca\/abd-als-mitjans-de-comunicacio-al-gener-5\/\" \/>\n<meta property=\"og:site_name\" content=\"ABD\" \/>\n<meta property=\"article:publisher\" content=\"https:\/\/www.facebook.com\/abd.ong\" \/>\n<meta property=\"article:published_time\" content=\"2024-01-31T08:29:18+00:00\" \/>\n<meta property=\"article:modified_time\" content=\"2024-01-31T08:33:10+00:00\" \/>\n<meta property=\"og:image\" content=\"https:\/\/abd.ong\/wp-content\/uploads\/2023\/12\/GRUP-ABD-2023-FESTA-TIO-1024x576.png\" \/>\n\t<meta property=\"og:image:width\" content=\"1024\" \/>\n\t<meta property=\"og:image:height\" content=\"576\" \/>\n\t<meta property=\"og:image:type\" content=\"image\/png\" \/>\n<meta name=\"author\" content=\"Francesc Balart\" \/>\n<meta name=\"twitter:card\" content=\"summary_large_image\" \/>\n<meta name=\"twitter:creator\" content=\"@abd_ong\" \/>\n<meta name=\"twitter:site\" content=\"@abd_ong\" \/>\n<meta name=\"twitter:label1\" content=\"Escrit per\" \/>\n\t<meta name=\"twitter:data1\" content=\"Francesc Balart\" \/>\n\t<meta name=\"twitter:label2\" content=\"Temps estimat de lectura\" \/>\n\t<meta name=\"twitter:data2\" content=\"3 minuts\" \/>\n<script type=\"application\/ld+json\" class=\"yoast-schema-graph\">{\"@context\":\"https:\\\/\\\/schema.org\",\"@graph\":[{\"@type\":\"Article\",\"@id\":\"https:\\\/\\\/abd.ong\\\/ca\\\/general-ca\\\/abd-als-mitjans-de-comunicacio-al-gener-5\\\/#article\",\"isPartOf\":{\"@id\":\"https:\\\/\\\/abd.ong\\\/ca\\\/general-ca\\\/abd-als-mitjans-de-comunicacio-al-gener-5\\\/\"},\"author\":{\"name\":\"Francesc Balart\",\"@id\":\"https:\\\/\\\/abd.ong\\\/ca\\\/#\\\/schema\\\/person\\\/6bb74ed13fc8bdf3a5382c66db14c9ee\"},\"headline\":\"ABD als mitjans de comunicaci\u00f3 al gener\",\"datePublished\":\"2024-01-31T08:29:18+00:00\",\"dateModified\":\"2024-01-31T08:33:10+00:00\",\"mainEntityOfPage\":{\"@id\":\"https:\\\/\\\/abd.ong\\\/ca\\\/general-ca\\\/abd-als-mitjans-de-comunicacio-al-gener-5\\\/\"},\"wordCount\":480,\"publisher\":{\"@id\":\"https:\\\/\\\/abd.ong\\\/ca\\\/#organization\"},\"image\":{\"@id\":\"https:\\\/\\\/abd.ong\\\/ca\\\/general-ca\\\/abd-als-mitjans-de-comunicacio-al-gener-5\\\/#primaryimage\"},\"thumbnailUrl\":\"https:\\\/\\\/abd.ong\\\/wp-content\\\/uploads\\\/2023\\\/12\\\/GRUP-ABD-2023-FESTA-TIO.png\",\"articleSection\":[\"General\"],\"inLanguage\":\"ca\"},{\"@type\":\"WebPage\",\"@id\":\"https:\\\/\\\/abd.ong\\\/ca\\\/general-ca\\\/abd-als-mitjans-de-comunicacio-al-gener-5\\\/\",\"url\":\"https:\\\/\\\/abd.ong\\\/ca\\\/general-ca\\\/abd-als-mitjans-de-comunicacio-al-gener-5\\\/\",\"name\":\"ABD als mitjans de comunicaci\u00f3 al gener - ABD\",\"isPartOf\":{\"@id\":\"https:\\\/\\\/abd.ong\\\/ca\\\/#website\"},\"primaryImageOfPage\":{\"@id\":\"https:\\\/\\\/abd.ong\\\/ca\\\/general-ca\\\/abd-als-mitjans-de-comunicacio-al-gener-5\\\/#primaryimage\"},\"image\":{\"@id\":\"https:\\\/\\\/abd.ong\\\/ca\\\/general-ca\\\/abd-als-mitjans-de-comunicacio-al-gener-5\\\/#primaryimage\"},\"thumbnailUrl\":\"https:\\\/\\\/abd.ong\\\/wp-content\\\/uploads\\\/2023\\\/12\\\/GRUP-ABD-2023-FESTA-TIO.png\",\"datePublished\":\"2024-01-31T08:29:18+00:00\",\"dateModified\":\"2024-01-31T08:33:10+00:00\",\"description\":\"El Grup&nbsp;ABD ha estat present als mitjans de comunicaci\u00f3 durant aquest mes de gener. A continuaci\u00f3, el resum de premsa de les not\u00edcies, articles i\",\"breadcrumb\":{\"@id\":\"https:\\\/\\\/abd.ong\\\/ca\\\/general-ca\\\/abd-als-mitjans-de-comunicacio-al-gener-5\\\/#breadcrumb\"},\"inLanguage\":\"ca\",\"potentialAction\":[{\"@type\":\"ReadAction\",\"target\":[\"https:\\\/\\\/abd.ong\\\/ca\\\/general-ca\\\/abd-als-mitjans-de-comunicacio-al-gener-5\\\/\"]}]},{\"@type\":\"ImageObject\",\"inLanguage\":\"ca\",\"@id\":\"https:\\\/\\\/abd.ong\\\/ca\\\/general-ca\\\/abd-als-mitjans-de-comunicacio-al-gener-5\\\/#primaryimage\",\"url\":\"https:\\\/\\\/abd.ong\\\/wp-content\\\/uploads\\\/2023\\\/12\\\/GRUP-ABD-2023-FESTA-TIO.png\",\"contentUrl\":\"https:\\\/\\\/abd.ong\\\/wp-content\\\/uploads\\\/2023\\\/12\\\/GRUP-ABD-2023-FESTA-TIO.png\",\"width\":2048,\"height\":1152},{\"@type\":\"BreadcrumbList\",\"@id\":\"https:\\\/\\\/abd.ong\\\/ca\\\/general-ca\\\/abd-als-mitjans-de-comunicacio-al-gener-5\\\/#breadcrumb\",\"itemListElement\":[{\"@type\":\"ListItem\",\"position\":1,\"name\":\"Inici\",\"item\":\"https:\\\/\\\/abd.ong\\\/ca\\\/\"},{\"@type\":\"ListItem\",\"position\":2,\"name\":\"ABD als mitjans de comunicaci\u00f3 al gener\"}]},{\"@type\":\"WebSite\",\"@id\":\"https:\\\/\\\/abd.ong\\\/ca\\\/#website\",\"url\":\"https:\\\/\\\/abd.ong\\\/ca\\\/\",\"name\":\"ABD\",\"description\":\"Asociaci\u00f3n Bienestar y Desarrollo\",\"publisher\":{\"@id\":\"https:\\\/\\\/abd.ong\\\/ca\\\/#organization\"},\"potentialAction\":[{\"@type\":\"SearchAction\",\"target\":{\"@type\":\"EntryPoint\",\"urlTemplate\":\"https:\\\/\\\/abd.ong\\\/ca\\\/?s={search_term_string}\"},\"query-input\":{\"@type\":\"PropertyValueSpecification\",\"valueRequired\":true,\"valueName\":\"search_term_string\"}}],\"inLanguage\":\"ca\"},{\"@type\":\"Organization\",\"@id\":\"https:\\\/\\\/abd.ong\\\/ca\\\/#organization\",\"name\":\"Associaci\u00f3 Benestar i Desenvolupament\",\"alternateName\":\"ABD\",\"url\":\"https:\\\/\\\/abd.ong\\\/ca\\\/\",\"logo\":{\"@type\":\"ImageObject\",\"inLanguage\":\"ca\",\"@id\":\"https:\\\/\\\/abd.ong\\\/ca\\\/#\\\/schema\\\/logo\\\/image\\\/\",\"url\":\"https:\\\/\\\/abd.ong\\\/wp-content\\\/uploads\\\/2023\\\/01\\\/Icona.png\",\"contentUrl\":\"https:\\\/\\\/abd.ong\\\/wp-content\\\/uploads\\\/2023\\\/01\\\/Icona.png\",\"width\":190,\"height\":187,\"caption\":\"Associaci\u00f3 Benestar i Desenvolupament\"},\"image\":{\"@id\":\"https:\\\/\\\/abd.ong\\\/ca\\\/#\\\/schema\\\/logo\\\/image\\\/\"},\"sameAs\":[\"https:\\\/\\\/www.facebook.com\\\/abd.ong\",\"https:\\\/\\\/x.com\\\/abd_ong\",\"https:\\\/\\\/www.instagram.com\\\/abd_ong\\\/\",\"https:\\\/\\\/www.linkedin.com\\\/company\\\/abdong\",\"https:\\\/\\\/www.youtube.com\\\/user\\\/CANALABD\"]},{\"@type\":\"Person\",\"@id\":\"https:\\\/\\\/abd.ong\\\/ca\\\/#\\\/schema\\\/person\\\/6bb74ed13fc8bdf3a5382c66db14c9ee\",\"name\":\"Francesc Balart\"}]}<\/script>\n<!-- \/ Yoast SEO plugin. -->","yoast_head_json":{"title":"ABD als mitjans de comunicaci\u00f3 al gener - ABD","description":"El Grup&nbsp;ABD ha estat present als mitjans de comunicaci\u00f3 durant aquest mes de gener. A continuaci\u00f3, el resum de premsa de les not\u00edcies, articles i","robots":{"index":"index","follow":"follow","max-snippet":"max-snippet:-1","max-image-preview":"max-image-preview:large","max-video-preview":"max-video-preview:-1"},"canonical":"https:\/\/abd.ong\/ca\/general-ca\/abd-als-mitjans-de-comunicacio-al-gener-5\/","og_locale":"ca_ES","og_type":"article","og_title":"ABD als mitjans de comunicaci\u00f3 al gener - ABD","og_description":"El Grup&nbsp;ABD ha estat present als mitjans de comunicaci\u00f3 durant aquest mes de gener. A continuaci\u00f3, el resum de premsa de les not\u00edcies, articles i","og_url":"https:\/\/abd.ong\/ca\/general-ca\/abd-als-mitjans-de-comunicacio-al-gener-5\/","og_site_name":"ABD","article_publisher":"https:\/\/www.facebook.com\/abd.ong","article_published_time":"2024-01-31T08:29:18+00:00","article_modified_time":"2024-01-31T08:33:10+00:00","og_image":[{"width":1024,"height":576,"url":"https:\/\/abd.ong\/wp-content\/uploads\/2023\/12\/GRUP-ABD-2023-FESTA-TIO-1024x576.png","type":"image\/png"}],"author":"Francesc Balart","twitter_card":"summary_large_image","twitter_creator":"@abd_ong","twitter_site":"@abd_ong","twitter_misc":{"Escrit per":"Francesc Balart","Temps estimat de lectura":"3 minuts"},"schema":{"@context":"https:\/\/schema.org","@graph":[{"@type":"Article","@id":"https:\/\/abd.ong\/ca\/general-ca\/abd-als-mitjans-de-comunicacio-al-gener-5\/#article","isPartOf":{"@id":"https:\/\/abd.ong\/ca\/general-ca\/abd-als-mitjans-de-comunicacio-al-gener-5\/"},"author":{"name":"Francesc Balart","@id":"https:\/\/abd.ong\/ca\/#\/schema\/person\/6bb74ed13fc8bdf3a5382c66db14c9ee"},"headline":"ABD als mitjans de comunicaci\u00f3 al gener","datePublished":"2024-01-31T08:29:18+00:00","dateModified":"2024-01-31T08:33:10+00:00","mainEntityOfPage":{"@id":"https:\/\/abd.ong\/ca\/general-ca\/abd-als-mitjans-de-comunicacio-al-gener-5\/"},"wordCount":480,"publisher":{"@id":"https:\/\/abd.ong\/ca\/#organization"},"image":{"@id":"https:\/\/abd.ong\/ca\/general-ca\/abd-als-mitjans-de-comunicacio-al-gener-5\/#primaryimage"},"thumbnailUrl":"https:\/\/abd.ong\/wp-content\/uploads\/2023\/12\/GRUP-ABD-2023-FESTA-TIO.png","articleSection":["General"],"inLanguage":"ca"},{"@type":"WebPage","@id":"https:\/\/abd.ong\/ca\/general-ca\/abd-als-mitjans-de-comunicacio-al-gener-5\/","url":"https:\/\/abd.ong\/ca\/general-ca\/abd-als-mitjans-de-comunicacio-al-gener-5\/","name":"ABD als mitjans de comunicaci\u00f3 al gener - ABD","isPartOf":{"@id":"https:\/\/abd.ong\/ca\/#website"},"primaryImageOfPage":{"@id":"https:\/\/abd.ong\/ca\/general-ca\/abd-als-mitjans-de-comunicacio-al-gener-5\/#primaryimage"},"image":{"@id":"https:\/\/abd.ong\/ca\/general-ca\/abd-als-mitjans-de-comunicacio-al-gener-5\/#primaryimage"},"thumbnailUrl":"https:\/\/abd.ong\/wp-content\/uploads\/2023\/12\/GRUP-ABD-2023-FESTA-TIO.png","datePublished":"2024-01-31T08:29:18+00:00","dateModified":"2024-01-31T08:33:10+00:00","description":"El Grup&nbsp;ABD ha estat present als mitjans de comunicaci\u00f3 durant aquest mes de gener. A continuaci\u00f3, el resum de premsa de les not\u00edcies, articles i","breadcrumb":{"@id":"https:\/\/abd.ong\/ca\/general-ca\/abd-als-mitjans-de-comunicacio-al-gener-5\/#breadcrumb"},"inLanguage":"ca","potentialAction":[{"@type":"ReadAction","target":["https:\/\/abd.ong\/ca\/general-ca\/abd-als-mitjans-de-comunicacio-al-gener-5\/"]}]},{"@type":"ImageObject","inLanguage":"ca","@id":"https:\/\/abd.ong\/ca\/general-ca\/abd-als-mitjans-de-comunicacio-al-gener-5\/#primaryimage","url":"https:\/\/abd.ong\/wp-content\/uploads\/2023\/12\/GRUP-ABD-2023-FESTA-TIO.png","contentUrl":"https:\/\/abd.ong\/wp-content\/uploads\/2023\/12\/GRUP-ABD-2023-FESTA-TIO.png","width":2048,"height":1152},{"@type":"BreadcrumbList","@id":"https:\/\/abd.ong\/ca\/general-ca\/abd-als-mitjans-de-comunicacio-al-gener-5\/#breadcrumb","itemListElement":[{"@type":"ListItem","position":1,"name":"Inici","item":"https:\/\/abd.ong\/ca\/"},{"@type":"ListItem","position":2,"name":"ABD als mitjans de comunicaci\u00f3 al gener"}]},{"@type":"WebSite","@id":"https:\/\/abd.ong\/ca\/#website","url":"https:\/\/abd.ong\/ca\/","name":"ABD","description":"Asociaci\u00f3n Bienestar y Desarrollo","publisher":{"@id":"https:\/\/abd.ong\/ca\/#organization"},"potentialAction":[{"@type":"SearchAction","target":{"@type":"EntryPoint","urlTemplate":"https:\/\/abd.ong\/ca\/?s={search_term_string}"},"query-input":{"@type":"PropertyValueSpecification","valueRequired":true,"valueName":"search_term_string"}}],"inLanguage":"ca"},{"@type":"Organization","@id":"https:\/\/abd.ong\/ca\/#organization","name":"Associaci\u00f3 Benestar i Desenvolupament","alternateName":"ABD","url":"https:\/\/abd.ong\/ca\/","logo":{"@type":"ImageObject","inLanguage":"ca","@id":"https:\/\/abd.ong\/ca\/#\/schema\/logo\/image\/","url":"https:\/\/abd.ong\/wp-content\/uploads\/2023\/01\/Icona.png","contentUrl":"https:\/\/abd.ong\/wp-content\/uploads\/2023\/01\/Icona.png","width":190,"height":187,"caption":"Associaci\u00f3 Benestar i Desenvolupament"},"image":{"@id":"https:\/\/abd.ong\/ca\/#\/schema\/logo\/image\/"},"sameAs":["https:\/\/www.facebook.com\/abd.ong","https:\/\/x.com\/abd_ong","https:\/\/www.instagram.com\/abd_ong\/","https:\/\/www.linkedin.com\/company\/abdong","https:\/\/www.youtube.com\/user\/CANALABD"]},{"@type":"Person","@id":"https:\/\/abd.ong\/ca\/#\/schema\/person\/6bb74ed13fc8bdf3a5382c66db14c9ee","name":"Francesc Balart"}]}},"_links":{"self":[{"href":"https:\/\/abd.ong\/ca\/wp-json\/wp\/v2\/posts\/157546","targetHints":{"allow":["GET"]}}],"collection":[{"href":"https:\/\/abd.ong\/ca\/wp-json\/wp\/v2\/posts"}],"about":[{"href":"https:\/\/abd.ong\/ca\/wp-json\/wp\/v2\/types\/post"}],"author":[{"embeddable":true,"href":"https:\/\/abd.ong\/ca\/wp-json\/wp\/v2\/users\/12"}],"replies":[{"embeddable":true,"href":"https:\/\/abd.ong\/ca\/wp-json\/wp\/v2\/comments?post=157546"}],"version-history":[{"count":3,"href":"https:\/\/abd.ong\/ca\/wp-json\/wp\/v2\/posts\/157546\/revisions"}],"predecessor-version":[{"id":157552,"href":"https:\/\/abd.ong\/ca\/wp-json\/wp\/v2\/posts\/157546\/revisions\/157552"}],"wp:featuredmedia":[{"embeddable":true,"href":"https:\/\/abd.ong\/ca\/wp-json\/wp\/v2\/media\/156710"}],"wp:attachment":[{"href":"https:\/\/abd.ong\/ca\/wp-json\/wp\/v2\/media?parent=157546"}],"wp:term":[{"taxonomy":"category","embeddable":true,"href":"https:\/\/abd.ong\/ca\/wp-json\/wp\/v2\/categories?post=157546"},{"taxonomy":"post_tag","embeddable":true,"href":"https:\/\/abd.ong\/ca\/wp-json\/wp\/v2\/tags?post=157546"}],"curies":[{"name":"wp","href":"https:\/\/api.w.org\/{rel}","templated":true}]}}