{"id":15680,"date":"2020-06-16T11:41:29","date_gmt":"2020-06-16T09:41:29","guid":{"rendered":"https:\/\/abd.ong\/?p=15680"},"modified":"2020-06-16T11:42:15","modified_gmt":"2020-06-16T09:42:15","slug":"el-centre-descolta-de-medellin-en-el-marc-del-projecte-trans-met-sadapta-a-la-covid_19","status":"publish","type":"post","link":"https:\/\/abd.ong\/ca\/drogues-i-salut\/el-centre-descolta-de-medellin-en-el-marc-del-projecte-trans-met-sadapta-a-la-covid_19\/","title":{"rendered":"El Centre d&#8217;Escolta de Medell\u00edn, en el marc del projecte Trans-met, s&#8217;adapta a la COVID_19"},"content":{"rendered":"\n<p>El <strong>Centre d&#8217;Escolta<\/strong> per habitants de carrer a Medell\u00edn (Col\u00f2mbia), dins del <a rel=\"noreferrer noopener\" href=\"https:\/\/abd.ong\/drogas-y-salud\/profesionales-del-cas-baluard-gestionado-por-abd-imparten-cursos-de-capacitacion-y-reduccion-de-danos-en-colombia\/\" target=\"_blank\"><strong>projecte Trans-met<\/strong><\/a>, de l&#8217;<a rel=\"noreferrer noopener\" href=\"https:\/\/abd.ong\/\" target=\"_blank\">Associaci\u00f3 Benestar i Desenvolupament (ABD) <\/a>i la <a rel=\"noreferrer noopener\" href=\"http:\/\/corporacionsurgir.org\/\" target=\"_blank\">corporaci\u00f3n Surgir<\/a>, s&#8217;ha vist obligada a suspendre les seves activitats tal com les venia desenvolupant i a adaptar-se a la nova situaci\u00f3 generada per la pand\u00e8mia de la COVID_19.\u00a0\u00a0<\/p>\n\n\n\n<p>Per afrontar la nova realitat, destaquen, ha estat vital l&#8217;articulaci\u00f3 amb el <strong>Sistema d&#8217;Habitant de Carrer<\/strong> de la Ciutat de Medell\u00edn, amb qui han dut a terme accions a la xarxa d&#8217;hotels i al Centre de Dia adscrits als components de Resocialitzaci\u00f3 i B\u00e0sica del Sistema. <\/p>\n\n\n\n<p>Aix\u00ed, es van emprendre accions educatives orientades a la reducci\u00f3 de l&#8217;<strong>estigma<\/strong> cap a i entre les persones que viuen al carrer i com aquest els obstaculitza en les seves oportunitats d&#8217;interactuar socialment i accedir al mercat laboral, portant-los a l&#8217;automarginaci\u00f3 i al consum problem\u00e0tic. <\/p>\n\n\n\n<p>Tamb\u00e9 s&#8217;han realitzat activitats per educat els usuaris sobre els <strong>riscos del consum de drogues<\/strong> quan culmini el\u00a0per\u00edode\u00a0de confinament per evitar la propagaci\u00f3 de la\u00a0COVID_19. Q\u00fcestions com el <strong>distanciament social<\/strong> i el consum, els <strong>riscos de sobredosi<\/strong> per la deshabituaci\u00f3 a les subst\u00e0ncies de consum que han tingut durant el\u00a0confinament\u00a0i la possible <strong>variaci\u00f3 de la qualitat<\/strong> de les subst\u00e0ncies o\u00a0les\u00a0<strong>situacions de viol\u00e8ncia<\/strong> a les qual podrien estar exposats per accedir a elles, entre altres. En el cas de\u00a0les\u00a0persones que viuen al carrer, a m\u00e9s, amb els\u00a0obstacles\u00a0afegits per mantenir les mesures d&#8217;<strong>higiene i de seguretat<\/strong>.<\/p>\n\n\n\n<p>Un altre dels desafiaments ha estat la gesti\u00f3 de l&#8217;ansietat. \u201cEstar tant de temps tancat es torna estressant i, a vegades, tens ganes de sortir corrents&#8221;, relata un usuari confinat en un dels hotels del sistema d&#8217;habitants del carrer. &#8220;A vegades li provoca a un consumir per evitar l&#8217;avorriment&#8221;, afegeix. S&#8217;ha valorat positivament el sistema d&#8217;habitant de carrer i els usuaris esperen que els brindin oportunitats laborals i de formaci\u00f3 en algun art o ofici per a millorar la seva qualitat de vida. <\/p>\n\n\n\n<h4 class=\"wp-block-heading\"><strong>Nou repte: COVID, carrer i drogues.<\/strong><\/h4>\n\n\n\n<p>Les persones que viuen al carrer, sumen als seus reptes habituals el contagi i la propagaci\u00f3 de la COVID_19 i el del consum segur, amb un mercat alterat per la crisi, alts costos i amb un acc\u00e9s molt limitat a mesures de bioseguretat.\u00a0<\/p>\n\n\n\n<p>Des del <a extln_redirecting=\"true\" href=\"http:\/\/corporacionsurgir.org\/programas-y-servicios\/centro-de-escucha\/\">Centre d&#8217;Escolta<\/a> es vol contribuir a pal\u00b7liar la <strong>triple situaci\u00f3 de risc generada per la COVID<\/strong>, la situaci\u00f3 de carrer i el consum de drogues amb accions d&#8217;assist\u00e8ncia, salut, educaci\u00f3, reducci\u00f3 de danys, derivaci\u00f3 al sistema de protecci\u00f3 social i prevenci\u00f3 del contagi i propagaci\u00f3 de la COVID_19. Ser\u00e0 fonamental, indiquen, l&#8217;acompanyament de l&#8217;equip del Sistema d&#8217;Habitant de Carrer per facilitar les cures m\u00fatues i l&#8217;acc\u00e9s als serveis de salut i d&#8217;inclusi\u00f3 social. <\/p>\n\n\n\n<h4 class=\"wp-block-heading\"><strong>El projecte Trans-met<\/strong><\/h4>\n\n\n\n<p>Des de l&#8217;any 2018, amb el suport de l&#8217;<a rel=\"noreferrer noopener\" href=\"https:\/\/www.barcelona.cat\/ca\/\" target=\"_blank\"><strong>Ajuntament de Barcelona<\/strong><\/a> i la feina t\u00e8cnica entre <a href=\"https:\/\/abd.ong\/\"><strong>ABD<\/strong> <\/a>\u00a0i l&#8217;entitat colombiana <a href=\"http:\/\/corporacionsurgir.org\/\"><strong>Corporaci\u00f3n Surgir<\/strong><\/a>, s&#8217;ha estat treballant en un proc\u00e9s d&#8217;intercanvi amb l&#8217;objectiu de trobar la millor forma d&#8217;adaptaci\u00f3 d&#8217;estrat\u00e8gies de reducci\u00f3 de danys als Centres d&#8217;Escolta de Medell\u00edn i, m\u00e9s espec\u00edficament, com implementar-lo en persones sense llar. <\/p>\n\n\n\n<p>L&#8217;any 2019 es va fer realitat la possibilitat de comen\u00e7ar a treballar amb aquesta poblaci\u00f3, la qual cosa es va fer amb l&#8217;aportaci\u00f3 de la <strong>Secretaria de Salut de Medell\u00edn<\/strong> i la contribuci\u00f3 de l&#8217;<strong>Ajuntament de Barcelona,<\/strong> gr\u00e0cies al suport dels quals s&#8217;est\u00e0 donant continu\u00eftat al projecte aquest 2020.  <\/p>\n","protected":false},"excerpt":{"rendered":"<p>El Centre d&#8217;Escolta per habitants de carrer a Medell\u00edn (Col\u00f2mbia), dins del projecte Trans-met, de l&#8217;Associaci\u00f3 Benestar i Desenvolupament (ABD) i la corporaci\u00f3n Surgir, s&#8217;ha vist obligada a suspendre les&hellip;<\/p>\n","protected":false},"author":2,"featured_media":15687,"comment_status":"closed","ping_status":"closed","sticky":false,"template":"","format":"standard","meta":{"_acf_changed":false,"footnotes":""},"categories":[1301],"tags":[1695,1894,175,125,217,1948],"class_list":["post-15680","post","type-post","status-publish","format-standard","has-post-thumbnail","hentry","category-drogues-i-salut","tag-colombia-2","tag-covid-19-2-ca","tag-drogas-ca","tag-drogues","tag-persones-drogodependents","tag-persones-sense-llar-2"],"acf":[],"yoast_head":"<!-- This site is optimized with the Yoast SEO plugin v27.4 - https:\/\/yoast.com\/product\/yoast-seo-wordpress\/ -->\n<title>El Centre d&#039;Escolta de Medell\u00edn, en el marc del projecte Trans-met, s&#039;adapta a la COVID_19 - ABD<\/title>\n<meta name=\"description\" content=\"El Centre d&#039;Escolta per habitants de carrer a Medell\u00edn (Col\u00f2mbia), dins del projecte Trans-met, de l&#039;Associaci\u00f3 Benestar i Desenvolupament (ABD) i la\" \/>\n<meta name=\"robots\" content=\"index, follow, max-snippet:-1, max-image-preview:large, max-video-preview:-1\" \/>\n<link rel=\"canonical\" href=\"https:\/\/abd.ong\/ca\/drogues-i-salut\/el-centre-descolta-de-medellin-en-el-marc-del-projecte-trans-met-sadapta-a-la-covid_19\/\" \/>\n<meta property=\"og:locale\" content=\"ca_ES\" \/>\n<meta property=\"og:type\" content=\"article\" \/>\n<meta property=\"og:title\" content=\"El Centre d&#039;Escolta de Medell\u00edn, en el marc del projecte Trans-met, s&#039;adapta a la COVID_19 - ABD\" \/>\n<meta property=\"og:description\" content=\"El Centre d&#039;Escolta per habitants de carrer a Medell\u00edn (Col\u00f2mbia), dins del projecte Trans-met, de l&#039;Associaci\u00f3 Benestar i Desenvolupament (ABD) i la\" \/>\n<meta property=\"og:url\" content=\"https:\/\/abd.ong\/ca\/drogues-i-salut\/el-centre-descolta-de-medellin-en-el-marc-del-projecte-trans-met-sadapta-a-la-covid_19\/\" \/>\n<meta property=\"og:site_name\" content=\"ABD\" \/>\n<meta property=\"article:publisher\" content=\"https:\/\/www.facebook.com\/abd.ong\" \/>\n<meta property=\"article:published_time\" content=\"2020-06-16T09:41:29+00:00\" \/>\n<meta property=\"article:modified_time\" content=\"2020-06-16T09:42:15+00:00\" \/>\n<meta property=\"og:image\" content=\"https:\/\/abd.ong\/wp-content\/uploads\/2020\/06\/Atenci\u00f3n-en-calle-2019.jpg\" \/>\n\t<meta property=\"og:image:width\" content=\"522\" \/>\n\t<meta property=\"og:image:height\" content=\"327\" \/>\n\t<meta property=\"og:image:type\" content=\"image\/jpeg\" \/>\n<meta name=\"author\" content=\"Enric Guinart\" \/>\n<meta name=\"twitter:card\" content=\"summary_large_image\" \/>\n<meta name=\"twitter:creator\" content=\"@abd_ong\" \/>\n<meta name=\"twitter:site\" content=\"@abd_ong\" \/>\n<meta name=\"twitter:label1\" content=\"Escrit per\" \/>\n\t<meta name=\"twitter:data1\" content=\"Enric Guinart\" \/>\n\t<meta name=\"twitter:label2\" content=\"Temps estimat de lectura\" \/>\n\t<meta name=\"twitter:data2\" content=\"3 minuts\" \/>\n<script type=\"application\/ld+json\" class=\"yoast-schema-graph\">{\"@context\":\"https:\\\/\\\/schema.org\",\"@graph\":[{\"@type\":\"Article\",\"@id\":\"https:\\\/\\\/abd.ong\\\/ca\\\/drogues-i-salut\\\/el-centre-descolta-de-medellin-en-el-marc-del-projecte-trans-met-sadapta-a-la-covid_19\\\/#article\",\"isPartOf\":{\"@id\":\"https:\\\/\\\/abd.ong\\\/ca\\\/drogues-i-salut\\\/el-centre-descolta-de-medellin-en-el-marc-del-projecte-trans-met-sadapta-a-la-covid_19\\\/\"},\"author\":{\"name\":\"Enric Guinart\",\"@id\":\"https:\\\/\\\/abd.ong\\\/ca\\\/#\\\/schema\\\/person\\\/d0f5fe279a7ad908de6a6d1332bfd7d8\"},\"headline\":\"El Centre d&#8217;Escolta de Medell\u00edn, en el marc del projecte Trans-met, s&#8217;adapta a la COVID_19\",\"datePublished\":\"2020-06-16T09:41:29+00:00\",\"dateModified\":\"2020-06-16T09:42:15+00:00\",\"mainEntityOfPage\":{\"@id\":\"https:\\\/\\\/abd.ong\\\/ca\\\/drogues-i-salut\\\/el-centre-descolta-de-medellin-en-el-marc-del-projecte-trans-met-sadapta-a-la-covid_19\\\/\"},\"wordCount\":642,\"publisher\":{\"@id\":\"https:\\\/\\\/abd.ong\\\/ca\\\/#organization\"},\"image\":{\"@id\":\"https:\\\/\\\/abd.ong\\\/ca\\\/drogues-i-salut\\\/el-centre-descolta-de-medellin-en-el-marc-del-projecte-trans-met-sadapta-a-la-covid_19\\\/#primaryimage\"},\"thumbnailUrl\":\"https:\\\/\\\/abd.ong\\\/wp-content\\\/uploads\\\/2020\\\/06\\\/Atenci\u00f3n-en-calle-2019.jpg\",\"keywords\":[\"Col\u00f2mbia\",\"Covid 19\",\"drogas\",\"drogues\",\"persones drogodependents\",\"persones sense llar\"],\"articleSection\":[\"Drogues i salut\"],\"inLanguage\":\"ca\"},{\"@type\":\"WebPage\",\"@id\":\"https:\\\/\\\/abd.ong\\\/ca\\\/drogues-i-salut\\\/el-centre-descolta-de-medellin-en-el-marc-del-projecte-trans-met-sadapta-a-la-covid_19\\\/\",\"url\":\"https:\\\/\\\/abd.ong\\\/ca\\\/drogues-i-salut\\\/el-centre-descolta-de-medellin-en-el-marc-del-projecte-trans-met-sadapta-a-la-covid_19\\\/\",\"name\":\"El Centre d'Escolta de Medell\u00edn, en el marc del projecte Trans-met, s'adapta a la COVID_19 - ABD\",\"isPartOf\":{\"@id\":\"https:\\\/\\\/abd.ong\\\/ca\\\/#website\"},\"primaryImageOfPage\":{\"@id\":\"https:\\\/\\\/abd.ong\\\/ca\\\/drogues-i-salut\\\/el-centre-descolta-de-medellin-en-el-marc-del-projecte-trans-met-sadapta-a-la-covid_19\\\/#primaryimage\"},\"image\":{\"@id\":\"https:\\\/\\\/abd.ong\\\/ca\\\/drogues-i-salut\\\/el-centre-descolta-de-medellin-en-el-marc-del-projecte-trans-met-sadapta-a-la-covid_19\\\/#primaryimage\"},\"thumbnailUrl\":\"https:\\\/\\\/abd.ong\\\/wp-content\\\/uploads\\\/2020\\\/06\\\/Atenci\u00f3n-en-calle-2019.jpg\",\"datePublished\":\"2020-06-16T09:41:29+00:00\",\"dateModified\":\"2020-06-16T09:42:15+00:00\",\"description\":\"El Centre d'Escolta per habitants de carrer a Medell\u00edn (Col\u00f2mbia), dins del projecte Trans-met, de l'Associaci\u00f3 Benestar i Desenvolupament (ABD) i la\",\"breadcrumb\":{\"@id\":\"https:\\\/\\\/abd.ong\\\/ca\\\/drogues-i-salut\\\/el-centre-descolta-de-medellin-en-el-marc-del-projecte-trans-met-sadapta-a-la-covid_19\\\/#breadcrumb\"},\"inLanguage\":\"ca\",\"potentialAction\":[{\"@type\":\"ReadAction\",\"target\":[\"https:\\\/\\\/abd.ong\\\/ca\\\/drogues-i-salut\\\/el-centre-descolta-de-medellin-en-el-marc-del-projecte-trans-met-sadapta-a-la-covid_19\\\/\"]}]},{\"@type\":\"ImageObject\",\"inLanguage\":\"ca\",\"@id\":\"https:\\\/\\\/abd.ong\\\/ca\\\/drogues-i-salut\\\/el-centre-descolta-de-medellin-en-el-marc-del-projecte-trans-met-sadapta-a-la-covid_19\\\/#primaryimage\",\"url\":\"https:\\\/\\\/abd.ong\\\/wp-content\\\/uploads\\\/2020\\\/06\\\/Atenci\u00f3n-en-calle-2019.jpg\",\"contentUrl\":\"https:\\\/\\\/abd.ong\\\/wp-content\\\/uploads\\\/2020\\\/06\\\/Atenci\u00f3n-en-calle-2019.jpg\",\"width\":522,\"height\":327},{\"@type\":\"BreadcrumbList\",\"@id\":\"https:\\\/\\\/abd.ong\\\/ca\\\/drogues-i-salut\\\/el-centre-descolta-de-medellin-en-el-marc-del-projecte-trans-met-sadapta-a-la-covid_19\\\/#breadcrumb\",\"itemListElement\":[{\"@type\":\"ListItem\",\"position\":1,\"name\":\"Inici\",\"item\":\"https:\\\/\\\/abd.ong\\\/ca\\\/\"},{\"@type\":\"ListItem\",\"position\":2,\"name\":\"El Centre d&#8217;Escolta de Medell\u00edn, en el marc del projecte Trans-met, s&#8217;adapta a la COVID_19\"}]},{\"@type\":\"WebSite\",\"@id\":\"https:\\\/\\\/abd.ong\\\/ca\\\/#website\",\"url\":\"https:\\\/\\\/abd.ong\\\/ca\\\/\",\"name\":\"ABD\",\"description\":\"Asociaci\u00f3n Bienestar y Desarrollo\",\"publisher\":{\"@id\":\"https:\\\/\\\/abd.ong\\\/ca\\\/#organization\"},\"potentialAction\":[{\"@type\":\"SearchAction\",\"target\":{\"@type\":\"EntryPoint\",\"urlTemplate\":\"https:\\\/\\\/abd.ong\\\/ca\\\/?s={search_term_string}\"},\"query-input\":{\"@type\":\"PropertyValueSpecification\",\"valueRequired\":true,\"valueName\":\"search_term_string\"}}],\"inLanguage\":\"ca\"},{\"@type\":\"Organization\",\"@id\":\"https:\\\/\\\/abd.ong\\\/ca\\\/#organization\",\"name\":\"Associaci\u00f3 Benestar i Desenvolupament\",\"alternateName\":\"ABD\",\"url\":\"https:\\\/\\\/abd.ong\\\/ca\\\/\",\"logo\":{\"@type\":\"ImageObject\",\"inLanguage\":\"ca\",\"@id\":\"https:\\\/\\\/abd.ong\\\/ca\\\/#\\\/schema\\\/logo\\\/image\\\/\",\"url\":\"https:\\\/\\\/abd.ong\\\/wp-content\\\/uploads\\\/2023\\\/01\\\/Icona.png\",\"contentUrl\":\"https:\\\/\\\/abd.ong\\\/wp-content\\\/uploads\\\/2023\\\/01\\\/Icona.png\",\"width\":190,\"height\":187,\"caption\":\"Associaci\u00f3 Benestar i Desenvolupament\"},\"image\":{\"@id\":\"https:\\\/\\\/abd.ong\\\/ca\\\/#\\\/schema\\\/logo\\\/image\\\/\"},\"sameAs\":[\"https:\\\/\\\/www.facebook.com\\\/abd.ong\",\"https:\\\/\\\/x.com\\\/abd_ong\",\"https:\\\/\\\/www.instagram.com\\\/abd_ong\\\/\",\"https:\\\/\\\/www.linkedin.com\\\/company\\\/abdong\",\"https:\\\/\\\/www.youtube.com\\\/user\\\/CANALABD\"]},{\"@type\":\"Person\",\"@id\":\"https:\\\/\\\/abd.ong\\\/ca\\\/#\\\/schema\\\/person\\\/d0f5fe279a7ad908de6a6d1332bfd7d8\",\"name\":\"Enric Guinart\"}]}<\/script>\n<!-- \/ Yoast SEO plugin. -->","yoast_head_json":{"title":"El Centre d'Escolta de Medell\u00edn, en el marc del projecte Trans-met, s'adapta a la COVID_19 - ABD","description":"El Centre d'Escolta per habitants de carrer a Medell\u00edn (Col\u00f2mbia), dins del projecte Trans-met, de l'Associaci\u00f3 Benestar i Desenvolupament (ABD) i la","robots":{"index":"index","follow":"follow","max-snippet":"max-snippet:-1","max-image-preview":"max-image-preview:large","max-video-preview":"max-video-preview:-1"},"canonical":"https:\/\/abd.ong\/ca\/drogues-i-salut\/el-centre-descolta-de-medellin-en-el-marc-del-projecte-trans-met-sadapta-a-la-covid_19\/","og_locale":"ca_ES","og_type":"article","og_title":"El Centre d'Escolta de Medell\u00edn, en el marc del projecte Trans-met, s'adapta a la COVID_19 - ABD","og_description":"El Centre d'Escolta per habitants de carrer a Medell\u00edn (Col\u00f2mbia), dins del projecte Trans-met, de l'Associaci\u00f3 Benestar i Desenvolupament (ABD) i la","og_url":"https:\/\/abd.ong\/ca\/drogues-i-salut\/el-centre-descolta-de-medellin-en-el-marc-del-projecte-trans-met-sadapta-a-la-covid_19\/","og_site_name":"ABD","article_publisher":"https:\/\/www.facebook.com\/abd.ong","article_published_time":"2020-06-16T09:41:29+00:00","article_modified_time":"2020-06-16T09:42:15+00:00","og_image":[{"width":522,"height":327,"url":"https:\/\/abd.ong\/wp-content\/uploads\/2020\/06\/Atenci\u00f3n-en-calle-2019.jpg","type":"image\/jpeg"}],"author":"Enric Guinart","twitter_card":"summary_large_image","twitter_creator":"@abd_ong","twitter_site":"@abd_ong","twitter_misc":{"Escrit per":"Enric Guinart","Temps estimat de lectura":"3 minuts"},"schema":{"@context":"https:\/\/schema.org","@graph":[{"@type":"Article","@id":"https:\/\/abd.ong\/ca\/drogues-i-salut\/el-centre-descolta-de-medellin-en-el-marc-del-projecte-trans-met-sadapta-a-la-covid_19\/#article","isPartOf":{"@id":"https:\/\/abd.ong\/ca\/drogues-i-salut\/el-centre-descolta-de-medellin-en-el-marc-del-projecte-trans-met-sadapta-a-la-covid_19\/"},"author":{"name":"Enric Guinart","@id":"https:\/\/abd.ong\/ca\/#\/schema\/person\/d0f5fe279a7ad908de6a6d1332bfd7d8"},"headline":"El Centre d&#8217;Escolta de Medell\u00edn, en el marc del projecte Trans-met, s&#8217;adapta a la COVID_19","datePublished":"2020-06-16T09:41:29+00:00","dateModified":"2020-06-16T09:42:15+00:00","mainEntityOfPage":{"@id":"https:\/\/abd.ong\/ca\/drogues-i-salut\/el-centre-descolta-de-medellin-en-el-marc-del-projecte-trans-met-sadapta-a-la-covid_19\/"},"wordCount":642,"publisher":{"@id":"https:\/\/abd.ong\/ca\/#organization"},"image":{"@id":"https:\/\/abd.ong\/ca\/drogues-i-salut\/el-centre-descolta-de-medellin-en-el-marc-del-projecte-trans-met-sadapta-a-la-covid_19\/#primaryimage"},"thumbnailUrl":"https:\/\/abd.ong\/wp-content\/uploads\/2020\/06\/Atenci\u00f3n-en-calle-2019.jpg","keywords":["Col\u00f2mbia","Covid 19","drogas","drogues","persones drogodependents","persones sense llar"],"articleSection":["Drogues i salut"],"inLanguage":"ca"},{"@type":"WebPage","@id":"https:\/\/abd.ong\/ca\/drogues-i-salut\/el-centre-descolta-de-medellin-en-el-marc-del-projecte-trans-met-sadapta-a-la-covid_19\/","url":"https:\/\/abd.ong\/ca\/drogues-i-salut\/el-centre-descolta-de-medellin-en-el-marc-del-projecte-trans-met-sadapta-a-la-covid_19\/","name":"El Centre d'Escolta de Medell\u00edn, en el marc del projecte Trans-met, s'adapta a la COVID_19 - ABD","isPartOf":{"@id":"https:\/\/abd.ong\/ca\/#website"},"primaryImageOfPage":{"@id":"https:\/\/abd.ong\/ca\/drogues-i-salut\/el-centre-descolta-de-medellin-en-el-marc-del-projecte-trans-met-sadapta-a-la-covid_19\/#primaryimage"},"image":{"@id":"https:\/\/abd.ong\/ca\/drogues-i-salut\/el-centre-descolta-de-medellin-en-el-marc-del-projecte-trans-met-sadapta-a-la-covid_19\/#primaryimage"},"thumbnailUrl":"https:\/\/abd.ong\/wp-content\/uploads\/2020\/06\/Atenci\u00f3n-en-calle-2019.jpg","datePublished":"2020-06-16T09:41:29+00:00","dateModified":"2020-06-16T09:42:15+00:00","description":"El Centre d'Escolta per habitants de carrer a Medell\u00edn (Col\u00f2mbia), dins del projecte Trans-met, de l'Associaci\u00f3 Benestar i Desenvolupament (ABD) i la","breadcrumb":{"@id":"https:\/\/abd.ong\/ca\/drogues-i-salut\/el-centre-descolta-de-medellin-en-el-marc-del-projecte-trans-met-sadapta-a-la-covid_19\/#breadcrumb"},"inLanguage":"ca","potentialAction":[{"@type":"ReadAction","target":["https:\/\/abd.ong\/ca\/drogues-i-salut\/el-centre-descolta-de-medellin-en-el-marc-del-projecte-trans-met-sadapta-a-la-covid_19\/"]}]},{"@type":"ImageObject","inLanguage":"ca","@id":"https:\/\/abd.ong\/ca\/drogues-i-salut\/el-centre-descolta-de-medellin-en-el-marc-del-projecte-trans-met-sadapta-a-la-covid_19\/#primaryimage","url":"https:\/\/abd.ong\/wp-content\/uploads\/2020\/06\/Atenci\u00f3n-en-calle-2019.jpg","contentUrl":"https:\/\/abd.ong\/wp-content\/uploads\/2020\/06\/Atenci\u00f3n-en-calle-2019.jpg","width":522,"height":327},{"@type":"BreadcrumbList","@id":"https:\/\/abd.ong\/ca\/drogues-i-salut\/el-centre-descolta-de-medellin-en-el-marc-del-projecte-trans-met-sadapta-a-la-covid_19\/#breadcrumb","itemListElement":[{"@type":"ListItem","position":1,"name":"Inici","item":"https:\/\/abd.ong\/ca\/"},{"@type":"ListItem","position":2,"name":"El Centre d&#8217;Escolta de Medell\u00edn, en el marc del projecte Trans-met, s&#8217;adapta a la COVID_19"}]},{"@type":"WebSite","@id":"https:\/\/abd.ong\/ca\/#website","url":"https:\/\/abd.ong\/ca\/","name":"ABD","description":"Asociaci\u00f3n Bienestar y Desarrollo","publisher":{"@id":"https:\/\/abd.ong\/ca\/#organization"},"potentialAction":[{"@type":"SearchAction","target":{"@type":"EntryPoint","urlTemplate":"https:\/\/abd.ong\/ca\/?s={search_term_string}"},"query-input":{"@type":"PropertyValueSpecification","valueRequired":true,"valueName":"search_term_string"}}],"inLanguage":"ca"},{"@type":"Organization","@id":"https:\/\/abd.ong\/ca\/#organization","name":"Associaci\u00f3 Benestar i Desenvolupament","alternateName":"ABD","url":"https:\/\/abd.ong\/ca\/","logo":{"@type":"ImageObject","inLanguage":"ca","@id":"https:\/\/abd.ong\/ca\/#\/schema\/logo\/image\/","url":"https:\/\/abd.ong\/wp-content\/uploads\/2023\/01\/Icona.png","contentUrl":"https:\/\/abd.ong\/wp-content\/uploads\/2023\/01\/Icona.png","width":190,"height":187,"caption":"Associaci\u00f3 Benestar i Desenvolupament"},"image":{"@id":"https:\/\/abd.ong\/ca\/#\/schema\/logo\/image\/"},"sameAs":["https:\/\/www.facebook.com\/abd.ong","https:\/\/x.com\/abd_ong","https:\/\/www.instagram.com\/abd_ong\/","https:\/\/www.linkedin.com\/company\/abdong","https:\/\/www.youtube.com\/user\/CANALABD"]},{"@type":"Person","@id":"https:\/\/abd.ong\/ca\/#\/schema\/person\/d0f5fe279a7ad908de6a6d1332bfd7d8","name":"Enric Guinart"}]}},"_links":{"self":[{"href":"https:\/\/abd.ong\/ca\/wp-json\/wp\/v2\/posts\/15680","targetHints":{"allow":["GET"]}}],"collection":[{"href":"https:\/\/abd.ong\/ca\/wp-json\/wp\/v2\/posts"}],"about":[{"href":"https:\/\/abd.ong\/ca\/wp-json\/wp\/v2\/types\/post"}],"author":[{"embeddable":true,"href":"https:\/\/abd.ong\/ca\/wp-json\/wp\/v2\/users\/2"}],"replies":[{"embeddable":true,"href":"https:\/\/abd.ong\/ca\/wp-json\/wp\/v2\/comments?post=15680"}],"version-history":[{"count":1,"href":"https:\/\/abd.ong\/ca\/wp-json\/wp\/v2\/posts\/15680\/revisions"}],"predecessor-version":[{"id":15691,"href":"https:\/\/abd.ong\/ca\/wp-json\/wp\/v2\/posts\/15680\/revisions\/15691"}],"wp:featuredmedia":[{"embeddable":true,"href":"https:\/\/abd.ong\/ca\/wp-json\/wp\/v2\/media\/15687"}],"wp:attachment":[{"href":"https:\/\/abd.ong\/ca\/wp-json\/wp\/v2\/media?parent=15680"}],"wp:term":[{"taxonomy":"category","embeddable":true,"href":"https:\/\/abd.ong\/ca\/wp-json\/wp\/v2\/categories?post=15680"},{"taxonomy":"post_tag","embeddable":true,"href":"https:\/\/abd.ong\/ca\/wp-json\/wp\/v2\/tags?post=15680"}],"curies":[{"name":"wp","href":"https:\/\/api.w.org\/{rel}","templated":true}]}}